{"id":138610,"date":"2025-07-07T09:41:15","date_gmt":"2025-07-07T06:41:15","guid":{"rendered":"https:\/\/denizcankizil.tr\/uncategorized-tr\/haydiko-manavgatta-oldurulen-aslanin-sesi-oldu-zeus-sustu-biz-susmayacagiz\/"},"modified":"2025-07-07T09:41:15","modified_gmt":"2025-07-07T06:41:15","slug":"haydiko-manavgatta-oldurulen-aslanin-sesi-oldu-zeus-sustu-biz-susmayacagiz","status":"publish","type":"post","link":"https:\/\/denizcankizil.tr\/de\/haberler\/gundem\/haydiko-manavgatta-oldurulen-aslanin-sesi-oldu-zeus-sustu-biz-susmayacagiz\/","title":{"rendered":"HAYD\u0130KO, Manavgat&#8217;ta \u00f6ld\u00fcr\u00fclen aslan\u0131n sesi oldu: &#8220;Zeus sustu biz susmayaca\u011f\u0131z!&#8221;"},"content":{"rendered":"<p>Antalya\u2019n\u0131n Manavgat il\u00e7esinde, \u201cAslan Diyar\u0131\u201d adl\u0131 hayvan park\u0131ndan ka\u00e7an Zeus adl\u0131 aslan, bir \u00e7ift\u00e7iye sald\u0131rarak yaralad\u0131ktan sonra avc\u0131lar taraf\u0131ndan t\u00fcfekle vurularak \u00f6ld\u00fcr\u00fcld\u00fc. Bu trajik olay, hem vah\u015fi hayvanlar\u0131n esaret alt\u0131nda tutulmas\u0131n\u0131n hem de hayvanat bah\u00e7elerindeki g\u00fcvenlik ihmallerinin ac\u0131 sonu\u00e7lar\u0131n\u0131 bir kez daha g\u00f6zler \u00f6n\u00fcne serdi. \u00d6zg\u00fcrl\u00fc\u011f\u00fcne kavu\u015fmak i\u00e7in kafesinden ka\u00e7an bir aslan\u0131n, bu do\u011fal d\u00fcrt\u00fcs\u00fcn\u00fcn bedelini hayat\u0131yla \u00f6demesi ve ard\u0131ndan \u00f6ld\u00fcr\u00fclen hayvan\u0131n \u00f6n\u00fcnde poz verilmesi, insanl\u0131\u011f\u0131n vicdan s\u0131n\u0131rlar\u0131n\u0131 sorgulatt\u0131.<\/p>\n<p>Konuya tepki g\u00f6steren Hayvanlar\u0131, Do\u011fay\u0131, \u0130nsanlar\u0131 Koruma ve Ya\u015fatma Derne\u011fi (HAYD\u0130KO), resmi sosyal medya hesaplar\u0131 arac\u0131l\u0131\u011f\u0131yla &#8220;Bir Aslan\u0131n Ard\u0131ndan: Zeus&#8217;un Hikayesi&#8221; ba\u015fl\u0131kl\u0131 bir yaz\u0131ya imza att\u0131. Aslan\u0131n vurularak \u00f6ld\u00fcr\u00fclmesine vurgu yapan dernek, hayvanlar\u0131n \u00f6zg\u00fcr olmalar\u0131 gerekti\u011fine dikkat \u00e7ekti. Hayvanlar\u0131n e\u011flence ve ziyaret\u00e7i mutlulu\u011fu amac\u0131 ile do\u011falar\u0131ndan kopart\u0131ld\u0131\u011f\u0131n\u0131n alt\u0131 \u00e7izildi. Metal parmakl\u0131klar ard\u0131nda ya\u015famaya zorlanan hayvanlar\u0131n, ka\u00e7t\u0131\u011f\u0131nda hala tehlike unsuru olarak g\u00f6r\u00fcld\u00fc\u011f\u00fc belirtildi.<\/p>\n<p>HAYVANAT BAH\u00c7ELER\u0130 TRAJED\u0130S\u0130<\/p>\n<p>&#8220;Zeus&#8221; isimli aslan\u0131 bir birey olarak tan\u0131mlayan dernek, &#8220;Ac\u0131 hisseden, \u00f6zg\u00fcrl\u00fck isteyen, korkan, hisseden bir canl\u0131yd\u0131&#8221; ifadelerini kulland\u0131. Ya\u015fanan olay\u0131 &#8220;trajedi&#8221; olarak nitelendirerek, &#8220;Bu trajedi, hayvanat bah\u00e7elerinin arka y\u00fcz\u00fcn\u00fc bir kez daha g\u00f6zler \u00f6n\u00fcne seriyor&#8221; g\u00f6r\u00fc\u015f\u00fcn\u00fc payla\u015fan yaz\u0131da, hayvanlar\u0131n sergilenmek i\u00e7in de\u011fil, ya\u015famak i\u00e7in var olduklar\u0131n\u0131 kamuoyuna hat\u0131rlatt\u0131.<\/p>\n<p>Hayvanat bah\u00e7elerini, &#8220;Modern \u00e7a\u011f\u0131n vicdan\u0131na s\u0131\u011fmayan, do\u011fan\u0131n ticarete alet edildi\u011fi alanlar&#8221; olarak resmeden dernek, her bir kafesin, bir hayalin mezar\u0131 oldu\u011funu kaydetti.<\/p>\n<p>HAYD\u0130KO&#8217;NUN TALEPLER\u0130<\/p>\n<p>Do\u011fal ya\u015fam\u0131, koruma alanlar\u0131n\u0131 ve etik e\u011fitim yollar\u0131n\u0131 savunduklar\u0131n\u0131 yineleyen ve hi\u00e7bir canl\u0131y\u0131 bir kafeste g\u00f6rmeye raz\u0131 olmad\u0131klar\u0131n\u0131 vurgulayan HAYD\u0130KO&#8217;nun talepleri aras\u0131nda \u015fu ifadeler yer ald\u0131:<\/p>\n<p> \u00c7ocuklar\u0131m\u0131za hayvanlar\u0131 camlar\u0131n ard\u0131nda de\u011fil, \u00f6zg\u00fcrl\u00fckleri i\u00e7inde tan\u0131tal\u0131m.<\/p>\n<p> Zeus\u2019un an\u0131s\u0131 i\u00e7in, ba\u015fka hayvanlar\u0131n ayn\u0131 kaderi ya\u015famamas\u0131 i\u00e7in hayvanat bah\u00e7elerine hay\u0131r diyelim!<\/p>\n<p>HAYD\u0130KO&#8217;nun k\u0131sa s\u00fcrede yo\u011fun etkile\u015fim alan a\u00e7\u0131klamalar\u0131 \u015fu a\u00e7\u0131klama ile tamamland\u0131: &#8220;Bug\u00fcn bir aslan sustu ama biz onun ad\u0131na konu\u015fmaya devam edece\u011fiz.&#8221;<\/p>\n<p>\u200bAntalya\u2019n\u0131n Manavgat il\u00e7esinde, \u201cAslan Diyar\u0131\u201d adl\u0131 hayvan park\u0131ndan ka\u00e7an Zeus adl\u0131 aslan, bir \u00e7ift\u00e7iye sald\u0131rarak yaralad\u0131ktan sonra avc\u0131lar taraf\u0131ndan t\u00fcfekle vurularak \u00f6ld\u00fcr\u00fclmesi hayvansever dernekleri aya\u011fa kald\u0131rd\u0131. Hayvanlar\u0131, Do\u011fay\u0131, \u0130nsanlar\u0131 Koruma ve Ya\u015fatma Derne\u011fi (HAYD\u0130KO), &#8220;trajedi&#8221; olarak tan\u0131mlad\u0131klar\u0131 olay sonras\u0131, &#8220;Zeus\u2019un an\u0131s\u0131 i\u00e7in, ba\u015fka hayvanlar\u0131n ayn\u0131 kaderi ya\u015famamas\u0131 i\u00e7in hayvanat bah\u00e7elerine hay\u0131r diyelim! Aslan sustu biz susmayaca\u011f\u0131z&#8221; ifadelerini kulland\u0131.\u00a0<\/p>\n<p>\u200bHaberin Al\u0131nt\u0131land\u0131\u011f\u0131 Kaynak: www.antalyakorfez.com<\/p>","protected":false},"excerpt":{"rendered":"<p>Antalya\u2019n\u0131n Manavgat il\u00e7esinde, \u201cAslan Diyar\u0131\u201d adl\u0131 hayvan park\u0131ndan ka\u00e7an Zeus adl\u0131 aslan, bir \u00e7ift\u00e7iye sald\u0131rarak yaralad\u0131ktan sonra avc\u0131lar taraf\u0131ndan t\u00fcfekle vurularak \u00f6ld\u00fcr\u00fcld\u00fc. Bu trajik olay, hem vah\u015fi hayvanlar\u0131n esaret alt\u0131nda tutulmas\u0131n\u0131n hem de hayvanat bah\u00e7elerindeki g\u00fcvenlik ihmallerinin ac\u0131 sonu\u00e7lar\u0131n\u0131 bir kez daha g\u00f6zler \u00f6n\u00fcne serdi. \u00d6zg\u00fcrl\u00fc\u011f\u00fcne kavu\u015fmak i\u00e7in kafesinden ka\u00e7an bir aslan\u0131n, bu do\u011fal d\u00fcrt\u00fcs\u00fcn\u00fcn bedelini hayat\u0131yla \u00f6demesi ve ard\u0131ndan \u00f6ld\u00fcr\u00fclen hayvan\u0131n \u00f6n\u00fcnde poz verilmesi, insanl\u0131\u011f\u0131n vicdan s\u0131n\u0131rlar\u0131n\u0131 sorgulatt\u0131. Konuya tepki g\u00f6steren Hayvanlar\u0131, Do\u011fay\u0131, \u0130nsanlar\u0131 Koruma ve Ya\u015fatma Derne\u011fi (HAYD\u0130KO), resmi sosyal medya hesaplar\u0131 arac\u0131l\u0131\u011f\u0131yla &#8220;Bir Aslan\u0131n Ard\u0131ndan: Zeus&#8217;un Hikayesi&#8221; ba\u015fl\u0131kl\u0131 bir yaz\u0131ya imza att\u0131. Aslan\u0131n vurularak \u00f6ld\u00fcr\u00fclmesine vurgu yapan dernek, hayvanlar\u0131n \u00f6zg\u00fcr olmalar\u0131 gerekti\u011fine dikkat \u00e7ekti. Hayvanlar\u0131n e\u011flence ve ziyaret\u00e7i mutlulu\u011fu amac\u0131 ile do\u011falar\u0131ndan kopart\u0131ld\u0131\u011f\u0131n\u0131n alt\u0131 \u00e7izildi. Metal parmakl\u0131klar ard\u0131nda ya\u015famaya zorlanan hayvanlar\u0131n, ka\u00e7t\u0131\u011f\u0131nda hala tehlike unsuru olarak g\u00f6r\u00fcld\u00fc\u011f\u00fc belirtildi. HAYVANAT BAH\u00c7ELER\u0130 TRAJED\u0130S\u0130 &#8220;Zeus&#8221; isimli aslan\u0131 bir birey olarak tan\u0131mlayan dernek, &#8220;Ac\u0131 hisseden, \u00f6zg\u00fcrl\u00fck isteyen, korkan, hisseden bir canl\u0131yd\u0131&#8221; ifadelerini kulland\u0131. Ya\u015fanan olay\u0131 &#8220;trajedi&#8221; olarak nitelendirerek, &#8220;Bu trajedi, hayvanat bah\u00e7elerinin arka y\u00fcz\u00fcn\u00fc bir kez daha g\u00f6zler \u00f6n\u00fcne seriyor&#8221; g\u00f6r\u00fc\u015f\u00fcn\u00fc payla\u015fan yaz\u0131da, hayvanlar\u0131n sergilenmek i\u00e7in de\u011fil, ya\u015famak i\u00e7in var olduklar\u0131n\u0131 kamuoyuna hat\u0131rlatt\u0131. Hayvanat bah\u00e7elerini, &#8220;Modern \u00e7a\u011f\u0131n vicdan\u0131na s\u0131\u011fmayan, do\u011fan\u0131n ticarete alet edildi\u011fi alanlar&#8221; olarak resmeden dernek, her bir kafesin, bir &hellip;<\/p>","protected":false},"author":5,"featured_media":0,"comment_status":"","ping_status":"open","sticky":false,"template":"","format":"standard","meta":{"_acf_changed":false,"footnotes":""},"categories":[24],"tags":[],"class_list":["post-138610","post","type-post","status-publish","format-standard","has-post-thumbnail","hentry","category-gundem"],"acf":[],"yoast_head":"<!-- This site is optimized with the Yoast SEO Premium plugin v26.6 (Yoast SEO v27.1.1) - https:\/\/yoast.com\/product\/yoast-seo-premium-wordpress\/ -->\n<title>HAYD\u0130KO, Manavgat&#039;ta \u00f6ld\u00fcr\u00fclen aslan\u0131n sesi oldu: &quot;Zeus sustu biz susmayaca\u011f\u0131z!&quot; - Av. Deniz Can K\u0131z\u0131l<\/title>\n<meta name=\"robots\" content=\"index, follow, max-snippet:-1, max-image-preview:large, max-video-preview:-1\" \/>\n<link rel=\"canonical\" href=\"http:\/\/denizcankizil.tr\/de\/haberler\/gundem\/haydiko-manavgatta-oldurulen-aslanin-sesi-oldu-zeus-sustu-biz-susmayacagiz\/\" \/>\n<meta property=\"og:locale\" content=\"de_DE\" \/>\n<meta property=\"og:type\" content=\"article\" \/>\n<meta property=\"og:title\" content=\"HAYD\u0130KO, Manavgat&#039;ta \u00f6ld\u00fcr\u00fclen aslan\u0131n sesi oldu: &quot;Zeus sustu biz susmayaca\u011f\u0131z!&quot;\" \/>\n<meta property=\"og:description\" content=\"Antalya\u2019n\u0131n Manavgat il\u00e7esinde, \u201cAslan Diyar\u0131\u201d adl\u0131 hayvan park\u0131ndan ka\u00e7an Zeus adl\u0131 aslan, bir \u00e7ift\u00e7iye sald\u0131rarak yaralad\u0131ktan sonra avc\u0131lar taraf\u0131ndan t\u00fcfekle vurularak \u00f6ld\u00fcr\u00fcld\u00fc. Bu trajik olay, hem vah\u015fi hayvanlar\u0131n esaret alt\u0131nda tutulmas\u0131n\u0131n hem de hayvanat bah\u00e7elerindeki g\u00fcvenlik ihmallerinin ac\u0131 sonu\u00e7lar\u0131n\u0131 bir kez daha g\u00f6zler \u00f6n\u00fcne serdi. \u00d6zg\u00fcrl\u00fc\u011f\u00fcne kavu\u015fmak i\u00e7in kafesinden ka\u00e7an bir aslan\u0131n, bu do\u011fal d\u00fcrt\u00fcs\u00fcn\u00fcn bedelini hayat\u0131yla \u00f6demesi ve ard\u0131ndan \u00f6ld\u00fcr\u00fclen hayvan\u0131n \u00f6n\u00fcnde poz verilmesi, insanl\u0131\u011f\u0131n vicdan s\u0131n\u0131rlar\u0131n\u0131 sorgulatt\u0131. Konuya tepki g\u00f6steren Hayvanlar\u0131, Do\u011fay\u0131, \u0130nsanlar\u0131 Koruma ve Ya\u015fatma Derne\u011fi (HAYD\u0130KO), resmi sosyal medya hesaplar\u0131 arac\u0131l\u0131\u011f\u0131yla &#8220;Bir Aslan\u0131n Ard\u0131ndan: Zeus&#8217;un Hikayesi&#8221; ba\u015fl\u0131kl\u0131 bir yaz\u0131ya imza att\u0131. Aslan\u0131n vurularak \u00f6ld\u00fcr\u00fclmesine vurgu yapan dernek, hayvanlar\u0131n \u00f6zg\u00fcr olmalar\u0131 gerekti\u011fine dikkat \u00e7ekti. Hayvanlar\u0131n e\u011flence ve ziyaret\u00e7i mutlulu\u011fu amac\u0131 ile do\u011falar\u0131ndan kopart\u0131ld\u0131\u011f\u0131n\u0131n alt\u0131 \u00e7izildi. Metal parmakl\u0131klar ard\u0131nda ya\u015famaya zorlanan hayvanlar\u0131n, ka\u00e7t\u0131\u011f\u0131nda hala tehlike unsuru olarak g\u00f6r\u00fcld\u00fc\u011f\u00fc belirtildi. HAYVANAT BAH\u00c7ELER\u0130 TRAJED\u0130S\u0130 &#8220;Zeus&#8221; isimli aslan\u0131 bir birey olarak tan\u0131mlayan dernek, &#8220;Ac\u0131 hisseden, \u00f6zg\u00fcrl\u00fck isteyen, korkan, hisseden bir canl\u0131yd\u0131&#8221; ifadelerini kulland\u0131. Ya\u015fanan olay\u0131 &#8220;trajedi&#8221; olarak nitelendirerek, &#8220;Bu trajedi, hayvanat bah\u00e7elerinin arka y\u00fcz\u00fcn\u00fc bir kez daha g\u00f6zler \u00f6n\u00fcne seriyor&#8221; g\u00f6r\u00fc\u015f\u00fcn\u00fc payla\u015fan yaz\u0131da, hayvanlar\u0131n sergilenmek i\u00e7in de\u011fil, ya\u015famak i\u00e7in var olduklar\u0131n\u0131 kamuoyuna hat\u0131rlatt\u0131. Hayvanat bah\u00e7elerini, &#8220;Modern \u00e7a\u011f\u0131n vicdan\u0131na s\u0131\u011fmayan, do\u011fan\u0131n ticarete alet edildi\u011fi alanlar&#8221; olarak resmeden dernek, her bir kafesin, bir &hellip;\" \/>\n<meta property=\"og:url\" content=\"http:\/\/denizcankizil.tr\/de\/haberler\/gundem\/haydiko-manavgatta-oldurulen-aslanin-sesi-oldu-zeus-sustu-biz-susmayacagiz\/\" \/>\n<meta property=\"og:site_name\" content=\"Av. Deniz Can K\u0131z\u0131l\" \/>\n<meta property=\"article:published_time\" content=\"2025-07-07T06:41:15+00:00\" \/>\n<meta name=\"author\" content=\"Antalya K\u00f6rfez\" \/>\n<meta name=\"twitter:card\" content=\"summary_large_image\" \/>\n<meta name=\"twitter:label1\" content=\"Verfasst von\" \/>\n\t<meta name=\"twitter:data1\" content=\"Antalya K\u00f6rfez\" \/>\n\t<meta name=\"twitter:label2\" content=\"Gesch\u00e4tzte Lesezeit\" \/>\n\t<meta name=\"twitter:data2\" content=\"3\u00a0Minuten\" \/>\n<script type=\"application\/ld+json\" class=\"yoast-schema-graph\">{\"@context\":\"https:\/\/schema.org\",\"@graph\":[{\"@type\":\"Article\",\"@id\":\"http:\/\/denizcankizil.tr\/en\/haberler\/gundem\/haydiko-manavgatta-oldurulen-aslanin-sesi-oldu-zeus-sustu-biz-susmayacagiz\/#article\",\"isPartOf\":{\"@id\":\"http:\/\/denizcankizil.tr\/en\/haberler\/gundem\/haydiko-manavgatta-oldurulen-aslanin-sesi-oldu-zeus-sustu-biz-susmayacagiz\/\"},\"author\":{\"name\":\"Antalya K\u00f6rfez\",\"@id\":\"https:\/\/denizcankizil.tr\/de\/#\/schema\/person\/e1eb71bb4dd684d46563f0af307e1234\"},\"headline\":\"HAYD\u0130KO, Manavgat&#8217;ta \u00f6ld\u00fcr\u00fclen aslan\u0131n sesi oldu: &#8220;Zeus sustu biz susmayaca\u011f\u0131z!&#8221;\",\"datePublished\":\"2025-07-07T06:41:15+00:00\",\"mainEntityOfPage\":{\"@id\":\"http:\/\/denizcankizil.tr\/en\/haberler\/gundem\/haydiko-manavgatta-oldurulen-aslanin-sesi-oldu-zeus-sustu-biz-susmayacagiz\/\"},\"wordCount\":547,\"publisher\":{\"@id\":\"https:\/\/denizcankizil.tr\/de\/#organization\"},\"articleSection\":[\"G\u00fcndem\"],\"inLanguage\":\"de\"},{\"@type\":\"WebPage\",\"@id\":\"http:\/\/denizcankizil.tr\/en\/haberler\/gundem\/haydiko-manavgatta-oldurulen-aslanin-sesi-oldu-zeus-sustu-biz-susmayacagiz\/\",\"url\":\"http:\/\/denizcankizil.tr\/en\/haberler\/gundem\/haydiko-manavgatta-oldurulen-aslanin-sesi-oldu-zeus-sustu-biz-susmayacagiz\/\",\"name\":\"HAYD\u0130KO, Manavgat'ta \u00f6ld\u00fcr\u00fclen aslan\u0131n sesi oldu: \\\"Zeus sustu biz susmayaca\u011f\u0131z!\\\" - Av. Deniz Can K\u0131z\u0131l\",\"isPartOf\":{\"@id\":\"https:\/\/denizcankizil.tr\/de\/#website\"},\"datePublished\":\"2025-07-07T06:41:15+00:00\",\"breadcrumb\":{\"@id\":\"http:\/\/denizcankizil.tr\/en\/haberler\/gundem\/haydiko-manavgatta-oldurulen-aslanin-sesi-oldu-zeus-sustu-biz-susmayacagiz\/#breadcrumb\"},\"inLanguage\":\"de\",\"potentialAction\":[{\"@type\":\"ReadAction\",\"target\":[\"http:\/\/denizcankizil.tr\/en\/haberler\/gundem\/haydiko-manavgatta-oldurulen-aslanin-sesi-oldu-zeus-sustu-biz-susmayacagiz\/\"]}]},{\"@type\":\"BreadcrumbList\",\"@id\":\"http:\/\/denizcankizil.tr\/en\/haberler\/gundem\/haydiko-manavgatta-oldurulen-aslanin-sesi-oldu-zeus-sustu-biz-susmayacagiz\/#breadcrumb\",\"itemListElement\":[{\"@type\":\"ListItem\",\"position\":1,\"name\":\"Home\",\"item\":\"https:\/\/denizcankizil.tr\/de\/\"},{\"@type\":\"ListItem\",\"position\":2,\"name\":\"HAYD\u0130KO, Manavgat&#8217;ta \u00f6ld\u00fcr\u00fclen aslan\u0131n sesi oldu: &#8220;Zeus sustu biz susmayaca\u011f\u0131z!&#8221;\"}]},{\"@type\":\"WebSite\",\"@id\":\"https:\/\/denizcankizil.tr\/de\/#website\",\"url\":\"https:\/\/denizcankizil.tr\/de\/\",\"name\":\"Av. Deniz Can K\u0131z\u0131l\",\"description\":\"Avukat Deniz Can K\u0131z\u0131l Antalya Barosu\",\"publisher\":{\"@id\":\"https:\/\/denizcankizil.tr\/de\/#organization\"},\"potentialAction\":[{\"@type\":\"SearchAction\",\"target\":{\"@type\":\"EntryPoint\",\"urlTemplate\":\"https:\/\/denizcankizil.tr\/de\/?s={search_term_string}\"},\"query-input\":{\"@type\":\"PropertyValueSpecification\",\"valueRequired\":true,\"valueName\":\"search_term_string\"}}],\"inLanguage\":\"de\"},{\"@type\":\"Organization\",\"@id\":\"https:\/\/denizcankizil.tr\/de\/#organization\",\"name\":\"Av. Deniz Can K\u0131z\u0131l\",\"url\":\"https:\/\/denizcankizil.tr\/de\/\",\"logo\":{\"@type\":\"ImageObject\",\"inLanguage\":\"de\",\"@id\":\"https:\/\/denizcankizil.tr\/de\/#\/schema\/logo\/image\/\",\"url\":\"https:\/\/denizcankizil.tr\/wp-content\/uploads\/2024\/10\/siyah-logo-svg.svg\",\"contentUrl\":\"https:\/\/denizcankizil.tr\/wp-content\/uploads\/2024\/10\/siyah-logo-svg.svg\",\"width\":1080,\"height\":1080,\"caption\":\"Av. Deniz Can K\u0131z\u0131l\"},\"image\":{\"@id\":\"https:\/\/denizcankizil.tr\/de\/#\/schema\/logo\/image\/\"}},{\"@type\":\"Person\",\"@id\":\"https:\/\/denizcankizil.tr\/de\/#\/schema\/person\/e1eb71bb4dd684d46563f0af307e1234\",\"name\":\"Antalya K\u00f6rfez\",\"image\":{\"@type\":\"ImageObject\",\"inLanguage\":\"de\",\"@id\":\"https:\/\/denizcankizil.tr\/de\/#\/schema\/person\/image\/\",\"url\":\"https:\/\/secure.gravatar.com\/avatar\/42b01982558a48a0b501fdcab6a408d3717ea5919095ee2e67b0e521799c5905?s=96&d=mm&r=g\",\"contentUrl\":\"https:\/\/secure.gravatar.com\/avatar\/42b01982558a48a0b501fdcab6a408d3717ea5919095ee2e67b0e521799c5905?s=96&d=mm&r=g\",\"caption\":\"Antalya K\u00f6rfez\"},\"sameAs\":[\"http:\/\/www.antalyakorfez.com\"],\"url\":\"https:\/\/www.antalyakorfez.com\/haydiko-manavgatta-oldurulen-aslanin-sesi-oldu-zeus-sustu-biz-susmayacagiz\"}]}<\/script>\n<!-- \/ Yoast SEO Premium plugin. -->","yoast_head_json":{"title":"HAYD\u0130KO, Manavgat'ta \u00f6ld\u00fcr\u00fclen aslan\u0131n sesi oldu: \"Zeus sustu biz susmayaca\u011f\u0131z!\" - Av. Deniz Can K\u0131z\u0131l","robots":{"index":"index","follow":"follow","max-snippet":"max-snippet:-1","max-image-preview":"max-image-preview:large","max-video-preview":"max-video-preview:-1"},"canonical":"http:\/\/denizcankizil.tr\/de\/haberler\/gundem\/haydiko-manavgatta-oldurulen-aslanin-sesi-oldu-zeus-sustu-biz-susmayacagiz\/","og_locale":"de_DE","og_type":"article","og_title":"HAYD\u0130KO, Manavgat'ta \u00f6ld\u00fcr\u00fclen aslan\u0131n sesi oldu: \"Zeus sustu biz susmayaca\u011f\u0131z!\"","og_description":"Antalya\u2019n\u0131n Manavgat il\u00e7esinde, \u201cAslan Diyar\u0131\u201d adl\u0131 hayvan park\u0131ndan ka\u00e7an Zeus adl\u0131 aslan, bir \u00e7ift\u00e7iye sald\u0131rarak yaralad\u0131ktan sonra avc\u0131lar taraf\u0131ndan t\u00fcfekle vurularak \u00f6ld\u00fcr\u00fcld\u00fc. Bu trajik olay, hem vah\u015fi hayvanlar\u0131n esaret alt\u0131nda tutulmas\u0131n\u0131n hem de hayvanat bah\u00e7elerindeki g\u00fcvenlik ihmallerinin ac\u0131 sonu\u00e7lar\u0131n\u0131 bir kez daha g\u00f6zler \u00f6n\u00fcne serdi. \u00d6zg\u00fcrl\u00fc\u011f\u00fcne kavu\u015fmak i\u00e7in kafesinden ka\u00e7an bir aslan\u0131n, bu do\u011fal d\u00fcrt\u00fcs\u00fcn\u00fcn bedelini hayat\u0131yla \u00f6demesi ve ard\u0131ndan \u00f6ld\u00fcr\u00fclen hayvan\u0131n \u00f6n\u00fcnde poz verilmesi, insanl\u0131\u011f\u0131n vicdan s\u0131n\u0131rlar\u0131n\u0131 sorgulatt\u0131. Konuya tepki g\u00f6steren Hayvanlar\u0131, Do\u011fay\u0131, \u0130nsanlar\u0131 Koruma ve Ya\u015fatma Derne\u011fi (HAYD\u0130KO), resmi sosyal medya hesaplar\u0131 arac\u0131l\u0131\u011f\u0131yla &#8220;Bir Aslan\u0131n Ard\u0131ndan: Zeus&#8217;un Hikayesi&#8221; ba\u015fl\u0131kl\u0131 bir yaz\u0131ya imza att\u0131. Aslan\u0131n vurularak \u00f6ld\u00fcr\u00fclmesine vurgu yapan dernek, hayvanlar\u0131n \u00f6zg\u00fcr olmalar\u0131 gerekti\u011fine dikkat \u00e7ekti. Hayvanlar\u0131n e\u011flence ve ziyaret\u00e7i mutlulu\u011fu amac\u0131 ile do\u011falar\u0131ndan kopart\u0131ld\u0131\u011f\u0131n\u0131n alt\u0131 \u00e7izildi. Metal parmakl\u0131klar ard\u0131nda ya\u015famaya zorlanan hayvanlar\u0131n, ka\u00e7t\u0131\u011f\u0131nda hala tehlike unsuru olarak g\u00f6r\u00fcld\u00fc\u011f\u00fc belirtildi. HAYVANAT BAH\u00c7ELER\u0130 TRAJED\u0130S\u0130 &#8220;Zeus&#8221; isimli aslan\u0131 bir birey olarak tan\u0131mlayan dernek, &#8220;Ac\u0131 hisseden, \u00f6zg\u00fcrl\u00fck isteyen, korkan, hisseden bir canl\u0131yd\u0131&#8221; ifadelerini kulland\u0131. Ya\u015fanan olay\u0131 &#8220;trajedi&#8221; olarak nitelendirerek, &#8220;Bu trajedi, hayvanat bah\u00e7elerinin arka y\u00fcz\u00fcn\u00fc bir kez daha g\u00f6zler \u00f6n\u00fcne seriyor&#8221; g\u00f6r\u00fc\u015f\u00fcn\u00fc payla\u015fan yaz\u0131da, hayvanlar\u0131n sergilenmek i\u00e7in de\u011fil, ya\u015famak i\u00e7in var olduklar\u0131n\u0131 kamuoyuna hat\u0131rlatt\u0131. Hayvanat bah\u00e7elerini, &#8220;Modern \u00e7a\u011f\u0131n vicdan\u0131na s\u0131\u011fmayan, do\u011fan\u0131n ticarete alet edildi\u011fi alanlar&#8221; olarak resmeden dernek, her bir kafesin, bir &hellip;","og_url":"http:\/\/denizcankizil.tr\/de\/haberler\/gundem\/haydiko-manavgatta-oldurulen-aslanin-sesi-oldu-zeus-sustu-biz-susmayacagiz\/","og_site_name":"Av. Deniz Can K\u0131z\u0131l","article_published_time":"2025-07-07T06:41:15+00:00","author":"Antalya K\u00f6rfez","twitter_card":"summary_large_image","twitter_misc":{"Verfasst von":"Antalya K\u00f6rfez","Gesch\u00e4tzte Lesezeit":"3\u00a0Minuten"},"schema":{"@context":"https:\/\/schema.org","@graph":[{"@type":"Article","@id":"http:\/\/denizcankizil.tr\/en\/haberler\/gundem\/haydiko-manavgatta-oldurulen-aslanin-sesi-oldu-zeus-sustu-biz-susmayacagiz\/#article","isPartOf":{"@id":"http:\/\/denizcankizil.tr\/en\/haberler\/gundem\/haydiko-manavgatta-oldurulen-aslanin-sesi-oldu-zeus-sustu-biz-susmayacagiz\/"},"author":{"name":"Antalya K\u00f6rfez","@id":"https:\/\/denizcankizil.tr\/de\/#\/schema\/person\/e1eb71bb4dd684d46563f0af307e1234"},"headline":"HAYD\u0130KO, Manavgat&#8217;ta \u00f6ld\u00fcr\u00fclen aslan\u0131n sesi oldu: &#8220;Zeus sustu biz susmayaca\u011f\u0131z!&#8221;","datePublished":"2025-07-07T06:41:15+00:00","mainEntityOfPage":{"@id":"http:\/\/denizcankizil.tr\/en\/haberler\/gundem\/haydiko-manavgatta-oldurulen-aslanin-sesi-oldu-zeus-sustu-biz-susmayacagiz\/"},"wordCount":547,"publisher":{"@id":"https:\/\/denizcankizil.tr\/de\/#organization"},"articleSection":["G\u00fcndem"],"inLanguage":"de"},{"@type":"WebPage","@id":"http:\/\/denizcankizil.tr\/en\/haberler\/gundem\/haydiko-manavgatta-oldurulen-aslanin-sesi-oldu-zeus-sustu-biz-susmayacagiz\/","url":"http:\/\/denizcankizil.tr\/en\/haberler\/gundem\/haydiko-manavgatta-oldurulen-aslanin-sesi-oldu-zeus-sustu-biz-susmayacagiz\/","name":"HAYD\u0130KO, Manavgat'ta \u00f6ld\u00fcr\u00fclen aslan\u0131n sesi oldu: \"Zeus sustu biz susmayaca\u011f\u0131z!\" - Av. Deniz Can K\u0131z\u0131l","isPartOf":{"@id":"https:\/\/denizcankizil.tr\/de\/#website"},"datePublished":"2025-07-07T06:41:15+00:00","breadcrumb":{"@id":"http:\/\/denizcankizil.tr\/en\/haberler\/gundem\/haydiko-manavgatta-oldurulen-aslanin-sesi-oldu-zeus-sustu-biz-susmayacagiz\/#breadcrumb"},"inLanguage":"de","potentialAction":[{"@type":"ReadAction","target":["http:\/\/denizcankizil.tr\/en\/haberler\/gundem\/haydiko-manavgatta-oldurulen-aslanin-sesi-oldu-zeus-sustu-biz-susmayacagiz\/"]}]},{"@type":"BreadcrumbList","@id":"http:\/\/denizcankizil.tr\/en\/haberler\/gundem\/haydiko-manavgatta-oldurulen-aslanin-sesi-oldu-zeus-sustu-biz-susmayacagiz\/#breadcrumb","itemListElement":[{"@type":"ListItem","position":1,"name":"Home","item":"https:\/\/denizcankizil.tr\/de\/"},{"@type":"ListItem","position":2,"name":"HAYD\u0130KO, Manavgat&#8217;ta \u00f6ld\u00fcr\u00fclen aslan\u0131n sesi oldu: &#8220;Zeus sustu biz susmayaca\u011f\u0131z!&#8221;"}]},{"@type":"WebSite","@id":"https:\/\/denizcankizil.tr\/de\/#website","url":"https:\/\/denizcankizil.tr\/de\/","name":"Av. Deniz Can K\u0131z\u0131l","description":"Avukat Deniz Can K\u0131z\u0131l Antalya Barosu","publisher":{"@id":"https:\/\/denizcankizil.tr\/de\/#organization"},"potentialAction":[{"@type":"SearchAction","target":{"@type":"EntryPoint","urlTemplate":"https:\/\/denizcankizil.tr\/de\/?s={search_term_string}"},"query-input":{"@type":"PropertyValueSpecification","valueRequired":true,"valueName":"search_term_string"}}],"inLanguage":"de"},{"@type":"Organization","@id":"https:\/\/denizcankizil.tr\/de\/#organization","name":"Av. Deniz Can K\u0131z\u0131l","url":"https:\/\/denizcankizil.tr\/de\/","logo":{"@type":"ImageObject","inLanguage":"de","@id":"https:\/\/denizcankizil.tr\/de\/#\/schema\/logo\/image\/","url":"https:\/\/denizcankizil.tr\/wp-content\/uploads\/2024\/10\/siyah-logo-svg.svg","contentUrl":"https:\/\/denizcankizil.tr\/wp-content\/uploads\/2024\/10\/siyah-logo-svg.svg","width":1080,"height":1080,"caption":"Av. Deniz Can K\u0131z\u0131l"},"image":{"@id":"https:\/\/denizcankizil.tr\/de\/#\/schema\/logo\/image\/"}},{"@type":"Person","@id":"https:\/\/denizcankizil.tr\/de\/#\/schema\/person\/e1eb71bb4dd684d46563f0af307e1234","name":"Antalya K\u00f6rfez","image":{"@type":"ImageObject","inLanguage":"de","@id":"https:\/\/denizcankizil.tr\/de\/#\/schema\/person\/image\/","url":"https:\/\/secure.gravatar.com\/avatar\/42b01982558a48a0b501fdcab6a408d3717ea5919095ee2e67b0e521799c5905?s=96&d=mm&r=g","contentUrl":"https:\/\/secure.gravatar.com\/avatar\/42b01982558a48a0b501fdcab6a408d3717ea5919095ee2e67b0e521799c5905?s=96&d=mm&r=g","caption":"Antalya K\u00f6rfez"},"sameAs":["http:\/\/www.antalyakorfez.com"],"url":"https:\/\/www.antalyakorfez.com\/haydiko-manavgatta-oldurulen-aslanin-sesi-oldu-zeus-sustu-biz-susmayacagiz"}]}},"_links":{"self":[{"href":"https:\/\/denizcankizil.tr\/de\/wp-json\/wp\/v2\/posts\/138610","targetHints":{"allow":["GET"]}}],"collection":[{"href":"https:\/\/denizcankizil.tr\/de\/wp-json\/wp\/v2\/posts"}],"about":[{"href":"https:\/\/denizcankizil.tr\/de\/wp-json\/wp\/v2\/types\/post"}],"author":[{"embeddable":true,"href":"https:\/\/denizcankizil.tr\/de\/wp-json\/wp\/v2\/users\/5"}],"replies":[{"embeddable":true,"href":"https:\/\/denizcankizil.tr\/de\/wp-json\/wp\/v2\/comments?post=138610"}],"version-history":[{"count":0,"href":"https:\/\/denizcankizil.tr\/de\/wp-json\/wp\/v2\/posts\/138610\/revisions"}],"wp:attachment":[{"href":"https:\/\/denizcankizil.tr\/de\/wp-json\/wp\/v2\/media?parent=138610"}],"wp:term":[{"taxonomy":"category","embeddable":true,"href":"https:\/\/denizcankizil.tr\/de\/wp-json\/wp\/v2\/categories?post=138610"},{"taxonomy":"post_tag","embeddable":true,"href":"https:\/\/denizcankizil.tr\/de\/wp-json\/wp\/v2\/tags?post=138610"}],"curies":[{"name":"wp","href":"https:\/\/api.w.org\/{rel}","templated":true}]}}