{"id":137141,"date":"2025-07-05T23:41:20","date_gmt":"2025-07-05T20:41:20","guid":{"rendered":"https:\/\/denizcankizil.tr\/uncategorized-tr\/muhittin-bocek-tutuklandi\/"},"modified":"2025-07-05T23:41:20","modified_gmt":"2025-07-05T20:41:20","slug":"muhittin-bocek-tutuklandi","status":"publish","type":"post","link":"https:\/\/denizcankizil.tr\/de\/haberler\/gundem\/muhittin-bocek-tutuklandi\/","title":{"rendered":"Muhittin B\u00f6cek tutukland\u0131!"},"content":{"rendered":"<p>R\u00fc\u015fvet ve irtikap su\u00e7lamalar\u0131yla y\u00fcr\u00fct\u00fclen soru\u015fturma kapsam\u0131nda g\u00f6zalt\u0131na al\u0131nan Antalya B\u00fcy\u00fck\u015fehir Belediye Ba\u015fkan\u0131 Muhittin B\u00f6cek, \u00e7\u0131kar\u0131ld\u0131\u011f\u0131 n\u00f6bet\u00e7i sulh ceza hakimli\u011fi taraf\u0131ndan tutukland\u0131. Antalya 6. Sulh Ceza Hakimli\u011fi, Antalya Cumhuriyet Ba\u015fsavc\u0131l\u0131\u011f\u0131\u2019n\u0131n tutuklama talebi \u00fczerine \u015f\u00fcpheli Muhittin B\u00f6cek\u2019in sorgusunu ger\u00e7ekle\u015ftirdi. Sorguda B\u00f6cek, avukatlar\u0131 e\u015fli\u011finde savunmas\u0131n\u0131 yapt\u0131. Hakimlik, \u015f\u00fcpheli hakk\u0131nda, \u201cr\u00fc\u015fvet almak\u201d su\u00e7undan y\u00fcr\u00fct\u00fclen soru\u015fturmada kuvvetli su\u00e7 \u015f\u00fcphesini destekleyen somut delillerin bulundu\u011fu kanaatine vard\u0131.<\/p>\n<p>BEYANLAR \u00d6RT\u00dc\u015e\u00dcYOR<\/p>\n<p>Gerek\u00e7e olarak; i\u015f insan\u0131 Yusuf Yado\u011flu\u2019nun beyan\u0131, banka hesap hareketleri, fatura ve \u00e7ek g\u00f6rselleri, HTS (baz istasyonu) kay\u0131tlar\u0131, MASAK inceleme raporu ve tan\u0131k ifadeleri g\u00f6sterildi. Tan\u0131klar aras\u0131nda yer alan \u00d6mer Y\u00fcr\u00fcrdurmaz, Sava\u015f Vural, Fethi \u00d6zel, Erdem Kemal \u00d6zel, Zuhal C\u00f6mert, Alpay Sar\u0131\u015fen, Fahrettin Sert, Ramazan Sert ve Zeynep Kerimo\u011flu\u2019nun beyanlar\u0131n\u0131n dosyayla \u00f6rt\u00fc\u015ft\u00fc\u011f\u00fc belirtildi.<\/p>\n<p>ADL\u0130 KONTROL YETERS\u0130Z KALIR!<\/p>\n<p>Mahkeme, delillerin hen\u00fcz tam olarak toplanmam\u0131\u015f olmas\u0131, \u015f\u00fcphelinin tan\u0131klar ve di\u011fer \u015f\u00fcpheliler \u00fczerinde bask\u0131 kurma ve delilleri gizleme ihtimali ile su\u00e7un vas\u0131f ve mahiyeti adli kontrol tedbirlerinin yetersiz kalaca\u011f\u0131 kanaatine vararak tutuklama tedbirinin \u00f6l\u00e7\u00fcl\u00fc oldu\u011funu bildirdi.<\/p>\n<p>\u0130T\u0130RAZ YOLU A\u00c7IK<\/p>\n<p>Bu gerek\u00e7elerle, CMK\u2019n\u0131n 100. ve devam\u0131 maddeleri uyar\u0131nca Muhittin B\u00f6cek\u2019in tutuklanmas\u0131na karar verildi. Hakimlik ayr\u0131ca, B\u00f6cek\u2019in tutukland\u0131\u011f\u0131n\u0131n bir yak\u0131n\u0131na veya belirleyece\u011fi bir ki\u015fiye bildirilmesine ve soru\u015fturma evrak\u0131n\u0131n Cumhuriyet Ba\u015fsavc\u0131l\u0131\u011f\u0131na g\u00f6nderilmesine h\u00fckmetti. Karara kar\u015f\u0131 2 hafta i\u00e7erisinde Antalya N\u00f6bet\u00e7i Asliye Ceza Mahkemesi\u2019ne itiraz yolu a\u00e7\u0131k b\u0131rak\u0131ld\u0131. Antalya B\u00fcy\u00fck\u015fehir Belediye Ba\u015fkan\u0131 Muhittin B\u00f6cek ile birlikte g\u00f6zalt\u0131na al\u0131nan eski gelini Zeynep Kerimo\u011flu ise yurt d\u0131\u015f\u0131 \u00e7\u0131k\u0131\u015f yasa\u011f\u0131 konularak serbest b\u0131rak\u0131ld\u0131.<\/p>\n<p>\u200bAntalya Cumhuriyet Ba\u015fsavc\u0131l\u0131\u011f\u0131\u2019n\u0131n ba\u015flatt\u0131\u011f\u0131 soru\u015fturma kapsam\u0131nda g\u00f6zalt\u0131na al\u0131nan B\u00fcy\u00fck\u015fehir Belediye Ba\u015fkan\u0131 Muhittin B\u00f6cek, tutukland\u0131.\u00a0<\/p>\n<p>\u200bHaberin Al\u0131nt\u0131land\u0131\u011f\u0131 Kaynak: www.antalyakorfez.com<\/p>","protected":false},"excerpt":{"rendered":"<p>R\u00fc\u015fvet ve irtikap su\u00e7lamalar\u0131yla y\u00fcr\u00fct\u00fclen soru\u015fturma kapsam\u0131nda g\u00f6zalt\u0131na al\u0131nan Antalya B\u00fcy\u00fck\u015fehir Belediye Ba\u015fkan\u0131 Muhittin B\u00f6cek, \u00e7\u0131kar\u0131ld\u0131\u011f\u0131 n\u00f6bet\u00e7i sulh ceza hakimli\u011fi taraf\u0131ndan tutukland\u0131. Antalya 6. Sulh Ceza Hakimli\u011fi, Antalya Cumhuriyet Ba\u015fsavc\u0131l\u0131\u011f\u0131\u2019n\u0131n tutuklama talebi \u00fczerine \u015f\u00fcpheli Muhittin B\u00f6cek\u2019in sorgusunu ger\u00e7ekle\u015ftirdi. Sorguda B\u00f6cek, avukatlar\u0131 e\u015fli\u011finde savunmas\u0131n\u0131 yapt\u0131. Hakimlik, \u015f\u00fcpheli hakk\u0131nda, \u201cr\u00fc\u015fvet almak\u201d su\u00e7undan y\u00fcr\u00fct\u00fclen soru\u015fturmada kuvvetli su\u00e7 \u015f\u00fcphesini destekleyen somut delillerin bulundu\u011fu kanaatine vard\u0131. BEYANLAR \u00d6RT\u00dc\u015e\u00dcYOR Gerek\u00e7e olarak; i\u015f insan\u0131 Yusuf Yado\u011flu\u2019nun beyan\u0131, banka hesap hareketleri, fatura ve \u00e7ek g\u00f6rselleri, HTS (baz istasyonu) kay\u0131tlar\u0131, MASAK inceleme raporu ve tan\u0131k ifadeleri g\u00f6sterildi. Tan\u0131klar aras\u0131nda yer alan \u00d6mer Y\u00fcr\u00fcrdurmaz, Sava\u015f Vural, Fethi \u00d6zel, Erdem Kemal \u00d6zel, Zuhal C\u00f6mert, Alpay Sar\u0131\u015fen, Fahrettin Sert, Ramazan Sert ve Zeynep Kerimo\u011flu\u2019nun beyanlar\u0131n\u0131n dosyayla \u00f6rt\u00fc\u015ft\u00fc\u011f\u00fc belirtildi. ADL\u0130 KONTROL YETERS\u0130Z KALIR! Mahkeme, delillerin hen\u00fcz tam olarak toplanmam\u0131\u015f olmas\u0131, \u015f\u00fcphelinin tan\u0131klar ve di\u011fer \u015f\u00fcpheliler \u00fczerinde bask\u0131 kurma ve delilleri gizleme ihtimali ile su\u00e7un vas\u0131f ve mahiyeti adli kontrol tedbirlerinin yetersiz kalaca\u011f\u0131 kanaatine vararak tutuklama tedbirinin \u00f6l\u00e7\u00fcl\u00fc oldu\u011funu bildirdi. \u0130T\u0130RAZ YOLU A\u00c7IK Bu gerek\u00e7elerle, CMK\u2019n\u0131n 100. ve devam\u0131 maddeleri uyar\u0131nca Muhittin B\u00f6cek\u2019in tutuklanmas\u0131na karar verildi. Hakimlik ayr\u0131ca, B\u00f6cek\u2019in tutukland\u0131\u011f\u0131n\u0131n bir yak\u0131n\u0131na veya belirleyece\u011fi bir ki\u015fiye bildirilmesine ve soru\u015fturma evrak\u0131n\u0131n Cumhuriyet Ba\u015fsavc\u0131l\u0131\u011f\u0131na g\u00f6nderilmesine h\u00fckmetti. Karara kar\u015f\u0131 2 hafta i\u00e7erisinde Antalya N\u00f6bet\u00e7i Asliye Ceza Mahkemesi\u2019ne &hellip;<\/p>","protected":false},"author":5,"featured_media":0,"comment_status":"","ping_status":"open","sticky":false,"template":"","format":"standard","meta":{"_acf_changed":false,"footnotes":""},"categories":[24],"tags":[],"class_list":["post-137141","post","type-post","status-publish","format-standard","has-post-thumbnail","hentry","category-gundem"],"acf":[],"yoast_head":"<!-- This site is optimized with the Yoast SEO Premium plugin v26.6 (Yoast SEO v27.1.1) - https:\/\/yoast.com\/product\/yoast-seo-premium-wordpress\/ -->\n<title>Muhittin B\u00f6cek tutukland\u0131! - Av. Deniz Can K\u0131z\u0131l<\/title>\n<meta name=\"robots\" content=\"index, follow, max-snippet:-1, max-image-preview:large, max-video-preview:-1\" \/>\n<link rel=\"canonical\" href=\"https:\/\/denizcankizil.tr\/de\/haberler\/gundem\/muhittin-bocek-tutuklandi\/\" \/>\n<meta property=\"og:locale\" content=\"de_DE\" \/>\n<meta property=\"og:type\" content=\"article\" \/>\n<meta property=\"og:title\" content=\"Muhittin B\u00f6cek tutukland\u0131!\" \/>\n<meta property=\"og:description\" content=\"R\u00fc\u015fvet ve irtikap su\u00e7lamalar\u0131yla y\u00fcr\u00fct\u00fclen soru\u015fturma kapsam\u0131nda g\u00f6zalt\u0131na al\u0131nan Antalya B\u00fcy\u00fck\u015fehir Belediye Ba\u015fkan\u0131 Muhittin B\u00f6cek, \u00e7\u0131kar\u0131ld\u0131\u011f\u0131 n\u00f6bet\u00e7i sulh ceza hakimli\u011fi taraf\u0131ndan tutukland\u0131. Antalya 6. Sulh Ceza Hakimli\u011fi, Antalya Cumhuriyet Ba\u015fsavc\u0131l\u0131\u011f\u0131\u2019n\u0131n tutuklama talebi \u00fczerine \u015f\u00fcpheli Muhittin B\u00f6cek\u2019in sorgusunu ger\u00e7ekle\u015ftirdi. Sorguda B\u00f6cek, avukatlar\u0131 e\u015fli\u011finde savunmas\u0131n\u0131 yapt\u0131. Hakimlik, \u015f\u00fcpheli hakk\u0131nda, \u201cr\u00fc\u015fvet almak\u201d su\u00e7undan y\u00fcr\u00fct\u00fclen soru\u015fturmada kuvvetli su\u00e7 \u015f\u00fcphesini destekleyen somut delillerin bulundu\u011fu kanaatine vard\u0131. BEYANLAR \u00d6RT\u00dc\u015e\u00dcYOR Gerek\u00e7e olarak; i\u015f insan\u0131 Yusuf Yado\u011flu\u2019nun beyan\u0131, banka hesap hareketleri, fatura ve \u00e7ek g\u00f6rselleri, HTS (baz istasyonu) kay\u0131tlar\u0131, MASAK inceleme raporu ve tan\u0131k ifadeleri g\u00f6sterildi. Tan\u0131klar aras\u0131nda yer alan \u00d6mer Y\u00fcr\u00fcrdurmaz, Sava\u015f Vural, Fethi \u00d6zel, Erdem Kemal \u00d6zel, Zuhal C\u00f6mert, Alpay Sar\u0131\u015fen, Fahrettin Sert, Ramazan Sert ve Zeynep Kerimo\u011flu\u2019nun beyanlar\u0131n\u0131n dosyayla \u00f6rt\u00fc\u015ft\u00fc\u011f\u00fc belirtildi. ADL\u0130 KONTROL YETERS\u0130Z KALIR! Mahkeme, delillerin hen\u00fcz tam olarak toplanmam\u0131\u015f olmas\u0131, \u015f\u00fcphelinin tan\u0131klar ve di\u011fer \u015f\u00fcpheliler \u00fczerinde bask\u0131 kurma ve delilleri gizleme ihtimali ile su\u00e7un vas\u0131f ve mahiyeti adli kontrol tedbirlerinin yetersiz kalaca\u011f\u0131 kanaatine vararak tutuklama tedbirinin \u00f6l\u00e7\u00fcl\u00fc oldu\u011funu bildirdi. \u0130T\u0130RAZ YOLU A\u00c7IK Bu gerek\u00e7elerle, CMK\u2019n\u0131n 100. ve devam\u0131 maddeleri uyar\u0131nca Muhittin B\u00f6cek\u2019in tutuklanmas\u0131na karar verildi. Hakimlik ayr\u0131ca, B\u00f6cek\u2019in tutukland\u0131\u011f\u0131n\u0131n bir yak\u0131n\u0131na veya belirleyece\u011fi bir ki\u015fiye bildirilmesine ve soru\u015fturma evrak\u0131n\u0131n Cumhuriyet Ba\u015fsavc\u0131l\u0131\u011f\u0131na g\u00f6nderilmesine h\u00fckmetti. Karara kar\u015f\u0131 2 hafta i\u00e7erisinde Antalya N\u00f6bet\u00e7i Asliye Ceza Mahkemesi\u2019ne &hellip;\" \/>\n<meta property=\"og:url\" content=\"https:\/\/denizcankizil.tr\/de\/haberler\/gundem\/muhittin-bocek-tutuklandi\/\" \/>\n<meta property=\"og:site_name\" content=\"Av. Deniz Can K\u0131z\u0131l\" \/>\n<meta property=\"article:published_time\" content=\"2025-07-05T20:41:20+00:00\" \/>\n<meta name=\"author\" content=\"Antalya K\u00f6rfez\" \/>\n<meta name=\"twitter:card\" content=\"summary_large_image\" \/>\n<meta name=\"twitter:label1\" content=\"Verfasst von\" \/>\n\t<meta name=\"twitter:data1\" content=\"Antalya K\u00f6rfez\" \/>\n\t<meta name=\"twitter:label2\" content=\"Gesch\u00e4tzte Lesezeit\" \/>\n\t<meta name=\"twitter:data2\" content=\"2\u00a0Minuten\" \/>\n<script type=\"application\/ld+json\" class=\"yoast-schema-graph\">{\"@context\":\"https:\/\/schema.org\",\"@graph\":[{\"@type\":\"Article\",\"@id\":\"https:\/\/denizcankizil.tr\/de\/haberler\/gundem\/muhittin-bocek-tutuklandi\/#article\",\"isPartOf\":{\"@id\":\"https:\/\/denizcankizil.tr\/de\/haberler\/gundem\/muhittin-bocek-tutuklandi\/\"},\"author\":{\"name\":\"Antalya K\u00f6rfez\",\"@id\":\"https:\/\/denizcankizil.tr\/#\/schema\/person\/e1eb71bb4dd684d46563f0af307e1234\"},\"headline\":\"Muhittin B\u00f6cek tutukland\u0131!\",\"datePublished\":\"2025-07-05T20:41:20+00:00\",\"mainEntityOfPage\":{\"@id\":\"https:\/\/denizcankizil.tr\/de\/haberler\/gundem\/muhittin-bocek-tutuklandi\/\"},\"wordCount\":377,\"publisher\":{\"@id\":\"https:\/\/denizcankizil.tr\/#organization\"},\"articleSection\":[\"G\u00fcndem\"],\"inLanguage\":\"de\"},{\"@type\":\"WebPage\",\"@id\":\"https:\/\/denizcankizil.tr\/de\/haberler\/gundem\/muhittin-bocek-tutuklandi\/\",\"url\":\"https:\/\/denizcankizil.tr\/de\/haberler\/gundem\/muhittin-bocek-tutuklandi\/\",\"name\":\"Muhittin B\u00f6cek tutukland\u0131! - Av. Deniz Can K\u0131z\u0131l\",\"isPartOf\":{\"@id\":\"https:\/\/denizcankizil.tr\/#website\"},\"datePublished\":\"2025-07-05T20:41:20+00:00\",\"breadcrumb\":{\"@id\":\"https:\/\/denizcankizil.tr\/de\/haberler\/gundem\/muhittin-bocek-tutuklandi\/#breadcrumb\"},\"inLanguage\":\"de\",\"potentialAction\":[{\"@type\":\"ReadAction\",\"target\":[\"https:\/\/denizcankizil.tr\/de\/haberler\/gundem\/muhittin-bocek-tutuklandi\/\"]}]},{\"@type\":\"BreadcrumbList\",\"@id\":\"https:\/\/denizcankizil.tr\/de\/haberler\/gundem\/muhittin-bocek-tutuklandi\/#breadcrumb\",\"itemListElement\":[{\"@type\":\"ListItem\",\"position\":1,\"name\":\"Home\",\"item\":\"https:\/\/denizcankizil.tr\/de\/\"},{\"@type\":\"ListItem\",\"position\":2,\"name\":\"Muhittin B\u00f6cek tutukland\u0131!\"}]},{\"@type\":\"WebSite\",\"@id\":\"https:\/\/denizcankizil.tr\/#website\",\"url\":\"https:\/\/denizcankizil.tr\/\",\"name\":\"Av. Deniz Can K\u0131z\u0131l\",\"description\":\"Avukat Deniz Can K\u0131z\u0131l Antalya Barosu\",\"publisher\":{\"@id\":\"https:\/\/denizcankizil.tr\/#organization\"},\"potentialAction\":[{\"@type\":\"SearchAction\",\"target\":{\"@type\":\"EntryPoint\",\"urlTemplate\":\"https:\/\/denizcankizil.tr\/?s={search_term_string}\"},\"query-input\":{\"@type\":\"PropertyValueSpecification\",\"valueRequired\":true,\"valueName\":\"search_term_string\"}}],\"inLanguage\":\"de\"},{\"@type\":\"Organization\",\"@id\":\"https:\/\/denizcankizil.tr\/#organization\",\"name\":\"Av. Deniz Can K\u0131z\u0131l\",\"url\":\"https:\/\/denizcankizil.tr\/\",\"logo\":{\"@type\":\"ImageObject\",\"inLanguage\":\"de\",\"@id\":\"https:\/\/denizcankizil.tr\/#\/schema\/logo\/image\/\",\"url\":\"https:\/\/denizcankizil.tr\/wp-content\/uploads\/2024\/10\/siyah-logo-svg.svg\",\"contentUrl\":\"https:\/\/denizcankizil.tr\/wp-content\/uploads\/2024\/10\/siyah-logo-svg.svg\",\"width\":1080,\"height\":1080,\"caption\":\"Av. Deniz Can K\u0131z\u0131l\"},\"image\":{\"@id\":\"https:\/\/denizcankizil.tr\/#\/schema\/logo\/image\/\"}},{\"@type\":\"Person\",\"@id\":\"https:\/\/denizcankizil.tr\/#\/schema\/person\/e1eb71bb4dd684d46563f0af307e1234\",\"name\":\"Antalya K\u00f6rfez\",\"image\":{\"@type\":\"ImageObject\",\"inLanguage\":\"de\",\"@id\":\"https:\/\/denizcankizil.tr\/#\/schema\/person\/image\/\",\"url\":\"https:\/\/secure.gravatar.com\/avatar\/42b01982558a48a0b501fdcab6a408d3717ea5919095ee2e67b0e521799c5905?s=96&d=mm&r=g\",\"contentUrl\":\"https:\/\/secure.gravatar.com\/avatar\/42b01982558a48a0b501fdcab6a408d3717ea5919095ee2e67b0e521799c5905?s=96&d=mm&r=g\",\"caption\":\"Antalya K\u00f6rfez\"},\"sameAs\":[\"http:\/\/www.antalyakorfez.com\"],\"url\":\"https:\/\/www.antalyakorfez.com\/muhittin-bocek-tutuklandi\"}]}<\/script>\n<!-- \/ Yoast SEO Premium plugin. -->","yoast_head_json":{"title":"Muhittin B\u00f6cek tutukland\u0131! - Av. Deniz Can K\u0131z\u0131l","robots":{"index":"index","follow":"follow","max-snippet":"max-snippet:-1","max-image-preview":"max-image-preview:large","max-video-preview":"max-video-preview:-1"},"canonical":"https:\/\/denizcankizil.tr\/de\/haberler\/gundem\/muhittin-bocek-tutuklandi\/","og_locale":"de_DE","og_type":"article","og_title":"Muhittin B\u00f6cek tutukland\u0131!","og_description":"R\u00fc\u015fvet ve irtikap su\u00e7lamalar\u0131yla y\u00fcr\u00fct\u00fclen soru\u015fturma kapsam\u0131nda g\u00f6zalt\u0131na al\u0131nan Antalya B\u00fcy\u00fck\u015fehir Belediye Ba\u015fkan\u0131 Muhittin B\u00f6cek, \u00e7\u0131kar\u0131ld\u0131\u011f\u0131 n\u00f6bet\u00e7i sulh ceza hakimli\u011fi taraf\u0131ndan tutukland\u0131. Antalya 6. Sulh Ceza Hakimli\u011fi, Antalya Cumhuriyet Ba\u015fsavc\u0131l\u0131\u011f\u0131\u2019n\u0131n tutuklama talebi \u00fczerine \u015f\u00fcpheli Muhittin B\u00f6cek\u2019in sorgusunu ger\u00e7ekle\u015ftirdi. Sorguda B\u00f6cek, avukatlar\u0131 e\u015fli\u011finde savunmas\u0131n\u0131 yapt\u0131. Hakimlik, \u015f\u00fcpheli hakk\u0131nda, \u201cr\u00fc\u015fvet almak\u201d su\u00e7undan y\u00fcr\u00fct\u00fclen soru\u015fturmada kuvvetli su\u00e7 \u015f\u00fcphesini destekleyen somut delillerin bulundu\u011fu kanaatine vard\u0131. BEYANLAR \u00d6RT\u00dc\u015e\u00dcYOR Gerek\u00e7e olarak; i\u015f insan\u0131 Yusuf Yado\u011flu\u2019nun beyan\u0131, banka hesap hareketleri, fatura ve \u00e7ek g\u00f6rselleri, HTS (baz istasyonu) kay\u0131tlar\u0131, MASAK inceleme raporu ve tan\u0131k ifadeleri g\u00f6sterildi. Tan\u0131klar aras\u0131nda yer alan \u00d6mer Y\u00fcr\u00fcrdurmaz, Sava\u015f Vural, Fethi \u00d6zel, Erdem Kemal \u00d6zel, Zuhal C\u00f6mert, Alpay Sar\u0131\u015fen, Fahrettin Sert, Ramazan Sert ve Zeynep Kerimo\u011flu\u2019nun beyanlar\u0131n\u0131n dosyayla \u00f6rt\u00fc\u015ft\u00fc\u011f\u00fc belirtildi. ADL\u0130 KONTROL YETERS\u0130Z KALIR! Mahkeme, delillerin hen\u00fcz tam olarak toplanmam\u0131\u015f olmas\u0131, \u015f\u00fcphelinin tan\u0131klar ve di\u011fer \u015f\u00fcpheliler \u00fczerinde bask\u0131 kurma ve delilleri gizleme ihtimali ile su\u00e7un vas\u0131f ve mahiyeti adli kontrol tedbirlerinin yetersiz kalaca\u011f\u0131 kanaatine vararak tutuklama tedbirinin \u00f6l\u00e7\u00fcl\u00fc oldu\u011funu bildirdi. \u0130T\u0130RAZ YOLU A\u00c7IK Bu gerek\u00e7elerle, CMK\u2019n\u0131n 100. ve devam\u0131 maddeleri uyar\u0131nca Muhittin B\u00f6cek\u2019in tutuklanmas\u0131na karar verildi. Hakimlik ayr\u0131ca, B\u00f6cek\u2019in tutukland\u0131\u011f\u0131n\u0131n bir yak\u0131n\u0131na veya belirleyece\u011fi bir ki\u015fiye bildirilmesine ve soru\u015fturma evrak\u0131n\u0131n Cumhuriyet Ba\u015fsavc\u0131l\u0131\u011f\u0131na g\u00f6nderilmesine h\u00fckmetti. Karara kar\u015f\u0131 2 hafta i\u00e7erisinde Antalya N\u00f6bet\u00e7i Asliye Ceza Mahkemesi\u2019ne &hellip;","og_url":"https:\/\/denizcankizil.tr\/de\/haberler\/gundem\/muhittin-bocek-tutuklandi\/","og_site_name":"Av. Deniz Can K\u0131z\u0131l","article_published_time":"2025-07-05T20:41:20+00:00","author":"Antalya K\u00f6rfez","twitter_card":"summary_large_image","twitter_misc":{"Verfasst von":"Antalya K\u00f6rfez","Gesch\u00e4tzte Lesezeit":"2\u00a0Minuten"},"schema":{"@context":"https:\/\/schema.org","@graph":[{"@type":"Article","@id":"https:\/\/denizcankizil.tr\/de\/haberler\/gundem\/muhittin-bocek-tutuklandi\/#article","isPartOf":{"@id":"https:\/\/denizcankizil.tr\/de\/haberler\/gundem\/muhittin-bocek-tutuklandi\/"},"author":{"name":"Antalya K\u00f6rfez","@id":"https:\/\/denizcankizil.tr\/#\/schema\/person\/e1eb71bb4dd684d46563f0af307e1234"},"headline":"Muhittin B\u00f6cek tutukland\u0131!","datePublished":"2025-07-05T20:41:20+00:00","mainEntityOfPage":{"@id":"https:\/\/denizcankizil.tr\/de\/haberler\/gundem\/muhittin-bocek-tutuklandi\/"},"wordCount":377,"publisher":{"@id":"https:\/\/denizcankizil.tr\/#organization"},"articleSection":["G\u00fcndem"],"inLanguage":"de"},{"@type":"WebPage","@id":"https:\/\/denizcankizil.tr\/de\/haberler\/gundem\/muhittin-bocek-tutuklandi\/","url":"https:\/\/denizcankizil.tr\/de\/haberler\/gundem\/muhittin-bocek-tutuklandi\/","name":"Muhittin B\u00f6cek tutukland\u0131! - Av. Deniz Can K\u0131z\u0131l","isPartOf":{"@id":"https:\/\/denizcankizil.tr\/#website"},"datePublished":"2025-07-05T20:41:20+00:00","breadcrumb":{"@id":"https:\/\/denizcankizil.tr\/de\/haberler\/gundem\/muhittin-bocek-tutuklandi\/#breadcrumb"},"inLanguage":"de","potentialAction":[{"@type":"ReadAction","target":["https:\/\/denizcankizil.tr\/de\/haberler\/gundem\/muhittin-bocek-tutuklandi\/"]}]},{"@type":"BreadcrumbList","@id":"https:\/\/denizcankizil.tr\/de\/haberler\/gundem\/muhittin-bocek-tutuklandi\/#breadcrumb","itemListElement":[{"@type":"ListItem","position":1,"name":"Home","item":"https:\/\/denizcankizil.tr\/de\/"},{"@type":"ListItem","position":2,"name":"Muhittin B\u00f6cek tutukland\u0131!"}]},{"@type":"WebSite","@id":"https:\/\/denizcankizil.tr\/#website","url":"https:\/\/denizcankizil.tr\/","name":"Av. Deniz Can K\u0131z\u0131l","description":"Avukat Deniz Can K\u0131z\u0131l Antalya Barosu","publisher":{"@id":"https:\/\/denizcankizil.tr\/#organization"},"potentialAction":[{"@type":"SearchAction","target":{"@type":"EntryPoint","urlTemplate":"https:\/\/denizcankizil.tr\/?s={search_term_string}"},"query-input":{"@type":"PropertyValueSpecification","valueRequired":true,"valueName":"search_term_string"}}],"inLanguage":"de"},{"@type":"Organization","@id":"https:\/\/denizcankizil.tr\/#organization","name":"Av. Deniz Can K\u0131z\u0131l","url":"https:\/\/denizcankizil.tr\/","logo":{"@type":"ImageObject","inLanguage":"de","@id":"https:\/\/denizcankizil.tr\/#\/schema\/logo\/image\/","url":"https:\/\/denizcankizil.tr\/wp-content\/uploads\/2024\/10\/siyah-logo-svg.svg","contentUrl":"https:\/\/denizcankizil.tr\/wp-content\/uploads\/2024\/10\/siyah-logo-svg.svg","width":1080,"height":1080,"caption":"Av. Deniz Can K\u0131z\u0131l"},"image":{"@id":"https:\/\/denizcankizil.tr\/#\/schema\/logo\/image\/"}},{"@type":"Person","@id":"https:\/\/denizcankizil.tr\/#\/schema\/person\/e1eb71bb4dd684d46563f0af307e1234","name":"Antalya K\u00f6rfez","image":{"@type":"ImageObject","inLanguage":"de","@id":"https:\/\/denizcankizil.tr\/#\/schema\/person\/image\/","url":"https:\/\/secure.gravatar.com\/avatar\/42b01982558a48a0b501fdcab6a408d3717ea5919095ee2e67b0e521799c5905?s=96&d=mm&r=g","contentUrl":"https:\/\/secure.gravatar.com\/avatar\/42b01982558a48a0b501fdcab6a408d3717ea5919095ee2e67b0e521799c5905?s=96&d=mm&r=g","caption":"Antalya K\u00f6rfez"},"sameAs":["http:\/\/www.antalyakorfez.com"],"url":"https:\/\/www.antalyakorfez.com\/muhittin-bocek-tutuklandi"}]}},"_links":{"self":[{"href":"https:\/\/denizcankizil.tr\/de\/wp-json\/wp\/v2\/posts\/137141","targetHints":{"allow":["GET"]}}],"collection":[{"href":"https:\/\/denizcankizil.tr\/de\/wp-json\/wp\/v2\/posts"}],"about":[{"href":"https:\/\/denizcankizil.tr\/de\/wp-json\/wp\/v2\/types\/post"}],"author":[{"embeddable":true,"href":"https:\/\/denizcankizil.tr\/de\/wp-json\/wp\/v2\/users\/5"}],"replies":[{"embeddable":true,"href":"https:\/\/denizcankizil.tr\/de\/wp-json\/wp\/v2\/comments?post=137141"}],"version-history":[{"count":0,"href":"https:\/\/denizcankizil.tr\/de\/wp-json\/wp\/v2\/posts\/137141\/revisions"}],"wp:attachment":[{"href":"https:\/\/denizcankizil.tr\/de\/wp-json\/wp\/v2\/media?parent=137141"}],"wp:term":[{"taxonomy":"category","embeddable":true,"href":"https:\/\/denizcankizil.tr\/de\/wp-json\/wp\/v2\/categories?post=137141"},{"taxonomy":"post_tag","embeddable":true,"href":"https:\/\/denizcankizil.tr\/de\/wp-json\/wp\/v2\/tags?post=137141"}],"curies":[{"name":"wp","href":"https:\/\/api.w.org\/{rel}","templated":true}]}}