{"id":135925,"date":"2025-07-04T17:43:45","date_gmt":"2025-07-04T14:43:45","guid":{"rendered":"https:\/\/denizcankizil.tr\/uncategorized-tr\/orduda-saganak-alarmi-belediye-ekipleri-345-personelle-sahada\/"},"modified":"2025-07-04T17:43:45","modified_gmt":"2025-07-04T14:43:45","slug":"orduda-saganak-alarmi-belediye-ekipleri-345-personelle-sahada","status":"publish","type":"post","link":"https:\/\/denizcankizil.tr\/de\/haberler\/gundem\/orduda-saganak-alarmi-belediye-ekipleri-345-personelle-sahada\/","title":{"rendered":"Ordu\u2019da sa\u011fanak alarm\u0131: Belediye ekipleri 345 personelle sahada"},"content":{"rendered":"<p>Ordu B\u00fcy\u00fck\u015fehir Belediyesi, Meteoroloji Genel M\u00fcd\u00fcrl\u00fc\u011f\u00fc taraf\u0131ndan yap\u0131lan turuncu kodlu ya\u011f\u0131\u015f uyar\u0131s\u0131n\u0131n ard\u0131ndan t\u00fcm birimleriyle sahada teyakkuzda bekliyor.ORDU (\u0130GFA) &#8211; Ordu B\u00fcy\u00fck\u015fehir Belediyesi, Meteoroloji Genel M\u00fcd\u00fcrl\u00fc\u011f\u00fc taraf\u0131ndan yap\u0131lan turuncu kodlu ya\u011f\u0131\u015f uyar\u0131s\u0131n\u0131n ard\u0131ndan t\u00fcm birimleriyle sahada teyakkuzda bekliyor.<br \/>\nPer\u015fembe g\u00fcn\u00fc ard\u0131ndan cuma ve cumartesi g\u00fcnleri i\u00e7in de ya\u011f\u0131\u015f uyar\u0131s\u0131 verilen Ordu\u2019da 345 personel, 150 ara\u00e7 ve i\u015f makinesiyle alarma ge\u00e7en B\u00fcy\u00fck\u015fehir Belediyesi ekipleri, dere yataklar\u0131, mazgallar, riskli ge\u00e7i\u015f noktalar\u0131 ve kritik arterlerde g\u00f6rev yap\u0131yor. Ekipler, ula\u015f\u0131m\u0131n aksamamas\u0131 ve su ta\u015fk\u0131nlar\u0131n\u0131n ya\u015fanmamas\u0131 i\u00e7in yo\u011fun \u00e7aba sarf ediyor.<br \/>\nFATSA \u0130L\u00c7ES\u0130 \u00d6NCEL\u0130KL\u0130 M\u00dcDAHALE ALANI OLDU<br \/>\nPer\u015fembe gece saatlerinde ba\u015flayan ya\u011f\u0131\u015f\u0131n etkili oldu\u011fu Fatsa il\u00e7esinde yo\u011funla\u015ft\u0131r\u0131lan \u00e7al\u0131\u015fmalar kapsam\u0131nda, ya\u011fmurla birlikte yollara s\u00fcr\u00fcklenen toprak ve ta\u015f gibi malzemeler h\u0131zla temizlenerek yollar tekrar g\u00fcvenli hale getirildi.<br \/>\nMAZGAL TEM\u0130ZL\u0130\u011e\u0130 \u0130HMAL ED\u0130LMED\u0130<br \/>\nHer ya\u011f\u0131\u015f \u00f6ncesinde rutin hale getirilen mazgal temizli\u011fi bu s\u00fcre\u00e7te de titizlikle s\u00fcrd\u00fcr\u00fcl\u00fcyor.  \u0130l genelindeki ge\u00e7i\u015f noktalar\u0131nda bulunan mazgallar\u0131n ta\u015fma riskine kar\u015f\u0131 temizli\u011fi sa\u011flanarak su bask\u0131nlar\u0131n\u0131n \u00f6n\u00fcne ge\u00e7iliyor.<br \/>\nY\u00dcKSEK TEKNOLOJ\u0130L\u0130 KANAL TEM\u0130ZLEME ARACI SAHADA<br \/>\n\u00d6te yandan B\u00fcy\u00fck\u015fehir Belediyesi Fen \u0130\u015fleri Dairesi Ba\u015fkanl\u0131\u011f\u0131, T\u00fcrkiye\u2019de sadece birka\u00e7 belediyede bulunan Kanal Temizleme Arac\u0131 ile menfez, dere yataklar\u0131, bakslar ve ya\u011fmur suyu hatlar\u0131nda biriken ta\u015f, toprak, odun gibi at\u0131klar\u0131 rutin olarak y\u00fcksek bas\u0131n\u00e7l\u0131 suyla temizleme \u00e7al\u0131\u015fmalar\u0131n\u0131 s\u00fcrd\u00fcr\u00fcyor.  Bu sayede altyap\u0131 g\u00fcvenli\u011fi sa\u011flanarak olas\u0131 t\u0131kan\u0131kl\u0131klar \u00f6nleniyor.<\/p>\n<p>\u200bOrdu B\u00fcy\u00fck\u015fehir Belediyesi, Meteoroloji Genel M\u00fcd\u00fcrl\u00fc\u011f\u00fc taraf\u0131ndan yap\u0131lan turuncu kodlu ya\u011f\u0131\u015f uyar\u0131s\u0131n\u0131n ard\u0131ndan t\u00fcm birimleriyle sahada teyakkuzda bekliyor.ORDU (\u0130GFA) &#8211; Ordu B\u00fcy\u00fck\u015fehir Belediyesi, Meteoroloji Genel M\u00fcd\u00fcrl\u00fc\u011f\u00fc taraf\u0131ndan yap\u0131lan turuncu kodlu ya\u011f\u0131\u015f uyar\u0131s\u0131n\u0131n ard\u0131ndan t\u00fcm birimleriyle sahada teyakkuzda bekliyor.<br \/>\nPer\u015fembe g\u00fcn\u00fc ard\u0131ndan cuma ve cumartesi g\u00fcnleri i\u00e7in de ya\u011f\u0131\u015f uyar\u0131s\u0131 verilen Ordu\u2019da 345 personel, 150 ara\u00e7 ve i\u015f makinesiyle alarma ge\u00e7en B\u00fcy\u00fck\u015fehir Belediyesi ekipleri, dere yataklar\u0131, mazgallar, riskli ge\u00e7i\u015f noktalar\u0131 ve kritik arterlerde g\u00f6rev yap\u0131yor. Ekipler, ula\u015f\u0131m\u0131n aksamamas\u0131 ve su ta\u015fk\u0131nlar\u0131n\u0131n ya\u015fanmamas\u0131 i\u00e7in yo\u011fun \u00e7aba sarf ediyor.<br \/>\nFATSA \u0130L\u00c7ES\u0130 \u00d6NCEL\u0130KL\u0130 M\u00dcDAHALE ALANI OLDU<br \/>\nPer\u015fembe gece saatlerinde ba\u015flayan ya\u011f\u0131\u015f\u0131n etkili oldu\u011fu Fatsa il\u00e7esinde yo\u011funla\u015ft\u0131r\u0131lan \u00e7al\u0131\u015fmalar kapsam\u0131nda, ya\u011fmurla birlikte yollara s\u00fcr\u00fcklenen toprak ve ta\u015f gibi malzemeler h\u0131zla temizlenerek yollar tekrar g\u00fcvenli hale getirildi.<br \/>\nMAZGAL TEM\u0130ZL\u0130\u011e\u0130 \u0130HMAL ED\u0130LMED\u0130<br \/>\nHer ya\u011f\u0131\u015f \u00f6ncesinde rutin hale getirilen mazgal temizli\u011fi bu s\u00fcre\u00e7te de titizlikle s\u00fcrd\u00fcr\u00fcl\u00fcyor.  \u0130l genelindeki ge\u00e7i\u015f noktalar\u0131nda bulunan mazgallar\u0131n ta\u015fma riskine kar\u015f\u0131 temizli\u011fi sa\u011flanarak su bask\u0131nlar\u0131n\u0131n \u00f6n\u00fcne ge\u00e7iliyor.<br \/>\nY\u00dcKSEK TEKNOLOJ\u0130L\u0130 KANAL TEM\u0130ZLEME ARACI SAHADA<br \/>\n\u00d6te yandan B\u00fcy\u00fck\u015fehir Belediyesi Fen \u0130\u015fleri Dairesi Ba\u015fkanl\u0131\u011f\u0131, T\u00fcrkiye\u2019de sadece birka\u00e7 belediyede bulunan Kanal Temizleme Arac\u0131 ile menfez, dere yataklar\u0131, bakslar ve ya\u011fmur suyu hatlar\u0131nda biriken ta\u015f, toprak, odun gibi at\u0131klar\u0131 rutin olarak y\u00fcksek bas\u0131n\u00e7l\u0131 suyla temizleme \u00e7al\u0131\u015fmalar\u0131n\u0131 s\u00fcrd\u00fcr\u00fcyor.  Bu sayede altyap\u0131 g\u00fcvenli\u011fi sa\u011flanarak olas\u0131 t\u0131kan\u0131kl\u0131klar \u00f6nleniyor.\u00a0<\/p>\n<p>\u200bHaberin Al\u0131nt\u0131land\u0131\u011f\u0131 Kaynak: www.iskenderun.org<\/p>","protected":false},"excerpt":{"rendered":"<p>Ordu B\u00fcy\u00fck\u015fehir Belediyesi, Meteoroloji Genel M\u00fcd\u00fcrl\u00fc\u011f\u00fc taraf\u0131ndan yap\u0131lan turuncu kodlu ya\u011f\u0131\u015f uyar\u0131s\u0131n\u0131n ard\u0131ndan t\u00fcm birimleriyle sahada teyakkuzda bekliyor.ORDU (\u0130GFA) &#8211; Ordu B\u00fcy\u00fck\u015fehir Belediyesi, Meteoroloji Genel M\u00fcd\u00fcrl\u00fc\u011f\u00fc taraf\u0131ndan yap\u0131lan turuncu kodlu ya\u011f\u0131\u015f uyar\u0131s\u0131n\u0131n ard\u0131ndan t\u00fcm birimleriyle sahada teyakkuzda bekliyor. Per\u015fembe g\u00fcn\u00fc ard\u0131ndan cuma ve cumartesi g\u00fcnleri i\u00e7in de ya\u011f\u0131\u015f uyar\u0131s\u0131 verilen Ordu\u2019da 345 personel, 150 ara\u00e7 ve i\u015f makinesiyle alarma ge\u00e7en B\u00fcy\u00fck\u015fehir Belediyesi ekipleri, dere yataklar\u0131, mazgallar, riskli ge\u00e7i\u015f noktalar\u0131 ve kritik arterlerde g\u00f6rev yap\u0131yor. Ekipler, ula\u015f\u0131m\u0131n aksamamas\u0131 ve su ta\u015fk\u0131nlar\u0131n\u0131n ya\u015fanmamas\u0131 i\u00e7in yo\u011fun \u00e7aba sarf ediyor. FATSA \u0130L\u00c7ES\u0130 \u00d6NCEL\u0130KL\u0130 M\u00dcDAHALE ALANI OLDU Per\u015fembe gece saatlerinde ba\u015flayan ya\u011f\u0131\u015f\u0131n etkili oldu\u011fu Fatsa il\u00e7esinde yo\u011funla\u015ft\u0131r\u0131lan \u00e7al\u0131\u015fmalar kapsam\u0131nda, ya\u011fmurla birlikte yollara s\u00fcr\u00fcklenen toprak ve ta\u015f gibi malzemeler h\u0131zla temizlenerek yollar tekrar g\u00fcvenli hale getirildi. MAZGAL TEM\u0130ZL\u0130\u011e\u0130 \u0130HMAL ED\u0130LMED\u0130 Her ya\u011f\u0131\u015f \u00f6ncesinde rutin hale getirilen mazgal temizli\u011fi bu s\u00fcre\u00e7te de titizlikle s\u00fcrd\u00fcr\u00fcl\u00fcyor. \u0130l genelindeki ge\u00e7i\u015f noktalar\u0131nda bulunan mazgallar\u0131n ta\u015fma riskine kar\u015f\u0131 temizli\u011fi sa\u011flanarak su bask\u0131nlar\u0131n\u0131n \u00f6n\u00fcne ge\u00e7iliyor. Y\u00dcKSEK TEKNOLOJ\u0130L\u0130 KANAL TEM\u0130ZLEME ARACI SAHADA \u00d6te yandan B\u00fcy\u00fck\u015fehir Belediyesi Fen \u0130\u015fleri Dairesi Ba\u015fkanl\u0131\u011f\u0131, T\u00fcrkiye\u2019de sadece birka\u00e7 belediyede bulunan Kanal Temizleme Arac\u0131 ile menfez, dere yataklar\u0131, bakslar ve ya\u011fmur suyu hatlar\u0131nda biriken ta\u015f, toprak, odun gibi at\u0131klar\u0131 rutin olarak y\u00fcksek bas\u0131n\u00e7l\u0131 suyla temizleme \u00e7al\u0131\u015fmalar\u0131n\u0131 s\u00fcrd\u00fcr\u00fcyor. Bu sayede altyap\u0131 &hellip;<\/p>","protected":false},"author":1,"featured_media":0,"comment_status":"","ping_status":"open","sticky":false,"template":"","format":"standard","meta":{"_acf_changed":false,"footnotes":""},"categories":[24],"tags":[],"class_list":["post-135925","post","type-post","status-publish","format-standard","has-post-thumbnail","hentry","category-gundem"],"acf":[],"yoast_head":"<!-- This site is optimized with the Yoast SEO Premium plugin v26.6 (Yoast SEO v27.1.1) - https:\/\/yoast.com\/product\/yoast-seo-premium-wordpress\/ -->\n<title>Ordu\u2019da sa\u011fanak alarm\u0131: Belediye ekipleri 345 personelle sahada - Av. Deniz Can K\u0131z\u0131l<\/title>\n<meta name=\"robots\" content=\"index, follow, max-snippet:-1, max-image-preview:large, max-video-preview:-1\" \/>\n<link rel=\"canonical\" href=\"https:\/\/denizcankizil.tr\/de\/haberler\/gundem\/orduda-saganak-alarmi-belediye-ekipleri-345-personelle-sahada\/\" \/>\n<meta property=\"og:locale\" content=\"de_DE\" \/>\n<meta property=\"og:type\" content=\"article\" \/>\n<meta property=\"og:title\" content=\"Ordu\u2019da sa\u011fanak alarm\u0131: Belediye ekipleri 345 personelle sahada\" \/>\n<meta property=\"og:description\" content=\"Ordu B\u00fcy\u00fck\u015fehir Belediyesi, Meteoroloji Genel M\u00fcd\u00fcrl\u00fc\u011f\u00fc taraf\u0131ndan yap\u0131lan turuncu kodlu ya\u011f\u0131\u015f uyar\u0131s\u0131n\u0131n ard\u0131ndan t\u00fcm birimleriyle sahada teyakkuzda bekliyor.ORDU (\u0130GFA) &#8211; Ordu B\u00fcy\u00fck\u015fehir Belediyesi, Meteoroloji Genel M\u00fcd\u00fcrl\u00fc\u011f\u00fc taraf\u0131ndan yap\u0131lan turuncu kodlu ya\u011f\u0131\u015f uyar\u0131s\u0131n\u0131n ard\u0131ndan t\u00fcm birimleriyle sahada teyakkuzda bekliyor. Per\u015fembe g\u00fcn\u00fc ard\u0131ndan cuma ve cumartesi g\u00fcnleri i\u00e7in de ya\u011f\u0131\u015f uyar\u0131s\u0131 verilen Ordu\u2019da 345 personel, 150 ara\u00e7 ve i\u015f makinesiyle alarma ge\u00e7en B\u00fcy\u00fck\u015fehir Belediyesi ekipleri, dere yataklar\u0131, mazgallar, riskli ge\u00e7i\u015f noktalar\u0131 ve kritik arterlerde g\u00f6rev yap\u0131yor. Ekipler, ula\u015f\u0131m\u0131n aksamamas\u0131 ve su ta\u015fk\u0131nlar\u0131n\u0131n ya\u015fanmamas\u0131 i\u00e7in yo\u011fun \u00e7aba sarf ediyor. FATSA \u0130L\u00c7ES\u0130 \u00d6NCEL\u0130KL\u0130 M\u00dcDAHALE ALANI OLDU Per\u015fembe gece saatlerinde ba\u015flayan ya\u011f\u0131\u015f\u0131n etkili oldu\u011fu Fatsa il\u00e7esinde yo\u011funla\u015ft\u0131r\u0131lan \u00e7al\u0131\u015fmalar kapsam\u0131nda, ya\u011fmurla birlikte yollara s\u00fcr\u00fcklenen toprak ve ta\u015f gibi malzemeler h\u0131zla temizlenerek yollar tekrar g\u00fcvenli hale getirildi. MAZGAL TEM\u0130ZL\u0130\u011e\u0130 \u0130HMAL ED\u0130LMED\u0130 Her ya\u011f\u0131\u015f \u00f6ncesinde rutin hale getirilen mazgal temizli\u011fi bu s\u00fcre\u00e7te de titizlikle s\u00fcrd\u00fcr\u00fcl\u00fcyor. \u0130l genelindeki ge\u00e7i\u015f noktalar\u0131nda bulunan mazgallar\u0131n ta\u015fma riskine kar\u015f\u0131 temizli\u011fi sa\u011flanarak su bask\u0131nlar\u0131n\u0131n \u00f6n\u00fcne ge\u00e7iliyor. Y\u00dcKSEK TEKNOLOJ\u0130L\u0130 KANAL TEM\u0130ZLEME ARACI SAHADA \u00d6te yandan B\u00fcy\u00fck\u015fehir Belediyesi Fen \u0130\u015fleri Dairesi Ba\u015fkanl\u0131\u011f\u0131, T\u00fcrkiye\u2019de sadece birka\u00e7 belediyede bulunan Kanal Temizleme Arac\u0131 ile menfez, dere yataklar\u0131, bakslar ve ya\u011fmur suyu hatlar\u0131nda biriken ta\u015f, toprak, odun gibi at\u0131klar\u0131 rutin olarak y\u00fcksek bas\u0131n\u00e7l\u0131 suyla temizleme \u00e7al\u0131\u015fmalar\u0131n\u0131 s\u00fcrd\u00fcr\u00fcyor. Bu sayede altyap\u0131 &hellip;\" \/>\n<meta property=\"og:url\" content=\"https:\/\/denizcankizil.tr\/de\/haberler\/gundem\/orduda-saganak-alarmi-belediye-ekipleri-345-personelle-sahada\/\" \/>\n<meta property=\"og:site_name\" content=\"Av. Deniz Can K\u0131z\u0131l\" \/>\n<meta property=\"article:published_time\" content=\"2025-07-04T14:43:45+00:00\" \/>\n<meta name=\"author\" content=\"admin\" \/>\n<meta name=\"twitter:card\" content=\"summary_large_image\" \/>\n<meta name=\"twitter:label1\" content=\"Verfasst von\" \/>\n\t<meta name=\"twitter:data1\" content=\"admin\" \/>\n\t<meta name=\"twitter:label2\" content=\"Gesch\u00e4tzte Lesezeit\" \/>\n\t<meta name=\"twitter:data2\" content=\"3\u00a0Minuten\" \/>\n<script type=\"application\/ld+json\" class=\"yoast-schema-graph\">{\"@context\":\"https:\/\/schema.org\",\"@graph\":[{\"@type\":\"Article\",\"@id\":\"https:\/\/denizcankizil.tr\/de\/haberler\/gundem\/orduda-saganak-alarmi-belediye-ekipleri-345-personelle-sahada\/#article\",\"isPartOf\":{\"@id\":\"https:\/\/denizcankizil.tr\/de\/haberler\/gundem\/orduda-saganak-alarmi-belediye-ekipleri-345-personelle-sahada\/\"},\"author\":{\"name\":\"admin\",\"@id\":\"https:\/\/denizcankizil.tr\/de\/#\/schema\/person\/be3c05fe6a12686905512445d8185489\"},\"headline\":\"Ordu\u2019da sa\u011fanak alarm\u0131: Belediye ekipleri 345 personelle sahada\",\"datePublished\":\"2025-07-04T14:43:45+00:00\",\"mainEntityOfPage\":{\"@id\":\"https:\/\/denizcankizil.tr\/de\/haberler\/gundem\/orduda-saganak-alarmi-belediye-ekipleri-345-personelle-sahada\/\"},\"wordCount\":649,\"publisher\":{\"@id\":\"https:\/\/denizcankizil.tr\/de\/#organization\"},\"articleSection\":[\"G\u00fcndem\"],\"inLanguage\":\"de\"},{\"@type\":\"WebPage\",\"@id\":\"https:\/\/denizcankizil.tr\/de\/haberler\/gundem\/orduda-saganak-alarmi-belediye-ekipleri-345-personelle-sahada\/\",\"url\":\"https:\/\/denizcankizil.tr\/de\/haberler\/gundem\/orduda-saganak-alarmi-belediye-ekipleri-345-personelle-sahada\/\",\"name\":\"Ordu\u2019da sa\u011fanak alarm\u0131: Belediye ekipleri 345 personelle sahada - Av. Deniz Can K\u0131z\u0131l\",\"isPartOf\":{\"@id\":\"https:\/\/denizcankizil.tr\/de\/#website\"},\"datePublished\":\"2025-07-04T14:43:45+00:00\",\"breadcrumb\":{\"@id\":\"https:\/\/denizcankizil.tr\/de\/haberler\/gundem\/orduda-saganak-alarmi-belediye-ekipleri-345-personelle-sahada\/#breadcrumb\"},\"inLanguage\":\"de\",\"potentialAction\":[{\"@type\":\"ReadAction\",\"target\":[\"https:\/\/denizcankizil.tr\/de\/haberler\/gundem\/orduda-saganak-alarmi-belediye-ekipleri-345-personelle-sahada\/\"]}]},{\"@type\":\"BreadcrumbList\",\"@id\":\"https:\/\/denizcankizil.tr\/de\/haberler\/gundem\/orduda-saganak-alarmi-belediye-ekipleri-345-personelle-sahada\/#breadcrumb\",\"itemListElement\":[{\"@type\":\"ListItem\",\"position\":1,\"name\":\"Home\",\"item\":\"https:\/\/denizcankizil.tr\/de\/\"},{\"@type\":\"ListItem\",\"position\":2,\"name\":\"Ordu\u2019da sa\u011fanak alarm\u0131: Belediye ekipleri 345 personelle sahada\"}]},{\"@type\":\"WebSite\",\"@id\":\"https:\/\/denizcankizil.tr\/de\/#website\",\"url\":\"https:\/\/denizcankizil.tr\/de\/\",\"name\":\"Av. Deniz Can K\u0131z\u0131l\",\"description\":\"Avukat Deniz Can K\u0131z\u0131l Antalya Barosu\",\"publisher\":{\"@id\":\"https:\/\/denizcankizil.tr\/de\/#organization\"},\"potentialAction\":[{\"@type\":\"SearchAction\",\"target\":{\"@type\":\"EntryPoint\",\"urlTemplate\":\"https:\/\/denizcankizil.tr\/de\/?s={search_term_string}\"},\"query-input\":{\"@type\":\"PropertyValueSpecification\",\"valueRequired\":true,\"valueName\":\"search_term_string\"}}],\"inLanguage\":\"de\"},{\"@type\":\"Organization\",\"@id\":\"https:\/\/denizcankizil.tr\/de\/#organization\",\"name\":\"Av. Deniz Can K\u0131z\u0131l\",\"url\":\"https:\/\/denizcankizil.tr\/de\/\",\"logo\":{\"@type\":\"ImageObject\",\"inLanguage\":\"de\",\"@id\":\"https:\/\/denizcankizil.tr\/de\/#\/schema\/logo\/image\/\",\"url\":\"https:\/\/denizcankizil.tr\/wp-content\/uploads\/2024\/10\/siyah-logo-svg.svg\",\"contentUrl\":\"https:\/\/denizcankizil.tr\/wp-content\/uploads\/2024\/10\/siyah-logo-svg.svg\",\"width\":1080,\"height\":1080,\"caption\":\"Av. Deniz Can K\u0131z\u0131l\"},\"image\":{\"@id\":\"https:\/\/denizcankizil.tr\/de\/#\/schema\/logo\/image\/\"}},{\"@type\":\"Person\",\"@id\":\"https:\/\/denizcankizil.tr\/de\/#\/schema\/person\/be3c05fe6a12686905512445d8185489\",\"name\":\"admin\",\"image\":{\"@type\":\"ImageObject\",\"inLanguage\":\"de\",\"@id\":\"https:\/\/denizcankizil.tr\/de\/#\/schema\/person\/image\/\",\"url\":\"https:\/\/secure.gravatar.com\/avatar\/c1fce94c830dc79107e174f890d7210541c4a63e8e5d816341794a2151c9d58c?s=96&d=mm&r=g\",\"contentUrl\":\"https:\/\/secure.gravatar.com\/avatar\/c1fce94c830dc79107e174f890d7210541c4a63e8e5d816341794a2151c9d58c?s=96&d=mm&r=g\",\"caption\":\"admin\"},\"sameAs\":[\"http:\/\/denizcankizil.tr\"],\"url\":\"https:\/\/www.iskenderun.org\/orduda-saganak-alarmi-belediye-ekipleri-345-personelle-sahada\"}]}<\/script>\n<!-- \/ Yoast SEO Premium plugin. -->","yoast_head_json":{"title":"Ordu\u2019da sa\u011fanak alarm\u0131: Belediye ekipleri 345 personelle sahada - Av. Deniz Can K\u0131z\u0131l","robots":{"index":"index","follow":"follow","max-snippet":"max-snippet:-1","max-image-preview":"max-image-preview:large","max-video-preview":"max-video-preview:-1"},"canonical":"https:\/\/denizcankizil.tr\/de\/haberler\/gundem\/orduda-saganak-alarmi-belediye-ekipleri-345-personelle-sahada\/","og_locale":"de_DE","og_type":"article","og_title":"Ordu\u2019da sa\u011fanak alarm\u0131: Belediye ekipleri 345 personelle sahada","og_description":"Ordu B\u00fcy\u00fck\u015fehir Belediyesi, Meteoroloji Genel M\u00fcd\u00fcrl\u00fc\u011f\u00fc taraf\u0131ndan yap\u0131lan turuncu kodlu ya\u011f\u0131\u015f uyar\u0131s\u0131n\u0131n ard\u0131ndan t\u00fcm birimleriyle sahada teyakkuzda bekliyor.ORDU (\u0130GFA) &#8211; Ordu B\u00fcy\u00fck\u015fehir Belediyesi, Meteoroloji Genel M\u00fcd\u00fcrl\u00fc\u011f\u00fc taraf\u0131ndan yap\u0131lan turuncu kodlu ya\u011f\u0131\u015f uyar\u0131s\u0131n\u0131n ard\u0131ndan t\u00fcm birimleriyle sahada teyakkuzda bekliyor. Per\u015fembe g\u00fcn\u00fc ard\u0131ndan cuma ve cumartesi g\u00fcnleri i\u00e7in de ya\u011f\u0131\u015f uyar\u0131s\u0131 verilen Ordu\u2019da 345 personel, 150 ara\u00e7 ve i\u015f makinesiyle alarma ge\u00e7en B\u00fcy\u00fck\u015fehir Belediyesi ekipleri, dere yataklar\u0131, mazgallar, riskli ge\u00e7i\u015f noktalar\u0131 ve kritik arterlerde g\u00f6rev yap\u0131yor. Ekipler, ula\u015f\u0131m\u0131n aksamamas\u0131 ve su ta\u015fk\u0131nlar\u0131n\u0131n ya\u015fanmamas\u0131 i\u00e7in yo\u011fun \u00e7aba sarf ediyor. FATSA \u0130L\u00c7ES\u0130 \u00d6NCEL\u0130KL\u0130 M\u00dcDAHALE ALANI OLDU Per\u015fembe gece saatlerinde ba\u015flayan ya\u011f\u0131\u015f\u0131n etkili oldu\u011fu Fatsa il\u00e7esinde yo\u011funla\u015ft\u0131r\u0131lan \u00e7al\u0131\u015fmalar kapsam\u0131nda, ya\u011fmurla birlikte yollara s\u00fcr\u00fcklenen toprak ve ta\u015f gibi malzemeler h\u0131zla temizlenerek yollar tekrar g\u00fcvenli hale getirildi. MAZGAL TEM\u0130ZL\u0130\u011e\u0130 \u0130HMAL ED\u0130LMED\u0130 Her ya\u011f\u0131\u015f \u00f6ncesinde rutin hale getirilen mazgal temizli\u011fi bu s\u00fcre\u00e7te de titizlikle s\u00fcrd\u00fcr\u00fcl\u00fcyor. \u0130l genelindeki ge\u00e7i\u015f noktalar\u0131nda bulunan mazgallar\u0131n ta\u015fma riskine kar\u015f\u0131 temizli\u011fi sa\u011flanarak su bask\u0131nlar\u0131n\u0131n \u00f6n\u00fcne ge\u00e7iliyor. Y\u00dcKSEK TEKNOLOJ\u0130L\u0130 KANAL TEM\u0130ZLEME ARACI SAHADA \u00d6te yandan B\u00fcy\u00fck\u015fehir Belediyesi Fen \u0130\u015fleri Dairesi Ba\u015fkanl\u0131\u011f\u0131, T\u00fcrkiye\u2019de sadece birka\u00e7 belediyede bulunan Kanal Temizleme Arac\u0131 ile menfez, dere yataklar\u0131, bakslar ve ya\u011fmur suyu hatlar\u0131nda biriken ta\u015f, toprak, odun gibi at\u0131klar\u0131 rutin olarak y\u00fcksek bas\u0131n\u00e7l\u0131 suyla temizleme \u00e7al\u0131\u015fmalar\u0131n\u0131 s\u00fcrd\u00fcr\u00fcyor. Bu sayede altyap\u0131 &hellip;","og_url":"https:\/\/denizcankizil.tr\/de\/haberler\/gundem\/orduda-saganak-alarmi-belediye-ekipleri-345-personelle-sahada\/","og_site_name":"Av. Deniz Can K\u0131z\u0131l","article_published_time":"2025-07-04T14:43:45+00:00","author":"admin","twitter_card":"summary_large_image","twitter_misc":{"Verfasst von":"admin","Gesch\u00e4tzte Lesezeit":"3\u00a0Minuten"},"schema":{"@context":"https:\/\/schema.org","@graph":[{"@type":"Article","@id":"https:\/\/denizcankizil.tr\/de\/haberler\/gundem\/orduda-saganak-alarmi-belediye-ekipleri-345-personelle-sahada\/#article","isPartOf":{"@id":"https:\/\/denizcankizil.tr\/de\/haberler\/gundem\/orduda-saganak-alarmi-belediye-ekipleri-345-personelle-sahada\/"},"author":{"name":"admin","@id":"https:\/\/denizcankizil.tr\/de\/#\/schema\/person\/be3c05fe6a12686905512445d8185489"},"headline":"Ordu\u2019da sa\u011fanak alarm\u0131: Belediye ekipleri 345 personelle sahada","datePublished":"2025-07-04T14:43:45+00:00","mainEntityOfPage":{"@id":"https:\/\/denizcankizil.tr\/de\/haberler\/gundem\/orduda-saganak-alarmi-belediye-ekipleri-345-personelle-sahada\/"},"wordCount":649,"publisher":{"@id":"https:\/\/denizcankizil.tr\/de\/#organization"},"articleSection":["G\u00fcndem"],"inLanguage":"de"},{"@type":"WebPage","@id":"https:\/\/denizcankizil.tr\/de\/haberler\/gundem\/orduda-saganak-alarmi-belediye-ekipleri-345-personelle-sahada\/","url":"https:\/\/denizcankizil.tr\/de\/haberler\/gundem\/orduda-saganak-alarmi-belediye-ekipleri-345-personelle-sahada\/","name":"Ordu\u2019da sa\u011fanak alarm\u0131: Belediye ekipleri 345 personelle sahada - Av. Deniz Can K\u0131z\u0131l","isPartOf":{"@id":"https:\/\/denizcankizil.tr\/de\/#website"},"datePublished":"2025-07-04T14:43:45+00:00","breadcrumb":{"@id":"https:\/\/denizcankizil.tr\/de\/haberler\/gundem\/orduda-saganak-alarmi-belediye-ekipleri-345-personelle-sahada\/#breadcrumb"},"inLanguage":"de","potentialAction":[{"@type":"ReadAction","target":["https:\/\/denizcankizil.tr\/de\/haberler\/gundem\/orduda-saganak-alarmi-belediye-ekipleri-345-personelle-sahada\/"]}]},{"@type":"BreadcrumbList","@id":"https:\/\/denizcankizil.tr\/de\/haberler\/gundem\/orduda-saganak-alarmi-belediye-ekipleri-345-personelle-sahada\/#breadcrumb","itemListElement":[{"@type":"ListItem","position":1,"name":"Home","item":"https:\/\/denizcankizil.tr\/de\/"},{"@type":"ListItem","position":2,"name":"Ordu\u2019da sa\u011fanak alarm\u0131: Belediye ekipleri 345 personelle sahada"}]},{"@type":"WebSite","@id":"https:\/\/denizcankizil.tr\/de\/#website","url":"https:\/\/denizcankizil.tr\/de\/","name":"Av. Deniz Can K\u0131z\u0131l","description":"Avukat Deniz Can K\u0131z\u0131l Antalya Barosu","publisher":{"@id":"https:\/\/denizcankizil.tr\/de\/#organization"},"potentialAction":[{"@type":"SearchAction","target":{"@type":"EntryPoint","urlTemplate":"https:\/\/denizcankizil.tr\/de\/?s={search_term_string}"},"query-input":{"@type":"PropertyValueSpecification","valueRequired":true,"valueName":"search_term_string"}}],"inLanguage":"de"},{"@type":"Organization","@id":"https:\/\/denizcankizil.tr\/de\/#organization","name":"Av. Deniz Can K\u0131z\u0131l","url":"https:\/\/denizcankizil.tr\/de\/","logo":{"@type":"ImageObject","inLanguage":"de","@id":"https:\/\/denizcankizil.tr\/de\/#\/schema\/logo\/image\/","url":"https:\/\/denizcankizil.tr\/wp-content\/uploads\/2024\/10\/siyah-logo-svg.svg","contentUrl":"https:\/\/denizcankizil.tr\/wp-content\/uploads\/2024\/10\/siyah-logo-svg.svg","width":1080,"height":1080,"caption":"Av. Deniz Can K\u0131z\u0131l"},"image":{"@id":"https:\/\/denizcankizil.tr\/de\/#\/schema\/logo\/image\/"}},{"@type":"Person","@id":"https:\/\/denizcankizil.tr\/de\/#\/schema\/person\/be3c05fe6a12686905512445d8185489","name":"Administrator","image":{"@type":"ImageObject","inLanguage":"de","@id":"https:\/\/denizcankizil.tr\/de\/#\/schema\/person\/image\/","url":"https:\/\/secure.gravatar.com\/avatar\/c1fce94c830dc79107e174f890d7210541c4a63e8e5d816341794a2151c9d58c?s=96&d=mm&r=g","contentUrl":"https:\/\/secure.gravatar.com\/avatar\/c1fce94c830dc79107e174f890d7210541c4a63e8e5d816341794a2151c9d58c?s=96&d=mm&r=g","caption":"admin"},"sameAs":["http:\/\/denizcankizil.tr"],"url":"https:\/\/www.iskenderun.org\/orduda-saganak-alarmi-belediye-ekipleri-345-personelle-sahada"}]}},"_links":{"self":[{"href":"https:\/\/denizcankizil.tr\/de\/wp-json\/wp\/v2\/posts\/135925","targetHints":{"allow":["GET"]}}],"collection":[{"href":"https:\/\/denizcankizil.tr\/de\/wp-json\/wp\/v2\/posts"}],"about":[{"href":"https:\/\/denizcankizil.tr\/de\/wp-json\/wp\/v2\/types\/post"}],"author":[{"embeddable":true,"href":"https:\/\/denizcankizil.tr\/de\/wp-json\/wp\/v2\/users\/1"}],"replies":[{"embeddable":true,"href":"https:\/\/denizcankizil.tr\/de\/wp-json\/wp\/v2\/comments?post=135925"}],"version-history":[{"count":0,"href":"https:\/\/denizcankizil.tr\/de\/wp-json\/wp\/v2\/posts\/135925\/revisions"}],"wp:attachment":[{"href":"https:\/\/denizcankizil.tr\/de\/wp-json\/wp\/v2\/media?parent=135925"}],"wp:term":[{"taxonomy":"category","embeddable":true,"href":"https:\/\/denizcankizil.tr\/de\/wp-json\/wp\/v2\/categories?post=135925"},{"taxonomy":"post_tag","embeddable":true,"href":"https:\/\/denizcankizil.tr\/de\/wp-json\/wp\/v2\/tags?post=135925"}],"curies":[{"name":"wp","href":"https:\/\/api.w.org\/{rel}","templated":true}]}}