{"id":135816,"date":"2025-07-04T15:42:19","date_gmt":"2025-07-04T12:42:19","guid":{"rendered":"https:\/\/denizcankizil.tr\/uncategorized-tr\/karin-siskinligine-karsi-7-cozum\/"},"modified":"2025-07-04T15:42:19","modified_gmt":"2025-07-04T12:42:19","slug":"karin-siskinligine-karsi-7-cozum","status":"publish","type":"post","link":"https:\/\/denizcankizil.tr\/de\/haberler\/gundem\/karin-siskinligine-karsi-7-cozum\/","title":{"rendered":"Kar\u0131n \u015fi\u015fkinli\u011fine kar\u015f\u0131 7 \u00e7\u00f6z\u00fcm"},"content":{"rendered":"<p>\u00c7o\u011fu ki\u015fi sabah d\u00fcmd\u00fcz bir kar\u0131nla uyanmas\u0131na ra\u011fmen g\u00fcn sonunda kar\u0131n \u015fi\u015fli\u011fi ya\u015fad\u0131\u011f\u0131n\u0131 ifade eder.<\/p>\n<p>\u200b\u00c7o\u011fu ki\u015fi sabah d\u00fcmd\u00fcz bir kar\u0131nla uyanmas\u0131na ra\u011fmen g\u00fcn sonunda kar\u0131n \u015fi\u015fli\u011fi ya\u015fad\u0131\u011f\u0131n\u0131 ifade eder.\u00a0<\/p>\n<p>\u200bHaberin Al\u0131nt\u0131land\u0131\u011f\u0131 Kaynak: www.iskenderun.org<\/p>","protected":false},"excerpt":{"rendered":"<p>\u00c7o\u011fu ki\u015fi sabah d\u00fcmd\u00fcz bir kar\u0131nla uyanmas\u0131na ra\u011fmen g\u00fcn sonunda kar\u0131n \u015fi\u015fli\u011fi ya\u015fad\u0131\u011f\u0131n\u0131 ifade eder. \u200b\u00c7o\u011fu ki\u015fi sabah d\u00fcmd\u00fcz bir kar\u0131nla uyanmas\u0131na ra\u011fmen g\u00fcn sonunda kar\u0131n \u015fi\u015fli\u011fi ya\u015fad\u0131\u011f\u0131n\u0131 ifade eder.\u00a0 \u200bHaberin Al\u0131nt\u0131land\u0131\u011f\u0131 Kaynak: www.iskenderun.org<\/p>","protected":false},"author":1,"featured_media":0,"comment_status":"","ping_status":"open","sticky":false,"template":"","format":"standard","meta":{"_acf_changed":false,"footnotes":""},"categories":[24],"tags":[],"class_list":["post-135816","post","type-post","status-publish","format-standard","has-post-thumbnail","hentry","category-gundem"],"acf":[],"yoast_head":"<!-- This site is optimized with the Yoast SEO Premium plugin v26.6 (Yoast SEO v27.1.1) - https:\/\/yoast.com\/product\/yoast-seo-premium-wordpress\/ -->\n<title>Kar\u0131n \u015fi\u015fkinli\u011fine kar\u015f\u0131 7 \u00e7\u00f6z\u00fcm - Av. Deniz Can K\u0131z\u0131l<\/title>\n<meta name=\"robots\" content=\"index, follow, max-snippet:-1, max-image-preview:large, max-video-preview:-1\" \/>\n<link rel=\"canonical\" href=\"https:\/\/denizcankizil.tr\/de\/haberler\/gundem\/karin-siskinligine-karsi-7-cozum\/\" \/>\n<meta property=\"og:locale\" content=\"de_DE\" \/>\n<meta property=\"og:type\" content=\"article\" \/>\n<meta property=\"og:title\" content=\"Kar\u0131n \u015fi\u015fkinli\u011fine kar\u015f\u0131 7 \u00e7\u00f6z\u00fcm\" \/>\n<meta property=\"og:description\" content=\"\u00c7o\u011fu ki\u015fi sabah d\u00fcmd\u00fcz bir kar\u0131nla uyanmas\u0131na ra\u011fmen g\u00fcn sonunda kar\u0131n \u015fi\u015fli\u011fi ya\u015fad\u0131\u011f\u0131n\u0131 ifade eder. \u200b\u00c7o\u011fu ki\u015fi sabah d\u00fcmd\u00fcz bir kar\u0131nla uyanmas\u0131na ra\u011fmen g\u00fcn sonunda kar\u0131n \u015fi\u015fli\u011fi ya\u015fad\u0131\u011f\u0131n\u0131 ifade eder.\u00a0 \u200bHaberin Al\u0131nt\u0131land\u0131\u011f\u0131 Kaynak: www.iskenderun.org\" \/>\n<meta property=\"og:url\" content=\"https:\/\/denizcankizil.tr\/de\/haberler\/gundem\/karin-siskinligine-karsi-7-cozum\/\" \/>\n<meta property=\"og:site_name\" content=\"Av. Deniz Can K\u0131z\u0131l\" \/>\n<meta property=\"article:published_time\" content=\"2025-07-04T12:42:19+00:00\" \/>\n<meta name=\"author\" content=\"admin\" \/>\n<meta name=\"twitter:card\" content=\"summary_large_image\" \/>\n<meta name=\"twitter:label1\" content=\"Verfasst von\" \/>\n\t<meta name=\"twitter:data1\" content=\"admin\" \/>\n<script type=\"application\/ld+json\" class=\"yoast-schema-graph\">{\"@context\":\"https:\/\/schema.org\",\"@graph\":[{\"@type\":\"Article\",\"@id\":\"https:\/\/denizcankizil.tr\/de\/haberler\/gundem\/karin-siskinligine-karsi-7-cozum\/#article\",\"isPartOf\":{\"@id\":\"https:\/\/denizcankizil.tr\/de\/haberler\/gundem\/karin-siskinligine-karsi-7-cozum\/\"},\"author\":{\"name\":\"admin\",\"@id\":\"https:\/\/denizcankizil.tr\/#\/schema\/person\/be3c05fe6a12686905512445d8185489\"},\"headline\":\"Kar\u0131n \u015fi\u015fkinli\u011fine kar\u015f\u0131 7 \u00e7\u00f6z\u00fcm\",\"datePublished\":\"2025-07-04T12:42:19+00:00\",\"mainEntityOfPage\":{\"@id\":\"https:\/\/denizcankizil.tr\/de\/haberler\/gundem\/karin-siskinligine-karsi-7-cozum\/\"},\"wordCount\":72,\"publisher\":{\"@id\":\"https:\/\/denizcankizil.tr\/#organization\"},\"articleSection\":[\"G\u00fcndem\"],\"inLanguage\":\"de\"},{\"@type\":\"WebPage\",\"@id\":\"https:\/\/denizcankizil.tr\/de\/haberler\/gundem\/karin-siskinligine-karsi-7-cozum\/\",\"url\":\"https:\/\/denizcankizil.tr\/de\/haberler\/gundem\/karin-siskinligine-karsi-7-cozum\/\",\"name\":\"Kar\u0131n \u015fi\u015fkinli\u011fine kar\u015f\u0131 7 \u00e7\u00f6z\u00fcm - Av. Deniz Can K\u0131z\u0131l\",\"isPartOf\":{\"@id\":\"https:\/\/denizcankizil.tr\/#website\"},\"datePublished\":\"2025-07-04T12:42:19+00:00\",\"breadcrumb\":{\"@id\":\"https:\/\/denizcankizil.tr\/de\/haberler\/gundem\/karin-siskinligine-karsi-7-cozum\/#breadcrumb\"},\"inLanguage\":\"de\",\"potentialAction\":[{\"@type\":\"ReadAction\",\"target\":[\"https:\/\/denizcankizil.tr\/de\/haberler\/gundem\/karin-siskinligine-karsi-7-cozum\/\"]}]},{\"@type\":\"BreadcrumbList\",\"@id\":\"https:\/\/denizcankizil.tr\/de\/haberler\/gundem\/karin-siskinligine-karsi-7-cozum\/#breadcrumb\",\"itemListElement\":[{\"@type\":\"ListItem\",\"position\":1,\"name\":\"Home\",\"item\":\"https:\/\/denizcankizil.tr\/de\/\"},{\"@type\":\"ListItem\",\"position\":2,\"name\":\"Kar\u0131n \u015fi\u015fkinli\u011fine kar\u015f\u0131 7 \u00e7\u00f6z\u00fcm\"}]},{\"@type\":\"WebSite\",\"@id\":\"https:\/\/denizcankizil.tr\/#website\",\"url\":\"https:\/\/denizcankizil.tr\/\",\"name\":\"Av. Deniz Can K\u0131z\u0131l\",\"description\":\"Avukat Deniz Can K\u0131z\u0131l Antalya Barosu\",\"publisher\":{\"@id\":\"https:\/\/denizcankizil.tr\/#organization\"},\"potentialAction\":[{\"@type\":\"SearchAction\",\"target\":{\"@type\":\"EntryPoint\",\"urlTemplate\":\"https:\/\/denizcankizil.tr\/?s={search_term_string}\"},\"query-input\":{\"@type\":\"PropertyValueSpecification\",\"valueRequired\":true,\"valueName\":\"search_term_string\"}}],\"inLanguage\":\"de\"},{\"@type\":\"Organization\",\"@id\":\"https:\/\/denizcankizil.tr\/#organization\",\"name\":\"Av. Deniz Can K\u0131z\u0131l\",\"url\":\"https:\/\/denizcankizil.tr\/\",\"logo\":{\"@type\":\"ImageObject\",\"inLanguage\":\"de\",\"@id\":\"https:\/\/denizcankizil.tr\/#\/schema\/logo\/image\/\",\"url\":\"https:\/\/denizcankizil.tr\/wp-content\/uploads\/2024\/10\/siyah-logo-svg.svg\",\"contentUrl\":\"https:\/\/denizcankizil.tr\/wp-content\/uploads\/2024\/10\/siyah-logo-svg.svg\",\"width\":1080,\"height\":1080,\"caption\":\"Av. Deniz Can K\u0131z\u0131l\"},\"image\":{\"@id\":\"https:\/\/denizcankizil.tr\/#\/schema\/logo\/image\/\"}},{\"@type\":\"Person\",\"@id\":\"https:\/\/denizcankizil.tr\/#\/schema\/person\/be3c05fe6a12686905512445d8185489\",\"name\":\"admin\",\"image\":{\"@type\":\"ImageObject\",\"inLanguage\":\"de\",\"@id\":\"https:\/\/denizcankizil.tr\/#\/schema\/person\/image\/\",\"url\":\"https:\/\/secure.gravatar.com\/avatar\/c1fce94c830dc79107e174f890d7210541c4a63e8e5d816341794a2151c9d58c?s=96&d=mm&r=g\",\"contentUrl\":\"https:\/\/secure.gravatar.com\/avatar\/c1fce94c830dc79107e174f890d7210541c4a63e8e5d816341794a2151c9d58c?s=96&d=mm&r=g\",\"caption\":\"admin\"},\"sameAs\":[\"http:\/\/denizcankizil.tr\"],\"url\":\"https:\/\/www.iskenderun.org\/karin-siskinligine-karsi-7-cozum\"}]}<\/script>\n<!-- \/ Yoast SEO Premium plugin. -->","yoast_head_json":{"title":"Kar\u0131n \u015fi\u015fkinli\u011fine kar\u015f\u0131 7 \u00e7\u00f6z\u00fcm - Av. Deniz Can K\u0131z\u0131l","robots":{"index":"index","follow":"follow","max-snippet":"max-snippet:-1","max-image-preview":"max-image-preview:large","max-video-preview":"max-video-preview:-1"},"canonical":"https:\/\/denizcankizil.tr\/de\/haberler\/gundem\/karin-siskinligine-karsi-7-cozum\/","og_locale":"de_DE","og_type":"article","og_title":"Kar\u0131n \u015fi\u015fkinli\u011fine kar\u015f\u0131 7 \u00e7\u00f6z\u00fcm","og_description":"\u00c7o\u011fu ki\u015fi sabah d\u00fcmd\u00fcz bir kar\u0131nla uyanmas\u0131na ra\u011fmen g\u00fcn sonunda kar\u0131n \u015fi\u015fli\u011fi ya\u015fad\u0131\u011f\u0131n\u0131 ifade eder. \u200b\u00c7o\u011fu ki\u015fi sabah d\u00fcmd\u00fcz bir kar\u0131nla uyanmas\u0131na ra\u011fmen g\u00fcn sonunda kar\u0131n \u015fi\u015fli\u011fi ya\u015fad\u0131\u011f\u0131n\u0131 ifade eder.\u00a0 \u200bHaberin Al\u0131nt\u0131land\u0131\u011f\u0131 Kaynak: www.iskenderun.org","og_url":"https:\/\/denizcankizil.tr\/de\/haberler\/gundem\/karin-siskinligine-karsi-7-cozum\/","og_site_name":"Av. Deniz Can K\u0131z\u0131l","article_published_time":"2025-07-04T12:42:19+00:00","author":"admin","twitter_card":"summary_large_image","twitter_misc":{"Verfasst von":"admin"},"schema":{"@context":"https:\/\/schema.org","@graph":[{"@type":"Article","@id":"https:\/\/denizcankizil.tr\/de\/haberler\/gundem\/karin-siskinligine-karsi-7-cozum\/#article","isPartOf":{"@id":"https:\/\/denizcankizil.tr\/de\/haberler\/gundem\/karin-siskinligine-karsi-7-cozum\/"},"author":{"name":"admin","@id":"https:\/\/denizcankizil.tr\/#\/schema\/person\/be3c05fe6a12686905512445d8185489"},"headline":"Kar\u0131n \u015fi\u015fkinli\u011fine kar\u015f\u0131 7 \u00e7\u00f6z\u00fcm","datePublished":"2025-07-04T12:42:19+00:00","mainEntityOfPage":{"@id":"https:\/\/denizcankizil.tr\/de\/haberler\/gundem\/karin-siskinligine-karsi-7-cozum\/"},"wordCount":72,"publisher":{"@id":"https:\/\/denizcankizil.tr\/#organization"},"articleSection":["G\u00fcndem"],"inLanguage":"de"},{"@type":"WebPage","@id":"https:\/\/denizcankizil.tr\/de\/haberler\/gundem\/karin-siskinligine-karsi-7-cozum\/","url":"https:\/\/denizcankizil.tr\/de\/haberler\/gundem\/karin-siskinligine-karsi-7-cozum\/","name":"Kar\u0131n \u015fi\u015fkinli\u011fine kar\u015f\u0131 7 \u00e7\u00f6z\u00fcm - Av. Deniz Can K\u0131z\u0131l","isPartOf":{"@id":"https:\/\/denizcankizil.tr\/#website"},"datePublished":"2025-07-04T12:42:19+00:00","breadcrumb":{"@id":"https:\/\/denizcankizil.tr\/de\/haberler\/gundem\/karin-siskinligine-karsi-7-cozum\/#breadcrumb"},"inLanguage":"de","potentialAction":[{"@type":"ReadAction","target":["https:\/\/denizcankizil.tr\/de\/haberler\/gundem\/karin-siskinligine-karsi-7-cozum\/"]}]},{"@type":"BreadcrumbList","@id":"https:\/\/denizcankizil.tr\/de\/haberler\/gundem\/karin-siskinligine-karsi-7-cozum\/#breadcrumb","itemListElement":[{"@type":"ListItem","position":1,"name":"Home","item":"https:\/\/denizcankizil.tr\/de\/"},{"@type":"ListItem","position":2,"name":"Kar\u0131n \u015fi\u015fkinli\u011fine kar\u015f\u0131 7 \u00e7\u00f6z\u00fcm"}]},{"@type":"WebSite","@id":"https:\/\/denizcankizil.tr\/#website","url":"https:\/\/denizcankizil.tr\/","name":"Av. Deniz Can K\u0131z\u0131l","description":"Avukat Deniz Can K\u0131z\u0131l Antalya Barosu","publisher":{"@id":"https:\/\/denizcankizil.tr\/#organization"},"potentialAction":[{"@type":"SearchAction","target":{"@type":"EntryPoint","urlTemplate":"https:\/\/denizcankizil.tr\/?s={search_term_string}"},"query-input":{"@type":"PropertyValueSpecification","valueRequired":true,"valueName":"search_term_string"}}],"inLanguage":"de"},{"@type":"Organization","@id":"https:\/\/denizcankizil.tr\/#organization","name":"Av. Deniz Can K\u0131z\u0131l","url":"https:\/\/denizcankizil.tr\/","logo":{"@type":"ImageObject","inLanguage":"de","@id":"https:\/\/denizcankizil.tr\/#\/schema\/logo\/image\/","url":"https:\/\/denizcankizil.tr\/wp-content\/uploads\/2024\/10\/siyah-logo-svg.svg","contentUrl":"https:\/\/denizcankizil.tr\/wp-content\/uploads\/2024\/10\/siyah-logo-svg.svg","width":1080,"height":1080,"caption":"Av. Deniz Can K\u0131z\u0131l"},"image":{"@id":"https:\/\/denizcankizil.tr\/#\/schema\/logo\/image\/"}},{"@type":"Person","@id":"https:\/\/denizcankizil.tr\/#\/schema\/person\/be3c05fe6a12686905512445d8185489","name":"Administrator","image":{"@type":"ImageObject","inLanguage":"de","@id":"https:\/\/denizcankizil.tr\/#\/schema\/person\/image\/","url":"https:\/\/secure.gravatar.com\/avatar\/c1fce94c830dc79107e174f890d7210541c4a63e8e5d816341794a2151c9d58c?s=96&d=mm&r=g","contentUrl":"https:\/\/secure.gravatar.com\/avatar\/c1fce94c830dc79107e174f890d7210541c4a63e8e5d816341794a2151c9d58c?s=96&d=mm&r=g","caption":"admin"},"sameAs":["http:\/\/denizcankizil.tr"],"url":"https:\/\/www.iskenderun.org\/karin-siskinligine-karsi-7-cozum"}]}},"_links":{"self":[{"href":"https:\/\/denizcankizil.tr\/de\/wp-json\/wp\/v2\/posts\/135816","targetHints":{"allow":["GET"]}}],"collection":[{"href":"https:\/\/denizcankizil.tr\/de\/wp-json\/wp\/v2\/posts"}],"about":[{"href":"https:\/\/denizcankizil.tr\/de\/wp-json\/wp\/v2\/types\/post"}],"author":[{"embeddable":true,"href":"https:\/\/denizcankizil.tr\/de\/wp-json\/wp\/v2\/users\/1"}],"replies":[{"embeddable":true,"href":"https:\/\/denizcankizil.tr\/de\/wp-json\/wp\/v2\/comments?post=135816"}],"version-history":[{"count":0,"href":"https:\/\/denizcankizil.tr\/de\/wp-json\/wp\/v2\/posts\/135816\/revisions"}],"wp:attachment":[{"href":"https:\/\/denizcankizil.tr\/de\/wp-json\/wp\/v2\/media?parent=135816"}],"wp:term":[{"taxonomy":"category","embeddable":true,"href":"https:\/\/denizcankizil.tr\/de\/wp-json\/wp\/v2\/categories?post=135816"},{"taxonomy":"post_tag","embeddable":true,"href":"https:\/\/denizcankizil.tr\/de\/wp-json\/wp\/v2\/tags?post=135816"}],"curies":[{"name":"wp","href":"https:\/\/api.w.org\/{rel}","templated":true}]}}