{"id":135743,"date":"2025-07-04T14:41:39","date_gmt":"2025-07-04T11:41:39","guid":{"rendered":"https:\/\/denizcankizil.tr\/uncategorized-tr\/kepez-belediyesinin-etkinliginde-sarki-krizi-anne-ve-babalar-hayal-kirkligina-ugradi\/"},"modified":"2025-07-04T14:41:39","modified_gmt":"2025-07-04T11:41:39","slug":"kepez-belediyesinin-etkinliginde-sarki-krizi-anne-ve-babalar-hayal-kirkligina-ugradi","status":"publish","type":"post","link":"https:\/\/denizcankizil.tr\/de\/haberler\/gundem\/kepez-belediyesinin-etkinliginde-sarki-krizi-anne-ve-babalar-hayal-kirkligina-ugradi\/","title":{"rendered":"Kepez Belediyesi\u2019nin etkinli\u011finde \u015fark\u0131 krizi! Anne ve babalar hayal k\u0131rkl\u0131\u011f\u0131na u\u011frad\u0131"},"content":{"rendered":"<p>Antalya Kepez Belediyesi, yaz ak\u015famlar\u0131n\u0131 renklendirmek ve il\u00e7e halk\u0131na keyifli anlar ya\u015fatmak amac\u0131yla mahallelerde \u201cSahne Kepez\u201d etkinliklerini hayata ge\u00e7irdi. M\u00fczikten tiyatroya, \u00e7ocuk \u015fovlar\u0131ndan e\u011flenceli g\u00f6sterilere kadar bir\u00e7ok renkli etkinlik Kepezlilerle bulu\u015fuyor. Etkinliklerin ilki, 30 Haziran Pazartesi g\u00fcn\u00fc saat 19.30\u2019da Ahatl\u0131 Mahallesi&#8217;nde yer alan \u015eehit Bak\u0131m Onba\u015f\u0131 H\u00fcseyin G\u00f6khan Eri\u00e7 Park\u0131\u2019nda d\u00fczenlendi.<\/p>\n<p>BA\u015eKAN A\u00c7IKLAMA YAPMI\u015eTI<\/p>\n<p>Yaz ak\u015famlar\u0131n\u0131 daha keyifli bir hale getirmek istediklerini belirten Kepez Belediye Ba\u015fkan\u0131 Mesut Kocag\u00f6z, \u201cSahne Kepez ile her ya\u015ftan vatanda\u015f\u0131m\u0131z\u0131n sanatla, m\u00fczikle ve e\u011flenceyle bulu\u015faca\u011f\u0131 etkinlikler d\u00fczenliyoruz. Amac\u0131m\u0131z, mahalle k\u00fclt\u00fcr\u00fcn\u00fc ya\u015fatmak, kom\u015fuluk ili\u015fkilerini g\u00fc\u00e7lendirmek ve Kepez\u2019de yaz ak\u015famlar\u0131n\u0131n bir \u015fenlik havas\u0131nda ge\u00e7irilmesini sa\u011flamak. T\u00fcm halk\u0131m\u0131z\u0131 mahallelerimizde ki bu g\u00fczel bulu\u015fmalara davet ediyorum\u201d demi\u015fti.<\/p>\n<p>\u015e\u0130KAYETTE BULUNDULAR<\/p>\n<p>Antalya K\u00f6rfez Gazetesi muhabiri Ertu\u011frul G\u00fcn&#8217;\u00fcn haberine g\u00f6re; ancak etkinlikte seslendirilen baz\u0131 \u015fark\u0131lar, \u00f6zellikle \u00e7ocuklu ailelerin tepkisine neden oldu. Sahne alan sanat\u00e7\u0131lar taraf\u0131ndan s\u00f6ylenen \u00d6zkan \u00d6zcan\u2019\u0131n \u201cHayat\u0131 Tesbih Yapm\u0131\u015f\u0131m\u201d ve Mabel Matiz\u2019in \u201cAntidepresan\u201d adl\u0131 \u015fark\u0131lar\u0131n\u0131n \u00e7ocuklara uygun olmad\u0131\u011f\u0131n\u0131 savunan baz\u0131 vatanda\u015flar, Kepez Belediyesi\u2019nin ileti\u015fim merkezine \u015fik\u00e2yette bulundu.<\/p>\n<p>HAYAL KIRIKLI\u011eINA U\u011eRATTI<\/p>\n<p>Etkinli\u011fin tan\u0131t\u0131mlar\u0131nda \u00e7ocuk g\u00f6rsellerinin a\u011f\u0131rl\u0131kl\u0131 olarak kullan\u0131ld\u0131\u011f\u0131n\u0131 ve bu nedenle program\u0131n \u00e7ocuklara y\u00f6nelik oldu\u011fu izlenimi uyand\u0131rd\u0131\u011f\u0131n\u0131 ifade eden veliler, \u015fark\u0131 se\u00e7imlerinin daha hassas yap\u0131lmas\u0131 gerekti\u011fini s\u00f6yledi. Tepkisini dile getiren kat\u0131l\u0131mc\u0131lardan T.\u00c7.A., \u201cBillboardlarda ve afi\u015flerde hep \u00e7ocuklar vard\u0131. Biz de ailece bir \u00e7ocuk etkinli\u011fi diye geldik. Ancak sahnede \u00e7al\u0131nan \u015fark\u0131lar bizi hayal k\u0131r\u0131kl\u0131\u011f\u0131na u\u011fratt\u0131. B\u00f6yle bir ortamda \u00e7ocuklar\u0131m\u0131z\u0131n duymamas\u0131 gereken s\u00f6zler vard\u0131\u201d dedi.<\/p>\n<p>BELED\u0130YEDEN SAVUNMA<\/p>\n<p>Belediye yetkilileri ise gelen ele\u015ftiriler \u00fczerine yapt\u0131klar\u0131 a\u00e7\u0131klamada, baz\u0131 \u015fark\u0131lar\u0131n etkinli\u011fe kat\u0131lan izleyicilerin ve \u00e7ocuklar\u0131n talepleri do\u011frultusunda seslendirildi\u011fini belirtti. Ancak aileler, \u00e7ocuklar\u0131n \u015fark\u0131 talebinde bulunacak ya\u015fta olmad\u0131\u011f\u0131n\u0131 ve i\u00e7erik planlamas\u0131n\u0131n yeti\u015fkin sorumlulu\u011funda olmas\u0131 gerekti\u011fini savundu.<\/p>\n<p>\u200bAntalya\u2019da Kepez Belediyesi taraf\u0131ndan ger\u00e7ekle\u015ftirilen \u201cSahne Kepez\u201d etkinliklerinde \u015fark\u0131 krizi ya\u015fand\u0131. S\u00f6ylenen \u015fark\u0131lar\u0131n \u00e7ocuklara uygun olmad\u0131\u011f\u0131n\u0131 savunan baz\u0131 vatanda\u015flar, Kepez Belediyesi\u2019nin ileti\u015fim merkezine \u015fik\u00e2yette bulundu.\u00a0<\/p>\n<p>\u200bHaberin Al\u0131nt\u0131land\u0131\u011f\u0131 Kaynak: www.antalyakorfez.com<\/p>","protected":false},"excerpt":{"rendered":"<p>Antalya Kepez Belediyesi, yaz ak\u015famlar\u0131n\u0131 renklendirmek ve il\u00e7e halk\u0131na keyifli anlar ya\u015fatmak amac\u0131yla mahallelerde \u201cSahne Kepez\u201d etkinliklerini hayata ge\u00e7irdi. M\u00fczikten tiyatroya, \u00e7ocuk \u015fovlar\u0131ndan e\u011flenceli g\u00f6sterilere kadar bir\u00e7ok renkli etkinlik Kepezlilerle bulu\u015fuyor. Etkinliklerin ilki, 30 Haziran Pazartesi g\u00fcn\u00fc saat 19.30\u2019da Ahatl\u0131 Mahallesi&#8217;nde yer alan \u015eehit Bak\u0131m Onba\u015f\u0131 H\u00fcseyin G\u00f6khan Eri\u00e7 Park\u0131\u2019nda d\u00fczenlendi. BA\u015eKAN A\u00c7IKLAMA YAPMI\u015eTI Yaz ak\u015famlar\u0131n\u0131 daha keyifli bir hale getirmek istediklerini belirten Kepez Belediye Ba\u015fkan\u0131 Mesut Kocag\u00f6z, \u201cSahne Kepez ile her ya\u015ftan vatanda\u015f\u0131m\u0131z\u0131n sanatla, m\u00fczikle ve e\u011flenceyle bulu\u015faca\u011f\u0131 etkinlikler d\u00fczenliyoruz. Amac\u0131m\u0131z, mahalle k\u00fclt\u00fcr\u00fcn\u00fc ya\u015fatmak, kom\u015fuluk ili\u015fkilerini g\u00fc\u00e7lendirmek ve Kepez\u2019de yaz ak\u015famlar\u0131n\u0131n bir \u015fenlik havas\u0131nda ge\u00e7irilmesini sa\u011flamak. T\u00fcm halk\u0131m\u0131z\u0131 mahallelerimizde ki bu g\u00fczel bulu\u015fmalara davet ediyorum\u201d demi\u015fti. \u015e\u0130KAYETTE BULUNDULAR Antalya K\u00f6rfez Gazetesi muhabiri Ertu\u011frul G\u00fcn&#8217;\u00fcn haberine g\u00f6re; ancak etkinlikte seslendirilen baz\u0131 \u015fark\u0131lar, \u00f6zellikle \u00e7ocuklu ailelerin tepkisine neden oldu. Sahne alan sanat\u00e7\u0131lar taraf\u0131ndan s\u00f6ylenen \u00d6zkan \u00d6zcan\u2019\u0131n \u201cHayat\u0131 Tesbih Yapm\u0131\u015f\u0131m\u201d ve Mabel Matiz\u2019in \u201cAntidepresan\u201d adl\u0131 \u015fark\u0131lar\u0131n\u0131n \u00e7ocuklara uygun olmad\u0131\u011f\u0131n\u0131 savunan baz\u0131 vatanda\u015flar, Kepez Belediyesi\u2019nin ileti\u015fim merkezine \u015fik\u00e2yette bulundu. HAYAL KIRIKLI\u011eINA U\u011eRATTI Etkinli\u011fin tan\u0131t\u0131mlar\u0131nda \u00e7ocuk g\u00f6rsellerinin a\u011f\u0131rl\u0131kl\u0131 olarak kullan\u0131ld\u0131\u011f\u0131n\u0131 ve bu nedenle program\u0131n \u00e7ocuklara y\u00f6nelik oldu\u011fu izlenimi uyand\u0131rd\u0131\u011f\u0131n\u0131 ifade eden veliler, \u015fark\u0131 se\u00e7imlerinin daha hassas yap\u0131lmas\u0131 gerekti\u011fini s\u00f6yledi. Tepkisini dile getiren kat\u0131l\u0131mc\u0131lardan T.\u00c7.A., \u201cBillboardlarda ve afi\u015flerde hep \u00e7ocuklar vard\u0131. Biz de ailece bir &hellip;<\/p>","protected":false},"author":5,"featured_media":0,"comment_status":"","ping_status":"open","sticky":false,"template":"","format":"standard","meta":{"_acf_changed":false,"footnotes":""},"categories":[24],"tags":[],"class_list":["post-135743","post","type-post","status-publish","format-standard","has-post-thumbnail","hentry","category-gundem"],"acf":[],"yoast_head":"<!-- This site is optimized with the Yoast SEO Premium plugin v26.6 (Yoast SEO v27.1.1) - https:\/\/yoast.com\/product\/yoast-seo-premium-wordpress\/ -->\n<title>Kepez Belediyesi\u2019nin etkinli\u011finde \u015fark\u0131 krizi! Anne ve babalar hayal k\u0131rkl\u0131\u011f\u0131na u\u011frad\u0131 - Av. Deniz Can K\u0131z\u0131l<\/title>\n<meta name=\"robots\" content=\"index, follow, max-snippet:-1, max-image-preview:large, max-video-preview:-1\" \/>\n<link rel=\"canonical\" href=\"https:\/\/denizcankizil.tr\/de\/haberler\/gundem\/kepez-belediyesinin-etkinliginde-sarki-krizi-anne-ve-babalar-hayal-kirkligina-ugradi\/\" \/>\n<meta property=\"og:locale\" content=\"de_DE\" \/>\n<meta property=\"og:type\" content=\"article\" \/>\n<meta property=\"og:title\" content=\"Kepez Belediyesi\u2019nin etkinli\u011finde \u015fark\u0131 krizi! Anne ve babalar hayal k\u0131rkl\u0131\u011f\u0131na u\u011frad\u0131\" \/>\n<meta property=\"og:description\" content=\"Antalya Kepez Belediyesi, yaz ak\u015famlar\u0131n\u0131 renklendirmek ve il\u00e7e halk\u0131na keyifli anlar ya\u015fatmak amac\u0131yla mahallelerde \u201cSahne Kepez\u201d etkinliklerini hayata ge\u00e7irdi. M\u00fczikten tiyatroya, \u00e7ocuk \u015fovlar\u0131ndan e\u011flenceli g\u00f6sterilere kadar bir\u00e7ok renkli etkinlik Kepezlilerle bulu\u015fuyor. Etkinliklerin ilki, 30 Haziran Pazartesi g\u00fcn\u00fc saat 19.30\u2019da Ahatl\u0131 Mahallesi&#8217;nde yer alan \u015eehit Bak\u0131m Onba\u015f\u0131 H\u00fcseyin G\u00f6khan Eri\u00e7 Park\u0131\u2019nda d\u00fczenlendi. BA\u015eKAN A\u00c7IKLAMA YAPMI\u015eTI Yaz ak\u015famlar\u0131n\u0131 daha keyifli bir hale getirmek istediklerini belirten Kepez Belediye Ba\u015fkan\u0131 Mesut Kocag\u00f6z, \u201cSahne Kepez ile her ya\u015ftan vatanda\u015f\u0131m\u0131z\u0131n sanatla, m\u00fczikle ve e\u011flenceyle bulu\u015faca\u011f\u0131 etkinlikler d\u00fczenliyoruz. Amac\u0131m\u0131z, mahalle k\u00fclt\u00fcr\u00fcn\u00fc ya\u015fatmak, kom\u015fuluk ili\u015fkilerini g\u00fc\u00e7lendirmek ve Kepez\u2019de yaz ak\u015famlar\u0131n\u0131n bir \u015fenlik havas\u0131nda ge\u00e7irilmesini sa\u011flamak. T\u00fcm halk\u0131m\u0131z\u0131 mahallelerimizde ki bu g\u00fczel bulu\u015fmalara davet ediyorum\u201d demi\u015fti. \u015e\u0130KAYETTE BULUNDULAR Antalya K\u00f6rfez Gazetesi muhabiri Ertu\u011frul G\u00fcn&#8217;\u00fcn haberine g\u00f6re; ancak etkinlikte seslendirilen baz\u0131 \u015fark\u0131lar, \u00f6zellikle \u00e7ocuklu ailelerin tepkisine neden oldu. Sahne alan sanat\u00e7\u0131lar taraf\u0131ndan s\u00f6ylenen \u00d6zkan \u00d6zcan\u2019\u0131n \u201cHayat\u0131 Tesbih Yapm\u0131\u015f\u0131m\u201d ve Mabel Matiz\u2019in \u201cAntidepresan\u201d adl\u0131 \u015fark\u0131lar\u0131n\u0131n \u00e7ocuklara uygun olmad\u0131\u011f\u0131n\u0131 savunan baz\u0131 vatanda\u015flar, Kepez Belediyesi\u2019nin ileti\u015fim merkezine \u015fik\u00e2yette bulundu. HAYAL KIRIKLI\u011eINA U\u011eRATTI Etkinli\u011fin tan\u0131t\u0131mlar\u0131nda \u00e7ocuk g\u00f6rsellerinin a\u011f\u0131rl\u0131kl\u0131 olarak kullan\u0131ld\u0131\u011f\u0131n\u0131 ve bu nedenle program\u0131n \u00e7ocuklara y\u00f6nelik oldu\u011fu izlenimi uyand\u0131rd\u0131\u011f\u0131n\u0131 ifade eden veliler, \u015fark\u0131 se\u00e7imlerinin daha hassas yap\u0131lmas\u0131 gerekti\u011fini s\u00f6yledi. Tepkisini dile getiren kat\u0131l\u0131mc\u0131lardan T.\u00c7.A., \u201cBillboardlarda ve afi\u015flerde hep \u00e7ocuklar vard\u0131. Biz de ailece bir &hellip;\" \/>\n<meta property=\"og:url\" content=\"https:\/\/denizcankizil.tr\/de\/haberler\/gundem\/kepez-belediyesinin-etkinliginde-sarki-krizi-anne-ve-babalar-hayal-kirkligina-ugradi\/\" \/>\n<meta property=\"og:site_name\" content=\"Av. Deniz Can K\u0131z\u0131l\" \/>\n<meta property=\"article:published_time\" content=\"2025-07-04T11:41:39+00:00\" \/>\n<meta name=\"author\" content=\"Antalya K\u00f6rfez\" \/>\n<meta name=\"twitter:card\" content=\"summary_large_image\" \/>\n<meta name=\"twitter:label1\" content=\"Verfasst von\" \/>\n\t<meta name=\"twitter:data1\" content=\"Antalya K\u00f6rfez\" \/>\n\t<meta name=\"twitter:label2\" content=\"Gesch\u00e4tzte Lesezeit\" \/>\n\t<meta name=\"twitter:data2\" content=\"2\u00a0Minuten\" \/>\n<script type=\"application\/ld+json\" class=\"yoast-schema-graph\">{\"@context\":\"https:\/\/schema.org\",\"@graph\":[{\"@type\":\"Article\",\"@id\":\"https:\/\/denizcankizil.tr\/de\/haberler\/gundem\/kepez-belediyesinin-etkinliginde-sarki-krizi-anne-ve-babalar-hayal-kirkligina-ugradi\/#article\",\"isPartOf\":{\"@id\":\"https:\/\/denizcankizil.tr\/de\/haberler\/gundem\/kepez-belediyesinin-etkinliginde-sarki-krizi-anne-ve-babalar-hayal-kirkligina-ugradi\/\"},\"author\":{\"name\":\"Antalya K\u00f6rfez\",\"@id\":\"https:\/\/denizcankizil.tr\/#\/schema\/person\/e1eb71bb4dd684d46563f0af307e1234\"},\"headline\":\"Kepez Belediyesi\u2019nin etkinli\u011finde \u015fark\u0131 krizi! Anne ve babalar hayal k\u0131rkl\u0131\u011f\u0131na u\u011frad\u0131\",\"datePublished\":\"2025-07-04T11:41:39+00:00\",\"mainEntityOfPage\":{\"@id\":\"https:\/\/denizcankizil.tr\/de\/haberler\/gundem\/kepez-belediyesinin-etkinliginde-sarki-krizi-anne-ve-babalar-hayal-kirkligina-ugradi\/\"},\"wordCount\":453,\"publisher\":{\"@id\":\"https:\/\/denizcankizil.tr\/#organization\"},\"articleSection\":[\"G\u00fcndem\"],\"inLanguage\":\"de\"},{\"@type\":\"WebPage\",\"@id\":\"https:\/\/denizcankizil.tr\/de\/haberler\/gundem\/kepez-belediyesinin-etkinliginde-sarki-krizi-anne-ve-babalar-hayal-kirkligina-ugradi\/\",\"url\":\"https:\/\/denizcankizil.tr\/de\/haberler\/gundem\/kepez-belediyesinin-etkinliginde-sarki-krizi-anne-ve-babalar-hayal-kirkligina-ugradi\/\",\"name\":\"Kepez Belediyesi\u2019nin etkinli\u011finde \u015fark\u0131 krizi! Anne ve babalar hayal k\u0131rkl\u0131\u011f\u0131na u\u011frad\u0131 - Av. Deniz Can K\u0131z\u0131l\",\"isPartOf\":{\"@id\":\"https:\/\/denizcankizil.tr\/#website\"},\"datePublished\":\"2025-07-04T11:41:39+00:00\",\"breadcrumb\":{\"@id\":\"https:\/\/denizcankizil.tr\/de\/haberler\/gundem\/kepez-belediyesinin-etkinliginde-sarki-krizi-anne-ve-babalar-hayal-kirkligina-ugradi\/#breadcrumb\"},\"inLanguage\":\"de\",\"potentialAction\":[{\"@type\":\"ReadAction\",\"target\":[\"https:\/\/denizcankizil.tr\/de\/haberler\/gundem\/kepez-belediyesinin-etkinliginde-sarki-krizi-anne-ve-babalar-hayal-kirkligina-ugradi\/\"]}]},{\"@type\":\"BreadcrumbList\",\"@id\":\"https:\/\/denizcankizil.tr\/de\/haberler\/gundem\/kepez-belediyesinin-etkinliginde-sarki-krizi-anne-ve-babalar-hayal-kirkligina-ugradi\/#breadcrumb\",\"itemListElement\":[{\"@type\":\"ListItem\",\"position\":1,\"name\":\"Home\",\"item\":\"https:\/\/denizcankizil.tr\/de\/\"},{\"@type\":\"ListItem\",\"position\":2,\"name\":\"Kepez Belediyesi\u2019nin etkinli\u011finde \u015fark\u0131 krizi! Anne ve babalar hayal k\u0131rkl\u0131\u011f\u0131na u\u011frad\u0131\"}]},{\"@type\":\"WebSite\",\"@id\":\"https:\/\/denizcankizil.tr\/#website\",\"url\":\"https:\/\/denizcankizil.tr\/\",\"name\":\"Av. Deniz Can K\u0131z\u0131l\",\"description\":\"Avukat Deniz Can K\u0131z\u0131l Antalya Barosu\",\"publisher\":{\"@id\":\"https:\/\/denizcankizil.tr\/#organization\"},\"potentialAction\":[{\"@type\":\"SearchAction\",\"target\":{\"@type\":\"EntryPoint\",\"urlTemplate\":\"https:\/\/denizcankizil.tr\/?s={search_term_string}\"},\"query-input\":{\"@type\":\"PropertyValueSpecification\",\"valueRequired\":true,\"valueName\":\"search_term_string\"}}],\"inLanguage\":\"de\"},{\"@type\":\"Organization\",\"@id\":\"https:\/\/denizcankizil.tr\/#organization\",\"name\":\"Av. Deniz Can K\u0131z\u0131l\",\"url\":\"https:\/\/denizcankizil.tr\/\",\"logo\":{\"@type\":\"ImageObject\",\"inLanguage\":\"de\",\"@id\":\"https:\/\/denizcankizil.tr\/#\/schema\/logo\/image\/\",\"url\":\"https:\/\/denizcankizil.tr\/wp-content\/uploads\/2024\/10\/siyah-logo-svg.svg\",\"contentUrl\":\"https:\/\/denizcankizil.tr\/wp-content\/uploads\/2024\/10\/siyah-logo-svg.svg\",\"width\":1080,\"height\":1080,\"caption\":\"Av. Deniz Can K\u0131z\u0131l\"},\"image\":{\"@id\":\"https:\/\/denizcankizil.tr\/#\/schema\/logo\/image\/\"}},{\"@type\":\"Person\",\"@id\":\"https:\/\/denizcankizil.tr\/#\/schema\/person\/e1eb71bb4dd684d46563f0af307e1234\",\"name\":\"Antalya K\u00f6rfez\",\"image\":{\"@type\":\"ImageObject\",\"inLanguage\":\"de\",\"@id\":\"https:\/\/denizcankizil.tr\/#\/schema\/person\/image\/\",\"url\":\"https:\/\/secure.gravatar.com\/avatar\/42b01982558a48a0b501fdcab6a408d3717ea5919095ee2e67b0e521799c5905?s=96&d=mm&r=g\",\"contentUrl\":\"https:\/\/secure.gravatar.com\/avatar\/42b01982558a48a0b501fdcab6a408d3717ea5919095ee2e67b0e521799c5905?s=96&d=mm&r=g\",\"caption\":\"Antalya K\u00f6rfez\"},\"sameAs\":[\"http:\/\/www.antalyakorfez.com\"],\"url\":\"https:\/\/www.antalyakorfez.com\/kepez-belediyesinin-etkinliginde-sarki-krizi-anne-ve-babalar-hayal-kirkligina-ugradi\"}]}<\/script>\n<!-- \/ Yoast SEO Premium plugin. -->","yoast_head_json":{"title":"Kepez Belediyesi\u2019nin etkinli\u011finde \u015fark\u0131 krizi! Anne ve babalar hayal k\u0131rkl\u0131\u011f\u0131na u\u011frad\u0131 - Av. Deniz Can K\u0131z\u0131l","robots":{"index":"index","follow":"follow","max-snippet":"max-snippet:-1","max-image-preview":"max-image-preview:large","max-video-preview":"max-video-preview:-1"},"canonical":"https:\/\/denizcankizil.tr\/de\/haberler\/gundem\/kepez-belediyesinin-etkinliginde-sarki-krizi-anne-ve-babalar-hayal-kirkligina-ugradi\/","og_locale":"de_DE","og_type":"article","og_title":"Kepez Belediyesi\u2019nin etkinli\u011finde \u015fark\u0131 krizi! Anne ve babalar hayal k\u0131rkl\u0131\u011f\u0131na u\u011frad\u0131","og_description":"Antalya Kepez Belediyesi, yaz ak\u015famlar\u0131n\u0131 renklendirmek ve il\u00e7e halk\u0131na keyifli anlar ya\u015fatmak amac\u0131yla mahallelerde \u201cSahne Kepez\u201d etkinliklerini hayata ge\u00e7irdi. M\u00fczikten tiyatroya, \u00e7ocuk \u015fovlar\u0131ndan e\u011flenceli g\u00f6sterilere kadar bir\u00e7ok renkli etkinlik Kepezlilerle bulu\u015fuyor. Etkinliklerin ilki, 30 Haziran Pazartesi g\u00fcn\u00fc saat 19.30\u2019da Ahatl\u0131 Mahallesi&#8217;nde yer alan \u015eehit Bak\u0131m Onba\u015f\u0131 H\u00fcseyin G\u00f6khan Eri\u00e7 Park\u0131\u2019nda d\u00fczenlendi. BA\u015eKAN A\u00c7IKLAMA YAPMI\u015eTI Yaz ak\u015famlar\u0131n\u0131 daha keyifli bir hale getirmek istediklerini belirten Kepez Belediye Ba\u015fkan\u0131 Mesut Kocag\u00f6z, \u201cSahne Kepez ile her ya\u015ftan vatanda\u015f\u0131m\u0131z\u0131n sanatla, m\u00fczikle ve e\u011flenceyle bulu\u015faca\u011f\u0131 etkinlikler d\u00fczenliyoruz. Amac\u0131m\u0131z, mahalle k\u00fclt\u00fcr\u00fcn\u00fc ya\u015fatmak, kom\u015fuluk ili\u015fkilerini g\u00fc\u00e7lendirmek ve Kepez\u2019de yaz ak\u015famlar\u0131n\u0131n bir \u015fenlik havas\u0131nda ge\u00e7irilmesini sa\u011flamak. T\u00fcm halk\u0131m\u0131z\u0131 mahallelerimizde ki bu g\u00fczel bulu\u015fmalara davet ediyorum\u201d demi\u015fti. \u015e\u0130KAYETTE BULUNDULAR Antalya K\u00f6rfez Gazetesi muhabiri Ertu\u011frul G\u00fcn&#8217;\u00fcn haberine g\u00f6re; ancak etkinlikte seslendirilen baz\u0131 \u015fark\u0131lar, \u00f6zellikle \u00e7ocuklu ailelerin tepkisine neden oldu. Sahne alan sanat\u00e7\u0131lar taraf\u0131ndan s\u00f6ylenen \u00d6zkan \u00d6zcan\u2019\u0131n \u201cHayat\u0131 Tesbih Yapm\u0131\u015f\u0131m\u201d ve Mabel Matiz\u2019in \u201cAntidepresan\u201d adl\u0131 \u015fark\u0131lar\u0131n\u0131n \u00e7ocuklara uygun olmad\u0131\u011f\u0131n\u0131 savunan baz\u0131 vatanda\u015flar, Kepez Belediyesi\u2019nin ileti\u015fim merkezine \u015fik\u00e2yette bulundu. HAYAL KIRIKLI\u011eINA U\u011eRATTI Etkinli\u011fin tan\u0131t\u0131mlar\u0131nda \u00e7ocuk g\u00f6rsellerinin a\u011f\u0131rl\u0131kl\u0131 olarak kullan\u0131ld\u0131\u011f\u0131n\u0131 ve bu nedenle program\u0131n \u00e7ocuklara y\u00f6nelik oldu\u011fu izlenimi uyand\u0131rd\u0131\u011f\u0131n\u0131 ifade eden veliler, \u015fark\u0131 se\u00e7imlerinin daha hassas yap\u0131lmas\u0131 gerekti\u011fini s\u00f6yledi. Tepkisini dile getiren kat\u0131l\u0131mc\u0131lardan T.\u00c7.A., \u201cBillboardlarda ve afi\u015flerde hep \u00e7ocuklar vard\u0131. Biz de ailece bir &hellip;","og_url":"https:\/\/denizcankizil.tr\/de\/haberler\/gundem\/kepez-belediyesinin-etkinliginde-sarki-krizi-anne-ve-babalar-hayal-kirkligina-ugradi\/","og_site_name":"Av. Deniz Can K\u0131z\u0131l","article_published_time":"2025-07-04T11:41:39+00:00","author":"Antalya K\u00f6rfez","twitter_card":"summary_large_image","twitter_misc":{"Verfasst von":"Antalya K\u00f6rfez","Gesch\u00e4tzte Lesezeit":"2\u00a0Minuten"},"schema":{"@context":"https:\/\/schema.org","@graph":[{"@type":"Article","@id":"https:\/\/denizcankizil.tr\/de\/haberler\/gundem\/kepez-belediyesinin-etkinliginde-sarki-krizi-anne-ve-babalar-hayal-kirkligina-ugradi\/#article","isPartOf":{"@id":"https:\/\/denizcankizil.tr\/de\/haberler\/gundem\/kepez-belediyesinin-etkinliginde-sarki-krizi-anne-ve-babalar-hayal-kirkligina-ugradi\/"},"author":{"name":"Antalya K\u00f6rfez","@id":"https:\/\/denizcankizil.tr\/#\/schema\/person\/e1eb71bb4dd684d46563f0af307e1234"},"headline":"Kepez Belediyesi\u2019nin etkinli\u011finde \u015fark\u0131 krizi! Anne ve babalar hayal k\u0131rkl\u0131\u011f\u0131na u\u011frad\u0131","datePublished":"2025-07-04T11:41:39+00:00","mainEntityOfPage":{"@id":"https:\/\/denizcankizil.tr\/de\/haberler\/gundem\/kepez-belediyesinin-etkinliginde-sarki-krizi-anne-ve-babalar-hayal-kirkligina-ugradi\/"},"wordCount":453,"publisher":{"@id":"https:\/\/denizcankizil.tr\/#organization"},"articleSection":["G\u00fcndem"],"inLanguage":"de"},{"@type":"WebPage","@id":"https:\/\/denizcankizil.tr\/de\/haberler\/gundem\/kepez-belediyesinin-etkinliginde-sarki-krizi-anne-ve-babalar-hayal-kirkligina-ugradi\/","url":"https:\/\/denizcankizil.tr\/de\/haberler\/gundem\/kepez-belediyesinin-etkinliginde-sarki-krizi-anne-ve-babalar-hayal-kirkligina-ugradi\/","name":"Kepez Belediyesi\u2019nin etkinli\u011finde \u015fark\u0131 krizi! Anne ve babalar hayal k\u0131rkl\u0131\u011f\u0131na u\u011frad\u0131 - Av. Deniz Can K\u0131z\u0131l","isPartOf":{"@id":"https:\/\/denizcankizil.tr\/#website"},"datePublished":"2025-07-04T11:41:39+00:00","breadcrumb":{"@id":"https:\/\/denizcankizil.tr\/de\/haberler\/gundem\/kepez-belediyesinin-etkinliginde-sarki-krizi-anne-ve-babalar-hayal-kirkligina-ugradi\/#breadcrumb"},"inLanguage":"de","potentialAction":[{"@type":"ReadAction","target":["https:\/\/denizcankizil.tr\/de\/haberler\/gundem\/kepez-belediyesinin-etkinliginde-sarki-krizi-anne-ve-babalar-hayal-kirkligina-ugradi\/"]}]},{"@type":"BreadcrumbList","@id":"https:\/\/denizcankizil.tr\/de\/haberler\/gundem\/kepez-belediyesinin-etkinliginde-sarki-krizi-anne-ve-babalar-hayal-kirkligina-ugradi\/#breadcrumb","itemListElement":[{"@type":"ListItem","position":1,"name":"Home","item":"https:\/\/denizcankizil.tr\/de\/"},{"@type":"ListItem","position":2,"name":"Kepez Belediyesi\u2019nin etkinli\u011finde \u015fark\u0131 krizi! Anne ve babalar hayal k\u0131rkl\u0131\u011f\u0131na u\u011frad\u0131"}]},{"@type":"WebSite","@id":"https:\/\/denizcankizil.tr\/#website","url":"https:\/\/denizcankizil.tr\/","name":"Av. Deniz Can K\u0131z\u0131l","description":"Avukat Deniz Can K\u0131z\u0131l Antalya Barosu","publisher":{"@id":"https:\/\/denizcankizil.tr\/#organization"},"potentialAction":[{"@type":"SearchAction","target":{"@type":"EntryPoint","urlTemplate":"https:\/\/denizcankizil.tr\/?s={search_term_string}"},"query-input":{"@type":"PropertyValueSpecification","valueRequired":true,"valueName":"search_term_string"}}],"inLanguage":"de"},{"@type":"Organization","@id":"https:\/\/denizcankizil.tr\/#organization","name":"Av. Deniz Can K\u0131z\u0131l","url":"https:\/\/denizcankizil.tr\/","logo":{"@type":"ImageObject","inLanguage":"de","@id":"https:\/\/denizcankizil.tr\/#\/schema\/logo\/image\/","url":"https:\/\/denizcankizil.tr\/wp-content\/uploads\/2024\/10\/siyah-logo-svg.svg","contentUrl":"https:\/\/denizcankizil.tr\/wp-content\/uploads\/2024\/10\/siyah-logo-svg.svg","width":1080,"height":1080,"caption":"Av. Deniz Can K\u0131z\u0131l"},"image":{"@id":"https:\/\/denizcankizil.tr\/#\/schema\/logo\/image\/"}},{"@type":"Person","@id":"https:\/\/denizcankizil.tr\/#\/schema\/person\/e1eb71bb4dd684d46563f0af307e1234","name":"Antalya K\u00f6rfez","image":{"@type":"ImageObject","inLanguage":"de","@id":"https:\/\/denizcankizil.tr\/#\/schema\/person\/image\/","url":"https:\/\/secure.gravatar.com\/avatar\/42b01982558a48a0b501fdcab6a408d3717ea5919095ee2e67b0e521799c5905?s=96&d=mm&r=g","contentUrl":"https:\/\/secure.gravatar.com\/avatar\/42b01982558a48a0b501fdcab6a408d3717ea5919095ee2e67b0e521799c5905?s=96&d=mm&r=g","caption":"Antalya K\u00f6rfez"},"sameAs":["http:\/\/www.antalyakorfez.com"],"url":"https:\/\/www.antalyakorfez.com\/kepez-belediyesinin-etkinliginde-sarki-krizi-anne-ve-babalar-hayal-kirkligina-ugradi"}]}},"_links":{"self":[{"href":"https:\/\/denizcankizil.tr\/de\/wp-json\/wp\/v2\/posts\/135743","targetHints":{"allow":["GET"]}}],"collection":[{"href":"https:\/\/denizcankizil.tr\/de\/wp-json\/wp\/v2\/posts"}],"about":[{"href":"https:\/\/denizcankizil.tr\/de\/wp-json\/wp\/v2\/types\/post"}],"author":[{"embeddable":true,"href":"https:\/\/denizcankizil.tr\/de\/wp-json\/wp\/v2\/users\/5"}],"replies":[{"embeddable":true,"href":"https:\/\/denizcankizil.tr\/de\/wp-json\/wp\/v2\/comments?post=135743"}],"version-history":[{"count":0,"href":"https:\/\/denizcankizil.tr\/de\/wp-json\/wp\/v2\/posts\/135743\/revisions"}],"wp:attachment":[{"href":"https:\/\/denizcankizil.tr\/de\/wp-json\/wp\/v2\/media?parent=135743"}],"wp:term":[{"taxonomy":"category","embeddable":true,"href":"https:\/\/denizcankizil.tr\/de\/wp-json\/wp\/v2\/categories?post=135743"},{"taxonomy":"post_tag","embeddable":true,"href":"https:\/\/denizcankizil.tr\/de\/wp-json\/wp\/v2\/tags?post=135743"}],"curies":[{"name":"wp","href":"https:\/\/api.w.org\/{rel}","templated":true}]}}