{"id":135640,"date":"2025-07-04T12:42:04","date_gmt":"2025-07-04T09:42:04","guid":{"rendered":"https:\/\/denizcankizil.tr\/uncategorized-tr\/atso-baskani-hacisuleyman-egitim-ve-konut-fiyatlarindaki-artis-enflasyonu-tetikledi\/"},"modified":"2025-07-04T12:42:04","modified_gmt":"2025-07-04T09:42:04","slug":"atso-baskani-hacisuleyman-egitim-ve-konut-fiyatlarindaki-artis-enflasyonu-tetikledi","status":"publish","type":"post","link":"https:\/\/denizcankizil.tr\/de\/haberler\/antalya\/atso-baskani-hacisuleyman-egitim-ve-konut-fiyatlarindaki-artis-enflasyonu-tetikledi\/","title":{"rendered":"ATSO Ba\u015fkan\u0131 Hac\u0131s\u00fcleyman: &#8220;E\u011fitim ve Konut Fiyatlar\u0131ndaki Art\u0131\u015f Enflasyonu Tetikledi&#8221;"},"content":{"rendered":"<p>Enflasyon verilerini de\u011ferlendiren ATSO Ba\u015fkan\u0131 Yusuf Hac\u0131s\u00fcleyman, e\u011fitim ve konut fiyatlar\u0131ndaki art\u0131\u015flar\u0131n enflasyonu yukar\u0131 ta\u015f\u0131d\u0131\u011f\u0131n\u0131 belirtti. Hac\u0131s\u00fcleyman, g\u0131da fiyatlar\u0131ndaki sakin seyrin man\u015fet enflasyonu bask\u0131lasa da, \u00fcretici maliyetlerindeki y\u00fckseli\u015fin maliyet bask\u0131s\u0131n\u0131 s\u00fcrd\u00fcrd\u00fc\u011f\u00fcn\u00fc s\u00f6yledi.<\/p>\n<p>Antalya Ticaret ve Sanayi Odas\u0131 (ATSO) Y\u00f6netim Kurulu Ba\u015fkan\u0131 Yusuf Hac\u0131s\u00fcleyman, T\u00fcrkiye \u0130statistik Kurumu (T\u00dc\u0130K) taraf\u0131ndan a\u00e7\u0131klanan Haziran ay\u0131 enflasyon verilerine ili\u015fkin de\u011ferlendirmelerde bulundu. Haziran ay\u0131nda t\u00fcketici fiyatlar\u0131n\u0131n y\u00fczde 1,17 oran\u0131nda art\u0131\u015f g\u00f6sterdi\u011fini dile getiren Ba\u015fkan Hac\u0131s\u00fcleyman, &#8220;Y\u0131ll\u0131k T\u00dcFE\u2019nin y\u00fczde 35,05 seviyesine gerileyerek s\u0131n\u0131rl\u0131 da olsa d\u00fc\u015f\u00fc\u015f e\u011filimini s\u00fcrd\u00fcrd\u00fc\u011f\u00fcn\u00fc g\u00f6r\u00fcyoruz. Bu s\u00fcre\u00e7te, e\u011fitim ve konut kalemlerinde dikkat \u00e7ekici art\u0131\u015flar ya\u015fan\u0131rken, g\u0131da grubunda fiyatlar\u0131n ayl\u0131k bazda gerilemesi man\u015fet enflasyonu bask\u0131lam\u0131\u015ft\u0131r. Ancak \u00fcretici fiyatlar\u0131nda g\u00f6zlenen y\u00fczde 2,46\u2019l\u0131k art\u0131\u015f, \u00f6n\u00fcm\u00fczdeki d\u00f6nemler i\u00e7in maliyet bask\u0131s\u0131n\u0131n s\u00fcrd\u00fc\u011f\u00fcn\u00fc g\u00f6stermektedir&#8221; ifadelerini kulland\u0131.<\/p>\n<p>Haziran ay\u0131nda t\u00fcketici fiyatlar\u0131n\u0131n bir \u00f6nceki aya g\u00f6re y\u00fczde 1,37 oran\u0131nda art\u0131\u015f g\u00f6sterdi\u011fini dile getiren Ba\u015fkan Hac\u0131s\u00fcleyman, s\u00f6zlerini \u015f\u00f6yle s\u00fcrd\u00fcrd\u00fc; &#8220;Alt\u0131 ayl\u0131k k\u00fcm\u00fclatif art\u0131\u015f y\u00fczde 16,67 olurken, y\u0131ll\u0131k enflasyon y\u00fczde 35,05 seviyesine gerilemi\u015ftir. Yurt i\u00e7i \u00fcretici fiyatlar\u0131nda ise ayl\u0131k art\u0131\u015f y\u00fczde 2,46 olurken, y\u0131ll\u0131k art\u0131\u015f y\u00fczde 24,45 olarak kaydedilmi\u015ftir. Y\u0130-\u00dcFE&#8217;nin Aral\u0131k 2024\u2019e g\u00f6re art\u0131\u015f\u0131 ise y\u00fczde 15,71 d\u00fczeyindedir. Bu tablo, \u00fcretim maliyetlerinde hala g\u00fc\u00e7l\u00fc bir yukar\u0131 y\u00f6nl\u00fc e\u011filimin devam etti\u011fini ortaya koymaktad\u0131r.&#8221;<\/p>\n<p>&#8220;Hizmet girdileri ve enerji belirleyici rolde<br \/>\nSanayinin d\u00f6rt ana sekt\u00f6r\u00fcnde y\u0131ll\u0131k bazda en y\u00fcksek art\u0131\u015f\u0131n y\u00fczde 61,04 ile \u2018su temini\u2019 sekt\u00f6r\u00fcnde ger\u00e7ekle\u015fti\u011fini vurgulayan Ba\u015fkan Hac\u0131s\u00fcleyman, &#8220;Elektrik, gaz \u00fcretimi ve da\u011f\u0131t\u0131m\u0131nda y\u00fczde 28,25, madencilikte y\u00fczde 25,66 ve imalatta y\u00fczde 23,79 oranlar\u0131nda y\u0131ll\u0131k art\u0131\u015flar dikkat \u00e7ekmektedir. Ana sanayi gruplar\u0131 itibar\u0131yla, ara mallar\u0131nda y\u00fczde 21,77, dayan\u0131kl\u0131 t\u00fcketim mallar\u0131nda y\u00fczde 29,92, dayan\u0131ks\u0131z t\u00fcketim mallar\u0131nda y\u00fczde 26,45, enerjide y\u00fczde 24,15 ve sermaye mallar\u0131nda y\u00fczde 27,40 oran\u0131nda y\u0131ll\u0131k art\u0131\u015f kaydedildi. Bu durum, \u00fcretici fiyatlar\u0131ndaki art\u0131\u015f\u0131n sadece enerjiyle de\u011fil, geni\u015f tabanl\u0131 bir maliyet yap\u0131s\u0131yla ili\u015fkilendi\u011fini ortaya koymakta&#8221; diye konu\u015ftu.<\/p>\n<p>&#8220;Enflasyonla m\u00fccadelede mali disiplin \u00f6ncelikli&#8221;<br \/>\nEnflasyonun yap\u0131sal ve yap\u0131\u015fkan bir karaktere sahip oldu\u011funu belirten Ba\u015fkan Yusuf Hac\u0131s\u00fcleyman, &#8220;G\u0131da fiyatlar\u0131ndaki g\u00f6rece yatay seyir ve baz\u0131 kalemlerde g\u00f6zlenen d\u00fc\u015f\u00fc\u015fler k\u0131sa vadede olumlu bir tablo \u00e7izse de e\u011fitim, konut ve ula\u015ft\u0131rma gibi temel hizmet gruplar\u0131ndaki fiyat art\u0131\u015flar\u0131, enflasyonun diren\u00e7li y\u00f6n\u00fcn\u00fc g\u00f6stermektedir&#8221; dedi.<\/p>\n<p>Enflasyonla m\u00fccadelenin sadece para politikas\u0131yla s\u0131n\u0131rl\u0131 kalmamas\u0131 gerekti\u011fine dikkat \u00e7eken Hac\u0131s\u00fcleyman, &#8220;Bu m\u00fccadele, e\u015f zamanl\u0131 olarak mali disiplin, kamu harcamalar\u0131n\u0131n etkinli\u011fi ve arz y\u00f6nl\u00fc reformlarla desteklenmeli&#8221; ifadelerini kulland\u0131. Haziran ay\u0131 enflasyon verilerinin, y\u0131l\u0131n ikinci yar\u0131s\u0131na girerken maliyet temelli bask\u0131lar\u0131n s\u00fcrd\u00fc\u011f\u00fcn\u00fc ortaya koydu\u011funu belirten Hac\u0131s\u00fcleyman, &#8220;Baz\u0131 temel hizmet kalemlerinde kat\u0131l\u0131k sorunu devam ediyor. Bu nedenle enflasyonla m\u00fccadelede b\u00fct\u00fcnc\u00fcl bir yakla\u015f\u0131m \u015fartt\u0131r&#8221; \u015feklinde konu\u015ftu.<\/p>\n<p>&#8220;E\u011fitim ve konut fiyatlar\u0131ndaki art\u0131\u015f enflasyona yukar\u0131 y\u00f6nl\u00fc katk\u0131 verdi&#8221;<br \/>\nHaziran ay\u0131nda ana harcama gruplar\u0131 i\u00e7inde en y\u00fcksek art\u0131\u015f y\u00fczde 4,48 ile &#8220;E\u011fitim&#8221; grubunda kaydedildi\u011fini dile getiren Ba\u015fkan Yusuf Hac\u0131s\u00fcleyman, &#8220;Bu kalemi y\u00fczde 2,62 ile &#8220;Konut&#8221; ve y\u00fczde 2,38 ile &#8220;Ula\u015ft\u0131rma&#8221; gruplar\u0131 takip etti. Y\u0131ll\u0131k bazda ise y\u00fczde 73,33 art\u0131\u015fla &#8220;E\u011fitim&#8221;, y\u00fczde 65,54 ile &#8220;Konut&#8221; ve y\u00fczde 38,70 ile &#8220;Sa\u011fl\u0131k&#8221; gruplar\u0131 \u00f6ne \u00e7\u0131karken, lokanta ve oteller grubunda da y\u00fczde 35,59 y\u0131ll\u0131k art\u0131\u015f ya\u015fand\u0131. Ters y\u00f6nde ise &#8220;G\u0131da ve Alkols\u00fcz \u0130\u00e7ecekler&#8221; ile &#8220;Giyim ve Ayakkab\u0131&#8221; gruplar\u0131nda ayl\u0131k bazda y\u00fczde 0,27 oran\u0131nda d\u00fc\u015f\u00fc\u015f kaydedildi. Bu iki grup, mevsimsel etkilerle man\u015fet enflasyona s\u0131n\u0131rl\u0131 bir dengeleme katk\u0131s\u0131 sundu. Haziran ay\u0131nda 143 temel ba\u015fl\u0131ktan, 112\u2019sinde art\u0131\u015f ya\u015fan\u0131rken, 5\u2019inde de\u011fi\u015fim olmam\u0131\u015f, 26 temel ba\u015fl\u0131kta ise d\u00fc\u015f\u00fc\u015f ger\u00e7ekle\u015fti&#8221; diye konu\u015ftu.<\/p>\n<p>Kaynak: www.kanalv.com.tr Haber Sitesinden Al\u0131nm\u0131\u015ft\u0131r.<\/p>","protected":false},"excerpt":{"rendered":"<p>Enflasyon verilerini de\u011ferlendiren ATSO Ba\u015fkan\u0131 Yusuf Hac\u0131s\u00fcleyman, e\u011fitim ve konut fiyatlar\u0131ndaki art\u0131\u015flar\u0131n enflasyonu yukar\u0131 ta\u015f\u0131d\u0131\u011f\u0131n\u0131 belirtti. Hac\u0131s\u00fcleyman, g\u0131da fiyatlar\u0131ndaki sakin seyrin man\u015fet enflasyonu bask\u0131lasa da, \u00fcretici maliyetlerindeki y\u00fckseli\u015fin maliyet bask\u0131s\u0131n\u0131 s\u00fcrd\u00fcrd\u00fc\u011f\u00fcn\u00fc s\u00f6yledi. Antalya Ticaret ve Sanayi Odas\u0131 (ATSO) Y\u00f6netim Kurulu Ba\u015fkan\u0131 Yusuf Hac\u0131s\u00fcleyman, T\u00fcrkiye \u0130statistik Kurumu (T\u00dc\u0130K) taraf\u0131ndan a\u00e7\u0131klanan Haziran ay\u0131 enflasyon verilerine ili\u015fkin de\u011ferlendirmelerde bulundu. Haziran ay\u0131nda t\u00fcketici fiyatlar\u0131n\u0131n y\u00fczde 1,17 oran\u0131nda art\u0131\u015f g\u00f6sterdi\u011fini dile getiren Ba\u015fkan Hac\u0131s\u00fcleyman, &#8220;Y\u0131ll\u0131k T\u00dcFE\u2019nin y\u00fczde 35,05 seviyesine gerileyerek s\u0131n\u0131rl\u0131 da olsa d\u00fc\u015f\u00fc\u015f e\u011filimini s\u00fcrd\u00fcrd\u00fc\u011f\u00fcn\u00fc g\u00f6r\u00fcyoruz. Bu s\u00fcre\u00e7te, e\u011fitim ve konut kalemlerinde dikkat \u00e7ekici art\u0131\u015flar ya\u015fan\u0131rken, g\u0131da grubunda fiyatlar\u0131n ayl\u0131k bazda gerilemesi man\u015fet enflasyonu bask\u0131lam\u0131\u015ft\u0131r. Ancak \u00fcretici fiyatlar\u0131nda g\u00f6zlenen y\u00fczde 2,46\u2019l\u0131k art\u0131\u015f, \u00f6n\u00fcm\u00fczdeki d\u00f6nemler i\u00e7in maliyet bask\u0131s\u0131n\u0131n s\u00fcrd\u00fc\u011f\u00fcn\u00fc g\u00f6stermektedir&#8221; ifadelerini kulland\u0131. Haziran ay\u0131nda t\u00fcketici fiyatlar\u0131n\u0131n bir \u00f6nceki aya g\u00f6re y\u00fczde 1,37 oran\u0131nda art\u0131\u015f g\u00f6sterdi\u011fini dile getiren Ba\u015fkan Hac\u0131s\u00fcleyman, s\u00f6zlerini \u015f\u00f6yle s\u00fcrd\u00fcrd\u00fc; &#8220;Alt\u0131 ayl\u0131k k\u00fcm\u00fclatif art\u0131\u015f y\u00fczde 16,67 olurken, y\u0131ll\u0131k enflasyon y\u00fczde 35,05 seviyesine gerilemi\u015ftir. Yurt i\u00e7i \u00fcretici fiyatlar\u0131nda ise ayl\u0131k art\u0131\u015f y\u00fczde 2,46 olurken, y\u0131ll\u0131k art\u0131\u015f y\u00fczde 24,45 olarak kaydedilmi\u015ftir. Y\u0130-\u00dcFE&#8217;nin Aral\u0131k 2024\u2019e g\u00f6re art\u0131\u015f\u0131 ise y\u00fczde 15,71 d\u00fczeyindedir. Bu tablo, \u00fcretim maliyetlerinde hala g\u00fc\u00e7l\u00fc bir yukar\u0131 y\u00f6nl\u00fc e\u011filimin devam etti\u011fini ortaya koymaktad\u0131r.&#8221; &#8220;Hizmet girdileri ve enerji belirleyici rolde Sanayinin d\u00f6rt ana sekt\u00f6r\u00fcnde y\u0131ll\u0131k &hellip;<\/p>","protected":false},"author":4,"featured_media":135641,"comment_status":"","ping_status":"open","sticky":false,"template":"","format":"standard","meta":{"_acf_changed":false,"footnotes":""},"categories":[26],"tags":[],"class_list":["post-135640","post","type-post","status-publish","format-standard","has-post-thumbnail","hentry","category-antalya"],"acf":[],"yoast_head":"<!-- This site is optimized with the Yoast SEO Premium plugin v26.6 (Yoast SEO v27.1.1) - https:\/\/yoast.com\/product\/yoast-seo-premium-wordpress\/ -->\n<title>ATSO Ba\u015fkan\u0131 Hac\u0131s\u00fcleyman: &quot;E\u011fitim ve Konut Fiyatlar\u0131ndaki Art\u0131\u015f Enflasyonu Tetikledi&quot; - Av. Deniz Can K\u0131z\u0131l<\/title>\n<meta name=\"robots\" content=\"index, follow, max-snippet:-1, max-image-preview:large, max-video-preview:-1\" \/>\n<link rel=\"canonical\" href=\"http:\/\/denizcankizil.tr\/de\/haberler\/antalya\/atso-baskani-hacisuleyman-egitim-ve-konut-fiyatlarindaki-artis-enflasyonu-tetikledi\/\" \/>\n<meta property=\"og:locale\" content=\"de_DE\" \/>\n<meta property=\"og:type\" content=\"article\" \/>\n<meta property=\"og:title\" content=\"ATSO Ba\u015fkan\u0131 Hac\u0131s\u00fcleyman: &quot;E\u011fitim ve Konut Fiyatlar\u0131ndaki Art\u0131\u015f Enflasyonu Tetikledi&quot;\" \/>\n<meta property=\"og:description\" content=\"Enflasyon verilerini de\u011ferlendiren ATSO Ba\u015fkan\u0131 Yusuf Hac\u0131s\u00fcleyman, e\u011fitim ve konut fiyatlar\u0131ndaki art\u0131\u015flar\u0131n enflasyonu yukar\u0131 ta\u015f\u0131d\u0131\u011f\u0131n\u0131 belirtti. Hac\u0131s\u00fcleyman, g\u0131da fiyatlar\u0131ndaki sakin seyrin man\u015fet enflasyonu bask\u0131lasa da, \u00fcretici maliyetlerindeki y\u00fckseli\u015fin maliyet bask\u0131s\u0131n\u0131 s\u00fcrd\u00fcrd\u00fc\u011f\u00fcn\u00fc s\u00f6yledi. Antalya Ticaret ve Sanayi Odas\u0131 (ATSO) Y\u00f6netim Kurulu Ba\u015fkan\u0131 Yusuf Hac\u0131s\u00fcleyman, T\u00fcrkiye \u0130statistik Kurumu (T\u00dc\u0130K) taraf\u0131ndan a\u00e7\u0131klanan Haziran ay\u0131 enflasyon verilerine ili\u015fkin de\u011ferlendirmelerde bulundu. Haziran ay\u0131nda t\u00fcketici fiyatlar\u0131n\u0131n y\u00fczde 1,17 oran\u0131nda art\u0131\u015f g\u00f6sterdi\u011fini dile getiren Ba\u015fkan Hac\u0131s\u00fcleyman, &#8220;Y\u0131ll\u0131k T\u00dcFE\u2019nin y\u00fczde 35,05 seviyesine gerileyerek s\u0131n\u0131rl\u0131 da olsa d\u00fc\u015f\u00fc\u015f e\u011filimini s\u00fcrd\u00fcrd\u00fc\u011f\u00fcn\u00fc g\u00f6r\u00fcyoruz. Bu s\u00fcre\u00e7te, e\u011fitim ve konut kalemlerinde dikkat \u00e7ekici art\u0131\u015flar ya\u015fan\u0131rken, g\u0131da grubunda fiyatlar\u0131n ayl\u0131k bazda gerilemesi man\u015fet enflasyonu bask\u0131lam\u0131\u015ft\u0131r. Ancak \u00fcretici fiyatlar\u0131nda g\u00f6zlenen y\u00fczde 2,46\u2019l\u0131k art\u0131\u015f, \u00f6n\u00fcm\u00fczdeki d\u00f6nemler i\u00e7in maliyet bask\u0131s\u0131n\u0131n s\u00fcrd\u00fc\u011f\u00fcn\u00fc g\u00f6stermektedir&#8221; ifadelerini kulland\u0131. Haziran ay\u0131nda t\u00fcketici fiyatlar\u0131n\u0131n bir \u00f6nceki aya g\u00f6re y\u00fczde 1,37 oran\u0131nda art\u0131\u015f g\u00f6sterdi\u011fini dile getiren Ba\u015fkan Hac\u0131s\u00fcleyman, s\u00f6zlerini \u015f\u00f6yle s\u00fcrd\u00fcrd\u00fc; &#8220;Alt\u0131 ayl\u0131k k\u00fcm\u00fclatif art\u0131\u015f y\u00fczde 16,67 olurken, y\u0131ll\u0131k enflasyon y\u00fczde 35,05 seviyesine gerilemi\u015ftir. Yurt i\u00e7i \u00fcretici fiyatlar\u0131nda ise ayl\u0131k art\u0131\u015f y\u00fczde 2,46 olurken, y\u0131ll\u0131k art\u0131\u015f y\u00fczde 24,45 olarak kaydedilmi\u015ftir. Y\u0130-\u00dcFE&#8217;nin Aral\u0131k 2024\u2019e g\u00f6re art\u0131\u015f\u0131 ise y\u00fczde 15,71 d\u00fczeyindedir. Bu tablo, \u00fcretim maliyetlerinde hala g\u00fc\u00e7l\u00fc bir yukar\u0131 y\u00f6nl\u00fc e\u011filimin devam etti\u011fini ortaya koymaktad\u0131r.&#8221; &#8220;Hizmet girdileri ve enerji belirleyici rolde Sanayinin d\u00f6rt ana sekt\u00f6r\u00fcnde y\u0131ll\u0131k &hellip;\" \/>\n<meta property=\"og:url\" content=\"http:\/\/denizcankizil.tr\/de\/haberler\/antalya\/atso-baskani-hacisuleyman-egitim-ve-konut-fiyatlarindaki-artis-enflasyonu-tetikledi\/\" \/>\n<meta property=\"og:site_name\" content=\"Av. Deniz Can K\u0131z\u0131l\" \/>\n<meta property=\"article:published_time\" content=\"2025-07-04T09:42:04+00:00\" \/>\n<meta property=\"og:image\" content=\"http:\/\/denizcankizil.tr\/wp-content\/uploads\/2025\/07\/web-gorsel-boyut-20-VZpCtJ.png\" \/>\n\t<meta property=\"og:image:width\" content=\"1280\" \/>\n\t<meta property=\"og:image:height\" content=\"720\" \/>\n\t<meta property=\"og:image:type\" content=\"image\/png\" \/>\n<meta name=\"author\" content=\"Av. Deniz Can K\u0131z\u0131l\" \/>\n<meta name=\"twitter:card\" content=\"summary_large_image\" \/>\n<meta name=\"twitter:label1\" content=\"Verfasst von\" \/>\n\t<meta name=\"twitter:data1\" content=\"Av. Deniz Can K\u0131z\u0131l\" \/>\n\t<meta name=\"twitter:label2\" content=\"Gesch\u00e4tzte Lesezeit\" \/>\n\t<meta name=\"twitter:data2\" content=\"4\u00a0Minuten\" \/>\n<script type=\"application\/ld+json\" class=\"yoast-schema-graph\">{\"@context\":\"https:\/\/schema.org\",\"@graph\":[{\"@type\":\"Article\",\"@id\":\"http:\/\/denizcankizil.tr\/ru\/haberler\/antalya\/atso-baskani-hacisuleyman-egitim-ve-konut-fiyatlarindaki-artis-enflasyonu-tetikledi\/#article\",\"isPartOf\":{\"@id\":\"http:\/\/denizcankizil.tr\/ru\/haberler\/antalya\/atso-baskani-hacisuleyman-egitim-ve-konut-fiyatlarindaki-artis-enflasyonu-tetikledi\/\"},\"author\":{\"name\":\"Av. Deniz Can K\u0131z\u0131l\",\"@id\":\"https:\/\/denizcankizil.tr\/de\/#\/schema\/person\/5dc1b22991bd7ac833867c10afc9b0ff\"},\"headline\":\"ATSO Ba\u015fkan\u0131 Hac\u0131s\u00fcleyman: &#8220;E\u011fitim ve Konut Fiyatlar\u0131ndaki Art\u0131\u015f Enflasyonu Tetikledi&#8221;\",\"datePublished\":\"2025-07-04T09:42:04+00:00\",\"mainEntityOfPage\":{\"@id\":\"http:\/\/denizcankizil.tr\/ru\/haberler\/antalya\/atso-baskani-hacisuleyman-egitim-ve-konut-fiyatlarindaki-artis-enflasyonu-tetikledi\/\"},\"wordCount\":800,\"publisher\":{\"@id\":\"https:\/\/denizcankizil.tr\/de\/#organization\"},\"image\":{\"@id\":\"http:\/\/denizcankizil.tr\/ru\/haberler\/antalya\/atso-baskani-hacisuleyman-egitim-ve-konut-fiyatlarindaki-artis-enflasyonu-tetikledi\/#primaryimage\"},\"thumbnailUrl\":\"https:\/\/denizcankizil.tr\/wp-content\/uploads\/2025\/07\/web-gorsel-boyut-20-VZpCtJ.png\",\"articleSection\":[\"Antalya\"],\"inLanguage\":\"de\"},{\"@type\":\"WebPage\",\"@id\":\"http:\/\/denizcankizil.tr\/ru\/haberler\/antalya\/atso-baskani-hacisuleyman-egitim-ve-konut-fiyatlarindaki-artis-enflasyonu-tetikledi\/\",\"url\":\"http:\/\/denizcankizil.tr\/ru\/haberler\/antalya\/atso-baskani-hacisuleyman-egitim-ve-konut-fiyatlarindaki-artis-enflasyonu-tetikledi\/\",\"name\":\"ATSO Ba\u015fkan\u0131 Hac\u0131s\u00fcleyman: \\\"E\u011fitim ve Konut Fiyatlar\u0131ndaki Art\u0131\u015f Enflasyonu Tetikledi\\\" - Av. Deniz Can K\u0131z\u0131l\",\"isPartOf\":{\"@id\":\"https:\/\/denizcankizil.tr\/de\/#website\"},\"primaryImageOfPage\":{\"@id\":\"http:\/\/denizcankizil.tr\/ru\/haberler\/antalya\/atso-baskani-hacisuleyman-egitim-ve-konut-fiyatlarindaki-artis-enflasyonu-tetikledi\/#primaryimage\"},\"image\":{\"@id\":\"http:\/\/denizcankizil.tr\/ru\/haberler\/antalya\/atso-baskani-hacisuleyman-egitim-ve-konut-fiyatlarindaki-artis-enflasyonu-tetikledi\/#primaryimage\"},\"thumbnailUrl\":\"https:\/\/denizcankizil.tr\/wp-content\/uploads\/2025\/07\/web-gorsel-boyut-20-VZpCtJ.png\",\"datePublished\":\"2025-07-04T09:42:04+00:00\",\"breadcrumb\":{\"@id\":\"http:\/\/denizcankizil.tr\/ru\/haberler\/antalya\/atso-baskani-hacisuleyman-egitim-ve-konut-fiyatlarindaki-artis-enflasyonu-tetikledi\/#breadcrumb\"},\"inLanguage\":\"de\",\"potentialAction\":[{\"@type\":\"ReadAction\",\"target\":[\"http:\/\/denizcankizil.tr\/ru\/haberler\/antalya\/atso-baskani-hacisuleyman-egitim-ve-konut-fiyatlarindaki-artis-enflasyonu-tetikledi\/\"]}]},{\"@type\":\"ImageObject\",\"inLanguage\":\"de\",\"@id\":\"http:\/\/denizcankizil.tr\/ru\/haberler\/antalya\/atso-baskani-hacisuleyman-egitim-ve-konut-fiyatlarindaki-artis-enflasyonu-tetikledi\/#primaryimage\",\"url\":\"https:\/\/denizcankizil.tr\/wp-content\/uploads\/2025\/07\/web-gorsel-boyut-20-VZpCtJ.png\",\"contentUrl\":\"https:\/\/denizcankizil.tr\/wp-content\/uploads\/2025\/07\/web-gorsel-boyut-20-VZpCtJ.png\",\"width\":1280,\"height\":720},{\"@type\":\"BreadcrumbList\",\"@id\":\"http:\/\/denizcankizil.tr\/ru\/haberler\/antalya\/atso-baskani-hacisuleyman-egitim-ve-konut-fiyatlarindaki-artis-enflasyonu-tetikledi\/#breadcrumb\",\"itemListElement\":[{\"@type\":\"ListItem\",\"position\":1,\"name\":\"Home\",\"item\":\"https:\/\/denizcankizil.tr\/de\/\"},{\"@type\":\"ListItem\",\"position\":2,\"name\":\"ATSO Ba\u015fkan\u0131 Hac\u0131s\u00fcleyman: &#8220;E\u011fitim ve Konut Fiyatlar\u0131ndaki Art\u0131\u015f Enflasyonu Tetikledi&#8221;\"}]},{\"@type\":\"WebSite\",\"@id\":\"https:\/\/denizcankizil.tr\/de\/#website\",\"url\":\"https:\/\/denizcankizil.tr\/de\/\",\"name\":\"Av. Deniz Can K\u0131z\u0131l\",\"description\":\"Avukat Deniz Can K\u0131z\u0131l Antalya Barosu\",\"publisher\":{\"@id\":\"https:\/\/denizcankizil.tr\/de\/#organization\"},\"potentialAction\":[{\"@type\":\"SearchAction\",\"target\":{\"@type\":\"EntryPoint\",\"urlTemplate\":\"https:\/\/denizcankizil.tr\/de\/?s={search_term_string}\"},\"query-input\":{\"@type\":\"PropertyValueSpecification\",\"valueRequired\":true,\"valueName\":\"search_term_string\"}}],\"inLanguage\":\"de\"},{\"@type\":\"Organization\",\"@id\":\"https:\/\/denizcankizil.tr\/de\/#organization\",\"name\":\"Av. Deniz Can K\u0131z\u0131l\",\"url\":\"https:\/\/denizcankizil.tr\/de\/\",\"logo\":{\"@type\":\"ImageObject\",\"inLanguage\":\"de\",\"@id\":\"https:\/\/denizcankizil.tr\/de\/#\/schema\/logo\/image\/\",\"url\":\"https:\/\/denizcankizil.tr\/wp-content\/uploads\/2024\/10\/siyah-logo-svg.svg\",\"contentUrl\":\"https:\/\/denizcankizil.tr\/wp-content\/uploads\/2024\/10\/siyah-logo-svg.svg\",\"width\":1080,\"height\":1080,\"caption\":\"Av. Deniz Can K\u0131z\u0131l\"},\"image\":{\"@id\":\"https:\/\/denizcankizil.tr\/de\/#\/schema\/logo\/image\/\"}},{\"@type\":\"Person\",\"@id\":\"https:\/\/denizcankizil.tr\/de\/#\/schema\/person\/5dc1b22991bd7ac833867c10afc9b0ff\",\"name\":\"Av. Deniz Can K\u0131z\u0131l\",\"image\":{\"@type\":\"ImageObject\",\"inLanguage\":\"de\",\"@id\":\"https:\/\/denizcankizil.tr\/de\/#\/schema\/person\/image\/\",\"url\":\"https:\/\/secure.gravatar.com\/avatar\/a0b128fb9855c79efc976d5640eedb31dc35ec297594d6016d2cf7c60e975bb6?s=96&d=mm&r=g\",\"contentUrl\":\"https:\/\/secure.gravatar.com\/avatar\/a0b128fb9855c79efc976d5640eedb31dc35ec297594d6016d2cf7c60e975bb6?s=96&d=mm&r=g\",\"caption\":\"Av. Deniz Can K\u0131z\u0131l\"},\"sameAs\":[\"http:\/\/www.denizcankizil.tr\"],\"url\":\"https:\/\/denizcankizil.tr\/de\/author\/denizcankizil\/\"}]}<\/script>\n<!-- \/ Yoast SEO Premium plugin. -->","yoast_head_json":{"title":"ATSO Ba\u015fkan\u0131 Hac\u0131s\u00fcleyman: \"E\u011fitim ve Konut Fiyatlar\u0131ndaki Art\u0131\u015f Enflasyonu Tetikledi\" - Av. Deniz Can K\u0131z\u0131l","robots":{"index":"index","follow":"follow","max-snippet":"max-snippet:-1","max-image-preview":"max-image-preview:large","max-video-preview":"max-video-preview:-1"},"canonical":"http:\/\/denizcankizil.tr\/de\/haberler\/antalya\/atso-baskani-hacisuleyman-egitim-ve-konut-fiyatlarindaki-artis-enflasyonu-tetikledi\/","og_locale":"de_DE","og_type":"article","og_title":"ATSO Ba\u015fkan\u0131 Hac\u0131s\u00fcleyman: \"E\u011fitim ve Konut Fiyatlar\u0131ndaki Art\u0131\u015f Enflasyonu Tetikledi\"","og_description":"Enflasyon verilerini de\u011ferlendiren ATSO Ba\u015fkan\u0131 Yusuf Hac\u0131s\u00fcleyman, e\u011fitim ve konut fiyatlar\u0131ndaki art\u0131\u015flar\u0131n enflasyonu yukar\u0131 ta\u015f\u0131d\u0131\u011f\u0131n\u0131 belirtti. Hac\u0131s\u00fcleyman, g\u0131da fiyatlar\u0131ndaki sakin seyrin man\u015fet enflasyonu bask\u0131lasa da, \u00fcretici maliyetlerindeki y\u00fckseli\u015fin maliyet bask\u0131s\u0131n\u0131 s\u00fcrd\u00fcrd\u00fc\u011f\u00fcn\u00fc s\u00f6yledi. Antalya Ticaret ve Sanayi Odas\u0131 (ATSO) Y\u00f6netim Kurulu Ba\u015fkan\u0131 Yusuf Hac\u0131s\u00fcleyman, T\u00fcrkiye \u0130statistik Kurumu (T\u00dc\u0130K) taraf\u0131ndan a\u00e7\u0131klanan Haziran ay\u0131 enflasyon verilerine ili\u015fkin de\u011ferlendirmelerde bulundu. Haziran ay\u0131nda t\u00fcketici fiyatlar\u0131n\u0131n y\u00fczde 1,17 oran\u0131nda art\u0131\u015f g\u00f6sterdi\u011fini dile getiren Ba\u015fkan Hac\u0131s\u00fcleyman, &#8220;Y\u0131ll\u0131k T\u00dcFE\u2019nin y\u00fczde 35,05 seviyesine gerileyerek s\u0131n\u0131rl\u0131 da olsa d\u00fc\u015f\u00fc\u015f e\u011filimini s\u00fcrd\u00fcrd\u00fc\u011f\u00fcn\u00fc g\u00f6r\u00fcyoruz. Bu s\u00fcre\u00e7te, e\u011fitim ve konut kalemlerinde dikkat \u00e7ekici art\u0131\u015flar ya\u015fan\u0131rken, g\u0131da grubunda fiyatlar\u0131n ayl\u0131k bazda gerilemesi man\u015fet enflasyonu bask\u0131lam\u0131\u015ft\u0131r. Ancak \u00fcretici fiyatlar\u0131nda g\u00f6zlenen y\u00fczde 2,46\u2019l\u0131k art\u0131\u015f, \u00f6n\u00fcm\u00fczdeki d\u00f6nemler i\u00e7in maliyet bask\u0131s\u0131n\u0131n s\u00fcrd\u00fc\u011f\u00fcn\u00fc g\u00f6stermektedir&#8221; ifadelerini kulland\u0131. Haziran ay\u0131nda t\u00fcketici fiyatlar\u0131n\u0131n bir \u00f6nceki aya g\u00f6re y\u00fczde 1,37 oran\u0131nda art\u0131\u015f g\u00f6sterdi\u011fini dile getiren Ba\u015fkan Hac\u0131s\u00fcleyman, s\u00f6zlerini \u015f\u00f6yle s\u00fcrd\u00fcrd\u00fc; &#8220;Alt\u0131 ayl\u0131k k\u00fcm\u00fclatif art\u0131\u015f y\u00fczde 16,67 olurken, y\u0131ll\u0131k enflasyon y\u00fczde 35,05 seviyesine gerilemi\u015ftir. Yurt i\u00e7i \u00fcretici fiyatlar\u0131nda ise ayl\u0131k art\u0131\u015f y\u00fczde 2,46 olurken, y\u0131ll\u0131k art\u0131\u015f y\u00fczde 24,45 olarak kaydedilmi\u015ftir. Y\u0130-\u00dcFE&#8217;nin Aral\u0131k 2024\u2019e g\u00f6re art\u0131\u015f\u0131 ise y\u00fczde 15,71 d\u00fczeyindedir. Bu tablo, \u00fcretim maliyetlerinde hala g\u00fc\u00e7l\u00fc bir yukar\u0131 y\u00f6nl\u00fc e\u011filimin devam etti\u011fini ortaya koymaktad\u0131r.&#8221; &#8220;Hizmet girdileri ve enerji belirleyici rolde Sanayinin d\u00f6rt ana sekt\u00f6r\u00fcnde y\u0131ll\u0131k &hellip;","og_url":"http:\/\/denizcankizil.tr\/de\/haberler\/antalya\/atso-baskani-hacisuleyman-egitim-ve-konut-fiyatlarindaki-artis-enflasyonu-tetikledi\/","og_site_name":"Av. Deniz Can K\u0131z\u0131l","article_published_time":"2025-07-04T09:42:04+00:00","og_image":[{"width":1280,"height":720,"url":"http:\/\/denizcankizil.tr\/wp-content\/uploads\/2025\/07\/web-gorsel-boyut-20-VZpCtJ.png","type":"image\/png"}],"author":"Av. Deniz Can K\u0131z\u0131l","twitter_card":"summary_large_image","twitter_misc":{"Verfasst von":"Av. Deniz Can K\u0131z\u0131l","Gesch\u00e4tzte Lesezeit":"4\u00a0Minuten"},"schema":{"@context":"https:\/\/schema.org","@graph":[{"@type":"Article","@id":"http:\/\/denizcankizil.tr\/ru\/haberler\/antalya\/atso-baskani-hacisuleyman-egitim-ve-konut-fiyatlarindaki-artis-enflasyonu-tetikledi\/#article","isPartOf":{"@id":"http:\/\/denizcankizil.tr\/ru\/haberler\/antalya\/atso-baskani-hacisuleyman-egitim-ve-konut-fiyatlarindaki-artis-enflasyonu-tetikledi\/"},"author":{"name":"Av. Deniz Can K\u0131z\u0131l","@id":"https:\/\/denizcankizil.tr\/de\/#\/schema\/person\/5dc1b22991bd7ac833867c10afc9b0ff"},"headline":"ATSO Ba\u015fkan\u0131 Hac\u0131s\u00fcleyman: &#8220;E\u011fitim ve Konut Fiyatlar\u0131ndaki Art\u0131\u015f Enflasyonu Tetikledi&#8221;","datePublished":"2025-07-04T09:42:04+00:00","mainEntityOfPage":{"@id":"http:\/\/denizcankizil.tr\/ru\/haberler\/antalya\/atso-baskani-hacisuleyman-egitim-ve-konut-fiyatlarindaki-artis-enflasyonu-tetikledi\/"},"wordCount":800,"publisher":{"@id":"https:\/\/denizcankizil.tr\/de\/#organization"},"image":{"@id":"http:\/\/denizcankizil.tr\/ru\/haberler\/antalya\/atso-baskani-hacisuleyman-egitim-ve-konut-fiyatlarindaki-artis-enflasyonu-tetikledi\/#primaryimage"},"thumbnailUrl":"https:\/\/denizcankizil.tr\/wp-content\/uploads\/2025\/07\/web-gorsel-boyut-20-VZpCtJ.png","articleSection":["Antalya"],"inLanguage":"de"},{"@type":"WebPage","@id":"http:\/\/denizcankizil.tr\/ru\/haberler\/antalya\/atso-baskani-hacisuleyman-egitim-ve-konut-fiyatlarindaki-artis-enflasyonu-tetikledi\/","url":"http:\/\/denizcankizil.tr\/ru\/haberler\/antalya\/atso-baskani-hacisuleyman-egitim-ve-konut-fiyatlarindaki-artis-enflasyonu-tetikledi\/","name":"ATSO Ba\u015fkan\u0131 Hac\u0131s\u00fcleyman: \"E\u011fitim ve Konut Fiyatlar\u0131ndaki Art\u0131\u015f Enflasyonu Tetikledi\" - Av. Deniz Can K\u0131z\u0131l","isPartOf":{"@id":"https:\/\/denizcankizil.tr\/de\/#website"},"primaryImageOfPage":{"@id":"http:\/\/denizcankizil.tr\/ru\/haberler\/antalya\/atso-baskani-hacisuleyman-egitim-ve-konut-fiyatlarindaki-artis-enflasyonu-tetikledi\/#primaryimage"},"image":{"@id":"http:\/\/denizcankizil.tr\/ru\/haberler\/antalya\/atso-baskani-hacisuleyman-egitim-ve-konut-fiyatlarindaki-artis-enflasyonu-tetikledi\/#primaryimage"},"thumbnailUrl":"https:\/\/denizcankizil.tr\/wp-content\/uploads\/2025\/07\/web-gorsel-boyut-20-VZpCtJ.png","datePublished":"2025-07-04T09:42:04+00:00","breadcrumb":{"@id":"http:\/\/denizcankizil.tr\/ru\/haberler\/antalya\/atso-baskani-hacisuleyman-egitim-ve-konut-fiyatlarindaki-artis-enflasyonu-tetikledi\/#breadcrumb"},"inLanguage":"de","potentialAction":[{"@type":"ReadAction","target":["http:\/\/denizcankizil.tr\/ru\/haberler\/antalya\/atso-baskani-hacisuleyman-egitim-ve-konut-fiyatlarindaki-artis-enflasyonu-tetikledi\/"]}]},{"@type":"ImageObject","inLanguage":"de","@id":"http:\/\/denizcankizil.tr\/ru\/haberler\/antalya\/atso-baskani-hacisuleyman-egitim-ve-konut-fiyatlarindaki-artis-enflasyonu-tetikledi\/#primaryimage","url":"https:\/\/denizcankizil.tr\/wp-content\/uploads\/2025\/07\/web-gorsel-boyut-20-VZpCtJ.png","contentUrl":"https:\/\/denizcankizil.tr\/wp-content\/uploads\/2025\/07\/web-gorsel-boyut-20-VZpCtJ.png","width":1280,"height":720},{"@type":"BreadcrumbList","@id":"http:\/\/denizcankizil.tr\/ru\/haberler\/antalya\/atso-baskani-hacisuleyman-egitim-ve-konut-fiyatlarindaki-artis-enflasyonu-tetikledi\/#breadcrumb","itemListElement":[{"@type":"ListItem","position":1,"name":"Home","item":"https:\/\/denizcankizil.tr\/de\/"},{"@type":"ListItem","position":2,"name":"ATSO Ba\u015fkan\u0131 Hac\u0131s\u00fcleyman: &#8220;E\u011fitim ve Konut Fiyatlar\u0131ndaki Art\u0131\u015f Enflasyonu Tetikledi&#8221;"}]},{"@type":"WebSite","@id":"https:\/\/denizcankizil.tr\/de\/#website","url":"https:\/\/denizcankizil.tr\/de\/","name":"Av. Deniz Can K\u0131z\u0131l","description":"Avukat Deniz Can K\u0131z\u0131l Antalya Barosu","publisher":{"@id":"https:\/\/denizcankizil.tr\/de\/#organization"},"potentialAction":[{"@type":"SearchAction","target":{"@type":"EntryPoint","urlTemplate":"https:\/\/denizcankizil.tr\/de\/?s={search_term_string}"},"query-input":{"@type":"PropertyValueSpecification","valueRequired":true,"valueName":"search_term_string"}}],"inLanguage":"de"},{"@type":"Organization","@id":"https:\/\/denizcankizil.tr\/de\/#organization","name":"Av. Deniz Can K\u0131z\u0131l","url":"https:\/\/denizcankizil.tr\/de\/","logo":{"@type":"ImageObject","inLanguage":"de","@id":"https:\/\/denizcankizil.tr\/de\/#\/schema\/logo\/image\/","url":"https:\/\/denizcankizil.tr\/wp-content\/uploads\/2024\/10\/siyah-logo-svg.svg","contentUrl":"https:\/\/denizcankizil.tr\/wp-content\/uploads\/2024\/10\/siyah-logo-svg.svg","width":1080,"height":1080,"caption":"Av. Deniz Can K\u0131z\u0131l"},"image":{"@id":"https:\/\/denizcankizil.tr\/de\/#\/schema\/logo\/image\/"}},{"@type":"Person","@id":"https:\/\/denizcankizil.tr\/de\/#\/schema\/person\/5dc1b22991bd7ac833867c10afc9b0ff","name":"Av. Deniz Can K\u0131z\u0131l","image":{"@type":"ImageObject","inLanguage":"de","@id":"https:\/\/denizcankizil.tr\/de\/#\/schema\/person\/image\/","url":"https:\/\/secure.gravatar.com\/avatar\/a0b128fb9855c79efc976d5640eedb31dc35ec297594d6016d2cf7c60e975bb6?s=96&d=mm&r=g","contentUrl":"https:\/\/secure.gravatar.com\/avatar\/a0b128fb9855c79efc976d5640eedb31dc35ec297594d6016d2cf7c60e975bb6?s=96&d=mm&r=g","caption":"Av. Deniz Can K\u0131z\u0131l"},"sameAs":["http:\/\/www.denizcankizil.tr"],"url":"https:\/\/denizcankizil.tr\/de\/author\/denizcankizil\/"}]}},"_links":{"self":[{"href":"https:\/\/denizcankizil.tr\/de\/wp-json\/wp\/v2\/posts\/135640","targetHints":{"allow":["GET"]}}],"collection":[{"href":"https:\/\/denizcankizil.tr\/de\/wp-json\/wp\/v2\/posts"}],"about":[{"href":"https:\/\/denizcankizil.tr\/de\/wp-json\/wp\/v2\/types\/post"}],"author":[{"embeddable":true,"href":"https:\/\/denizcankizil.tr\/de\/wp-json\/wp\/v2\/users\/4"}],"replies":[{"embeddable":true,"href":"https:\/\/denizcankizil.tr\/de\/wp-json\/wp\/v2\/comments?post=135640"}],"version-history":[{"count":0,"href":"https:\/\/denizcankizil.tr\/de\/wp-json\/wp\/v2\/posts\/135640\/revisions"}],"wp:featuredmedia":[{"embeddable":true,"href":"https:\/\/denizcankizil.tr\/de\/wp-json\/wp\/v2\/media\/135641"}],"wp:attachment":[{"href":"https:\/\/denizcankizil.tr\/de\/wp-json\/wp\/v2\/media?parent=135640"}],"wp:term":[{"taxonomy":"category","embeddable":true,"href":"https:\/\/denizcankizil.tr\/de\/wp-json\/wp\/v2\/categories?post=135640"},{"taxonomy":"post_tag","embeddable":true,"href":"https:\/\/denizcankizil.tr\/de\/wp-json\/wp\/v2\/tags?post=135640"}],"curies":[{"name":"wp","href":"https:\/\/api.w.org\/{rel}","templated":true}]}}