{"id":135541,"date":"2025-07-04T09:42:35","date_gmt":"2025-07-04T06:42:35","guid":{"rendered":"https:\/\/denizcankizil.tr\/uncategorized-tr\/turkiye-genelinde-kuvvetli-yagis-ve-firtina-uyarisi\/"},"modified":"2025-07-04T09:42:35","modified_gmt":"2025-07-04T06:42:35","slug":"turkiye-genelinde-kuvvetli-yagis-ve-firtina-uyarisi","status":"publish","type":"post","link":"https:\/\/denizcankizil.tr\/de\/haberler\/gundem\/turkiye-genelinde-kuvvetli-yagis-ve-firtina-uyarisi\/","title":{"rendered":"T\u00fcrkiye genelinde kuvvetli ya\u011f\u0131\u015f ve f\u0131rt\u0131na uyar\u0131s\u0131"},"content":{"rendered":"<p>Meteoroloji Genel M\u00fcd\u00fcrl\u00fc\u011f\u00fc, \u00fclke genelinde etkili olmas\u0131 beklenen sa\u011fanak ya\u011f\u0131\u015f ve f\u0131rt\u0131naya kar\u015f\u0131 vatanda\u015flar\u0131 uyard\u0131.ANKARA (\u0130GFA) &#8211; Yap\u0131lan son de\u011ferlendirmelere g\u00f6re, T\u00fcrkiye\u2019nin kuzey, i\u00e7 ve do\u011fu kesimlerinde par\u00e7al\u0131 ve yer yer \u00e7ok bulutlu bir hava beklenirken; \u0130\u00e7 Anadolu\u2019nun kuzeydo\u011fusu, Orta ve Do\u011fu Karadeniz, Do\u011fu Anadolu\u2019nun kuzeyi ile Kastamonu, Karab\u00fck ve Sinop \u00e7evrelerinde yerel sa\u011fanak ve g\u00f6k g\u00fcr\u00fclt\u00fcl\u00fc sa\u011fanak ya\u011f\u0131\u015flar g\u00f6r\u00fclecek.<br \/>\nYa\u011f\u0131\u015flar\u0131n, Orta ve Do\u011fu Karadeniz k\u0131y\u0131lar\u0131 ile Amasya, Tokat, Bayburt, Artvin, Ardahan ve Erzurum \u00e7evrelerinde kuvvetli; Samsun, Ordu ve Giresun \u00e7evrelerinde ise \u00e7ok kuvvetli ve yer yer \u015fiddetli olmas\u0131 bekleniyor. Meteoroloji, sel, su bask\u0131n\u0131, y\u0131ld\u0131r\u0131m, heyelan ve ula\u015f\u0131mda aksamalara kar\u015f\u0131 dikkatli olunmas\u0131 gerekti\u011fini vurgulad\u0131.<\/p>\n<p>Hava s\u0131cakl\u0131klar\u0131nda \u00f6nemli bir de\u011fi\u015fiklik beklenmezken, i\u00e7 ve do\u011fu b\u00f6lgelerde mevsim normallerinin alt\u0131nda, bat\u0131 kesimlerde ise normaller civar\u0131nda seyredece\u011fi tahmin ediliyor.<\/p>\n<p>R\u00fczgar\u0131n genellikle kuzey y\u00f6nlerden hafif, zaman zaman orta kuvvette esece\u011fi; Marmara\u2019n\u0131n g\u00fcneybat\u0131s\u0131, Kuzey Ege k\u0131y\u0131lar\u0131, \u0130\u00e7 Anadolu\u2019nun do\u011fusu, Do\u011fu Akdeniz\u2019in i\u00e7 kesimleri, Do\u011fu Anadolu\u2019nun g\u00fcneybat\u0131s\u0131 ve Ad\u0131yaman \u00e7evrelerinde ise kuvvetli ve k\u0131sa s\u00fcreli f\u0131rt\u0131na (40-70 km\/saat) \u015feklinde etkili olaca\u011f\u0131 bildirildi. Bu b\u00f6lgelerde \u00e7at\u0131 u\u00e7mas\u0131, a\u011fa\u00e7 devrilmesi ve ula\u015f\u0131mda aksamalara kar\u015f\u0131 tedbirli olunmas\u0131 istendi.<\/p>\n<p>Meteoroloji yetkilileri, vatanda\u015flar\u0131n g\u00fcncel hava durumu bilgilerini takip etmelerini ve \u00f6zellikle riskli b\u00f6lgelerde ya\u015fayanlar\u0131n gerekli \u00f6nlemleri almalar\u0131n\u0131 \u00f6neriyor.<\/p>\n<p>\u200bMeteoroloji Genel M\u00fcd\u00fcrl\u00fc\u011f\u00fc, \u00fclke genelinde etkili olmas\u0131 beklenen sa\u011fanak ya\u011f\u0131\u015f ve f\u0131rt\u0131naya kar\u015f\u0131 vatanda\u015flar\u0131 uyard\u0131.ANKARA (\u0130GFA) &#8211; Yap\u0131lan son de\u011ferlendirmelere g\u00f6re, T\u00fcrkiye\u2019nin kuzey, i\u00e7 ve do\u011fu kesimlerinde par\u00e7al\u0131 ve yer yer \u00e7ok bulutlu bir hava beklenirken; \u0130\u00e7 Anadolu\u2019nun kuzeydo\u011fusu, Orta ve Do\u011fu Karadeniz, Do\u011fu Anadolu\u2019nun kuzeyi ile Kastamonu, Karab\u00fck ve Sinop \u00e7evrelerinde yerel sa\u011fanak ve g\u00f6k g\u00fcr\u00fclt\u00fcl\u00fc sa\u011fanak ya\u011f\u0131\u015flar g\u00f6r\u00fclecek.<br \/>\nYa\u011f\u0131\u015flar\u0131n, Orta ve Do\u011fu Karadeniz k\u0131y\u0131lar\u0131 ile Amasya, Tokat, Bayburt, Artvin, Ardahan ve Erzurum \u00e7evrelerinde kuvvetli; Samsun, Ordu ve Giresun \u00e7evrelerinde ise \u00e7ok kuvvetli ve yer yer \u015fiddetli olmas\u0131 bekleniyor. Meteoroloji, sel, su bask\u0131n\u0131, y\u0131ld\u0131r\u0131m, heyelan ve ula\u015f\u0131mda aksamalara kar\u015f\u0131 dikkatli olunmas\u0131 gerekti\u011fini vurgulad\u0131.<\/p>\n<p>Hava s\u0131cakl\u0131klar\u0131nda \u00f6nemli bir de\u011fi\u015fiklik beklenmezken, i\u00e7 ve do\u011fu b\u00f6lgelerde mevsim normallerinin alt\u0131nda, bat\u0131 kesimlerde ise normaller civar\u0131nda seyredece\u011fi tahmin ediliyor.<\/p>\n<p>R\u00fczgar\u0131n genellikle kuzey y\u00f6nlerden hafif, zaman zaman orta kuvvette esece\u011fi; Marmara\u2019n\u0131n g\u00fcneybat\u0131s\u0131, Kuzey Ege k\u0131y\u0131lar\u0131, \u0130\u00e7 Anadolu\u2019nun do\u011fusu, Do\u011fu Akdeniz\u2019in i\u00e7 kesimleri, Do\u011fu Anadolu\u2019nun g\u00fcneybat\u0131s\u0131 ve Ad\u0131yaman \u00e7evrelerinde ise kuvvetli ve k\u0131sa s\u00fcreli f\u0131rt\u0131na (40-70 km\/saat) \u015feklinde etkili olaca\u011f\u0131 bildirildi. Bu b\u00f6lgelerde \u00e7at\u0131 u\u00e7mas\u0131, a\u011fa\u00e7 devrilmesi ve ula\u015f\u0131mda aksamalara kar\u015f\u0131 tedbirli olunmas\u0131 istendi.<\/p>\n<p>Meteoroloji yetkilileri, vatanda\u015flar\u0131n g\u00fcncel hava durumu bilgilerini takip etmelerini ve \u00f6zellikle riskli b\u00f6lgelerde ya\u015fayanlar\u0131n gerekli \u00f6nlemleri almalar\u0131n\u0131 \u00f6neriyor.\u00a0<\/p>\n<p>\u200bHaberin Al\u0131nt\u0131land\u0131\u011f\u0131 Kaynak: www.iskenderun.org<\/p>","protected":false},"excerpt":{"rendered":"<p>Meteoroloji Genel M\u00fcd\u00fcrl\u00fc\u011f\u00fc, \u00fclke genelinde etkili olmas\u0131 beklenen sa\u011fanak ya\u011f\u0131\u015f ve f\u0131rt\u0131naya kar\u015f\u0131 vatanda\u015flar\u0131 uyard\u0131.ANKARA (\u0130GFA) &#8211; Yap\u0131lan son de\u011ferlendirmelere g\u00f6re, T\u00fcrkiye\u2019nin kuzey, i\u00e7 ve do\u011fu kesimlerinde par\u00e7al\u0131 ve yer yer \u00e7ok bulutlu bir hava beklenirken; \u0130\u00e7 Anadolu\u2019nun kuzeydo\u011fusu, Orta ve Do\u011fu Karadeniz, Do\u011fu Anadolu\u2019nun kuzeyi ile Kastamonu, Karab\u00fck ve Sinop \u00e7evrelerinde yerel sa\u011fanak ve g\u00f6k g\u00fcr\u00fclt\u00fcl\u00fc sa\u011fanak ya\u011f\u0131\u015flar g\u00f6r\u00fclecek. Ya\u011f\u0131\u015flar\u0131n, Orta ve Do\u011fu Karadeniz k\u0131y\u0131lar\u0131 ile Amasya, Tokat, Bayburt, Artvin, Ardahan ve Erzurum \u00e7evrelerinde kuvvetli; Samsun, Ordu ve Giresun \u00e7evrelerinde ise \u00e7ok kuvvetli ve yer yer \u015fiddetli olmas\u0131 bekleniyor. Meteoroloji, sel, su bask\u0131n\u0131, y\u0131ld\u0131r\u0131m, heyelan ve ula\u015f\u0131mda aksamalara kar\u015f\u0131 dikkatli olunmas\u0131 gerekti\u011fini vurgulad\u0131. Hava s\u0131cakl\u0131klar\u0131nda \u00f6nemli bir de\u011fi\u015fiklik beklenmezken, i\u00e7 ve do\u011fu b\u00f6lgelerde mevsim normallerinin alt\u0131nda, bat\u0131 kesimlerde ise normaller civar\u0131nda seyredece\u011fi tahmin ediliyor. R\u00fczgar\u0131n genellikle kuzey y\u00f6nlerden hafif, zaman zaman orta kuvvette esece\u011fi; Marmara\u2019n\u0131n g\u00fcneybat\u0131s\u0131, Kuzey Ege k\u0131y\u0131lar\u0131, \u0130\u00e7 Anadolu\u2019nun do\u011fusu, Do\u011fu Akdeniz\u2019in i\u00e7 kesimleri, Do\u011fu Anadolu\u2019nun g\u00fcneybat\u0131s\u0131 ve Ad\u0131yaman \u00e7evrelerinde ise kuvvetli ve k\u0131sa s\u00fcreli f\u0131rt\u0131na (40-70 km\/saat) \u015feklinde etkili olaca\u011f\u0131 bildirildi. Bu b\u00f6lgelerde \u00e7at\u0131 u\u00e7mas\u0131, a\u011fa\u00e7 devrilmesi ve ula\u015f\u0131mda aksamalara kar\u015f\u0131 tedbirli olunmas\u0131 istendi. Meteoroloji yetkilileri, vatanda\u015flar\u0131n g\u00fcncel hava durumu bilgilerini takip etmelerini ve \u00f6zellikle riskli b\u00f6lgelerde ya\u015fayanlar\u0131n gerekli \u00f6nlemleri almalar\u0131n\u0131 \u00f6neriyor. \u200bMeteoroloji Genel M\u00fcd\u00fcrl\u00fc\u011f\u00fc, \u00fclke &hellip;<\/p>","protected":false},"author":1,"featured_media":0,"comment_status":"","ping_status":"open","sticky":false,"template":"","format":"standard","meta":{"_acf_changed":false,"footnotes":""},"categories":[24],"tags":[],"class_list":["post-135541","post","type-post","status-publish","format-standard","has-post-thumbnail","hentry","category-gundem"],"acf":[],"yoast_head":"<!-- This site is optimized with the Yoast SEO Premium plugin v26.6 (Yoast SEO v27.1.1) - https:\/\/yoast.com\/product\/yoast-seo-premium-wordpress\/ -->\n<title>T\u00fcrkiye genelinde kuvvetli ya\u011f\u0131\u015f ve f\u0131rt\u0131na uyar\u0131s\u0131 - Av. Deniz Can K\u0131z\u0131l<\/title>\n<meta name=\"robots\" content=\"index, follow, max-snippet:-1, max-image-preview:large, max-video-preview:-1\" \/>\n<link rel=\"canonical\" href=\"https:\/\/denizcankizil.tr\/de\/haberler\/gundem\/turkiye-genelinde-kuvvetli-yagis-ve-firtina-uyarisi\/\" \/>\n<meta property=\"og:locale\" content=\"de_DE\" \/>\n<meta property=\"og:type\" content=\"article\" \/>\n<meta property=\"og:title\" content=\"T\u00fcrkiye genelinde kuvvetli ya\u011f\u0131\u015f ve f\u0131rt\u0131na uyar\u0131s\u0131\" \/>\n<meta property=\"og:description\" content=\"Meteoroloji Genel M\u00fcd\u00fcrl\u00fc\u011f\u00fc, \u00fclke genelinde etkili olmas\u0131 beklenen sa\u011fanak ya\u011f\u0131\u015f ve f\u0131rt\u0131naya kar\u015f\u0131 vatanda\u015flar\u0131 uyard\u0131.ANKARA (\u0130GFA) &#8211; Yap\u0131lan son de\u011ferlendirmelere g\u00f6re, T\u00fcrkiye\u2019nin kuzey, i\u00e7 ve do\u011fu kesimlerinde par\u00e7al\u0131 ve yer yer \u00e7ok bulutlu bir hava beklenirken; \u0130\u00e7 Anadolu\u2019nun kuzeydo\u011fusu, Orta ve Do\u011fu Karadeniz, Do\u011fu Anadolu\u2019nun kuzeyi ile Kastamonu, Karab\u00fck ve Sinop \u00e7evrelerinde yerel sa\u011fanak ve g\u00f6k g\u00fcr\u00fclt\u00fcl\u00fc sa\u011fanak ya\u011f\u0131\u015flar g\u00f6r\u00fclecek. Ya\u011f\u0131\u015flar\u0131n, Orta ve Do\u011fu Karadeniz k\u0131y\u0131lar\u0131 ile Amasya, Tokat, Bayburt, Artvin, Ardahan ve Erzurum \u00e7evrelerinde kuvvetli; Samsun, Ordu ve Giresun \u00e7evrelerinde ise \u00e7ok kuvvetli ve yer yer \u015fiddetli olmas\u0131 bekleniyor. Meteoroloji, sel, su bask\u0131n\u0131, y\u0131ld\u0131r\u0131m, heyelan ve ula\u015f\u0131mda aksamalara kar\u015f\u0131 dikkatli olunmas\u0131 gerekti\u011fini vurgulad\u0131. Hava s\u0131cakl\u0131klar\u0131nda \u00f6nemli bir de\u011fi\u015fiklik beklenmezken, i\u00e7 ve do\u011fu b\u00f6lgelerde mevsim normallerinin alt\u0131nda, bat\u0131 kesimlerde ise normaller civar\u0131nda seyredece\u011fi tahmin ediliyor. R\u00fczgar\u0131n genellikle kuzey y\u00f6nlerden hafif, zaman zaman orta kuvvette esece\u011fi; Marmara\u2019n\u0131n g\u00fcneybat\u0131s\u0131, Kuzey Ege k\u0131y\u0131lar\u0131, \u0130\u00e7 Anadolu\u2019nun do\u011fusu, Do\u011fu Akdeniz\u2019in i\u00e7 kesimleri, Do\u011fu Anadolu\u2019nun g\u00fcneybat\u0131s\u0131 ve Ad\u0131yaman \u00e7evrelerinde ise kuvvetli ve k\u0131sa s\u00fcreli f\u0131rt\u0131na (40-70 km\/saat) \u015feklinde etkili olaca\u011f\u0131 bildirildi. Bu b\u00f6lgelerde \u00e7at\u0131 u\u00e7mas\u0131, a\u011fa\u00e7 devrilmesi ve ula\u015f\u0131mda aksamalara kar\u015f\u0131 tedbirli olunmas\u0131 istendi. Meteoroloji yetkilileri, vatanda\u015flar\u0131n g\u00fcncel hava durumu bilgilerini takip etmelerini ve \u00f6zellikle riskli b\u00f6lgelerde ya\u015fayanlar\u0131n gerekli \u00f6nlemleri almalar\u0131n\u0131 \u00f6neriyor. \u200bMeteoroloji Genel M\u00fcd\u00fcrl\u00fc\u011f\u00fc, \u00fclke &hellip;\" \/>\n<meta property=\"og:url\" content=\"https:\/\/denizcankizil.tr\/de\/haberler\/gundem\/turkiye-genelinde-kuvvetli-yagis-ve-firtina-uyarisi\/\" \/>\n<meta property=\"og:site_name\" content=\"Av. Deniz Can K\u0131z\u0131l\" \/>\n<meta property=\"article:published_time\" content=\"2025-07-04T06:42:35+00:00\" \/>\n<meta name=\"author\" content=\"admin\" \/>\n<meta name=\"twitter:card\" content=\"summary_large_image\" \/>\n<meta name=\"twitter:label1\" content=\"Verfasst von\" \/>\n\t<meta name=\"twitter:data1\" content=\"admin\" \/>\n\t<meta name=\"twitter:label2\" content=\"Gesch\u00e4tzte Lesezeit\" \/>\n\t<meta name=\"twitter:data2\" content=\"3\u00a0Minuten\" \/>\n<script type=\"application\/ld+json\" class=\"yoast-schema-graph\">{\"@context\":\"https:\/\/schema.org\",\"@graph\":[{\"@type\":\"Article\",\"@id\":\"https:\/\/denizcankizil.tr\/de\/haberler\/gundem\/turkiye-genelinde-kuvvetli-yagis-ve-firtina-uyarisi\/#article\",\"isPartOf\":{\"@id\":\"https:\/\/denizcankizil.tr\/de\/haberler\/gundem\/turkiye-genelinde-kuvvetli-yagis-ve-firtina-uyarisi\/\"},\"author\":{\"name\":\"admin\",\"@id\":\"https:\/\/denizcankizil.tr\/#\/schema\/person\/be3c05fe6a12686905512445d8185489\"},\"headline\":\"T\u00fcrkiye genelinde kuvvetli ya\u011f\u0131\u015f ve f\u0131rt\u0131na uyar\u0131s\u0131\",\"datePublished\":\"2025-07-04T06:42:35+00:00\",\"mainEntityOfPage\":{\"@id\":\"https:\/\/denizcankizil.tr\/de\/haberler\/gundem\/turkiye-genelinde-kuvvetli-yagis-ve-firtina-uyarisi\/\"},\"wordCount\":577,\"publisher\":{\"@id\":\"https:\/\/denizcankizil.tr\/#organization\"},\"articleSection\":[\"G\u00fcndem\"],\"inLanguage\":\"de\"},{\"@type\":\"WebPage\",\"@id\":\"https:\/\/denizcankizil.tr\/de\/haberler\/gundem\/turkiye-genelinde-kuvvetli-yagis-ve-firtina-uyarisi\/\",\"url\":\"https:\/\/denizcankizil.tr\/de\/haberler\/gundem\/turkiye-genelinde-kuvvetli-yagis-ve-firtina-uyarisi\/\",\"name\":\"T\u00fcrkiye genelinde kuvvetli ya\u011f\u0131\u015f ve f\u0131rt\u0131na uyar\u0131s\u0131 - Av. Deniz Can K\u0131z\u0131l\",\"isPartOf\":{\"@id\":\"https:\/\/denizcankizil.tr\/#website\"},\"datePublished\":\"2025-07-04T06:42:35+00:00\",\"breadcrumb\":{\"@id\":\"https:\/\/denizcankizil.tr\/de\/haberler\/gundem\/turkiye-genelinde-kuvvetli-yagis-ve-firtina-uyarisi\/#breadcrumb\"},\"inLanguage\":\"de\",\"potentialAction\":[{\"@type\":\"ReadAction\",\"target\":[\"https:\/\/denizcankizil.tr\/de\/haberler\/gundem\/turkiye-genelinde-kuvvetli-yagis-ve-firtina-uyarisi\/\"]}]},{\"@type\":\"BreadcrumbList\",\"@id\":\"https:\/\/denizcankizil.tr\/de\/haberler\/gundem\/turkiye-genelinde-kuvvetli-yagis-ve-firtina-uyarisi\/#breadcrumb\",\"itemListElement\":[{\"@type\":\"ListItem\",\"position\":1,\"name\":\"Home\",\"item\":\"https:\/\/denizcankizil.tr\/de\/\"},{\"@type\":\"ListItem\",\"position\":2,\"name\":\"T\u00fcrkiye genelinde kuvvetli ya\u011f\u0131\u015f ve f\u0131rt\u0131na uyar\u0131s\u0131\"}]},{\"@type\":\"WebSite\",\"@id\":\"https:\/\/denizcankizil.tr\/#website\",\"url\":\"https:\/\/denizcankizil.tr\/\",\"name\":\"Av. Deniz Can K\u0131z\u0131l\",\"description\":\"Avukat Deniz Can K\u0131z\u0131l Antalya Barosu\",\"publisher\":{\"@id\":\"https:\/\/denizcankizil.tr\/#organization\"},\"potentialAction\":[{\"@type\":\"SearchAction\",\"target\":{\"@type\":\"EntryPoint\",\"urlTemplate\":\"https:\/\/denizcankizil.tr\/?s={search_term_string}\"},\"query-input\":{\"@type\":\"PropertyValueSpecification\",\"valueRequired\":true,\"valueName\":\"search_term_string\"}}],\"inLanguage\":\"de\"},{\"@type\":\"Organization\",\"@id\":\"https:\/\/denizcankizil.tr\/#organization\",\"name\":\"Av. Deniz Can K\u0131z\u0131l\",\"url\":\"https:\/\/denizcankizil.tr\/\",\"logo\":{\"@type\":\"ImageObject\",\"inLanguage\":\"de\",\"@id\":\"https:\/\/denizcankizil.tr\/#\/schema\/logo\/image\/\",\"url\":\"https:\/\/denizcankizil.tr\/wp-content\/uploads\/2024\/10\/siyah-logo-svg.svg\",\"contentUrl\":\"https:\/\/denizcankizil.tr\/wp-content\/uploads\/2024\/10\/siyah-logo-svg.svg\",\"width\":1080,\"height\":1080,\"caption\":\"Av. Deniz Can K\u0131z\u0131l\"},\"image\":{\"@id\":\"https:\/\/denizcankizil.tr\/#\/schema\/logo\/image\/\"}},{\"@type\":\"Person\",\"@id\":\"https:\/\/denizcankizil.tr\/#\/schema\/person\/be3c05fe6a12686905512445d8185489\",\"name\":\"admin\",\"image\":{\"@type\":\"ImageObject\",\"inLanguage\":\"de\",\"@id\":\"https:\/\/denizcankizil.tr\/#\/schema\/person\/image\/\",\"url\":\"https:\/\/secure.gravatar.com\/avatar\/c1fce94c830dc79107e174f890d7210541c4a63e8e5d816341794a2151c9d58c?s=96&d=mm&r=g\",\"contentUrl\":\"https:\/\/secure.gravatar.com\/avatar\/c1fce94c830dc79107e174f890d7210541c4a63e8e5d816341794a2151c9d58c?s=96&d=mm&r=g\",\"caption\":\"admin\"},\"sameAs\":[\"http:\/\/denizcankizil.tr\"],\"url\":\"https:\/\/www.iskenderun.org\/turkiye-genelinde-kuvvetli-yagis-ve-firtina-uyarisi\"}]}<\/script>\n<!-- \/ Yoast SEO Premium plugin. -->","yoast_head_json":{"title":"T\u00fcrkiye genelinde kuvvetli ya\u011f\u0131\u015f ve f\u0131rt\u0131na uyar\u0131s\u0131 - Av. Deniz Can K\u0131z\u0131l","robots":{"index":"index","follow":"follow","max-snippet":"max-snippet:-1","max-image-preview":"max-image-preview:large","max-video-preview":"max-video-preview:-1"},"canonical":"https:\/\/denizcankizil.tr\/de\/haberler\/gundem\/turkiye-genelinde-kuvvetli-yagis-ve-firtina-uyarisi\/","og_locale":"de_DE","og_type":"article","og_title":"T\u00fcrkiye genelinde kuvvetli ya\u011f\u0131\u015f ve f\u0131rt\u0131na uyar\u0131s\u0131","og_description":"Meteoroloji Genel M\u00fcd\u00fcrl\u00fc\u011f\u00fc, \u00fclke genelinde etkili olmas\u0131 beklenen sa\u011fanak ya\u011f\u0131\u015f ve f\u0131rt\u0131naya kar\u015f\u0131 vatanda\u015flar\u0131 uyard\u0131.ANKARA (\u0130GFA) &#8211; Yap\u0131lan son de\u011ferlendirmelere g\u00f6re, T\u00fcrkiye\u2019nin kuzey, i\u00e7 ve do\u011fu kesimlerinde par\u00e7al\u0131 ve yer yer \u00e7ok bulutlu bir hava beklenirken; \u0130\u00e7 Anadolu\u2019nun kuzeydo\u011fusu, Orta ve Do\u011fu Karadeniz, Do\u011fu Anadolu\u2019nun kuzeyi ile Kastamonu, Karab\u00fck ve Sinop \u00e7evrelerinde yerel sa\u011fanak ve g\u00f6k g\u00fcr\u00fclt\u00fcl\u00fc sa\u011fanak ya\u011f\u0131\u015flar g\u00f6r\u00fclecek. Ya\u011f\u0131\u015flar\u0131n, Orta ve Do\u011fu Karadeniz k\u0131y\u0131lar\u0131 ile Amasya, Tokat, Bayburt, Artvin, Ardahan ve Erzurum \u00e7evrelerinde kuvvetli; Samsun, Ordu ve Giresun \u00e7evrelerinde ise \u00e7ok kuvvetli ve yer yer \u015fiddetli olmas\u0131 bekleniyor. Meteoroloji, sel, su bask\u0131n\u0131, y\u0131ld\u0131r\u0131m, heyelan ve ula\u015f\u0131mda aksamalara kar\u015f\u0131 dikkatli olunmas\u0131 gerekti\u011fini vurgulad\u0131. Hava s\u0131cakl\u0131klar\u0131nda \u00f6nemli bir de\u011fi\u015fiklik beklenmezken, i\u00e7 ve do\u011fu b\u00f6lgelerde mevsim normallerinin alt\u0131nda, bat\u0131 kesimlerde ise normaller civar\u0131nda seyredece\u011fi tahmin ediliyor. R\u00fczgar\u0131n genellikle kuzey y\u00f6nlerden hafif, zaman zaman orta kuvvette esece\u011fi; Marmara\u2019n\u0131n g\u00fcneybat\u0131s\u0131, Kuzey Ege k\u0131y\u0131lar\u0131, \u0130\u00e7 Anadolu\u2019nun do\u011fusu, Do\u011fu Akdeniz\u2019in i\u00e7 kesimleri, Do\u011fu Anadolu\u2019nun g\u00fcneybat\u0131s\u0131 ve Ad\u0131yaman \u00e7evrelerinde ise kuvvetli ve k\u0131sa s\u00fcreli f\u0131rt\u0131na (40-70 km\/saat) \u015feklinde etkili olaca\u011f\u0131 bildirildi. Bu b\u00f6lgelerde \u00e7at\u0131 u\u00e7mas\u0131, a\u011fa\u00e7 devrilmesi ve ula\u015f\u0131mda aksamalara kar\u015f\u0131 tedbirli olunmas\u0131 istendi. Meteoroloji yetkilileri, vatanda\u015flar\u0131n g\u00fcncel hava durumu bilgilerini takip etmelerini ve \u00f6zellikle riskli b\u00f6lgelerde ya\u015fayanlar\u0131n gerekli \u00f6nlemleri almalar\u0131n\u0131 \u00f6neriyor. \u200bMeteoroloji Genel M\u00fcd\u00fcrl\u00fc\u011f\u00fc, \u00fclke &hellip;","og_url":"https:\/\/denizcankizil.tr\/de\/haberler\/gundem\/turkiye-genelinde-kuvvetli-yagis-ve-firtina-uyarisi\/","og_site_name":"Av. Deniz Can K\u0131z\u0131l","article_published_time":"2025-07-04T06:42:35+00:00","author":"admin","twitter_card":"summary_large_image","twitter_misc":{"Verfasst von":"admin","Gesch\u00e4tzte Lesezeit":"3\u00a0Minuten"},"schema":{"@context":"https:\/\/schema.org","@graph":[{"@type":"Article","@id":"https:\/\/denizcankizil.tr\/de\/haberler\/gundem\/turkiye-genelinde-kuvvetli-yagis-ve-firtina-uyarisi\/#article","isPartOf":{"@id":"https:\/\/denizcankizil.tr\/de\/haberler\/gundem\/turkiye-genelinde-kuvvetli-yagis-ve-firtina-uyarisi\/"},"author":{"name":"admin","@id":"https:\/\/denizcankizil.tr\/#\/schema\/person\/be3c05fe6a12686905512445d8185489"},"headline":"T\u00fcrkiye genelinde kuvvetli ya\u011f\u0131\u015f ve f\u0131rt\u0131na uyar\u0131s\u0131","datePublished":"2025-07-04T06:42:35+00:00","mainEntityOfPage":{"@id":"https:\/\/denizcankizil.tr\/de\/haberler\/gundem\/turkiye-genelinde-kuvvetli-yagis-ve-firtina-uyarisi\/"},"wordCount":577,"publisher":{"@id":"https:\/\/denizcankizil.tr\/#organization"},"articleSection":["G\u00fcndem"],"inLanguage":"de"},{"@type":"WebPage","@id":"https:\/\/denizcankizil.tr\/de\/haberler\/gundem\/turkiye-genelinde-kuvvetli-yagis-ve-firtina-uyarisi\/","url":"https:\/\/denizcankizil.tr\/de\/haberler\/gundem\/turkiye-genelinde-kuvvetli-yagis-ve-firtina-uyarisi\/","name":"T\u00fcrkiye genelinde kuvvetli ya\u011f\u0131\u015f ve f\u0131rt\u0131na uyar\u0131s\u0131 - Av. Deniz Can K\u0131z\u0131l","isPartOf":{"@id":"https:\/\/denizcankizil.tr\/#website"},"datePublished":"2025-07-04T06:42:35+00:00","breadcrumb":{"@id":"https:\/\/denizcankizil.tr\/de\/haberler\/gundem\/turkiye-genelinde-kuvvetli-yagis-ve-firtina-uyarisi\/#breadcrumb"},"inLanguage":"de","potentialAction":[{"@type":"ReadAction","target":["https:\/\/denizcankizil.tr\/de\/haberler\/gundem\/turkiye-genelinde-kuvvetli-yagis-ve-firtina-uyarisi\/"]}]},{"@type":"BreadcrumbList","@id":"https:\/\/denizcankizil.tr\/de\/haberler\/gundem\/turkiye-genelinde-kuvvetli-yagis-ve-firtina-uyarisi\/#breadcrumb","itemListElement":[{"@type":"ListItem","position":1,"name":"Home","item":"https:\/\/denizcankizil.tr\/de\/"},{"@type":"ListItem","position":2,"name":"T\u00fcrkiye genelinde kuvvetli ya\u011f\u0131\u015f ve f\u0131rt\u0131na uyar\u0131s\u0131"}]},{"@type":"WebSite","@id":"https:\/\/denizcankizil.tr\/#website","url":"https:\/\/denizcankizil.tr\/","name":"Av. Deniz Can K\u0131z\u0131l","description":"Avukat Deniz Can K\u0131z\u0131l Antalya Barosu","publisher":{"@id":"https:\/\/denizcankizil.tr\/#organization"},"potentialAction":[{"@type":"SearchAction","target":{"@type":"EntryPoint","urlTemplate":"https:\/\/denizcankizil.tr\/?s={search_term_string}"},"query-input":{"@type":"PropertyValueSpecification","valueRequired":true,"valueName":"search_term_string"}}],"inLanguage":"de"},{"@type":"Organization","@id":"https:\/\/denizcankizil.tr\/#organization","name":"Av. Deniz Can K\u0131z\u0131l","url":"https:\/\/denizcankizil.tr\/","logo":{"@type":"ImageObject","inLanguage":"de","@id":"https:\/\/denizcankizil.tr\/#\/schema\/logo\/image\/","url":"https:\/\/denizcankizil.tr\/wp-content\/uploads\/2024\/10\/siyah-logo-svg.svg","contentUrl":"https:\/\/denizcankizil.tr\/wp-content\/uploads\/2024\/10\/siyah-logo-svg.svg","width":1080,"height":1080,"caption":"Av. Deniz Can K\u0131z\u0131l"},"image":{"@id":"https:\/\/denizcankizil.tr\/#\/schema\/logo\/image\/"}},{"@type":"Person","@id":"https:\/\/denizcankizil.tr\/#\/schema\/person\/be3c05fe6a12686905512445d8185489","name":"Administrator","image":{"@type":"ImageObject","inLanguage":"de","@id":"https:\/\/denizcankizil.tr\/#\/schema\/person\/image\/","url":"https:\/\/secure.gravatar.com\/avatar\/c1fce94c830dc79107e174f890d7210541c4a63e8e5d816341794a2151c9d58c?s=96&d=mm&r=g","contentUrl":"https:\/\/secure.gravatar.com\/avatar\/c1fce94c830dc79107e174f890d7210541c4a63e8e5d816341794a2151c9d58c?s=96&d=mm&r=g","caption":"admin"},"sameAs":["http:\/\/denizcankizil.tr"],"url":"https:\/\/www.iskenderun.org\/turkiye-genelinde-kuvvetli-yagis-ve-firtina-uyarisi"}]}},"_links":{"self":[{"href":"https:\/\/denizcankizil.tr\/de\/wp-json\/wp\/v2\/posts\/135541","targetHints":{"allow":["GET"]}}],"collection":[{"href":"https:\/\/denizcankizil.tr\/de\/wp-json\/wp\/v2\/posts"}],"about":[{"href":"https:\/\/denizcankizil.tr\/de\/wp-json\/wp\/v2\/types\/post"}],"author":[{"embeddable":true,"href":"https:\/\/denizcankizil.tr\/de\/wp-json\/wp\/v2\/users\/1"}],"replies":[{"embeddable":true,"href":"https:\/\/denizcankizil.tr\/de\/wp-json\/wp\/v2\/comments?post=135541"}],"version-history":[{"count":0,"href":"https:\/\/denizcankizil.tr\/de\/wp-json\/wp\/v2\/posts\/135541\/revisions"}],"wp:attachment":[{"href":"https:\/\/denizcankizil.tr\/de\/wp-json\/wp\/v2\/media?parent=135541"}],"wp:term":[{"taxonomy":"category","embeddable":true,"href":"https:\/\/denizcankizil.tr\/de\/wp-json\/wp\/v2\/categories?post=135541"},{"taxonomy":"post_tag","embeddable":true,"href":"https:\/\/denizcankizil.tr\/de\/wp-json\/wp\/v2\/tags?post=135541"}],"curies":[{"name":"wp","href":"https:\/\/api.w.org\/{rel}","templated":true}]}}