{"id":134874,"date":"2025-07-03T18:42:37","date_gmt":"2025-07-03T15:42:37","guid":{"rendered":"https:\/\/denizcankizil.tr\/uncategorized-tr\/tum-emekliler-sendikasindan-tepki\/"},"modified":"2025-07-03T18:42:37","modified_gmt":"2025-07-03T15:42:37","slug":"tum-emekliler-sendikasindan-tepki","status":"publish","type":"post","link":"https:\/\/denizcankizil.tr\/de\/haberler\/gundem\/tum-emekliler-sendikasindan-tepki\/","title":{"rendered":"T\u00fcm Emekliler Sendikas\u0131&#8217;ndan Tepki!"},"content":{"rendered":"<p>Yayman, a\u00e7\u0131klamas\u0131nda yakla\u015f\u0131k 4 milyon emekli ile bir o kadar dul ve yetimin ya\u015fam m\u00fccadelesi verdi\u011fini ifade ederek, &#8220;Memur emeklileri de benzer s\u0131k\u0131nt\u0131lar i\u00e7inde. Yasa gere\u011fi memurlara yap\u0131lan maa\u015f art\u0131\u015flar\u0131ndan memur emeklilerinin de faydalanmas\u0131 gerekirken, seyyanen \u00f6denek yaln\u0131zca aktif memurlara verildi. Bu, yasal bo\u015fluklarla memur emeklilerinin haklar\u0131n\u0131n g\u00f6z ard\u0131 edilmesidir&#8221; dedi.<\/p>\n<p>Ge\u00e7mi\u015fte emekli olan bir memurun maa\u015f\u0131n\u0131n y\u00fczde 70\u2019ini alabildi\u011fini ancak bu oran\u0131n g\u00fcn\u00fcm\u00fczde y\u00fczde 40\u2019lara kadar d\u00fc\u015ft\u00fc\u011f\u00fcn\u00fc s\u00f6yleyen Yayman, t\u00fcm emeklilere seyyanen \u00f6deme yap\u0131lmas\u0131 gerekti\u011fini vurgulad\u0131.<\/p>\n<p>Temmuz ay\u0131nda yap\u0131lacak zamlar\u0131n k\u00f6k maa\u015flar \u00fczerinden de\u011fil, emeklilerin eline ge\u00e7en net maa\u015flar \u00fczerinden belirlenmesi gerekti\u011fini dile getiren Yayman, aksi halde yakla\u015f\u0131k 4 milyon emekli ile bir o kadar dul ve yetimin maa\u015f\u0131nda herhangi bir art\u0131\u015f olmayaca\u011f\u0131n\u0131 s\u00f6yledi.<\/p>\n<p>G\u0131da fiyatlar\u0131n\u0131n emeklilerin al\u0131m g\u00fcc\u00fcn\u00fc a\u015ft\u0131\u011f\u0131n\u0131 ifade eden Yayman, \u201cEmekliler domatesi, karpuzu dilimle almak zorunda kal\u0131yor. Etin ad\u0131n\u0131 dahi anamaz hale geldik. Emekliler ekmek almaktan bile aciz duruma d\u00fc\u015ft\u00fc\u201d dedi.<\/p>\n<p>\u0130\u015f kazalar\u0131na da de\u011finen Yayman, 71 ya\u015f\u0131nda in\u015faatta \u00e7al\u0131\u015f\u0131rken ya\u015fam\u0131n\u0131 yitiren Selami \u015eim\u015fek\u2019i hat\u0131rlatarak, \u015funlar\u0131 kaydetti: \u201cBu trajedinin faili uygulanan sefalet politikalar\u0131d\u0131r. Ge\u00e7ti\u011fimiz y\u0131l da 79 ya\u015f\u0131ndaki bir vatanda\u015f\u0131m\u0131z in\u015faatta \u00e7al\u0131\u015f\u0131rken hayat\u0131n\u0131 kaybetti. Bu olaylar ne yaz\u0131k ki ne parlamenterlerin ajandas\u0131nda yer al\u0131yor ne de \u00fclke kaynaklar\u0131na h\u00e2kim olanlar\u0131n g\u00fcndemine giriyor\u201d<\/p>\n<p>\u200bT\u00fcm Emekliler Sendikas\u0131 \u0130skenderun Temsilcili\u011fi, Havuzlu \u00c7ar\u015f\u0131 giri\u015finde d\u00fczenledi\u011fi bas\u0131n a\u00e7\u0131klamas\u0131yla, emeklilerin ya\u015fad\u0131\u011f\u0131 ekonomik sorunlara dikkat \u00e7ekti. Temsilcilik ad\u0131na konu\u015fan Medine Yayman, milyonlarca emekli ve hak sahibinin a\u00e7l\u0131k s\u0131n\u0131r\u0131n\u0131n alt\u0131nda ya\u015fad\u0131\u011f\u0131n\u0131 belirterek, h\u00fck\u00fcmete \u00e7a\u011fr\u0131da bulundu.\u00a0<\/p>\n<p>\u200bHaberin Al\u0131nt\u0131land\u0131\u011f\u0131 Kaynak: www.iskenderun.org<\/p>","protected":false},"excerpt":{"rendered":"<p>Yayman, a\u00e7\u0131klamas\u0131nda yakla\u015f\u0131k 4 milyon emekli ile bir o kadar dul ve yetimin ya\u015fam m\u00fccadelesi verdi\u011fini ifade ederek, &#8220;Memur emeklileri de benzer s\u0131k\u0131nt\u0131lar i\u00e7inde. Yasa gere\u011fi memurlara yap\u0131lan maa\u015f art\u0131\u015flar\u0131ndan memur emeklilerinin de faydalanmas\u0131 gerekirken, seyyanen \u00f6denek yaln\u0131zca aktif memurlara verildi. Bu, yasal bo\u015fluklarla memur emeklilerinin haklar\u0131n\u0131n g\u00f6z ard\u0131 edilmesidir&#8221; dedi. Ge\u00e7mi\u015fte emekli olan bir memurun maa\u015f\u0131n\u0131n y\u00fczde 70\u2019ini alabildi\u011fini ancak bu oran\u0131n g\u00fcn\u00fcm\u00fczde y\u00fczde 40\u2019lara kadar d\u00fc\u015ft\u00fc\u011f\u00fcn\u00fc s\u00f6yleyen Yayman, t\u00fcm emeklilere seyyanen \u00f6deme yap\u0131lmas\u0131 gerekti\u011fini vurgulad\u0131. Temmuz ay\u0131nda yap\u0131lacak zamlar\u0131n k\u00f6k maa\u015flar \u00fczerinden de\u011fil, emeklilerin eline ge\u00e7en net maa\u015flar \u00fczerinden belirlenmesi gerekti\u011fini dile getiren Yayman, aksi halde yakla\u015f\u0131k 4 milyon emekli ile bir o kadar dul ve yetimin maa\u015f\u0131nda herhangi bir art\u0131\u015f olmayaca\u011f\u0131n\u0131 s\u00f6yledi. G\u0131da fiyatlar\u0131n\u0131n emeklilerin al\u0131m g\u00fcc\u00fcn\u00fc a\u015ft\u0131\u011f\u0131n\u0131 ifade eden Yayman, \u201cEmekliler domatesi, karpuzu dilimle almak zorunda kal\u0131yor. Etin ad\u0131n\u0131 dahi anamaz hale geldik. Emekliler ekmek almaktan bile aciz duruma d\u00fc\u015ft\u00fc\u201d dedi. \u0130\u015f kazalar\u0131na da de\u011finen Yayman, 71 ya\u015f\u0131nda in\u015faatta \u00e7al\u0131\u015f\u0131rken ya\u015fam\u0131n\u0131 yitiren Selami \u015eim\u015fek\u2019i hat\u0131rlatarak, \u015funlar\u0131 kaydetti: \u201cBu trajedinin faili uygulanan sefalet politikalar\u0131d\u0131r. Ge\u00e7ti\u011fimiz y\u0131l da 79 ya\u015f\u0131ndaki bir vatanda\u015f\u0131m\u0131z in\u015faatta \u00e7al\u0131\u015f\u0131rken hayat\u0131n\u0131 kaybetti. Bu olaylar ne yaz\u0131k ki ne parlamenterlerin ajandas\u0131nda yer al\u0131yor ne de \u00fclke kaynaklar\u0131na h\u00e2kim olanlar\u0131n g\u00fcndemine giriyor\u201d \u200bT\u00fcm Emekliler Sendikas\u0131 \u0130skenderun &hellip;<\/p>","protected":false},"author":1,"featured_media":0,"comment_status":"","ping_status":"open","sticky":false,"template":"","format":"standard","meta":{"_acf_changed":false,"footnotes":""},"categories":[24],"tags":[],"class_list":["post-134874","post","type-post","status-publish","format-standard","has-post-thumbnail","hentry","category-gundem"],"acf":[],"yoast_head":"<!-- This site is optimized with the Yoast SEO Premium plugin v26.6 (Yoast SEO v27.1.1) - https:\/\/yoast.com\/product\/yoast-seo-premium-wordpress\/ -->\n<title>T\u00fcm Emekliler Sendikas\u0131&#039;ndan Tepki! - Av. Deniz Can K\u0131z\u0131l<\/title>\n<meta name=\"robots\" content=\"index, follow, max-snippet:-1, max-image-preview:large, max-video-preview:-1\" \/>\n<link rel=\"canonical\" href=\"https:\/\/denizcankizil.tr\/de\/haberler\/gundem\/tum-emekliler-sendikasindan-tepki\/\" \/>\n<meta property=\"og:locale\" content=\"de_DE\" \/>\n<meta property=\"og:type\" content=\"article\" \/>\n<meta property=\"og:title\" content=\"T\u00fcm Emekliler Sendikas\u0131&#039;ndan Tepki!\" \/>\n<meta property=\"og:description\" content=\"Yayman, a\u00e7\u0131klamas\u0131nda yakla\u015f\u0131k 4 milyon emekli ile bir o kadar dul ve yetimin ya\u015fam m\u00fccadelesi verdi\u011fini ifade ederek, &#8220;Memur emeklileri de benzer s\u0131k\u0131nt\u0131lar i\u00e7inde. Yasa gere\u011fi memurlara yap\u0131lan maa\u015f art\u0131\u015flar\u0131ndan memur emeklilerinin de faydalanmas\u0131 gerekirken, seyyanen \u00f6denek yaln\u0131zca aktif memurlara verildi. Bu, yasal bo\u015fluklarla memur emeklilerinin haklar\u0131n\u0131n g\u00f6z ard\u0131 edilmesidir&#8221; dedi. Ge\u00e7mi\u015fte emekli olan bir memurun maa\u015f\u0131n\u0131n y\u00fczde 70\u2019ini alabildi\u011fini ancak bu oran\u0131n g\u00fcn\u00fcm\u00fczde y\u00fczde 40\u2019lara kadar d\u00fc\u015ft\u00fc\u011f\u00fcn\u00fc s\u00f6yleyen Yayman, t\u00fcm emeklilere seyyanen \u00f6deme yap\u0131lmas\u0131 gerekti\u011fini vurgulad\u0131. Temmuz ay\u0131nda yap\u0131lacak zamlar\u0131n k\u00f6k maa\u015flar \u00fczerinden de\u011fil, emeklilerin eline ge\u00e7en net maa\u015flar \u00fczerinden belirlenmesi gerekti\u011fini dile getiren Yayman, aksi halde yakla\u015f\u0131k 4 milyon emekli ile bir o kadar dul ve yetimin maa\u015f\u0131nda herhangi bir art\u0131\u015f olmayaca\u011f\u0131n\u0131 s\u00f6yledi. G\u0131da fiyatlar\u0131n\u0131n emeklilerin al\u0131m g\u00fcc\u00fcn\u00fc a\u015ft\u0131\u011f\u0131n\u0131 ifade eden Yayman, \u201cEmekliler domatesi, karpuzu dilimle almak zorunda kal\u0131yor. Etin ad\u0131n\u0131 dahi anamaz hale geldik. Emekliler ekmek almaktan bile aciz duruma d\u00fc\u015ft\u00fc\u201d dedi. \u0130\u015f kazalar\u0131na da de\u011finen Yayman, 71 ya\u015f\u0131nda in\u015faatta \u00e7al\u0131\u015f\u0131rken ya\u015fam\u0131n\u0131 yitiren Selami \u015eim\u015fek\u2019i hat\u0131rlatarak, \u015funlar\u0131 kaydetti: \u201cBu trajedinin faili uygulanan sefalet politikalar\u0131d\u0131r. Ge\u00e7ti\u011fimiz y\u0131l da 79 ya\u015f\u0131ndaki bir vatanda\u015f\u0131m\u0131z in\u015faatta \u00e7al\u0131\u015f\u0131rken hayat\u0131n\u0131 kaybetti. Bu olaylar ne yaz\u0131k ki ne parlamenterlerin ajandas\u0131nda yer al\u0131yor ne de \u00fclke kaynaklar\u0131na h\u00e2kim olanlar\u0131n g\u00fcndemine giriyor\u201d \u200bT\u00fcm Emekliler Sendikas\u0131 \u0130skenderun &hellip;\" \/>\n<meta property=\"og:url\" content=\"https:\/\/denizcankizil.tr\/de\/haberler\/gundem\/tum-emekliler-sendikasindan-tepki\/\" \/>\n<meta property=\"og:site_name\" content=\"Av. Deniz Can K\u0131z\u0131l\" \/>\n<meta property=\"article:published_time\" content=\"2025-07-03T15:42:37+00:00\" \/>\n<meta name=\"author\" content=\"admin\" \/>\n<meta name=\"twitter:card\" content=\"summary_large_image\" \/>\n<meta name=\"twitter:label1\" content=\"Verfasst von\" \/>\n\t<meta name=\"twitter:data1\" content=\"admin\" \/>\n\t<meta name=\"twitter:label2\" content=\"Gesch\u00e4tzte Lesezeit\" \/>\n\t<meta name=\"twitter:data2\" content=\"2\u00a0Minuten\" \/>\n<script type=\"application\/ld+json\" class=\"yoast-schema-graph\">{\"@context\":\"https:\/\/schema.org\",\"@graph\":[{\"@type\":\"Article\",\"@id\":\"https:\/\/denizcankizil.tr\/de\/haberler\/gundem\/tum-emekliler-sendikasindan-tepki\/#article\",\"isPartOf\":{\"@id\":\"https:\/\/denizcankizil.tr\/de\/haberler\/gundem\/tum-emekliler-sendikasindan-tepki\/\"},\"author\":{\"name\":\"admin\",\"@id\":\"https:\/\/denizcankizil.tr\/de\/#\/schema\/person\/be3c05fe6a12686905512445d8185489\"},\"headline\":\"T\u00fcm Emekliler Sendikas\u0131&#8217;ndan Tepki!\",\"datePublished\":\"2025-07-03T15:42:37+00:00\",\"mainEntityOfPage\":{\"@id\":\"https:\/\/denizcankizil.tr\/de\/haberler\/gundem\/tum-emekliler-sendikasindan-tepki\/\"},\"wordCount\":352,\"publisher\":{\"@id\":\"https:\/\/denizcankizil.tr\/de\/#organization\"},\"articleSection\":[\"G\u00fcndem\"],\"inLanguage\":\"de\"},{\"@type\":\"WebPage\",\"@id\":\"https:\/\/denizcankizil.tr\/de\/haberler\/gundem\/tum-emekliler-sendikasindan-tepki\/\",\"url\":\"https:\/\/denizcankizil.tr\/de\/haberler\/gundem\/tum-emekliler-sendikasindan-tepki\/\",\"name\":\"T\u00fcm Emekliler Sendikas\u0131'ndan Tepki! - Av. Deniz Can K\u0131z\u0131l\",\"isPartOf\":{\"@id\":\"https:\/\/denizcankizil.tr\/de\/#website\"},\"datePublished\":\"2025-07-03T15:42:37+00:00\",\"breadcrumb\":{\"@id\":\"https:\/\/denizcankizil.tr\/de\/haberler\/gundem\/tum-emekliler-sendikasindan-tepki\/#breadcrumb\"},\"inLanguage\":\"de\",\"potentialAction\":[{\"@type\":\"ReadAction\",\"target\":[\"https:\/\/denizcankizil.tr\/de\/haberler\/gundem\/tum-emekliler-sendikasindan-tepki\/\"]}]},{\"@type\":\"BreadcrumbList\",\"@id\":\"https:\/\/denizcankizil.tr\/de\/haberler\/gundem\/tum-emekliler-sendikasindan-tepki\/#breadcrumb\",\"itemListElement\":[{\"@type\":\"ListItem\",\"position\":1,\"name\":\"Home\",\"item\":\"https:\/\/denizcankizil.tr\/de\/\"},{\"@type\":\"ListItem\",\"position\":2,\"name\":\"T\u00fcm Emekliler Sendikas\u0131&#8217;ndan Tepki!\"}]},{\"@type\":\"WebSite\",\"@id\":\"https:\/\/denizcankizil.tr\/de\/#website\",\"url\":\"https:\/\/denizcankizil.tr\/de\/\",\"name\":\"Av. Deniz Can K\u0131z\u0131l\",\"description\":\"Avukat Deniz Can K\u0131z\u0131l Antalya Barosu\",\"publisher\":{\"@id\":\"https:\/\/denizcankizil.tr\/de\/#organization\"},\"potentialAction\":[{\"@type\":\"SearchAction\",\"target\":{\"@type\":\"EntryPoint\",\"urlTemplate\":\"https:\/\/denizcankizil.tr\/de\/?s={search_term_string}\"},\"query-input\":{\"@type\":\"PropertyValueSpecification\",\"valueRequired\":true,\"valueName\":\"search_term_string\"}}],\"inLanguage\":\"de\"},{\"@type\":\"Organization\",\"@id\":\"https:\/\/denizcankizil.tr\/de\/#organization\",\"name\":\"Av. Deniz Can K\u0131z\u0131l\",\"url\":\"https:\/\/denizcankizil.tr\/de\/\",\"logo\":{\"@type\":\"ImageObject\",\"inLanguage\":\"de\",\"@id\":\"https:\/\/denizcankizil.tr\/de\/#\/schema\/logo\/image\/\",\"url\":\"https:\/\/denizcankizil.tr\/wp-content\/uploads\/2024\/10\/siyah-logo-svg.svg\",\"contentUrl\":\"https:\/\/denizcankizil.tr\/wp-content\/uploads\/2024\/10\/siyah-logo-svg.svg\",\"width\":1080,\"height\":1080,\"caption\":\"Av. Deniz Can K\u0131z\u0131l\"},\"image\":{\"@id\":\"https:\/\/denizcankizil.tr\/de\/#\/schema\/logo\/image\/\"}},{\"@type\":\"Person\",\"@id\":\"https:\/\/denizcankizil.tr\/de\/#\/schema\/person\/be3c05fe6a12686905512445d8185489\",\"name\":\"admin\",\"image\":{\"@type\":\"ImageObject\",\"inLanguage\":\"de\",\"@id\":\"https:\/\/denizcankizil.tr\/de\/#\/schema\/person\/image\/\",\"url\":\"https:\/\/secure.gravatar.com\/avatar\/c1fce94c830dc79107e174f890d7210541c4a63e8e5d816341794a2151c9d58c?s=96&d=mm&r=g\",\"contentUrl\":\"https:\/\/secure.gravatar.com\/avatar\/c1fce94c830dc79107e174f890d7210541c4a63e8e5d816341794a2151c9d58c?s=96&d=mm&r=g\",\"caption\":\"admin\"},\"sameAs\":[\"http:\/\/denizcankizil.tr\"],\"url\":\"https:\/\/www.iskenderun.org\/tum-emekliler-sendikasindan-tepki\"}]}<\/script>\n<!-- \/ Yoast SEO Premium plugin. -->","yoast_head_json":{"title":"T\u00fcm Emekliler Sendikas\u0131'ndan Tepki! - Av. Deniz Can K\u0131z\u0131l","robots":{"index":"index","follow":"follow","max-snippet":"max-snippet:-1","max-image-preview":"max-image-preview:large","max-video-preview":"max-video-preview:-1"},"canonical":"https:\/\/denizcankizil.tr\/de\/haberler\/gundem\/tum-emekliler-sendikasindan-tepki\/","og_locale":"de_DE","og_type":"article","og_title":"T\u00fcm Emekliler Sendikas\u0131'ndan Tepki!","og_description":"Yayman, a\u00e7\u0131klamas\u0131nda yakla\u015f\u0131k 4 milyon emekli ile bir o kadar dul ve yetimin ya\u015fam m\u00fccadelesi verdi\u011fini ifade ederek, &#8220;Memur emeklileri de benzer s\u0131k\u0131nt\u0131lar i\u00e7inde. Yasa gere\u011fi memurlara yap\u0131lan maa\u015f art\u0131\u015flar\u0131ndan memur emeklilerinin de faydalanmas\u0131 gerekirken, seyyanen \u00f6denek yaln\u0131zca aktif memurlara verildi. Bu, yasal bo\u015fluklarla memur emeklilerinin haklar\u0131n\u0131n g\u00f6z ard\u0131 edilmesidir&#8221; dedi. Ge\u00e7mi\u015fte emekli olan bir memurun maa\u015f\u0131n\u0131n y\u00fczde 70\u2019ini alabildi\u011fini ancak bu oran\u0131n g\u00fcn\u00fcm\u00fczde y\u00fczde 40\u2019lara kadar d\u00fc\u015ft\u00fc\u011f\u00fcn\u00fc s\u00f6yleyen Yayman, t\u00fcm emeklilere seyyanen \u00f6deme yap\u0131lmas\u0131 gerekti\u011fini vurgulad\u0131. Temmuz ay\u0131nda yap\u0131lacak zamlar\u0131n k\u00f6k maa\u015flar \u00fczerinden de\u011fil, emeklilerin eline ge\u00e7en net maa\u015flar \u00fczerinden belirlenmesi gerekti\u011fini dile getiren Yayman, aksi halde yakla\u015f\u0131k 4 milyon emekli ile bir o kadar dul ve yetimin maa\u015f\u0131nda herhangi bir art\u0131\u015f olmayaca\u011f\u0131n\u0131 s\u00f6yledi. G\u0131da fiyatlar\u0131n\u0131n emeklilerin al\u0131m g\u00fcc\u00fcn\u00fc a\u015ft\u0131\u011f\u0131n\u0131 ifade eden Yayman, \u201cEmekliler domatesi, karpuzu dilimle almak zorunda kal\u0131yor. Etin ad\u0131n\u0131 dahi anamaz hale geldik. Emekliler ekmek almaktan bile aciz duruma d\u00fc\u015ft\u00fc\u201d dedi. \u0130\u015f kazalar\u0131na da de\u011finen Yayman, 71 ya\u015f\u0131nda in\u015faatta \u00e7al\u0131\u015f\u0131rken ya\u015fam\u0131n\u0131 yitiren Selami \u015eim\u015fek\u2019i hat\u0131rlatarak, \u015funlar\u0131 kaydetti: \u201cBu trajedinin faili uygulanan sefalet politikalar\u0131d\u0131r. Ge\u00e7ti\u011fimiz y\u0131l da 79 ya\u015f\u0131ndaki bir vatanda\u015f\u0131m\u0131z in\u015faatta \u00e7al\u0131\u015f\u0131rken hayat\u0131n\u0131 kaybetti. Bu olaylar ne yaz\u0131k ki ne parlamenterlerin ajandas\u0131nda yer al\u0131yor ne de \u00fclke kaynaklar\u0131na h\u00e2kim olanlar\u0131n g\u00fcndemine giriyor\u201d \u200bT\u00fcm Emekliler Sendikas\u0131 \u0130skenderun &hellip;","og_url":"https:\/\/denizcankizil.tr\/de\/haberler\/gundem\/tum-emekliler-sendikasindan-tepki\/","og_site_name":"Av. Deniz Can K\u0131z\u0131l","article_published_time":"2025-07-03T15:42:37+00:00","author":"admin","twitter_card":"summary_large_image","twitter_misc":{"Verfasst von":"admin","Gesch\u00e4tzte Lesezeit":"2\u00a0Minuten"},"schema":{"@context":"https:\/\/schema.org","@graph":[{"@type":"Article","@id":"https:\/\/denizcankizil.tr\/de\/haberler\/gundem\/tum-emekliler-sendikasindan-tepki\/#article","isPartOf":{"@id":"https:\/\/denizcankizil.tr\/de\/haberler\/gundem\/tum-emekliler-sendikasindan-tepki\/"},"author":{"name":"admin","@id":"https:\/\/denizcankizil.tr\/de\/#\/schema\/person\/be3c05fe6a12686905512445d8185489"},"headline":"T\u00fcm Emekliler Sendikas\u0131&#8217;ndan Tepki!","datePublished":"2025-07-03T15:42:37+00:00","mainEntityOfPage":{"@id":"https:\/\/denizcankizil.tr\/de\/haberler\/gundem\/tum-emekliler-sendikasindan-tepki\/"},"wordCount":352,"publisher":{"@id":"https:\/\/denizcankizil.tr\/de\/#organization"},"articleSection":["G\u00fcndem"],"inLanguage":"de"},{"@type":"WebPage","@id":"https:\/\/denizcankizil.tr\/de\/haberler\/gundem\/tum-emekliler-sendikasindan-tepki\/","url":"https:\/\/denizcankizil.tr\/de\/haberler\/gundem\/tum-emekliler-sendikasindan-tepki\/","name":"T\u00fcm Emekliler Sendikas\u0131'ndan Tepki! - Av. Deniz Can K\u0131z\u0131l","isPartOf":{"@id":"https:\/\/denizcankizil.tr\/de\/#website"},"datePublished":"2025-07-03T15:42:37+00:00","breadcrumb":{"@id":"https:\/\/denizcankizil.tr\/de\/haberler\/gundem\/tum-emekliler-sendikasindan-tepki\/#breadcrumb"},"inLanguage":"de","potentialAction":[{"@type":"ReadAction","target":["https:\/\/denizcankizil.tr\/de\/haberler\/gundem\/tum-emekliler-sendikasindan-tepki\/"]}]},{"@type":"BreadcrumbList","@id":"https:\/\/denizcankizil.tr\/de\/haberler\/gundem\/tum-emekliler-sendikasindan-tepki\/#breadcrumb","itemListElement":[{"@type":"ListItem","position":1,"name":"Home","item":"https:\/\/denizcankizil.tr\/de\/"},{"@type":"ListItem","position":2,"name":"T\u00fcm Emekliler Sendikas\u0131&#8217;ndan Tepki!"}]},{"@type":"WebSite","@id":"https:\/\/denizcankizil.tr\/de\/#website","url":"https:\/\/denizcankizil.tr\/de\/","name":"Av. Deniz Can K\u0131z\u0131l","description":"Avukat Deniz Can K\u0131z\u0131l Antalya Barosu","publisher":{"@id":"https:\/\/denizcankizil.tr\/de\/#organization"},"potentialAction":[{"@type":"SearchAction","target":{"@type":"EntryPoint","urlTemplate":"https:\/\/denizcankizil.tr\/de\/?s={search_term_string}"},"query-input":{"@type":"PropertyValueSpecification","valueRequired":true,"valueName":"search_term_string"}}],"inLanguage":"de"},{"@type":"Organization","@id":"https:\/\/denizcankizil.tr\/de\/#organization","name":"Av. Deniz Can K\u0131z\u0131l","url":"https:\/\/denizcankizil.tr\/de\/","logo":{"@type":"ImageObject","inLanguage":"de","@id":"https:\/\/denizcankizil.tr\/de\/#\/schema\/logo\/image\/","url":"https:\/\/denizcankizil.tr\/wp-content\/uploads\/2024\/10\/siyah-logo-svg.svg","contentUrl":"https:\/\/denizcankizil.tr\/wp-content\/uploads\/2024\/10\/siyah-logo-svg.svg","width":1080,"height":1080,"caption":"Av. Deniz Can K\u0131z\u0131l"},"image":{"@id":"https:\/\/denizcankizil.tr\/de\/#\/schema\/logo\/image\/"}},{"@type":"Person","@id":"https:\/\/denizcankizil.tr\/de\/#\/schema\/person\/be3c05fe6a12686905512445d8185489","name":"Administrator","image":{"@type":"ImageObject","inLanguage":"de","@id":"https:\/\/denizcankizil.tr\/de\/#\/schema\/person\/image\/","url":"https:\/\/secure.gravatar.com\/avatar\/c1fce94c830dc79107e174f890d7210541c4a63e8e5d816341794a2151c9d58c?s=96&d=mm&r=g","contentUrl":"https:\/\/secure.gravatar.com\/avatar\/c1fce94c830dc79107e174f890d7210541c4a63e8e5d816341794a2151c9d58c?s=96&d=mm&r=g","caption":"admin"},"sameAs":["http:\/\/denizcankizil.tr"],"url":"https:\/\/www.iskenderun.org\/tum-emekliler-sendikasindan-tepki"}]}},"_links":{"self":[{"href":"https:\/\/denizcankizil.tr\/de\/wp-json\/wp\/v2\/posts\/134874","targetHints":{"allow":["GET"]}}],"collection":[{"href":"https:\/\/denizcankizil.tr\/de\/wp-json\/wp\/v2\/posts"}],"about":[{"href":"https:\/\/denizcankizil.tr\/de\/wp-json\/wp\/v2\/types\/post"}],"author":[{"embeddable":true,"href":"https:\/\/denizcankizil.tr\/de\/wp-json\/wp\/v2\/users\/1"}],"replies":[{"embeddable":true,"href":"https:\/\/denizcankizil.tr\/de\/wp-json\/wp\/v2\/comments?post=134874"}],"version-history":[{"count":0,"href":"https:\/\/denizcankizil.tr\/de\/wp-json\/wp\/v2\/posts\/134874\/revisions"}],"wp:attachment":[{"href":"https:\/\/denizcankizil.tr\/de\/wp-json\/wp\/v2\/media?parent=134874"}],"wp:term":[{"taxonomy":"category","embeddable":true,"href":"https:\/\/denizcankizil.tr\/de\/wp-json\/wp\/v2\/categories?post=134874"},{"taxonomy":"post_tag","embeddable":true,"href":"https:\/\/denizcankizil.tr\/de\/wp-json\/wp\/v2\/tags?post=134874"}],"curies":[{"name":"wp","href":"https:\/\/api.w.org\/{rel}","templated":true}]}}