{"id":134773,"date":"2025-07-03T16:42:35","date_gmt":"2025-07-03T13:42:35","guid":{"rendered":"https:\/\/denizcankizil.tr\/uncategorized-tr\/turk-saglik-sen-memur-ve-emekli-maaslari-enflasyona-yetisemiyor\/"},"modified":"2025-07-03T16:42:35","modified_gmt":"2025-07-03T13:42:35","slug":"turk-saglik-sen-memur-ve-emekli-maaslari-enflasyona-yetisemiyor","status":"publish","type":"post","link":"https:\/\/denizcankizil.tr\/de\/haberler\/gundem\/turk-saglik-sen-memur-ve-emekli-maaslari-enflasyona-yetisemiyor\/","title":{"rendered":"T\u00fcrk Sa\u011fl\u0131k Sen: Memur ve emekli maa\u015flar\u0131 enflasyona yeti\u015femiyor"},"content":{"rendered":"<p>T\u00fcrk Sa\u011fl\u0131k Sen Kocaeli \u015eube Ba\u015fkan\u0131 \u00d6mer \u00c7eker, T\u00dc\u0130K\u2019in Haziran ay\u0131 enflasyon verilerine dayanarak memur maa\u015flar\u0131n\u0131n y\u00fczde 10,67 eridi\u011fini, Temmuz\u2019da yap\u0131lacak y\u00fczde 15,56\u2019l\u0131k zamm\u0131n yetersiz oldu\u011funu ve ek zam gerekti\u011fini belirtti.KOCAEL\u0130 (\u0130GFA) &#8211; T\u00fcrkiye \u0130statistik Kurumu\u2019nun (T\u00dc\u0130K) Haziran ay\u0131 enflasyon verilerini a\u00e7\u0131klamas\u0131n\u0131n ard\u0131ndan T\u00fcrk Sa\u011fl\u0131k Sen Kocaeli \u015eube Ba\u015fkan\u0131 \u00d6mer \u00c7eker yaz\u0131l\u0131 bir a\u00e7\u0131klama yapt\u0131.<br \/>\nBa\u015fkan \u00c7eker, Haziran\u2019da ayl\u0131k enflasyonun y\u00fczde 1,37, 2025\u2019in ilk alt\u0131 ay\u0131ndaki k\u00fcm\u00fclatif enflasyonun ise y\u00fczde 16,67 oldu\u011funu belirterek, memur ve emekli maa\u015flar\u0131n\u0131n y\u00fczde 6\u2019l\u0131k Ocak zamm\u0131na ra\u011fmen y\u00fczde 10,67 eridi\u011fini vurgulad\u0131.<br \/>\nTEMMUZ ZAMMI YETERS\u0130Z<br \/>\nMevzuata g\u00f6re, Temmuz\u2019da memur ve emekli maa\u015flar\u0131na y\u00fczde 10,06 enflasyon fark\u0131 ve y\u00fczde 5\u2019lik toplu s\u00f6zle\u015fme zamm\u0131 ile toplam y\u00fczde 15,56 art\u0131\u015f \u00f6ng\u00f6r\u00fcl\u00fcyor. Bu, en d\u00fc\u015f\u00fck memur maa\u015f\u0131nda (41.600 TL) yakla\u015f\u0131k 6.660 TL, ortalama memur maa\u015f\u0131nda (49.800 TL) ise 7.970 TL art\u0131\u015f anlam\u0131na geliyor. Ancak \u00c7eker, bu zamm\u0131n y\u00fczde 10,06\u2019s\u0131n\u0131n ge\u00e7mi\u015f enflasyonu telafi etti\u011fini, y\u00fczde 5\u2019lik art\u0131\u015f\u0131n ise y\u00fcksek enflasyon kar\u015f\u0131s\u0131nda yetersiz kald\u0131\u011f\u0131n\u0131 ifade etti.<br \/>\nG\u0131da, kira, ula\u015f\u0131m ve enerji fiyatlar\u0131ndaki s\u00fcrekli y\u00fckseli\u015fin maa\u015f art\u0131\u015flar\u0131n\u0131 etkisiz hale getirdi\u011fini belirten Ba\u015fkan \u00c7eker, memur ve emeklilerin ge\u00e7im s\u0131k\u0131nt\u0131s\u0131 \u00e7ekti\u011fini vurgulad\u0131.<br \/>\nEK ZAM VE TOPLU S\u00d6ZLE\u015eME TALEB\u0130<br \/>\nT\u00fcrk Sa\u011fl\u0131k Sen Kocaeli \u015eube Ba\u015fkan\u0131 \u00d6mer  \u00c7eker, memur ve emeklilerin reel gelir kayb\u0131n\u0131 \u00f6nlemek i\u00e7in ek zam gerekti\u011fini, mevcut sistemin al\u0131m g\u00fcc\u00fcn\u00fc koruyamad\u0131\u011f\u0131n\u0131 s\u00f6yledi.<br \/>\n8. D\u00f6nem Toplu S\u00f6zle\u015fme G\u00f6r\u00fc\u015fmeleri\u2019ne dikkat \u00e7eken Ba\u015fkan \u00c7eker, T\u00fcrkiye Kamu-Sen olarak refah pay\u0131 ve yap\u0131sal d\u00fczenlemeler i\u00e7in m\u00fccadele edeceklerini, siyasi iradenin de adil bir s\u00fcre\u00e7 y\u00fcr\u00fctmesini beklediklerini ifade ederek, kal\u0131c\u0131 \u00e7\u00f6z\u00fcm i\u00e7in enflasyon fark\u0131n\u0131n ayl\u0131k yans\u0131t\u0131lmas\u0131, refah pay\u0131n\u0131n mevzuata eklenmesi ve piyasa ger\u00e7eklerine uygun maa\u015f art\u0131\u015f\u0131 talep etti. \u00c7eker, toplu s\u00f6zle\u015fme ve ek zam, kamu \u00e7al\u0131\u015fanlar\u0131n\u0131n gelece\u011fi i\u00e7in hayati\u201d diyerek h\u00fck\u00fcmetten ekonomik s\u0131k\u0131nt\u0131lar\u0131 hafifletecek ad\u0131mlar atmas\u0131n\u0131 istedi.<\/p>\n<p>\u200bT\u00fcrk Sa\u011fl\u0131k Sen Kocaeli \u015eube Ba\u015fkan\u0131 \u00d6mer \u00c7eker, T\u00dc\u0130K\u2019in Haziran ay\u0131 enflasyon verilerine dayanarak memur maa\u015flar\u0131n\u0131n y\u00fczde 10,67 eridi\u011fini, Temmuz\u2019da yap\u0131lacak y\u00fczde 15,56\u2019l\u0131k zamm\u0131n yetersiz oldu\u011funu ve ek zam gerekti\u011fini belirtti.KOCAEL\u0130 (\u0130GFA) &#8211; T\u00fcrkiye \u0130statistik Kurumu\u2019nun (T\u00dc\u0130K) Haziran ay\u0131 enflasyon verilerini a\u00e7\u0131klamas\u0131n\u0131n ard\u0131ndan T\u00fcrk Sa\u011fl\u0131k Sen Kocaeli \u015eube Ba\u015fkan\u0131 \u00d6mer \u00c7eker yaz\u0131l\u0131 bir a\u00e7\u0131klama yapt\u0131.<br \/>\nBa\u015fkan \u00c7eker, Haziran\u2019da ayl\u0131k enflasyonun y\u00fczde 1,37, 2025\u2019in ilk alt\u0131 ay\u0131ndaki k\u00fcm\u00fclatif enflasyonun ise y\u00fczde 16,67 oldu\u011funu belirterek, memur ve emekli maa\u015flar\u0131n\u0131n y\u00fczde 6\u2019l\u0131k Ocak zamm\u0131na ra\u011fmen y\u00fczde 10,67 eridi\u011fini vurgulad\u0131.<br \/>\nTEMMUZ ZAMMI YETERS\u0130Z<br \/>\nMevzuata g\u00f6re, Temmuz\u2019da memur ve emekli maa\u015flar\u0131na y\u00fczde 10,06 enflasyon fark\u0131 ve y\u00fczde 5\u2019lik toplu s\u00f6zle\u015fme zamm\u0131 ile toplam y\u00fczde 15,56 art\u0131\u015f \u00f6ng\u00f6r\u00fcl\u00fcyor. Bu, en d\u00fc\u015f\u00fck memur maa\u015f\u0131nda (41.600 TL) yakla\u015f\u0131k 6.660 TL, ortalama memur maa\u015f\u0131nda (49.800 TL) ise 7.970 TL art\u0131\u015f anlam\u0131na geliyor. Ancak \u00c7eker, bu zamm\u0131n y\u00fczde 10,06\u2019s\u0131n\u0131n ge\u00e7mi\u015f enflasyonu telafi etti\u011fini, y\u00fczde 5\u2019lik art\u0131\u015f\u0131n ise y\u00fcksek enflasyon kar\u015f\u0131s\u0131nda yetersiz kald\u0131\u011f\u0131n\u0131 ifade etti.<br \/>\nG\u0131da, kira, ula\u015f\u0131m ve enerji fiyatlar\u0131ndaki s\u00fcrekli y\u00fckseli\u015fin maa\u015f art\u0131\u015flar\u0131n\u0131 etkisiz hale getirdi\u011fini belirten Ba\u015fkan \u00c7eker, memur ve emeklilerin ge\u00e7im s\u0131k\u0131nt\u0131s\u0131 \u00e7ekti\u011fini vurgulad\u0131.<br \/>\nEK ZAM VE TOPLU S\u00d6ZLE\u015eME TALEB\u0130<br \/>\nT\u00fcrk Sa\u011fl\u0131k Sen Kocaeli \u015eube Ba\u015fkan\u0131 \u00d6mer  \u00c7eker, memur ve emeklilerin reel gelir kayb\u0131n\u0131 \u00f6nlemek i\u00e7in ek zam gerekti\u011fini, mevcut sistemin al\u0131m g\u00fcc\u00fcn\u00fc koruyamad\u0131\u011f\u0131n\u0131 s\u00f6yledi.<br \/>\n8. D\u00f6nem Toplu S\u00f6zle\u015fme G\u00f6r\u00fc\u015fmeleri\u2019ne dikkat \u00e7eken Ba\u015fkan \u00c7eker, T\u00fcrkiye Kamu-Sen olarak refah pay\u0131 ve yap\u0131sal d\u00fczenlemeler i\u00e7in m\u00fccadele edeceklerini, siyasi iradenin de adil bir s\u00fcre\u00e7 y\u00fcr\u00fctmesini beklediklerini ifade ederek, kal\u0131c\u0131 \u00e7\u00f6z\u00fcm i\u00e7in enflasyon fark\u0131n\u0131n ayl\u0131k yans\u0131t\u0131lmas\u0131, refah pay\u0131n\u0131n mevzuata eklenmesi ve piyasa ger\u00e7eklerine uygun maa\u015f art\u0131\u015f\u0131 talep etti. \u00c7eker, toplu s\u00f6zle\u015fme ve ek zam, kamu \u00e7al\u0131\u015fanlar\u0131n\u0131n gelece\u011fi i\u00e7in hayati\u201d diyerek h\u00fck\u00fcmetten ekonomik s\u0131k\u0131nt\u0131lar\u0131 hafifletecek ad\u0131mlar atmas\u0131n\u0131 istedi.\u00a0<\/p>\n<p>\u200bHaberin Al\u0131nt\u0131land\u0131\u011f\u0131 Kaynak: www.iskenderun.org<\/p>","protected":false},"excerpt":{"rendered":"<p>T\u00fcrk Sa\u011fl\u0131k Sen Kocaeli \u015eube Ba\u015fkan\u0131 \u00d6mer \u00c7eker, T\u00dc\u0130K\u2019in Haziran ay\u0131 enflasyon verilerine dayanarak memur maa\u015flar\u0131n\u0131n y\u00fczde 10,67 eridi\u011fini, Temmuz\u2019da yap\u0131lacak y\u00fczde 15,56\u2019l\u0131k zamm\u0131n yetersiz oldu\u011funu ve ek zam gerekti\u011fini belirtti.KOCAEL\u0130 (\u0130GFA) &#8211; T\u00fcrkiye \u0130statistik Kurumu\u2019nun (T\u00dc\u0130K) Haziran ay\u0131 enflasyon verilerini a\u00e7\u0131klamas\u0131n\u0131n ard\u0131ndan T\u00fcrk Sa\u011fl\u0131k Sen Kocaeli \u015eube Ba\u015fkan\u0131 \u00d6mer \u00c7eker yaz\u0131l\u0131 bir a\u00e7\u0131klama yapt\u0131. Ba\u015fkan \u00c7eker, Haziran\u2019da ayl\u0131k enflasyonun y\u00fczde 1,37, 2025\u2019in ilk alt\u0131 ay\u0131ndaki k\u00fcm\u00fclatif enflasyonun ise y\u00fczde 16,67 oldu\u011funu belirterek, memur ve emekli maa\u015flar\u0131n\u0131n y\u00fczde 6\u2019l\u0131k Ocak zamm\u0131na ra\u011fmen y\u00fczde 10,67 eridi\u011fini vurgulad\u0131. TEMMUZ ZAMMI YETERS\u0130Z Mevzuata g\u00f6re, Temmuz\u2019da memur ve emekli maa\u015flar\u0131na y\u00fczde 10,06 enflasyon fark\u0131 ve y\u00fczde 5\u2019lik toplu s\u00f6zle\u015fme zamm\u0131 ile toplam y\u00fczde 15,56 art\u0131\u015f \u00f6ng\u00f6r\u00fcl\u00fcyor. Bu, en d\u00fc\u015f\u00fck memur maa\u015f\u0131nda (41.600 TL) yakla\u015f\u0131k 6.660 TL, ortalama memur maa\u015f\u0131nda (49.800 TL) ise 7.970 TL art\u0131\u015f anlam\u0131na geliyor. Ancak \u00c7eker, bu zamm\u0131n y\u00fczde 10,06\u2019s\u0131n\u0131n ge\u00e7mi\u015f enflasyonu telafi etti\u011fini, y\u00fczde 5\u2019lik art\u0131\u015f\u0131n ise y\u00fcksek enflasyon kar\u015f\u0131s\u0131nda yetersiz kald\u0131\u011f\u0131n\u0131 ifade etti. G\u0131da, kira, ula\u015f\u0131m ve enerji fiyatlar\u0131ndaki s\u00fcrekli y\u00fckseli\u015fin maa\u015f art\u0131\u015flar\u0131n\u0131 etkisiz hale getirdi\u011fini belirten Ba\u015fkan \u00c7eker, memur ve emeklilerin ge\u00e7im s\u0131k\u0131nt\u0131s\u0131 \u00e7ekti\u011fini vurgulad\u0131. EK ZAM VE TOPLU S\u00d6ZLE\u015eME TALEB\u0130 T\u00fcrk Sa\u011fl\u0131k Sen Kocaeli \u015eube Ba\u015fkan\u0131 \u00d6mer \u00c7eker, memur ve emeklilerin reel gelir kayb\u0131n\u0131 \u00f6nlemek i\u00e7in ek &hellip;<\/p>","protected":false},"author":1,"featured_media":0,"comment_status":"","ping_status":"open","sticky":false,"template":"","format":"standard","meta":{"_acf_changed":false,"footnotes":""},"categories":[24],"tags":[],"class_list":["post-134773","post","type-post","status-publish","format-standard","has-post-thumbnail","hentry","category-gundem"],"acf":[],"yoast_head":"<!-- This site is optimized with the Yoast SEO Premium plugin v26.6 (Yoast SEO v27.1.1) - https:\/\/yoast.com\/product\/yoast-seo-premium-wordpress\/ -->\n<title>T\u00fcrk Sa\u011fl\u0131k Sen: Memur ve emekli maa\u015flar\u0131 enflasyona yeti\u015femiyor - Av. Deniz Can K\u0131z\u0131l<\/title>\n<meta name=\"robots\" content=\"index, follow, max-snippet:-1, max-image-preview:large, max-video-preview:-1\" \/>\n<link rel=\"canonical\" href=\"https:\/\/denizcankizil.tr\/de\/haberler\/gundem\/turk-saglik-sen-memur-ve-emekli-maaslari-enflasyona-yetisemiyor\/\" \/>\n<meta property=\"og:locale\" content=\"de_DE\" \/>\n<meta property=\"og:type\" content=\"article\" \/>\n<meta property=\"og:title\" content=\"T\u00fcrk Sa\u011fl\u0131k Sen: Memur ve emekli maa\u015flar\u0131 enflasyona yeti\u015femiyor\" \/>\n<meta property=\"og:description\" content=\"T\u00fcrk Sa\u011fl\u0131k Sen Kocaeli \u015eube Ba\u015fkan\u0131 \u00d6mer \u00c7eker, T\u00dc\u0130K\u2019in Haziran ay\u0131 enflasyon verilerine dayanarak memur maa\u015flar\u0131n\u0131n y\u00fczde 10,67 eridi\u011fini, Temmuz\u2019da yap\u0131lacak y\u00fczde 15,56\u2019l\u0131k zamm\u0131n yetersiz oldu\u011funu ve ek zam gerekti\u011fini belirtti.KOCAEL\u0130 (\u0130GFA) &#8211; T\u00fcrkiye \u0130statistik Kurumu\u2019nun (T\u00dc\u0130K) Haziran ay\u0131 enflasyon verilerini a\u00e7\u0131klamas\u0131n\u0131n ard\u0131ndan T\u00fcrk Sa\u011fl\u0131k Sen Kocaeli \u015eube Ba\u015fkan\u0131 \u00d6mer \u00c7eker yaz\u0131l\u0131 bir a\u00e7\u0131klama yapt\u0131. Ba\u015fkan \u00c7eker, Haziran\u2019da ayl\u0131k enflasyonun y\u00fczde 1,37, 2025\u2019in ilk alt\u0131 ay\u0131ndaki k\u00fcm\u00fclatif enflasyonun ise y\u00fczde 16,67 oldu\u011funu belirterek, memur ve emekli maa\u015flar\u0131n\u0131n y\u00fczde 6\u2019l\u0131k Ocak zamm\u0131na ra\u011fmen y\u00fczde 10,67 eridi\u011fini vurgulad\u0131. TEMMUZ ZAMMI YETERS\u0130Z Mevzuata g\u00f6re, Temmuz\u2019da memur ve emekli maa\u015flar\u0131na y\u00fczde 10,06 enflasyon fark\u0131 ve y\u00fczde 5\u2019lik toplu s\u00f6zle\u015fme zamm\u0131 ile toplam y\u00fczde 15,56 art\u0131\u015f \u00f6ng\u00f6r\u00fcl\u00fcyor. Bu, en d\u00fc\u015f\u00fck memur maa\u015f\u0131nda (41.600 TL) yakla\u015f\u0131k 6.660 TL, ortalama memur maa\u015f\u0131nda (49.800 TL) ise 7.970 TL art\u0131\u015f anlam\u0131na geliyor. Ancak \u00c7eker, bu zamm\u0131n y\u00fczde 10,06\u2019s\u0131n\u0131n ge\u00e7mi\u015f enflasyonu telafi etti\u011fini, y\u00fczde 5\u2019lik art\u0131\u015f\u0131n ise y\u00fcksek enflasyon kar\u015f\u0131s\u0131nda yetersiz kald\u0131\u011f\u0131n\u0131 ifade etti. G\u0131da, kira, ula\u015f\u0131m ve enerji fiyatlar\u0131ndaki s\u00fcrekli y\u00fckseli\u015fin maa\u015f art\u0131\u015flar\u0131n\u0131 etkisiz hale getirdi\u011fini belirten Ba\u015fkan \u00c7eker, memur ve emeklilerin ge\u00e7im s\u0131k\u0131nt\u0131s\u0131 \u00e7ekti\u011fini vurgulad\u0131. EK ZAM VE TOPLU S\u00d6ZLE\u015eME TALEB\u0130 T\u00fcrk Sa\u011fl\u0131k Sen Kocaeli \u015eube Ba\u015fkan\u0131 \u00d6mer \u00c7eker, memur ve emeklilerin reel gelir kayb\u0131n\u0131 \u00f6nlemek i\u00e7in ek &hellip;\" \/>\n<meta property=\"og:url\" content=\"https:\/\/denizcankizil.tr\/de\/haberler\/gundem\/turk-saglik-sen-memur-ve-emekli-maaslari-enflasyona-yetisemiyor\/\" \/>\n<meta property=\"og:site_name\" content=\"Av. Deniz Can K\u0131z\u0131l\" \/>\n<meta property=\"article:published_time\" content=\"2025-07-03T13:42:35+00:00\" \/>\n<meta name=\"author\" content=\"admin\" \/>\n<meta name=\"twitter:card\" content=\"summary_large_image\" \/>\n<meta name=\"twitter:label1\" content=\"Verfasst von\" \/>\n\t<meta name=\"twitter:data1\" content=\"admin\" \/>\n\t<meta name=\"twitter:label2\" content=\"Gesch\u00e4tzte Lesezeit\" \/>\n\t<meta name=\"twitter:data2\" content=\"4\u00a0Minuten\" \/>\n<script type=\"application\/ld+json\" class=\"yoast-schema-graph\">{\"@context\":\"https:\/\/schema.org\",\"@graph\":[{\"@type\":\"Article\",\"@id\":\"https:\/\/denizcankizil.tr\/ru\/haberler\/gundem\/turk-saglik-sen-memur-ve-emekli-maaslari-enflasyona-yetisemiyor\/#article\",\"isPartOf\":{\"@id\":\"https:\/\/denizcankizil.tr\/ru\/haberler\/gundem\/turk-saglik-sen-memur-ve-emekli-maaslari-enflasyona-yetisemiyor\/\"},\"author\":{\"name\":\"admin\",\"@id\":\"https:\/\/denizcankizil.tr\/#\/schema\/person\/be3c05fe6a12686905512445d8185489\"},\"headline\":\"T\u00fcrk Sa\u011fl\u0131k Sen: Memur ve emekli maa\u015flar\u0131 enflasyona yeti\u015femiyor\",\"datePublished\":\"2025-07-03T13:42:35+00:00\",\"mainEntityOfPage\":{\"@id\":\"https:\/\/denizcankizil.tr\/ru\/haberler\/gundem\/turk-saglik-sen-memur-ve-emekli-maaslari-enflasyona-yetisemiyor\/\"},\"wordCount\":850,\"publisher\":{\"@id\":\"https:\/\/denizcankizil.tr\/#organization\"},\"articleSection\":[\"G\u00fcndem\"],\"inLanguage\":\"de\"},{\"@type\":\"WebPage\",\"@id\":\"https:\/\/denizcankizil.tr\/ru\/haberler\/gundem\/turk-saglik-sen-memur-ve-emekli-maaslari-enflasyona-yetisemiyor\/\",\"url\":\"https:\/\/denizcankizil.tr\/ru\/haberler\/gundem\/turk-saglik-sen-memur-ve-emekli-maaslari-enflasyona-yetisemiyor\/\",\"name\":\"T\u00fcrk Sa\u011fl\u0131k Sen: Memur ve emekli maa\u015flar\u0131 enflasyona yeti\u015femiyor - Av. Deniz Can K\u0131z\u0131l\",\"isPartOf\":{\"@id\":\"https:\/\/denizcankizil.tr\/#website\"},\"datePublished\":\"2025-07-03T13:42:35+00:00\",\"breadcrumb\":{\"@id\":\"https:\/\/denizcankizil.tr\/ru\/haberler\/gundem\/turk-saglik-sen-memur-ve-emekli-maaslari-enflasyona-yetisemiyor\/#breadcrumb\"},\"inLanguage\":\"de\",\"potentialAction\":[{\"@type\":\"ReadAction\",\"target\":[\"https:\/\/denizcankizil.tr\/ru\/haberler\/gundem\/turk-saglik-sen-memur-ve-emekli-maaslari-enflasyona-yetisemiyor\/\"]}]},{\"@type\":\"BreadcrumbList\",\"@id\":\"https:\/\/denizcankizil.tr\/ru\/haberler\/gundem\/turk-saglik-sen-memur-ve-emekli-maaslari-enflasyona-yetisemiyor\/#breadcrumb\",\"itemListElement\":[{\"@type\":\"ListItem\",\"position\":1,\"name\":\"Home\",\"item\":\"https:\/\/denizcankizil.tr\/de\/\"},{\"@type\":\"ListItem\",\"position\":2,\"name\":\"T\u00fcrk Sa\u011fl\u0131k Sen: Memur ve emekli maa\u015flar\u0131 enflasyona yeti\u015femiyor\"}]},{\"@type\":\"WebSite\",\"@id\":\"https:\/\/denizcankizil.tr\/#website\",\"url\":\"https:\/\/denizcankizil.tr\/\",\"name\":\"Av. Deniz Can K\u0131z\u0131l\",\"description\":\"Avukat Deniz Can K\u0131z\u0131l Antalya Barosu\",\"publisher\":{\"@id\":\"https:\/\/denizcankizil.tr\/#organization\"},\"potentialAction\":[{\"@type\":\"SearchAction\",\"target\":{\"@type\":\"EntryPoint\",\"urlTemplate\":\"https:\/\/denizcankizil.tr\/?s={search_term_string}\"},\"query-input\":{\"@type\":\"PropertyValueSpecification\",\"valueRequired\":true,\"valueName\":\"search_term_string\"}}],\"inLanguage\":\"de\"},{\"@type\":\"Organization\",\"@id\":\"https:\/\/denizcankizil.tr\/#organization\",\"name\":\"Av. Deniz Can K\u0131z\u0131l\",\"url\":\"https:\/\/denizcankizil.tr\/\",\"logo\":{\"@type\":\"ImageObject\",\"inLanguage\":\"de\",\"@id\":\"https:\/\/denizcankizil.tr\/#\/schema\/logo\/image\/\",\"url\":\"https:\/\/denizcankizil.tr\/wp-content\/uploads\/2024\/10\/siyah-logo-svg.svg\",\"contentUrl\":\"https:\/\/denizcankizil.tr\/wp-content\/uploads\/2024\/10\/siyah-logo-svg.svg\",\"width\":1080,\"height\":1080,\"caption\":\"Av. Deniz Can K\u0131z\u0131l\"},\"image\":{\"@id\":\"https:\/\/denizcankizil.tr\/#\/schema\/logo\/image\/\"}},{\"@type\":\"Person\",\"@id\":\"https:\/\/denizcankizil.tr\/#\/schema\/person\/be3c05fe6a12686905512445d8185489\",\"name\":\"admin\",\"image\":{\"@type\":\"ImageObject\",\"inLanguage\":\"de\",\"@id\":\"https:\/\/denizcankizil.tr\/#\/schema\/person\/image\/\",\"url\":\"https:\/\/secure.gravatar.com\/avatar\/c1fce94c830dc79107e174f890d7210541c4a63e8e5d816341794a2151c9d58c?s=96&d=mm&r=g\",\"contentUrl\":\"https:\/\/secure.gravatar.com\/avatar\/c1fce94c830dc79107e174f890d7210541c4a63e8e5d816341794a2151c9d58c?s=96&d=mm&r=g\",\"caption\":\"admin\"},\"sameAs\":[\"http:\/\/denizcankizil.tr\"],\"url\":\"https:\/\/www.iskenderun.org\/turk-saglik-sen-memur-ve-emekli-maaslari-enflasyona-yetisemiyor\"}]}<\/script>\n<!-- \/ Yoast SEO Premium plugin. -->","yoast_head_json":{"title":"T\u00fcrk Sa\u011fl\u0131k Sen: Memur ve emekli maa\u015flar\u0131 enflasyona yeti\u015femiyor - Av. Deniz Can K\u0131z\u0131l","robots":{"index":"index","follow":"follow","max-snippet":"max-snippet:-1","max-image-preview":"max-image-preview:large","max-video-preview":"max-video-preview:-1"},"canonical":"https:\/\/denizcankizil.tr\/de\/haberler\/gundem\/turk-saglik-sen-memur-ve-emekli-maaslari-enflasyona-yetisemiyor\/","og_locale":"de_DE","og_type":"article","og_title":"T\u00fcrk Sa\u011fl\u0131k Sen: Memur ve emekli maa\u015flar\u0131 enflasyona yeti\u015femiyor","og_description":"T\u00fcrk Sa\u011fl\u0131k Sen Kocaeli \u015eube Ba\u015fkan\u0131 \u00d6mer \u00c7eker, T\u00dc\u0130K\u2019in Haziran ay\u0131 enflasyon verilerine dayanarak memur maa\u015flar\u0131n\u0131n y\u00fczde 10,67 eridi\u011fini, Temmuz\u2019da yap\u0131lacak y\u00fczde 15,56\u2019l\u0131k zamm\u0131n yetersiz oldu\u011funu ve ek zam gerekti\u011fini belirtti.KOCAEL\u0130 (\u0130GFA) &#8211; T\u00fcrkiye \u0130statistik Kurumu\u2019nun (T\u00dc\u0130K) Haziran ay\u0131 enflasyon verilerini a\u00e7\u0131klamas\u0131n\u0131n ard\u0131ndan T\u00fcrk Sa\u011fl\u0131k Sen Kocaeli \u015eube Ba\u015fkan\u0131 \u00d6mer \u00c7eker yaz\u0131l\u0131 bir a\u00e7\u0131klama yapt\u0131. Ba\u015fkan \u00c7eker, Haziran\u2019da ayl\u0131k enflasyonun y\u00fczde 1,37, 2025\u2019in ilk alt\u0131 ay\u0131ndaki k\u00fcm\u00fclatif enflasyonun ise y\u00fczde 16,67 oldu\u011funu belirterek, memur ve emekli maa\u015flar\u0131n\u0131n y\u00fczde 6\u2019l\u0131k Ocak zamm\u0131na ra\u011fmen y\u00fczde 10,67 eridi\u011fini vurgulad\u0131. TEMMUZ ZAMMI YETERS\u0130Z Mevzuata g\u00f6re, Temmuz\u2019da memur ve emekli maa\u015flar\u0131na y\u00fczde 10,06 enflasyon fark\u0131 ve y\u00fczde 5\u2019lik toplu s\u00f6zle\u015fme zamm\u0131 ile toplam y\u00fczde 15,56 art\u0131\u015f \u00f6ng\u00f6r\u00fcl\u00fcyor. Bu, en d\u00fc\u015f\u00fck memur maa\u015f\u0131nda (41.600 TL) yakla\u015f\u0131k 6.660 TL, ortalama memur maa\u015f\u0131nda (49.800 TL) ise 7.970 TL art\u0131\u015f anlam\u0131na geliyor. Ancak \u00c7eker, bu zamm\u0131n y\u00fczde 10,06\u2019s\u0131n\u0131n ge\u00e7mi\u015f enflasyonu telafi etti\u011fini, y\u00fczde 5\u2019lik art\u0131\u015f\u0131n ise y\u00fcksek enflasyon kar\u015f\u0131s\u0131nda yetersiz kald\u0131\u011f\u0131n\u0131 ifade etti. G\u0131da, kira, ula\u015f\u0131m ve enerji fiyatlar\u0131ndaki s\u00fcrekli y\u00fckseli\u015fin maa\u015f art\u0131\u015flar\u0131n\u0131 etkisiz hale getirdi\u011fini belirten Ba\u015fkan \u00c7eker, memur ve emeklilerin ge\u00e7im s\u0131k\u0131nt\u0131s\u0131 \u00e7ekti\u011fini vurgulad\u0131. EK ZAM VE TOPLU S\u00d6ZLE\u015eME TALEB\u0130 T\u00fcrk Sa\u011fl\u0131k Sen Kocaeli \u015eube Ba\u015fkan\u0131 \u00d6mer \u00c7eker, memur ve emeklilerin reel gelir kayb\u0131n\u0131 \u00f6nlemek i\u00e7in ek &hellip;","og_url":"https:\/\/denizcankizil.tr\/de\/haberler\/gundem\/turk-saglik-sen-memur-ve-emekli-maaslari-enflasyona-yetisemiyor\/","og_site_name":"Av. Deniz Can K\u0131z\u0131l","article_published_time":"2025-07-03T13:42:35+00:00","author":"admin","twitter_card":"summary_large_image","twitter_misc":{"Verfasst von":"admin","Gesch\u00e4tzte Lesezeit":"4\u00a0Minuten"},"schema":{"@context":"https:\/\/schema.org","@graph":[{"@type":"Article","@id":"https:\/\/denizcankizil.tr\/ru\/haberler\/gundem\/turk-saglik-sen-memur-ve-emekli-maaslari-enflasyona-yetisemiyor\/#article","isPartOf":{"@id":"https:\/\/denizcankizil.tr\/ru\/haberler\/gundem\/turk-saglik-sen-memur-ve-emekli-maaslari-enflasyona-yetisemiyor\/"},"author":{"name":"admin","@id":"https:\/\/denizcankizil.tr\/#\/schema\/person\/be3c05fe6a12686905512445d8185489"},"headline":"T\u00fcrk Sa\u011fl\u0131k Sen: Memur ve emekli maa\u015flar\u0131 enflasyona yeti\u015femiyor","datePublished":"2025-07-03T13:42:35+00:00","mainEntityOfPage":{"@id":"https:\/\/denizcankizil.tr\/ru\/haberler\/gundem\/turk-saglik-sen-memur-ve-emekli-maaslari-enflasyona-yetisemiyor\/"},"wordCount":850,"publisher":{"@id":"https:\/\/denizcankizil.tr\/#organization"},"articleSection":["G\u00fcndem"],"inLanguage":"de"},{"@type":"WebPage","@id":"https:\/\/denizcankizil.tr\/ru\/haberler\/gundem\/turk-saglik-sen-memur-ve-emekli-maaslari-enflasyona-yetisemiyor\/","url":"https:\/\/denizcankizil.tr\/ru\/haberler\/gundem\/turk-saglik-sen-memur-ve-emekli-maaslari-enflasyona-yetisemiyor\/","name":"T\u00fcrk Sa\u011fl\u0131k Sen: Memur ve emekli maa\u015flar\u0131 enflasyona yeti\u015femiyor - Av. Deniz Can K\u0131z\u0131l","isPartOf":{"@id":"https:\/\/denizcankizil.tr\/#website"},"datePublished":"2025-07-03T13:42:35+00:00","breadcrumb":{"@id":"https:\/\/denizcankizil.tr\/ru\/haberler\/gundem\/turk-saglik-sen-memur-ve-emekli-maaslari-enflasyona-yetisemiyor\/#breadcrumb"},"inLanguage":"de","potentialAction":[{"@type":"ReadAction","target":["https:\/\/denizcankizil.tr\/ru\/haberler\/gundem\/turk-saglik-sen-memur-ve-emekli-maaslari-enflasyona-yetisemiyor\/"]}]},{"@type":"BreadcrumbList","@id":"https:\/\/denizcankizil.tr\/ru\/haberler\/gundem\/turk-saglik-sen-memur-ve-emekli-maaslari-enflasyona-yetisemiyor\/#breadcrumb","itemListElement":[{"@type":"ListItem","position":1,"name":"Home","item":"https:\/\/denizcankizil.tr\/de\/"},{"@type":"ListItem","position":2,"name":"T\u00fcrk Sa\u011fl\u0131k Sen: Memur ve emekli maa\u015flar\u0131 enflasyona yeti\u015femiyor"}]},{"@type":"WebSite","@id":"https:\/\/denizcankizil.tr\/#website","url":"https:\/\/denizcankizil.tr\/","name":"Av. Deniz Can K\u0131z\u0131l","description":"Avukat Deniz Can K\u0131z\u0131l Antalya Barosu","publisher":{"@id":"https:\/\/denizcankizil.tr\/#organization"},"potentialAction":[{"@type":"SearchAction","target":{"@type":"EntryPoint","urlTemplate":"https:\/\/denizcankizil.tr\/?s={search_term_string}"},"query-input":{"@type":"PropertyValueSpecification","valueRequired":true,"valueName":"search_term_string"}}],"inLanguage":"de"},{"@type":"Organization","@id":"https:\/\/denizcankizil.tr\/#organization","name":"Av. Deniz Can K\u0131z\u0131l","url":"https:\/\/denizcankizil.tr\/","logo":{"@type":"ImageObject","inLanguage":"de","@id":"https:\/\/denizcankizil.tr\/#\/schema\/logo\/image\/","url":"https:\/\/denizcankizil.tr\/wp-content\/uploads\/2024\/10\/siyah-logo-svg.svg","contentUrl":"https:\/\/denizcankizil.tr\/wp-content\/uploads\/2024\/10\/siyah-logo-svg.svg","width":1080,"height":1080,"caption":"Av. Deniz Can K\u0131z\u0131l"},"image":{"@id":"https:\/\/denizcankizil.tr\/#\/schema\/logo\/image\/"}},{"@type":"Person","@id":"https:\/\/denizcankizil.tr\/#\/schema\/person\/be3c05fe6a12686905512445d8185489","name":"Administrator","image":{"@type":"ImageObject","inLanguage":"de","@id":"https:\/\/denizcankizil.tr\/#\/schema\/person\/image\/","url":"https:\/\/secure.gravatar.com\/avatar\/c1fce94c830dc79107e174f890d7210541c4a63e8e5d816341794a2151c9d58c?s=96&d=mm&r=g","contentUrl":"https:\/\/secure.gravatar.com\/avatar\/c1fce94c830dc79107e174f890d7210541c4a63e8e5d816341794a2151c9d58c?s=96&d=mm&r=g","caption":"admin"},"sameAs":["http:\/\/denizcankizil.tr"],"url":"https:\/\/www.iskenderun.org\/turk-saglik-sen-memur-ve-emekli-maaslari-enflasyona-yetisemiyor"}]}},"_links":{"self":[{"href":"https:\/\/denizcankizil.tr\/de\/wp-json\/wp\/v2\/posts\/134773","targetHints":{"allow":["GET"]}}],"collection":[{"href":"https:\/\/denizcankizil.tr\/de\/wp-json\/wp\/v2\/posts"}],"about":[{"href":"https:\/\/denizcankizil.tr\/de\/wp-json\/wp\/v2\/types\/post"}],"author":[{"embeddable":true,"href":"https:\/\/denizcankizil.tr\/de\/wp-json\/wp\/v2\/users\/1"}],"replies":[{"embeddable":true,"href":"https:\/\/denizcankizil.tr\/de\/wp-json\/wp\/v2\/comments?post=134773"}],"version-history":[{"count":0,"href":"https:\/\/denizcankizil.tr\/de\/wp-json\/wp\/v2\/posts\/134773\/revisions"}],"wp:attachment":[{"href":"https:\/\/denizcankizil.tr\/de\/wp-json\/wp\/v2\/media?parent=134773"}],"wp:term":[{"taxonomy":"category","embeddable":true,"href":"https:\/\/denizcankizil.tr\/de\/wp-json\/wp\/v2\/categories?post=134773"},{"taxonomy":"post_tag","embeddable":true,"href":"https:\/\/denizcankizil.tr\/de\/wp-json\/wp\/v2\/tags?post=134773"}],"curies":[{"name":"wp","href":"https:\/\/api.w.org\/{rel}","templated":true}]}}