{"id":134640,"date":"2025-07-03T14:41:42","date_gmt":"2025-07-03T11:41:42","guid":{"rendered":"https:\/\/denizcankizil.tr\/uncategorized-tr\/antalyada-haserelere-karsi-yogun-mesai-mesire-alanlari-da-ilaclaniyor\/"},"modified":"2025-07-03T14:41:42","modified_gmt":"2025-07-03T11:41:42","slug":"antalyada-haserelere-karsi-yogun-mesai-mesire-alanlari-da-ilaclaniyor","status":"publish","type":"post","link":"https:\/\/denizcankizil.tr\/de\/haberler\/antalya\/antalyada-haserelere-karsi-yogun-mesai-mesire-alanlari-da-ilaclaniyor\/","title":{"rendered":"Antalya\u2019da Ha\u015ferelere Kar\u015f\u0131 Yo\u011fun Mesai: Mesire Alanlar\u0131 da \u0130la\u00e7lan\u0131yor"},"content":{"rendered":"<p>Antalya B\u00fcy\u00fck\u015fehir Belediyesi, yaz aylar\u0131n\u0131n gelmesiyle birlikte halk\u0131n yo\u011fun olarak kulland\u0131\u011f\u0131 park, piknik ve mesire alanlar\u0131 ile sahil kenarlar\u0131nda ha\u015ferelere kar\u015f\u0131 ila\u00e7lama \u00e7al\u0131\u015fmalar\u0131n\u0131 aral\u0131ks\u0131z s\u00fcrd\u00fcr\u00fcyor.<\/p>\n<p>Anl\u0131k haberlerimizi sosyal medyadan \u00f6\u011frenmek i\u00e7in t\u0131klay\u0131n!<br \/>\nAntalya B\u00fcy\u00fck\u015fehir Belediyesi, sivrisinek ve ha\u015ferelere kar\u015f\u0131 ba\u015flatt\u0131\u011f\u0131 ila\u00e7lama \u00e7al\u0131\u015fmalar\u0131na devam ediyor. Vatanda\u015flar\u0131n rahat bir yaz ge\u00e7irmeleri i\u00e7in ila\u00e7lama \u00e7al\u0131\u015fmalar\u0131n\u0131 ger\u00e7ekle\u015ftiren B\u00fcy\u00fck\u015fehir Belediyesi ekipleri, park ve mesire alanlar\u0131nda ila\u00e7lama yaparak ha\u015ferelerin \u00fcrememesi i\u00e7in \u00e7al\u0131\u015f\u0131yor.<\/p>\n<p>Belediye ekipleri 7\/24 g\u00f6rev ba\u015f\u0131nda<br \/>\nAntalya B\u00fcy\u00fck\u015fehir Belediyesi&#8217;ne \u00e7evre ila\u00e7lamas\u0131 konusunda dan\u0131\u015fmanl\u0131k yapan Akdeniz \u00dcniversitesi Fen Fak\u00fcltesi Biyoloji B\u00f6l\u00fcm\u00fc \u00d6\u011fretim \u00dcyesi Prof. Dr. H\u00fcseyin \u00c7etin, ila\u00e7lama \u00e7al\u0131\u015fmalar\u0131n\u0131n b\u00fcy\u00fck bir \u00f6zveriyle s\u00fcrd\u00fc\u011f\u00fcn\u00fc s\u00f6yledi.<br \/>\nAntalya B\u00fcy\u00fck\u015fehir Belediyesi&#8217;nin 19 il\u00e7ede 1700 personelle sivrisinek, karasinek, kene, pire, fare ve hamamb\u00f6ce\u011fi gibi ha\u015ferelere kar\u015f\u0131 aral\u0131ks\u0131z m\u00fccadele etti\u011fini vurgulayan Prof. Dr. \u00c7etin, &#8220;Ekipler, Beach Park, mesire alanlar\u0131 ve sahil kesimlerinde sabah saatlerinde ila\u00e7lama yap\u0131yor. \u0130nsanlar rahats\u0131z olmas\u0131n diye erken saatlerde ila\u00e7lama \u00e7al\u0131\u015fmas\u0131 ger\u00e7ekle\u015ftiriliyor. Ancak vatanda\u015flar bu \u00e7al\u0131\u015fmalar\u0131 g\u00f6rmedikleri i\u00e7in ila\u00e7lama yap\u0131lmad\u0131\u011f\u0131n\u0131 d\u00fc\u015f\u00fcn\u00fcyor. Bu da yanl\u0131\u015f bir alg\u0131ya sebep oluyor&#8221; dedi.<\/p>\n<p>Kene vakalar\u0131n\u0131 de\u011ferlendirdi<br \/>\nProf. Dr. \u00c7etin, &#8220;Son g\u00fcnlerde K\u0131r\u0131m Kongo hastal\u0131\u011f\u0131yla ilgili bir art\u0131\u015f varm\u0131\u015f gibi bir alg\u0131 olu\u015fturuluyor. Ancak bu hastal\u0131\u011f\u0131 ta\u015f\u0131yan kene t\u00fcrleri \u015fehir merkezinde de\u011fil, y\u00fcksek rak\u0131ml\u0131 mera alanlar\u0131nda g\u00f6r\u00fcl\u00fcr. Antalya merkezinde ya da sahil kesimlerinde bu kenelerin bulunma ihtimali \u00e7ok d\u00fc\u015f\u00fckt\u00fcr. Sahil kesiminde kar\u015f\u0131la\u015f\u0131lan keneler genellikle k\u00f6pek kenesi ya da kaplumba\u011fa kenesidir. Bu t\u00fcrlerin insanlara bula\u015fma riski \u00e7ok d\u00fc\u015f\u00fckt\u00fcr. Ge\u00e7ti\u011fimiz g\u00fcnlerde Sar\u0131su&#8217;da bir kene g\u00f6r\u00fcld\u00fc. Yap\u0131lan incelemede bu kenenin kaplumba\u011fa kenesi oldu\u011fu tespit edildi. \u0130nsanlardan kan emme ihtimali son derece d\u00fc\u015f\u00fckt\u00fcr&#8221; diye konu\u015ftu.<\/p>\n<p>Halk aras\u0131nda do\u011fru bilinen yanl\u0131\u015flar<br \/>\nKene \u0131s\u0131rmalar\u0131yla ilgili halk aras\u0131nda do\u011fru bilinen yanl\u0131\u015flara da de\u011finen \u00c7etin, &#8220;Nas\u0131l ki her sivrisinek \u0131s\u0131rmas\u0131ndan hastal\u0131k bula\u015fm\u0131yorsa, her kene \u0131s\u0131rmas\u0131 da hastal\u0131\u011fa sebep olmaz. E\u011fer bir kene v\u00fccudunuza tutunduysa ve birka\u00e7 dakika i\u00e7inde bir sa\u011fl\u0131k kurulu\u015funa ula\u015fabiliyorsan\u0131z, mutlaka bir sa\u011fl\u0131k g\u00f6revlisine ba\u015fvurun. \u00dczerine kimyasal d\u00f6kmek, yakmak ya da patlatmak gibi y\u00f6ntemler son derece yanl\u0131\u015ft\u0131r&#8221; dedi.<\/p>\n<p>&#8220;Uzman olmayanlar\u0131n a\u00e7\u0131klamalar\u0131 yan\u0131lt\u0131yor&#8221;<br \/>\nBiyoloji B\u00f6l\u00fcm\u00fc \u00d6\u011fretim \u00dcyesi Prof. Dr. \u00c7etin, kamuoyunda yer alan baz\u0131 a\u00e7\u0131klamalar\u0131n halk\u0131 gereksiz yere pani\u011fe sevk etti\u011fine dikkat \u00e7ekerek \u015f\u00f6yle konu\u015ftu:<br \/>\n&#8220;Biz, gerek Antalya halk\u0131n\u0131n gerekse yerli ve yabanc\u0131 turistlerin sa\u011fl\u0131\u011f\u0131ndan sorumlu ki\u015fileriz. B\u00fcy\u00fck\u015fehir Belediyesi ve Sa\u011fl\u0131k M\u00fcd\u00fcrl\u00fc\u011f\u00fc ekipleri, insan sa\u011fl\u0131\u011f\u0131n\u0131 korumaya y\u00f6nelik \u00e7al\u0131\u015fmalar\u0131 titizlikle y\u00fcr\u00fct\u00fcyor. T\u00fcrkiye n\u00fcfusunun \u00fc\u00e7te biri kadar ziyaret\u00e7inin Antalya&#8217;ya geldi\u011fi g\u00f6z \u00f6n\u00fcnde bulundurulursa, olumsuz bir durum ya\u015fanmamas\u0131 i\u00e7in b\u00fcy\u00fck \u00f6zen g\u00f6steriliyor. Kullan\u0131lan t\u00fcm ila\u00e7lar da Sa\u011fl\u0131k Bakanl\u0131\u011f\u0131 onayl\u0131d\u0131r.&#8221;<\/p>\n<p>Kaynak: www.kanalv.com.tr Haber Sitesinden Al\u0131nm\u0131\u015ft\u0131r.<\/p>","protected":false},"excerpt":{"rendered":"<p>Antalya B\u00fcy\u00fck\u015fehir Belediyesi, yaz aylar\u0131n\u0131n gelmesiyle birlikte halk\u0131n yo\u011fun olarak kulland\u0131\u011f\u0131 park, piknik ve mesire alanlar\u0131 ile sahil kenarlar\u0131nda ha\u015ferelere kar\u015f\u0131 ila\u00e7lama \u00e7al\u0131\u015fmalar\u0131n\u0131 aral\u0131ks\u0131z s\u00fcrd\u00fcr\u00fcyor. Anl\u0131k haberlerimizi sosyal medyadan \u00f6\u011frenmek i\u00e7in t\u0131klay\u0131n! Antalya B\u00fcy\u00fck\u015fehir Belediyesi, sivrisinek ve ha\u015ferelere kar\u015f\u0131 ba\u015flatt\u0131\u011f\u0131 ila\u00e7lama \u00e7al\u0131\u015fmalar\u0131na devam ediyor. Vatanda\u015flar\u0131n rahat bir yaz ge\u00e7irmeleri i\u00e7in ila\u00e7lama \u00e7al\u0131\u015fmalar\u0131n\u0131 ger\u00e7ekle\u015ftiren B\u00fcy\u00fck\u015fehir Belediyesi ekipleri, park ve mesire alanlar\u0131nda ila\u00e7lama yaparak ha\u015ferelerin \u00fcrememesi i\u00e7in \u00e7al\u0131\u015f\u0131yor. Belediye ekipleri 7\/24 g\u00f6rev ba\u015f\u0131nda Antalya B\u00fcy\u00fck\u015fehir Belediyesi&#8217;ne \u00e7evre ila\u00e7lamas\u0131 konusunda dan\u0131\u015fmanl\u0131k yapan Akdeniz \u00dcniversitesi Fen Fak\u00fcltesi Biyoloji B\u00f6l\u00fcm\u00fc \u00d6\u011fretim \u00dcyesi Prof. Dr. H\u00fcseyin \u00c7etin, ila\u00e7lama \u00e7al\u0131\u015fmalar\u0131n\u0131n b\u00fcy\u00fck bir \u00f6zveriyle s\u00fcrd\u00fc\u011f\u00fcn\u00fc s\u00f6yledi. Antalya B\u00fcy\u00fck\u015fehir Belediyesi&#8217;nin 19 il\u00e7ede 1700 personelle sivrisinek, karasinek, kene, pire, fare ve hamamb\u00f6ce\u011fi gibi ha\u015ferelere kar\u015f\u0131 aral\u0131ks\u0131z m\u00fccadele etti\u011fini vurgulayan Prof. Dr. \u00c7etin, &#8220;Ekipler, Beach Park, mesire alanlar\u0131 ve sahil kesimlerinde sabah saatlerinde ila\u00e7lama yap\u0131yor. \u0130nsanlar rahats\u0131z olmas\u0131n diye erken saatlerde ila\u00e7lama \u00e7al\u0131\u015fmas\u0131 ger\u00e7ekle\u015ftiriliyor. Ancak vatanda\u015flar bu \u00e7al\u0131\u015fmalar\u0131 g\u00f6rmedikleri i\u00e7in ila\u00e7lama yap\u0131lmad\u0131\u011f\u0131n\u0131 d\u00fc\u015f\u00fcn\u00fcyor. Bu da yanl\u0131\u015f bir alg\u0131ya sebep oluyor&#8221; dedi. Kene vakalar\u0131n\u0131 de\u011ferlendirdi Prof. Dr. \u00c7etin, &#8220;Son g\u00fcnlerde K\u0131r\u0131m Kongo hastal\u0131\u011f\u0131yla ilgili bir art\u0131\u015f varm\u0131\u015f gibi bir alg\u0131 olu\u015fturuluyor. Ancak bu hastal\u0131\u011f\u0131 ta\u015f\u0131yan kene t\u00fcrleri \u015fehir merkezinde de\u011fil, y\u00fcksek rak\u0131ml\u0131 mera alanlar\u0131nda g\u00f6r\u00fcl\u00fcr. Antalya merkezinde ya da sahil kesimlerinde bu &hellip;<\/p>","protected":false},"author":4,"featured_media":134641,"comment_status":"","ping_status":"open","sticky":false,"template":"","format":"standard","meta":{"_acf_changed":false,"footnotes":""},"categories":[26],"tags":[],"class_list":["post-134640","post","type-post","status-publish","format-standard","has-post-thumbnail","hentry","category-antalya"],"acf":[],"yoast_head":"<!-- This site is optimized with the Yoast SEO Premium plugin v26.6 (Yoast SEO v27.1.1) - https:\/\/yoast.com\/product\/yoast-seo-premium-wordpress\/ -->\n<title>Antalya\u2019da Ha\u015ferelere Kar\u015f\u0131 Yo\u011fun Mesai: Mesire Alanlar\u0131 da \u0130la\u00e7lan\u0131yor - Av. Deniz Can K\u0131z\u0131l<\/title>\n<meta name=\"robots\" content=\"index, follow, max-snippet:-1, max-image-preview:large, max-video-preview:-1\" \/>\n<link rel=\"canonical\" href=\"https:\/\/denizcankizil.tr\/de\/haberler\/antalya\/antalyada-haserelere-karsi-yogun-mesai-mesire-alanlari-da-ilaclaniyor\/\" \/>\n<meta property=\"og:locale\" content=\"de_DE\" \/>\n<meta property=\"og:type\" content=\"article\" \/>\n<meta property=\"og:title\" content=\"Antalya\u2019da Ha\u015ferelere Kar\u015f\u0131 Yo\u011fun Mesai: Mesire Alanlar\u0131 da \u0130la\u00e7lan\u0131yor\" \/>\n<meta property=\"og:description\" content=\"Antalya B\u00fcy\u00fck\u015fehir Belediyesi, yaz aylar\u0131n\u0131n gelmesiyle birlikte halk\u0131n yo\u011fun olarak kulland\u0131\u011f\u0131 park, piknik ve mesire alanlar\u0131 ile sahil kenarlar\u0131nda ha\u015ferelere kar\u015f\u0131 ila\u00e7lama \u00e7al\u0131\u015fmalar\u0131n\u0131 aral\u0131ks\u0131z s\u00fcrd\u00fcr\u00fcyor. Anl\u0131k haberlerimizi sosyal medyadan \u00f6\u011frenmek i\u00e7in t\u0131klay\u0131n! Antalya B\u00fcy\u00fck\u015fehir Belediyesi, sivrisinek ve ha\u015ferelere kar\u015f\u0131 ba\u015flatt\u0131\u011f\u0131 ila\u00e7lama \u00e7al\u0131\u015fmalar\u0131na devam ediyor. Vatanda\u015flar\u0131n rahat bir yaz ge\u00e7irmeleri i\u00e7in ila\u00e7lama \u00e7al\u0131\u015fmalar\u0131n\u0131 ger\u00e7ekle\u015ftiren B\u00fcy\u00fck\u015fehir Belediyesi ekipleri, park ve mesire alanlar\u0131nda ila\u00e7lama yaparak ha\u015ferelerin \u00fcrememesi i\u00e7in \u00e7al\u0131\u015f\u0131yor. Belediye ekipleri 7\/24 g\u00f6rev ba\u015f\u0131nda Antalya B\u00fcy\u00fck\u015fehir Belediyesi&#8217;ne \u00e7evre ila\u00e7lamas\u0131 konusunda dan\u0131\u015fmanl\u0131k yapan Akdeniz \u00dcniversitesi Fen Fak\u00fcltesi Biyoloji B\u00f6l\u00fcm\u00fc \u00d6\u011fretim \u00dcyesi Prof. Dr. H\u00fcseyin \u00c7etin, ila\u00e7lama \u00e7al\u0131\u015fmalar\u0131n\u0131n b\u00fcy\u00fck bir \u00f6zveriyle s\u00fcrd\u00fc\u011f\u00fcn\u00fc s\u00f6yledi. Antalya B\u00fcy\u00fck\u015fehir Belediyesi&#8217;nin 19 il\u00e7ede 1700 personelle sivrisinek, karasinek, kene, pire, fare ve hamamb\u00f6ce\u011fi gibi ha\u015ferelere kar\u015f\u0131 aral\u0131ks\u0131z m\u00fccadele etti\u011fini vurgulayan Prof. Dr. \u00c7etin, &#8220;Ekipler, Beach Park, mesire alanlar\u0131 ve sahil kesimlerinde sabah saatlerinde ila\u00e7lama yap\u0131yor. \u0130nsanlar rahats\u0131z olmas\u0131n diye erken saatlerde ila\u00e7lama \u00e7al\u0131\u015fmas\u0131 ger\u00e7ekle\u015ftiriliyor. Ancak vatanda\u015flar bu \u00e7al\u0131\u015fmalar\u0131 g\u00f6rmedikleri i\u00e7in ila\u00e7lama yap\u0131lmad\u0131\u011f\u0131n\u0131 d\u00fc\u015f\u00fcn\u00fcyor. Bu da yanl\u0131\u015f bir alg\u0131ya sebep oluyor&#8221; dedi. Kene vakalar\u0131n\u0131 de\u011ferlendirdi Prof. Dr. \u00c7etin, &#8220;Son g\u00fcnlerde K\u0131r\u0131m Kongo hastal\u0131\u011f\u0131yla ilgili bir art\u0131\u015f varm\u0131\u015f gibi bir alg\u0131 olu\u015fturuluyor. Ancak bu hastal\u0131\u011f\u0131 ta\u015f\u0131yan kene t\u00fcrleri \u015fehir merkezinde de\u011fil, y\u00fcksek rak\u0131ml\u0131 mera alanlar\u0131nda g\u00f6r\u00fcl\u00fcr. Antalya merkezinde ya da sahil kesimlerinde bu &hellip;\" \/>\n<meta property=\"og:url\" content=\"https:\/\/denizcankizil.tr\/de\/haberler\/antalya\/antalyada-haserelere-karsi-yogun-mesai-mesire-alanlari-da-ilaclaniyor\/\" \/>\n<meta property=\"og:site_name\" content=\"Av. Deniz Can K\u0131z\u0131l\" \/>\n<meta property=\"article:published_time\" content=\"2025-07-03T11:41:42+00:00\" \/>\n<meta property=\"og:image\" content=\"https:\/\/denizcankizil.tr\/wp-content\/uploads\/2025\/07\/web-gorsel-boyut-15-plzoI9.png\" \/>\n\t<meta property=\"og:image:width\" content=\"1280\" \/>\n\t<meta property=\"og:image:height\" content=\"720\" \/>\n\t<meta property=\"og:image:type\" content=\"image\/png\" \/>\n<meta name=\"author\" content=\"Av. Deniz Can K\u0131z\u0131l\" \/>\n<meta name=\"twitter:card\" content=\"summary_large_image\" \/>\n<meta name=\"twitter:label1\" content=\"Verfasst von\" \/>\n\t<meta name=\"twitter:data1\" content=\"Av. Deniz Can K\u0131z\u0131l\" \/>\n\t<meta name=\"twitter:label2\" content=\"Gesch\u00e4tzte Lesezeit\" \/>\n\t<meta name=\"twitter:data2\" content=\"3\u00a0Minuten\" \/>\n<script type=\"application\/ld+json\" class=\"yoast-schema-graph\">{\"@context\":\"https:\/\/schema.org\",\"@graph\":[{\"@type\":\"Article\",\"@id\":\"https:\/\/denizcankizil.tr\/de\/haberler\/antalya\/antalyada-haserelere-karsi-yogun-mesai-mesire-alanlari-da-ilaclaniyor\/#article\",\"isPartOf\":{\"@id\":\"https:\/\/denizcankizil.tr\/de\/haberler\/antalya\/antalyada-haserelere-karsi-yogun-mesai-mesire-alanlari-da-ilaclaniyor\/\"},\"author\":{\"name\":\"Av. Deniz Can K\u0131z\u0131l\",\"@id\":\"https:\/\/denizcankizil.tr\/#\/schema\/person\/5dc1b22991bd7ac833867c10afc9b0ff\"},\"headline\":\"Antalya\u2019da Ha\u015ferelere Kar\u015f\u0131 Yo\u011fun Mesai: Mesire Alanlar\u0131 da \u0130la\u00e7lan\u0131yor\",\"datePublished\":\"2025-07-03T11:41:42+00:00\",\"mainEntityOfPage\":{\"@id\":\"https:\/\/denizcankizil.tr\/de\/haberler\/antalya\/antalyada-haserelere-karsi-yogun-mesai-mesire-alanlari-da-ilaclaniyor\/\"},\"wordCount\":626,\"publisher\":{\"@id\":\"https:\/\/denizcankizil.tr\/#organization\"},\"image\":{\"@id\":\"https:\/\/denizcankizil.tr\/de\/haberler\/antalya\/antalyada-haserelere-karsi-yogun-mesai-mesire-alanlari-da-ilaclaniyor\/#primaryimage\"},\"thumbnailUrl\":\"https:\/\/denizcankizil.tr\/wp-content\/uploads\/2025\/07\/web-gorsel-boyut-15-plzoI9.png\",\"articleSection\":[\"Antalya\"],\"inLanguage\":\"de\"},{\"@type\":\"WebPage\",\"@id\":\"https:\/\/denizcankizil.tr\/de\/haberler\/antalya\/antalyada-haserelere-karsi-yogun-mesai-mesire-alanlari-da-ilaclaniyor\/\",\"url\":\"https:\/\/denizcankizil.tr\/de\/haberler\/antalya\/antalyada-haserelere-karsi-yogun-mesai-mesire-alanlari-da-ilaclaniyor\/\",\"name\":\"Antalya\u2019da Ha\u015ferelere Kar\u015f\u0131 Yo\u011fun Mesai: Mesire Alanlar\u0131 da \u0130la\u00e7lan\u0131yor - Av. Deniz Can K\u0131z\u0131l\",\"isPartOf\":{\"@id\":\"https:\/\/denizcankizil.tr\/#website\"},\"primaryImageOfPage\":{\"@id\":\"https:\/\/denizcankizil.tr\/de\/haberler\/antalya\/antalyada-haserelere-karsi-yogun-mesai-mesire-alanlari-da-ilaclaniyor\/#primaryimage\"},\"image\":{\"@id\":\"https:\/\/denizcankizil.tr\/de\/haberler\/antalya\/antalyada-haserelere-karsi-yogun-mesai-mesire-alanlari-da-ilaclaniyor\/#primaryimage\"},\"thumbnailUrl\":\"https:\/\/denizcankizil.tr\/wp-content\/uploads\/2025\/07\/web-gorsel-boyut-15-plzoI9.png\",\"datePublished\":\"2025-07-03T11:41:42+00:00\",\"breadcrumb\":{\"@id\":\"https:\/\/denizcankizil.tr\/de\/haberler\/antalya\/antalyada-haserelere-karsi-yogun-mesai-mesire-alanlari-da-ilaclaniyor\/#breadcrumb\"},\"inLanguage\":\"de\",\"potentialAction\":[{\"@type\":\"ReadAction\",\"target\":[\"https:\/\/denizcankizil.tr\/de\/haberler\/antalya\/antalyada-haserelere-karsi-yogun-mesai-mesire-alanlari-da-ilaclaniyor\/\"]}]},{\"@type\":\"ImageObject\",\"inLanguage\":\"de\",\"@id\":\"https:\/\/denizcankizil.tr\/de\/haberler\/antalya\/antalyada-haserelere-karsi-yogun-mesai-mesire-alanlari-da-ilaclaniyor\/#primaryimage\",\"url\":\"https:\/\/denizcankizil.tr\/wp-content\/uploads\/2025\/07\/web-gorsel-boyut-15-plzoI9.png\",\"contentUrl\":\"https:\/\/denizcankizil.tr\/wp-content\/uploads\/2025\/07\/web-gorsel-boyut-15-plzoI9.png\",\"width\":1280,\"height\":720},{\"@type\":\"BreadcrumbList\",\"@id\":\"https:\/\/denizcankizil.tr\/de\/haberler\/antalya\/antalyada-haserelere-karsi-yogun-mesai-mesire-alanlari-da-ilaclaniyor\/#breadcrumb\",\"itemListElement\":[{\"@type\":\"ListItem\",\"position\":1,\"name\":\"Home\",\"item\":\"https:\/\/denizcankizil.tr\/de\/\"},{\"@type\":\"ListItem\",\"position\":2,\"name\":\"Antalya\u2019da Ha\u015ferelere Kar\u015f\u0131 Yo\u011fun Mesai: Mesire Alanlar\u0131 da \u0130la\u00e7lan\u0131yor\"}]},{\"@type\":\"WebSite\",\"@id\":\"https:\/\/denizcankizil.tr\/#website\",\"url\":\"https:\/\/denizcankizil.tr\/\",\"name\":\"Av. Deniz Can K\u0131z\u0131l\",\"description\":\"Avukat Deniz Can K\u0131z\u0131l Antalya Barosu\",\"publisher\":{\"@id\":\"https:\/\/denizcankizil.tr\/#organization\"},\"potentialAction\":[{\"@type\":\"SearchAction\",\"target\":{\"@type\":\"EntryPoint\",\"urlTemplate\":\"https:\/\/denizcankizil.tr\/?s={search_term_string}\"},\"query-input\":{\"@type\":\"PropertyValueSpecification\",\"valueRequired\":true,\"valueName\":\"search_term_string\"}}],\"inLanguage\":\"de\"},{\"@type\":\"Organization\",\"@id\":\"https:\/\/denizcankizil.tr\/#organization\",\"name\":\"Av. Deniz Can K\u0131z\u0131l\",\"url\":\"https:\/\/denizcankizil.tr\/\",\"logo\":{\"@type\":\"ImageObject\",\"inLanguage\":\"de\",\"@id\":\"https:\/\/denizcankizil.tr\/#\/schema\/logo\/image\/\",\"url\":\"https:\/\/denizcankizil.tr\/wp-content\/uploads\/2024\/10\/siyah-logo-svg.svg\",\"contentUrl\":\"https:\/\/denizcankizil.tr\/wp-content\/uploads\/2024\/10\/siyah-logo-svg.svg\",\"width\":1080,\"height\":1080,\"caption\":\"Av. Deniz Can K\u0131z\u0131l\"},\"image\":{\"@id\":\"https:\/\/denizcankizil.tr\/#\/schema\/logo\/image\/\"}},{\"@type\":\"Person\",\"@id\":\"https:\/\/denizcankizil.tr\/#\/schema\/person\/5dc1b22991bd7ac833867c10afc9b0ff\",\"name\":\"Av. Deniz Can K\u0131z\u0131l\",\"image\":{\"@type\":\"ImageObject\",\"inLanguage\":\"de\",\"@id\":\"https:\/\/denizcankizil.tr\/#\/schema\/person\/image\/\",\"url\":\"https:\/\/secure.gravatar.com\/avatar\/a0b128fb9855c79efc976d5640eedb31dc35ec297594d6016d2cf7c60e975bb6?s=96&d=mm&r=g\",\"contentUrl\":\"https:\/\/secure.gravatar.com\/avatar\/a0b128fb9855c79efc976d5640eedb31dc35ec297594d6016d2cf7c60e975bb6?s=96&d=mm&r=g\",\"caption\":\"Av. Deniz Can K\u0131z\u0131l\"},\"sameAs\":[\"http:\/\/www.denizcankizil.tr\"],\"url\":\"https:\/\/denizcankizil.tr\/de\/author\/denizcankizil\/\"}]}<\/script>\n<!-- \/ Yoast SEO Premium plugin. -->","yoast_head_json":{"title":"Antalya\u2019da Ha\u015ferelere Kar\u015f\u0131 Yo\u011fun Mesai: Mesire Alanlar\u0131 da \u0130la\u00e7lan\u0131yor - Av. Deniz Can K\u0131z\u0131l","robots":{"index":"index","follow":"follow","max-snippet":"max-snippet:-1","max-image-preview":"max-image-preview:large","max-video-preview":"max-video-preview:-1"},"canonical":"https:\/\/denizcankizil.tr\/de\/haberler\/antalya\/antalyada-haserelere-karsi-yogun-mesai-mesire-alanlari-da-ilaclaniyor\/","og_locale":"de_DE","og_type":"article","og_title":"Antalya\u2019da Ha\u015ferelere Kar\u015f\u0131 Yo\u011fun Mesai: Mesire Alanlar\u0131 da \u0130la\u00e7lan\u0131yor","og_description":"Antalya B\u00fcy\u00fck\u015fehir Belediyesi, yaz aylar\u0131n\u0131n gelmesiyle birlikte halk\u0131n yo\u011fun olarak kulland\u0131\u011f\u0131 park, piknik ve mesire alanlar\u0131 ile sahil kenarlar\u0131nda ha\u015ferelere kar\u015f\u0131 ila\u00e7lama \u00e7al\u0131\u015fmalar\u0131n\u0131 aral\u0131ks\u0131z s\u00fcrd\u00fcr\u00fcyor. Anl\u0131k haberlerimizi sosyal medyadan \u00f6\u011frenmek i\u00e7in t\u0131klay\u0131n! Antalya B\u00fcy\u00fck\u015fehir Belediyesi, sivrisinek ve ha\u015ferelere kar\u015f\u0131 ba\u015flatt\u0131\u011f\u0131 ila\u00e7lama \u00e7al\u0131\u015fmalar\u0131na devam ediyor. Vatanda\u015flar\u0131n rahat bir yaz ge\u00e7irmeleri i\u00e7in ila\u00e7lama \u00e7al\u0131\u015fmalar\u0131n\u0131 ger\u00e7ekle\u015ftiren B\u00fcy\u00fck\u015fehir Belediyesi ekipleri, park ve mesire alanlar\u0131nda ila\u00e7lama yaparak ha\u015ferelerin \u00fcrememesi i\u00e7in \u00e7al\u0131\u015f\u0131yor. Belediye ekipleri 7\/24 g\u00f6rev ba\u015f\u0131nda Antalya B\u00fcy\u00fck\u015fehir Belediyesi&#8217;ne \u00e7evre ila\u00e7lamas\u0131 konusunda dan\u0131\u015fmanl\u0131k yapan Akdeniz \u00dcniversitesi Fen Fak\u00fcltesi Biyoloji B\u00f6l\u00fcm\u00fc \u00d6\u011fretim \u00dcyesi Prof. Dr. H\u00fcseyin \u00c7etin, ila\u00e7lama \u00e7al\u0131\u015fmalar\u0131n\u0131n b\u00fcy\u00fck bir \u00f6zveriyle s\u00fcrd\u00fc\u011f\u00fcn\u00fc s\u00f6yledi. Antalya B\u00fcy\u00fck\u015fehir Belediyesi&#8217;nin 19 il\u00e7ede 1700 personelle sivrisinek, karasinek, kene, pire, fare ve hamamb\u00f6ce\u011fi gibi ha\u015ferelere kar\u015f\u0131 aral\u0131ks\u0131z m\u00fccadele etti\u011fini vurgulayan Prof. Dr. \u00c7etin, &#8220;Ekipler, Beach Park, mesire alanlar\u0131 ve sahil kesimlerinde sabah saatlerinde ila\u00e7lama yap\u0131yor. \u0130nsanlar rahats\u0131z olmas\u0131n diye erken saatlerde ila\u00e7lama \u00e7al\u0131\u015fmas\u0131 ger\u00e7ekle\u015ftiriliyor. Ancak vatanda\u015flar bu \u00e7al\u0131\u015fmalar\u0131 g\u00f6rmedikleri i\u00e7in ila\u00e7lama yap\u0131lmad\u0131\u011f\u0131n\u0131 d\u00fc\u015f\u00fcn\u00fcyor. Bu da yanl\u0131\u015f bir alg\u0131ya sebep oluyor&#8221; dedi. Kene vakalar\u0131n\u0131 de\u011ferlendirdi Prof. Dr. \u00c7etin, &#8220;Son g\u00fcnlerde K\u0131r\u0131m Kongo hastal\u0131\u011f\u0131yla ilgili bir art\u0131\u015f varm\u0131\u015f gibi bir alg\u0131 olu\u015fturuluyor. Ancak bu hastal\u0131\u011f\u0131 ta\u015f\u0131yan kene t\u00fcrleri \u015fehir merkezinde de\u011fil, y\u00fcksek rak\u0131ml\u0131 mera alanlar\u0131nda g\u00f6r\u00fcl\u00fcr. Antalya merkezinde ya da sahil kesimlerinde bu &hellip;","og_url":"https:\/\/denizcankizil.tr\/de\/haberler\/antalya\/antalyada-haserelere-karsi-yogun-mesai-mesire-alanlari-da-ilaclaniyor\/","og_site_name":"Av. Deniz Can K\u0131z\u0131l","article_published_time":"2025-07-03T11:41:42+00:00","og_image":[{"width":1280,"height":720,"url":"https:\/\/denizcankizil.tr\/wp-content\/uploads\/2025\/07\/web-gorsel-boyut-15-plzoI9.png","type":"image\/png"}],"author":"Av. Deniz Can K\u0131z\u0131l","twitter_card":"summary_large_image","twitter_misc":{"Verfasst von":"Av. Deniz Can K\u0131z\u0131l","Gesch\u00e4tzte Lesezeit":"3\u00a0Minuten"},"schema":{"@context":"https:\/\/schema.org","@graph":[{"@type":"Article","@id":"https:\/\/denizcankizil.tr\/de\/haberler\/antalya\/antalyada-haserelere-karsi-yogun-mesai-mesire-alanlari-da-ilaclaniyor\/#article","isPartOf":{"@id":"https:\/\/denizcankizil.tr\/de\/haberler\/antalya\/antalyada-haserelere-karsi-yogun-mesai-mesire-alanlari-da-ilaclaniyor\/"},"author":{"name":"Av. Deniz Can K\u0131z\u0131l","@id":"https:\/\/denizcankizil.tr\/#\/schema\/person\/5dc1b22991bd7ac833867c10afc9b0ff"},"headline":"Antalya\u2019da Ha\u015ferelere Kar\u015f\u0131 Yo\u011fun Mesai: Mesire Alanlar\u0131 da \u0130la\u00e7lan\u0131yor","datePublished":"2025-07-03T11:41:42+00:00","mainEntityOfPage":{"@id":"https:\/\/denizcankizil.tr\/de\/haberler\/antalya\/antalyada-haserelere-karsi-yogun-mesai-mesire-alanlari-da-ilaclaniyor\/"},"wordCount":626,"publisher":{"@id":"https:\/\/denizcankizil.tr\/#organization"},"image":{"@id":"https:\/\/denizcankizil.tr\/de\/haberler\/antalya\/antalyada-haserelere-karsi-yogun-mesai-mesire-alanlari-da-ilaclaniyor\/#primaryimage"},"thumbnailUrl":"https:\/\/denizcankizil.tr\/wp-content\/uploads\/2025\/07\/web-gorsel-boyut-15-plzoI9.png","articleSection":["Antalya"],"inLanguage":"de"},{"@type":"WebPage","@id":"https:\/\/denizcankizil.tr\/de\/haberler\/antalya\/antalyada-haserelere-karsi-yogun-mesai-mesire-alanlari-da-ilaclaniyor\/","url":"https:\/\/denizcankizil.tr\/de\/haberler\/antalya\/antalyada-haserelere-karsi-yogun-mesai-mesire-alanlari-da-ilaclaniyor\/","name":"Antalya\u2019da Ha\u015ferelere Kar\u015f\u0131 Yo\u011fun Mesai: Mesire Alanlar\u0131 da \u0130la\u00e7lan\u0131yor - Av. Deniz Can K\u0131z\u0131l","isPartOf":{"@id":"https:\/\/denizcankizil.tr\/#website"},"primaryImageOfPage":{"@id":"https:\/\/denizcankizil.tr\/de\/haberler\/antalya\/antalyada-haserelere-karsi-yogun-mesai-mesire-alanlari-da-ilaclaniyor\/#primaryimage"},"image":{"@id":"https:\/\/denizcankizil.tr\/de\/haberler\/antalya\/antalyada-haserelere-karsi-yogun-mesai-mesire-alanlari-da-ilaclaniyor\/#primaryimage"},"thumbnailUrl":"https:\/\/denizcankizil.tr\/wp-content\/uploads\/2025\/07\/web-gorsel-boyut-15-plzoI9.png","datePublished":"2025-07-03T11:41:42+00:00","breadcrumb":{"@id":"https:\/\/denizcankizil.tr\/de\/haberler\/antalya\/antalyada-haserelere-karsi-yogun-mesai-mesire-alanlari-da-ilaclaniyor\/#breadcrumb"},"inLanguage":"de","potentialAction":[{"@type":"ReadAction","target":["https:\/\/denizcankizil.tr\/de\/haberler\/antalya\/antalyada-haserelere-karsi-yogun-mesai-mesire-alanlari-da-ilaclaniyor\/"]}]},{"@type":"ImageObject","inLanguage":"de","@id":"https:\/\/denizcankizil.tr\/de\/haberler\/antalya\/antalyada-haserelere-karsi-yogun-mesai-mesire-alanlari-da-ilaclaniyor\/#primaryimage","url":"https:\/\/denizcankizil.tr\/wp-content\/uploads\/2025\/07\/web-gorsel-boyut-15-plzoI9.png","contentUrl":"https:\/\/denizcankizil.tr\/wp-content\/uploads\/2025\/07\/web-gorsel-boyut-15-plzoI9.png","width":1280,"height":720},{"@type":"BreadcrumbList","@id":"https:\/\/denizcankizil.tr\/de\/haberler\/antalya\/antalyada-haserelere-karsi-yogun-mesai-mesire-alanlari-da-ilaclaniyor\/#breadcrumb","itemListElement":[{"@type":"ListItem","position":1,"name":"Home","item":"https:\/\/denizcankizil.tr\/de\/"},{"@type":"ListItem","position":2,"name":"Antalya\u2019da Ha\u015ferelere Kar\u015f\u0131 Yo\u011fun Mesai: Mesire Alanlar\u0131 da \u0130la\u00e7lan\u0131yor"}]},{"@type":"WebSite","@id":"https:\/\/denizcankizil.tr\/#website","url":"https:\/\/denizcankizil.tr\/","name":"Av. Deniz Can K\u0131z\u0131l","description":"Avukat Deniz Can K\u0131z\u0131l Antalya Barosu","publisher":{"@id":"https:\/\/denizcankizil.tr\/#organization"},"potentialAction":[{"@type":"SearchAction","target":{"@type":"EntryPoint","urlTemplate":"https:\/\/denizcankizil.tr\/?s={search_term_string}"},"query-input":{"@type":"PropertyValueSpecification","valueRequired":true,"valueName":"search_term_string"}}],"inLanguage":"de"},{"@type":"Organization","@id":"https:\/\/denizcankizil.tr\/#organization","name":"Av. Deniz Can K\u0131z\u0131l","url":"https:\/\/denizcankizil.tr\/","logo":{"@type":"ImageObject","inLanguage":"de","@id":"https:\/\/denizcankizil.tr\/#\/schema\/logo\/image\/","url":"https:\/\/denizcankizil.tr\/wp-content\/uploads\/2024\/10\/siyah-logo-svg.svg","contentUrl":"https:\/\/denizcankizil.tr\/wp-content\/uploads\/2024\/10\/siyah-logo-svg.svg","width":1080,"height":1080,"caption":"Av. Deniz Can K\u0131z\u0131l"},"image":{"@id":"https:\/\/denizcankizil.tr\/#\/schema\/logo\/image\/"}},{"@type":"Person","@id":"https:\/\/denizcankizil.tr\/#\/schema\/person\/5dc1b22991bd7ac833867c10afc9b0ff","name":"Av. Deniz Can K\u0131z\u0131l","image":{"@type":"ImageObject","inLanguage":"de","@id":"https:\/\/denizcankizil.tr\/#\/schema\/person\/image\/","url":"https:\/\/secure.gravatar.com\/avatar\/a0b128fb9855c79efc976d5640eedb31dc35ec297594d6016d2cf7c60e975bb6?s=96&d=mm&r=g","contentUrl":"https:\/\/secure.gravatar.com\/avatar\/a0b128fb9855c79efc976d5640eedb31dc35ec297594d6016d2cf7c60e975bb6?s=96&d=mm&r=g","caption":"Av. Deniz Can K\u0131z\u0131l"},"sameAs":["http:\/\/www.denizcankizil.tr"],"url":"https:\/\/denizcankizil.tr\/de\/author\/denizcankizil\/"}]}},"_links":{"self":[{"href":"https:\/\/denizcankizil.tr\/de\/wp-json\/wp\/v2\/posts\/134640","targetHints":{"allow":["GET"]}}],"collection":[{"href":"https:\/\/denizcankizil.tr\/de\/wp-json\/wp\/v2\/posts"}],"about":[{"href":"https:\/\/denizcankizil.tr\/de\/wp-json\/wp\/v2\/types\/post"}],"author":[{"embeddable":true,"href":"https:\/\/denizcankizil.tr\/de\/wp-json\/wp\/v2\/users\/4"}],"replies":[{"embeddable":true,"href":"https:\/\/denizcankizil.tr\/de\/wp-json\/wp\/v2\/comments?post=134640"}],"version-history":[{"count":0,"href":"https:\/\/denizcankizil.tr\/de\/wp-json\/wp\/v2\/posts\/134640\/revisions"}],"wp:featuredmedia":[{"embeddable":true,"href":"https:\/\/denizcankizil.tr\/de\/wp-json\/wp\/v2\/media\/134641"}],"wp:attachment":[{"href":"https:\/\/denizcankizil.tr\/de\/wp-json\/wp\/v2\/media?parent=134640"}],"wp:term":[{"taxonomy":"category","embeddable":true,"href":"https:\/\/denizcankizil.tr\/de\/wp-json\/wp\/v2\/categories?post=134640"},{"taxonomy":"post_tag","embeddable":true,"href":"https:\/\/denizcankizil.tr\/de\/wp-json\/wp\/v2\/tags?post=134640"}],"curies":[{"name":"wp","href":"https:\/\/api.w.org\/{rel}","templated":true}]}}