{"id":13426,"date":"2024-11-06T14:56:29","date_gmt":"2024-11-06T11:56:29","guid":{"rendered":"https:\/\/denizcankizil.tr\/uncategorized-tr\/uzaktan-calismada-is-kazasi-hukuki-boyutlari-ve-onlemler\/"},"modified":"2024-11-06T14:56:29","modified_gmt":"2024-11-06T11:56:29","slug":"uzaktan-calismada-is-kazasi-hukuki-boyutlari-ve-onlemler","status":"publish","type":"post","link":"https:\/\/denizcankizil.tr\/de\/koseyazilari\/degerlendirme\/uzaktan-calismada-is-kazasi-hukuki-boyutlari-ve-onlemler\/","title":{"rendered":"Uzaktan \u00c7al\u0131\u015fmada \u0130\u015f Kazas\u0131: Hukuki Boyutlar\u0131 ve \u00d6nlemler"},"content":{"rendered":"<p> <strong>Uzaktan \u2062\u00c7al\u0131\u015fmada \u0130\u015f Kazas\u0131: Hukuki Boyutlar\u0131 ve \u00d6nlemler<\/strong><\/p>\n<p>G\u00fcn\u00fcm\u00fczde teknolojinin h\u0131zla geli\u015fmesi ve i\u015f yapma bi\u00e7imlerinin \u200bde\u011fi\u015fmesi, <a href=\"https:\/\/denizcankizil.tr\/de\/seo\/antalyada-unlu-is-hukuku-ve-isci-avukati-inceleme-ve-analiz-2\/\" title=\"Antalya&#039;da \u00dcnl\u00fc \u0130\u015f Hukuku ve \u0130\u015f\u00e7i Avukat\u0131: \u0130nceleme ve Analiz\">uzaktan \u00e7al\u0131\u015fma<\/a>\u2062 modelinin yayg\u0131nla\u015fmas\u0131na zemin haz\u0131rlam\u0131\u015ft\u0131r. \u00d6zellikle COVID-19 pandemisi s\u00fcrecinde, bir\u00e7ok i\u015fveren\u2062 ve \u00e7al\u0131\u015fan uzaktan \u200d\u00e7al\u0131\u015fma y\u00f6ntemine ge\u00e7i\u015f yapm\u0131\u015f, bu durum i\u015f hayat\u0131nda k\u00f6kl\u00fc de\u011fi\u015fikliklere neden \u200bolmu\u015ftur. Ancak, uzaktan \u00e7al\u0131\u015fma uygulamalar\u0131, geleneksel i\u015f ortamlar\u0131nda var olan i\u015f\u200c sa\u011fl\u0131\u011f\u0131 ve g\u00fcvenli\u011fi standartlar\u0131n\u0131n yeniden\u2064 de\u011ferlendirilmesini zorunlu k\u0131lmaktad\u0131r. Bu ba\u011flamda, uzaktan \u00e7al\u0131\u015fman\u0131n \u2064getirdi\u011fi yeni riskler ve bu risklerin hukuki boyutlar\u0131 \u00fczerinde durmak \u00f6nem arz etmektedir. <\/p>\n<p>Bu makalede, uzaktan \u00e7al\u0131\u015fma s\u00fcrecinde meydana gelebilecek i\u015f kazalar\u0131n\u0131n hukuki boyutlar\u0131 ele al\u0131nacak, i\u015fverenlerin ve \u00e7al\u0131\u015fanlar\u0131n \u200csorumluluklar\u0131 irdelenecek ve i\u015f\u200c kazalar\u0131n\u0131n \u00f6nlenmesine y\u00f6nelik al\u0131nabilecek tedbirler \u00fczerinde durulacakt\u0131r.\u2062 Ayr\u0131ca, Yarg\u0131tay i\u00e7tihatlar\u0131 ve mevcut mevzuat \u00e7er\u00e7evesinde uzaktan \u00e7al\u0131\u015fman\u0131n hukuki niteli\u011fi de\u011ferlendirilecektir. Bu\u200c \u00e7al\u0131\u015fma, uzaktan \u00e7al\u0131\u015fma modelinin getirdi\u011fi yeniliklerin yan\u0131 s\u0131ra,\u2064 i\u015f sa\u011fl\u0131\u011f\u0131 ve g\u00fcvenli\u011fi alan\u0131nda at\u0131lmas\u0131 \u200cgereken \u2062ad\u0131mlar\u0131 da ortaya koymay\u0131 ama\u00e7lamaktad\u0131r.<br \/><img decoding=\"async\" class=\"kimage_class lazyload\" data-src=\"https:\/\/denizcankizil.tr\/wp-content\/uploads\/2024\/10\/P8RPY-253D.jpg\" alt=\"Uzaktan \u00c7al\u0131\u015fma\u200b Kavram\u0131 ve Geli\u015fimi\" src=\"data:image\/svg+xml;base64,PHN2ZyB3aWR0aD0iMSIgaGVpZ2h0PSIxIiB4bWxucz0iaHR0cDovL3d3dy53My5vcmcvMjAwMC9zdmciPjwvc3ZnPg==\"><\/p>\n<h2 id=\"uzaktan-calisma-kavrami-ve-gelisimi\">Uzaktan \u200c\u00c7al\u0131\u015fma Kavram\u0131 ve Geli\u015fimi<\/h2>\n<section>\n<p>Uzaktan \u00e7al\u0131\u015fma, teknolojinin \u200cgeli\u015fimi ile birlikte i\u015f d\u00fcnyas\u0131nda \u00f6nemli bir yer \u200bedinmi\u015ftir. Bu kavram, \u00e7al\u0131\u015fanlar\u0131n \u200cfiziksel olarak i\u015f yerinde bulunmadan, internet ve di\u011fer ileti\u015fim \u200bara\u00e7lar\u0131 arac\u0131l\u0131\u011f\u0131yla g\u00f6revlerini yerine getirmelerini ifade eder. Uzaktan \u00e7al\u0131\u015fman\u0131n yayg\u0131nla\u015fmas\u0131, \u00f6zellikle \u200dson \u200cy\u0131llarda ya\u015fanan k\u00fcresel olaylar ve dijital d\u00f6n\u00fc\u015f\u00fcm s\u00fcre\u00e7leri ile h\u0131z kazanm\u0131\u015ft\u0131r.<\/p>\n<p>Uzaktan \u2062\u00e7al\u0131\u015fman\u0131n\u200b geli\u015fimi, bir\u00e7ok avantaj\u0131\u200d beraberinde\u200c getirmi\u015ftir. Bu avantajlar\u2064 aras\u0131nda:<\/p>\n<ul>\n<li>Esnek \u00e7al\u0131\u015fma saatleri<\/li>\n<li>Ula\u015f\u0131m s\u00fcrelerinin \u2062azalmas\u0131<\/li>\n<li>\u00c7al\u0131\u015fan memnuniyetinin artmas\u0131<\/li>\n<li>Maliyetlerin d\u00fc\u015fmesi<\/li>\n<\/ul>\n<p>Bununla \u2062birlikte,\u200b uzaktan \u00e7al\u0131\u015fman\u0131n baz\u0131 zorluklar\u0131 da bulunmaktad\u0131r. \u0130\u015f kazalar\u0131n\u0131n hukuki\u2063 boyutlar\u0131, \u200bbu zorluklar\u0131n ba\u015f\u0131nda gelmektedir.\u2062 Uzaktan \u2062\u00e7al\u0131\u015fma ortam\u0131nda meydana\u200b gelen kazalar\u0131n, hangi \u2063ko\u015fullarda i\u015f kazas\u0131\u200b say\u0131laca\u011f\u0131 ve bu \u200bdurumlar\u0131n nas\u0131l de\u011ferlendirilece\u011fi, i\u015fveren ve\u2062 \u00e7al\u0131\u015fanlar a\u00e7\u0131s\u0131ndan\u200b \u00f6nemli bir konu haline gelmi\u015ftir. Bu nedenle, uzaktan \u00e7al\u0131\u015fma d\u00fczenlemeleri ve i\u015f sa\u011fl\u0131\u011f\u0131\u200c g\u00fcvenli\u011fi \u00f6nlemleri, i\u015f kazalar\u0131n\u0131n \u00f6nlenmesi a\u00e7\u0131s\u0131ndan kritik bir rol oynamaktad\u0131r.<\/p>\n<\/section>\n<p><img decoding=\"async\" class=\"kimage_class lazyload\" data-src=\"https:\/\/denizcankizil.tr\/wp-content\/uploads\/2024\/10\/x504-1.jpg\" alt=\"\u0130\u015f Kazas\u0131 Tan\u0131m\u0131\u200c ve Uzaktan \u00c7al\u0131\u015fma Ba\u011flam\u0131nda\u200b De\u011ferlendirilmesi\" src=\"data:image\/svg+xml;base64,PHN2ZyB3aWR0aD0iMSIgaGVpZ2h0PSIxIiB4bWxucz0iaHR0cDovL3d3dy53My5vcmcvMjAwMC9zdmciPjwvc3ZnPg==\"><\/p>\n<h2 id=\"is-kazasi-tanimi-ve-uzaktan-calisma-baglaminda-degerlendirilmesi\">\u0130\u015f Kazas\u0131 Tan\u0131m\u0131 ve Uzaktan \u00c7al\u0131\u015fma Ba\u011flam\u0131nda De\u011ferlendirilmesi<\/h2>\n<section>\n<p>\u0130\u015f kazas\u0131, i\u015fyerinde veya i\u015fin y\u00fcr\u00fct\u00fclmesi s\u0131ras\u0131nda meydana gelen, \u200c\u00e7al\u0131\u015fanlar\u0131n \u200dbedensel veya\u200d ruhsal sa\u011fl\u0131\u011f\u0131n\u0131 olumsuz\u2062 etkileyen olaylar olarak tan\u0131mlanmaktad\u0131r. Bu t\u00fcr kazalar, i\u015fin niteli\u011fi ve \u00e7al\u0131\u015fma ko\u015fullar\u0131 g\u00f6z \u00f6n\u00fcnde bulunduruldu\u011funda, \u200cuzaktan \u00e7al\u0131\u015fma ortam\u0131nda da ortaya\u200d \u00e7\u0131kabilir. Uzaktan \u00e7al\u0131\u015fma, \u200b\u00e7al\u0131\u015fanlar\u0131n evlerinden veya ba\u015fka\u200c bir yerden i\u015flerini y\u00fcr\u00fctmelerine olanak tan\u0131rken, i\u015f kazalar\u0131n\u0131n tan\u0131m\u0131 ve kapsam\u0131 a\u00e7\u0131s\u0131ndan \u200byeni bir boyut\u2064 kazand\u0131rmaktad\u0131r.<\/p>\n<p>Uzaktan \u00e7al\u0131\u015fma\u2062 ba\u011flam\u0131nda i\u015f kazalar\u0131n\u0131n de\u011ferlendirilmesi, a\u015fa\u011f\u0131daki unsurlar\u0131n dikkate al\u0131nmas\u0131n\u0131\u2064 gerektirir:<\/p>\n<ul>\n<li><strong>\u00c7al\u0131\u015fma Alan\u0131:<\/strong> \u00c7al\u0131\u015fan\u0131n i\u015fini y\u00fcr\u00fctt\u00fc\u011f\u00fc yerin\u2062 g\u00fcvenli\u011fi, i\u015f kazalar\u0131n\u0131n \u00f6nlenmesinde kritik bir \u200brol oynamaktad\u0131r.<\/li>\n<li><strong>\u0130\u015f Ekipmanlar\u0131:<\/strong> Kullan\u0131lan teknolojik ara\u00e7lar\u0131n ve ekipmanlar\u0131n g\u00fcvenli\u011fi, kazalar\u0131n \u00f6nlenmesi a\u00e7\u0131s\u0131ndan \u00f6nemlidir.<\/li>\n<li><strong>\u0130\u015f S\u00fcre\u00e7leri:<\/strong> \u00c7al\u0131\u015fma saatleri ve i\u015f s\u00fcre\u00e7lerinin d\u00fczenlenmesi, \u00e7al\u0131\u015fanlar\u0131n\u2063 sa\u011fl\u0131\u011f\u0131n\u0131 ve g\u00fcvenli\u011fini etkileyebilir.<\/li>\n<\/ul>\n<p>Sonu\u00e7 olarak,\u2064 uzaktan \u00e7al\u0131\u015fma modelinin \u200dyayg\u0131nla\u015fmas\u0131yla birlikte, i\u015f kazalar\u0131n\u0131n tan\u0131m\u0131 ve kapsam\u0131 da de\u011fi\u015fim g\u00f6stermektedir. \u0130\u015fverenlerin, uzaktan \u00e7al\u0131\u015fanlar\u0131n g\u00fcvenli\u011fini sa\u011flamak amac\u0131yla gerekli \u00f6nlemleri\u2064 almas\u0131,\u200c hem hukuki sorumluluklar\u0131 \u2062hem de \u00e7al\u0131\u015fanlar\u0131n sa\u011fl\u0131\u011f\u0131 a\u00e7\u0131s\u0131ndan b\u00fcy\u00fck \u00f6nem ta\u015f\u0131maktad\u0131r.<\/p>\n<\/section>\n<p><img decoding=\"async\" class=\"kimage_class lazyload\" data-src=\"https:\/\/denizcankizil.tr\/wp-content\/uploads\/2024\/10\/Ntgv4-253D.jpg\" alt=\"Hukuki Sorumluluklar ve \u0130\u015fverenin Y\u00fck\u00fcml\u00fcl\u00fckleri\" src=\"data:image\/svg+xml;base64,PHN2ZyB3aWR0aD0iMSIgaGVpZ2h0PSIxIiB4bWxucz0iaHR0cDovL3d3dy53My5vcmcvMjAwMC9zdmciPjwvc3ZnPg==\"><\/p>\n<h2 id=\"hukuki-sorumluluklar-ve-isverenin-yukumlulukleri\">Hukuki\u200c Sorumluluklar ve \u0130\u015fverenin Y\u00fck\u00fcml\u00fcl\u00fckleri<\/h2>\n<section>\n<p>Uzaktan \u00e7al\u0131\u015fma modeli, i\u015fverenlerin\u200c ve \u00e7al\u0131\u015fanlar\u0131n kar\u015f\u0131la\u015ft\u0131\u011f\u0131 yeni hukuki sorumluluklar\u0131 beraberinde getirmektedir. \u2064\u0130\u015f kazalar\u0131n\u0131n meydana gelmesi durumunda, <a href=\"https:\/\/denizcankizil.tr\/de\/alanlar\/is-hukuku\/\" title=\"Arbeitsrecht\">i\u015fverenlerin y\u00fck\u00fcml\u00fcl\u00fckleri<\/a>,\u2063 i\u015f sa\u011fl\u0131\u011f\u0131 ve g\u00fcvenli\u011fi mevzuat\u0131na uygun olarak belirlenmi\u015ftir. Bu ba\u011flamda, i\u015fverenlerin \u2063a\u015fa\u011f\u0131daki hususlara dikkat etmesi\u200d gerekmektedir:<\/p>\n<ul>\n<li><strong>\u00c7al\u0131\u015fma Ortam\u0131n\u0131n G\u00fcvenli\u011fi:<\/strong> \u0130\u015fveren, uzaktan \u00e7al\u0131\u015fanlar\u0131n \u00e7al\u0131\u015fma \u200bortamlar\u0131n\u0131n g\u00fcvenli\u011fini sa\u011flamakla y\u00fck\u00fcml\u00fcd\u00fcr. Bu,\u200d gerekli ekipmanlar\u0131n temin edilmesi ve \u00e7al\u0131\u015fma\u200b alanlar\u0131n\u0131n ergonomik olarak d\u00fczenlenmesi anlam\u0131na\u2063 gelir.<\/li>\n<li><strong>E\u011fitim\u2064 ve Bilgilendirme:<\/strong> \u2063Uzaktan \u00e7al\u0131\u015fanlar\u0131n\u2064 i\u015f sa\u011fl\u0131\u011f\u0131 ve g\u00fcvenli\u011fi konular\u0131nda\u2062 bilgilendirilmesi,\u2064 i\u015fverenin\u200b sorumluluklar\u0131 aras\u0131ndad\u0131r. \u00c7al\u0131\u015fanlar\u0131n,\u2062 olas\u0131 riskler hakk\u0131nda e\u011fitim almas\u0131 sa\u011flanmal\u0131d\u0131r.<\/li>\n<li><strong>\u0130\u015f Kazalar\u0131n\u0131n Bildirimi:<\/strong> \u0130\u015f\u2064 kazalar\u0131n\u0131n meydana gelmesi \u2063durumunda, i\u015fverenin \u2062bu durumu \u200bderhal yetkili mercilere\u200d bildirmesi\u2063 gerekmektedir.\u200c Bu, hukuki s\u00fcre\u00e7lerin sa\u011fl\u0131kl\u0131 bir \u015fekilde ilerlemesi i\u00e7in \u2062\u00f6nemlidir.<\/li>\n<li><strong>Sigorta Y\u00fck\u00fcml\u00fcl\u00fckleri:<\/strong> Uzaktan \u00e7al\u0131\u015fanlar\u0131n i\u015f kazalar\u0131na kar\u015f\u0131 sigortalanmas\u0131, i\u015fverenin\u2062 y\u00fck\u00fcml\u00fcl\u00fckleri aras\u0131nda yer almaktad\u0131r. Bu, \u00e7al\u0131\u015fanlar\u0131n haklar\u0131n\u0131n korunmas\u0131 a\u00e7\u0131s\u0131ndan \u2063kritik bir \u00f6neme sahiptir.<\/li>\n<\/ul>\n<p>Sonu\u00e7 olarak, uzaktan \u00e7al\u0131\u015fma\u2062 d\u00fczenlemeleri\u200c \u00e7er\u00e7evesinde i\u015fverenlerin \u2062hukuki sorumluluklar\u0131, \u00e7al\u0131\u015fanlar\u0131n g\u00fcvenli\u011fini \u2063sa\u011flamak ve olas\u0131 i\u015f kazalar\u0131n\u0131n \u00f6n\u00fcne ge\u00e7mek amac\u0131yla\u200b titizlikle\u200d yerine getirilmelidir. \u0130\u015fverenlerin bu y\u00fck\u00fcml\u00fcl\u00fcklere uymas\u0131, hem hukuki a\u00e7\u0131dan hem de\u200c \u00e7al\u0131\u015fan memnuniyeti a\u00e7\u0131s\u0131ndan b\u00fcy\u00fck \u00f6nem ta\u015f\u0131maktad\u0131r.<\/p>\n<\/section>\n<p><img decoding=\"async\" class=\"kimage_class lazyload\" data-src=\"https:\/\/denizcankizil.tr\/wp-content\/uploads\/2024\/10\/ounsel-scaled.jpg\" alt=\"\u00c7al\u0131\u015fanlar\u0131n Haklar\u0131 ve G\u00fcvenceleri\" src=\"data:image\/svg+xml;base64,PHN2ZyB3aWR0aD0iMSIgaGVpZ2h0PSIxIiB4bWxucz0iaHR0cDovL3d3dy53My5vcmcvMjAwMC9zdmciPjwvc3ZnPg==\"><\/p>\n<h2 id=\"calisanlarin-haklari-ve-guvenceleri\">\u00c7al\u0131\u015fanlar\u0131n Haklar\u0131 ve G\u00fcvenceleri<\/h2>\n<section>\n<p>Uzaktan \u00e7al\u0131\u015fma modeli, son \u200by\u0131llarda giderek yayg\u0131nla\u015fan bir \u200cuygulama haline gelmi\u015ftir. Ancak, \u200cbu \u00e7al\u0131\u015fma bi\u00e7imi, \u200b\u00e7al\u0131\u015fanlar\u0131n haklar\u0131 ve g\u00fcvenlikleri a\u00e7\u0131s\u0131ndan baz\u0131 hukuki sorunlar\u0131 da \u200bberaberinde getirmektedir. \u200d\u00c7al\u0131\u015fanlar\u0131n, i\u015f kazas\u0131 durumunda hangi haklara sahip\u2062 oldu\u011fu ve bu kazalar\u0131n \u00f6nlenmesi i\u00e7in al\u0131nmas\u0131 gereken tedbirler, i\u015fverenler ve \u00e7al\u0131\u015fanlar i\u00e7in b\u00fcy\u00fck \u00f6nem ta\u015f\u0131maktad\u0131r.<\/p>\n<p>Uzaktan \u00e7al\u0131\u015fma\u2063 s\u0131ras\u0131nda \u200bmeydana \u2062gelen i\u015f kazalar\u0131n\u0131n hukuki boyutlar\u0131, i\u015f sa\u011fl\u0131\u011f\u0131 ve g\u00fcvenli\u011fi mevzuat\u0131 \u00e7er\u00e7evesinde ele al\u0131nmal\u0131d\u0131r.\u2064 \u00c7al\u0131\u015fanlar\u0131n, i\u015f kazas\u0131 ge\u00e7irmeleri durumunda a\u015fa\u011f\u0131daki haklara sahip olduklar\u0131 unutulmamal\u0131d\u0131r:<\/p>\n<ul>\n<li><strong>\u0130\u015f kazas\u0131 tazminat\u0131 alma hakk\u0131:<\/strong> \u00c7al\u0131\u015fanlar, i\u015f kazas\u0131 sonucunda \u200bu\u011frad\u0131klar\u0131 zararlar i\u00e7in tazminat talep edebilirler.<\/li>\n<li><strong>Sa\u011fl\u0131k hizmetlerinden yararlanma hakk\u0131:<\/strong> \u0130\u015f kazas\u0131 ge\u00e7iren \u00e7al\u0131\u015fanlar, gerekli sa\u011fl\u0131k hizmetlerine eri\u015fim \u2063hakk\u0131na sahiptir.<\/li>\n<li><strong>\u0130\u015f g\u00fcvencesi:<\/strong> \u0130\u015f kazas\u0131 ge\u00e7iren \u00e7al\u0131\u015fanlar\u0131n, i\u015ften \u00e7\u0131kar\u0131lma gibi olumsuz durumlarla kar\u015f\u0131la\u015fmamalar\u0131 i\u00e7in hukuki koruma alt\u0131ndad\u0131rlar.<\/li>\n<\/ul>\n<p>Bu ba\u011flamda,\u200c i\u015fverenlerin uzaktan \u00e7al\u0131\u015fma ortam\u0131nda i\u015f sa\u011fl\u0131\u011f\u0131 ve \u200bg\u00fcvenli\u011fi \u00f6nlemlerini almas\u0131, \u200dhem \u00e7al\u0131\u015fanlar\u0131n\u2064 haklar\u0131n\u0131 korumak hem de i\u015f kazalar\u0131n\u0131n \u00f6n\u00fcne ge\u00e7mek a\u00e7\u0131s\u0131ndan kritik bir \u00f6neme sahiptir. \u2062\u00c7al\u0131\u015fanlar\u0131n \u2064g\u00fcvenli bir \u00e7al\u0131\u015fma ortam\u0131nda bulunmalar\u0131,\u200c hem i\u015f verimlili\u011fini art\u0131racak hem de hukuki sorunlar\u0131n \u00f6n\u00fcne ge\u00e7ecektir.<\/p>\n<\/section>\n<h2 id=\"uzaktan-calismada-is-kazalarinin-onlenmesi-icin-alinabilecek-tedbirler\">Uzaktan \u00c7al\u0131\u015fmada \u0130\u015f Kazalar\u0131n\u0131n \u00d6nlenmesi \u0130\u00e7in Al\u0131nabilecek Tedbirler<\/h2>\n<p>Uzaktan \u00e7al\u0131\u015fma\u200b modeli,\u2064 son y\u0131llarda yayg\u0131nla\u015fan bir uygulama haline \u2063gelmi\u015ftir. Ancak, bu \u00e7al\u0131\u015fma bi\u00e7imi, i\u015f kazalar\u0131n\u0131n \u00f6nlenmesi a\u00e7\u0131s\u0131ndan baz\u0131 zorluklar da bar\u0131nd\u0131rmaktad\u0131r. \u0130\u015fverenlerin, uzaktan \u00e7al\u0131\u015fanlar\u0131n g\u00fcvenli\u011fini sa\u011flamak amac\u0131yla alabilece\u011fi \u00e7e\u015fitli tedbirler bulunmaktad\u0131r. Bu tedbirler, hem \u00e7al\u0131\u015fanlar\u0131n sa\u011fl\u0131\u011f\u0131n\u0131 korumak hem de \u200bhukuki sorumluluklar\u0131n minimize edilmesi a\u00e7\u0131s\u0131ndan b\u00fcy\u00fck \u00f6nem ta\u015f\u0131maktad\u0131r.<\/p>\n<p>Uzaktan \u00e7al\u0131\u015fmada i\u015f kazalar\u0131n\u0131n \u00f6nlenmesi i\u00e7in al\u0131nabilecek ba\u015fl\u0131ca tedbirler \u015funlard\u0131r:<\/p>\n<ul>\n<li><strong>\u00c7al\u0131\u015fma Ortam\u0131n\u0131n De\u011ferlendirilmesi:<\/strong> \u200b\u00c7al\u0131\u015fanlar\u0131n\u2064 evdeki \u00e7al\u0131\u015fma alanlar\u0131n\u0131n ergonomik ve g\u00fcvenli\u2063 bir \u2062\u015fekilde d\u00fczenlenmesi sa\u011flanmal\u0131d\u0131r.<\/li>\n<li><strong>E\u011fitim ve Bilgilendirme:<\/strong> \u2063 \u00c7al\u0131\u015fanlara, uzaktan\u200d \u00e7al\u0131\u015fma \u200cs\u0131ras\u0131nda kar\u015f\u0131la\u015fabilecekleri riskler ve bu\u200b risklerin nas\u0131l \u00f6nlenece\u011fi konusunda \u200ce\u011fitim verilmelidir.<\/li>\n<li><strong>\u0130leti\u015fim Kanallar\u0131n\u0131n G\u00fc\u00e7lendirilmesi:<\/strong> \u0130\u015fverenler, \u00e7al\u0131\u015fanlar\u0131yla s\u00fcrekli ileti\u015fim halinde olmal\u0131 ve herhangi \u200dbir sorun durumunda h\u0131zl\u0131 bir \u015fekilde \u2064m\u00fcdahale edebilmelidir.<\/li>\n<li><strong>\u0130\u015f Sa\u011fl\u0131\u011f\u0131 \u2064ve\u2062 G\u00fcvenli\u011fi Prosed\u00fcrlerinin Uygulanmas\u0131:<\/strong> Uzaktan \u00e7al\u0131\u015fanlar i\u00e7in \u2062de i\u015f sa\u011fl\u0131\u011f\u0131 ve\u2064 g\u00fcvenli\u011fi prosed\u00fcrleri olu\u015fturulmal\u0131 ve bu prosed\u00fcrlerin uygulanmas\u0131 \u200dsa\u011flanmal\u0131d\u0131r.<\/li>\n<\/ul>\n<p>Bu \u200ctedbirlerin uygulanmas\u0131,\u2062 uzaktan \u00e7al\u0131\u015fman\u0131n getirdi\u011fi risklerin azalt\u0131lmas\u0131na\u2064 yard\u0131mc\u0131\u200b olacak ve \u200ci\u015f kazalar\u0131n\u0131n \u00f6nlenmesine katk\u0131 \u2062sa\u011flayacakt\u0131r. \u0130\u015fverenlerin, bu konuda proaktif bir yakla\u015f\u0131m benimsemesi, hem \u00e7al\u0131\u015fanlar\u0131n g\u00fcvenli\u011fini art\u0131racak\u200c hem de hukuki\u2062 y\u00fck\u00fcml\u00fcl\u00fcklerini yerine getirmelerine yard\u0131mc\u0131 olacakt\u0131r.<\/p>\n<p><img decoding=\"async\" class=\"kimage_class lazyload\" data-src=\"https:\/\/denizcankizil.tr\/wp-content\/uploads\/2024\/10\/3637-types-of-cases-handled-by-real-estate-attorneys-in-antalya.jpg\" alt=\"Yarg\u0131tay Kararlar\u0131 I\u015f\u0131\u011f\u0131nda Uzaktan \u00c7al\u0131\u015fmada \u0130\u015f\u2063 Kazalar\u0131\" src=\"data:image\/svg+xml;base64,PHN2ZyB3aWR0aD0iMSIgaGVpZ2h0PSIxIiB4bWxucz0iaHR0cDovL3d3dy53My5vcmcvMjAwMC9zdmciPjwvc3ZnPg==\"><\/p>\n<h2 id=\"yargitay-kararlari-isiginda-uzaktan-calismada-is-kazalari\">Yarg\u0131tay Kararlar\u0131 I\u015f\u0131\u011f\u0131nda Uzaktan \u00c7al\u0131\u015fmada \u2062\u0130\u015f\u200b Kazalar\u0131<\/h2>\n<p>Uzaktan \u00e7al\u0131\u015fma modeli, son y\u0131llarda i\u015f\u200d hayat\u0131nda \u00f6nemli bir \u200cyer edinmi\u015ftir. Ancak, bu yeni \u00e7al\u0131\u015fma \u015fekli, i\u015f kazalar\u0131n\u0131n hukuki boyutlar\u0131n\u0131 da beraberinde\u2063 getirmektedir. Yarg\u0131tay kararlar\u0131, uzaktan \u00e7al\u0131\u015fmada meydana gelen i\u015f kazalar\u0131n\u0131n de\u011ferlendirilmesinde \u00f6nemli bir kaynak te\u015fkil etmektedir. \u0130\u015f kazalar\u0131n\u0131n tan\u0131m\u0131, kapsam\u0131 \u200bve i\u015fverenin sorumluluklar\u0131, uzaktan \u00e7al\u0131\u015fma ba\u011flam\u0131nda yeniden ele \u2063al\u0131nmal\u0131d\u0131r.<\/p>\n<p>Yarg\u0131tay, uzaktan \u00e7al\u0131\u015fma s\u0131ras\u0131nda meydana \u200cgelen kazalar\u0131n, i\u015f \u2062kazas\u0131\u200c olarak kabul edilebilmesi i\u00e7in belirli kriterlerin sa\u011flanmas\u0131 gerekti\u011fini vurgulamaktad\u0131r.\u2064 Bu kriterler \u200caras\u0131nda, kazan\u0131n i\u015fin \u2063y\u00fcr\u00fct\u00fclmesi s\u0131ras\u0131nda meydana gelmesi\u2062 ve i\u015f\u00e7inin g\u00f6revini yerine getirirken maruz kald\u0131\u011f\u0131 riskler\u2062 yer almaktad\u0131r. Uzaktan \u00e7al\u0131\u015fma\u2062 ortam\u0131nda,\u2062 i\u015fverenin i\u015f sa\u011fl\u0131\u011f\u0131 ve\u200b g\u00fcvenli\u011fi \u00f6nlemlerini almas\u0131, \u00e7al\u0131\u015fanlar\u0131n g\u00fcvenli\u011fini sa\u011flamak ad\u0131na kritik bir \u00f6neme sahiptir.<\/p>\n<p>Uzaktan \u00e7al\u0131\u015fmada\u2064 i\u015f kazalar\u0131n\u0131n \u00f6nlenmesi i\u00e7in al\u0131nabilecek baz\u0131 \u00f6nlemler \u015funlard\u0131r:<\/p>\n<ul>\n<li><strong>\u0130\u015f Sa\u011fl\u0131\u011f\u0131 ve G\u00fcvenli\u011fi \u2063E\u011fitimi:<\/strong> \u2062 \u00c7al\u0131\u015fanlar\u0131n, uzaktan \u00e7al\u0131\u015fma \u2063ko\u015fullar\u0131nda kar\u015f\u0131la\u015fabilecekleri riskler hakk\u0131nda bilgilendirilmesi.<\/li>\n<li><strong>Ergonomik \u00c7al\u0131\u015fma Alanlar\u0131:<\/strong> \u00c7al\u0131\u015fanlar\u0131n, sa\u011fl\u0131kl\u0131 \u200dbir \u00e7al\u0131\u015fma ortam\u0131na sahip \u2064olmalar\u0131n\u0131n sa\u011flanmas\u0131.<\/li>\n<li><strong>D\u00fczenli Kontroller:<\/strong> \u00c7al\u0131\u015fma alanlar\u0131n\u0131n \u2062periyodik \u2062olarak de\u011ferlendirilmesi ve gerekli iyile\u015ftirmelerin yap\u0131lmas\u0131.<\/li>\n<\/ul>\n<p>Sonu\u00e7 olarak, uzaktan \u00e7al\u0131\u015fman\u0131n getirdi\u011fi yenilikler, i\u015f \u2064kazalar\u0131n\u0131n hukuki \u200dboyutlar\u0131n\u0131 da etkilemektedir. Yarg\u0131tay kararlar\u0131 \u0131\u015f\u0131\u011f\u0131nda, \u2063i\u015fverenlerin sorumluluklar\u0131n\u0131 yerine getirmesi ve \u00e7al\u0131\u015fanlar\u0131n\u200d g\u00fcvenli\u011fini sa\u011flamas\u0131, i\u015f kazalar\u0131n\u0131n \u00f6nlenmesi a\u00e7\u0131s\u0131ndan b\u00fcy\u00fck \u00f6nem ta\u015f\u0131maktad\u0131r.<\/p>\n<p>Sonu\u00e7 olarak,\u200b uzaktan \u00e7al\u0131\u015fman\u0131n yayg\u0131nla\u015fmas\u0131yla\u2062 birlikte i\u015f kazalar\u0131n\u0131n hukuki boyutlar\u0131 ve al\u0131nmas\u0131 gereken \u00f6nlemler, i\u015fverenler ve\u2064 \u00e7al\u0131\u015fanlar \u200da\u00e7\u0131s\u0131ndan b\u00fcy\u00fck bir \u00f6nem\u2063 ta\u015f\u0131maktad\u0131r.\u2064 \u0130\u015f sa\u011fl\u0131\u011f\u0131 ve\u200d g\u00fcvenli\u011fi mevzuat\u0131n\u0131n uzaktan \u00e7al\u0131\u015fma ko\u015fullar\u0131na entegre \u2062edilmesi, hem \u00e7al\u0131\u015fanlar\u0131n\u2063 haklar\u0131n\u0131n \u2063korunmas\u0131 hem de i\u015fverenlerin sorumluluklar\u0131n\u0131n netle\u015ftirilmesi \u200da\u00e7\u0131s\u0131ndan kritik bir gereklilik haline gelmi\u015ftir. Bu\u2062 ba\u011flamda, i\u015f\u200b kazalar\u0131n\u0131n \u00f6nlenmesi i\u00e7in gerekli tedbirlerin al\u0131nmas\u0131, i\u015f yerinde \u2064g\u00fcvenli bir \u200d\u00e7al\u0131\u015fma ortam\u0131n\u0131n\u2064 sa\u011flanmas\u0131 ve \u00e7al\u0131\u015fanlar\u0131n\u2063 bilin\u00e7lendirilmesi, hem hukuki hem \u200cde etik bir zorunluluk olarak kar\u015f\u0131m\u0131za \u00e7\u0131kmaktad\u0131r. Gelecekte uzaktan \u00e7al\u0131\u015fma modelinin daha\u200c da yayg\u0131nla\u015fmas\u0131 beklenirken, bu alandaki\u2063 hukuki \u200dd\u00fczenlemelerin ve \u2062uygulamalar\u0131n s\u00fcrekli \u2064olarak g\u00fcncellenmesi, i\u015f \u2063kazalar\u0131n\u0131n \u00f6nlenmesi ad\u0131na at\u0131lacak en \u00f6nemli ad\u0131mlardan biri\u200b olacakt\u0131r. Bu nedenle, hem\u2063 i\u015fverenlerin hem de \u00e7al\u0131\u015fanlar\u0131n, uzaktan \u00e7al\u0131\u015fma s\u00fcre\u00e7lerinde kar\u015f\u0131la\u015fabilecekleri riskleri ve bu risklere kar\u015f\u0131 alabilecekleri \u00f6nlemleri iyi bir \u015fekilde anlamalar\u0131 ve\u2064 uygulamalar\u0131 \u2063gerekmektedir. <\/p>","protected":false},"excerpt":{"rendered":"<p>Uzaktan \u00e7al\u0131\u015fman\u0131n yayg\u0131nla\u015fmas\u0131, i\u015f kazalar\u0131n\u0131n hukuki boyutlar\u0131n\u0131 yeniden de\u011ferlendirmeyi zorunlu k\u0131lmaktad\u0131r. \u0130\u015fverenin sorumluluklar\u0131, \u00e7al\u0131\u015fanlar\u0131n g\u00fcvenli\u011fi ve i\u015f kazalar\u0131n\u0131n \u00f6nlenmesi konular\u0131nda al\u0131nacak tedbirler, bu ba\u011flamda kritik \u00f6neme sahiptir.<\/p>","protected":false},"author":4,"featured_media":13427,"comment_status":"open","ping_status":"open","sticky":false,"template":"","format":"standard","meta":{"_acf_changed":false,"footnotes":""},"categories":[22],"tags":[],"class_list":["post-13426","post","type-post","status-publish","format-standard","has-post-thumbnail","hentry","category-degerlendirme"],"acf":[],"yoast_head":"<!-- This site is optimized with the Yoast SEO Premium plugin v26.6 (Yoast SEO v27.1.1) - https:\/\/yoast.com\/product\/yoast-seo-premium-wordpress\/ -->\n<title>Uzaktan \u00c7al\u0131\u015fmada \u0130\u015f Kazas\u0131: Hukuki Boyutlar\u0131 ve \u00d6nlemler - Av. Deniz Can K\u0131z\u0131l<\/title>\n<meta name=\"robots\" content=\"index, follow, max-snippet:-1, max-image-preview:large, max-video-preview:-1\" \/>\n<link rel=\"canonical\" href=\"https:\/\/denizcankizil.tr\/de\/koseyazilari\/degerlendirme\/uzaktan-calismada-is-kazasi-hukuki-boyutlari-ve-onlemler\/\" \/>\n<meta property=\"og:locale\" content=\"de_DE\" \/>\n<meta property=\"og:type\" content=\"article\" \/>\n<meta property=\"og:title\" content=\"Uzaktan \u00c7al\u0131\u015fmada \u0130\u015f Kazas\u0131: Hukuki Boyutlar\u0131 ve \u00d6nlemler\" \/>\n<meta property=\"og:description\" content=\"Uzaktan \u00e7al\u0131\u015fman\u0131n yayg\u0131nla\u015fmas\u0131, i\u015f kazalar\u0131n\u0131n hukuki boyutlar\u0131n\u0131 yeniden de\u011ferlendirmeyi zorunlu k\u0131lmaktad\u0131r. \u0130\u015fverenin sorumluluklar\u0131, \u00e7al\u0131\u015fanlar\u0131n g\u00fcvenli\u011fi ve i\u015f kazalar\u0131n\u0131n \u00f6nlenmesi konular\u0131nda al\u0131nacak tedbirler, bu ba\u011flamda kritik \u00f6neme sahiptir.\" \/>\n<meta property=\"og:url\" content=\"https:\/\/denizcankizil.tr\/de\/koseyazilari\/degerlendirme\/uzaktan-calismada-is-kazasi-hukuki-boyutlari-ve-onlemler\/\" \/>\n<meta property=\"og:site_name\" content=\"Av. Deniz Can K\u0131z\u0131l\" \/>\n<meta property=\"article:published_time\" content=\"2024-11-06T11:56:29+00:00\" \/>\n<meta property=\"og:image\" content=\"https:\/\/denizcankizil.tr\/wp-content\/uploads\/2024\/11\/13426-uzaktan-calismada-is-kazasi-hukuki-boyutlari-ve-onlemler.jpg\" \/>\n\t<meta property=\"og:image:width\" content=\"1200\" \/>\n\t<meta property=\"og:image:height\" content=\"675\" \/>\n\t<meta property=\"og:image:type\" content=\"image\/jpeg\" \/>\n<meta name=\"author\" content=\"Av. Deniz Can K\u0131z\u0131l\" \/>\n<meta name=\"twitter:card\" content=\"summary_large_image\" \/>\n<meta name=\"twitter:label1\" content=\"Verfasst von\" \/>\n\t<meta name=\"twitter:data1\" content=\"Av. Deniz Can K\u0131z\u0131l\" \/>\n\t<meta name=\"twitter:label2\" content=\"Gesch\u00e4tzte Lesezeit\" \/>\n\t<meta name=\"twitter:data2\" content=\"10\u00a0Minuten\" \/>\n<script type=\"application\/ld+json\" class=\"yoast-schema-graph\">{\"@context\":\"https:\/\/schema.org\",\"@graph\":[{\"@type\":\"Article\",\"@id\":\"https:\/\/denizcankizil.tr\/ru\/koseyazilari\/degerlendirme\/uzaktan-calismada-is-kazasi-hukuki-boyutlari-ve-onlemler\/#article\",\"isPartOf\":{\"@id\":\"https:\/\/denizcankizil.tr\/ru\/koseyazilari\/degerlendirme\/uzaktan-calismada-is-kazasi-hukuki-boyutlari-ve-onlemler\/\"},\"author\":{\"name\":\"Av. Deniz Can K\u0131z\u0131l\",\"@id\":\"https:\/\/denizcankizil.tr\/de\/#\/schema\/person\/5dc1b22991bd7ac833867c10afc9b0ff\"},\"headline\":\"Uzaktan \u00c7al\u0131\u015fmada \u0130\u015f Kazas\u0131: Hukuki Boyutlar\u0131 ve \u00d6nlemler\",\"datePublished\":\"2024-11-06T11:56:29+00:00\",\"mainEntityOfPage\":{\"@id\":\"https:\/\/denizcankizil.tr\/ru\/koseyazilari\/degerlendirme\/uzaktan-calismada-is-kazasi-hukuki-boyutlari-ve-onlemler\/\"},\"wordCount\":2015,\"commentCount\":0,\"publisher\":{\"@id\":\"https:\/\/denizcankizil.tr\/de\/#organization\"},\"image\":{\"@id\":\"https:\/\/denizcankizil.tr\/ru\/koseyazilari\/degerlendirme\/uzaktan-calismada-is-kazasi-hukuki-boyutlari-ve-onlemler\/#primaryimage\"},\"thumbnailUrl\":\"https:\/\/denizcankizil.tr\/wp-content\/uploads\/2024\/11\/13426-uzaktan-calismada-is-kazasi-hukuki-boyutlari-ve-onlemler.jpg\",\"articleSection\":[\"De\u011ferlendirme\"],\"inLanguage\":\"de\",\"potentialAction\":[{\"@type\":\"CommentAction\",\"name\":\"Comment\",\"target\":[\"https:\/\/denizcankizil.tr\/ru\/koseyazilari\/degerlendirme\/uzaktan-calismada-is-kazasi-hukuki-boyutlari-ve-onlemler\/#respond\"]}]},{\"@type\":\"WebPage\",\"@id\":\"https:\/\/denizcankizil.tr\/ru\/koseyazilari\/degerlendirme\/uzaktan-calismada-is-kazasi-hukuki-boyutlari-ve-onlemler\/\",\"url\":\"https:\/\/denizcankizil.tr\/ru\/koseyazilari\/degerlendirme\/uzaktan-calismada-is-kazasi-hukuki-boyutlari-ve-onlemler\/\",\"name\":\"Uzaktan \u00c7al\u0131\u015fmada \u0130\u015f Kazas\u0131: Hukuki Boyutlar\u0131 ve \u00d6nlemler - Av. Deniz Can K\u0131z\u0131l\",\"isPartOf\":{\"@id\":\"https:\/\/denizcankizil.tr\/de\/#website\"},\"primaryImageOfPage\":{\"@id\":\"https:\/\/denizcankizil.tr\/ru\/koseyazilari\/degerlendirme\/uzaktan-calismada-is-kazasi-hukuki-boyutlari-ve-onlemler\/#primaryimage\"},\"image\":{\"@id\":\"https:\/\/denizcankizil.tr\/ru\/koseyazilari\/degerlendirme\/uzaktan-calismada-is-kazasi-hukuki-boyutlari-ve-onlemler\/#primaryimage\"},\"thumbnailUrl\":\"https:\/\/denizcankizil.tr\/wp-content\/uploads\/2024\/11\/13426-uzaktan-calismada-is-kazasi-hukuki-boyutlari-ve-onlemler.jpg\",\"datePublished\":\"2024-11-06T11:56:29+00:00\",\"breadcrumb\":{\"@id\":\"https:\/\/denizcankizil.tr\/ru\/koseyazilari\/degerlendirme\/uzaktan-calismada-is-kazasi-hukuki-boyutlari-ve-onlemler\/#breadcrumb\"},\"inLanguage\":\"de\",\"potentialAction\":[{\"@type\":\"ReadAction\",\"target\":[\"https:\/\/denizcankizil.tr\/ru\/koseyazilari\/degerlendirme\/uzaktan-calismada-is-kazasi-hukuki-boyutlari-ve-onlemler\/\"]}]},{\"@type\":\"ImageObject\",\"inLanguage\":\"de\",\"@id\":\"https:\/\/denizcankizil.tr\/ru\/koseyazilari\/degerlendirme\/uzaktan-calismada-is-kazasi-hukuki-boyutlari-ve-onlemler\/#primaryimage\",\"url\":\"https:\/\/denizcankizil.tr\/wp-content\/uploads\/2024\/11\/13426-uzaktan-calismada-is-kazasi-hukuki-boyutlari-ve-onlemler.jpg\",\"contentUrl\":\"https:\/\/denizcankizil.tr\/wp-content\/uploads\/2024\/11\/13426-uzaktan-calismada-is-kazasi-hukuki-boyutlari-ve-onlemler.jpg\",\"width\":1200,\"height\":675,\"caption\":\"Uzaktan \u00c7al\u0131\u015fmada \u0130\u015f Kazas\u0131: Hukuki Boyutlar\u0131 ve \u00d6nlemler\"},{\"@type\":\"BreadcrumbList\",\"@id\":\"https:\/\/denizcankizil.tr\/ru\/koseyazilari\/degerlendirme\/uzaktan-calismada-is-kazasi-hukuki-boyutlari-ve-onlemler\/#breadcrumb\",\"itemListElement\":[{\"@type\":\"ListItem\",\"position\":1,\"name\":\"Home\",\"item\":\"https:\/\/denizcankizil.tr\/de\/\"},{\"@type\":\"ListItem\",\"position\":2,\"name\":\"Uzaktan \u00c7al\u0131\u015fmada \u0130\u015f Kazas\u0131: Hukuki Boyutlar\u0131 ve \u00d6nlemler\"}]},{\"@type\":\"WebSite\",\"@id\":\"https:\/\/denizcankizil.tr\/de\/#website\",\"url\":\"https:\/\/denizcankizil.tr\/de\/\",\"name\":\"Av. Deniz Can K\u0131z\u0131l\",\"description\":\"Avukat Deniz Can K\u0131z\u0131l Antalya Barosu\",\"publisher\":{\"@id\":\"https:\/\/denizcankizil.tr\/de\/#organization\"},\"potentialAction\":[{\"@type\":\"SearchAction\",\"target\":{\"@type\":\"EntryPoint\",\"urlTemplate\":\"https:\/\/denizcankizil.tr\/de\/?s={search_term_string}\"},\"query-input\":{\"@type\":\"PropertyValueSpecification\",\"valueRequired\":true,\"valueName\":\"search_term_string\"}}],\"inLanguage\":\"de\"},{\"@type\":\"Organization\",\"@id\":\"https:\/\/denizcankizil.tr\/de\/#organization\",\"name\":\"Av. Deniz Can K\u0131z\u0131l\",\"url\":\"https:\/\/denizcankizil.tr\/de\/\",\"logo\":{\"@type\":\"ImageObject\",\"inLanguage\":\"de\",\"@id\":\"https:\/\/denizcankizil.tr\/de\/#\/schema\/logo\/image\/\",\"url\":\"https:\/\/denizcankizil.tr\/wp-content\/uploads\/2024\/10\/siyah-logo-svg.svg\",\"contentUrl\":\"https:\/\/denizcankizil.tr\/wp-content\/uploads\/2024\/10\/siyah-logo-svg.svg\",\"width\":1080,\"height\":1080,\"caption\":\"Av. Deniz Can K\u0131z\u0131l\"},\"image\":{\"@id\":\"https:\/\/denizcankizil.tr\/de\/#\/schema\/logo\/image\/\"}},{\"@type\":\"Person\",\"@id\":\"https:\/\/denizcankizil.tr\/de\/#\/schema\/person\/5dc1b22991bd7ac833867c10afc9b0ff\",\"name\":\"Av. Deniz Can K\u0131z\u0131l\",\"image\":{\"@type\":\"ImageObject\",\"inLanguage\":\"de\",\"@id\":\"https:\/\/denizcankizil.tr\/de\/#\/schema\/person\/image\/\",\"url\":\"https:\/\/secure.gravatar.com\/avatar\/a0b128fb9855c79efc976d5640eedb31dc35ec297594d6016d2cf7c60e975bb6?s=96&d=mm&r=g\",\"contentUrl\":\"https:\/\/secure.gravatar.com\/avatar\/a0b128fb9855c79efc976d5640eedb31dc35ec297594d6016d2cf7c60e975bb6?s=96&d=mm&r=g\",\"caption\":\"Av. Deniz Can K\u0131z\u0131l\"},\"sameAs\":[\"http:\/\/www.denizcankizil.tr\"],\"url\":\"https:\/\/denizcankizil.tr\/de\/author\/denizcankizil\/\"}]}<\/script>\n<!-- \/ Yoast SEO Premium plugin. -->","yoast_head_json":{"title":"Uzaktan \u00c7al\u0131\u015fmada \u0130\u015f Kazas\u0131: Hukuki Boyutlar\u0131 ve \u00d6nlemler - Av. Deniz Can K\u0131z\u0131l","robots":{"index":"index","follow":"follow","max-snippet":"max-snippet:-1","max-image-preview":"max-image-preview:large","max-video-preview":"max-video-preview:-1"},"canonical":"https:\/\/denizcankizil.tr\/de\/koseyazilari\/degerlendirme\/uzaktan-calismada-is-kazasi-hukuki-boyutlari-ve-onlemler\/","og_locale":"de_DE","og_type":"article","og_title":"Uzaktan \u00c7al\u0131\u015fmada \u0130\u015f Kazas\u0131: Hukuki Boyutlar\u0131 ve \u00d6nlemler","og_description":"Uzaktan \u00e7al\u0131\u015fman\u0131n yayg\u0131nla\u015fmas\u0131, i\u015f kazalar\u0131n\u0131n hukuki boyutlar\u0131n\u0131 yeniden de\u011ferlendirmeyi zorunlu k\u0131lmaktad\u0131r. \u0130\u015fverenin sorumluluklar\u0131, \u00e7al\u0131\u015fanlar\u0131n g\u00fcvenli\u011fi ve i\u015f kazalar\u0131n\u0131n \u00f6nlenmesi konular\u0131nda al\u0131nacak tedbirler, bu ba\u011flamda kritik \u00f6neme sahiptir.","og_url":"https:\/\/denizcankizil.tr\/de\/koseyazilari\/degerlendirme\/uzaktan-calismada-is-kazasi-hukuki-boyutlari-ve-onlemler\/","og_site_name":"Av. Deniz Can K\u0131z\u0131l","article_published_time":"2024-11-06T11:56:29+00:00","og_image":[{"width":1200,"height":675,"url":"https:\/\/denizcankizil.tr\/wp-content\/uploads\/2024\/11\/13426-uzaktan-calismada-is-kazasi-hukuki-boyutlari-ve-onlemler.jpg","type":"image\/jpeg"}],"author":"Av. Deniz Can K\u0131z\u0131l","twitter_card":"summary_large_image","twitter_misc":{"Verfasst von":"Av. Deniz Can K\u0131z\u0131l","Gesch\u00e4tzte Lesezeit":"10\u00a0Minuten"},"schema":{"@context":"https:\/\/schema.org","@graph":[{"@type":"Article","@id":"https:\/\/denizcankizil.tr\/ru\/koseyazilari\/degerlendirme\/uzaktan-calismada-is-kazasi-hukuki-boyutlari-ve-onlemler\/#article","isPartOf":{"@id":"https:\/\/denizcankizil.tr\/ru\/koseyazilari\/degerlendirme\/uzaktan-calismada-is-kazasi-hukuki-boyutlari-ve-onlemler\/"},"author":{"name":"Av. Deniz Can K\u0131z\u0131l","@id":"https:\/\/denizcankizil.tr\/de\/#\/schema\/person\/5dc1b22991bd7ac833867c10afc9b0ff"},"headline":"Uzaktan \u00c7al\u0131\u015fmada \u0130\u015f Kazas\u0131: Hukuki Boyutlar\u0131 ve \u00d6nlemler","datePublished":"2024-11-06T11:56:29+00:00","mainEntityOfPage":{"@id":"https:\/\/denizcankizil.tr\/ru\/koseyazilari\/degerlendirme\/uzaktan-calismada-is-kazasi-hukuki-boyutlari-ve-onlemler\/"},"wordCount":2015,"commentCount":0,"publisher":{"@id":"https:\/\/denizcankizil.tr\/de\/#organization"},"image":{"@id":"https:\/\/denizcankizil.tr\/ru\/koseyazilari\/degerlendirme\/uzaktan-calismada-is-kazasi-hukuki-boyutlari-ve-onlemler\/#primaryimage"},"thumbnailUrl":"https:\/\/denizcankizil.tr\/wp-content\/uploads\/2024\/11\/13426-uzaktan-calismada-is-kazasi-hukuki-boyutlari-ve-onlemler.jpg","articleSection":["De\u011ferlendirme"],"inLanguage":"de","potentialAction":[{"@type":"CommentAction","name":"Comment","target":["https:\/\/denizcankizil.tr\/ru\/koseyazilari\/degerlendirme\/uzaktan-calismada-is-kazasi-hukuki-boyutlari-ve-onlemler\/#respond"]}]},{"@type":"WebPage","@id":"https:\/\/denizcankizil.tr\/ru\/koseyazilari\/degerlendirme\/uzaktan-calismada-is-kazasi-hukuki-boyutlari-ve-onlemler\/","url":"https:\/\/denizcankizil.tr\/ru\/koseyazilari\/degerlendirme\/uzaktan-calismada-is-kazasi-hukuki-boyutlari-ve-onlemler\/","name":"Uzaktan \u00c7al\u0131\u015fmada \u0130\u015f Kazas\u0131: Hukuki Boyutlar\u0131 ve \u00d6nlemler - Av. Deniz Can K\u0131z\u0131l","isPartOf":{"@id":"https:\/\/denizcankizil.tr\/de\/#website"},"primaryImageOfPage":{"@id":"https:\/\/denizcankizil.tr\/ru\/koseyazilari\/degerlendirme\/uzaktan-calismada-is-kazasi-hukuki-boyutlari-ve-onlemler\/#primaryimage"},"image":{"@id":"https:\/\/denizcankizil.tr\/ru\/koseyazilari\/degerlendirme\/uzaktan-calismada-is-kazasi-hukuki-boyutlari-ve-onlemler\/#primaryimage"},"thumbnailUrl":"https:\/\/denizcankizil.tr\/wp-content\/uploads\/2024\/11\/13426-uzaktan-calismada-is-kazasi-hukuki-boyutlari-ve-onlemler.jpg","datePublished":"2024-11-06T11:56:29+00:00","breadcrumb":{"@id":"https:\/\/denizcankizil.tr\/ru\/koseyazilari\/degerlendirme\/uzaktan-calismada-is-kazasi-hukuki-boyutlari-ve-onlemler\/#breadcrumb"},"inLanguage":"de","potentialAction":[{"@type":"ReadAction","target":["https:\/\/denizcankizil.tr\/ru\/koseyazilari\/degerlendirme\/uzaktan-calismada-is-kazasi-hukuki-boyutlari-ve-onlemler\/"]}]},{"@type":"ImageObject","inLanguage":"de","@id":"https:\/\/denizcankizil.tr\/ru\/koseyazilari\/degerlendirme\/uzaktan-calismada-is-kazasi-hukuki-boyutlari-ve-onlemler\/#primaryimage","url":"https:\/\/denizcankizil.tr\/wp-content\/uploads\/2024\/11\/13426-uzaktan-calismada-is-kazasi-hukuki-boyutlari-ve-onlemler.jpg","contentUrl":"https:\/\/denizcankizil.tr\/wp-content\/uploads\/2024\/11\/13426-uzaktan-calismada-is-kazasi-hukuki-boyutlari-ve-onlemler.jpg","width":1200,"height":675,"caption":"Uzaktan \u00c7al\u0131\u015fmada \u0130\u015f Kazas\u0131: Hukuki Boyutlar\u0131 ve \u00d6nlemler"},{"@type":"BreadcrumbList","@id":"https:\/\/denizcankizil.tr\/ru\/koseyazilari\/degerlendirme\/uzaktan-calismada-is-kazasi-hukuki-boyutlari-ve-onlemler\/#breadcrumb","itemListElement":[{"@type":"ListItem","position":1,"name":"Home","item":"https:\/\/denizcankizil.tr\/de\/"},{"@type":"ListItem","position":2,"name":"Uzaktan \u00c7al\u0131\u015fmada \u0130\u015f Kazas\u0131: Hukuki Boyutlar\u0131 ve \u00d6nlemler"}]},{"@type":"WebSite","@id":"https:\/\/denizcankizil.tr\/de\/#website","url":"https:\/\/denizcankizil.tr\/de\/","name":"Av. Deniz Can K\u0131z\u0131l","description":"Avukat Deniz Can K\u0131z\u0131l Antalya Barosu","publisher":{"@id":"https:\/\/denizcankizil.tr\/de\/#organization"},"potentialAction":[{"@type":"SearchAction","target":{"@type":"EntryPoint","urlTemplate":"https:\/\/denizcankizil.tr\/de\/?s={search_term_string}"},"query-input":{"@type":"PropertyValueSpecification","valueRequired":true,"valueName":"search_term_string"}}],"inLanguage":"de"},{"@type":"Organization","@id":"https:\/\/denizcankizil.tr\/de\/#organization","name":"Av. Deniz Can K\u0131z\u0131l","url":"https:\/\/denizcankizil.tr\/de\/","logo":{"@type":"ImageObject","inLanguage":"de","@id":"https:\/\/denizcankizil.tr\/de\/#\/schema\/logo\/image\/","url":"https:\/\/denizcankizil.tr\/wp-content\/uploads\/2024\/10\/siyah-logo-svg.svg","contentUrl":"https:\/\/denizcankizil.tr\/wp-content\/uploads\/2024\/10\/siyah-logo-svg.svg","width":1080,"height":1080,"caption":"Av. Deniz Can K\u0131z\u0131l"},"image":{"@id":"https:\/\/denizcankizil.tr\/de\/#\/schema\/logo\/image\/"}},{"@type":"Person","@id":"https:\/\/denizcankizil.tr\/de\/#\/schema\/person\/5dc1b22991bd7ac833867c10afc9b0ff","name":"Av. Deniz Can K\u0131z\u0131l","image":{"@type":"ImageObject","inLanguage":"de","@id":"https:\/\/denizcankizil.tr\/de\/#\/schema\/person\/image\/","url":"https:\/\/secure.gravatar.com\/avatar\/a0b128fb9855c79efc976d5640eedb31dc35ec297594d6016d2cf7c60e975bb6?s=96&d=mm&r=g","contentUrl":"https:\/\/secure.gravatar.com\/avatar\/a0b128fb9855c79efc976d5640eedb31dc35ec297594d6016d2cf7c60e975bb6?s=96&d=mm&r=g","caption":"Av. Deniz Can K\u0131z\u0131l"},"sameAs":["http:\/\/www.denizcankizil.tr"],"url":"https:\/\/denizcankizil.tr\/de\/author\/denizcankizil\/"}]}},"_links":{"self":[{"href":"https:\/\/denizcankizil.tr\/de\/wp-json\/wp\/v2\/posts\/13426","targetHints":{"allow":["GET"]}}],"collection":[{"href":"https:\/\/denizcankizil.tr\/de\/wp-json\/wp\/v2\/posts"}],"about":[{"href":"https:\/\/denizcankizil.tr\/de\/wp-json\/wp\/v2\/types\/post"}],"author":[{"embeddable":true,"href":"https:\/\/denizcankizil.tr\/de\/wp-json\/wp\/v2\/users\/4"}],"replies":[{"embeddable":true,"href":"https:\/\/denizcankizil.tr\/de\/wp-json\/wp\/v2\/comments?post=13426"}],"version-history":[{"count":0,"href":"https:\/\/denizcankizil.tr\/de\/wp-json\/wp\/v2\/posts\/13426\/revisions"}],"wp:featuredmedia":[{"embeddable":true,"href":"https:\/\/denizcankizil.tr\/de\/wp-json\/wp\/v2\/media\/13427"}],"wp:attachment":[{"href":"https:\/\/denizcankizil.tr\/de\/wp-json\/wp\/v2\/media?parent=13426"}],"wp:term":[{"taxonomy":"category","embeddable":true,"href":"https:\/\/denizcankizil.tr\/de\/wp-json\/wp\/v2\/categories?post=13426"},{"taxonomy":"post_tag","embeddable":true,"href":"https:\/\/denizcankizil.tr\/de\/wp-json\/wp\/v2\/tags?post=13426"}],"curies":[{"name":"wp","href":"https:\/\/api.w.org\/{rel}","templated":true}]}}