{"id":13373,"date":"2024-11-06T12:42:04","date_gmt":"2024-11-06T09:42:04","guid":{"rendered":"https:\/\/denizcankizil.tr\/uncategorized-tr\/edirne-enezde-kayip-tufekler-sorusturmasi\/"},"modified":"2024-11-06T12:42:04","modified_gmt":"2024-11-06T09:42:04","slug":"edirne-enezde-kayip-tufekler-sorusturmasi","status":"publish","type":"post","link":"https:\/\/denizcankizil.tr\/de\/haberler\/gundem\/edirne-enezde-kayip-tufekler-sorusturmasi\/","title":{"rendered":"Edirne Enez&#8217;de &#8216;kay\u0131p t\u00fcfekler&#8217; soru\u015fturmas\u0131!"},"content":{"rendered":"<p>Edirne&#8217;de Enez \u0130l\u00e7e Emniyet M\u00fcd\u00fcrl\u00fc\u011f\u00fc&#8217;ne ba\u011fl\u0131 Enez Polis Merkezi Amirli\u011fi&#8217;ne yap\u0131lan iki ayr\u0131 kay\u0131p t\u00fcfek bildirimi \u00fczerine soru\u015fturma ba\u015flat\u0131ld\u0131.Erdo\u011fan DEM\u0130R \/ ED\u0130RNE (\u0130GFA)- Edirne&#8217;nin Enez il\u00e7esindeki kay\u0131p t\u00fcfekler i\u00e7in soru\u015fturma ba\u015flat\u0131ld\u0131<br \/>\nAl\u0131nan bilgiye g\u00f6re, Enez \u0130l\u00e7e Emniyet M\u00fcd\u00fcrl\u00fc\u011f\u00fc&#8217;ne ba\u011fl\u0131 Enez Polis Merkezi Amirli\u011fi&#8217;ne ilk \u015fikayette bulunan A.Y. isimli vatanda\u015f, yakla\u015f\u0131k 20 y\u0131l \u00f6nce av t\u00fcfe\u011fini kaybetti\u011fini belirterek, emniyet g\u00fc\u00e7lerinden yard\u0131m istedi. \u0130kinci \u015fikayette bulunan Y.A. isimli vatanda\u015f ise yakla\u015f\u0131k 15 y\u0131l \u00f6nce kaybolan av t\u00fcfe\u011fi ile ilgili ba\u015fvuruda bulundu.<br \/>\nHer iki \u015fikayet \u00fczerine ekipler, kay\u0131p t\u00fcfeklerin bulunmas\u0131 i\u00e7in detayl\u0131 soru\u015fturma ba\u015flatt\u0131.<br \/>\n\u015e\u00fcphelilerin tespiti ve kay\u0131p e\u015fyalar\u0131n bulunmas\u0131 i\u00e7in \u00e7e\u015fitli y\u00f6ntemler kullan\u0131laca\u011f\u0131 \u00f6\u011frenildi.<br \/>\nOlayla ilgili tahkikat geni\u015f \u00e7apl\u0131 s\u00fcrd\u00fcr\u00fcl\u00fcyor.<\/p>\n<p>\u200bEdirne&#8217;de Enez \u0130l\u00e7e Emniyet M\u00fcd\u00fcrl\u00fc\u011f\u00fc&#8217;ne ba\u011fl\u0131 Enez Polis Merkezi Amirli\u011fi&#8217;ne yap\u0131lan iki ayr\u0131 kay\u0131p t\u00fcfek bildirimi \u00fczerine soru\u015fturma ba\u015flat\u0131ld\u0131\u00a0<\/p>\n<p>\u200bHaberin Al\u0131nt\u0131land\u0131\u011f\u0131 Kaynak: www.iskenderun.org<\/p>","protected":false},"excerpt":{"rendered":"<p>Edirne&#8217;de Enez \u0130l\u00e7e Emniyet M\u00fcd\u00fcrl\u00fc\u011f\u00fc&#8217;ne ba\u011fl\u0131 Enez Polis Merkezi Amirli\u011fi&#8217;ne yap\u0131lan iki ayr\u0131 kay\u0131p t\u00fcfek bildirimi \u00fczerine soru\u015fturma ba\u015flat\u0131ld\u0131.Erdo\u011fan DEM\u0130R \/ ED\u0130RNE (\u0130GFA)- Edirne&#8217;nin Enez il\u00e7esindeki kay\u0131p t\u00fcfekler i\u00e7in soru\u015fturma ba\u015flat\u0131ld\u0131 Al\u0131nan bilgiye g\u00f6re, Enez \u0130l\u00e7e Emniyet M\u00fcd\u00fcrl\u00fc\u011f\u00fc&#8217;ne ba\u011fl\u0131 Enez Polis Merkezi Amirli\u011fi&#8217;ne ilk \u015fikayette bulunan A.Y. isimli vatanda\u015f, yakla\u015f\u0131k 20 y\u0131l \u00f6nce av t\u00fcfe\u011fini kaybetti\u011fini belirterek, emniyet g\u00fc\u00e7lerinden yard\u0131m istedi. \u0130kinci \u015fikayette bulunan Y.A. isimli vatanda\u015f ise yakla\u015f\u0131k 15 y\u0131l \u00f6nce kaybolan av t\u00fcfe\u011fi ile ilgili ba\u015fvuruda bulundu. Her iki \u015fikayet \u00fczerine ekipler, kay\u0131p t\u00fcfeklerin bulunmas\u0131 i\u00e7in detayl\u0131 soru\u015fturma ba\u015flatt\u0131. \u015e\u00fcphelilerin tespiti ve kay\u0131p e\u015fyalar\u0131n bulunmas\u0131 i\u00e7in \u00e7e\u015fitli y\u00f6ntemler kullan\u0131laca\u011f\u0131 \u00f6\u011frenildi. Olayla ilgili tahkikat geni\u015f \u00e7apl\u0131 s\u00fcrd\u00fcr\u00fcl\u00fcyor. \u200bEdirne&#8217;de Enez \u0130l\u00e7e Emniyet M\u00fcd\u00fcrl\u00fc\u011f\u00fc&#8217;ne ba\u011fl\u0131 Enez Polis Merkezi Amirli\u011fi&#8217;ne yap\u0131lan iki ayr\u0131 kay\u0131p t\u00fcfek bildirimi \u00fczerine soru\u015fturma ba\u015flat\u0131ld\u0131\u00a0 \u200bHaberin Al\u0131nt\u0131land\u0131\u011f\u0131 Kaynak: www.iskenderun.org<\/p>","protected":false},"author":0,"featured_media":0,"comment_status":"open","ping_status":"open","sticky":false,"template":"","format":"standard","meta":{"_acf_changed":false,"footnotes":""},"categories":[24,535],"tags":[],"class_list":["post-13373","post","type-post","status-publish","format-standard","has-post-thumbnail","hentry","category-gundem","category-uncategorized-tr"],"acf":[],"yoast_head":"<!-- This site is optimized with the Yoast SEO Premium plugin v26.6 (Yoast SEO v27.1.1) - https:\/\/yoast.com\/product\/yoast-seo-premium-wordpress\/ -->\n<title>Edirne Enez&#039;de &#039;kay\u0131p t\u00fcfekler&#039; soru\u015fturmas\u0131! - Av. Deniz Can K\u0131z\u0131l<\/title>\n<meta name=\"robots\" content=\"index, follow, max-snippet:-1, max-image-preview:large, max-video-preview:-1\" \/>\n<link rel=\"canonical\" href=\"https:\/\/denizcankizil.tr\/de\/haberler\/gundem\/edirne-enezde-kayip-tufekler-sorusturmasi\/\" \/>\n<meta property=\"og:locale\" content=\"de_DE\" \/>\n<meta property=\"og:type\" content=\"article\" \/>\n<meta property=\"og:title\" content=\"Edirne Enez&#039;de &#039;kay\u0131p t\u00fcfekler&#039; soru\u015fturmas\u0131!\" \/>\n<meta property=\"og:description\" content=\"Edirne&#8217;de Enez \u0130l\u00e7e Emniyet M\u00fcd\u00fcrl\u00fc\u011f\u00fc&#8217;ne ba\u011fl\u0131 Enez Polis Merkezi Amirli\u011fi&#8217;ne yap\u0131lan iki ayr\u0131 kay\u0131p t\u00fcfek bildirimi \u00fczerine soru\u015fturma ba\u015flat\u0131ld\u0131.Erdo\u011fan DEM\u0130R \/ ED\u0130RNE (\u0130GFA)- Edirne&#8217;nin Enez il\u00e7esindeki kay\u0131p t\u00fcfekler i\u00e7in soru\u015fturma ba\u015flat\u0131ld\u0131 Al\u0131nan bilgiye g\u00f6re, Enez \u0130l\u00e7e Emniyet M\u00fcd\u00fcrl\u00fc\u011f\u00fc&#8217;ne ba\u011fl\u0131 Enez Polis Merkezi Amirli\u011fi&#8217;ne ilk \u015fikayette bulunan A.Y. isimli vatanda\u015f, yakla\u015f\u0131k 20 y\u0131l \u00f6nce av t\u00fcfe\u011fini kaybetti\u011fini belirterek, emniyet g\u00fc\u00e7lerinden yard\u0131m istedi. \u0130kinci \u015fikayette bulunan Y.A. isimli vatanda\u015f ise yakla\u015f\u0131k 15 y\u0131l \u00f6nce kaybolan av t\u00fcfe\u011fi ile ilgili ba\u015fvuruda bulundu. Her iki \u015fikayet \u00fczerine ekipler, kay\u0131p t\u00fcfeklerin bulunmas\u0131 i\u00e7in detayl\u0131 soru\u015fturma ba\u015flatt\u0131. \u015e\u00fcphelilerin tespiti ve kay\u0131p e\u015fyalar\u0131n bulunmas\u0131 i\u00e7in \u00e7e\u015fitli y\u00f6ntemler kullan\u0131laca\u011f\u0131 \u00f6\u011frenildi. Olayla ilgili tahkikat geni\u015f \u00e7apl\u0131 s\u00fcrd\u00fcr\u00fcl\u00fcyor. \u200bEdirne&#8217;de Enez \u0130l\u00e7e Emniyet M\u00fcd\u00fcrl\u00fc\u011f\u00fc&#8217;ne ba\u011fl\u0131 Enez Polis Merkezi Amirli\u011fi&#8217;ne yap\u0131lan iki ayr\u0131 kay\u0131p t\u00fcfek bildirimi \u00fczerine soru\u015fturma ba\u015flat\u0131ld\u0131\u00a0 \u200bHaberin Al\u0131nt\u0131land\u0131\u011f\u0131 Kaynak: www.iskenderun.org\" \/>\n<meta property=\"og:url\" content=\"https:\/\/denizcankizil.tr\/de\/haberler\/gundem\/edirne-enezde-kayip-tufekler-sorusturmasi\/\" \/>\n<meta property=\"og:site_name\" content=\"Av. Deniz Can K\u0131z\u0131l\" \/>\n<meta property=\"article:published_time\" content=\"2024-11-06T09:42:04+00:00\" \/>\n<meta name=\"twitter:card\" content=\"summary_large_image\" \/>\n<meta name=\"twitter:label1\" content=\"Gesch\u00e4tzte Lesezeit\" \/>\n\t<meta name=\"twitter:data1\" content=\"1\u00a0Minute\" \/>\n<script type=\"application\/ld+json\" class=\"yoast-schema-graph\">{\"@context\":\"https:\/\/schema.org\",\"@graph\":[{\"@type\":\"Article\",\"@id\":\"https:\/\/denizcankizil.tr\/de\/haberler\/gundem\/edirne-enezde-kayip-tufekler-sorusturmasi\/#article\",\"isPartOf\":{\"@id\":\"https:\/\/denizcankizil.tr\/de\/haberler\/gundem\/edirne-enezde-kayip-tufekler-sorusturmasi\/\"},\"author\":{\"name\":\"\",\"@id\":\"\"},\"headline\":\"Edirne Enez&#8217;de &#8216;kay\u0131p t\u00fcfekler&#8217; soru\u015fturmas\u0131!\",\"datePublished\":\"2024-11-06T09:42:04+00:00\",\"mainEntityOfPage\":{\"@id\":\"https:\/\/denizcankizil.tr\/de\/haberler\/gundem\/edirne-enezde-kayip-tufekler-sorusturmasi\/\"},\"wordCount\":221,\"commentCount\":0,\"publisher\":{\"@id\":\"https:\/\/denizcankizil.tr\/#organization\"},\"articleSection\":[\"G\u00fcndem\",\"Uncategorized\"],\"inLanguage\":\"de\",\"potentialAction\":[{\"@type\":\"CommentAction\",\"name\":\"Comment\",\"target\":[\"https:\/\/denizcankizil.tr\/de\/haberler\/gundem\/edirne-enezde-kayip-tufekler-sorusturmasi\/#respond\"]}]},{\"@type\":\"WebPage\",\"@id\":\"https:\/\/denizcankizil.tr\/de\/haberler\/gundem\/edirne-enezde-kayip-tufekler-sorusturmasi\/\",\"url\":\"https:\/\/denizcankizil.tr\/de\/haberler\/gundem\/edirne-enezde-kayip-tufekler-sorusturmasi\/\",\"name\":\"Edirne Enez'de 'kay\u0131p t\u00fcfekler' soru\u015fturmas\u0131! - Av. Deniz Can K\u0131z\u0131l\",\"isPartOf\":{\"@id\":\"https:\/\/denizcankizil.tr\/#website\"},\"datePublished\":\"2024-11-06T09:42:04+00:00\",\"breadcrumb\":{\"@id\":\"https:\/\/denizcankizil.tr\/de\/haberler\/gundem\/edirne-enezde-kayip-tufekler-sorusturmasi\/#breadcrumb\"},\"inLanguage\":\"de\",\"potentialAction\":[{\"@type\":\"ReadAction\",\"target\":[\"https:\/\/denizcankizil.tr\/de\/haberler\/gundem\/edirne-enezde-kayip-tufekler-sorusturmasi\/\"]}]},{\"@type\":\"BreadcrumbList\",\"@id\":\"https:\/\/denizcankizil.tr\/de\/haberler\/gundem\/edirne-enezde-kayip-tufekler-sorusturmasi\/#breadcrumb\",\"itemListElement\":[{\"@type\":\"ListItem\",\"position\":1,\"name\":\"Home\",\"item\":\"https:\/\/denizcankizil.tr\/de\/\"},{\"@type\":\"ListItem\",\"position\":2,\"name\":\"Edirne Enez&#8217;de &#8216;kay\u0131p t\u00fcfekler&#8217; soru\u015fturmas\u0131!\"}]},{\"@type\":\"WebSite\",\"@id\":\"https:\/\/denizcankizil.tr\/#website\",\"url\":\"https:\/\/denizcankizil.tr\/\",\"name\":\"Av. Deniz Can K\u0131z\u0131l\",\"description\":\"Avukat Deniz Can K\u0131z\u0131l Antalya Barosu\",\"publisher\":{\"@id\":\"https:\/\/denizcankizil.tr\/#organization\"},\"potentialAction\":[{\"@type\":\"SearchAction\",\"target\":{\"@type\":\"EntryPoint\",\"urlTemplate\":\"https:\/\/denizcankizil.tr\/?s={search_term_string}\"},\"query-input\":{\"@type\":\"PropertyValueSpecification\",\"valueRequired\":true,\"valueName\":\"search_term_string\"}}],\"inLanguage\":\"de\"},{\"@type\":\"Organization\",\"@id\":\"https:\/\/denizcankizil.tr\/#organization\",\"name\":\"Av. Deniz Can K\u0131z\u0131l\",\"url\":\"https:\/\/denizcankizil.tr\/\",\"logo\":{\"@type\":\"ImageObject\",\"inLanguage\":\"de\",\"@id\":\"https:\/\/denizcankizil.tr\/#\/schema\/logo\/image\/\",\"url\":\"https:\/\/denizcankizil.tr\/wp-content\/uploads\/2024\/10\/siyah-logo-svg.svg\",\"contentUrl\":\"https:\/\/denizcankizil.tr\/wp-content\/uploads\/2024\/10\/siyah-logo-svg.svg\",\"width\":1080,\"height\":1080,\"caption\":\"Av. Deniz Can K\u0131z\u0131l\"},\"image\":{\"@id\":\"https:\/\/denizcankizil.tr\/#\/schema\/logo\/image\/\"}}]}<\/script>\n<!-- \/ Yoast SEO Premium plugin. -->","yoast_head_json":{"title":"Edirne Enez'de 'kay\u0131p t\u00fcfekler' soru\u015fturmas\u0131! - Av. Deniz Can K\u0131z\u0131l","robots":{"index":"index","follow":"follow","max-snippet":"max-snippet:-1","max-image-preview":"max-image-preview:large","max-video-preview":"max-video-preview:-1"},"canonical":"https:\/\/denizcankizil.tr\/de\/haberler\/gundem\/edirne-enezde-kayip-tufekler-sorusturmasi\/","og_locale":"de_DE","og_type":"article","og_title":"Edirne Enez'de 'kay\u0131p t\u00fcfekler' soru\u015fturmas\u0131!","og_description":"Edirne&#8217;de Enez \u0130l\u00e7e Emniyet M\u00fcd\u00fcrl\u00fc\u011f\u00fc&#8217;ne ba\u011fl\u0131 Enez Polis Merkezi Amirli\u011fi&#8217;ne yap\u0131lan iki ayr\u0131 kay\u0131p t\u00fcfek bildirimi \u00fczerine soru\u015fturma ba\u015flat\u0131ld\u0131.Erdo\u011fan DEM\u0130R \/ ED\u0130RNE (\u0130GFA)- Edirne&#8217;nin Enez il\u00e7esindeki kay\u0131p t\u00fcfekler i\u00e7in soru\u015fturma ba\u015flat\u0131ld\u0131 Al\u0131nan bilgiye g\u00f6re, Enez \u0130l\u00e7e Emniyet M\u00fcd\u00fcrl\u00fc\u011f\u00fc&#8217;ne ba\u011fl\u0131 Enez Polis Merkezi Amirli\u011fi&#8217;ne ilk \u015fikayette bulunan A.Y. isimli vatanda\u015f, yakla\u015f\u0131k 20 y\u0131l \u00f6nce av t\u00fcfe\u011fini kaybetti\u011fini belirterek, emniyet g\u00fc\u00e7lerinden yard\u0131m istedi. \u0130kinci \u015fikayette bulunan Y.A. isimli vatanda\u015f ise yakla\u015f\u0131k 15 y\u0131l \u00f6nce kaybolan av t\u00fcfe\u011fi ile ilgili ba\u015fvuruda bulundu. Her iki \u015fikayet \u00fczerine ekipler, kay\u0131p t\u00fcfeklerin bulunmas\u0131 i\u00e7in detayl\u0131 soru\u015fturma ba\u015flatt\u0131. \u015e\u00fcphelilerin tespiti ve kay\u0131p e\u015fyalar\u0131n bulunmas\u0131 i\u00e7in \u00e7e\u015fitli y\u00f6ntemler kullan\u0131laca\u011f\u0131 \u00f6\u011frenildi. Olayla ilgili tahkikat geni\u015f \u00e7apl\u0131 s\u00fcrd\u00fcr\u00fcl\u00fcyor. \u200bEdirne&#8217;de Enez \u0130l\u00e7e Emniyet M\u00fcd\u00fcrl\u00fc\u011f\u00fc&#8217;ne ba\u011fl\u0131 Enez Polis Merkezi Amirli\u011fi&#8217;ne yap\u0131lan iki ayr\u0131 kay\u0131p t\u00fcfek bildirimi \u00fczerine soru\u015fturma ba\u015flat\u0131ld\u0131\u00a0 \u200bHaberin Al\u0131nt\u0131land\u0131\u011f\u0131 Kaynak: www.iskenderun.org","og_url":"https:\/\/denizcankizil.tr\/de\/haberler\/gundem\/edirne-enezde-kayip-tufekler-sorusturmasi\/","og_site_name":"Av. Deniz Can K\u0131z\u0131l","article_published_time":"2024-11-06T09:42:04+00:00","twitter_card":"summary_large_image","twitter_misc":{"Gesch\u00e4tzte Lesezeit":"1\u00a0Minute"},"schema":{"@context":"https:\/\/schema.org","@graph":[{"@type":"Article","@id":"https:\/\/denizcankizil.tr\/de\/haberler\/gundem\/edirne-enezde-kayip-tufekler-sorusturmasi\/#article","isPartOf":{"@id":"https:\/\/denizcankizil.tr\/de\/haberler\/gundem\/edirne-enezde-kayip-tufekler-sorusturmasi\/"},"author":{"name":"","@id":""},"headline":"Edirne Enez&#8217;de &#8216;kay\u0131p t\u00fcfekler&#8217; soru\u015fturmas\u0131!","datePublished":"2024-11-06T09:42:04+00:00","mainEntityOfPage":{"@id":"https:\/\/denizcankizil.tr\/de\/haberler\/gundem\/edirne-enezde-kayip-tufekler-sorusturmasi\/"},"wordCount":221,"commentCount":0,"publisher":{"@id":"https:\/\/denizcankizil.tr\/#organization"},"articleSection":["G\u00fcndem","Uncategorized"],"inLanguage":"de","potentialAction":[{"@type":"CommentAction","name":"Comment","target":["https:\/\/denizcankizil.tr\/de\/haberler\/gundem\/edirne-enezde-kayip-tufekler-sorusturmasi\/#respond"]}]},{"@type":"WebPage","@id":"https:\/\/denizcankizil.tr\/de\/haberler\/gundem\/edirne-enezde-kayip-tufekler-sorusturmasi\/","url":"https:\/\/denizcankizil.tr\/de\/haberler\/gundem\/edirne-enezde-kayip-tufekler-sorusturmasi\/","name":"Edirne Enez'de 'kay\u0131p t\u00fcfekler' soru\u015fturmas\u0131! - Av. Deniz Can K\u0131z\u0131l","isPartOf":{"@id":"https:\/\/denizcankizil.tr\/#website"},"datePublished":"2024-11-06T09:42:04+00:00","breadcrumb":{"@id":"https:\/\/denizcankizil.tr\/de\/haberler\/gundem\/edirne-enezde-kayip-tufekler-sorusturmasi\/#breadcrumb"},"inLanguage":"de","potentialAction":[{"@type":"ReadAction","target":["https:\/\/denizcankizil.tr\/de\/haberler\/gundem\/edirne-enezde-kayip-tufekler-sorusturmasi\/"]}]},{"@type":"BreadcrumbList","@id":"https:\/\/denizcankizil.tr\/de\/haberler\/gundem\/edirne-enezde-kayip-tufekler-sorusturmasi\/#breadcrumb","itemListElement":[{"@type":"ListItem","position":1,"name":"Home","item":"https:\/\/denizcankizil.tr\/de\/"},{"@type":"ListItem","position":2,"name":"Edirne Enez&#8217;de &#8216;kay\u0131p t\u00fcfekler&#8217; soru\u015fturmas\u0131!"}]},{"@type":"WebSite","@id":"https:\/\/denizcankizil.tr\/#website","url":"https:\/\/denizcankizil.tr\/","name":"Av. Deniz Can K\u0131z\u0131l","description":"Avukat Deniz Can K\u0131z\u0131l Antalya Barosu","publisher":{"@id":"https:\/\/denizcankizil.tr\/#organization"},"potentialAction":[{"@type":"SearchAction","target":{"@type":"EntryPoint","urlTemplate":"https:\/\/denizcankizil.tr\/?s={search_term_string}"},"query-input":{"@type":"PropertyValueSpecification","valueRequired":true,"valueName":"search_term_string"}}],"inLanguage":"de"},{"@type":"Organization","@id":"https:\/\/denizcankizil.tr\/#organization","name":"Av. Deniz Can K\u0131z\u0131l","url":"https:\/\/denizcankizil.tr\/","logo":{"@type":"ImageObject","inLanguage":"de","@id":"https:\/\/denizcankizil.tr\/#\/schema\/logo\/image\/","url":"https:\/\/denizcankizil.tr\/wp-content\/uploads\/2024\/10\/siyah-logo-svg.svg","contentUrl":"https:\/\/denizcankizil.tr\/wp-content\/uploads\/2024\/10\/siyah-logo-svg.svg","width":1080,"height":1080,"caption":"Av. Deniz Can K\u0131z\u0131l"},"image":{"@id":"https:\/\/denizcankizil.tr\/#\/schema\/logo\/image\/"}}]}},"_links":{"self":[{"href":"https:\/\/denizcankizil.tr\/de\/wp-json\/wp\/v2\/posts\/13373","targetHints":{"allow":["GET"]}}],"collection":[{"href":"https:\/\/denizcankizil.tr\/de\/wp-json\/wp\/v2\/posts"}],"about":[{"href":"https:\/\/denizcankizil.tr\/de\/wp-json\/wp\/v2\/types\/post"}],"replies":[{"embeddable":true,"href":"https:\/\/denizcankizil.tr\/de\/wp-json\/wp\/v2\/comments?post=13373"}],"version-history":[{"count":0,"href":"https:\/\/denizcankizil.tr\/de\/wp-json\/wp\/v2\/posts\/13373\/revisions"}],"wp:attachment":[{"href":"https:\/\/denizcankizil.tr\/de\/wp-json\/wp\/v2\/media?parent=13373"}],"wp:term":[{"taxonomy":"category","embeddable":true,"href":"https:\/\/denizcankizil.tr\/de\/wp-json\/wp\/v2\/categories?post=13373"},{"taxonomy":"post_tag","embeddable":true,"href":"https:\/\/denizcankizil.tr\/de\/wp-json\/wp\/v2\/tags?post=13373"}],"curies":[{"name":"wp","href":"https:\/\/api.w.org\/{rel}","templated":true}]}}