{"id":133421,"date":"2025-07-02T11:41:18","date_gmt":"2025-07-02T08:41:18","guid":{"rendered":"https:\/\/denizcankizil.tr\/uncategorized-tr\/mimarlar-odasi-dikkat-cekti-kartalkaya-yangin-mevzuatti-kaleicine-uygulanamaz\/"},"modified":"2025-07-02T11:41:18","modified_gmt":"2025-07-02T08:41:18","slug":"mimarlar-odasi-dikkat-cekti-kartalkaya-yangin-mevzuatti-kaleicine-uygulanamaz","status":"publish","type":"post","link":"https:\/\/denizcankizil.tr\/de\/haberler\/gundem\/mimarlar-odasi-dikkat-cekti-kartalkaya-yangin-mevzuatti-kaleicine-uygulanamaz\/","title":{"rendered":"Mimarlar Odas\u0131 dikkat \u00e7ekti: \u201cKartalkaya Yang\u0131n Mevzuatt\u0131 Kalei\u00e7i\u2019ne uygulanamaz\u201d"},"content":{"rendered":"<p>Antalya\u2019da ge\u00e7ti\u011fimiz hafta sonu (29 Haziran 2025 Pazar g\u00fcn\u00fc) Antalya\u2019n\u0131n tarihi Kalei\u00e7i b\u00f6lgesinde \u00e7\u0131kan yang\u0131n pani\u011fe neden oldu. 2 katl\u0131 bir otelde ba\u015flayan yang\u0131n zamanla di\u011fer i\u015fyerine de s\u0131\u00e7rad\u0131. \u0130tfaiye ekiplerinin h\u0131zl\u0131 m\u00fcdahalesi sonucu yang\u0131n k\u0131sa s\u00fcrede kontrol alt\u0131na al\u0131n\u0131rken i\u015fyerlerinde ise a\u011f\u0131r hasarlar meydana geldi. Mimarlar Odas\u0131 Antalya \u015eubesi ise ya\u015fan yang\u0131n\u0131n ard\u0131ndan \u00f6nemli a\u00e7\u0131klamalarda bulundu.<\/p>\n<p>TAR\u0130H\u0130 DE\u011eER\u0130 OLAN YER<\/p>\n<p>Antalya Mimarlar Odas\u0131, Kalei\u00e7i\u2019nin tarihinin Milattan \u00d6nce 133\u2019e kadar uzand\u0131\u011f\u0131n\u0131 ve b\u00f6lgenin Sel\u00e7uklu, Osmanl\u0131 ve Rum mimarisinin izlerini ta\u015f\u0131d\u0131\u011f\u0131n\u0131 belirterek, tarihi yap\u0131lar\u0131 korumak ve gelecek nesillere aktar\u0131lmas\u0131n\u0131 sa\u011flamak ad\u0131na ba\u015fta yang\u0131n ve deprem olmak \u00fczere, her t\u00fcrl\u00fc do\u011fal afetlerin olumsuz etkilerine kar\u015f\u0131 gerekli \u00f6nlemlerin bir an \u00f6nce al\u0131nmas\u0131 gerekti\u011fini vurgulad\u0131.<\/p>\n<p>PEK \u00c7OK B\u0130NA YOK OLDU<\/p>\n<p>Kalei\u00e7i\u2019nde daha \u00f6nce pek \u00e7ok tarihi yap\u0131lar yap\u0131ld\u0131\u011f\u0131n\u0131 ama yang\u0131n gibi do\u011fal afetlerden dolay\u0131 pek \u00e7ok yap\u0131n\u0131n yok oldu\u011funu belirten Mimarlar Odas\u0131, \u201cTa\u015f\u0131nmaz k\u00fclt\u00fcr miras\u0131 olarak g\u00fcn\u00fcm\u00fcze dek ula\u015fan binalar, in\u015fa edildikleri d\u00f6nem yerle\u015fimlerinde yerle\u015fim anlay\u0131\u015f\u0131n\u0131, yap\u0131ld\u0131klar\u0131 d\u00f6neme ve\/veya d\u00f6nemlere ait tasar\u0131m ilkelerini, malzeme bilgilerini, kullan\u0131c\u0131lar\u0131n\u0131n ya\u015fam bi\u00e7imlerini, kom\u015fuluk ili\u015fkilerini anlatmas\u0131 gibi bir\u00e7ok a\u00e7\u0131dan \u00f6zel \u00f6nem ta\u015f\u0131yor. Ge\u00e7mi\u015ften g\u00fcn\u00fcm\u00fcze bir\u00e7ok olumsuzluklara meydan okuyarak g\u00fcn\u00fcm\u00fcze kadar ula\u015fabilen az say\u0131daki binan\u0131n d\u0131\u015f\u0131nda, bu tip yap\u0131lar\u0131n \u00e7o\u011fu zaman i\u00e7erisinde yok oldu. Binalar\u0131n yok olu\u015f nedenlerinden biri ve do\u011fal afetler kadar \u00f6nemlisi yang\u0131n. Tarihi yap\u0131larda yang\u0131n g\u00fcvenli\u011fi, insan hayat\u0131n\u0131 ve k\u00fclt\u00fcrel miras\u0131n \u00f6zg\u00fcn haliyle korunmas\u0131n\u0131 ayn\u0131 anda g\u00f6zetir\u201d ifadelerini kulland\u0131.<\/p>\n<p>GEREKL\u0130 DE\u011e\u0130\u015e\u0130KL\u0130KLER YAPILMALI<\/p>\n<p>Kalei\u00e7i\u2019ndeki tarihi evlerin mimarisine zarar verilmeden kapsaml\u0131 de\u011fi\u015fiklikler yap\u0131lmas\u0131 gerekti\u011fine dikkat \u00e7eken oda, \u201cTarihi binalarda yang\u0131n g\u00fcvenli\u011fi sa\u011flamada en \u00f6nemli nokta, binan\u0131n tarihi dokusuna zarar vermeden veya en az zarar verecek, kapsaml\u0131 de\u011fi\u015fiklik yapmadan g\u00fcvenli\u011fi sa\u011flamal\u0131. Bu nedenle kullan\u0131c\u0131 ihtiya\u00e7lar\u0131 net bir \u015fekilde ortaya konulmal\u0131 ve yang\u0131n konusunda uzman bir dan\u0131\u015fman ile g\u00fcvenlik ihtiya\u00e7lar\u0131 belirlenmeli ve uygulanmal\u0131. Ancak \u00f6zel \u00f6nem arz eden tarihi binalarda al\u0131nabilecek baz\u0131 pasif yang\u0131n g\u00fcvenlik \u00f6nlemlerinin mimariye zarar vermesi s\u00f6z konusu oldu\u011funda istenilen performans ger\u00e7ekle\u015femez. Bu durumda olu\u015fan eksiklik, mimariyle uygun \u015feklide b\u00fct\u00fcnle\u015ftirilmi\u015f aktif yang\u0131n g\u00fcvenlik \u00f6nlemleri ile giderilmeli\u201d s\u00f6zlerini kaydetti.<\/p>\n<p>ALINMASI GEREKEN \u00d6NLEMLER<\/p>\n<p>Kalei\u00e7i\u2019nin yang\u0131nlarda korunmas\u0131 i\u00e7in al\u0131nmas\u0131 gereken \u00f6nlemler \u015fu \u015fekilde a\u00e7\u0131kland\u0131:<\/p>\n<p>\u201cKullan\u0131m de\u011fi\u015fikli\u011fi gereken tarihi binalarda, de\u011fi\u015fen fonksiyona g\u00f6re yang\u0131n senaryolar\u0131 haz\u0131rlanarak korunma \u00f6nlemleri bu senaryoya uygun olarak al\u0131nmal\u0131. Tarihi binalarda kullan\u0131lacak aktif yang\u0131n g\u00fcvenli\u011fine ait t\u00fcm bile\u015fen ve alt bile\u015fenler, ilgili ulusal ve uluslararas\u0131 ge\u00e7erli\u011fi olan standart ve geli\u015fmi\u015f \u00fclkelerdeki tarihi yap\u0131lar ile ilgili y\u00f6netmeliklere ve bina karakterine uygun olarak se\u00e7ilmeli ve montaj\u0131 ger\u00e7ekle\u015ftirilmeli.\u201d<\/p>\n<p>KARTALKAYA YANGIN MEVZUATTI KALE\u0130\u00c7\u0130\u2019NE UYGULANAMAZ<\/p>\n<p>Bolu Kartalkaya\u2019da ya\u015fanan facian\u0131n ard\u0131ndan haz\u0131rlanan yang\u0131n mevzuat\u0131n\u0131n Kalei\u00e7in\u2019deki evlere uygulanamayaca\u011f\u0131n\u0131 belirten Mimarlar Odas\u0131, \u201cSon d\u00f6nemlerde Bolu Kartalkaya\u2019daki yang\u0131ndan sonra, genel olarak otellerle ilgili haz\u0131rlanan yang\u0131n mevzuat, k\u00fclt\u00fcrel miras\u0131m\u0131z tarihi yap\u0131lar ile ilgili uygulanamaz. Bu yap\u0131larda bulunan 100 y\u0131ll\u0131k kap\u0131lar ve dolaplar s\u00f6k\u00fclerek sergilenemez. Zaten ah\u015faptan yap\u0131lm\u0131\u015f binalar betonarmeye \u00e7evrilemez. B\u00f6yle uygulamalar tarihi yap\u0131lar\u0131n nitelik ve \u00f6zelliklerini kaybettirir. Hele bu yap\u0131lar\u0131n par\u00e7alar\u0131n\u0131n s\u00f6k\u00fclerek bah\u00e7elerinde ve yap\u0131larda sergilenmesi, D\u00fcnya da g\u00f6r\u00fclm\u00fc\u015f hi\u00e7bir uygulamada yoktur, bilimsel olarak da yap\u0131lamaz ve yap\u0131lmamas\u0131 gerekir. K\u00fclt\u00fcr ve Turizm Bakanl\u0131\u011f\u0131 acile kentsel sit alanlar\u0131nda bulunan oteller ile birlikte bu alanlarda bulunan b\u00fct\u00fcn yap\u0131larla ilgili, tek tek yap\u0131larda yang\u0131n g\u00fcvenli\u011fi sa\u011flayacak i\u00e7erikte bir y\u00f6netmeli\u011fi acilen haz\u0131rlay\u0131p uygulamaya koymal\u0131d\u0131r. Tarihi yap\u0131lar\u0131n korunmas\u0131nda ve bilimsel y\u00f6nden ele al\u0131nmas\u0131nda ve uygulanmas\u0131nda en \u00f6nemli \u00e7al\u0131\u015fma budur. Bakanl\u0131\u011f\u0131 acilen bu y\u00f6netmeli\u011fi haz\u0131rlamaya ve uygulamaya koymaya \u00e7a\u011f\u0131r\u0131yoruz\u201d denildi.<\/p>\n<p>\u200bMimarlar Odas\u0131 Antalya \u015eubesi, ge\u00e7ti\u011fimiz g\u00fcnlerde Kalei\u00e7i\u2019nde ya\u015fanan yang\u0131n\u0131n ard\u0131ndan \u00f6nemli a\u00e7\u0131klamada bulundu. Oda, yapt\u0131\u011f\u0131 a\u00e7\u0131klamada Bolu Kartalkaya\u2019daki yang\u0131ndan sonra haz\u0131rlanan yang\u0131n mevzuat\u0131n\u0131n Kalei\u00e7i\u2019ndeki evlere uygulanamayaca\u011f\u0131n\u0131 \u00e7\u00fcnk\u00fc ah\u015faptan yap\u0131lm\u0131\u015f binalar betonarmeye \u00e7evrilmesinin tarihi yap\u0131lar\u0131n nitelik ve \u00f6zelliklerini kaybettirece\u011fini vurgulad\u0131.\u00a0<\/p>\n<p>\u200bHaberin Al\u0131nt\u0131land\u0131\u011f\u0131 Kaynak: www.antalyakorfez.com<\/p>","protected":false},"excerpt":{"rendered":"<p>Antalya\u2019da ge\u00e7ti\u011fimiz hafta sonu (29 Haziran 2025 Pazar g\u00fcn\u00fc) Antalya\u2019n\u0131n tarihi Kalei\u00e7i b\u00f6lgesinde \u00e7\u0131kan yang\u0131n pani\u011fe neden oldu. 2 katl\u0131 bir otelde ba\u015flayan yang\u0131n zamanla di\u011fer i\u015fyerine de s\u0131\u00e7rad\u0131. \u0130tfaiye ekiplerinin h\u0131zl\u0131 m\u00fcdahalesi sonucu yang\u0131n k\u0131sa s\u00fcrede kontrol alt\u0131na al\u0131n\u0131rken i\u015fyerlerinde ise a\u011f\u0131r hasarlar meydana geldi. Mimarlar Odas\u0131 Antalya \u015eubesi ise ya\u015fan yang\u0131n\u0131n ard\u0131ndan \u00f6nemli a\u00e7\u0131klamalarda bulundu. TAR\u0130H\u0130 DE\u011eER\u0130 OLAN YER Antalya Mimarlar Odas\u0131, Kalei\u00e7i\u2019nin tarihinin Milattan \u00d6nce 133\u2019e kadar uzand\u0131\u011f\u0131n\u0131 ve b\u00f6lgenin Sel\u00e7uklu, Osmanl\u0131 ve Rum mimarisinin izlerini ta\u015f\u0131d\u0131\u011f\u0131n\u0131 belirterek, tarihi yap\u0131lar\u0131 korumak ve gelecek nesillere aktar\u0131lmas\u0131n\u0131 sa\u011flamak ad\u0131na ba\u015fta yang\u0131n ve deprem olmak \u00fczere, her t\u00fcrl\u00fc do\u011fal afetlerin olumsuz etkilerine kar\u015f\u0131 gerekli \u00f6nlemlerin bir an \u00f6nce al\u0131nmas\u0131 gerekti\u011fini vurgulad\u0131. PEK \u00c7OK B\u0130NA YOK OLDU Kalei\u00e7i\u2019nde daha \u00f6nce pek \u00e7ok tarihi yap\u0131lar yap\u0131ld\u0131\u011f\u0131n\u0131 ama yang\u0131n gibi do\u011fal afetlerden dolay\u0131 pek \u00e7ok yap\u0131n\u0131n yok oldu\u011funu belirten Mimarlar Odas\u0131, \u201cTa\u015f\u0131nmaz k\u00fclt\u00fcr miras\u0131 olarak g\u00fcn\u00fcm\u00fcze dek ula\u015fan binalar, in\u015fa edildikleri d\u00f6nem yerle\u015fimlerinde yerle\u015fim anlay\u0131\u015f\u0131n\u0131, yap\u0131ld\u0131klar\u0131 d\u00f6neme ve\/veya d\u00f6nemlere ait tasar\u0131m ilkelerini, malzeme bilgilerini, kullan\u0131c\u0131lar\u0131n\u0131n ya\u015fam bi\u00e7imlerini, kom\u015fuluk ili\u015fkilerini anlatmas\u0131 gibi bir\u00e7ok a\u00e7\u0131dan \u00f6zel \u00f6nem ta\u015f\u0131yor. Ge\u00e7mi\u015ften g\u00fcn\u00fcm\u00fcze bir\u00e7ok olumsuzluklara meydan okuyarak g\u00fcn\u00fcm\u00fcze kadar ula\u015fabilen az say\u0131daki binan\u0131n d\u0131\u015f\u0131nda, bu tip yap\u0131lar\u0131n \u00e7o\u011fu zaman i\u00e7erisinde yok oldu. Binalar\u0131n yok olu\u015f nedenlerinden biri ve &hellip;<\/p>","protected":false},"author":5,"featured_media":0,"comment_status":"","ping_status":"open","sticky":false,"template":"","format":"standard","meta":{"_acf_changed":false,"footnotes":""},"categories":[24],"tags":[],"class_list":["post-133421","post","type-post","status-publish","format-standard","has-post-thumbnail","hentry","category-gundem"],"acf":[],"yoast_head":"<!-- This site is optimized with the Yoast SEO Premium plugin v26.6 (Yoast SEO v27.1.1) - https:\/\/yoast.com\/product\/yoast-seo-premium-wordpress\/ -->\n<title>Mimarlar Odas\u0131 dikkat \u00e7ekti: \u201cKartalkaya Yang\u0131n Mevzuatt\u0131 Kalei\u00e7i\u2019ne uygulanamaz\u201d - Av. Deniz Can K\u0131z\u0131l<\/title>\n<meta name=\"robots\" content=\"index, follow, max-snippet:-1, max-image-preview:large, max-video-preview:-1\" \/>\n<link rel=\"canonical\" href=\"https:\/\/denizcankizil.tr\/de\/haberler\/gundem\/mimarlar-odasi-dikkat-cekti-kartalkaya-yangin-mevzuatti-kaleicine-uygulanamaz\/\" \/>\n<meta property=\"og:locale\" content=\"de_DE\" \/>\n<meta property=\"og:type\" content=\"article\" \/>\n<meta property=\"og:title\" content=\"Mimarlar Odas\u0131 dikkat \u00e7ekti: \u201cKartalkaya Yang\u0131n Mevzuatt\u0131 Kalei\u00e7i\u2019ne uygulanamaz\u201d\" \/>\n<meta property=\"og:description\" content=\"Antalya\u2019da ge\u00e7ti\u011fimiz hafta sonu (29 Haziran 2025 Pazar g\u00fcn\u00fc) Antalya\u2019n\u0131n tarihi Kalei\u00e7i b\u00f6lgesinde \u00e7\u0131kan yang\u0131n pani\u011fe neden oldu. 2 katl\u0131 bir otelde ba\u015flayan yang\u0131n zamanla di\u011fer i\u015fyerine de s\u0131\u00e7rad\u0131. \u0130tfaiye ekiplerinin h\u0131zl\u0131 m\u00fcdahalesi sonucu yang\u0131n k\u0131sa s\u00fcrede kontrol alt\u0131na al\u0131n\u0131rken i\u015fyerlerinde ise a\u011f\u0131r hasarlar meydana geldi. Mimarlar Odas\u0131 Antalya \u015eubesi ise ya\u015fan yang\u0131n\u0131n ard\u0131ndan \u00f6nemli a\u00e7\u0131klamalarda bulundu. TAR\u0130H\u0130 DE\u011eER\u0130 OLAN YER Antalya Mimarlar Odas\u0131, Kalei\u00e7i\u2019nin tarihinin Milattan \u00d6nce 133\u2019e kadar uzand\u0131\u011f\u0131n\u0131 ve b\u00f6lgenin Sel\u00e7uklu, Osmanl\u0131 ve Rum mimarisinin izlerini ta\u015f\u0131d\u0131\u011f\u0131n\u0131 belirterek, tarihi yap\u0131lar\u0131 korumak ve gelecek nesillere aktar\u0131lmas\u0131n\u0131 sa\u011flamak ad\u0131na ba\u015fta yang\u0131n ve deprem olmak \u00fczere, her t\u00fcrl\u00fc do\u011fal afetlerin olumsuz etkilerine kar\u015f\u0131 gerekli \u00f6nlemlerin bir an \u00f6nce al\u0131nmas\u0131 gerekti\u011fini vurgulad\u0131. PEK \u00c7OK B\u0130NA YOK OLDU Kalei\u00e7i\u2019nde daha \u00f6nce pek \u00e7ok tarihi yap\u0131lar yap\u0131ld\u0131\u011f\u0131n\u0131 ama yang\u0131n gibi do\u011fal afetlerden dolay\u0131 pek \u00e7ok yap\u0131n\u0131n yok oldu\u011funu belirten Mimarlar Odas\u0131, \u201cTa\u015f\u0131nmaz k\u00fclt\u00fcr miras\u0131 olarak g\u00fcn\u00fcm\u00fcze dek ula\u015fan binalar, in\u015fa edildikleri d\u00f6nem yerle\u015fimlerinde yerle\u015fim anlay\u0131\u015f\u0131n\u0131, yap\u0131ld\u0131klar\u0131 d\u00f6neme ve\/veya d\u00f6nemlere ait tasar\u0131m ilkelerini, malzeme bilgilerini, kullan\u0131c\u0131lar\u0131n\u0131n ya\u015fam bi\u00e7imlerini, kom\u015fuluk ili\u015fkilerini anlatmas\u0131 gibi bir\u00e7ok a\u00e7\u0131dan \u00f6zel \u00f6nem ta\u015f\u0131yor. Ge\u00e7mi\u015ften g\u00fcn\u00fcm\u00fcze bir\u00e7ok olumsuzluklara meydan okuyarak g\u00fcn\u00fcm\u00fcze kadar ula\u015fabilen az say\u0131daki binan\u0131n d\u0131\u015f\u0131nda, bu tip yap\u0131lar\u0131n \u00e7o\u011fu zaman i\u00e7erisinde yok oldu. Binalar\u0131n yok olu\u015f nedenlerinden biri ve &hellip;\" \/>\n<meta property=\"og:url\" content=\"https:\/\/denizcankizil.tr\/de\/haberler\/gundem\/mimarlar-odasi-dikkat-cekti-kartalkaya-yangin-mevzuatti-kaleicine-uygulanamaz\/\" \/>\n<meta property=\"og:site_name\" content=\"Av. Deniz Can K\u0131z\u0131l\" \/>\n<meta property=\"article:published_time\" content=\"2025-07-02T08:41:18+00:00\" \/>\n<meta name=\"author\" content=\"Antalya K\u00f6rfez\" \/>\n<meta name=\"twitter:card\" content=\"summary_large_image\" \/>\n<meta name=\"twitter:label1\" content=\"Verfasst von\" \/>\n\t<meta name=\"twitter:data1\" content=\"Antalya K\u00f6rfez\" \/>\n\t<meta name=\"twitter:label2\" content=\"Gesch\u00e4tzte Lesezeit\" \/>\n\t<meta name=\"twitter:data2\" content=\"4\u00a0Minuten\" \/>\n<script type=\"application\/ld+json\" class=\"yoast-schema-graph\">{\"@context\":\"https:\/\/schema.org\",\"@graph\":[{\"@type\":\"Article\",\"@id\":\"https:\/\/denizcankizil.tr\/de\/haberler\/gundem\/mimarlar-odasi-dikkat-cekti-kartalkaya-yangin-mevzuatti-kaleicine-uygulanamaz\/#article\",\"isPartOf\":{\"@id\":\"https:\/\/denizcankizil.tr\/de\/haberler\/gundem\/mimarlar-odasi-dikkat-cekti-kartalkaya-yangin-mevzuatti-kaleicine-uygulanamaz\/\"},\"author\":{\"name\":\"Antalya K\u00f6rfez\",\"@id\":\"https:\/\/denizcankizil.tr\/#\/schema\/person\/e1eb71bb4dd684d46563f0af307e1234\"},\"headline\":\"Mimarlar Odas\u0131 dikkat \u00e7ekti: \u201cKartalkaya Yang\u0131n Mevzuatt\u0131 Kalei\u00e7i\u2019ne uygulanamaz\u201d\",\"datePublished\":\"2025-07-02T08:41:18+00:00\",\"mainEntityOfPage\":{\"@id\":\"https:\/\/denizcankizil.tr\/de\/haberler\/gundem\/mimarlar-odasi-dikkat-cekti-kartalkaya-yangin-mevzuatti-kaleicine-uygulanamaz\/\"},\"wordCount\":876,\"publisher\":{\"@id\":\"https:\/\/denizcankizil.tr\/#organization\"},\"articleSection\":[\"G\u00fcndem\"],\"inLanguage\":\"de\"},{\"@type\":\"WebPage\",\"@id\":\"https:\/\/denizcankizil.tr\/de\/haberler\/gundem\/mimarlar-odasi-dikkat-cekti-kartalkaya-yangin-mevzuatti-kaleicine-uygulanamaz\/\",\"url\":\"https:\/\/denizcankizil.tr\/de\/haberler\/gundem\/mimarlar-odasi-dikkat-cekti-kartalkaya-yangin-mevzuatti-kaleicine-uygulanamaz\/\",\"name\":\"Mimarlar Odas\u0131 dikkat \u00e7ekti: \u201cKartalkaya Yang\u0131n Mevzuatt\u0131 Kalei\u00e7i\u2019ne uygulanamaz\u201d - Av. Deniz Can K\u0131z\u0131l\",\"isPartOf\":{\"@id\":\"https:\/\/denizcankizil.tr\/#website\"},\"datePublished\":\"2025-07-02T08:41:18+00:00\",\"breadcrumb\":{\"@id\":\"https:\/\/denizcankizil.tr\/de\/haberler\/gundem\/mimarlar-odasi-dikkat-cekti-kartalkaya-yangin-mevzuatti-kaleicine-uygulanamaz\/#breadcrumb\"},\"inLanguage\":\"de\",\"potentialAction\":[{\"@type\":\"ReadAction\",\"target\":[\"https:\/\/denizcankizil.tr\/de\/haberler\/gundem\/mimarlar-odasi-dikkat-cekti-kartalkaya-yangin-mevzuatti-kaleicine-uygulanamaz\/\"]}]},{\"@type\":\"BreadcrumbList\",\"@id\":\"https:\/\/denizcankizil.tr\/de\/haberler\/gundem\/mimarlar-odasi-dikkat-cekti-kartalkaya-yangin-mevzuatti-kaleicine-uygulanamaz\/#breadcrumb\",\"itemListElement\":[{\"@type\":\"ListItem\",\"position\":1,\"name\":\"Home\",\"item\":\"https:\/\/denizcankizil.tr\/de\/\"},{\"@type\":\"ListItem\",\"position\":2,\"name\":\"Mimarlar Odas\u0131 dikkat \u00e7ekti: \u201cKartalkaya Yang\u0131n Mevzuatt\u0131 Kalei\u00e7i\u2019ne uygulanamaz\u201d\"}]},{\"@type\":\"WebSite\",\"@id\":\"https:\/\/denizcankizil.tr\/#website\",\"url\":\"https:\/\/denizcankizil.tr\/\",\"name\":\"Av. Deniz Can K\u0131z\u0131l\",\"description\":\"Avukat Deniz Can K\u0131z\u0131l Antalya Barosu\",\"publisher\":{\"@id\":\"https:\/\/denizcankizil.tr\/#organization\"},\"potentialAction\":[{\"@type\":\"SearchAction\",\"target\":{\"@type\":\"EntryPoint\",\"urlTemplate\":\"https:\/\/denizcankizil.tr\/?s={search_term_string}\"},\"query-input\":{\"@type\":\"PropertyValueSpecification\",\"valueRequired\":true,\"valueName\":\"search_term_string\"}}],\"inLanguage\":\"de\"},{\"@type\":\"Organization\",\"@id\":\"https:\/\/denizcankizil.tr\/#organization\",\"name\":\"Av. Deniz Can K\u0131z\u0131l\",\"url\":\"https:\/\/denizcankizil.tr\/\",\"logo\":{\"@type\":\"ImageObject\",\"inLanguage\":\"de\",\"@id\":\"https:\/\/denizcankizil.tr\/#\/schema\/logo\/image\/\",\"url\":\"https:\/\/denizcankizil.tr\/wp-content\/uploads\/2024\/10\/siyah-logo-svg.svg\",\"contentUrl\":\"https:\/\/denizcankizil.tr\/wp-content\/uploads\/2024\/10\/siyah-logo-svg.svg\",\"width\":1080,\"height\":1080,\"caption\":\"Av. Deniz Can K\u0131z\u0131l\"},\"image\":{\"@id\":\"https:\/\/denizcankizil.tr\/#\/schema\/logo\/image\/\"}},{\"@type\":\"Person\",\"@id\":\"https:\/\/denizcankizil.tr\/#\/schema\/person\/e1eb71bb4dd684d46563f0af307e1234\",\"name\":\"Antalya K\u00f6rfez\",\"image\":{\"@type\":\"ImageObject\",\"inLanguage\":\"de\",\"@id\":\"https:\/\/denizcankizil.tr\/#\/schema\/person\/image\/\",\"url\":\"https:\/\/secure.gravatar.com\/avatar\/42b01982558a48a0b501fdcab6a408d3717ea5919095ee2e67b0e521799c5905?s=96&d=mm&r=g\",\"contentUrl\":\"https:\/\/secure.gravatar.com\/avatar\/42b01982558a48a0b501fdcab6a408d3717ea5919095ee2e67b0e521799c5905?s=96&d=mm&r=g\",\"caption\":\"Antalya K\u00f6rfez\"},\"sameAs\":[\"http:\/\/www.antalyakorfez.com\"],\"url\":\"https:\/\/www.antalyakorfez.com\/mimarlar-odasi-dikkat-cekti-kartalkaya-yangin-mevzuatti-kaleicine-uygulanamaz\"}]}<\/script>\n<!-- \/ Yoast SEO Premium plugin. -->","yoast_head_json":{"title":"Mimarlar Odas\u0131 dikkat \u00e7ekti: \u201cKartalkaya Yang\u0131n Mevzuatt\u0131 Kalei\u00e7i\u2019ne uygulanamaz\u201d - Av. Deniz Can K\u0131z\u0131l","robots":{"index":"index","follow":"follow","max-snippet":"max-snippet:-1","max-image-preview":"max-image-preview:large","max-video-preview":"max-video-preview:-1"},"canonical":"https:\/\/denizcankizil.tr\/de\/haberler\/gundem\/mimarlar-odasi-dikkat-cekti-kartalkaya-yangin-mevzuatti-kaleicine-uygulanamaz\/","og_locale":"de_DE","og_type":"article","og_title":"Mimarlar Odas\u0131 dikkat \u00e7ekti: \u201cKartalkaya Yang\u0131n Mevzuatt\u0131 Kalei\u00e7i\u2019ne uygulanamaz\u201d","og_description":"Antalya\u2019da ge\u00e7ti\u011fimiz hafta sonu (29 Haziran 2025 Pazar g\u00fcn\u00fc) Antalya\u2019n\u0131n tarihi Kalei\u00e7i b\u00f6lgesinde \u00e7\u0131kan yang\u0131n pani\u011fe neden oldu. 2 katl\u0131 bir otelde ba\u015flayan yang\u0131n zamanla di\u011fer i\u015fyerine de s\u0131\u00e7rad\u0131. \u0130tfaiye ekiplerinin h\u0131zl\u0131 m\u00fcdahalesi sonucu yang\u0131n k\u0131sa s\u00fcrede kontrol alt\u0131na al\u0131n\u0131rken i\u015fyerlerinde ise a\u011f\u0131r hasarlar meydana geldi. Mimarlar Odas\u0131 Antalya \u015eubesi ise ya\u015fan yang\u0131n\u0131n ard\u0131ndan \u00f6nemli a\u00e7\u0131klamalarda bulundu. TAR\u0130H\u0130 DE\u011eER\u0130 OLAN YER Antalya Mimarlar Odas\u0131, Kalei\u00e7i\u2019nin tarihinin Milattan \u00d6nce 133\u2019e kadar uzand\u0131\u011f\u0131n\u0131 ve b\u00f6lgenin Sel\u00e7uklu, Osmanl\u0131 ve Rum mimarisinin izlerini ta\u015f\u0131d\u0131\u011f\u0131n\u0131 belirterek, tarihi yap\u0131lar\u0131 korumak ve gelecek nesillere aktar\u0131lmas\u0131n\u0131 sa\u011flamak ad\u0131na ba\u015fta yang\u0131n ve deprem olmak \u00fczere, her t\u00fcrl\u00fc do\u011fal afetlerin olumsuz etkilerine kar\u015f\u0131 gerekli \u00f6nlemlerin bir an \u00f6nce al\u0131nmas\u0131 gerekti\u011fini vurgulad\u0131. PEK \u00c7OK B\u0130NA YOK OLDU Kalei\u00e7i\u2019nde daha \u00f6nce pek \u00e7ok tarihi yap\u0131lar yap\u0131ld\u0131\u011f\u0131n\u0131 ama yang\u0131n gibi do\u011fal afetlerden dolay\u0131 pek \u00e7ok yap\u0131n\u0131n yok oldu\u011funu belirten Mimarlar Odas\u0131, \u201cTa\u015f\u0131nmaz k\u00fclt\u00fcr miras\u0131 olarak g\u00fcn\u00fcm\u00fcze dek ula\u015fan binalar, in\u015fa edildikleri d\u00f6nem yerle\u015fimlerinde yerle\u015fim anlay\u0131\u015f\u0131n\u0131, yap\u0131ld\u0131klar\u0131 d\u00f6neme ve\/veya d\u00f6nemlere ait tasar\u0131m ilkelerini, malzeme bilgilerini, kullan\u0131c\u0131lar\u0131n\u0131n ya\u015fam bi\u00e7imlerini, kom\u015fuluk ili\u015fkilerini anlatmas\u0131 gibi bir\u00e7ok a\u00e7\u0131dan \u00f6zel \u00f6nem ta\u015f\u0131yor. Ge\u00e7mi\u015ften g\u00fcn\u00fcm\u00fcze bir\u00e7ok olumsuzluklara meydan okuyarak g\u00fcn\u00fcm\u00fcze kadar ula\u015fabilen az say\u0131daki binan\u0131n d\u0131\u015f\u0131nda, bu tip yap\u0131lar\u0131n \u00e7o\u011fu zaman i\u00e7erisinde yok oldu. Binalar\u0131n yok olu\u015f nedenlerinden biri ve &hellip;","og_url":"https:\/\/denizcankizil.tr\/de\/haberler\/gundem\/mimarlar-odasi-dikkat-cekti-kartalkaya-yangin-mevzuatti-kaleicine-uygulanamaz\/","og_site_name":"Av. Deniz Can K\u0131z\u0131l","article_published_time":"2025-07-02T08:41:18+00:00","author":"Antalya K\u00f6rfez","twitter_card":"summary_large_image","twitter_misc":{"Verfasst von":"Antalya K\u00f6rfez","Gesch\u00e4tzte Lesezeit":"4\u00a0Minuten"},"schema":{"@context":"https:\/\/schema.org","@graph":[{"@type":"Article","@id":"https:\/\/denizcankizil.tr\/de\/haberler\/gundem\/mimarlar-odasi-dikkat-cekti-kartalkaya-yangin-mevzuatti-kaleicine-uygulanamaz\/#article","isPartOf":{"@id":"https:\/\/denizcankizil.tr\/de\/haberler\/gundem\/mimarlar-odasi-dikkat-cekti-kartalkaya-yangin-mevzuatti-kaleicine-uygulanamaz\/"},"author":{"name":"Antalya K\u00f6rfez","@id":"https:\/\/denizcankizil.tr\/#\/schema\/person\/e1eb71bb4dd684d46563f0af307e1234"},"headline":"Mimarlar Odas\u0131 dikkat \u00e7ekti: \u201cKartalkaya Yang\u0131n Mevzuatt\u0131 Kalei\u00e7i\u2019ne uygulanamaz\u201d","datePublished":"2025-07-02T08:41:18+00:00","mainEntityOfPage":{"@id":"https:\/\/denizcankizil.tr\/de\/haberler\/gundem\/mimarlar-odasi-dikkat-cekti-kartalkaya-yangin-mevzuatti-kaleicine-uygulanamaz\/"},"wordCount":876,"publisher":{"@id":"https:\/\/denizcankizil.tr\/#organization"},"articleSection":["G\u00fcndem"],"inLanguage":"de"},{"@type":"WebPage","@id":"https:\/\/denizcankizil.tr\/de\/haberler\/gundem\/mimarlar-odasi-dikkat-cekti-kartalkaya-yangin-mevzuatti-kaleicine-uygulanamaz\/","url":"https:\/\/denizcankizil.tr\/de\/haberler\/gundem\/mimarlar-odasi-dikkat-cekti-kartalkaya-yangin-mevzuatti-kaleicine-uygulanamaz\/","name":"Mimarlar Odas\u0131 dikkat \u00e7ekti: \u201cKartalkaya Yang\u0131n Mevzuatt\u0131 Kalei\u00e7i\u2019ne uygulanamaz\u201d - Av. Deniz Can K\u0131z\u0131l","isPartOf":{"@id":"https:\/\/denizcankizil.tr\/#website"},"datePublished":"2025-07-02T08:41:18+00:00","breadcrumb":{"@id":"https:\/\/denizcankizil.tr\/de\/haberler\/gundem\/mimarlar-odasi-dikkat-cekti-kartalkaya-yangin-mevzuatti-kaleicine-uygulanamaz\/#breadcrumb"},"inLanguage":"de","potentialAction":[{"@type":"ReadAction","target":["https:\/\/denizcankizil.tr\/de\/haberler\/gundem\/mimarlar-odasi-dikkat-cekti-kartalkaya-yangin-mevzuatti-kaleicine-uygulanamaz\/"]}]},{"@type":"BreadcrumbList","@id":"https:\/\/denizcankizil.tr\/de\/haberler\/gundem\/mimarlar-odasi-dikkat-cekti-kartalkaya-yangin-mevzuatti-kaleicine-uygulanamaz\/#breadcrumb","itemListElement":[{"@type":"ListItem","position":1,"name":"Home","item":"https:\/\/denizcankizil.tr\/de\/"},{"@type":"ListItem","position":2,"name":"Mimarlar Odas\u0131 dikkat \u00e7ekti: \u201cKartalkaya Yang\u0131n Mevzuatt\u0131 Kalei\u00e7i\u2019ne uygulanamaz\u201d"}]},{"@type":"WebSite","@id":"https:\/\/denizcankizil.tr\/#website","url":"https:\/\/denizcankizil.tr\/","name":"Av. Deniz Can K\u0131z\u0131l","description":"Avukat Deniz Can K\u0131z\u0131l Antalya Barosu","publisher":{"@id":"https:\/\/denizcankizil.tr\/#organization"},"potentialAction":[{"@type":"SearchAction","target":{"@type":"EntryPoint","urlTemplate":"https:\/\/denizcankizil.tr\/?s={search_term_string}"},"query-input":{"@type":"PropertyValueSpecification","valueRequired":true,"valueName":"search_term_string"}}],"inLanguage":"de"},{"@type":"Organization","@id":"https:\/\/denizcankizil.tr\/#organization","name":"Av. Deniz Can K\u0131z\u0131l","url":"https:\/\/denizcankizil.tr\/","logo":{"@type":"ImageObject","inLanguage":"de","@id":"https:\/\/denizcankizil.tr\/#\/schema\/logo\/image\/","url":"https:\/\/denizcankizil.tr\/wp-content\/uploads\/2024\/10\/siyah-logo-svg.svg","contentUrl":"https:\/\/denizcankizil.tr\/wp-content\/uploads\/2024\/10\/siyah-logo-svg.svg","width":1080,"height":1080,"caption":"Av. Deniz Can K\u0131z\u0131l"},"image":{"@id":"https:\/\/denizcankizil.tr\/#\/schema\/logo\/image\/"}},{"@type":"Person","@id":"https:\/\/denizcankizil.tr\/#\/schema\/person\/e1eb71bb4dd684d46563f0af307e1234","name":"Antalya K\u00f6rfez","image":{"@type":"ImageObject","inLanguage":"de","@id":"https:\/\/denizcankizil.tr\/#\/schema\/person\/image\/","url":"https:\/\/secure.gravatar.com\/avatar\/42b01982558a48a0b501fdcab6a408d3717ea5919095ee2e67b0e521799c5905?s=96&d=mm&r=g","contentUrl":"https:\/\/secure.gravatar.com\/avatar\/42b01982558a48a0b501fdcab6a408d3717ea5919095ee2e67b0e521799c5905?s=96&d=mm&r=g","caption":"Antalya K\u00f6rfez"},"sameAs":["http:\/\/www.antalyakorfez.com"],"url":"https:\/\/www.antalyakorfez.com\/mimarlar-odasi-dikkat-cekti-kartalkaya-yangin-mevzuatti-kaleicine-uygulanamaz"}]}},"_links":{"self":[{"href":"https:\/\/denizcankizil.tr\/de\/wp-json\/wp\/v2\/posts\/133421","targetHints":{"allow":["GET"]}}],"collection":[{"href":"https:\/\/denizcankizil.tr\/de\/wp-json\/wp\/v2\/posts"}],"about":[{"href":"https:\/\/denizcankizil.tr\/de\/wp-json\/wp\/v2\/types\/post"}],"author":[{"embeddable":true,"href":"https:\/\/denizcankizil.tr\/de\/wp-json\/wp\/v2\/users\/5"}],"replies":[{"embeddable":true,"href":"https:\/\/denizcankizil.tr\/de\/wp-json\/wp\/v2\/comments?post=133421"}],"version-history":[{"count":0,"href":"https:\/\/denizcankizil.tr\/de\/wp-json\/wp\/v2\/posts\/133421\/revisions"}],"wp:attachment":[{"href":"https:\/\/denizcankizil.tr\/de\/wp-json\/wp\/v2\/media?parent=133421"}],"wp:term":[{"taxonomy":"category","embeddable":true,"href":"https:\/\/denizcankizil.tr\/de\/wp-json\/wp\/v2\/categories?post=133421"},{"taxonomy":"post_tag","embeddable":true,"href":"https:\/\/denizcankizil.tr\/de\/wp-json\/wp\/v2\/tags?post=133421"}],"curies":[{"name":"wp","href":"https:\/\/api.w.org\/{rel}","templated":true}]}}