{"id":133375,"date":"2025-07-02T09:42:22","date_gmt":"2025-07-02T06:42:22","guid":{"rendered":"https:\/\/denizcankizil.tr\/uncategorized-tr\/yurtta-bugun-hava-nasil-olacak-hangi-bolgeler-kuvvetli-ruzgar-altinda\/"},"modified":"2025-07-02T09:42:22","modified_gmt":"2025-07-02T06:42:22","slug":"yurtta-bugun-hava-nasil-olacak-hangi-bolgeler-kuvvetli-ruzgar-altinda","status":"publish","type":"post","link":"https:\/\/denizcankizil.tr\/de\/haberler\/gundem\/yurtta-bugun-hava-nasil-olacak-hangi-bolgeler-kuvvetli-ruzgar-altinda\/","title":{"rendered":"Yurtta bug\u00fcn hava nas\u0131l olacak? Hangi b\u00f6lgeler &#8216;kuvvetli r\u00fczgar&#8217; alt\u0131nda?"},"content":{"rendered":"<p>Yurt genelinde bug\u00fcn kuzey ve i\u00e7 kesimlerde mevsim normallerinin 1-3 derece alt\u0131nda olacak hava tahmin raporuna g\u00f6re, T\u00fcrkiye&#8217;nin bat\u0131 ve g\u00fcney k\u0131y\u0131lar\u0131nda normallerinin 2-4 derece \u00fczerinde seyretmesi bekleniyor. Marmara\u2019n\u0131n g\u00fcneyi, Ege k\u0131y\u0131lar\u0131, \u0130\u00e7 Anadolu ve Do\u011fu Akdeniz&#8217;in do\u011fusu ile Do\u011fu Anadolu&#8217;nun bat\u0131s\u0131 i\u00e7in &#8216;kuvvetli r\u00fczgar&#8217; uyar\u0131s\u0131 geldi.ANKARA (\u0130GFA) &#8211; Meteoroloji Genel M\u00fcd\u00fcrl\u00fc\u011f\u00fc 2 Temmuz \u00c7ar\u015famba g\u00fcn\u00fcne ili\u015fkin hava tahmin raporunu yay\u0131mlad\u0131.<\/p>\n<p>Yap\u0131lan tahminlere g\u00f6re T\u00fcrkiye&#8217;nin kuzey kesimlerinin par\u00e7al\u0131, yer yer \u00e7ok bulutlu, Do\u011fu Karadeniz k\u0131y\u0131lar\u0131 ve Ordu \u00e7evreleri ile Do\u011fu Anadolu&#8217;nun kuzeydo\u011fusunun yerel sa\u011fanak ve g\u00f6k g\u00fcr\u00fclt\u00fcl\u00fc sa\u011fanak ya\u011f\u0131\u015fl\u0131, di\u011fer yerlerin az bulutlu ve a\u00e7\u0131k ge\u00e7ece\u011fi tahmin ediliyor.<br \/>\nYa\u011f\u0131\u015flar\u0131n Trabzon&#8217;un bat\u0131, Giresun&#8217;un do\u011fu kesimlerinde yerel kuvvetli olmas\u0131 bekleniyor.<\/p>\n<p>KUVVETL\u0130 R\u00dcZGAR&#8230;<br \/>\nR\u00fczgar\u0131n ise genellikle kuzeyli y\u00f6nlerden hafif, ara s\u0131ra orta kuvvette, Marmara\u2019n\u0131n g\u00fcneyi, Ege k\u0131y\u0131lar\u0131, \u0130\u00e7 Anadolu ve Do\u011fu Akdeniz&#8217;in do\u011fusu ile Do\u011fu Anadolu\u2019nun bat\u0131s\u0131nda kuvvetli (40-60 km\/saat) esece\u011fi tahmin edildi. Meteoroloji, meydaha gelebilecek olumsuzluklara kar\u015f\u0131 dikkatli ve tedbirli olunmas\u0131n\u0131 istedi.<\/p>\n<p>\u200bYurt genelinde bug\u00fcn kuzey ve i\u00e7 kesimlerde mevsim normallerinin 1-3 derece alt\u0131nda olacak hava tahmin raporuna g\u00f6re, T\u00fcrkiye&#8217;nin bat\u0131 ve g\u00fcney k\u0131y\u0131lar\u0131nda normallerinin 2-4 derece \u00fczerinde seyretmesi bekleniyor. Marmara\u2019n\u0131n g\u00fcneyi, Ege k\u0131y\u0131lar\u0131, \u0130\u00e7 Anadolu ve Do\u011fu Akdeniz&#8217;in do\u011fusu ile Do\u011fu Anadolu&#8217;nun bat\u0131s\u0131 i\u00e7in &#8216;kuvvetli r\u00fczgar&#8217; uyar\u0131s\u0131 geldi.ANKARA (\u0130GFA) &#8211; Meteoroloji Genel M\u00fcd\u00fcrl\u00fc\u011f\u00fc 2 Temmuz \u00c7ar\u015famba g\u00fcn\u00fcne ili\u015fkin hava tahmin raporunu yay\u0131mlad\u0131.<\/p>\n<p>Yap\u0131lan tahminlere g\u00f6re T\u00fcrkiye&#8217;nin kuzey kesimlerinin par\u00e7al\u0131, yer yer \u00e7ok bulutlu, Do\u011fu Karadeniz k\u0131y\u0131lar\u0131 ve Ordu \u00e7evreleri ile Do\u011fu Anadolu&#8217;nun kuzeydo\u011fusunun yerel sa\u011fanak ve g\u00f6k g\u00fcr\u00fclt\u00fcl\u00fc sa\u011fanak ya\u011f\u0131\u015fl\u0131, di\u011fer yerlerin az bulutlu ve a\u00e7\u0131k ge\u00e7ece\u011fi tahmin ediliyor.<br \/>\nYa\u011f\u0131\u015flar\u0131n Trabzon&#8217;un bat\u0131, Giresun&#8217;un do\u011fu kesimlerinde yerel kuvvetli olmas\u0131 bekleniyor.<\/p>\n<p>KUVVETL\u0130 R\u00dcZGAR&#8230;<br \/>\nR\u00fczgar\u0131n ise genellikle kuzeyli y\u00f6nlerden hafif, ara s\u0131ra orta kuvvette, Marmara\u2019n\u0131n g\u00fcneyi, Ege k\u0131y\u0131lar\u0131, \u0130\u00e7 Anadolu ve Do\u011fu Akdeniz&#8217;in do\u011fusu ile Do\u011fu Anadolu\u2019nun bat\u0131s\u0131nda kuvvetli (40-60 km\/saat) esece\u011fi tahmin edildi. Meteoroloji, meydaha gelebilecek olumsuzluklara kar\u015f\u0131 dikkatli ve tedbirli olunmas\u0131n\u0131 istedi.\u00a0<\/p>\n<p>\u200bHaberin Al\u0131nt\u0131land\u0131\u011f\u0131 Kaynak: www.iskenderun.org<\/p>","protected":false},"excerpt":{"rendered":"<p>Yurt genelinde bug\u00fcn kuzey ve i\u00e7 kesimlerde mevsim normallerinin 1-3 derece alt\u0131nda olacak hava tahmin raporuna g\u00f6re, T\u00fcrkiye&#8217;nin bat\u0131 ve g\u00fcney k\u0131y\u0131lar\u0131nda normallerinin 2-4 derece \u00fczerinde seyretmesi bekleniyor. Marmara\u2019n\u0131n g\u00fcneyi, Ege k\u0131y\u0131lar\u0131, \u0130\u00e7 Anadolu ve Do\u011fu Akdeniz&#8217;in do\u011fusu ile Do\u011fu Anadolu&#8217;nun bat\u0131s\u0131 i\u00e7in &#8216;kuvvetli r\u00fczgar&#8217; uyar\u0131s\u0131 geldi.ANKARA (\u0130GFA) &#8211; Meteoroloji Genel M\u00fcd\u00fcrl\u00fc\u011f\u00fc 2 Temmuz \u00c7ar\u015famba g\u00fcn\u00fcne ili\u015fkin hava tahmin raporunu yay\u0131mlad\u0131. Yap\u0131lan tahminlere g\u00f6re T\u00fcrkiye&#8217;nin kuzey kesimlerinin par\u00e7al\u0131, yer yer \u00e7ok bulutlu, Do\u011fu Karadeniz k\u0131y\u0131lar\u0131 ve Ordu \u00e7evreleri ile Do\u011fu Anadolu&#8217;nun kuzeydo\u011fusunun yerel sa\u011fanak ve g\u00f6k g\u00fcr\u00fclt\u00fcl\u00fc sa\u011fanak ya\u011f\u0131\u015fl\u0131, di\u011fer yerlerin az bulutlu ve a\u00e7\u0131k ge\u00e7ece\u011fi tahmin ediliyor. Ya\u011f\u0131\u015flar\u0131n Trabzon&#8217;un bat\u0131, Giresun&#8217;un do\u011fu kesimlerinde yerel kuvvetli olmas\u0131 bekleniyor. KUVVETL\u0130 R\u00dcZGAR&#8230; R\u00fczgar\u0131n ise genellikle kuzeyli y\u00f6nlerden hafif, ara s\u0131ra orta kuvvette, Marmara\u2019n\u0131n g\u00fcneyi, Ege k\u0131y\u0131lar\u0131, \u0130\u00e7 Anadolu ve Do\u011fu Akdeniz&#8217;in do\u011fusu ile Do\u011fu Anadolu\u2019nun bat\u0131s\u0131nda kuvvetli (40-60 km\/saat) esece\u011fi tahmin edildi. Meteoroloji, meydaha gelebilecek olumsuzluklara kar\u015f\u0131 dikkatli ve tedbirli olunmas\u0131n\u0131 istedi. \u200bYurt genelinde bug\u00fcn kuzey ve i\u00e7 kesimlerde mevsim normallerinin 1-3 derece alt\u0131nda olacak hava tahmin raporuna g\u00f6re, T\u00fcrkiye&#8217;nin bat\u0131 ve g\u00fcney k\u0131y\u0131lar\u0131nda normallerinin 2-4 derece \u00fczerinde seyretmesi bekleniyor. Marmara\u2019n\u0131n g\u00fcneyi, Ege k\u0131y\u0131lar\u0131, \u0130\u00e7 Anadolu ve Do\u011fu Akdeniz&#8217;in do\u011fusu ile Do\u011fu Anadolu&#8217;nun bat\u0131s\u0131 i\u00e7in &#8216;kuvvetli r\u00fczgar&#8217; uyar\u0131s\u0131 geldi.ANKARA (\u0130GFA) &#8211; Meteoroloji &hellip;<\/p>","protected":false},"author":1,"featured_media":0,"comment_status":"","ping_status":"open","sticky":false,"template":"","format":"standard","meta":{"_acf_changed":false,"footnotes":""},"categories":[24],"tags":[],"class_list":["post-133375","post","type-post","status-publish","format-standard","has-post-thumbnail","hentry","category-gundem"],"acf":[],"yoast_head":"<!-- This site is optimized with the Yoast SEO Premium plugin v26.6 (Yoast SEO v27.1.1) - https:\/\/yoast.com\/product\/yoast-seo-premium-wordpress\/ -->\n<title>Yurtta bug\u00fcn hava nas\u0131l olacak? Hangi b\u00f6lgeler &#039;kuvvetli r\u00fczgar&#039; alt\u0131nda? - Av. Deniz Can K\u0131z\u0131l<\/title>\n<meta name=\"robots\" content=\"index, follow, max-snippet:-1, max-image-preview:large, max-video-preview:-1\" \/>\n<link rel=\"canonical\" href=\"https:\/\/denizcankizil.tr\/de\/haberler\/gundem\/yurtta-bugun-hava-nasil-olacak-hangi-bolgeler-kuvvetli-ruzgar-altinda\/\" \/>\n<meta property=\"og:locale\" content=\"de_DE\" \/>\n<meta property=\"og:type\" content=\"article\" \/>\n<meta property=\"og:title\" content=\"Yurtta bug\u00fcn hava nas\u0131l olacak? Hangi b\u00f6lgeler &#039;kuvvetli r\u00fczgar&#039; alt\u0131nda?\" \/>\n<meta property=\"og:description\" content=\"Yurt genelinde bug\u00fcn kuzey ve i\u00e7 kesimlerde mevsim normallerinin 1-3 derece alt\u0131nda olacak hava tahmin raporuna g\u00f6re, T\u00fcrkiye&#8217;nin bat\u0131 ve g\u00fcney k\u0131y\u0131lar\u0131nda normallerinin 2-4 derece \u00fczerinde seyretmesi bekleniyor. Marmara\u2019n\u0131n g\u00fcneyi, Ege k\u0131y\u0131lar\u0131, \u0130\u00e7 Anadolu ve Do\u011fu Akdeniz&#8217;in do\u011fusu ile Do\u011fu Anadolu&#8217;nun bat\u0131s\u0131 i\u00e7in &#8216;kuvvetli r\u00fczgar&#8217; uyar\u0131s\u0131 geldi.ANKARA (\u0130GFA) &#8211; Meteoroloji Genel M\u00fcd\u00fcrl\u00fc\u011f\u00fc 2 Temmuz \u00c7ar\u015famba g\u00fcn\u00fcne ili\u015fkin hava tahmin raporunu yay\u0131mlad\u0131. Yap\u0131lan tahminlere g\u00f6re T\u00fcrkiye&#8217;nin kuzey kesimlerinin par\u00e7al\u0131, yer yer \u00e7ok bulutlu, Do\u011fu Karadeniz k\u0131y\u0131lar\u0131 ve Ordu \u00e7evreleri ile Do\u011fu Anadolu&#8217;nun kuzeydo\u011fusunun yerel sa\u011fanak ve g\u00f6k g\u00fcr\u00fclt\u00fcl\u00fc sa\u011fanak ya\u011f\u0131\u015fl\u0131, di\u011fer yerlerin az bulutlu ve a\u00e7\u0131k ge\u00e7ece\u011fi tahmin ediliyor. Ya\u011f\u0131\u015flar\u0131n Trabzon&#8217;un bat\u0131, Giresun&#8217;un do\u011fu kesimlerinde yerel kuvvetli olmas\u0131 bekleniyor. KUVVETL\u0130 R\u00dcZGAR&#8230; R\u00fczgar\u0131n ise genellikle kuzeyli y\u00f6nlerden hafif, ara s\u0131ra orta kuvvette, Marmara\u2019n\u0131n g\u00fcneyi, Ege k\u0131y\u0131lar\u0131, \u0130\u00e7 Anadolu ve Do\u011fu Akdeniz&#8217;in do\u011fusu ile Do\u011fu Anadolu\u2019nun bat\u0131s\u0131nda kuvvetli (40-60 km\/saat) esece\u011fi tahmin edildi. Meteoroloji, meydaha gelebilecek olumsuzluklara kar\u015f\u0131 dikkatli ve tedbirli olunmas\u0131n\u0131 istedi. \u200bYurt genelinde bug\u00fcn kuzey ve i\u00e7 kesimlerde mevsim normallerinin 1-3 derece alt\u0131nda olacak hava tahmin raporuna g\u00f6re, T\u00fcrkiye&#8217;nin bat\u0131 ve g\u00fcney k\u0131y\u0131lar\u0131nda normallerinin 2-4 derece \u00fczerinde seyretmesi bekleniyor. Marmara\u2019n\u0131n g\u00fcneyi, Ege k\u0131y\u0131lar\u0131, \u0130\u00e7 Anadolu ve Do\u011fu Akdeniz&#8217;in do\u011fusu ile Do\u011fu Anadolu&#8217;nun bat\u0131s\u0131 i\u00e7in &#8216;kuvvetli r\u00fczgar&#8217; uyar\u0131s\u0131 geldi.ANKARA (\u0130GFA) &#8211; Meteoroloji &hellip;\" \/>\n<meta property=\"og:url\" content=\"https:\/\/denizcankizil.tr\/de\/haberler\/gundem\/yurtta-bugun-hava-nasil-olacak-hangi-bolgeler-kuvvetli-ruzgar-altinda\/\" \/>\n<meta property=\"og:site_name\" content=\"Av. Deniz Can K\u0131z\u0131l\" \/>\n<meta property=\"article:published_time\" content=\"2025-07-02T06:42:22+00:00\" \/>\n<meta name=\"author\" content=\"admin\" \/>\n<meta name=\"twitter:card\" content=\"summary_large_image\" \/>\n<meta name=\"twitter:label1\" content=\"Verfasst von\" \/>\n\t<meta name=\"twitter:data1\" content=\"admin\" \/>\n\t<meta name=\"twitter:label2\" content=\"Gesch\u00e4tzte Lesezeit\" \/>\n\t<meta name=\"twitter:data2\" content=\"2\u00a0Minuten\" \/>\n<script type=\"application\/ld+json\" class=\"yoast-schema-graph\">{\"@context\":\"https:\/\/schema.org\",\"@graph\":[{\"@type\":\"Article\",\"@id\":\"https:\/\/denizcankizil.tr\/de\/haberler\/gundem\/yurtta-bugun-hava-nasil-olacak-hangi-bolgeler-kuvvetli-ruzgar-altinda\/#article\",\"isPartOf\":{\"@id\":\"https:\/\/denizcankizil.tr\/de\/haberler\/gundem\/yurtta-bugun-hava-nasil-olacak-hangi-bolgeler-kuvvetli-ruzgar-altinda\/\"},\"author\":{\"name\":\"admin\",\"@id\":\"https:\/\/denizcankizil.tr\/de\/#\/schema\/person\/be3c05fe6a12686905512445d8185489\"},\"headline\":\"Yurtta bug\u00fcn hava nas\u0131l olacak? Hangi b\u00f6lgeler &#8216;kuvvetli r\u00fczgar&#8217; alt\u0131nda?\",\"datePublished\":\"2025-07-02T06:42:22+00:00\",\"mainEntityOfPage\":{\"@id\":\"https:\/\/denizcankizil.tr\/de\/haberler\/gundem\/yurtta-bugun-hava-nasil-olacak-hangi-bolgeler-kuvvetli-ruzgar-altinda\/\"},\"wordCount\":473,\"publisher\":{\"@id\":\"https:\/\/denizcankizil.tr\/de\/#organization\"},\"articleSection\":[\"G\u00fcndem\"],\"inLanguage\":\"de\"},{\"@type\":\"WebPage\",\"@id\":\"https:\/\/denizcankizil.tr\/de\/haberler\/gundem\/yurtta-bugun-hava-nasil-olacak-hangi-bolgeler-kuvvetli-ruzgar-altinda\/\",\"url\":\"https:\/\/denizcankizil.tr\/de\/haberler\/gundem\/yurtta-bugun-hava-nasil-olacak-hangi-bolgeler-kuvvetli-ruzgar-altinda\/\",\"name\":\"Yurtta bug\u00fcn hava nas\u0131l olacak? Hangi b\u00f6lgeler 'kuvvetli r\u00fczgar' alt\u0131nda? - Av. Deniz Can K\u0131z\u0131l\",\"isPartOf\":{\"@id\":\"https:\/\/denizcankizil.tr\/de\/#website\"},\"datePublished\":\"2025-07-02T06:42:22+00:00\",\"breadcrumb\":{\"@id\":\"https:\/\/denizcankizil.tr\/de\/haberler\/gundem\/yurtta-bugun-hava-nasil-olacak-hangi-bolgeler-kuvvetli-ruzgar-altinda\/#breadcrumb\"},\"inLanguage\":\"de\",\"potentialAction\":[{\"@type\":\"ReadAction\",\"target\":[\"https:\/\/denizcankizil.tr\/de\/haberler\/gundem\/yurtta-bugun-hava-nasil-olacak-hangi-bolgeler-kuvvetli-ruzgar-altinda\/\"]}]},{\"@type\":\"BreadcrumbList\",\"@id\":\"https:\/\/denizcankizil.tr\/de\/haberler\/gundem\/yurtta-bugun-hava-nasil-olacak-hangi-bolgeler-kuvvetli-ruzgar-altinda\/#breadcrumb\",\"itemListElement\":[{\"@type\":\"ListItem\",\"position\":1,\"name\":\"Home\",\"item\":\"https:\/\/denizcankizil.tr\/de\/\"},{\"@type\":\"ListItem\",\"position\":2,\"name\":\"Yurtta bug\u00fcn hava nas\u0131l olacak? Hangi b\u00f6lgeler &#8216;kuvvetli r\u00fczgar&#8217; alt\u0131nda?\"}]},{\"@type\":\"WebSite\",\"@id\":\"https:\/\/denizcankizil.tr\/de\/#website\",\"url\":\"https:\/\/denizcankizil.tr\/de\/\",\"name\":\"Av. Deniz Can K\u0131z\u0131l\",\"description\":\"Avukat Deniz Can K\u0131z\u0131l Antalya Barosu\",\"publisher\":{\"@id\":\"https:\/\/denizcankizil.tr\/de\/#organization\"},\"potentialAction\":[{\"@type\":\"SearchAction\",\"target\":{\"@type\":\"EntryPoint\",\"urlTemplate\":\"https:\/\/denizcankizil.tr\/de\/?s={search_term_string}\"},\"query-input\":{\"@type\":\"PropertyValueSpecification\",\"valueRequired\":true,\"valueName\":\"search_term_string\"}}],\"inLanguage\":\"de\"},{\"@type\":\"Organization\",\"@id\":\"https:\/\/denizcankizil.tr\/de\/#organization\",\"name\":\"Av. Deniz Can K\u0131z\u0131l\",\"url\":\"https:\/\/denizcankizil.tr\/de\/\",\"logo\":{\"@type\":\"ImageObject\",\"inLanguage\":\"de\",\"@id\":\"https:\/\/denizcankizil.tr\/de\/#\/schema\/logo\/image\/\",\"url\":\"https:\/\/denizcankizil.tr\/wp-content\/uploads\/2024\/10\/siyah-logo-svg.svg\",\"contentUrl\":\"https:\/\/denizcankizil.tr\/wp-content\/uploads\/2024\/10\/siyah-logo-svg.svg\",\"width\":1080,\"height\":1080,\"caption\":\"Av. Deniz Can K\u0131z\u0131l\"},\"image\":{\"@id\":\"https:\/\/denizcankizil.tr\/de\/#\/schema\/logo\/image\/\"}},{\"@type\":\"Person\",\"@id\":\"https:\/\/denizcankizil.tr\/de\/#\/schema\/person\/be3c05fe6a12686905512445d8185489\",\"name\":\"admin\",\"image\":{\"@type\":\"ImageObject\",\"inLanguage\":\"de\",\"@id\":\"https:\/\/denizcankizil.tr\/de\/#\/schema\/person\/image\/\",\"url\":\"https:\/\/secure.gravatar.com\/avatar\/c1fce94c830dc79107e174f890d7210541c4a63e8e5d816341794a2151c9d58c?s=96&d=mm&r=g\",\"contentUrl\":\"https:\/\/secure.gravatar.com\/avatar\/c1fce94c830dc79107e174f890d7210541c4a63e8e5d816341794a2151c9d58c?s=96&d=mm&r=g\",\"caption\":\"admin\"},\"sameAs\":[\"http:\/\/denizcankizil.tr\"],\"url\":\"https:\/\/www.iskenderun.org\/yurtta-bugun-hava-nasil-olacak-hangi-bolgeler-kuvvetli-ruzgar-altinda\"}]}<\/script>\n<!-- \/ Yoast SEO Premium plugin. -->","yoast_head_json":{"title":"Yurtta bug\u00fcn hava nas\u0131l olacak? Hangi b\u00f6lgeler 'kuvvetli r\u00fczgar' alt\u0131nda? - Av. Deniz Can K\u0131z\u0131l","robots":{"index":"index","follow":"follow","max-snippet":"max-snippet:-1","max-image-preview":"max-image-preview:large","max-video-preview":"max-video-preview:-1"},"canonical":"https:\/\/denizcankizil.tr\/de\/haberler\/gundem\/yurtta-bugun-hava-nasil-olacak-hangi-bolgeler-kuvvetli-ruzgar-altinda\/","og_locale":"de_DE","og_type":"article","og_title":"Yurtta bug\u00fcn hava nas\u0131l olacak? Hangi b\u00f6lgeler 'kuvvetli r\u00fczgar' alt\u0131nda?","og_description":"Yurt genelinde bug\u00fcn kuzey ve i\u00e7 kesimlerde mevsim normallerinin 1-3 derece alt\u0131nda olacak hava tahmin raporuna g\u00f6re, T\u00fcrkiye&#8217;nin bat\u0131 ve g\u00fcney k\u0131y\u0131lar\u0131nda normallerinin 2-4 derece \u00fczerinde seyretmesi bekleniyor. Marmara\u2019n\u0131n g\u00fcneyi, Ege k\u0131y\u0131lar\u0131, \u0130\u00e7 Anadolu ve Do\u011fu Akdeniz&#8217;in do\u011fusu ile Do\u011fu Anadolu&#8217;nun bat\u0131s\u0131 i\u00e7in &#8216;kuvvetli r\u00fczgar&#8217; uyar\u0131s\u0131 geldi.ANKARA (\u0130GFA) &#8211; Meteoroloji Genel M\u00fcd\u00fcrl\u00fc\u011f\u00fc 2 Temmuz \u00c7ar\u015famba g\u00fcn\u00fcne ili\u015fkin hava tahmin raporunu yay\u0131mlad\u0131. Yap\u0131lan tahminlere g\u00f6re T\u00fcrkiye&#8217;nin kuzey kesimlerinin par\u00e7al\u0131, yer yer \u00e7ok bulutlu, Do\u011fu Karadeniz k\u0131y\u0131lar\u0131 ve Ordu \u00e7evreleri ile Do\u011fu Anadolu&#8217;nun kuzeydo\u011fusunun yerel sa\u011fanak ve g\u00f6k g\u00fcr\u00fclt\u00fcl\u00fc sa\u011fanak ya\u011f\u0131\u015fl\u0131, di\u011fer yerlerin az bulutlu ve a\u00e7\u0131k ge\u00e7ece\u011fi tahmin ediliyor. Ya\u011f\u0131\u015flar\u0131n Trabzon&#8217;un bat\u0131, Giresun&#8217;un do\u011fu kesimlerinde yerel kuvvetli olmas\u0131 bekleniyor. KUVVETL\u0130 R\u00dcZGAR&#8230; R\u00fczgar\u0131n ise genellikle kuzeyli y\u00f6nlerden hafif, ara s\u0131ra orta kuvvette, Marmara\u2019n\u0131n g\u00fcneyi, Ege k\u0131y\u0131lar\u0131, \u0130\u00e7 Anadolu ve Do\u011fu Akdeniz&#8217;in do\u011fusu ile Do\u011fu Anadolu\u2019nun bat\u0131s\u0131nda kuvvetli (40-60 km\/saat) esece\u011fi tahmin edildi. Meteoroloji, meydaha gelebilecek olumsuzluklara kar\u015f\u0131 dikkatli ve tedbirli olunmas\u0131n\u0131 istedi. \u200bYurt genelinde bug\u00fcn kuzey ve i\u00e7 kesimlerde mevsim normallerinin 1-3 derece alt\u0131nda olacak hava tahmin raporuna g\u00f6re, T\u00fcrkiye&#8217;nin bat\u0131 ve g\u00fcney k\u0131y\u0131lar\u0131nda normallerinin 2-4 derece \u00fczerinde seyretmesi bekleniyor. Marmara\u2019n\u0131n g\u00fcneyi, Ege k\u0131y\u0131lar\u0131, \u0130\u00e7 Anadolu ve Do\u011fu Akdeniz&#8217;in do\u011fusu ile Do\u011fu Anadolu&#8217;nun bat\u0131s\u0131 i\u00e7in &#8216;kuvvetli r\u00fczgar&#8217; uyar\u0131s\u0131 geldi.ANKARA (\u0130GFA) &#8211; Meteoroloji &hellip;","og_url":"https:\/\/denizcankizil.tr\/de\/haberler\/gundem\/yurtta-bugun-hava-nasil-olacak-hangi-bolgeler-kuvvetli-ruzgar-altinda\/","og_site_name":"Av. Deniz Can K\u0131z\u0131l","article_published_time":"2025-07-02T06:42:22+00:00","author":"admin","twitter_card":"summary_large_image","twitter_misc":{"Verfasst von":"admin","Gesch\u00e4tzte Lesezeit":"2\u00a0Minuten"},"schema":{"@context":"https:\/\/schema.org","@graph":[{"@type":"Article","@id":"https:\/\/denizcankizil.tr\/de\/haberler\/gundem\/yurtta-bugun-hava-nasil-olacak-hangi-bolgeler-kuvvetli-ruzgar-altinda\/#article","isPartOf":{"@id":"https:\/\/denizcankizil.tr\/de\/haberler\/gundem\/yurtta-bugun-hava-nasil-olacak-hangi-bolgeler-kuvvetli-ruzgar-altinda\/"},"author":{"name":"admin","@id":"https:\/\/denizcankizil.tr\/de\/#\/schema\/person\/be3c05fe6a12686905512445d8185489"},"headline":"Yurtta bug\u00fcn hava nas\u0131l olacak? Hangi b\u00f6lgeler &#8216;kuvvetli r\u00fczgar&#8217; alt\u0131nda?","datePublished":"2025-07-02T06:42:22+00:00","mainEntityOfPage":{"@id":"https:\/\/denizcankizil.tr\/de\/haberler\/gundem\/yurtta-bugun-hava-nasil-olacak-hangi-bolgeler-kuvvetli-ruzgar-altinda\/"},"wordCount":473,"publisher":{"@id":"https:\/\/denizcankizil.tr\/de\/#organization"},"articleSection":["G\u00fcndem"],"inLanguage":"de"},{"@type":"WebPage","@id":"https:\/\/denizcankizil.tr\/de\/haberler\/gundem\/yurtta-bugun-hava-nasil-olacak-hangi-bolgeler-kuvvetli-ruzgar-altinda\/","url":"https:\/\/denizcankizil.tr\/de\/haberler\/gundem\/yurtta-bugun-hava-nasil-olacak-hangi-bolgeler-kuvvetli-ruzgar-altinda\/","name":"Yurtta bug\u00fcn hava nas\u0131l olacak? Hangi b\u00f6lgeler 'kuvvetli r\u00fczgar' alt\u0131nda? - Av. Deniz Can K\u0131z\u0131l","isPartOf":{"@id":"https:\/\/denizcankizil.tr\/de\/#website"},"datePublished":"2025-07-02T06:42:22+00:00","breadcrumb":{"@id":"https:\/\/denizcankizil.tr\/de\/haberler\/gundem\/yurtta-bugun-hava-nasil-olacak-hangi-bolgeler-kuvvetli-ruzgar-altinda\/#breadcrumb"},"inLanguage":"de","potentialAction":[{"@type":"ReadAction","target":["https:\/\/denizcankizil.tr\/de\/haberler\/gundem\/yurtta-bugun-hava-nasil-olacak-hangi-bolgeler-kuvvetli-ruzgar-altinda\/"]}]},{"@type":"BreadcrumbList","@id":"https:\/\/denizcankizil.tr\/de\/haberler\/gundem\/yurtta-bugun-hava-nasil-olacak-hangi-bolgeler-kuvvetli-ruzgar-altinda\/#breadcrumb","itemListElement":[{"@type":"ListItem","position":1,"name":"Home","item":"https:\/\/denizcankizil.tr\/de\/"},{"@type":"ListItem","position":2,"name":"Yurtta bug\u00fcn hava nas\u0131l olacak? Hangi b\u00f6lgeler &#8216;kuvvetli r\u00fczgar&#8217; alt\u0131nda?"}]},{"@type":"WebSite","@id":"https:\/\/denizcankizil.tr\/de\/#website","url":"https:\/\/denizcankizil.tr\/de\/","name":"Av. Deniz Can K\u0131z\u0131l","description":"Avukat Deniz Can K\u0131z\u0131l Antalya Barosu","publisher":{"@id":"https:\/\/denizcankizil.tr\/de\/#organization"},"potentialAction":[{"@type":"SearchAction","target":{"@type":"EntryPoint","urlTemplate":"https:\/\/denizcankizil.tr\/de\/?s={search_term_string}"},"query-input":{"@type":"PropertyValueSpecification","valueRequired":true,"valueName":"search_term_string"}}],"inLanguage":"de"},{"@type":"Organization","@id":"https:\/\/denizcankizil.tr\/de\/#organization","name":"Av. Deniz Can K\u0131z\u0131l","url":"https:\/\/denizcankizil.tr\/de\/","logo":{"@type":"ImageObject","inLanguage":"de","@id":"https:\/\/denizcankizil.tr\/de\/#\/schema\/logo\/image\/","url":"https:\/\/denizcankizil.tr\/wp-content\/uploads\/2024\/10\/siyah-logo-svg.svg","contentUrl":"https:\/\/denizcankizil.tr\/wp-content\/uploads\/2024\/10\/siyah-logo-svg.svg","width":1080,"height":1080,"caption":"Av. Deniz Can K\u0131z\u0131l"},"image":{"@id":"https:\/\/denizcankizil.tr\/de\/#\/schema\/logo\/image\/"}},{"@type":"Person","@id":"https:\/\/denizcankizil.tr\/de\/#\/schema\/person\/be3c05fe6a12686905512445d8185489","name":"Administrator","image":{"@type":"ImageObject","inLanguage":"de","@id":"https:\/\/denizcankizil.tr\/de\/#\/schema\/person\/image\/","url":"https:\/\/secure.gravatar.com\/avatar\/c1fce94c830dc79107e174f890d7210541c4a63e8e5d816341794a2151c9d58c?s=96&d=mm&r=g","contentUrl":"https:\/\/secure.gravatar.com\/avatar\/c1fce94c830dc79107e174f890d7210541c4a63e8e5d816341794a2151c9d58c?s=96&d=mm&r=g","caption":"admin"},"sameAs":["http:\/\/denizcankizil.tr"],"url":"https:\/\/www.iskenderun.org\/yurtta-bugun-hava-nasil-olacak-hangi-bolgeler-kuvvetli-ruzgar-altinda"}]}},"_links":{"self":[{"href":"https:\/\/denizcankizil.tr\/de\/wp-json\/wp\/v2\/posts\/133375","targetHints":{"allow":["GET"]}}],"collection":[{"href":"https:\/\/denizcankizil.tr\/de\/wp-json\/wp\/v2\/posts"}],"about":[{"href":"https:\/\/denizcankizil.tr\/de\/wp-json\/wp\/v2\/types\/post"}],"author":[{"embeddable":true,"href":"https:\/\/denizcankizil.tr\/de\/wp-json\/wp\/v2\/users\/1"}],"replies":[{"embeddable":true,"href":"https:\/\/denizcankizil.tr\/de\/wp-json\/wp\/v2\/comments?post=133375"}],"version-history":[{"count":0,"href":"https:\/\/denizcankizil.tr\/de\/wp-json\/wp\/v2\/posts\/133375\/revisions"}],"wp:attachment":[{"href":"https:\/\/denizcankizil.tr\/de\/wp-json\/wp\/v2\/media?parent=133375"}],"wp:term":[{"taxonomy":"category","embeddable":true,"href":"https:\/\/denizcankizil.tr\/de\/wp-json\/wp\/v2\/categories?post=133375"},{"taxonomy":"post_tag","embeddable":true,"href":"https:\/\/denizcankizil.tr\/de\/wp-json\/wp\/v2\/tags?post=133375"}],"curies":[{"name":"wp","href":"https:\/\/api.w.org\/{rel}","templated":true}]}}