{"id":133327,"date":"2025-07-02T09:41:19","date_gmt":"2025-07-02T06:41:19","guid":{"rendered":"https:\/\/denizcankizil.tr\/uncategorized-tr\/antalyada-ucretsiz-egitime-darbe-kurs-merkezinin-27-bin-tl-olan-kira-bedeli-200-bin-tl-oldu\/"},"modified":"2025-07-02T09:41:19","modified_gmt":"2025-07-02T06:41:19","slug":"antalyada-ucretsiz-egitime-darbe-kurs-merkezinin-27-bin-tl-olan-kira-bedeli-200-bin-tl-oldu","status":"publish","type":"post","link":"https:\/\/denizcankizil.tr\/de\/haberler\/gundem\/antalyada-ucretsiz-egitime-darbe-kurs-merkezinin-27-bin-tl-olan-kira-bedeli-200-bin-tl-oldu\/","title":{"rendered":"Antalya\u2019da \u00fccretsiz e\u011fitime darbe! Kurs merkezinin 27 bin TL olan kira bedeli 200 bin TL oldu"},"content":{"rendered":"<p>Antalya Muratpa\u015fa Belediyesi\u2019nin ortaokul \u00f6\u011frencilerine y\u00f6nelik devam ettirdi\u011fi \u00fccretsiz et\u00fct kurslar\u0131 b\u00fcy\u00fck ilgi g\u00f6r\u00fcyor. Memurevleri Mahallesi ile \u00e7evre mahallelerde ya\u015fayan dar gelirli ailelerin \u00e7ocuklar\u0131n\u0131n faydaland\u0131\u011f\u0131 Muratpa\u015fa Belediyesi Memurevleri Destek E\u011fitim Kursu\u2019nun yer ald\u0131\u011f\u0131 binan\u0131n kiras\u0131na y\u00fczde 500\u2019e oran\u0131nda bir zam yap\u0131ld\u0131. \u0130l\u00e7e belediyesi kiraya yap\u0131lan rekor zam sonras\u0131 et\u00fct merkezini belediyeye ait ba\u015fka bir binaya ta\u015f\u0131ma karar\u0131 ald\u0131.<\/p>\n<p>Y\u00dcZLERCE \u00c7OCUK \u00dcCRETS\u0130Z ET\u00dcT E\u011e\u0130T\u0130M\u0130NDEN GER\u0130 KALACAK<\/p>\n<p>Muratpa\u015fa Belediyesi\u2019nin dar gelirli ailelerin \u00e7ocuklar\u0131na sa\u011flad\u0131\u011f\u0131 \u00fccretsiz et\u00fct kurslar\u0131 b\u00fcy\u00fck ilgi g\u00f6r\u00fcyor. Ge\u00e7ti\u011fimiz y\u0131l oldu\u011fu gibi bu y\u0131lda e\u011fitim-\u00f6\u011fretim y\u0131l\u0131n\u0131n ba\u015flamas\u0131na \u00e7ok uzun bir s\u00fcre olmas\u0131na ra\u011fmen kay\u0131tlar dolmu\u015f durumda. Muratpa\u015fa Belediyesi Memurevleri Destek E\u011fitim Kursu her y\u0131l oldu\u011fu gibi bu y\u0131lda b\u00fcy\u00fck ilgi g\u00f6rd\u00fc. Yap\u0131lan rekor zam belediye y\u00f6netimini \u00e7aresiz b\u0131rakt\u0131.<\/p>\n<p>BELED\u0130YE Y\u00d6NET\u0130M\u0130 K\u0130RAYA YAPILAN ZAM KAR\u015eISINDA TA\u015eINMA KARARI ALDI<\/p>\n<p>Muratpa\u015fa Belediyesi kurs merkezinin yer ald\u0131\u011f\u0131 binaya yap\u0131lan zam kar\u015f\u0131s\u0131nda ta\u015f\u0131nma karar\u0131 ald\u0131. Kurs merkezinin ta\u015f\u0131nmas\u0131yla birlikte Memurevleri Mahallesi ile \u00e7evre mahallelerde ya\u015fayan dar gelirli ailelerin \u00e7ocuklar\u0131 \u00fccretsiz kurslardan faydalanamayacak. Kurs merkezinin Mark Antalya \u00e7evresinde yer alan ve Muratpa\u015fa Belediyesine ait bir binaya ta\u015f\u0131naca\u011f\u0131 iddia edildi. Antalya\u2019da her ay artan kira bedelleri kar\u015f\u0131s\u0131nda vatanda\u015flar kadar resmi kurumlarda \u00e7aresiz kald\u0131. Kurs merkezinin ayl\u0131k kira bedeline yap\u0131lan zam kar\u015f\u0131s\u0131nda sadece belediye y\u00f6netimi de\u011fil, binan\u0131n \u00e7evresinde ya\u015fayan vatanda\u015flarda \u015fa\u015f\u0131rd\u0131 kald\u0131.<\/p>\n<p>MURATPA\u015eA BELED\u0130YES\u0130N\u0130N \u00dcCRETS\u0130Z KURSLARI HAKKINDA<\/p>\n<p>Muratpa\u015fa Belediyesi&#8217;nin kre\u015flerden ba\u015flayan ve \u00fcniversite s\u0131navlar\u0131na haz\u0131rl\u0131k kurslar\u0131na kadar devam eden e\u011fitim \u00e7al\u0131\u015fmalar\u0131n\u0131n \u00f6nemli bir par\u00e7as\u0131 olan, ilk ve orta dereceli okullarda e\u011fitimine devam eden \u00f6\u011frencilere y\u00f6nelik destek e\u011fitim kurs merkezlerinde kay\u0131t d\u00f6nemi ba\u015fl\u0131yor. Ermenek ve Memurevleri mahalleleriyle birlikte Zeytink\u00f6y b\u00f6lgesine hizmet veren \u00fc\u00e7 destek e\u011fitim kurs merkezlerinden bug\u00fcne kadar binlerce \u00f6\u011frenci yararland\u0131. K\u0131sa ad\u0131 TEOG olan Temel E\u011fitimden Orta\u00f6\u011fretime Ge\u00e7i\u015f Sistemi d\u00f6neminde y\u00fczde 100&#8217;l\u00fck bir ba\u015far\u0131ya sahip kurslar, ge\u00e7en y\u0131l ilk kez uygulanan LGS s\u0131nav\u0131nda y\u00fczde 91 oran\u0131nda ba\u015far\u0131ya ula\u015ft\u0131. Bu y\u0131l ger\u00e7ekle\u015ftirilen s\u0131navda ise kurs merkezlerinin 77 \u00f6\u011frencisinden 76&#8217;s\u0131 istedi\u011fi liseye yerle\u015fti.<\/p>\n<p>\u200bAntalya\u2019n\u0131n Muratpa\u015fa il\u00e7esi Memurevleri Mahallesi\u2019nde Muratpa\u015fa Belediyesi\u2019nin  \u00fccretsiz et\u00fct merkezi olarak kulland\u0131\u011f\u0131 binan\u0131n ayl\u0131k kiras\u0131 27 bin TL\u2019den 200 bin TL\u2019ye \u00e7\u0131kar\u0131ld\u0131.Belediye, y\u00fcksek kira nedeniyle binay\u0131 bo\u015faltmak zorunda kald\u0131.\u00a0<\/p>\n<p>\u200bHaberin Al\u0131nt\u0131land\u0131\u011f\u0131 Kaynak: www.antalyakorfez.com<\/p>","protected":false},"excerpt":{"rendered":"<p>Antalya Muratpa\u015fa Belediyesi\u2019nin ortaokul \u00f6\u011frencilerine y\u00f6nelik devam ettirdi\u011fi \u00fccretsiz et\u00fct kurslar\u0131 b\u00fcy\u00fck ilgi g\u00f6r\u00fcyor. Memurevleri Mahallesi ile \u00e7evre mahallelerde ya\u015fayan dar gelirli ailelerin \u00e7ocuklar\u0131n\u0131n faydaland\u0131\u011f\u0131 Muratpa\u015fa Belediyesi Memurevleri Destek E\u011fitim Kursu\u2019nun yer ald\u0131\u011f\u0131 binan\u0131n kiras\u0131na y\u00fczde 500\u2019e oran\u0131nda bir zam yap\u0131ld\u0131. \u0130l\u00e7e belediyesi kiraya yap\u0131lan rekor zam sonras\u0131 et\u00fct merkezini belediyeye ait ba\u015fka bir binaya ta\u015f\u0131ma karar\u0131 ald\u0131. Y\u00dcZLERCE \u00c7OCUK \u00dcCRETS\u0130Z ET\u00dcT E\u011e\u0130T\u0130M\u0130NDEN GER\u0130 KALACAK Muratpa\u015fa Belediyesi\u2019nin dar gelirli ailelerin \u00e7ocuklar\u0131na sa\u011flad\u0131\u011f\u0131 \u00fccretsiz et\u00fct kurslar\u0131 b\u00fcy\u00fck ilgi g\u00f6r\u00fcyor. Ge\u00e7ti\u011fimiz y\u0131l oldu\u011fu gibi bu y\u0131lda e\u011fitim-\u00f6\u011fretim y\u0131l\u0131n\u0131n ba\u015flamas\u0131na \u00e7ok uzun bir s\u00fcre olmas\u0131na ra\u011fmen kay\u0131tlar dolmu\u015f durumda. Muratpa\u015fa Belediyesi Memurevleri Destek E\u011fitim Kursu her y\u0131l oldu\u011fu gibi bu y\u0131lda b\u00fcy\u00fck ilgi g\u00f6rd\u00fc. Yap\u0131lan rekor zam belediye y\u00f6netimini \u00e7aresiz b\u0131rakt\u0131. BELED\u0130YE Y\u00d6NET\u0130M\u0130 K\u0130RAYA YAPILAN ZAM KAR\u015eISINDA TA\u015eINMA KARARI ALDI Muratpa\u015fa Belediyesi kurs merkezinin yer ald\u0131\u011f\u0131 binaya yap\u0131lan zam kar\u015f\u0131s\u0131nda ta\u015f\u0131nma karar\u0131 ald\u0131. Kurs merkezinin ta\u015f\u0131nmas\u0131yla birlikte Memurevleri Mahallesi ile \u00e7evre mahallelerde ya\u015fayan dar gelirli ailelerin \u00e7ocuklar\u0131 \u00fccretsiz kurslardan faydalanamayacak. Kurs merkezinin Mark Antalya \u00e7evresinde yer alan ve Muratpa\u015fa Belediyesine ait bir binaya ta\u015f\u0131naca\u011f\u0131 iddia edildi. Antalya\u2019da her ay artan kira bedelleri kar\u015f\u0131s\u0131nda vatanda\u015flar kadar resmi kurumlarda \u00e7aresiz kald\u0131. Kurs merkezinin ayl\u0131k kira bedeline yap\u0131lan zam kar\u015f\u0131s\u0131nda sadece belediye y\u00f6netimi de\u011fil, binan\u0131n \u00e7evresinde &hellip;<\/p>","protected":false},"author":5,"featured_media":0,"comment_status":"","ping_status":"open","sticky":false,"template":"","format":"standard","meta":{"_acf_changed":false,"footnotes":""},"categories":[24],"tags":[],"class_list":["post-133327","post","type-post","status-publish","format-standard","has-post-thumbnail","hentry","category-gundem"],"acf":[],"yoast_head":"<!-- This site is optimized with the Yoast SEO Premium plugin v26.6 (Yoast SEO v27.1.1) - https:\/\/yoast.com\/product\/yoast-seo-premium-wordpress\/ -->\n<title>Antalya\u2019da \u00fccretsiz e\u011fitime darbe! Kurs merkezinin 27 bin TL olan kira bedeli 200 bin TL oldu - Av. Deniz Can K\u0131z\u0131l<\/title>\n<meta name=\"robots\" content=\"index, follow, max-snippet:-1, max-image-preview:large, max-video-preview:-1\" \/>\n<link rel=\"canonical\" href=\"https:\/\/denizcankizil.tr\/de\/haberler\/gundem\/antalyada-ucretsiz-egitime-darbe-kurs-merkezinin-27-bin-tl-olan-kira-bedeli-200-bin-tl-oldu\/\" \/>\n<meta property=\"og:locale\" content=\"de_DE\" \/>\n<meta property=\"og:type\" content=\"article\" \/>\n<meta property=\"og:title\" content=\"Antalya\u2019da \u00fccretsiz e\u011fitime darbe! Kurs merkezinin 27 bin TL olan kira bedeli 200 bin TL oldu\" \/>\n<meta property=\"og:description\" content=\"Antalya Muratpa\u015fa Belediyesi\u2019nin ortaokul \u00f6\u011frencilerine y\u00f6nelik devam ettirdi\u011fi \u00fccretsiz et\u00fct kurslar\u0131 b\u00fcy\u00fck ilgi g\u00f6r\u00fcyor. Memurevleri Mahallesi ile \u00e7evre mahallelerde ya\u015fayan dar gelirli ailelerin \u00e7ocuklar\u0131n\u0131n faydaland\u0131\u011f\u0131 Muratpa\u015fa Belediyesi Memurevleri Destek E\u011fitim Kursu\u2019nun yer ald\u0131\u011f\u0131 binan\u0131n kiras\u0131na y\u00fczde 500\u2019e oran\u0131nda bir zam yap\u0131ld\u0131. \u0130l\u00e7e belediyesi kiraya yap\u0131lan rekor zam sonras\u0131 et\u00fct merkezini belediyeye ait ba\u015fka bir binaya ta\u015f\u0131ma karar\u0131 ald\u0131. Y\u00dcZLERCE \u00c7OCUK \u00dcCRETS\u0130Z ET\u00dcT E\u011e\u0130T\u0130M\u0130NDEN GER\u0130 KALACAK Muratpa\u015fa Belediyesi\u2019nin dar gelirli ailelerin \u00e7ocuklar\u0131na sa\u011flad\u0131\u011f\u0131 \u00fccretsiz et\u00fct kurslar\u0131 b\u00fcy\u00fck ilgi g\u00f6r\u00fcyor. Ge\u00e7ti\u011fimiz y\u0131l oldu\u011fu gibi bu y\u0131lda e\u011fitim-\u00f6\u011fretim y\u0131l\u0131n\u0131n ba\u015flamas\u0131na \u00e7ok uzun bir s\u00fcre olmas\u0131na ra\u011fmen kay\u0131tlar dolmu\u015f durumda. Muratpa\u015fa Belediyesi Memurevleri Destek E\u011fitim Kursu her y\u0131l oldu\u011fu gibi bu y\u0131lda b\u00fcy\u00fck ilgi g\u00f6rd\u00fc. Yap\u0131lan rekor zam belediye y\u00f6netimini \u00e7aresiz b\u0131rakt\u0131. BELED\u0130YE Y\u00d6NET\u0130M\u0130 K\u0130RAYA YAPILAN ZAM KAR\u015eISINDA TA\u015eINMA KARARI ALDI Muratpa\u015fa Belediyesi kurs merkezinin yer ald\u0131\u011f\u0131 binaya yap\u0131lan zam kar\u015f\u0131s\u0131nda ta\u015f\u0131nma karar\u0131 ald\u0131. Kurs merkezinin ta\u015f\u0131nmas\u0131yla birlikte Memurevleri Mahallesi ile \u00e7evre mahallelerde ya\u015fayan dar gelirli ailelerin \u00e7ocuklar\u0131 \u00fccretsiz kurslardan faydalanamayacak. Kurs merkezinin Mark Antalya \u00e7evresinde yer alan ve Muratpa\u015fa Belediyesine ait bir binaya ta\u015f\u0131naca\u011f\u0131 iddia edildi. Antalya\u2019da her ay artan kira bedelleri kar\u015f\u0131s\u0131nda vatanda\u015flar kadar resmi kurumlarda \u00e7aresiz kald\u0131. Kurs merkezinin ayl\u0131k kira bedeline yap\u0131lan zam kar\u015f\u0131s\u0131nda sadece belediye y\u00f6netimi de\u011fil, binan\u0131n \u00e7evresinde &hellip;\" \/>\n<meta property=\"og:url\" content=\"https:\/\/denizcankizil.tr\/de\/haberler\/gundem\/antalyada-ucretsiz-egitime-darbe-kurs-merkezinin-27-bin-tl-olan-kira-bedeli-200-bin-tl-oldu\/\" \/>\n<meta property=\"og:site_name\" content=\"Av. Deniz Can K\u0131z\u0131l\" \/>\n<meta property=\"article:published_time\" content=\"2025-07-02T06:41:19+00:00\" \/>\n<meta name=\"author\" content=\"Antalya K\u00f6rfez\" \/>\n<meta name=\"twitter:card\" content=\"summary_large_image\" \/>\n<meta name=\"twitter:label1\" content=\"Verfasst von\" \/>\n\t<meta name=\"twitter:data1\" content=\"Antalya K\u00f6rfez\" \/>\n\t<meta name=\"twitter:label2\" content=\"Gesch\u00e4tzte Lesezeit\" \/>\n\t<meta name=\"twitter:data2\" content=\"3\u00a0Minuten\" \/>\n<script type=\"application\/ld+json\" class=\"yoast-schema-graph\">{\"@context\":\"https:\/\/schema.org\",\"@graph\":[{\"@type\":\"Article\",\"@id\":\"https:\/\/denizcankizil.tr\/de\/haberler\/gundem\/antalyada-ucretsiz-egitime-darbe-kurs-merkezinin-27-bin-tl-olan-kira-bedeli-200-bin-tl-oldu\/#article\",\"isPartOf\":{\"@id\":\"https:\/\/denizcankizil.tr\/de\/haberler\/gundem\/antalyada-ucretsiz-egitime-darbe-kurs-merkezinin-27-bin-tl-olan-kira-bedeli-200-bin-tl-oldu\/\"},\"author\":{\"name\":\"Antalya K\u00f6rfez\",\"@id\":\"https:\/\/denizcankizil.tr\/de\/#\/schema\/person\/e1eb71bb4dd684d46563f0af307e1234\"},\"headline\":\"Antalya\u2019da \u00fccretsiz e\u011fitime darbe! Kurs merkezinin 27 bin TL olan kira bedeli 200 bin TL oldu\",\"datePublished\":\"2025-07-02T06:41:19+00:00\",\"mainEntityOfPage\":{\"@id\":\"https:\/\/denizcankizil.tr\/de\/haberler\/gundem\/antalyada-ucretsiz-egitime-darbe-kurs-merkezinin-27-bin-tl-olan-kira-bedeli-200-bin-tl-oldu\/\"},\"wordCount\":519,\"publisher\":{\"@id\":\"https:\/\/denizcankizil.tr\/de\/#organization\"},\"articleSection\":[\"G\u00fcndem\"],\"inLanguage\":\"de\"},{\"@type\":\"WebPage\",\"@id\":\"https:\/\/denizcankizil.tr\/de\/haberler\/gundem\/antalyada-ucretsiz-egitime-darbe-kurs-merkezinin-27-bin-tl-olan-kira-bedeli-200-bin-tl-oldu\/\",\"url\":\"https:\/\/denizcankizil.tr\/de\/haberler\/gundem\/antalyada-ucretsiz-egitime-darbe-kurs-merkezinin-27-bin-tl-olan-kira-bedeli-200-bin-tl-oldu\/\",\"name\":\"Antalya\u2019da \u00fccretsiz e\u011fitime darbe! Kurs merkezinin 27 bin TL olan kira bedeli 200 bin TL oldu - Av. Deniz Can K\u0131z\u0131l\",\"isPartOf\":{\"@id\":\"https:\/\/denizcankizil.tr\/de\/#website\"},\"datePublished\":\"2025-07-02T06:41:19+00:00\",\"breadcrumb\":{\"@id\":\"https:\/\/denizcankizil.tr\/de\/haberler\/gundem\/antalyada-ucretsiz-egitime-darbe-kurs-merkezinin-27-bin-tl-olan-kira-bedeli-200-bin-tl-oldu\/#breadcrumb\"},\"inLanguage\":\"de\",\"potentialAction\":[{\"@type\":\"ReadAction\",\"target\":[\"https:\/\/denizcankizil.tr\/de\/haberler\/gundem\/antalyada-ucretsiz-egitime-darbe-kurs-merkezinin-27-bin-tl-olan-kira-bedeli-200-bin-tl-oldu\/\"]}]},{\"@type\":\"BreadcrumbList\",\"@id\":\"https:\/\/denizcankizil.tr\/de\/haberler\/gundem\/antalyada-ucretsiz-egitime-darbe-kurs-merkezinin-27-bin-tl-olan-kira-bedeli-200-bin-tl-oldu\/#breadcrumb\",\"itemListElement\":[{\"@type\":\"ListItem\",\"position\":1,\"name\":\"Home\",\"item\":\"https:\/\/denizcankizil.tr\/de\/\"},{\"@type\":\"ListItem\",\"position\":2,\"name\":\"Antalya\u2019da \u00fccretsiz e\u011fitime darbe! Kurs merkezinin 27 bin TL olan kira bedeli 200 bin TL oldu\"}]},{\"@type\":\"WebSite\",\"@id\":\"https:\/\/denizcankizil.tr\/de\/#website\",\"url\":\"https:\/\/denizcankizil.tr\/de\/\",\"name\":\"Av. Deniz Can K\u0131z\u0131l\",\"description\":\"Avukat Deniz Can K\u0131z\u0131l Antalya Barosu\",\"publisher\":{\"@id\":\"https:\/\/denizcankizil.tr\/de\/#organization\"},\"potentialAction\":[{\"@type\":\"SearchAction\",\"target\":{\"@type\":\"EntryPoint\",\"urlTemplate\":\"https:\/\/denizcankizil.tr\/de\/?s={search_term_string}\"},\"query-input\":{\"@type\":\"PropertyValueSpecification\",\"valueRequired\":true,\"valueName\":\"search_term_string\"}}],\"inLanguage\":\"de\"},{\"@type\":\"Organization\",\"@id\":\"https:\/\/denizcankizil.tr\/de\/#organization\",\"name\":\"Av. Deniz Can K\u0131z\u0131l\",\"url\":\"https:\/\/denizcankizil.tr\/de\/\",\"logo\":{\"@type\":\"ImageObject\",\"inLanguage\":\"de\",\"@id\":\"https:\/\/denizcankizil.tr\/de\/#\/schema\/logo\/image\/\",\"url\":\"https:\/\/denizcankizil.tr\/wp-content\/uploads\/2024\/10\/siyah-logo-svg.svg\",\"contentUrl\":\"https:\/\/denizcankizil.tr\/wp-content\/uploads\/2024\/10\/siyah-logo-svg.svg\",\"width\":1080,\"height\":1080,\"caption\":\"Av. Deniz Can K\u0131z\u0131l\"},\"image\":{\"@id\":\"https:\/\/denizcankizil.tr\/de\/#\/schema\/logo\/image\/\"}},{\"@type\":\"Person\",\"@id\":\"https:\/\/denizcankizil.tr\/de\/#\/schema\/person\/e1eb71bb4dd684d46563f0af307e1234\",\"name\":\"Antalya K\u00f6rfez\",\"image\":{\"@type\":\"ImageObject\",\"inLanguage\":\"de\",\"@id\":\"https:\/\/denizcankizil.tr\/de\/#\/schema\/person\/image\/\",\"url\":\"https:\/\/secure.gravatar.com\/avatar\/42b01982558a48a0b501fdcab6a408d3717ea5919095ee2e67b0e521799c5905?s=96&d=mm&r=g\",\"contentUrl\":\"https:\/\/secure.gravatar.com\/avatar\/42b01982558a48a0b501fdcab6a408d3717ea5919095ee2e67b0e521799c5905?s=96&d=mm&r=g\",\"caption\":\"Antalya K\u00f6rfez\"},\"sameAs\":[\"http:\/\/www.antalyakorfez.com\"],\"url\":\"https:\/\/www.antalyakorfez.com\/antalyada-ucretsiz-egitime-darbe-kurs-merkezinin-27-bin-tl-olan-kira-bedeli-200-bin-tl-oldu\"}]}<\/script>\n<!-- \/ Yoast SEO Premium plugin. -->","yoast_head_json":{"title":"Antalya\u2019da \u00fccretsiz e\u011fitime darbe! Kurs merkezinin 27 bin TL olan kira bedeli 200 bin TL oldu - Av. Deniz Can K\u0131z\u0131l","robots":{"index":"index","follow":"follow","max-snippet":"max-snippet:-1","max-image-preview":"max-image-preview:large","max-video-preview":"max-video-preview:-1"},"canonical":"https:\/\/denizcankizil.tr\/de\/haberler\/gundem\/antalyada-ucretsiz-egitime-darbe-kurs-merkezinin-27-bin-tl-olan-kira-bedeli-200-bin-tl-oldu\/","og_locale":"de_DE","og_type":"article","og_title":"Antalya\u2019da \u00fccretsiz e\u011fitime darbe! Kurs merkezinin 27 bin TL olan kira bedeli 200 bin TL oldu","og_description":"Antalya Muratpa\u015fa Belediyesi\u2019nin ortaokul \u00f6\u011frencilerine y\u00f6nelik devam ettirdi\u011fi \u00fccretsiz et\u00fct kurslar\u0131 b\u00fcy\u00fck ilgi g\u00f6r\u00fcyor. Memurevleri Mahallesi ile \u00e7evre mahallelerde ya\u015fayan dar gelirli ailelerin \u00e7ocuklar\u0131n\u0131n faydaland\u0131\u011f\u0131 Muratpa\u015fa Belediyesi Memurevleri Destek E\u011fitim Kursu\u2019nun yer ald\u0131\u011f\u0131 binan\u0131n kiras\u0131na y\u00fczde 500\u2019e oran\u0131nda bir zam yap\u0131ld\u0131. \u0130l\u00e7e belediyesi kiraya yap\u0131lan rekor zam sonras\u0131 et\u00fct merkezini belediyeye ait ba\u015fka bir binaya ta\u015f\u0131ma karar\u0131 ald\u0131. Y\u00dcZLERCE \u00c7OCUK \u00dcCRETS\u0130Z ET\u00dcT E\u011e\u0130T\u0130M\u0130NDEN GER\u0130 KALACAK Muratpa\u015fa Belediyesi\u2019nin dar gelirli ailelerin \u00e7ocuklar\u0131na sa\u011flad\u0131\u011f\u0131 \u00fccretsiz et\u00fct kurslar\u0131 b\u00fcy\u00fck ilgi g\u00f6r\u00fcyor. Ge\u00e7ti\u011fimiz y\u0131l oldu\u011fu gibi bu y\u0131lda e\u011fitim-\u00f6\u011fretim y\u0131l\u0131n\u0131n ba\u015flamas\u0131na \u00e7ok uzun bir s\u00fcre olmas\u0131na ra\u011fmen kay\u0131tlar dolmu\u015f durumda. Muratpa\u015fa Belediyesi Memurevleri Destek E\u011fitim Kursu her y\u0131l oldu\u011fu gibi bu y\u0131lda b\u00fcy\u00fck ilgi g\u00f6rd\u00fc. Yap\u0131lan rekor zam belediye y\u00f6netimini \u00e7aresiz b\u0131rakt\u0131. BELED\u0130YE Y\u00d6NET\u0130M\u0130 K\u0130RAYA YAPILAN ZAM KAR\u015eISINDA TA\u015eINMA KARARI ALDI Muratpa\u015fa Belediyesi kurs merkezinin yer ald\u0131\u011f\u0131 binaya yap\u0131lan zam kar\u015f\u0131s\u0131nda ta\u015f\u0131nma karar\u0131 ald\u0131. Kurs merkezinin ta\u015f\u0131nmas\u0131yla birlikte Memurevleri Mahallesi ile \u00e7evre mahallelerde ya\u015fayan dar gelirli ailelerin \u00e7ocuklar\u0131 \u00fccretsiz kurslardan faydalanamayacak. Kurs merkezinin Mark Antalya \u00e7evresinde yer alan ve Muratpa\u015fa Belediyesine ait bir binaya ta\u015f\u0131naca\u011f\u0131 iddia edildi. Antalya\u2019da her ay artan kira bedelleri kar\u015f\u0131s\u0131nda vatanda\u015flar kadar resmi kurumlarda \u00e7aresiz kald\u0131. Kurs merkezinin ayl\u0131k kira bedeline yap\u0131lan zam kar\u015f\u0131s\u0131nda sadece belediye y\u00f6netimi de\u011fil, binan\u0131n \u00e7evresinde &hellip;","og_url":"https:\/\/denizcankizil.tr\/de\/haberler\/gundem\/antalyada-ucretsiz-egitime-darbe-kurs-merkezinin-27-bin-tl-olan-kira-bedeli-200-bin-tl-oldu\/","og_site_name":"Av. Deniz Can K\u0131z\u0131l","article_published_time":"2025-07-02T06:41:19+00:00","author":"Antalya K\u00f6rfez","twitter_card":"summary_large_image","twitter_misc":{"Verfasst von":"Antalya K\u00f6rfez","Gesch\u00e4tzte Lesezeit":"3\u00a0Minuten"},"schema":{"@context":"https:\/\/schema.org","@graph":[{"@type":"Article","@id":"https:\/\/denizcankizil.tr\/de\/haberler\/gundem\/antalyada-ucretsiz-egitime-darbe-kurs-merkezinin-27-bin-tl-olan-kira-bedeli-200-bin-tl-oldu\/#article","isPartOf":{"@id":"https:\/\/denizcankizil.tr\/de\/haberler\/gundem\/antalyada-ucretsiz-egitime-darbe-kurs-merkezinin-27-bin-tl-olan-kira-bedeli-200-bin-tl-oldu\/"},"author":{"name":"Antalya K\u00f6rfez","@id":"https:\/\/denizcankizil.tr\/de\/#\/schema\/person\/e1eb71bb4dd684d46563f0af307e1234"},"headline":"Antalya\u2019da \u00fccretsiz e\u011fitime darbe! Kurs merkezinin 27 bin TL olan kira bedeli 200 bin TL oldu","datePublished":"2025-07-02T06:41:19+00:00","mainEntityOfPage":{"@id":"https:\/\/denizcankizil.tr\/de\/haberler\/gundem\/antalyada-ucretsiz-egitime-darbe-kurs-merkezinin-27-bin-tl-olan-kira-bedeli-200-bin-tl-oldu\/"},"wordCount":519,"publisher":{"@id":"https:\/\/denizcankizil.tr\/de\/#organization"},"articleSection":["G\u00fcndem"],"inLanguage":"de"},{"@type":"WebPage","@id":"https:\/\/denizcankizil.tr\/de\/haberler\/gundem\/antalyada-ucretsiz-egitime-darbe-kurs-merkezinin-27-bin-tl-olan-kira-bedeli-200-bin-tl-oldu\/","url":"https:\/\/denizcankizil.tr\/de\/haberler\/gundem\/antalyada-ucretsiz-egitime-darbe-kurs-merkezinin-27-bin-tl-olan-kira-bedeli-200-bin-tl-oldu\/","name":"Antalya\u2019da \u00fccretsiz e\u011fitime darbe! Kurs merkezinin 27 bin TL olan kira bedeli 200 bin TL oldu - Av. Deniz Can K\u0131z\u0131l","isPartOf":{"@id":"https:\/\/denizcankizil.tr\/de\/#website"},"datePublished":"2025-07-02T06:41:19+00:00","breadcrumb":{"@id":"https:\/\/denizcankizil.tr\/de\/haberler\/gundem\/antalyada-ucretsiz-egitime-darbe-kurs-merkezinin-27-bin-tl-olan-kira-bedeli-200-bin-tl-oldu\/#breadcrumb"},"inLanguage":"de","potentialAction":[{"@type":"ReadAction","target":["https:\/\/denizcankizil.tr\/de\/haberler\/gundem\/antalyada-ucretsiz-egitime-darbe-kurs-merkezinin-27-bin-tl-olan-kira-bedeli-200-bin-tl-oldu\/"]}]},{"@type":"BreadcrumbList","@id":"https:\/\/denizcankizil.tr\/de\/haberler\/gundem\/antalyada-ucretsiz-egitime-darbe-kurs-merkezinin-27-bin-tl-olan-kira-bedeli-200-bin-tl-oldu\/#breadcrumb","itemListElement":[{"@type":"ListItem","position":1,"name":"Home","item":"https:\/\/denizcankizil.tr\/de\/"},{"@type":"ListItem","position":2,"name":"Antalya\u2019da \u00fccretsiz e\u011fitime darbe! Kurs merkezinin 27 bin TL olan kira bedeli 200 bin TL oldu"}]},{"@type":"WebSite","@id":"https:\/\/denizcankizil.tr\/de\/#website","url":"https:\/\/denizcankizil.tr\/de\/","name":"Av. Deniz Can K\u0131z\u0131l","description":"Avukat Deniz Can K\u0131z\u0131l Antalya Barosu","publisher":{"@id":"https:\/\/denizcankizil.tr\/de\/#organization"},"potentialAction":[{"@type":"SearchAction","target":{"@type":"EntryPoint","urlTemplate":"https:\/\/denizcankizil.tr\/de\/?s={search_term_string}"},"query-input":{"@type":"PropertyValueSpecification","valueRequired":true,"valueName":"search_term_string"}}],"inLanguage":"de"},{"@type":"Organization","@id":"https:\/\/denizcankizil.tr\/de\/#organization","name":"Av. Deniz Can K\u0131z\u0131l","url":"https:\/\/denizcankizil.tr\/de\/","logo":{"@type":"ImageObject","inLanguage":"de","@id":"https:\/\/denizcankizil.tr\/de\/#\/schema\/logo\/image\/","url":"https:\/\/denizcankizil.tr\/wp-content\/uploads\/2024\/10\/siyah-logo-svg.svg","contentUrl":"https:\/\/denizcankizil.tr\/wp-content\/uploads\/2024\/10\/siyah-logo-svg.svg","width":1080,"height":1080,"caption":"Av. Deniz Can K\u0131z\u0131l"},"image":{"@id":"https:\/\/denizcankizil.tr\/de\/#\/schema\/logo\/image\/"}},{"@type":"Person","@id":"https:\/\/denizcankizil.tr\/de\/#\/schema\/person\/e1eb71bb4dd684d46563f0af307e1234","name":"Antalya K\u00f6rfez","image":{"@type":"ImageObject","inLanguage":"de","@id":"https:\/\/denizcankizil.tr\/de\/#\/schema\/person\/image\/","url":"https:\/\/secure.gravatar.com\/avatar\/42b01982558a48a0b501fdcab6a408d3717ea5919095ee2e67b0e521799c5905?s=96&d=mm&r=g","contentUrl":"https:\/\/secure.gravatar.com\/avatar\/42b01982558a48a0b501fdcab6a408d3717ea5919095ee2e67b0e521799c5905?s=96&d=mm&r=g","caption":"Antalya K\u00f6rfez"},"sameAs":["http:\/\/www.antalyakorfez.com"],"url":"https:\/\/www.antalyakorfez.com\/antalyada-ucretsiz-egitime-darbe-kurs-merkezinin-27-bin-tl-olan-kira-bedeli-200-bin-tl-oldu"}]}},"_links":{"self":[{"href":"https:\/\/denizcankizil.tr\/de\/wp-json\/wp\/v2\/posts\/133327","targetHints":{"allow":["GET"]}}],"collection":[{"href":"https:\/\/denizcankizil.tr\/de\/wp-json\/wp\/v2\/posts"}],"about":[{"href":"https:\/\/denizcankizil.tr\/de\/wp-json\/wp\/v2\/types\/post"}],"author":[{"embeddable":true,"href":"https:\/\/denizcankizil.tr\/de\/wp-json\/wp\/v2\/users\/5"}],"replies":[{"embeddable":true,"href":"https:\/\/denizcankizil.tr\/de\/wp-json\/wp\/v2\/comments?post=133327"}],"version-history":[{"count":0,"href":"https:\/\/denizcankizil.tr\/de\/wp-json\/wp\/v2\/posts\/133327\/revisions"}],"wp:attachment":[{"href":"https:\/\/denizcankizil.tr\/de\/wp-json\/wp\/v2\/media?parent=133327"}],"wp:term":[{"taxonomy":"category","embeddable":true,"href":"https:\/\/denizcankizil.tr\/de\/wp-json\/wp\/v2\/categories?post=133327"},{"taxonomy":"post_tag","embeddable":true,"href":"https:\/\/denizcankizil.tr\/de\/wp-json\/wp\/v2\/tags?post=133327"}],"curies":[{"name":"wp","href":"https:\/\/api.w.org\/{rel}","templated":true}]}}