{"id":132843,"date":"2025-07-01T21:42:33","date_gmt":"2025-07-01T18:42:33","guid":{"rendered":"https:\/\/denizcankizil.tr\/uncategorized-tr\/manisada-orman-yanginlariyla-mucadele-suruyor-baskan-dutlulu-sahada\/"},"modified":"2025-07-01T21:42:33","modified_gmt":"2025-07-01T18:42:33","slug":"manisada-orman-yanginlariyla-mucadele-suruyor-baskan-dutlulu-sahada","status":"publish","type":"post","link":"https:\/\/denizcankizil.tr\/de\/haberler\/gundem\/manisada-orman-yanginlariyla-mucadele-suruyor-baskan-dutlulu-sahada\/","title":{"rendered":"Manisa\u2019da orman yang\u0131nlar\u0131yla m\u00fccadele s\u00fcr\u00fcyor&#8230; Ba\u015fkan Dutlulu sahada"},"content":{"rendered":"<p>Manisa B\u00fcy\u00fck\u015fehir Belediye Ba\u015fkan\u0131 Besim Dutlulu, Ahmetli ve Kula\u2019daki orman yang\u0131nlar\u0131yla m\u00fccadele \u00e7al\u0131\u015fmalar\u0131n\u0131 yerinde inceleyerek, fedak\u00e2rca \u00e7al\u0131\u015fan ekiplere te\u015fekk\u00fcr etti ve yaralar\u0131 birlikte sarma s\u00f6z\u00fc verdi.MAN\u0130SA (\u0130GFA) &#8211; Manisa B\u00fcy\u00fck\u015fehir Belediye Ba\u015fkan\u0131 Besim Dutlulu, Ahmetli ve Kula il\u00e7elerinde devam eden orman yang\u0131nlar\u0131yla m\u00fccadele \u00e7al\u0131\u015fmalar\u0131n\u0131 yak\u0131ndan takip etti. Yang\u0131n b\u00f6lgelerinde itfaiye ekipleri ve yetkililerle bir araya gelen Ba\u015fkan Dutlulu, s\u00f6nd\u00fcrme faaliyetleri hakk\u0131nda bilgi ald\u0131 ve ekiplerin \u00f6zverili \u00e7al\u0131\u015fmalar\u0131na te\u015fekk\u00fcr etti.<br \/>\n\u0130lk olarak Ahmetli\u2019ye giden Dutlulu, B\u00fcy\u00fck\u015fehir Belediyesi \u0130tfaiye Dairesi Ba\u015fkan\u0131 G\u00fcrhan \u0130nal\u2019dan yang\u0131n\u0131n durumu hakk\u0131nda bilgi ald\u0131. Burada Ahmetli Belediye Ba\u015fkan\u0131 Fuat Minta\u015f ile g\u00f6r\u00fc\u015ferek yang\u0131ndan etkilenen mahalleler i\u00e7in de\u011ferlendirmelerde bulundu.<br \/>\nDaha sonra Kula\u2019ya ge\u00e7en Dutlulu, B\u00fcy\u00fck\u015fehir Belediyesi Genel Sekreteri Burak Deste, Genel Sekreter Yard\u0131mc\u0131s\u0131 Ali K\u0131l\u0131\u00e7 ve MASK\u0130 Genel M\u00fcd\u00fcr\u00fc Talat Postac\u0131 ile birlikte yang\u0131n g\u00f6zetleme noktas\u0131n\u0131 ziyaret etti.<\/p>\n<p>Kula Kaymakam\u0131 \u00d6zer Ahmet \u00d6zdemir, Kula Belediye Ba\u015fkan\u0131 Hikmet D\u00f6nmez ve AFAD yetkilileriyle yang\u0131n\u0131n seyri ve riskler hakk\u0131nda kapsaml\u0131 bir g\u00f6r\u00fc\u015fme yapt\u0131.<br \/>\nYang\u0131n g\u00f6zetleme noktas\u0131ndan \u00e7al\u0131\u015fmalar\u0131 anl\u0131k takip eden Dutlulu, al\u0131nan tedbirlerin etkili oldu\u011funu ve yang\u0131n\u0131n kontrol alt\u0131na al\u0131nmaya \u00e7al\u0131\u015f\u0131ld\u0131\u011f\u0131n\u0131 belirtti.<\/p>\n<p>\u201cManisa\u2019m\u0131z zor bir s\u0131nav veriyor\u201d diyen Dutlulu, \u201cG\u00fcnlerdir uyumadan, cesaretle m\u00fccadele eden itfaiyecilerimize ve t\u00fcm ekiplere te\u015fekk\u00fcr ediyorum. Belediyemiz, t\u00fcm imkanlar\u0131yla sahada, kamu kurumlar\u0131 ve il\u00e7elerimizle tam koordinasyon halinde \u00e7al\u0131\u015f\u0131yor\u201d dedi.<br \/>\nYang\u0131ndan etkilenen vatanda\u015flara ge\u00e7mi\u015f olsun dileklerini ileten Dutlulu, \u201cYaralar\u0131 el birli\u011fiyle saraca\u011f\u0131z. Manisa\u2019y\u0131 yeniden ye\u015fertmek i\u00e7in var g\u00fcc\u00fcm\u00fczle \u00e7al\u0131\u015faca\u011f\u0131z\u201d s\u00f6z\u00fcn\u00fc verdi.<\/p>\n<p>\u200bManisa B\u00fcy\u00fck\u015fehir Belediye Ba\u015fkan\u0131 Besim Dutlulu, Ahmetli ve Kula\u2019daki orman yang\u0131nlar\u0131yla m\u00fccadele \u00e7al\u0131\u015fmalar\u0131n\u0131 yerinde inceleyerek, fedak\u00e2rca \u00e7al\u0131\u015fan ekiplere te\u015fekk\u00fcr etti ve yaralar\u0131 birlikte sarma s\u00f6z\u00fc verdi.MAN\u0130SA (\u0130GFA) &#8211; Manisa B\u00fcy\u00fck\u015fehir Belediye Ba\u015fkan\u0131 Besim Dutlulu, Ahmetli ve Kula il\u00e7elerinde devam eden orman yang\u0131nlar\u0131yla m\u00fccadele \u00e7al\u0131\u015fmalar\u0131n\u0131 yak\u0131ndan takip etti. Yang\u0131n b\u00f6lgelerinde itfaiye ekipleri ve yetkililerle bir araya gelen Ba\u015fkan Dutlulu, s\u00f6nd\u00fcrme faaliyetleri hakk\u0131nda bilgi ald\u0131 ve ekiplerin \u00f6zverili \u00e7al\u0131\u015fmalar\u0131na te\u015fekk\u00fcr etti.<br \/>\n\u0130lk olarak Ahmetli\u2019ye giden Dutlulu, B\u00fcy\u00fck\u015fehir Belediyesi \u0130tfaiye Dairesi Ba\u015fkan\u0131 G\u00fcrhan \u0130nal\u2019dan yang\u0131n\u0131n durumu hakk\u0131nda bilgi ald\u0131. Burada Ahmetli Belediye Ba\u015fkan\u0131 Fuat Minta\u015f ile g\u00f6r\u00fc\u015ferek yang\u0131ndan etkilenen mahalleler i\u00e7in de\u011ferlendirmelerde bulundu.<br \/>\nDaha sonra Kula\u2019ya ge\u00e7en Dutlulu, B\u00fcy\u00fck\u015fehir Belediyesi Genel Sekreteri Burak Deste, Genel Sekreter Yard\u0131mc\u0131s\u0131 Ali K\u0131l\u0131\u00e7 ve MASK\u0130 Genel M\u00fcd\u00fcr\u00fc Talat Postac\u0131 ile birlikte yang\u0131n g\u00f6zetleme noktas\u0131n\u0131 ziyaret etti.<\/p>\n<p>Kula Kaymakam\u0131 \u00d6zer Ahmet \u00d6zdemir, Kula Belediye Ba\u015fkan\u0131 Hikmet D\u00f6nmez ve AFAD yetkilileriyle yang\u0131n\u0131n seyri ve riskler hakk\u0131nda kapsaml\u0131 bir g\u00f6r\u00fc\u015fme yapt\u0131.<br \/>\nYang\u0131n g\u00f6zetleme noktas\u0131ndan \u00e7al\u0131\u015fmalar\u0131 anl\u0131k takip eden Dutlulu, al\u0131nan tedbirlerin etkili oldu\u011funu ve yang\u0131n\u0131n kontrol alt\u0131na al\u0131nmaya \u00e7al\u0131\u015f\u0131ld\u0131\u011f\u0131n\u0131 belirtti.<\/p>\n<p>\u201cManisa\u2019m\u0131z zor bir s\u0131nav veriyor\u201d diyen Dutlulu, \u201cG\u00fcnlerdir uyumadan, cesaretle m\u00fccadele eden itfaiyecilerimize ve t\u00fcm ekiplere te\u015fekk\u00fcr ediyorum. Belediyemiz, t\u00fcm imkanlar\u0131yla sahada, kamu kurumlar\u0131 ve il\u00e7elerimizle tam koordinasyon halinde \u00e7al\u0131\u015f\u0131yor\u201d dedi.<br \/>\nYang\u0131ndan etkilenen vatanda\u015flara ge\u00e7mi\u015f olsun dileklerini ileten Dutlulu, \u201cYaralar\u0131 el birli\u011fiyle saraca\u011f\u0131z. Manisa\u2019y\u0131 yeniden ye\u015fertmek i\u00e7in var g\u00fcc\u00fcm\u00fczle \u00e7al\u0131\u015faca\u011f\u0131z\u201d s\u00f6z\u00fcn\u00fc verdi.\u00a0<\/p>\n<p>\u200bHaberin Al\u0131nt\u0131land\u0131\u011f\u0131 Kaynak: www.iskenderun.org<\/p>","protected":false},"excerpt":{"rendered":"<p>Manisa B\u00fcy\u00fck\u015fehir Belediye Ba\u015fkan\u0131 Besim Dutlulu, Ahmetli ve Kula\u2019daki orman yang\u0131nlar\u0131yla m\u00fccadele \u00e7al\u0131\u015fmalar\u0131n\u0131 yerinde inceleyerek, fedak\u00e2rca \u00e7al\u0131\u015fan ekiplere te\u015fekk\u00fcr etti ve yaralar\u0131 birlikte sarma s\u00f6z\u00fc verdi.MAN\u0130SA (\u0130GFA) &#8211; Manisa B\u00fcy\u00fck\u015fehir Belediye Ba\u015fkan\u0131 Besim Dutlulu, Ahmetli ve Kula il\u00e7elerinde devam eden orman yang\u0131nlar\u0131yla m\u00fccadele \u00e7al\u0131\u015fmalar\u0131n\u0131 yak\u0131ndan takip etti. Yang\u0131n b\u00f6lgelerinde itfaiye ekipleri ve yetkililerle bir araya gelen Ba\u015fkan Dutlulu, s\u00f6nd\u00fcrme faaliyetleri hakk\u0131nda bilgi ald\u0131 ve ekiplerin \u00f6zverili \u00e7al\u0131\u015fmalar\u0131na te\u015fekk\u00fcr etti. \u0130lk olarak Ahmetli\u2019ye giden Dutlulu, B\u00fcy\u00fck\u015fehir Belediyesi \u0130tfaiye Dairesi Ba\u015fkan\u0131 G\u00fcrhan \u0130nal\u2019dan yang\u0131n\u0131n durumu hakk\u0131nda bilgi ald\u0131. Burada Ahmetli Belediye Ba\u015fkan\u0131 Fuat Minta\u015f ile g\u00f6r\u00fc\u015ferek yang\u0131ndan etkilenen mahalleler i\u00e7in de\u011ferlendirmelerde bulundu. Daha sonra Kula\u2019ya ge\u00e7en Dutlulu, B\u00fcy\u00fck\u015fehir Belediyesi Genel Sekreteri Burak Deste, Genel Sekreter Yard\u0131mc\u0131s\u0131 Ali K\u0131l\u0131\u00e7 ve MASK\u0130 Genel M\u00fcd\u00fcr\u00fc Talat Postac\u0131 ile birlikte yang\u0131n g\u00f6zetleme noktas\u0131n\u0131 ziyaret etti. Kula Kaymakam\u0131 \u00d6zer Ahmet \u00d6zdemir, Kula Belediye Ba\u015fkan\u0131 Hikmet D\u00f6nmez ve AFAD yetkilileriyle yang\u0131n\u0131n seyri ve riskler hakk\u0131nda kapsaml\u0131 bir g\u00f6r\u00fc\u015fme yapt\u0131. Yang\u0131n g\u00f6zetleme noktas\u0131ndan \u00e7al\u0131\u015fmalar\u0131 anl\u0131k takip eden Dutlulu, al\u0131nan tedbirlerin etkili oldu\u011funu ve yang\u0131n\u0131n kontrol alt\u0131na al\u0131nmaya \u00e7al\u0131\u015f\u0131ld\u0131\u011f\u0131n\u0131 belirtti. \u201cManisa\u2019m\u0131z zor bir s\u0131nav veriyor\u201d diyen Dutlulu, \u201cG\u00fcnlerdir uyumadan, cesaretle m\u00fccadele eden itfaiyecilerimize ve t\u00fcm ekiplere te\u015fekk\u00fcr ediyorum. Belediyemiz, t\u00fcm imkanlar\u0131yla sahada, kamu kurumlar\u0131 ve il\u00e7elerimizle tam koordinasyon halinde \u00e7al\u0131\u015f\u0131yor\u201d &hellip;<\/p>","protected":false},"author":1,"featured_media":0,"comment_status":"","ping_status":"open","sticky":false,"template":"","format":"standard","meta":{"_acf_changed":false,"footnotes":""},"categories":[24],"tags":[],"class_list":["post-132843","post","type-post","status-publish","format-standard","has-post-thumbnail","hentry","category-gundem"],"acf":[],"yoast_head":"<!-- This site is optimized with the Yoast SEO Premium plugin v26.6 (Yoast SEO v27.1.1) - https:\/\/yoast.com\/product\/yoast-seo-premium-wordpress\/ -->\n<title>Manisa\u2019da orman yang\u0131nlar\u0131yla m\u00fccadele s\u00fcr\u00fcyor... Ba\u015fkan Dutlulu sahada - Av. Deniz Can K\u0131z\u0131l<\/title>\n<meta name=\"robots\" content=\"index, follow, max-snippet:-1, max-image-preview:large, max-video-preview:-1\" \/>\n<link rel=\"canonical\" href=\"https:\/\/denizcankizil.tr\/de\/haberler\/gundem\/manisada-orman-yanginlariyla-mucadele-suruyor-baskan-dutlulu-sahada\/\" \/>\n<meta property=\"og:locale\" content=\"de_DE\" \/>\n<meta property=\"og:type\" content=\"article\" \/>\n<meta property=\"og:title\" content=\"Manisa\u2019da orman yang\u0131nlar\u0131yla m\u00fccadele s\u00fcr\u00fcyor... Ba\u015fkan Dutlulu sahada\" \/>\n<meta property=\"og:description\" content=\"Manisa B\u00fcy\u00fck\u015fehir Belediye Ba\u015fkan\u0131 Besim Dutlulu, Ahmetli ve Kula\u2019daki orman yang\u0131nlar\u0131yla m\u00fccadele \u00e7al\u0131\u015fmalar\u0131n\u0131 yerinde inceleyerek, fedak\u00e2rca \u00e7al\u0131\u015fan ekiplere te\u015fekk\u00fcr etti ve yaralar\u0131 birlikte sarma s\u00f6z\u00fc verdi.MAN\u0130SA (\u0130GFA) &#8211; Manisa B\u00fcy\u00fck\u015fehir Belediye Ba\u015fkan\u0131 Besim Dutlulu, Ahmetli ve Kula il\u00e7elerinde devam eden orman yang\u0131nlar\u0131yla m\u00fccadele \u00e7al\u0131\u015fmalar\u0131n\u0131 yak\u0131ndan takip etti. Yang\u0131n b\u00f6lgelerinde itfaiye ekipleri ve yetkililerle bir araya gelen Ba\u015fkan Dutlulu, s\u00f6nd\u00fcrme faaliyetleri hakk\u0131nda bilgi ald\u0131 ve ekiplerin \u00f6zverili \u00e7al\u0131\u015fmalar\u0131na te\u015fekk\u00fcr etti. \u0130lk olarak Ahmetli\u2019ye giden Dutlulu, B\u00fcy\u00fck\u015fehir Belediyesi \u0130tfaiye Dairesi Ba\u015fkan\u0131 G\u00fcrhan \u0130nal\u2019dan yang\u0131n\u0131n durumu hakk\u0131nda bilgi ald\u0131. Burada Ahmetli Belediye Ba\u015fkan\u0131 Fuat Minta\u015f ile g\u00f6r\u00fc\u015ferek yang\u0131ndan etkilenen mahalleler i\u00e7in de\u011ferlendirmelerde bulundu. Daha sonra Kula\u2019ya ge\u00e7en Dutlulu, B\u00fcy\u00fck\u015fehir Belediyesi Genel Sekreteri Burak Deste, Genel Sekreter Yard\u0131mc\u0131s\u0131 Ali K\u0131l\u0131\u00e7 ve MASK\u0130 Genel M\u00fcd\u00fcr\u00fc Talat Postac\u0131 ile birlikte yang\u0131n g\u00f6zetleme noktas\u0131n\u0131 ziyaret etti. Kula Kaymakam\u0131 \u00d6zer Ahmet \u00d6zdemir, Kula Belediye Ba\u015fkan\u0131 Hikmet D\u00f6nmez ve AFAD yetkilileriyle yang\u0131n\u0131n seyri ve riskler hakk\u0131nda kapsaml\u0131 bir g\u00f6r\u00fc\u015fme yapt\u0131. Yang\u0131n g\u00f6zetleme noktas\u0131ndan \u00e7al\u0131\u015fmalar\u0131 anl\u0131k takip eden Dutlulu, al\u0131nan tedbirlerin etkili oldu\u011funu ve yang\u0131n\u0131n kontrol alt\u0131na al\u0131nmaya \u00e7al\u0131\u015f\u0131ld\u0131\u011f\u0131n\u0131 belirtti. \u201cManisa\u2019m\u0131z zor bir s\u0131nav veriyor\u201d diyen Dutlulu, \u201cG\u00fcnlerdir uyumadan, cesaretle m\u00fccadele eden itfaiyecilerimize ve t\u00fcm ekiplere te\u015fekk\u00fcr ediyorum. Belediyemiz, t\u00fcm imkanlar\u0131yla sahada, kamu kurumlar\u0131 ve il\u00e7elerimizle tam koordinasyon halinde \u00e7al\u0131\u015f\u0131yor\u201d &hellip;\" \/>\n<meta property=\"og:url\" content=\"https:\/\/denizcankizil.tr\/de\/haberler\/gundem\/manisada-orman-yanginlariyla-mucadele-suruyor-baskan-dutlulu-sahada\/\" \/>\n<meta property=\"og:site_name\" content=\"Av. Deniz Can K\u0131z\u0131l\" \/>\n<meta property=\"article:published_time\" content=\"2025-07-01T18:42:33+00:00\" \/>\n<meta name=\"author\" content=\"admin\" \/>\n<meta name=\"twitter:card\" content=\"summary_large_image\" \/>\n<meta name=\"twitter:label1\" content=\"Verfasst von\" \/>\n\t<meta name=\"twitter:data1\" content=\"admin\" \/>\n\t<meta name=\"twitter:label2\" content=\"Gesch\u00e4tzte Lesezeit\" \/>\n\t<meta name=\"twitter:data2\" content=\"3\u00a0Minuten\" \/>\n<script type=\"application\/ld+json\" class=\"yoast-schema-graph\">{\"@context\":\"https:\/\/schema.org\",\"@graph\":[{\"@type\":\"Article\",\"@id\":\"https:\/\/denizcankizil.tr\/de\/haberler\/gundem\/manisada-orman-yanginlariyla-mucadele-suruyor-baskan-dutlulu-sahada\/#article\",\"isPartOf\":{\"@id\":\"https:\/\/denizcankizil.tr\/de\/haberler\/gundem\/manisada-orman-yanginlariyla-mucadele-suruyor-baskan-dutlulu-sahada\/\"},\"author\":{\"name\":\"admin\",\"@id\":\"https:\/\/denizcankizil.tr\/de\/#\/schema\/person\/be3c05fe6a12686905512445d8185489\"},\"headline\":\"Manisa\u2019da orman yang\u0131nlar\u0131yla m\u00fccadele s\u00fcr\u00fcyor&#8230; Ba\u015fkan Dutlulu sahada\",\"datePublished\":\"2025-07-01T18:42:33+00:00\",\"mainEntityOfPage\":{\"@id\":\"https:\/\/denizcankizil.tr\/de\/haberler\/gundem\/manisada-orman-yanginlariyla-mucadele-suruyor-baskan-dutlulu-sahada\/\"},\"wordCount\":695,\"publisher\":{\"@id\":\"https:\/\/denizcankizil.tr\/de\/#organization\"},\"articleSection\":[\"G\u00fcndem\"],\"inLanguage\":\"de\"},{\"@type\":\"WebPage\",\"@id\":\"https:\/\/denizcankizil.tr\/de\/haberler\/gundem\/manisada-orman-yanginlariyla-mucadele-suruyor-baskan-dutlulu-sahada\/\",\"url\":\"https:\/\/denizcankizil.tr\/de\/haberler\/gundem\/manisada-orman-yanginlariyla-mucadele-suruyor-baskan-dutlulu-sahada\/\",\"name\":\"Manisa\u2019da orman yang\u0131nlar\u0131yla m\u00fccadele s\u00fcr\u00fcyor... Ba\u015fkan Dutlulu sahada - Av. Deniz Can K\u0131z\u0131l\",\"isPartOf\":{\"@id\":\"https:\/\/denizcankizil.tr\/de\/#website\"},\"datePublished\":\"2025-07-01T18:42:33+00:00\",\"breadcrumb\":{\"@id\":\"https:\/\/denizcankizil.tr\/de\/haberler\/gundem\/manisada-orman-yanginlariyla-mucadele-suruyor-baskan-dutlulu-sahada\/#breadcrumb\"},\"inLanguage\":\"de\",\"potentialAction\":[{\"@type\":\"ReadAction\",\"target\":[\"https:\/\/denizcankizil.tr\/de\/haberler\/gundem\/manisada-orman-yanginlariyla-mucadele-suruyor-baskan-dutlulu-sahada\/\"]}]},{\"@type\":\"BreadcrumbList\",\"@id\":\"https:\/\/denizcankizil.tr\/de\/haberler\/gundem\/manisada-orman-yanginlariyla-mucadele-suruyor-baskan-dutlulu-sahada\/#breadcrumb\",\"itemListElement\":[{\"@type\":\"ListItem\",\"position\":1,\"name\":\"Home\",\"item\":\"https:\/\/denizcankizil.tr\/de\/\"},{\"@type\":\"ListItem\",\"position\":2,\"name\":\"Manisa\u2019da orman yang\u0131nlar\u0131yla m\u00fccadele s\u00fcr\u00fcyor&#8230; Ba\u015fkan Dutlulu sahada\"}]},{\"@type\":\"WebSite\",\"@id\":\"https:\/\/denizcankizil.tr\/de\/#website\",\"url\":\"https:\/\/denizcankizil.tr\/de\/\",\"name\":\"Av. Deniz Can K\u0131z\u0131l\",\"description\":\"Avukat Deniz Can K\u0131z\u0131l Antalya Barosu\",\"publisher\":{\"@id\":\"https:\/\/denizcankizil.tr\/de\/#organization\"},\"potentialAction\":[{\"@type\":\"SearchAction\",\"target\":{\"@type\":\"EntryPoint\",\"urlTemplate\":\"https:\/\/denizcankizil.tr\/de\/?s={search_term_string}\"},\"query-input\":{\"@type\":\"PropertyValueSpecification\",\"valueRequired\":true,\"valueName\":\"search_term_string\"}}],\"inLanguage\":\"de\"},{\"@type\":\"Organization\",\"@id\":\"https:\/\/denizcankizil.tr\/de\/#organization\",\"name\":\"Av. Deniz Can K\u0131z\u0131l\",\"url\":\"https:\/\/denizcankizil.tr\/de\/\",\"logo\":{\"@type\":\"ImageObject\",\"inLanguage\":\"de\",\"@id\":\"https:\/\/denizcankizil.tr\/de\/#\/schema\/logo\/image\/\",\"url\":\"https:\/\/denizcankizil.tr\/wp-content\/uploads\/2024\/10\/siyah-logo-svg.svg\",\"contentUrl\":\"https:\/\/denizcankizil.tr\/wp-content\/uploads\/2024\/10\/siyah-logo-svg.svg\",\"width\":1080,\"height\":1080,\"caption\":\"Av. Deniz Can K\u0131z\u0131l\"},\"image\":{\"@id\":\"https:\/\/denizcankizil.tr\/de\/#\/schema\/logo\/image\/\"}},{\"@type\":\"Person\",\"@id\":\"https:\/\/denizcankizil.tr\/de\/#\/schema\/person\/be3c05fe6a12686905512445d8185489\",\"name\":\"admin\",\"image\":{\"@type\":\"ImageObject\",\"inLanguage\":\"de\",\"@id\":\"https:\/\/denizcankizil.tr\/de\/#\/schema\/person\/image\/\",\"url\":\"https:\/\/secure.gravatar.com\/avatar\/c1fce94c830dc79107e174f890d7210541c4a63e8e5d816341794a2151c9d58c?s=96&d=mm&r=g\",\"contentUrl\":\"https:\/\/secure.gravatar.com\/avatar\/c1fce94c830dc79107e174f890d7210541c4a63e8e5d816341794a2151c9d58c?s=96&d=mm&r=g\",\"caption\":\"admin\"},\"sameAs\":[\"http:\/\/denizcankizil.tr\"],\"url\":\"https:\/\/www.iskenderun.org\/manisada-orman-yanginlariyla-mucadele-suruyor-baskan-dutlulu-sahada\"}]}<\/script>\n<!-- \/ Yoast SEO Premium plugin. -->","yoast_head_json":{"title":"Manisa\u2019da orman yang\u0131nlar\u0131yla m\u00fccadele s\u00fcr\u00fcyor... Ba\u015fkan Dutlulu sahada - Av. Deniz Can K\u0131z\u0131l","robots":{"index":"index","follow":"follow","max-snippet":"max-snippet:-1","max-image-preview":"max-image-preview:large","max-video-preview":"max-video-preview:-1"},"canonical":"https:\/\/denizcankizil.tr\/de\/haberler\/gundem\/manisada-orman-yanginlariyla-mucadele-suruyor-baskan-dutlulu-sahada\/","og_locale":"de_DE","og_type":"article","og_title":"Manisa\u2019da orman yang\u0131nlar\u0131yla m\u00fccadele s\u00fcr\u00fcyor... Ba\u015fkan Dutlulu sahada","og_description":"Manisa B\u00fcy\u00fck\u015fehir Belediye Ba\u015fkan\u0131 Besim Dutlulu, Ahmetli ve Kula\u2019daki orman yang\u0131nlar\u0131yla m\u00fccadele \u00e7al\u0131\u015fmalar\u0131n\u0131 yerinde inceleyerek, fedak\u00e2rca \u00e7al\u0131\u015fan ekiplere te\u015fekk\u00fcr etti ve yaralar\u0131 birlikte sarma s\u00f6z\u00fc verdi.MAN\u0130SA (\u0130GFA) &#8211; Manisa B\u00fcy\u00fck\u015fehir Belediye Ba\u015fkan\u0131 Besim Dutlulu, Ahmetli ve Kula il\u00e7elerinde devam eden orman yang\u0131nlar\u0131yla m\u00fccadele \u00e7al\u0131\u015fmalar\u0131n\u0131 yak\u0131ndan takip etti. Yang\u0131n b\u00f6lgelerinde itfaiye ekipleri ve yetkililerle bir araya gelen Ba\u015fkan Dutlulu, s\u00f6nd\u00fcrme faaliyetleri hakk\u0131nda bilgi ald\u0131 ve ekiplerin \u00f6zverili \u00e7al\u0131\u015fmalar\u0131na te\u015fekk\u00fcr etti. \u0130lk olarak Ahmetli\u2019ye giden Dutlulu, B\u00fcy\u00fck\u015fehir Belediyesi \u0130tfaiye Dairesi Ba\u015fkan\u0131 G\u00fcrhan \u0130nal\u2019dan yang\u0131n\u0131n durumu hakk\u0131nda bilgi ald\u0131. Burada Ahmetli Belediye Ba\u015fkan\u0131 Fuat Minta\u015f ile g\u00f6r\u00fc\u015ferek yang\u0131ndan etkilenen mahalleler i\u00e7in de\u011ferlendirmelerde bulundu. Daha sonra Kula\u2019ya ge\u00e7en Dutlulu, B\u00fcy\u00fck\u015fehir Belediyesi Genel Sekreteri Burak Deste, Genel Sekreter Yard\u0131mc\u0131s\u0131 Ali K\u0131l\u0131\u00e7 ve MASK\u0130 Genel M\u00fcd\u00fcr\u00fc Talat Postac\u0131 ile birlikte yang\u0131n g\u00f6zetleme noktas\u0131n\u0131 ziyaret etti. Kula Kaymakam\u0131 \u00d6zer Ahmet \u00d6zdemir, Kula Belediye Ba\u015fkan\u0131 Hikmet D\u00f6nmez ve AFAD yetkilileriyle yang\u0131n\u0131n seyri ve riskler hakk\u0131nda kapsaml\u0131 bir g\u00f6r\u00fc\u015fme yapt\u0131. Yang\u0131n g\u00f6zetleme noktas\u0131ndan \u00e7al\u0131\u015fmalar\u0131 anl\u0131k takip eden Dutlulu, al\u0131nan tedbirlerin etkili oldu\u011funu ve yang\u0131n\u0131n kontrol alt\u0131na al\u0131nmaya \u00e7al\u0131\u015f\u0131ld\u0131\u011f\u0131n\u0131 belirtti. \u201cManisa\u2019m\u0131z zor bir s\u0131nav veriyor\u201d diyen Dutlulu, \u201cG\u00fcnlerdir uyumadan, cesaretle m\u00fccadele eden itfaiyecilerimize ve t\u00fcm ekiplere te\u015fekk\u00fcr ediyorum. Belediyemiz, t\u00fcm imkanlar\u0131yla sahada, kamu kurumlar\u0131 ve il\u00e7elerimizle tam koordinasyon halinde \u00e7al\u0131\u015f\u0131yor\u201d &hellip;","og_url":"https:\/\/denizcankizil.tr\/de\/haberler\/gundem\/manisada-orman-yanginlariyla-mucadele-suruyor-baskan-dutlulu-sahada\/","og_site_name":"Av. Deniz Can K\u0131z\u0131l","article_published_time":"2025-07-01T18:42:33+00:00","author":"admin","twitter_card":"summary_large_image","twitter_misc":{"Verfasst von":"admin","Gesch\u00e4tzte Lesezeit":"3\u00a0Minuten"},"schema":{"@context":"https:\/\/schema.org","@graph":[{"@type":"Article","@id":"https:\/\/denizcankizil.tr\/de\/haberler\/gundem\/manisada-orman-yanginlariyla-mucadele-suruyor-baskan-dutlulu-sahada\/#article","isPartOf":{"@id":"https:\/\/denizcankizil.tr\/de\/haberler\/gundem\/manisada-orman-yanginlariyla-mucadele-suruyor-baskan-dutlulu-sahada\/"},"author":{"name":"admin","@id":"https:\/\/denizcankizil.tr\/de\/#\/schema\/person\/be3c05fe6a12686905512445d8185489"},"headline":"Manisa\u2019da orman yang\u0131nlar\u0131yla m\u00fccadele s\u00fcr\u00fcyor&#8230; Ba\u015fkan Dutlulu sahada","datePublished":"2025-07-01T18:42:33+00:00","mainEntityOfPage":{"@id":"https:\/\/denizcankizil.tr\/de\/haberler\/gundem\/manisada-orman-yanginlariyla-mucadele-suruyor-baskan-dutlulu-sahada\/"},"wordCount":695,"publisher":{"@id":"https:\/\/denizcankizil.tr\/de\/#organization"},"articleSection":["G\u00fcndem"],"inLanguage":"de"},{"@type":"WebPage","@id":"https:\/\/denizcankizil.tr\/de\/haberler\/gundem\/manisada-orman-yanginlariyla-mucadele-suruyor-baskan-dutlulu-sahada\/","url":"https:\/\/denizcankizil.tr\/de\/haberler\/gundem\/manisada-orman-yanginlariyla-mucadele-suruyor-baskan-dutlulu-sahada\/","name":"Manisa\u2019da orman yang\u0131nlar\u0131yla m\u00fccadele s\u00fcr\u00fcyor... Ba\u015fkan Dutlulu sahada - Av. Deniz Can K\u0131z\u0131l","isPartOf":{"@id":"https:\/\/denizcankizil.tr\/de\/#website"},"datePublished":"2025-07-01T18:42:33+00:00","breadcrumb":{"@id":"https:\/\/denizcankizil.tr\/de\/haberler\/gundem\/manisada-orman-yanginlariyla-mucadele-suruyor-baskan-dutlulu-sahada\/#breadcrumb"},"inLanguage":"de","potentialAction":[{"@type":"ReadAction","target":["https:\/\/denizcankizil.tr\/de\/haberler\/gundem\/manisada-orman-yanginlariyla-mucadele-suruyor-baskan-dutlulu-sahada\/"]}]},{"@type":"BreadcrumbList","@id":"https:\/\/denizcankizil.tr\/de\/haberler\/gundem\/manisada-orman-yanginlariyla-mucadele-suruyor-baskan-dutlulu-sahada\/#breadcrumb","itemListElement":[{"@type":"ListItem","position":1,"name":"Home","item":"https:\/\/denizcankizil.tr\/de\/"},{"@type":"ListItem","position":2,"name":"Manisa\u2019da orman yang\u0131nlar\u0131yla m\u00fccadele s\u00fcr\u00fcyor&#8230; Ba\u015fkan Dutlulu sahada"}]},{"@type":"WebSite","@id":"https:\/\/denizcankizil.tr\/de\/#website","url":"https:\/\/denizcankizil.tr\/de\/","name":"Av. Deniz Can K\u0131z\u0131l","description":"Avukat Deniz Can K\u0131z\u0131l Antalya Barosu","publisher":{"@id":"https:\/\/denizcankizil.tr\/de\/#organization"},"potentialAction":[{"@type":"SearchAction","target":{"@type":"EntryPoint","urlTemplate":"https:\/\/denizcankizil.tr\/de\/?s={search_term_string}"},"query-input":{"@type":"PropertyValueSpecification","valueRequired":true,"valueName":"search_term_string"}}],"inLanguage":"de"},{"@type":"Organization","@id":"https:\/\/denizcankizil.tr\/de\/#organization","name":"Av. Deniz Can K\u0131z\u0131l","url":"https:\/\/denizcankizil.tr\/de\/","logo":{"@type":"ImageObject","inLanguage":"de","@id":"https:\/\/denizcankizil.tr\/de\/#\/schema\/logo\/image\/","url":"https:\/\/denizcankizil.tr\/wp-content\/uploads\/2024\/10\/siyah-logo-svg.svg","contentUrl":"https:\/\/denizcankizil.tr\/wp-content\/uploads\/2024\/10\/siyah-logo-svg.svg","width":1080,"height":1080,"caption":"Av. Deniz Can K\u0131z\u0131l"},"image":{"@id":"https:\/\/denizcankizil.tr\/de\/#\/schema\/logo\/image\/"}},{"@type":"Person","@id":"https:\/\/denizcankizil.tr\/de\/#\/schema\/person\/be3c05fe6a12686905512445d8185489","name":"Administrator","image":{"@type":"ImageObject","inLanguage":"de","@id":"https:\/\/denizcankizil.tr\/de\/#\/schema\/person\/image\/","url":"https:\/\/secure.gravatar.com\/avatar\/c1fce94c830dc79107e174f890d7210541c4a63e8e5d816341794a2151c9d58c?s=96&d=mm&r=g","contentUrl":"https:\/\/secure.gravatar.com\/avatar\/c1fce94c830dc79107e174f890d7210541c4a63e8e5d816341794a2151c9d58c?s=96&d=mm&r=g","caption":"admin"},"sameAs":["http:\/\/denizcankizil.tr"],"url":"https:\/\/www.iskenderun.org\/manisada-orman-yanginlariyla-mucadele-suruyor-baskan-dutlulu-sahada"}]}},"_links":{"self":[{"href":"https:\/\/denizcankizil.tr\/de\/wp-json\/wp\/v2\/posts\/132843","targetHints":{"allow":["GET"]}}],"collection":[{"href":"https:\/\/denizcankizil.tr\/de\/wp-json\/wp\/v2\/posts"}],"about":[{"href":"https:\/\/denizcankizil.tr\/de\/wp-json\/wp\/v2\/types\/post"}],"author":[{"embeddable":true,"href":"https:\/\/denizcankizil.tr\/de\/wp-json\/wp\/v2\/users\/1"}],"replies":[{"embeddable":true,"href":"https:\/\/denizcankizil.tr\/de\/wp-json\/wp\/v2\/comments?post=132843"}],"version-history":[{"count":0,"href":"https:\/\/denizcankizil.tr\/de\/wp-json\/wp\/v2\/posts\/132843\/revisions"}],"wp:attachment":[{"href":"https:\/\/denizcankizil.tr\/de\/wp-json\/wp\/v2\/media?parent=132843"}],"wp:term":[{"taxonomy":"category","embeddable":true,"href":"https:\/\/denizcankizil.tr\/de\/wp-json\/wp\/v2\/categories?post=132843"},{"taxonomy":"post_tag","embeddable":true,"href":"https:\/\/denizcankizil.tr\/de\/wp-json\/wp\/v2\/tags?post=132843"}],"curies":[{"name":"wp","href":"https:\/\/api.w.org\/{rel}","templated":true}]}}