{"id":132427,"date":"2025-07-01T13:41:23","date_gmt":"2025-07-01T10:41:23","guid":{"rendered":"https:\/\/denizcankizil.tr\/uncategorized-tr\/kepezde-alevileri-sevindirecek-karar-mecliste-baskan-kocagoze-yetki-istenecek\/"},"modified":"2025-07-01T13:41:23","modified_gmt":"2025-07-01T10:41:23","slug":"kepezde-alevileri-sevindirecek-karar-mecliste-baskan-kocagoze-yetki-istenecek","status":"publish","type":"post","link":"https:\/\/denizcankizil.tr\/de\/haberler\/gundem\/kepezde-alevileri-sevindirecek-karar-mecliste-baskan-kocagoze-yetki-istenecek\/","title":{"rendered":"Kepez\u2019de Alevileri sevindirecek karar! Mecliste Ba\u015fkan Kocag\u00f6z\u2019e yetki istenecek"},"content":{"rendered":"<p>Antalya Kepez Belediyesi temmuz meclis toplant\u0131s\u0131 yar\u0131n Belediye Ba\u015fkan\u0131 Mesut Kocag\u00f6z ba\u015fkanl\u0131\u011f\u0131nda belediye hizmet binas\u0131nda yap\u0131lacak. Mecliste il\u00e7enin imar ve toplumsal hayat\u0131n\u0131 yak\u0131ndan ilgilendiren g\u00fcndem maddeleri g\u00f6r\u00fc\u015f\u00fclecek. Mecliste 22 g\u00fcndem maddesi ele al\u0131nacak. Maddeler aras\u0131nda en dikkat \u00e7eken ise Fevzi \u00c7akmak Mahallesi\u2019nde hayata ge\u00e7irilecek olan Alevi Bekta\u015fi K\u00fclt\u00fcr ve Cemevi Merkezi ve Sosyal Tesis Alan\u0131 oldu.<\/p>\n<p>MECL\u0130S TOPLANIYOR<\/p>\n<p>Kepez Belediye Meclisi Temmuz meclis toplant\u0131s\u0131, yaz\u0131l\u0131 g\u00fcndem maddelerini g\u00f6r\u00fc\u015fmek \u00fczere per\u015fembe g\u00fcn\u00fc saat 14.00\u2019te, Ye\u015fil\u0131rmak Caddesi \u00fczerinde bulunan hizmet binas\u0131ndaki meclis toplant\u0131 salonunda yap\u0131lacak. Mecliste ilk olarak Belediye Kanunu\u2019nun 22\u2019nci maddesinin 6\u2019nc\u0131 f\u0131kras\u0131 ile Belediye Meclisi \u00c7al\u0131\u015fma Y\u00f6netmeli\u011finin 11\u2019nci maddesi gere\u011fi bir \u00f6nceki ay ayl\u0131k ola\u011fan meclis toplant\u0131s\u0131nda al\u0131nan kararlar\u0131n (Haziran\/2025) g\u00f6r\u00fc\u015f\u00fclmesi ve oylanmas\u0131 yap\u0131lacak.<\/p>\n<p>GEL\u0130R TAR\u0130FES\u0130NDE G\u00dcNCELLEME<\/p>\n<p>Antalya K\u00f6rfez Gazetesi muhabiri Ertu\u011frul G\u00fcn&#8217;\u00fcn haberine g\u00f6re; Kentsel Tasar\u0131m M\u00fcd\u00fcrl\u00fc\u011f\u00fc ile Bas\u0131n Yay\u0131n ve Halkla \u0130li\u015fkiler M\u00fcd\u00fcrl\u00fc\u011f\u00fcn\u00fcn 2025 y\u0131l\u0131 gelir tarifesinde gerekli g\u00fcncelleme yap\u0131lmas\u0131 ele al\u0131nacak. K\u00fclt\u00fcr ve Sosyal \u0130\u015fler M\u00fcd\u00fcrl\u00fc\u011f\u00fcn\u00fcn 2025 y\u0131l\u0131 gelir tarifesinde gerekli g\u00fcncellemeler karara ba\u011flanacak.<\/p>\n<p>10 AYRI \u015eARJ \u0130STASYONU<\/p>\n<p>Varsak Demirel Mahallesi Olimpik Y\u00fczme Havuzu, Fabrikalar Mahallesi Bal\u0131k Pazar\u0131, Fabrikalar Mahallesi Dokuma Park\u0131, Yeni Emek Mahallesi Erdem Beyaz\u0131t K\u00fclt\u00fcr Merkezi, Ahatl\u0131 Mahallesi Hasta Yak\u0131nlar\u0131 Konuk Evi, Teomanpa\u015fa Mahallesi Belediye Hizmet Binas\u0131, Duac\u0131 Mahallesi Kepez Kent Orman\u0131, Fatih Mahallesi Park Fantastik Alan\u0131 ve G\u00fcndo\u011fdu Mahallesi Turgut \u00d6zal Kapal\u0131 Spor Salonu olmak \u00fczere toplam 10 ayr\u0131 noktada uygun olan enerjiye g\u00f6re belirlenecek g\u00fc\u00e7te ara\u00e7 \u015farj istasyonu kurulacak. Bahse konu \u015farj istasyonu yerlerinin kiralanabilmesi i\u00e7in 2886 say\u0131l\u0131 Devlet \u0130hale Kanunu\u2019nun 64. maddesine istinaden 10 y\u0131la kadar kiraya verilmesi ele al\u0131nacak.<\/p>\n<p>OT\u0130ZML\u0130 B\u0130REYLER UNUTULMADI<\/p>\n<p>Otizmli bireyler hakk\u0131nda toplumu bilin\u00e7lendirmek, ya\u015fam\u0131n her noktas\u0131nda otizmli bireyler i\u00e7in mevcut engelleri kald\u0131rmak, otizmli bireylerin sosyal hayata dahil olmalar\u0131n\u0131 sa\u011flamak ve toplumda fark\u0131ndal\u0131k olu\u015fturmak amac\u0131yla Kepez Belediyesi ve Akdeniz Otizm Derne\u011fi aras\u0131nda i\u015f birli\u011fi protokol\u00fc yap\u0131lacak. Protokol yap\u0131labilmesi i\u00e7in Ba\u015fkan Mesut Kocag\u00f6z ad\u0131na yetki istenecek.<\/p>\n<p>ALEV\u0130LER\u0130 SEV\u0130ND\u0130RECEK KARAR<\/p>\n<p>G\u00fcndemin en \u00f6nemli maddesi ise Kepez Belediyesine ait Fevzi \u00c7akmak Mahallesi 27620 ada 4 parsele ait d\u00fczenleme olacak. \u0130lgili parsel Alevi Bekta\u015fi K\u00fclt\u00fcr ve Cemevi Merkezi ve Sosyal Tesis Alan\u0131 yap\u0131lmak \u00fczere 25 y\u0131l s\u00fcre ile Antalya Valili\u011fi\u2019ne tahsis edilmesi istenilecek. \u0130lgili tahsis i\u015flemlerini y\u00fcr\u00fctmek i\u00e7in Ba\u015fkan Mesut Kocag\u00f6z\u2019e yetki talep edilecek.<\/p>\n<p>\u200bKepez Belediyesinin per\u015fembe g\u00fcn\u00fc toplanacak belediye meclisinde Alevi vatanda\u015flar\u0131 yak\u0131ndan ilgilendiren bir karar al\u0131nacak. Bu \u00f6nemli g\u00fcndem maddesi i\u00e7in Kepez Belediye Ba\u015fkan\u0131 Mesut Kocag\u00f6z ad\u0131na yetki istenecek.\u00a0<\/p>\n<p>\u200bHaberin Al\u0131nt\u0131land\u0131\u011f\u0131 Kaynak: www.antalyakorfez.com<\/p>","protected":false},"excerpt":{"rendered":"<p>Antalya Kepez Belediyesi temmuz meclis toplant\u0131s\u0131 yar\u0131n Belediye Ba\u015fkan\u0131 Mesut Kocag\u00f6z ba\u015fkanl\u0131\u011f\u0131nda belediye hizmet binas\u0131nda yap\u0131lacak. Mecliste il\u00e7enin imar ve toplumsal hayat\u0131n\u0131 yak\u0131ndan ilgilendiren g\u00fcndem maddeleri g\u00f6r\u00fc\u015f\u00fclecek. Mecliste 22 g\u00fcndem maddesi ele al\u0131nacak. Maddeler aras\u0131nda en dikkat \u00e7eken ise Fevzi \u00c7akmak Mahallesi\u2019nde hayata ge\u00e7irilecek olan Alevi Bekta\u015fi K\u00fclt\u00fcr ve Cemevi Merkezi ve Sosyal Tesis Alan\u0131 oldu. MECL\u0130S TOPLANIYOR Kepez Belediye Meclisi Temmuz meclis toplant\u0131s\u0131, yaz\u0131l\u0131 g\u00fcndem maddelerini g\u00f6r\u00fc\u015fmek \u00fczere per\u015fembe g\u00fcn\u00fc saat 14.00\u2019te, Ye\u015fil\u0131rmak Caddesi \u00fczerinde bulunan hizmet binas\u0131ndaki meclis toplant\u0131 salonunda yap\u0131lacak. Mecliste ilk olarak Belediye Kanunu\u2019nun 22\u2019nci maddesinin 6\u2019nc\u0131 f\u0131kras\u0131 ile Belediye Meclisi \u00c7al\u0131\u015fma Y\u00f6netmeli\u011finin 11\u2019nci maddesi gere\u011fi bir \u00f6nceki ay ayl\u0131k ola\u011fan meclis toplant\u0131s\u0131nda al\u0131nan kararlar\u0131n (Haziran\/2025) g\u00f6r\u00fc\u015f\u00fclmesi ve oylanmas\u0131 yap\u0131lacak. GEL\u0130R TAR\u0130FES\u0130NDE G\u00dcNCELLEME Antalya K\u00f6rfez Gazetesi muhabiri Ertu\u011frul G\u00fcn&#8217;\u00fcn haberine g\u00f6re; Kentsel Tasar\u0131m M\u00fcd\u00fcrl\u00fc\u011f\u00fc ile Bas\u0131n Yay\u0131n ve Halkla \u0130li\u015fkiler M\u00fcd\u00fcrl\u00fc\u011f\u00fcn\u00fcn 2025 y\u0131l\u0131 gelir tarifesinde gerekli g\u00fcncelleme yap\u0131lmas\u0131 ele al\u0131nacak. K\u00fclt\u00fcr ve Sosyal \u0130\u015fler M\u00fcd\u00fcrl\u00fc\u011f\u00fcn\u00fcn 2025 y\u0131l\u0131 gelir tarifesinde gerekli g\u00fcncellemeler karara ba\u011flanacak. 10 AYRI \u015eARJ \u0130STASYONU Varsak Demirel Mahallesi Olimpik Y\u00fczme Havuzu, Fabrikalar Mahallesi Bal\u0131k Pazar\u0131, Fabrikalar Mahallesi Dokuma Park\u0131, Yeni Emek Mahallesi Erdem Beyaz\u0131t K\u00fclt\u00fcr Merkezi, Ahatl\u0131 Mahallesi Hasta Yak\u0131nlar\u0131 Konuk Evi, Teomanpa\u015fa Mahallesi Belediye Hizmet Binas\u0131, Duac\u0131 Mahallesi Kepez Kent Orman\u0131, Fatih Mahallesi &hellip;<\/p>","protected":false},"author":5,"featured_media":0,"comment_status":"","ping_status":"open","sticky":false,"template":"","format":"standard","meta":{"_acf_changed":false,"footnotes":""},"categories":[24],"tags":[],"class_list":["post-132427","post","type-post","status-publish","format-standard","has-post-thumbnail","hentry","category-gundem"],"acf":[],"yoast_head":"<!-- This site is optimized with the Yoast SEO Premium plugin v26.6 (Yoast SEO v27.1.1) - https:\/\/yoast.com\/product\/yoast-seo-premium-wordpress\/ -->\n<title>Kepez\u2019de Alevileri sevindirecek karar! Mecliste Ba\u015fkan Kocag\u00f6z\u2019e yetki istenecek - Av. Deniz Can K\u0131z\u0131l<\/title>\n<meta name=\"robots\" content=\"index, follow, max-snippet:-1, max-image-preview:large, max-video-preview:-1\" \/>\n<link rel=\"canonical\" href=\"https:\/\/denizcankizil.tr\/de\/haberler\/gundem\/kepezde-alevileri-sevindirecek-karar-mecliste-baskan-kocagoze-yetki-istenecek\/\" \/>\n<meta property=\"og:locale\" content=\"de_DE\" \/>\n<meta property=\"og:type\" content=\"article\" \/>\n<meta property=\"og:title\" content=\"Kepez\u2019de Alevileri sevindirecek karar! Mecliste Ba\u015fkan Kocag\u00f6z\u2019e yetki istenecek\" \/>\n<meta property=\"og:description\" content=\"Antalya Kepez Belediyesi temmuz meclis toplant\u0131s\u0131 yar\u0131n Belediye Ba\u015fkan\u0131 Mesut Kocag\u00f6z ba\u015fkanl\u0131\u011f\u0131nda belediye hizmet binas\u0131nda yap\u0131lacak. Mecliste il\u00e7enin imar ve toplumsal hayat\u0131n\u0131 yak\u0131ndan ilgilendiren g\u00fcndem maddeleri g\u00f6r\u00fc\u015f\u00fclecek. Mecliste 22 g\u00fcndem maddesi ele al\u0131nacak. Maddeler aras\u0131nda en dikkat \u00e7eken ise Fevzi \u00c7akmak Mahallesi\u2019nde hayata ge\u00e7irilecek olan Alevi Bekta\u015fi K\u00fclt\u00fcr ve Cemevi Merkezi ve Sosyal Tesis Alan\u0131 oldu. MECL\u0130S TOPLANIYOR Kepez Belediye Meclisi Temmuz meclis toplant\u0131s\u0131, yaz\u0131l\u0131 g\u00fcndem maddelerini g\u00f6r\u00fc\u015fmek \u00fczere per\u015fembe g\u00fcn\u00fc saat 14.00\u2019te, Ye\u015fil\u0131rmak Caddesi \u00fczerinde bulunan hizmet binas\u0131ndaki meclis toplant\u0131 salonunda yap\u0131lacak. Mecliste ilk olarak Belediye Kanunu\u2019nun 22\u2019nci maddesinin 6\u2019nc\u0131 f\u0131kras\u0131 ile Belediye Meclisi \u00c7al\u0131\u015fma Y\u00f6netmeli\u011finin 11\u2019nci maddesi gere\u011fi bir \u00f6nceki ay ayl\u0131k ola\u011fan meclis toplant\u0131s\u0131nda al\u0131nan kararlar\u0131n (Haziran\/2025) g\u00f6r\u00fc\u015f\u00fclmesi ve oylanmas\u0131 yap\u0131lacak. GEL\u0130R TAR\u0130FES\u0130NDE G\u00dcNCELLEME Antalya K\u00f6rfez Gazetesi muhabiri Ertu\u011frul G\u00fcn&#8217;\u00fcn haberine g\u00f6re; Kentsel Tasar\u0131m M\u00fcd\u00fcrl\u00fc\u011f\u00fc ile Bas\u0131n Yay\u0131n ve Halkla \u0130li\u015fkiler M\u00fcd\u00fcrl\u00fc\u011f\u00fcn\u00fcn 2025 y\u0131l\u0131 gelir tarifesinde gerekli g\u00fcncelleme yap\u0131lmas\u0131 ele al\u0131nacak. K\u00fclt\u00fcr ve Sosyal \u0130\u015fler M\u00fcd\u00fcrl\u00fc\u011f\u00fcn\u00fcn 2025 y\u0131l\u0131 gelir tarifesinde gerekli g\u00fcncellemeler karara ba\u011flanacak. 10 AYRI \u015eARJ \u0130STASYONU Varsak Demirel Mahallesi Olimpik Y\u00fczme Havuzu, Fabrikalar Mahallesi Bal\u0131k Pazar\u0131, Fabrikalar Mahallesi Dokuma Park\u0131, Yeni Emek Mahallesi Erdem Beyaz\u0131t K\u00fclt\u00fcr Merkezi, Ahatl\u0131 Mahallesi Hasta Yak\u0131nlar\u0131 Konuk Evi, Teomanpa\u015fa Mahallesi Belediye Hizmet Binas\u0131, Duac\u0131 Mahallesi Kepez Kent Orman\u0131, Fatih Mahallesi &hellip;\" \/>\n<meta property=\"og:url\" content=\"https:\/\/denizcankizil.tr\/de\/haberler\/gundem\/kepezde-alevileri-sevindirecek-karar-mecliste-baskan-kocagoze-yetki-istenecek\/\" \/>\n<meta property=\"og:site_name\" content=\"Av. Deniz Can K\u0131z\u0131l\" \/>\n<meta property=\"article:published_time\" content=\"2025-07-01T10:41:23+00:00\" \/>\n<meta name=\"author\" content=\"Antalya K\u00f6rfez\" \/>\n<meta name=\"twitter:card\" content=\"summary_large_image\" \/>\n<meta name=\"twitter:label1\" content=\"Verfasst von\" \/>\n\t<meta name=\"twitter:data1\" content=\"Antalya K\u00f6rfez\" \/>\n\t<meta name=\"twitter:label2\" content=\"Gesch\u00e4tzte Lesezeit\" \/>\n\t<meta name=\"twitter:data2\" content=\"3\u00a0Minuten\" \/>\n<script type=\"application\/ld+json\" class=\"yoast-schema-graph\">{\"@context\":\"https:\/\/schema.org\",\"@graph\":[{\"@type\":\"Article\",\"@id\":\"https:\/\/denizcankizil.tr\/de\/haberler\/gundem\/kepezde-alevileri-sevindirecek-karar-mecliste-baskan-kocagoze-yetki-istenecek\/#article\",\"isPartOf\":{\"@id\":\"https:\/\/denizcankizil.tr\/de\/haberler\/gundem\/kepezde-alevileri-sevindirecek-karar-mecliste-baskan-kocagoze-yetki-istenecek\/\"},\"author\":{\"name\":\"Antalya K\u00f6rfez\",\"@id\":\"https:\/\/denizcankizil.tr\/de\/#\/schema\/person\/e1eb71bb4dd684d46563f0af307e1234\"},\"headline\":\"Kepez\u2019de Alevileri sevindirecek karar! Mecliste Ba\u015fkan Kocag\u00f6z\u2019e yetki istenecek\",\"datePublished\":\"2025-07-01T10:41:23+00:00\",\"mainEntityOfPage\":{\"@id\":\"https:\/\/denizcankizil.tr\/de\/haberler\/gundem\/kepezde-alevileri-sevindirecek-karar-mecliste-baskan-kocagoze-yetki-istenecek\/\"},\"wordCount\":541,\"publisher\":{\"@id\":\"https:\/\/denizcankizil.tr\/de\/#organization\"},\"articleSection\":[\"G\u00fcndem\"],\"inLanguage\":\"de\"},{\"@type\":\"WebPage\",\"@id\":\"https:\/\/denizcankizil.tr\/de\/haberler\/gundem\/kepezde-alevileri-sevindirecek-karar-mecliste-baskan-kocagoze-yetki-istenecek\/\",\"url\":\"https:\/\/denizcankizil.tr\/de\/haberler\/gundem\/kepezde-alevileri-sevindirecek-karar-mecliste-baskan-kocagoze-yetki-istenecek\/\",\"name\":\"Kepez\u2019de Alevileri sevindirecek karar! Mecliste Ba\u015fkan Kocag\u00f6z\u2019e yetki istenecek - Av. Deniz Can K\u0131z\u0131l\",\"isPartOf\":{\"@id\":\"https:\/\/denizcankizil.tr\/de\/#website\"},\"datePublished\":\"2025-07-01T10:41:23+00:00\",\"breadcrumb\":{\"@id\":\"https:\/\/denizcankizil.tr\/de\/haberler\/gundem\/kepezde-alevileri-sevindirecek-karar-mecliste-baskan-kocagoze-yetki-istenecek\/#breadcrumb\"},\"inLanguage\":\"de\",\"potentialAction\":[{\"@type\":\"ReadAction\",\"target\":[\"https:\/\/denizcankizil.tr\/de\/haberler\/gundem\/kepezde-alevileri-sevindirecek-karar-mecliste-baskan-kocagoze-yetki-istenecek\/\"]}]},{\"@type\":\"BreadcrumbList\",\"@id\":\"https:\/\/denizcankizil.tr\/de\/haberler\/gundem\/kepezde-alevileri-sevindirecek-karar-mecliste-baskan-kocagoze-yetki-istenecek\/#breadcrumb\",\"itemListElement\":[{\"@type\":\"ListItem\",\"position\":1,\"name\":\"Home\",\"item\":\"https:\/\/denizcankizil.tr\/de\/\"},{\"@type\":\"ListItem\",\"position\":2,\"name\":\"Kepez\u2019de Alevileri sevindirecek karar! Mecliste Ba\u015fkan Kocag\u00f6z\u2019e yetki istenecek\"}]},{\"@type\":\"WebSite\",\"@id\":\"https:\/\/denizcankizil.tr\/de\/#website\",\"url\":\"https:\/\/denizcankizil.tr\/de\/\",\"name\":\"Av. Deniz Can K\u0131z\u0131l\",\"description\":\"Avukat Deniz Can K\u0131z\u0131l Antalya Barosu\",\"publisher\":{\"@id\":\"https:\/\/denizcankizil.tr\/de\/#organization\"},\"potentialAction\":[{\"@type\":\"SearchAction\",\"target\":{\"@type\":\"EntryPoint\",\"urlTemplate\":\"https:\/\/denizcankizil.tr\/de\/?s={search_term_string}\"},\"query-input\":{\"@type\":\"PropertyValueSpecification\",\"valueRequired\":true,\"valueName\":\"search_term_string\"}}],\"inLanguage\":\"de\"},{\"@type\":\"Organization\",\"@id\":\"https:\/\/denizcankizil.tr\/de\/#organization\",\"name\":\"Av. Deniz Can K\u0131z\u0131l\",\"url\":\"https:\/\/denizcankizil.tr\/de\/\",\"logo\":{\"@type\":\"ImageObject\",\"inLanguage\":\"de\",\"@id\":\"https:\/\/denizcankizil.tr\/de\/#\/schema\/logo\/image\/\",\"url\":\"https:\/\/denizcankizil.tr\/wp-content\/uploads\/2024\/10\/siyah-logo-svg.svg\",\"contentUrl\":\"https:\/\/denizcankizil.tr\/wp-content\/uploads\/2024\/10\/siyah-logo-svg.svg\",\"width\":1080,\"height\":1080,\"caption\":\"Av. Deniz Can K\u0131z\u0131l\"},\"image\":{\"@id\":\"https:\/\/denizcankizil.tr\/de\/#\/schema\/logo\/image\/\"}},{\"@type\":\"Person\",\"@id\":\"https:\/\/denizcankizil.tr\/de\/#\/schema\/person\/e1eb71bb4dd684d46563f0af307e1234\",\"name\":\"Antalya K\u00f6rfez\",\"image\":{\"@type\":\"ImageObject\",\"inLanguage\":\"de\",\"@id\":\"https:\/\/denizcankizil.tr\/de\/#\/schema\/person\/image\/\",\"url\":\"https:\/\/secure.gravatar.com\/avatar\/42b01982558a48a0b501fdcab6a408d3717ea5919095ee2e67b0e521799c5905?s=96&d=mm&r=g\",\"contentUrl\":\"https:\/\/secure.gravatar.com\/avatar\/42b01982558a48a0b501fdcab6a408d3717ea5919095ee2e67b0e521799c5905?s=96&d=mm&r=g\",\"caption\":\"Antalya K\u00f6rfez\"},\"sameAs\":[\"http:\/\/www.antalyakorfez.com\"],\"url\":\"https:\/\/www.antalyakorfez.com\/kepezde-alevileri-sevindirecek-karar-mecliste-baskan-kocagoze-yetki-istenecek\"}]}<\/script>\n<!-- \/ Yoast SEO Premium plugin. -->","yoast_head_json":{"title":"Kepez\u2019de Alevileri sevindirecek karar! Mecliste Ba\u015fkan Kocag\u00f6z\u2019e yetki istenecek - Av. Deniz Can K\u0131z\u0131l","robots":{"index":"index","follow":"follow","max-snippet":"max-snippet:-1","max-image-preview":"max-image-preview:large","max-video-preview":"max-video-preview:-1"},"canonical":"https:\/\/denizcankizil.tr\/de\/haberler\/gundem\/kepezde-alevileri-sevindirecek-karar-mecliste-baskan-kocagoze-yetki-istenecek\/","og_locale":"de_DE","og_type":"article","og_title":"Kepez\u2019de Alevileri sevindirecek karar! Mecliste Ba\u015fkan Kocag\u00f6z\u2019e yetki istenecek","og_description":"Antalya Kepez Belediyesi temmuz meclis toplant\u0131s\u0131 yar\u0131n Belediye Ba\u015fkan\u0131 Mesut Kocag\u00f6z ba\u015fkanl\u0131\u011f\u0131nda belediye hizmet binas\u0131nda yap\u0131lacak. Mecliste il\u00e7enin imar ve toplumsal hayat\u0131n\u0131 yak\u0131ndan ilgilendiren g\u00fcndem maddeleri g\u00f6r\u00fc\u015f\u00fclecek. Mecliste 22 g\u00fcndem maddesi ele al\u0131nacak. Maddeler aras\u0131nda en dikkat \u00e7eken ise Fevzi \u00c7akmak Mahallesi\u2019nde hayata ge\u00e7irilecek olan Alevi Bekta\u015fi K\u00fclt\u00fcr ve Cemevi Merkezi ve Sosyal Tesis Alan\u0131 oldu. MECL\u0130S TOPLANIYOR Kepez Belediye Meclisi Temmuz meclis toplant\u0131s\u0131, yaz\u0131l\u0131 g\u00fcndem maddelerini g\u00f6r\u00fc\u015fmek \u00fczere per\u015fembe g\u00fcn\u00fc saat 14.00\u2019te, Ye\u015fil\u0131rmak Caddesi \u00fczerinde bulunan hizmet binas\u0131ndaki meclis toplant\u0131 salonunda yap\u0131lacak. Mecliste ilk olarak Belediye Kanunu\u2019nun 22\u2019nci maddesinin 6\u2019nc\u0131 f\u0131kras\u0131 ile Belediye Meclisi \u00c7al\u0131\u015fma Y\u00f6netmeli\u011finin 11\u2019nci maddesi gere\u011fi bir \u00f6nceki ay ayl\u0131k ola\u011fan meclis toplant\u0131s\u0131nda al\u0131nan kararlar\u0131n (Haziran\/2025) g\u00f6r\u00fc\u015f\u00fclmesi ve oylanmas\u0131 yap\u0131lacak. GEL\u0130R TAR\u0130FES\u0130NDE G\u00dcNCELLEME Antalya K\u00f6rfez Gazetesi muhabiri Ertu\u011frul G\u00fcn&#8217;\u00fcn haberine g\u00f6re; Kentsel Tasar\u0131m M\u00fcd\u00fcrl\u00fc\u011f\u00fc ile Bas\u0131n Yay\u0131n ve Halkla \u0130li\u015fkiler M\u00fcd\u00fcrl\u00fc\u011f\u00fcn\u00fcn 2025 y\u0131l\u0131 gelir tarifesinde gerekli g\u00fcncelleme yap\u0131lmas\u0131 ele al\u0131nacak. K\u00fclt\u00fcr ve Sosyal \u0130\u015fler M\u00fcd\u00fcrl\u00fc\u011f\u00fcn\u00fcn 2025 y\u0131l\u0131 gelir tarifesinde gerekli g\u00fcncellemeler karara ba\u011flanacak. 10 AYRI \u015eARJ \u0130STASYONU Varsak Demirel Mahallesi Olimpik Y\u00fczme Havuzu, Fabrikalar Mahallesi Bal\u0131k Pazar\u0131, Fabrikalar Mahallesi Dokuma Park\u0131, Yeni Emek Mahallesi Erdem Beyaz\u0131t K\u00fclt\u00fcr Merkezi, Ahatl\u0131 Mahallesi Hasta Yak\u0131nlar\u0131 Konuk Evi, Teomanpa\u015fa Mahallesi Belediye Hizmet Binas\u0131, Duac\u0131 Mahallesi Kepez Kent Orman\u0131, Fatih Mahallesi &hellip;","og_url":"https:\/\/denizcankizil.tr\/de\/haberler\/gundem\/kepezde-alevileri-sevindirecek-karar-mecliste-baskan-kocagoze-yetki-istenecek\/","og_site_name":"Av. Deniz Can K\u0131z\u0131l","article_published_time":"2025-07-01T10:41:23+00:00","author":"Antalya K\u00f6rfez","twitter_card":"summary_large_image","twitter_misc":{"Verfasst von":"Antalya K\u00f6rfez","Gesch\u00e4tzte Lesezeit":"3\u00a0Minuten"},"schema":{"@context":"https:\/\/schema.org","@graph":[{"@type":"Article","@id":"https:\/\/denizcankizil.tr\/de\/haberler\/gundem\/kepezde-alevileri-sevindirecek-karar-mecliste-baskan-kocagoze-yetki-istenecek\/#article","isPartOf":{"@id":"https:\/\/denizcankizil.tr\/de\/haberler\/gundem\/kepezde-alevileri-sevindirecek-karar-mecliste-baskan-kocagoze-yetki-istenecek\/"},"author":{"name":"Antalya K\u00f6rfez","@id":"https:\/\/denizcankizil.tr\/de\/#\/schema\/person\/e1eb71bb4dd684d46563f0af307e1234"},"headline":"Kepez\u2019de Alevileri sevindirecek karar! Mecliste Ba\u015fkan Kocag\u00f6z\u2019e yetki istenecek","datePublished":"2025-07-01T10:41:23+00:00","mainEntityOfPage":{"@id":"https:\/\/denizcankizil.tr\/de\/haberler\/gundem\/kepezde-alevileri-sevindirecek-karar-mecliste-baskan-kocagoze-yetki-istenecek\/"},"wordCount":541,"publisher":{"@id":"https:\/\/denizcankizil.tr\/de\/#organization"},"articleSection":["G\u00fcndem"],"inLanguage":"de"},{"@type":"WebPage","@id":"https:\/\/denizcankizil.tr\/de\/haberler\/gundem\/kepezde-alevileri-sevindirecek-karar-mecliste-baskan-kocagoze-yetki-istenecek\/","url":"https:\/\/denizcankizil.tr\/de\/haberler\/gundem\/kepezde-alevileri-sevindirecek-karar-mecliste-baskan-kocagoze-yetki-istenecek\/","name":"Kepez\u2019de Alevileri sevindirecek karar! Mecliste Ba\u015fkan Kocag\u00f6z\u2019e yetki istenecek - Av. Deniz Can K\u0131z\u0131l","isPartOf":{"@id":"https:\/\/denizcankizil.tr\/de\/#website"},"datePublished":"2025-07-01T10:41:23+00:00","breadcrumb":{"@id":"https:\/\/denizcankizil.tr\/de\/haberler\/gundem\/kepezde-alevileri-sevindirecek-karar-mecliste-baskan-kocagoze-yetki-istenecek\/#breadcrumb"},"inLanguage":"de","potentialAction":[{"@type":"ReadAction","target":["https:\/\/denizcankizil.tr\/de\/haberler\/gundem\/kepezde-alevileri-sevindirecek-karar-mecliste-baskan-kocagoze-yetki-istenecek\/"]}]},{"@type":"BreadcrumbList","@id":"https:\/\/denizcankizil.tr\/de\/haberler\/gundem\/kepezde-alevileri-sevindirecek-karar-mecliste-baskan-kocagoze-yetki-istenecek\/#breadcrumb","itemListElement":[{"@type":"ListItem","position":1,"name":"Home","item":"https:\/\/denizcankizil.tr\/de\/"},{"@type":"ListItem","position":2,"name":"Kepez\u2019de Alevileri sevindirecek karar! Mecliste Ba\u015fkan Kocag\u00f6z\u2019e yetki istenecek"}]},{"@type":"WebSite","@id":"https:\/\/denizcankizil.tr\/de\/#website","url":"https:\/\/denizcankizil.tr\/de\/","name":"Av. Deniz Can K\u0131z\u0131l","description":"Avukat Deniz Can K\u0131z\u0131l Antalya Barosu","publisher":{"@id":"https:\/\/denizcankizil.tr\/de\/#organization"},"potentialAction":[{"@type":"SearchAction","target":{"@type":"EntryPoint","urlTemplate":"https:\/\/denizcankizil.tr\/de\/?s={search_term_string}"},"query-input":{"@type":"PropertyValueSpecification","valueRequired":true,"valueName":"search_term_string"}}],"inLanguage":"de"},{"@type":"Organization","@id":"https:\/\/denizcankizil.tr\/de\/#organization","name":"Av. Deniz Can K\u0131z\u0131l","url":"https:\/\/denizcankizil.tr\/de\/","logo":{"@type":"ImageObject","inLanguage":"de","@id":"https:\/\/denizcankizil.tr\/de\/#\/schema\/logo\/image\/","url":"https:\/\/denizcankizil.tr\/wp-content\/uploads\/2024\/10\/siyah-logo-svg.svg","contentUrl":"https:\/\/denizcankizil.tr\/wp-content\/uploads\/2024\/10\/siyah-logo-svg.svg","width":1080,"height":1080,"caption":"Av. Deniz Can K\u0131z\u0131l"},"image":{"@id":"https:\/\/denizcankizil.tr\/de\/#\/schema\/logo\/image\/"}},{"@type":"Person","@id":"https:\/\/denizcankizil.tr\/de\/#\/schema\/person\/e1eb71bb4dd684d46563f0af307e1234","name":"Antalya K\u00f6rfez","image":{"@type":"ImageObject","inLanguage":"de","@id":"https:\/\/denizcankizil.tr\/de\/#\/schema\/person\/image\/","url":"https:\/\/secure.gravatar.com\/avatar\/42b01982558a48a0b501fdcab6a408d3717ea5919095ee2e67b0e521799c5905?s=96&d=mm&r=g","contentUrl":"https:\/\/secure.gravatar.com\/avatar\/42b01982558a48a0b501fdcab6a408d3717ea5919095ee2e67b0e521799c5905?s=96&d=mm&r=g","caption":"Antalya K\u00f6rfez"},"sameAs":["http:\/\/www.antalyakorfez.com"],"url":"https:\/\/www.antalyakorfez.com\/kepezde-alevileri-sevindirecek-karar-mecliste-baskan-kocagoze-yetki-istenecek"}]}},"_links":{"self":[{"href":"https:\/\/denizcankizil.tr\/de\/wp-json\/wp\/v2\/posts\/132427","targetHints":{"allow":["GET"]}}],"collection":[{"href":"https:\/\/denizcankizil.tr\/de\/wp-json\/wp\/v2\/posts"}],"about":[{"href":"https:\/\/denizcankizil.tr\/de\/wp-json\/wp\/v2\/types\/post"}],"author":[{"embeddable":true,"href":"https:\/\/denizcankizil.tr\/de\/wp-json\/wp\/v2\/users\/5"}],"replies":[{"embeddable":true,"href":"https:\/\/denizcankizil.tr\/de\/wp-json\/wp\/v2\/comments?post=132427"}],"version-history":[{"count":0,"href":"https:\/\/denizcankizil.tr\/de\/wp-json\/wp\/v2\/posts\/132427\/revisions"}],"wp:attachment":[{"href":"https:\/\/denizcankizil.tr\/de\/wp-json\/wp\/v2\/media?parent=132427"}],"wp:term":[{"taxonomy":"category","embeddable":true,"href":"https:\/\/denizcankizil.tr\/de\/wp-json\/wp\/v2\/categories?post=132427"},{"taxonomy":"post_tag","embeddable":true,"href":"https:\/\/denizcankizil.tr\/de\/wp-json\/wp\/v2\/tags?post=132427"}],"curies":[{"name":"wp","href":"https:\/\/api.w.org\/{rel}","templated":true}]}}