{"id":132382,"date":"2025-07-01T12:41:19","date_gmt":"2025-07-01T09:41:19","guid":{"rendered":"https:\/\/denizcankizil.tr\/uncategorized-tr\/antalyada-zincirleme-kaza-26-kisi-yaralandi\/"},"modified":"2025-07-01T12:41:19","modified_gmt":"2025-07-01T09:41:19","slug":"antalyada-zincirleme-kaza-26-kisi-yaralandi","status":"publish","type":"post","link":"https:\/\/denizcankizil.tr\/de\/haberler\/antalya\/antalyada-zincirleme-kaza-26-kisi-yaralandi\/","title":{"rendered":"Antalya\u2019da Zincirleme Kaza: 26 Ki\u015fi Yaraland\u0131!"},"content":{"rendered":"<p>ANTALYA&#8217;da 4 arac\u0131n kar\u0131\u015ft\u0131\u011f\u0131 zincirleme kazada 26 ki\u015fi hafif yaraland\u0131.<\/p>\n<p>Kaza, saat 07.00 s\u0131ralar\u0131nda Muratpa\u015fa il\u00e7esi G\u00fczelyurt Mahallesi Serik Caddesi Anfa\u015f Yolu \u00fczerinde meydana geldi. Anfa\u015f istikametine seyir halinde olan S\u00fcleyman Kirli idaresindeki 07 SM 011 plakal\u0131 kamyonete, arkadan gelen Emre Il\u0131man y\u00f6netimindeki 07 C 4332 plakal\u0131 personel servis ta\u015f\u0131mac\u0131l\u0131\u011f\u0131 yapan midib\u00fcs \u00e7arpt\u0131.<\/p>\n<p>Kazaya arkadan gelen ara\u00e7lardan Turgut Demir&#8217;in kulland\u0131\u011f\u0131 07 CAY 97 plakal\u0131 otob\u00fcs ile \u00d6mer Halis Demir idaresindeki 48 ALB 256 plakal\u0131 kamyon da kar\u0131\u015ft\u0131. Kazada s\u00fcr\u00fcc\u00fc Turgut Demir&#8217;in yan\u0131 s\u0131ra, ara\u00e7lardaki 25 ki\u015fi hafif yaraland\u0131. \u00c7e\u015fitli hastanelere sevk edilen yaral\u0131lar\u0131n hayati tehlikesinin bulunmad\u0131\u011f\u0131 kaydedildi.<\/p>\n<p>Kaynak: www.kanalv.com.tr Haber Sitesinden Al\u0131nm\u0131\u015ft\u0131r.<\/p>","protected":false},"excerpt":{"rendered":"<p>ANTALYA&#8217;da 4 arac\u0131n kar\u0131\u015ft\u0131\u011f\u0131 zincirleme kazada 26 ki\u015fi hafif yaraland\u0131. Kaza, saat 07.00 s\u0131ralar\u0131nda Muratpa\u015fa il\u00e7esi G\u00fczelyurt Mahallesi Serik Caddesi Anfa\u015f Yolu \u00fczerinde meydana geldi. Anfa\u015f istikametine seyir halinde olan S\u00fcleyman Kirli idaresindeki 07 SM 011 plakal\u0131 kamyonete, arkadan gelen Emre Il\u0131man y\u00f6netimindeki 07 C 4332 plakal\u0131 personel servis ta\u015f\u0131mac\u0131l\u0131\u011f\u0131 yapan midib\u00fcs \u00e7arpt\u0131. Kazaya arkadan gelen ara\u00e7lardan Turgut Demir&#8217;in kulland\u0131\u011f\u0131 07 CAY 97 plakal\u0131 otob\u00fcs ile \u00d6mer Halis Demir idaresindeki 48 ALB 256 plakal\u0131 kamyon da kar\u0131\u015ft\u0131. Kazada s\u00fcr\u00fcc\u00fc Turgut Demir&#8217;in yan\u0131 s\u0131ra, ara\u00e7lardaki 25 ki\u015fi hafif yaraland\u0131. \u00c7e\u015fitli hastanelere sevk edilen yaral\u0131lar\u0131n hayati tehlikesinin bulunmad\u0131\u011f\u0131 kaydedildi. Kaynak: www.kanalv.com.tr Haber Sitesinden Al\u0131nm\u0131\u015ft\u0131r.<\/p>","protected":false},"author":4,"featured_media":132383,"comment_status":"","ping_status":"open","sticky":false,"template":"","format":"standard","meta":{"_acf_changed":false,"footnotes":""},"categories":[26],"tags":[],"class_list":["post-132382","post","type-post","status-publish","format-standard","has-post-thumbnail","hentry","category-antalya"],"acf":[],"yoast_head":"<!-- This site is optimized with the Yoast SEO Premium plugin v26.6 (Yoast SEO v27.1.1) - https:\/\/yoast.com\/product\/yoast-seo-premium-wordpress\/ -->\n<title>Antalya\u2019da Zincirleme Kaza: 26 Ki\u015fi Yaraland\u0131! - Av. Deniz Can K\u0131z\u0131l<\/title>\n<meta name=\"robots\" content=\"index, follow, max-snippet:-1, max-image-preview:large, max-video-preview:-1\" \/>\n<link rel=\"canonical\" href=\"https:\/\/denizcankizil.tr\/de\/haberler\/antalya\/antalyada-zincirleme-kaza-26-kisi-yaralandi\/\" \/>\n<meta property=\"og:locale\" content=\"de_DE\" \/>\n<meta property=\"og:type\" content=\"article\" \/>\n<meta property=\"og:title\" content=\"Antalya\u2019da Zincirleme Kaza: 26 Ki\u015fi Yaraland\u0131!\" \/>\n<meta property=\"og:description\" content=\"ANTALYA&#8217;da 4 arac\u0131n kar\u0131\u015ft\u0131\u011f\u0131 zincirleme kazada 26 ki\u015fi hafif yaraland\u0131. Kaza, saat 07.00 s\u0131ralar\u0131nda Muratpa\u015fa il\u00e7esi G\u00fczelyurt Mahallesi Serik Caddesi Anfa\u015f Yolu \u00fczerinde meydana geldi. Anfa\u015f istikametine seyir halinde olan S\u00fcleyman Kirli idaresindeki 07 SM 011 plakal\u0131 kamyonete, arkadan gelen Emre Il\u0131man y\u00f6netimindeki 07 C 4332 plakal\u0131 personel servis ta\u015f\u0131mac\u0131l\u0131\u011f\u0131 yapan midib\u00fcs \u00e7arpt\u0131. Kazaya arkadan gelen ara\u00e7lardan Turgut Demir&#8217;in kulland\u0131\u011f\u0131 07 CAY 97 plakal\u0131 otob\u00fcs ile \u00d6mer Halis Demir idaresindeki 48 ALB 256 plakal\u0131 kamyon da kar\u0131\u015ft\u0131. Kazada s\u00fcr\u00fcc\u00fc Turgut Demir&#8217;in yan\u0131 s\u0131ra, ara\u00e7lardaki 25 ki\u015fi hafif yaraland\u0131. \u00c7e\u015fitli hastanelere sevk edilen yaral\u0131lar\u0131n hayati tehlikesinin bulunmad\u0131\u011f\u0131 kaydedildi. Kaynak: www.kanalv.com.tr Haber Sitesinden Al\u0131nm\u0131\u015ft\u0131r.\" \/>\n<meta property=\"og:url\" content=\"https:\/\/denizcankizil.tr\/de\/haberler\/antalya\/antalyada-zincirleme-kaza-26-kisi-yaralandi\/\" \/>\n<meta property=\"og:site_name\" content=\"Av. Deniz Can K\u0131z\u0131l\" \/>\n<meta property=\"article:published_time\" content=\"2025-07-01T09:41:19+00:00\" \/>\n<meta property=\"og:image\" content=\"https:\/\/denizcankizil.tr\/wp-content\/uploads\/2025\/07\/web-gorsel-boyut-3-EHqMgM.png\" \/>\n\t<meta property=\"og:image:width\" content=\"1280\" \/>\n\t<meta property=\"og:image:height\" content=\"720\" \/>\n\t<meta property=\"og:image:type\" content=\"image\/png\" \/>\n<meta name=\"author\" content=\"Av. Deniz Can K\u0131z\u0131l\" \/>\n<meta name=\"twitter:card\" content=\"summary_large_image\" \/>\n<meta name=\"twitter:label1\" content=\"Verfasst von\" \/>\n\t<meta name=\"twitter:data1\" content=\"Av. Deniz Can K\u0131z\u0131l\" \/>\n\t<meta name=\"twitter:label2\" content=\"Gesch\u00e4tzte Lesezeit\" \/>\n\t<meta name=\"twitter:data2\" content=\"1\u00a0Minute\" \/>\n<script type=\"application\/ld+json\" class=\"yoast-schema-graph\">{\"@context\":\"https:\/\/schema.org\",\"@graph\":[{\"@type\":\"Article\",\"@id\":\"https:\/\/denizcankizil.tr\/de\/haberler\/antalya\/antalyada-zincirleme-kaza-26-kisi-yaralandi\/#article\",\"isPartOf\":{\"@id\":\"https:\/\/denizcankizil.tr\/de\/haberler\/antalya\/antalyada-zincirleme-kaza-26-kisi-yaralandi\/\"},\"author\":{\"name\":\"Av. Deniz Can K\u0131z\u0131l\",\"@id\":\"https:\/\/denizcankizil.tr\/de\/#\/schema\/person\/5dc1b22991bd7ac833867c10afc9b0ff\"},\"headline\":\"Antalya\u2019da Zincirleme Kaza: 26 Ki\u015fi Yaraland\u0131!\",\"datePublished\":\"2025-07-01T09:41:19+00:00\",\"mainEntityOfPage\":{\"@id\":\"https:\/\/denizcankizil.tr\/de\/haberler\/antalya\/antalyada-zincirleme-kaza-26-kisi-yaralandi\/\"},\"wordCount\":131,\"publisher\":{\"@id\":\"https:\/\/denizcankizil.tr\/de\/#organization\"},\"image\":{\"@id\":\"https:\/\/denizcankizil.tr\/de\/haberler\/antalya\/antalyada-zincirleme-kaza-26-kisi-yaralandi\/#primaryimage\"},\"thumbnailUrl\":\"https:\/\/denizcankizil.tr\/wp-content\/uploads\/2025\/07\/web-gorsel-boyut-3-EHqMgM.png\",\"articleSection\":[\"Antalya\"],\"inLanguage\":\"de\"},{\"@type\":\"WebPage\",\"@id\":\"https:\/\/denizcankizil.tr\/de\/haberler\/antalya\/antalyada-zincirleme-kaza-26-kisi-yaralandi\/\",\"url\":\"https:\/\/denizcankizil.tr\/de\/haberler\/antalya\/antalyada-zincirleme-kaza-26-kisi-yaralandi\/\",\"name\":\"Antalya\u2019da Zincirleme Kaza: 26 Ki\u015fi Yaraland\u0131! - Av. Deniz Can K\u0131z\u0131l\",\"isPartOf\":{\"@id\":\"https:\/\/denizcankizil.tr\/de\/#website\"},\"primaryImageOfPage\":{\"@id\":\"https:\/\/denizcankizil.tr\/de\/haberler\/antalya\/antalyada-zincirleme-kaza-26-kisi-yaralandi\/#primaryimage\"},\"image\":{\"@id\":\"https:\/\/denizcankizil.tr\/de\/haberler\/antalya\/antalyada-zincirleme-kaza-26-kisi-yaralandi\/#primaryimage\"},\"thumbnailUrl\":\"https:\/\/denizcankizil.tr\/wp-content\/uploads\/2025\/07\/web-gorsel-boyut-3-EHqMgM.png\",\"datePublished\":\"2025-07-01T09:41:19+00:00\",\"breadcrumb\":{\"@id\":\"https:\/\/denizcankizil.tr\/de\/haberler\/antalya\/antalyada-zincirleme-kaza-26-kisi-yaralandi\/#breadcrumb\"},\"inLanguage\":\"de\",\"potentialAction\":[{\"@type\":\"ReadAction\",\"target\":[\"https:\/\/denizcankizil.tr\/de\/haberler\/antalya\/antalyada-zincirleme-kaza-26-kisi-yaralandi\/\"]}]},{\"@type\":\"ImageObject\",\"inLanguage\":\"de\",\"@id\":\"https:\/\/denizcankizil.tr\/de\/haberler\/antalya\/antalyada-zincirleme-kaza-26-kisi-yaralandi\/#primaryimage\",\"url\":\"https:\/\/denizcankizil.tr\/wp-content\/uploads\/2025\/07\/web-gorsel-boyut-3-EHqMgM.png\",\"contentUrl\":\"https:\/\/denizcankizil.tr\/wp-content\/uploads\/2025\/07\/web-gorsel-boyut-3-EHqMgM.png\",\"width\":1280,\"height\":720},{\"@type\":\"BreadcrumbList\",\"@id\":\"https:\/\/denizcankizil.tr\/de\/haberler\/antalya\/antalyada-zincirleme-kaza-26-kisi-yaralandi\/#breadcrumb\",\"itemListElement\":[{\"@type\":\"ListItem\",\"position\":1,\"name\":\"Home\",\"item\":\"https:\/\/denizcankizil.tr\/de\/\"},{\"@type\":\"ListItem\",\"position\":2,\"name\":\"Antalya\u2019da Zincirleme Kaza: 26 Ki\u015fi Yaraland\u0131!\"}]},{\"@type\":\"WebSite\",\"@id\":\"https:\/\/denizcankizil.tr\/de\/#website\",\"url\":\"https:\/\/denizcankizil.tr\/de\/\",\"name\":\"Av. Deniz Can K\u0131z\u0131l\",\"description\":\"Avukat Deniz Can K\u0131z\u0131l Antalya Barosu\",\"publisher\":{\"@id\":\"https:\/\/denizcankizil.tr\/de\/#organization\"},\"potentialAction\":[{\"@type\":\"SearchAction\",\"target\":{\"@type\":\"EntryPoint\",\"urlTemplate\":\"https:\/\/denizcankizil.tr\/de\/?s={search_term_string}\"},\"query-input\":{\"@type\":\"PropertyValueSpecification\",\"valueRequired\":true,\"valueName\":\"search_term_string\"}}],\"inLanguage\":\"de\"},{\"@type\":\"Organization\",\"@id\":\"https:\/\/denizcankizil.tr\/de\/#organization\",\"name\":\"Av. Deniz Can K\u0131z\u0131l\",\"url\":\"https:\/\/denizcankizil.tr\/de\/\",\"logo\":{\"@type\":\"ImageObject\",\"inLanguage\":\"de\",\"@id\":\"https:\/\/denizcankizil.tr\/de\/#\/schema\/logo\/image\/\",\"url\":\"https:\/\/denizcankizil.tr\/wp-content\/uploads\/2024\/10\/siyah-logo-svg.svg\",\"contentUrl\":\"https:\/\/denizcankizil.tr\/wp-content\/uploads\/2024\/10\/siyah-logo-svg.svg\",\"width\":1080,\"height\":1080,\"caption\":\"Av. Deniz Can K\u0131z\u0131l\"},\"image\":{\"@id\":\"https:\/\/denizcankizil.tr\/de\/#\/schema\/logo\/image\/\"}},{\"@type\":\"Person\",\"@id\":\"https:\/\/denizcankizil.tr\/de\/#\/schema\/person\/5dc1b22991bd7ac833867c10afc9b0ff\",\"name\":\"Av. Deniz Can K\u0131z\u0131l\",\"image\":{\"@type\":\"ImageObject\",\"inLanguage\":\"de\",\"@id\":\"https:\/\/denizcankizil.tr\/de\/#\/schema\/person\/image\/\",\"url\":\"https:\/\/secure.gravatar.com\/avatar\/a0b128fb9855c79efc976d5640eedb31dc35ec297594d6016d2cf7c60e975bb6?s=96&d=mm&r=g\",\"contentUrl\":\"https:\/\/secure.gravatar.com\/avatar\/a0b128fb9855c79efc976d5640eedb31dc35ec297594d6016d2cf7c60e975bb6?s=96&d=mm&r=g\",\"caption\":\"Av. Deniz Can K\u0131z\u0131l\"},\"sameAs\":[\"http:\/\/www.denizcankizil.tr\"],\"url\":\"https:\/\/denizcankizil.tr\/de\/author\/denizcankizil\/\"}]}<\/script>\n<!-- \/ Yoast SEO Premium plugin. -->","yoast_head_json":{"title":"Antalya\u2019da Zincirleme Kaza: 26 Ki\u015fi Yaraland\u0131! - Av. Deniz Can K\u0131z\u0131l","robots":{"index":"index","follow":"follow","max-snippet":"max-snippet:-1","max-image-preview":"max-image-preview:large","max-video-preview":"max-video-preview:-1"},"canonical":"https:\/\/denizcankizil.tr\/de\/haberler\/antalya\/antalyada-zincirleme-kaza-26-kisi-yaralandi\/","og_locale":"de_DE","og_type":"article","og_title":"Antalya\u2019da Zincirleme Kaza: 26 Ki\u015fi Yaraland\u0131!","og_description":"ANTALYA&#8217;da 4 arac\u0131n kar\u0131\u015ft\u0131\u011f\u0131 zincirleme kazada 26 ki\u015fi hafif yaraland\u0131. Kaza, saat 07.00 s\u0131ralar\u0131nda Muratpa\u015fa il\u00e7esi G\u00fczelyurt Mahallesi Serik Caddesi Anfa\u015f Yolu \u00fczerinde meydana geldi. Anfa\u015f istikametine seyir halinde olan S\u00fcleyman Kirli idaresindeki 07 SM 011 plakal\u0131 kamyonete, arkadan gelen Emre Il\u0131man y\u00f6netimindeki 07 C 4332 plakal\u0131 personel servis ta\u015f\u0131mac\u0131l\u0131\u011f\u0131 yapan midib\u00fcs \u00e7arpt\u0131. Kazaya arkadan gelen ara\u00e7lardan Turgut Demir&#8217;in kulland\u0131\u011f\u0131 07 CAY 97 plakal\u0131 otob\u00fcs ile \u00d6mer Halis Demir idaresindeki 48 ALB 256 plakal\u0131 kamyon da kar\u0131\u015ft\u0131. Kazada s\u00fcr\u00fcc\u00fc Turgut Demir&#8217;in yan\u0131 s\u0131ra, ara\u00e7lardaki 25 ki\u015fi hafif yaraland\u0131. \u00c7e\u015fitli hastanelere sevk edilen yaral\u0131lar\u0131n hayati tehlikesinin bulunmad\u0131\u011f\u0131 kaydedildi. Kaynak: www.kanalv.com.tr Haber Sitesinden Al\u0131nm\u0131\u015ft\u0131r.","og_url":"https:\/\/denizcankizil.tr\/de\/haberler\/antalya\/antalyada-zincirleme-kaza-26-kisi-yaralandi\/","og_site_name":"Av. Deniz Can K\u0131z\u0131l","article_published_time":"2025-07-01T09:41:19+00:00","og_image":[{"width":1280,"height":720,"url":"https:\/\/denizcankizil.tr\/wp-content\/uploads\/2025\/07\/web-gorsel-boyut-3-EHqMgM.png","type":"image\/png"}],"author":"Av. Deniz Can K\u0131z\u0131l","twitter_card":"summary_large_image","twitter_misc":{"Verfasst von":"Av. Deniz Can K\u0131z\u0131l","Gesch\u00e4tzte Lesezeit":"1\u00a0Minute"},"schema":{"@context":"https:\/\/schema.org","@graph":[{"@type":"Article","@id":"https:\/\/denizcankizil.tr\/de\/haberler\/antalya\/antalyada-zincirleme-kaza-26-kisi-yaralandi\/#article","isPartOf":{"@id":"https:\/\/denizcankizil.tr\/de\/haberler\/antalya\/antalyada-zincirleme-kaza-26-kisi-yaralandi\/"},"author":{"name":"Av. Deniz Can K\u0131z\u0131l","@id":"https:\/\/denizcankizil.tr\/de\/#\/schema\/person\/5dc1b22991bd7ac833867c10afc9b0ff"},"headline":"Antalya\u2019da Zincirleme Kaza: 26 Ki\u015fi Yaraland\u0131!","datePublished":"2025-07-01T09:41:19+00:00","mainEntityOfPage":{"@id":"https:\/\/denizcankizil.tr\/de\/haberler\/antalya\/antalyada-zincirleme-kaza-26-kisi-yaralandi\/"},"wordCount":131,"publisher":{"@id":"https:\/\/denizcankizil.tr\/de\/#organization"},"image":{"@id":"https:\/\/denizcankizil.tr\/de\/haberler\/antalya\/antalyada-zincirleme-kaza-26-kisi-yaralandi\/#primaryimage"},"thumbnailUrl":"https:\/\/denizcankizil.tr\/wp-content\/uploads\/2025\/07\/web-gorsel-boyut-3-EHqMgM.png","articleSection":["Antalya"],"inLanguage":"de"},{"@type":"WebPage","@id":"https:\/\/denizcankizil.tr\/de\/haberler\/antalya\/antalyada-zincirleme-kaza-26-kisi-yaralandi\/","url":"https:\/\/denizcankizil.tr\/de\/haberler\/antalya\/antalyada-zincirleme-kaza-26-kisi-yaralandi\/","name":"Antalya\u2019da Zincirleme Kaza: 26 Ki\u015fi Yaraland\u0131! - Av. Deniz Can K\u0131z\u0131l","isPartOf":{"@id":"https:\/\/denizcankizil.tr\/de\/#website"},"primaryImageOfPage":{"@id":"https:\/\/denizcankizil.tr\/de\/haberler\/antalya\/antalyada-zincirleme-kaza-26-kisi-yaralandi\/#primaryimage"},"image":{"@id":"https:\/\/denizcankizil.tr\/de\/haberler\/antalya\/antalyada-zincirleme-kaza-26-kisi-yaralandi\/#primaryimage"},"thumbnailUrl":"https:\/\/denizcankizil.tr\/wp-content\/uploads\/2025\/07\/web-gorsel-boyut-3-EHqMgM.png","datePublished":"2025-07-01T09:41:19+00:00","breadcrumb":{"@id":"https:\/\/denizcankizil.tr\/de\/haberler\/antalya\/antalyada-zincirleme-kaza-26-kisi-yaralandi\/#breadcrumb"},"inLanguage":"de","potentialAction":[{"@type":"ReadAction","target":["https:\/\/denizcankizil.tr\/de\/haberler\/antalya\/antalyada-zincirleme-kaza-26-kisi-yaralandi\/"]}]},{"@type":"ImageObject","inLanguage":"de","@id":"https:\/\/denizcankizil.tr\/de\/haberler\/antalya\/antalyada-zincirleme-kaza-26-kisi-yaralandi\/#primaryimage","url":"https:\/\/denizcankizil.tr\/wp-content\/uploads\/2025\/07\/web-gorsel-boyut-3-EHqMgM.png","contentUrl":"https:\/\/denizcankizil.tr\/wp-content\/uploads\/2025\/07\/web-gorsel-boyut-3-EHqMgM.png","width":1280,"height":720},{"@type":"BreadcrumbList","@id":"https:\/\/denizcankizil.tr\/de\/haberler\/antalya\/antalyada-zincirleme-kaza-26-kisi-yaralandi\/#breadcrumb","itemListElement":[{"@type":"ListItem","position":1,"name":"Home","item":"https:\/\/denizcankizil.tr\/de\/"},{"@type":"ListItem","position":2,"name":"Antalya\u2019da Zincirleme Kaza: 26 Ki\u015fi Yaraland\u0131!"}]},{"@type":"WebSite","@id":"https:\/\/denizcankizil.tr\/de\/#website","url":"https:\/\/denizcankizil.tr\/de\/","name":"Av. Deniz Can K\u0131z\u0131l","description":"Avukat Deniz Can K\u0131z\u0131l Antalya Barosu","publisher":{"@id":"https:\/\/denizcankizil.tr\/de\/#organization"},"potentialAction":[{"@type":"SearchAction","target":{"@type":"EntryPoint","urlTemplate":"https:\/\/denizcankizil.tr\/de\/?s={search_term_string}"},"query-input":{"@type":"PropertyValueSpecification","valueRequired":true,"valueName":"search_term_string"}}],"inLanguage":"de"},{"@type":"Organization","@id":"https:\/\/denizcankizil.tr\/de\/#organization","name":"Av. Deniz Can K\u0131z\u0131l","url":"https:\/\/denizcankizil.tr\/de\/","logo":{"@type":"ImageObject","inLanguage":"de","@id":"https:\/\/denizcankizil.tr\/de\/#\/schema\/logo\/image\/","url":"https:\/\/denizcankizil.tr\/wp-content\/uploads\/2024\/10\/siyah-logo-svg.svg","contentUrl":"https:\/\/denizcankizil.tr\/wp-content\/uploads\/2024\/10\/siyah-logo-svg.svg","width":1080,"height":1080,"caption":"Av. Deniz Can K\u0131z\u0131l"},"image":{"@id":"https:\/\/denizcankizil.tr\/de\/#\/schema\/logo\/image\/"}},{"@type":"Person","@id":"https:\/\/denizcankizil.tr\/de\/#\/schema\/person\/5dc1b22991bd7ac833867c10afc9b0ff","name":"Av. Deniz Can K\u0131z\u0131l","image":{"@type":"ImageObject","inLanguage":"de","@id":"https:\/\/denizcankizil.tr\/de\/#\/schema\/person\/image\/","url":"https:\/\/secure.gravatar.com\/avatar\/a0b128fb9855c79efc976d5640eedb31dc35ec297594d6016d2cf7c60e975bb6?s=96&d=mm&r=g","contentUrl":"https:\/\/secure.gravatar.com\/avatar\/a0b128fb9855c79efc976d5640eedb31dc35ec297594d6016d2cf7c60e975bb6?s=96&d=mm&r=g","caption":"Av. Deniz Can K\u0131z\u0131l"},"sameAs":["http:\/\/www.denizcankizil.tr"],"url":"https:\/\/denizcankizil.tr\/de\/author\/denizcankizil\/"}]}},"_links":{"self":[{"href":"https:\/\/denizcankizil.tr\/de\/wp-json\/wp\/v2\/posts\/132382","targetHints":{"allow":["GET"]}}],"collection":[{"href":"https:\/\/denizcankizil.tr\/de\/wp-json\/wp\/v2\/posts"}],"about":[{"href":"https:\/\/denizcankizil.tr\/de\/wp-json\/wp\/v2\/types\/post"}],"author":[{"embeddable":true,"href":"https:\/\/denizcankizil.tr\/de\/wp-json\/wp\/v2\/users\/4"}],"replies":[{"embeddable":true,"href":"https:\/\/denizcankizil.tr\/de\/wp-json\/wp\/v2\/comments?post=132382"}],"version-history":[{"count":0,"href":"https:\/\/denizcankizil.tr\/de\/wp-json\/wp\/v2\/posts\/132382\/revisions"}],"wp:featuredmedia":[{"embeddable":true,"href":"https:\/\/denizcankizil.tr\/de\/wp-json\/wp\/v2\/media\/132383"}],"wp:attachment":[{"href":"https:\/\/denizcankizil.tr\/de\/wp-json\/wp\/v2\/media?parent=132382"}],"wp:term":[{"taxonomy":"category","embeddable":true,"href":"https:\/\/denizcankizil.tr\/de\/wp-json\/wp\/v2\/categories?post=132382"},{"taxonomy":"post_tag","embeddable":true,"href":"https:\/\/denizcankizil.tr\/de\/wp-json\/wp\/v2\/tags?post=132382"}],"curies":[{"name":"wp","href":"https:\/\/api.w.org\/{rel}","templated":true}]}}