{"id":131536,"date":"2025-06-30T17:41:17","date_gmt":"2025-06-30T14:41:17","guid":{"rendered":"https:\/\/denizcankizil.tr\/uncategorized-tr\/cem-kotandan-dikkat-ceken-borc-aciklamasi-her-seye-ragmen-500-milyon-tl-tasarruf-ettik\/"},"modified":"2025-06-30T17:41:17","modified_gmt":"2025-06-30T14:41:17","slug":"cem-kotandan-dikkat-ceken-borc-aciklamasi-her-seye-ragmen-500-milyon-tl-tasarruf-ettik","status":"publish","type":"post","link":"https:\/\/denizcankizil.tr\/de\/haberler\/gundem\/cem-kotandan-dikkat-ceken-borc-aciklamasi-her-seye-ragmen-500-milyon-tl-tasarruf-ettik\/","title":{"rendered":"Cem Kotan\u2019dan dikkat \u00e7eken bor\u00e7 a\u00e7\u0131klamas\u0131: \u201cHer \u015feye ra\u011fmen 500 milyon TL tasarruf ettik\u201d"},"content":{"rendered":"<p>Antalya Konyaalt\u0131 Belediye Ba\u015fkan\u0131 Cem Kotan, Tele1\u2019de yay\u0131nlanan \u2018Akdeniz Saati\u2019 program\u0131na konuk olarak Ece G\u00fcne\u015f\u2019in sorular\u0131n\u0131 yan\u0131tlad\u0131. Programda, Konyaalt\u0131 Belediyesi\u2019nin i\u00e7inde bulundu\u011fu kamula\u015ft\u0131rmas\u0131z el atma davalar\u0131ndan mali konulara, belediyede ger\u00e7ekle\u015ftirilen hizmetlerden gelecekte planlanan projelere kadar bir\u00e7ok konu konu\u015fuldu. Konyaalt\u0131\u2019nda bir a\u015fevi a\u00e7acaklar\u0131n\u0131n m\u00fcjdesini veren Ba\u015fkan Kotan, \u00fclkenin ekonomik \u015fartlar\u0131n\u0131n Konyaalt\u0131 gibi bir il\u00e7ede a\u015fevi ihtiyac\u0131 do\u011furdu\u011funu ve vatanda\u015f\u0131n pazara dahi \u00e7\u0131kamaz hale geldi\u011fini ifade etti.<\/p>\n<p>500 M\u0130LYON L\u0130RA TASARRUF<\/p>\n<p>Konyaalt\u0131\u2019nda n\u00fcfusun yakla\u015f\u0131k 196-197 bin dolaylar\u0131nda seyretti\u011fini fakat bu say\u0131n\u0131n yaz aylar\u0131nda 1 milyonu buldu\u011funu aktaran Konyaalt\u0131 Belediye Ba\u015fkan\u0131 Cem Kotan, \u201cSahilimizde g\u00fcnde 150 bin ki\u015fiyi a\u011f\u0131rl\u0131yoruz. B\u00fct\u00e7emiz n\u00fcfusumuza oranla aktar\u0131l\u0131yor ama biz bu say\u0131n\u0131n 10 kat\u0131 fazla ki\u015fiye hizmet g\u00f6t\u00fcrmek zorunday\u0131z. Bu \u00e7eli\u015fki de hizmet \u00fcretmemizi zorla\u015ft\u0131r\u0131yor\u201d \u015feklinde konu\u015ftu. T\u00fcm bu s\u0131k\u0131nt\u0131lara ra\u011fmen g\u00f6reve geldikleri an itibar\u0131yla belediye i\u00e7erisinde birtak\u0131m tasarruf tedbirleri uygulad\u0131klar\u0131n\u0131n alt\u0131n\u0131 \u00e7izen Ba\u015fkan Kotan, \u201cG\u00f6reve geldi\u011fimiz g\u00fcnden bu yana 500 Milyon TL\u2019lik bir tasarruf sa\u011flad\u0131k. Ya\u015fad\u0131\u011f\u0131m\u0131z mali s\u0131k\u0131nt\u0131n\u0131n temeli, ge\u00e7mi\u015ften kalan hukuki sorunlar. Hukuk\u00e7u kadromuz t\u00fcm bu sorunlar\u0131n \u00fcstesinden gelmeye \u00e7al\u0131\u015f\u0131yor. El birli\u011fiyle hizmet \u00fcretecek noktaya gelece\u011fiz\u201d dedi.<\/p>\n<p>\u201c\u0130NSANLAR PAZARA \u00c7IKAMAZ HALE GELD\u0130\u201d<\/p>\n<p>\u0130l\u00e7ede bulunan ev fiyatlar\u0131n\u0131n 10 ila 100 Milyon TL aras\u0131nda de\u011fi\u015fti\u011fini, evlerde ya\u015fayan \u00e7o\u011funlu\u011fun emeklilerden olu\u015ftu\u011funu ancak insanlar\u0131n ge\u00e7inemedi\u011fini aktaran Kotan, \u201cEmeklilerimiz y\u0131llar \u00f6ncesinde kendi birikimleriyle ald\u0131klar\u0131 evlerde oturuyor. \u015eimdi ise ev fiyatlar\u0131 artmas\u0131na ra\u011fmen ge\u00e7inemiyorlar\u201d dedi. Ya\u015fanan ge\u00e7im s\u0131k\u0131nt\u0131lar\u0131yla beraber Konyaalt\u0131\u2019nda bir a\u015fevi ihtiyac\u0131 do\u011fdu\u011funu vurgulayan Kotan, \u201c\u0130nsanlar pazara \u00e7\u0131kamaz hale geldi. Bu nedenle il\u00e7emizde a\u015fevi kurma haz\u0131rl\u0131klar\u0131na ba\u015flad\u0131k\u201d diye konu\u015ftu. Kotan ayr\u0131ca merkezi h\u00fck\u00fcmetin belediyelere y\u00f6nelik mali uygulamalar\u0131na da de\u011findi. Belediye b\u00fct\u00e7esinin y\u00fczde 40\u2019\u0131n\u0131n direkt olarak kesildi\u011fini ifade eden Kotan, \u201c120 Milyon TL giderimiz var ama gelen para 40 Milyon TL. Siyaset ba\u015fka, hizmet ba\u015fka. Se\u00e7imlerin ard\u0131ndan parti kimliklerini bir yana b\u0131rak\u0131p kol kola hizmet \u00fcretmek gerekir. Belediyecilik \u00fczerinden siyaset yap\u0131l\u0131yor ve bu da halk\u0131m\u0131za zarar veriyor\u201d dedi.<\/p>\n<p>EMEKL\u0130 KART PROJES\u0130 HAYATA GE\u00c7\u0130YOR<\/p>\n<p>Konyaalt\u0131 ile ilgili bir\u00e7ok hayalinin oldu\u011funu belirten Ba\u015fkan Kotan, \u201cHem akademik hem de belediyecilik anlam\u0131nda kendini yeti\u015ftirmi\u015f bir ki\u015fiyim. Konyaalt\u0131\u2019n\u0131n eksileri yok ama art\u0131lar\u0131n\u0131n da olmas\u0131 laz\u0131m. T\u00fcm engelleme politikalar\u0131na ra\u011fmen verdi\u011fim s\u00f6zlerin arkas\u0131nday\u0131m\u201d dedi. Y\u00fczme havuzundan kapal\u0131 spor salonuna kadar bir\u00e7ok projeyi ger\u00e7ekle\u015ftirmek istedi\u011finin alt\u0131n\u0131 \u00e7izen Kotan, \u201cB\u00fct\u00e7e kesintilerine ra\u011fmen biz projelerimizi yapaca\u011f\u0131z. D\u00f6rt kre\u015f s\u00f6z\u00fcm vard\u0131 ve birini a\u00e7\u0131yoruz. Sporla ilgili de her mahalleye spor kursu g\u00f6t\u00fcr\u00fcyoruz. Tenisten basketbol kursuna varana kadar y\u00fczlerce \u00e7ocu\u011fa e\u011fitim veriyoruz\u201d diye konu\u015ftu. Emeklilerin ya\u015fad\u0131\u011f\u0131 ge\u00e7im s\u0131k\u0131nt\u0131lar\u0131n\u0131n da fark\u0131nda olduklar\u0131n\u0131 ifade eden Ba\u015fkan Kotan, \u201cEmekli Kart projemizi de hayata ge\u00e7iriyoruz. Bu kart kendilerine bir\u00e7ok avantaj sa\u011flayacak. Emekli Kart ve gelecekteki t\u00fcm projelerimiz ile kendilerine verdi\u011fimiz desteklere devam edece\u011fiz\u201d diye konu\u015ftu.<\/p>\n<p>\u200bKonyaalt\u0131 Belediye Ba\u015fkan\u0131 Cem Kotan, kat\u0131ld\u0131\u011f\u0131 bir televizyon program\u0131nda \u00f6nemli a\u00e7\u0131klamalarda bulundu. Kotan, g\u00f6reve geldikleri g\u00fcnden bug\u00fcne kadar 500 milyon TL tasarruf ettiklerini ve ya\u015fanan mali s\u0131k\u0131nt\u0131lar\u0131n ge\u00e7mi\u015f d\u00f6nemlerden kalma oldu\u011funu vurgulad\u0131.\u00a0<\/p>\n<p>\u200bHaberin Al\u0131nt\u0131land\u0131\u011f\u0131 Kaynak: www.antalyakorfez.com<\/p>","protected":false},"excerpt":{"rendered":"<p>Antalya Konyaalt\u0131 Belediye Ba\u015fkan\u0131 Cem Kotan, Tele1\u2019de yay\u0131nlanan \u2018Akdeniz Saati\u2019 program\u0131na konuk olarak Ece G\u00fcne\u015f\u2019in sorular\u0131n\u0131 yan\u0131tlad\u0131. Programda, Konyaalt\u0131 Belediyesi\u2019nin i\u00e7inde bulundu\u011fu kamula\u015ft\u0131rmas\u0131z el atma davalar\u0131ndan mali konulara, belediyede ger\u00e7ekle\u015ftirilen hizmetlerden gelecekte planlanan projelere kadar bir\u00e7ok konu konu\u015fuldu. Konyaalt\u0131\u2019nda bir a\u015fevi a\u00e7acaklar\u0131n\u0131n m\u00fcjdesini veren Ba\u015fkan Kotan, \u00fclkenin ekonomik \u015fartlar\u0131n\u0131n Konyaalt\u0131 gibi bir il\u00e7ede a\u015fevi ihtiyac\u0131 do\u011furdu\u011funu ve vatanda\u015f\u0131n pazara dahi \u00e7\u0131kamaz hale geldi\u011fini ifade etti. 500 M\u0130LYON L\u0130RA TASARRUF Konyaalt\u0131\u2019nda n\u00fcfusun yakla\u015f\u0131k 196-197 bin dolaylar\u0131nda seyretti\u011fini fakat bu say\u0131n\u0131n yaz aylar\u0131nda 1 milyonu buldu\u011funu aktaran Konyaalt\u0131 Belediye Ba\u015fkan\u0131 Cem Kotan, \u201cSahilimizde g\u00fcnde 150 bin ki\u015fiyi a\u011f\u0131rl\u0131yoruz. B\u00fct\u00e7emiz n\u00fcfusumuza oranla aktar\u0131l\u0131yor ama biz bu say\u0131n\u0131n 10 kat\u0131 fazla ki\u015fiye hizmet g\u00f6t\u00fcrmek zorunday\u0131z. Bu \u00e7eli\u015fki de hizmet \u00fcretmemizi zorla\u015ft\u0131r\u0131yor\u201d \u015feklinde konu\u015ftu. T\u00fcm bu s\u0131k\u0131nt\u0131lara ra\u011fmen g\u00f6reve geldikleri an itibar\u0131yla belediye i\u00e7erisinde birtak\u0131m tasarruf tedbirleri uygulad\u0131klar\u0131n\u0131n alt\u0131n\u0131 \u00e7izen Ba\u015fkan Kotan, \u201cG\u00f6reve geldi\u011fimiz g\u00fcnden bu yana 500 Milyon TL\u2019lik bir tasarruf sa\u011flad\u0131k. Ya\u015fad\u0131\u011f\u0131m\u0131z mali s\u0131k\u0131nt\u0131n\u0131n temeli, ge\u00e7mi\u015ften kalan hukuki sorunlar. Hukuk\u00e7u kadromuz t\u00fcm bu sorunlar\u0131n \u00fcstesinden gelmeye \u00e7al\u0131\u015f\u0131yor. El birli\u011fiyle hizmet \u00fcretecek noktaya gelece\u011fiz\u201d dedi. \u201c\u0130NSANLAR PAZARA \u00c7IKAMAZ HALE GELD\u0130\u201d \u0130l\u00e7ede bulunan ev fiyatlar\u0131n\u0131n 10 ila 100 Milyon TL aras\u0131nda de\u011fi\u015fti\u011fini, evlerde ya\u015fayan \u00e7o\u011funlu\u011fun emeklilerden olu\u015ftu\u011funu ancak insanlar\u0131n ge\u00e7inemedi\u011fini aktaran Kotan, \u201cEmeklilerimiz y\u0131llar \u00f6ncesinde &hellip;<\/p>","protected":false},"author":5,"featured_media":0,"comment_status":"","ping_status":"open","sticky":false,"template":"","format":"standard","meta":{"_acf_changed":false,"footnotes":""},"categories":[24],"tags":[],"class_list":["post-131536","post","type-post","status-publish","format-standard","has-post-thumbnail","hentry","category-gundem"],"acf":[],"yoast_head":"<!-- This site is optimized with the Yoast SEO Premium plugin v26.6 (Yoast SEO v27.1.1) - https:\/\/yoast.com\/product\/yoast-seo-premium-wordpress\/ -->\n<title>Cem Kotan\u2019dan dikkat \u00e7eken bor\u00e7 a\u00e7\u0131klamas\u0131: \u201cHer \u015feye ra\u011fmen 500 milyon TL tasarruf ettik\u201d - Av. Deniz Can K\u0131z\u0131l<\/title>\n<meta name=\"robots\" content=\"index, follow, max-snippet:-1, max-image-preview:large, max-video-preview:-1\" \/>\n<link rel=\"canonical\" href=\"https:\/\/denizcankizil.tr\/de\/haberler\/gundem\/cem-kotandan-dikkat-ceken-borc-aciklamasi-her-seye-ragmen-500-milyon-tl-tasarruf-ettik\/\" \/>\n<meta property=\"og:locale\" content=\"de_DE\" \/>\n<meta property=\"og:type\" content=\"article\" \/>\n<meta property=\"og:title\" content=\"Cem Kotan\u2019dan dikkat \u00e7eken bor\u00e7 a\u00e7\u0131klamas\u0131: \u201cHer \u015feye ra\u011fmen 500 milyon TL tasarruf ettik\u201d\" \/>\n<meta property=\"og:description\" content=\"Antalya Konyaalt\u0131 Belediye Ba\u015fkan\u0131 Cem Kotan, Tele1\u2019de yay\u0131nlanan \u2018Akdeniz Saati\u2019 program\u0131na konuk olarak Ece G\u00fcne\u015f\u2019in sorular\u0131n\u0131 yan\u0131tlad\u0131. Programda, Konyaalt\u0131 Belediyesi\u2019nin i\u00e7inde bulundu\u011fu kamula\u015ft\u0131rmas\u0131z el atma davalar\u0131ndan mali konulara, belediyede ger\u00e7ekle\u015ftirilen hizmetlerden gelecekte planlanan projelere kadar bir\u00e7ok konu konu\u015fuldu. Konyaalt\u0131\u2019nda bir a\u015fevi a\u00e7acaklar\u0131n\u0131n m\u00fcjdesini veren Ba\u015fkan Kotan, \u00fclkenin ekonomik \u015fartlar\u0131n\u0131n Konyaalt\u0131 gibi bir il\u00e7ede a\u015fevi ihtiyac\u0131 do\u011furdu\u011funu ve vatanda\u015f\u0131n pazara dahi \u00e7\u0131kamaz hale geldi\u011fini ifade etti. 500 M\u0130LYON L\u0130RA TASARRUF Konyaalt\u0131\u2019nda n\u00fcfusun yakla\u015f\u0131k 196-197 bin dolaylar\u0131nda seyretti\u011fini fakat bu say\u0131n\u0131n yaz aylar\u0131nda 1 milyonu buldu\u011funu aktaran Konyaalt\u0131 Belediye Ba\u015fkan\u0131 Cem Kotan, \u201cSahilimizde g\u00fcnde 150 bin ki\u015fiyi a\u011f\u0131rl\u0131yoruz. B\u00fct\u00e7emiz n\u00fcfusumuza oranla aktar\u0131l\u0131yor ama biz bu say\u0131n\u0131n 10 kat\u0131 fazla ki\u015fiye hizmet g\u00f6t\u00fcrmek zorunday\u0131z. Bu \u00e7eli\u015fki de hizmet \u00fcretmemizi zorla\u015ft\u0131r\u0131yor\u201d \u015feklinde konu\u015ftu. T\u00fcm bu s\u0131k\u0131nt\u0131lara ra\u011fmen g\u00f6reve geldikleri an itibar\u0131yla belediye i\u00e7erisinde birtak\u0131m tasarruf tedbirleri uygulad\u0131klar\u0131n\u0131n alt\u0131n\u0131 \u00e7izen Ba\u015fkan Kotan, \u201cG\u00f6reve geldi\u011fimiz g\u00fcnden bu yana 500 Milyon TL\u2019lik bir tasarruf sa\u011flad\u0131k. Ya\u015fad\u0131\u011f\u0131m\u0131z mali s\u0131k\u0131nt\u0131n\u0131n temeli, ge\u00e7mi\u015ften kalan hukuki sorunlar. Hukuk\u00e7u kadromuz t\u00fcm bu sorunlar\u0131n \u00fcstesinden gelmeye \u00e7al\u0131\u015f\u0131yor. El birli\u011fiyle hizmet \u00fcretecek noktaya gelece\u011fiz\u201d dedi. \u201c\u0130NSANLAR PAZARA \u00c7IKAMAZ HALE GELD\u0130\u201d \u0130l\u00e7ede bulunan ev fiyatlar\u0131n\u0131n 10 ila 100 Milyon TL aras\u0131nda de\u011fi\u015fti\u011fini, evlerde ya\u015fayan \u00e7o\u011funlu\u011fun emeklilerden olu\u015ftu\u011funu ancak insanlar\u0131n ge\u00e7inemedi\u011fini aktaran Kotan, \u201cEmeklilerimiz y\u0131llar \u00f6ncesinde &hellip;\" \/>\n<meta property=\"og:url\" content=\"https:\/\/denizcankizil.tr\/de\/haberler\/gundem\/cem-kotandan-dikkat-ceken-borc-aciklamasi-her-seye-ragmen-500-milyon-tl-tasarruf-ettik\/\" \/>\n<meta property=\"og:site_name\" content=\"Av. Deniz Can K\u0131z\u0131l\" \/>\n<meta property=\"article:published_time\" content=\"2025-06-30T14:41:17+00:00\" \/>\n<meta name=\"author\" content=\"Antalya K\u00f6rfez\" \/>\n<meta name=\"twitter:card\" content=\"summary_large_image\" \/>\n<meta name=\"twitter:label1\" content=\"Verfasst von\" \/>\n\t<meta name=\"twitter:data1\" content=\"Antalya K\u00f6rfez\" \/>\n\t<meta name=\"twitter:label2\" content=\"Gesch\u00e4tzte Lesezeit\" \/>\n\t<meta name=\"twitter:data2\" content=\"3\u00a0Minuten\" \/>\n<script type=\"application\/ld+json\" class=\"yoast-schema-graph\">{\"@context\":\"https:\/\/schema.org\",\"@graph\":[{\"@type\":\"Article\",\"@id\":\"https:\/\/denizcankizil.tr\/de\/haberler\/gundem\/cem-kotandan-dikkat-ceken-borc-aciklamasi-her-seye-ragmen-500-milyon-tl-tasarruf-ettik\/#article\",\"isPartOf\":{\"@id\":\"https:\/\/denizcankizil.tr\/de\/haberler\/gundem\/cem-kotandan-dikkat-ceken-borc-aciklamasi-her-seye-ragmen-500-milyon-tl-tasarruf-ettik\/\"},\"author\":{\"name\":\"Antalya K\u00f6rfez\",\"@id\":\"https:\/\/denizcankizil.tr\/#\/schema\/person\/e1eb71bb4dd684d46563f0af307e1234\"},\"headline\":\"Cem Kotan\u2019dan dikkat \u00e7eken bor\u00e7 a\u00e7\u0131klamas\u0131: \u201cHer \u015feye ra\u011fmen 500 milyon TL tasarruf ettik\u201d\",\"datePublished\":\"2025-06-30T14:41:17+00:00\",\"mainEntityOfPage\":{\"@id\":\"https:\/\/denizcankizil.tr\/de\/haberler\/gundem\/cem-kotandan-dikkat-ceken-borc-aciklamasi-her-seye-ragmen-500-milyon-tl-tasarruf-ettik\/\"},\"wordCount\":697,\"publisher\":{\"@id\":\"https:\/\/denizcankizil.tr\/#organization\"},\"articleSection\":[\"G\u00fcndem\"],\"inLanguage\":\"de\"},{\"@type\":\"WebPage\",\"@id\":\"https:\/\/denizcankizil.tr\/de\/haberler\/gundem\/cem-kotandan-dikkat-ceken-borc-aciklamasi-her-seye-ragmen-500-milyon-tl-tasarruf-ettik\/\",\"url\":\"https:\/\/denizcankizil.tr\/de\/haberler\/gundem\/cem-kotandan-dikkat-ceken-borc-aciklamasi-her-seye-ragmen-500-milyon-tl-tasarruf-ettik\/\",\"name\":\"Cem Kotan\u2019dan dikkat \u00e7eken bor\u00e7 a\u00e7\u0131klamas\u0131: \u201cHer \u015feye ra\u011fmen 500 milyon TL tasarruf ettik\u201d - Av. Deniz Can K\u0131z\u0131l\",\"isPartOf\":{\"@id\":\"https:\/\/denizcankizil.tr\/#website\"},\"datePublished\":\"2025-06-30T14:41:17+00:00\",\"breadcrumb\":{\"@id\":\"https:\/\/denizcankizil.tr\/de\/haberler\/gundem\/cem-kotandan-dikkat-ceken-borc-aciklamasi-her-seye-ragmen-500-milyon-tl-tasarruf-ettik\/#breadcrumb\"},\"inLanguage\":\"de\",\"potentialAction\":[{\"@type\":\"ReadAction\",\"target\":[\"https:\/\/denizcankizil.tr\/de\/haberler\/gundem\/cem-kotandan-dikkat-ceken-borc-aciklamasi-her-seye-ragmen-500-milyon-tl-tasarruf-ettik\/\"]}]},{\"@type\":\"BreadcrumbList\",\"@id\":\"https:\/\/denizcankizil.tr\/de\/haberler\/gundem\/cem-kotandan-dikkat-ceken-borc-aciklamasi-her-seye-ragmen-500-milyon-tl-tasarruf-ettik\/#breadcrumb\",\"itemListElement\":[{\"@type\":\"ListItem\",\"position\":1,\"name\":\"Home\",\"item\":\"https:\/\/denizcankizil.tr\/uk\/\"},{\"@type\":\"ListItem\",\"position\":2,\"name\":\"Cem Kotan\u2019dan dikkat \u00e7eken bor\u00e7 a\u00e7\u0131klamas\u0131: \u201cHer \u015feye ra\u011fmen 500 milyon TL tasarruf ettik\u201d\"}]},{\"@type\":\"WebSite\",\"@id\":\"https:\/\/denizcankizil.tr\/#website\",\"url\":\"https:\/\/denizcankizil.tr\/\",\"name\":\"Av. Deniz Can K\u0131z\u0131l\",\"description\":\"Avukat Deniz Can K\u0131z\u0131l Antalya Barosu\",\"publisher\":{\"@id\":\"https:\/\/denizcankizil.tr\/#organization\"},\"potentialAction\":[{\"@type\":\"SearchAction\",\"target\":{\"@type\":\"EntryPoint\",\"urlTemplate\":\"https:\/\/denizcankizil.tr\/?s={search_term_string}\"},\"query-input\":{\"@type\":\"PropertyValueSpecification\",\"valueRequired\":true,\"valueName\":\"search_term_string\"}}],\"inLanguage\":\"de\"},{\"@type\":\"Organization\",\"@id\":\"https:\/\/denizcankizil.tr\/#organization\",\"name\":\"Av. Deniz Can K\u0131z\u0131l\",\"url\":\"https:\/\/denizcankizil.tr\/\",\"logo\":{\"@type\":\"ImageObject\",\"inLanguage\":\"de\",\"@id\":\"https:\/\/denizcankizil.tr\/#\/schema\/logo\/image\/\",\"url\":\"https:\/\/denizcankizil.tr\/wp-content\/uploads\/2024\/10\/siyah-logo-svg.svg\",\"contentUrl\":\"https:\/\/denizcankizil.tr\/wp-content\/uploads\/2024\/10\/siyah-logo-svg.svg\",\"width\":1080,\"height\":1080,\"caption\":\"Av. Deniz Can K\u0131z\u0131l\"},\"image\":{\"@id\":\"https:\/\/denizcankizil.tr\/#\/schema\/logo\/image\/\"}},{\"@type\":\"Person\",\"@id\":\"https:\/\/denizcankizil.tr\/#\/schema\/person\/e1eb71bb4dd684d46563f0af307e1234\",\"name\":\"Antalya K\u00f6rfez\",\"image\":{\"@type\":\"ImageObject\",\"inLanguage\":\"de\",\"@id\":\"https:\/\/denizcankizil.tr\/#\/schema\/person\/image\/\",\"url\":\"https:\/\/secure.gravatar.com\/avatar\/42b01982558a48a0b501fdcab6a408d3717ea5919095ee2e67b0e521799c5905?s=96&d=mm&r=g\",\"contentUrl\":\"https:\/\/secure.gravatar.com\/avatar\/42b01982558a48a0b501fdcab6a408d3717ea5919095ee2e67b0e521799c5905?s=96&d=mm&r=g\",\"caption\":\"Antalya K\u00f6rfez\"},\"sameAs\":[\"http:\/\/www.antalyakorfez.com\"],\"url\":\"https:\/\/www.antalyakorfez.com\/cem-kotandan-dikkat-ceken-borc-aciklamasi-her-seye-ragmen-500-milyon-tl-tasarruf-ettik\"}]}<\/script>\n<!-- \/ Yoast SEO Premium plugin. -->","yoast_head_json":{"title":"Cem Kotan\u2019dan dikkat \u00e7eken bor\u00e7 a\u00e7\u0131klamas\u0131: \u201cHer \u015feye ra\u011fmen 500 milyon TL tasarruf ettik\u201d - Av. Deniz Can K\u0131z\u0131l","robots":{"index":"index","follow":"follow","max-snippet":"max-snippet:-1","max-image-preview":"max-image-preview:large","max-video-preview":"max-video-preview:-1"},"canonical":"https:\/\/denizcankizil.tr\/de\/haberler\/gundem\/cem-kotandan-dikkat-ceken-borc-aciklamasi-her-seye-ragmen-500-milyon-tl-tasarruf-ettik\/","og_locale":"de_DE","og_type":"article","og_title":"Cem Kotan\u2019dan dikkat \u00e7eken bor\u00e7 a\u00e7\u0131klamas\u0131: \u201cHer \u015feye ra\u011fmen 500 milyon TL tasarruf ettik\u201d","og_description":"Antalya Konyaalt\u0131 Belediye Ba\u015fkan\u0131 Cem Kotan, Tele1\u2019de yay\u0131nlanan \u2018Akdeniz Saati\u2019 program\u0131na konuk olarak Ece G\u00fcne\u015f\u2019in sorular\u0131n\u0131 yan\u0131tlad\u0131. Programda, Konyaalt\u0131 Belediyesi\u2019nin i\u00e7inde bulundu\u011fu kamula\u015ft\u0131rmas\u0131z el atma davalar\u0131ndan mali konulara, belediyede ger\u00e7ekle\u015ftirilen hizmetlerden gelecekte planlanan projelere kadar bir\u00e7ok konu konu\u015fuldu. Konyaalt\u0131\u2019nda bir a\u015fevi a\u00e7acaklar\u0131n\u0131n m\u00fcjdesini veren Ba\u015fkan Kotan, \u00fclkenin ekonomik \u015fartlar\u0131n\u0131n Konyaalt\u0131 gibi bir il\u00e7ede a\u015fevi ihtiyac\u0131 do\u011furdu\u011funu ve vatanda\u015f\u0131n pazara dahi \u00e7\u0131kamaz hale geldi\u011fini ifade etti. 500 M\u0130LYON L\u0130RA TASARRUF Konyaalt\u0131\u2019nda n\u00fcfusun yakla\u015f\u0131k 196-197 bin dolaylar\u0131nda seyretti\u011fini fakat bu say\u0131n\u0131n yaz aylar\u0131nda 1 milyonu buldu\u011funu aktaran Konyaalt\u0131 Belediye Ba\u015fkan\u0131 Cem Kotan, \u201cSahilimizde g\u00fcnde 150 bin ki\u015fiyi a\u011f\u0131rl\u0131yoruz. B\u00fct\u00e7emiz n\u00fcfusumuza oranla aktar\u0131l\u0131yor ama biz bu say\u0131n\u0131n 10 kat\u0131 fazla ki\u015fiye hizmet g\u00f6t\u00fcrmek zorunday\u0131z. Bu \u00e7eli\u015fki de hizmet \u00fcretmemizi zorla\u015ft\u0131r\u0131yor\u201d \u015feklinde konu\u015ftu. T\u00fcm bu s\u0131k\u0131nt\u0131lara ra\u011fmen g\u00f6reve geldikleri an itibar\u0131yla belediye i\u00e7erisinde birtak\u0131m tasarruf tedbirleri uygulad\u0131klar\u0131n\u0131n alt\u0131n\u0131 \u00e7izen Ba\u015fkan Kotan, \u201cG\u00f6reve geldi\u011fimiz g\u00fcnden bu yana 500 Milyon TL\u2019lik bir tasarruf sa\u011flad\u0131k. Ya\u015fad\u0131\u011f\u0131m\u0131z mali s\u0131k\u0131nt\u0131n\u0131n temeli, ge\u00e7mi\u015ften kalan hukuki sorunlar. Hukuk\u00e7u kadromuz t\u00fcm bu sorunlar\u0131n \u00fcstesinden gelmeye \u00e7al\u0131\u015f\u0131yor. El birli\u011fiyle hizmet \u00fcretecek noktaya gelece\u011fiz\u201d dedi. \u201c\u0130NSANLAR PAZARA \u00c7IKAMAZ HALE GELD\u0130\u201d \u0130l\u00e7ede bulunan ev fiyatlar\u0131n\u0131n 10 ila 100 Milyon TL aras\u0131nda de\u011fi\u015fti\u011fini, evlerde ya\u015fayan \u00e7o\u011funlu\u011fun emeklilerden olu\u015ftu\u011funu ancak insanlar\u0131n ge\u00e7inemedi\u011fini aktaran Kotan, \u201cEmeklilerimiz y\u0131llar \u00f6ncesinde &hellip;","og_url":"https:\/\/denizcankizil.tr\/de\/haberler\/gundem\/cem-kotandan-dikkat-ceken-borc-aciklamasi-her-seye-ragmen-500-milyon-tl-tasarruf-ettik\/","og_site_name":"Av. Deniz Can K\u0131z\u0131l","article_published_time":"2025-06-30T14:41:17+00:00","author":"Antalya K\u00f6rfez","twitter_card":"summary_large_image","twitter_misc":{"Verfasst von":"Antalya K\u00f6rfez","Gesch\u00e4tzte Lesezeit":"3\u00a0Minuten"},"schema":{"@context":"https:\/\/schema.org","@graph":[{"@type":"Article","@id":"https:\/\/denizcankizil.tr\/de\/haberler\/gundem\/cem-kotandan-dikkat-ceken-borc-aciklamasi-her-seye-ragmen-500-milyon-tl-tasarruf-ettik\/#article","isPartOf":{"@id":"https:\/\/denizcankizil.tr\/de\/haberler\/gundem\/cem-kotandan-dikkat-ceken-borc-aciklamasi-her-seye-ragmen-500-milyon-tl-tasarruf-ettik\/"},"author":{"name":"Antalya K\u00f6rfez","@id":"https:\/\/denizcankizil.tr\/#\/schema\/person\/e1eb71bb4dd684d46563f0af307e1234"},"headline":"Cem Kotan\u2019dan dikkat \u00e7eken bor\u00e7 a\u00e7\u0131klamas\u0131: \u201cHer \u015feye ra\u011fmen 500 milyon TL tasarruf ettik\u201d","datePublished":"2025-06-30T14:41:17+00:00","mainEntityOfPage":{"@id":"https:\/\/denizcankizil.tr\/de\/haberler\/gundem\/cem-kotandan-dikkat-ceken-borc-aciklamasi-her-seye-ragmen-500-milyon-tl-tasarruf-ettik\/"},"wordCount":697,"publisher":{"@id":"https:\/\/denizcankizil.tr\/#organization"},"articleSection":["G\u00fcndem"],"inLanguage":"de"},{"@type":"WebPage","@id":"https:\/\/denizcankizil.tr\/de\/haberler\/gundem\/cem-kotandan-dikkat-ceken-borc-aciklamasi-her-seye-ragmen-500-milyon-tl-tasarruf-ettik\/","url":"https:\/\/denizcankizil.tr\/de\/haberler\/gundem\/cem-kotandan-dikkat-ceken-borc-aciklamasi-her-seye-ragmen-500-milyon-tl-tasarruf-ettik\/","name":"Cem Kotan\u2019dan dikkat \u00e7eken bor\u00e7 a\u00e7\u0131klamas\u0131: \u201cHer \u015feye ra\u011fmen 500 milyon TL tasarruf ettik\u201d - Av. Deniz Can K\u0131z\u0131l","isPartOf":{"@id":"https:\/\/denizcankizil.tr\/#website"},"datePublished":"2025-06-30T14:41:17+00:00","breadcrumb":{"@id":"https:\/\/denizcankizil.tr\/de\/haberler\/gundem\/cem-kotandan-dikkat-ceken-borc-aciklamasi-her-seye-ragmen-500-milyon-tl-tasarruf-ettik\/#breadcrumb"},"inLanguage":"de","potentialAction":[{"@type":"ReadAction","target":["https:\/\/denizcankizil.tr\/de\/haberler\/gundem\/cem-kotandan-dikkat-ceken-borc-aciklamasi-her-seye-ragmen-500-milyon-tl-tasarruf-ettik\/"]}]},{"@type":"BreadcrumbList","@id":"https:\/\/denizcankizil.tr\/de\/haberler\/gundem\/cem-kotandan-dikkat-ceken-borc-aciklamasi-her-seye-ragmen-500-milyon-tl-tasarruf-ettik\/#breadcrumb","itemListElement":[{"@type":"ListItem","position":1,"name":"Home","item":"https:\/\/denizcankizil.tr\/uk\/"},{"@type":"ListItem","position":2,"name":"Cem Kotan\u2019dan dikkat \u00e7eken bor\u00e7 a\u00e7\u0131klamas\u0131: \u201cHer \u015feye ra\u011fmen 500 milyon TL tasarruf ettik\u201d"}]},{"@type":"WebSite","@id":"https:\/\/denizcankizil.tr\/#website","url":"https:\/\/denizcankizil.tr\/","name":"Av. Deniz Can K\u0131z\u0131l","description":"Avukat Deniz Can K\u0131z\u0131l Antalya Barosu","publisher":{"@id":"https:\/\/denizcankizil.tr\/#organization"},"potentialAction":[{"@type":"SearchAction","target":{"@type":"EntryPoint","urlTemplate":"https:\/\/denizcankizil.tr\/?s={search_term_string}"},"query-input":{"@type":"PropertyValueSpecification","valueRequired":true,"valueName":"search_term_string"}}],"inLanguage":"de"},{"@type":"Organization","@id":"https:\/\/denizcankizil.tr\/#organization","name":"Av. Deniz Can K\u0131z\u0131l","url":"https:\/\/denizcankizil.tr\/","logo":{"@type":"ImageObject","inLanguage":"de","@id":"https:\/\/denizcankizil.tr\/#\/schema\/logo\/image\/","url":"https:\/\/denizcankizil.tr\/wp-content\/uploads\/2024\/10\/siyah-logo-svg.svg","contentUrl":"https:\/\/denizcankizil.tr\/wp-content\/uploads\/2024\/10\/siyah-logo-svg.svg","width":1080,"height":1080,"caption":"Av. Deniz Can K\u0131z\u0131l"},"image":{"@id":"https:\/\/denizcankizil.tr\/#\/schema\/logo\/image\/"}},{"@type":"Person","@id":"https:\/\/denizcankizil.tr\/#\/schema\/person\/e1eb71bb4dd684d46563f0af307e1234","name":"Antalya K\u00f6rfez","image":{"@type":"ImageObject","inLanguage":"de","@id":"https:\/\/denizcankizil.tr\/#\/schema\/person\/image\/","url":"https:\/\/secure.gravatar.com\/avatar\/42b01982558a48a0b501fdcab6a408d3717ea5919095ee2e67b0e521799c5905?s=96&d=mm&r=g","contentUrl":"https:\/\/secure.gravatar.com\/avatar\/42b01982558a48a0b501fdcab6a408d3717ea5919095ee2e67b0e521799c5905?s=96&d=mm&r=g","caption":"Antalya K\u00f6rfez"},"sameAs":["http:\/\/www.antalyakorfez.com"],"url":"https:\/\/www.antalyakorfez.com\/cem-kotandan-dikkat-ceken-borc-aciklamasi-her-seye-ragmen-500-milyon-tl-tasarruf-ettik"}]}},"_links":{"self":[{"href":"https:\/\/denizcankizil.tr\/de\/wp-json\/wp\/v2\/posts\/131536","targetHints":{"allow":["GET"]}}],"collection":[{"href":"https:\/\/denizcankizil.tr\/de\/wp-json\/wp\/v2\/posts"}],"about":[{"href":"https:\/\/denizcankizil.tr\/de\/wp-json\/wp\/v2\/types\/post"}],"author":[{"embeddable":true,"href":"https:\/\/denizcankizil.tr\/de\/wp-json\/wp\/v2\/users\/5"}],"replies":[{"embeddable":true,"href":"https:\/\/denizcankizil.tr\/de\/wp-json\/wp\/v2\/comments?post=131536"}],"version-history":[{"count":0,"href":"https:\/\/denizcankizil.tr\/de\/wp-json\/wp\/v2\/posts\/131536\/revisions"}],"wp:attachment":[{"href":"https:\/\/denizcankizil.tr\/de\/wp-json\/wp\/v2\/media?parent=131536"}],"wp:term":[{"taxonomy":"category","embeddable":true,"href":"https:\/\/denizcankizil.tr\/de\/wp-json\/wp\/v2\/categories?post=131536"},{"taxonomy":"post_tag","embeddable":true,"href":"https:\/\/denizcankizil.tr\/de\/wp-json\/wp\/v2\/tags?post=131536"}],"curies":[{"name":"wp","href":"https:\/\/api.w.org\/{rel}","templated":true}]}}