{"id":130691,"date":"2025-06-29T22:41:14","date_gmt":"2025-06-29T19:41:14","guid":{"rendered":"https:\/\/denizcankizil.tr\/uncategorized-tr\/antalyada-yangin-haberi-izlerken-yangin-magduru-oldu\/"},"modified":"2025-06-29T22:41:14","modified_gmt":"2025-06-29T19:41:14","slug":"antalyada-yangin-haberi-izlerken-yangin-magduru-oldu","status":"publish","type":"post","link":"https:\/\/denizcankizil.tr\/de\/haberler\/gundem\/antalyada-yangin-haberi-izlerken-yangin-magduru-oldu\/","title":{"rendered":"Antalya&#8217;da yang\u0131n haberi izlerken yang\u0131n ma\u011fduru oldu"},"content":{"rendered":"<p>Antalya\u2019n\u0131n Aksu il\u00e7esinde iki farkl\u0131 noktada \u00e7\u0131kan yang\u0131n, yakla\u015f\u0131k 3 saatlik \u00e7al\u0131\u015fman\u0131n ard\u0131ndan kontrol alt\u0131na al\u0131nd\u0131. Yang\u0131nda seralar\u0131 zarar g\u00f6ren vatanda\u015f, &#8220;\u0130zmir\u2019deki orman yang\u0131n\u0131 haberlerini izlerken elektrik gitti geldi. Bakt\u0131m yang\u0131n ba\u015flam\u0131\u015f, ev ve seralara kadar gelmi\u015f&#8221; dedi.<\/p>\n<p>3 SAAT\u0130N SONUNDA YANGIN KONTROL ALTINA ALINDI <\/p>\n<p>Aksu il\u00e7esine ba\u011fl\u0131 Yurtp\u0131nar ve Fettahl\u0131 mahallelerinde ak\u015fam saat 17.45 s\u0131ralar\u0131nda ormanl\u0131k alanlarda yang\u0131n \u00e7\u0131kt\u0131. Yurtp\u0131nar Mahallesi&#8217;nde yerle\u015fim yerlerini tehdit eden yang\u0131na ilk etapta Orman B\u00f6lge M\u00fcd\u00fcrl\u00fc\u011f\u00fc\u2019ne ba\u011fl\u0131 3 helikopter, 2 u\u00e7ak, 11 araz\u00f6z, 5 su ikmal arac\u0131, 3 ilk m\u00fcdahale arac\u0131 ve yang\u0131n i\u015f\u00e7ilerinin yan\u0131 s\u0131ra Antalya B\u00fcy\u00fck\u015fehir Belediyesi \u0130tfaiye Daire Ba\u015fkanl\u0131\u011f\u0131\u2019na ba\u011fl\u0131 \u00e7ok say\u0131da ekip m\u00fcdahale etti. Yang\u0131nda baz\u0131 seralar zarar g\u00f6r\u00fcrken, ekipler alevlerin yerle\u015fim yerlerine s\u0131\u00e7ramamas\u0131 i\u00e7in b\u00fcy\u00fck \u00e7aba sarf etti. Evlere yakla\u015fan alevlere vatanda\u015flar da hortum, kova ve trakt\u00f6rlerle m\u00fcdahale ederek s\u00f6nd\u00fcrme \u00e7al\u0131\u015fmalar\u0131na destek verdi. R\u00fczgar nedeniyle zaman zaman alevlere m\u00fcdahale etmekte g\u00fc\u00e7l\u00fck \u00e7eken ekipler ve vatanda\u015flar, yang\u0131na m\u00fcdahale esnas\u0131nda alevlerle burun buruna geldi. Yakla\u015f\u0131k 3 saatlik \u00e7al\u0131\u015fman\u0131n ard\u0131ndan yang\u0131n kontrol alt\u0131na al\u0131n\u0131rken, 5 hektar ormanl\u0131k alan ve 3 hektar orman d\u0131\u015f\u0131 alan zarar g\u00f6rd\u00fc.<\/p>\n<p>YANGIN HABERLER\u0130N\u0130 \u0130ZLERKEN YANGINDAN ZARAR G\u00d6RD\u00dc <\/p>\n<p>Evde \u0130zmir\u2019de \u00e7\u0131kan yang\u0131nla ilgili geli\u015fmeleri izlerken seralar\u0131n\u0131n yand\u0131\u011f\u0131 haberini alan Osman Aras isimli vatanda\u015f, &#8220;\u0130zmir\u2019deki yang\u0131nla ilgili haberleri izliyordum. Elektrikler bir anda gidip geldi. Kom\u015fum yang\u0131n \u00e7\u0131kt\u0131\u011f\u0131n\u0131 s\u00f6yledi. \u0130lk ba\u015fta inanmad\u0131m, alevler ev ve seralar\u0131n yak\u0131n\u0131na kadar gelmi\u015f. Benim 3 seram yand\u0131, odunlar\u0131m yand\u0131. Hayvanlar\u0131m\u0131n oldu\u011fu yere de alevler geliyordu ama fark edip s\u00f6nd\u00fcrd\u00fck. 300 tane balya vard\u0131, onlar da yand\u0131. Zarar\u0131m\u0131z b\u00fcy\u00fck. \u0130zmir\u2019deki duruma ac\u0131yorken kendi ba\u015f\u0131ma da geldi&#8221; diye konu\u015ftu.<\/p>\n<p>\u200bAntalya&#8217;n\u0131n Aksu il\u00e7esinde ak\u015fam saatlerinde 2 farkl\u0131 noktada yang\u0131n \u00e7\u0131kt\u0131. Ekiplerin 3 saatlik \u00e7al\u0131\u015fmas\u0131n\u0131n ard\u0131ndan kontrol alt\u0131na al\u0131n\u0131rken yang\u0131ndan ma\u011fduriyet ya\u015fayan vatanda\u015f, &#8220;\u0130zmir\u2019deki duruma ac\u0131yorken kendi ba\u015f\u0131ma da geldi&#8221; diye konu\u015ftu.\u00a0<\/p>\n<p>\u200bHaberin Al\u0131nt\u0131land\u0131\u011f\u0131 Kaynak: www.antalyakorfez.com<\/p>","protected":false},"excerpt":{"rendered":"<p>Antalya\u2019n\u0131n Aksu il\u00e7esinde iki farkl\u0131 noktada \u00e7\u0131kan yang\u0131n, yakla\u015f\u0131k 3 saatlik \u00e7al\u0131\u015fman\u0131n ard\u0131ndan kontrol alt\u0131na al\u0131nd\u0131. Yang\u0131nda seralar\u0131 zarar g\u00f6ren vatanda\u015f, &#8220;\u0130zmir\u2019deki orman yang\u0131n\u0131 haberlerini izlerken elektrik gitti geldi. Bakt\u0131m yang\u0131n ba\u015flam\u0131\u015f, ev ve seralara kadar gelmi\u015f&#8221; dedi. 3 SAAT\u0130N SONUNDA YANGIN KONTROL ALTINA ALINDI Aksu il\u00e7esine ba\u011fl\u0131 Yurtp\u0131nar ve Fettahl\u0131 mahallelerinde ak\u015fam saat 17.45 s\u0131ralar\u0131nda ormanl\u0131k alanlarda yang\u0131n \u00e7\u0131kt\u0131. Yurtp\u0131nar Mahallesi&#8217;nde yerle\u015fim yerlerini tehdit eden yang\u0131na ilk etapta Orman B\u00f6lge M\u00fcd\u00fcrl\u00fc\u011f\u00fc\u2019ne ba\u011fl\u0131 3 helikopter, 2 u\u00e7ak, 11 araz\u00f6z, 5 su ikmal arac\u0131, 3 ilk m\u00fcdahale arac\u0131 ve yang\u0131n i\u015f\u00e7ilerinin yan\u0131 s\u0131ra Antalya B\u00fcy\u00fck\u015fehir Belediyesi \u0130tfaiye Daire Ba\u015fkanl\u0131\u011f\u0131\u2019na ba\u011fl\u0131 \u00e7ok say\u0131da ekip m\u00fcdahale etti. Yang\u0131nda baz\u0131 seralar zarar g\u00f6r\u00fcrken, ekipler alevlerin yerle\u015fim yerlerine s\u0131\u00e7ramamas\u0131 i\u00e7in b\u00fcy\u00fck \u00e7aba sarf etti. Evlere yakla\u015fan alevlere vatanda\u015flar da hortum, kova ve trakt\u00f6rlerle m\u00fcdahale ederek s\u00f6nd\u00fcrme \u00e7al\u0131\u015fmalar\u0131na destek verdi. R\u00fczgar nedeniyle zaman zaman alevlere m\u00fcdahale etmekte g\u00fc\u00e7l\u00fck \u00e7eken ekipler ve vatanda\u015flar, yang\u0131na m\u00fcdahale esnas\u0131nda alevlerle burun buruna geldi. Yakla\u015f\u0131k 3 saatlik \u00e7al\u0131\u015fman\u0131n ard\u0131ndan yang\u0131n kontrol alt\u0131na al\u0131n\u0131rken, 5 hektar ormanl\u0131k alan ve 3 hektar orman d\u0131\u015f\u0131 alan zarar g\u00f6rd\u00fc. YANGIN HABERLER\u0130N\u0130 \u0130ZLERKEN YANGINDAN ZARAR G\u00d6RD\u00dc Evde \u0130zmir\u2019de \u00e7\u0131kan yang\u0131nla ilgili geli\u015fmeleri izlerken seralar\u0131n\u0131n yand\u0131\u011f\u0131 haberini alan Osman Aras isimli vatanda\u015f, &#8220;\u0130zmir\u2019deki yang\u0131nla ilgili haberleri izliyordum. &hellip;<\/p>","protected":false},"author":5,"featured_media":0,"comment_status":"","ping_status":"open","sticky":false,"template":"","format":"standard","meta":{"_acf_changed":false,"footnotes":""},"categories":[24],"tags":[],"class_list":["post-130691","post","type-post","status-publish","format-standard","has-post-thumbnail","hentry","category-gundem"],"acf":[],"yoast_head":"<!-- This site is optimized with the Yoast SEO Premium plugin v26.6 (Yoast SEO v27.1.1) - https:\/\/yoast.com\/product\/yoast-seo-premium-wordpress\/ -->\n<title>Antalya&#039;da yang\u0131n haberi izlerken yang\u0131n ma\u011fduru oldu - Av. Deniz Can K\u0131z\u0131l<\/title>\n<meta name=\"robots\" content=\"index, follow, max-snippet:-1, max-image-preview:large, max-video-preview:-1\" \/>\n<link rel=\"canonical\" href=\"https:\/\/denizcankizil.tr\/de\/haberler\/gundem\/antalyada-yangin-haberi-izlerken-yangin-magduru-oldu\/\" \/>\n<meta property=\"og:locale\" content=\"de_DE\" \/>\n<meta property=\"og:type\" content=\"article\" \/>\n<meta property=\"og:title\" content=\"Antalya&#039;da yang\u0131n haberi izlerken yang\u0131n ma\u011fduru oldu\" \/>\n<meta property=\"og:description\" content=\"Antalya\u2019n\u0131n Aksu il\u00e7esinde iki farkl\u0131 noktada \u00e7\u0131kan yang\u0131n, yakla\u015f\u0131k 3 saatlik \u00e7al\u0131\u015fman\u0131n ard\u0131ndan kontrol alt\u0131na al\u0131nd\u0131. Yang\u0131nda seralar\u0131 zarar g\u00f6ren vatanda\u015f, &#8220;\u0130zmir\u2019deki orman yang\u0131n\u0131 haberlerini izlerken elektrik gitti geldi. Bakt\u0131m yang\u0131n ba\u015flam\u0131\u015f, ev ve seralara kadar gelmi\u015f&#8221; dedi. 3 SAAT\u0130N SONUNDA YANGIN KONTROL ALTINA ALINDI Aksu il\u00e7esine ba\u011fl\u0131 Yurtp\u0131nar ve Fettahl\u0131 mahallelerinde ak\u015fam saat 17.45 s\u0131ralar\u0131nda ormanl\u0131k alanlarda yang\u0131n \u00e7\u0131kt\u0131. Yurtp\u0131nar Mahallesi&#8217;nde yerle\u015fim yerlerini tehdit eden yang\u0131na ilk etapta Orman B\u00f6lge M\u00fcd\u00fcrl\u00fc\u011f\u00fc\u2019ne ba\u011fl\u0131 3 helikopter, 2 u\u00e7ak, 11 araz\u00f6z, 5 su ikmal arac\u0131, 3 ilk m\u00fcdahale arac\u0131 ve yang\u0131n i\u015f\u00e7ilerinin yan\u0131 s\u0131ra Antalya B\u00fcy\u00fck\u015fehir Belediyesi \u0130tfaiye Daire Ba\u015fkanl\u0131\u011f\u0131\u2019na ba\u011fl\u0131 \u00e7ok say\u0131da ekip m\u00fcdahale etti. Yang\u0131nda baz\u0131 seralar zarar g\u00f6r\u00fcrken, ekipler alevlerin yerle\u015fim yerlerine s\u0131\u00e7ramamas\u0131 i\u00e7in b\u00fcy\u00fck \u00e7aba sarf etti. Evlere yakla\u015fan alevlere vatanda\u015flar da hortum, kova ve trakt\u00f6rlerle m\u00fcdahale ederek s\u00f6nd\u00fcrme \u00e7al\u0131\u015fmalar\u0131na destek verdi. R\u00fczgar nedeniyle zaman zaman alevlere m\u00fcdahale etmekte g\u00fc\u00e7l\u00fck \u00e7eken ekipler ve vatanda\u015flar, yang\u0131na m\u00fcdahale esnas\u0131nda alevlerle burun buruna geldi. Yakla\u015f\u0131k 3 saatlik \u00e7al\u0131\u015fman\u0131n ard\u0131ndan yang\u0131n kontrol alt\u0131na al\u0131n\u0131rken, 5 hektar ormanl\u0131k alan ve 3 hektar orman d\u0131\u015f\u0131 alan zarar g\u00f6rd\u00fc. YANGIN HABERLER\u0130N\u0130 \u0130ZLERKEN YANGINDAN ZARAR G\u00d6RD\u00dc Evde \u0130zmir\u2019de \u00e7\u0131kan yang\u0131nla ilgili geli\u015fmeleri izlerken seralar\u0131n\u0131n yand\u0131\u011f\u0131 haberini alan Osman Aras isimli vatanda\u015f, &#8220;\u0130zmir\u2019deki yang\u0131nla ilgili haberleri izliyordum. &hellip;\" \/>\n<meta property=\"og:url\" content=\"https:\/\/denizcankizil.tr\/de\/haberler\/gundem\/antalyada-yangin-haberi-izlerken-yangin-magduru-oldu\/\" \/>\n<meta property=\"og:site_name\" content=\"Av. Deniz Can K\u0131z\u0131l\" \/>\n<meta property=\"article:published_time\" content=\"2025-06-29T19:41:14+00:00\" \/>\n<meta name=\"author\" content=\"Antalya K\u00f6rfez\" \/>\n<meta name=\"twitter:card\" content=\"summary_large_image\" \/>\n<meta name=\"twitter:label1\" content=\"Verfasst von\" \/>\n\t<meta name=\"twitter:data1\" content=\"Antalya K\u00f6rfez\" \/>\n\t<meta name=\"twitter:label2\" content=\"Gesch\u00e4tzte Lesezeit\" \/>\n\t<meta name=\"twitter:data2\" content=\"2\u00a0Minuten\" \/>\n<script type=\"application\/ld+json\" class=\"yoast-schema-graph\">{\"@context\":\"https:\/\/schema.org\",\"@graph\":[{\"@type\":\"Article\",\"@id\":\"https:\/\/denizcankizil.tr\/de\/haberler\/gundem\/antalyada-yangin-haberi-izlerken-yangin-magduru-oldu\/#article\",\"isPartOf\":{\"@id\":\"https:\/\/denizcankizil.tr\/de\/haberler\/gundem\/antalyada-yangin-haberi-izlerken-yangin-magduru-oldu\/\"},\"author\":{\"name\":\"Antalya K\u00f6rfez\",\"@id\":\"https:\/\/denizcankizil.tr\/#\/schema\/person\/e1eb71bb4dd684d46563f0af307e1234\"},\"headline\":\"Antalya&#8217;da yang\u0131n haberi izlerken yang\u0131n ma\u011fduru oldu\",\"datePublished\":\"2025-06-29T19:41:14+00:00\",\"mainEntityOfPage\":{\"@id\":\"https:\/\/denizcankizil.tr\/de\/haberler\/gundem\/antalyada-yangin-haberi-izlerken-yangin-magduru-oldu\/\"},\"wordCount\":423,\"publisher\":{\"@id\":\"https:\/\/denizcankizil.tr\/#organization\"},\"articleSection\":[\"G\u00fcndem\"],\"inLanguage\":\"de\"},{\"@type\":\"WebPage\",\"@id\":\"https:\/\/denizcankizil.tr\/de\/haberler\/gundem\/antalyada-yangin-haberi-izlerken-yangin-magduru-oldu\/\",\"url\":\"https:\/\/denizcankizil.tr\/de\/haberler\/gundem\/antalyada-yangin-haberi-izlerken-yangin-magduru-oldu\/\",\"name\":\"Antalya'da yang\u0131n haberi izlerken yang\u0131n ma\u011fduru oldu - Av. Deniz Can K\u0131z\u0131l\",\"isPartOf\":{\"@id\":\"https:\/\/denizcankizil.tr\/#website\"},\"datePublished\":\"2025-06-29T19:41:14+00:00\",\"breadcrumb\":{\"@id\":\"https:\/\/denizcankizil.tr\/de\/haberler\/gundem\/antalyada-yangin-haberi-izlerken-yangin-magduru-oldu\/#breadcrumb\"},\"inLanguage\":\"de\",\"potentialAction\":[{\"@type\":\"ReadAction\",\"target\":[\"https:\/\/denizcankizil.tr\/de\/haberler\/gundem\/antalyada-yangin-haberi-izlerken-yangin-magduru-oldu\/\"]}]},{\"@type\":\"BreadcrumbList\",\"@id\":\"https:\/\/denizcankizil.tr\/de\/haberler\/gundem\/antalyada-yangin-haberi-izlerken-yangin-magduru-oldu\/#breadcrumb\",\"itemListElement\":[{\"@type\":\"ListItem\",\"position\":1,\"name\":\"Home\",\"item\":\"https:\/\/denizcankizil.tr\/de\/\"},{\"@type\":\"ListItem\",\"position\":2,\"name\":\"Antalya&#8217;da yang\u0131n haberi izlerken yang\u0131n ma\u011fduru oldu\"}]},{\"@type\":\"WebSite\",\"@id\":\"https:\/\/denizcankizil.tr\/#website\",\"url\":\"https:\/\/denizcankizil.tr\/\",\"name\":\"Av. Deniz Can K\u0131z\u0131l\",\"description\":\"Avukat Deniz Can K\u0131z\u0131l Antalya Barosu\",\"publisher\":{\"@id\":\"https:\/\/denizcankizil.tr\/#organization\"},\"potentialAction\":[{\"@type\":\"SearchAction\",\"target\":{\"@type\":\"EntryPoint\",\"urlTemplate\":\"https:\/\/denizcankizil.tr\/?s={search_term_string}\"},\"query-input\":{\"@type\":\"PropertyValueSpecification\",\"valueRequired\":true,\"valueName\":\"search_term_string\"}}],\"inLanguage\":\"de\"},{\"@type\":\"Organization\",\"@id\":\"https:\/\/denizcankizil.tr\/#organization\",\"name\":\"Av. Deniz Can K\u0131z\u0131l\",\"url\":\"https:\/\/denizcankizil.tr\/\",\"logo\":{\"@type\":\"ImageObject\",\"inLanguage\":\"de\",\"@id\":\"https:\/\/denizcankizil.tr\/#\/schema\/logo\/image\/\",\"url\":\"https:\/\/denizcankizil.tr\/wp-content\/uploads\/2024\/10\/siyah-logo-svg.svg\",\"contentUrl\":\"https:\/\/denizcankizil.tr\/wp-content\/uploads\/2024\/10\/siyah-logo-svg.svg\",\"width\":1080,\"height\":1080,\"caption\":\"Av. Deniz Can K\u0131z\u0131l\"},\"image\":{\"@id\":\"https:\/\/denizcankizil.tr\/#\/schema\/logo\/image\/\"}},{\"@type\":\"Person\",\"@id\":\"https:\/\/denizcankizil.tr\/#\/schema\/person\/e1eb71bb4dd684d46563f0af307e1234\",\"name\":\"Antalya K\u00f6rfez\",\"image\":{\"@type\":\"ImageObject\",\"inLanguage\":\"de\",\"@id\":\"https:\/\/denizcankizil.tr\/#\/schema\/person\/image\/\",\"url\":\"https:\/\/secure.gravatar.com\/avatar\/42b01982558a48a0b501fdcab6a408d3717ea5919095ee2e67b0e521799c5905?s=96&d=mm&r=g\",\"contentUrl\":\"https:\/\/secure.gravatar.com\/avatar\/42b01982558a48a0b501fdcab6a408d3717ea5919095ee2e67b0e521799c5905?s=96&d=mm&r=g\",\"caption\":\"Antalya K\u00f6rfez\"},\"sameAs\":[\"http:\/\/www.antalyakorfez.com\"],\"url\":\"https:\/\/www.antalyakorfez.com\/antalyada-yangin-haberi-izlerken-yangin-magduru-oldu\"}]}<\/script>\n<!-- \/ Yoast SEO Premium plugin. -->","yoast_head_json":{"title":"Antalya'da yang\u0131n haberi izlerken yang\u0131n ma\u011fduru oldu - Av. Deniz Can K\u0131z\u0131l","robots":{"index":"index","follow":"follow","max-snippet":"max-snippet:-1","max-image-preview":"max-image-preview:large","max-video-preview":"max-video-preview:-1"},"canonical":"https:\/\/denizcankizil.tr\/de\/haberler\/gundem\/antalyada-yangin-haberi-izlerken-yangin-magduru-oldu\/","og_locale":"de_DE","og_type":"article","og_title":"Antalya'da yang\u0131n haberi izlerken yang\u0131n ma\u011fduru oldu","og_description":"Antalya\u2019n\u0131n Aksu il\u00e7esinde iki farkl\u0131 noktada \u00e7\u0131kan yang\u0131n, yakla\u015f\u0131k 3 saatlik \u00e7al\u0131\u015fman\u0131n ard\u0131ndan kontrol alt\u0131na al\u0131nd\u0131. Yang\u0131nda seralar\u0131 zarar g\u00f6ren vatanda\u015f, &#8220;\u0130zmir\u2019deki orman yang\u0131n\u0131 haberlerini izlerken elektrik gitti geldi. Bakt\u0131m yang\u0131n ba\u015flam\u0131\u015f, ev ve seralara kadar gelmi\u015f&#8221; dedi. 3 SAAT\u0130N SONUNDA YANGIN KONTROL ALTINA ALINDI Aksu il\u00e7esine ba\u011fl\u0131 Yurtp\u0131nar ve Fettahl\u0131 mahallelerinde ak\u015fam saat 17.45 s\u0131ralar\u0131nda ormanl\u0131k alanlarda yang\u0131n \u00e7\u0131kt\u0131. Yurtp\u0131nar Mahallesi&#8217;nde yerle\u015fim yerlerini tehdit eden yang\u0131na ilk etapta Orman B\u00f6lge M\u00fcd\u00fcrl\u00fc\u011f\u00fc\u2019ne ba\u011fl\u0131 3 helikopter, 2 u\u00e7ak, 11 araz\u00f6z, 5 su ikmal arac\u0131, 3 ilk m\u00fcdahale arac\u0131 ve yang\u0131n i\u015f\u00e7ilerinin yan\u0131 s\u0131ra Antalya B\u00fcy\u00fck\u015fehir Belediyesi \u0130tfaiye Daire Ba\u015fkanl\u0131\u011f\u0131\u2019na ba\u011fl\u0131 \u00e7ok say\u0131da ekip m\u00fcdahale etti. Yang\u0131nda baz\u0131 seralar zarar g\u00f6r\u00fcrken, ekipler alevlerin yerle\u015fim yerlerine s\u0131\u00e7ramamas\u0131 i\u00e7in b\u00fcy\u00fck \u00e7aba sarf etti. Evlere yakla\u015fan alevlere vatanda\u015flar da hortum, kova ve trakt\u00f6rlerle m\u00fcdahale ederek s\u00f6nd\u00fcrme \u00e7al\u0131\u015fmalar\u0131na destek verdi. R\u00fczgar nedeniyle zaman zaman alevlere m\u00fcdahale etmekte g\u00fc\u00e7l\u00fck \u00e7eken ekipler ve vatanda\u015flar, yang\u0131na m\u00fcdahale esnas\u0131nda alevlerle burun buruna geldi. Yakla\u015f\u0131k 3 saatlik \u00e7al\u0131\u015fman\u0131n ard\u0131ndan yang\u0131n kontrol alt\u0131na al\u0131n\u0131rken, 5 hektar ormanl\u0131k alan ve 3 hektar orman d\u0131\u015f\u0131 alan zarar g\u00f6rd\u00fc. YANGIN HABERLER\u0130N\u0130 \u0130ZLERKEN YANGINDAN ZARAR G\u00d6RD\u00dc Evde \u0130zmir\u2019de \u00e7\u0131kan yang\u0131nla ilgili geli\u015fmeleri izlerken seralar\u0131n\u0131n yand\u0131\u011f\u0131 haberini alan Osman Aras isimli vatanda\u015f, &#8220;\u0130zmir\u2019deki yang\u0131nla ilgili haberleri izliyordum. &hellip;","og_url":"https:\/\/denizcankizil.tr\/de\/haberler\/gundem\/antalyada-yangin-haberi-izlerken-yangin-magduru-oldu\/","og_site_name":"Av. Deniz Can K\u0131z\u0131l","article_published_time":"2025-06-29T19:41:14+00:00","author":"Antalya K\u00f6rfez","twitter_card":"summary_large_image","twitter_misc":{"Verfasst von":"Antalya K\u00f6rfez","Gesch\u00e4tzte Lesezeit":"2\u00a0Minuten"},"schema":{"@context":"https:\/\/schema.org","@graph":[{"@type":"Article","@id":"https:\/\/denizcankizil.tr\/de\/haberler\/gundem\/antalyada-yangin-haberi-izlerken-yangin-magduru-oldu\/#article","isPartOf":{"@id":"https:\/\/denizcankizil.tr\/de\/haberler\/gundem\/antalyada-yangin-haberi-izlerken-yangin-magduru-oldu\/"},"author":{"name":"Antalya K\u00f6rfez","@id":"https:\/\/denizcankizil.tr\/#\/schema\/person\/e1eb71bb4dd684d46563f0af307e1234"},"headline":"Antalya&#8217;da yang\u0131n haberi izlerken yang\u0131n ma\u011fduru oldu","datePublished":"2025-06-29T19:41:14+00:00","mainEntityOfPage":{"@id":"https:\/\/denizcankizil.tr\/de\/haberler\/gundem\/antalyada-yangin-haberi-izlerken-yangin-magduru-oldu\/"},"wordCount":423,"publisher":{"@id":"https:\/\/denizcankizil.tr\/#organization"},"articleSection":["G\u00fcndem"],"inLanguage":"de"},{"@type":"WebPage","@id":"https:\/\/denizcankizil.tr\/de\/haberler\/gundem\/antalyada-yangin-haberi-izlerken-yangin-magduru-oldu\/","url":"https:\/\/denizcankizil.tr\/de\/haberler\/gundem\/antalyada-yangin-haberi-izlerken-yangin-magduru-oldu\/","name":"Antalya'da yang\u0131n haberi izlerken yang\u0131n ma\u011fduru oldu - Av. Deniz Can K\u0131z\u0131l","isPartOf":{"@id":"https:\/\/denizcankizil.tr\/#website"},"datePublished":"2025-06-29T19:41:14+00:00","breadcrumb":{"@id":"https:\/\/denizcankizil.tr\/de\/haberler\/gundem\/antalyada-yangin-haberi-izlerken-yangin-magduru-oldu\/#breadcrumb"},"inLanguage":"de","potentialAction":[{"@type":"ReadAction","target":["https:\/\/denizcankizil.tr\/de\/haberler\/gundem\/antalyada-yangin-haberi-izlerken-yangin-magduru-oldu\/"]}]},{"@type":"BreadcrumbList","@id":"https:\/\/denizcankizil.tr\/de\/haberler\/gundem\/antalyada-yangin-haberi-izlerken-yangin-magduru-oldu\/#breadcrumb","itemListElement":[{"@type":"ListItem","position":1,"name":"Home","item":"https:\/\/denizcankizil.tr\/de\/"},{"@type":"ListItem","position":2,"name":"Antalya&#8217;da yang\u0131n haberi izlerken yang\u0131n ma\u011fduru oldu"}]},{"@type":"WebSite","@id":"https:\/\/denizcankizil.tr\/#website","url":"https:\/\/denizcankizil.tr\/","name":"Av. Deniz Can K\u0131z\u0131l","description":"Avukat Deniz Can K\u0131z\u0131l Antalya Barosu","publisher":{"@id":"https:\/\/denizcankizil.tr\/#organization"},"potentialAction":[{"@type":"SearchAction","target":{"@type":"EntryPoint","urlTemplate":"https:\/\/denizcankizil.tr\/?s={search_term_string}"},"query-input":{"@type":"PropertyValueSpecification","valueRequired":true,"valueName":"search_term_string"}}],"inLanguage":"de"},{"@type":"Organization","@id":"https:\/\/denizcankizil.tr\/#organization","name":"Av. Deniz Can K\u0131z\u0131l","url":"https:\/\/denizcankizil.tr\/","logo":{"@type":"ImageObject","inLanguage":"de","@id":"https:\/\/denizcankizil.tr\/#\/schema\/logo\/image\/","url":"https:\/\/denizcankizil.tr\/wp-content\/uploads\/2024\/10\/siyah-logo-svg.svg","contentUrl":"https:\/\/denizcankizil.tr\/wp-content\/uploads\/2024\/10\/siyah-logo-svg.svg","width":1080,"height":1080,"caption":"Av. Deniz Can K\u0131z\u0131l"},"image":{"@id":"https:\/\/denizcankizil.tr\/#\/schema\/logo\/image\/"}},{"@type":"Person","@id":"https:\/\/denizcankizil.tr\/#\/schema\/person\/e1eb71bb4dd684d46563f0af307e1234","name":"Antalya K\u00f6rfez","image":{"@type":"ImageObject","inLanguage":"de","@id":"https:\/\/denizcankizil.tr\/#\/schema\/person\/image\/","url":"https:\/\/secure.gravatar.com\/avatar\/42b01982558a48a0b501fdcab6a408d3717ea5919095ee2e67b0e521799c5905?s=96&d=mm&r=g","contentUrl":"https:\/\/secure.gravatar.com\/avatar\/42b01982558a48a0b501fdcab6a408d3717ea5919095ee2e67b0e521799c5905?s=96&d=mm&r=g","caption":"Antalya K\u00f6rfez"},"sameAs":["http:\/\/www.antalyakorfez.com"],"url":"https:\/\/www.antalyakorfez.com\/antalyada-yangin-haberi-izlerken-yangin-magduru-oldu"}]}},"_links":{"self":[{"href":"https:\/\/denizcankizil.tr\/de\/wp-json\/wp\/v2\/posts\/130691","targetHints":{"allow":["GET"]}}],"collection":[{"href":"https:\/\/denizcankizil.tr\/de\/wp-json\/wp\/v2\/posts"}],"about":[{"href":"https:\/\/denizcankizil.tr\/de\/wp-json\/wp\/v2\/types\/post"}],"author":[{"embeddable":true,"href":"https:\/\/denizcankizil.tr\/de\/wp-json\/wp\/v2\/users\/5"}],"replies":[{"embeddable":true,"href":"https:\/\/denizcankizil.tr\/de\/wp-json\/wp\/v2\/comments?post=130691"}],"version-history":[{"count":0,"href":"https:\/\/denizcankizil.tr\/de\/wp-json\/wp\/v2\/posts\/130691\/revisions"}],"wp:attachment":[{"href":"https:\/\/denizcankizil.tr\/de\/wp-json\/wp\/v2\/media?parent=130691"}],"wp:term":[{"taxonomy":"category","embeddable":true,"href":"https:\/\/denizcankizil.tr\/de\/wp-json\/wp\/v2\/categories?post=130691"},{"taxonomy":"post_tag","embeddable":true,"href":"https:\/\/denizcankizil.tr\/de\/wp-json\/wp\/v2\/tags?post=130691"}],"curies":[{"name":"wp","href":"https:\/\/api.w.org\/{rel}","templated":true}]}}