{"id":130054,"date":"2025-06-29T06:42:28","date_gmt":"2025-06-29T03:42:28","guid":{"rendered":"https:\/\/denizcankizil.tr\/uncategorized-tr\/izmir-itfaiyesi-48-saatte-227-yangina-mudahale-etti\/"},"modified":"2025-06-29T06:42:28","modified_gmt":"2025-06-29T03:42:28","slug":"izmir-itfaiyesi-48-saatte-227-yangina-mudahale-etti","status":"publish","type":"post","link":"https:\/\/denizcankizil.tr\/de\/haberler\/gundem\/izmir-itfaiyesi-48-saatte-227-yangina-mudahale-etti\/","title":{"rendered":"\u0130zmir \u0130tfaiyesi 48 saatte 227 yang\u0131na m\u00fcdahale etti"},"content":{"rendered":"<p>\u0130zmir B\u00fcy\u00fck\u015fehir Belediyesi \u0130tfaiye Dairesi Ba\u015fkanl\u0131\u011f\u0131, \u00c7i\u011fli \u0130zkent\u2019te sigaradan \u00e7\u0131kt\u0131\u011f\u0131 tahmin edilen ve h\u0131zla yerle\u015fim yerlerine kadar yay\u0131lan yang\u0131n\u0131 kontrol alt\u0131na ald\u0131. \u0130tfaiye ekipleri, son 48 saatte 12&#8217;si orman olmak \u00fczere 227 yang\u0131na m\u00fcdahale etti.<\/p>\n<p>\u200b\u0130zmir B\u00fcy\u00fck\u015fehir Belediyesi \u0130tfaiye Dairesi Ba\u015fkanl\u0131\u011f\u0131, \u00c7i\u011fli \u0130zkent\u2019te sigaradan \u00e7\u0131kt\u0131\u011f\u0131 tahmin edilen ve h\u0131zla yerle\u015fim yerlerine kadar yay\u0131lan yang\u0131n\u0131 kontrol alt\u0131na ald\u0131. \u0130tfaiye ekipleri, son 48 saatte 12&#8217;si orman olmak \u00fczere 227 yang\u0131na m\u00fcdahale etti.\u00a0<\/p>\n<p>\u200bHaberin Al\u0131nt\u0131land\u0131\u011f\u0131 Kaynak: www.iskenderun.org<\/p>","protected":false},"excerpt":{"rendered":"<p>\u0130zmir B\u00fcy\u00fck\u015fehir Belediyesi \u0130tfaiye Dairesi Ba\u015fkanl\u0131\u011f\u0131, \u00c7i\u011fli \u0130zkent\u2019te sigaradan \u00e7\u0131kt\u0131\u011f\u0131 tahmin edilen ve h\u0131zla yerle\u015fim yerlerine kadar yay\u0131lan yang\u0131n\u0131 kontrol alt\u0131na ald\u0131. \u0130tfaiye ekipleri, son 48 saatte 12&#8217;si orman olmak \u00fczere 227 yang\u0131na m\u00fcdahale etti. \u200b\u0130zmir B\u00fcy\u00fck\u015fehir Belediyesi \u0130tfaiye Dairesi Ba\u015fkanl\u0131\u011f\u0131, \u00c7i\u011fli \u0130zkent\u2019te sigaradan \u00e7\u0131kt\u0131\u011f\u0131 tahmin edilen ve h\u0131zla yerle\u015fim yerlerine kadar yay\u0131lan yang\u0131n\u0131 kontrol alt\u0131na ald\u0131. \u0130tfaiye ekipleri, son 48 saatte 12&#8217;si orman olmak \u00fczere 227 yang\u0131na m\u00fcdahale etti.\u00a0 \u200bHaberin Al\u0131nt\u0131land\u0131\u011f\u0131 Kaynak: www.iskenderun.org<\/p>","protected":false},"author":1,"featured_media":0,"comment_status":"","ping_status":"open","sticky":false,"template":"","format":"standard","meta":{"_acf_changed":false,"footnotes":""},"categories":[24],"tags":[],"class_list":["post-130054","post","type-post","status-publish","format-standard","has-post-thumbnail","hentry","category-gundem"],"acf":[],"yoast_head":"<!-- This site is optimized with the Yoast SEO Premium plugin v26.6 (Yoast SEO v27.1.1) - https:\/\/yoast.com\/product\/yoast-seo-premium-wordpress\/ -->\n<title>\u0130zmir \u0130tfaiyesi 48 saatte 227 yang\u0131na m\u00fcdahale etti - Av. Deniz Can K\u0131z\u0131l<\/title>\n<meta name=\"robots\" content=\"index, follow, max-snippet:-1, max-image-preview:large, max-video-preview:-1\" \/>\n<link rel=\"canonical\" href=\"http:\/\/denizcankizil.tr\/de\/haberler\/gundem\/izmir-itfaiyesi-48-saatte-227-yangina-mudahale-etti\/\" \/>\n<meta property=\"og:locale\" content=\"de_DE\" \/>\n<meta property=\"og:type\" content=\"article\" \/>\n<meta property=\"og:title\" content=\"\u0130zmir \u0130tfaiyesi 48 saatte 227 yang\u0131na m\u00fcdahale etti\" \/>\n<meta property=\"og:description\" content=\"\u0130zmir B\u00fcy\u00fck\u015fehir Belediyesi \u0130tfaiye Dairesi Ba\u015fkanl\u0131\u011f\u0131, \u00c7i\u011fli \u0130zkent\u2019te sigaradan \u00e7\u0131kt\u0131\u011f\u0131 tahmin edilen ve h\u0131zla yerle\u015fim yerlerine kadar yay\u0131lan yang\u0131n\u0131 kontrol alt\u0131na ald\u0131. \u0130tfaiye ekipleri, son 48 saatte 12&#8217;si orman olmak \u00fczere 227 yang\u0131na m\u00fcdahale etti. \u200b\u0130zmir B\u00fcy\u00fck\u015fehir Belediyesi \u0130tfaiye Dairesi Ba\u015fkanl\u0131\u011f\u0131, \u00c7i\u011fli \u0130zkent\u2019te sigaradan \u00e7\u0131kt\u0131\u011f\u0131 tahmin edilen ve h\u0131zla yerle\u015fim yerlerine kadar yay\u0131lan yang\u0131n\u0131 kontrol alt\u0131na ald\u0131. \u0130tfaiye ekipleri, son 48 saatte 12&#8217;si orman olmak \u00fczere 227 yang\u0131na m\u00fcdahale etti.\u00a0 \u200bHaberin Al\u0131nt\u0131land\u0131\u011f\u0131 Kaynak: www.iskenderun.org\" \/>\n<meta property=\"og:url\" content=\"http:\/\/denizcankizil.tr\/de\/haberler\/gundem\/izmir-itfaiyesi-48-saatte-227-yangina-mudahale-etti\/\" \/>\n<meta property=\"og:site_name\" content=\"Av. Deniz Can K\u0131z\u0131l\" \/>\n<meta property=\"article:published_time\" content=\"2025-06-29T03:42:28+00:00\" \/>\n<meta name=\"author\" content=\"admin\" \/>\n<meta name=\"twitter:card\" content=\"summary_large_image\" \/>\n<meta name=\"twitter:label1\" content=\"Verfasst von\" \/>\n\t<meta name=\"twitter:data1\" content=\"admin\" \/>\n\t<meta name=\"twitter:label2\" content=\"Gesch\u00e4tzte Lesezeit\" \/>\n\t<meta name=\"twitter:data2\" content=\"1\u00a0Minute\" \/>\n<script type=\"application\/ld+json\" class=\"yoast-schema-graph\">{\"@context\":\"https:\/\/schema.org\",\"@graph\":[{\"@type\":\"Article\",\"@id\":\"http:\/\/denizcankizil.tr\/ru\/haberler\/gundem\/izmir-itfaiyesi-48-saatte-227-yangina-mudahale-etti\/#article\",\"isPartOf\":{\"@id\":\"http:\/\/denizcankizil.tr\/ru\/haberler\/gundem\/izmir-itfaiyesi-48-saatte-227-yangina-mudahale-etti\/\"},\"author\":{\"name\":\"admin\",\"@id\":\"https:\/\/denizcankizil.tr\/#\/schema\/person\/be3c05fe6a12686905512445d8185489\"},\"headline\":\"\u0130zmir \u0130tfaiyesi 48 saatte 227 yang\u0131na m\u00fcdahale etti\",\"datePublished\":\"2025-06-29T03:42:28+00:00\",\"mainEntityOfPage\":{\"@id\":\"http:\/\/denizcankizil.tr\/ru\/haberler\/gundem\/izmir-itfaiyesi-48-saatte-227-yangina-mudahale-etti\/\"},\"wordCount\":108,\"publisher\":{\"@id\":\"https:\/\/denizcankizil.tr\/#organization\"},\"articleSection\":[\"G\u00fcndem\"],\"inLanguage\":\"de\"},{\"@type\":\"WebPage\",\"@id\":\"http:\/\/denizcankizil.tr\/ru\/haberler\/gundem\/izmir-itfaiyesi-48-saatte-227-yangina-mudahale-etti\/\",\"url\":\"http:\/\/denizcankizil.tr\/ru\/haberler\/gundem\/izmir-itfaiyesi-48-saatte-227-yangina-mudahale-etti\/\",\"name\":\"\u0130zmir \u0130tfaiyesi 48 saatte 227 yang\u0131na m\u00fcdahale etti - Av. Deniz Can K\u0131z\u0131l\",\"isPartOf\":{\"@id\":\"https:\/\/denizcankizil.tr\/#website\"},\"datePublished\":\"2025-06-29T03:42:28+00:00\",\"breadcrumb\":{\"@id\":\"http:\/\/denizcankizil.tr\/ru\/haberler\/gundem\/izmir-itfaiyesi-48-saatte-227-yangina-mudahale-etti\/#breadcrumb\"},\"inLanguage\":\"de\",\"potentialAction\":[{\"@type\":\"ReadAction\",\"target\":[\"http:\/\/denizcankizil.tr\/ru\/haberler\/gundem\/izmir-itfaiyesi-48-saatte-227-yangina-mudahale-etti\/\"]}]},{\"@type\":\"BreadcrumbList\",\"@id\":\"http:\/\/denizcankizil.tr\/ru\/haberler\/gundem\/izmir-itfaiyesi-48-saatte-227-yangina-mudahale-etti\/#breadcrumb\",\"itemListElement\":[{\"@type\":\"ListItem\",\"position\":1,\"name\":\"Home\",\"item\":\"https:\/\/denizcankizil.tr\/de\/\"},{\"@type\":\"ListItem\",\"position\":2,\"name\":\"\u0130zmir \u0130tfaiyesi 48 saatte 227 yang\u0131na m\u00fcdahale etti\"}]},{\"@type\":\"WebSite\",\"@id\":\"https:\/\/denizcankizil.tr\/#website\",\"url\":\"https:\/\/denizcankizil.tr\/\",\"name\":\"Av. Deniz Can K\u0131z\u0131l\",\"description\":\"Avukat Deniz Can K\u0131z\u0131l Antalya Barosu\",\"publisher\":{\"@id\":\"https:\/\/denizcankizil.tr\/#organization\"},\"potentialAction\":[{\"@type\":\"SearchAction\",\"target\":{\"@type\":\"EntryPoint\",\"urlTemplate\":\"https:\/\/denizcankizil.tr\/?s={search_term_string}\"},\"query-input\":{\"@type\":\"PropertyValueSpecification\",\"valueRequired\":true,\"valueName\":\"search_term_string\"}}],\"inLanguage\":\"de\"},{\"@type\":\"Organization\",\"@id\":\"https:\/\/denizcankizil.tr\/#organization\",\"name\":\"Av. Deniz Can K\u0131z\u0131l\",\"url\":\"https:\/\/denizcankizil.tr\/\",\"logo\":{\"@type\":\"ImageObject\",\"inLanguage\":\"de\",\"@id\":\"https:\/\/denizcankizil.tr\/#\/schema\/logo\/image\/\",\"url\":\"https:\/\/denizcankizil.tr\/wp-content\/uploads\/2024\/10\/siyah-logo-svg.svg\",\"contentUrl\":\"https:\/\/denizcankizil.tr\/wp-content\/uploads\/2024\/10\/siyah-logo-svg.svg\",\"width\":1080,\"height\":1080,\"caption\":\"Av. Deniz Can K\u0131z\u0131l\"},\"image\":{\"@id\":\"https:\/\/denizcankizil.tr\/#\/schema\/logo\/image\/\"}},{\"@type\":\"Person\",\"@id\":\"https:\/\/denizcankizil.tr\/#\/schema\/person\/be3c05fe6a12686905512445d8185489\",\"name\":\"admin\",\"image\":{\"@type\":\"ImageObject\",\"inLanguage\":\"de\",\"@id\":\"https:\/\/denizcankizil.tr\/#\/schema\/person\/image\/\",\"url\":\"https:\/\/secure.gravatar.com\/avatar\/c1fce94c830dc79107e174f890d7210541c4a63e8e5d816341794a2151c9d58c?s=96&d=mm&r=g\",\"contentUrl\":\"https:\/\/secure.gravatar.com\/avatar\/c1fce94c830dc79107e174f890d7210541c4a63e8e5d816341794a2151c9d58c?s=96&d=mm&r=g\",\"caption\":\"admin\"},\"sameAs\":[\"http:\/\/denizcankizil.tr\"],\"url\":\"https:\/\/www.iskenderun.org\/izmir-itfaiyesi-48-saatte-227-yangina-mudahale-etti\"}]}<\/script>\n<!-- \/ Yoast SEO Premium plugin. -->","yoast_head_json":{"title":"\u0130zmir \u0130tfaiyesi 48 saatte 227 yang\u0131na m\u00fcdahale etti - Av. Deniz Can K\u0131z\u0131l","robots":{"index":"index","follow":"follow","max-snippet":"max-snippet:-1","max-image-preview":"max-image-preview:large","max-video-preview":"max-video-preview:-1"},"canonical":"http:\/\/denizcankizil.tr\/de\/haberler\/gundem\/izmir-itfaiyesi-48-saatte-227-yangina-mudahale-etti\/","og_locale":"de_DE","og_type":"article","og_title":"\u0130zmir \u0130tfaiyesi 48 saatte 227 yang\u0131na m\u00fcdahale etti","og_description":"\u0130zmir B\u00fcy\u00fck\u015fehir Belediyesi \u0130tfaiye Dairesi Ba\u015fkanl\u0131\u011f\u0131, \u00c7i\u011fli \u0130zkent\u2019te sigaradan \u00e7\u0131kt\u0131\u011f\u0131 tahmin edilen ve h\u0131zla yerle\u015fim yerlerine kadar yay\u0131lan yang\u0131n\u0131 kontrol alt\u0131na ald\u0131. \u0130tfaiye ekipleri, son 48 saatte 12&#8217;si orman olmak \u00fczere 227 yang\u0131na m\u00fcdahale etti. \u200b\u0130zmir B\u00fcy\u00fck\u015fehir Belediyesi \u0130tfaiye Dairesi Ba\u015fkanl\u0131\u011f\u0131, \u00c7i\u011fli \u0130zkent\u2019te sigaradan \u00e7\u0131kt\u0131\u011f\u0131 tahmin edilen ve h\u0131zla yerle\u015fim yerlerine kadar yay\u0131lan yang\u0131n\u0131 kontrol alt\u0131na ald\u0131. \u0130tfaiye ekipleri, son 48 saatte 12&#8217;si orman olmak \u00fczere 227 yang\u0131na m\u00fcdahale etti.\u00a0 \u200bHaberin Al\u0131nt\u0131land\u0131\u011f\u0131 Kaynak: www.iskenderun.org","og_url":"http:\/\/denizcankizil.tr\/de\/haberler\/gundem\/izmir-itfaiyesi-48-saatte-227-yangina-mudahale-etti\/","og_site_name":"Av. Deniz Can K\u0131z\u0131l","article_published_time":"2025-06-29T03:42:28+00:00","author":"admin","twitter_card":"summary_large_image","twitter_misc":{"Verfasst von":"admin","Gesch\u00e4tzte Lesezeit":"1\u00a0Minute"},"schema":{"@context":"https:\/\/schema.org","@graph":[{"@type":"Article","@id":"http:\/\/denizcankizil.tr\/ru\/haberler\/gundem\/izmir-itfaiyesi-48-saatte-227-yangina-mudahale-etti\/#article","isPartOf":{"@id":"http:\/\/denizcankizil.tr\/ru\/haberler\/gundem\/izmir-itfaiyesi-48-saatte-227-yangina-mudahale-etti\/"},"author":{"name":"admin","@id":"https:\/\/denizcankizil.tr\/#\/schema\/person\/be3c05fe6a12686905512445d8185489"},"headline":"\u0130zmir \u0130tfaiyesi 48 saatte 227 yang\u0131na m\u00fcdahale etti","datePublished":"2025-06-29T03:42:28+00:00","mainEntityOfPage":{"@id":"http:\/\/denizcankizil.tr\/ru\/haberler\/gundem\/izmir-itfaiyesi-48-saatte-227-yangina-mudahale-etti\/"},"wordCount":108,"publisher":{"@id":"https:\/\/denizcankizil.tr\/#organization"},"articleSection":["G\u00fcndem"],"inLanguage":"de"},{"@type":"WebPage","@id":"http:\/\/denizcankizil.tr\/ru\/haberler\/gundem\/izmir-itfaiyesi-48-saatte-227-yangina-mudahale-etti\/","url":"http:\/\/denizcankizil.tr\/ru\/haberler\/gundem\/izmir-itfaiyesi-48-saatte-227-yangina-mudahale-etti\/","name":"\u0130zmir \u0130tfaiyesi 48 saatte 227 yang\u0131na m\u00fcdahale etti - Av. Deniz Can K\u0131z\u0131l","isPartOf":{"@id":"https:\/\/denizcankizil.tr\/#website"},"datePublished":"2025-06-29T03:42:28+00:00","breadcrumb":{"@id":"http:\/\/denizcankizil.tr\/ru\/haberler\/gundem\/izmir-itfaiyesi-48-saatte-227-yangina-mudahale-etti\/#breadcrumb"},"inLanguage":"de","potentialAction":[{"@type":"ReadAction","target":["http:\/\/denizcankizil.tr\/ru\/haberler\/gundem\/izmir-itfaiyesi-48-saatte-227-yangina-mudahale-etti\/"]}]},{"@type":"BreadcrumbList","@id":"http:\/\/denizcankizil.tr\/ru\/haberler\/gundem\/izmir-itfaiyesi-48-saatte-227-yangina-mudahale-etti\/#breadcrumb","itemListElement":[{"@type":"ListItem","position":1,"name":"Home","item":"https:\/\/denizcankizil.tr\/de\/"},{"@type":"ListItem","position":2,"name":"\u0130zmir \u0130tfaiyesi 48 saatte 227 yang\u0131na m\u00fcdahale etti"}]},{"@type":"WebSite","@id":"https:\/\/denizcankizil.tr\/#website","url":"https:\/\/denizcankizil.tr\/","name":"Av. Deniz Can K\u0131z\u0131l","description":"Avukat Deniz Can K\u0131z\u0131l Antalya Barosu","publisher":{"@id":"https:\/\/denizcankizil.tr\/#organization"},"potentialAction":[{"@type":"SearchAction","target":{"@type":"EntryPoint","urlTemplate":"https:\/\/denizcankizil.tr\/?s={search_term_string}"},"query-input":{"@type":"PropertyValueSpecification","valueRequired":true,"valueName":"search_term_string"}}],"inLanguage":"de"},{"@type":"Organization","@id":"https:\/\/denizcankizil.tr\/#organization","name":"Av. Deniz Can K\u0131z\u0131l","url":"https:\/\/denizcankizil.tr\/","logo":{"@type":"ImageObject","inLanguage":"de","@id":"https:\/\/denizcankizil.tr\/#\/schema\/logo\/image\/","url":"https:\/\/denizcankizil.tr\/wp-content\/uploads\/2024\/10\/siyah-logo-svg.svg","contentUrl":"https:\/\/denizcankizil.tr\/wp-content\/uploads\/2024\/10\/siyah-logo-svg.svg","width":1080,"height":1080,"caption":"Av. Deniz Can K\u0131z\u0131l"},"image":{"@id":"https:\/\/denizcankizil.tr\/#\/schema\/logo\/image\/"}},{"@type":"Person","@id":"https:\/\/denizcankizil.tr\/#\/schema\/person\/be3c05fe6a12686905512445d8185489","name":"Administrator","image":{"@type":"ImageObject","inLanguage":"de","@id":"https:\/\/denizcankizil.tr\/#\/schema\/person\/image\/","url":"https:\/\/secure.gravatar.com\/avatar\/c1fce94c830dc79107e174f890d7210541c4a63e8e5d816341794a2151c9d58c?s=96&d=mm&r=g","contentUrl":"https:\/\/secure.gravatar.com\/avatar\/c1fce94c830dc79107e174f890d7210541c4a63e8e5d816341794a2151c9d58c?s=96&d=mm&r=g","caption":"admin"},"sameAs":["http:\/\/denizcankizil.tr"],"url":"https:\/\/www.iskenderun.org\/izmir-itfaiyesi-48-saatte-227-yangina-mudahale-etti"}]}},"_links":{"self":[{"href":"https:\/\/denizcankizil.tr\/de\/wp-json\/wp\/v2\/posts\/130054","targetHints":{"allow":["GET"]}}],"collection":[{"href":"https:\/\/denizcankizil.tr\/de\/wp-json\/wp\/v2\/posts"}],"about":[{"href":"https:\/\/denizcankizil.tr\/de\/wp-json\/wp\/v2\/types\/post"}],"author":[{"embeddable":true,"href":"https:\/\/denizcankizil.tr\/de\/wp-json\/wp\/v2\/users\/1"}],"replies":[{"embeddable":true,"href":"https:\/\/denizcankizil.tr\/de\/wp-json\/wp\/v2\/comments?post=130054"}],"version-history":[{"count":0,"href":"https:\/\/denizcankizil.tr\/de\/wp-json\/wp\/v2\/posts\/130054\/revisions"}],"wp:attachment":[{"href":"https:\/\/denizcankizil.tr\/de\/wp-json\/wp\/v2\/media?parent=130054"}],"wp:term":[{"taxonomy":"category","embeddable":true,"href":"https:\/\/denizcankizil.tr\/de\/wp-json\/wp\/v2\/categories?post=130054"},{"taxonomy":"post_tag","embeddable":true,"href":"https:\/\/denizcankizil.tr\/de\/wp-json\/wp\/v2\/tags?post=130054"}],"curies":[{"name":"wp","href":"https:\/\/api.w.org\/{rel}","templated":true}]}}