{"id":129487,"date":"2025-06-28T18:41:19","date_gmt":"2025-06-28T15:41:19","guid":{"rendered":"https:\/\/denizcankizil.tr\/uncategorized-tr\/gazeteci-irfan-degirmenci-gozaltina-alindi\/"},"modified":"2025-06-28T18:41:19","modified_gmt":"2025-06-28T15:41:19","slug":"gazeteci-irfan-degirmenci-gozaltina-alindi","status":"publish","type":"post","link":"https:\/\/denizcankizil.tr\/de\/haberler\/gundem\/gazeteci-irfan-degirmenci-gozaltina-alindi\/","title":{"rendered":"Gazeteci \u0130rfan De\u011firmenci g\u00f6zalt\u0131na al\u0131nd\u0131!"},"content":{"rendered":"<p>Gazeteci \u0130rfan De\u011firmenci, \u0130stanbul Kad\u0131k\u00f6y&#8217;de bulunan Yo\u011furt\u00e7u Park\u0131&#8217;nda d\u00fczenlenen bir etkinlikte konu\u015fma yapt\u0131\u011f\u0131 s\u0131rada g\u00f6zalt\u0131na al\u0131nd\u0131.<\/p>\n<p>T\u00fcrkiye \u0130\u015f\u00e7i Partisi&#8217;nin sosyal medya hesab\u0131ndan yap\u0131lan payla\u015f\u0131mda &#8220;\u0130stanbul Kad\u0131k\u00f6y Yo\u011furt\u00e7u Park\u0131\u2019nda PM \u00fcyemiz \u0130rfan De\u011firmenci ile birlikte d\u00fczenledi\u011fimiz etkinli\u011fe polis hukuksuzca abluka ve g\u00f6zalt\u0131 i\u015flemi uyguluyor. E\u015fit ve \u00f6zg\u00fcr bir ya\u015fam m\u00fccadelesi susturulamaz, yolda\u015flar\u0131m\u0131z derhal serbest b\u0131rak\u0131ls\u0131n!&#8221; ifadelerini kulland\u0131.<\/p>\n<p>AYRINTILAR GEL\u0130YOR&#8230;<\/p>\n<p>\u200bGazeteci \u0130rfan De\u011firmenci, \u0130stanbul Kad\u0131k\u00f6y Yo\u011furt\u00e7u Park\u0131\u2019nda kat\u0131ld\u0131\u011f\u0131 bir etkinlikte konu\u015fma yapt\u0131\u011f\u0131 s\u0131rada g\u00f6zalt\u0131na al\u0131nd\u0131.\u00a0<\/p>\n<p>\u200bHaberin Al\u0131nt\u0131land\u0131\u011f\u0131 Kaynak: www.antalyakorfez.com<\/p>","protected":false},"excerpt":{"rendered":"<p>Gazeteci \u0130rfan De\u011firmenci, \u0130stanbul Kad\u0131k\u00f6y&#8217;de bulunan Yo\u011furt\u00e7u Park\u0131&#8217;nda d\u00fczenlenen bir etkinlikte konu\u015fma yapt\u0131\u011f\u0131 s\u0131rada g\u00f6zalt\u0131na al\u0131nd\u0131. T\u00fcrkiye \u0130\u015f\u00e7i Partisi&#8217;nin sosyal medya hesab\u0131ndan yap\u0131lan payla\u015f\u0131mda &#8220;\u0130stanbul Kad\u0131k\u00f6y Yo\u011furt\u00e7u Park\u0131\u2019nda PM \u00fcyemiz \u0130rfan De\u011firmenci ile birlikte d\u00fczenledi\u011fimiz etkinli\u011fe polis hukuksuzca abluka ve g\u00f6zalt\u0131 i\u015flemi uyguluyor. E\u015fit ve \u00f6zg\u00fcr bir ya\u015fam m\u00fccadelesi susturulamaz, yolda\u015flar\u0131m\u0131z derhal serbest b\u0131rak\u0131ls\u0131n!&#8221; ifadelerini kulland\u0131. AYRINTILAR GEL\u0130YOR&#8230; \u200bGazeteci \u0130rfan De\u011firmenci, \u0130stanbul Kad\u0131k\u00f6y Yo\u011furt\u00e7u Park\u0131\u2019nda kat\u0131ld\u0131\u011f\u0131 bir etkinlikte konu\u015fma yapt\u0131\u011f\u0131 s\u0131rada g\u00f6zalt\u0131na al\u0131nd\u0131.\u00a0 \u200bHaberin Al\u0131nt\u0131land\u0131\u011f\u0131 Kaynak: www.antalyakorfez.com<\/p>","protected":false},"author":5,"featured_media":0,"comment_status":"","ping_status":"open","sticky":false,"template":"","format":"standard","meta":{"_acf_changed":false,"footnotes":""},"categories":[24],"tags":[],"class_list":["post-129487","post","type-post","status-publish","format-standard","has-post-thumbnail","hentry","category-gundem"],"acf":[],"yoast_head":"<!-- This site is optimized with the Yoast SEO Premium plugin v26.6 (Yoast SEO v27.1.1) - https:\/\/yoast.com\/product\/yoast-seo-premium-wordpress\/ -->\n<title>Gazeteci \u0130rfan De\u011firmenci g\u00f6zalt\u0131na al\u0131nd\u0131! - Av. Deniz Can K\u0131z\u0131l<\/title>\n<meta name=\"robots\" content=\"index, follow, max-snippet:-1, max-image-preview:large, max-video-preview:-1\" \/>\n<link rel=\"canonical\" href=\"https:\/\/denizcankizil.tr\/de\/haberler\/gundem\/gazeteci-irfan-degirmenci-gozaltina-alindi\/\" \/>\n<meta property=\"og:locale\" content=\"de_DE\" \/>\n<meta property=\"og:type\" content=\"article\" \/>\n<meta property=\"og:title\" content=\"Gazeteci \u0130rfan De\u011firmenci g\u00f6zalt\u0131na al\u0131nd\u0131!\" \/>\n<meta property=\"og:description\" content=\"Gazeteci \u0130rfan De\u011firmenci, \u0130stanbul Kad\u0131k\u00f6y&#8217;de bulunan Yo\u011furt\u00e7u Park\u0131&#8217;nda d\u00fczenlenen bir etkinlikte konu\u015fma yapt\u0131\u011f\u0131 s\u0131rada g\u00f6zalt\u0131na al\u0131nd\u0131. T\u00fcrkiye \u0130\u015f\u00e7i Partisi&#8217;nin sosyal medya hesab\u0131ndan yap\u0131lan payla\u015f\u0131mda &#8220;\u0130stanbul Kad\u0131k\u00f6y Yo\u011furt\u00e7u Park\u0131\u2019nda PM \u00fcyemiz \u0130rfan De\u011firmenci ile birlikte d\u00fczenledi\u011fimiz etkinli\u011fe polis hukuksuzca abluka ve g\u00f6zalt\u0131 i\u015flemi uyguluyor. E\u015fit ve \u00f6zg\u00fcr bir ya\u015fam m\u00fccadelesi susturulamaz, yolda\u015flar\u0131m\u0131z derhal serbest b\u0131rak\u0131ls\u0131n!&#8221; ifadelerini kulland\u0131. AYRINTILAR GEL\u0130YOR&#8230; \u200bGazeteci \u0130rfan De\u011firmenci, \u0130stanbul Kad\u0131k\u00f6y Yo\u011furt\u00e7u Park\u0131\u2019nda kat\u0131ld\u0131\u011f\u0131 bir etkinlikte konu\u015fma yapt\u0131\u011f\u0131 s\u0131rada g\u00f6zalt\u0131na al\u0131nd\u0131.\u00a0 \u200bHaberin Al\u0131nt\u0131land\u0131\u011f\u0131 Kaynak: www.antalyakorfez.com\" \/>\n<meta property=\"og:url\" content=\"https:\/\/denizcankizil.tr\/de\/haberler\/gundem\/gazeteci-irfan-degirmenci-gozaltina-alindi\/\" \/>\n<meta property=\"og:site_name\" content=\"Av. Deniz Can K\u0131z\u0131l\" \/>\n<meta property=\"article:published_time\" content=\"2025-06-28T15:41:19+00:00\" \/>\n<meta name=\"author\" content=\"Antalya K\u00f6rfez\" \/>\n<meta name=\"twitter:card\" content=\"summary_large_image\" \/>\n<meta name=\"twitter:label1\" content=\"Verfasst von\" \/>\n\t<meta name=\"twitter:data1\" content=\"Antalya K\u00f6rfez\" \/>\n\t<meta name=\"twitter:label2\" content=\"Gesch\u00e4tzte Lesezeit\" \/>\n\t<meta name=\"twitter:data2\" content=\"1\u00a0Minute\" \/>\n<script type=\"application\/ld+json\" class=\"yoast-schema-graph\">{\"@context\":\"https:\/\/schema.org\",\"@graph\":[{\"@type\":\"Article\",\"@id\":\"https:\/\/denizcankizil.tr\/de\/haberler\/gundem\/gazeteci-irfan-degirmenci-gozaltina-alindi\/#article\",\"isPartOf\":{\"@id\":\"https:\/\/denizcankizil.tr\/de\/haberler\/gundem\/gazeteci-irfan-degirmenci-gozaltina-alindi\/\"},\"author\":{\"name\":\"Antalya K\u00f6rfez\",\"@id\":\"https:\/\/denizcankizil.tr\/#\/schema\/person\/e1eb71bb4dd684d46563f0af307e1234\"},\"headline\":\"Gazeteci \u0130rfan De\u011firmenci g\u00f6zalt\u0131na al\u0131nd\u0131!\",\"datePublished\":\"2025-06-28T15:41:19+00:00\",\"mainEntityOfPage\":{\"@id\":\"https:\/\/denizcankizil.tr\/de\/haberler\/gundem\/gazeteci-irfan-degirmenci-gozaltina-alindi\/\"},\"wordCount\":142,\"publisher\":{\"@id\":\"https:\/\/denizcankizil.tr\/#organization\"},\"articleSection\":[\"G\u00fcndem\"],\"inLanguage\":\"de\"},{\"@type\":\"WebPage\",\"@id\":\"https:\/\/denizcankizil.tr\/de\/haberler\/gundem\/gazeteci-irfan-degirmenci-gozaltina-alindi\/\",\"url\":\"https:\/\/denizcankizil.tr\/de\/haberler\/gundem\/gazeteci-irfan-degirmenci-gozaltina-alindi\/\",\"name\":\"Gazeteci \u0130rfan De\u011firmenci g\u00f6zalt\u0131na al\u0131nd\u0131! - Av. Deniz Can K\u0131z\u0131l\",\"isPartOf\":{\"@id\":\"https:\/\/denizcankizil.tr\/#website\"},\"datePublished\":\"2025-06-28T15:41:19+00:00\",\"breadcrumb\":{\"@id\":\"https:\/\/denizcankizil.tr\/de\/haberler\/gundem\/gazeteci-irfan-degirmenci-gozaltina-alindi\/#breadcrumb\"},\"inLanguage\":\"de\",\"potentialAction\":[{\"@type\":\"ReadAction\",\"target\":[\"https:\/\/denizcankizil.tr\/de\/haberler\/gundem\/gazeteci-irfan-degirmenci-gozaltina-alindi\/\"]}]},{\"@type\":\"BreadcrumbList\",\"@id\":\"https:\/\/denizcankizil.tr\/de\/haberler\/gundem\/gazeteci-irfan-degirmenci-gozaltina-alindi\/#breadcrumb\",\"itemListElement\":[{\"@type\":\"ListItem\",\"position\":1,\"name\":\"Home\",\"item\":\"https:\/\/denizcankizil.tr\/uk\/\"},{\"@type\":\"ListItem\",\"position\":2,\"name\":\"Gazeteci \u0130rfan De\u011firmenci g\u00f6zalt\u0131na al\u0131nd\u0131!\"}]},{\"@type\":\"WebSite\",\"@id\":\"https:\/\/denizcankizil.tr\/#website\",\"url\":\"https:\/\/denizcankizil.tr\/\",\"name\":\"Av. Deniz Can K\u0131z\u0131l\",\"description\":\"Avukat Deniz Can K\u0131z\u0131l Antalya Barosu\",\"publisher\":{\"@id\":\"https:\/\/denizcankizil.tr\/#organization\"},\"potentialAction\":[{\"@type\":\"SearchAction\",\"target\":{\"@type\":\"EntryPoint\",\"urlTemplate\":\"https:\/\/denizcankizil.tr\/?s={search_term_string}\"},\"query-input\":{\"@type\":\"PropertyValueSpecification\",\"valueRequired\":true,\"valueName\":\"search_term_string\"}}],\"inLanguage\":\"de\"},{\"@type\":\"Organization\",\"@id\":\"https:\/\/denizcankizil.tr\/#organization\",\"name\":\"Av. Deniz Can K\u0131z\u0131l\",\"url\":\"https:\/\/denizcankizil.tr\/\",\"logo\":{\"@type\":\"ImageObject\",\"inLanguage\":\"de\",\"@id\":\"https:\/\/denizcankizil.tr\/#\/schema\/logo\/image\/\",\"url\":\"https:\/\/denizcankizil.tr\/wp-content\/uploads\/2024\/10\/siyah-logo-svg.svg\",\"contentUrl\":\"https:\/\/denizcankizil.tr\/wp-content\/uploads\/2024\/10\/siyah-logo-svg.svg\",\"width\":1080,\"height\":1080,\"caption\":\"Av. Deniz Can K\u0131z\u0131l\"},\"image\":{\"@id\":\"https:\/\/denizcankizil.tr\/#\/schema\/logo\/image\/\"}},{\"@type\":\"Person\",\"@id\":\"https:\/\/denizcankizil.tr\/#\/schema\/person\/e1eb71bb4dd684d46563f0af307e1234\",\"name\":\"Antalya K\u00f6rfez\",\"image\":{\"@type\":\"ImageObject\",\"inLanguage\":\"de\",\"@id\":\"https:\/\/denizcankizil.tr\/#\/schema\/person\/image\/\",\"url\":\"https:\/\/secure.gravatar.com\/avatar\/42b01982558a48a0b501fdcab6a408d3717ea5919095ee2e67b0e521799c5905?s=96&d=mm&r=g\",\"contentUrl\":\"https:\/\/secure.gravatar.com\/avatar\/42b01982558a48a0b501fdcab6a408d3717ea5919095ee2e67b0e521799c5905?s=96&d=mm&r=g\",\"caption\":\"Antalya K\u00f6rfez\"},\"sameAs\":[\"http:\/\/www.antalyakorfez.com\"],\"url\":\"https:\/\/www.antalyakorfez.com\/gazeteci-irfan-degirmenci-gozaltina-alindi\"}]}<\/script>\n<!-- \/ Yoast SEO Premium plugin. -->","yoast_head_json":{"title":"Gazeteci \u0130rfan De\u011firmenci g\u00f6zalt\u0131na al\u0131nd\u0131! - Av. Deniz Can K\u0131z\u0131l","robots":{"index":"index","follow":"follow","max-snippet":"max-snippet:-1","max-image-preview":"max-image-preview:large","max-video-preview":"max-video-preview:-1"},"canonical":"https:\/\/denizcankizil.tr\/de\/haberler\/gundem\/gazeteci-irfan-degirmenci-gozaltina-alindi\/","og_locale":"de_DE","og_type":"article","og_title":"Gazeteci \u0130rfan De\u011firmenci g\u00f6zalt\u0131na al\u0131nd\u0131!","og_description":"Gazeteci \u0130rfan De\u011firmenci, \u0130stanbul Kad\u0131k\u00f6y&#8217;de bulunan Yo\u011furt\u00e7u Park\u0131&#8217;nda d\u00fczenlenen bir etkinlikte konu\u015fma yapt\u0131\u011f\u0131 s\u0131rada g\u00f6zalt\u0131na al\u0131nd\u0131. T\u00fcrkiye \u0130\u015f\u00e7i Partisi&#8217;nin sosyal medya hesab\u0131ndan yap\u0131lan payla\u015f\u0131mda &#8220;\u0130stanbul Kad\u0131k\u00f6y Yo\u011furt\u00e7u Park\u0131\u2019nda PM \u00fcyemiz \u0130rfan De\u011firmenci ile birlikte d\u00fczenledi\u011fimiz etkinli\u011fe polis hukuksuzca abluka ve g\u00f6zalt\u0131 i\u015flemi uyguluyor. E\u015fit ve \u00f6zg\u00fcr bir ya\u015fam m\u00fccadelesi susturulamaz, yolda\u015flar\u0131m\u0131z derhal serbest b\u0131rak\u0131ls\u0131n!&#8221; ifadelerini kulland\u0131. AYRINTILAR GEL\u0130YOR&#8230; \u200bGazeteci \u0130rfan De\u011firmenci, \u0130stanbul Kad\u0131k\u00f6y Yo\u011furt\u00e7u Park\u0131\u2019nda kat\u0131ld\u0131\u011f\u0131 bir etkinlikte konu\u015fma yapt\u0131\u011f\u0131 s\u0131rada g\u00f6zalt\u0131na al\u0131nd\u0131.\u00a0 \u200bHaberin Al\u0131nt\u0131land\u0131\u011f\u0131 Kaynak: www.antalyakorfez.com","og_url":"https:\/\/denizcankizil.tr\/de\/haberler\/gundem\/gazeteci-irfan-degirmenci-gozaltina-alindi\/","og_site_name":"Av. Deniz Can K\u0131z\u0131l","article_published_time":"2025-06-28T15:41:19+00:00","author":"Antalya K\u00f6rfez","twitter_card":"summary_large_image","twitter_misc":{"Verfasst von":"Antalya K\u00f6rfez","Gesch\u00e4tzte Lesezeit":"1\u00a0Minute"},"schema":{"@context":"https:\/\/schema.org","@graph":[{"@type":"Article","@id":"https:\/\/denizcankizil.tr\/de\/haberler\/gundem\/gazeteci-irfan-degirmenci-gozaltina-alindi\/#article","isPartOf":{"@id":"https:\/\/denizcankizil.tr\/de\/haberler\/gundem\/gazeteci-irfan-degirmenci-gozaltina-alindi\/"},"author":{"name":"Antalya K\u00f6rfez","@id":"https:\/\/denizcankizil.tr\/#\/schema\/person\/e1eb71bb4dd684d46563f0af307e1234"},"headline":"Gazeteci \u0130rfan De\u011firmenci g\u00f6zalt\u0131na al\u0131nd\u0131!","datePublished":"2025-06-28T15:41:19+00:00","mainEntityOfPage":{"@id":"https:\/\/denizcankizil.tr\/de\/haberler\/gundem\/gazeteci-irfan-degirmenci-gozaltina-alindi\/"},"wordCount":142,"publisher":{"@id":"https:\/\/denizcankizil.tr\/#organization"},"articleSection":["G\u00fcndem"],"inLanguage":"de"},{"@type":"WebPage","@id":"https:\/\/denizcankizil.tr\/de\/haberler\/gundem\/gazeteci-irfan-degirmenci-gozaltina-alindi\/","url":"https:\/\/denizcankizil.tr\/de\/haberler\/gundem\/gazeteci-irfan-degirmenci-gozaltina-alindi\/","name":"Gazeteci \u0130rfan De\u011firmenci g\u00f6zalt\u0131na al\u0131nd\u0131! - Av. Deniz Can K\u0131z\u0131l","isPartOf":{"@id":"https:\/\/denizcankizil.tr\/#website"},"datePublished":"2025-06-28T15:41:19+00:00","breadcrumb":{"@id":"https:\/\/denizcankizil.tr\/de\/haberler\/gundem\/gazeteci-irfan-degirmenci-gozaltina-alindi\/#breadcrumb"},"inLanguage":"de","potentialAction":[{"@type":"ReadAction","target":["https:\/\/denizcankizil.tr\/de\/haberler\/gundem\/gazeteci-irfan-degirmenci-gozaltina-alindi\/"]}]},{"@type":"BreadcrumbList","@id":"https:\/\/denizcankizil.tr\/de\/haberler\/gundem\/gazeteci-irfan-degirmenci-gozaltina-alindi\/#breadcrumb","itemListElement":[{"@type":"ListItem","position":1,"name":"Home","item":"https:\/\/denizcankizil.tr\/uk\/"},{"@type":"ListItem","position":2,"name":"Gazeteci \u0130rfan De\u011firmenci g\u00f6zalt\u0131na al\u0131nd\u0131!"}]},{"@type":"WebSite","@id":"https:\/\/denizcankizil.tr\/#website","url":"https:\/\/denizcankizil.tr\/","name":"Av. Deniz Can K\u0131z\u0131l","description":"Avukat Deniz Can K\u0131z\u0131l Antalya Barosu","publisher":{"@id":"https:\/\/denizcankizil.tr\/#organization"},"potentialAction":[{"@type":"SearchAction","target":{"@type":"EntryPoint","urlTemplate":"https:\/\/denizcankizil.tr\/?s={search_term_string}"},"query-input":{"@type":"PropertyValueSpecification","valueRequired":true,"valueName":"search_term_string"}}],"inLanguage":"de"},{"@type":"Organization","@id":"https:\/\/denizcankizil.tr\/#organization","name":"Av. Deniz Can K\u0131z\u0131l","url":"https:\/\/denizcankizil.tr\/","logo":{"@type":"ImageObject","inLanguage":"de","@id":"https:\/\/denizcankizil.tr\/#\/schema\/logo\/image\/","url":"https:\/\/denizcankizil.tr\/wp-content\/uploads\/2024\/10\/siyah-logo-svg.svg","contentUrl":"https:\/\/denizcankizil.tr\/wp-content\/uploads\/2024\/10\/siyah-logo-svg.svg","width":1080,"height":1080,"caption":"Av. Deniz Can K\u0131z\u0131l"},"image":{"@id":"https:\/\/denizcankizil.tr\/#\/schema\/logo\/image\/"}},{"@type":"Person","@id":"https:\/\/denizcankizil.tr\/#\/schema\/person\/e1eb71bb4dd684d46563f0af307e1234","name":"Antalya K\u00f6rfez","image":{"@type":"ImageObject","inLanguage":"de","@id":"https:\/\/denizcankizil.tr\/#\/schema\/person\/image\/","url":"https:\/\/secure.gravatar.com\/avatar\/42b01982558a48a0b501fdcab6a408d3717ea5919095ee2e67b0e521799c5905?s=96&d=mm&r=g","contentUrl":"https:\/\/secure.gravatar.com\/avatar\/42b01982558a48a0b501fdcab6a408d3717ea5919095ee2e67b0e521799c5905?s=96&d=mm&r=g","caption":"Antalya K\u00f6rfez"},"sameAs":["http:\/\/www.antalyakorfez.com"],"url":"https:\/\/www.antalyakorfez.com\/gazeteci-irfan-degirmenci-gozaltina-alindi"}]}},"_links":{"self":[{"href":"https:\/\/denizcankizil.tr\/de\/wp-json\/wp\/v2\/posts\/129487","targetHints":{"allow":["GET"]}}],"collection":[{"href":"https:\/\/denizcankizil.tr\/de\/wp-json\/wp\/v2\/posts"}],"about":[{"href":"https:\/\/denizcankizil.tr\/de\/wp-json\/wp\/v2\/types\/post"}],"author":[{"embeddable":true,"href":"https:\/\/denizcankizil.tr\/de\/wp-json\/wp\/v2\/users\/5"}],"replies":[{"embeddable":true,"href":"https:\/\/denizcankizil.tr\/de\/wp-json\/wp\/v2\/comments?post=129487"}],"version-history":[{"count":0,"href":"https:\/\/denizcankizil.tr\/de\/wp-json\/wp\/v2\/posts\/129487\/revisions"}],"wp:attachment":[{"href":"https:\/\/denizcankizil.tr\/de\/wp-json\/wp\/v2\/media?parent=129487"}],"wp:term":[{"taxonomy":"category","embeddable":true,"href":"https:\/\/denizcankizil.tr\/de\/wp-json\/wp\/v2\/categories?post=129487"},{"taxonomy":"post_tag","embeddable":true,"href":"https:\/\/denizcankizil.tr\/de\/wp-json\/wp\/v2\/tags?post=129487"}],"curies":[{"name":"wp","href":"https:\/\/api.w.org\/{rel}","templated":true}]}}