{"id":129446,"date":"2025-06-28T17:41:15","date_gmt":"2025-06-28T14:41:15","guid":{"rendered":"https:\/\/denizcankizil.tr\/uncategorized-tr\/turkiye-kavruluyor-antalyadan-sonra-sanliurfa\/"},"modified":"2025-06-28T17:41:15","modified_gmt":"2025-06-28T14:41:15","slug":"turkiye-kavruluyor-antalyadan-sonra-sanliurfa","status":"publish","type":"post","link":"https:\/\/denizcankizil.tr\/de\/haberler\/gundem\/turkiye-kavruluyor-antalyadan-sonra-sanliurfa\/","title":{"rendered":"T\u00fcrkiye kavruluyor: Antalya\u2019dan sonra \u015eanl\u0131urfa\u2026"},"content":{"rendered":"<p>T\u00fcrkiye&#8217;nin en s\u0131cak kentlerinden biri olan \u015eanl\u0131urfa&#8217;da termometreler 52 dereceyi g\u00f6sterdi. S\u0131caktan korunmak isteyen baz\u0131 vatanda\u015flar evinde, baz\u0131s\u0131 da ye\u015fil alanlarda serinlemeye \u00e7al\u0131\u015ft\u0131. Adeta Afrika s\u0131caklar\u0131 etkisinin ya\u015fand\u0131\u011f\u0131 kentte, uzmanlar g\u00fcne\u015f \u00e7arpmas\u0131na kar\u015f\u0131 vatanda\u015flara dikkatli olmalar\u0131 uyar\u0131s\u0131nda bulundu.<\/p>\n<p>&#8220;TER\u0130M\u0130Z\u0130 S\u0130LMEYE PE\u00c7ETE YETM\u0130YOR&#8221;<\/p>\n<p>Hava s\u0131cakl\u0131\u011f\u0131n\u0131n a\u015f\u0131r\u0131 y\u00fcksek oldu\u011funu belirten H\u00fcseyin Aslan isimli vatanda\u015f, &#8220;Sanki cehennem ate\u015fi Urfa&#8217;da yan\u0131yor. Bu nas\u0131l bir s\u0131cak, biberi atsak yerde pi\u015fer. 50 derece s\u0131cakl\u0131k var. G\u00f6stergeler bile gidip geliyor. Terimizi silmeye pe\u00e7ete yetmiyor&#8221; ifadelerini kulland\u0131.<\/p>\n<p>\u200bAfrika\u2019dan gelen s\u0131cak hava dalgas\u0131 T\u00fcrkiye\u2019yi etkisi alt\u0131na ald\u0131. Antalya\u2019dan sonra \u015eanl\u0131urfa\u2019da da termometreler 52 dereceyi g\u00f6sterdi\u00a0<\/p>\n<p>\u200bHaberin Al\u0131nt\u0131land\u0131\u011f\u0131 Kaynak: www.antalyakorfez.com<\/p>","protected":false},"excerpt":{"rendered":"<p>T\u00fcrkiye&#8217;nin en s\u0131cak kentlerinden biri olan \u015eanl\u0131urfa&#8217;da termometreler 52 dereceyi g\u00f6sterdi. S\u0131caktan korunmak isteyen baz\u0131 vatanda\u015flar evinde, baz\u0131s\u0131 da ye\u015fil alanlarda serinlemeye \u00e7al\u0131\u015ft\u0131. Adeta Afrika s\u0131caklar\u0131 etkisinin ya\u015fand\u0131\u011f\u0131 kentte, uzmanlar g\u00fcne\u015f \u00e7arpmas\u0131na kar\u015f\u0131 vatanda\u015flara dikkatli olmalar\u0131 uyar\u0131s\u0131nda bulundu. &#8220;TER\u0130M\u0130Z\u0130 S\u0130LMEYE PE\u00c7ETE YETM\u0130YOR&#8221; Hava s\u0131cakl\u0131\u011f\u0131n\u0131n a\u015f\u0131r\u0131 y\u00fcksek oldu\u011funu belirten H\u00fcseyin Aslan isimli vatanda\u015f, &#8220;Sanki cehennem ate\u015fi Urfa&#8217;da yan\u0131yor. Bu nas\u0131l bir s\u0131cak, biberi atsak yerde pi\u015fer. 50 derece s\u0131cakl\u0131k var. G\u00f6stergeler bile gidip geliyor. Terimizi silmeye pe\u00e7ete yetmiyor&#8221; ifadelerini kulland\u0131. \u200bAfrika\u2019dan gelen s\u0131cak hava dalgas\u0131 T\u00fcrkiye\u2019yi etkisi alt\u0131na ald\u0131. Antalya\u2019dan sonra \u015eanl\u0131urfa\u2019da da termometreler 52 dereceyi g\u00f6sterdi\u00a0 \u200bHaberin Al\u0131nt\u0131land\u0131\u011f\u0131 Kaynak: www.antalyakorfez.com<\/p>","protected":false},"author":5,"featured_media":0,"comment_status":"","ping_status":"open","sticky":false,"template":"","format":"standard","meta":{"_acf_changed":false,"footnotes":""},"categories":[24],"tags":[],"class_list":["post-129446","post","type-post","status-publish","format-standard","has-post-thumbnail","hentry","category-gundem"],"acf":[],"yoast_head":"<!-- This site is optimized with the Yoast SEO Premium plugin v26.6 (Yoast SEO v27.1.1) - https:\/\/yoast.com\/product\/yoast-seo-premium-wordpress\/ -->\n<title>T\u00fcrkiye kavruluyor: Antalya\u2019dan sonra \u015eanl\u0131urfa\u2026 - Av. Deniz Can K\u0131z\u0131l<\/title>\n<meta name=\"robots\" content=\"index, follow, max-snippet:-1, max-image-preview:large, max-video-preview:-1\" \/>\n<link rel=\"canonical\" href=\"https:\/\/denizcankizil.tr\/de\/haberler\/gundem\/turkiye-kavruluyor-antalyadan-sonra-sanliurfa\/\" \/>\n<meta property=\"og:locale\" content=\"de_DE\" \/>\n<meta property=\"og:type\" content=\"article\" \/>\n<meta property=\"og:title\" content=\"T\u00fcrkiye kavruluyor: Antalya\u2019dan sonra \u015eanl\u0131urfa\u2026\" \/>\n<meta property=\"og:description\" content=\"T\u00fcrkiye&#8217;nin en s\u0131cak kentlerinden biri olan \u015eanl\u0131urfa&#8217;da termometreler 52 dereceyi g\u00f6sterdi. S\u0131caktan korunmak isteyen baz\u0131 vatanda\u015flar evinde, baz\u0131s\u0131 da ye\u015fil alanlarda serinlemeye \u00e7al\u0131\u015ft\u0131. Adeta Afrika s\u0131caklar\u0131 etkisinin ya\u015fand\u0131\u011f\u0131 kentte, uzmanlar g\u00fcne\u015f \u00e7arpmas\u0131na kar\u015f\u0131 vatanda\u015flara dikkatli olmalar\u0131 uyar\u0131s\u0131nda bulundu. &#8220;TER\u0130M\u0130Z\u0130 S\u0130LMEYE PE\u00c7ETE YETM\u0130YOR&#8221; Hava s\u0131cakl\u0131\u011f\u0131n\u0131n a\u015f\u0131r\u0131 y\u00fcksek oldu\u011funu belirten H\u00fcseyin Aslan isimli vatanda\u015f, &#8220;Sanki cehennem ate\u015fi Urfa&#8217;da yan\u0131yor. Bu nas\u0131l bir s\u0131cak, biberi atsak yerde pi\u015fer. 50 derece s\u0131cakl\u0131k var. G\u00f6stergeler bile gidip geliyor. Terimizi silmeye pe\u00e7ete yetmiyor&#8221; ifadelerini kulland\u0131. \u200bAfrika\u2019dan gelen s\u0131cak hava dalgas\u0131 T\u00fcrkiye\u2019yi etkisi alt\u0131na ald\u0131. Antalya\u2019dan sonra \u015eanl\u0131urfa\u2019da da termometreler 52 dereceyi g\u00f6sterdi\u00a0 \u200bHaberin Al\u0131nt\u0131land\u0131\u011f\u0131 Kaynak: www.antalyakorfez.com\" \/>\n<meta property=\"og:url\" content=\"https:\/\/denizcankizil.tr\/de\/haberler\/gundem\/turkiye-kavruluyor-antalyadan-sonra-sanliurfa\/\" \/>\n<meta property=\"og:site_name\" content=\"Av. Deniz Can K\u0131z\u0131l\" \/>\n<meta property=\"article:published_time\" content=\"2025-06-28T14:41:15+00:00\" \/>\n<meta name=\"author\" content=\"Antalya K\u00f6rfez\" \/>\n<meta name=\"twitter:card\" content=\"summary_large_image\" \/>\n<meta name=\"twitter:label1\" content=\"Verfasst von\" \/>\n\t<meta name=\"twitter:data1\" content=\"Antalya K\u00f6rfez\" \/>\n\t<meta name=\"twitter:label2\" content=\"Gesch\u00e4tzte Lesezeit\" \/>\n\t<meta name=\"twitter:data2\" content=\"1\u00a0Minute\" \/>\n<script type=\"application\/ld+json\" class=\"yoast-schema-graph\">{\"@context\":\"https:\/\/schema.org\",\"@graph\":[{\"@type\":\"Article\",\"@id\":\"https:\/\/denizcankizil.tr\/de\/haberler\/gundem\/turkiye-kavruluyor-antalyadan-sonra-sanliurfa\/#article\",\"isPartOf\":{\"@id\":\"https:\/\/denizcankizil.tr\/de\/haberler\/gundem\/turkiye-kavruluyor-antalyadan-sonra-sanliurfa\/\"},\"author\":{\"name\":\"Antalya K\u00f6rfez\",\"@id\":\"https:\/\/denizcankizil.tr\/#\/schema\/person\/e1eb71bb4dd684d46563f0af307e1234\"},\"headline\":\"T\u00fcrkiye kavruluyor: Antalya\u2019dan sonra \u015eanl\u0131urfa\u2026\",\"datePublished\":\"2025-06-28T14:41:15+00:00\",\"mainEntityOfPage\":{\"@id\":\"https:\/\/denizcankizil.tr\/de\/haberler\/gundem\/turkiye-kavruluyor-antalyadan-sonra-sanliurfa\/\"},\"wordCount\":158,\"publisher\":{\"@id\":\"https:\/\/denizcankizil.tr\/#organization\"},\"articleSection\":[\"G\u00fcndem\"],\"inLanguage\":\"de\"},{\"@type\":\"WebPage\",\"@id\":\"https:\/\/denizcankizil.tr\/de\/haberler\/gundem\/turkiye-kavruluyor-antalyadan-sonra-sanliurfa\/\",\"url\":\"https:\/\/denizcankizil.tr\/de\/haberler\/gundem\/turkiye-kavruluyor-antalyadan-sonra-sanliurfa\/\",\"name\":\"T\u00fcrkiye kavruluyor: Antalya\u2019dan sonra \u015eanl\u0131urfa\u2026 - Av. Deniz Can K\u0131z\u0131l\",\"isPartOf\":{\"@id\":\"https:\/\/denizcankizil.tr\/#website\"},\"datePublished\":\"2025-06-28T14:41:15+00:00\",\"breadcrumb\":{\"@id\":\"https:\/\/denizcankizil.tr\/de\/haberler\/gundem\/turkiye-kavruluyor-antalyadan-sonra-sanliurfa\/#breadcrumb\"},\"inLanguage\":\"de\",\"potentialAction\":[{\"@type\":\"ReadAction\",\"target\":[\"https:\/\/denizcankizil.tr\/de\/haberler\/gundem\/turkiye-kavruluyor-antalyadan-sonra-sanliurfa\/\"]}]},{\"@type\":\"BreadcrumbList\",\"@id\":\"https:\/\/denizcankizil.tr\/de\/haberler\/gundem\/turkiye-kavruluyor-antalyadan-sonra-sanliurfa\/#breadcrumb\",\"itemListElement\":[{\"@type\":\"ListItem\",\"position\":1,\"name\":\"Home\",\"item\":\"https:\/\/denizcankizil.tr\/uk\/\"},{\"@type\":\"ListItem\",\"position\":2,\"name\":\"T\u00fcrkiye kavruluyor: Antalya\u2019dan sonra \u015eanl\u0131urfa\u2026\"}]},{\"@type\":\"WebSite\",\"@id\":\"https:\/\/denizcankizil.tr\/#website\",\"url\":\"https:\/\/denizcankizil.tr\/\",\"name\":\"Av. Deniz Can K\u0131z\u0131l\",\"description\":\"Avukat Deniz Can K\u0131z\u0131l Antalya Barosu\",\"publisher\":{\"@id\":\"https:\/\/denizcankizil.tr\/#organization\"},\"potentialAction\":[{\"@type\":\"SearchAction\",\"target\":{\"@type\":\"EntryPoint\",\"urlTemplate\":\"https:\/\/denizcankizil.tr\/?s={search_term_string}\"},\"query-input\":{\"@type\":\"PropertyValueSpecification\",\"valueRequired\":true,\"valueName\":\"search_term_string\"}}],\"inLanguage\":\"de\"},{\"@type\":\"Organization\",\"@id\":\"https:\/\/denizcankizil.tr\/#organization\",\"name\":\"Av. Deniz Can K\u0131z\u0131l\",\"url\":\"https:\/\/denizcankizil.tr\/\",\"logo\":{\"@type\":\"ImageObject\",\"inLanguage\":\"de\",\"@id\":\"https:\/\/denizcankizil.tr\/#\/schema\/logo\/image\/\",\"url\":\"https:\/\/denizcankizil.tr\/wp-content\/uploads\/2024\/10\/siyah-logo-svg.svg\",\"contentUrl\":\"https:\/\/denizcankizil.tr\/wp-content\/uploads\/2024\/10\/siyah-logo-svg.svg\",\"width\":1080,\"height\":1080,\"caption\":\"Av. Deniz Can K\u0131z\u0131l\"},\"image\":{\"@id\":\"https:\/\/denizcankizil.tr\/#\/schema\/logo\/image\/\"}},{\"@type\":\"Person\",\"@id\":\"https:\/\/denizcankizil.tr\/#\/schema\/person\/e1eb71bb4dd684d46563f0af307e1234\",\"name\":\"Antalya K\u00f6rfez\",\"image\":{\"@type\":\"ImageObject\",\"inLanguage\":\"de\",\"@id\":\"https:\/\/denizcankizil.tr\/#\/schema\/person\/image\/\",\"url\":\"https:\/\/secure.gravatar.com\/avatar\/42b01982558a48a0b501fdcab6a408d3717ea5919095ee2e67b0e521799c5905?s=96&d=mm&r=g\",\"contentUrl\":\"https:\/\/secure.gravatar.com\/avatar\/42b01982558a48a0b501fdcab6a408d3717ea5919095ee2e67b0e521799c5905?s=96&d=mm&r=g\",\"caption\":\"Antalya K\u00f6rfez\"},\"sameAs\":[\"http:\/\/www.antalyakorfez.com\"],\"url\":\"https:\/\/www.antalyakorfez.com\/turkiye-kavruluyor-antalyadan-sonra-sanliurfa\"}]}<\/script>\n<!-- \/ Yoast SEO Premium plugin. -->","yoast_head_json":{"title":"T\u00fcrkiye kavruluyor: Antalya\u2019dan sonra \u015eanl\u0131urfa\u2026 - Av. Deniz Can K\u0131z\u0131l","robots":{"index":"index","follow":"follow","max-snippet":"max-snippet:-1","max-image-preview":"max-image-preview:large","max-video-preview":"max-video-preview:-1"},"canonical":"https:\/\/denizcankizil.tr\/de\/haberler\/gundem\/turkiye-kavruluyor-antalyadan-sonra-sanliurfa\/","og_locale":"de_DE","og_type":"article","og_title":"T\u00fcrkiye kavruluyor: Antalya\u2019dan sonra \u015eanl\u0131urfa\u2026","og_description":"T\u00fcrkiye&#8217;nin en s\u0131cak kentlerinden biri olan \u015eanl\u0131urfa&#8217;da termometreler 52 dereceyi g\u00f6sterdi. S\u0131caktan korunmak isteyen baz\u0131 vatanda\u015flar evinde, baz\u0131s\u0131 da ye\u015fil alanlarda serinlemeye \u00e7al\u0131\u015ft\u0131. Adeta Afrika s\u0131caklar\u0131 etkisinin ya\u015fand\u0131\u011f\u0131 kentte, uzmanlar g\u00fcne\u015f \u00e7arpmas\u0131na kar\u015f\u0131 vatanda\u015flara dikkatli olmalar\u0131 uyar\u0131s\u0131nda bulundu. &#8220;TER\u0130M\u0130Z\u0130 S\u0130LMEYE PE\u00c7ETE YETM\u0130YOR&#8221; Hava s\u0131cakl\u0131\u011f\u0131n\u0131n a\u015f\u0131r\u0131 y\u00fcksek oldu\u011funu belirten H\u00fcseyin Aslan isimli vatanda\u015f, &#8220;Sanki cehennem ate\u015fi Urfa&#8217;da yan\u0131yor. Bu nas\u0131l bir s\u0131cak, biberi atsak yerde pi\u015fer. 50 derece s\u0131cakl\u0131k var. G\u00f6stergeler bile gidip geliyor. Terimizi silmeye pe\u00e7ete yetmiyor&#8221; ifadelerini kulland\u0131. \u200bAfrika\u2019dan gelen s\u0131cak hava dalgas\u0131 T\u00fcrkiye\u2019yi etkisi alt\u0131na ald\u0131. Antalya\u2019dan sonra \u015eanl\u0131urfa\u2019da da termometreler 52 dereceyi g\u00f6sterdi\u00a0 \u200bHaberin Al\u0131nt\u0131land\u0131\u011f\u0131 Kaynak: www.antalyakorfez.com","og_url":"https:\/\/denizcankizil.tr\/de\/haberler\/gundem\/turkiye-kavruluyor-antalyadan-sonra-sanliurfa\/","og_site_name":"Av. Deniz Can K\u0131z\u0131l","article_published_time":"2025-06-28T14:41:15+00:00","author":"Antalya K\u00f6rfez","twitter_card":"summary_large_image","twitter_misc":{"Verfasst von":"Antalya K\u00f6rfez","Gesch\u00e4tzte Lesezeit":"1\u00a0Minute"},"schema":{"@context":"https:\/\/schema.org","@graph":[{"@type":"Article","@id":"https:\/\/denizcankizil.tr\/de\/haberler\/gundem\/turkiye-kavruluyor-antalyadan-sonra-sanliurfa\/#article","isPartOf":{"@id":"https:\/\/denizcankizil.tr\/de\/haberler\/gundem\/turkiye-kavruluyor-antalyadan-sonra-sanliurfa\/"},"author":{"name":"Antalya K\u00f6rfez","@id":"https:\/\/denizcankizil.tr\/#\/schema\/person\/e1eb71bb4dd684d46563f0af307e1234"},"headline":"T\u00fcrkiye kavruluyor: Antalya\u2019dan sonra \u015eanl\u0131urfa\u2026","datePublished":"2025-06-28T14:41:15+00:00","mainEntityOfPage":{"@id":"https:\/\/denizcankizil.tr\/de\/haberler\/gundem\/turkiye-kavruluyor-antalyadan-sonra-sanliurfa\/"},"wordCount":158,"publisher":{"@id":"https:\/\/denizcankizil.tr\/#organization"},"articleSection":["G\u00fcndem"],"inLanguage":"de"},{"@type":"WebPage","@id":"https:\/\/denizcankizil.tr\/de\/haberler\/gundem\/turkiye-kavruluyor-antalyadan-sonra-sanliurfa\/","url":"https:\/\/denizcankizil.tr\/de\/haberler\/gundem\/turkiye-kavruluyor-antalyadan-sonra-sanliurfa\/","name":"T\u00fcrkiye kavruluyor: Antalya\u2019dan sonra \u015eanl\u0131urfa\u2026 - Av. Deniz Can K\u0131z\u0131l","isPartOf":{"@id":"https:\/\/denizcankizil.tr\/#website"},"datePublished":"2025-06-28T14:41:15+00:00","breadcrumb":{"@id":"https:\/\/denizcankizil.tr\/de\/haberler\/gundem\/turkiye-kavruluyor-antalyadan-sonra-sanliurfa\/#breadcrumb"},"inLanguage":"de","potentialAction":[{"@type":"ReadAction","target":["https:\/\/denizcankizil.tr\/de\/haberler\/gundem\/turkiye-kavruluyor-antalyadan-sonra-sanliurfa\/"]}]},{"@type":"BreadcrumbList","@id":"https:\/\/denizcankizil.tr\/de\/haberler\/gundem\/turkiye-kavruluyor-antalyadan-sonra-sanliurfa\/#breadcrumb","itemListElement":[{"@type":"ListItem","position":1,"name":"Home","item":"https:\/\/denizcankizil.tr\/uk\/"},{"@type":"ListItem","position":2,"name":"T\u00fcrkiye kavruluyor: Antalya\u2019dan sonra \u015eanl\u0131urfa\u2026"}]},{"@type":"WebSite","@id":"https:\/\/denizcankizil.tr\/#website","url":"https:\/\/denizcankizil.tr\/","name":"Av. Deniz Can K\u0131z\u0131l","description":"Avukat Deniz Can K\u0131z\u0131l Antalya Barosu","publisher":{"@id":"https:\/\/denizcankizil.tr\/#organization"},"potentialAction":[{"@type":"SearchAction","target":{"@type":"EntryPoint","urlTemplate":"https:\/\/denizcankizil.tr\/?s={search_term_string}"},"query-input":{"@type":"PropertyValueSpecification","valueRequired":true,"valueName":"search_term_string"}}],"inLanguage":"de"},{"@type":"Organization","@id":"https:\/\/denizcankizil.tr\/#organization","name":"Av. Deniz Can K\u0131z\u0131l","url":"https:\/\/denizcankizil.tr\/","logo":{"@type":"ImageObject","inLanguage":"de","@id":"https:\/\/denizcankizil.tr\/#\/schema\/logo\/image\/","url":"https:\/\/denizcankizil.tr\/wp-content\/uploads\/2024\/10\/siyah-logo-svg.svg","contentUrl":"https:\/\/denizcankizil.tr\/wp-content\/uploads\/2024\/10\/siyah-logo-svg.svg","width":1080,"height":1080,"caption":"Av. Deniz Can K\u0131z\u0131l"},"image":{"@id":"https:\/\/denizcankizil.tr\/#\/schema\/logo\/image\/"}},{"@type":"Person","@id":"https:\/\/denizcankizil.tr\/#\/schema\/person\/e1eb71bb4dd684d46563f0af307e1234","name":"Antalya K\u00f6rfez","image":{"@type":"ImageObject","inLanguage":"de","@id":"https:\/\/denizcankizil.tr\/#\/schema\/person\/image\/","url":"https:\/\/secure.gravatar.com\/avatar\/42b01982558a48a0b501fdcab6a408d3717ea5919095ee2e67b0e521799c5905?s=96&d=mm&r=g","contentUrl":"https:\/\/secure.gravatar.com\/avatar\/42b01982558a48a0b501fdcab6a408d3717ea5919095ee2e67b0e521799c5905?s=96&d=mm&r=g","caption":"Antalya K\u00f6rfez"},"sameAs":["http:\/\/www.antalyakorfez.com"],"url":"https:\/\/www.antalyakorfez.com\/turkiye-kavruluyor-antalyadan-sonra-sanliurfa"}]}},"_links":{"self":[{"href":"https:\/\/denizcankizil.tr\/de\/wp-json\/wp\/v2\/posts\/129446","targetHints":{"allow":["GET"]}}],"collection":[{"href":"https:\/\/denizcankizil.tr\/de\/wp-json\/wp\/v2\/posts"}],"about":[{"href":"https:\/\/denizcankizil.tr\/de\/wp-json\/wp\/v2\/types\/post"}],"author":[{"embeddable":true,"href":"https:\/\/denizcankizil.tr\/de\/wp-json\/wp\/v2\/users\/5"}],"replies":[{"embeddable":true,"href":"https:\/\/denizcankizil.tr\/de\/wp-json\/wp\/v2\/comments?post=129446"}],"version-history":[{"count":0,"href":"https:\/\/denizcankizil.tr\/de\/wp-json\/wp\/v2\/posts\/129446\/revisions"}],"wp:attachment":[{"href":"https:\/\/denizcankizil.tr\/de\/wp-json\/wp\/v2\/media?parent=129446"}],"wp:term":[{"taxonomy":"category","embeddable":true,"href":"https:\/\/denizcankizil.tr\/de\/wp-json\/wp\/v2\/categories?post=129446"},{"taxonomy":"post_tag","embeddable":true,"href":"https:\/\/denizcankizil.tr\/de\/wp-json\/wp\/v2\/tags?post=129446"}],"curies":[{"name":"wp","href":"https:\/\/api.w.org\/{rel}","templated":true}]}}