{"id":128008,"date":"2025-06-27T08:42:32","date_gmt":"2025-06-27T05:42:32","guid":{"rendered":"https:\/\/denizcankizil.tr\/uncategorized-tr\/surat-kargo-turkiyenin-en-itibarli-markalari-arasina-girdi\/"},"modified":"2025-06-27T08:42:32","modified_gmt":"2025-06-27T05:42:32","slug":"surat-kargo-turkiyenin-en-itibarli-markalari-arasina-girdi","status":"publish","type":"post","link":"https:\/\/denizcankizil.tr\/de\/haberler\/gundem\/surat-kargo-turkiyenin-en-itibarli-markalari-arasina-girdi\/","title":{"rendered":"S\u00fcrat Kargo, T\u00fcrkiye\u2019nin En \u0130tibarl\u0131 Markalar\u0131 Aras\u0131na Girdi"},"content":{"rendered":"<p>T\u00fcrkiye \u0130tibar Akademisi taraf\u0131ndan \u0130stanbul Kent \u00dcniversitesi i\u015f birli\u011fi ve Bursa Teknik \u00dcniversitesi akademisyenlerinden Do\u00e7. Dr. \u00d6mer Bilen dan\u0131\u015fmanl\u0131\u011f\u0131nda 14\u2019\u00fcnc\u00fcs\u00fc ger\u00e7ekle\u015ftirilen T\u00fcrkiye \u0130tibar Endeksi\u2019nin 2025 sonu\u00e7lar\u0131 a\u00e7\u0131kland\u0131. S\u00fcrat Kargo, kendi sekt\u00f6r\u00fcnde T\u00fcrkiye\u2019nin En \u0130tibarl\u0131 markalar\u0131 aras\u0131nda yer ald\u0131.<\/p>\n<p>\u200bT\u00fcrkiye \u0130tibar Akademisi taraf\u0131ndan \u0130stanbul Kent \u00dcniversitesi i\u015f birli\u011fi ve Bursa Teknik \u00dcniversitesi akademisyenlerinden Do\u00e7. Dr. \u00d6mer Bilen dan\u0131\u015fmanl\u0131\u011f\u0131nda 14\u2019\u00fcnc\u00fcs\u00fc ger\u00e7ekle\u015ftirilen T\u00fcrkiye \u0130tibar Endeksi\u2019nin 2025 sonu\u00e7lar\u0131 a\u00e7\u0131kland\u0131. S\u00fcrat Kargo, kendi sekt\u00f6r\u00fcnde T\u00fcrkiye\u2019nin En \u0130tibarl\u0131 markalar\u0131 aras\u0131nda yer ald\u0131.\u00a0<\/p>\n<p>\u200bHaberin Al\u0131nt\u0131land\u0131\u011f\u0131 Kaynak: www.iskenderun.org<\/p>","protected":false},"excerpt":{"rendered":"<p>T\u00fcrkiye \u0130tibar Akademisi taraf\u0131ndan \u0130stanbul Kent \u00dcniversitesi i\u015f birli\u011fi ve Bursa Teknik \u00dcniversitesi akademisyenlerinden Do\u00e7. Dr. \u00d6mer Bilen dan\u0131\u015fmanl\u0131\u011f\u0131nda 14\u2019\u00fcnc\u00fcs\u00fc ger\u00e7ekle\u015ftirilen T\u00fcrkiye \u0130tibar Endeksi\u2019nin 2025 sonu\u00e7lar\u0131 a\u00e7\u0131kland\u0131. S\u00fcrat Kargo, kendi sekt\u00f6r\u00fcnde T\u00fcrkiye\u2019nin En \u0130tibarl\u0131 markalar\u0131 aras\u0131nda yer ald\u0131. \u200bT\u00fcrkiye \u0130tibar Akademisi taraf\u0131ndan \u0130stanbul Kent \u00dcniversitesi i\u015f birli\u011fi ve Bursa Teknik \u00dcniversitesi akademisyenlerinden Do\u00e7. Dr. \u00d6mer Bilen dan\u0131\u015fmanl\u0131\u011f\u0131nda 14\u2019\u00fcnc\u00fcs\u00fc ger\u00e7ekle\u015ftirilen T\u00fcrkiye \u0130tibar Endeksi\u2019nin 2025 sonu\u00e7lar\u0131 a\u00e7\u0131kland\u0131. S\u00fcrat Kargo, kendi sekt\u00f6r\u00fcnde T\u00fcrkiye\u2019nin En \u0130tibarl\u0131 markalar\u0131 aras\u0131nda yer ald\u0131.\u00a0 \u200bHaberin Al\u0131nt\u0131land\u0131\u011f\u0131 Kaynak: www.iskenderun.org<\/p>","protected":false},"author":1,"featured_media":0,"comment_status":"","ping_status":"open","sticky":false,"template":"","format":"standard","meta":{"_acf_changed":false,"footnotes":""},"categories":[24],"tags":[],"class_list":["post-128008","post","type-post","status-publish","format-standard","has-post-thumbnail","hentry","category-gundem"],"acf":[],"yoast_head":"<!-- This site is optimized with the Yoast SEO Premium plugin v26.6 (Yoast SEO v27.1.1) - https:\/\/yoast.com\/product\/yoast-seo-premium-wordpress\/ -->\n<title>S\u00fcrat Kargo, T\u00fcrkiye\u2019nin En \u0130tibarl\u0131 Markalar\u0131 Aras\u0131na Girdi - Av. Deniz Can K\u0131z\u0131l<\/title>\n<meta name=\"robots\" content=\"index, follow, max-snippet:-1, max-image-preview:large, max-video-preview:-1\" \/>\n<link rel=\"canonical\" href=\"https:\/\/denizcankizil.tr\/de\/haberler\/gundem\/surat-kargo-turkiyenin-en-itibarli-markalari-arasina-girdi\/\" \/>\n<meta property=\"og:locale\" content=\"de_DE\" \/>\n<meta property=\"og:type\" content=\"article\" \/>\n<meta property=\"og:title\" content=\"S\u00fcrat Kargo, T\u00fcrkiye\u2019nin En \u0130tibarl\u0131 Markalar\u0131 Aras\u0131na Girdi\" \/>\n<meta property=\"og:description\" content=\"T\u00fcrkiye \u0130tibar Akademisi taraf\u0131ndan \u0130stanbul Kent \u00dcniversitesi i\u015f birli\u011fi ve Bursa Teknik \u00dcniversitesi akademisyenlerinden Do\u00e7. Dr. \u00d6mer Bilen dan\u0131\u015fmanl\u0131\u011f\u0131nda 14\u2019\u00fcnc\u00fcs\u00fc ger\u00e7ekle\u015ftirilen T\u00fcrkiye \u0130tibar Endeksi\u2019nin 2025 sonu\u00e7lar\u0131 a\u00e7\u0131kland\u0131. S\u00fcrat Kargo, kendi sekt\u00f6r\u00fcnde T\u00fcrkiye\u2019nin En \u0130tibarl\u0131 markalar\u0131 aras\u0131nda yer ald\u0131. \u200bT\u00fcrkiye \u0130tibar Akademisi taraf\u0131ndan \u0130stanbul Kent \u00dcniversitesi i\u015f birli\u011fi ve Bursa Teknik \u00dcniversitesi akademisyenlerinden Do\u00e7. Dr. \u00d6mer Bilen dan\u0131\u015fmanl\u0131\u011f\u0131nda 14\u2019\u00fcnc\u00fcs\u00fc ger\u00e7ekle\u015ftirilen T\u00fcrkiye \u0130tibar Endeksi\u2019nin 2025 sonu\u00e7lar\u0131 a\u00e7\u0131kland\u0131. S\u00fcrat Kargo, kendi sekt\u00f6r\u00fcnde T\u00fcrkiye\u2019nin En \u0130tibarl\u0131 markalar\u0131 aras\u0131nda yer ald\u0131.\u00a0 \u200bHaberin Al\u0131nt\u0131land\u0131\u011f\u0131 Kaynak: www.iskenderun.org\" \/>\n<meta property=\"og:url\" content=\"https:\/\/denizcankizil.tr\/de\/haberler\/gundem\/surat-kargo-turkiyenin-en-itibarli-markalari-arasina-girdi\/\" \/>\n<meta property=\"og:site_name\" content=\"Av. Deniz Can K\u0131z\u0131l\" \/>\n<meta property=\"article:published_time\" content=\"2025-06-27T05:42:32+00:00\" \/>\n<meta name=\"author\" content=\"admin\" \/>\n<meta name=\"twitter:card\" content=\"summary_large_image\" \/>\n<meta name=\"twitter:label1\" content=\"Verfasst von\" \/>\n\t<meta name=\"twitter:data1\" content=\"admin\" \/>\n\t<meta name=\"twitter:label2\" content=\"Gesch\u00e4tzte Lesezeit\" \/>\n\t<meta name=\"twitter:data2\" content=\"1\u00a0Minute\" \/>\n<script type=\"application\/ld+json\" class=\"yoast-schema-graph\">{\"@context\":\"https:\/\/schema.org\",\"@graph\":[{\"@type\":\"Article\",\"@id\":\"https:\/\/denizcankizil.tr\/de\/haberler\/gundem\/surat-kargo-turkiyenin-en-itibarli-markalari-arasina-girdi\/#article\",\"isPartOf\":{\"@id\":\"https:\/\/denizcankizil.tr\/de\/haberler\/gundem\/surat-kargo-turkiyenin-en-itibarli-markalari-arasina-girdi\/\"},\"author\":{\"name\":\"admin\",\"@id\":\"https:\/\/denizcankizil.tr\/#\/schema\/person\/be3c05fe6a12686905512445d8185489\"},\"headline\":\"S\u00fcrat Kargo, T\u00fcrkiye\u2019nin En \u0130tibarl\u0131 Markalar\u0131 Aras\u0131na Girdi\",\"datePublished\":\"2025-06-27T05:42:32+00:00\",\"mainEntityOfPage\":{\"@id\":\"https:\/\/denizcankizil.tr\/de\/haberler\/gundem\/surat-kargo-turkiyenin-en-itibarli-markalari-arasina-girdi\/\"},\"wordCount\":130,\"publisher\":{\"@id\":\"https:\/\/denizcankizil.tr\/#organization\"},\"articleSection\":[\"G\u00fcndem\"],\"inLanguage\":\"de\"},{\"@type\":\"WebPage\",\"@id\":\"https:\/\/denizcankizil.tr\/de\/haberler\/gundem\/surat-kargo-turkiyenin-en-itibarli-markalari-arasina-girdi\/\",\"url\":\"https:\/\/denizcankizil.tr\/de\/haberler\/gundem\/surat-kargo-turkiyenin-en-itibarli-markalari-arasina-girdi\/\",\"name\":\"S\u00fcrat Kargo, T\u00fcrkiye\u2019nin En \u0130tibarl\u0131 Markalar\u0131 Aras\u0131na Girdi - Av. Deniz Can K\u0131z\u0131l\",\"isPartOf\":{\"@id\":\"https:\/\/denizcankizil.tr\/#website\"},\"datePublished\":\"2025-06-27T05:42:32+00:00\",\"breadcrumb\":{\"@id\":\"https:\/\/denizcankizil.tr\/de\/haberler\/gundem\/surat-kargo-turkiyenin-en-itibarli-markalari-arasina-girdi\/#breadcrumb\"},\"inLanguage\":\"de\",\"potentialAction\":[{\"@type\":\"ReadAction\",\"target\":[\"https:\/\/denizcankizil.tr\/de\/haberler\/gundem\/surat-kargo-turkiyenin-en-itibarli-markalari-arasina-girdi\/\"]}]},{\"@type\":\"BreadcrumbList\",\"@id\":\"https:\/\/denizcankizil.tr\/de\/haberler\/gundem\/surat-kargo-turkiyenin-en-itibarli-markalari-arasina-girdi\/#breadcrumb\",\"itemListElement\":[{\"@type\":\"ListItem\",\"position\":1,\"name\":\"Home\",\"item\":\"https:\/\/denizcankizil.tr\/uk\/\"},{\"@type\":\"ListItem\",\"position\":2,\"name\":\"S\u00fcrat Kargo, T\u00fcrkiye\u2019nin En \u0130tibarl\u0131 Markalar\u0131 Aras\u0131na Girdi\"}]},{\"@type\":\"WebSite\",\"@id\":\"https:\/\/denizcankizil.tr\/#website\",\"url\":\"https:\/\/denizcankizil.tr\/\",\"name\":\"Av. Deniz Can K\u0131z\u0131l\",\"description\":\"Avukat Deniz Can K\u0131z\u0131l Antalya Barosu\",\"publisher\":{\"@id\":\"https:\/\/denizcankizil.tr\/#organization\"},\"potentialAction\":[{\"@type\":\"SearchAction\",\"target\":{\"@type\":\"EntryPoint\",\"urlTemplate\":\"https:\/\/denizcankizil.tr\/?s={search_term_string}\"},\"query-input\":{\"@type\":\"PropertyValueSpecification\",\"valueRequired\":true,\"valueName\":\"search_term_string\"}}],\"inLanguage\":\"de\"},{\"@type\":\"Organization\",\"@id\":\"https:\/\/denizcankizil.tr\/#organization\",\"name\":\"Av. Deniz Can K\u0131z\u0131l\",\"url\":\"https:\/\/denizcankizil.tr\/\",\"logo\":{\"@type\":\"ImageObject\",\"inLanguage\":\"de\",\"@id\":\"https:\/\/denizcankizil.tr\/#\/schema\/logo\/image\/\",\"url\":\"https:\/\/denizcankizil.tr\/wp-content\/uploads\/2024\/10\/siyah-logo-svg.svg\",\"contentUrl\":\"https:\/\/denizcankizil.tr\/wp-content\/uploads\/2024\/10\/siyah-logo-svg.svg\",\"width\":1080,\"height\":1080,\"caption\":\"Av. Deniz Can K\u0131z\u0131l\"},\"image\":{\"@id\":\"https:\/\/denizcankizil.tr\/#\/schema\/logo\/image\/\"}},{\"@type\":\"Person\",\"@id\":\"https:\/\/denizcankizil.tr\/#\/schema\/person\/be3c05fe6a12686905512445d8185489\",\"name\":\"admin\",\"image\":{\"@type\":\"ImageObject\",\"inLanguage\":\"de\",\"@id\":\"https:\/\/denizcankizil.tr\/#\/schema\/person\/image\/\",\"url\":\"https:\/\/secure.gravatar.com\/avatar\/c1fce94c830dc79107e174f890d7210541c4a63e8e5d816341794a2151c9d58c?s=96&d=mm&r=g\",\"contentUrl\":\"https:\/\/secure.gravatar.com\/avatar\/c1fce94c830dc79107e174f890d7210541c4a63e8e5d816341794a2151c9d58c?s=96&d=mm&r=g\",\"caption\":\"admin\"},\"sameAs\":[\"http:\/\/denizcankizil.tr\"],\"url\":\"https:\/\/www.iskenderun.org\/surat-kargo-turkiyenin-en-itibarli-markalari-arasina-girdi\"}]}<\/script>\n<!-- \/ Yoast SEO Premium plugin. -->","yoast_head_json":{"title":"S\u00fcrat Kargo, T\u00fcrkiye\u2019nin En \u0130tibarl\u0131 Markalar\u0131 Aras\u0131na Girdi - Av. Deniz Can K\u0131z\u0131l","robots":{"index":"index","follow":"follow","max-snippet":"max-snippet:-1","max-image-preview":"max-image-preview:large","max-video-preview":"max-video-preview:-1"},"canonical":"https:\/\/denizcankizil.tr\/de\/haberler\/gundem\/surat-kargo-turkiyenin-en-itibarli-markalari-arasina-girdi\/","og_locale":"de_DE","og_type":"article","og_title":"S\u00fcrat Kargo, T\u00fcrkiye\u2019nin En \u0130tibarl\u0131 Markalar\u0131 Aras\u0131na Girdi","og_description":"T\u00fcrkiye \u0130tibar Akademisi taraf\u0131ndan \u0130stanbul Kent \u00dcniversitesi i\u015f birli\u011fi ve Bursa Teknik \u00dcniversitesi akademisyenlerinden Do\u00e7. Dr. \u00d6mer Bilen dan\u0131\u015fmanl\u0131\u011f\u0131nda 14\u2019\u00fcnc\u00fcs\u00fc ger\u00e7ekle\u015ftirilen T\u00fcrkiye \u0130tibar Endeksi\u2019nin 2025 sonu\u00e7lar\u0131 a\u00e7\u0131kland\u0131. S\u00fcrat Kargo, kendi sekt\u00f6r\u00fcnde T\u00fcrkiye\u2019nin En \u0130tibarl\u0131 markalar\u0131 aras\u0131nda yer ald\u0131. \u200bT\u00fcrkiye \u0130tibar Akademisi taraf\u0131ndan \u0130stanbul Kent \u00dcniversitesi i\u015f birli\u011fi ve Bursa Teknik \u00dcniversitesi akademisyenlerinden Do\u00e7. Dr. \u00d6mer Bilen dan\u0131\u015fmanl\u0131\u011f\u0131nda 14\u2019\u00fcnc\u00fcs\u00fc ger\u00e7ekle\u015ftirilen T\u00fcrkiye \u0130tibar Endeksi\u2019nin 2025 sonu\u00e7lar\u0131 a\u00e7\u0131kland\u0131. S\u00fcrat Kargo, kendi sekt\u00f6r\u00fcnde T\u00fcrkiye\u2019nin En \u0130tibarl\u0131 markalar\u0131 aras\u0131nda yer ald\u0131.\u00a0 \u200bHaberin Al\u0131nt\u0131land\u0131\u011f\u0131 Kaynak: www.iskenderun.org","og_url":"https:\/\/denizcankizil.tr\/de\/haberler\/gundem\/surat-kargo-turkiyenin-en-itibarli-markalari-arasina-girdi\/","og_site_name":"Av. Deniz Can K\u0131z\u0131l","article_published_time":"2025-06-27T05:42:32+00:00","author":"admin","twitter_card":"summary_large_image","twitter_misc":{"Verfasst von":"admin","Gesch\u00e4tzte Lesezeit":"1\u00a0Minute"},"schema":{"@context":"https:\/\/schema.org","@graph":[{"@type":"Article","@id":"https:\/\/denizcankizil.tr\/de\/haberler\/gundem\/surat-kargo-turkiyenin-en-itibarli-markalari-arasina-girdi\/#article","isPartOf":{"@id":"https:\/\/denizcankizil.tr\/de\/haberler\/gundem\/surat-kargo-turkiyenin-en-itibarli-markalari-arasina-girdi\/"},"author":{"name":"admin","@id":"https:\/\/denizcankizil.tr\/#\/schema\/person\/be3c05fe6a12686905512445d8185489"},"headline":"S\u00fcrat Kargo, T\u00fcrkiye\u2019nin En \u0130tibarl\u0131 Markalar\u0131 Aras\u0131na Girdi","datePublished":"2025-06-27T05:42:32+00:00","mainEntityOfPage":{"@id":"https:\/\/denizcankizil.tr\/de\/haberler\/gundem\/surat-kargo-turkiyenin-en-itibarli-markalari-arasina-girdi\/"},"wordCount":130,"publisher":{"@id":"https:\/\/denizcankizil.tr\/#organization"},"articleSection":["G\u00fcndem"],"inLanguage":"de"},{"@type":"WebPage","@id":"https:\/\/denizcankizil.tr\/de\/haberler\/gundem\/surat-kargo-turkiyenin-en-itibarli-markalari-arasina-girdi\/","url":"https:\/\/denizcankizil.tr\/de\/haberler\/gundem\/surat-kargo-turkiyenin-en-itibarli-markalari-arasina-girdi\/","name":"S\u00fcrat Kargo, T\u00fcrkiye\u2019nin En \u0130tibarl\u0131 Markalar\u0131 Aras\u0131na Girdi - Av. Deniz Can K\u0131z\u0131l","isPartOf":{"@id":"https:\/\/denizcankizil.tr\/#website"},"datePublished":"2025-06-27T05:42:32+00:00","breadcrumb":{"@id":"https:\/\/denizcankizil.tr\/de\/haberler\/gundem\/surat-kargo-turkiyenin-en-itibarli-markalari-arasina-girdi\/#breadcrumb"},"inLanguage":"de","potentialAction":[{"@type":"ReadAction","target":["https:\/\/denizcankizil.tr\/de\/haberler\/gundem\/surat-kargo-turkiyenin-en-itibarli-markalari-arasina-girdi\/"]}]},{"@type":"BreadcrumbList","@id":"https:\/\/denizcankizil.tr\/de\/haberler\/gundem\/surat-kargo-turkiyenin-en-itibarli-markalari-arasina-girdi\/#breadcrumb","itemListElement":[{"@type":"ListItem","position":1,"name":"Home","item":"https:\/\/denizcankizil.tr\/uk\/"},{"@type":"ListItem","position":2,"name":"S\u00fcrat Kargo, T\u00fcrkiye\u2019nin En \u0130tibarl\u0131 Markalar\u0131 Aras\u0131na Girdi"}]},{"@type":"WebSite","@id":"https:\/\/denizcankizil.tr\/#website","url":"https:\/\/denizcankizil.tr\/","name":"Av. Deniz Can K\u0131z\u0131l","description":"Avukat Deniz Can K\u0131z\u0131l Antalya Barosu","publisher":{"@id":"https:\/\/denizcankizil.tr\/#organization"},"potentialAction":[{"@type":"SearchAction","target":{"@type":"EntryPoint","urlTemplate":"https:\/\/denizcankizil.tr\/?s={search_term_string}"},"query-input":{"@type":"PropertyValueSpecification","valueRequired":true,"valueName":"search_term_string"}}],"inLanguage":"de"},{"@type":"Organization","@id":"https:\/\/denizcankizil.tr\/#organization","name":"Av. Deniz Can K\u0131z\u0131l","url":"https:\/\/denizcankizil.tr\/","logo":{"@type":"ImageObject","inLanguage":"de","@id":"https:\/\/denizcankizil.tr\/#\/schema\/logo\/image\/","url":"https:\/\/denizcankizil.tr\/wp-content\/uploads\/2024\/10\/siyah-logo-svg.svg","contentUrl":"https:\/\/denizcankizil.tr\/wp-content\/uploads\/2024\/10\/siyah-logo-svg.svg","width":1080,"height":1080,"caption":"Av. Deniz Can K\u0131z\u0131l"},"image":{"@id":"https:\/\/denizcankizil.tr\/#\/schema\/logo\/image\/"}},{"@type":"Person","@id":"https:\/\/denizcankizil.tr\/#\/schema\/person\/be3c05fe6a12686905512445d8185489","name":"Administrator","image":{"@type":"ImageObject","inLanguage":"de","@id":"https:\/\/denizcankizil.tr\/#\/schema\/person\/image\/","url":"https:\/\/secure.gravatar.com\/avatar\/c1fce94c830dc79107e174f890d7210541c4a63e8e5d816341794a2151c9d58c?s=96&d=mm&r=g","contentUrl":"https:\/\/secure.gravatar.com\/avatar\/c1fce94c830dc79107e174f890d7210541c4a63e8e5d816341794a2151c9d58c?s=96&d=mm&r=g","caption":"admin"},"sameAs":["http:\/\/denizcankizil.tr"],"url":"https:\/\/www.iskenderun.org\/surat-kargo-turkiyenin-en-itibarli-markalari-arasina-girdi"}]}},"_links":{"self":[{"href":"https:\/\/denizcankizil.tr\/de\/wp-json\/wp\/v2\/posts\/128008","targetHints":{"allow":["GET"]}}],"collection":[{"href":"https:\/\/denizcankizil.tr\/de\/wp-json\/wp\/v2\/posts"}],"about":[{"href":"https:\/\/denizcankizil.tr\/de\/wp-json\/wp\/v2\/types\/post"}],"author":[{"embeddable":true,"href":"https:\/\/denizcankizil.tr\/de\/wp-json\/wp\/v2\/users\/1"}],"replies":[{"embeddable":true,"href":"https:\/\/denizcankizil.tr\/de\/wp-json\/wp\/v2\/comments?post=128008"}],"version-history":[{"count":0,"href":"https:\/\/denizcankizil.tr\/de\/wp-json\/wp\/v2\/posts\/128008\/revisions"}],"wp:attachment":[{"href":"https:\/\/denizcankizil.tr\/de\/wp-json\/wp\/v2\/media?parent=128008"}],"wp:term":[{"taxonomy":"category","embeddable":true,"href":"https:\/\/denizcankizil.tr\/de\/wp-json\/wp\/v2\/categories?post=128008"},{"taxonomy":"post_tag","embeddable":true,"href":"https:\/\/denizcankizil.tr\/de\/wp-json\/wp\/v2\/tags?post=128008"}],"curies":[{"name":"wp","href":"https:\/\/api.w.org\/{rel}","templated":true}]}}