{"id":127397,"date":"2025-06-26T18:42:30","date_gmt":"2025-06-26T15:42:30","guid":{"rendered":"https:\/\/denizcankizil.tr\/uncategorized-tr\/duzcede-yaya-gecidinde-kaza\/"},"modified":"2025-06-26T18:42:30","modified_gmt":"2025-06-26T15:42:30","slug":"duzcede-yaya-gecidinde-kaza","status":"publish","type":"post","link":"https:\/\/denizcankizil.tr\/de\/haberler\/gundem\/duzcede-yaya-gecidinde-kaza\/","title":{"rendered":"D\u00fczce\u2019de yaya ge\u00e7idinde kaza"},"content":{"rendered":"<p>D\u00fczce\u2019nin Ak\u00e7akoca il\u00e7esinde yaya ge\u00e7idinde yolun kar\u015f\u0131s\u0131na ge\u00e7meye \u00e7al\u0131\u015fan bir vatanda\u015fa otomobil \u00e7arpt\u0131; yaral\u0131 hastaneye kald\u0131r\u0131ld\u0131, soru\u015fturma ba\u015flat\u0131ld\u0131.Sefer DEM\u0130R \/ D\u00dcZCE (\u0130GFA) &#8211; D\u00fczce\u2019nin Ak\u00e7akoca il\u00e7esi Yal\u0131 Mahallesi \u0130\u015fg\u00f6ren Caddesi\u2019nde bulunan yaya ge\u00e7idinde feci bir kaza meydana geldi.<br \/>\nYolun kar\u015f\u0131s\u0131na ge\u00e7meye \u00e7al\u0131\u015fan bir vatanda\u015f, el i\u015faretiyle durmas\u0131n\u0131 belirtmesine ra\u011fmen bir otomobilin \u00e7arpmas\u0131 sonucu yola savruldu.<\/p>\n<p>\u00c7evredekilerin ihbar\u0131 \u00fczerine olay yerine h\u0131zla sa\u011fl\u0131k ve polis ekipleri sevk edildi. Kazada yaralanan vatanda\u015fa ilk m\u00fcdahale olay yerinde yap\u0131ld\u0131ktan sonra ambulansla hastaneye kald\u0131r\u0131ld\u0131.<br \/>\nYetkililer, kazayla ilgili soru\u015fturma ba\u015flat\u0131ld\u0131\u011f\u0131n\u0131 bildirdi.<\/p>\n<p>\u200bD\u00fczce\u2019nin Ak\u00e7akoca il\u00e7esinde yaya ge\u00e7idinde yolun kar\u015f\u0131s\u0131na ge\u00e7meye \u00e7al\u0131\u015fan bir vatanda\u015fa otomobil \u00e7arpt\u0131; yaral\u0131 hastaneye kald\u0131r\u0131ld\u0131, soru\u015fturma ba\u015flat\u0131ld\u0131.Sefer DEM\u0130R \/ D\u00dcZCE (\u0130GFA) &#8211; D\u00fczce\u2019nin Ak\u00e7akoca il\u00e7esi Yal\u0131 Mahallesi \u0130\u015fg\u00f6ren Caddesi\u2019nde bulunan yaya ge\u00e7idinde feci bir kaza meydana geldi.<br \/>\nYolun kar\u015f\u0131s\u0131na ge\u00e7meye \u00e7al\u0131\u015fan bir vatanda\u015f, el i\u015faretiyle durmas\u0131n\u0131 belirtmesine ra\u011fmen bir otomobilin \u00e7arpmas\u0131 sonucu yola savruldu.<\/p>\n<p>\u00c7evredekilerin ihbar\u0131 \u00fczerine olay yerine h\u0131zla sa\u011fl\u0131k ve polis ekipleri sevk edildi. Kazada yaralanan vatanda\u015fa ilk m\u00fcdahale olay yerinde yap\u0131ld\u0131ktan sonra ambulansla hastaneye kald\u0131r\u0131ld\u0131.<br \/>\nYetkililer, kazayla ilgili soru\u015fturma ba\u015flat\u0131ld\u0131\u011f\u0131n\u0131 bildirdi.\u00a0<\/p>\n<p>\u200bHaberin Al\u0131nt\u0131land\u0131\u011f\u0131 Kaynak: www.iskenderun.org<\/p>","protected":false},"excerpt":{"rendered":"<p>D\u00fczce\u2019nin Ak\u00e7akoca il\u00e7esinde yaya ge\u00e7idinde yolun kar\u015f\u0131s\u0131na ge\u00e7meye \u00e7al\u0131\u015fan bir vatanda\u015fa otomobil \u00e7arpt\u0131; yaral\u0131 hastaneye kald\u0131r\u0131ld\u0131, soru\u015fturma ba\u015flat\u0131ld\u0131.Sefer DEM\u0130R \/ D\u00dcZCE (\u0130GFA) &#8211; D\u00fczce\u2019nin Ak\u00e7akoca il\u00e7esi Yal\u0131 Mahallesi \u0130\u015fg\u00f6ren Caddesi\u2019nde bulunan yaya ge\u00e7idinde feci bir kaza meydana geldi. Yolun kar\u015f\u0131s\u0131na ge\u00e7meye \u00e7al\u0131\u015fan bir vatanda\u015f, el i\u015faretiyle durmas\u0131n\u0131 belirtmesine ra\u011fmen bir otomobilin \u00e7arpmas\u0131 sonucu yola savruldu. \u00c7evredekilerin ihbar\u0131 \u00fczerine olay yerine h\u0131zla sa\u011fl\u0131k ve polis ekipleri sevk edildi. Kazada yaralanan vatanda\u015fa ilk m\u00fcdahale olay yerinde yap\u0131ld\u0131ktan sonra ambulansla hastaneye kald\u0131r\u0131ld\u0131. Yetkililer, kazayla ilgili soru\u015fturma ba\u015flat\u0131ld\u0131\u011f\u0131n\u0131 bildirdi. \u200bD\u00fczce\u2019nin Ak\u00e7akoca il\u00e7esinde yaya ge\u00e7idinde yolun kar\u015f\u0131s\u0131na ge\u00e7meye \u00e7al\u0131\u015fan bir vatanda\u015fa otomobil \u00e7arpt\u0131; yaral\u0131 hastaneye kald\u0131r\u0131ld\u0131, soru\u015fturma ba\u015flat\u0131ld\u0131.Sefer DEM\u0130R \/ D\u00dcZCE (\u0130GFA) &#8211; D\u00fczce\u2019nin Ak\u00e7akoca il\u00e7esi Yal\u0131 Mahallesi \u0130\u015fg\u00f6ren Caddesi\u2019nde bulunan yaya ge\u00e7idinde feci bir kaza meydana geldi. Yolun kar\u015f\u0131s\u0131na ge\u00e7meye \u00e7al\u0131\u015fan bir vatanda\u015f, el i\u015faretiyle durmas\u0131n\u0131 belirtmesine ra\u011fmen bir otomobilin \u00e7arpmas\u0131 sonucu yola savruldu. \u00c7evredekilerin ihbar\u0131 \u00fczerine olay yerine h\u0131zla sa\u011fl\u0131k ve polis ekipleri sevk edildi. Kazada yaralanan vatanda\u015fa ilk m\u00fcdahale olay yerinde yap\u0131ld\u0131ktan sonra ambulansla hastaneye kald\u0131r\u0131ld\u0131. Yetkililer, kazayla ilgili soru\u015fturma ba\u015flat\u0131ld\u0131\u011f\u0131n\u0131 bildirdi.\u00a0 \u200bHaberin Al\u0131nt\u0131land\u0131\u011f\u0131 Kaynak: www.iskenderun.org<\/p>","protected":false},"author":1,"featured_media":0,"comment_status":"","ping_status":"open","sticky":false,"template":"","format":"standard","meta":{"_acf_changed":false,"footnotes":""},"categories":[24],"tags":[],"class_list":["post-127397","post","type-post","status-publish","format-standard","has-post-thumbnail","hentry","category-gundem"],"acf":[],"yoast_head":"<!-- This site is optimized with the Yoast SEO Premium plugin v26.6 (Yoast SEO v27.1.1) - https:\/\/yoast.com\/product\/yoast-seo-premium-wordpress\/ -->\n<title>D\u00fczce\u2019de yaya ge\u00e7idinde kaza - Av. Deniz Can K\u0131z\u0131l<\/title>\n<meta name=\"robots\" content=\"index, follow, max-snippet:-1, max-image-preview:large, max-video-preview:-1\" \/>\n<link rel=\"canonical\" href=\"https:\/\/denizcankizil.tr\/de\/haberler\/gundem\/duzcede-yaya-gecidinde-kaza\/\" \/>\n<meta property=\"og:locale\" content=\"de_DE\" \/>\n<meta property=\"og:type\" content=\"article\" \/>\n<meta property=\"og:title\" content=\"D\u00fczce\u2019de yaya ge\u00e7idinde kaza\" \/>\n<meta property=\"og:description\" content=\"D\u00fczce\u2019nin Ak\u00e7akoca il\u00e7esinde yaya ge\u00e7idinde yolun kar\u015f\u0131s\u0131na ge\u00e7meye \u00e7al\u0131\u015fan bir vatanda\u015fa otomobil \u00e7arpt\u0131; yaral\u0131 hastaneye kald\u0131r\u0131ld\u0131, soru\u015fturma ba\u015flat\u0131ld\u0131.Sefer DEM\u0130R \/ D\u00dcZCE (\u0130GFA) &#8211; D\u00fczce\u2019nin Ak\u00e7akoca il\u00e7esi Yal\u0131 Mahallesi \u0130\u015fg\u00f6ren Caddesi\u2019nde bulunan yaya ge\u00e7idinde feci bir kaza meydana geldi. Yolun kar\u015f\u0131s\u0131na ge\u00e7meye \u00e7al\u0131\u015fan bir vatanda\u015f, el i\u015faretiyle durmas\u0131n\u0131 belirtmesine ra\u011fmen bir otomobilin \u00e7arpmas\u0131 sonucu yola savruldu. \u00c7evredekilerin ihbar\u0131 \u00fczerine olay yerine h\u0131zla sa\u011fl\u0131k ve polis ekipleri sevk edildi. Kazada yaralanan vatanda\u015fa ilk m\u00fcdahale olay yerinde yap\u0131ld\u0131ktan sonra ambulansla hastaneye kald\u0131r\u0131ld\u0131. Yetkililer, kazayla ilgili soru\u015fturma ba\u015flat\u0131ld\u0131\u011f\u0131n\u0131 bildirdi. \u200bD\u00fczce\u2019nin Ak\u00e7akoca il\u00e7esinde yaya ge\u00e7idinde yolun kar\u015f\u0131s\u0131na ge\u00e7meye \u00e7al\u0131\u015fan bir vatanda\u015fa otomobil \u00e7arpt\u0131; yaral\u0131 hastaneye kald\u0131r\u0131ld\u0131, soru\u015fturma ba\u015flat\u0131ld\u0131.Sefer DEM\u0130R \/ D\u00dcZCE (\u0130GFA) &#8211; D\u00fczce\u2019nin Ak\u00e7akoca il\u00e7esi Yal\u0131 Mahallesi \u0130\u015fg\u00f6ren Caddesi\u2019nde bulunan yaya ge\u00e7idinde feci bir kaza meydana geldi. Yolun kar\u015f\u0131s\u0131na ge\u00e7meye \u00e7al\u0131\u015fan bir vatanda\u015f, el i\u015faretiyle durmas\u0131n\u0131 belirtmesine ra\u011fmen bir otomobilin \u00e7arpmas\u0131 sonucu yola savruldu. \u00c7evredekilerin ihbar\u0131 \u00fczerine olay yerine h\u0131zla sa\u011fl\u0131k ve polis ekipleri sevk edildi. Kazada yaralanan vatanda\u015fa ilk m\u00fcdahale olay yerinde yap\u0131ld\u0131ktan sonra ambulansla hastaneye kald\u0131r\u0131ld\u0131. Yetkililer, kazayla ilgili soru\u015fturma ba\u015flat\u0131ld\u0131\u011f\u0131n\u0131 bildirdi.\u00a0 \u200bHaberin Al\u0131nt\u0131land\u0131\u011f\u0131 Kaynak: www.iskenderun.org\" \/>\n<meta property=\"og:url\" content=\"https:\/\/denizcankizil.tr\/de\/haberler\/gundem\/duzcede-yaya-gecidinde-kaza\/\" \/>\n<meta property=\"og:site_name\" content=\"Av. Deniz Can K\u0131z\u0131l\" \/>\n<meta property=\"article:published_time\" content=\"2025-06-26T15:42:30+00:00\" \/>\n<meta name=\"author\" content=\"admin\" \/>\n<meta name=\"twitter:card\" content=\"summary_large_image\" \/>\n<meta name=\"twitter:label1\" content=\"Verfasst von\" \/>\n\t<meta name=\"twitter:data1\" content=\"admin\" \/>\n\t<meta name=\"twitter:label2\" content=\"Gesch\u00e4tzte Lesezeit\" \/>\n\t<meta name=\"twitter:data2\" content=\"1\u00a0Minute\" \/>\n<script type=\"application\/ld+json\" class=\"yoast-schema-graph\">{\"@context\":\"https:\/\/schema.org\",\"@graph\":[{\"@type\":\"Article\",\"@id\":\"https:\/\/denizcankizil.tr\/de\/haberler\/gundem\/duzcede-yaya-gecidinde-kaza\/#article\",\"isPartOf\":{\"@id\":\"https:\/\/denizcankizil.tr\/de\/haberler\/gundem\/duzcede-yaya-gecidinde-kaza\/\"},\"author\":{\"name\":\"admin\",\"@id\":\"https:\/\/denizcankizil.tr\/#\/schema\/person\/be3c05fe6a12686905512445d8185489\"},\"headline\":\"D\u00fczce\u2019de yaya ge\u00e7idinde kaza\",\"datePublished\":\"2025-06-26T15:42:30+00:00\",\"mainEntityOfPage\":{\"@id\":\"https:\/\/denizcankizil.tr\/de\/haberler\/gundem\/duzcede-yaya-gecidinde-kaza\/\"},\"wordCount\":273,\"publisher\":{\"@id\":\"https:\/\/denizcankizil.tr\/#organization\"},\"articleSection\":[\"G\u00fcndem\"],\"inLanguage\":\"de\"},{\"@type\":\"WebPage\",\"@id\":\"https:\/\/denizcankizil.tr\/de\/haberler\/gundem\/duzcede-yaya-gecidinde-kaza\/\",\"url\":\"https:\/\/denizcankizil.tr\/de\/haberler\/gundem\/duzcede-yaya-gecidinde-kaza\/\",\"name\":\"D\u00fczce\u2019de yaya ge\u00e7idinde kaza - Av. Deniz Can K\u0131z\u0131l\",\"isPartOf\":{\"@id\":\"https:\/\/denizcankizil.tr\/#website\"},\"datePublished\":\"2025-06-26T15:42:30+00:00\",\"breadcrumb\":{\"@id\":\"https:\/\/denizcankizil.tr\/de\/haberler\/gundem\/duzcede-yaya-gecidinde-kaza\/#breadcrumb\"},\"inLanguage\":\"de\",\"potentialAction\":[{\"@type\":\"ReadAction\",\"target\":[\"https:\/\/denizcankizil.tr\/de\/haberler\/gundem\/duzcede-yaya-gecidinde-kaza\/\"]}]},{\"@type\":\"BreadcrumbList\",\"@id\":\"https:\/\/denizcankizil.tr\/de\/haberler\/gundem\/duzcede-yaya-gecidinde-kaza\/#breadcrumb\",\"itemListElement\":[{\"@type\":\"ListItem\",\"position\":1,\"name\":\"Home\",\"item\":\"https:\/\/denizcankizil.tr\/de\/\"},{\"@type\":\"ListItem\",\"position\":2,\"name\":\"D\u00fczce\u2019de yaya ge\u00e7idinde kaza\"}]},{\"@type\":\"WebSite\",\"@id\":\"https:\/\/denizcankizil.tr\/#website\",\"url\":\"https:\/\/denizcankizil.tr\/\",\"name\":\"Av. Deniz Can K\u0131z\u0131l\",\"description\":\"Avukat Deniz Can K\u0131z\u0131l Antalya Barosu\",\"publisher\":{\"@id\":\"https:\/\/denizcankizil.tr\/#organization\"},\"potentialAction\":[{\"@type\":\"SearchAction\",\"target\":{\"@type\":\"EntryPoint\",\"urlTemplate\":\"https:\/\/denizcankizil.tr\/?s={search_term_string}\"},\"query-input\":{\"@type\":\"PropertyValueSpecification\",\"valueRequired\":true,\"valueName\":\"search_term_string\"}}],\"inLanguage\":\"de\"},{\"@type\":\"Organization\",\"@id\":\"https:\/\/denizcankizil.tr\/#organization\",\"name\":\"Av. Deniz Can K\u0131z\u0131l\",\"url\":\"https:\/\/denizcankizil.tr\/\",\"logo\":{\"@type\":\"ImageObject\",\"inLanguage\":\"de\",\"@id\":\"https:\/\/denizcankizil.tr\/#\/schema\/logo\/image\/\",\"url\":\"https:\/\/denizcankizil.tr\/wp-content\/uploads\/2024\/10\/siyah-logo-svg.svg\",\"contentUrl\":\"https:\/\/denizcankizil.tr\/wp-content\/uploads\/2024\/10\/siyah-logo-svg.svg\",\"width\":1080,\"height\":1080,\"caption\":\"Av. Deniz Can K\u0131z\u0131l\"},\"image\":{\"@id\":\"https:\/\/denizcankizil.tr\/#\/schema\/logo\/image\/\"}},{\"@type\":\"Person\",\"@id\":\"https:\/\/denizcankizil.tr\/#\/schema\/person\/be3c05fe6a12686905512445d8185489\",\"name\":\"admin\",\"image\":{\"@type\":\"ImageObject\",\"inLanguage\":\"de\",\"@id\":\"https:\/\/denizcankizil.tr\/#\/schema\/person\/image\/\",\"url\":\"https:\/\/secure.gravatar.com\/avatar\/c1fce94c830dc79107e174f890d7210541c4a63e8e5d816341794a2151c9d58c?s=96&d=mm&r=g\",\"contentUrl\":\"https:\/\/secure.gravatar.com\/avatar\/c1fce94c830dc79107e174f890d7210541c4a63e8e5d816341794a2151c9d58c?s=96&d=mm&r=g\",\"caption\":\"admin\"},\"sameAs\":[\"http:\/\/denizcankizil.tr\"],\"url\":\"https:\/\/www.iskenderun.org\/duzcede-yaya-gecidinde-kaza\"}]}<\/script>\n<!-- \/ Yoast SEO Premium plugin. -->","yoast_head_json":{"title":"D\u00fczce\u2019de yaya ge\u00e7idinde kaza - Av. Deniz Can K\u0131z\u0131l","robots":{"index":"index","follow":"follow","max-snippet":"max-snippet:-1","max-image-preview":"max-image-preview:large","max-video-preview":"max-video-preview:-1"},"canonical":"https:\/\/denizcankizil.tr\/de\/haberler\/gundem\/duzcede-yaya-gecidinde-kaza\/","og_locale":"de_DE","og_type":"article","og_title":"D\u00fczce\u2019de yaya ge\u00e7idinde kaza","og_description":"D\u00fczce\u2019nin Ak\u00e7akoca il\u00e7esinde yaya ge\u00e7idinde yolun kar\u015f\u0131s\u0131na ge\u00e7meye \u00e7al\u0131\u015fan bir vatanda\u015fa otomobil \u00e7arpt\u0131; yaral\u0131 hastaneye kald\u0131r\u0131ld\u0131, soru\u015fturma ba\u015flat\u0131ld\u0131.Sefer DEM\u0130R \/ D\u00dcZCE (\u0130GFA) &#8211; D\u00fczce\u2019nin Ak\u00e7akoca il\u00e7esi Yal\u0131 Mahallesi \u0130\u015fg\u00f6ren Caddesi\u2019nde bulunan yaya ge\u00e7idinde feci bir kaza meydana geldi. Yolun kar\u015f\u0131s\u0131na ge\u00e7meye \u00e7al\u0131\u015fan bir vatanda\u015f, el i\u015faretiyle durmas\u0131n\u0131 belirtmesine ra\u011fmen bir otomobilin \u00e7arpmas\u0131 sonucu yola savruldu. \u00c7evredekilerin ihbar\u0131 \u00fczerine olay yerine h\u0131zla sa\u011fl\u0131k ve polis ekipleri sevk edildi. Kazada yaralanan vatanda\u015fa ilk m\u00fcdahale olay yerinde yap\u0131ld\u0131ktan sonra ambulansla hastaneye kald\u0131r\u0131ld\u0131. Yetkililer, kazayla ilgili soru\u015fturma ba\u015flat\u0131ld\u0131\u011f\u0131n\u0131 bildirdi. \u200bD\u00fczce\u2019nin Ak\u00e7akoca il\u00e7esinde yaya ge\u00e7idinde yolun kar\u015f\u0131s\u0131na ge\u00e7meye \u00e7al\u0131\u015fan bir vatanda\u015fa otomobil \u00e7arpt\u0131; yaral\u0131 hastaneye kald\u0131r\u0131ld\u0131, soru\u015fturma ba\u015flat\u0131ld\u0131.Sefer DEM\u0130R \/ D\u00dcZCE (\u0130GFA) &#8211; D\u00fczce\u2019nin Ak\u00e7akoca il\u00e7esi Yal\u0131 Mahallesi \u0130\u015fg\u00f6ren Caddesi\u2019nde bulunan yaya ge\u00e7idinde feci bir kaza meydana geldi. Yolun kar\u015f\u0131s\u0131na ge\u00e7meye \u00e7al\u0131\u015fan bir vatanda\u015f, el i\u015faretiyle durmas\u0131n\u0131 belirtmesine ra\u011fmen bir otomobilin \u00e7arpmas\u0131 sonucu yola savruldu. \u00c7evredekilerin ihbar\u0131 \u00fczerine olay yerine h\u0131zla sa\u011fl\u0131k ve polis ekipleri sevk edildi. Kazada yaralanan vatanda\u015fa ilk m\u00fcdahale olay yerinde yap\u0131ld\u0131ktan sonra ambulansla hastaneye kald\u0131r\u0131ld\u0131. Yetkililer, kazayla ilgili soru\u015fturma ba\u015flat\u0131ld\u0131\u011f\u0131n\u0131 bildirdi.\u00a0 \u200bHaberin Al\u0131nt\u0131land\u0131\u011f\u0131 Kaynak: www.iskenderun.org","og_url":"https:\/\/denizcankizil.tr\/de\/haberler\/gundem\/duzcede-yaya-gecidinde-kaza\/","og_site_name":"Av. Deniz Can K\u0131z\u0131l","article_published_time":"2025-06-26T15:42:30+00:00","author":"admin","twitter_card":"summary_large_image","twitter_misc":{"Verfasst von":"admin","Gesch\u00e4tzte Lesezeit":"1\u00a0Minute"},"schema":{"@context":"https:\/\/schema.org","@graph":[{"@type":"Article","@id":"https:\/\/denizcankizil.tr\/de\/haberler\/gundem\/duzcede-yaya-gecidinde-kaza\/#article","isPartOf":{"@id":"https:\/\/denizcankizil.tr\/de\/haberler\/gundem\/duzcede-yaya-gecidinde-kaza\/"},"author":{"name":"admin","@id":"https:\/\/denizcankizil.tr\/#\/schema\/person\/be3c05fe6a12686905512445d8185489"},"headline":"D\u00fczce\u2019de yaya ge\u00e7idinde kaza","datePublished":"2025-06-26T15:42:30+00:00","mainEntityOfPage":{"@id":"https:\/\/denizcankizil.tr\/de\/haberler\/gundem\/duzcede-yaya-gecidinde-kaza\/"},"wordCount":273,"publisher":{"@id":"https:\/\/denizcankizil.tr\/#organization"},"articleSection":["G\u00fcndem"],"inLanguage":"de"},{"@type":"WebPage","@id":"https:\/\/denizcankizil.tr\/de\/haberler\/gundem\/duzcede-yaya-gecidinde-kaza\/","url":"https:\/\/denizcankizil.tr\/de\/haberler\/gundem\/duzcede-yaya-gecidinde-kaza\/","name":"D\u00fczce\u2019de yaya ge\u00e7idinde kaza - Av. Deniz Can K\u0131z\u0131l","isPartOf":{"@id":"https:\/\/denizcankizil.tr\/#website"},"datePublished":"2025-06-26T15:42:30+00:00","breadcrumb":{"@id":"https:\/\/denizcankizil.tr\/de\/haberler\/gundem\/duzcede-yaya-gecidinde-kaza\/#breadcrumb"},"inLanguage":"de","potentialAction":[{"@type":"ReadAction","target":["https:\/\/denizcankizil.tr\/de\/haberler\/gundem\/duzcede-yaya-gecidinde-kaza\/"]}]},{"@type":"BreadcrumbList","@id":"https:\/\/denizcankizil.tr\/de\/haberler\/gundem\/duzcede-yaya-gecidinde-kaza\/#breadcrumb","itemListElement":[{"@type":"ListItem","position":1,"name":"Home","item":"https:\/\/denizcankizil.tr\/de\/"},{"@type":"ListItem","position":2,"name":"D\u00fczce\u2019de yaya ge\u00e7idinde kaza"}]},{"@type":"WebSite","@id":"https:\/\/denizcankizil.tr\/#website","url":"https:\/\/denizcankizil.tr\/","name":"Av. Deniz Can K\u0131z\u0131l","description":"Avukat Deniz Can K\u0131z\u0131l Antalya Barosu","publisher":{"@id":"https:\/\/denizcankizil.tr\/#organization"},"potentialAction":[{"@type":"SearchAction","target":{"@type":"EntryPoint","urlTemplate":"https:\/\/denizcankizil.tr\/?s={search_term_string}"},"query-input":{"@type":"PropertyValueSpecification","valueRequired":true,"valueName":"search_term_string"}}],"inLanguage":"de"},{"@type":"Organization","@id":"https:\/\/denizcankizil.tr\/#organization","name":"Av. Deniz Can K\u0131z\u0131l","url":"https:\/\/denizcankizil.tr\/","logo":{"@type":"ImageObject","inLanguage":"de","@id":"https:\/\/denizcankizil.tr\/#\/schema\/logo\/image\/","url":"https:\/\/denizcankizil.tr\/wp-content\/uploads\/2024\/10\/siyah-logo-svg.svg","contentUrl":"https:\/\/denizcankizil.tr\/wp-content\/uploads\/2024\/10\/siyah-logo-svg.svg","width":1080,"height":1080,"caption":"Av. Deniz Can K\u0131z\u0131l"},"image":{"@id":"https:\/\/denizcankizil.tr\/#\/schema\/logo\/image\/"}},{"@type":"Person","@id":"https:\/\/denizcankizil.tr\/#\/schema\/person\/be3c05fe6a12686905512445d8185489","name":"Administrator","image":{"@type":"ImageObject","inLanguage":"de","@id":"https:\/\/denizcankizil.tr\/#\/schema\/person\/image\/","url":"https:\/\/secure.gravatar.com\/avatar\/c1fce94c830dc79107e174f890d7210541c4a63e8e5d816341794a2151c9d58c?s=96&d=mm&r=g","contentUrl":"https:\/\/secure.gravatar.com\/avatar\/c1fce94c830dc79107e174f890d7210541c4a63e8e5d816341794a2151c9d58c?s=96&d=mm&r=g","caption":"admin"},"sameAs":["http:\/\/denizcankizil.tr"],"url":"https:\/\/www.iskenderun.org\/duzcede-yaya-gecidinde-kaza"}]}},"_links":{"self":[{"href":"https:\/\/denizcankizil.tr\/de\/wp-json\/wp\/v2\/posts\/127397","targetHints":{"allow":["GET"]}}],"collection":[{"href":"https:\/\/denizcankizil.tr\/de\/wp-json\/wp\/v2\/posts"}],"about":[{"href":"https:\/\/denizcankizil.tr\/de\/wp-json\/wp\/v2\/types\/post"}],"author":[{"embeddable":true,"href":"https:\/\/denizcankizil.tr\/de\/wp-json\/wp\/v2\/users\/1"}],"replies":[{"embeddable":true,"href":"https:\/\/denizcankizil.tr\/de\/wp-json\/wp\/v2\/comments?post=127397"}],"version-history":[{"count":0,"href":"https:\/\/denizcankizil.tr\/de\/wp-json\/wp\/v2\/posts\/127397\/revisions"}],"wp:attachment":[{"href":"https:\/\/denizcankizil.tr\/de\/wp-json\/wp\/v2\/media?parent=127397"}],"wp:term":[{"taxonomy":"category","embeddable":true,"href":"https:\/\/denizcankizil.tr\/de\/wp-json\/wp\/v2\/categories?post=127397"},{"taxonomy":"post_tag","embeddable":true,"href":"https:\/\/denizcankizil.tr\/de\/wp-json\/wp\/v2\/tags?post=127397"}],"curies":[{"name":"wp","href":"https:\/\/api.w.org\/{rel}","templated":true}]}}