{"id":127110,"date":"2025-06-26T12:42:49","date_gmt":"2025-06-26T09:42:49","guid":{"rendered":"https:\/\/denizcankizil.tr\/uncategorized-tr\/konyada-5-ton-guvensiz-gidaya-imha\/"},"modified":"2025-06-26T12:42:49","modified_gmt":"2025-06-26T09:42:49","slug":"konyada-5-ton-guvensiz-gidaya-imha","status":"publish","type":"post","link":"https:\/\/denizcankizil.tr\/de\/haberler\/gundem\/konyada-5-ton-guvensiz-gidaya-imha\/","title":{"rendered":"Konya&#8217;da 5 ton g\u00fcvensiz g\u0131daya imha!"},"content":{"rendered":"<p>Konya\u2019da, sosyal medya \u00fczerinden sipari\u015fle sat\u0131lmak \u00fczere haz\u0131rlanan yakla\u015f\u0131k 5 ton bozulmu\u015f, etiketsiz ve son t\u00fcketim tarihi silinmi\u015f g\u0131da \u00fcr\u00fcn\u00fcne el konuldu; \u00fcr\u00fcnler imha edilirken, i\u015fletmeye yasal i\u015flem ba\u015flat\u0131ld\u0131.KONYA (\u0130GFA) &#8211;  Konya\u2019da, G\u0131da ve Kontrol Genel M\u00fcd\u00fcrl\u00fc\u011f\u00fc\u2019ne ba\u011fl\u0131 kontrol g\u00f6revlisi ekipler, sosyal medya platformlar\u0131 \u00fczerinden sipari\u015f al\u0131nan ve kargoyla g\u00f6nderilmek \u00fczere haz\u0131rlanan yakla\u015f\u0131k 5 ton g\u00fcvenilir olmayan g\u0131day\u0131 ele ge\u00e7irdi.<br \/>\nDenetimlerde, s\u00fct \u00fcr\u00fcnleri, et \u00fcr\u00fcnleri, kokore\u00e7, bal, pekmez, zeytin, zeytinya\u011f\u0131, sal\u00e7a, tahin, ket\u00e7ap ve mayonez gibi \u00fcr\u00fcnlerin bozulmu\u015f, koku\u015fmu\u015f, etiketsiz veya son t\u00fcketim tarihi silinmi\u015f oldu\u011fu tespit edildi.<br \/>\nEle ge\u00e7irilen t\u00fcm \u00fcr\u00fcnler, halk sa\u011fl\u0131\u011f\u0131n\u0131 tehdit etti\u011fi gerek\u00e7esiyle imha edildi. S\u00f6z konusu i\u015fletmeye, g\u0131da g\u00fcvenli\u011fi mevzuat\u0131na ayk\u0131r\u0131 faaliyetleri nedeniyle yasal i\u015flem uyguland\u0131. G\u0131da ve Kontrol Genel M\u00fcd\u00fcrl\u00fc\u011f\u00fc, g\u00fcvenilir g\u0131da temini i\u00e7in denetimlerin aral\u0131ks\u0131z devam edece\u011fini vurgulad\u0131.<br \/>\n???? Sosyal Medyada G\u00fcvenilir Olmayan G\u0131da Sat\u0131\u015f\u0131na Ge\u00e7it Yok! ???? Konya#KontrolG\u00f6revlisi ekiplerimiz, sosyal medya hesaplar\u0131 \u00fczerinden sipari\u015f al\u0131nan ve kargoya verilmek \u00fczere haz\u0131rlanan yakla\u015f\u0131k 5 ton g\u00fcvenilir olmayan g\u0131da ele ge\u00e7irdi.Ele ge\u00e7irilen \u00fcr\u00fcnler, bozulmu\u015f\/koku\u015fmu\u015f,\u2026 pic.twitter.com\/KLOd8hEOF3\u2014 G\u0131da ve Kontrol Genel M\u00fcd\u00fcrl\u00fc\u011f\u00fc (@GidaveKontrolGM) June 24, 2025<br \/>\nYetkililer, vatanda\u015flar\u0131 sosyal medya \u00fczerinden yap\u0131lan g\u0131da sat\u0131\u015flar\u0131nda dikkatli olmaya \u00e7a\u011f\u0131r\u0131rken, g\u0131da g\u00fcvenli\u011fi konusunda \u015f\u00fcphe uyand\u0131ran durumlar\u0131n ilgili birimlere bildirilmesini istedi.<br \/>\nDenetimlerin, halk sa\u011fl\u0131\u011f\u0131n\u0131 koruma hedefiyle \u00fclke genelinde s\u00fcrd\u00fcr\u00fclece\u011fi belirtildi.<\/p>\n<p>\u200bKonya\u2019da, sosyal medya \u00fczerinden sipari\u015fle sat\u0131lmak \u00fczere haz\u0131rlanan yakla\u015f\u0131k 5 ton bozulmu\u015f, etiketsiz ve son t\u00fcketim tarihi silinmi\u015f g\u0131da \u00fcr\u00fcn\u00fcne el konuldu; \u00fcr\u00fcnler imha edilirken, i\u015fletmeye yasal i\u015flem ba\u015flat\u0131ld\u0131.KONYA (\u0130GFA) &#8211;  Konya\u2019da, G\u0131da ve Kontrol Genel M\u00fcd\u00fcrl\u00fc\u011f\u00fc\u2019ne ba\u011fl\u0131 kontrol g\u00f6revlisi ekipler, sosyal medya platformlar\u0131 \u00fczerinden sipari\u015f al\u0131nan ve kargoyla g\u00f6nderilmek \u00fczere haz\u0131rlanan yakla\u015f\u0131k 5 ton g\u00fcvenilir olmayan g\u0131day\u0131 ele ge\u00e7irdi.<br \/>\nDenetimlerde, s\u00fct \u00fcr\u00fcnleri, et \u00fcr\u00fcnleri, kokore\u00e7, bal, pekmez, zeytin, zeytinya\u011f\u0131, sal\u00e7a, tahin, ket\u00e7ap ve mayonez gibi \u00fcr\u00fcnlerin bozulmu\u015f, koku\u015fmu\u015f, etiketsiz veya son t\u00fcketim tarihi silinmi\u015f oldu\u011fu tespit edildi.<br \/>\nEle ge\u00e7irilen t\u00fcm \u00fcr\u00fcnler, halk sa\u011fl\u0131\u011f\u0131n\u0131 tehdit etti\u011fi gerek\u00e7esiyle imha edildi. S\u00f6z konusu i\u015fletmeye, g\u0131da g\u00fcvenli\u011fi mevzuat\u0131na ayk\u0131r\u0131 faaliyetleri nedeniyle yasal i\u015flem uyguland\u0131. G\u0131da ve Kontrol Genel M\u00fcd\u00fcrl\u00fc\u011f\u00fc, g\u00fcvenilir g\u0131da temini i\u00e7in denetimlerin aral\u0131ks\u0131z devam edece\u011fini vurgulad\u0131.<br \/>\n???? Sosyal Medyada G\u00fcvenilir Olmayan G\u0131da Sat\u0131\u015f\u0131na Ge\u00e7it Yok! ???? Konya#KontrolG\u00f6revlisi ekiplerimiz, sosyal medya hesaplar\u0131 \u00fczerinden sipari\u015f al\u0131nan ve kargoya verilmek \u00fczere haz\u0131rlanan yakla\u015f\u0131k 5 ton g\u00fcvenilir olmayan g\u0131da ele ge\u00e7irdi.Ele ge\u00e7irilen \u00fcr\u00fcnler, bozulmu\u015f\/koku\u015fmu\u015f,\u2026 pic.twitter.com\/KLOd8hEOF3\u2014 G\u0131da ve Kontrol Genel M\u00fcd\u00fcrl\u00fc\u011f\u00fc (@GidaveKontrolGM) June 24, 2025<br \/>\nYetkililer, vatanda\u015flar\u0131 sosyal medya \u00fczerinden yap\u0131lan g\u0131da sat\u0131\u015flar\u0131nda dikkatli olmaya \u00e7a\u011f\u0131r\u0131rken, g\u0131da g\u00fcvenli\u011fi konusunda \u015f\u00fcphe uyand\u0131ran durumlar\u0131n ilgili birimlere bildirilmesini istedi.<br \/>\nDenetimlerin, halk sa\u011fl\u0131\u011f\u0131n\u0131 koruma hedefiyle \u00fclke genelinde s\u00fcrd\u00fcr\u00fclece\u011fi belirtildi.\u00a0<\/p>\n<p>\u200bHaberin Al\u0131nt\u0131land\u0131\u011f\u0131 Kaynak: www.iskenderun.org<\/p>","protected":false},"excerpt":{"rendered":"<p>Konya\u2019da, sosyal medya \u00fczerinden sipari\u015fle sat\u0131lmak \u00fczere haz\u0131rlanan yakla\u015f\u0131k 5 ton bozulmu\u015f, etiketsiz ve son t\u00fcketim tarihi silinmi\u015f g\u0131da \u00fcr\u00fcn\u00fcne el konuldu; \u00fcr\u00fcnler imha edilirken, i\u015fletmeye yasal i\u015flem ba\u015flat\u0131ld\u0131.KONYA (\u0130GFA) &#8211; Konya\u2019da, G\u0131da ve Kontrol Genel M\u00fcd\u00fcrl\u00fc\u011f\u00fc\u2019ne ba\u011fl\u0131 kontrol g\u00f6revlisi ekipler, sosyal medya platformlar\u0131 \u00fczerinden sipari\u015f al\u0131nan ve kargoyla g\u00f6nderilmek \u00fczere haz\u0131rlanan yakla\u015f\u0131k 5 ton g\u00fcvenilir olmayan g\u0131day\u0131 ele ge\u00e7irdi. Denetimlerde, s\u00fct \u00fcr\u00fcnleri, et \u00fcr\u00fcnleri, kokore\u00e7, bal, pekmez, zeytin, zeytinya\u011f\u0131, sal\u00e7a, tahin, ket\u00e7ap ve mayonez gibi \u00fcr\u00fcnlerin bozulmu\u015f, koku\u015fmu\u015f, etiketsiz veya son t\u00fcketim tarihi silinmi\u015f oldu\u011fu tespit edildi. Ele ge\u00e7irilen t\u00fcm \u00fcr\u00fcnler, halk sa\u011fl\u0131\u011f\u0131n\u0131 tehdit etti\u011fi gerek\u00e7esiyle imha edildi. S\u00f6z konusu i\u015fletmeye, g\u0131da g\u00fcvenli\u011fi mevzuat\u0131na ayk\u0131r\u0131 faaliyetleri nedeniyle yasal i\u015flem uyguland\u0131. G\u0131da ve Kontrol Genel M\u00fcd\u00fcrl\u00fc\u011f\u00fc, g\u00fcvenilir g\u0131da temini i\u00e7in denetimlerin aral\u0131ks\u0131z devam edece\u011fini vurgulad\u0131. ???? Sosyal Medyada G\u00fcvenilir Olmayan G\u0131da Sat\u0131\u015f\u0131na Ge\u00e7it Yok! ???? Konya#KontrolG\u00f6revlisi ekiplerimiz, sosyal medya hesaplar\u0131 \u00fczerinden sipari\u015f al\u0131nan ve kargoya verilmek \u00fczere haz\u0131rlanan yakla\u015f\u0131k 5 ton g\u00fcvenilir olmayan g\u0131da ele ge\u00e7irdi.Ele ge\u00e7irilen \u00fcr\u00fcnler, bozulmu\u015f\/koku\u015fmu\u015f,\u2026 pic.twitter.com\/KLOd8hEOF3\u2014 G\u0131da ve Kontrol Genel M\u00fcd\u00fcrl\u00fc\u011f\u00fc (@GidaveKontrolGM) June 24, 2025 Yetkililer, vatanda\u015flar\u0131 sosyal medya \u00fczerinden yap\u0131lan g\u0131da sat\u0131\u015flar\u0131nda dikkatli olmaya \u00e7a\u011f\u0131r\u0131rken, g\u0131da g\u00fcvenli\u011fi konusunda \u015f\u00fcphe uyand\u0131ran durumlar\u0131n ilgili birimlere bildirilmesini istedi. Denetimlerin, halk sa\u011fl\u0131\u011f\u0131n\u0131 koruma hedefiyle \u00fclke genelinde s\u00fcrd\u00fcr\u00fclece\u011fi belirtildi. \u200bKonya\u2019da, &hellip;<\/p>","protected":false},"author":1,"featured_media":0,"comment_status":"","ping_status":"open","sticky":false,"template":"","format":"standard","meta":{"_acf_changed":false,"footnotes":""},"categories":[24],"tags":[],"class_list":["post-127110","post","type-post","status-publish","format-standard","has-post-thumbnail","hentry","category-gundem"],"acf":[],"yoast_head":"<!-- This site is optimized with the Yoast SEO Premium plugin v26.6 (Yoast SEO v27.1.1) - https:\/\/yoast.com\/product\/yoast-seo-premium-wordpress\/ -->\n<title>Konya&#039;da 5 ton g\u00fcvensiz g\u0131daya imha! - Av. Deniz Can K\u0131z\u0131l<\/title>\n<meta name=\"robots\" content=\"index, follow, max-snippet:-1, max-image-preview:large, max-video-preview:-1\" \/>\n<link rel=\"canonical\" href=\"https:\/\/denizcankizil.tr\/de\/haberler\/gundem\/konyada-5-ton-guvensiz-gidaya-imha\/\" \/>\n<meta property=\"og:locale\" content=\"de_DE\" \/>\n<meta property=\"og:type\" content=\"article\" \/>\n<meta property=\"og:title\" content=\"Konya&#039;da 5 ton g\u00fcvensiz g\u0131daya imha!\" \/>\n<meta property=\"og:description\" content=\"Konya\u2019da, sosyal medya \u00fczerinden sipari\u015fle sat\u0131lmak \u00fczere haz\u0131rlanan yakla\u015f\u0131k 5 ton bozulmu\u015f, etiketsiz ve son t\u00fcketim tarihi silinmi\u015f g\u0131da \u00fcr\u00fcn\u00fcne el konuldu; \u00fcr\u00fcnler imha edilirken, i\u015fletmeye yasal i\u015flem ba\u015flat\u0131ld\u0131.KONYA (\u0130GFA) &#8211; Konya\u2019da, G\u0131da ve Kontrol Genel M\u00fcd\u00fcrl\u00fc\u011f\u00fc\u2019ne ba\u011fl\u0131 kontrol g\u00f6revlisi ekipler, sosyal medya platformlar\u0131 \u00fczerinden sipari\u015f al\u0131nan ve kargoyla g\u00f6nderilmek \u00fczere haz\u0131rlanan yakla\u015f\u0131k 5 ton g\u00fcvenilir olmayan g\u0131day\u0131 ele ge\u00e7irdi. Denetimlerde, s\u00fct \u00fcr\u00fcnleri, et \u00fcr\u00fcnleri, kokore\u00e7, bal, pekmez, zeytin, zeytinya\u011f\u0131, sal\u00e7a, tahin, ket\u00e7ap ve mayonez gibi \u00fcr\u00fcnlerin bozulmu\u015f, koku\u015fmu\u015f, etiketsiz veya son t\u00fcketim tarihi silinmi\u015f oldu\u011fu tespit edildi. Ele ge\u00e7irilen t\u00fcm \u00fcr\u00fcnler, halk sa\u011fl\u0131\u011f\u0131n\u0131 tehdit etti\u011fi gerek\u00e7esiyle imha edildi. S\u00f6z konusu i\u015fletmeye, g\u0131da g\u00fcvenli\u011fi mevzuat\u0131na ayk\u0131r\u0131 faaliyetleri nedeniyle yasal i\u015flem uyguland\u0131. G\u0131da ve Kontrol Genel M\u00fcd\u00fcrl\u00fc\u011f\u00fc, g\u00fcvenilir g\u0131da temini i\u00e7in denetimlerin aral\u0131ks\u0131z devam edece\u011fini vurgulad\u0131. ???? Sosyal Medyada G\u00fcvenilir Olmayan G\u0131da Sat\u0131\u015f\u0131na Ge\u00e7it Yok! ???? Konya#KontrolG\u00f6revlisi ekiplerimiz, sosyal medya hesaplar\u0131 \u00fczerinden sipari\u015f al\u0131nan ve kargoya verilmek \u00fczere haz\u0131rlanan yakla\u015f\u0131k 5 ton g\u00fcvenilir olmayan g\u0131da ele ge\u00e7irdi.Ele ge\u00e7irilen \u00fcr\u00fcnler, bozulmu\u015f\/koku\u015fmu\u015f,\u2026 pic.twitter.com\/KLOd8hEOF3\u2014 G\u0131da ve Kontrol Genel M\u00fcd\u00fcrl\u00fc\u011f\u00fc (@GidaveKontrolGM) June 24, 2025 Yetkililer, vatanda\u015flar\u0131 sosyal medya \u00fczerinden yap\u0131lan g\u0131da sat\u0131\u015flar\u0131nda dikkatli olmaya \u00e7a\u011f\u0131r\u0131rken, g\u0131da g\u00fcvenli\u011fi konusunda \u015f\u00fcphe uyand\u0131ran durumlar\u0131n ilgili birimlere bildirilmesini istedi. Denetimlerin, halk sa\u011fl\u0131\u011f\u0131n\u0131 koruma hedefiyle \u00fclke genelinde s\u00fcrd\u00fcr\u00fclece\u011fi belirtildi. \u200bKonya\u2019da, &hellip;\" \/>\n<meta property=\"og:url\" content=\"https:\/\/denizcankizil.tr\/de\/haberler\/gundem\/konyada-5-ton-guvensiz-gidaya-imha\/\" \/>\n<meta property=\"og:site_name\" content=\"Av. Deniz Can K\u0131z\u0131l\" \/>\n<meta property=\"article:published_time\" content=\"2025-06-26T09:42:49+00:00\" \/>\n<meta name=\"author\" content=\"admin\" \/>\n<meta name=\"twitter:card\" content=\"summary_large_image\" \/>\n<meta name=\"twitter:label1\" content=\"Verfasst von\" \/>\n\t<meta name=\"twitter:data1\" content=\"admin\" \/>\n\t<meta name=\"twitter:label2\" content=\"Gesch\u00e4tzte Lesezeit\" \/>\n\t<meta name=\"twitter:data2\" content=\"3\u00a0Minuten\" \/>\n<script type=\"application\/ld+json\" class=\"yoast-schema-graph\">{\"@context\":\"https:\/\/schema.org\",\"@graph\":[{\"@type\":\"Article\",\"@id\":\"https:\/\/denizcankizil.tr\/de\/haberler\/gundem\/konyada-5-ton-guvensiz-gidaya-imha\/#article\",\"isPartOf\":{\"@id\":\"https:\/\/denizcankizil.tr\/de\/haberler\/gundem\/konyada-5-ton-guvensiz-gidaya-imha\/\"},\"author\":{\"name\":\"admin\",\"@id\":\"https:\/\/denizcankizil.tr\/de\/#\/schema\/person\/be3c05fe6a12686905512445d8185489\"},\"headline\":\"Konya&#8217;da 5 ton g\u00fcvensiz g\u0131daya imha!\",\"datePublished\":\"2025-06-26T09:42:49+00:00\",\"mainEntityOfPage\":{\"@id\":\"https:\/\/denizcankizil.tr\/de\/haberler\/gundem\/konyada-5-ton-guvensiz-gidaya-imha\/\"},\"wordCount\":608,\"publisher\":{\"@id\":\"https:\/\/denizcankizil.tr\/de\/#organization\"},\"articleSection\":[\"G\u00fcndem\"],\"inLanguage\":\"de\"},{\"@type\":\"WebPage\",\"@id\":\"https:\/\/denizcankizil.tr\/de\/haberler\/gundem\/konyada-5-ton-guvensiz-gidaya-imha\/\",\"url\":\"https:\/\/denizcankizil.tr\/de\/haberler\/gundem\/konyada-5-ton-guvensiz-gidaya-imha\/\",\"name\":\"Konya'da 5 ton g\u00fcvensiz g\u0131daya imha! - Av. Deniz Can K\u0131z\u0131l\",\"isPartOf\":{\"@id\":\"https:\/\/denizcankizil.tr\/de\/#website\"},\"datePublished\":\"2025-06-26T09:42:49+00:00\",\"breadcrumb\":{\"@id\":\"https:\/\/denizcankizil.tr\/de\/haberler\/gundem\/konyada-5-ton-guvensiz-gidaya-imha\/#breadcrumb\"},\"inLanguage\":\"de\",\"potentialAction\":[{\"@type\":\"ReadAction\",\"target\":[\"https:\/\/denizcankizil.tr\/de\/haberler\/gundem\/konyada-5-ton-guvensiz-gidaya-imha\/\"]}]},{\"@type\":\"BreadcrumbList\",\"@id\":\"https:\/\/denizcankizil.tr\/de\/haberler\/gundem\/konyada-5-ton-guvensiz-gidaya-imha\/#breadcrumb\",\"itemListElement\":[{\"@type\":\"ListItem\",\"position\":1,\"name\":\"Home\",\"item\":\"https:\/\/denizcankizil.tr\/de\/\"},{\"@type\":\"ListItem\",\"position\":2,\"name\":\"Konya&#8217;da 5 ton g\u00fcvensiz g\u0131daya imha!\"}]},{\"@type\":\"WebSite\",\"@id\":\"https:\/\/denizcankizil.tr\/de\/#website\",\"url\":\"https:\/\/denizcankizil.tr\/de\/\",\"name\":\"Av. Deniz Can K\u0131z\u0131l\",\"description\":\"Avukat Deniz Can K\u0131z\u0131l Antalya Barosu\",\"publisher\":{\"@id\":\"https:\/\/denizcankizil.tr\/de\/#organization\"},\"potentialAction\":[{\"@type\":\"SearchAction\",\"target\":{\"@type\":\"EntryPoint\",\"urlTemplate\":\"https:\/\/denizcankizil.tr\/de\/?s={search_term_string}\"},\"query-input\":{\"@type\":\"PropertyValueSpecification\",\"valueRequired\":true,\"valueName\":\"search_term_string\"}}],\"inLanguage\":\"de\"},{\"@type\":\"Organization\",\"@id\":\"https:\/\/denizcankizil.tr\/de\/#organization\",\"name\":\"Av. Deniz Can K\u0131z\u0131l\",\"url\":\"https:\/\/denizcankizil.tr\/de\/\",\"logo\":{\"@type\":\"ImageObject\",\"inLanguage\":\"de\",\"@id\":\"https:\/\/denizcankizil.tr\/de\/#\/schema\/logo\/image\/\",\"url\":\"https:\/\/denizcankizil.tr\/wp-content\/uploads\/2024\/10\/siyah-logo-svg.svg\",\"contentUrl\":\"https:\/\/denizcankizil.tr\/wp-content\/uploads\/2024\/10\/siyah-logo-svg.svg\",\"width\":1080,\"height\":1080,\"caption\":\"Av. Deniz Can K\u0131z\u0131l\"},\"image\":{\"@id\":\"https:\/\/denizcankizil.tr\/de\/#\/schema\/logo\/image\/\"}},{\"@type\":\"Person\",\"@id\":\"https:\/\/denizcankizil.tr\/de\/#\/schema\/person\/be3c05fe6a12686905512445d8185489\",\"name\":\"admin\",\"image\":{\"@type\":\"ImageObject\",\"inLanguage\":\"de\",\"@id\":\"https:\/\/denizcankizil.tr\/de\/#\/schema\/person\/image\/\",\"url\":\"https:\/\/secure.gravatar.com\/avatar\/c1fce94c830dc79107e174f890d7210541c4a63e8e5d816341794a2151c9d58c?s=96&d=mm&r=g\",\"contentUrl\":\"https:\/\/secure.gravatar.com\/avatar\/c1fce94c830dc79107e174f890d7210541c4a63e8e5d816341794a2151c9d58c?s=96&d=mm&r=g\",\"caption\":\"admin\"},\"sameAs\":[\"http:\/\/denizcankizil.tr\"],\"url\":\"https:\/\/www.iskenderun.org\/konyada-5-ton-guvensiz-gidaya-imha\"}]}<\/script>\n<!-- \/ Yoast SEO Premium plugin. -->","yoast_head_json":{"title":"Konya'da 5 ton g\u00fcvensiz g\u0131daya imha! - Av. Deniz Can K\u0131z\u0131l","robots":{"index":"index","follow":"follow","max-snippet":"max-snippet:-1","max-image-preview":"max-image-preview:large","max-video-preview":"max-video-preview:-1"},"canonical":"https:\/\/denizcankizil.tr\/de\/haberler\/gundem\/konyada-5-ton-guvensiz-gidaya-imha\/","og_locale":"de_DE","og_type":"article","og_title":"Konya'da 5 ton g\u00fcvensiz g\u0131daya imha!","og_description":"Konya\u2019da, sosyal medya \u00fczerinden sipari\u015fle sat\u0131lmak \u00fczere haz\u0131rlanan yakla\u015f\u0131k 5 ton bozulmu\u015f, etiketsiz ve son t\u00fcketim tarihi silinmi\u015f g\u0131da \u00fcr\u00fcn\u00fcne el konuldu; \u00fcr\u00fcnler imha edilirken, i\u015fletmeye yasal i\u015flem ba\u015flat\u0131ld\u0131.KONYA (\u0130GFA) &#8211; Konya\u2019da, G\u0131da ve Kontrol Genel M\u00fcd\u00fcrl\u00fc\u011f\u00fc\u2019ne ba\u011fl\u0131 kontrol g\u00f6revlisi ekipler, sosyal medya platformlar\u0131 \u00fczerinden sipari\u015f al\u0131nan ve kargoyla g\u00f6nderilmek \u00fczere haz\u0131rlanan yakla\u015f\u0131k 5 ton g\u00fcvenilir olmayan g\u0131day\u0131 ele ge\u00e7irdi. Denetimlerde, s\u00fct \u00fcr\u00fcnleri, et \u00fcr\u00fcnleri, kokore\u00e7, bal, pekmez, zeytin, zeytinya\u011f\u0131, sal\u00e7a, tahin, ket\u00e7ap ve mayonez gibi \u00fcr\u00fcnlerin bozulmu\u015f, koku\u015fmu\u015f, etiketsiz veya son t\u00fcketim tarihi silinmi\u015f oldu\u011fu tespit edildi. Ele ge\u00e7irilen t\u00fcm \u00fcr\u00fcnler, halk sa\u011fl\u0131\u011f\u0131n\u0131 tehdit etti\u011fi gerek\u00e7esiyle imha edildi. S\u00f6z konusu i\u015fletmeye, g\u0131da g\u00fcvenli\u011fi mevzuat\u0131na ayk\u0131r\u0131 faaliyetleri nedeniyle yasal i\u015flem uyguland\u0131. G\u0131da ve Kontrol Genel M\u00fcd\u00fcrl\u00fc\u011f\u00fc, g\u00fcvenilir g\u0131da temini i\u00e7in denetimlerin aral\u0131ks\u0131z devam edece\u011fini vurgulad\u0131. ???? Sosyal Medyada G\u00fcvenilir Olmayan G\u0131da Sat\u0131\u015f\u0131na Ge\u00e7it Yok! ???? Konya#KontrolG\u00f6revlisi ekiplerimiz, sosyal medya hesaplar\u0131 \u00fczerinden sipari\u015f al\u0131nan ve kargoya verilmek \u00fczere haz\u0131rlanan yakla\u015f\u0131k 5 ton g\u00fcvenilir olmayan g\u0131da ele ge\u00e7irdi.Ele ge\u00e7irilen \u00fcr\u00fcnler, bozulmu\u015f\/koku\u015fmu\u015f,\u2026 pic.twitter.com\/KLOd8hEOF3\u2014 G\u0131da ve Kontrol Genel M\u00fcd\u00fcrl\u00fc\u011f\u00fc (@GidaveKontrolGM) June 24, 2025 Yetkililer, vatanda\u015flar\u0131 sosyal medya \u00fczerinden yap\u0131lan g\u0131da sat\u0131\u015flar\u0131nda dikkatli olmaya \u00e7a\u011f\u0131r\u0131rken, g\u0131da g\u00fcvenli\u011fi konusunda \u015f\u00fcphe uyand\u0131ran durumlar\u0131n ilgili birimlere bildirilmesini istedi. Denetimlerin, halk sa\u011fl\u0131\u011f\u0131n\u0131 koruma hedefiyle \u00fclke genelinde s\u00fcrd\u00fcr\u00fclece\u011fi belirtildi. \u200bKonya\u2019da, &hellip;","og_url":"https:\/\/denizcankizil.tr\/de\/haberler\/gundem\/konyada-5-ton-guvensiz-gidaya-imha\/","og_site_name":"Av. Deniz Can K\u0131z\u0131l","article_published_time":"2025-06-26T09:42:49+00:00","author":"admin","twitter_card":"summary_large_image","twitter_misc":{"Verfasst von":"admin","Gesch\u00e4tzte Lesezeit":"3\u00a0Minuten"},"schema":{"@context":"https:\/\/schema.org","@graph":[{"@type":"Article","@id":"https:\/\/denizcankizil.tr\/de\/haberler\/gundem\/konyada-5-ton-guvensiz-gidaya-imha\/#article","isPartOf":{"@id":"https:\/\/denizcankizil.tr\/de\/haberler\/gundem\/konyada-5-ton-guvensiz-gidaya-imha\/"},"author":{"name":"admin","@id":"https:\/\/denizcankizil.tr\/de\/#\/schema\/person\/be3c05fe6a12686905512445d8185489"},"headline":"Konya&#8217;da 5 ton g\u00fcvensiz g\u0131daya imha!","datePublished":"2025-06-26T09:42:49+00:00","mainEntityOfPage":{"@id":"https:\/\/denizcankizil.tr\/de\/haberler\/gundem\/konyada-5-ton-guvensiz-gidaya-imha\/"},"wordCount":608,"publisher":{"@id":"https:\/\/denizcankizil.tr\/de\/#organization"},"articleSection":["G\u00fcndem"],"inLanguage":"de"},{"@type":"WebPage","@id":"https:\/\/denizcankizil.tr\/de\/haberler\/gundem\/konyada-5-ton-guvensiz-gidaya-imha\/","url":"https:\/\/denizcankizil.tr\/de\/haberler\/gundem\/konyada-5-ton-guvensiz-gidaya-imha\/","name":"Konya'da 5 ton g\u00fcvensiz g\u0131daya imha! - Av. Deniz Can K\u0131z\u0131l","isPartOf":{"@id":"https:\/\/denizcankizil.tr\/de\/#website"},"datePublished":"2025-06-26T09:42:49+00:00","breadcrumb":{"@id":"https:\/\/denizcankizil.tr\/de\/haberler\/gundem\/konyada-5-ton-guvensiz-gidaya-imha\/#breadcrumb"},"inLanguage":"de","potentialAction":[{"@type":"ReadAction","target":["https:\/\/denizcankizil.tr\/de\/haberler\/gundem\/konyada-5-ton-guvensiz-gidaya-imha\/"]}]},{"@type":"BreadcrumbList","@id":"https:\/\/denizcankizil.tr\/de\/haberler\/gundem\/konyada-5-ton-guvensiz-gidaya-imha\/#breadcrumb","itemListElement":[{"@type":"ListItem","position":1,"name":"Home","item":"https:\/\/denizcankizil.tr\/de\/"},{"@type":"ListItem","position":2,"name":"Konya&#8217;da 5 ton g\u00fcvensiz g\u0131daya imha!"}]},{"@type":"WebSite","@id":"https:\/\/denizcankizil.tr\/de\/#website","url":"https:\/\/denizcankizil.tr\/de\/","name":"Av. Deniz Can K\u0131z\u0131l","description":"Avukat Deniz Can K\u0131z\u0131l Antalya Barosu","publisher":{"@id":"https:\/\/denizcankizil.tr\/de\/#organization"},"potentialAction":[{"@type":"SearchAction","target":{"@type":"EntryPoint","urlTemplate":"https:\/\/denizcankizil.tr\/de\/?s={search_term_string}"},"query-input":{"@type":"PropertyValueSpecification","valueRequired":true,"valueName":"search_term_string"}}],"inLanguage":"de"},{"@type":"Organization","@id":"https:\/\/denizcankizil.tr\/de\/#organization","name":"Av. Deniz Can K\u0131z\u0131l","url":"https:\/\/denizcankizil.tr\/de\/","logo":{"@type":"ImageObject","inLanguage":"de","@id":"https:\/\/denizcankizil.tr\/de\/#\/schema\/logo\/image\/","url":"https:\/\/denizcankizil.tr\/wp-content\/uploads\/2024\/10\/siyah-logo-svg.svg","contentUrl":"https:\/\/denizcankizil.tr\/wp-content\/uploads\/2024\/10\/siyah-logo-svg.svg","width":1080,"height":1080,"caption":"Av. Deniz Can K\u0131z\u0131l"},"image":{"@id":"https:\/\/denizcankizil.tr\/de\/#\/schema\/logo\/image\/"}},{"@type":"Person","@id":"https:\/\/denizcankizil.tr\/de\/#\/schema\/person\/be3c05fe6a12686905512445d8185489","name":"Administrator","image":{"@type":"ImageObject","inLanguage":"de","@id":"https:\/\/denizcankizil.tr\/de\/#\/schema\/person\/image\/","url":"https:\/\/secure.gravatar.com\/avatar\/c1fce94c830dc79107e174f890d7210541c4a63e8e5d816341794a2151c9d58c?s=96&d=mm&r=g","contentUrl":"https:\/\/secure.gravatar.com\/avatar\/c1fce94c830dc79107e174f890d7210541c4a63e8e5d816341794a2151c9d58c?s=96&d=mm&r=g","caption":"admin"},"sameAs":["http:\/\/denizcankizil.tr"],"url":"https:\/\/www.iskenderun.org\/konyada-5-ton-guvensiz-gidaya-imha"}]}},"_links":{"self":[{"href":"https:\/\/denizcankizil.tr\/de\/wp-json\/wp\/v2\/posts\/127110","targetHints":{"allow":["GET"]}}],"collection":[{"href":"https:\/\/denizcankizil.tr\/de\/wp-json\/wp\/v2\/posts"}],"about":[{"href":"https:\/\/denizcankizil.tr\/de\/wp-json\/wp\/v2\/types\/post"}],"author":[{"embeddable":true,"href":"https:\/\/denizcankizil.tr\/de\/wp-json\/wp\/v2\/users\/1"}],"replies":[{"embeddable":true,"href":"https:\/\/denizcankizil.tr\/de\/wp-json\/wp\/v2\/comments?post=127110"}],"version-history":[{"count":0,"href":"https:\/\/denizcankizil.tr\/de\/wp-json\/wp\/v2\/posts\/127110\/revisions"}],"wp:attachment":[{"href":"https:\/\/denizcankizil.tr\/de\/wp-json\/wp\/v2\/media?parent=127110"}],"wp:term":[{"taxonomy":"category","embeddable":true,"href":"https:\/\/denizcankizil.tr\/de\/wp-json\/wp\/v2\/categories?post=127110"},{"taxonomy":"post_tag","embeddable":true,"href":"https:\/\/denizcankizil.tr\/de\/wp-json\/wp\/v2\/tags?post=127110"}],"curies":[{"name":"wp","href":"https:\/\/api.w.org\/{rel}","templated":true}]}}