{"id":127107,"date":"2025-06-26T12:42:45","date_gmt":"2025-06-26T09:42:45","guid":{"rendered":"https:\/\/denizcankizil.tr\/uncategorized-tr\/izmir-aliagadaki-orman-yangini-kontrol-altina-alindi\/"},"modified":"2025-06-26T12:42:45","modified_gmt":"2025-06-26T09:42:45","slug":"izmir-aliagadaki-orman-yangini-kontrol-altina-alindi","status":"publish","type":"post","link":"https:\/\/denizcankizil.tr\/de\/haberler\/gundem\/izmir-aliagadaki-orman-yangini-kontrol-altina-alindi\/","title":{"rendered":"\u0130zmir Alia\u011fa&#8217;daki orman yang\u0131n\u0131 kontrol alt\u0131na al\u0131nd\u0131"},"content":{"rendered":"<p>\u0130zmir Alia\u011fa\u2019da d\u00fcn ba\u015flayan ve gece boyunca s\u00fcren yo\u011fun m\u00fccadele sonras\u0131 orman yang\u0131n\u0131 kontrol alt\u0131na al\u0131nd\u0131. B\u00f6lgede so\u011futma \u00e7al\u0131\u015fmalar\u0131 s\u00fcr\u00fcyor.\u0130ZM\u0130R (\u0130GFA) &#8211; \u0130zmir\u2019in Alia\u011fa il\u00e7esinde \u00e7\u0131kan orman yang\u0131n\u0131, Orman Genel M\u00fcd\u00fcrl\u00fc\u011f\u00fc ekiplerinin gece boyunca verdi\u011fi yo\u011fun m\u00fccadeleyle kontrol alt\u0131na al\u0131nd\u0131.<br \/>\nOrman Genel M\u00fcd\u00fcrl\u00fc\u011f\u00fc\u2019n\u00fcn sosyal medya \u00fczerinden yapt\u0131\u011f\u0131 a\u00e7\u0131klamada, b\u00f6lgede so\u011futma \u00e7al\u0131\u015fmalar\u0131n\u0131n devam etti\u011fi belirtildi.<br \/>\nYang\u0131na kar\u015f\u0131 cansiperane m\u00fccadele eden ormanc\u0131lar, \u201cOrman\u0131n Kahramanlar\u0131\u201d olarak an\u0131l\u0131rken, operasyona destek veren kamu kurumlar\u0131, sivil toplum kurulu\u015flar\u0131 ve g\u00f6n\u00fcll\u00fclere te\u015fekk\u00fcr edildi.<br \/>\nGece boyunca verdi\u011fimiz yo\u011fun m\u00fccadelenin ard\u0131ndan #\u0130zmir #Alia\u011fa yang\u0131n\u0131n\u0131 kontrol alt\u0131na ald\u0131k. B\u00f6lgede so\u011futma \u00e7al\u0131\u015fmalar\u0131m\u0131z devam ediyor.#Ye\u015filVatan i\u00e7in cansiperane m\u00fccadele eden #Orman\u0131nKahramanlar\u0131&#8217;na, bizlere destek veren kurumlar\u0131m\u0131za, STK&#8217;lar\u0131m\u0131za ve\u2026 pic.twitter.com\/Adw8x7hFhT\u2014 Orman Genel M\u00fcd\u00fcrl\u00fc\u011f\u00fc (@OGMgovtr) June 26, 2025<br \/>\nOrman Genel M\u00fcd\u00fcrl\u00fc\u011f\u00fc, #Ye\u015filVatan\u2019\u0131 koruma kararl\u0131l\u0131\u011f\u0131n\u0131 vurgulayarak, do\u011fan\u0131n korunmas\u0131 i\u00e7in \u00e7al\u0131\u015fmalar\u0131n aral\u0131ks\u0131z s\u00fcrece\u011fini ifade etti.<br \/>\nEkipler, yang\u0131n\u0131n tamamen s\u00f6nd\u00fcr\u00fclmesi ve yeniden alevlenme riskinin ortadan kald\u0131r\u0131lmas\u0131 i\u00e7in so\u011futma \u00e7al\u0131\u015fmalar\u0131na devam ediyor.<\/p>\n<p>\u200b\u0130zmir Alia\u011fa\u2019da d\u00fcn ba\u015flayan ve gece boyunca s\u00fcren yo\u011fun m\u00fccadele sonras\u0131 orman yang\u0131n\u0131 kontrol alt\u0131na al\u0131nd\u0131. B\u00f6lgede so\u011futma \u00e7al\u0131\u015fmalar\u0131 s\u00fcr\u00fcyor.\u0130ZM\u0130R (\u0130GFA) &#8211; \u0130zmir\u2019in Alia\u011fa il\u00e7esinde \u00e7\u0131kan orman yang\u0131n\u0131, Orman Genel M\u00fcd\u00fcrl\u00fc\u011f\u00fc ekiplerinin gece boyunca verdi\u011fi yo\u011fun m\u00fccadeleyle kontrol alt\u0131na al\u0131nd\u0131.<br \/>\nOrman Genel M\u00fcd\u00fcrl\u00fc\u011f\u00fc\u2019n\u00fcn sosyal medya \u00fczerinden yapt\u0131\u011f\u0131 a\u00e7\u0131klamada, b\u00f6lgede so\u011futma \u00e7al\u0131\u015fmalar\u0131n\u0131n devam etti\u011fi belirtildi.<br \/>\nYang\u0131na kar\u015f\u0131 cansiperane m\u00fccadele eden ormanc\u0131lar, \u201cOrman\u0131n Kahramanlar\u0131\u201d olarak an\u0131l\u0131rken, operasyona destek veren kamu kurumlar\u0131, sivil toplum kurulu\u015flar\u0131 ve g\u00f6n\u00fcll\u00fclere te\u015fekk\u00fcr edildi.<br \/>\nGece boyunca verdi\u011fimiz yo\u011fun m\u00fccadelenin ard\u0131ndan #\u0130zmir #Alia\u011fa yang\u0131n\u0131n\u0131 kontrol alt\u0131na ald\u0131k. B\u00f6lgede so\u011futma \u00e7al\u0131\u015fmalar\u0131m\u0131z devam ediyor.#Ye\u015filVatan i\u00e7in cansiperane m\u00fccadele eden #Orman\u0131nKahramanlar\u0131&#8217;na, bizlere destek veren kurumlar\u0131m\u0131za, STK&#8217;lar\u0131m\u0131za ve\u2026 pic.twitter.com\/Adw8x7hFhT\u2014 Orman Genel M\u00fcd\u00fcrl\u00fc\u011f\u00fc (@OGMgovtr) June 26, 2025<br \/>\nOrman Genel M\u00fcd\u00fcrl\u00fc\u011f\u00fc, #Ye\u015filVatan\u2019\u0131 koruma kararl\u0131l\u0131\u011f\u0131n\u0131 vurgulayarak, do\u011fan\u0131n korunmas\u0131 i\u00e7in \u00e7al\u0131\u015fmalar\u0131n aral\u0131ks\u0131z s\u00fcrece\u011fini ifade etti.<br \/>\nEkipler, yang\u0131n\u0131n tamamen s\u00f6nd\u00fcr\u00fclmesi ve yeniden alevlenme riskinin ortadan kald\u0131r\u0131lmas\u0131 i\u00e7in so\u011futma \u00e7al\u0131\u015fmalar\u0131na devam ediyor.\u00a0<\/p>\n<p>\u200bHaberin Al\u0131nt\u0131land\u0131\u011f\u0131 Kaynak: www.iskenderun.org<\/p>","protected":false},"excerpt":{"rendered":"<p>\u0130zmir Alia\u011fa\u2019da d\u00fcn ba\u015flayan ve gece boyunca s\u00fcren yo\u011fun m\u00fccadele sonras\u0131 orman yang\u0131n\u0131 kontrol alt\u0131na al\u0131nd\u0131. B\u00f6lgede so\u011futma \u00e7al\u0131\u015fmalar\u0131 s\u00fcr\u00fcyor.\u0130ZM\u0130R (\u0130GFA) &#8211; \u0130zmir\u2019in Alia\u011fa il\u00e7esinde \u00e7\u0131kan orman yang\u0131n\u0131, Orman Genel M\u00fcd\u00fcrl\u00fc\u011f\u00fc ekiplerinin gece boyunca verdi\u011fi yo\u011fun m\u00fccadeleyle kontrol alt\u0131na al\u0131nd\u0131. Orman Genel M\u00fcd\u00fcrl\u00fc\u011f\u00fc\u2019n\u00fcn sosyal medya \u00fczerinden yapt\u0131\u011f\u0131 a\u00e7\u0131klamada, b\u00f6lgede so\u011futma \u00e7al\u0131\u015fmalar\u0131n\u0131n devam etti\u011fi belirtildi. Yang\u0131na kar\u015f\u0131 cansiperane m\u00fccadele eden ormanc\u0131lar, \u201cOrman\u0131n Kahramanlar\u0131\u201d olarak an\u0131l\u0131rken, operasyona destek veren kamu kurumlar\u0131, sivil toplum kurulu\u015flar\u0131 ve g\u00f6n\u00fcll\u00fclere te\u015fekk\u00fcr edildi. Gece boyunca verdi\u011fimiz yo\u011fun m\u00fccadelenin ard\u0131ndan #\u0130zmir #Alia\u011fa yang\u0131n\u0131n\u0131 kontrol alt\u0131na ald\u0131k. B\u00f6lgede so\u011futma \u00e7al\u0131\u015fmalar\u0131m\u0131z devam ediyor.#Ye\u015filVatan i\u00e7in cansiperane m\u00fccadele eden #Orman\u0131nKahramanlar\u0131&#8217;na, bizlere destek veren kurumlar\u0131m\u0131za, STK&#8217;lar\u0131m\u0131za ve\u2026 pic.twitter.com\/Adw8x7hFhT\u2014 Orman Genel M\u00fcd\u00fcrl\u00fc\u011f\u00fc (@OGMgovtr) June 26, 2025 Orman Genel M\u00fcd\u00fcrl\u00fc\u011f\u00fc, #Ye\u015filVatan\u2019\u0131 koruma kararl\u0131l\u0131\u011f\u0131n\u0131 vurgulayarak, do\u011fan\u0131n korunmas\u0131 i\u00e7in \u00e7al\u0131\u015fmalar\u0131n aral\u0131ks\u0131z s\u00fcrece\u011fini ifade etti. Ekipler, yang\u0131n\u0131n tamamen s\u00f6nd\u00fcr\u00fclmesi ve yeniden alevlenme riskinin ortadan kald\u0131r\u0131lmas\u0131 i\u00e7in so\u011futma \u00e7al\u0131\u015fmalar\u0131na devam ediyor. \u200b\u0130zmir Alia\u011fa\u2019da d\u00fcn ba\u015flayan ve gece boyunca s\u00fcren yo\u011fun m\u00fccadele sonras\u0131 orman yang\u0131n\u0131 kontrol alt\u0131na al\u0131nd\u0131. B\u00f6lgede so\u011futma \u00e7al\u0131\u015fmalar\u0131 s\u00fcr\u00fcyor.\u0130ZM\u0130R (\u0130GFA) &#8211; \u0130zmir\u2019in Alia\u011fa il\u00e7esinde \u00e7\u0131kan orman yang\u0131n\u0131, Orman Genel M\u00fcd\u00fcrl\u00fc\u011f\u00fc ekiplerinin gece boyunca verdi\u011fi yo\u011fun m\u00fccadeleyle kontrol alt\u0131na al\u0131nd\u0131. Orman Genel M\u00fcd\u00fcrl\u00fc\u011f\u00fc\u2019n\u00fcn sosyal medya \u00fczerinden yapt\u0131\u011f\u0131 a\u00e7\u0131klamada, b\u00f6lgede so\u011futma \u00e7al\u0131\u015fmalar\u0131n\u0131n devam etti\u011fi belirtildi. Yang\u0131na kar\u015f\u0131 cansiperane m\u00fccadele &hellip;<\/p>","protected":false},"author":1,"featured_media":0,"comment_status":"","ping_status":"open","sticky":false,"template":"","format":"standard","meta":{"_acf_changed":false,"footnotes":""},"categories":[24],"tags":[],"class_list":["post-127107","post","type-post","status-publish","format-standard","has-post-thumbnail","hentry","category-gundem"],"acf":[],"yoast_head":"<!-- This site is optimized with the Yoast SEO Premium plugin v26.6 (Yoast SEO v27.1.1) - https:\/\/yoast.com\/product\/yoast-seo-premium-wordpress\/ -->\n<title>\u0130zmir Alia\u011fa&#039;daki orman yang\u0131n\u0131 kontrol alt\u0131na al\u0131nd\u0131 - Av. Deniz Can K\u0131z\u0131l<\/title>\n<meta name=\"robots\" content=\"index, follow, max-snippet:-1, max-image-preview:large, max-video-preview:-1\" \/>\n<link rel=\"canonical\" href=\"https:\/\/denizcankizil.tr\/de\/haberler\/gundem\/izmir-aliagadaki-orman-yangini-kontrol-altina-alindi\/\" \/>\n<meta property=\"og:locale\" content=\"de_DE\" \/>\n<meta property=\"og:type\" content=\"article\" \/>\n<meta property=\"og:title\" content=\"\u0130zmir Alia\u011fa&#039;daki orman yang\u0131n\u0131 kontrol alt\u0131na al\u0131nd\u0131\" \/>\n<meta property=\"og:description\" content=\"\u0130zmir Alia\u011fa\u2019da d\u00fcn ba\u015flayan ve gece boyunca s\u00fcren yo\u011fun m\u00fccadele sonras\u0131 orman yang\u0131n\u0131 kontrol alt\u0131na al\u0131nd\u0131. B\u00f6lgede so\u011futma \u00e7al\u0131\u015fmalar\u0131 s\u00fcr\u00fcyor.\u0130ZM\u0130R (\u0130GFA) &#8211; \u0130zmir\u2019in Alia\u011fa il\u00e7esinde \u00e7\u0131kan orman yang\u0131n\u0131, Orman Genel M\u00fcd\u00fcrl\u00fc\u011f\u00fc ekiplerinin gece boyunca verdi\u011fi yo\u011fun m\u00fccadeleyle kontrol alt\u0131na al\u0131nd\u0131. Orman Genel M\u00fcd\u00fcrl\u00fc\u011f\u00fc\u2019n\u00fcn sosyal medya \u00fczerinden yapt\u0131\u011f\u0131 a\u00e7\u0131klamada, b\u00f6lgede so\u011futma \u00e7al\u0131\u015fmalar\u0131n\u0131n devam etti\u011fi belirtildi. Yang\u0131na kar\u015f\u0131 cansiperane m\u00fccadele eden ormanc\u0131lar, \u201cOrman\u0131n Kahramanlar\u0131\u201d olarak an\u0131l\u0131rken, operasyona destek veren kamu kurumlar\u0131, sivil toplum kurulu\u015flar\u0131 ve g\u00f6n\u00fcll\u00fclere te\u015fekk\u00fcr edildi. Gece boyunca verdi\u011fimiz yo\u011fun m\u00fccadelenin ard\u0131ndan #\u0130zmir #Alia\u011fa yang\u0131n\u0131n\u0131 kontrol alt\u0131na ald\u0131k. B\u00f6lgede so\u011futma \u00e7al\u0131\u015fmalar\u0131m\u0131z devam ediyor.#Ye\u015filVatan i\u00e7in cansiperane m\u00fccadele eden #Orman\u0131nKahramanlar\u0131&#8217;na, bizlere destek veren kurumlar\u0131m\u0131za, STK&#8217;lar\u0131m\u0131za ve\u2026 pic.twitter.com\/Adw8x7hFhT\u2014 Orman Genel M\u00fcd\u00fcrl\u00fc\u011f\u00fc (@OGMgovtr) June 26, 2025 Orman Genel M\u00fcd\u00fcrl\u00fc\u011f\u00fc, #Ye\u015filVatan\u2019\u0131 koruma kararl\u0131l\u0131\u011f\u0131n\u0131 vurgulayarak, do\u011fan\u0131n korunmas\u0131 i\u00e7in \u00e7al\u0131\u015fmalar\u0131n aral\u0131ks\u0131z s\u00fcrece\u011fini ifade etti. Ekipler, yang\u0131n\u0131n tamamen s\u00f6nd\u00fcr\u00fclmesi ve yeniden alevlenme riskinin ortadan kald\u0131r\u0131lmas\u0131 i\u00e7in so\u011futma \u00e7al\u0131\u015fmalar\u0131na devam ediyor. \u200b\u0130zmir Alia\u011fa\u2019da d\u00fcn ba\u015flayan ve gece boyunca s\u00fcren yo\u011fun m\u00fccadele sonras\u0131 orman yang\u0131n\u0131 kontrol alt\u0131na al\u0131nd\u0131. B\u00f6lgede so\u011futma \u00e7al\u0131\u015fmalar\u0131 s\u00fcr\u00fcyor.\u0130ZM\u0130R (\u0130GFA) &#8211; \u0130zmir\u2019in Alia\u011fa il\u00e7esinde \u00e7\u0131kan orman yang\u0131n\u0131, Orman Genel M\u00fcd\u00fcrl\u00fc\u011f\u00fc ekiplerinin gece boyunca verdi\u011fi yo\u011fun m\u00fccadeleyle kontrol alt\u0131na al\u0131nd\u0131. Orman Genel M\u00fcd\u00fcrl\u00fc\u011f\u00fc\u2019n\u00fcn sosyal medya \u00fczerinden yapt\u0131\u011f\u0131 a\u00e7\u0131klamada, b\u00f6lgede so\u011futma \u00e7al\u0131\u015fmalar\u0131n\u0131n devam etti\u011fi belirtildi. Yang\u0131na kar\u015f\u0131 cansiperane m\u00fccadele &hellip;\" \/>\n<meta property=\"og:url\" content=\"https:\/\/denizcankizil.tr\/de\/haberler\/gundem\/izmir-aliagadaki-orman-yangini-kontrol-altina-alindi\/\" \/>\n<meta property=\"og:site_name\" content=\"Av. Deniz Can K\u0131z\u0131l\" \/>\n<meta property=\"article:published_time\" content=\"2025-06-26T09:42:45+00:00\" \/>\n<meta name=\"author\" content=\"admin\" \/>\n<meta name=\"twitter:card\" content=\"summary_large_image\" \/>\n<meta name=\"twitter:label1\" content=\"Verfasst von\" \/>\n\t<meta name=\"twitter:data1\" content=\"admin\" \/>\n\t<meta name=\"twitter:label2\" content=\"Gesch\u00e4tzte Lesezeit\" \/>\n\t<meta name=\"twitter:data2\" content=\"3\u00a0Minuten\" \/>\n<script type=\"application\/ld+json\" class=\"yoast-schema-graph\">{\"@context\":\"https:\/\/schema.org\",\"@graph\":[{\"@type\":\"Article\",\"@id\":\"https:\/\/denizcankizil.tr\/de\/haberler\/gundem\/izmir-aliagadaki-orman-yangini-kontrol-altina-alindi\/#article\",\"isPartOf\":{\"@id\":\"https:\/\/denizcankizil.tr\/de\/haberler\/gundem\/izmir-aliagadaki-orman-yangini-kontrol-altina-alindi\/\"},\"author\":{\"name\":\"admin\",\"@id\":\"https:\/\/denizcankizil.tr\/de\/#\/schema\/person\/be3c05fe6a12686905512445d8185489\"},\"headline\":\"\u0130zmir Alia\u011fa&#8217;daki orman yang\u0131n\u0131 kontrol alt\u0131na al\u0131nd\u0131\",\"datePublished\":\"2025-06-26T09:42:45+00:00\",\"mainEntityOfPage\":{\"@id\":\"https:\/\/denizcankizil.tr\/de\/haberler\/gundem\/izmir-aliagadaki-orman-yangini-kontrol-altina-alindi\/\"},\"wordCount\":516,\"publisher\":{\"@id\":\"https:\/\/denizcankizil.tr\/de\/#organization\"},\"articleSection\":[\"G\u00fcndem\"],\"inLanguage\":\"de\"},{\"@type\":\"WebPage\",\"@id\":\"https:\/\/denizcankizil.tr\/de\/haberler\/gundem\/izmir-aliagadaki-orman-yangini-kontrol-altina-alindi\/\",\"url\":\"https:\/\/denizcankizil.tr\/de\/haberler\/gundem\/izmir-aliagadaki-orman-yangini-kontrol-altina-alindi\/\",\"name\":\"\u0130zmir Alia\u011fa'daki orman yang\u0131n\u0131 kontrol alt\u0131na al\u0131nd\u0131 - Av. Deniz Can K\u0131z\u0131l\",\"isPartOf\":{\"@id\":\"https:\/\/denizcankizil.tr\/de\/#website\"},\"datePublished\":\"2025-06-26T09:42:45+00:00\",\"breadcrumb\":{\"@id\":\"https:\/\/denizcankizil.tr\/de\/haberler\/gundem\/izmir-aliagadaki-orman-yangini-kontrol-altina-alindi\/#breadcrumb\"},\"inLanguage\":\"de\",\"potentialAction\":[{\"@type\":\"ReadAction\",\"target\":[\"https:\/\/denizcankizil.tr\/de\/haberler\/gundem\/izmir-aliagadaki-orman-yangini-kontrol-altina-alindi\/\"]}]},{\"@type\":\"BreadcrumbList\",\"@id\":\"https:\/\/denizcankizil.tr\/de\/haberler\/gundem\/izmir-aliagadaki-orman-yangini-kontrol-altina-alindi\/#breadcrumb\",\"itemListElement\":[{\"@type\":\"ListItem\",\"position\":1,\"name\":\"Home\",\"item\":\"https:\/\/denizcankizil.tr\/de\/\"},{\"@type\":\"ListItem\",\"position\":2,\"name\":\"\u0130zmir Alia\u011fa&#8217;daki orman yang\u0131n\u0131 kontrol alt\u0131na al\u0131nd\u0131\"}]},{\"@type\":\"WebSite\",\"@id\":\"https:\/\/denizcankizil.tr\/de\/#website\",\"url\":\"https:\/\/denizcankizil.tr\/de\/\",\"name\":\"Av. Deniz Can K\u0131z\u0131l\",\"description\":\"Avukat Deniz Can K\u0131z\u0131l Antalya Barosu\",\"publisher\":{\"@id\":\"https:\/\/denizcankizil.tr\/de\/#organization\"},\"potentialAction\":[{\"@type\":\"SearchAction\",\"target\":{\"@type\":\"EntryPoint\",\"urlTemplate\":\"https:\/\/denizcankizil.tr\/de\/?s={search_term_string}\"},\"query-input\":{\"@type\":\"PropertyValueSpecification\",\"valueRequired\":true,\"valueName\":\"search_term_string\"}}],\"inLanguage\":\"de\"},{\"@type\":\"Organization\",\"@id\":\"https:\/\/denizcankizil.tr\/de\/#organization\",\"name\":\"Av. Deniz Can K\u0131z\u0131l\",\"url\":\"https:\/\/denizcankizil.tr\/de\/\",\"logo\":{\"@type\":\"ImageObject\",\"inLanguage\":\"de\",\"@id\":\"https:\/\/denizcankizil.tr\/de\/#\/schema\/logo\/image\/\",\"url\":\"https:\/\/denizcankizil.tr\/wp-content\/uploads\/2024\/10\/siyah-logo-svg.svg\",\"contentUrl\":\"https:\/\/denizcankizil.tr\/wp-content\/uploads\/2024\/10\/siyah-logo-svg.svg\",\"width\":1080,\"height\":1080,\"caption\":\"Av. Deniz Can K\u0131z\u0131l\"},\"image\":{\"@id\":\"https:\/\/denizcankizil.tr\/de\/#\/schema\/logo\/image\/\"}},{\"@type\":\"Person\",\"@id\":\"https:\/\/denizcankizil.tr\/de\/#\/schema\/person\/be3c05fe6a12686905512445d8185489\",\"name\":\"admin\",\"image\":{\"@type\":\"ImageObject\",\"inLanguage\":\"de\",\"@id\":\"https:\/\/denizcankizil.tr\/de\/#\/schema\/person\/image\/\",\"url\":\"https:\/\/secure.gravatar.com\/avatar\/c1fce94c830dc79107e174f890d7210541c4a63e8e5d816341794a2151c9d58c?s=96&d=mm&r=g\",\"contentUrl\":\"https:\/\/secure.gravatar.com\/avatar\/c1fce94c830dc79107e174f890d7210541c4a63e8e5d816341794a2151c9d58c?s=96&d=mm&r=g\",\"caption\":\"admin\"},\"sameAs\":[\"http:\/\/denizcankizil.tr\"],\"url\":\"https:\/\/www.iskenderun.org\/izmir-aliagadaki-orman-yangini-kontrol-altina-alindi\"}]}<\/script>\n<!-- \/ Yoast SEO Premium plugin. -->","yoast_head_json":{"title":"\u0130zmir Alia\u011fa'daki orman yang\u0131n\u0131 kontrol alt\u0131na al\u0131nd\u0131 - Av. Deniz Can K\u0131z\u0131l","robots":{"index":"index","follow":"follow","max-snippet":"max-snippet:-1","max-image-preview":"max-image-preview:large","max-video-preview":"max-video-preview:-1"},"canonical":"https:\/\/denizcankizil.tr\/de\/haberler\/gundem\/izmir-aliagadaki-orman-yangini-kontrol-altina-alindi\/","og_locale":"de_DE","og_type":"article","og_title":"\u0130zmir Alia\u011fa'daki orman yang\u0131n\u0131 kontrol alt\u0131na al\u0131nd\u0131","og_description":"\u0130zmir Alia\u011fa\u2019da d\u00fcn ba\u015flayan ve gece boyunca s\u00fcren yo\u011fun m\u00fccadele sonras\u0131 orman yang\u0131n\u0131 kontrol alt\u0131na al\u0131nd\u0131. B\u00f6lgede so\u011futma \u00e7al\u0131\u015fmalar\u0131 s\u00fcr\u00fcyor.\u0130ZM\u0130R (\u0130GFA) &#8211; \u0130zmir\u2019in Alia\u011fa il\u00e7esinde \u00e7\u0131kan orman yang\u0131n\u0131, Orman Genel M\u00fcd\u00fcrl\u00fc\u011f\u00fc ekiplerinin gece boyunca verdi\u011fi yo\u011fun m\u00fccadeleyle kontrol alt\u0131na al\u0131nd\u0131. Orman Genel M\u00fcd\u00fcrl\u00fc\u011f\u00fc\u2019n\u00fcn sosyal medya \u00fczerinden yapt\u0131\u011f\u0131 a\u00e7\u0131klamada, b\u00f6lgede so\u011futma \u00e7al\u0131\u015fmalar\u0131n\u0131n devam etti\u011fi belirtildi. Yang\u0131na kar\u015f\u0131 cansiperane m\u00fccadele eden ormanc\u0131lar, \u201cOrman\u0131n Kahramanlar\u0131\u201d olarak an\u0131l\u0131rken, operasyona destek veren kamu kurumlar\u0131, sivil toplum kurulu\u015flar\u0131 ve g\u00f6n\u00fcll\u00fclere te\u015fekk\u00fcr edildi. Gece boyunca verdi\u011fimiz yo\u011fun m\u00fccadelenin ard\u0131ndan #\u0130zmir #Alia\u011fa yang\u0131n\u0131n\u0131 kontrol alt\u0131na ald\u0131k. B\u00f6lgede so\u011futma \u00e7al\u0131\u015fmalar\u0131m\u0131z devam ediyor.#Ye\u015filVatan i\u00e7in cansiperane m\u00fccadele eden #Orman\u0131nKahramanlar\u0131&#8217;na, bizlere destek veren kurumlar\u0131m\u0131za, STK&#8217;lar\u0131m\u0131za ve\u2026 pic.twitter.com\/Adw8x7hFhT\u2014 Orman Genel M\u00fcd\u00fcrl\u00fc\u011f\u00fc (@OGMgovtr) June 26, 2025 Orman Genel M\u00fcd\u00fcrl\u00fc\u011f\u00fc, #Ye\u015filVatan\u2019\u0131 koruma kararl\u0131l\u0131\u011f\u0131n\u0131 vurgulayarak, do\u011fan\u0131n korunmas\u0131 i\u00e7in \u00e7al\u0131\u015fmalar\u0131n aral\u0131ks\u0131z s\u00fcrece\u011fini ifade etti. Ekipler, yang\u0131n\u0131n tamamen s\u00f6nd\u00fcr\u00fclmesi ve yeniden alevlenme riskinin ortadan kald\u0131r\u0131lmas\u0131 i\u00e7in so\u011futma \u00e7al\u0131\u015fmalar\u0131na devam ediyor. \u200b\u0130zmir Alia\u011fa\u2019da d\u00fcn ba\u015flayan ve gece boyunca s\u00fcren yo\u011fun m\u00fccadele sonras\u0131 orman yang\u0131n\u0131 kontrol alt\u0131na al\u0131nd\u0131. B\u00f6lgede so\u011futma \u00e7al\u0131\u015fmalar\u0131 s\u00fcr\u00fcyor.\u0130ZM\u0130R (\u0130GFA) &#8211; \u0130zmir\u2019in Alia\u011fa il\u00e7esinde \u00e7\u0131kan orman yang\u0131n\u0131, Orman Genel M\u00fcd\u00fcrl\u00fc\u011f\u00fc ekiplerinin gece boyunca verdi\u011fi yo\u011fun m\u00fccadeleyle kontrol alt\u0131na al\u0131nd\u0131. Orman Genel M\u00fcd\u00fcrl\u00fc\u011f\u00fc\u2019n\u00fcn sosyal medya \u00fczerinden yapt\u0131\u011f\u0131 a\u00e7\u0131klamada, b\u00f6lgede so\u011futma \u00e7al\u0131\u015fmalar\u0131n\u0131n devam etti\u011fi belirtildi. Yang\u0131na kar\u015f\u0131 cansiperane m\u00fccadele &hellip;","og_url":"https:\/\/denizcankizil.tr\/de\/haberler\/gundem\/izmir-aliagadaki-orman-yangini-kontrol-altina-alindi\/","og_site_name":"Av. Deniz Can K\u0131z\u0131l","article_published_time":"2025-06-26T09:42:45+00:00","author":"admin","twitter_card":"summary_large_image","twitter_misc":{"Verfasst von":"admin","Gesch\u00e4tzte Lesezeit":"3\u00a0Minuten"},"schema":{"@context":"https:\/\/schema.org","@graph":[{"@type":"Article","@id":"https:\/\/denizcankizil.tr\/de\/haberler\/gundem\/izmir-aliagadaki-orman-yangini-kontrol-altina-alindi\/#article","isPartOf":{"@id":"https:\/\/denizcankizil.tr\/de\/haberler\/gundem\/izmir-aliagadaki-orman-yangini-kontrol-altina-alindi\/"},"author":{"name":"admin","@id":"https:\/\/denizcankizil.tr\/de\/#\/schema\/person\/be3c05fe6a12686905512445d8185489"},"headline":"\u0130zmir Alia\u011fa&#8217;daki orman yang\u0131n\u0131 kontrol alt\u0131na al\u0131nd\u0131","datePublished":"2025-06-26T09:42:45+00:00","mainEntityOfPage":{"@id":"https:\/\/denizcankizil.tr\/de\/haberler\/gundem\/izmir-aliagadaki-orman-yangini-kontrol-altina-alindi\/"},"wordCount":516,"publisher":{"@id":"https:\/\/denizcankizil.tr\/de\/#organization"},"articleSection":["G\u00fcndem"],"inLanguage":"de"},{"@type":"WebPage","@id":"https:\/\/denizcankizil.tr\/de\/haberler\/gundem\/izmir-aliagadaki-orman-yangini-kontrol-altina-alindi\/","url":"https:\/\/denizcankizil.tr\/de\/haberler\/gundem\/izmir-aliagadaki-orman-yangini-kontrol-altina-alindi\/","name":"\u0130zmir Alia\u011fa'daki orman yang\u0131n\u0131 kontrol alt\u0131na al\u0131nd\u0131 - Av. Deniz Can K\u0131z\u0131l","isPartOf":{"@id":"https:\/\/denizcankizil.tr\/de\/#website"},"datePublished":"2025-06-26T09:42:45+00:00","breadcrumb":{"@id":"https:\/\/denizcankizil.tr\/de\/haberler\/gundem\/izmir-aliagadaki-orman-yangini-kontrol-altina-alindi\/#breadcrumb"},"inLanguage":"de","potentialAction":[{"@type":"ReadAction","target":["https:\/\/denizcankizil.tr\/de\/haberler\/gundem\/izmir-aliagadaki-orman-yangini-kontrol-altina-alindi\/"]}]},{"@type":"BreadcrumbList","@id":"https:\/\/denizcankizil.tr\/de\/haberler\/gundem\/izmir-aliagadaki-orman-yangini-kontrol-altina-alindi\/#breadcrumb","itemListElement":[{"@type":"ListItem","position":1,"name":"Home","item":"https:\/\/denizcankizil.tr\/de\/"},{"@type":"ListItem","position":2,"name":"\u0130zmir Alia\u011fa&#8217;daki orman yang\u0131n\u0131 kontrol alt\u0131na al\u0131nd\u0131"}]},{"@type":"WebSite","@id":"https:\/\/denizcankizil.tr\/de\/#website","url":"https:\/\/denizcankizil.tr\/de\/","name":"Av. Deniz Can K\u0131z\u0131l","description":"Avukat Deniz Can K\u0131z\u0131l Antalya Barosu","publisher":{"@id":"https:\/\/denizcankizil.tr\/de\/#organization"},"potentialAction":[{"@type":"SearchAction","target":{"@type":"EntryPoint","urlTemplate":"https:\/\/denizcankizil.tr\/de\/?s={search_term_string}"},"query-input":{"@type":"PropertyValueSpecification","valueRequired":true,"valueName":"search_term_string"}}],"inLanguage":"de"},{"@type":"Organization","@id":"https:\/\/denizcankizil.tr\/de\/#organization","name":"Av. Deniz Can K\u0131z\u0131l","url":"https:\/\/denizcankizil.tr\/de\/","logo":{"@type":"ImageObject","inLanguage":"de","@id":"https:\/\/denizcankizil.tr\/de\/#\/schema\/logo\/image\/","url":"https:\/\/denizcankizil.tr\/wp-content\/uploads\/2024\/10\/siyah-logo-svg.svg","contentUrl":"https:\/\/denizcankizil.tr\/wp-content\/uploads\/2024\/10\/siyah-logo-svg.svg","width":1080,"height":1080,"caption":"Av. Deniz Can K\u0131z\u0131l"},"image":{"@id":"https:\/\/denizcankizil.tr\/de\/#\/schema\/logo\/image\/"}},{"@type":"Person","@id":"https:\/\/denizcankizil.tr\/de\/#\/schema\/person\/be3c05fe6a12686905512445d8185489","name":"Administrator","image":{"@type":"ImageObject","inLanguage":"de","@id":"https:\/\/denizcankizil.tr\/de\/#\/schema\/person\/image\/","url":"https:\/\/secure.gravatar.com\/avatar\/c1fce94c830dc79107e174f890d7210541c4a63e8e5d816341794a2151c9d58c?s=96&d=mm&r=g","contentUrl":"https:\/\/secure.gravatar.com\/avatar\/c1fce94c830dc79107e174f890d7210541c4a63e8e5d816341794a2151c9d58c?s=96&d=mm&r=g","caption":"admin"},"sameAs":["http:\/\/denizcankizil.tr"],"url":"https:\/\/www.iskenderun.org\/izmir-aliagadaki-orman-yangini-kontrol-altina-alindi"}]}},"_links":{"self":[{"href":"https:\/\/denizcankizil.tr\/de\/wp-json\/wp\/v2\/posts\/127107","targetHints":{"allow":["GET"]}}],"collection":[{"href":"https:\/\/denizcankizil.tr\/de\/wp-json\/wp\/v2\/posts"}],"about":[{"href":"https:\/\/denizcankizil.tr\/de\/wp-json\/wp\/v2\/types\/post"}],"author":[{"embeddable":true,"href":"https:\/\/denizcankizil.tr\/de\/wp-json\/wp\/v2\/users\/1"}],"replies":[{"embeddable":true,"href":"https:\/\/denizcankizil.tr\/de\/wp-json\/wp\/v2\/comments?post=127107"}],"version-history":[{"count":0,"href":"https:\/\/denizcankizil.tr\/de\/wp-json\/wp\/v2\/posts\/127107\/revisions"}],"wp:attachment":[{"href":"https:\/\/denizcankizil.tr\/de\/wp-json\/wp\/v2\/media?parent=127107"}],"wp:term":[{"taxonomy":"category","embeddable":true,"href":"https:\/\/denizcankizil.tr\/de\/wp-json\/wp\/v2\/categories?post=127107"},{"taxonomy":"post_tag","embeddable":true,"href":"https:\/\/denizcankizil.tr\/de\/wp-json\/wp\/v2\/tags?post=127107"}],"curies":[{"name":"wp","href":"https:\/\/api.w.org\/{rel}","templated":true}]}}