{"id":126980,"date":"2025-06-26T10:18:00","date_gmt":"2025-06-26T07:18:00","guid":{"rendered":"https:\/\/denizcankizil.tr\/uncategorized-tr\/engellilik-orani-%90in-altinda-olan-malul-ve-engellilerden-sadece-tasiti-bizzat-kullanabileceklerin-otv-istisnasindan-yararlanmasini-ongoren-kurala-iliskin-itiraz-basvurusu-hakkinda-karar\/"},"modified":"2025-06-26T10:18:00","modified_gmt":"2025-06-26T07:18:00","slug":"engellilik-orani-%90in-altinda-olan-malul-ve-engellilerden-sadece-tasiti-bizzat-kullanabileceklerin-otv-istisnasindan-yararlanmasini-ongoren-kurala-iliskin-itiraz-basvurusu-hakkinda-karar","status":"publish","type":"post","link":"https:\/\/denizcankizil.tr\/de\/hukukihaber\/engellilik-orani-%90in-altinda-olan-malul-ve-engellilerden-sadece-tasiti-bizzat-kullanabileceklerin-otv-istisnasindan-yararlanmasini-ongoren-kurala-iliskin-itiraz-basvurusu-hakkinda-karar\/","title":{"rendered":"Engellilik Oran\u0131 %90\u2019\u0131n Alt\u0131nda Olan Malul ve Engellilerden Sadece Ta\u015f\u0131t\u0131 Bizzat Kullanabileceklerin \u00d6TV \u0130stisnas\u0131ndan Yararlanmas\u0131n\u0131 \u00d6ng\u00f6ren Kurala \u0130li\u015fkin \u0130tiraz Ba\u015fvurusu Hakk\u0131nda Karar"},"content":{"rendered":"<p>\u0130tiraz Konusu Kural<\/p>\n<p>\u0130tiraz konusu kuralda, engellilik oran\u0131 %90\u2019\u0131n alt\u0131nda olan malul ve engellilerden sadece sat\u0131n al\u0131nan ta\u015f\u0131t\u0131 engellili\u011fine uygun \u015fekilde hareket ettirici \u00f6zel tertibat yapt\u0131rmak suretiyle kullanabilece\u011fi sa\u011fl\u0131k kurulu raporuyla belgelendirenlerin ta\u015f\u0131tlar\u0131n ilk iktisab\u0131 s\u0131ras\u0131nda uygulanacak \u00f6zel t\u00fcketim vergisi istisnas\u0131ndan yararlanabilece\u011fi \u00f6ng\u00f6r\u00fclm\u00fc\u015ft\u00fcr.<\/p>\n<p>Ba\u015fvuru Gerek\u00e7esi <\/p>\n<p>Ba\u015fvuru karar\u0131nda \u00f6zetle; itiraz konusu kuralla %90 oran\u0131ndan daha az derecede malul ve engelli olanlardan ara\u00e7 al\u0131mlar\u0131nda sadece engellili\u011fine uygun \u015fekilde hareket ettirici \u00f6zel tertibat yapt\u0131rmak suretiyle bizzat s\u00fcr\u00fcc\u00fc olma imk\u00e2n\u0131na sahip olanlar\u0131n \u00f6zel t\u00fcketim vergisi muafiyetinden yararlanabilece\u011finin \u00f6ng\u00f6r\u00fclmesinin devlete y\u00fcklenen engellilerin korunmalar\u0131n\u0131 ve toplum hayat\u0131na uyumlar\u0131n\u0131 sa\u011flay\u0131c\u0131 tedbirlerin al\u0131nmas\u0131 \u015feklindeki pozitif y\u00fck\u00fcml\u00fcl\u00fckle \u00e7eli\u015fti\u011fi, bu durumun sosyal devlet ve e\u015fitlik ilkelerini ihlal etti\u011fi, engelli haklar\u0131n\u0131n korunmas\u0131na ili\u015fkin milletleraras\u0131 antla\u015fmalarla ba\u011fda\u015fmad\u0131\u011f\u0131 belirtilerek kural\u0131n Anayasa\u2019ya ayk\u0131r\u0131 oldu\u011fu ileri s\u00fcr\u00fclm\u00fc\u015ft\u00fcr.<\/p>\n<p>Mahkemenin De\u011ferlendirmesi<\/p>\n<p>Kuralla, engel durumu itibar\u0131yla engellili\u011fine uygun \u015fekilde hareket ettirici \u00f6zel tertibat yard\u0131m\u0131 olmadan ta\u015f\u0131t kullanmayacak durumda bulunan ve dolay\u0131s\u0131yla sat\u0131n al\u0131nan ta\u015f\u0131t\u0131 sadece engellili\u011fine uygun \u015fekilde hareket ettirici \u00f6zel tertibat yapt\u0131rmak suretiyle kullanabilece\u011fi sa\u011fl\u0131k kurulu raporuyla belgelendirilen malul ve engellilerin \u00f6zel t\u00fcketim vergisi istisnas\u0131ndan yararland\u0131r\u0131lmas\u0131n\u0131n ama\u00e7land\u0131\u011f\u0131 anla\u015f\u0131lm\u0131\u015ft\u0131r.<\/p>\n<p>\u00d6ng\u00f6r\u00fclen kuralla, engel durumundan dolay\u0131 hakk\u0131nda s\u00fcr\u00fcc\u00fc belgesi alamayaca\u011f\u0131na ve dolay\u0131s\u0131yla herhangi bir ta\u015f\u0131t\u0131 -engellili\u011fine uygun \u015fekilde hareket ettirici \u00f6zel tertibat yard\u0131m\u0131yla dahi- kullanamayaca\u011f\u0131na y\u00f6nelik olarak karar al\u0131nan malul ve engellilerin s\u00f6z konusu istisnadan yararlanamamas\u0131na yol a\u00e7\u0131lmaktad\u0131r.<\/p>\n<p>Bu itibarla engelliler i\u00e7in \u00f6ng\u00f6r\u00fclen vergisel avantaja ili\u015fkin \u015fartlar\u0131n belirlenmesinde kanun koyucunun takdir yetkisi bulunmakla birlikte engellilik oran\u0131 %90\u2019\u0131n alt\u0131nda olan malul ve engellilerden sadece sat\u0131n al\u0131nan ta\u015f\u0131ta, bizzat kullanmak amac\u0131yla engellili\u011fine uygun \u015fekilde hareket ettirici \u00f6zel tertibat yapt\u0131ran malul ve engellilerin \u00f6zel t\u00fcketim vergisi istisnas\u0131ndan yararlanabilece\u011fini \u00f6ng\u00f6rmek suretiyle engellilik oran\u0131 %90\u2019\u0131n alt\u0131nda olmakla birlikte ta\u015f\u0131t kullanabilmeleri i\u00e7in gerekli fiziksel ve zihinsel yeterlili\u011fe sahip olmayan ve bu nedenle s\u00fcr\u00fcc\u00fc belgesi alamayan malul ve engellilerin ki\u015fisel durumlar\u0131n\u0131n g\u00f6zetildi\u011fini s\u00f6ylemek m\u00fcmk\u00fcn de\u011fildir. Bu kapsamda kural\u0131n sosyal devlet ilkesi ba\u011flam\u0131nda devlete y\u00fcklenen engellilerin korunmalar\u0131n\u0131 ve toplum hayat\u0131na intibaklar\u0131n\u0131 sa\u011flay\u0131c\u0131 tedbirleri alma \u015feklindeki pozitif y\u00fck\u00fcml\u00fcl\u00fc\u011fe ayk\u0131r\u0131 oldu\u011fu de\u011ferlendirilmi\u015ftir.<\/p>\n<p>Ayr\u0131ca engellilik oran\u0131 %90 alt\u0131nda olan ve engel durumu nedeniyle hakk\u0131nda s\u00fcr\u00fcc\u00fc belgesi alamayaca\u011f\u0131na ve dolay\u0131s\u0131yla herhangi bir ta\u015f\u0131t\u0131 -engellili\u011fine uygun \u015fekilde hareket ettirici \u00f6zel tertibat yard\u0131m\u0131yla dahi- kullanamayaca\u011f\u0131na y\u00f6nelik karar al\u0131nan malul ve engellilerin s\u00f6z konusu \u00f6zel t\u00fcketim vergisi istisnas\u0131ndan yararland\u0131r\u0131lmamas\u0131n\u0131n nesnel ve makul bir nedeninin bulunmad\u0131\u011f\u0131, kuralla \u00f6ng\u00f6r\u00fclen farkl\u0131 muamelenin e\u015fitlik ilkesini de ihlal etti\u011fi sonucuna var\u0131lm\u0131\u015ft\u0131r.<\/p>\n<p>Anayasa Mahkemesi a\u00e7\u0131klanan gerek\u00e7elerle kural\u0131n Anayasa\u2019ya ayk\u0131r\u0131 oldu\u011funa ve iptaline karar vermi\u015ftir.<\/p>\n<p>&#8212;<\/p>\n<p>ANAYASA MAHKEMES\u0130 KARARI<\/p>\n<p>Esas Say\u0131s\u0131 : 2024\/240<\/p>\n<p>Karar Say\u0131s\u0131 : 2025\/100<\/p>\n<p>Karar Tarihi : 22\/4\/2025<\/p>\n<p>R.G.Tarih-Say\u0131 : 26\/6\/2025-32938<\/p>\n<p>\u0130T\u0130RAZ YOLUNA BA\u015eVURAN: Antalya 2. Vergi Mahkemesi<\/p>\n<p>\u0130T\u0130RAZIN KONUSU: 6\/6\/2002 tarihli ve 4760 say\u0131l\u0131 \u00d6zel T\u00fcketim Vergisi Kanunu\u2019nun 7. maddesinin birinci f\u0131kras\u0131n\u0131n 16\/7\/2004 tarihli ve 5228 say\u0131l\u0131 Kanun\u2019un 21. maddesiyle de\u011fi\u015ftirilen (2) numaral\u0131 bendinin (c) alt bendinin Anayasa\u2019n\u0131n 2., 5., 10., 50. ve 61. maddelerine ayk\u0131r\u0131l\u0131\u011f\u0131 ileri s\u00fcr\u00fclerek iptaline karar verilmesi talebidir.<\/p>\n<p>OLAY: Ta\u015f\u0131t al\u0131m\u0131 s\u0131ras\u0131nda engelliler i\u00e7in \u00f6ng\u00f6r\u00fclen \u00f6zel t\u00fcketim vergisi istisnas\u0131ndan yararland\u0131r\u0131lma isteminin reddine ili\u015fkin i\u015flemin iptali talebiyle a\u00e7\u0131lan davada itiraz konusu kural\u0131n Anayasa\u2019ya ayk\u0131r\u0131 oldu\u011fu kan\u0131s\u0131na varan Mahkeme, iptali i\u00e7in ba\u015fvurmu\u015ftur.<\/p>\n<p>I. \u0130PTAL\u0130 \u0130STENEN KANUN H\u00dcKM\u00dc<\/p>\n<p>Kanun\u2019un 7. maddesinin itiraz konusu kural\u0131n da yer ald\u0131\u011f\u0131 ilgili k\u0131sm\u0131 \u015f\u00f6yledir:<\/p>\n<p>\u201cDi\u011fer istisnalar<\/p>\n<p>Madde 7 \u2013 Bu Kanuna ekli;<\/p>\n<p>\u2026<\/p>\n<p>2. (De\u011fi\u015fik: 16\/7\/2004-5228\/21 md.) (II) say\u0131l\u0131 listede yer alan kay\u0131t ve tescile t\u00e2bi yerli katk\u0131 oran\u0131 en az %20 olan mallardan;<\/p>\n<p>a) 87.03 (hesaplanmas\u0131 gereken \u00f6zel t\u00fcketim vergisi ve di\u011fer her t\u00fcrl\u00fc vergiler dahil bedeli 200.000 TL\u2019yi a\u015fanlar hari\u00e7), 87.04 (motor silindir hacmi 2.800 cm\u00b3&#8217;\u00fc a\u015fanlar hari\u00e7) ve 87.11 G.T.\u0130.P. numaralar\u0131nda yer alanlar\u0131n, engellilik oran\u0131 % 90 veya daha fazla olan mal\u00fbl ve engelliler taraf\u0131ndan,<\/p>\n<p>b) (Ek: 6\/2\/2014-6518\/56 md.) 87.03 G.T.I.P. numaras\u0131nda yer alan (motor silindir hacmi 2.800 cm3 \u2019\u00fc a\u015fanlar, b\u00fct\u00fcn tekerlekleri motordan g\u00fc\u00e7 alan veya alabilenler, s\u00fcr\u00fcc\u00fc d\u00e2hil 8 ki\u015fiye kadar oturma yeri olan binek otomobilleri, yar\u0131\u015f arabalar\u0131, arazi ta\u015f\u0131tlar\u0131 hari\u00e7), y\u00fck ta\u015f\u0131mas\u0131nda kullan\u0131l\u0131p azami a\u011f\u0131rl\u0131\u011f\u0131 3,5 tonu a\u015fmayan ve yolcu ta\u015f\u0131ma kapasitesi istiap haddinin % 50\u2019sinin alt\u0131nda olanlar ile s\u00fcr\u00fcc\u00fc d\u00e2hil 9 ki\u015filik oturma yeri olanlar\u0131n engellilik durumlar\u0131n\u0131n ara\u00e7lar\u0131 bizzat kullanamayacak ve s\u00fcrekli olarak tekerlekli sandalye veya sedye kullanmalar\u0131n\u0131 gerektirecek nitelikte oldu\u011funu ilgili mevzuat \u00e7er\u00e7evesinde al\u0131nan engelli sa\u011fl\u0131k kurulu raporuyla tevsik eden ve engellilik derecesi %90 veya daha fazla olup tekerlekli sandalye veya sedye ile binilmesine ve seyahat edilmesine uygun tertibat yapt\u0131ran mal\u00fbl ve engelliler taraf\u0131ndan,<\/p>\n<p>c) 87.03 (hesaplanmas\u0131 gereken \u00f6zel t\u00fcketim vergisi ve di\u011fer her t\u00fcrl\u00fc vergiler dahil bedeli 200.000 TL\u2019yi a\u015fanlar hari\u00e7), 87.04 (motor silindir hacmi 2.800 cm\u00b3&#8217;\u00fc a\u015fanlar hari\u00e7) ve 87.11 G.T.\u0130.P. numaralar\u0131nda yer alanlar\u0131n, bizzat kullanma amac\u0131yla engellili\u011fine uygun hareket ettirici \u00f6zel tertibat yapt\u0131ran mal\u00fbl ve engelliler taraf\u0131ndan,<\/p>\n<p>\u2026<\/p>\n<p>on y\u0131lda bir defaya mahsus olmak \u00fczere ilk iktisab\u0131,<\/p>\n<p>\u2026<\/p>\n<p>vergiden m\u00fcstesnad\u0131r.<\/p>\n<p>\u2026\u201d<\/p>\n<p>II. \u0130LK \u0130NCELEME<\/p>\n<p>1. Anayasa Mahkemesi \u0130\u00e7t\u00fcz\u00fc\u011f\u00fc h\u00fck\u00fcmleri uyar\u0131nca Kadir \u00d6ZKAYA, Hasan Tahsin G\u00d6KCAN, Basri BA\u011eCI, Engin YILDIRIM, R\u0131dvan G\u00dcLE\u00c7, Recai AKYEL, Yusuf \u015eevki HAKYEMEZ, Y\u0131ld\u0131z SEFER\u0130NO\u011eLU, Selahaddin MENTE\u015e, \u0130rfan F\u0130DAN, Kenan YA\u015eAR, Muhterem \u0130NCE, Y\u0131lmaz AK\u00c7\u0130L, \u00d6mer \u00c7INAR ve Metin KIRATLI\u2019n\u0131n kat\u0131l\u0131mlar\u0131yla 16\/1\/2025 tarihinde yap\u0131lan ilk inceleme toplant\u0131s\u0131nda \u00f6ncelikle uygulanacak kural sorunu g\u00f6r\u00fc\u015f\u00fclm\u00fc\u015ft\u00fcr.<\/p>\n<p>2. Anayasa\u2019n\u0131n 152. ile 30\/3\/2011 tarihli ve 6216 say\u0131l\u0131 Anayasa Mahkemesinin Kurulu\u015fu ve Yarg\u0131lama Usulleri Hakk\u0131nda Kanun\u2019un 40. maddelerine g\u00f6re bir davaya bakmakta olan mahkeme, o dava sebebiyle uygulanacak bir kanunun veya Cumhurba\u015fkanl\u0131\u011f\u0131 kararnamesinin h\u00fck\u00fcmlerini Anayasa\u2019ya ayk\u0131r\u0131 g\u00f6rmesi h\u00e2linde veya taraflardan birinin ileri s\u00fcrd\u00fc\u011f\u00fc ayk\u0131r\u0131l\u0131k iddias\u0131n\u0131n ciddi oldu\u011fu kan\u0131s\u0131na varmas\u0131 durumunda bu h\u00fck\u00fcmlerin iptali i\u00e7in Anayasa Mahkemesine ba\u015fvurmaya yetkilidir. Ancak an\u0131lan maddeler uyar\u0131nca bir mahkemenin Anayasa Mahkemesine ba\u015fvurabilmesi i\u00e7in elinde y\u00f6ntemince a\u00e7\u0131lm\u0131\u015f ve mahkemenin g\u00f6rev kapsam\u0131na giren bir davan\u0131n bulunmas\u0131, iptali talep edilen kural\u0131n da o davada uygulanacak olmas\u0131 gerekir. Uygulanacak kural ise bak\u0131lmakta olan davan\u0131n de\u011fi\u015fik evrelerinde ortaya \u00e7\u0131kan sorunlar\u0131n \u00e7\u00f6z\u00fcm\u00fcnde veya davay\u0131 sonu\u00e7land\u0131rmada olumlu ya da olumsuz y\u00f6nde etki yapacak nitelikteki kurallard\u0131r.<\/p>\n<p>3. \u0130tiraz yoluna ba\u015fvuran Mahkeme 4760 say\u0131l\u0131 Kanun\u2019un 7. maddesinin birinci f\u0131kras\u0131n\u0131n (2) numaral\u0131 bendinin (c) alt bendinin iptalini talep etmi\u015ftir.<\/p>\n<p>4. \u0130tiraz konusu kuralda an\u0131lan Kanun\u2019a ekli (II) Say\u0131l\u0131 Liste\u2019de yer alan kay\u0131t ve tescile t\u00e2bi yerli katk\u0131 oran\u0131 en az %20 olan ara\u00e7lar\u0131n bir k\u0131sm\u0131n\u0131n, %90 oran\u0131ndan az derecede engeli bulunan malul ve engelliler taraf\u0131ndan ilk iktisab\u0131n\u0131n bizzat kullanma amac\u0131yla engellili\u011fine uygun \u015fekilde hareket ettirici \u00f6zel tertibat yapt\u0131r\u0131lmas\u0131 \u015fart\u0131yla \u00f6zel t\u00fcketim vergisinden m\u00fcstesna oldu\u011fu h\u00fckme ba\u011flanm\u0131\u015ft\u0131r. Ba\u015fka bir deyi\u015fle kuralla %90 oran\u0131ndan az derecede engeli bulunan malul ve engellilerin ara\u00e7 al\u0131mlar\u0131nda \u00f6zel t\u00fcketim vergisi istisnas\u0131ndan yararlanma \u015fartlar\u0131 d\u00fczenlenmi\u015ftir.<\/p>\n<p>5. Bak\u0131lmakta olan davada %64 oran\u0131nda engelli olan ve hakk\u0131nda s\u00fcr\u00fcc\u00fc olamaz \u015feklinde sa\u011fl\u0131k raporu d\u00fczenlenerek ara\u00e7 kullanamayaca\u011f\u0131na y\u00f6nelik karar al\u0131nan davac\u0131 taraf\u0131ndan ara\u00e7 al\u0131m\u0131nda Kanun&#8217;un 7. maddesinin birinci f\u0131kras\u0131n\u0131n (2) numaral\u0131 bendinin (c) alt bendi uyar\u0131nca engelliler i\u00e7in \u00f6ng\u00f6r\u00fclen \u00f6zel t\u00fcketim vergisi istisnas\u0131ndan yararlanmak amac\u0131yla yap\u0131lan ba\u015fvurunun reddine ili\u015fkin i\u015flemin iptalinin talep edildi\u011fi g\u00f6r\u00fclmektedir.<\/p>\n<p>6. Bu itibarla bak\u0131lmakta olan davan\u0131n konusunun engel oran\u0131na ili\u015fkin oldu\u011fu, istisna kapsam\u0131na giren ara\u00e7lara y\u00f6nelik bir uyu\u015fmazl\u0131\u011f\u0131n bulunmad\u0131\u011f\u0131 g\u00f6zetildi\u011finde kural\u0131n \u00f6zel t\u00fcketim vergisi istisnas\u0131 kapsam\u0131na hangi ara\u00e7lar\u0131n girdi\u011fini d\u00fczenleyen \u201c87.03 (hesaplanmas\u0131 gereken \u00f6zel t\u00fcketim vergisi ve di\u011fer her t\u00fcrl\u00fc vergiler dahil bedeli 200.000 TL\u2019yi a\u015fanlar hari\u00e7), 87.04 (motor silindir hacmi 2.800 cm\u00b3&#8217;\u00fc a\u015fanlar hari\u00e7) ve 87.11 G.T.\u0130.P. numaralar\u0131nda yer alanlar\u0131n,\u2026\u201d b\u00f6l\u00fcm\u00fcn\u00fcn bak\u0131lmakta olan davada uygulanma imk\u00e2n\u0131 bulunmamaktad\u0131r.<\/p>\n<p>7. A\u00e7\u0131klanan nedenle 6\/6\/2002 tarihli ve 4760 say\u0131l\u0131 \u00d6zel T\u00fcketim Vergisi Kanunu\u2019nun 7. maddesinin birinci f\u0131kras\u0131n\u0131n 16\/7\/2004 tarihli ve 5228 say\u0131l\u0131 Kanun\u2019un 21. maddesiyle de\u011fi\u015ftirilen (2) numaral\u0131 bendinin (c) alt bendinin;<\/p>\n<p>A. \u201c87.03 (hesaplanmas\u0131 gereken \u00f6zel t\u00fcketim vergisi ve di\u011fer her t\u00fcrl\u00fc vergiler dahil bedeli 200.000 TL\u2019yi a\u015fanlar hari\u00e7), 87.04 (motor silindir hacmi 2.800 cm\u00b3&#8217;\u00fc a\u015fanlar hari\u00e7) ve 87.11 G.T.\u0130.P. numaralar\u0131nda yer alanlar\u0131n,&#8230;\u201d b\u00f6l\u00fcm\u00fcn\u00fcn itiraz ba\u015fvurusunda bulunan Mahkemenin bakmakta oldu\u011fu davada uygulanma imk\u00e2n\u0131 bulunmad\u0131\u011f\u0131ndan bu b\u00f6l\u00fcme ili\u015fkin ba\u015fvurunun Mahkemenin yetkisizli\u011fi nedeniyle REDD\u0130NE,<\/p>\n<p>B. Kalan k\u0131sm\u0131n\u0131n esas\u0131n\u0131n incelenmesine,<\/p>\n<p>OYB\u0130RL\u0130\u011e\u0130YLE karar verilmi\u015ftir.<\/p>\n<p>III. ESASIN \u0130NCELENMES\u0130<\/p>\n<p>8. Ba\u015fvuru karar\u0131 ve ekleri, Raport\u00f6r Fatih TORUN taraf\u0131ndan haz\u0131rlanan i\u015fin esas\u0131na ili\u015fkin rapor, itiraz konusu kanun h\u00fckm\u00fc, dayan\u0131lan Anayasa kurallar\u0131 ve bunlar\u0131n gerek\u00e7eleri ile di\u011fer yasama belgeleri okunup incelendikten sonra gere\u011fi g\u00f6r\u00fc\u015f\u00fcl\u00fcp d\u00fc\u015f\u00fcn\u00fcld\u00fc:<\/p>\n<p>A. Anlam ve Kapsam<\/p>\n<p>9. T\u00fcrk vergi mevzuat\u0131nda engellilere y\u00f6nelik olarak \u00e7e\u015fitli vergisel avantajlar \u00f6ng\u00f6r\u00fclm\u00fc\u015f olup bunlardan biri de malul ve engellilerin ta\u015f\u0131t al\u0131mlar\u0131n\u0131n belirli \u015fartlarda \u00f6zel t\u00fcketim vergisinden m\u00fcstesna tutulmas\u0131d\u0131r.<\/p>\n<p>10. 4760 say\u0131l\u0131 Kanun\u2019un 1. maddesinin (1) numaral\u0131 f\u0131kras\u0131n\u0131n (b) bendinde (II) Say\u0131l\u0131 Liste\u2019deki mallardan kay\u0131t ve tescile t\u00e2bi olanlar\u0131n ilk iktisab\u0131n\u0131n, (c) bendinde ise (II) Say\u0131l\u0131 Liste\u2019deki mallardan kay\u0131t ve tescile t\u00e2bi olmayanlar ile (III) ve (IV) Say\u0131l\u0131 Listelerdeki mallar\u0131n ithalat\u0131 veya imal ya da in\u015fa edenler taraf\u0131ndan tesliminin bir defaya mahsus olmak \u00fczere \u00f6zel t\u00fcketim vergisine tabi oldu\u011fu h\u00fckme ba\u011flanm\u0131\u015ft\u0131r.<\/p>\n<p>11. An\u0131lan Kanun\u2019un 7. maddesinin birinci f\u0131kras\u0131n\u0131n (2) numaral\u0131 bendinde ise (II) Say\u0131l\u0131 Liste\u2019de yer alan kay\u0131t ve tescile t\u00e2bi yerli katk\u0131 oran\u0131 en az %20 olan mallar\u0131n on y\u0131lda bir defaya mahsus olmak \u00fczere ilk iktisab\u0131na y\u00f6nelik olarak \u00f6zel t\u00fcketim vergisi istisnas\u0131 \u00f6ng\u00f6r\u00fclm\u00fc\u015f olup s\u00f6z konusu istisnadan yararlanabilecek ki\u015filere ve istisnan\u0131n konusu ile istisna \u015fartlar\u0131na ili\u015fkin d\u00fczenlemelere yer verilmi\u015ftir.<\/p>\n<p>12. Buna g\u00f6re an\u0131lan bendin (a) alt bendinde (II) Say\u0131l\u0131 Liste\u2019de yer alan kay\u0131t ve tescile t\u00e2bi yerli katk\u0131 oran\u0131 en az %20 olan mallardan 87.03 (hesaplanmas\u0131 gereken \u00f6zel t\u00fcketim vergisi ve di\u011fer her t\u00fcrl\u00fc vergiler d\u00e2hil bedeli 200.000 TL\u2019yi a\u015fanlar hari\u00e7), 87.04 (motor silindir hacmi 2.800 cm\u00b3\u2019\u00fc a\u015fanlar hari\u00e7) ve 87.11 G.T.\u0130.P. numaralar\u0131nda yer alanlar\u0131n engellilik oran\u0131 %90 veya daha fazla olan malul ve engelliler taraf\u0131ndan ilk iktisab\u0131 \u00f6zel t\u00fcketim vergisinden istisna tutulmu\u015ftur.<\/p>\n<p>13. S\u00f6z konusu bendin (b) alt bendinde de 87.03 G.T.I.P. numaras\u0131nda yer alan (motor silindir hacmi 2.800 cm3\u2019\u00fc a\u015fanlar, b\u00fct\u00fcn tekerlekleri motordan g\u00fc\u00e7 alan veya alabilenler, s\u00fcr\u00fcc\u00fc d\u00e2hil sekiz ki\u015fiye kadar oturma yeri olan binek otomobilleri, yar\u0131\u015f arabalar\u0131, arazi ta\u015f\u0131tlar\u0131 hari\u00e7), y\u00fck ta\u015f\u0131mas\u0131nda kullan\u0131l\u0131p azami a\u011f\u0131rl\u0131\u011f\u0131 3,5 tonu a\u015fmayan ve yolcu ta\u015f\u0131ma kapasitesi istiap haddinin %50\u2019sinin alt\u0131nda olanlar ile s\u00fcr\u00fcc\u00fc d\u00e2hil dokuz ki\u015filik oturma yeri olanlar\u0131n engellilik durumlar\u0131n\u0131n ara\u00e7lar\u0131 bizzat kullanamayacak ve s\u00fcrekli olarak tekerlekli sandalye veya sedye kullanmalar\u0131n\u0131 gerektirecek nitelikte oldu\u011funu ilgili mevzuat \u00e7er\u00e7evesinde al\u0131nan engelli sa\u011fl\u0131k kurulu raporuyla tevsik eden ve engellilik derecesi %90 veya daha fazla olup tekerlekli sandalye veya sedye ile binilmesine ve seyahat edilmesine uygun tertibat yapt\u0131ran malul ve engelliler taraf\u0131ndan ilk iktisab\u0131 \u00f6zel t\u00fcketim vergisinden istisna tutulmu\u015ftur.<\/p>\n<p>14. Bendin (c) alt bendinde ise (II) Say\u0131l\u0131 Liste\u2019de yer alan kay\u0131t ve tescile t\u00e2bi yerli katk\u0131 oran\u0131 en az %20 olan mallardan 87.03 (hesaplanmas\u0131 gereken \u00f6zel t\u00fcketim vergisi ve di\u011fer her t\u00fcrl\u00fc vergiler d\u00e2hil bedeli 200.000 TL\u2019yi a\u015fanlar hari\u00e7), 87.04 (motor silindir hacmi 2.800 cm\u00b3\u2019\u00fc a\u015fanlar hari\u00e7) ve 87.11 G.T.\u0130.P. numaralar\u0131nda yer alanlar\u0131n bizzat kullanma amac\u0131yla engellili\u011fine uygun \u015fekilde hareket ettirici \u00f6zel tertibat yapt\u0131ran malul ve engelliler taraf\u0131ndan ilk iktisab\u0131n\u0131n \u00f6zel t\u00fcketim vergisinden m\u00fcstesna oldu\u011fu h\u00fckme ba\u011flanm\u0131\u015ft\u0131r. An\u0131lan alt bendin \u201c\u2026bizzat kullanma amac\u0131yla engellili\u011fine uygun hareket ettirici \u00f6zel tertibat yapt\u0131ran mal\u00fbl ve engelliler taraf\u0131ndan,\u201d b\u00f6l\u00fcm\u00fc itiraz konusu kural\u0131 olu\u015fturmaktad\u0131r. Bu itibarla kural uyar\u0131nca %90 oran\u0131ndan az derecede engeli bulunan malul ve engelliler taraf\u0131ndan ta\u015f\u0131tlar\u0131n ilk iktisab\u0131 s\u0131ras\u0131nda \u00f6zel t\u00fcketim vergisi istisnas\u0131ndan yararlan\u0131labilmesi i\u00e7in ta\u015f\u0131ta bizzat kullanma amac\u0131yla engellili\u011fine uygun \u015fekilde hareket ettirici \u00f6zel tertibat yapt\u0131r\u0131lmas\u0131 gerekmektedir.<\/p>\n<p>15. Kanun\u2019un 7. maddesinin ikinci f\u0131kras\u0131nda, birinci f\u0131kran\u0131n (2) numaral\u0131 bendinin (a) ve (c) alt bentleri ile (6) numaral\u0131 bendinde yer alan tutarlar\u0131n her y\u0131l bir \u00f6nceki y\u0131la ili\u015fkin olarak 4\/1\/1961 tarihli ve 213 say\u0131l\u0131 Vergi Usul Kanunu h\u00fck\u00fcmlerine g\u00f6re belirlenen yeniden de\u011ferleme oran\u0131nda art\u0131r\u0131lmak suretiyle uygulanaca\u011f\u0131, hesaplanan tutar\u0131n 100 liray\u0131 a\u015fmayan kesirlerinin dikkate al\u0131nmayaca\u011f\u0131, Cumhurba\u015fkan\u0131n\u0131n birinci f\u0131krada belirlenen yerli katk\u0131 oran\u0131n\u0131 yar\u0131s\u0131na kadar indirmeye, iki kat\u0131na kadar art\u0131rmaya yetkili oldu\u011fu d\u00fczenlemesine yer verilmi\u015ftir.<\/p>\n<p>16. Bu \u00e7er\u00e7evede s\u00f6z konusu istisnan\u0131n uygulamas\u0131nda aranan parasal s\u0131n\u0131r 2025 y\u0131l\u0131 i\u00e7in 2.290.200,00 TL olarak belirlenmi\u015ftir. Ayr\u0131ca 27\/12\/2024 tarihli ve 32765 say\u0131l\u0131 Resm\u00ee Gazete\u2019de yay\u0131mlanan ve ayn\u0131 g\u00fcn y\u00fcr\u00fcrl\u00fc\u011fe giren 26\/12\/2024 tarihli ve 9321 say\u0131l\u0131 Cumhurba\u015fkan\u0131 karar\u0131n\u0131n eki kararla istisna kapsam\u0131nda al\u0131nacak ara\u00e7lar\u0131n yerli katk\u0131 oran\u0131n\u0131n en az %40 olmas\u0131 \u015fart\u0131 getirilmi\u015ftir.<\/p>\n<p>B. \u0130tiraz\u0131n Gerek\u00e7esi<\/p>\n<p>17. Ba\u015fvuru karar\u0131nda \u00f6zetle; engellilerin ya\u015fam ko\u015fullar\u0131n\u0131n iyile\u015ftirilmesinin \u00f6n\u00fcndeki engellerin kald\u0131r\u0131lmas\u0131n\u0131n devletin g\u00f6revi oldu\u011fu, bu \u00e7er\u00e7evede engellilerin hem ekonomik y\u00f6nden desteklenmesi hem de sosyal hayata kat\u0131l\u0131mlar\u0131n\u0131n ve uyumlar\u0131n\u0131n sa\u011flanmas\u0131 gerekti\u011fi, itiraz konusu kuralla %90 oran\u0131ndan daha az derecede malul ve engelli olanlardan ara\u00e7 al\u0131mlar\u0131nda sadece engellili\u011fine uygun \u015fekilde hareket ettirici \u00f6zel tertibat yapt\u0131rmak suretiyle bizzat s\u00fcr\u00fcc\u00fc olma imk\u00e2n\u0131na sahip olanlar\u0131n \u00f6zel t\u00fcketim vergisi muafiyetinden yararlanabilece\u011finin \u00f6ng\u00f6r\u00fclmesinin devlete y\u00fcklenen engellilerin korunmalar\u0131n\u0131 ve toplum hayat\u0131na uyumlar\u0131n\u0131 sa\u011flay\u0131c\u0131 tedbirlerin al\u0131nmas\u0131 \u015feklindeki pozitif y\u00fck\u00fcml\u00fcl\u00fckle \u00e7eli\u015fti\u011fi, bu durumun sosyal devlet ve e\u015fitlik ilkelerini ihlal etti\u011fi, engelli haklar\u0131n\u0131n korunmas\u0131na ili\u015fkin milletleraras\u0131 antla\u015fmalarla ba\u011fda\u015fmad\u0131\u011f\u0131 belirtilerek kural\u0131n Anayasa\u2019n\u0131n 2., 5., 10., 50. ve 61. maddelerine ayk\u0131r\u0131 oldu\u011fu ileri s\u00fcr\u00fclm\u00fc\u015ft\u00fcr.<\/p>\n<p>C. Anayasa\u2019ya Ayk\u0131r\u0131l\u0131k Sorunu<\/p>\n<p>18. Anayasa\u2019n\u0131n 2. maddesine g\u00f6re T\u00fcrkiye Cumhuriyeti, toplumun huzuru, mill\u00ee dayan\u0131\u015fma ve adalet anlay\u0131\u015f\u0131 i\u00e7inde, insan haklar\u0131na sayg\u0131l\u0131, Atat\u00fcrk milliyet\u00e7ili\u011fine ba\u011fl\u0131, ba\u015flang\u0131\u00e7ta belirtilen temel ilkelere dayanan, demokratik, l\u00e2ik ve sosyal bir hukuk devletidir. Sosyal devlet, insan haklar\u0131na dayanan, ki\u015filerin huzur, refah ve mutluluk i\u00e7inde ya\u015famalar\u0131n\u0131 g\u00fcvence alt\u0131na alan, ki\u015fi hak ve \u00f6zg\u00fcrl\u00fckleriyle kamu yarar\u0131 aras\u0131nda adil bir denge kurabilen, \u00e7al\u0131\u015fma hayat\u0131n\u0131 geli\u015ftirmek ve ekonomik \u00f6nlemler almak suretiyle \u00e7al\u0131\u015fanlar\u0131n\u0131 koruyan, onlar\u0131n insan onuruna uygun hayat s\u00fcrd\u00fcrmelerini sa\u011flayan, mill\u00ee gelirin adalete uygun bi\u00e7imde da\u011f\u0131t\u0131lmas\u0131 i\u00e7in gereken \u00f6nlemleri alan, sosyal g\u00fcvenlik hakk\u0131n\u0131 ya\u015fama ge\u00e7irebilen, sosyal adaleti ve toplumsal dengeleri g\u00f6zeten devlettir (AYM, E.2015\/105, K.2016\/133, 14\/7\/2016, \u00a7 18; E.2022\/51, K.2022\/94, 20\/7\/2022, \u00a7 16).<\/p>\n<p>19. \u00c7a\u011fda\u015f devlet anlay\u0131\u015f\u0131 sosyal devletin t\u00fcm kurum ve kurallar\u0131yla Anayasa\u2019n\u0131n s\u00f6z\u00fcne ve ruhuna uygun bi\u00e7imde kurularak i\u015fletilmesini, bu yolla bireylerin refah, huzur ve mutlulu\u011funun sa\u011flanmas\u0131n\u0131 gerekli k\u0131lar (AYM, E.2015\/105, K.2016\/133, 14\/7\/2016, \u00a7 18). B\u00f6ylelikle sosyal devletin herkes i\u00e7in insan haysiyetine yara\u015f\u0131r asgari bir hayat d\u00fczeyini ger\u00e7ekle\u015ftirmesi gerekmektedir. Bu nedenle sosyal devletin sosyal ve ekonomik ko\u015fullar\u0131 iyile\u015ftirmek bi\u00e7iminde pozitif y\u00fck\u00fcml\u00fcl\u00fckleri bulunmaktad\u0131r. Bu kapsamda sosyal devletin \u00f6zel olarak korunmas\u0131 gereken engellilere ili\u015fkin pozitif y\u00fck\u00fcml\u00fcl\u00fckleri de bulunmaktad\u0131r.<\/p>\n<p>20. Sosyal devletin engellilere y\u00f6nelik pozitif y\u00fck\u00fcml\u00fcl\u00fcklerine ili\u015fkin olarak Anayasa\u2019da \u00e7e\u015fitli d\u00fczenlemelere yer verilmi\u015ftir. Bu kapsamda Anayasa\u2019n\u0131n 61. maddesinde devletin engellilerin korunmalar\u0131n\u0131 ve toplum hayat\u0131na intibaklar\u0131n\u0131 sa\u011flay\u0131c\u0131 tedbirleri almakla y\u00fck\u00fcml\u00fc oldu\u011fu belirtilmi\u015ftir.<\/p>\n<p>21. Anayasa\u2019n\u0131n 65. maddesi gere\u011fince devlet; sosyal alana ili\u015fkin olarak Anayasa\u2019da belirtilen bu g\u00f6revlerini, bu g\u00f6revlerin ama\u00e7lar\u0131na uygun \u00f6ncelikleri g\u00f6zeterek mali kaynaklar\u0131n\u0131n yeterlili\u011fi \u00f6l\u00e7\u00fcs\u00fcnde yerine getirecektir. Bu kaynaklar\u0131 kullanarak ve anayasal ilke ve h\u00fck\u00fcmlere ayk\u0131r\u0131 olmamak \u015fart\u0131yla engellilere y\u00f6nelik tedbirlerin t\u00fcr\u00fcne ve \u00f6l\u00e7\u00fcs\u00fcne karar vermek kanun koyucunun takdirindedir.<\/p>\n<p>22. Engellilerin di\u011fer bireylerle e\u015fit \u015fartlarda toplumsal hayata tam ve etkin kat\u0131l\u0131mlar\u0131n\u0131n sa\u011flanmas\u0131 ve engelli bireylerin toplumda f\u0131rsat e\u015fitli\u011fi \u00e7er\u00e7evesinde ya\u015fayabilmelerinin desteklenmesi amac\u0131yla engellilere y\u00f6nelik olarak getirilen tedbirlerden biri de engellilerin vergi arac\u0131n\u0131n kullan\u0131lmas\u0131 suretiyle desteklenmesi ve bu ama\u00e7la engelliler i\u00e7in \u00e7e\u015fitli vergisel avantajlar\u0131n \u00f6ng\u00f6r\u00fclmesidir. Bu \u00e7er\u00e7evede engelliler i\u00e7in \u00f6ng\u00f6r\u00fclen vergisel avantajlardan birisi de malul ve engellilerin ilk ta\u015f\u0131t al\u0131mlar\u0131nda belli \u015fartlarda \u00f6zel t\u00fcketim vergisinden m\u00fcstesna tutulmas\u0131d\u0131r.<\/p>\n<p>23. Bu ba\u011flamda 4760 say\u0131l\u0131 Kanun\u2019un 7. maddesinin birinci f\u0131kras\u0131n\u0131n (2) numaral\u0131 bendinin itiraz konusu kural\u0131n da yer ald\u0131\u011f\u0131 (c) alt bendinde an\u0131lan Kanun\u2019a ekli (II) Say\u0131l\u0131 Liste\u2019de yer alan kay\u0131t ve tescile t\u00e2bi yerli katk\u0131 oran\u0131 en az %40 olan mallardan 87.03 (hesaplanmas\u0131 gereken \u00f6zel t\u00fcketim vergisi ve di\u011fer her t\u00fcrl\u00fc vergiler d\u00e2hil bedeli 200.000 TL\u2019yi a\u015fanlar hari\u00e7), 87.04 (motor silindir hacmi 2.800 cm\u00b3\u2019\u00fc a\u015fanlar hari\u00e7) ve 87.11 G.T.\u0130.P. numaralar\u0131nda yer alanlar\u0131n malul ve engelliler taraf\u0131ndan ilk iktisab\u0131n\u0131n bizzat kullanma amac\u0131yla engellili\u011fine uygun \u015fekilde hareket ettirici \u00f6zel tertibat yapt\u0131r\u0131lmas\u0131 \u015fart\u0131yla \u00f6zel t\u00fcketim vergisinden m\u00fcstesna oldu\u011fu h\u00fck\u00fcm alt\u0131na al\u0131nm\u0131\u015ft\u0131r.<\/p>\n<p>24. Kuralla \u00f6ng\u00f6r\u00fclen \u00f6zel t\u00fcketim vergisi istisnas\u0131n\u0131n Kanun\u2019a ekli (II) Say\u0131l\u0131 Liste\u2019de yer alan kay\u0131t ve tescile t\u00e2bi yerli katk\u0131 oran\u0131 en az %40 olan mallar\u0131n on y\u0131lda bir defaya mahsus olmak \u00fczere ilk iktisab\u0131 s\u0131ras\u0131nda uygulanmas\u0131 \u00f6ng\u00f6r\u00fclm\u00fc\u015f, ta\u015f\u0131tlar\u0131n ilk iktisab\u0131nda engellilere ili\u015fkin \u00f6zel t\u00fcketim vergisi istisnas\u0131ndan yararlan\u0131labilmesi i\u00e7in engellilik oran\u0131 \u00f6l\u00e7\u00fct olarak kabul edilmi\u015ftir. Kuralda ayr\u0131ca Kanun\u2019a ekli (II) Say\u0131l\u0131 Liste\u2019de yer alan ve kuralda belirtilen G.T.\u0130.P. numaralar\u0131nda yer alan ta\u015f\u0131tlar\u0131n engellilik oran\u0131 %90\u2019\u0131n alt\u0131nda olan malul ve engelliler taraf\u0131ndan ilk iktisab\u0131 s\u0131ras\u0131nda \u00f6zel t\u00fcketim vergisi istisnas\u0131ndan yararlan\u0131labilmesi i\u00e7in sat\u0131n al\u0131nan ta\u015f\u0131ta, bizzat kullanmak amac\u0131yla engellili\u011fine uygun \u015fekilde hareket ettirici \u00f6zel tertibat yapt\u0131r\u0131lmas\u0131 zorunlulu\u011fu \u00f6ng\u00f6r\u00fclm\u00fc\u015ft\u00fcr.<\/p>\n<p>25. Buna g\u00f6re engellilik oran\u0131 %90\u2019\u0131n alt\u0131nda olan malul ve engellilerden kural uyar\u0131nca sadece sat\u0131n al\u0131nan ta\u015f\u0131t\u0131 engellili\u011fine uygun \u015fekilde hareket ettirici \u00f6zel tertibat yapt\u0131rmak suretiyle kullanabilece\u011fi sa\u011fl\u0131k kurulu raporuyla belgelendirenlerin \u00f6zel t\u00fcketim vergisi istisnas\u0131ndan yararlanabilece\u011fi anla\u015f\u0131lmaktad\u0131r. Ba\u015fka bir deyi\u015fle engellilik oran\u0131 %90\u2019\u0131n alt\u0131nda olan malul ve engellilerden engellilik oran\u0131 ve engel durumu s\u00fcr\u00fcc\u00fc belgesi almas\u0131na m\u00e2ni olu\u015fturmayan ve dolay\u0131s\u0131yla sat\u0131n al\u0131nan ta\u015f\u0131t\u0131 herhangi bir \u00f6zel tertibata ihtiya\u00e7 duymadan kullanabilecek durumda olanlar \u00f6zel t\u00fcketim vergisi istisnas\u0131ndan yararlanamayaca\u011f\u0131 gibi engellilik oran\u0131 veya engel durumu nedeniyle hakk\u0131nda s\u00fcr\u00fcc\u00fc belgesi alamayaca\u011f\u0131na ve dolay\u0131s\u0131yla herhangi bir ta\u015f\u0131t\u0131 -engellili\u011fine uygun \u015fekilde hareket ettirici \u00f6zel tertibat yard\u0131m\u0131yla dahi- kullanamayaca\u011f\u0131na y\u00f6nelik olarak karar al\u0131nan malul ve engellilerin de s\u00f6z konusu istisnadan yararlanma imk\u00e2n\u0131 bulunmamaktad\u0131r.<\/p>\n<p>26. Kuralla, engel durumu itibar\u0131yla engellili\u011fine uygun \u015fekilde hareket ettirici \u00f6zel tertibat yard\u0131m\u0131 olmadan ta\u015f\u0131t kullanmayacak durumda bulunan ve dolay\u0131s\u0131yla sat\u0131n al\u0131nan ta\u015f\u0131t\u0131 sadece engellili\u011fine uygun \u015fekilde hareket ettirici \u00f6zel tertibat yapt\u0131rmak suretiyle kullanabilece\u011fi sa\u011fl\u0131k kurulu raporuyla belgelendirilen malul ve engellilerin \u00f6zel t\u00fcketim vergisi istisnas\u0131ndan yararland\u0131r\u0131lmas\u0131n\u0131n ama\u00e7land\u0131\u011f\u0131 anla\u015f\u0131lmaktad\u0131r.<\/p>\n<p>27. Bununla birlikte engellilik oran\u0131 %90\u2019\u0131n alt\u0131nda olan malul ve engellilerin ta\u015f\u0131t\u0131n ilk iktisab\u0131nda \u00f6zel t\u00fcketim vergisi istisnas\u0131ndan yararlan\u0131labilmesi i\u00e7in sat\u0131n al\u0131nan ta\u015f\u0131ta bizzat kullanma amac\u0131yla engellili\u011fine uygun \u015fekilde hareket ettirici \u00f6zel tertibat yapt\u0131r\u0131lmas\u0131 zorunlulu\u011funun \u00f6ng\u00f6r\u00fclmesi, engel durumundan dolay\u0131 hakk\u0131nda s\u00fcr\u00fcc\u00fc belgesi alamayaca\u011f\u0131na ve dolay\u0131s\u0131yla herhangi bir ta\u015f\u0131t\u0131 -engellili\u011fine uygun \u015fekilde hareket ettirici \u00f6zel tertibat yard\u0131m\u0131yla dahi- kullanamayaca\u011f\u0131na y\u00f6nelik olarak karar al\u0131nan malul ve engellilerin s\u00f6z konusu istisnadan yararlanamamas\u0131na yol a\u00e7maktad\u0131r. Zira kurala g\u00f6re \u00f6zel t\u00fcketim vergisi istisnas\u0131ndan yararlan\u0131labilmesi i\u00e7in sat\u0131n al\u0131nan ta\u015f\u0131t\u0131n bizzat engelli taraf\u0131ndan ve sadece hareket ettirici aksamda \u00f6zel tertibat yapt\u0131r\u0131lmas\u0131 suretiyle kullan\u0131lmas\u0131 zorunlulu\u011fu bulunmaktad\u0131r. Hakk\u0131nda s\u00fcr\u00fcc\u00fc belgesi alamayaca\u011f\u0131na, dolay\u0131s\u0131yla herhangi bir ta\u015f\u0131t\u0131 kullanamayaca\u011f\u0131na y\u00f6nelik olarak karar al\u0131nan malul ve engellilerin \u00e7o\u011funlukla engellilik oran\u0131n\u0131n daha y\u00fcksek olmas\u0131 dolay\u0131s\u0131yla engel durumlar\u0131ndan kaynakl\u0131 olarak ta\u015f\u0131t kullanabilmeleri i\u00e7in gerekli fiziksel ve zihinsel yeterlili\u011fe sahip olmamalar\u0131 m\u00fcmk\u00fcnd\u00fcr.<\/p>\n<p>28. Bu itibarla engelliler i\u00e7in \u00f6ng\u00f6r\u00fclen vergisel avantaja ili\u015fkin \u015fartlar\u0131n belirlenmesinde kanun koyucunun takdir yetkisi bulunmakla birlikte engellilik oran\u0131 %90\u2019\u0131n alt\u0131nda olan malul ve engellilerden sadece sat\u0131n al\u0131nan ta\u015f\u0131ta, bizzat kullanmak amac\u0131yla engellili\u011fine uygun \u015fekilde hareket ettirici \u00f6zel tertibat yapt\u0131ran malul ve engellilerin \u00f6zel t\u00fcketim vergisi istisnas\u0131ndan yararlanabilece\u011fini \u00f6ng\u00f6rmek suretiyle engellilik oran\u0131 %90\u2019\u0131n alt\u0131nda olmakla birlikte ta\u015f\u0131t kullanabilmeleri i\u00e7in gerekli fiziksel ve zihinsel yeterlili\u011fe sahip olmayan ve bu nedenle s\u00fcr\u00fcc\u00fc belgesi alamayan malul ve engellilerin ki\u015fisel durumlar\u0131n\u0131n g\u00f6zetildi\u011fini s\u00f6ylemek m\u00fcmk\u00fcn de\u011fildir.<\/p>\n<p>29. Bu itibarla kural\u0131n sosyal devlet ilkesi ba\u011flam\u0131nda devlete y\u00fcklenen engellilerin korunmalar\u0131n\u0131 ve toplum hayat\u0131na intibaklar\u0131n\u0131 sa\u011flay\u0131c\u0131 tedbirleri alma \u015feklindeki pozitif y\u00fck\u00fcml\u00fcl\u00fc\u011fe ayk\u0131r\u0131 oldu\u011fu sonucuna var\u0131lm\u0131\u015ft\u0131r.<\/p>\n<p>30. \u00d6te yandan Anayasa\u2019n\u0131n 10. maddesinde \u201cHerkes, dil, \u0131rk, renk, cinsiyet, siyas\u00ee d\u00fc\u015f\u00fcnce, felsef\u00ee inan\u00e7, din, mezhep ve benzeri sebeplerle ay\u0131r\u0131m g\u00f6zetilmeksizin kanun \u00f6n\u00fcnde e\u015fittir.\/ Kad\u0131nlar ve erkekler e\u015fit haklara sahiptir. Devlet, bu e\u015fitli\u011fin ya\u015fama ge\u00e7mesini sa\u011flamakla y\u00fck\u00fcml\u00fcd\u00fcr. Bu maksatla al\u0131nacak tedbirler e\u015fitlik ilkesine ayk\u0131r\u0131 olarak yorumlanamaz.\/ \u00c7ocuklar, ya\u015fl\u0131lar, \u00f6z\u00fcrl\u00fcler, harp ve vazife \u015fehitlerinin dul ve yetimleri ile malul ve gaziler i\u00e7in al\u0131nacak tedbirler e\u015fitlik ilkesine ayk\u0131r\u0131 say\u0131lmaz.\/ Hi\u00e7bir ki\u015fiye, aileye, z\u00fcmreye veya s\u0131n\u0131fa imtiyaz tan\u0131namaz.\/ Devlet organlar\u0131 ve idare makamlar\u0131 b\u00fct\u00fcn i\u015flemlerinde kanun \u00f6n\u00fcnde e\u015fitlik ilkesine uygun olarak hareket etmek zorundad\u0131rlar.\u201d denilmek suretiyle kanun \u00f6n\u00fcnde e\u015fitlik ilkesine yer verilmi\u015ftir.<\/p>\n<p>31. Anayasa\u2019n\u0131n an\u0131lan maddesinde belirtilen kanun \u00f6n\u00fcnde e\u015fitlik ilkesi hukuksal durumlar\u0131 ayn\u0131 olanlar i\u00e7in s\u00f6z konusudur. Bu ilke ile eylemli de\u011fil hukuksal e\u015fitlik \u00f6ng\u00f6r\u00fclm\u00fc\u015ft\u00fcr. E\u015fitlik ilkesinin amac\u0131; ayn\u0131 durumda bulunan ki\u015filerin kanunlar kar\u015f\u0131s\u0131nda ayn\u0131 i\u015fleme ba\u011fl\u0131 tutulmalar\u0131n\u0131 sa\u011flamak, ki\u015filere ayr\u0131m yap\u0131lmas\u0131n\u0131 ve ayr\u0131cal\u0131k tan\u0131nmas\u0131n\u0131 \u00f6nlemektir. Bu ilkeyle ayn\u0131 durumda bulunan kimi ki\u015fi ve topluluklara ayr\u0131 kurallar uygulanarak kanun kar\u015f\u0131s\u0131nda e\u015fitli\u011fin ihlali yasaklanm\u0131\u015ft\u0131r. Kanun \u00f6n\u00fcnde e\u015fitlik, herkesin her y\u00f6nden ayn\u0131 kurallara ba\u011fl\u0131 tutulaca\u011f\u0131 anlam\u0131na gelmez. Durumlar\u0131ndaki \u00f6zellikler, kimi ki\u015filer ya da topluluklar i\u00e7in de\u011fi\u015fik kurallar\u0131 ve uygulamalar\u0131 gerektirebilir. Ayn\u0131 hukuksal durumlar ayn\u0131, ayr\u0131 hukuksal durumlar farkl\u0131 kurallara ba\u011fl\u0131 tutulursa Anayasa\u2019da \u00f6ng\u00f6r\u00fclen e\u015fitlik ilkesi zedelenmez (AYM, E.2021\/129, K.2022\/33, 24\/3\/2022, \u00a7 23; E.2020\/95, K.2022\/3, 26\/1\/2022, \u00a7 25; E.2022\/65, K.2022\/102, 8\/9\/2022, \u00a7 11).<\/p>\n<p>32. E\u015fitlik ilkesi y\u00f6n\u00fcnden yap\u0131lacak anayasall\u0131k denetiminde \u00f6ncelikle Anayasa\u2019n\u0131n 10. maddesi \u00e7er\u00e7evesinde ayn\u0131 ya da benzer durumda bulunan ki\u015filere farkl\u0131 muamele yap\u0131l\u0131p yap\u0131lmad\u0131\u011f\u0131 tespit edilmeli, bu ba\u011flamda ayn\u0131 ya da benzer durumdaki ki\u015filer aras\u0131nda farkl\u0131l\u0131k g\u00f6zetilip g\u00f6zetilmedi\u011fi belirlenmelidir. Yap\u0131lacak bu belirlemenin ard\u0131ndan ise farkl\u0131 muamelenin nesnel ve makul bir temele dayan\u0131p dayanmad\u0131\u011f\u0131 ve \u00f6l\u00e7\u00fcl\u00fc olup olmad\u0131\u011f\u0131 hususlar\u0131 irdelenmelidir (AYM, E.2018\/8, K.2018\/85, 11\/07\/2018, \u00a7 41; E.2021\/80, K.2021\/99, 16\/12\/2021, \u00a7 55; E.2021\/1, K.2021\/32, 29\/4\/2021, \u00a7 32).<\/p>\n<p>33. \u0130tiraz konusu kuralla ta\u015f\u0131tlar\u0131n ilk iktisab\u0131nda engellilere y\u00f6nelik olarak getirilen \u00f6zel t\u00fcketim vergisi istisnas\u0131ndan yararlan\u0131labilmesi i\u00e7in engellilik oran\u0131 \u00f6l\u00e7\u00fct olarak kabul edilmi\u015f ve kuralda belirtilen G.T.\u0130.P. numaralar\u0131nda yer alan ta\u015f\u0131tlar\u0131n engellilik oran\u0131 %90\u2019\u0131n alt\u0131nda olan malul ve engelliler taraf\u0131ndan ilk iktisab\u0131 s\u0131ras\u0131nda \u00f6zel t\u00fcketim vergisi istisnas\u0131ndan yararlan\u0131labilmesinin \u015fartlar\u0131 d\u00fczenlenmi\u015ftir. Buna g\u00f6re ta\u015f\u0131tlar\u0131n ilk iktisab\u0131nda engellilere ili\u015fkin \u00f6zel t\u00fcketim vergisi istisnas\u0131ndan yararlan\u0131labilmesi a\u00e7\u0131s\u0131ndan engellilik oran\u0131 %90 alt\u0131nda olan malul ve engellilerin kar\u015f\u0131la\u015ft\u0131rma yap\u0131lmaya m\u00fcsait olacak \u015fekilde benzer durumda olduklar\u0131 a\u00e7\u0131kt\u0131r.<\/p>\n<p>34. \u00d6te yandan engellilik oran\u0131 %90\u2019\u0131n alt\u0131nda olan malul ve engellilerden sadece sat\u0131n al\u0131nan ta\u015f\u0131t\u0131 engellili\u011fine uygun \u015fekilde hareket ettirici \u00f6zel tertibat yapt\u0131rmak suretiyle kullanabilece\u011fi sa\u011fl\u0131k kurulu raporuyla belgelendirenlerin \u00f6zel t\u00fcketim vergisi istisnas\u0131ndan yararlanabilece\u011fi \u00f6ng\u00f6r\u00fclmek suretiyle engellilik oran\u0131 %90 alt\u0131nda olan ve engel durumu nedeniyle hakk\u0131nda s\u00fcr\u00fcc\u00fc belgesi alamayaca\u011f\u0131na ve dolay\u0131s\u0131yla herhangi bir ta\u015f\u0131t\u0131 -engellili\u011fine uygun \u015fekilde hareket ettirici \u00f6zel tertibat yard\u0131m\u0131yla dahi- kullanamayaca\u011f\u0131na y\u00f6nelik karar al\u0131nan malul ve engellilerin s\u00f6z konusu \u00f6zel t\u00fcketim vergisi istisnas\u0131ndan yararland\u0131r\u0131lmamas\u0131n\u0131n farkl\u0131 muamele te\u015fkil etti\u011fi a\u00e7\u0131kt\u0131r.<\/p>\n<p>35. Kuralla engellilik oran\u0131 %90\u2019\u0131n alt\u0131nda olan malul ve engellilerden engel durumundan dolay\u0131 hakk\u0131nda s\u00fcr\u00fcc\u00fc belgesi alamayaca\u011f\u0131na, dolay\u0131s\u0131yla herhangi bir ta\u015f\u0131t\u0131 -engellili\u011fine uygun \u015fekilde hareket ettirici \u00f6zel tertibat yard\u0131m\u0131yla dahi- kullanamayaca\u011f\u0131na y\u00f6nelik olarak karar al\u0131nan malul ve engellilerin engel durumlar\u0131ndan kaynakl\u0131 olarak ta\u015f\u0131t kullanabilmeleri i\u00e7in gerekli fiziksel ve zihinsel yeterlili\u011fe sahip olmad\u0131klar\u0131 g\u00f6z\u00f6n\u00fcne al\u0131nd\u0131\u011f\u0131nda kuralla engellilik oran\u0131 %90\u2019\u0131n alt\u0131nda olan malul ve engellilerden engellilik oran\u0131 ve engel durumu nedeniyle s\u00fcr\u00fcc\u00fc belgesi alamayaca\u011f\u0131na ve herhangi bir arac\u0131 kullanamayaca\u011f\u0131na y\u00f6nelik olarak karar al\u0131nan malul ve engellilere s\u00f6z konusu \u00f6zel t\u00fcketim vergisi istisnas\u0131ndan yararlanma imk\u00e2n\u0131n\u0131n tan\u0131nmamas\u0131n\u0131n nesnel ve makul bir temele dayand\u0131\u011f\u0131 s\u00f6ylenemez. Ba\u015fka bir ifadeyle engellilik oran\u0131 %90\u2019\u0131n alt\u0131nda olan malul ve engellilerden sat\u0131n al\u0131nan ta\u015f\u0131t\u0131 engellili\u011fine uygun \u015fekilde hareket ettirici \u00f6zel tertibat yapt\u0131rmak suretiyle kullanabilece\u011fi sa\u011fl\u0131k kurulu raporuyla belgelendirenlere \u00f6zel t\u00fcketim vergisi istisnas\u0131ndan yararlanma imk\u00e2n\u0131 sunulmas\u0131na ra\u011fmen engellilik oran\u0131 veya engel durumu nedeniyle hakk\u0131nda s\u00fcr\u00fcc\u00fc belgesi alamayaca\u011f\u0131na ve dolay\u0131s\u0131yla herhangi bir ta\u015f\u0131t\u0131 -engellili\u011fine uygun \u015fekilde hareket ettirici \u00f6zel tertibat yard\u0131m\u0131yla dahi- kullanamayaca\u011f\u0131na y\u00f6nelik olarak karar al\u0131nan malul ve engellilerin s\u00f6z konusu istisnadan yararland\u0131r\u0131lmamas\u0131n\u0131n nesnel ve makul bir nedeni bulunmamaktad\u0131r.<\/p>\n<p>36. Bu itibarla kuralla, ta\u015f\u0131tlar\u0131n ilk iktisab\u0131 s\u0131ras\u0131nda uygulanacak \u00f6zel t\u00fcketim vergisi istisnas\u0131ndan yararlanma a\u00e7\u0131s\u0131ndan engellilik oran\u0131 %90\u2019\u0131n alt\u0131nda olan malul ve engellilerden sat\u0131n al\u0131nan ta\u015f\u0131t\u0131 engellili\u011fine uygun \u015fekilde hareket ettirici \u00f6zel tertibat yapt\u0131rmak suretiyle kullanabilece\u011fi sa\u011fl\u0131k kurulu raporuyla belgelendirenler ile engellilik oran\u0131 veya engel durumu nedeniyle hakk\u0131nda s\u00fcr\u00fcc\u00fc belgesi alamayaca\u011f\u0131na, dolay\u0131s\u0131yla herhangi bir ta\u015f\u0131t\u0131 kullanamayaca\u011f\u0131na y\u00f6nelik olarak karar al\u0131nan malul ve engelliler aras\u0131nda \u00f6ng\u00f6r\u00fclen farkl\u0131 muamelenin e\u015fitlik ilkesini ihlal etti\u011fi sonucuna ula\u015f\u0131lm\u0131\u015ft\u0131r.<\/p>\n<p>37. A\u00e7\u0131klanan nedenlerle kural, Anayasa\u2019n\u0131n 2., 10. ve 61. maddelerine ayk\u0131r\u0131d\u0131r. \u0130ptali gerekir.<\/p>\n<p>Kural\u0131n Anayasa\u2019n\u0131n 5. ve 50. maddelerine de ayk\u0131r\u0131 oldu\u011fu ileri s\u00fcr\u00fclm\u00fc\u015f ise de bu ba\u011flamda belirtilen hususlar\u0131n Anayasa\u2019n\u0131n 2., 10. ve 61. maddeleri y\u00f6n\u00fcnden yap\u0131lan de\u011ferlendirmeler kapsam\u0131nda ele al\u0131nm\u0131\u015f olmas\u0131 nedeniyle Anayasa\u2019n\u0131n 5. ve 50. maddeleri y\u00f6n\u00fcnden ayr\u0131ca bir inceleme yap\u0131lmas\u0131na gerek g\u00f6r\u00fclmemi\u015ftir.<\/p>\n<p>IV. \u0130PTAL\u0130N D\u0130\u011eER KURALLARA ETK\u0130S\u0130<\/p>\n<p>38. 6216 say\u0131l\u0131 Anayasa Kanun\u2019un 43. maddesinin (4) numaral\u0131 f\u0131kras\u0131nda kanunun, Cumhurba\u015fkanl\u0131\u011f\u0131 kararnamesinin veya T\u00fcrkiye B\u00fcy\u00fck Millet Meclisi \u0130\u00e7t\u00fcz\u00fc\u011f\u00fc\u2019n\u00fcn belirli kurallar\u0131n\u0131n iptali, di\u011fer kurallar\u0131n\u0131n veya t\u00fcm\u00fcn\u00fcn uygulanmamas\u0131 sonucunu do\u011furuyorsa bunlar\u0131n da Anayasa Mahkemesince iptaline karar verilebilece\u011fi \u00f6ng\u00f6r\u00fclm\u00fc\u015ft\u00fcr.<\/p>\n<p>39. 4760 say\u0131l\u0131 Kanun\u2019un 7. maddesinin birinci f\u0131kras\u0131n\u0131n (2) numaral\u0131 bendinin (c) alt bendinin \u201c\u2026 bizzat kullanma amac\u0131yla engellili\u011fine uygun hareket ettirici \u00f6zel tertibat yapt\u0131ran mal\u00fbl ve engelliler taraf\u0131ndan,\u201d b\u00f6l\u00fcm\u00fcn\u00fcn iptali nedeniyle uygulanma imk\u00e2n\u0131 kalmayan an\u0131lan alt bendin kalan k\u0131sm\u0131n\u0131n 6216 say\u0131l\u0131 Kanun\u2019un 43. maddesinin (4) numaral\u0131 f\u0131kras\u0131 gere\u011fince iptali gerekir.<\/p>\n<p>V. \u0130PTAL KARARININ Y\u00dcR\u00dcRL\u00dc\u011eE G\u0130RECE\u011e\u0130 G\u00dcN SORUNU<\/p>\n<p>40. Anayasa\u2019n\u0131n 153. maddesinin \u00fc\u00e7\u00fcnc\u00fc f\u0131kras\u0131nda \u201cKanun, Cumhurba\u015fkanl\u0131\u011f\u0131 kararnamesi veya T\u00fcrkiye B\u00fcy\u00fck Millet Meclisi \u0130\u00e7t\u00fcz\u00fc\u011f\u00fc ya da bunlar\u0131n h\u00fck\u00fcmleri, iptal kararlar\u0131n\u0131n Resm\u00ee Gazetede yay\u0131mland\u0131\u011f\u0131 tarihte y\u00fcr\u00fcrl\u00fckten kalkar. Gereken hallerde Anayasa Mahkemesi iptal h\u00fckm\u00fcn\u00fcn y\u00fcr\u00fcrl\u00fc\u011fe girece\u011fi tarihi ayr\u0131ca kararla\u015ft\u0131rabilir. Bu tarih, karar\u0131n Resm\u00ee Gazetede yay\u0131mland\u0131\u011f\u0131 g\u00fcnden ba\u015flayarak bir y\u0131l\u0131 ge\u00e7emez.\u201d denilmekte, 6216 say\u0131l\u0131 Kanun\u2019un 66. maddesinin (3) numaral\u0131 f\u0131kras\u0131nda da bu kural tekrarlanarak mahkemenin gerekli g\u00f6rd\u00fc\u011f\u00fc h\u00e2llerde Resm\u00ee Gazete\u2019de yay\u0131mland\u0131\u011f\u0131 g\u00fcnden ba\u015flayarak iptal karar\u0131n\u0131n y\u00fcr\u00fcrl\u00fc\u011fe girece\u011fi tarihi bir y\u0131l\u0131 ge\u00e7memek \u00fczere ayr\u0131ca kararla\u015ft\u0131rabilece\u011fi belirtilmektedir.<\/p>\n<p>41. 4760 say\u0131l\u0131 Kanun\u2019un 7. maddesinin birinci f\u0131kras\u0131n\u0131n (2) numaral\u0131 bendinin (c) alt bendinin iptali nedeniyle do\u011facak hukuksal bo\u015fluk kamu yarar\u0131n\u0131 ihlal edecek nitelikte g\u00f6r\u00fcld\u00fc\u011f\u00fcnden Anayasa\u2019n\u0131n 153. maddesinin \u00fc\u00e7\u00fcnc\u00fc f\u0131kras\u0131yla 6216 say\u0131l\u0131 Kanun\u2019un 66. maddesinin (3) numaral\u0131 f\u0131kras\u0131 gere\u011fince iptal h\u00fckm\u00fcn\u00fcn karar\u0131n Resm\u00ee Gazete\u2019de yay\u0131mlanmas\u0131ndan ba\u015flayarak dokuz ay sonra y\u00fcr\u00fcrl\u00fc\u011fe girmesi uygun g\u00f6r\u00fclm\u00fc\u015ft\u00fcr.<\/p>\n<p>VI. H\u00dcK\u00dcM<\/p>\n<p>6\/6\/2002 tarihli ve 4760 say\u0131l\u0131 \u00d6zel T\u00fcketim Vergisi Kanunu\u2019nun 7. maddesinin birinci f\u0131kras\u0131n\u0131n 16\/7\/2004 tarihli ve 5228 say\u0131l\u0131 Kanun\u2019un 21. maddesiyle de\u011fi\u015ftirilen (2) numaral\u0131 bendinin (c) alt bendinin;<\/p>\n<p>A. \u201c\u2026bizzat kullanma amac\u0131yla engellili\u011fine uygun hareket ettirici \u00f6zel tertibat yapt\u0131ran mal\u00fbl ve engelliler taraf\u0131ndan,\u201d b\u00f6l\u00fcm\u00fcn\u00fcn Anayasa\u2019ya ayk\u0131r\u0131 oldu\u011funa ve \u0130PTAL\u0130NE, iptal h\u00fckm\u00fcn\u00fcn Anayasa\u2019n\u0131n 153. maddesinin \u00fc\u00e7\u00fcnc\u00fc f\u0131kras\u0131 ile 30\/3\/2011 tarihli ve 6216 say\u0131l\u0131 Anayasa Mahkemesinin Kurulu\u015fu ve Yarg\u0131lama Usulleri Hakk\u0131nda Kanun\u2019un 66. maddesinin (3) numaral\u0131 f\u0131kras\u0131 gere\u011fince KARARIN RESM\u00ce GAZETE\u2019DE YAYIMLANMASINDAN BA\u015eLAYARAK DOKUZ AY SONRA Y\u00dcR\u00dcRL\u00dc\u011eE G\u0130RMES\u0130NE,<\/p>\n<p>B. Kalan k\u0131sm\u0131n\u0131n 6216 say\u0131l\u0131 Kanun\u2019un 43. maddesinin (4) numaral\u0131 f\u0131kras\u0131 gere\u011fince \u0130PTAL\u0130NE, iptal h\u00fckm\u00fcn\u00fcn Anayasa\u2019n\u0131n 153. maddesinin \u00fc\u00e7\u00fcnc\u00fc f\u0131kras\u0131 ile 6216 say\u0131l\u0131 Kanun\u2019un 66. maddesinin (3) numaral\u0131 f\u0131kras\u0131 gere\u011fince KARARIN RESM\u00ce GAZETE\u2019DE YAYIMLANMASINDAN BA\u015eLAYARAK DOKUZ AY SONRA Y\u00dcR\u00dcRL\u00dc\u011eE G\u0130RMES\u0130NE,<\/p>\n<p>22\/4\/2025 tarihinde OYB\u0130RL\u0130\u011e\u0130YLE karar verildi.<\/p>\n<p>   Ba\u015fkan<\/p>\n<p>   Kadir \u00d6ZKAYA<\/p>\n<p>   Ba\u015fkanvekili<\/p>\n<p>   Hasan Tahsin G\u00d6KCAN<\/p>\n<p>   Ba\u015fkanvekili<\/p>\n<p>   Basri BA\u011eCI<\/p>\n<p>   \u00dcye<\/p>\n<p>   Engin YILDIRIM<\/p>\n<p>   \u00dcye<\/p>\n<p>   R\u0131dvan G\u00dcLE\u00c7<\/p>\n<p>   \u00dcye<\/p>\n<p>   Recai AKYEL<\/p>\n<p>   \u00dcye<\/p>\n<p>   Yusuf \u015eevki HAKYEMEZ<\/p>\n<p>   \u00dcye<\/p>\n<p>   Y\u0131ld\u0131z SEFER\u0130NO\u011eLU<\/p>\n<p>   \u00dcye<\/p>\n<p>   Selahaddin MENTE\u015e<\/p>\n<p>   \u00dcye<\/p>\n<p>   \u0130rfan F\u0130DAN<\/p>\n<p>   \u00dcye<\/p>\n<p>   Kenan YA\u015eAR<\/p>\n<p>   \u00dcye<\/p>\n<p>   Y\u0131lmaz AK\u00c7\u0130L<\/p>\n<p>   \u00dcye<\/p>\n<p>   \u00d6mer \u00c7INAR<\/p>\n<p>   \u00dcye<\/p>\n<p>   Metin KIRATLI<\/p>\n<p>\u200bAnayasa Mahkemesi, E.2024\/240 numaral\u0131 dosyada, 4760 say\u0131l\u0131 \u00d6zel T\u00fcketim Vergisi Kanunu\u2019nun 7. maddesinin birinci f\u0131kras\u0131n\u0131n 5228 say\u0131l\u0131 Kanun\u2019un 21. maddesiyle de\u011fi\u015ftirilen (2) numaral\u0131 bendinin (c) alt bendinin \u201c\u2026bizzat kullanma amac\u0131yla engellili\u011fine uygun hareket ettirici \u00f6zel tertibat yapt\u0131ran mal\u00fbl ve engelliler taraf\u0131ndan,\u201d b\u00f6l\u00fcm\u00fcn\u00fcn Anayasa\u2019ya ayk\u0131r\u0131 oldu\u011funa ve iptaline, iptal h\u00fckm\u00fcn\u00fcn karar\u0131n Resm\u00ee Gazete\u2019de yay\u0131mlanmas\u0131ndan ba\u015flayarak dokuz ay sonra y\u00fcr\u00fcrl\u00fc\u011fe girmesine karar verdi.\u00a0Hukuki Haber<\/p>\n<p>Haberin Al\u0131nt\u0131land\u0131\u011f\u0131 Kaynak: www.hukukihaber.net<\/p>","protected":false},"excerpt":{"rendered":"<p>\u0130tiraz Konusu Kural \u0130tiraz konusu kuralda, engellilik oran\u0131 %90\u2019\u0131n alt\u0131nda olan malul ve engellilerden sadece sat\u0131n al\u0131nan ta\u015f\u0131t\u0131 engellili\u011fine uygun \u015fekilde hareket ettirici \u00f6zel tertibat yapt\u0131rmak suretiyle kullanabilece\u011fi sa\u011fl\u0131k kurulu raporuyla belgelendirenlerin ta\u015f\u0131tlar\u0131n ilk iktisab\u0131 s\u0131ras\u0131nda uygulanacak \u00f6zel t\u00fcketim vergisi istisnas\u0131ndan yararlanabilece\u011fi \u00f6ng\u00f6r\u00fclm\u00fc\u015ft\u00fcr. Ba\u015fvuru Gerek\u00e7esi Ba\u015fvuru karar\u0131nda \u00f6zetle; itiraz konusu kuralla %90 oran\u0131ndan daha az derecede malul ve engelli olanlardan ara\u00e7 al\u0131mlar\u0131nda sadece engellili\u011fine uygun \u015fekilde hareket ettirici \u00f6zel tertibat yapt\u0131rmak suretiyle bizzat s\u00fcr\u00fcc\u00fc olma imk\u00e2n\u0131na sahip olanlar\u0131n \u00f6zel t\u00fcketim vergisi muafiyetinden yararlanabilece\u011finin \u00f6ng\u00f6r\u00fclmesinin devlete y\u00fcklenen engellilerin korunmalar\u0131n\u0131 ve toplum hayat\u0131na uyumlar\u0131n\u0131 sa\u011flay\u0131c\u0131 tedbirlerin al\u0131nmas\u0131 \u015feklindeki pozitif y\u00fck\u00fcml\u00fcl\u00fckle \u00e7eli\u015fti\u011fi, bu durumun sosyal devlet ve e\u015fitlik ilkelerini ihlal etti\u011fi, engelli haklar\u0131n\u0131n korunmas\u0131na ili\u015fkin milletleraras\u0131 antla\u015fmalarla ba\u011fda\u015fmad\u0131\u011f\u0131 belirtilerek kural\u0131n Anayasa\u2019ya ayk\u0131r\u0131 oldu\u011fu ileri s\u00fcr\u00fclm\u00fc\u015ft\u00fcr. Mahkemenin De\u011ferlendirmesi Kuralla, engel durumu itibar\u0131yla engellili\u011fine uygun \u015fekilde hareket ettirici \u00f6zel tertibat yard\u0131m\u0131 olmadan ta\u015f\u0131t kullanmayacak durumda bulunan ve dolay\u0131s\u0131yla sat\u0131n al\u0131nan ta\u015f\u0131t\u0131 sadece engellili\u011fine uygun \u015fekilde hareket ettirici \u00f6zel tertibat yapt\u0131rmak suretiyle kullanabilece\u011fi sa\u011fl\u0131k kurulu raporuyla belgelendirilen malul ve engellilerin \u00f6zel t\u00fcketim vergisi istisnas\u0131ndan yararland\u0131r\u0131lmas\u0131n\u0131n ama\u00e7land\u0131\u011f\u0131 anla\u015f\u0131lm\u0131\u015ft\u0131r. \u00d6ng\u00f6r\u00fclen kuralla, engel durumundan dolay\u0131 hakk\u0131nda s\u00fcr\u00fcc\u00fc belgesi alamayaca\u011f\u0131na ve dolay\u0131s\u0131yla herhangi bir ta\u015f\u0131t\u0131 -engellili\u011fine uygun \u015fekilde hareket ettirici \u00f6zel tertibat yard\u0131m\u0131yla dahi- kullanamayaca\u011f\u0131na y\u00f6nelik olarak karar al\u0131nan malul &hellip;<\/p>","protected":false},"author":3,"featured_media":0,"comment_status":"","ping_status":"open","sticky":false,"template":"","format":"standard","meta":{"_acf_changed":false,"footnotes":""},"categories":[27],"tags":[],"class_list":["post-126980","post","type-post","status-publish","format-standard","has-post-thumbnail","hentry","category-hukukihaber"],"acf":[],"yoast_head":"<!-- This site is optimized with the Yoast SEO Premium plugin v26.6 (Yoast SEO v27.1.1) - https:\/\/yoast.com\/product\/yoast-seo-premium-wordpress\/ -->\n<title>Engellilik Oran\u0131 %90\u2019\u0131n Alt\u0131nda Olan Malul ve Engellilerden Sadece Ta\u015f\u0131t\u0131 Bizzat Kullanabileceklerin \u00d6TV \u0130stisnas\u0131ndan Yararlanmas\u0131n\u0131 \u00d6ng\u00f6ren Kurala \u0130li\u015fkin \u0130tiraz Ba\u015fvurusu Hakk\u0131nda Karar - Av. Deniz Can K\u0131z\u0131l<\/title>\n<meta name=\"robots\" content=\"index, follow, max-snippet:-1, max-image-preview:large, max-video-preview:-1\" \/>\n<link rel=\"canonical\" href=\"https:\/\/denizcankizil.tr\/de\/hukukihaber\/engellilik-orani-?in-altinda-olan-malul-ve-engellilerden-sadece-tasiti-bizzat-kullanabileceklerin-otv-istisnasindan-yararlanmasini-ongoren-kurala-iliskin-itiraz-basvurusu-hakkinda-karar\/\" \/>\n<meta property=\"og:locale\" content=\"de_DE\" \/>\n<meta property=\"og:type\" content=\"article\" \/>\n<meta property=\"og:title\" content=\"Engellilik Oran\u0131 %90\u2019\u0131n Alt\u0131nda Olan Malul ve Engellilerden Sadece Ta\u015f\u0131t\u0131 Bizzat Kullanabileceklerin \u00d6TV \u0130stisnas\u0131ndan Yararlanmas\u0131n\u0131 \u00d6ng\u00f6ren Kurala \u0130li\u015fkin \u0130tiraz Ba\u015fvurusu Hakk\u0131nda Karar\" \/>\n<meta property=\"og:description\" content=\"\u0130tiraz Konusu Kural \u0130tiraz konusu kuralda, engellilik oran\u0131 %90\u2019\u0131n alt\u0131nda olan malul ve engellilerden sadece sat\u0131n al\u0131nan ta\u015f\u0131t\u0131 engellili\u011fine uygun \u015fekilde hareket ettirici \u00f6zel tertibat yapt\u0131rmak suretiyle kullanabilece\u011fi sa\u011fl\u0131k kurulu raporuyla belgelendirenlerin ta\u015f\u0131tlar\u0131n ilk iktisab\u0131 s\u0131ras\u0131nda uygulanacak \u00f6zel t\u00fcketim vergisi istisnas\u0131ndan yararlanabilece\u011fi \u00f6ng\u00f6r\u00fclm\u00fc\u015ft\u00fcr. Ba\u015fvuru Gerek\u00e7esi Ba\u015fvuru karar\u0131nda \u00f6zetle; itiraz konusu kuralla %90 oran\u0131ndan daha az derecede malul ve engelli olanlardan ara\u00e7 al\u0131mlar\u0131nda sadece engellili\u011fine uygun \u015fekilde hareket ettirici \u00f6zel tertibat yapt\u0131rmak suretiyle bizzat s\u00fcr\u00fcc\u00fc olma imk\u00e2n\u0131na sahip olanlar\u0131n \u00f6zel t\u00fcketim vergisi muafiyetinden yararlanabilece\u011finin \u00f6ng\u00f6r\u00fclmesinin devlete y\u00fcklenen engellilerin korunmalar\u0131n\u0131 ve toplum hayat\u0131na uyumlar\u0131n\u0131 sa\u011flay\u0131c\u0131 tedbirlerin al\u0131nmas\u0131 \u015feklindeki pozitif y\u00fck\u00fcml\u00fcl\u00fckle \u00e7eli\u015fti\u011fi, bu durumun sosyal devlet ve e\u015fitlik ilkelerini ihlal etti\u011fi, engelli haklar\u0131n\u0131n korunmas\u0131na ili\u015fkin milletleraras\u0131 antla\u015fmalarla ba\u011fda\u015fmad\u0131\u011f\u0131 belirtilerek kural\u0131n Anayasa\u2019ya ayk\u0131r\u0131 oldu\u011fu ileri s\u00fcr\u00fclm\u00fc\u015ft\u00fcr. Mahkemenin De\u011ferlendirmesi Kuralla, engel durumu itibar\u0131yla engellili\u011fine uygun \u015fekilde hareket ettirici \u00f6zel tertibat yard\u0131m\u0131 olmadan ta\u015f\u0131t kullanmayacak durumda bulunan ve dolay\u0131s\u0131yla sat\u0131n al\u0131nan ta\u015f\u0131t\u0131 sadece engellili\u011fine uygun \u015fekilde hareket ettirici \u00f6zel tertibat yapt\u0131rmak suretiyle kullanabilece\u011fi sa\u011fl\u0131k kurulu raporuyla belgelendirilen malul ve engellilerin \u00f6zel t\u00fcketim vergisi istisnas\u0131ndan yararland\u0131r\u0131lmas\u0131n\u0131n ama\u00e7land\u0131\u011f\u0131 anla\u015f\u0131lm\u0131\u015ft\u0131r. \u00d6ng\u00f6r\u00fclen kuralla, engel durumundan dolay\u0131 hakk\u0131nda s\u00fcr\u00fcc\u00fc belgesi alamayaca\u011f\u0131na ve dolay\u0131s\u0131yla herhangi bir ta\u015f\u0131t\u0131 -engellili\u011fine uygun \u015fekilde hareket ettirici \u00f6zel tertibat yard\u0131m\u0131yla dahi- kullanamayaca\u011f\u0131na y\u00f6nelik olarak karar al\u0131nan malul &hellip;\" \/>\n<meta property=\"og:url\" content=\"\" \/>\n<meta property=\"og:site_name\" content=\"Av. Deniz Can K\u0131z\u0131l\" \/>\n<meta property=\"article:published_time\" content=\"2025-06-26T07:18:00+00:00\" \/>\n<meta name=\"author\" content=\"Hukuki Haber.net\" \/>\n<meta name=\"twitter:card\" content=\"summary_large_image\" \/>\n<meta name=\"twitter:label1\" content=\"Verfasst von\" \/>\n\t<meta name=\"twitter:data1\" content=\"Hukuki Haber.net\" \/>\n\t<meta name=\"twitter:label2\" content=\"Gesch\u00e4tzte Lesezeit\" \/>\n\t<meta name=\"twitter:data2\" content=\"29\u00a0Minuten\" \/>\n<script type=\"application\/ld+json\" class=\"yoast-schema-graph\">{\"@context\":\"https:\/\/schema.org\",\"@graph\":[{\"@type\":\"Article\",\"@id\":\"https:\/\/denizcankizil.tr\/de\/hukukihaber\/engellilik-orani-%90in-altinda-olan-malul-ve-engellilerden-sadece-tasiti-bizzat-kullanabileceklerin-otv-istisnasindan-yararlanmasini-ongoren-kurala-iliskin-itiraz-basvurusu-hakkinda-karar\/#article\",\"isPartOf\":{\"@id\":\"https:\/\/denizcankizil.tr\/de\/hukukihaber\/engellilik-orani-%90in-altinda-olan-malul-ve-engellilerden-sadece-tasiti-bizzat-kullanabileceklerin-otv-istisnasindan-yararlanmasini-ongoren-kurala-iliskin-itiraz-basvurusu-hakkinda-karar\/\"},\"author\":{\"name\":\"Hukuki Haber.net\",\"@id\":\"https:\/\/denizcankizil.tr\/#\/schema\/person\/001a271de994a0aa3f90eea084424822\"},\"headline\":\"Engellilik Oran\u0131 %90\u2019\u0131n Alt\u0131nda Olan Malul ve Engellilerden Sadece Ta\u015f\u0131t\u0131 Bizzat Kullanabileceklerin \u00d6TV \u0130stisnas\u0131ndan Yararlanmas\u0131n\u0131 \u00d6ng\u00f6ren Kurala \u0130li\u015fkin \u0130tiraz Ba\u015fvurusu Hakk\u0131nda Karar\",\"datePublished\":\"2025-06-26T07:18:00+00:00\",\"mainEntityOfPage\":{\"@id\":\"https:\/\/denizcankizil.tr\/de\/hukukihaber\/engellilik-orani-%90in-altinda-olan-malul-ve-engellilerden-sadece-tasiti-bizzat-kullanabileceklerin-otv-istisnasindan-yararlanmasini-ongoren-kurala-iliskin-itiraz-basvurusu-hakkinda-karar\/\"},\"wordCount\":5893,\"publisher\":{\"@id\":\"https:\/\/denizcankizil.tr\/#organization\"},\"articleSection\":[\"Hukuki Haberler\"],\"inLanguage\":\"de\"},{\"@type\":\"WebPage\",\"@id\":\"https:\/\/denizcankizil.tr\/de\/hukukihaber\/engellilik-orani-%90in-altinda-olan-malul-ve-engellilerden-sadece-tasiti-bizzat-kullanabileceklerin-otv-istisnasindan-yararlanmasini-ongoren-kurala-iliskin-itiraz-basvurusu-hakkinda-karar\/\",\"url\":\"https:\/\/denizcankizil.tr\/de\/hukukihaber\/engellilik-orani-%90in-altinda-olan-malul-ve-engellilerden-sadece-tasiti-bizzat-kullanabileceklerin-otv-istisnasindan-yararlanmasini-ongoren-kurala-iliskin-itiraz-basvurusu-hakkinda-karar\/\",\"name\":\"Engellilik Oran\u0131 %90\u2019\u0131n Alt\u0131nda Olan Malul ve Engellilerden Sadece Ta\u015f\u0131t\u0131 Bizzat Kullanabileceklerin \u00d6TV \u0130stisnas\u0131ndan Yararlanmas\u0131n\u0131 \u00d6ng\u00f6ren Kurala \u0130li\u015fkin \u0130tiraz Ba\u015fvurusu Hakk\u0131nda Karar - Av. Deniz Can K\u0131z\u0131l\",\"isPartOf\":{\"@id\":\"https:\/\/denizcankizil.tr\/#website\"},\"datePublished\":\"2025-06-26T07:18:00+00:00\",\"breadcrumb\":{\"@id\":\"https:\/\/denizcankizil.tr\/de\/hukukihaber\/engellilik-orani-%90in-altinda-olan-malul-ve-engellilerden-sadece-tasiti-bizzat-kullanabileceklerin-otv-istisnasindan-yararlanmasini-ongoren-kurala-iliskin-itiraz-basvurusu-hakkinda-karar\/#breadcrumb\"},\"inLanguage\":\"de\",\"potentialAction\":[{\"@type\":\"ReadAction\",\"target\":[\"https:\/\/denizcankizil.tr\/de\/hukukihaber\/engellilik-orani-%90in-altinda-olan-malul-ve-engellilerden-sadece-tasiti-bizzat-kullanabileceklerin-otv-istisnasindan-yararlanmasini-ongoren-kurala-iliskin-itiraz-basvurusu-hakkinda-karar\/\"]}]},{\"@type\":\"BreadcrumbList\",\"@id\":\"https:\/\/denizcankizil.tr\/de\/hukukihaber\/engellilik-orani-%90in-altinda-olan-malul-ve-engellilerden-sadece-tasiti-bizzat-kullanabileceklerin-otv-istisnasindan-yararlanmasini-ongoren-kurala-iliskin-itiraz-basvurusu-hakkinda-karar\/#breadcrumb\",\"itemListElement\":[{\"@type\":\"ListItem\",\"position\":1,\"name\":\"Home\",\"item\":\"https:\/\/denizcankizil.tr\/de\/\"},{\"@type\":\"ListItem\",\"position\":2,\"name\":\"Engellilik Oran\u0131 %90\u2019\u0131n Alt\u0131nda Olan Malul ve Engellilerden Sadece Ta\u015f\u0131t\u0131 Bizzat Kullanabileceklerin \u00d6TV \u0130stisnas\u0131ndan Yararlanmas\u0131n\u0131 \u00d6ng\u00f6ren Kurala \u0130li\u015fkin \u0130tiraz Ba\u015fvurusu Hakk\u0131nda Karar\"}]},{\"@type\":\"WebSite\",\"@id\":\"https:\/\/denizcankizil.tr\/#website\",\"url\":\"https:\/\/denizcankizil.tr\/\",\"name\":\"Av. Deniz Can K\u0131z\u0131l\",\"description\":\"Avukat Deniz Can K\u0131z\u0131l Antalya Barosu\",\"publisher\":{\"@id\":\"https:\/\/denizcankizil.tr\/#organization\"},\"potentialAction\":[{\"@type\":\"SearchAction\",\"target\":{\"@type\":\"EntryPoint\",\"urlTemplate\":\"https:\/\/denizcankizil.tr\/?s={search_term_string}\"},\"query-input\":{\"@type\":\"PropertyValueSpecification\",\"valueRequired\":true,\"valueName\":\"search_term_string\"}}],\"inLanguage\":\"de\"},{\"@type\":\"Organization\",\"@id\":\"https:\/\/denizcankizil.tr\/#organization\",\"name\":\"Av. Deniz Can K\u0131z\u0131l\",\"url\":\"https:\/\/denizcankizil.tr\/\",\"logo\":{\"@type\":\"ImageObject\",\"inLanguage\":\"de\",\"@id\":\"https:\/\/denizcankizil.tr\/#\/schema\/logo\/image\/\",\"url\":\"https:\/\/denizcankizil.tr\/wp-content\/uploads\/2024\/10\/siyah-logo-svg.svg\",\"contentUrl\":\"https:\/\/denizcankizil.tr\/wp-content\/uploads\/2024\/10\/siyah-logo-svg.svg\",\"width\":1080,\"height\":1080,\"caption\":\"Av. Deniz Can K\u0131z\u0131l\"},\"image\":{\"@id\":\"https:\/\/denizcankizil.tr\/#\/schema\/logo\/image\/\"}},{\"@type\":\"Person\",\"@id\":\"https:\/\/denizcankizil.tr\/#\/schema\/person\/001a271de994a0aa3f90eea084424822\",\"name\":\"Hukuki Haber.net\",\"image\":{\"@type\":\"ImageObject\",\"inLanguage\":\"de\",\"@id\":\"https:\/\/denizcankizil.tr\/#\/schema\/person\/image\/\",\"url\":\"https:\/\/secure.gravatar.com\/avatar\/57d8a49151495586611a149d29fc42865b951dc053a84709a3172ccb5abf3118?s=96&d=mm&r=g\",\"contentUrl\":\"https:\/\/secure.gravatar.com\/avatar\/57d8a49151495586611a149d29fc42865b951dc053a84709a3172ccb5abf3118?s=96&d=mm&r=g\",\"caption\":\"Hukuki Haber.net\"},\"sameAs\":[\"http:\/\/www.hukukihaber.net\"],\"url\":\"https:\/\/denizcankizil.tr\/de\/author\/hukukihabernet\/\"}]}<\/script>\n<!-- \/ Yoast SEO Premium plugin. -->","yoast_head_json":{"title":"Engellilik Oran\u0131 %90\u2019\u0131n Alt\u0131nda Olan Malul ve Engellilerden Sadece Ta\u015f\u0131t\u0131 Bizzat Kullanabileceklerin \u00d6TV \u0130stisnas\u0131ndan Yararlanmas\u0131n\u0131 \u00d6ng\u00f6ren Kurala \u0130li\u015fkin \u0130tiraz Ba\u015fvurusu Hakk\u0131nda Karar - Av. Deniz Can K\u0131z\u0131l","robots":{"index":"index","follow":"follow","max-snippet":"max-snippet:-1","max-image-preview":"max-image-preview:large","max-video-preview":"max-video-preview:-1"},"canonical":"https:\/\/denizcankizil.tr\/de\/hukukihaber\/engellilik-orani-?in-altinda-olan-malul-ve-engellilerden-sadece-tasiti-bizzat-kullanabileceklerin-otv-istisnasindan-yararlanmasini-ongoren-kurala-iliskin-itiraz-basvurusu-hakkinda-karar\/","og_locale":"de_DE","og_type":"article","og_title":"Engellilik Oran\u0131 %90\u2019\u0131n Alt\u0131nda Olan Malul ve Engellilerden Sadece Ta\u015f\u0131t\u0131 Bizzat Kullanabileceklerin \u00d6TV \u0130stisnas\u0131ndan Yararlanmas\u0131n\u0131 \u00d6ng\u00f6ren Kurala \u0130li\u015fkin \u0130tiraz Ba\u015fvurusu Hakk\u0131nda Karar","og_description":"\u0130tiraz Konusu Kural \u0130tiraz konusu kuralda, engellilik oran\u0131 %90\u2019\u0131n alt\u0131nda olan malul ve engellilerden sadece sat\u0131n al\u0131nan ta\u015f\u0131t\u0131 engellili\u011fine uygun \u015fekilde hareket ettirici \u00f6zel tertibat yapt\u0131rmak suretiyle kullanabilece\u011fi sa\u011fl\u0131k kurulu raporuyla belgelendirenlerin ta\u015f\u0131tlar\u0131n ilk iktisab\u0131 s\u0131ras\u0131nda uygulanacak \u00f6zel t\u00fcketim vergisi istisnas\u0131ndan yararlanabilece\u011fi \u00f6ng\u00f6r\u00fclm\u00fc\u015ft\u00fcr. Ba\u015fvuru Gerek\u00e7esi Ba\u015fvuru karar\u0131nda \u00f6zetle; itiraz konusu kuralla %90 oran\u0131ndan daha az derecede malul ve engelli olanlardan ara\u00e7 al\u0131mlar\u0131nda sadece engellili\u011fine uygun \u015fekilde hareket ettirici \u00f6zel tertibat yapt\u0131rmak suretiyle bizzat s\u00fcr\u00fcc\u00fc olma imk\u00e2n\u0131na sahip olanlar\u0131n \u00f6zel t\u00fcketim vergisi muafiyetinden yararlanabilece\u011finin \u00f6ng\u00f6r\u00fclmesinin devlete y\u00fcklenen engellilerin korunmalar\u0131n\u0131 ve toplum hayat\u0131na uyumlar\u0131n\u0131 sa\u011flay\u0131c\u0131 tedbirlerin al\u0131nmas\u0131 \u015feklindeki pozitif y\u00fck\u00fcml\u00fcl\u00fckle \u00e7eli\u015fti\u011fi, bu durumun sosyal devlet ve e\u015fitlik ilkelerini ihlal etti\u011fi, engelli haklar\u0131n\u0131n korunmas\u0131na ili\u015fkin milletleraras\u0131 antla\u015fmalarla ba\u011fda\u015fmad\u0131\u011f\u0131 belirtilerek kural\u0131n Anayasa\u2019ya ayk\u0131r\u0131 oldu\u011fu ileri s\u00fcr\u00fclm\u00fc\u015ft\u00fcr. Mahkemenin De\u011ferlendirmesi Kuralla, engel durumu itibar\u0131yla engellili\u011fine uygun \u015fekilde hareket ettirici \u00f6zel tertibat yard\u0131m\u0131 olmadan ta\u015f\u0131t kullanmayacak durumda bulunan ve dolay\u0131s\u0131yla sat\u0131n al\u0131nan ta\u015f\u0131t\u0131 sadece engellili\u011fine uygun \u015fekilde hareket ettirici \u00f6zel tertibat yapt\u0131rmak suretiyle kullanabilece\u011fi sa\u011fl\u0131k kurulu raporuyla belgelendirilen malul ve engellilerin \u00f6zel t\u00fcketim vergisi istisnas\u0131ndan yararland\u0131r\u0131lmas\u0131n\u0131n ama\u00e7land\u0131\u011f\u0131 anla\u015f\u0131lm\u0131\u015ft\u0131r. \u00d6ng\u00f6r\u00fclen kuralla, engel durumundan dolay\u0131 hakk\u0131nda s\u00fcr\u00fcc\u00fc belgesi alamayaca\u011f\u0131na ve dolay\u0131s\u0131yla herhangi bir ta\u015f\u0131t\u0131 -engellili\u011fine uygun \u015fekilde hareket ettirici \u00f6zel tertibat yard\u0131m\u0131yla dahi- kullanamayaca\u011f\u0131na y\u00f6nelik olarak karar al\u0131nan malul &hellip;","og_url":"https:\/\/denizcankizil.tr\/de\/hukukihaber\/engellilik-orani-?in-altinda-olan-malul-ve-engellilerden-sadece-tasiti-bizzat-kullanabileceklerin-otv-istisnasindan-yararlanmasini-ongoren-kurala-iliskin-itiraz-basvurusu-hakkinda-karar\/","og_site_name":"Av. Deniz Can K\u0131z\u0131l","article_published_time":"2025-06-26T07:18:00+00:00","author":"Hukuki Haber.net","twitter_card":"summary_large_image","twitter_misc":{"Verfasst von":"Hukuki Haber.net","Gesch\u00e4tzte Lesezeit":"29\u00a0Minuten"},"schema":{"@context":"https:\/\/schema.org","@graph":[{"@type":"Article","@id":"https:\/\/denizcankizil.tr\/de\/hukukihaber\/engellilik-orani-%90in-altinda-olan-malul-ve-engellilerden-sadece-tasiti-bizzat-kullanabileceklerin-otv-istisnasindan-yararlanmasini-ongoren-kurala-iliskin-itiraz-basvurusu-hakkinda-karar\/#article","isPartOf":{"@id":"https:\/\/denizcankizil.tr\/de\/hukukihaber\/engellilik-orani-%90in-altinda-olan-malul-ve-engellilerden-sadece-tasiti-bizzat-kullanabileceklerin-otv-istisnasindan-yararlanmasini-ongoren-kurala-iliskin-itiraz-basvurusu-hakkinda-karar\/"},"author":{"name":"Hukuki Haber.net","@id":"https:\/\/denizcankizil.tr\/#\/schema\/person\/001a271de994a0aa3f90eea084424822"},"headline":"Engellilik Oran\u0131 %90\u2019\u0131n Alt\u0131nda Olan Malul ve Engellilerden Sadece Ta\u015f\u0131t\u0131 Bizzat Kullanabileceklerin \u00d6TV \u0130stisnas\u0131ndan Yararlanmas\u0131n\u0131 \u00d6ng\u00f6ren Kurala \u0130li\u015fkin \u0130tiraz Ba\u015fvurusu Hakk\u0131nda Karar","datePublished":"2025-06-26T07:18:00+00:00","mainEntityOfPage":{"@id":"https:\/\/denizcankizil.tr\/de\/hukukihaber\/engellilik-orani-%90in-altinda-olan-malul-ve-engellilerden-sadece-tasiti-bizzat-kullanabileceklerin-otv-istisnasindan-yararlanmasini-ongoren-kurala-iliskin-itiraz-basvurusu-hakkinda-karar\/"},"wordCount":5893,"publisher":{"@id":"https:\/\/denizcankizil.tr\/#organization"},"articleSection":["Hukuki Haberler"],"inLanguage":"de"},{"@type":"WebPage","@id":"https:\/\/denizcankizil.tr\/de\/hukukihaber\/engellilik-orani-%90in-altinda-olan-malul-ve-engellilerden-sadece-tasiti-bizzat-kullanabileceklerin-otv-istisnasindan-yararlanmasini-ongoren-kurala-iliskin-itiraz-basvurusu-hakkinda-karar\/","url":"https:\/\/denizcankizil.tr\/de\/hukukihaber\/engellilik-orani-%90in-altinda-olan-malul-ve-engellilerden-sadece-tasiti-bizzat-kullanabileceklerin-otv-istisnasindan-yararlanmasini-ongoren-kurala-iliskin-itiraz-basvurusu-hakkinda-karar\/","name":"Engellilik Oran\u0131 %90\u2019\u0131n Alt\u0131nda Olan Malul ve Engellilerden Sadece Ta\u015f\u0131t\u0131 Bizzat Kullanabileceklerin \u00d6TV \u0130stisnas\u0131ndan Yararlanmas\u0131n\u0131 \u00d6ng\u00f6ren Kurala \u0130li\u015fkin \u0130tiraz Ba\u015fvurusu Hakk\u0131nda Karar - Av. Deniz Can K\u0131z\u0131l","isPartOf":{"@id":"https:\/\/denizcankizil.tr\/#website"},"datePublished":"2025-06-26T07:18:00+00:00","breadcrumb":{"@id":"https:\/\/denizcankizil.tr\/de\/hukukihaber\/engellilik-orani-%90in-altinda-olan-malul-ve-engellilerden-sadece-tasiti-bizzat-kullanabileceklerin-otv-istisnasindan-yararlanmasini-ongoren-kurala-iliskin-itiraz-basvurusu-hakkinda-karar\/#breadcrumb"},"inLanguage":"de","potentialAction":[{"@type":"ReadAction","target":["https:\/\/denizcankizil.tr\/de\/hukukihaber\/engellilik-orani-%90in-altinda-olan-malul-ve-engellilerden-sadece-tasiti-bizzat-kullanabileceklerin-otv-istisnasindan-yararlanmasini-ongoren-kurala-iliskin-itiraz-basvurusu-hakkinda-karar\/"]}]},{"@type":"BreadcrumbList","@id":"https:\/\/denizcankizil.tr\/de\/hukukihaber\/engellilik-orani-%90in-altinda-olan-malul-ve-engellilerden-sadece-tasiti-bizzat-kullanabileceklerin-otv-istisnasindan-yararlanmasini-ongoren-kurala-iliskin-itiraz-basvurusu-hakkinda-karar\/#breadcrumb","itemListElement":[{"@type":"ListItem","position":1,"name":"Home","item":"https:\/\/denizcankizil.tr\/de\/"},{"@type":"ListItem","position":2,"name":"Engellilik Oran\u0131 %90\u2019\u0131n Alt\u0131nda Olan Malul ve Engellilerden Sadece Ta\u015f\u0131t\u0131 Bizzat Kullanabileceklerin \u00d6TV \u0130stisnas\u0131ndan Yararlanmas\u0131n\u0131 \u00d6ng\u00f6ren Kurala \u0130li\u015fkin \u0130tiraz Ba\u015fvurusu Hakk\u0131nda Karar"}]},{"@type":"WebSite","@id":"https:\/\/denizcankizil.tr\/#website","url":"https:\/\/denizcankizil.tr\/","name":"Av. Deniz Can K\u0131z\u0131l","description":"Avukat Deniz Can K\u0131z\u0131l Antalya Barosu","publisher":{"@id":"https:\/\/denizcankizil.tr\/#organization"},"potentialAction":[{"@type":"SearchAction","target":{"@type":"EntryPoint","urlTemplate":"https:\/\/denizcankizil.tr\/?s={search_term_string}"},"query-input":{"@type":"PropertyValueSpecification","valueRequired":true,"valueName":"search_term_string"}}],"inLanguage":"de"},{"@type":"Organization","@id":"https:\/\/denizcankizil.tr\/#organization","name":"Av. Deniz Can K\u0131z\u0131l","url":"https:\/\/denizcankizil.tr\/","logo":{"@type":"ImageObject","inLanguage":"de","@id":"https:\/\/denizcankizil.tr\/#\/schema\/logo\/image\/","url":"https:\/\/denizcankizil.tr\/wp-content\/uploads\/2024\/10\/siyah-logo-svg.svg","contentUrl":"https:\/\/denizcankizil.tr\/wp-content\/uploads\/2024\/10\/siyah-logo-svg.svg","width":1080,"height":1080,"caption":"Av. Deniz Can K\u0131z\u0131l"},"image":{"@id":"https:\/\/denizcankizil.tr\/#\/schema\/logo\/image\/"}},{"@type":"Person","@id":"https:\/\/denizcankizil.tr\/#\/schema\/person\/001a271de994a0aa3f90eea084424822","name":"Hukuki Haber.net","image":{"@type":"ImageObject","inLanguage":"de","@id":"https:\/\/denizcankizil.tr\/#\/schema\/person\/image\/","url":"https:\/\/secure.gravatar.com\/avatar\/57d8a49151495586611a149d29fc42865b951dc053a84709a3172ccb5abf3118?s=96&d=mm&r=g","contentUrl":"https:\/\/secure.gravatar.com\/avatar\/57d8a49151495586611a149d29fc42865b951dc053a84709a3172ccb5abf3118?s=96&d=mm&r=g","caption":"Hukuki Haber.net"},"sameAs":["http:\/\/www.hukukihaber.net"],"url":"https:\/\/denizcankizil.tr\/de\/author\/hukukihabernet\/"}]}},"_links":{"self":[{"href":"https:\/\/denizcankizil.tr\/de\/wp-json\/wp\/v2\/posts\/126980","targetHints":{"allow":["GET"]}}],"collection":[{"href":"https:\/\/denizcankizil.tr\/de\/wp-json\/wp\/v2\/posts"}],"about":[{"href":"https:\/\/denizcankizil.tr\/de\/wp-json\/wp\/v2\/types\/post"}],"author":[{"embeddable":true,"href":"https:\/\/denizcankizil.tr\/de\/wp-json\/wp\/v2\/users\/3"}],"replies":[{"embeddable":true,"href":"https:\/\/denizcankizil.tr\/de\/wp-json\/wp\/v2\/comments?post=126980"}],"version-history":[{"count":0,"href":"https:\/\/denizcankizil.tr\/de\/wp-json\/wp\/v2\/posts\/126980\/revisions"}],"wp:attachment":[{"href":"https:\/\/denizcankizil.tr\/de\/wp-json\/wp\/v2\/media?parent=126980"}],"wp:term":[{"taxonomy":"category","embeddable":true,"href":"https:\/\/denizcankizil.tr\/de\/wp-json\/wp\/v2\/categories?post=126980"},{"taxonomy":"post_tag","embeddable":true,"href":"https:\/\/denizcankizil.tr\/de\/wp-json\/wp\/v2\/tags?post=126980"}],"curies":[{"name":"wp","href":"https:\/\/api.w.org\/{rel}","templated":true}]}}