{"id":126177,"date":"2025-06-25T13:42:37","date_gmt":"2025-06-25T10:42:37","guid":{"rendered":"https:\/\/denizcankizil.tr\/uncategorized-tr\/bursada-sanat-ve-lezzet-soleni-basliyor\/"},"modified":"2025-06-25T13:42:37","modified_gmt":"2025-06-25T10:42:37","slug":"bursada-sanat-ve-lezzet-soleni-basliyor","status":"publish","type":"post","link":"https:\/\/denizcankizil.tr\/de\/haberler\/gundem\/bursada-sanat-ve-lezzet-soleni-basliyor\/","title":{"rendered":"Bursa&#8217;da sanat ve lezzet \u015f\u00f6leni ba\u015fl\u0131yor"},"content":{"rendered":"<p>T.C. K\u00fclt\u00fcr ve Turizm Bakanl\u0131\u011f\u0131\u2019n\u0131n d\u00fczenledi\u011fi T\u00fcrkiye K\u00fclt\u00fcr Yolu Festivali\u2019nin be\u015finci dura\u011f\u0131 Bursa\u2019da, 9 g\u00fcn boyunca 71 noktada yakla\u015f\u0131k 600 etkinlikle \u015fehrin k\u00fclt\u00fcrel zenginlikleri sanatseverlerle bulu\u015facak. T\u00fcrkiye K\u00fclt\u00fcr Yolu Festivali, Bursa\u2019n\u0131n k\u00fclt\u00fcrel zenginliklerini sanat\u0131n evrensel diliyle bulu\u015fturarak unutulmaz bir deneyim sunmaya haz\u0131rlan\u0131yor.BURSA (\u0130GFA) &#8211; T\u00fcrkiye K\u00fclt\u00fcr Yolu Festivali, T.C. K\u00fclt\u00fcr ve Turizm Bakanl\u0131\u011f\u0131 \u00f6nc\u00fcl\u00fc\u011f\u00fcnde Bursa\u2019da sanat ve k\u00fclt\u00fcrle dolu bir yolculu\u011fa \u00e7\u0131k\u0131yor. 9 g\u00fcn s\u00fcrecek festival, 71 farkl\u0131 noktada yakla\u015f\u0131k 600 etkinlikle Bursa\u2019n\u0131n tarihi ve k\u00fclt\u00fcrel miras\u0131n\u0131 uluslararas\u0131 sanat platformlar\u0131yla bulu\u015ftururken, \u015fehrin marka de\u011ferini y\u00fckseltmeyi hedefliyor.<br \/>\nP\u0130CASSO BURSA\u2019DA: \u201cYARATILI\u015e HER \u015eEYD\u0130R\u201d<\/p>\n<p>Merinos Atat\u00fcrk Kongre ve K\u00fclt\u00fcr Merkezi Tekstil Sanayi M\u00fczesi Fuar Alan\u0131\u2019nda a\u00e7\u0131lacak \u201cPablo Picasso: Yarat\u0131l\u0131\u015f Her \u015eeydir\u201d sergisi, d\u00fcnyaca \u00fcnl\u00fc ressam\u0131n grav\u00fcr, \u00e7izim, poster, litografi ve foto\u011fraflar\u0131ndan olu\u015fan 50 orijinal eseri sanatseverlerle bulu\u015fturacak. Lale Vakf\u0131 taraf\u0131ndan d\u00fczenlenen sergi, Picasso\u2019nun sanatsal d\u00f6n\u00fc\u015f\u00fcm\u00fcn\u00fc ve ki\u015fisel ili\u015fkilerinin eserlerine etkisini g\u00f6zler \u00f6n\u00fcne serecek.<br \/>\nD\u0130J\u0130TAL SANATIN RENKL\u0130 D\u00dcNYASI<br \/>\nFestivalde geleneksel sanatlar\u0131n yan\u0131 s\u0131ra dijital sergiler de \u00f6ne \u00e7\u0131k\u0131yor. \u201cK\u00f6klere Yolculuk\u201d Dijital Sanat Sergisi, Osman Hamdi Bey ve Abidin Dino gibi T\u00fcrk resminin ustalar\u0131n\u0131n eserlerini dijital ara\u00e7larla yeniden yorumlayarak izleyicilere etkileyici bir deneyim sunacak. \u201cEskizden Piksele\u201d sergisi ise yeni medya sanat\u00e7\u0131lar\u0131n\u0131n dijital sanat, kinetik sanat ve biyo-sanat gibi disiplinlerdeki eserlerini bir araya getirecek.<br \/>\nZEK\u0130 M\u00dcREN\u2019E \u00d6ZEL ANMA<br \/>\nBursa Kent M\u00fczesi, \u201cSanat G\u00fcne\u015fi\u201d Zeki M\u00fcren\u2019i memleketinde \u00f6zel bir sergiyle anacak. T\u00fcrk E\u011fitim Vakf\u0131 ve Mehmet\u00e7ik Vakf\u0131 koleksiyonlar\u0131ndan sahne k\u0131yafetleri, ki\u015fisel e\u015fyalar, besteler ve mektuplar, sanat\u00e7\u0131n\u0131n hayat\u0131na \u0131\u015f\u0131k tutacak.<\/p>\n<p>Devlet G\u00fczel Sanatlar Galerisi\u2019nde a\u00e7\u0131lacak \u201cNuri Pakdil ve Kud\u00fcs\u201d sergisi, merhum Nuri Pakdil\u2019in edebi ve fikri miras\u0131n\u0131 Kud\u00fcs\u2019\u00fcn \u0130slam medeniyetindeki derin anlam\u0131yla bulu\u015fturacak. Filistin halk\u0131n\u0131n direni\u015fini sanat\u0131n evrensel diliyle anlatan sergi, festivalin anlaml\u0131 etkinliklerinden biri olacak.<br \/>\nM\u00dcZ\u0130K VE SAHNE SANATLARI BURSA\u2019YI CO\u015eTURACAK<br \/>\nEbru Ya\u015far, Buray, Merve \u00d6zbey, Ferhat G\u00f6\u00e7er, Haluk Levent, Sefo ve Tu\u011f\u00e7e Kandemir gibi \u00fcnl\u00fc sanat\u00e7\u0131lar, Fatih Sultan Mehmet Bulvar\u0131 Hastane Alan\u0131\u2019nda kurulacak sahnede konserler verecek. Bursa B\u00f6lge Devlet Senfoni Orkestras\u0131\u2019n\u0131n \u201cT\u00fcrk Dizi M\u00fczikleri\u201d ve Bursa Devlet Klasik T\u00fcrk M\u00fczi\u011fi Korosu\u2019nun \u201cZeki M\u00fcren Besteleri\u201d konserleri m\u00fczikseverlere unutulmaz anlar ya\u015fatacak. Ayr\u0131ca, mehter konserleri, k\u0131l\u0131\u00e7 kalkan g\u00f6sterileri ve G\u00fcrcistan Devlet Halk Danslar\u0131 Toplulu\u011fu\u2019nun performanslar\u0131 festivali renklendirecek.<\/p>\n<p>\u00c7OCUKLAR VE GEN\u00c7LER \u0130\u00c7\u0130N \u00d6ZEL ETK\u0130NL\u0130KLER<br \/>\nH\u00fcdavendigar Kent Park\u0131\u2019nda kurulacak \u00c7ocuk K\u00f6y\u00fc, at\u00f6lyeler, tiyatrolar ve tematik oyun alanlar\u0131yla minikleri a\u011f\u0131rlayacak. \u201cKral \u015eakir\u201d \u00e7izgi film karakterlerinin sahne g\u00f6sterileri, \u201cG\u00f6ky\u00fcz\u00fc G\u00f6zlem\u201d etkinlikleri ve \u201cDublaj Kutusu\u201d gibi aktiviteler \u00e7ocuklara e\u011flenceli bir festival deneyimi sunacak. Gen\u00e7ler ise \u201cSen de \u00c7al\u201d ve \u201cSen de S\u00f6yle\u201d projeleriyle yeteneklerini sergileyebilecek.<br \/>\nGELENEKSEL SANATLAR VE AT\u00d6LYELER<br \/>\nFestival, ok\u00e7uluk, ebru, \u00e7ini, ke\u00e7e ve minyat\u00fcr gibi geleneksel sanatlar\u0131 at\u00f6lyelerle canland\u0131racak. Merinos Atat\u00fcrk Kongre ve K\u00fclt\u00fcr Merkezi\u2019nde d\u00fczenlenecek at\u00f6lyeler, kat\u0131l\u0131mc\u0131lar\u0131 k\u00fclt\u00fcrel mirasla bulu\u015fturacak. Devlet Tiyatrolar\u0131 ve Devlet Opera ve Balesi\u2019nin sevilen eserleri de Bursal\u0131larla bulu\u015facak.<\/p>\n<p>BURSA\u2019NIN LEZZETLER\u0130 SAHNE ALIYOR<br \/>\nBursa\u2019n\u0131n unutulmaya y\u00fcz tutmu\u015f yemekleri, \u015eef Ramazan Bing\u00f6l liderli\u011finde G\u00fczide Mertcan, \u0130dil A\u00e7\u0131kal\u0131n ve Elif Melek Avc\u0131 gibi \u00fcnl\u00fc \u015feflerin haz\u0131rlad\u0131\u011f\u0131 men\u00fclerle 11 \u201cLezzet Noktas\u0131\u201d restoran\u0131nda misafirlerle bulu\u015facak. Co\u011frafi i\u015faretli \u00fcr\u00fcnler ve geleneksel tatlar, yerli ve yabanc\u0131 turistlerin be\u011fenisine sunulacak.<\/p>\n<p>Korupark AVM\u2019de \u201cSen de \u00c7al\u201d piyanolar\u0131, Cumhuriyet Meydan\u0131 ve Zafer Plaza\u2019daki \u201cSokak Sahne\u201d etkinlikleri ve Merinos\u2019taki \u201cArtmeydan\u201d ile sanat sokaklara ta\u015facak. Ok\u00e7uluk Deneyim Alan\u0131 ise ziyaret\u00e7ilere geleneksel T\u00fcrk ok\u00e7ulu\u011funu deneyimleme f\u0131rsat\u0131 verecek.<\/p>\n<p>\u200bT.C. K\u00fclt\u00fcr ve Turizm Bakanl\u0131\u011f\u0131\u2019n\u0131n d\u00fczenledi\u011fi T\u00fcrkiye K\u00fclt\u00fcr Yolu Festivali\u2019nin be\u015finci dura\u011f\u0131 Bursa\u2019da, 9 g\u00fcn boyunca 71 noktada yakla\u015f\u0131k 600 etkinlikle \u015fehrin k\u00fclt\u00fcrel zenginlikleri sanatseverlerle bulu\u015facak. T\u00fcrkiye K\u00fclt\u00fcr Yolu Festivali, Bursa\u2019n\u0131n k\u00fclt\u00fcrel zenginliklerini sanat\u0131n evrensel diliyle bulu\u015fturarak unutulmaz bir deneyim sunmaya haz\u0131rlan\u0131yor.BURSA (\u0130GFA) &#8211; T\u00fcrkiye K\u00fclt\u00fcr Yolu Festivali, T.C. K\u00fclt\u00fcr ve Turizm Bakanl\u0131\u011f\u0131 \u00f6nc\u00fcl\u00fc\u011f\u00fcnde Bursa\u2019da sanat ve k\u00fclt\u00fcrle dolu bir yolculu\u011fa \u00e7\u0131k\u0131yor. 9 g\u00fcn s\u00fcrecek festival, 71 farkl\u0131 noktada yakla\u015f\u0131k 600 etkinlikle Bursa\u2019n\u0131n tarihi ve k\u00fclt\u00fcrel miras\u0131n\u0131 uluslararas\u0131 sanat platformlar\u0131yla bulu\u015ftururken, \u015fehrin marka de\u011ferini y\u00fckseltmeyi hedefliyor.<br \/>\nP\u0130CASSO BURSA\u2019DA: \u201cYARATILI\u015e HER \u015eEYD\u0130R\u201d<\/p>\n<p>Merinos Atat\u00fcrk Kongre ve K\u00fclt\u00fcr Merkezi Tekstil Sanayi M\u00fczesi Fuar Alan\u0131\u2019nda a\u00e7\u0131lacak \u201cPablo Picasso: Yarat\u0131l\u0131\u015f Her \u015eeydir\u201d sergisi, d\u00fcnyaca \u00fcnl\u00fc ressam\u0131n grav\u00fcr, \u00e7izim, poster, litografi ve foto\u011fraflar\u0131ndan olu\u015fan 50 orijinal eseri sanatseverlerle bulu\u015fturacak. Lale Vakf\u0131 taraf\u0131ndan d\u00fczenlenen sergi, Picasso\u2019nun sanatsal d\u00f6n\u00fc\u015f\u00fcm\u00fcn\u00fc ve ki\u015fisel ili\u015fkilerinin eserlerine etkisini g\u00f6zler \u00f6n\u00fcne serecek.<br \/>\nD\u0130J\u0130TAL SANATIN RENKL\u0130 D\u00dcNYASI<br \/>\nFestivalde geleneksel sanatlar\u0131n yan\u0131 s\u0131ra dijital sergiler de \u00f6ne \u00e7\u0131k\u0131yor. \u201cK\u00f6klere Yolculuk\u201d Dijital Sanat Sergisi, Osman Hamdi Bey ve Abidin Dino gibi T\u00fcrk resminin ustalar\u0131n\u0131n eserlerini dijital ara\u00e7larla yeniden yorumlayarak izleyicilere etkileyici bir deneyim sunacak. \u201cEskizden Piksele\u201d sergisi ise yeni medya sanat\u00e7\u0131lar\u0131n\u0131n dijital sanat, kinetik sanat ve biyo-sanat gibi disiplinlerdeki eserlerini bir araya getirecek.<br \/>\nZEK\u0130 M\u00dcREN\u2019E \u00d6ZEL ANMA<br \/>\nBursa Kent M\u00fczesi, \u201cSanat G\u00fcne\u015fi\u201d Zeki M\u00fcren\u2019i memleketinde \u00f6zel bir sergiyle anacak. T\u00fcrk E\u011fitim Vakf\u0131 ve Mehmet\u00e7ik Vakf\u0131 koleksiyonlar\u0131ndan sahne k\u0131yafetleri, ki\u015fisel e\u015fyalar, besteler ve mektuplar, sanat\u00e7\u0131n\u0131n hayat\u0131na \u0131\u015f\u0131k tutacak.<\/p>\n<p>Devlet G\u00fczel Sanatlar Galerisi\u2019nde a\u00e7\u0131lacak \u201cNuri Pakdil ve Kud\u00fcs\u201d sergisi, merhum Nuri Pakdil\u2019in edebi ve fikri miras\u0131n\u0131 Kud\u00fcs\u2019\u00fcn \u0130slam medeniyetindeki derin anlam\u0131yla bulu\u015fturacak. Filistin halk\u0131n\u0131n direni\u015fini sanat\u0131n evrensel diliyle anlatan sergi, festivalin anlaml\u0131 etkinliklerinden biri olacak.<br \/>\nM\u00dcZ\u0130K VE SAHNE SANATLARI BURSA\u2019YI CO\u015eTURACAK<br \/>\nEbru Ya\u015far, Buray, Merve \u00d6zbey, Ferhat G\u00f6\u00e7er, Haluk Levent, Sefo ve Tu\u011f\u00e7e Kandemir gibi \u00fcnl\u00fc sanat\u00e7\u0131lar, Fatih Sultan Mehmet Bulvar\u0131 Hastane Alan\u0131\u2019nda kurulacak sahnede konserler verecek. Bursa B\u00f6lge Devlet Senfoni Orkestras\u0131\u2019n\u0131n \u201cT\u00fcrk Dizi M\u00fczikleri\u201d ve Bursa Devlet Klasik T\u00fcrk M\u00fczi\u011fi Korosu\u2019nun \u201cZeki M\u00fcren Besteleri\u201d konserleri m\u00fczikseverlere unutulmaz anlar ya\u015fatacak. Ayr\u0131ca, mehter konserleri, k\u0131l\u0131\u00e7 kalkan g\u00f6sterileri ve G\u00fcrcistan Devlet Halk Danslar\u0131 Toplulu\u011fu\u2019nun performanslar\u0131 festivali renklendirecek.<\/p>\n<p>\u00c7OCUKLAR VE GEN\u00c7LER \u0130\u00c7\u0130N \u00d6ZEL ETK\u0130NL\u0130KLER<br \/>\nH\u00fcdavendigar Kent Park\u0131\u2019nda kurulacak \u00c7ocuk K\u00f6y\u00fc, at\u00f6lyeler, tiyatrolar ve tematik oyun alanlar\u0131yla minikleri a\u011f\u0131rlayacak. \u201cKral \u015eakir\u201d \u00e7izgi film karakterlerinin sahne g\u00f6sterileri, \u201cG\u00f6ky\u00fcz\u00fc G\u00f6zlem\u201d etkinlikleri ve \u201cDublaj Kutusu\u201d gibi aktiviteler \u00e7ocuklara e\u011flenceli bir festival deneyimi sunacak. Gen\u00e7ler ise \u201cSen de \u00c7al\u201d ve \u201cSen de S\u00f6yle\u201d projeleriyle yeteneklerini sergileyebilecek.<br \/>\nGELENEKSEL SANATLAR VE AT\u00d6LYELER<br \/>\nFestival, ok\u00e7uluk, ebru, \u00e7ini, ke\u00e7e ve minyat\u00fcr gibi geleneksel sanatlar\u0131 at\u00f6lyelerle canland\u0131racak. Merinos Atat\u00fcrk Kongre ve K\u00fclt\u00fcr Merkezi\u2019nde d\u00fczenlenecek at\u00f6lyeler, kat\u0131l\u0131mc\u0131lar\u0131 k\u00fclt\u00fcrel mirasla bulu\u015fturacak. Devlet Tiyatrolar\u0131 ve Devlet Opera ve Balesi\u2019nin sevilen eserleri de Bursal\u0131larla bulu\u015facak.<\/p>\n<p>BURSA\u2019NIN LEZZETLER\u0130 SAHNE ALIYOR<br \/>\nBursa\u2019n\u0131n unutulmaya y\u00fcz tutmu\u015f yemekleri, \u015eef Ramazan Bing\u00f6l liderli\u011finde G\u00fczide Mertcan, \u0130dil A\u00e7\u0131kal\u0131n ve Elif Melek Avc\u0131 gibi \u00fcnl\u00fc \u015feflerin haz\u0131rlad\u0131\u011f\u0131 men\u00fclerle 11 \u201cLezzet Noktas\u0131\u201d restoran\u0131nda misafirlerle bulu\u015facak. Co\u011frafi i\u015faretli \u00fcr\u00fcnler ve geleneksel tatlar, yerli ve yabanc\u0131 turistlerin be\u011fenisine sunulacak.<\/p>\n<p>Korupark AVM\u2019de \u201cSen de \u00c7al\u201d piyanolar\u0131, Cumhuriyet Meydan\u0131 ve Zafer Plaza\u2019daki \u201cSokak Sahne\u201d etkinlikleri ve Merinos\u2019taki \u201cArtmeydan\u201d ile sanat sokaklara ta\u015facak. Ok\u00e7uluk Deneyim Alan\u0131 ise ziyaret\u00e7ilere geleneksel T\u00fcrk ok\u00e7ulu\u011funu deneyimleme f\u0131rsat\u0131 verecek.\u00a0<\/p>\n<p>\u200bHaberin Al\u0131nt\u0131land\u0131\u011f\u0131 Kaynak: www.iskenderun.org<\/p>","protected":false},"excerpt":{"rendered":"<p>T.C. K\u00fclt\u00fcr ve Turizm Bakanl\u0131\u011f\u0131\u2019n\u0131n d\u00fczenledi\u011fi T\u00fcrkiye K\u00fclt\u00fcr Yolu Festivali\u2019nin be\u015finci dura\u011f\u0131 Bursa\u2019da, 9 g\u00fcn boyunca 71 noktada yakla\u015f\u0131k 600 etkinlikle \u015fehrin k\u00fclt\u00fcrel zenginlikleri sanatseverlerle bulu\u015facak. T\u00fcrkiye K\u00fclt\u00fcr Yolu Festivali, Bursa\u2019n\u0131n k\u00fclt\u00fcrel zenginliklerini sanat\u0131n evrensel diliyle bulu\u015fturarak unutulmaz bir deneyim sunmaya haz\u0131rlan\u0131yor.BURSA (\u0130GFA) &#8211; T\u00fcrkiye K\u00fclt\u00fcr Yolu Festivali, T.C. K\u00fclt\u00fcr ve Turizm Bakanl\u0131\u011f\u0131 \u00f6nc\u00fcl\u00fc\u011f\u00fcnde Bursa\u2019da sanat ve k\u00fclt\u00fcrle dolu bir yolculu\u011fa \u00e7\u0131k\u0131yor. 9 g\u00fcn s\u00fcrecek festival, 71 farkl\u0131 noktada yakla\u015f\u0131k 600 etkinlikle Bursa\u2019n\u0131n tarihi ve k\u00fclt\u00fcrel miras\u0131n\u0131 uluslararas\u0131 sanat platformlar\u0131yla bulu\u015ftururken, \u015fehrin marka de\u011ferini y\u00fckseltmeyi hedefliyor. P\u0130CASSO BURSA\u2019DA: \u201cYARATILI\u015e HER \u015eEYD\u0130R\u201d Merinos Atat\u00fcrk Kongre ve K\u00fclt\u00fcr Merkezi Tekstil Sanayi M\u00fczesi Fuar Alan\u0131\u2019nda a\u00e7\u0131lacak \u201cPablo Picasso: Yarat\u0131l\u0131\u015f Her \u015eeydir\u201d sergisi, d\u00fcnyaca \u00fcnl\u00fc ressam\u0131n grav\u00fcr, \u00e7izim, poster, litografi ve foto\u011fraflar\u0131ndan olu\u015fan 50 orijinal eseri sanatseverlerle bulu\u015fturacak. Lale Vakf\u0131 taraf\u0131ndan d\u00fczenlenen sergi, Picasso\u2019nun sanatsal d\u00f6n\u00fc\u015f\u00fcm\u00fcn\u00fc ve ki\u015fisel ili\u015fkilerinin eserlerine etkisini g\u00f6zler \u00f6n\u00fcne serecek. D\u0130J\u0130TAL SANATIN RENKL\u0130 D\u00dcNYASI Festivalde geleneksel sanatlar\u0131n yan\u0131 s\u0131ra dijital sergiler de \u00f6ne \u00e7\u0131k\u0131yor. \u201cK\u00f6klere Yolculuk\u201d Dijital Sanat Sergisi, Osman Hamdi Bey ve Abidin Dino gibi T\u00fcrk resminin ustalar\u0131n\u0131n eserlerini dijital ara\u00e7larla yeniden yorumlayarak izleyicilere etkileyici bir deneyim sunacak. \u201cEskizden Piksele\u201d sergisi ise yeni medya sanat\u00e7\u0131lar\u0131n\u0131n dijital sanat, kinetik sanat ve biyo-sanat gibi disiplinlerdeki eserlerini bir araya getirecek. ZEK\u0130 M\u00dcREN\u2019E &hellip;<\/p>","protected":false},"author":1,"featured_media":0,"comment_status":"","ping_status":"open","sticky":false,"template":"","format":"standard","meta":{"_acf_changed":false,"footnotes":""},"categories":[24],"tags":[],"class_list":["post-126177","post","type-post","status-publish","format-standard","has-post-thumbnail","hentry","category-gundem"],"acf":[],"yoast_head":"<!-- This site is optimized with the Yoast SEO Premium plugin v26.6 (Yoast SEO v27.1.1) - https:\/\/yoast.com\/product\/yoast-seo-premium-wordpress\/ -->\n<title>Bursa&#039;da sanat ve lezzet \u015f\u00f6leni ba\u015fl\u0131yor - Av. Deniz Can K\u0131z\u0131l<\/title>\n<meta name=\"robots\" content=\"index, follow, max-snippet:-1, max-image-preview:large, max-video-preview:-1\" \/>\n<link rel=\"canonical\" href=\"https:\/\/denizcankizil.tr\/de\/haberler\/gundem\/bursada-sanat-ve-lezzet-soleni-basliyor\/\" \/>\n<meta property=\"og:locale\" content=\"de_DE\" \/>\n<meta property=\"og:type\" content=\"article\" \/>\n<meta property=\"og:title\" content=\"Bursa&#039;da sanat ve lezzet \u015f\u00f6leni ba\u015fl\u0131yor\" \/>\n<meta property=\"og:description\" content=\"T.C. K\u00fclt\u00fcr ve Turizm Bakanl\u0131\u011f\u0131\u2019n\u0131n d\u00fczenledi\u011fi T\u00fcrkiye K\u00fclt\u00fcr Yolu Festivali\u2019nin be\u015finci dura\u011f\u0131 Bursa\u2019da, 9 g\u00fcn boyunca 71 noktada yakla\u015f\u0131k 600 etkinlikle \u015fehrin k\u00fclt\u00fcrel zenginlikleri sanatseverlerle bulu\u015facak. T\u00fcrkiye K\u00fclt\u00fcr Yolu Festivali, Bursa\u2019n\u0131n k\u00fclt\u00fcrel zenginliklerini sanat\u0131n evrensel diliyle bulu\u015fturarak unutulmaz bir deneyim sunmaya haz\u0131rlan\u0131yor.BURSA (\u0130GFA) &#8211; T\u00fcrkiye K\u00fclt\u00fcr Yolu Festivali, T.C. K\u00fclt\u00fcr ve Turizm Bakanl\u0131\u011f\u0131 \u00f6nc\u00fcl\u00fc\u011f\u00fcnde Bursa\u2019da sanat ve k\u00fclt\u00fcrle dolu bir yolculu\u011fa \u00e7\u0131k\u0131yor. 9 g\u00fcn s\u00fcrecek festival, 71 farkl\u0131 noktada yakla\u015f\u0131k 600 etkinlikle Bursa\u2019n\u0131n tarihi ve k\u00fclt\u00fcrel miras\u0131n\u0131 uluslararas\u0131 sanat platformlar\u0131yla bulu\u015ftururken, \u015fehrin marka de\u011ferini y\u00fckseltmeyi hedefliyor. P\u0130CASSO BURSA\u2019DA: \u201cYARATILI\u015e HER \u015eEYD\u0130R\u201d Merinos Atat\u00fcrk Kongre ve K\u00fclt\u00fcr Merkezi Tekstil Sanayi M\u00fczesi Fuar Alan\u0131\u2019nda a\u00e7\u0131lacak \u201cPablo Picasso: Yarat\u0131l\u0131\u015f Her \u015eeydir\u201d sergisi, d\u00fcnyaca \u00fcnl\u00fc ressam\u0131n grav\u00fcr, \u00e7izim, poster, litografi ve foto\u011fraflar\u0131ndan olu\u015fan 50 orijinal eseri sanatseverlerle bulu\u015fturacak. Lale Vakf\u0131 taraf\u0131ndan d\u00fczenlenen sergi, Picasso\u2019nun sanatsal d\u00f6n\u00fc\u015f\u00fcm\u00fcn\u00fc ve ki\u015fisel ili\u015fkilerinin eserlerine etkisini g\u00f6zler \u00f6n\u00fcne serecek. D\u0130J\u0130TAL SANATIN RENKL\u0130 D\u00dcNYASI Festivalde geleneksel sanatlar\u0131n yan\u0131 s\u0131ra dijital sergiler de \u00f6ne \u00e7\u0131k\u0131yor. \u201cK\u00f6klere Yolculuk\u201d Dijital Sanat Sergisi, Osman Hamdi Bey ve Abidin Dino gibi T\u00fcrk resminin ustalar\u0131n\u0131n eserlerini dijital ara\u00e7larla yeniden yorumlayarak izleyicilere etkileyici bir deneyim sunacak. \u201cEskizden Piksele\u201d sergisi ise yeni medya sanat\u00e7\u0131lar\u0131n\u0131n dijital sanat, kinetik sanat ve biyo-sanat gibi disiplinlerdeki eserlerini bir araya getirecek. ZEK\u0130 M\u00dcREN\u2019E &hellip;\" \/>\n<meta property=\"og:url\" content=\"https:\/\/denizcankizil.tr\/de\/haberler\/gundem\/bursada-sanat-ve-lezzet-soleni-basliyor\/\" \/>\n<meta property=\"og:site_name\" content=\"Av. Deniz Can K\u0131z\u0131l\" \/>\n<meta property=\"article:published_time\" content=\"2025-06-25T10:42:37+00:00\" \/>\n<meta name=\"author\" content=\"admin\" \/>\n<meta name=\"twitter:card\" content=\"summary_large_image\" \/>\n<meta name=\"twitter:label1\" content=\"Verfasst von\" \/>\n\t<meta name=\"twitter:data1\" content=\"admin\" \/>\n\t<meta name=\"twitter:label2\" content=\"Gesch\u00e4tzte Lesezeit\" \/>\n\t<meta name=\"twitter:data2\" content=\"7\u00a0Minuten\" \/>\n<script type=\"application\/ld+json\" class=\"yoast-schema-graph\">{\"@context\":\"https:\/\/schema.org\",\"@graph\":[{\"@type\":\"Article\",\"@id\":\"https:\/\/denizcankizil.tr\/de\/haberler\/gundem\/bursada-sanat-ve-lezzet-soleni-basliyor\/#article\",\"isPartOf\":{\"@id\":\"https:\/\/denizcankizil.tr\/de\/haberler\/gundem\/bursada-sanat-ve-lezzet-soleni-basliyor\/\"},\"author\":{\"name\":\"admin\",\"@id\":\"https:\/\/denizcankizil.tr\/#\/schema\/person\/be3c05fe6a12686905512445d8185489\"},\"headline\":\"Bursa&#8217;da sanat ve lezzet \u015f\u00f6leni ba\u015fl\u0131yor\",\"datePublished\":\"2025-06-25T10:42:37+00:00\",\"mainEntityOfPage\":{\"@id\":\"https:\/\/denizcankizil.tr\/de\/haberler\/gundem\/bursada-sanat-ve-lezzet-soleni-basliyor\/\"},\"wordCount\":1451,\"publisher\":{\"@id\":\"https:\/\/denizcankizil.tr\/#organization\"},\"articleSection\":[\"G\u00fcndem\"],\"inLanguage\":\"de\"},{\"@type\":\"WebPage\",\"@id\":\"https:\/\/denizcankizil.tr\/de\/haberler\/gundem\/bursada-sanat-ve-lezzet-soleni-basliyor\/\",\"url\":\"https:\/\/denizcankizil.tr\/de\/haberler\/gundem\/bursada-sanat-ve-lezzet-soleni-basliyor\/\",\"name\":\"Bursa'da sanat ve lezzet \u015f\u00f6leni ba\u015fl\u0131yor - Av. Deniz Can K\u0131z\u0131l\",\"isPartOf\":{\"@id\":\"https:\/\/denizcankizil.tr\/#website\"},\"datePublished\":\"2025-06-25T10:42:37+00:00\",\"breadcrumb\":{\"@id\":\"https:\/\/denizcankizil.tr\/de\/haberler\/gundem\/bursada-sanat-ve-lezzet-soleni-basliyor\/#breadcrumb\"},\"inLanguage\":\"de\",\"potentialAction\":[{\"@type\":\"ReadAction\",\"target\":[\"https:\/\/denizcankizil.tr\/de\/haberler\/gundem\/bursada-sanat-ve-lezzet-soleni-basliyor\/\"]}]},{\"@type\":\"BreadcrumbList\",\"@id\":\"https:\/\/denizcankizil.tr\/de\/haberler\/gundem\/bursada-sanat-ve-lezzet-soleni-basliyor\/#breadcrumb\",\"itemListElement\":[{\"@type\":\"ListItem\",\"position\":1,\"name\":\"Home\",\"item\":\"https:\/\/denizcankizil.tr\/de\/\"},{\"@type\":\"ListItem\",\"position\":2,\"name\":\"Bursa&#8217;da sanat ve lezzet \u015f\u00f6leni ba\u015fl\u0131yor\"}]},{\"@type\":\"WebSite\",\"@id\":\"https:\/\/denizcankizil.tr\/#website\",\"url\":\"https:\/\/denizcankizil.tr\/\",\"name\":\"Av. Deniz Can K\u0131z\u0131l\",\"description\":\"Avukat Deniz Can K\u0131z\u0131l Antalya Barosu\",\"publisher\":{\"@id\":\"https:\/\/denizcankizil.tr\/#organization\"},\"potentialAction\":[{\"@type\":\"SearchAction\",\"target\":{\"@type\":\"EntryPoint\",\"urlTemplate\":\"https:\/\/denizcankizil.tr\/?s={search_term_string}\"},\"query-input\":{\"@type\":\"PropertyValueSpecification\",\"valueRequired\":true,\"valueName\":\"search_term_string\"}}],\"inLanguage\":\"de\"},{\"@type\":\"Organization\",\"@id\":\"https:\/\/denizcankizil.tr\/#organization\",\"name\":\"Av. Deniz Can K\u0131z\u0131l\",\"url\":\"https:\/\/denizcankizil.tr\/\",\"logo\":{\"@type\":\"ImageObject\",\"inLanguage\":\"de\",\"@id\":\"https:\/\/denizcankizil.tr\/#\/schema\/logo\/image\/\",\"url\":\"https:\/\/denizcankizil.tr\/wp-content\/uploads\/2024\/10\/siyah-logo-svg.svg\",\"contentUrl\":\"https:\/\/denizcankizil.tr\/wp-content\/uploads\/2024\/10\/siyah-logo-svg.svg\",\"width\":1080,\"height\":1080,\"caption\":\"Av. Deniz Can K\u0131z\u0131l\"},\"image\":{\"@id\":\"https:\/\/denizcankizil.tr\/#\/schema\/logo\/image\/\"}},{\"@type\":\"Person\",\"@id\":\"https:\/\/denizcankizil.tr\/#\/schema\/person\/be3c05fe6a12686905512445d8185489\",\"name\":\"admin\",\"image\":{\"@type\":\"ImageObject\",\"inLanguage\":\"de\",\"@id\":\"https:\/\/denizcankizil.tr\/#\/schema\/person\/image\/\",\"url\":\"https:\/\/secure.gravatar.com\/avatar\/c1fce94c830dc79107e174f890d7210541c4a63e8e5d816341794a2151c9d58c?s=96&d=mm&r=g\",\"contentUrl\":\"https:\/\/secure.gravatar.com\/avatar\/c1fce94c830dc79107e174f890d7210541c4a63e8e5d816341794a2151c9d58c?s=96&d=mm&r=g\",\"caption\":\"admin\"},\"sameAs\":[\"http:\/\/denizcankizil.tr\"],\"url\":\"https:\/\/www.iskenderun.org\/bursada-sanat-ve-lezzet-soleni-basliyor\"}]}<\/script>\n<!-- \/ Yoast SEO Premium plugin. -->","yoast_head_json":{"title":"Bursa'da sanat ve lezzet \u015f\u00f6leni ba\u015fl\u0131yor - Av. Deniz Can K\u0131z\u0131l","robots":{"index":"index","follow":"follow","max-snippet":"max-snippet:-1","max-image-preview":"max-image-preview:large","max-video-preview":"max-video-preview:-1"},"canonical":"https:\/\/denizcankizil.tr\/de\/haberler\/gundem\/bursada-sanat-ve-lezzet-soleni-basliyor\/","og_locale":"de_DE","og_type":"article","og_title":"Bursa'da sanat ve lezzet \u015f\u00f6leni ba\u015fl\u0131yor","og_description":"T.C. K\u00fclt\u00fcr ve Turizm Bakanl\u0131\u011f\u0131\u2019n\u0131n d\u00fczenledi\u011fi T\u00fcrkiye K\u00fclt\u00fcr Yolu Festivali\u2019nin be\u015finci dura\u011f\u0131 Bursa\u2019da, 9 g\u00fcn boyunca 71 noktada yakla\u015f\u0131k 600 etkinlikle \u015fehrin k\u00fclt\u00fcrel zenginlikleri sanatseverlerle bulu\u015facak. T\u00fcrkiye K\u00fclt\u00fcr Yolu Festivali, Bursa\u2019n\u0131n k\u00fclt\u00fcrel zenginliklerini sanat\u0131n evrensel diliyle bulu\u015fturarak unutulmaz bir deneyim sunmaya haz\u0131rlan\u0131yor.BURSA (\u0130GFA) &#8211; T\u00fcrkiye K\u00fclt\u00fcr Yolu Festivali, T.C. K\u00fclt\u00fcr ve Turizm Bakanl\u0131\u011f\u0131 \u00f6nc\u00fcl\u00fc\u011f\u00fcnde Bursa\u2019da sanat ve k\u00fclt\u00fcrle dolu bir yolculu\u011fa \u00e7\u0131k\u0131yor. 9 g\u00fcn s\u00fcrecek festival, 71 farkl\u0131 noktada yakla\u015f\u0131k 600 etkinlikle Bursa\u2019n\u0131n tarihi ve k\u00fclt\u00fcrel miras\u0131n\u0131 uluslararas\u0131 sanat platformlar\u0131yla bulu\u015ftururken, \u015fehrin marka de\u011ferini y\u00fckseltmeyi hedefliyor. P\u0130CASSO BURSA\u2019DA: \u201cYARATILI\u015e HER \u015eEYD\u0130R\u201d Merinos Atat\u00fcrk Kongre ve K\u00fclt\u00fcr Merkezi Tekstil Sanayi M\u00fczesi Fuar Alan\u0131\u2019nda a\u00e7\u0131lacak \u201cPablo Picasso: Yarat\u0131l\u0131\u015f Her \u015eeydir\u201d sergisi, d\u00fcnyaca \u00fcnl\u00fc ressam\u0131n grav\u00fcr, \u00e7izim, poster, litografi ve foto\u011fraflar\u0131ndan olu\u015fan 50 orijinal eseri sanatseverlerle bulu\u015fturacak. Lale Vakf\u0131 taraf\u0131ndan d\u00fczenlenen sergi, Picasso\u2019nun sanatsal d\u00f6n\u00fc\u015f\u00fcm\u00fcn\u00fc ve ki\u015fisel ili\u015fkilerinin eserlerine etkisini g\u00f6zler \u00f6n\u00fcne serecek. D\u0130J\u0130TAL SANATIN RENKL\u0130 D\u00dcNYASI Festivalde geleneksel sanatlar\u0131n yan\u0131 s\u0131ra dijital sergiler de \u00f6ne \u00e7\u0131k\u0131yor. \u201cK\u00f6klere Yolculuk\u201d Dijital Sanat Sergisi, Osman Hamdi Bey ve Abidin Dino gibi T\u00fcrk resminin ustalar\u0131n\u0131n eserlerini dijital ara\u00e7larla yeniden yorumlayarak izleyicilere etkileyici bir deneyim sunacak. \u201cEskizden Piksele\u201d sergisi ise yeni medya sanat\u00e7\u0131lar\u0131n\u0131n dijital sanat, kinetik sanat ve biyo-sanat gibi disiplinlerdeki eserlerini bir araya getirecek. ZEK\u0130 M\u00dcREN\u2019E &hellip;","og_url":"https:\/\/denizcankizil.tr\/de\/haberler\/gundem\/bursada-sanat-ve-lezzet-soleni-basliyor\/","og_site_name":"Av. Deniz Can K\u0131z\u0131l","article_published_time":"2025-06-25T10:42:37+00:00","author":"admin","twitter_card":"summary_large_image","twitter_misc":{"Verfasst von":"admin","Gesch\u00e4tzte Lesezeit":"7\u00a0Minuten"},"schema":{"@context":"https:\/\/schema.org","@graph":[{"@type":"Article","@id":"https:\/\/denizcankizil.tr\/de\/haberler\/gundem\/bursada-sanat-ve-lezzet-soleni-basliyor\/#article","isPartOf":{"@id":"https:\/\/denizcankizil.tr\/de\/haberler\/gundem\/bursada-sanat-ve-lezzet-soleni-basliyor\/"},"author":{"name":"admin","@id":"https:\/\/denizcankizil.tr\/#\/schema\/person\/be3c05fe6a12686905512445d8185489"},"headline":"Bursa&#8217;da sanat ve lezzet \u015f\u00f6leni ba\u015fl\u0131yor","datePublished":"2025-06-25T10:42:37+00:00","mainEntityOfPage":{"@id":"https:\/\/denizcankizil.tr\/de\/haberler\/gundem\/bursada-sanat-ve-lezzet-soleni-basliyor\/"},"wordCount":1451,"publisher":{"@id":"https:\/\/denizcankizil.tr\/#organization"},"articleSection":["G\u00fcndem"],"inLanguage":"de"},{"@type":"WebPage","@id":"https:\/\/denizcankizil.tr\/de\/haberler\/gundem\/bursada-sanat-ve-lezzet-soleni-basliyor\/","url":"https:\/\/denizcankizil.tr\/de\/haberler\/gundem\/bursada-sanat-ve-lezzet-soleni-basliyor\/","name":"Bursa'da sanat ve lezzet \u015f\u00f6leni ba\u015fl\u0131yor - Av. Deniz Can K\u0131z\u0131l","isPartOf":{"@id":"https:\/\/denizcankizil.tr\/#website"},"datePublished":"2025-06-25T10:42:37+00:00","breadcrumb":{"@id":"https:\/\/denizcankizil.tr\/de\/haberler\/gundem\/bursada-sanat-ve-lezzet-soleni-basliyor\/#breadcrumb"},"inLanguage":"de","potentialAction":[{"@type":"ReadAction","target":["https:\/\/denizcankizil.tr\/de\/haberler\/gundem\/bursada-sanat-ve-lezzet-soleni-basliyor\/"]}]},{"@type":"BreadcrumbList","@id":"https:\/\/denizcankizil.tr\/de\/haberler\/gundem\/bursada-sanat-ve-lezzet-soleni-basliyor\/#breadcrumb","itemListElement":[{"@type":"ListItem","position":1,"name":"Home","item":"https:\/\/denizcankizil.tr\/de\/"},{"@type":"ListItem","position":2,"name":"Bursa&#8217;da sanat ve lezzet \u015f\u00f6leni ba\u015fl\u0131yor"}]},{"@type":"WebSite","@id":"https:\/\/denizcankizil.tr\/#website","url":"https:\/\/denizcankizil.tr\/","name":"Av. Deniz Can K\u0131z\u0131l","description":"Avukat Deniz Can K\u0131z\u0131l Antalya Barosu","publisher":{"@id":"https:\/\/denizcankizil.tr\/#organization"},"potentialAction":[{"@type":"SearchAction","target":{"@type":"EntryPoint","urlTemplate":"https:\/\/denizcankizil.tr\/?s={search_term_string}"},"query-input":{"@type":"PropertyValueSpecification","valueRequired":true,"valueName":"search_term_string"}}],"inLanguage":"de"},{"@type":"Organization","@id":"https:\/\/denizcankizil.tr\/#organization","name":"Av. Deniz Can K\u0131z\u0131l","url":"https:\/\/denizcankizil.tr\/","logo":{"@type":"ImageObject","inLanguage":"de","@id":"https:\/\/denizcankizil.tr\/#\/schema\/logo\/image\/","url":"https:\/\/denizcankizil.tr\/wp-content\/uploads\/2024\/10\/siyah-logo-svg.svg","contentUrl":"https:\/\/denizcankizil.tr\/wp-content\/uploads\/2024\/10\/siyah-logo-svg.svg","width":1080,"height":1080,"caption":"Av. Deniz Can K\u0131z\u0131l"},"image":{"@id":"https:\/\/denizcankizil.tr\/#\/schema\/logo\/image\/"}},{"@type":"Person","@id":"https:\/\/denizcankizil.tr\/#\/schema\/person\/be3c05fe6a12686905512445d8185489","name":"Administrator","image":{"@type":"ImageObject","inLanguage":"de","@id":"https:\/\/denizcankizil.tr\/#\/schema\/person\/image\/","url":"https:\/\/secure.gravatar.com\/avatar\/c1fce94c830dc79107e174f890d7210541c4a63e8e5d816341794a2151c9d58c?s=96&d=mm&r=g","contentUrl":"https:\/\/secure.gravatar.com\/avatar\/c1fce94c830dc79107e174f890d7210541c4a63e8e5d816341794a2151c9d58c?s=96&d=mm&r=g","caption":"admin"},"sameAs":["http:\/\/denizcankizil.tr"],"url":"https:\/\/www.iskenderun.org\/bursada-sanat-ve-lezzet-soleni-basliyor"}]}},"_links":{"self":[{"href":"https:\/\/denizcankizil.tr\/de\/wp-json\/wp\/v2\/posts\/126177","targetHints":{"allow":["GET"]}}],"collection":[{"href":"https:\/\/denizcankizil.tr\/de\/wp-json\/wp\/v2\/posts"}],"about":[{"href":"https:\/\/denizcankizil.tr\/de\/wp-json\/wp\/v2\/types\/post"}],"author":[{"embeddable":true,"href":"https:\/\/denizcankizil.tr\/de\/wp-json\/wp\/v2\/users\/1"}],"replies":[{"embeddable":true,"href":"https:\/\/denizcankizil.tr\/de\/wp-json\/wp\/v2\/comments?post=126177"}],"version-history":[{"count":0,"href":"https:\/\/denizcankizil.tr\/de\/wp-json\/wp\/v2\/posts\/126177\/revisions"}],"wp:attachment":[{"href":"https:\/\/denizcankizil.tr\/de\/wp-json\/wp\/v2\/media?parent=126177"}],"wp:term":[{"taxonomy":"category","embeddable":true,"href":"https:\/\/denizcankizil.tr\/de\/wp-json\/wp\/v2\/categories?post=126177"},{"taxonomy":"post_tag","embeddable":true,"href":"https:\/\/denizcankizil.tr\/de\/wp-json\/wp\/v2\/tags?post=126177"}],"curies":[{"name":"wp","href":"https:\/\/api.w.org\/{rel}","templated":true}]}}