{"id":126056,"date":"2025-06-25T11:42:22","date_gmt":"2025-06-25T08:42:22","guid":{"rendered":"https:\/\/denizcankizil.tr\/uncategorized-tr\/antalya-buyuksehir-sikayet-listesinde-zirvede-en-cok-sikayet-ulasimdan\/"},"modified":"2025-06-25T11:42:22","modified_gmt":"2025-06-25T08:42:22","slug":"antalya-buyuksehir-sikayet-listesinde-zirvede-en-cok-sikayet-ulasimdan","status":"publish","type":"post","link":"https:\/\/denizcankizil.tr\/de\/haberler\/gundem\/antalya-buyuksehir-sikayet-listesinde-zirvede-en-cok-sikayet-ulasimdan\/","title":{"rendered":"Antalya B\u00fcy\u00fck\u015fehir, \u015fikayet listesinde zirvede! En  \u00e7ok \u015fikayet ula\u015f\u0131mdan"},"content":{"rendered":"<p>&#8220;\u00c7\u00f6z\u00fcm i\u00e7in \u015eikayet Var&#8221; slogan\u0131yla hayata ge\u00e7irilen \u015eikayetvar.com, vatanda\u015flar\u0131n talep ve isteklerini yetkili mercilere iletmeye devam ediyor. Toplam \u00e7\u00f6z\u00fcm say\u0131s\u0131 3 milyon 817 bin 620&#8217;ye ula\u015fan platformda Trend 100 Listesi, markalar aras\u0131ndaki rekabete de sahne oldu. Artan ziyaret oranlar\u0131 ve pop\u00fclerlikleriyle bug\u00fcn trend olan markalar aras\u0131nda yap\u0131lan s\u0131ralamada Antalya B\u00fcy\u00fck\u015fehir Belediyesi, en \u00e7ok \u015fikayet alan Trend 100 listesinde 9. s\u0131rada yer ald\u0131.<\/p>\n<p>KAMU KURUMLARI ARASINDA Z\u0130YARET\u00c7\u0130 ARTI\u015eI REKORU<\/p>\n<p>Kamu y\u00f6netim birimleri aras\u0131nda bulunan Antalya B\u00fcy\u00fck\u015fehir Belediyesi, y\u00fczde 165 oran\u0131nda ziyaret art\u0131\u015f\u0131 ya\u015fad\u0131. \u00d6nceki s\u0131ralamalara oranla 41 de\u011fer kazanan belediye; su kesintisi, Antalya su kesintisi, otob\u00fcs ila\u00e7lama, b\u00f6cek ila\u00e7lama, ho\u015f geldin bebek ba\u015fta olmak \u00fczere bir\u00e7ok konu ba\u015fl\u0131\u011f\u0131nda toplam 3 bin 143 \u015fikayete konu oldu.<\/p>\n<p>ULA\u015eIM SORUNU G\u00dcNDEMDEK\u0130 YER\u0130N\u0130 KORUYOR<\/p>\n<p>Antalya B\u00fcy\u00fck\u015fehir Belediyesi, son d\u00f6nemde \u00f6zellikle ula\u015f\u0131m problemi ile g\u00fcndemdeki yerini korumaya devam ediyor. \u015eikayetler aras\u0131nda otob\u00fcs kategorisinde yolcular\u0131n s\u0131kl\u0131kla ya\u015fad\u0131\u011f\u0131 s\u0131k\u0131nt\u0131lar dile getirildi. Foto\u011fraflarla desteklenen \u015fikayet konular\u0131 aras\u0131nda vatanda\u015flar\u0131n \u00e7o\u011funlukla verilen hizmetlere bir y\u0131ld\u0131z verdi\u011fi g\u00f6zlendi. \u0130\u015fte Antalya B\u00fcy\u00fck\u015fehir Belediyesi&#8217;ne y\u00f6nelik \u015fikayetlerden baz\u0131lar\u0131 ve vatanda\u015flar\u0131n yorumlar\u0131:<\/p>\n<p>VATANDA\u015eLARDAN YO\u011eUN ULA\u015eIM VE H\u0130ZMET \u015e\u0130KAYETLER\u0130<\/p>\n<p>ALTINTA\u015e MAHALLES\u0130&#8217;NDE ULA\u015eIM VE TEM\u0130ZL\u0130K SORUNLARI: Bir vatanda\u015f, Antalya Aksu Alt\u0131nta\u015f Ba\u015fbu\u011f Alparslan T\u00fcrke\u015f Bulvar\u0131&#8217;nda yollar\u0131n \u00e7ok k\u00f6t\u00fc durumda oldu\u011funu, ula\u015f\u0131m olmad\u0131\u011f\u0131n\u0131 ve otob\u00fcs ge\u00e7medi\u011fini belirtti. Ayr\u0131ca her yerin pislik i\u00e7inde oldu\u011funu ve sivrisineklerden dolay\u0131 geceleri uyuyamad\u0131klar\u0131n\u0131, aylard\u0131r ila\u00e7lama yap\u0131lmad\u0131\u011f\u0131n\u0131 dile getirdi. &#8220;Belediye festival ve konser d\u00fczenlemekle me\u015fgulken halk\u0131n sorunlar\u0131n\u0131 unuttu. Acilen yollar\u0131n d\u00fczeltilmesini ve sineklerle ilgili \u00e7\u00f6z\u00fcm \u00fcretilmesini bekliyoruz&#8221; ifadelerini kulland\u0131.<\/p>\n<p>OTOB\u00dcS ROTASI DE\u011e\u0130\u015e\u0130KL\u0130\u011e\u0130 NEDEN\u0130YLE ZAMAN KAYBI: Bir ba\u015fka \u015fikayet\u00e7i, VS18 ve TK36 numaral\u0131 otob\u00fcsleri kullanarak her g\u00fcn i\u015fe gidip geldi\u011fini, rotalar\u0131n de\u011fi\u015fmesi nedeniyle art\u0131k yolda \u00e7ok fazla zaman kaybetti\u011fini ifade etti. Migros AVM yak\u0131nlar\u0131ndaki alt ge\u00e7itten ge\u00e7ilmesini talep etti.<\/p>\n<p>OTOB\u00dcS \u015eOF\u00d6R\u00dcN\u00dcN SOKAK HAYVANINA ZARAR VERMES\u0130: Bir vatanda\u015f, 8 Haziran 2025 tarihinde 19.20 sular\u0131nda Antalya Varsak Menderes Mahallesi S\u00fcleyman Demirel Dura\u011f\u0131&#8217;nda, VS18 hatt\u0131 s\u00fcr\u00fcc\u00fcs\u00fcn\u00fcn otob\u00fcs kalkmas\u0131na zaman varken kald\u0131r\u0131m kenar\u0131nda uyuyan bir k\u00f6pe\u011fi iki kez aya\u011f\u0131n\u0131n \u00fczerinden ge\u00e7erek ezdi\u011fini iddia etti. Olay sonras\u0131 hayvan\u0131n ac\u0131 i\u00e7inde ses \u00e7\u0131kard\u0131\u011f\u0131n\u0131 ancak s\u00fcr\u00fcc\u00fcn\u00fcn m\u00fcdahalede bulunmad\u0131\u011f\u0131n\u0131 belirten vatanda\u015f, yetkililerden \u015fof\u00f6r hakk\u0131nda gere\u011finin yap\u0131lmas\u0131n\u0131 talep etti.<\/p>\n<p>ANTALYA&#8217;DA OTOB\u00dcS DENET\u0130MS\u0130ZL\u0130\u011e\u0130 VE MA\u011eDUR\u0130YET: Bir vatanda\u015f, Antalya B\u00fcy\u00fck\u015fehir Belediyesi&#8217;nin denetimle ya da \u00f6zel halk otob\u00fcslerine nas\u0131l bir \u00e7\u00f6z\u00fcm bulamad\u0131\u011f\u0131n\u0131 anlayamad\u0131\u011f\u0131n\u0131 ifade etti. Yakla\u015f\u0131k bir saattir durakta bekledi\u011fini ve \u00e7al\u0131\u015fmak istemeyen \u015fof\u00f6rlerin ar\u0131za kayd\u0131 olu\u015fturup \u015fikayetleri kapatt\u0131\u011f\u0131n\u0131, kendilerini ma\u011fdur etti\u011fini belirtti.<\/p>\n<p>YE\u015e\u0130LBAH\u00c7E MAHALLES\u0130&#8217;NDE YETERS\u0130Z \u0130LA\u00c7LAMA VE H\u0130ZMET SORUNU: Bir di\u011fer vatanda\u015f, Ye\u015filbah\u00e7e Mahallesi&#8217;nde sinek dolu oldu\u011funu ve sadece yaz ba\u015f\u0131nda g\u00f6stermelik olarak iki kez ila\u00e7lama yap\u0131ld\u0131\u011f\u0131n\u0131, devam\u0131n\u0131n gelmedi\u011fini dile getirdi.<\/p>\n<p>CV47 NUMARALI OTOB\u00dcS\u00dcN SAYGISIZ \u015eOF\u00d6R\u00dc: Bir vatanda\u015f, CV47 numaral\u0131 otob\u00fcs \u015fof\u00f6r\u00fcn\u00fcn sayg\u0131s\u0131z ve kaba oldu\u011funu, bebek arabas\u0131na ra\u011fmen orta kap\u0131y\u0131 a\u00e7mad\u0131\u011f\u0131n\u0131, kafas\u0131na g\u00f6re durakta durup sigara i\u00e7ti\u011fini ve inerken bebek arabas\u0131yla kap\u0131ya gitmeden kap\u0131y\u0131 kapatt\u0131\u011f\u0131n\u0131 iddia etti.<\/p>\n<p>OTOB\u00dcS S\u00dcR\u00dcC\u00dcS\u00dcN\u00dcN TEHL\u0130KEL\u0130 VE SALDIRGAN DAVRANI\u015eI: Bir di\u011fer \u015fikayet\u00e7i, 18 Haziran 2025 tarihinde saat 08.00 civar\u0131nda 07 AU 0414 plakal\u0131 otob\u00fcs s\u00fcr\u00fcc\u00fcs\u00fcn\u00fcn sinyal vermeden h\u0131zla dura\u011fa girdi\u011fini, daha sonra \u00f6n\u00fcne k\u0131rd\u0131\u011f\u0131n\u0131 ve kendilerini ref\u00fcje s\u00fcr\u00fcklemeye \u00e7al\u0131\u015ft\u0131\u011f\u0131n\u0131 belirtti. S\u00fcr\u00fcc\u00fcn\u00fcn alkoll\u00fc veya akli dengesinin yerinde olmad\u0131\u011f\u0131n\u0131 d\u00fc\u015f\u00fcnd\u00fc\u011f\u00fcn\u00fc ifade eden vatanda\u015f, kamera kay\u0131tlar\u0131n\u0131n incelenmesini ve gerekli yapt\u0131r\u0131mlar\u0131n uygulanmas\u0131n\u0131 talep etti.<\/p>\n<p>S\u00dcREKL\u0130 ARIZALAR VE GEC\u0130KMELER HAYATI ZORLA\u015eTIRIYOR: Bir vatanda\u015f, Antalya B\u00fcy\u00fck\u015fehir Belediyesi&#8217;ne ba\u011fl\u0131 \u015fehir i\u00e7i otob\u00fcs seferlerindeki s\u00fcrekli ar\u0131zalar\u0131n ve gecikmelerin hayatlar\u0131n\u0131 ciddi \u015fekilde olumsuz etkiledi\u011fini vurgulad\u0131. Ayn\u0131 g\u00fcn i\u00e7erisinde ayn\u0131 g\u00fczergahtaki otob\u00fcslerin ar\u0131za yapmas\u0131, seferlerin gecikmesi ya da sefer saatinden \u00f6nce kalkmas\u0131n\u0131n adeta bir rutin haline geldi\u011fini dile getirdi.<\/p>\n<p>OTOB\u00dcS \u015eOF\u00d6R\u00dcN\u00dcN TELEFON KULLANIMI VE KABA DAVRANI\u015eI: Son olarak, 24 Haziran 2025 tarihinde saat 09.40 sular\u0131nda Meltem 4 duvar\u0131nda dura\u011f\u0131ndan bindi\u011fi 07AO 0437 plakal\u0131 ve LF10 sefer numaral\u0131 \u00f6zel halk otob\u00fcs\u00fcnde ciddi bir sorun ya\u015fad\u0131\u011f\u0131n\u0131 belirten bir vatanda\u015f, ara\u00e7 \u015fof\u00f6r\u00fcn\u00fcn seyir halindeyken s\u00fcrekli cep telefonu ile ilgilenerek hem trafik g\u00fcvenli\u011fini hem de yolcular\u0131n can g\u00fcvenli\u011fini tehlikeye att\u0131\u011f\u0131n\u0131 ifade etti.<\/p>\n<p>Antalya vatanda\u015flar\u0131n\u0131n &#8220;otob\u00fcs&#8221; ba\u015fl\u0131\u011f\u0131 alt\u0131ndaki \u015fikayetleri sadece Haziran ay\u0131na \u00f6zg\u00fc talepleri bu \u015fekilde bi\u00e7imlendi. Antalya B\u00fcy\u00fck\u015fehir Belediyesi&#8217;nin, vatanda\u015flar\u0131n ula\u015f\u0131m konusundaki \u015fikayetlerine y\u00f6nelik tutumu ise \u015fimdiden merak konusu&#8230;<\/p>\n<p>\u200bAntalya B\u00fcy\u00fck\u015fehir Belediyesi, \u015eikayetvar.com Trend 100 Listesi&#8217;nde 9. s\u0131raya y\u00fckselerek kamuoyunun dikkatini \u00e7ekti. \u00d6zellikle ula\u015f\u0131m ve hizmet aksakl\u0131klar\u0131 ba\u015fl\u0131\u011f\u0131 alt\u0131nda toplanan 3 bin 143 \u015fikayetle belediye, \u00e7\u00f6z\u00fcm bekleyen konular\u0131n oda\u011f\u0131 haline geldi.\u00a0<\/p>\n<p>\u200bHaberin Al\u0131nt\u0131land\u0131\u011f\u0131 Kaynak: www.antalyakorfez.com<\/p>","protected":false},"excerpt":{"rendered":"<p>&#8220;\u00c7\u00f6z\u00fcm i\u00e7in \u015eikayet Var&#8221; slogan\u0131yla hayata ge\u00e7irilen \u015eikayetvar.com, vatanda\u015flar\u0131n talep ve isteklerini yetkili mercilere iletmeye devam ediyor. Toplam \u00e7\u00f6z\u00fcm say\u0131s\u0131 3 milyon 817 bin 620&#8217;ye ula\u015fan platformda Trend 100 Listesi, markalar aras\u0131ndaki rekabete de sahne oldu. Artan ziyaret oranlar\u0131 ve pop\u00fclerlikleriyle bug\u00fcn trend olan markalar aras\u0131nda yap\u0131lan s\u0131ralamada Antalya B\u00fcy\u00fck\u015fehir Belediyesi, en \u00e7ok \u015fikayet alan Trend 100 listesinde 9. s\u0131rada yer ald\u0131. KAMU KURUMLARI ARASINDA Z\u0130YARET\u00c7\u0130 ARTI\u015eI REKORU Kamu y\u00f6netim birimleri aras\u0131nda bulunan Antalya B\u00fcy\u00fck\u015fehir Belediyesi, y\u00fczde 165 oran\u0131nda ziyaret art\u0131\u015f\u0131 ya\u015fad\u0131. \u00d6nceki s\u0131ralamalara oranla 41 de\u011fer kazanan belediye; su kesintisi, Antalya su kesintisi, otob\u00fcs ila\u00e7lama, b\u00f6cek ila\u00e7lama, ho\u015f geldin bebek ba\u015fta olmak \u00fczere bir\u00e7ok konu ba\u015fl\u0131\u011f\u0131nda toplam 3 bin 143 \u015fikayete konu oldu. ULA\u015eIM SORUNU G\u00dcNDEMDEK\u0130 YER\u0130N\u0130 KORUYOR Antalya B\u00fcy\u00fck\u015fehir Belediyesi, son d\u00f6nemde \u00f6zellikle ula\u015f\u0131m problemi ile g\u00fcndemdeki yerini korumaya devam ediyor. \u015eikayetler aras\u0131nda otob\u00fcs kategorisinde yolcular\u0131n s\u0131kl\u0131kla ya\u015fad\u0131\u011f\u0131 s\u0131k\u0131nt\u0131lar dile getirildi. Foto\u011fraflarla desteklenen \u015fikayet konular\u0131 aras\u0131nda vatanda\u015flar\u0131n \u00e7o\u011funlukla verilen hizmetlere bir y\u0131ld\u0131z verdi\u011fi g\u00f6zlendi. \u0130\u015fte Antalya B\u00fcy\u00fck\u015fehir Belediyesi&#8217;ne y\u00f6nelik \u015fikayetlerden baz\u0131lar\u0131 ve vatanda\u015flar\u0131n yorumlar\u0131: VATANDA\u015eLARDAN YO\u011eUN ULA\u015eIM VE H\u0130ZMET \u015e\u0130KAYETLER\u0130 ALTINTA\u015e MAHALLES\u0130&#8217;NDE ULA\u015eIM VE TEM\u0130ZL\u0130K SORUNLARI: Bir vatanda\u015f, Antalya Aksu Alt\u0131nta\u015f Ba\u015fbu\u011f Alparslan T\u00fcrke\u015f Bulvar\u0131&#8217;nda yollar\u0131n \u00e7ok k\u00f6t\u00fc durumda oldu\u011funu, ula\u015f\u0131m olmad\u0131\u011f\u0131n\u0131 ve otob\u00fcs ge\u00e7medi\u011fini belirtti. Ayr\u0131ca her &hellip;<\/p>","protected":false},"author":5,"featured_media":0,"comment_status":"","ping_status":"open","sticky":false,"template":"","format":"standard","meta":{"_acf_changed":false,"footnotes":""},"categories":[24],"tags":[],"class_list":["post-126056","post","type-post","status-publish","format-standard","has-post-thumbnail","hentry","category-gundem"],"acf":[],"yoast_head":"<!-- This site is optimized with the Yoast SEO Premium plugin v26.6 (Yoast SEO v27.1.1) - https:\/\/yoast.com\/product\/yoast-seo-premium-wordpress\/ -->\n<title>Antalya B\u00fcy\u00fck\u015fehir, \u015fikayet listesinde zirvede! En \u00e7ok \u015fikayet ula\u015f\u0131mdan - Av. Deniz Can K\u0131z\u0131l<\/title>\n<meta name=\"robots\" content=\"index, follow, max-snippet:-1, max-image-preview:large, max-video-preview:-1\" \/>\n<link rel=\"canonical\" href=\"https:\/\/denizcankizil.tr\/de\/haberler\/gundem\/antalya-buyuksehir-sikayet-listesinde-zirvede-en-cok-sikayet-ulasimdan\/\" \/>\n<meta property=\"og:locale\" content=\"de_DE\" \/>\n<meta property=\"og:type\" content=\"article\" \/>\n<meta property=\"og:title\" content=\"Antalya B\u00fcy\u00fck\u015fehir, \u015fikayet listesinde zirvede! En \u00e7ok \u015fikayet ula\u015f\u0131mdan\" \/>\n<meta property=\"og:description\" content=\"&#8220;\u00c7\u00f6z\u00fcm i\u00e7in \u015eikayet Var&#8221; slogan\u0131yla hayata ge\u00e7irilen \u015eikayetvar.com, vatanda\u015flar\u0131n talep ve isteklerini yetkili mercilere iletmeye devam ediyor. Toplam \u00e7\u00f6z\u00fcm say\u0131s\u0131 3 milyon 817 bin 620&#8217;ye ula\u015fan platformda Trend 100 Listesi, markalar aras\u0131ndaki rekabete de sahne oldu. Artan ziyaret oranlar\u0131 ve pop\u00fclerlikleriyle bug\u00fcn trend olan markalar aras\u0131nda yap\u0131lan s\u0131ralamada Antalya B\u00fcy\u00fck\u015fehir Belediyesi, en \u00e7ok \u015fikayet alan Trend 100 listesinde 9. s\u0131rada yer ald\u0131. KAMU KURUMLARI ARASINDA Z\u0130YARET\u00c7\u0130 ARTI\u015eI REKORU Kamu y\u00f6netim birimleri aras\u0131nda bulunan Antalya B\u00fcy\u00fck\u015fehir Belediyesi, y\u00fczde 165 oran\u0131nda ziyaret art\u0131\u015f\u0131 ya\u015fad\u0131. \u00d6nceki s\u0131ralamalara oranla 41 de\u011fer kazanan belediye; su kesintisi, Antalya su kesintisi, otob\u00fcs ila\u00e7lama, b\u00f6cek ila\u00e7lama, ho\u015f geldin bebek ba\u015fta olmak \u00fczere bir\u00e7ok konu ba\u015fl\u0131\u011f\u0131nda toplam 3 bin 143 \u015fikayete konu oldu. ULA\u015eIM SORUNU G\u00dcNDEMDEK\u0130 YER\u0130N\u0130 KORUYOR Antalya B\u00fcy\u00fck\u015fehir Belediyesi, son d\u00f6nemde \u00f6zellikle ula\u015f\u0131m problemi ile g\u00fcndemdeki yerini korumaya devam ediyor. \u015eikayetler aras\u0131nda otob\u00fcs kategorisinde yolcular\u0131n s\u0131kl\u0131kla ya\u015fad\u0131\u011f\u0131 s\u0131k\u0131nt\u0131lar dile getirildi. Foto\u011fraflarla desteklenen \u015fikayet konular\u0131 aras\u0131nda vatanda\u015flar\u0131n \u00e7o\u011funlukla verilen hizmetlere bir y\u0131ld\u0131z verdi\u011fi g\u00f6zlendi. \u0130\u015fte Antalya B\u00fcy\u00fck\u015fehir Belediyesi&#8217;ne y\u00f6nelik \u015fikayetlerden baz\u0131lar\u0131 ve vatanda\u015flar\u0131n yorumlar\u0131: VATANDA\u015eLARDAN YO\u011eUN ULA\u015eIM VE H\u0130ZMET \u015e\u0130KAYETLER\u0130 ALTINTA\u015e MAHALLES\u0130&#8217;NDE ULA\u015eIM VE TEM\u0130ZL\u0130K SORUNLARI: Bir vatanda\u015f, Antalya Aksu Alt\u0131nta\u015f Ba\u015fbu\u011f Alparslan T\u00fcrke\u015f Bulvar\u0131&#8217;nda yollar\u0131n \u00e7ok k\u00f6t\u00fc durumda oldu\u011funu, ula\u015f\u0131m olmad\u0131\u011f\u0131n\u0131 ve otob\u00fcs ge\u00e7medi\u011fini belirtti. Ayr\u0131ca her &hellip;\" \/>\n<meta property=\"og:url\" content=\"https:\/\/denizcankizil.tr\/de\/haberler\/gundem\/antalya-buyuksehir-sikayet-listesinde-zirvede-en-cok-sikayet-ulasimdan\/\" \/>\n<meta property=\"og:site_name\" content=\"Av. Deniz Can K\u0131z\u0131l\" \/>\n<meta property=\"article:published_time\" content=\"2025-06-25T08:42:22+00:00\" \/>\n<meta name=\"author\" content=\"Antalya K\u00f6rfez\" \/>\n<meta name=\"twitter:card\" content=\"summary_large_image\" \/>\n<meta name=\"twitter:label1\" content=\"Verfasst von\" \/>\n\t<meta name=\"twitter:data1\" content=\"Antalya K\u00f6rfez\" \/>\n\t<meta name=\"twitter:label2\" content=\"Gesch\u00e4tzte Lesezeit\" \/>\n\t<meta name=\"twitter:data2\" content=\"5\u00a0Minuten\" \/>\n<script type=\"application\/ld+json\" class=\"yoast-schema-graph\">{\"@context\":\"https:\/\/schema.org\",\"@graph\":[{\"@type\":\"Article\",\"@id\":\"https:\/\/denizcankizil.tr\/uk\/haberler\/gundem\/antalya-buyuksehir-sikayet-listesinde-zirvede-en-cok-sikayet-ulasimdan\/#article\",\"isPartOf\":{\"@id\":\"https:\/\/denizcankizil.tr\/uk\/haberler\/gundem\/antalya-buyuksehir-sikayet-listesinde-zirvede-en-cok-sikayet-ulasimdan\/\"},\"author\":{\"name\":\"Antalya K\u00f6rfez\",\"@id\":\"https:\/\/denizcankizil.tr\/de\/#\/schema\/person\/e1eb71bb4dd684d46563f0af307e1234\"},\"headline\":\"Antalya B\u00fcy\u00fck\u015fehir, \u015fikayet listesinde zirvede! En \u00e7ok \u015fikayet ula\u015f\u0131mdan\",\"datePublished\":\"2025-06-25T08:42:22+00:00\",\"mainEntityOfPage\":{\"@id\":\"https:\/\/denizcankizil.tr\/uk\/haberler\/gundem\/antalya-buyuksehir-sikayet-listesinde-zirvede-en-cok-sikayet-ulasimdan\/\"},\"wordCount\":1009,\"publisher\":{\"@id\":\"https:\/\/denizcankizil.tr\/de\/#organization\"},\"articleSection\":[\"G\u00fcndem\"],\"inLanguage\":\"de\"},{\"@type\":\"WebPage\",\"@id\":\"https:\/\/denizcankizil.tr\/uk\/haberler\/gundem\/antalya-buyuksehir-sikayet-listesinde-zirvede-en-cok-sikayet-ulasimdan\/\",\"url\":\"https:\/\/denizcankizil.tr\/uk\/haberler\/gundem\/antalya-buyuksehir-sikayet-listesinde-zirvede-en-cok-sikayet-ulasimdan\/\",\"name\":\"Antalya B\u00fcy\u00fck\u015fehir, \u015fikayet listesinde zirvede! En \u00e7ok \u015fikayet ula\u015f\u0131mdan - Av. Deniz Can K\u0131z\u0131l\",\"isPartOf\":{\"@id\":\"https:\/\/denizcankizil.tr\/de\/#website\"},\"datePublished\":\"2025-06-25T08:42:22+00:00\",\"breadcrumb\":{\"@id\":\"https:\/\/denizcankizil.tr\/uk\/haberler\/gundem\/antalya-buyuksehir-sikayet-listesinde-zirvede-en-cok-sikayet-ulasimdan\/#breadcrumb\"},\"inLanguage\":\"de\",\"potentialAction\":[{\"@type\":\"ReadAction\",\"target\":[\"https:\/\/denizcankizil.tr\/uk\/haberler\/gundem\/antalya-buyuksehir-sikayet-listesinde-zirvede-en-cok-sikayet-ulasimdan\/\"]}]},{\"@type\":\"BreadcrumbList\",\"@id\":\"https:\/\/denizcankizil.tr\/uk\/haberler\/gundem\/antalya-buyuksehir-sikayet-listesinde-zirvede-en-cok-sikayet-ulasimdan\/#breadcrumb\",\"itemListElement\":[{\"@type\":\"ListItem\",\"position\":1,\"name\":\"Home\",\"item\":\"https:\/\/denizcankizil.tr\/de\/\"},{\"@type\":\"ListItem\",\"position\":2,\"name\":\"Antalya B\u00fcy\u00fck\u015fehir, \u015fikayet listesinde zirvede! En \u00e7ok \u015fikayet ula\u015f\u0131mdan\"}]},{\"@type\":\"WebSite\",\"@id\":\"https:\/\/denizcankizil.tr\/de\/#website\",\"url\":\"https:\/\/denizcankizil.tr\/de\/\",\"name\":\"Av. Deniz Can K\u0131z\u0131l\",\"description\":\"Avukat Deniz Can K\u0131z\u0131l Antalya Barosu\",\"publisher\":{\"@id\":\"https:\/\/denizcankizil.tr\/de\/#organization\"},\"potentialAction\":[{\"@type\":\"SearchAction\",\"target\":{\"@type\":\"EntryPoint\",\"urlTemplate\":\"https:\/\/denizcankizil.tr\/de\/?s={search_term_string}\"},\"query-input\":{\"@type\":\"PropertyValueSpecification\",\"valueRequired\":true,\"valueName\":\"search_term_string\"}}],\"inLanguage\":\"de\"},{\"@type\":\"Organization\",\"@id\":\"https:\/\/denizcankizil.tr\/de\/#organization\",\"name\":\"Av. Deniz Can K\u0131z\u0131l\",\"url\":\"https:\/\/denizcankizil.tr\/de\/\",\"logo\":{\"@type\":\"ImageObject\",\"inLanguage\":\"de\",\"@id\":\"https:\/\/denizcankizil.tr\/de\/#\/schema\/logo\/image\/\",\"url\":\"https:\/\/denizcankizil.tr\/wp-content\/uploads\/2024\/10\/siyah-logo-svg.svg\",\"contentUrl\":\"https:\/\/denizcankizil.tr\/wp-content\/uploads\/2024\/10\/siyah-logo-svg.svg\",\"width\":1080,\"height\":1080,\"caption\":\"Av. Deniz Can K\u0131z\u0131l\"},\"image\":{\"@id\":\"https:\/\/denizcankizil.tr\/de\/#\/schema\/logo\/image\/\"}},{\"@type\":\"Person\",\"@id\":\"https:\/\/denizcankizil.tr\/de\/#\/schema\/person\/e1eb71bb4dd684d46563f0af307e1234\",\"name\":\"Antalya K\u00f6rfez\",\"image\":{\"@type\":\"ImageObject\",\"inLanguage\":\"de\",\"@id\":\"https:\/\/denizcankizil.tr\/de\/#\/schema\/person\/image\/\",\"url\":\"https:\/\/secure.gravatar.com\/avatar\/42b01982558a48a0b501fdcab6a408d3717ea5919095ee2e67b0e521799c5905?s=96&d=mm&r=g\",\"contentUrl\":\"https:\/\/secure.gravatar.com\/avatar\/42b01982558a48a0b501fdcab6a408d3717ea5919095ee2e67b0e521799c5905?s=96&d=mm&r=g\",\"caption\":\"Antalya K\u00f6rfez\"},\"sameAs\":[\"http:\/\/www.antalyakorfez.com\"],\"url\":\"https:\/\/www.antalyakorfez.com\/antalya-buyuksehir-sikayet-listesinde-zirvede-en-cok-sikayet-ulasimdan\"}]}<\/script>\n<!-- \/ Yoast SEO Premium plugin. -->","yoast_head_json":{"title":"Antalya B\u00fcy\u00fck\u015fehir, \u015fikayet listesinde zirvede! En \u00e7ok \u015fikayet ula\u015f\u0131mdan - Av. Deniz Can K\u0131z\u0131l","robots":{"index":"index","follow":"follow","max-snippet":"max-snippet:-1","max-image-preview":"max-image-preview:large","max-video-preview":"max-video-preview:-1"},"canonical":"https:\/\/denizcankizil.tr\/de\/haberler\/gundem\/antalya-buyuksehir-sikayet-listesinde-zirvede-en-cok-sikayet-ulasimdan\/","og_locale":"de_DE","og_type":"article","og_title":"Antalya B\u00fcy\u00fck\u015fehir, \u015fikayet listesinde zirvede! En \u00e7ok \u015fikayet ula\u015f\u0131mdan","og_description":"&#8220;\u00c7\u00f6z\u00fcm i\u00e7in \u015eikayet Var&#8221; slogan\u0131yla hayata ge\u00e7irilen \u015eikayetvar.com, vatanda\u015flar\u0131n talep ve isteklerini yetkili mercilere iletmeye devam ediyor. Toplam \u00e7\u00f6z\u00fcm say\u0131s\u0131 3 milyon 817 bin 620&#8217;ye ula\u015fan platformda Trend 100 Listesi, markalar aras\u0131ndaki rekabete de sahne oldu. Artan ziyaret oranlar\u0131 ve pop\u00fclerlikleriyle bug\u00fcn trend olan markalar aras\u0131nda yap\u0131lan s\u0131ralamada Antalya B\u00fcy\u00fck\u015fehir Belediyesi, en \u00e7ok \u015fikayet alan Trend 100 listesinde 9. s\u0131rada yer ald\u0131. KAMU KURUMLARI ARASINDA Z\u0130YARET\u00c7\u0130 ARTI\u015eI REKORU Kamu y\u00f6netim birimleri aras\u0131nda bulunan Antalya B\u00fcy\u00fck\u015fehir Belediyesi, y\u00fczde 165 oran\u0131nda ziyaret art\u0131\u015f\u0131 ya\u015fad\u0131. \u00d6nceki s\u0131ralamalara oranla 41 de\u011fer kazanan belediye; su kesintisi, Antalya su kesintisi, otob\u00fcs ila\u00e7lama, b\u00f6cek ila\u00e7lama, ho\u015f geldin bebek ba\u015fta olmak \u00fczere bir\u00e7ok konu ba\u015fl\u0131\u011f\u0131nda toplam 3 bin 143 \u015fikayete konu oldu. ULA\u015eIM SORUNU G\u00dcNDEMDEK\u0130 YER\u0130N\u0130 KORUYOR Antalya B\u00fcy\u00fck\u015fehir Belediyesi, son d\u00f6nemde \u00f6zellikle ula\u015f\u0131m problemi ile g\u00fcndemdeki yerini korumaya devam ediyor. \u015eikayetler aras\u0131nda otob\u00fcs kategorisinde yolcular\u0131n s\u0131kl\u0131kla ya\u015fad\u0131\u011f\u0131 s\u0131k\u0131nt\u0131lar dile getirildi. Foto\u011fraflarla desteklenen \u015fikayet konular\u0131 aras\u0131nda vatanda\u015flar\u0131n \u00e7o\u011funlukla verilen hizmetlere bir y\u0131ld\u0131z verdi\u011fi g\u00f6zlendi. \u0130\u015fte Antalya B\u00fcy\u00fck\u015fehir Belediyesi&#8217;ne y\u00f6nelik \u015fikayetlerden baz\u0131lar\u0131 ve vatanda\u015flar\u0131n yorumlar\u0131: VATANDA\u015eLARDAN YO\u011eUN ULA\u015eIM VE H\u0130ZMET \u015e\u0130KAYETLER\u0130 ALTINTA\u015e MAHALLES\u0130&#8217;NDE ULA\u015eIM VE TEM\u0130ZL\u0130K SORUNLARI: Bir vatanda\u015f, Antalya Aksu Alt\u0131nta\u015f Ba\u015fbu\u011f Alparslan T\u00fcrke\u015f Bulvar\u0131&#8217;nda yollar\u0131n \u00e7ok k\u00f6t\u00fc durumda oldu\u011funu, ula\u015f\u0131m olmad\u0131\u011f\u0131n\u0131 ve otob\u00fcs ge\u00e7medi\u011fini belirtti. Ayr\u0131ca her &hellip;","og_url":"https:\/\/denizcankizil.tr\/de\/haberler\/gundem\/antalya-buyuksehir-sikayet-listesinde-zirvede-en-cok-sikayet-ulasimdan\/","og_site_name":"Av. Deniz Can K\u0131z\u0131l","article_published_time":"2025-06-25T08:42:22+00:00","author":"Antalya K\u00f6rfez","twitter_card":"summary_large_image","twitter_misc":{"Verfasst von":"Antalya K\u00f6rfez","Gesch\u00e4tzte Lesezeit":"5\u00a0Minuten"},"schema":{"@context":"https:\/\/schema.org","@graph":[{"@type":"Article","@id":"https:\/\/denizcankizil.tr\/uk\/haberler\/gundem\/antalya-buyuksehir-sikayet-listesinde-zirvede-en-cok-sikayet-ulasimdan\/#article","isPartOf":{"@id":"https:\/\/denizcankizil.tr\/uk\/haberler\/gundem\/antalya-buyuksehir-sikayet-listesinde-zirvede-en-cok-sikayet-ulasimdan\/"},"author":{"name":"Antalya K\u00f6rfez","@id":"https:\/\/denizcankizil.tr\/de\/#\/schema\/person\/e1eb71bb4dd684d46563f0af307e1234"},"headline":"Antalya B\u00fcy\u00fck\u015fehir, \u015fikayet listesinde zirvede! En \u00e7ok \u015fikayet ula\u015f\u0131mdan","datePublished":"2025-06-25T08:42:22+00:00","mainEntityOfPage":{"@id":"https:\/\/denizcankizil.tr\/uk\/haberler\/gundem\/antalya-buyuksehir-sikayet-listesinde-zirvede-en-cok-sikayet-ulasimdan\/"},"wordCount":1009,"publisher":{"@id":"https:\/\/denizcankizil.tr\/de\/#organization"},"articleSection":["G\u00fcndem"],"inLanguage":"de"},{"@type":"WebPage","@id":"https:\/\/denizcankizil.tr\/uk\/haberler\/gundem\/antalya-buyuksehir-sikayet-listesinde-zirvede-en-cok-sikayet-ulasimdan\/","url":"https:\/\/denizcankizil.tr\/uk\/haberler\/gundem\/antalya-buyuksehir-sikayet-listesinde-zirvede-en-cok-sikayet-ulasimdan\/","name":"Antalya B\u00fcy\u00fck\u015fehir, \u015fikayet listesinde zirvede! En \u00e7ok \u015fikayet ula\u015f\u0131mdan - Av. Deniz Can K\u0131z\u0131l","isPartOf":{"@id":"https:\/\/denizcankizil.tr\/de\/#website"},"datePublished":"2025-06-25T08:42:22+00:00","breadcrumb":{"@id":"https:\/\/denizcankizil.tr\/uk\/haberler\/gundem\/antalya-buyuksehir-sikayet-listesinde-zirvede-en-cok-sikayet-ulasimdan\/#breadcrumb"},"inLanguage":"de","potentialAction":[{"@type":"ReadAction","target":["https:\/\/denizcankizil.tr\/uk\/haberler\/gundem\/antalya-buyuksehir-sikayet-listesinde-zirvede-en-cok-sikayet-ulasimdan\/"]}]},{"@type":"BreadcrumbList","@id":"https:\/\/denizcankizil.tr\/uk\/haberler\/gundem\/antalya-buyuksehir-sikayet-listesinde-zirvede-en-cok-sikayet-ulasimdan\/#breadcrumb","itemListElement":[{"@type":"ListItem","position":1,"name":"Home","item":"https:\/\/denizcankizil.tr\/de\/"},{"@type":"ListItem","position":2,"name":"Antalya B\u00fcy\u00fck\u015fehir, \u015fikayet listesinde zirvede! En \u00e7ok \u015fikayet ula\u015f\u0131mdan"}]},{"@type":"WebSite","@id":"https:\/\/denizcankizil.tr\/de\/#website","url":"https:\/\/denizcankizil.tr\/de\/","name":"Av. Deniz Can K\u0131z\u0131l","description":"Avukat Deniz Can K\u0131z\u0131l Antalya Barosu","publisher":{"@id":"https:\/\/denizcankizil.tr\/de\/#organization"},"potentialAction":[{"@type":"SearchAction","target":{"@type":"EntryPoint","urlTemplate":"https:\/\/denizcankizil.tr\/de\/?s={search_term_string}"},"query-input":{"@type":"PropertyValueSpecification","valueRequired":true,"valueName":"search_term_string"}}],"inLanguage":"de"},{"@type":"Organization","@id":"https:\/\/denizcankizil.tr\/de\/#organization","name":"Av. Deniz Can K\u0131z\u0131l","url":"https:\/\/denizcankizil.tr\/de\/","logo":{"@type":"ImageObject","inLanguage":"de","@id":"https:\/\/denizcankizil.tr\/de\/#\/schema\/logo\/image\/","url":"https:\/\/denizcankizil.tr\/wp-content\/uploads\/2024\/10\/siyah-logo-svg.svg","contentUrl":"https:\/\/denizcankizil.tr\/wp-content\/uploads\/2024\/10\/siyah-logo-svg.svg","width":1080,"height":1080,"caption":"Av. Deniz Can K\u0131z\u0131l"},"image":{"@id":"https:\/\/denizcankizil.tr\/de\/#\/schema\/logo\/image\/"}},{"@type":"Person","@id":"https:\/\/denizcankizil.tr\/de\/#\/schema\/person\/e1eb71bb4dd684d46563f0af307e1234","name":"Antalya K\u00f6rfez","image":{"@type":"ImageObject","inLanguage":"de","@id":"https:\/\/denizcankizil.tr\/de\/#\/schema\/person\/image\/","url":"https:\/\/secure.gravatar.com\/avatar\/42b01982558a48a0b501fdcab6a408d3717ea5919095ee2e67b0e521799c5905?s=96&d=mm&r=g","contentUrl":"https:\/\/secure.gravatar.com\/avatar\/42b01982558a48a0b501fdcab6a408d3717ea5919095ee2e67b0e521799c5905?s=96&d=mm&r=g","caption":"Antalya K\u00f6rfez"},"sameAs":["http:\/\/www.antalyakorfez.com"],"url":"https:\/\/www.antalyakorfez.com\/antalya-buyuksehir-sikayet-listesinde-zirvede-en-cok-sikayet-ulasimdan"}]}},"_links":{"self":[{"href":"https:\/\/denizcankizil.tr\/de\/wp-json\/wp\/v2\/posts\/126056","targetHints":{"allow":["GET"]}}],"collection":[{"href":"https:\/\/denizcankizil.tr\/de\/wp-json\/wp\/v2\/posts"}],"about":[{"href":"https:\/\/denizcankizil.tr\/de\/wp-json\/wp\/v2\/types\/post"}],"author":[{"embeddable":true,"href":"https:\/\/denizcankizil.tr\/de\/wp-json\/wp\/v2\/users\/5"}],"replies":[{"embeddable":true,"href":"https:\/\/denizcankizil.tr\/de\/wp-json\/wp\/v2\/comments?post=126056"}],"version-history":[{"count":0,"href":"https:\/\/denizcankizil.tr\/de\/wp-json\/wp\/v2\/posts\/126056\/revisions"}],"wp:attachment":[{"href":"https:\/\/denizcankizil.tr\/de\/wp-json\/wp\/v2\/media?parent=126056"}],"wp:term":[{"taxonomy":"category","embeddable":true,"href":"https:\/\/denizcankizil.tr\/de\/wp-json\/wp\/v2\/categories?post=126056"},{"taxonomy":"post_tag","embeddable":true,"href":"https:\/\/denizcankizil.tr\/de\/wp-json\/wp\/v2\/tags?post=126056"}],"curies":[{"name":"wp","href":"https:\/\/api.w.org\/{rel}","templated":true}]}}