{"id":126049,"date":"2025-06-25T10:42:42","date_gmt":"2025-06-25T07:42:42","guid":{"rendered":"https:\/\/denizcankizil.tr\/uncategorized-tr\/11-suclu-turkiyeye-iade-edildi\/"},"modified":"2025-06-25T10:42:42","modified_gmt":"2025-06-25T07:42:42","slug":"11-suclu-turkiyeye-iade-edildi","status":"publish","type":"post","link":"https:\/\/denizcankizil.tr\/de\/haberler\/gundem\/11-suclu-turkiyeye-iade-edildi\/","title":{"rendered":"11 su\u00e7lu T\u00fcrkiye\u2019ye iade edildi"},"content":{"rendered":"<p>\u0130\u00e7i\u015fleri Bakan\u0131 Ali Yerlikaya, k\u0131rm\u0131z\u0131 b\u00fcltenle aranan 11 ve ulusal seviyede aranan 1 su\u00e7lunun ABD, Almanya, \u0130talya, Fransa, Yunanistan, Karada\u011f, Polonya, Kosova ve G\u00fcrcistan\u2019dan T\u00fcrkiye\u2019ye iade edildi\u011fini duyurdu. Bu kabine d\u00f6neminde toplam 383 su\u00e7lunun iadesi sa\u011fland\u0131.<\/p>\n<p>(\u0130GFA) &#8211; T\u00fcrkiye, uluslararas\u0131 su\u00e7lularla m\u00fccadelesine h\u0131z kesmeden devam ediyor. \u0130\u00e7i\u015fleri Bakan\u0131 Ali Yerlikaya, sosyal medya hesab\u0131ndan yapt\u0131\u011f\u0131 a\u00e7\u0131klamada, k\u0131rm\u0131z\u0131 b\u00fcltenle uluslararas\u0131 seviyede aranan 11 su\u00e7lu ile ulusal seviyede aranan 1 su\u00e7lunun yakalanarak T\u00fcrkiye\u2019ye iade edildi\u011fini bildirdi.<\/p>\n<p>\u0130adeler, ABD, Almanya (4), \u0130talya, Fransa, Yunanistan, Karada\u011f, Polonya, Kosova ve G\u00fcrcistan\u2019dan ger\u00e7ekle\u015ftirildi. Bakan Yerlikaya, bu kabine d\u00f6neminde toplam 383 su\u00e7lunun T\u00fcrkiye\u2019ye iade edildi\u011fini vurgulad\u0131.<\/p>\n<p>Operasyon, Adalet Bakanl\u0131\u011f\u0131, Emniyet Genel M\u00fcd\u00fcrl\u00fc\u011f\u00fc INTERPOL-EUROPOL Daire Ba\u015fkanl\u0131\u011f\u0131, \u0130stihbarat Ba\u015fkanl\u0131\u011f\u0131, KOM Ba\u015fkanl\u0131\u011f\u0131, Narkotik Su\u00e7larla M\u00fccadele Ba\u015fkanl\u0131\u011f\u0131, G\u00f6\u00e7men Ka\u00e7ak\u00e7\u0131l\u0131\u011f\u0131yla M\u00fccadele ve Hudut Kap\u0131lar\u0131 Daire Ba\u015fkanl\u0131\u011f\u0131, Asayi\u015f ve Siber Su\u00e7larla M\u00fccadele Daire Ba\u015fkanl\u0131klar\u0131 ile Artvin \u0130l Emniyet M\u00fcd\u00fcrl\u00fc\u011f\u00fc\u2019n\u00fcn koordinasyonunda y\u00fcr\u00fct\u00fcld\u00fc.<\/p>\n<p><blockquote class=\"twitter-tweet\" data-width=\"550\" data-dnt=\"true\"><p lang=\"tr\" dir=\"ltr\">\ud83d\udfe5 K\u0131rm\u0131z\u0131 B\u00fcltenle Arad\u0131\u011f\u0131m\u0131z 11, <br>\u274c Ulusal Seviyede Arad\u0131\u011f\u0131m\u0131z 1, <br>Olmak \u00dczere 12 Su\u00e7luyu <br><br>ABD, ALMANYA(4), \u0130TALYA, FRANSA, YUNAN\u0130STAN, KARADA\u011e, POLONYA, KOSOVA ve G\u00dcRC\u0130STAN\u2019dan \u00dclkemize Getirdik. <br><br>Bu kabine d\u00f6nemimizde 383 su\u00e7lunun \u00fclkemize iadesini sa\u011flad\u0131k.\u2026 <a href=\"https:\/\/t.co\/Lkx9pptESS\">pic.twitter.com\/Lkx9pptESS<\/a><\/p>&mdash; Ali Yerlikaya (@AliYerlikaya) <a href=\"https:\/\/twitter.com\/AliYerlikaya\/status\/1937739189019132052?ref_src=twsrc%5Etfw\">June 25, 2025<\/a><\/blockquote><script async src=\"https:\/\/platform.twitter.com\/widgets.js\" charset=\"utf-8\"><\/script><\/p>\n<p>\u0130ADE ED\u0130LEN SU\u00c7LULAR VE SU\u00c7LARI<\/p>\n<p>Yakalanarak T\u00fcrkiye\u2019ye iade edilen su\u00e7lular ve i\u015fledikleri su\u00e7lar \u015f\u00f6yle:<\/p>\n<p>S.B.: Almanya\u2019da, \u201cNitelikli Cinsel \u0130stismar\u201d su\u00e7undan k\u0131rm\u0131z\u0131 b\u00fcltenle aran\u0131yordu.<\/p>\n<p>M.\u0130.: ABD\u2019de, \u201cNitelikli Cinsel \u0130stismar\u201d su\u00e7undan k\u0131rm\u0131z\u0131 b\u00fcltenle aran\u0131yordu.<\/p>\n<p>E.K.: \u0130talya\u2019da, \u201c\u00c7ocu\u011fun Cinsel \u0130stismar\u0131\u201d su\u00e7undan k\u0131rm\u0131z\u0131 b\u00fcltenle aran\u0131yordu.<\/p>\n<p>R.\u015e.: Yunanistan\u2019da, \u201cH\u0131rs\u0131zl\u0131k, Doland\u0131r\u0131c\u0131l\u0131k, Birden Fazla Ki\u015fi ile Tehdit, Konut Dokunulmazl\u0131\u011f\u0131n\u0131 \u0130hlal Etme ve Mala Zarar Verme\u201d su\u00e7lar\u0131ndan k\u0131rm\u0131z\u0131 b\u00fcltenle aran\u0131yordu.<\/p>\n<p>\u015e.\u00c7.: Karada\u011f\u2019da, \u201cDoland\u0131r\u0131c\u0131l\u0131k\u201d su\u00e7undan k\u0131rm\u0131z\u0131 b\u00fcltenle aran\u0131yordu.<\/p>\n<p>E.C.\u00c7.: Polonya\u2019da, \u201cKasten \u00d6ld\u00fcrme\u201d su\u00e7undan k\u0131rm\u0131z\u0131 b\u00fcltenle aran\u0131yordu.<\/p>\n<p>E.\u00d6.: Fransa\u2019da, \u201cKasten \u00d6ld\u00fcrme\u201d su\u00e7undan k\u0131rm\u0131z\u0131 b\u00fcltenle aran\u0131yordu.<\/p>\n<p>A.A.: Almanya\u2019da, \u201cUyu\u015fturucu veya Uyar\u0131c\u0131 Madde Ticareti Yapma veya Sa\u011flama\u201d su\u00e7undan k\u0131rm\u0131z\u0131 b\u00fcltenle aran\u0131yordu.<\/p>\n<p>M.K.: Almanya\u2019da, \u201cT\u00fcrk Vatanda\u015f\u0131 veya Yabanc\u0131n\u0131n Yurt D\u0131\u015f\u0131na \u00c7\u0131kmas\u0131na \u0130mk\u00e2n Sa\u011flama\u201d su\u00e7undan k\u0131rm\u0131z\u0131 b\u00fcltenle aran\u0131yordu.<\/p>\n<p>R.B.: G\u00fcrcistan\u2019da, \u201cH\u0131rs\u0131zl\u0131k, Konut Dokunulmazl\u0131\u011f\u0131n\u0131 \u0130hlal Etme, Kasten Yaralama, Uyu\u015fturucu, Mala Zarar Verme\u201d su\u00e7lar\u0131ndan k\u0131rm\u0131z\u0131 b\u00fcltenle aran\u0131yordu.<\/p>\n<p>M.B.: Almanya\u2019da, \u201cBirden Fazla Ki\u015fi Taraf\u0131ndan Birlikte Ya\u011fma, Cebir Tehdit veya Hile Kullanarak Ki\u015fiyi H\u00fcrriyetinden Yoksun K\u0131lma, Ruhsats\u0131z Ate\u015fli Silahlara Mermileri Sat\u0131n Alma ve Ta\u015f\u0131ma ve Bulundurma\u201d su\u00e7lar\u0131ndan k\u0131rm\u0131z\u0131 b\u00fcltenle aran\u0131yordu.<\/p>\n<p>A.Y.: Kosova\u2019da, \u201cKasten \u00d6ld\u00fcrme, H\u0131rs\u0131zl\u0131k, Mala Zarar Verme, Konut Dokunulmazl\u0131\u011f\u0131n\u0131 \u0130hlal Etme, H\u00fck\u00fcml\u00fc veya Tutuklunun Ka\u00e7mas\u0131, \u0130nfaz Kurumuna veya Tutukevine Yasak E\u015fya Sokma\u201d su\u00e7lar\u0131ndan ulusal seviyede aran\u0131yordu.<\/p>\n<p>\u201cT\u00dcRK POL\u0130S\u0130NDEN KA\u00c7AMAYACAKLAR\u201d<\/p>\n<p>Bakan Yerlikaya, payla\u015f\u0131m\u0131nda, \u201cHangi b\u00fcltenle aran\u0131rsa arans\u0131n, hangi \u00fclkeye ka\u00e7m\u0131\u015f olursa olsun, ter\u00f6r \u00f6rg\u00fct\u00fc ve organize su\u00e7 \u00f6rg\u00fct\u00fc \u00fcyelerini, zehir tacirlerini tek tek yakalay\u0131p \u00fclkemize geri getirece\u011fiz. T\u00fcrk Polisinden ka\u00e7amayacaklar!\u201d ifadelerine yer verdi.<\/p>\n<p>Bakan Yerlikaya, operasyonda eme\u011fi ge\u00e7en Adalet Bakanl\u0131\u011f\u0131 ve t\u00fcm ilgili birimlere te\u015fekk\u00fcr ederek, INTERPOL-EUROPOL Daire Ba\u015fkanl\u0131\u011f\u0131\u2019n\u0131 tebrik etti.<\/p>\n<p>\u200b\u0130\u00e7i\u015fleri Bakan\u0131 Ali Yerlikaya, k\u0131rm\u0131z\u0131 b\u00fcltenle aranan 11 ve ulusal seviyede aranan 1 su\u00e7lunun ABD, Almanya, \u0130talya, Fransa, Yunanistan, Karada\u011f, Polonya, Kosova ve G\u00fcrcistan\u2019dan T\u00fcrkiye\u2019ye iade edildi\u011fini duyurdu. Bu kabine d\u00f6neminde toplam 383 su\u00e7lunun iadesi sa\u011fland\u0131.<\/p>\n<p>(\u0130GFA) &#8211; T\u00fcrkiye, uluslararas\u0131 su\u00e7lularla m\u00fccadelesine h\u0131z kesmeden devam ediyor. \u0130\u00e7i\u015fleri Bakan\u0131 Ali Yerlikaya, sosyal medya hesab\u0131ndan yapt\u0131\u011f\u0131 a\u00e7\u0131klamada, k\u0131rm\u0131z\u0131 b\u00fcltenle uluslararas\u0131 seviyede aranan 11 su\u00e7lu ile ulusal seviyede aranan 1 su\u00e7lunun yakalanarak T\u00fcrkiye\u2019ye iade edildi\u011fini bildirdi.<\/p>\n<p>\u0130adeler, ABD, Almanya (4), \u0130talya, Fransa, Yunanistan, Karada\u011f, Polonya, Kosova ve G\u00fcrcistan\u2019dan ger\u00e7ekle\u015ftirildi. Bakan Yerlikaya, bu kabine d\u00f6neminde toplam 383 su\u00e7lunun T\u00fcrkiye\u2019ye iade edildi\u011fini vurgulad\u0131.<\/p>\n<p>Operasyon, Adalet Bakanl\u0131\u011f\u0131, Emniyet Genel M\u00fcd\u00fcrl\u00fc\u011f\u00fc INTERPOL-EUROPOL Daire Ba\u015fkanl\u0131\u011f\u0131, \u0130stihbarat Ba\u015fkanl\u0131\u011f\u0131, KOM Ba\u015fkanl\u0131\u011f\u0131, Narkotik Su\u00e7larla M\u00fccadele Ba\u015fkanl\u0131\u011f\u0131, G\u00f6\u00e7men Ka\u00e7ak\u00e7\u0131l\u0131\u011f\u0131yla M\u00fccadele ve Hudut Kap\u0131lar\u0131 Daire Ba\u015fkanl\u0131\u011f\u0131, Asayi\u015f ve Siber Su\u00e7larla M\u00fccadele Daire Ba\u015fkanl\u0131klar\u0131 ile Artvin \u0130l Emniyet M\u00fcd\u00fcrl\u00fc\u011f\u00fc\u2019n\u00fcn koordinasyonunda y\u00fcr\u00fct\u00fcld\u00fc.<\/p>\n<p><blockquote class=\"twitter-tweet\" data-width=\"550\" data-dnt=\"true\"><p lang=\"tr\" dir=\"ltr\">\ud83d\udfe5 K\u0131rm\u0131z\u0131 B\u00fcltenle Arad\u0131\u011f\u0131m\u0131z 11, <br>\u274c Ulusal Seviyede Arad\u0131\u011f\u0131m\u0131z 1, <br>Olmak \u00dczere 12 Su\u00e7luyu <br><br>ABD, ALMANYA(4), \u0130TALYA, FRANSA, YUNAN\u0130STAN, KARADA\u011e, POLONYA, KOSOVA ve G\u00dcRC\u0130STAN\u2019dan \u00dclkemize Getirdik. <br><br>Bu kabine d\u00f6nemimizde 383 su\u00e7lunun \u00fclkemize iadesini sa\u011flad\u0131k.\u2026 <a href=\"https:\/\/t.co\/Lkx9pptESS\">pic.twitter.com\/Lkx9pptESS<\/a><\/p>&mdash; Ali Yerlikaya (@AliYerlikaya) <a href=\"https:\/\/twitter.com\/AliYerlikaya\/status\/1937739189019132052?ref_src=twsrc%5Etfw\">June 25, 2025<\/a><\/blockquote><script async src=\"https:\/\/platform.twitter.com\/widgets.js\" charset=\"utf-8\"><\/script><\/p>\n<p>\u0130ADE ED\u0130LEN SU\u00c7LULAR VE SU\u00c7LARI<\/p>\n<p>Yakalanarak T\u00fcrkiye\u2019ye iade edilen su\u00e7lular ve i\u015fledikleri su\u00e7lar \u015f\u00f6yle:<\/p>\n<p>S.B.: Almanya\u2019da, \u201cNitelikli Cinsel \u0130stismar\u201d su\u00e7undan k\u0131rm\u0131z\u0131 b\u00fcltenle aran\u0131yordu.<\/p>\n<p>M.\u0130.: ABD\u2019de, \u201cNitelikli Cinsel \u0130stismar\u201d su\u00e7undan k\u0131rm\u0131z\u0131 b\u00fcltenle aran\u0131yordu.<\/p>\n<p>E.K.: \u0130talya\u2019da, \u201c\u00c7ocu\u011fun Cinsel \u0130stismar\u0131\u201d su\u00e7undan k\u0131rm\u0131z\u0131 b\u00fcltenle aran\u0131yordu.<\/p>\n<p>R.\u015e.: Yunanistan\u2019da, \u201cH\u0131rs\u0131zl\u0131k, Doland\u0131r\u0131c\u0131l\u0131k, Birden Fazla Ki\u015fi ile Tehdit, Konut Dokunulmazl\u0131\u011f\u0131n\u0131 \u0130hlal Etme ve Mala Zarar Verme\u201d su\u00e7lar\u0131ndan k\u0131rm\u0131z\u0131 b\u00fcltenle aran\u0131yordu.<\/p>\n<p>\u015e.\u00c7.: Karada\u011f\u2019da, \u201cDoland\u0131r\u0131c\u0131l\u0131k\u201d su\u00e7undan k\u0131rm\u0131z\u0131 b\u00fcltenle aran\u0131yordu.<\/p>\n<p>E.C.\u00c7.: Polonya\u2019da, \u201cKasten \u00d6ld\u00fcrme\u201d su\u00e7undan k\u0131rm\u0131z\u0131 b\u00fcltenle aran\u0131yordu.<\/p>\n<p>E.\u00d6.: Fransa\u2019da, \u201cKasten \u00d6ld\u00fcrme\u201d su\u00e7undan k\u0131rm\u0131z\u0131 b\u00fcltenle aran\u0131yordu.<\/p>\n<p>A.A.: Almanya\u2019da, \u201cUyu\u015fturucu veya Uyar\u0131c\u0131 Madde Ticareti Yapma veya Sa\u011flama\u201d su\u00e7undan k\u0131rm\u0131z\u0131 b\u00fcltenle aran\u0131yordu.<\/p>\n<p>M.K.: Almanya\u2019da, \u201cT\u00fcrk Vatanda\u015f\u0131 veya Yabanc\u0131n\u0131n Yurt D\u0131\u015f\u0131na \u00c7\u0131kmas\u0131na \u0130mk\u00e2n Sa\u011flama\u201d su\u00e7undan k\u0131rm\u0131z\u0131 b\u00fcltenle aran\u0131yordu.<\/p>\n<p>R.B.: G\u00fcrcistan\u2019da, \u201cH\u0131rs\u0131zl\u0131k, Konut Dokunulmazl\u0131\u011f\u0131n\u0131 \u0130hlal Etme, Kasten Yaralama, Uyu\u015fturucu, Mala Zarar Verme\u201d su\u00e7lar\u0131ndan k\u0131rm\u0131z\u0131 b\u00fcltenle aran\u0131yordu.<\/p>\n<p>M.B.: Almanya\u2019da, \u201cBirden Fazla Ki\u015fi Taraf\u0131ndan Birlikte Ya\u011fma, Cebir Tehdit veya Hile Kullanarak Ki\u015fiyi H\u00fcrriyetinden Yoksun K\u0131lma, Ruhsats\u0131z Ate\u015fli Silahlara Mermileri Sat\u0131n Alma ve Ta\u015f\u0131ma ve Bulundurma\u201d su\u00e7lar\u0131ndan k\u0131rm\u0131z\u0131 b\u00fcltenle aran\u0131yordu.<\/p>\n<p>A.Y.: Kosova\u2019da, \u201cKasten \u00d6ld\u00fcrme, H\u0131rs\u0131zl\u0131k, Mala Zarar Verme, Konut Dokunulmazl\u0131\u011f\u0131n\u0131 \u0130hlal Etme, H\u00fck\u00fcml\u00fc veya Tutuklunun Ka\u00e7mas\u0131, \u0130nfaz Kurumuna veya Tutukevine Yasak E\u015fya Sokma\u201d su\u00e7lar\u0131ndan ulusal seviyede aran\u0131yordu.<\/p>\n<p>\u201cT\u00dcRK POL\u0130S\u0130NDEN KA\u00c7AMAYACAKLAR\u201d<\/p>\n<p>Bakan Yerlikaya, payla\u015f\u0131m\u0131nda, \u201cHangi b\u00fcltenle aran\u0131rsa arans\u0131n, hangi \u00fclkeye ka\u00e7m\u0131\u015f olursa olsun, ter\u00f6r \u00f6rg\u00fct\u00fc ve organize su\u00e7 \u00f6rg\u00fct\u00fc \u00fcyelerini, zehir tacirlerini tek tek yakalay\u0131p \u00fclkemize geri getirece\u011fiz. T\u00fcrk Polisinden ka\u00e7amayacaklar!\u201d ifadelerine yer verdi.<\/p>\n<p>Bakan Yerlikaya, operasyonda eme\u011fi ge\u00e7en Adalet Bakanl\u0131\u011f\u0131 ve t\u00fcm ilgili birimlere te\u015fekk\u00fcr ederek, INTERPOL-EUROPOL Daire Ba\u015fkanl\u0131\u011f\u0131\u2019n\u0131 tebrik etti.\u00a0<\/p>\n<p>\u200bHaberin Al\u0131nt\u0131land\u0131\u011f\u0131 Kaynak: www.iskenderun.org<\/p>","protected":false},"excerpt":{"rendered":"<p>\u0130\u00e7i\u015fleri Bakan\u0131 Ali Yerlikaya, k\u0131rm\u0131z\u0131 b\u00fcltenle aranan 11 ve ulusal seviyede aranan 1 su\u00e7lunun ABD, Almanya, \u0130talya, Fransa, Yunanistan, Karada\u011f, Polonya, Kosova ve G\u00fcrcistan\u2019dan T\u00fcrkiye\u2019ye iade edildi\u011fini duyurdu. Bu kabine d\u00f6neminde toplam 383 su\u00e7lunun iadesi sa\u011fland\u0131. (\u0130GFA) &#8211; T\u00fcrkiye, uluslararas\u0131 su\u00e7lularla m\u00fccadelesine h\u0131z kesmeden devam ediyor. \u0130\u00e7i\u015fleri Bakan\u0131 Ali Yerlikaya, sosyal medya hesab\u0131ndan yapt\u0131\u011f\u0131 a\u00e7\u0131klamada, k\u0131rm\u0131z\u0131 b\u00fcltenle uluslararas\u0131 seviyede aranan 11 su\u00e7lu ile ulusal seviyede aranan 1 su\u00e7lunun yakalanarak T\u00fcrkiye\u2019ye iade edildi\u011fini bildirdi. \u0130adeler, ABD, Almanya (4), \u0130talya, Fransa, Yunanistan, Karada\u011f, Polonya, Kosova ve G\u00fcrcistan\u2019dan ger\u00e7ekle\u015ftirildi. Bakan Yerlikaya, bu kabine d\u00f6neminde toplam 383 su\u00e7lunun T\u00fcrkiye\u2019ye iade edildi\u011fini vurgulad\u0131. Operasyon, Adalet Bakanl\u0131\u011f\u0131, Emniyet Genel M\u00fcd\u00fcrl\u00fc\u011f\u00fc INTERPOL-EUROPOL Daire Ba\u015fkanl\u0131\u011f\u0131, \u0130stihbarat Ba\u015fkanl\u0131\u011f\u0131, KOM Ba\u015fkanl\u0131\u011f\u0131, Narkotik Su\u00e7larla M\u00fccadele Ba\u015fkanl\u0131\u011f\u0131, G\u00f6\u00e7men Ka\u00e7ak\u00e7\u0131l\u0131\u011f\u0131yla M\u00fccadele ve Hudut Kap\u0131lar\u0131 Daire Ba\u015fkanl\u0131\u011f\u0131, Asayi\u015f ve Siber Su\u00e7larla M\u00fccadele Daire Ba\u015fkanl\u0131klar\u0131 ile Artvin \u0130l Emniyet M\u00fcd\u00fcrl\u00fc\u011f\u00fc\u2019n\u00fcn koordinasyonunda y\u00fcr\u00fct\u00fcld\u00fc. \ud83d\udfe5 K\u0131rm\u0131z\u0131 B\u00fcltenle Arad\u0131\u011f\u0131m\u0131z 11, \u274c Ulusal Seviyede Arad\u0131\u011f\u0131m\u0131z 1, Olmak \u00dczere 12 Su\u00e7luyu ABD, ALMANYA(4), \u0130TALYA, FRANSA, YUNAN\u0130STAN, KARADA\u011e, POLONYA, KOSOVA ve G\u00dcRC\u0130STAN\u2019dan \u00dclkemize Getirdik. Bu kabine d\u00f6nemimizde 383 su\u00e7lunun \u00fclkemize iadesini sa\u011flad\u0131k.\u2026 pic.twitter.com\/Lkx9pptESS &mdash; Ali Yerlikaya (@AliYerlikaya) June 25, 2025 \u0130ADE ED\u0130LEN SU\u00c7LULAR VE SU\u00c7LARI Yakalanarak T\u00fcrkiye\u2019ye iade edilen su\u00e7lular ve i\u015fledikleri su\u00e7lar \u015f\u00f6yle: S.B.: Almanya\u2019da, \u201cNitelikli Cinsel \u0130stismar\u201d su\u00e7undan k\u0131rm\u0131z\u0131 &hellip;<\/p>","protected":false},"author":1,"featured_media":0,"comment_status":"","ping_status":"open","sticky":false,"template":"","format":"standard","meta":{"_acf_changed":false,"footnotes":""},"categories":[24],"tags":[],"class_list":["post-126049","post","type-post","status-publish","format-standard","has-post-thumbnail","hentry","category-gundem"],"acf":[],"yoast_head":"<!-- This site is optimized with the Yoast SEO Premium plugin v26.6 (Yoast SEO v27.1.1) - https:\/\/yoast.com\/product\/yoast-seo-premium-wordpress\/ -->\n<title>11 su\u00e7lu T\u00fcrkiye\u2019ye iade edildi - Av. Deniz Can K\u0131z\u0131l<\/title>\n<meta name=\"robots\" content=\"index, follow, max-snippet:-1, max-image-preview:large, max-video-preview:-1\" \/>\n<link rel=\"canonical\" href=\"https:\/\/denizcankizil.tr\/de\/haberler\/gundem\/11-suclu-turkiyeye-iade-edildi\/\" \/>\n<meta property=\"og:locale\" content=\"de_DE\" \/>\n<meta property=\"og:type\" content=\"article\" \/>\n<meta property=\"og:title\" content=\"11 su\u00e7lu T\u00fcrkiye\u2019ye iade edildi\" \/>\n<meta property=\"og:description\" content=\"\u0130\u00e7i\u015fleri Bakan\u0131 Ali Yerlikaya, k\u0131rm\u0131z\u0131 b\u00fcltenle aranan 11 ve ulusal seviyede aranan 1 su\u00e7lunun ABD, Almanya, \u0130talya, Fransa, Yunanistan, Karada\u011f, Polonya, Kosova ve G\u00fcrcistan\u2019dan T\u00fcrkiye\u2019ye iade edildi\u011fini duyurdu. Bu kabine d\u00f6neminde toplam 383 su\u00e7lunun iadesi sa\u011fland\u0131. (\u0130GFA) &#8211; T\u00fcrkiye, uluslararas\u0131 su\u00e7lularla m\u00fccadelesine h\u0131z kesmeden devam ediyor. \u0130\u00e7i\u015fleri Bakan\u0131 Ali Yerlikaya, sosyal medya hesab\u0131ndan yapt\u0131\u011f\u0131 a\u00e7\u0131klamada, k\u0131rm\u0131z\u0131 b\u00fcltenle uluslararas\u0131 seviyede aranan 11 su\u00e7lu ile ulusal seviyede aranan 1 su\u00e7lunun yakalanarak T\u00fcrkiye\u2019ye iade edildi\u011fini bildirdi. \u0130adeler, ABD, Almanya (4), \u0130talya, Fransa, Yunanistan, Karada\u011f, Polonya, Kosova ve G\u00fcrcistan\u2019dan ger\u00e7ekle\u015ftirildi. Bakan Yerlikaya, bu kabine d\u00f6neminde toplam 383 su\u00e7lunun T\u00fcrkiye\u2019ye iade edildi\u011fini vurgulad\u0131. Operasyon, Adalet Bakanl\u0131\u011f\u0131, Emniyet Genel M\u00fcd\u00fcrl\u00fc\u011f\u00fc INTERPOL-EUROPOL Daire Ba\u015fkanl\u0131\u011f\u0131, \u0130stihbarat Ba\u015fkanl\u0131\u011f\u0131, KOM Ba\u015fkanl\u0131\u011f\u0131, Narkotik Su\u00e7larla M\u00fccadele Ba\u015fkanl\u0131\u011f\u0131, G\u00f6\u00e7men Ka\u00e7ak\u00e7\u0131l\u0131\u011f\u0131yla M\u00fccadele ve Hudut Kap\u0131lar\u0131 Daire Ba\u015fkanl\u0131\u011f\u0131, Asayi\u015f ve Siber Su\u00e7larla M\u00fccadele Daire Ba\u015fkanl\u0131klar\u0131 ile Artvin \u0130l Emniyet M\u00fcd\u00fcrl\u00fc\u011f\u00fc\u2019n\u00fcn koordinasyonunda y\u00fcr\u00fct\u00fcld\u00fc. \ud83d\udfe5 K\u0131rm\u0131z\u0131 B\u00fcltenle Arad\u0131\u011f\u0131m\u0131z 11, \u274c Ulusal Seviyede Arad\u0131\u011f\u0131m\u0131z 1, Olmak \u00dczere 12 Su\u00e7luyu ABD, ALMANYA(4), \u0130TALYA, FRANSA, YUNAN\u0130STAN, KARADA\u011e, POLONYA, KOSOVA ve G\u00dcRC\u0130STAN\u2019dan \u00dclkemize Getirdik. Bu kabine d\u00f6nemimizde 383 su\u00e7lunun \u00fclkemize iadesini sa\u011flad\u0131k.\u2026 pic.twitter.com\/Lkx9pptESS &mdash; Ali Yerlikaya (@AliYerlikaya) June 25, 2025 \u0130ADE ED\u0130LEN SU\u00c7LULAR VE SU\u00c7LARI Yakalanarak T\u00fcrkiye\u2019ye iade edilen su\u00e7lular ve i\u015fledikleri su\u00e7lar \u015f\u00f6yle: S.B.: Almanya\u2019da, \u201cNitelikli Cinsel \u0130stismar\u201d su\u00e7undan k\u0131rm\u0131z\u0131 &hellip;\" \/>\n<meta property=\"og:url\" content=\"https:\/\/denizcankizil.tr\/de\/haberler\/gundem\/11-suclu-turkiyeye-iade-edildi\/\" \/>\n<meta property=\"og:site_name\" content=\"Av. Deniz Can K\u0131z\u0131l\" \/>\n<meta property=\"article:published_time\" content=\"2025-06-25T07:42:42+00:00\" \/>\n<meta name=\"author\" content=\"admin\" \/>\n<meta name=\"twitter:card\" content=\"summary_large_image\" \/>\n<meta name=\"twitter:label1\" content=\"Verfasst von\" \/>\n\t<meta name=\"twitter:data1\" content=\"admin\" \/>\n\t<meta name=\"twitter:label2\" content=\"Gesch\u00e4tzte Lesezeit\" \/>\n\t<meta name=\"twitter:data2\" content=\"6\u00a0Minuten\" \/>\n<script type=\"application\/ld+json\" class=\"yoast-schema-graph\">{\"@context\":\"https:\/\/schema.org\",\"@graph\":[{\"@type\":\"Article\",\"@id\":\"https:\/\/denizcankizil.tr\/de\/haberler\/gundem\/11-suclu-turkiyeye-iade-edildi\/#article\",\"isPartOf\":{\"@id\":\"https:\/\/denizcankizil.tr\/de\/haberler\/gundem\/11-suclu-turkiyeye-iade-edildi\/\"},\"author\":{\"name\":\"admin\",\"@id\":\"https:\/\/denizcankizil.tr\/de\/#\/schema\/person\/be3c05fe6a12686905512445d8185489\"},\"headline\":\"11 su\u00e7lu T\u00fcrkiye\u2019ye iade edildi\",\"datePublished\":\"2025-06-25T07:42:42+00:00\",\"mainEntityOfPage\":{\"@id\":\"https:\/\/denizcankizil.tr\/de\/haberler\/gundem\/11-suclu-turkiyeye-iade-edildi\/\"},\"wordCount\":1223,\"publisher\":{\"@id\":\"https:\/\/denizcankizil.tr\/de\/#organization\"},\"articleSection\":[\"G\u00fcndem\"],\"inLanguage\":\"de\"},{\"@type\":\"WebPage\",\"@id\":\"https:\/\/denizcankizil.tr\/de\/haberler\/gundem\/11-suclu-turkiyeye-iade-edildi\/\",\"url\":\"https:\/\/denizcankizil.tr\/de\/haberler\/gundem\/11-suclu-turkiyeye-iade-edildi\/\",\"name\":\"11 su\u00e7lu T\u00fcrkiye\u2019ye iade edildi - Av. Deniz Can K\u0131z\u0131l\",\"isPartOf\":{\"@id\":\"https:\/\/denizcankizil.tr\/de\/#website\"},\"datePublished\":\"2025-06-25T07:42:42+00:00\",\"breadcrumb\":{\"@id\":\"https:\/\/denizcankizil.tr\/de\/haberler\/gundem\/11-suclu-turkiyeye-iade-edildi\/#breadcrumb\"},\"inLanguage\":\"de\",\"potentialAction\":[{\"@type\":\"ReadAction\",\"target\":[\"https:\/\/denizcankizil.tr\/de\/haberler\/gundem\/11-suclu-turkiyeye-iade-edildi\/\"]}]},{\"@type\":\"BreadcrumbList\",\"@id\":\"https:\/\/denizcankizil.tr\/de\/haberler\/gundem\/11-suclu-turkiyeye-iade-edildi\/#breadcrumb\",\"itemListElement\":[{\"@type\":\"ListItem\",\"position\":1,\"name\":\"Home\",\"item\":\"https:\/\/denizcankizil.tr\/de\/\"},{\"@type\":\"ListItem\",\"position\":2,\"name\":\"11 su\u00e7lu T\u00fcrkiye\u2019ye iade edildi\"}]},{\"@type\":\"WebSite\",\"@id\":\"https:\/\/denizcankizil.tr\/de\/#website\",\"url\":\"https:\/\/denizcankizil.tr\/de\/\",\"name\":\"Av. Deniz Can K\u0131z\u0131l\",\"description\":\"Avukat Deniz Can K\u0131z\u0131l Antalya Barosu\",\"publisher\":{\"@id\":\"https:\/\/denizcankizil.tr\/de\/#organization\"},\"potentialAction\":[{\"@type\":\"SearchAction\",\"target\":{\"@type\":\"EntryPoint\",\"urlTemplate\":\"https:\/\/denizcankizil.tr\/de\/?s={search_term_string}\"},\"query-input\":{\"@type\":\"PropertyValueSpecification\",\"valueRequired\":true,\"valueName\":\"search_term_string\"}}],\"inLanguage\":\"de\"},{\"@type\":\"Organization\",\"@id\":\"https:\/\/denizcankizil.tr\/de\/#organization\",\"name\":\"Av. Deniz Can K\u0131z\u0131l\",\"url\":\"https:\/\/denizcankizil.tr\/de\/\",\"logo\":{\"@type\":\"ImageObject\",\"inLanguage\":\"de\",\"@id\":\"https:\/\/denizcankizil.tr\/de\/#\/schema\/logo\/image\/\",\"url\":\"https:\/\/denizcankizil.tr\/wp-content\/uploads\/2024\/10\/siyah-logo-svg.svg\",\"contentUrl\":\"https:\/\/denizcankizil.tr\/wp-content\/uploads\/2024\/10\/siyah-logo-svg.svg\",\"width\":1080,\"height\":1080,\"caption\":\"Av. Deniz Can K\u0131z\u0131l\"},\"image\":{\"@id\":\"https:\/\/denizcankizil.tr\/de\/#\/schema\/logo\/image\/\"}},{\"@type\":\"Person\",\"@id\":\"https:\/\/denizcankizil.tr\/de\/#\/schema\/person\/be3c05fe6a12686905512445d8185489\",\"name\":\"admin\",\"image\":{\"@type\":\"ImageObject\",\"inLanguage\":\"de\",\"@id\":\"https:\/\/denizcankizil.tr\/de\/#\/schema\/person\/image\/\",\"url\":\"https:\/\/secure.gravatar.com\/avatar\/c1fce94c830dc79107e174f890d7210541c4a63e8e5d816341794a2151c9d58c?s=96&d=mm&r=g\",\"contentUrl\":\"https:\/\/secure.gravatar.com\/avatar\/c1fce94c830dc79107e174f890d7210541c4a63e8e5d816341794a2151c9d58c?s=96&d=mm&r=g\",\"caption\":\"admin\"},\"sameAs\":[\"http:\/\/denizcankizil.tr\"],\"url\":\"https:\/\/www.iskenderun.org\/kirmizi-bultenle-aranan-11-suclu-turkiyeye-iade-edildi\"}]}<\/script>\n<!-- \/ Yoast SEO Premium plugin. -->","yoast_head_json":{"title":"11 su\u00e7lu T\u00fcrkiye\u2019ye iade edildi - Av. Deniz Can K\u0131z\u0131l","robots":{"index":"index","follow":"follow","max-snippet":"max-snippet:-1","max-image-preview":"max-image-preview:large","max-video-preview":"max-video-preview:-1"},"canonical":"https:\/\/denizcankizil.tr\/de\/haberler\/gundem\/11-suclu-turkiyeye-iade-edildi\/","og_locale":"de_DE","og_type":"article","og_title":"11 su\u00e7lu T\u00fcrkiye\u2019ye iade edildi","og_description":"\u0130\u00e7i\u015fleri Bakan\u0131 Ali Yerlikaya, k\u0131rm\u0131z\u0131 b\u00fcltenle aranan 11 ve ulusal seviyede aranan 1 su\u00e7lunun ABD, Almanya, \u0130talya, Fransa, Yunanistan, Karada\u011f, Polonya, Kosova ve G\u00fcrcistan\u2019dan T\u00fcrkiye\u2019ye iade edildi\u011fini duyurdu. Bu kabine d\u00f6neminde toplam 383 su\u00e7lunun iadesi sa\u011fland\u0131. (\u0130GFA) &#8211; T\u00fcrkiye, uluslararas\u0131 su\u00e7lularla m\u00fccadelesine h\u0131z kesmeden devam ediyor. \u0130\u00e7i\u015fleri Bakan\u0131 Ali Yerlikaya, sosyal medya hesab\u0131ndan yapt\u0131\u011f\u0131 a\u00e7\u0131klamada, k\u0131rm\u0131z\u0131 b\u00fcltenle uluslararas\u0131 seviyede aranan 11 su\u00e7lu ile ulusal seviyede aranan 1 su\u00e7lunun yakalanarak T\u00fcrkiye\u2019ye iade edildi\u011fini bildirdi. \u0130adeler, ABD, Almanya (4), \u0130talya, Fransa, Yunanistan, Karada\u011f, Polonya, Kosova ve G\u00fcrcistan\u2019dan ger\u00e7ekle\u015ftirildi. Bakan Yerlikaya, bu kabine d\u00f6neminde toplam 383 su\u00e7lunun T\u00fcrkiye\u2019ye iade edildi\u011fini vurgulad\u0131. Operasyon, Adalet Bakanl\u0131\u011f\u0131, Emniyet Genel M\u00fcd\u00fcrl\u00fc\u011f\u00fc INTERPOL-EUROPOL Daire Ba\u015fkanl\u0131\u011f\u0131, \u0130stihbarat Ba\u015fkanl\u0131\u011f\u0131, KOM Ba\u015fkanl\u0131\u011f\u0131, Narkotik Su\u00e7larla M\u00fccadele Ba\u015fkanl\u0131\u011f\u0131, G\u00f6\u00e7men Ka\u00e7ak\u00e7\u0131l\u0131\u011f\u0131yla M\u00fccadele ve Hudut Kap\u0131lar\u0131 Daire Ba\u015fkanl\u0131\u011f\u0131, Asayi\u015f ve Siber Su\u00e7larla M\u00fccadele Daire Ba\u015fkanl\u0131klar\u0131 ile Artvin \u0130l Emniyet M\u00fcd\u00fcrl\u00fc\u011f\u00fc\u2019n\u00fcn koordinasyonunda y\u00fcr\u00fct\u00fcld\u00fc. \ud83d\udfe5 K\u0131rm\u0131z\u0131 B\u00fcltenle Arad\u0131\u011f\u0131m\u0131z 11, \u274c Ulusal Seviyede Arad\u0131\u011f\u0131m\u0131z 1, Olmak \u00dczere 12 Su\u00e7luyu ABD, ALMANYA(4), \u0130TALYA, FRANSA, YUNAN\u0130STAN, KARADA\u011e, POLONYA, KOSOVA ve G\u00dcRC\u0130STAN\u2019dan \u00dclkemize Getirdik. Bu kabine d\u00f6nemimizde 383 su\u00e7lunun \u00fclkemize iadesini sa\u011flad\u0131k.\u2026 pic.twitter.com\/Lkx9pptESS &mdash; Ali Yerlikaya (@AliYerlikaya) June 25, 2025 \u0130ADE ED\u0130LEN SU\u00c7LULAR VE SU\u00c7LARI Yakalanarak T\u00fcrkiye\u2019ye iade edilen su\u00e7lular ve i\u015fledikleri su\u00e7lar \u015f\u00f6yle: S.B.: Almanya\u2019da, \u201cNitelikli Cinsel \u0130stismar\u201d su\u00e7undan k\u0131rm\u0131z\u0131 &hellip;","og_url":"https:\/\/denizcankizil.tr\/de\/haberler\/gundem\/11-suclu-turkiyeye-iade-edildi\/","og_site_name":"Av. Deniz Can K\u0131z\u0131l","article_published_time":"2025-06-25T07:42:42+00:00","author":"admin","twitter_card":"summary_large_image","twitter_misc":{"Verfasst von":"admin","Gesch\u00e4tzte Lesezeit":"6\u00a0Minuten"},"schema":{"@context":"https:\/\/schema.org","@graph":[{"@type":"Article","@id":"https:\/\/denizcankizil.tr\/de\/haberler\/gundem\/11-suclu-turkiyeye-iade-edildi\/#article","isPartOf":{"@id":"https:\/\/denizcankizil.tr\/de\/haberler\/gundem\/11-suclu-turkiyeye-iade-edildi\/"},"author":{"name":"admin","@id":"https:\/\/denizcankizil.tr\/de\/#\/schema\/person\/be3c05fe6a12686905512445d8185489"},"headline":"11 su\u00e7lu T\u00fcrkiye\u2019ye iade edildi","datePublished":"2025-06-25T07:42:42+00:00","mainEntityOfPage":{"@id":"https:\/\/denizcankizil.tr\/de\/haberler\/gundem\/11-suclu-turkiyeye-iade-edildi\/"},"wordCount":1223,"publisher":{"@id":"https:\/\/denizcankizil.tr\/de\/#organization"},"articleSection":["G\u00fcndem"],"inLanguage":"de"},{"@type":"WebPage","@id":"https:\/\/denizcankizil.tr\/de\/haberler\/gundem\/11-suclu-turkiyeye-iade-edildi\/","url":"https:\/\/denizcankizil.tr\/de\/haberler\/gundem\/11-suclu-turkiyeye-iade-edildi\/","name":"11 su\u00e7lu T\u00fcrkiye\u2019ye iade edildi - Av. Deniz Can K\u0131z\u0131l","isPartOf":{"@id":"https:\/\/denizcankizil.tr\/de\/#website"},"datePublished":"2025-06-25T07:42:42+00:00","breadcrumb":{"@id":"https:\/\/denizcankizil.tr\/de\/haberler\/gundem\/11-suclu-turkiyeye-iade-edildi\/#breadcrumb"},"inLanguage":"de","potentialAction":[{"@type":"ReadAction","target":["https:\/\/denizcankizil.tr\/de\/haberler\/gundem\/11-suclu-turkiyeye-iade-edildi\/"]}]},{"@type":"BreadcrumbList","@id":"https:\/\/denizcankizil.tr\/de\/haberler\/gundem\/11-suclu-turkiyeye-iade-edildi\/#breadcrumb","itemListElement":[{"@type":"ListItem","position":1,"name":"Home","item":"https:\/\/denizcankizil.tr\/de\/"},{"@type":"ListItem","position":2,"name":"11 su\u00e7lu T\u00fcrkiye\u2019ye iade edildi"}]},{"@type":"WebSite","@id":"https:\/\/denizcankizil.tr\/de\/#website","url":"https:\/\/denizcankizil.tr\/de\/","name":"Av. Deniz Can K\u0131z\u0131l","description":"Avukat Deniz Can K\u0131z\u0131l Antalya Barosu","publisher":{"@id":"https:\/\/denizcankizil.tr\/de\/#organization"},"potentialAction":[{"@type":"SearchAction","target":{"@type":"EntryPoint","urlTemplate":"https:\/\/denizcankizil.tr\/de\/?s={search_term_string}"},"query-input":{"@type":"PropertyValueSpecification","valueRequired":true,"valueName":"search_term_string"}}],"inLanguage":"de"},{"@type":"Organization","@id":"https:\/\/denizcankizil.tr\/de\/#organization","name":"Av. Deniz Can K\u0131z\u0131l","url":"https:\/\/denizcankizil.tr\/de\/","logo":{"@type":"ImageObject","inLanguage":"de","@id":"https:\/\/denizcankizil.tr\/de\/#\/schema\/logo\/image\/","url":"https:\/\/denizcankizil.tr\/wp-content\/uploads\/2024\/10\/siyah-logo-svg.svg","contentUrl":"https:\/\/denizcankizil.tr\/wp-content\/uploads\/2024\/10\/siyah-logo-svg.svg","width":1080,"height":1080,"caption":"Av. Deniz Can K\u0131z\u0131l"},"image":{"@id":"https:\/\/denizcankizil.tr\/de\/#\/schema\/logo\/image\/"}},{"@type":"Person","@id":"https:\/\/denizcankizil.tr\/de\/#\/schema\/person\/be3c05fe6a12686905512445d8185489","name":"Administrator","image":{"@type":"ImageObject","inLanguage":"de","@id":"https:\/\/denizcankizil.tr\/de\/#\/schema\/person\/image\/","url":"https:\/\/secure.gravatar.com\/avatar\/c1fce94c830dc79107e174f890d7210541c4a63e8e5d816341794a2151c9d58c?s=96&d=mm&r=g","contentUrl":"https:\/\/secure.gravatar.com\/avatar\/c1fce94c830dc79107e174f890d7210541c4a63e8e5d816341794a2151c9d58c?s=96&d=mm&r=g","caption":"admin"},"sameAs":["http:\/\/denizcankizil.tr"],"url":"https:\/\/www.iskenderun.org\/kirmizi-bultenle-aranan-11-suclu-turkiyeye-iade-edildi"}]}},"_links":{"self":[{"href":"https:\/\/denizcankizil.tr\/de\/wp-json\/wp\/v2\/posts\/126049","targetHints":{"allow":["GET"]}}],"collection":[{"href":"https:\/\/denizcankizil.tr\/de\/wp-json\/wp\/v2\/posts"}],"about":[{"href":"https:\/\/denizcankizil.tr\/de\/wp-json\/wp\/v2\/types\/post"}],"author":[{"embeddable":true,"href":"https:\/\/denizcankizil.tr\/de\/wp-json\/wp\/v2\/users\/1"}],"replies":[{"embeddable":true,"href":"https:\/\/denizcankizil.tr\/de\/wp-json\/wp\/v2\/comments?post=126049"}],"version-history":[{"count":0,"href":"https:\/\/denizcankizil.tr\/de\/wp-json\/wp\/v2\/posts\/126049\/revisions"}],"wp:attachment":[{"href":"https:\/\/denizcankizil.tr\/de\/wp-json\/wp\/v2\/media?parent=126049"}],"wp:term":[{"taxonomy":"category","embeddable":true,"href":"https:\/\/denizcankizil.tr\/de\/wp-json\/wp\/v2\/categories?post=126049"},{"taxonomy":"post_tag","embeddable":true,"href":"https:\/\/denizcankizil.tr\/de\/wp-json\/wp\/v2\/tags?post=126049"}],"curies":[{"name":"wp","href":"https:\/\/api.w.org\/{rel}","templated":true}]}}