{"id":125385,"date":"2025-06-24T18:42:23","date_gmt":"2025-06-24T15:42:23","guid":{"rendered":"https:\/\/denizcankizil.tr\/uncategorized-tr\/yapay-zeka-egitimde-yeni-cag-aciyor\/"},"modified":"2025-06-24T18:42:23","modified_gmt":"2025-06-24T15:42:23","slug":"yapay-zeka-egitimde-yeni-cag-aciyor","status":"publish","type":"post","link":"https:\/\/denizcankizil.tr\/de\/haberler\/gundem\/yapay-zeka-egitimde-yeni-cag-aciyor\/","title":{"rendered":"Yapay zek\u00e2 e\u011fitimde yeni \u00e7a\u011f a\u00e7\u0131yor"},"content":{"rendered":"<p>Milli E\u011fitim Bakanl\u0131\u011f\u0131\u2019n\u0131n ev sahipli\u011finde d\u00fczenlenen T\u00fcrkiye E\u011fitim Teknolojileri Zirvesi ve Fuar\u0131 (TETZ 2025), \u201cYapay Zek\u00e2 ve E\u011fitim\u201d temas\u0131yla k\u00fcresel liderleri \u0130stanbul\u2019da bulu\u015fturuyor.\u0130STANBUL (\u0130GFA) &#8211;  Alt\u0131nc\u0131s\u0131 d\u00fczenlenen T\u00fcrkiye E\u011fitim Teknolojileri Zirvesi ve Fuar\u0131 (TETZ 2025), 20 Haziran\u2019da Cumhurba\u015fkan\u0131 Recep Tayyip Erdo\u011fan\u2019\u0131n kat\u0131l\u0131m\u0131yla \u0130stanbul\u2019da ba\u015flad\u0131. Yapay zek\u00e2 ve e\u011fitim teknolojilerindeki yenilikleri ele alan zirve, 20 \u00fclkeden e\u011fitim bakanl\u0131\u011f\u0131 temsilcileri, teknoloji liderleri ve akademisyenleri bir araya getiriyor.<br \/>\nYAPAY ZEK\u00c2 E\u011e\u0130T\u0130MDE D\u00d6N\u00dc\u015e\u00dcM YARATIYOR<br \/>\nZirvenin ana temas\u0131 \u201cYapay Zek\u00e2 ve E\u011fitim\u201d olurken, \u00f6ne \u00e7\u0131kan konu\u015fmac\u0131lardan Yapay Zek\u00e2 E\u011fitim Derne\u011fi CEO\u2019su Amanda Bickerstaff, \u201cE\u011fitimin Yeni Zek\u00e2s\u0131: \u00d6\u011fretmen &amp; Yapay Zek\u00e2 \u0130\u015f Birli\u011fi\u201d ba\u015fl\u0131kl\u0131 sunumunda \u00e7arp\u0131c\u0131 tespitler payla\u015ft\u0131. Bickerstaff, D\u00fcnya Ekonomik Forumu verilerine g\u00f6re yapay zek\u00e2n\u0131n 2030\u2019a kadar 170 milyon yeni i\u015f yarataca\u011f\u0131n\u0131, 92 milyon pozisyonun ise yapay zek\u00e2ya devredilece\u011fini belirtti. \u201c\u00dcretken yapay zek\u00e2 kapasitesi her 7 ayda bir ikiye katlan\u0131yor. Bu h\u0131z, bireylerin s\u00fcrekli \u2018yeniden \u00f6\u011frenme\u2019 becerisi kazanmas\u0131n\u0131 zorunlu k\u0131l\u0131yor\u201d dedi<br \/>\n. Yarat\u0131c\u0131l\u0131k, analitik d\u00fc\u015f\u00fcnme ve \u00e7evikli\u011fin gelece\u011fin en kritik yetkinlikleri oldu\u011funu vurgulayan Bickerstaff, yapay zek\u00e2 okuryazarl\u0131\u011f\u0131n\u0131n i\u015f ba\u015fvurular\u0131nda olmazsa olmaz haline geldi\u011fini ifade etti.<\/p>\n<p>VER\u0130 G\u00dcVENL\u0130\u011e\u0130 VE E\u011e\u0130T\u0130MDE REFORM \u00c7A\u011eRISI<br \/>\nBickerstaff, yapay zek\u00e2n\u0131n insanlarla i\u015fbirli\u011fi halinde kullan\u0131ld\u0131\u011f\u0131nda \u00f6\u011frenme s\u00fcre\u00e7lerini g\u00fc\u00e7lendirdi\u011fini, ancak veri g\u00fcvenli\u011fine dikkat edilmesi gerekti\u011fini vurgulayarak, \u201c\u00d6zel bilgilerinizi payla\u015fmay\u0131n, g\u00fcvenilir sistemler kullan\u0131n\u201d dedi. E\u011fitim kurumlar\u0131n\u0131 m\u00fcfredatlar\u0131n\u0131 yapay zek\u00e2 okuryazarl\u0131\u011f\u0131na g\u00f6re revize etmeye \u00e7a\u011f\u0131ran Bickerstaff, \u00e7evik \u00f6\u011frenme modellerinin yayg\u0131nla\u015ft\u0131r\u0131lmas\u0131n\u0131 \u00f6nerdi.<br \/>\nZirvede OpenAI eski GTM Ba\u015fkan\u0131 Zack Kass, Skype Kurucusu Jonas Kjellberg ve Apple Siri\u2019nin Kurucusu Luc Julia gibi isimler yapay zek\u00e2n\u0131n e\u011fitime etkilerini tart\u0131\u015f\u0131yor. 80 panel ve oturumda, s\u0131n\u0131r \u00f6tesi e\u011fitim teknolojileri, giri\u015fimcilik ve dijital d\u00f6n\u00fc\u015f\u00fcm ele al\u0131n\u0131yor. E\u015f zamanl\u0131 fuarda 100\u2019den fazla teknoloji \u015firketi yeniliklerini sergilerken, kulu\u00e7ka merkezlerindeki e\u011fitim \u00e7\u00f6z\u00fcmleri yat\u0131r\u0131mc\u0131larla bulu\u015fuyor. Yapay zek\u00e2yla \u00fcretilmi\u015f ilk m\u00fczik aleti, sanat ve teknolojiyi birle\u015ftiren \u00f6zel bir sergilemeyle dikkat \u00e7ekiyor.<br \/>\n\u00d6\u011eRETMENLER SAHNES\u0130 VE YERL\u0130 TEKNOLOJ\u0130 VURGUSU<br \/>\n\u201c\u00d6\u011fretmenler Sahnesi\u201d, \u00f6\u011fretmenlerin s\u0131n\u0131flardaki yenilik\u00e7i uygulamalar\u0131n\u0131 payla\u015farak e\u011fitimde d\u00f6n\u00fc\u015f\u00fcm hikayelerine ev sahipli\u011fi yap\u0131yor. Fuar, yerli e\u011fitim teknolojisi \u015firketlerini uluslararas\u0131 pazarlara ta\u015f\u0131may\u0131 hedefliyor. Mill\u00ee E\u011fitim Bakanl\u0131\u011f\u0131, \u00d6zel Okullar Birli\u011fi, T\u00dcB\u0130TAK, teknoparklar ve \u00fcniversitelerin destekledi\u011fi TETZ 2025, T\u00fcrkiye\u2019nin e\u011fitim teknolojilerindeki k\u00fcresel vizyonunu g\u00fc\u00e7lendiriyor.<\/p>\n<p>\u200bMilli E\u011fitim Bakanl\u0131\u011f\u0131\u2019n\u0131n ev sahipli\u011finde d\u00fczenlenen T\u00fcrkiye E\u011fitim Teknolojileri Zirvesi ve Fuar\u0131 (TETZ 2025), \u201cYapay Zek\u00e2 ve E\u011fitim\u201d temas\u0131yla k\u00fcresel liderleri \u0130stanbul\u2019da bulu\u015fturuyor.\u0130STANBUL (\u0130GFA) &#8211;  Alt\u0131nc\u0131s\u0131 d\u00fczenlenen T\u00fcrkiye E\u011fitim Teknolojileri Zirvesi ve Fuar\u0131 (TETZ 2025), 20 Haziran\u2019da Cumhurba\u015fkan\u0131 Recep Tayyip Erdo\u011fan\u2019\u0131n kat\u0131l\u0131m\u0131yla \u0130stanbul\u2019da ba\u015flad\u0131. Yapay zek\u00e2 ve e\u011fitim teknolojilerindeki yenilikleri ele alan zirve, 20 \u00fclkeden e\u011fitim bakanl\u0131\u011f\u0131 temsilcileri, teknoloji liderleri ve akademisyenleri bir araya getiriyor.<br \/>\nYAPAY ZEK\u00c2 E\u011e\u0130T\u0130MDE D\u00d6N\u00dc\u015e\u00dcM YARATIYOR<br \/>\nZirvenin ana temas\u0131 \u201cYapay Zek\u00e2 ve E\u011fitim\u201d olurken, \u00f6ne \u00e7\u0131kan konu\u015fmac\u0131lardan Yapay Zek\u00e2 E\u011fitim Derne\u011fi CEO\u2019su Amanda Bickerstaff, \u201cE\u011fitimin Yeni Zek\u00e2s\u0131: \u00d6\u011fretmen &amp; Yapay Zek\u00e2 \u0130\u015f Birli\u011fi\u201d ba\u015fl\u0131kl\u0131 sunumunda \u00e7arp\u0131c\u0131 tespitler payla\u015ft\u0131. Bickerstaff, D\u00fcnya Ekonomik Forumu verilerine g\u00f6re yapay zek\u00e2n\u0131n 2030\u2019a kadar 170 milyon yeni i\u015f yarataca\u011f\u0131n\u0131, 92 milyon pozisyonun ise yapay zek\u00e2ya devredilece\u011fini belirtti. \u201c\u00dcretken yapay zek\u00e2 kapasitesi her 7 ayda bir ikiye katlan\u0131yor. Bu h\u0131z, bireylerin s\u00fcrekli \u2018yeniden \u00f6\u011frenme\u2019 becerisi kazanmas\u0131n\u0131 zorunlu k\u0131l\u0131yor\u201d dedi<br \/>\n. Yarat\u0131c\u0131l\u0131k, analitik d\u00fc\u015f\u00fcnme ve \u00e7evikli\u011fin gelece\u011fin en kritik yetkinlikleri oldu\u011funu vurgulayan Bickerstaff, yapay zek\u00e2 okuryazarl\u0131\u011f\u0131n\u0131n i\u015f ba\u015fvurular\u0131nda olmazsa olmaz haline geldi\u011fini ifade etti.<\/p>\n<p>VER\u0130 G\u00dcVENL\u0130\u011e\u0130 VE E\u011e\u0130T\u0130MDE REFORM \u00c7A\u011eRISI<br \/>\nBickerstaff, yapay zek\u00e2n\u0131n insanlarla i\u015fbirli\u011fi halinde kullan\u0131ld\u0131\u011f\u0131nda \u00f6\u011frenme s\u00fcre\u00e7lerini g\u00fc\u00e7lendirdi\u011fini, ancak veri g\u00fcvenli\u011fine dikkat edilmesi gerekti\u011fini vurgulayarak, \u201c\u00d6zel bilgilerinizi payla\u015fmay\u0131n, g\u00fcvenilir sistemler kullan\u0131n\u201d dedi. E\u011fitim kurumlar\u0131n\u0131 m\u00fcfredatlar\u0131n\u0131 yapay zek\u00e2 okuryazarl\u0131\u011f\u0131na g\u00f6re revize etmeye \u00e7a\u011f\u0131ran Bickerstaff, \u00e7evik \u00f6\u011frenme modellerinin yayg\u0131nla\u015ft\u0131r\u0131lmas\u0131n\u0131 \u00f6nerdi.<br \/>\nZirvede OpenAI eski GTM Ba\u015fkan\u0131 Zack Kass, Skype Kurucusu Jonas Kjellberg ve Apple Siri\u2019nin Kurucusu Luc Julia gibi isimler yapay zek\u00e2n\u0131n e\u011fitime etkilerini tart\u0131\u015f\u0131yor. 80 panel ve oturumda, s\u0131n\u0131r \u00f6tesi e\u011fitim teknolojileri, giri\u015fimcilik ve dijital d\u00f6n\u00fc\u015f\u00fcm ele al\u0131n\u0131yor. E\u015f zamanl\u0131 fuarda 100\u2019den fazla teknoloji \u015firketi yeniliklerini sergilerken, kulu\u00e7ka merkezlerindeki e\u011fitim \u00e7\u00f6z\u00fcmleri yat\u0131r\u0131mc\u0131larla bulu\u015fuyor. Yapay zek\u00e2yla \u00fcretilmi\u015f ilk m\u00fczik aleti, sanat ve teknolojiyi birle\u015ftiren \u00f6zel bir sergilemeyle dikkat \u00e7ekiyor.<br \/>\n\u00d6\u011eRETMENLER SAHNES\u0130 VE YERL\u0130 TEKNOLOJ\u0130 VURGUSU<br \/>\n\u201c\u00d6\u011fretmenler Sahnesi\u201d, \u00f6\u011fretmenlerin s\u0131n\u0131flardaki yenilik\u00e7i uygulamalar\u0131n\u0131 payla\u015farak e\u011fitimde d\u00f6n\u00fc\u015f\u00fcm hikayelerine ev sahipli\u011fi yap\u0131yor. Fuar, yerli e\u011fitim teknolojisi \u015firketlerini uluslararas\u0131 pazarlara ta\u015f\u0131may\u0131 hedefliyor. Mill\u00ee E\u011fitim Bakanl\u0131\u011f\u0131, \u00d6zel Okullar Birli\u011fi, T\u00dcB\u0130TAK, teknoparklar ve \u00fcniversitelerin destekledi\u011fi TETZ 2025, T\u00fcrkiye\u2019nin e\u011fitim teknolojilerindeki k\u00fcresel vizyonunu g\u00fc\u00e7lendiriyor.\u00a0<\/p>\n<p>\u200bHaberin Al\u0131nt\u0131land\u0131\u011f\u0131 Kaynak: www.iskenderun.org<\/p>","protected":false},"excerpt":{"rendered":"<p>Milli E\u011fitim Bakanl\u0131\u011f\u0131\u2019n\u0131n ev sahipli\u011finde d\u00fczenlenen T\u00fcrkiye E\u011fitim Teknolojileri Zirvesi ve Fuar\u0131 (TETZ 2025), \u201cYapay Zek\u00e2 ve E\u011fitim\u201d temas\u0131yla k\u00fcresel liderleri \u0130stanbul\u2019da bulu\u015fturuyor.\u0130STANBUL (\u0130GFA) &#8211; Alt\u0131nc\u0131s\u0131 d\u00fczenlenen T\u00fcrkiye E\u011fitim Teknolojileri Zirvesi ve Fuar\u0131 (TETZ 2025), 20 Haziran\u2019da Cumhurba\u015fkan\u0131 Recep Tayyip Erdo\u011fan\u2019\u0131n kat\u0131l\u0131m\u0131yla \u0130stanbul\u2019da ba\u015flad\u0131. Yapay zek\u00e2 ve e\u011fitim teknolojilerindeki yenilikleri ele alan zirve, 20 \u00fclkeden e\u011fitim bakanl\u0131\u011f\u0131 temsilcileri, teknoloji liderleri ve akademisyenleri bir araya getiriyor. YAPAY ZEK\u00c2 E\u011e\u0130T\u0130MDE D\u00d6N\u00dc\u015e\u00dcM YARATIYOR Zirvenin ana temas\u0131 \u201cYapay Zek\u00e2 ve E\u011fitim\u201d olurken, \u00f6ne \u00e7\u0131kan konu\u015fmac\u0131lardan Yapay Zek\u00e2 E\u011fitim Derne\u011fi CEO\u2019su Amanda Bickerstaff, \u201cE\u011fitimin Yeni Zek\u00e2s\u0131: \u00d6\u011fretmen &amp; Yapay Zek\u00e2 \u0130\u015f Birli\u011fi\u201d ba\u015fl\u0131kl\u0131 sunumunda \u00e7arp\u0131c\u0131 tespitler payla\u015ft\u0131. Bickerstaff, D\u00fcnya Ekonomik Forumu verilerine g\u00f6re yapay zek\u00e2n\u0131n 2030\u2019a kadar 170 milyon yeni i\u015f yarataca\u011f\u0131n\u0131, 92 milyon pozisyonun ise yapay zek\u00e2ya devredilece\u011fini belirtti. \u201c\u00dcretken yapay zek\u00e2 kapasitesi her 7 ayda bir ikiye katlan\u0131yor. Bu h\u0131z, bireylerin s\u00fcrekli \u2018yeniden \u00f6\u011frenme\u2019 becerisi kazanmas\u0131n\u0131 zorunlu k\u0131l\u0131yor\u201d dedi . Yarat\u0131c\u0131l\u0131k, analitik d\u00fc\u015f\u00fcnme ve \u00e7evikli\u011fin gelece\u011fin en kritik yetkinlikleri oldu\u011funu vurgulayan Bickerstaff, yapay zek\u00e2 okuryazarl\u0131\u011f\u0131n\u0131n i\u015f ba\u015fvurular\u0131nda olmazsa olmaz haline geldi\u011fini ifade etti. VER\u0130 G\u00dcVENL\u0130\u011e\u0130 VE E\u011e\u0130T\u0130MDE REFORM \u00c7A\u011eRISI Bickerstaff, yapay zek\u00e2n\u0131n insanlarla i\u015fbirli\u011fi halinde kullan\u0131ld\u0131\u011f\u0131nda \u00f6\u011frenme s\u00fcre\u00e7lerini g\u00fc\u00e7lendirdi\u011fini, ancak veri g\u00fcvenli\u011fine dikkat edilmesi gerekti\u011fini vurgulayarak, \u201c\u00d6zel bilgilerinizi payla\u015fmay\u0131n, g\u00fcvenilir sistemler kullan\u0131n\u201d dedi. &hellip;<\/p>","protected":false},"author":1,"featured_media":0,"comment_status":"","ping_status":"open","sticky":false,"template":"","format":"standard","meta":{"_acf_changed":false,"footnotes":""},"categories":[24],"tags":[],"class_list":["post-125385","post","type-post","status-publish","format-standard","has-post-thumbnail","hentry","category-gundem"],"acf":[],"yoast_head":"<!-- This site is optimized with the Yoast SEO Premium plugin v26.6 (Yoast SEO v27.1.1) - https:\/\/yoast.com\/product\/yoast-seo-premium-wordpress\/ -->\n<title>Yapay zek\u00e2 e\u011fitimde yeni \u00e7a\u011f a\u00e7\u0131yor - Av. Deniz Can K\u0131z\u0131l<\/title>\n<meta name=\"robots\" content=\"index, follow, max-snippet:-1, max-image-preview:large, max-video-preview:-1\" \/>\n<link rel=\"canonical\" href=\"https:\/\/denizcankizil.tr\/de\/haberler\/gundem\/yapay-zeka-egitimde-yeni-cag-aciyor\/\" \/>\n<meta property=\"og:locale\" content=\"de_DE\" \/>\n<meta property=\"og:type\" content=\"article\" \/>\n<meta property=\"og:title\" content=\"Yapay zek\u00e2 e\u011fitimde yeni \u00e7a\u011f a\u00e7\u0131yor\" \/>\n<meta property=\"og:description\" content=\"Milli E\u011fitim Bakanl\u0131\u011f\u0131\u2019n\u0131n ev sahipli\u011finde d\u00fczenlenen T\u00fcrkiye E\u011fitim Teknolojileri Zirvesi ve Fuar\u0131 (TETZ 2025), \u201cYapay Zek\u00e2 ve E\u011fitim\u201d temas\u0131yla k\u00fcresel liderleri \u0130stanbul\u2019da bulu\u015fturuyor.\u0130STANBUL (\u0130GFA) &#8211; Alt\u0131nc\u0131s\u0131 d\u00fczenlenen T\u00fcrkiye E\u011fitim Teknolojileri Zirvesi ve Fuar\u0131 (TETZ 2025), 20 Haziran\u2019da Cumhurba\u015fkan\u0131 Recep Tayyip Erdo\u011fan\u2019\u0131n kat\u0131l\u0131m\u0131yla \u0130stanbul\u2019da ba\u015flad\u0131. Yapay zek\u00e2 ve e\u011fitim teknolojilerindeki yenilikleri ele alan zirve, 20 \u00fclkeden e\u011fitim bakanl\u0131\u011f\u0131 temsilcileri, teknoloji liderleri ve akademisyenleri bir araya getiriyor. YAPAY ZEK\u00c2 E\u011e\u0130T\u0130MDE D\u00d6N\u00dc\u015e\u00dcM YARATIYOR Zirvenin ana temas\u0131 \u201cYapay Zek\u00e2 ve E\u011fitim\u201d olurken, \u00f6ne \u00e7\u0131kan konu\u015fmac\u0131lardan Yapay Zek\u00e2 E\u011fitim Derne\u011fi CEO\u2019su Amanda Bickerstaff, \u201cE\u011fitimin Yeni Zek\u00e2s\u0131: \u00d6\u011fretmen &amp; Yapay Zek\u00e2 \u0130\u015f Birli\u011fi\u201d ba\u015fl\u0131kl\u0131 sunumunda \u00e7arp\u0131c\u0131 tespitler payla\u015ft\u0131. Bickerstaff, D\u00fcnya Ekonomik Forumu verilerine g\u00f6re yapay zek\u00e2n\u0131n 2030\u2019a kadar 170 milyon yeni i\u015f yarataca\u011f\u0131n\u0131, 92 milyon pozisyonun ise yapay zek\u00e2ya devredilece\u011fini belirtti. \u201c\u00dcretken yapay zek\u00e2 kapasitesi her 7 ayda bir ikiye katlan\u0131yor. Bu h\u0131z, bireylerin s\u00fcrekli \u2018yeniden \u00f6\u011frenme\u2019 becerisi kazanmas\u0131n\u0131 zorunlu k\u0131l\u0131yor\u201d dedi . Yarat\u0131c\u0131l\u0131k, analitik d\u00fc\u015f\u00fcnme ve \u00e7evikli\u011fin gelece\u011fin en kritik yetkinlikleri oldu\u011funu vurgulayan Bickerstaff, yapay zek\u00e2 okuryazarl\u0131\u011f\u0131n\u0131n i\u015f ba\u015fvurular\u0131nda olmazsa olmaz haline geldi\u011fini ifade etti. VER\u0130 G\u00dcVENL\u0130\u011e\u0130 VE E\u011e\u0130T\u0130MDE REFORM \u00c7A\u011eRISI Bickerstaff, yapay zek\u00e2n\u0131n insanlarla i\u015fbirli\u011fi halinde kullan\u0131ld\u0131\u011f\u0131nda \u00f6\u011frenme s\u00fcre\u00e7lerini g\u00fc\u00e7lendirdi\u011fini, ancak veri g\u00fcvenli\u011fine dikkat edilmesi gerekti\u011fini vurgulayarak, \u201c\u00d6zel bilgilerinizi payla\u015fmay\u0131n, g\u00fcvenilir sistemler kullan\u0131n\u201d dedi. &hellip;\" \/>\n<meta property=\"og:url\" content=\"https:\/\/denizcankizil.tr\/de\/haberler\/gundem\/yapay-zeka-egitimde-yeni-cag-aciyor\/\" \/>\n<meta property=\"og:site_name\" content=\"Av. Deniz Can K\u0131z\u0131l\" \/>\n<meta property=\"article:published_time\" content=\"2025-06-24T15:42:23+00:00\" \/>\n<meta name=\"author\" content=\"admin\" \/>\n<meta name=\"twitter:card\" content=\"summary_large_image\" \/>\n<meta name=\"twitter:label1\" content=\"Verfasst von\" \/>\n\t<meta name=\"twitter:data1\" content=\"admin\" \/>\n\t<meta name=\"twitter:label2\" content=\"Gesch\u00e4tzte Lesezeit\" \/>\n\t<meta name=\"twitter:data2\" content=\"5\u00a0Minuten\" \/>\n<script type=\"application\/ld+json\" class=\"yoast-schema-graph\">{\"@context\":\"https:\/\/schema.org\",\"@graph\":[{\"@type\":\"Article\",\"@id\":\"https:\/\/denizcankizil.tr\/de\/haberler\/gundem\/yapay-zeka-egitimde-yeni-cag-aciyor\/#article\",\"isPartOf\":{\"@id\":\"https:\/\/denizcankizil.tr\/de\/haberler\/gundem\/yapay-zeka-egitimde-yeni-cag-aciyor\/\"},\"author\":{\"name\":\"admin\",\"@id\":\"https:\/\/denizcankizil.tr\/#\/schema\/person\/be3c05fe6a12686905512445d8185489\"},\"headline\":\"Yapay zek\u00e2 e\u011fitimde yeni \u00e7a\u011f a\u00e7\u0131yor\",\"datePublished\":\"2025-06-24T15:42:23+00:00\",\"mainEntityOfPage\":{\"@id\":\"https:\/\/denizcankizil.tr\/de\/haberler\/gundem\/yapay-zeka-egitimde-yeni-cag-aciyor\/\"},\"wordCount\":956,\"publisher\":{\"@id\":\"https:\/\/denizcankizil.tr\/#organization\"},\"articleSection\":[\"G\u00fcndem\"],\"inLanguage\":\"de\"},{\"@type\":\"WebPage\",\"@id\":\"https:\/\/denizcankizil.tr\/de\/haberler\/gundem\/yapay-zeka-egitimde-yeni-cag-aciyor\/\",\"url\":\"https:\/\/denizcankizil.tr\/de\/haberler\/gundem\/yapay-zeka-egitimde-yeni-cag-aciyor\/\",\"name\":\"Yapay zek\u00e2 e\u011fitimde yeni \u00e7a\u011f a\u00e7\u0131yor - Av. Deniz Can K\u0131z\u0131l\",\"isPartOf\":{\"@id\":\"https:\/\/denizcankizil.tr\/#website\"},\"datePublished\":\"2025-06-24T15:42:23+00:00\",\"breadcrumb\":{\"@id\":\"https:\/\/denizcankizil.tr\/de\/haberler\/gundem\/yapay-zeka-egitimde-yeni-cag-aciyor\/#breadcrumb\"},\"inLanguage\":\"de\",\"potentialAction\":[{\"@type\":\"ReadAction\",\"target\":[\"https:\/\/denizcankizil.tr\/de\/haberler\/gundem\/yapay-zeka-egitimde-yeni-cag-aciyor\/\"]}]},{\"@type\":\"BreadcrumbList\",\"@id\":\"https:\/\/denizcankizil.tr\/de\/haberler\/gundem\/yapay-zeka-egitimde-yeni-cag-aciyor\/#breadcrumb\",\"itemListElement\":[{\"@type\":\"ListItem\",\"position\":1,\"name\":\"Home\",\"item\":\"https:\/\/denizcankizil.tr\/uk\/\"},{\"@type\":\"ListItem\",\"position\":2,\"name\":\"Yapay zek\u00e2 e\u011fitimde yeni \u00e7a\u011f a\u00e7\u0131yor\"}]},{\"@type\":\"WebSite\",\"@id\":\"https:\/\/denizcankizil.tr\/#website\",\"url\":\"https:\/\/denizcankizil.tr\/\",\"name\":\"Av. Deniz Can K\u0131z\u0131l\",\"description\":\"Avukat Deniz Can K\u0131z\u0131l Antalya Barosu\",\"publisher\":{\"@id\":\"https:\/\/denizcankizil.tr\/#organization\"},\"potentialAction\":[{\"@type\":\"SearchAction\",\"target\":{\"@type\":\"EntryPoint\",\"urlTemplate\":\"https:\/\/denizcankizil.tr\/?s={search_term_string}\"},\"query-input\":{\"@type\":\"PropertyValueSpecification\",\"valueRequired\":true,\"valueName\":\"search_term_string\"}}],\"inLanguage\":\"de\"},{\"@type\":\"Organization\",\"@id\":\"https:\/\/denizcankizil.tr\/#organization\",\"name\":\"Av. Deniz Can K\u0131z\u0131l\",\"url\":\"https:\/\/denizcankizil.tr\/\",\"logo\":{\"@type\":\"ImageObject\",\"inLanguage\":\"de\",\"@id\":\"https:\/\/denizcankizil.tr\/#\/schema\/logo\/image\/\",\"url\":\"https:\/\/denizcankizil.tr\/wp-content\/uploads\/2024\/10\/siyah-logo-svg.svg\",\"contentUrl\":\"https:\/\/denizcankizil.tr\/wp-content\/uploads\/2024\/10\/siyah-logo-svg.svg\",\"width\":1080,\"height\":1080,\"caption\":\"Av. Deniz Can K\u0131z\u0131l\"},\"image\":{\"@id\":\"https:\/\/denizcankizil.tr\/#\/schema\/logo\/image\/\"}},{\"@type\":\"Person\",\"@id\":\"https:\/\/denizcankizil.tr\/#\/schema\/person\/be3c05fe6a12686905512445d8185489\",\"name\":\"admin\",\"image\":{\"@type\":\"ImageObject\",\"inLanguage\":\"de\",\"@id\":\"https:\/\/denizcankizil.tr\/#\/schema\/person\/image\/\",\"url\":\"https:\/\/secure.gravatar.com\/avatar\/c1fce94c830dc79107e174f890d7210541c4a63e8e5d816341794a2151c9d58c?s=96&d=mm&r=g\",\"contentUrl\":\"https:\/\/secure.gravatar.com\/avatar\/c1fce94c830dc79107e174f890d7210541c4a63e8e5d816341794a2151c9d58c?s=96&d=mm&r=g\",\"caption\":\"admin\"},\"sameAs\":[\"http:\/\/denizcankizil.tr\"],\"url\":\"https:\/\/www.iskenderun.org\/yapay-zeka-egitimde-yeni-cag-aciyor\"}]}<\/script>\n<!-- \/ Yoast SEO Premium plugin. -->","yoast_head_json":{"title":"Yapay zek\u00e2 e\u011fitimde yeni \u00e7a\u011f a\u00e7\u0131yor - Av. Deniz Can K\u0131z\u0131l","robots":{"index":"index","follow":"follow","max-snippet":"max-snippet:-1","max-image-preview":"max-image-preview:large","max-video-preview":"max-video-preview:-1"},"canonical":"https:\/\/denizcankizil.tr\/de\/haberler\/gundem\/yapay-zeka-egitimde-yeni-cag-aciyor\/","og_locale":"de_DE","og_type":"article","og_title":"Yapay zek\u00e2 e\u011fitimde yeni \u00e7a\u011f a\u00e7\u0131yor","og_description":"Milli E\u011fitim Bakanl\u0131\u011f\u0131\u2019n\u0131n ev sahipli\u011finde d\u00fczenlenen T\u00fcrkiye E\u011fitim Teknolojileri Zirvesi ve Fuar\u0131 (TETZ 2025), \u201cYapay Zek\u00e2 ve E\u011fitim\u201d temas\u0131yla k\u00fcresel liderleri \u0130stanbul\u2019da bulu\u015fturuyor.\u0130STANBUL (\u0130GFA) &#8211; Alt\u0131nc\u0131s\u0131 d\u00fczenlenen T\u00fcrkiye E\u011fitim Teknolojileri Zirvesi ve Fuar\u0131 (TETZ 2025), 20 Haziran\u2019da Cumhurba\u015fkan\u0131 Recep Tayyip Erdo\u011fan\u2019\u0131n kat\u0131l\u0131m\u0131yla \u0130stanbul\u2019da ba\u015flad\u0131. Yapay zek\u00e2 ve e\u011fitim teknolojilerindeki yenilikleri ele alan zirve, 20 \u00fclkeden e\u011fitim bakanl\u0131\u011f\u0131 temsilcileri, teknoloji liderleri ve akademisyenleri bir araya getiriyor. YAPAY ZEK\u00c2 E\u011e\u0130T\u0130MDE D\u00d6N\u00dc\u015e\u00dcM YARATIYOR Zirvenin ana temas\u0131 \u201cYapay Zek\u00e2 ve E\u011fitim\u201d olurken, \u00f6ne \u00e7\u0131kan konu\u015fmac\u0131lardan Yapay Zek\u00e2 E\u011fitim Derne\u011fi CEO\u2019su Amanda Bickerstaff, \u201cE\u011fitimin Yeni Zek\u00e2s\u0131: \u00d6\u011fretmen &amp; Yapay Zek\u00e2 \u0130\u015f Birli\u011fi\u201d ba\u015fl\u0131kl\u0131 sunumunda \u00e7arp\u0131c\u0131 tespitler payla\u015ft\u0131. Bickerstaff, D\u00fcnya Ekonomik Forumu verilerine g\u00f6re yapay zek\u00e2n\u0131n 2030\u2019a kadar 170 milyon yeni i\u015f yarataca\u011f\u0131n\u0131, 92 milyon pozisyonun ise yapay zek\u00e2ya devredilece\u011fini belirtti. \u201c\u00dcretken yapay zek\u00e2 kapasitesi her 7 ayda bir ikiye katlan\u0131yor. Bu h\u0131z, bireylerin s\u00fcrekli \u2018yeniden \u00f6\u011frenme\u2019 becerisi kazanmas\u0131n\u0131 zorunlu k\u0131l\u0131yor\u201d dedi . Yarat\u0131c\u0131l\u0131k, analitik d\u00fc\u015f\u00fcnme ve \u00e7evikli\u011fin gelece\u011fin en kritik yetkinlikleri oldu\u011funu vurgulayan Bickerstaff, yapay zek\u00e2 okuryazarl\u0131\u011f\u0131n\u0131n i\u015f ba\u015fvurular\u0131nda olmazsa olmaz haline geldi\u011fini ifade etti. VER\u0130 G\u00dcVENL\u0130\u011e\u0130 VE E\u011e\u0130T\u0130MDE REFORM \u00c7A\u011eRISI Bickerstaff, yapay zek\u00e2n\u0131n insanlarla i\u015fbirli\u011fi halinde kullan\u0131ld\u0131\u011f\u0131nda \u00f6\u011frenme s\u00fcre\u00e7lerini g\u00fc\u00e7lendirdi\u011fini, ancak veri g\u00fcvenli\u011fine dikkat edilmesi gerekti\u011fini vurgulayarak, \u201c\u00d6zel bilgilerinizi payla\u015fmay\u0131n, g\u00fcvenilir sistemler kullan\u0131n\u201d dedi. &hellip;","og_url":"https:\/\/denizcankizil.tr\/de\/haberler\/gundem\/yapay-zeka-egitimde-yeni-cag-aciyor\/","og_site_name":"Av. Deniz Can K\u0131z\u0131l","article_published_time":"2025-06-24T15:42:23+00:00","author":"admin","twitter_card":"summary_large_image","twitter_misc":{"Verfasst von":"admin","Gesch\u00e4tzte Lesezeit":"5\u00a0Minuten"},"schema":{"@context":"https:\/\/schema.org","@graph":[{"@type":"Article","@id":"https:\/\/denizcankizil.tr\/de\/haberler\/gundem\/yapay-zeka-egitimde-yeni-cag-aciyor\/#article","isPartOf":{"@id":"https:\/\/denizcankizil.tr\/de\/haberler\/gundem\/yapay-zeka-egitimde-yeni-cag-aciyor\/"},"author":{"name":"admin","@id":"https:\/\/denizcankizil.tr\/#\/schema\/person\/be3c05fe6a12686905512445d8185489"},"headline":"Yapay zek\u00e2 e\u011fitimde yeni \u00e7a\u011f a\u00e7\u0131yor","datePublished":"2025-06-24T15:42:23+00:00","mainEntityOfPage":{"@id":"https:\/\/denizcankizil.tr\/de\/haberler\/gundem\/yapay-zeka-egitimde-yeni-cag-aciyor\/"},"wordCount":956,"publisher":{"@id":"https:\/\/denizcankizil.tr\/#organization"},"articleSection":["G\u00fcndem"],"inLanguage":"de"},{"@type":"WebPage","@id":"https:\/\/denizcankizil.tr\/de\/haberler\/gundem\/yapay-zeka-egitimde-yeni-cag-aciyor\/","url":"https:\/\/denizcankizil.tr\/de\/haberler\/gundem\/yapay-zeka-egitimde-yeni-cag-aciyor\/","name":"Yapay zek\u00e2 e\u011fitimde yeni \u00e7a\u011f a\u00e7\u0131yor - Av. Deniz Can K\u0131z\u0131l","isPartOf":{"@id":"https:\/\/denizcankizil.tr\/#website"},"datePublished":"2025-06-24T15:42:23+00:00","breadcrumb":{"@id":"https:\/\/denizcankizil.tr\/de\/haberler\/gundem\/yapay-zeka-egitimde-yeni-cag-aciyor\/#breadcrumb"},"inLanguage":"de","potentialAction":[{"@type":"ReadAction","target":["https:\/\/denizcankizil.tr\/de\/haberler\/gundem\/yapay-zeka-egitimde-yeni-cag-aciyor\/"]}]},{"@type":"BreadcrumbList","@id":"https:\/\/denizcankizil.tr\/de\/haberler\/gundem\/yapay-zeka-egitimde-yeni-cag-aciyor\/#breadcrumb","itemListElement":[{"@type":"ListItem","position":1,"name":"Home","item":"https:\/\/denizcankizil.tr\/uk\/"},{"@type":"ListItem","position":2,"name":"Yapay zek\u00e2 e\u011fitimde yeni \u00e7a\u011f a\u00e7\u0131yor"}]},{"@type":"WebSite","@id":"https:\/\/denizcankizil.tr\/#website","url":"https:\/\/denizcankizil.tr\/","name":"Av. Deniz Can K\u0131z\u0131l","description":"Avukat Deniz Can K\u0131z\u0131l Antalya Barosu","publisher":{"@id":"https:\/\/denizcankizil.tr\/#organization"},"potentialAction":[{"@type":"SearchAction","target":{"@type":"EntryPoint","urlTemplate":"https:\/\/denizcankizil.tr\/?s={search_term_string}"},"query-input":{"@type":"PropertyValueSpecification","valueRequired":true,"valueName":"search_term_string"}}],"inLanguage":"de"},{"@type":"Organization","@id":"https:\/\/denizcankizil.tr\/#organization","name":"Av. Deniz Can K\u0131z\u0131l","url":"https:\/\/denizcankizil.tr\/","logo":{"@type":"ImageObject","inLanguage":"de","@id":"https:\/\/denizcankizil.tr\/#\/schema\/logo\/image\/","url":"https:\/\/denizcankizil.tr\/wp-content\/uploads\/2024\/10\/siyah-logo-svg.svg","contentUrl":"https:\/\/denizcankizil.tr\/wp-content\/uploads\/2024\/10\/siyah-logo-svg.svg","width":1080,"height":1080,"caption":"Av. Deniz Can K\u0131z\u0131l"},"image":{"@id":"https:\/\/denizcankizil.tr\/#\/schema\/logo\/image\/"}},{"@type":"Person","@id":"https:\/\/denizcankizil.tr\/#\/schema\/person\/be3c05fe6a12686905512445d8185489","name":"Administrator","image":{"@type":"ImageObject","inLanguage":"de","@id":"https:\/\/denizcankizil.tr\/#\/schema\/person\/image\/","url":"https:\/\/secure.gravatar.com\/avatar\/c1fce94c830dc79107e174f890d7210541c4a63e8e5d816341794a2151c9d58c?s=96&d=mm&r=g","contentUrl":"https:\/\/secure.gravatar.com\/avatar\/c1fce94c830dc79107e174f890d7210541c4a63e8e5d816341794a2151c9d58c?s=96&d=mm&r=g","caption":"admin"},"sameAs":["http:\/\/denizcankizil.tr"],"url":"https:\/\/www.iskenderun.org\/yapay-zeka-egitimde-yeni-cag-aciyor"}]}},"_links":{"self":[{"href":"https:\/\/denizcankizil.tr\/de\/wp-json\/wp\/v2\/posts\/125385","targetHints":{"allow":["GET"]}}],"collection":[{"href":"https:\/\/denizcankizil.tr\/de\/wp-json\/wp\/v2\/posts"}],"about":[{"href":"https:\/\/denizcankizil.tr\/de\/wp-json\/wp\/v2\/types\/post"}],"author":[{"embeddable":true,"href":"https:\/\/denizcankizil.tr\/de\/wp-json\/wp\/v2\/users\/1"}],"replies":[{"embeddable":true,"href":"https:\/\/denizcankizil.tr\/de\/wp-json\/wp\/v2\/comments?post=125385"}],"version-history":[{"count":0,"href":"https:\/\/denizcankizil.tr\/de\/wp-json\/wp\/v2\/posts\/125385\/revisions"}],"wp:attachment":[{"href":"https:\/\/denizcankizil.tr\/de\/wp-json\/wp\/v2\/media?parent=125385"}],"wp:term":[{"taxonomy":"category","embeddable":true,"href":"https:\/\/denizcankizil.tr\/de\/wp-json\/wp\/v2\/categories?post=125385"},{"taxonomy":"post_tag","embeddable":true,"href":"https:\/\/denizcankizil.tr\/de\/wp-json\/wp\/v2\/tags?post=125385"}],"curies":[{"name":"wp","href":"https:\/\/api.w.org\/{rel}","templated":true}]}}