{"id":124081,"date":"2025-06-23T12:41:16","date_gmt":"2025-06-23T09:41:16","guid":{"rendered":"https:\/\/denizcankizil.tr\/uncategorized-tr\/matsodan-akdeniz-universitesine-fakulte-destegi\/"},"modified":"2025-06-23T12:41:16","modified_gmt":"2025-06-23T09:41:16","slug":"matsodan-akdeniz-universitesine-fakulte-destegi","status":"publish","type":"post","link":"https:\/\/denizcankizil.tr\/de\/haberler\/antalya\/matsodan-akdeniz-universitesine-fakulte-destegi\/","title":{"rendered":"MATSO\u2019dan Akdeniz \u00dcniversitesi\u2019ne fak\u00fclte deste\u011fi"},"content":{"rendered":"<p>MATSO ve Akdeniz \u00dcniversitesi MATSO Turizm Fak\u00fcltesi aras\u0131nda ger\u00e7ekle\u015ftirilen bina teslim protokol\u00fcn\u00fc, MATSO Ba\u015fkan\u0131 Seydi Tahsin G\u00fcng\u00f6r, Akdeniz \u00dcniversitesi Yap\u0131 \u0130\u015fleri ve Teknik Daire Ba\u015fkan\u0131 Rahmi Topan ve Manavgat MATSO Turizm Fak\u00fcltesi, Fak\u00fclte Sekreteri Yasemin Akku\u015f ile birlikte imzalad\u0131.<\/p>\n<p>&#8220;Manavgat \u00dcniversitesi, Manavgat\u2019\u0131n gelece\u011fine de\u011fer katacakt\u0131r&#8221;<br \/>\nMATSO Ba\u015fkan\u0131 Seydi Tahsin G\u00fcng\u00f6r, MATSO olarak, Manavgat\u2019ta bir \u00fcniversite kurulmas\u0131 i\u00e7in \u00e7aba g\u00f6sterdiklerini belirterek bu hedef do\u011frultusunda \u00e7al\u0131\u015fmalar\u0131n\u0131 s\u00fcrd\u00fcrd\u00fcklerini s\u00f6yledi.<br \/>\nManavgat\u2019ta kurulacak \u00fcniversitenin kentin sosyal k\u00fclt\u00fcrel y\u00f6nden geli\u015fimine katk\u0131lar sa\u011flayaca\u011f\u0131n\u0131 kaydeden Ba\u015fkan G\u00fcng\u00f6r, &#8220;Manavgat \u00e7ok h\u0131zl\u0131 b\u00fcy\u00fcyen ve geli\u015fen bir \u015fehir. Bu b\u00fcy\u00fcmenin planl\u0131 ve sa\u011fl\u0131kl\u0131 bir \u015fekilde s\u00fcrd\u00fcr\u00fclmesinde Manavgat \u00dcniversitesi \u00f6nemli bir rol \u00fcstlenecektir. \u00dcniversitenin kurulmas\u0131 ile kurumlar\u0131m\u0131z\u0131n yapaca\u011f\u0131 Ar-Ge \u00e7al\u0131\u015fmalar\u0131nda ba\u015far\u0131 oranlar\u0131 artacak, k\u00fclt\u00fcrel etkinliklerin say\u0131s\u0131 ve \u00e7e\u015fitlili\u011fi anlaml\u0131 \u015fekilde y\u00fckselecektir. Manavgat \u00dcniversitesi, kentin sosyo-k\u00fclt\u00fcrel dokusunu da zenginle\u015ftirerek, Manavgat\u2019\u0131n gelece\u011fine de\u011fer katacakt\u0131r&#8221; \u015feklinde konu\u015ftu.<\/p>\n<p>&#8220;\u00c7al\u0131\u015fmalar\u0131m\u0131za devam edece\u011fiz&#8221;<br \/>\nManavgat MATSO Turizm Fak\u00fcltesinin kurulu\u015fundan g\u00fcn\u00fcm\u00fcze eme\u011fi ge\u00e7en herkese te\u015fekk\u00fcr eden Ba\u015fkan G\u00fcng\u00f6r, &#8220;Fak\u00fcltemizin in\u015faat\u0131n\u0131n temelinden bitirilmesi ve sonras\u0131nda eksiklerin giderilmesinde yer alan in\u015faat komisyonu \u00fcyelerimize \u015f\u00fckranlar\u0131m\u0131 sunuyorum. MATSO olarak, Manavgat\u2019\u0131m\u0131za bir \u00fcniversite kazand\u0131rma hedefiyle \u00e7al\u0131\u015fmalar\u0131m\u0131za kararl\u0131l\u0131kla devam edece\u011fiz&#8221; dedi.<br \/>\nMATSO Turizm Fak\u00fcltesinde yap\u0131lan imza protokoll\u00fcne MATSO Meclis Ba\u015fkan\u0131 Sedat \u00d6z, Akdeniz \u00dcniversitesi Manavgat MATSO Turizm Fak\u00fcltesi Dekan\u0131 Prof. Dr. Ceyhun \u00c7a\u011flar K\u0131l\u0131n\u00e7 ve Dekan Yard\u0131mc\u0131s\u0131 Do\u00e7. Dr. Abdullah Tar\u0131n\u00e7 kat\u0131l\u0131m sa\u011flad\u0131. \u0130mza protokol\u00fc sonras\u0131nda fak\u00fclte taraf\u0131ndan Ba\u015fkan G\u00fcng\u00f6r, in\u015faat\u0131n yap\u0131m\u0131nda verdi\u011fi destek nedeniyle plaketle takdir edildi.<\/p>\n<p>Kaynak: www.kanalv.com.tr Haber Sitesinden Al\u0131nm\u0131\u015ft\u0131r.<\/p>","protected":false},"excerpt":{"rendered":"<p>MATSO ve Akdeniz \u00dcniversitesi MATSO Turizm Fak\u00fcltesi aras\u0131nda ger\u00e7ekle\u015ftirilen bina teslim protokol\u00fcn\u00fc, MATSO Ba\u015fkan\u0131 Seydi Tahsin G\u00fcng\u00f6r, Akdeniz \u00dcniversitesi Yap\u0131 \u0130\u015fleri ve Teknik Daire Ba\u015fkan\u0131 Rahmi Topan ve Manavgat MATSO Turizm Fak\u00fcltesi, Fak\u00fclte Sekreteri Yasemin Akku\u015f ile birlikte imzalad\u0131. &#8220;Manavgat \u00dcniversitesi, Manavgat\u2019\u0131n gelece\u011fine de\u011fer katacakt\u0131r&#8221; MATSO Ba\u015fkan\u0131 Seydi Tahsin G\u00fcng\u00f6r, MATSO olarak, Manavgat\u2019ta bir \u00fcniversite kurulmas\u0131 i\u00e7in \u00e7aba g\u00f6sterdiklerini belirterek bu hedef do\u011frultusunda \u00e7al\u0131\u015fmalar\u0131n\u0131 s\u00fcrd\u00fcrd\u00fcklerini s\u00f6yledi. Manavgat\u2019ta kurulacak \u00fcniversitenin kentin sosyal k\u00fclt\u00fcrel y\u00f6nden geli\u015fimine katk\u0131lar sa\u011flayaca\u011f\u0131n\u0131 kaydeden Ba\u015fkan G\u00fcng\u00f6r, &#8220;Manavgat \u00e7ok h\u0131zl\u0131 b\u00fcy\u00fcyen ve geli\u015fen bir \u015fehir. Bu b\u00fcy\u00fcmenin planl\u0131 ve sa\u011fl\u0131kl\u0131 bir \u015fekilde s\u00fcrd\u00fcr\u00fclmesinde Manavgat \u00dcniversitesi \u00f6nemli bir rol \u00fcstlenecektir. \u00dcniversitenin kurulmas\u0131 ile kurumlar\u0131m\u0131z\u0131n yapaca\u011f\u0131 Ar-Ge \u00e7al\u0131\u015fmalar\u0131nda ba\u015far\u0131 oranlar\u0131 artacak, k\u00fclt\u00fcrel etkinliklerin say\u0131s\u0131 ve \u00e7e\u015fitlili\u011fi anlaml\u0131 \u015fekilde y\u00fckselecektir. Manavgat \u00dcniversitesi, kentin sosyo-k\u00fclt\u00fcrel dokusunu da zenginle\u015ftirerek, Manavgat\u2019\u0131n gelece\u011fine de\u011fer katacakt\u0131r&#8221; \u015feklinde konu\u015ftu. &#8220;\u00c7al\u0131\u015fmalar\u0131m\u0131za devam edece\u011fiz&#8221; Manavgat MATSO Turizm Fak\u00fcltesinin kurulu\u015fundan g\u00fcn\u00fcm\u00fcze eme\u011fi ge\u00e7en herkese te\u015fekk\u00fcr eden Ba\u015fkan G\u00fcng\u00f6r, &#8220;Fak\u00fcltemizin in\u015faat\u0131n\u0131n temelinden bitirilmesi ve sonras\u0131nda eksiklerin giderilmesinde yer alan in\u015faat komisyonu \u00fcyelerimize \u015f\u00fckranlar\u0131m\u0131 sunuyorum. MATSO olarak, Manavgat\u2019\u0131m\u0131za bir \u00fcniversite kazand\u0131rma hedefiyle \u00e7al\u0131\u015fmalar\u0131m\u0131za kararl\u0131l\u0131kla devam edece\u011fiz&#8221; dedi. MATSO Turizm Fak\u00fcltesinde yap\u0131lan imza protokoll\u00fcne MATSO Meclis Ba\u015fkan\u0131 Sedat \u00d6z, Akdeniz \u00dcniversitesi Manavgat MATSO Turizm Fak\u00fcltesi Dekan\u0131 Prof. Dr. Ceyhun \u00c7a\u011flar K\u0131l\u0131n\u00e7 ve Dekan &hellip;<\/p>","protected":false},"author":4,"featured_media":0,"comment_status":"","ping_status":"open","sticky":false,"template":"","format":"standard","meta":{"_acf_changed":false,"footnotes":""},"categories":[26],"tags":[],"class_list":["post-124081","post","type-post","status-publish","format-standard","hentry","category-antalya"],"acf":[],"yoast_head":"<!-- This site is optimized with the Yoast SEO Premium plugin v26.6 (Yoast SEO v27.1.1) - https:\/\/yoast.com\/product\/yoast-seo-premium-wordpress\/ -->\n<title>MATSO\u2019dan Akdeniz \u00dcniversitesi\u2019ne fak\u00fclte deste\u011fi - Av. Deniz Can K\u0131z\u0131l<\/title>\n<meta name=\"robots\" content=\"index, follow, max-snippet:-1, max-image-preview:large, max-video-preview:-1\" \/>\n<link rel=\"canonical\" href=\"https:\/\/denizcankizil.tr\/de\/haberler\/antalya\/matsodan-akdeniz-universitesine-fakulte-destegi\/\" \/>\n<meta property=\"og:locale\" content=\"de_DE\" \/>\n<meta property=\"og:type\" content=\"article\" \/>\n<meta property=\"og:title\" content=\"MATSO\u2019dan Akdeniz \u00dcniversitesi\u2019ne fak\u00fclte deste\u011fi\" \/>\n<meta property=\"og:description\" content=\"MATSO ve Akdeniz \u00dcniversitesi MATSO Turizm Fak\u00fcltesi aras\u0131nda ger\u00e7ekle\u015ftirilen bina teslim protokol\u00fcn\u00fc, MATSO Ba\u015fkan\u0131 Seydi Tahsin G\u00fcng\u00f6r, Akdeniz \u00dcniversitesi Yap\u0131 \u0130\u015fleri ve Teknik Daire Ba\u015fkan\u0131 Rahmi Topan ve Manavgat MATSO Turizm Fak\u00fcltesi, Fak\u00fclte Sekreteri Yasemin Akku\u015f ile birlikte imzalad\u0131. &#8220;Manavgat \u00dcniversitesi, Manavgat\u2019\u0131n gelece\u011fine de\u011fer katacakt\u0131r&#8221; MATSO Ba\u015fkan\u0131 Seydi Tahsin G\u00fcng\u00f6r, MATSO olarak, Manavgat\u2019ta bir \u00fcniversite kurulmas\u0131 i\u00e7in \u00e7aba g\u00f6sterdiklerini belirterek bu hedef do\u011frultusunda \u00e7al\u0131\u015fmalar\u0131n\u0131 s\u00fcrd\u00fcrd\u00fcklerini s\u00f6yledi. Manavgat\u2019ta kurulacak \u00fcniversitenin kentin sosyal k\u00fclt\u00fcrel y\u00f6nden geli\u015fimine katk\u0131lar sa\u011flayaca\u011f\u0131n\u0131 kaydeden Ba\u015fkan G\u00fcng\u00f6r, &#8220;Manavgat \u00e7ok h\u0131zl\u0131 b\u00fcy\u00fcyen ve geli\u015fen bir \u015fehir. Bu b\u00fcy\u00fcmenin planl\u0131 ve sa\u011fl\u0131kl\u0131 bir \u015fekilde s\u00fcrd\u00fcr\u00fclmesinde Manavgat \u00dcniversitesi \u00f6nemli bir rol \u00fcstlenecektir. \u00dcniversitenin kurulmas\u0131 ile kurumlar\u0131m\u0131z\u0131n yapaca\u011f\u0131 Ar-Ge \u00e7al\u0131\u015fmalar\u0131nda ba\u015far\u0131 oranlar\u0131 artacak, k\u00fclt\u00fcrel etkinliklerin say\u0131s\u0131 ve \u00e7e\u015fitlili\u011fi anlaml\u0131 \u015fekilde y\u00fckselecektir. Manavgat \u00dcniversitesi, kentin sosyo-k\u00fclt\u00fcrel dokusunu da zenginle\u015ftirerek, Manavgat\u2019\u0131n gelece\u011fine de\u011fer katacakt\u0131r&#8221; \u015feklinde konu\u015ftu. &#8220;\u00c7al\u0131\u015fmalar\u0131m\u0131za devam edece\u011fiz&#8221; Manavgat MATSO Turizm Fak\u00fcltesinin kurulu\u015fundan g\u00fcn\u00fcm\u00fcze eme\u011fi ge\u00e7en herkese te\u015fekk\u00fcr eden Ba\u015fkan G\u00fcng\u00f6r, &#8220;Fak\u00fcltemizin in\u015faat\u0131n\u0131n temelinden bitirilmesi ve sonras\u0131nda eksiklerin giderilmesinde yer alan in\u015faat komisyonu \u00fcyelerimize \u015f\u00fckranlar\u0131m\u0131 sunuyorum. MATSO olarak, Manavgat\u2019\u0131m\u0131za bir \u00fcniversite kazand\u0131rma hedefiyle \u00e7al\u0131\u015fmalar\u0131m\u0131za kararl\u0131l\u0131kla devam edece\u011fiz&#8221; dedi. MATSO Turizm Fak\u00fcltesinde yap\u0131lan imza protokoll\u00fcne MATSO Meclis Ba\u015fkan\u0131 Sedat \u00d6z, Akdeniz \u00dcniversitesi Manavgat MATSO Turizm Fak\u00fcltesi Dekan\u0131 Prof. Dr. Ceyhun \u00c7a\u011flar K\u0131l\u0131n\u00e7 ve Dekan &hellip;\" \/>\n<meta property=\"og:url\" content=\"https:\/\/denizcankizil.tr\/de\/haberler\/antalya\/matsodan-akdeniz-universitesine-fakulte-destegi\/\" \/>\n<meta property=\"og:site_name\" content=\"Av. Deniz Can K\u0131z\u0131l\" \/>\n<meta property=\"article:published_time\" content=\"2025-06-23T09:41:16+00:00\" \/>\n<meta name=\"author\" content=\"Av. Deniz Can K\u0131z\u0131l\" \/>\n<meta name=\"twitter:card\" content=\"summary_large_image\" \/>\n<meta name=\"twitter:label1\" content=\"Verfasst von\" \/>\n\t<meta name=\"twitter:data1\" content=\"Av. Deniz Can K\u0131z\u0131l\" \/>\n\t<meta name=\"twitter:label2\" content=\"Gesch\u00e4tzte Lesezeit\" \/>\n\t<meta name=\"twitter:data2\" content=\"2\u00a0Minuten\" \/>\n<script type=\"application\/ld+json\" class=\"yoast-schema-graph\">{\"@context\":\"https:\/\/schema.org\",\"@graph\":[{\"@type\":\"Article\",\"@id\":\"https:\/\/denizcankizil.tr\/de\/haberler\/antalya\/matsodan-akdeniz-universitesine-fakulte-destegi\/#article\",\"isPartOf\":{\"@id\":\"https:\/\/denizcankizil.tr\/de\/haberler\/antalya\/matsodan-akdeniz-universitesine-fakulte-destegi\/\"},\"author\":{\"name\":\"Av. Deniz Can K\u0131z\u0131l\",\"@id\":\"https:\/\/denizcankizil.tr\/#\/schema\/person\/5dc1b22991bd7ac833867c10afc9b0ff\"},\"headline\":\"MATSO\u2019dan Akdeniz \u00dcniversitesi\u2019ne fak\u00fclte deste\u011fi\",\"datePublished\":\"2025-06-23T09:41:16+00:00\",\"mainEntityOfPage\":{\"@id\":\"https:\/\/denizcankizil.tr\/de\/haberler\/antalya\/matsodan-akdeniz-universitesine-fakulte-destegi\/\"},\"wordCount\":369,\"publisher\":{\"@id\":\"https:\/\/denizcankizil.tr\/#organization\"},\"articleSection\":[\"Antalya\"],\"inLanguage\":\"de\"},{\"@type\":\"WebPage\",\"@id\":\"https:\/\/denizcankizil.tr\/de\/haberler\/antalya\/matsodan-akdeniz-universitesine-fakulte-destegi\/\",\"url\":\"https:\/\/denizcankizil.tr\/de\/haberler\/antalya\/matsodan-akdeniz-universitesine-fakulte-destegi\/\",\"name\":\"MATSO\u2019dan Akdeniz \u00dcniversitesi\u2019ne fak\u00fclte deste\u011fi - Av. Deniz Can K\u0131z\u0131l\",\"isPartOf\":{\"@id\":\"https:\/\/denizcankizil.tr\/#website\"},\"datePublished\":\"2025-06-23T09:41:16+00:00\",\"breadcrumb\":{\"@id\":\"https:\/\/denizcankizil.tr\/de\/haberler\/antalya\/matsodan-akdeniz-universitesine-fakulte-destegi\/#breadcrumb\"},\"inLanguage\":\"de\",\"potentialAction\":[{\"@type\":\"ReadAction\",\"target\":[\"https:\/\/denizcankizil.tr\/de\/haberler\/antalya\/matsodan-akdeniz-universitesine-fakulte-destegi\/\"]}]},{\"@type\":\"BreadcrumbList\",\"@id\":\"https:\/\/denizcankizil.tr\/de\/haberler\/antalya\/matsodan-akdeniz-universitesine-fakulte-destegi\/#breadcrumb\",\"itemListElement\":[{\"@type\":\"ListItem\",\"position\":1,\"name\":\"Home\",\"item\":\"https:\/\/denizcankizil.tr\/de\/\"},{\"@type\":\"ListItem\",\"position\":2,\"name\":\"MATSO\u2019dan Akdeniz \u00dcniversitesi\u2019ne fak\u00fclte deste\u011fi\"}]},{\"@type\":\"WebSite\",\"@id\":\"https:\/\/denizcankizil.tr\/#website\",\"url\":\"https:\/\/denizcankizil.tr\/\",\"name\":\"Av. Deniz Can K\u0131z\u0131l\",\"description\":\"Avukat Deniz Can K\u0131z\u0131l Antalya Barosu\",\"publisher\":{\"@id\":\"https:\/\/denizcankizil.tr\/#organization\"},\"potentialAction\":[{\"@type\":\"SearchAction\",\"target\":{\"@type\":\"EntryPoint\",\"urlTemplate\":\"https:\/\/denizcankizil.tr\/?s={search_term_string}\"},\"query-input\":{\"@type\":\"PropertyValueSpecification\",\"valueRequired\":true,\"valueName\":\"search_term_string\"}}],\"inLanguage\":\"de\"},{\"@type\":\"Organization\",\"@id\":\"https:\/\/denizcankizil.tr\/#organization\",\"name\":\"Av. Deniz Can K\u0131z\u0131l\",\"url\":\"https:\/\/denizcankizil.tr\/\",\"logo\":{\"@type\":\"ImageObject\",\"inLanguage\":\"de\",\"@id\":\"https:\/\/denizcankizil.tr\/#\/schema\/logo\/image\/\",\"url\":\"https:\/\/denizcankizil.tr\/wp-content\/uploads\/2024\/10\/siyah-logo-svg.svg\",\"contentUrl\":\"https:\/\/denizcankizil.tr\/wp-content\/uploads\/2024\/10\/siyah-logo-svg.svg\",\"width\":1080,\"height\":1080,\"caption\":\"Av. Deniz Can K\u0131z\u0131l\"},\"image\":{\"@id\":\"https:\/\/denizcankizil.tr\/#\/schema\/logo\/image\/\"}},{\"@type\":\"Person\",\"@id\":\"https:\/\/denizcankizil.tr\/#\/schema\/person\/5dc1b22991bd7ac833867c10afc9b0ff\",\"name\":\"Av. Deniz Can K\u0131z\u0131l\",\"image\":{\"@type\":\"ImageObject\",\"inLanguage\":\"de\",\"@id\":\"https:\/\/denizcankizil.tr\/#\/schema\/person\/image\/\",\"url\":\"https:\/\/secure.gravatar.com\/avatar\/a0b128fb9855c79efc976d5640eedb31dc35ec297594d6016d2cf7c60e975bb6?s=96&d=mm&r=g\",\"contentUrl\":\"https:\/\/secure.gravatar.com\/avatar\/a0b128fb9855c79efc976d5640eedb31dc35ec297594d6016d2cf7c60e975bb6?s=96&d=mm&r=g\",\"caption\":\"Av. Deniz Can K\u0131z\u0131l\"},\"sameAs\":[\"http:\/\/www.denizcankizil.tr\"],\"url\":\"https:\/\/denizcankizil.tr\/de\/author\/denizcankizil\/\"}]}<\/script>\n<!-- \/ Yoast SEO Premium plugin. -->","yoast_head_json":{"title":"MATSO\u2019dan Akdeniz \u00dcniversitesi\u2019ne fak\u00fclte deste\u011fi - Av. Deniz Can K\u0131z\u0131l","robots":{"index":"index","follow":"follow","max-snippet":"max-snippet:-1","max-image-preview":"max-image-preview:large","max-video-preview":"max-video-preview:-1"},"canonical":"https:\/\/denizcankizil.tr\/de\/haberler\/antalya\/matsodan-akdeniz-universitesine-fakulte-destegi\/","og_locale":"de_DE","og_type":"article","og_title":"MATSO\u2019dan Akdeniz \u00dcniversitesi\u2019ne fak\u00fclte deste\u011fi","og_description":"MATSO ve Akdeniz \u00dcniversitesi MATSO Turizm Fak\u00fcltesi aras\u0131nda ger\u00e7ekle\u015ftirilen bina teslim protokol\u00fcn\u00fc, MATSO Ba\u015fkan\u0131 Seydi Tahsin G\u00fcng\u00f6r, Akdeniz \u00dcniversitesi Yap\u0131 \u0130\u015fleri ve Teknik Daire Ba\u015fkan\u0131 Rahmi Topan ve Manavgat MATSO Turizm Fak\u00fcltesi, Fak\u00fclte Sekreteri Yasemin Akku\u015f ile birlikte imzalad\u0131. &#8220;Manavgat \u00dcniversitesi, Manavgat\u2019\u0131n gelece\u011fine de\u011fer katacakt\u0131r&#8221; MATSO Ba\u015fkan\u0131 Seydi Tahsin G\u00fcng\u00f6r, MATSO olarak, Manavgat\u2019ta bir \u00fcniversite kurulmas\u0131 i\u00e7in \u00e7aba g\u00f6sterdiklerini belirterek bu hedef do\u011frultusunda \u00e7al\u0131\u015fmalar\u0131n\u0131 s\u00fcrd\u00fcrd\u00fcklerini s\u00f6yledi. Manavgat\u2019ta kurulacak \u00fcniversitenin kentin sosyal k\u00fclt\u00fcrel y\u00f6nden geli\u015fimine katk\u0131lar sa\u011flayaca\u011f\u0131n\u0131 kaydeden Ba\u015fkan G\u00fcng\u00f6r, &#8220;Manavgat \u00e7ok h\u0131zl\u0131 b\u00fcy\u00fcyen ve geli\u015fen bir \u015fehir. Bu b\u00fcy\u00fcmenin planl\u0131 ve sa\u011fl\u0131kl\u0131 bir \u015fekilde s\u00fcrd\u00fcr\u00fclmesinde Manavgat \u00dcniversitesi \u00f6nemli bir rol \u00fcstlenecektir. \u00dcniversitenin kurulmas\u0131 ile kurumlar\u0131m\u0131z\u0131n yapaca\u011f\u0131 Ar-Ge \u00e7al\u0131\u015fmalar\u0131nda ba\u015far\u0131 oranlar\u0131 artacak, k\u00fclt\u00fcrel etkinliklerin say\u0131s\u0131 ve \u00e7e\u015fitlili\u011fi anlaml\u0131 \u015fekilde y\u00fckselecektir. Manavgat \u00dcniversitesi, kentin sosyo-k\u00fclt\u00fcrel dokusunu da zenginle\u015ftirerek, Manavgat\u2019\u0131n gelece\u011fine de\u011fer katacakt\u0131r&#8221; \u015feklinde konu\u015ftu. &#8220;\u00c7al\u0131\u015fmalar\u0131m\u0131za devam edece\u011fiz&#8221; Manavgat MATSO Turizm Fak\u00fcltesinin kurulu\u015fundan g\u00fcn\u00fcm\u00fcze eme\u011fi ge\u00e7en herkese te\u015fekk\u00fcr eden Ba\u015fkan G\u00fcng\u00f6r, &#8220;Fak\u00fcltemizin in\u015faat\u0131n\u0131n temelinden bitirilmesi ve sonras\u0131nda eksiklerin giderilmesinde yer alan in\u015faat komisyonu \u00fcyelerimize \u015f\u00fckranlar\u0131m\u0131 sunuyorum. MATSO olarak, Manavgat\u2019\u0131m\u0131za bir \u00fcniversite kazand\u0131rma hedefiyle \u00e7al\u0131\u015fmalar\u0131m\u0131za kararl\u0131l\u0131kla devam edece\u011fiz&#8221; dedi. MATSO Turizm Fak\u00fcltesinde yap\u0131lan imza protokoll\u00fcne MATSO Meclis Ba\u015fkan\u0131 Sedat \u00d6z, Akdeniz \u00dcniversitesi Manavgat MATSO Turizm Fak\u00fcltesi Dekan\u0131 Prof. Dr. Ceyhun \u00c7a\u011flar K\u0131l\u0131n\u00e7 ve Dekan &hellip;","og_url":"https:\/\/denizcankizil.tr\/de\/haberler\/antalya\/matsodan-akdeniz-universitesine-fakulte-destegi\/","og_site_name":"Av. Deniz Can K\u0131z\u0131l","article_published_time":"2025-06-23T09:41:16+00:00","author":"Av. Deniz Can K\u0131z\u0131l","twitter_card":"summary_large_image","twitter_misc":{"Verfasst von":"Av. Deniz Can K\u0131z\u0131l","Gesch\u00e4tzte Lesezeit":"2\u00a0Minuten"},"schema":{"@context":"https:\/\/schema.org","@graph":[{"@type":"Article","@id":"https:\/\/denizcankizil.tr\/de\/haberler\/antalya\/matsodan-akdeniz-universitesine-fakulte-destegi\/#article","isPartOf":{"@id":"https:\/\/denizcankizil.tr\/de\/haberler\/antalya\/matsodan-akdeniz-universitesine-fakulte-destegi\/"},"author":{"name":"Av. Deniz Can K\u0131z\u0131l","@id":"https:\/\/denizcankizil.tr\/#\/schema\/person\/5dc1b22991bd7ac833867c10afc9b0ff"},"headline":"MATSO\u2019dan Akdeniz \u00dcniversitesi\u2019ne fak\u00fclte deste\u011fi","datePublished":"2025-06-23T09:41:16+00:00","mainEntityOfPage":{"@id":"https:\/\/denizcankizil.tr\/de\/haberler\/antalya\/matsodan-akdeniz-universitesine-fakulte-destegi\/"},"wordCount":369,"publisher":{"@id":"https:\/\/denizcankizil.tr\/#organization"},"articleSection":["Antalya"],"inLanguage":"de"},{"@type":"WebPage","@id":"https:\/\/denizcankizil.tr\/de\/haberler\/antalya\/matsodan-akdeniz-universitesine-fakulte-destegi\/","url":"https:\/\/denizcankizil.tr\/de\/haberler\/antalya\/matsodan-akdeniz-universitesine-fakulte-destegi\/","name":"MATSO\u2019dan Akdeniz \u00dcniversitesi\u2019ne fak\u00fclte deste\u011fi - Av. Deniz Can K\u0131z\u0131l","isPartOf":{"@id":"https:\/\/denizcankizil.tr\/#website"},"datePublished":"2025-06-23T09:41:16+00:00","breadcrumb":{"@id":"https:\/\/denizcankizil.tr\/de\/haberler\/antalya\/matsodan-akdeniz-universitesine-fakulte-destegi\/#breadcrumb"},"inLanguage":"de","potentialAction":[{"@type":"ReadAction","target":["https:\/\/denizcankizil.tr\/de\/haberler\/antalya\/matsodan-akdeniz-universitesine-fakulte-destegi\/"]}]},{"@type":"BreadcrumbList","@id":"https:\/\/denizcankizil.tr\/de\/haberler\/antalya\/matsodan-akdeniz-universitesine-fakulte-destegi\/#breadcrumb","itemListElement":[{"@type":"ListItem","position":1,"name":"Home","item":"https:\/\/denizcankizil.tr\/de\/"},{"@type":"ListItem","position":2,"name":"MATSO\u2019dan Akdeniz \u00dcniversitesi\u2019ne fak\u00fclte deste\u011fi"}]},{"@type":"WebSite","@id":"https:\/\/denizcankizil.tr\/#website","url":"https:\/\/denizcankizil.tr\/","name":"Av. Deniz Can K\u0131z\u0131l","description":"Avukat Deniz Can K\u0131z\u0131l Antalya Barosu","publisher":{"@id":"https:\/\/denizcankizil.tr\/#organization"},"potentialAction":[{"@type":"SearchAction","target":{"@type":"EntryPoint","urlTemplate":"https:\/\/denizcankizil.tr\/?s={search_term_string}"},"query-input":{"@type":"PropertyValueSpecification","valueRequired":true,"valueName":"search_term_string"}}],"inLanguage":"de"},{"@type":"Organization","@id":"https:\/\/denizcankizil.tr\/#organization","name":"Av. Deniz Can K\u0131z\u0131l","url":"https:\/\/denizcankizil.tr\/","logo":{"@type":"ImageObject","inLanguage":"de","@id":"https:\/\/denizcankizil.tr\/#\/schema\/logo\/image\/","url":"https:\/\/denizcankizil.tr\/wp-content\/uploads\/2024\/10\/siyah-logo-svg.svg","contentUrl":"https:\/\/denizcankizil.tr\/wp-content\/uploads\/2024\/10\/siyah-logo-svg.svg","width":1080,"height":1080,"caption":"Av. Deniz Can K\u0131z\u0131l"},"image":{"@id":"https:\/\/denizcankizil.tr\/#\/schema\/logo\/image\/"}},{"@type":"Person","@id":"https:\/\/denizcankizil.tr\/#\/schema\/person\/5dc1b22991bd7ac833867c10afc9b0ff","name":"Av. Deniz Can K\u0131z\u0131l","image":{"@type":"ImageObject","inLanguage":"de","@id":"https:\/\/denizcankizil.tr\/#\/schema\/person\/image\/","url":"https:\/\/secure.gravatar.com\/avatar\/a0b128fb9855c79efc976d5640eedb31dc35ec297594d6016d2cf7c60e975bb6?s=96&d=mm&r=g","contentUrl":"https:\/\/secure.gravatar.com\/avatar\/a0b128fb9855c79efc976d5640eedb31dc35ec297594d6016d2cf7c60e975bb6?s=96&d=mm&r=g","caption":"Av. Deniz Can K\u0131z\u0131l"},"sameAs":["http:\/\/www.denizcankizil.tr"],"url":"https:\/\/denizcankizil.tr\/de\/author\/denizcankizil\/"}]}},"_links":{"self":[{"href":"https:\/\/denizcankizil.tr\/de\/wp-json\/wp\/v2\/posts\/124081","targetHints":{"allow":["GET"]}}],"collection":[{"href":"https:\/\/denizcankizil.tr\/de\/wp-json\/wp\/v2\/posts"}],"about":[{"href":"https:\/\/denizcankizil.tr\/de\/wp-json\/wp\/v2\/types\/post"}],"author":[{"embeddable":true,"href":"https:\/\/denizcankizil.tr\/de\/wp-json\/wp\/v2\/users\/4"}],"replies":[{"embeddable":true,"href":"https:\/\/denizcankizil.tr\/de\/wp-json\/wp\/v2\/comments?post=124081"}],"version-history":[{"count":0,"href":"https:\/\/denizcankizil.tr\/de\/wp-json\/wp\/v2\/posts\/124081\/revisions"}],"wp:attachment":[{"href":"https:\/\/denizcankizil.tr\/de\/wp-json\/wp\/v2\/media?parent=124081"}],"wp:term":[{"taxonomy":"category","embeddable":true,"href":"https:\/\/denizcankizil.tr\/de\/wp-json\/wp\/v2\/categories?post=124081"},{"taxonomy":"post_tag","embeddable":true,"href":"https:\/\/denizcankizil.tr\/de\/wp-json\/wp\/v2\/tags?post=124081"}],"curies":[{"name":"wp","href":"https:\/\/api.w.org\/{rel}","templated":true}]}}