{"id":123880,"date":"2025-06-23T06:42:25","date_gmt":"2025-06-23T03:42:25","guid":{"rendered":"https:\/\/denizcankizil.tr\/uncategorized-tr\/baskan-gorkem-duman-vatandaslarla-cop-topladi\/"},"modified":"2025-06-23T06:42:25","modified_gmt":"2025-06-23T03:42:25","slug":"baskan-gorkem-duman-vatandaslarla-cop-topladi","status":"publish","type":"post","link":"https:\/\/denizcankizil.tr\/de\/haberler\/gundem\/baskan-gorkem-duman-vatandaslarla-cop-topladi\/","title":{"rendered":"Ba\u015fkan G\u00f6rkem Duman vatanda\u015flarla \u00e7\u00f6p toplad\u0131"},"content":{"rendered":"<p>Buca Belediyesi\u2019nde i\u015f\u00e7ilerin i\u015f b\u0131rakma eyleminin be\u015finci g\u00fcn\u00fcnde sahaya inerek Cumhuriyet Halk Partisi Buca \u0130l\u00e7e Ba\u015fkan\u0131 \u00c7a\u011fda\u015f Kaya, CHP Buca \u0130l\u00e7e \u00d6rg\u00fct\u00fc, meclis \u00fcyeleri, belediye b\u00fcrokratlar\u0131, birim m\u00fcd\u00fcrleri ve g\u00f6n\u00fcll\u00fc vatanda\u015flarla birlikte biriken \u00e7\u00f6pleri toplayan Buca Belediye Ba\u015fkan\u0131 Mimar G\u00f6rkem Duman, &#8220;Buca bizim evimiz. Buca&#8217;y\u0131 tertemiz yapmak i\u00e7in var g\u00fcc\u00fcm\u00fczle \u00e7al\u0131\u015faca\u011f\u0131z&#8221; diye konu\u015ftu.<\/p>\n<p>\u200bBuca Belediyesi\u2019nde i\u015f\u00e7ilerin i\u015f b\u0131rakma eyleminin be\u015finci g\u00fcn\u00fcnde sahaya inerek Cumhuriyet Halk Partisi Buca \u0130l\u00e7e Ba\u015fkan\u0131 \u00c7a\u011fda\u015f Kaya, CHP Buca \u0130l\u00e7e \u00d6rg\u00fct\u00fc, meclis \u00fcyeleri, belediye b\u00fcrokratlar\u0131, birim m\u00fcd\u00fcrleri ve g\u00f6n\u00fcll\u00fc vatanda\u015flarla birlikte biriken \u00e7\u00f6pleri toplayan Buca Belediye Ba\u015fkan\u0131 Mimar G\u00f6rkem Duman, &#8220;Buca bizim evimiz. Buca&#8217;y\u0131 tertemiz yapmak i\u00e7in var g\u00fcc\u00fcm\u00fczle \u00e7al\u0131\u015faca\u011f\u0131z&#8221; diye konu\u015ftu.\u00a0<\/p>\n<p>\u200bHaberin Al\u0131nt\u0131land\u0131\u011f\u0131 Kaynak: www.iskenderun.org<\/p>","protected":false},"excerpt":{"rendered":"<p>Buca Belediyesi\u2019nde i\u015f\u00e7ilerin i\u015f b\u0131rakma eyleminin be\u015finci g\u00fcn\u00fcnde sahaya inerek Cumhuriyet Halk Partisi Buca \u0130l\u00e7e Ba\u015fkan\u0131 \u00c7a\u011fda\u015f Kaya, CHP Buca \u0130l\u00e7e \u00d6rg\u00fct\u00fc, meclis \u00fcyeleri, belediye b\u00fcrokratlar\u0131, birim m\u00fcd\u00fcrleri ve g\u00f6n\u00fcll\u00fc vatanda\u015flarla birlikte biriken \u00e7\u00f6pleri toplayan Buca Belediye Ba\u015fkan\u0131 Mimar G\u00f6rkem Duman, &#8220;Buca bizim evimiz. Buca&#8217;y\u0131 tertemiz yapmak i\u00e7in var g\u00fcc\u00fcm\u00fczle \u00e7al\u0131\u015faca\u011f\u0131z&#8221; diye konu\u015ftu. \u200bBuca Belediyesi\u2019nde i\u015f\u00e7ilerin i\u015f b\u0131rakma eyleminin be\u015finci g\u00fcn\u00fcnde sahaya inerek Cumhuriyet Halk Partisi Buca \u0130l\u00e7e Ba\u015fkan\u0131 \u00c7a\u011fda\u015f Kaya, CHP Buca \u0130l\u00e7e \u00d6rg\u00fct\u00fc, meclis \u00fcyeleri, belediye b\u00fcrokratlar\u0131, birim m\u00fcd\u00fcrleri ve g\u00f6n\u00fcll\u00fc vatanda\u015flarla birlikte biriken \u00e7\u00f6pleri toplayan Buca Belediye Ba\u015fkan\u0131 Mimar G\u00f6rkem Duman, &#8220;Buca bizim evimiz. Buca&#8217;y\u0131 tertemiz yapmak i\u00e7in var g\u00fcc\u00fcm\u00fczle \u00e7al\u0131\u015faca\u011f\u0131z&#8221; diye konu\u015ftu.\u00a0 \u200bHaberin Al\u0131nt\u0131land\u0131\u011f\u0131 Kaynak: www.iskenderun.org<\/p>","protected":false},"author":1,"featured_media":0,"comment_status":"","ping_status":"open","sticky":false,"template":"","format":"standard","meta":{"_acf_changed":false,"footnotes":""},"categories":[24],"tags":[],"class_list":["post-123880","post","type-post","status-publish","format-standard","has-post-thumbnail","hentry","category-gundem"],"acf":[],"yoast_head":"<!-- This site is optimized with the Yoast SEO Premium plugin v26.6 (Yoast SEO v27.1.1) - https:\/\/yoast.com\/product\/yoast-seo-premium-wordpress\/ -->\n<title>Ba\u015fkan G\u00f6rkem Duman vatanda\u015flarla \u00e7\u00f6p toplad\u0131 - Av. Deniz Can K\u0131z\u0131l<\/title>\n<meta name=\"robots\" content=\"index, follow, max-snippet:-1, max-image-preview:large, max-video-preview:-1\" \/>\n<link rel=\"canonical\" href=\"http:\/\/denizcankizil.tr\/de\/haberler\/gundem\/baskan-gorkem-duman-vatandaslarla-cop-topladi\/\" \/>\n<meta property=\"og:locale\" content=\"de_DE\" \/>\n<meta property=\"og:type\" content=\"article\" \/>\n<meta property=\"og:title\" content=\"Ba\u015fkan G\u00f6rkem Duman vatanda\u015flarla \u00e7\u00f6p toplad\u0131\" \/>\n<meta property=\"og:description\" content=\"Buca Belediyesi\u2019nde i\u015f\u00e7ilerin i\u015f b\u0131rakma eyleminin be\u015finci g\u00fcn\u00fcnde sahaya inerek Cumhuriyet Halk Partisi Buca \u0130l\u00e7e Ba\u015fkan\u0131 \u00c7a\u011fda\u015f Kaya, CHP Buca \u0130l\u00e7e \u00d6rg\u00fct\u00fc, meclis \u00fcyeleri, belediye b\u00fcrokratlar\u0131, birim m\u00fcd\u00fcrleri ve g\u00f6n\u00fcll\u00fc vatanda\u015flarla birlikte biriken \u00e7\u00f6pleri toplayan Buca Belediye Ba\u015fkan\u0131 Mimar G\u00f6rkem Duman, &#8220;Buca bizim evimiz. Buca&#8217;y\u0131 tertemiz yapmak i\u00e7in var g\u00fcc\u00fcm\u00fczle \u00e7al\u0131\u015faca\u011f\u0131z&#8221; diye konu\u015ftu. \u200bBuca Belediyesi\u2019nde i\u015f\u00e7ilerin i\u015f b\u0131rakma eyleminin be\u015finci g\u00fcn\u00fcnde sahaya inerek Cumhuriyet Halk Partisi Buca \u0130l\u00e7e Ba\u015fkan\u0131 \u00c7a\u011fda\u015f Kaya, CHP Buca \u0130l\u00e7e \u00d6rg\u00fct\u00fc, meclis \u00fcyeleri, belediye b\u00fcrokratlar\u0131, birim m\u00fcd\u00fcrleri ve g\u00f6n\u00fcll\u00fc vatanda\u015flarla birlikte biriken \u00e7\u00f6pleri toplayan Buca Belediye Ba\u015fkan\u0131 Mimar G\u00f6rkem Duman, &#8220;Buca bizim evimiz. Buca&#8217;y\u0131 tertemiz yapmak i\u00e7in var g\u00fcc\u00fcm\u00fczle \u00e7al\u0131\u015faca\u011f\u0131z&#8221; diye konu\u015ftu.\u00a0 \u200bHaberin Al\u0131nt\u0131land\u0131\u011f\u0131 Kaynak: www.iskenderun.org\" \/>\n<meta property=\"og:url\" content=\"http:\/\/denizcankizil.tr\/de\/haberler\/gundem\/baskan-gorkem-duman-vatandaslarla-cop-topladi\/\" \/>\n<meta property=\"og:site_name\" content=\"Av. Deniz Can K\u0131z\u0131l\" \/>\n<meta property=\"article:published_time\" content=\"2025-06-23T03:42:25+00:00\" \/>\n<meta name=\"author\" content=\"admin\" \/>\n<meta name=\"twitter:card\" content=\"summary_large_image\" \/>\n<meta name=\"twitter:label1\" content=\"Verfasst von\" \/>\n\t<meta name=\"twitter:data1\" content=\"admin\" \/>\n\t<meta name=\"twitter:label2\" content=\"Gesch\u00e4tzte Lesezeit\" \/>\n\t<meta name=\"twitter:data2\" content=\"1\u00a0Minute\" \/>\n<script type=\"application\/ld+json\" class=\"yoast-schema-graph\">{\"@context\":\"https:\/\/schema.org\",\"@graph\":[{\"@type\":\"Article\",\"@id\":\"http:\/\/denizcankizil.tr\/en\/haberler\/gundem\/baskan-gorkem-duman-vatandaslarla-cop-topladi\/#article\",\"isPartOf\":{\"@id\":\"http:\/\/denizcankizil.tr\/en\/haberler\/gundem\/baskan-gorkem-duman-vatandaslarla-cop-topladi\/\"},\"author\":{\"name\":\"admin\",\"@id\":\"https:\/\/denizcankizil.tr\/de\/#\/schema\/person\/be3c05fe6a12686905512445d8185489\"},\"headline\":\"Ba\u015fkan G\u00f6rkem Duman vatanda\u015flarla \u00e7\u00f6p toplad\u0131\",\"datePublished\":\"2025-06-23T03:42:25+00:00\",\"mainEntityOfPage\":{\"@id\":\"http:\/\/denizcankizil.tr\/en\/haberler\/gundem\/baskan-gorkem-duman-vatandaslarla-cop-topladi\/\"},\"wordCount\":177,\"publisher\":{\"@id\":\"https:\/\/denizcankizil.tr\/de\/#organization\"},\"articleSection\":[\"G\u00fcndem\"],\"inLanguage\":\"de\"},{\"@type\":\"WebPage\",\"@id\":\"http:\/\/denizcankizil.tr\/en\/haberler\/gundem\/baskan-gorkem-duman-vatandaslarla-cop-topladi\/\",\"url\":\"http:\/\/denizcankizil.tr\/en\/haberler\/gundem\/baskan-gorkem-duman-vatandaslarla-cop-topladi\/\",\"name\":\"Ba\u015fkan G\u00f6rkem Duman vatanda\u015flarla \u00e7\u00f6p toplad\u0131 - Av. Deniz Can K\u0131z\u0131l\",\"isPartOf\":{\"@id\":\"https:\/\/denizcankizil.tr\/de\/#website\"},\"datePublished\":\"2025-06-23T03:42:25+00:00\",\"breadcrumb\":{\"@id\":\"http:\/\/denizcankizil.tr\/en\/haberler\/gundem\/baskan-gorkem-duman-vatandaslarla-cop-topladi\/#breadcrumb\"},\"inLanguage\":\"de\",\"potentialAction\":[{\"@type\":\"ReadAction\",\"target\":[\"http:\/\/denizcankizil.tr\/en\/haberler\/gundem\/baskan-gorkem-duman-vatandaslarla-cop-topladi\/\"]}]},{\"@type\":\"BreadcrumbList\",\"@id\":\"http:\/\/denizcankizil.tr\/en\/haberler\/gundem\/baskan-gorkem-duman-vatandaslarla-cop-topladi\/#breadcrumb\",\"itemListElement\":[{\"@type\":\"ListItem\",\"position\":1,\"name\":\"Home\",\"item\":\"https:\/\/denizcankizil.tr\/de\/\"},{\"@type\":\"ListItem\",\"position\":2,\"name\":\"Ba\u015fkan G\u00f6rkem Duman vatanda\u015flarla \u00e7\u00f6p toplad\u0131\"}]},{\"@type\":\"WebSite\",\"@id\":\"https:\/\/denizcankizil.tr\/de\/#website\",\"url\":\"https:\/\/denizcankizil.tr\/de\/\",\"name\":\"Av. Deniz Can K\u0131z\u0131l\",\"description\":\"Avukat Deniz Can K\u0131z\u0131l Antalya Barosu\",\"publisher\":{\"@id\":\"https:\/\/denizcankizil.tr\/de\/#organization\"},\"potentialAction\":[{\"@type\":\"SearchAction\",\"target\":{\"@type\":\"EntryPoint\",\"urlTemplate\":\"https:\/\/denizcankizil.tr\/de\/?s={search_term_string}\"},\"query-input\":{\"@type\":\"PropertyValueSpecification\",\"valueRequired\":true,\"valueName\":\"search_term_string\"}}],\"inLanguage\":\"de\"},{\"@type\":\"Organization\",\"@id\":\"https:\/\/denizcankizil.tr\/de\/#organization\",\"name\":\"Av. Deniz Can K\u0131z\u0131l\",\"url\":\"https:\/\/denizcankizil.tr\/de\/\",\"logo\":{\"@type\":\"ImageObject\",\"inLanguage\":\"de\",\"@id\":\"https:\/\/denizcankizil.tr\/de\/#\/schema\/logo\/image\/\",\"url\":\"https:\/\/denizcankizil.tr\/wp-content\/uploads\/2024\/10\/siyah-logo-svg.svg\",\"contentUrl\":\"https:\/\/denizcankizil.tr\/wp-content\/uploads\/2024\/10\/siyah-logo-svg.svg\",\"width\":1080,\"height\":1080,\"caption\":\"Av. Deniz Can K\u0131z\u0131l\"},\"image\":{\"@id\":\"https:\/\/denizcankizil.tr\/de\/#\/schema\/logo\/image\/\"}},{\"@type\":\"Person\",\"@id\":\"https:\/\/denizcankizil.tr\/de\/#\/schema\/person\/be3c05fe6a12686905512445d8185489\",\"name\":\"admin\",\"image\":{\"@type\":\"ImageObject\",\"inLanguage\":\"de\",\"@id\":\"https:\/\/denizcankizil.tr\/de\/#\/schema\/person\/image\/\",\"url\":\"https:\/\/secure.gravatar.com\/avatar\/c1fce94c830dc79107e174f890d7210541c4a63e8e5d816341794a2151c9d58c?s=96&d=mm&r=g\",\"contentUrl\":\"https:\/\/secure.gravatar.com\/avatar\/c1fce94c830dc79107e174f890d7210541c4a63e8e5d816341794a2151c9d58c?s=96&d=mm&r=g\",\"caption\":\"admin\"},\"sameAs\":[\"http:\/\/denizcankizil.tr\"],\"url\":\"https:\/\/www.iskenderun.org\/baskan-gorkem-duman-vatandaslarla-cop-topladi\"}]}<\/script>\n<!-- \/ Yoast SEO Premium plugin. -->","yoast_head_json":{"title":"Ba\u015fkan G\u00f6rkem Duman vatanda\u015flarla \u00e7\u00f6p toplad\u0131 - Av. Deniz Can K\u0131z\u0131l","robots":{"index":"index","follow":"follow","max-snippet":"max-snippet:-1","max-image-preview":"max-image-preview:large","max-video-preview":"max-video-preview:-1"},"canonical":"http:\/\/denizcankizil.tr\/de\/haberler\/gundem\/baskan-gorkem-duman-vatandaslarla-cop-topladi\/","og_locale":"de_DE","og_type":"article","og_title":"Ba\u015fkan G\u00f6rkem Duman vatanda\u015flarla \u00e7\u00f6p toplad\u0131","og_description":"Buca Belediyesi\u2019nde i\u015f\u00e7ilerin i\u015f b\u0131rakma eyleminin be\u015finci g\u00fcn\u00fcnde sahaya inerek Cumhuriyet Halk Partisi Buca \u0130l\u00e7e Ba\u015fkan\u0131 \u00c7a\u011fda\u015f Kaya, CHP Buca \u0130l\u00e7e \u00d6rg\u00fct\u00fc, meclis \u00fcyeleri, belediye b\u00fcrokratlar\u0131, birim m\u00fcd\u00fcrleri ve g\u00f6n\u00fcll\u00fc vatanda\u015flarla birlikte biriken \u00e7\u00f6pleri toplayan Buca Belediye Ba\u015fkan\u0131 Mimar G\u00f6rkem Duman, &#8220;Buca bizim evimiz. Buca&#8217;y\u0131 tertemiz yapmak i\u00e7in var g\u00fcc\u00fcm\u00fczle \u00e7al\u0131\u015faca\u011f\u0131z&#8221; diye konu\u015ftu. \u200bBuca Belediyesi\u2019nde i\u015f\u00e7ilerin i\u015f b\u0131rakma eyleminin be\u015finci g\u00fcn\u00fcnde sahaya inerek Cumhuriyet Halk Partisi Buca \u0130l\u00e7e Ba\u015fkan\u0131 \u00c7a\u011fda\u015f Kaya, CHP Buca \u0130l\u00e7e \u00d6rg\u00fct\u00fc, meclis \u00fcyeleri, belediye b\u00fcrokratlar\u0131, birim m\u00fcd\u00fcrleri ve g\u00f6n\u00fcll\u00fc vatanda\u015flarla birlikte biriken \u00e7\u00f6pleri toplayan Buca Belediye Ba\u015fkan\u0131 Mimar G\u00f6rkem Duman, &#8220;Buca bizim evimiz. Buca&#8217;y\u0131 tertemiz yapmak i\u00e7in var g\u00fcc\u00fcm\u00fczle \u00e7al\u0131\u015faca\u011f\u0131z&#8221; diye konu\u015ftu.\u00a0 \u200bHaberin Al\u0131nt\u0131land\u0131\u011f\u0131 Kaynak: www.iskenderun.org","og_url":"http:\/\/denizcankizil.tr\/de\/haberler\/gundem\/baskan-gorkem-duman-vatandaslarla-cop-topladi\/","og_site_name":"Av. Deniz Can K\u0131z\u0131l","article_published_time":"2025-06-23T03:42:25+00:00","author":"admin","twitter_card":"summary_large_image","twitter_misc":{"Verfasst von":"admin","Gesch\u00e4tzte Lesezeit":"1\u00a0Minute"},"schema":{"@context":"https:\/\/schema.org","@graph":[{"@type":"Article","@id":"http:\/\/denizcankizil.tr\/en\/haberler\/gundem\/baskan-gorkem-duman-vatandaslarla-cop-topladi\/#article","isPartOf":{"@id":"http:\/\/denizcankizil.tr\/en\/haberler\/gundem\/baskan-gorkem-duman-vatandaslarla-cop-topladi\/"},"author":{"name":"admin","@id":"https:\/\/denizcankizil.tr\/de\/#\/schema\/person\/be3c05fe6a12686905512445d8185489"},"headline":"Ba\u015fkan G\u00f6rkem Duman vatanda\u015flarla \u00e7\u00f6p toplad\u0131","datePublished":"2025-06-23T03:42:25+00:00","mainEntityOfPage":{"@id":"http:\/\/denizcankizil.tr\/en\/haberler\/gundem\/baskan-gorkem-duman-vatandaslarla-cop-topladi\/"},"wordCount":177,"publisher":{"@id":"https:\/\/denizcankizil.tr\/de\/#organization"},"articleSection":["G\u00fcndem"],"inLanguage":"de"},{"@type":"WebPage","@id":"http:\/\/denizcankizil.tr\/en\/haberler\/gundem\/baskan-gorkem-duman-vatandaslarla-cop-topladi\/","url":"http:\/\/denizcankizil.tr\/en\/haberler\/gundem\/baskan-gorkem-duman-vatandaslarla-cop-topladi\/","name":"Ba\u015fkan G\u00f6rkem Duman vatanda\u015flarla \u00e7\u00f6p toplad\u0131 - Av. Deniz Can K\u0131z\u0131l","isPartOf":{"@id":"https:\/\/denizcankizil.tr\/de\/#website"},"datePublished":"2025-06-23T03:42:25+00:00","breadcrumb":{"@id":"http:\/\/denizcankizil.tr\/en\/haberler\/gundem\/baskan-gorkem-duman-vatandaslarla-cop-topladi\/#breadcrumb"},"inLanguage":"de","potentialAction":[{"@type":"ReadAction","target":["http:\/\/denizcankizil.tr\/en\/haberler\/gundem\/baskan-gorkem-duman-vatandaslarla-cop-topladi\/"]}]},{"@type":"BreadcrumbList","@id":"http:\/\/denizcankizil.tr\/en\/haberler\/gundem\/baskan-gorkem-duman-vatandaslarla-cop-topladi\/#breadcrumb","itemListElement":[{"@type":"ListItem","position":1,"name":"Home","item":"https:\/\/denizcankizil.tr\/de\/"},{"@type":"ListItem","position":2,"name":"Ba\u015fkan G\u00f6rkem Duman vatanda\u015flarla \u00e7\u00f6p toplad\u0131"}]},{"@type":"WebSite","@id":"https:\/\/denizcankizil.tr\/de\/#website","url":"https:\/\/denizcankizil.tr\/de\/","name":"Av. Deniz Can K\u0131z\u0131l","description":"Avukat Deniz Can K\u0131z\u0131l Antalya Barosu","publisher":{"@id":"https:\/\/denizcankizil.tr\/de\/#organization"},"potentialAction":[{"@type":"SearchAction","target":{"@type":"EntryPoint","urlTemplate":"https:\/\/denizcankizil.tr\/de\/?s={search_term_string}"},"query-input":{"@type":"PropertyValueSpecification","valueRequired":true,"valueName":"search_term_string"}}],"inLanguage":"de"},{"@type":"Organization","@id":"https:\/\/denizcankizil.tr\/de\/#organization","name":"Av. Deniz Can K\u0131z\u0131l","url":"https:\/\/denizcankizil.tr\/de\/","logo":{"@type":"ImageObject","inLanguage":"de","@id":"https:\/\/denizcankizil.tr\/de\/#\/schema\/logo\/image\/","url":"https:\/\/denizcankizil.tr\/wp-content\/uploads\/2024\/10\/siyah-logo-svg.svg","contentUrl":"https:\/\/denizcankizil.tr\/wp-content\/uploads\/2024\/10\/siyah-logo-svg.svg","width":1080,"height":1080,"caption":"Av. Deniz Can K\u0131z\u0131l"},"image":{"@id":"https:\/\/denizcankizil.tr\/de\/#\/schema\/logo\/image\/"}},{"@type":"Person","@id":"https:\/\/denizcankizil.tr\/de\/#\/schema\/person\/be3c05fe6a12686905512445d8185489","name":"Administrator","image":{"@type":"ImageObject","inLanguage":"de","@id":"https:\/\/denizcankizil.tr\/de\/#\/schema\/person\/image\/","url":"https:\/\/secure.gravatar.com\/avatar\/c1fce94c830dc79107e174f890d7210541c4a63e8e5d816341794a2151c9d58c?s=96&d=mm&r=g","contentUrl":"https:\/\/secure.gravatar.com\/avatar\/c1fce94c830dc79107e174f890d7210541c4a63e8e5d816341794a2151c9d58c?s=96&d=mm&r=g","caption":"admin"},"sameAs":["http:\/\/denizcankizil.tr"],"url":"https:\/\/www.iskenderun.org\/baskan-gorkem-duman-vatandaslarla-cop-topladi"}]}},"_links":{"self":[{"href":"https:\/\/denizcankizil.tr\/de\/wp-json\/wp\/v2\/posts\/123880","targetHints":{"allow":["GET"]}}],"collection":[{"href":"https:\/\/denizcankizil.tr\/de\/wp-json\/wp\/v2\/posts"}],"about":[{"href":"https:\/\/denizcankizil.tr\/de\/wp-json\/wp\/v2\/types\/post"}],"author":[{"embeddable":true,"href":"https:\/\/denizcankizil.tr\/de\/wp-json\/wp\/v2\/users\/1"}],"replies":[{"embeddable":true,"href":"https:\/\/denizcankizil.tr\/de\/wp-json\/wp\/v2\/comments?post=123880"}],"version-history":[{"count":0,"href":"https:\/\/denizcankizil.tr\/de\/wp-json\/wp\/v2\/posts\/123880\/revisions"}],"wp:attachment":[{"href":"https:\/\/denizcankizil.tr\/de\/wp-json\/wp\/v2\/media?parent=123880"}],"wp:term":[{"taxonomy":"category","embeddable":true,"href":"https:\/\/denizcankizil.tr\/de\/wp-json\/wp\/v2\/categories?post=123880"},{"taxonomy":"post_tag","embeddable":true,"href":"https:\/\/denizcankizil.tr\/de\/wp-json\/wp\/v2\/tags?post=123880"}],"curies":[{"name":"wp","href":"https:\/\/api.w.org\/{rel}","templated":true}]}}