{"id":123324,"date":"2025-06-22T17:41:16","date_gmt":"2025-06-22T14:41:16","guid":{"rendered":"https:\/\/denizcankizil.tr\/uncategorized-tr\/mugla-valisinden-orman-yangini-uyarisi-yol-kenarlarina-cam-sise-atmayin\/"},"modified":"2025-06-22T17:41:16","modified_gmt":"2025-06-22T14:41:16","slug":"mugla-valisinden-orman-yangini-uyarisi-yol-kenarlarina-cam-sise-atmayin","status":"publish","type":"post","link":"https:\/\/denizcankizil.tr\/de\/haberler\/gundem\/mugla-valisinden-orman-yangini-uyarisi-yol-kenarlarina-cam-sise-atmayin\/","title":{"rendered":"Mu\u011fla Valisi&#8217;nden orman yang\u0131n\u0131 uyar\u0131s\u0131: &#8220;Yol kenarlar\u0131na cam \u015fi\u015fe atmay\u0131n&#8221;"},"content":{"rendered":"<p>Mu\u011fla Valisi \u0130dris Akb\u0131y\u0131k, hava s\u0131cakl\u0131klar\u0131n\u0131n artmas\u0131 ve nem oran\u0131n\u0131n d\u00fc\u015fmesi nedeniyle orman yang\u0131nlar\u0131na kar\u015f\u0131 dikkatli olunmas\u0131 gerekti\u011fi konusunda uyar\u0131da bulundu.<\/p>\n<p>\u00d6ZELL\u0130KLE B\u0130R HAFTA BOYUNCA D\u0130KKAT<\/p>\n<p>Mu\u011fla Valisi \u0130dris Akb\u0131y\u0131k, valilik\u00e7e yasaklanan ormanlara kesinlikle girilmemesi gerekti\u011fini vurgulad\u0131. Yol kenarlar\u0131na cam, pet \u015fi\u015fe, sigara izmariti veya yang\u0131n riski ta\u015f\u0131yan \u00e7\u00f6plerin at\u0131lmamas\u0131 gerekti\u011fini hat\u0131rlatan Vali Akb\u0131y\u0131k, an\u0131z, bah\u00e7e veya sera temizli\u011fi ad\u0131 alt\u0131nda hi\u00e7bir \u015fekilde ate\u015f yak\u0131lmamas\u0131 gerekti\u011fini belirtti. \u00d6zellikle \u00f6n\u00fcm\u00fczdeki bir hafta boyunca ormanl\u0131k alanlara yak\u0131n yerlerde yang\u0131n riskini artt\u0131racak t\u00fcm davran\u0131\u015flardan ka\u00e7\u0131n\u0131lmas\u0131n\u0131 isteyen Vali Akb\u0131y\u0131k, g\u00f6r\u00fclen olumsuz durumlar\u0131n bekletilmeden 112 Acil \u00c7a\u011fr\u0131 Merkezi\u2019ne bildirilmesi gerekti\u011fini ifade etti.<\/p>\n<p>2024 YILINDA 384 ADET ORMAN YANGINI YA\u015eANDI <\/p>\n<p>\u00d6te yandan ge\u00e7ti\u011fimiz Ocak ay\u0131nda Mu\u011fla Orman B\u00f6lge M\u00fcd\u00fcr\u00fc Mustafa \u00dclk\u00fcd\u00fcr, 2024 y\u0131l\u0131nda 384 adet orman yang\u0131n\u0131 ile m\u00fccadele edildi\u011fini ve 3 bin 466 hektar alan\u0131n yang\u0131ndan etkilendi\u011fini a\u00e7\u0131klad\u0131. \u00dclk\u00fcd\u00fcr, orman yang\u0131nlar\u0131n\u0131n y\u00fczde 59\u2019unun ise insan kaynakl\u0131 oldu\u011funu s\u00f6yledi.<\/p>\n<p>\u201c2024 YILINDA 3 B\u0130N 466 HEKTAR ALAN ORMAN ALANI YANDI&#8221; <\/p>\n<p>2024 y\u0131l\u0131nda meydana gelen orman yang\u0131n\u0131 ve yanan alan say\u0131s\u0131n\u0131 payla\u015fan \u00dclk\u00fcd\u00fcr, \u201cOrman B\u00f6lge M\u00fcd\u00fcrl\u00fc\u011f\u00fcm\u00fczde 2024 y\u0131l\u0131nda 384 adet orman yang\u0131n\u0131 ile m\u00fccadele edildi. Bu 384 adet orman yang\u0131n\u0131m\u0131zda 3 bin 466 hektar alan\u0131m\u0131z yang\u0131ndan etkilendi. Bunun yan\u0131nda 294 ziraat yang\u0131n\u0131na da m\u00fcdahale edildi. Son 10 y\u0131ll\u0131k yang\u0131n istatistiklerimize bakt\u0131\u011f\u0131m\u0131zda 10 y\u0131ll\u0131k ortalamam\u0131z da 314 adet yang\u0131n, y\u0131ll\u0131k yanan alan\u0131m\u0131z 6 bin 226 hektar. 2024 y\u0131l\u0131nda 384 adet orman yang\u0131n\u0131 kar\u015f\u0131l\u0131k 3 bin 466&#8217;ya kadar alan\u0131m\u0131z yang\u0131ndan etkilendi\u201d ifadelerini kulland\u0131.<\/p>\n<p>\u200bHava s\u0131cakl\u0131klar\u0131n y\u00fcksek seyretmesiyle birlikte \u00e7\u0131kan orman yang\u0131nlar\u0131na kar\u015f\u0131 Mu\u011fla Valisi \u0130dris Akb\u0131y\u0131k, vatanda\u015flar\u0131 uyar\u0131da bulundu. Akb\u0131y\u0131k, \u00f6zellikle cam \u015fi\u015fe ve \u00e7\u00f6plerin ormanl\u0131k alana b\u0131rak\u0131lmamas\u0131 gerekti\u011fini s\u00f6yledi.\u00a0<\/p>\n<p>\u200bHaberin Al\u0131nt\u0131land\u0131\u011f\u0131 Kaynak: www.antalyakorfez.com<\/p>","protected":false},"excerpt":{"rendered":"<p>Mu\u011fla Valisi \u0130dris Akb\u0131y\u0131k, hava s\u0131cakl\u0131klar\u0131n\u0131n artmas\u0131 ve nem oran\u0131n\u0131n d\u00fc\u015fmesi nedeniyle orman yang\u0131nlar\u0131na kar\u015f\u0131 dikkatli olunmas\u0131 gerekti\u011fi konusunda uyar\u0131da bulundu. \u00d6ZELL\u0130KLE B\u0130R HAFTA BOYUNCA D\u0130KKAT Mu\u011fla Valisi \u0130dris Akb\u0131y\u0131k, valilik\u00e7e yasaklanan ormanlara kesinlikle girilmemesi gerekti\u011fini vurgulad\u0131. Yol kenarlar\u0131na cam, pet \u015fi\u015fe, sigara izmariti veya yang\u0131n riski ta\u015f\u0131yan \u00e7\u00f6plerin at\u0131lmamas\u0131 gerekti\u011fini hat\u0131rlatan Vali Akb\u0131y\u0131k, an\u0131z, bah\u00e7e veya sera temizli\u011fi ad\u0131 alt\u0131nda hi\u00e7bir \u015fekilde ate\u015f yak\u0131lmamas\u0131 gerekti\u011fini belirtti. \u00d6zellikle \u00f6n\u00fcm\u00fczdeki bir hafta boyunca ormanl\u0131k alanlara yak\u0131n yerlerde yang\u0131n riskini artt\u0131racak t\u00fcm davran\u0131\u015flardan ka\u00e7\u0131n\u0131lmas\u0131n\u0131 isteyen Vali Akb\u0131y\u0131k, g\u00f6r\u00fclen olumsuz durumlar\u0131n bekletilmeden 112 Acil \u00c7a\u011fr\u0131 Merkezi\u2019ne bildirilmesi gerekti\u011fini ifade etti. 2024 YILINDA 384 ADET ORMAN YANGINI YA\u015eANDI \u00d6te yandan ge\u00e7ti\u011fimiz Ocak ay\u0131nda Mu\u011fla Orman B\u00f6lge M\u00fcd\u00fcr\u00fc Mustafa \u00dclk\u00fcd\u00fcr, 2024 y\u0131l\u0131nda 384 adet orman yang\u0131n\u0131 ile m\u00fccadele edildi\u011fini ve 3 bin 466 hektar alan\u0131n yang\u0131ndan etkilendi\u011fini a\u00e7\u0131klad\u0131. \u00dclk\u00fcd\u00fcr, orman yang\u0131nlar\u0131n\u0131n y\u00fczde 59\u2019unun ise insan kaynakl\u0131 oldu\u011funu s\u00f6yledi. \u201c2024 YILINDA 3 B\u0130N 466 HEKTAR ALAN ORMAN ALANI YANDI&#8221; 2024 y\u0131l\u0131nda meydana gelen orman yang\u0131n\u0131 ve yanan alan say\u0131s\u0131n\u0131 payla\u015fan \u00dclk\u00fcd\u00fcr, \u201cOrman B\u00f6lge M\u00fcd\u00fcrl\u00fc\u011f\u00fcm\u00fczde 2024 y\u0131l\u0131nda 384 adet orman yang\u0131n\u0131 ile m\u00fccadele edildi. Bu 384 adet orman yang\u0131n\u0131m\u0131zda 3 bin 466 hektar alan\u0131m\u0131z yang\u0131ndan etkilendi. Bunun yan\u0131nda 294 ziraat yang\u0131n\u0131na da m\u00fcdahale edildi. Son 10 y\u0131ll\u0131k &hellip;<\/p>","protected":false},"author":5,"featured_media":0,"comment_status":"","ping_status":"open","sticky":false,"template":"","format":"standard","meta":{"_acf_changed":false,"footnotes":""},"categories":[24],"tags":[],"class_list":["post-123324","post","type-post","status-publish","format-standard","has-post-thumbnail","hentry","category-gundem"],"acf":[],"yoast_head":"<!-- This site is optimized with the Yoast SEO Premium plugin v26.6 (Yoast SEO v27.1.1) - https:\/\/yoast.com\/product\/yoast-seo-premium-wordpress\/ -->\n<title>Mu\u011fla Valisi&#039;nden orman yang\u0131n\u0131 uyar\u0131s\u0131: &quot;Yol kenarlar\u0131na cam \u015fi\u015fe atmay\u0131n&quot; - Av. Deniz Can K\u0131z\u0131l<\/title>\n<meta name=\"robots\" content=\"index, follow, max-snippet:-1, max-image-preview:large, max-video-preview:-1\" \/>\n<link rel=\"canonical\" href=\"https:\/\/denizcankizil.tr\/de\/haberler\/gundem\/mugla-valisinden-orman-yangini-uyarisi-yol-kenarlarina-cam-sise-atmayin\/\" \/>\n<meta property=\"og:locale\" content=\"de_DE\" \/>\n<meta property=\"og:type\" content=\"article\" \/>\n<meta property=\"og:title\" content=\"Mu\u011fla Valisi&#039;nden orman yang\u0131n\u0131 uyar\u0131s\u0131: &quot;Yol kenarlar\u0131na cam \u015fi\u015fe atmay\u0131n&quot;\" \/>\n<meta property=\"og:description\" content=\"Mu\u011fla Valisi \u0130dris Akb\u0131y\u0131k, hava s\u0131cakl\u0131klar\u0131n\u0131n artmas\u0131 ve nem oran\u0131n\u0131n d\u00fc\u015fmesi nedeniyle orman yang\u0131nlar\u0131na kar\u015f\u0131 dikkatli olunmas\u0131 gerekti\u011fi konusunda uyar\u0131da bulundu. \u00d6ZELL\u0130KLE B\u0130R HAFTA BOYUNCA D\u0130KKAT Mu\u011fla Valisi \u0130dris Akb\u0131y\u0131k, valilik\u00e7e yasaklanan ormanlara kesinlikle girilmemesi gerekti\u011fini vurgulad\u0131. Yol kenarlar\u0131na cam, pet \u015fi\u015fe, sigara izmariti veya yang\u0131n riski ta\u015f\u0131yan \u00e7\u00f6plerin at\u0131lmamas\u0131 gerekti\u011fini hat\u0131rlatan Vali Akb\u0131y\u0131k, an\u0131z, bah\u00e7e veya sera temizli\u011fi ad\u0131 alt\u0131nda hi\u00e7bir \u015fekilde ate\u015f yak\u0131lmamas\u0131 gerekti\u011fini belirtti. \u00d6zellikle \u00f6n\u00fcm\u00fczdeki bir hafta boyunca ormanl\u0131k alanlara yak\u0131n yerlerde yang\u0131n riskini artt\u0131racak t\u00fcm davran\u0131\u015flardan ka\u00e7\u0131n\u0131lmas\u0131n\u0131 isteyen Vali Akb\u0131y\u0131k, g\u00f6r\u00fclen olumsuz durumlar\u0131n bekletilmeden 112 Acil \u00c7a\u011fr\u0131 Merkezi\u2019ne bildirilmesi gerekti\u011fini ifade etti. 2024 YILINDA 384 ADET ORMAN YANGINI YA\u015eANDI \u00d6te yandan ge\u00e7ti\u011fimiz Ocak ay\u0131nda Mu\u011fla Orman B\u00f6lge M\u00fcd\u00fcr\u00fc Mustafa \u00dclk\u00fcd\u00fcr, 2024 y\u0131l\u0131nda 384 adet orman yang\u0131n\u0131 ile m\u00fccadele edildi\u011fini ve 3 bin 466 hektar alan\u0131n yang\u0131ndan etkilendi\u011fini a\u00e7\u0131klad\u0131. \u00dclk\u00fcd\u00fcr, orman yang\u0131nlar\u0131n\u0131n y\u00fczde 59\u2019unun ise insan kaynakl\u0131 oldu\u011funu s\u00f6yledi. \u201c2024 YILINDA 3 B\u0130N 466 HEKTAR ALAN ORMAN ALANI YANDI&#8221; 2024 y\u0131l\u0131nda meydana gelen orman yang\u0131n\u0131 ve yanan alan say\u0131s\u0131n\u0131 payla\u015fan \u00dclk\u00fcd\u00fcr, \u201cOrman B\u00f6lge M\u00fcd\u00fcrl\u00fc\u011f\u00fcm\u00fczde 2024 y\u0131l\u0131nda 384 adet orman yang\u0131n\u0131 ile m\u00fccadele edildi. Bu 384 adet orman yang\u0131n\u0131m\u0131zda 3 bin 466 hektar alan\u0131m\u0131z yang\u0131ndan etkilendi. Bunun yan\u0131nda 294 ziraat yang\u0131n\u0131na da m\u00fcdahale edildi. Son 10 y\u0131ll\u0131k &hellip;\" \/>\n<meta property=\"og:url\" content=\"https:\/\/denizcankizil.tr\/de\/haberler\/gundem\/mugla-valisinden-orman-yangini-uyarisi-yol-kenarlarina-cam-sise-atmayin\/\" \/>\n<meta property=\"og:site_name\" content=\"Av. Deniz Can K\u0131z\u0131l\" \/>\n<meta property=\"article:published_time\" content=\"2025-06-22T14:41:16+00:00\" \/>\n<meta name=\"author\" content=\"Antalya K\u00f6rfez\" \/>\n<meta name=\"twitter:card\" content=\"summary_large_image\" \/>\n<meta name=\"twitter:label1\" content=\"Verfasst von\" \/>\n\t<meta name=\"twitter:data1\" content=\"Antalya K\u00f6rfez\" \/>\n\t<meta name=\"twitter:label2\" content=\"Gesch\u00e4tzte Lesezeit\" \/>\n\t<meta name=\"twitter:data2\" content=\"2\u00a0Minuten\" \/>\n<script type=\"application\/ld+json\" class=\"yoast-schema-graph\">{\"@context\":\"https:\/\/schema.org\",\"@graph\":[{\"@type\":\"Article\",\"@id\":\"https:\/\/denizcankizil.tr\/de\/haberler\/gundem\/mugla-valisinden-orman-yangini-uyarisi-yol-kenarlarina-cam-sise-atmayin\/#article\",\"isPartOf\":{\"@id\":\"https:\/\/denizcankizil.tr\/de\/haberler\/gundem\/mugla-valisinden-orman-yangini-uyarisi-yol-kenarlarina-cam-sise-atmayin\/\"},\"author\":{\"name\":\"Antalya K\u00f6rfez\",\"@id\":\"https:\/\/denizcankizil.tr\/de\/#\/schema\/person\/e1eb71bb4dd684d46563f0af307e1234\"},\"headline\":\"Mu\u011fla Valisi&#8217;nden orman yang\u0131n\u0131 uyar\u0131s\u0131: &#8220;Yol kenarlar\u0131na cam \u015fi\u015fe atmay\u0131n&#8221;\",\"datePublished\":\"2025-06-22T14:41:16+00:00\",\"mainEntityOfPage\":{\"@id\":\"https:\/\/denizcankizil.tr\/de\/haberler\/gundem\/mugla-valisinden-orman-yangini-uyarisi-yol-kenarlarina-cam-sise-atmayin\/\"},\"wordCount\":412,\"publisher\":{\"@id\":\"https:\/\/denizcankizil.tr\/de\/#organization\"},\"articleSection\":[\"G\u00fcndem\"],\"inLanguage\":\"de\"},{\"@type\":\"WebPage\",\"@id\":\"https:\/\/denizcankizil.tr\/de\/haberler\/gundem\/mugla-valisinden-orman-yangini-uyarisi-yol-kenarlarina-cam-sise-atmayin\/\",\"url\":\"https:\/\/denizcankizil.tr\/de\/haberler\/gundem\/mugla-valisinden-orman-yangini-uyarisi-yol-kenarlarina-cam-sise-atmayin\/\",\"name\":\"Mu\u011fla Valisi'nden orman yang\u0131n\u0131 uyar\u0131s\u0131: \\\"Yol kenarlar\u0131na cam \u015fi\u015fe atmay\u0131n\\\" - Av. Deniz Can K\u0131z\u0131l\",\"isPartOf\":{\"@id\":\"https:\/\/denizcankizil.tr\/de\/#website\"},\"datePublished\":\"2025-06-22T14:41:16+00:00\",\"breadcrumb\":{\"@id\":\"https:\/\/denizcankizil.tr\/de\/haberler\/gundem\/mugla-valisinden-orman-yangini-uyarisi-yol-kenarlarina-cam-sise-atmayin\/#breadcrumb\"},\"inLanguage\":\"de\",\"potentialAction\":[{\"@type\":\"ReadAction\",\"target\":[\"https:\/\/denizcankizil.tr\/de\/haberler\/gundem\/mugla-valisinden-orman-yangini-uyarisi-yol-kenarlarina-cam-sise-atmayin\/\"]}]},{\"@type\":\"BreadcrumbList\",\"@id\":\"https:\/\/denizcankizil.tr\/de\/haberler\/gundem\/mugla-valisinden-orman-yangini-uyarisi-yol-kenarlarina-cam-sise-atmayin\/#breadcrumb\",\"itemListElement\":[{\"@type\":\"ListItem\",\"position\":1,\"name\":\"Home\",\"item\":\"https:\/\/denizcankizil.tr\/de\/\"},{\"@type\":\"ListItem\",\"position\":2,\"name\":\"Mu\u011fla Valisi&#8217;nden orman yang\u0131n\u0131 uyar\u0131s\u0131: &#8220;Yol kenarlar\u0131na cam \u015fi\u015fe atmay\u0131n&#8221;\"}]},{\"@type\":\"WebSite\",\"@id\":\"https:\/\/denizcankizil.tr\/de\/#website\",\"url\":\"https:\/\/denizcankizil.tr\/de\/\",\"name\":\"Av. Deniz Can K\u0131z\u0131l\",\"description\":\"Avukat Deniz Can K\u0131z\u0131l Antalya Barosu\",\"publisher\":{\"@id\":\"https:\/\/denizcankizil.tr\/de\/#organization\"},\"potentialAction\":[{\"@type\":\"SearchAction\",\"target\":{\"@type\":\"EntryPoint\",\"urlTemplate\":\"https:\/\/denizcankizil.tr\/de\/?s={search_term_string}\"},\"query-input\":{\"@type\":\"PropertyValueSpecification\",\"valueRequired\":true,\"valueName\":\"search_term_string\"}}],\"inLanguage\":\"de\"},{\"@type\":\"Organization\",\"@id\":\"https:\/\/denizcankizil.tr\/de\/#organization\",\"name\":\"Av. Deniz Can K\u0131z\u0131l\",\"url\":\"https:\/\/denizcankizil.tr\/de\/\",\"logo\":{\"@type\":\"ImageObject\",\"inLanguage\":\"de\",\"@id\":\"https:\/\/denizcankizil.tr\/de\/#\/schema\/logo\/image\/\",\"url\":\"https:\/\/denizcankizil.tr\/wp-content\/uploads\/2024\/10\/siyah-logo-svg.svg\",\"contentUrl\":\"https:\/\/denizcankizil.tr\/wp-content\/uploads\/2024\/10\/siyah-logo-svg.svg\",\"width\":1080,\"height\":1080,\"caption\":\"Av. Deniz Can K\u0131z\u0131l\"},\"image\":{\"@id\":\"https:\/\/denizcankizil.tr\/de\/#\/schema\/logo\/image\/\"}},{\"@type\":\"Person\",\"@id\":\"https:\/\/denizcankizil.tr\/de\/#\/schema\/person\/e1eb71bb4dd684d46563f0af307e1234\",\"name\":\"Antalya K\u00f6rfez\",\"image\":{\"@type\":\"ImageObject\",\"inLanguage\":\"de\",\"@id\":\"https:\/\/denizcankizil.tr\/de\/#\/schema\/person\/image\/\",\"url\":\"https:\/\/secure.gravatar.com\/avatar\/42b01982558a48a0b501fdcab6a408d3717ea5919095ee2e67b0e521799c5905?s=96&d=mm&r=g\",\"contentUrl\":\"https:\/\/secure.gravatar.com\/avatar\/42b01982558a48a0b501fdcab6a408d3717ea5919095ee2e67b0e521799c5905?s=96&d=mm&r=g\",\"caption\":\"Antalya K\u00f6rfez\"},\"sameAs\":[\"http:\/\/www.antalyakorfez.com\"],\"url\":\"https:\/\/www.antalyakorfez.com\/mugla-valisinden-orman-yangini-uyarisi-yol-kenarlarina-cam-sise-atmayin\"}]}<\/script>\n<!-- \/ Yoast SEO Premium plugin. -->","yoast_head_json":{"title":"Mu\u011fla Valisi'nden orman yang\u0131n\u0131 uyar\u0131s\u0131: \"Yol kenarlar\u0131na cam \u015fi\u015fe atmay\u0131n\" - Av. Deniz Can K\u0131z\u0131l","robots":{"index":"index","follow":"follow","max-snippet":"max-snippet:-1","max-image-preview":"max-image-preview:large","max-video-preview":"max-video-preview:-1"},"canonical":"https:\/\/denizcankizil.tr\/de\/haberler\/gundem\/mugla-valisinden-orman-yangini-uyarisi-yol-kenarlarina-cam-sise-atmayin\/","og_locale":"de_DE","og_type":"article","og_title":"Mu\u011fla Valisi'nden orman yang\u0131n\u0131 uyar\u0131s\u0131: \"Yol kenarlar\u0131na cam \u015fi\u015fe atmay\u0131n\"","og_description":"Mu\u011fla Valisi \u0130dris Akb\u0131y\u0131k, hava s\u0131cakl\u0131klar\u0131n\u0131n artmas\u0131 ve nem oran\u0131n\u0131n d\u00fc\u015fmesi nedeniyle orman yang\u0131nlar\u0131na kar\u015f\u0131 dikkatli olunmas\u0131 gerekti\u011fi konusunda uyar\u0131da bulundu. \u00d6ZELL\u0130KLE B\u0130R HAFTA BOYUNCA D\u0130KKAT Mu\u011fla Valisi \u0130dris Akb\u0131y\u0131k, valilik\u00e7e yasaklanan ormanlara kesinlikle girilmemesi gerekti\u011fini vurgulad\u0131. Yol kenarlar\u0131na cam, pet \u015fi\u015fe, sigara izmariti veya yang\u0131n riski ta\u015f\u0131yan \u00e7\u00f6plerin at\u0131lmamas\u0131 gerekti\u011fini hat\u0131rlatan Vali Akb\u0131y\u0131k, an\u0131z, bah\u00e7e veya sera temizli\u011fi ad\u0131 alt\u0131nda hi\u00e7bir \u015fekilde ate\u015f yak\u0131lmamas\u0131 gerekti\u011fini belirtti. \u00d6zellikle \u00f6n\u00fcm\u00fczdeki bir hafta boyunca ormanl\u0131k alanlara yak\u0131n yerlerde yang\u0131n riskini artt\u0131racak t\u00fcm davran\u0131\u015flardan ka\u00e7\u0131n\u0131lmas\u0131n\u0131 isteyen Vali Akb\u0131y\u0131k, g\u00f6r\u00fclen olumsuz durumlar\u0131n bekletilmeden 112 Acil \u00c7a\u011fr\u0131 Merkezi\u2019ne bildirilmesi gerekti\u011fini ifade etti. 2024 YILINDA 384 ADET ORMAN YANGINI YA\u015eANDI \u00d6te yandan ge\u00e7ti\u011fimiz Ocak ay\u0131nda Mu\u011fla Orman B\u00f6lge M\u00fcd\u00fcr\u00fc Mustafa \u00dclk\u00fcd\u00fcr, 2024 y\u0131l\u0131nda 384 adet orman yang\u0131n\u0131 ile m\u00fccadele edildi\u011fini ve 3 bin 466 hektar alan\u0131n yang\u0131ndan etkilendi\u011fini a\u00e7\u0131klad\u0131. \u00dclk\u00fcd\u00fcr, orman yang\u0131nlar\u0131n\u0131n y\u00fczde 59\u2019unun ise insan kaynakl\u0131 oldu\u011funu s\u00f6yledi. \u201c2024 YILINDA 3 B\u0130N 466 HEKTAR ALAN ORMAN ALANI YANDI&#8221; 2024 y\u0131l\u0131nda meydana gelen orman yang\u0131n\u0131 ve yanan alan say\u0131s\u0131n\u0131 payla\u015fan \u00dclk\u00fcd\u00fcr, \u201cOrman B\u00f6lge M\u00fcd\u00fcrl\u00fc\u011f\u00fcm\u00fczde 2024 y\u0131l\u0131nda 384 adet orman yang\u0131n\u0131 ile m\u00fccadele edildi. Bu 384 adet orman yang\u0131n\u0131m\u0131zda 3 bin 466 hektar alan\u0131m\u0131z yang\u0131ndan etkilendi. Bunun yan\u0131nda 294 ziraat yang\u0131n\u0131na da m\u00fcdahale edildi. Son 10 y\u0131ll\u0131k &hellip;","og_url":"https:\/\/denizcankizil.tr\/de\/haberler\/gundem\/mugla-valisinden-orman-yangini-uyarisi-yol-kenarlarina-cam-sise-atmayin\/","og_site_name":"Av. Deniz Can K\u0131z\u0131l","article_published_time":"2025-06-22T14:41:16+00:00","author":"Antalya K\u00f6rfez","twitter_card":"summary_large_image","twitter_misc":{"Verfasst von":"Antalya K\u00f6rfez","Gesch\u00e4tzte Lesezeit":"2\u00a0Minuten"},"schema":{"@context":"https:\/\/schema.org","@graph":[{"@type":"Article","@id":"https:\/\/denizcankizil.tr\/de\/haberler\/gundem\/mugla-valisinden-orman-yangini-uyarisi-yol-kenarlarina-cam-sise-atmayin\/#article","isPartOf":{"@id":"https:\/\/denizcankizil.tr\/de\/haberler\/gundem\/mugla-valisinden-orman-yangini-uyarisi-yol-kenarlarina-cam-sise-atmayin\/"},"author":{"name":"Antalya K\u00f6rfez","@id":"https:\/\/denizcankizil.tr\/de\/#\/schema\/person\/e1eb71bb4dd684d46563f0af307e1234"},"headline":"Mu\u011fla Valisi&#8217;nden orman yang\u0131n\u0131 uyar\u0131s\u0131: &#8220;Yol kenarlar\u0131na cam \u015fi\u015fe atmay\u0131n&#8221;","datePublished":"2025-06-22T14:41:16+00:00","mainEntityOfPage":{"@id":"https:\/\/denizcankizil.tr\/de\/haberler\/gundem\/mugla-valisinden-orman-yangini-uyarisi-yol-kenarlarina-cam-sise-atmayin\/"},"wordCount":412,"publisher":{"@id":"https:\/\/denizcankizil.tr\/de\/#organization"},"articleSection":["G\u00fcndem"],"inLanguage":"de"},{"@type":"WebPage","@id":"https:\/\/denizcankizil.tr\/de\/haberler\/gundem\/mugla-valisinden-orman-yangini-uyarisi-yol-kenarlarina-cam-sise-atmayin\/","url":"https:\/\/denizcankizil.tr\/de\/haberler\/gundem\/mugla-valisinden-orman-yangini-uyarisi-yol-kenarlarina-cam-sise-atmayin\/","name":"Mu\u011fla Valisi'nden orman yang\u0131n\u0131 uyar\u0131s\u0131: \"Yol kenarlar\u0131na cam \u015fi\u015fe atmay\u0131n\" - Av. Deniz Can K\u0131z\u0131l","isPartOf":{"@id":"https:\/\/denizcankizil.tr\/de\/#website"},"datePublished":"2025-06-22T14:41:16+00:00","breadcrumb":{"@id":"https:\/\/denizcankizil.tr\/de\/haberler\/gundem\/mugla-valisinden-orman-yangini-uyarisi-yol-kenarlarina-cam-sise-atmayin\/#breadcrumb"},"inLanguage":"de","potentialAction":[{"@type":"ReadAction","target":["https:\/\/denizcankizil.tr\/de\/haberler\/gundem\/mugla-valisinden-orman-yangini-uyarisi-yol-kenarlarina-cam-sise-atmayin\/"]}]},{"@type":"BreadcrumbList","@id":"https:\/\/denizcankizil.tr\/de\/haberler\/gundem\/mugla-valisinden-orman-yangini-uyarisi-yol-kenarlarina-cam-sise-atmayin\/#breadcrumb","itemListElement":[{"@type":"ListItem","position":1,"name":"Home","item":"https:\/\/denizcankizil.tr\/de\/"},{"@type":"ListItem","position":2,"name":"Mu\u011fla Valisi&#8217;nden orman yang\u0131n\u0131 uyar\u0131s\u0131: &#8220;Yol kenarlar\u0131na cam \u015fi\u015fe atmay\u0131n&#8221;"}]},{"@type":"WebSite","@id":"https:\/\/denizcankizil.tr\/de\/#website","url":"https:\/\/denizcankizil.tr\/de\/","name":"Av. Deniz Can K\u0131z\u0131l","description":"Avukat Deniz Can K\u0131z\u0131l Antalya Barosu","publisher":{"@id":"https:\/\/denizcankizil.tr\/de\/#organization"},"potentialAction":[{"@type":"SearchAction","target":{"@type":"EntryPoint","urlTemplate":"https:\/\/denizcankizil.tr\/de\/?s={search_term_string}"},"query-input":{"@type":"PropertyValueSpecification","valueRequired":true,"valueName":"search_term_string"}}],"inLanguage":"de"},{"@type":"Organization","@id":"https:\/\/denizcankizil.tr\/de\/#organization","name":"Av. Deniz Can K\u0131z\u0131l","url":"https:\/\/denizcankizil.tr\/de\/","logo":{"@type":"ImageObject","inLanguage":"de","@id":"https:\/\/denizcankizil.tr\/de\/#\/schema\/logo\/image\/","url":"https:\/\/denizcankizil.tr\/wp-content\/uploads\/2024\/10\/siyah-logo-svg.svg","contentUrl":"https:\/\/denizcankizil.tr\/wp-content\/uploads\/2024\/10\/siyah-logo-svg.svg","width":1080,"height":1080,"caption":"Av. Deniz Can K\u0131z\u0131l"},"image":{"@id":"https:\/\/denizcankizil.tr\/de\/#\/schema\/logo\/image\/"}},{"@type":"Person","@id":"https:\/\/denizcankizil.tr\/de\/#\/schema\/person\/e1eb71bb4dd684d46563f0af307e1234","name":"Antalya K\u00f6rfez","image":{"@type":"ImageObject","inLanguage":"de","@id":"https:\/\/denizcankizil.tr\/de\/#\/schema\/person\/image\/","url":"https:\/\/secure.gravatar.com\/avatar\/42b01982558a48a0b501fdcab6a408d3717ea5919095ee2e67b0e521799c5905?s=96&d=mm&r=g","contentUrl":"https:\/\/secure.gravatar.com\/avatar\/42b01982558a48a0b501fdcab6a408d3717ea5919095ee2e67b0e521799c5905?s=96&d=mm&r=g","caption":"Antalya K\u00f6rfez"},"sameAs":["http:\/\/www.antalyakorfez.com"],"url":"https:\/\/www.antalyakorfez.com\/mugla-valisinden-orman-yangini-uyarisi-yol-kenarlarina-cam-sise-atmayin"}]}},"_links":{"self":[{"href":"https:\/\/denizcankizil.tr\/de\/wp-json\/wp\/v2\/posts\/123324","targetHints":{"allow":["GET"]}}],"collection":[{"href":"https:\/\/denizcankizil.tr\/de\/wp-json\/wp\/v2\/posts"}],"about":[{"href":"https:\/\/denizcankizil.tr\/de\/wp-json\/wp\/v2\/types\/post"}],"author":[{"embeddable":true,"href":"https:\/\/denizcankizil.tr\/de\/wp-json\/wp\/v2\/users\/5"}],"replies":[{"embeddable":true,"href":"https:\/\/denizcankizil.tr\/de\/wp-json\/wp\/v2\/comments?post=123324"}],"version-history":[{"count":0,"href":"https:\/\/denizcankizil.tr\/de\/wp-json\/wp\/v2\/posts\/123324\/revisions"}],"wp:attachment":[{"href":"https:\/\/denizcankizil.tr\/de\/wp-json\/wp\/v2\/media?parent=123324"}],"wp:term":[{"taxonomy":"category","embeddable":true,"href":"https:\/\/denizcankizil.tr\/de\/wp-json\/wp\/v2\/categories?post=123324"},{"taxonomy":"post_tag","embeddable":true,"href":"https:\/\/denizcankizil.tr\/de\/wp-json\/wp\/v2\/tags?post=123324"}],"curies":[{"name":"wp","href":"https:\/\/api.w.org\/{rel}","templated":true}]}}