{"id":123278,"date":"2025-06-22T15:42:15","date_gmt":"2025-06-22T12:42:15","guid":{"rendered":"https:\/\/denizcankizil.tr\/uncategorized-tr\/kolombiyali-itfaiyecilere-konya-egitimi\/"},"modified":"2025-06-22T15:42:15","modified_gmt":"2025-06-22T12:42:15","slug":"kolombiyali-itfaiyecilere-konya-egitimi","status":"publish","type":"post","link":"https:\/\/denizcankizil.tr\/de\/haberler\/gundem\/kolombiyali-itfaiyecilere-konya-egitimi\/","title":{"rendered":"Kolombiyal\u0131 itfaiyecilere Konya  e\u011fitimi"},"content":{"rendered":"<p>Konya B\u00fcy\u00fck\u015fehir Belediyesi \u0130tfaiye Dairesi Ba\u015fkanl\u0131\u011f\u0131, T\u00fcrk \u0130\u015fbirli\u011fi ve Koordinasyon Ajans\u0131 ortakl\u0131\u011f\u0131yla Kolombiya\u2019n\u0131n ba\u015fkenti Bogota\u2019da \u201cOrman Yang\u0131nlar\u0131na M\u00fcdahale E\u011fitimi\u201d program\u0131 ger\u00e7ekle\u015ftirdi.KONYA (\u0130GFA) &#8211; Konya B\u00fcy\u00fck\u015fehir Belediyesi \u0130tfaiye Dairesi, afetlerle m\u00fccadelede uluslararas\u0131 dayan\u0131\u015fmay\u0131 g\u00fc\u00e7lendirmek ve sahip oldu\u011fu bilgi birikimini d\u00fcnya ile payla\u015fmak i\u00e7in \u00f6nemli bir e\u011fitim program\u0131na daha imza att\u0131.<br \/>\nKonya B\u00fcy\u00fck\u015fehir Belediyesi \u0130tfaiyesi ile T\u00fcrk \u0130\u015fbirli\u011fi ve Koordinasyon Ajans\u0131 (T\u0130KA) ortakl\u0131\u011f\u0131yla Kolombiya\u2019n\u0131n ba\u015fkenti Bogota\u2019da ger\u00e7ekle\u015ftirilen \u201cOrman Yang\u0131nlar\u0131na M\u00fcdahale E\u011fitimi\u201d, Konya itfaiyesinin uzman e\u011fitmenleri taraf\u0131ndan ba\u015far\u0131yla tamamland\u0131.<\/p>\n<p>Kolombiyal\u0131 itfaiye personeli, sivil savunma ekipleri ve g\u00f6n\u00fcll\u00fclerden olu\u015fan toplam 31 ki\u015finin yer ald\u0131\u011f\u0131 program kapsam\u0131nda kat\u0131l\u0131mc\u0131lara; yang\u0131n davran\u0131\u015f\u0131 ve m\u00fcdahale teknikleri, \u0131s\u0131 transferi ve yan\u0131c\u0131 madde analizleri, \u015ferit a\u00e7ma ve kar\u015f\u0131 ate\u015fleme uygulamalar\u0131, ki\u015fisel koruyucu donan\u0131mlar\u0131n kullan\u0131m\u0131, saha tatbikatlar\u0131 ve test uygulamalar\u0131 gibi hem teorik hem de uygulamal\u0131 e\u011fitimler verildi.<br \/>\nE\u011fitim program\u0131 sonunda d\u00fczenlenen sertifika t\u00f6reninde T\u00fcrkiye\u2019nin Bogota B\u00fcy\u00fckel\u00e7isi Beste Pehlivan Sun ile T\u0130KA yetkilileri e\u011fitim alan Kolombiyal\u0131 itfaiyecilere sertifikalar\u0131n\u0131 takdim etti.<br \/>\nKonya B\u00fcy\u00fck\u015fehir Belediyesi, bilgi payla\u015f\u0131m\u0131 ve uluslararas\u0131 i\u015f birlikleriyle afetlere diren\u00e7li toplumlar olu\u015fturma y\u00f6n\u00fcndeki \u00e7al\u0131\u015fmalar\u0131n\u0131 kararl\u0131l\u0131kla s\u00fcrd\u00fcrecek.<\/p>\n<p>\u200bKonya B\u00fcy\u00fck\u015fehir Belediyesi \u0130tfaiye Dairesi Ba\u015fkanl\u0131\u011f\u0131, T\u00fcrk \u0130\u015fbirli\u011fi ve Koordinasyon Ajans\u0131 ortakl\u0131\u011f\u0131yla Kolombiya\u2019n\u0131n ba\u015fkenti Bogota\u2019da \u201cOrman Yang\u0131nlar\u0131na M\u00fcdahale E\u011fitimi\u201d program\u0131 ger\u00e7ekle\u015ftirdi.KONYA (\u0130GFA) &#8211; Konya B\u00fcy\u00fck\u015fehir Belediyesi \u0130tfaiye Dairesi, afetlerle m\u00fccadelede uluslararas\u0131 dayan\u0131\u015fmay\u0131 g\u00fc\u00e7lendirmek ve sahip oldu\u011fu bilgi birikimini d\u00fcnya ile payla\u015fmak i\u00e7in \u00f6nemli bir e\u011fitim program\u0131na daha imza att\u0131.<br \/>\nKonya B\u00fcy\u00fck\u015fehir Belediyesi \u0130tfaiyesi ile T\u00fcrk \u0130\u015fbirli\u011fi ve Koordinasyon Ajans\u0131 (T\u0130KA) ortakl\u0131\u011f\u0131yla Kolombiya\u2019n\u0131n ba\u015fkenti Bogota\u2019da ger\u00e7ekle\u015ftirilen \u201cOrman Yang\u0131nlar\u0131na M\u00fcdahale E\u011fitimi\u201d, Konya itfaiyesinin uzman e\u011fitmenleri taraf\u0131ndan ba\u015far\u0131yla tamamland\u0131.<\/p>\n<p>Kolombiyal\u0131 itfaiye personeli, sivil savunma ekipleri ve g\u00f6n\u00fcll\u00fclerden olu\u015fan toplam 31 ki\u015finin yer ald\u0131\u011f\u0131 program kapsam\u0131nda kat\u0131l\u0131mc\u0131lara; yang\u0131n davran\u0131\u015f\u0131 ve m\u00fcdahale teknikleri, \u0131s\u0131 transferi ve yan\u0131c\u0131 madde analizleri, \u015ferit a\u00e7ma ve kar\u015f\u0131 ate\u015fleme uygulamalar\u0131, ki\u015fisel koruyucu donan\u0131mlar\u0131n kullan\u0131m\u0131, saha tatbikatlar\u0131 ve test uygulamalar\u0131 gibi hem teorik hem de uygulamal\u0131 e\u011fitimler verildi.<br \/>\nE\u011fitim program\u0131 sonunda d\u00fczenlenen sertifika t\u00f6reninde T\u00fcrkiye\u2019nin Bogota B\u00fcy\u00fckel\u00e7isi Beste Pehlivan Sun ile T\u0130KA yetkilileri e\u011fitim alan Kolombiyal\u0131 itfaiyecilere sertifikalar\u0131n\u0131 takdim etti.<br \/>\nKonya B\u00fcy\u00fck\u015fehir Belediyesi, bilgi payla\u015f\u0131m\u0131 ve uluslararas\u0131 i\u015f birlikleriyle afetlere diren\u00e7li toplumlar olu\u015fturma y\u00f6n\u00fcndeki \u00e7al\u0131\u015fmalar\u0131n\u0131 kararl\u0131l\u0131kla s\u00fcrd\u00fcrecek.\u00a0<\/p>\n<p>\u200bHaberin Al\u0131nt\u0131land\u0131\u011f\u0131 Kaynak: www.iskenderun.org<\/p>","protected":false},"excerpt":{"rendered":"<p>Konya B\u00fcy\u00fck\u015fehir Belediyesi \u0130tfaiye Dairesi Ba\u015fkanl\u0131\u011f\u0131, T\u00fcrk \u0130\u015fbirli\u011fi ve Koordinasyon Ajans\u0131 ortakl\u0131\u011f\u0131yla Kolombiya\u2019n\u0131n ba\u015fkenti Bogota\u2019da \u201cOrman Yang\u0131nlar\u0131na M\u00fcdahale E\u011fitimi\u201d program\u0131 ger\u00e7ekle\u015ftirdi.KONYA (\u0130GFA) &#8211; Konya B\u00fcy\u00fck\u015fehir Belediyesi \u0130tfaiye Dairesi, afetlerle m\u00fccadelede uluslararas\u0131 dayan\u0131\u015fmay\u0131 g\u00fc\u00e7lendirmek ve sahip oldu\u011fu bilgi birikimini d\u00fcnya ile payla\u015fmak i\u00e7in \u00f6nemli bir e\u011fitim program\u0131na daha imza att\u0131. Konya B\u00fcy\u00fck\u015fehir Belediyesi \u0130tfaiyesi ile T\u00fcrk \u0130\u015fbirli\u011fi ve Koordinasyon Ajans\u0131 (T\u0130KA) ortakl\u0131\u011f\u0131yla Kolombiya\u2019n\u0131n ba\u015fkenti Bogota\u2019da ger\u00e7ekle\u015ftirilen \u201cOrman Yang\u0131nlar\u0131na M\u00fcdahale E\u011fitimi\u201d, Konya itfaiyesinin uzman e\u011fitmenleri taraf\u0131ndan ba\u015far\u0131yla tamamland\u0131. Kolombiyal\u0131 itfaiye personeli, sivil savunma ekipleri ve g\u00f6n\u00fcll\u00fclerden olu\u015fan toplam 31 ki\u015finin yer ald\u0131\u011f\u0131 program kapsam\u0131nda kat\u0131l\u0131mc\u0131lara; yang\u0131n davran\u0131\u015f\u0131 ve m\u00fcdahale teknikleri, \u0131s\u0131 transferi ve yan\u0131c\u0131 madde analizleri, \u015ferit a\u00e7ma ve kar\u015f\u0131 ate\u015fleme uygulamalar\u0131, ki\u015fisel koruyucu donan\u0131mlar\u0131n kullan\u0131m\u0131, saha tatbikatlar\u0131 ve test uygulamalar\u0131 gibi hem teorik hem de uygulamal\u0131 e\u011fitimler verildi. E\u011fitim program\u0131 sonunda d\u00fczenlenen sertifika t\u00f6reninde T\u00fcrkiye\u2019nin Bogota B\u00fcy\u00fckel\u00e7isi Beste Pehlivan Sun ile T\u0130KA yetkilileri e\u011fitim alan Kolombiyal\u0131 itfaiyecilere sertifikalar\u0131n\u0131 takdim etti. Konya B\u00fcy\u00fck\u015fehir Belediyesi, bilgi payla\u015f\u0131m\u0131 ve uluslararas\u0131 i\u015f birlikleriyle afetlere diren\u00e7li toplumlar olu\u015fturma y\u00f6n\u00fcndeki \u00e7al\u0131\u015fmalar\u0131n\u0131 kararl\u0131l\u0131kla s\u00fcrd\u00fcrecek. \u200bKonya B\u00fcy\u00fck\u015fehir Belediyesi \u0130tfaiye Dairesi Ba\u015fkanl\u0131\u011f\u0131, T\u00fcrk \u0130\u015fbirli\u011fi ve Koordinasyon Ajans\u0131 ortakl\u0131\u011f\u0131yla Kolombiya\u2019n\u0131n ba\u015fkenti Bogota\u2019da \u201cOrman Yang\u0131nlar\u0131na M\u00fcdahale E\u011fitimi\u201d program\u0131 ger\u00e7ekle\u015ftirdi.KONYA (\u0130GFA) &#8211; Konya B\u00fcy\u00fck\u015fehir Belediyesi \u0130tfaiye Dairesi, afetlerle m\u00fccadelede uluslararas\u0131 dayan\u0131\u015fmay\u0131 g\u00fc\u00e7lendirmek ve &hellip;<\/p>","protected":false},"author":1,"featured_media":0,"comment_status":"","ping_status":"open","sticky":false,"template":"","format":"standard","meta":{"_acf_changed":false,"footnotes":""},"categories":[24],"tags":[],"class_list":["post-123278","post","type-post","status-publish","format-standard","has-post-thumbnail","hentry","category-gundem"],"acf":[],"yoast_head":"<!-- This site is optimized with the Yoast SEO Premium plugin v26.6 (Yoast SEO v27.1.1) - https:\/\/yoast.com\/product\/yoast-seo-premium-wordpress\/ -->\n<title>Kolombiyal\u0131 itfaiyecilere Konya e\u011fitimi - Av. Deniz Can K\u0131z\u0131l<\/title>\n<meta name=\"robots\" content=\"index, follow, max-snippet:-1, max-image-preview:large, max-video-preview:-1\" \/>\n<link rel=\"canonical\" href=\"https:\/\/denizcankizil.tr\/de\/haberler\/gundem\/kolombiyali-itfaiyecilere-konya-egitimi\/\" \/>\n<meta property=\"og:locale\" content=\"de_DE\" \/>\n<meta property=\"og:type\" content=\"article\" \/>\n<meta property=\"og:title\" content=\"Kolombiyal\u0131 itfaiyecilere Konya e\u011fitimi\" \/>\n<meta property=\"og:description\" content=\"Konya B\u00fcy\u00fck\u015fehir Belediyesi \u0130tfaiye Dairesi Ba\u015fkanl\u0131\u011f\u0131, T\u00fcrk \u0130\u015fbirli\u011fi ve Koordinasyon Ajans\u0131 ortakl\u0131\u011f\u0131yla Kolombiya\u2019n\u0131n ba\u015fkenti Bogota\u2019da \u201cOrman Yang\u0131nlar\u0131na M\u00fcdahale E\u011fitimi\u201d program\u0131 ger\u00e7ekle\u015ftirdi.KONYA (\u0130GFA) &#8211; Konya B\u00fcy\u00fck\u015fehir Belediyesi \u0130tfaiye Dairesi, afetlerle m\u00fccadelede uluslararas\u0131 dayan\u0131\u015fmay\u0131 g\u00fc\u00e7lendirmek ve sahip oldu\u011fu bilgi birikimini d\u00fcnya ile payla\u015fmak i\u00e7in \u00f6nemli bir e\u011fitim program\u0131na daha imza att\u0131. Konya B\u00fcy\u00fck\u015fehir Belediyesi \u0130tfaiyesi ile T\u00fcrk \u0130\u015fbirli\u011fi ve Koordinasyon Ajans\u0131 (T\u0130KA) ortakl\u0131\u011f\u0131yla Kolombiya\u2019n\u0131n ba\u015fkenti Bogota\u2019da ger\u00e7ekle\u015ftirilen \u201cOrman Yang\u0131nlar\u0131na M\u00fcdahale E\u011fitimi\u201d, Konya itfaiyesinin uzman e\u011fitmenleri taraf\u0131ndan ba\u015far\u0131yla tamamland\u0131. Kolombiyal\u0131 itfaiye personeli, sivil savunma ekipleri ve g\u00f6n\u00fcll\u00fclerden olu\u015fan toplam 31 ki\u015finin yer ald\u0131\u011f\u0131 program kapsam\u0131nda kat\u0131l\u0131mc\u0131lara; yang\u0131n davran\u0131\u015f\u0131 ve m\u00fcdahale teknikleri, \u0131s\u0131 transferi ve yan\u0131c\u0131 madde analizleri, \u015ferit a\u00e7ma ve kar\u015f\u0131 ate\u015fleme uygulamalar\u0131, ki\u015fisel koruyucu donan\u0131mlar\u0131n kullan\u0131m\u0131, saha tatbikatlar\u0131 ve test uygulamalar\u0131 gibi hem teorik hem de uygulamal\u0131 e\u011fitimler verildi. E\u011fitim program\u0131 sonunda d\u00fczenlenen sertifika t\u00f6reninde T\u00fcrkiye\u2019nin Bogota B\u00fcy\u00fckel\u00e7isi Beste Pehlivan Sun ile T\u0130KA yetkilileri e\u011fitim alan Kolombiyal\u0131 itfaiyecilere sertifikalar\u0131n\u0131 takdim etti. Konya B\u00fcy\u00fck\u015fehir Belediyesi, bilgi payla\u015f\u0131m\u0131 ve uluslararas\u0131 i\u015f birlikleriyle afetlere diren\u00e7li toplumlar olu\u015fturma y\u00f6n\u00fcndeki \u00e7al\u0131\u015fmalar\u0131n\u0131 kararl\u0131l\u0131kla s\u00fcrd\u00fcrecek. \u200bKonya B\u00fcy\u00fck\u015fehir Belediyesi \u0130tfaiye Dairesi Ba\u015fkanl\u0131\u011f\u0131, T\u00fcrk \u0130\u015fbirli\u011fi ve Koordinasyon Ajans\u0131 ortakl\u0131\u011f\u0131yla Kolombiya\u2019n\u0131n ba\u015fkenti Bogota\u2019da \u201cOrman Yang\u0131nlar\u0131na M\u00fcdahale E\u011fitimi\u201d program\u0131 ger\u00e7ekle\u015ftirdi.KONYA (\u0130GFA) &#8211; Konya B\u00fcy\u00fck\u015fehir Belediyesi \u0130tfaiye Dairesi, afetlerle m\u00fccadelede uluslararas\u0131 dayan\u0131\u015fmay\u0131 g\u00fc\u00e7lendirmek ve &hellip;\" \/>\n<meta property=\"og:url\" content=\"https:\/\/denizcankizil.tr\/de\/haberler\/gundem\/kolombiyali-itfaiyecilere-konya-egitimi\/\" \/>\n<meta property=\"og:site_name\" content=\"Av. Deniz Can K\u0131z\u0131l\" \/>\n<meta property=\"article:published_time\" content=\"2025-06-22T12:42:15+00:00\" \/>\n<meta name=\"author\" content=\"admin\" \/>\n<meta name=\"twitter:card\" content=\"summary_large_image\" \/>\n<meta name=\"twitter:label1\" content=\"Verfasst von\" \/>\n\t<meta name=\"twitter:data1\" content=\"admin\" \/>\n\t<meta name=\"twitter:label2\" content=\"Gesch\u00e4tzte Lesezeit\" \/>\n\t<meta name=\"twitter:data2\" content=\"3\u00a0Minuten\" \/>\n<script type=\"application\/ld+json\" class=\"yoast-schema-graph\">{\"@context\":\"https:\/\/schema.org\",\"@graph\":[{\"@type\":\"Article\",\"@id\":\"https:\/\/denizcankizil.tr\/de\/haberler\/gundem\/kolombiyali-itfaiyecilere-konya-egitimi\/#article\",\"isPartOf\":{\"@id\":\"https:\/\/denizcankizil.tr\/de\/haberler\/gundem\/kolombiyali-itfaiyecilere-konya-egitimi\/\"},\"author\":{\"name\":\"admin\",\"@id\":\"https:\/\/denizcankizil.tr\/#\/schema\/person\/be3c05fe6a12686905512445d8185489\"},\"headline\":\"Kolombiyal\u0131 itfaiyecilere Konya e\u011fitimi\",\"datePublished\":\"2025-06-22T12:42:15+00:00\",\"mainEntityOfPage\":{\"@id\":\"https:\/\/denizcankizil.tr\/de\/haberler\/gundem\/kolombiyali-itfaiyecilere-konya-egitimi\/\"},\"wordCount\":533,\"publisher\":{\"@id\":\"https:\/\/denizcankizil.tr\/#organization\"},\"articleSection\":[\"G\u00fcndem\"],\"inLanguage\":\"de\"},{\"@type\":\"WebPage\",\"@id\":\"https:\/\/denizcankizil.tr\/de\/haberler\/gundem\/kolombiyali-itfaiyecilere-konya-egitimi\/\",\"url\":\"https:\/\/denizcankizil.tr\/de\/haberler\/gundem\/kolombiyali-itfaiyecilere-konya-egitimi\/\",\"name\":\"Kolombiyal\u0131 itfaiyecilere Konya e\u011fitimi - Av. Deniz Can K\u0131z\u0131l\",\"isPartOf\":{\"@id\":\"https:\/\/denizcankizil.tr\/#website\"},\"datePublished\":\"2025-06-22T12:42:15+00:00\",\"breadcrumb\":{\"@id\":\"https:\/\/denizcankizil.tr\/de\/haberler\/gundem\/kolombiyali-itfaiyecilere-konya-egitimi\/#breadcrumb\"},\"inLanguage\":\"de\",\"potentialAction\":[{\"@type\":\"ReadAction\",\"target\":[\"https:\/\/denizcankizil.tr\/de\/haberler\/gundem\/kolombiyali-itfaiyecilere-konya-egitimi\/\"]}]},{\"@type\":\"BreadcrumbList\",\"@id\":\"https:\/\/denizcankizil.tr\/de\/haberler\/gundem\/kolombiyali-itfaiyecilere-konya-egitimi\/#breadcrumb\",\"itemListElement\":[{\"@type\":\"ListItem\",\"position\":1,\"name\":\"Home\",\"item\":\"https:\/\/denizcankizil.tr\/de\/\"},{\"@type\":\"ListItem\",\"position\":2,\"name\":\"Kolombiyal\u0131 itfaiyecilere Konya e\u011fitimi\"}]},{\"@type\":\"WebSite\",\"@id\":\"https:\/\/denizcankizil.tr\/#website\",\"url\":\"https:\/\/denizcankizil.tr\/\",\"name\":\"Av. Deniz Can K\u0131z\u0131l\",\"description\":\"Avukat Deniz Can K\u0131z\u0131l Antalya Barosu\",\"publisher\":{\"@id\":\"https:\/\/denizcankizil.tr\/#organization\"},\"potentialAction\":[{\"@type\":\"SearchAction\",\"target\":{\"@type\":\"EntryPoint\",\"urlTemplate\":\"https:\/\/denizcankizil.tr\/?s={search_term_string}\"},\"query-input\":{\"@type\":\"PropertyValueSpecification\",\"valueRequired\":true,\"valueName\":\"search_term_string\"}}],\"inLanguage\":\"de\"},{\"@type\":\"Organization\",\"@id\":\"https:\/\/denizcankizil.tr\/#organization\",\"name\":\"Av. Deniz Can K\u0131z\u0131l\",\"url\":\"https:\/\/denizcankizil.tr\/\",\"logo\":{\"@type\":\"ImageObject\",\"inLanguage\":\"de\",\"@id\":\"https:\/\/denizcankizil.tr\/#\/schema\/logo\/image\/\",\"url\":\"https:\/\/denizcankizil.tr\/wp-content\/uploads\/2024\/10\/siyah-logo-svg.svg\",\"contentUrl\":\"https:\/\/denizcankizil.tr\/wp-content\/uploads\/2024\/10\/siyah-logo-svg.svg\",\"width\":1080,\"height\":1080,\"caption\":\"Av. Deniz Can K\u0131z\u0131l\"},\"image\":{\"@id\":\"https:\/\/denizcankizil.tr\/#\/schema\/logo\/image\/\"}},{\"@type\":\"Person\",\"@id\":\"https:\/\/denizcankizil.tr\/#\/schema\/person\/be3c05fe6a12686905512445d8185489\",\"name\":\"admin\",\"image\":{\"@type\":\"ImageObject\",\"inLanguage\":\"de\",\"@id\":\"https:\/\/denizcankizil.tr\/#\/schema\/person\/image\/\",\"url\":\"https:\/\/secure.gravatar.com\/avatar\/c1fce94c830dc79107e174f890d7210541c4a63e8e5d816341794a2151c9d58c?s=96&d=mm&r=g\",\"contentUrl\":\"https:\/\/secure.gravatar.com\/avatar\/c1fce94c830dc79107e174f890d7210541c4a63e8e5d816341794a2151c9d58c?s=96&d=mm&r=g\",\"caption\":\"admin\"},\"sameAs\":[\"http:\/\/denizcankizil.tr\"],\"url\":\"https:\/\/www.iskenderun.org\/kolombiyali-itfaiyecilere-konya-egitimi\"}]}<\/script>\n<!-- \/ Yoast SEO Premium plugin. -->","yoast_head_json":{"title":"Kolombiyal\u0131 itfaiyecilere Konya e\u011fitimi - Av. Deniz Can K\u0131z\u0131l","robots":{"index":"index","follow":"follow","max-snippet":"max-snippet:-1","max-image-preview":"max-image-preview:large","max-video-preview":"max-video-preview:-1"},"canonical":"https:\/\/denizcankizil.tr\/de\/haberler\/gundem\/kolombiyali-itfaiyecilere-konya-egitimi\/","og_locale":"de_DE","og_type":"article","og_title":"Kolombiyal\u0131 itfaiyecilere Konya e\u011fitimi","og_description":"Konya B\u00fcy\u00fck\u015fehir Belediyesi \u0130tfaiye Dairesi Ba\u015fkanl\u0131\u011f\u0131, T\u00fcrk \u0130\u015fbirli\u011fi ve Koordinasyon Ajans\u0131 ortakl\u0131\u011f\u0131yla Kolombiya\u2019n\u0131n ba\u015fkenti Bogota\u2019da \u201cOrman Yang\u0131nlar\u0131na M\u00fcdahale E\u011fitimi\u201d program\u0131 ger\u00e7ekle\u015ftirdi.KONYA (\u0130GFA) &#8211; Konya B\u00fcy\u00fck\u015fehir Belediyesi \u0130tfaiye Dairesi, afetlerle m\u00fccadelede uluslararas\u0131 dayan\u0131\u015fmay\u0131 g\u00fc\u00e7lendirmek ve sahip oldu\u011fu bilgi birikimini d\u00fcnya ile payla\u015fmak i\u00e7in \u00f6nemli bir e\u011fitim program\u0131na daha imza att\u0131. Konya B\u00fcy\u00fck\u015fehir Belediyesi \u0130tfaiyesi ile T\u00fcrk \u0130\u015fbirli\u011fi ve Koordinasyon Ajans\u0131 (T\u0130KA) ortakl\u0131\u011f\u0131yla Kolombiya\u2019n\u0131n ba\u015fkenti Bogota\u2019da ger\u00e7ekle\u015ftirilen \u201cOrman Yang\u0131nlar\u0131na M\u00fcdahale E\u011fitimi\u201d, Konya itfaiyesinin uzman e\u011fitmenleri taraf\u0131ndan ba\u015far\u0131yla tamamland\u0131. Kolombiyal\u0131 itfaiye personeli, sivil savunma ekipleri ve g\u00f6n\u00fcll\u00fclerden olu\u015fan toplam 31 ki\u015finin yer ald\u0131\u011f\u0131 program kapsam\u0131nda kat\u0131l\u0131mc\u0131lara; yang\u0131n davran\u0131\u015f\u0131 ve m\u00fcdahale teknikleri, \u0131s\u0131 transferi ve yan\u0131c\u0131 madde analizleri, \u015ferit a\u00e7ma ve kar\u015f\u0131 ate\u015fleme uygulamalar\u0131, ki\u015fisel koruyucu donan\u0131mlar\u0131n kullan\u0131m\u0131, saha tatbikatlar\u0131 ve test uygulamalar\u0131 gibi hem teorik hem de uygulamal\u0131 e\u011fitimler verildi. E\u011fitim program\u0131 sonunda d\u00fczenlenen sertifika t\u00f6reninde T\u00fcrkiye\u2019nin Bogota B\u00fcy\u00fckel\u00e7isi Beste Pehlivan Sun ile T\u0130KA yetkilileri e\u011fitim alan Kolombiyal\u0131 itfaiyecilere sertifikalar\u0131n\u0131 takdim etti. Konya B\u00fcy\u00fck\u015fehir Belediyesi, bilgi payla\u015f\u0131m\u0131 ve uluslararas\u0131 i\u015f birlikleriyle afetlere diren\u00e7li toplumlar olu\u015fturma y\u00f6n\u00fcndeki \u00e7al\u0131\u015fmalar\u0131n\u0131 kararl\u0131l\u0131kla s\u00fcrd\u00fcrecek. \u200bKonya B\u00fcy\u00fck\u015fehir Belediyesi \u0130tfaiye Dairesi Ba\u015fkanl\u0131\u011f\u0131, T\u00fcrk \u0130\u015fbirli\u011fi ve Koordinasyon Ajans\u0131 ortakl\u0131\u011f\u0131yla Kolombiya\u2019n\u0131n ba\u015fkenti Bogota\u2019da \u201cOrman Yang\u0131nlar\u0131na M\u00fcdahale E\u011fitimi\u201d program\u0131 ger\u00e7ekle\u015ftirdi.KONYA (\u0130GFA) &#8211; Konya B\u00fcy\u00fck\u015fehir Belediyesi \u0130tfaiye Dairesi, afetlerle m\u00fccadelede uluslararas\u0131 dayan\u0131\u015fmay\u0131 g\u00fc\u00e7lendirmek ve &hellip;","og_url":"https:\/\/denizcankizil.tr\/de\/haberler\/gundem\/kolombiyali-itfaiyecilere-konya-egitimi\/","og_site_name":"Av. Deniz Can K\u0131z\u0131l","article_published_time":"2025-06-22T12:42:15+00:00","author":"admin","twitter_card":"summary_large_image","twitter_misc":{"Verfasst von":"admin","Gesch\u00e4tzte Lesezeit":"3\u00a0Minuten"},"schema":{"@context":"https:\/\/schema.org","@graph":[{"@type":"Article","@id":"https:\/\/denizcankizil.tr\/de\/haberler\/gundem\/kolombiyali-itfaiyecilere-konya-egitimi\/#article","isPartOf":{"@id":"https:\/\/denizcankizil.tr\/de\/haberler\/gundem\/kolombiyali-itfaiyecilere-konya-egitimi\/"},"author":{"name":"admin","@id":"https:\/\/denizcankizil.tr\/#\/schema\/person\/be3c05fe6a12686905512445d8185489"},"headline":"Kolombiyal\u0131 itfaiyecilere Konya e\u011fitimi","datePublished":"2025-06-22T12:42:15+00:00","mainEntityOfPage":{"@id":"https:\/\/denizcankizil.tr\/de\/haberler\/gundem\/kolombiyali-itfaiyecilere-konya-egitimi\/"},"wordCount":533,"publisher":{"@id":"https:\/\/denizcankizil.tr\/#organization"},"articleSection":["G\u00fcndem"],"inLanguage":"de"},{"@type":"WebPage","@id":"https:\/\/denizcankizil.tr\/de\/haberler\/gundem\/kolombiyali-itfaiyecilere-konya-egitimi\/","url":"https:\/\/denizcankizil.tr\/de\/haberler\/gundem\/kolombiyali-itfaiyecilere-konya-egitimi\/","name":"Kolombiyal\u0131 itfaiyecilere Konya e\u011fitimi - Av. Deniz Can K\u0131z\u0131l","isPartOf":{"@id":"https:\/\/denizcankizil.tr\/#website"},"datePublished":"2025-06-22T12:42:15+00:00","breadcrumb":{"@id":"https:\/\/denizcankizil.tr\/de\/haberler\/gundem\/kolombiyali-itfaiyecilere-konya-egitimi\/#breadcrumb"},"inLanguage":"de","potentialAction":[{"@type":"ReadAction","target":["https:\/\/denizcankizil.tr\/de\/haberler\/gundem\/kolombiyali-itfaiyecilere-konya-egitimi\/"]}]},{"@type":"BreadcrumbList","@id":"https:\/\/denizcankizil.tr\/de\/haberler\/gundem\/kolombiyali-itfaiyecilere-konya-egitimi\/#breadcrumb","itemListElement":[{"@type":"ListItem","position":1,"name":"Home","item":"https:\/\/denizcankizil.tr\/de\/"},{"@type":"ListItem","position":2,"name":"Kolombiyal\u0131 itfaiyecilere Konya e\u011fitimi"}]},{"@type":"WebSite","@id":"https:\/\/denizcankizil.tr\/#website","url":"https:\/\/denizcankizil.tr\/","name":"Av. Deniz Can K\u0131z\u0131l","description":"Avukat Deniz Can K\u0131z\u0131l Antalya Barosu","publisher":{"@id":"https:\/\/denizcankizil.tr\/#organization"},"potentialAction":[{"@type":"SearchAction","target":{"@type":"EntryPoint","urlTemplate":"https:\/\/denizcankizil.tr\/?s={search_term_string}"},"query-input":{"@type":"PropertyValueSpecification","valueRequired":true,"valueName":"search_term_string"}}],"inLanguage":"de"},{"@type":"Organization","@id":"https:\/\/denizcankizil.tr\/#organization","name":"Av. Deniz Can K\u0131z\u0131l","url":"https:\/\/denizcankizil.tr\/","logo":{"@type":"ImageObject","inLanguage":"de","@id":"https:\/\/denizcankizil.tr\/#\/schema\/logo\/image\/","url":"https:\/\/denizcankizil.tr\/wp-content\/uploads\/2024\/10\/siyah-logo-svg.svg","contentUrl":"https:\/\/denizcankizil.tr\/wp-content\/uploads\/2024\/10\/siyah-logo-svg.svg","width":1080,"height":1080,"caption":"Av. Deniz Can K\u0131z\u0131l"},"image":{"@id":"https:\/\/denizcankizil.tr\/#\/schema\/logo\/image\/"}},{"@type":"Person","@id":"https:\/\/denizcankizil.tr\/#\/schema\/person\/be3c05fe6a12686905512445d8185489","name":"Administrator","image":{"@type":"ImageObject","inLanguage":"de","@id":"https:\/\/denizcankizil.tr\/#\/schema\/person\/image\/","url":"https:\/\/secure.gravatar.com\/avatar\/c1fce94c830dc79107e174f890d7210541c4a63e8e5d816341794a2151c9d58c?s=96&d=mm&r=g","contentUrl":"https:\/\/secure.gravatar.com\/avatar\/c1fce94c830dc79107e174f890d7210541c4a63e8e5d816341794a2151c9d58c?s=96&d=mm&r=g","caption":"admin"},"sameAs":["http:\/\/denizcankizil.tr"],"url":"https:\/\/www.iskenderun.org\/kolombiyali-itfaiyecilere-konya-egitimi"}]}},"_links":{"self":[{"href":"https:\/\/denizcankizil.tr\/de\/wp-json\/wp\/v2\/posts\/123278","targetHints":{"allow":["GET"]}}],"collection":[{"href":"https:\/\/denizcankizil.tr\/de\/wp-json\/wp\/v2\/posts"}],"about":[{"href":"https:\/\/denizcankizil.tr\/de\/wp-json\/wp\/v2\/types\/post"}],"author":[{"embeddable":true,"href":"https:\/\/denizcankizil.tr\/de\/wp-json\/wp\/v2\/users\/1"}],"replies":[{"embeddable":true,"href":"https:\/\/denizcankizil.tr\/de\/wp-json\/wp\/v2\/comments?post=123278"}],"version-history":[{"count":0,"href":"https:\/\/denizcankizil.tr\/de\/wp-json\/wp\/v2\/posts\/123278\/revisions"}],"wp:attachment":[{"href":"https:\/\/denizcankizil.tr\/de\/wp-json\/wp\/v2\/media?parent=123278"}],"wp:term":[{"taxonomy":"category","embeddable":true,"href":"https:\/\/denizcankizil.tr\/de\/wp-json\/wp\/v2\/categories?post=123278"},{"taxonomy":"post_tag","embeddable":true,"href":"https:\/\/denizcankizil.tr\/de\/wp-json\/wp\/v2\/tags?post=123278"}],"curies":[{"name":"wp","href":"https:\/\/api.w.org\/{rel}","templated":true}]}}