{"id":122460,"date":"2025-06-21T19:42:21","date_gmt":"2025-06-21T16:42:21","guid":{"rendered":"https:\/\/denizcankizil.tr\/uncategorized-tr\/marifestte-ask-ve-kultur-bir-arada\/"},"modified":"2025-06-21T19:42:21","modified_gmt":"2025-06-21T16:42:21","slug":"marifestte-ask-ve-kultur-bir-arada","status":"publish","type":"post","link":"https:\/\/denizcankizil.tr\/de\/haberler\/gundem\/marifestte-ask-ve-kultur-bir-arada\/","title":{"rendered":"MAR\u0130FEST&#8217;te a\u015fk ve k\u00fclt\u00fcr bir arada"},"content":{"rendered":"<p>B\u00fcy\u00fck\u015fehir Belediyesi\u2019nin MAR\u0130FEST25 etkinli\u011finde herkesi \u015fa\u015f\u0131rtan bir an ya\u015fand\u0131. D\u00fc\u011f\u00fcn foto\u011fraf \u00e7ekimleri i\u00e7in Kocaeli Kongre Merkezi\u2019ni ziyaret eden gelin Ebru Ak\u00e7akaya ve damat Tugay Ak\u00e7akaya, gelinlik ve damatl\u0131klar\u0131yla festivale renk katt\u0131.<\/p>\n<p>\u200bB\u00fcy\u00fck\u015fehir Belediyesi\u2019nin MAR\u0130FEST25 etkinli\u011finde herkesi \u015fa\u015f\u0131rtan bir an ya\u015fand\u0131. D\u00fc\u011f\u00fcn foto\u011fraf \u00e7ekimleri i\u00e7in Kocaeli Kongre Merkezi\u2019ni ziyaret eden gelin Ebru Ak\u00e7akaya ve damat Tugay Ak\u00e7akaya, gelinlik ve damatl\u0131klar\u0131yla festivale renk katt\u0131.\u00a0<\/p>\n<p>\u200bHaberin Al\u0131nt\u0131land\u0131\u011f\u0131 Kaynak: www.iskenderun.org<\/p>","protected":false},"excerpt":{"rendered":"<p>B\u00fcy\u00fck\u015fehir Belediyesi\u2019nin MAR\u0130FEST25 etkinli\u011finde herkesi \u015fa\u015f\u0131rtan bir an ya\u015fand\u0131. D\u00fc\u011f\u00fcn foto\u011fraf \u00e7ekimleri i\u00e7in Kocaeli Kongre Merkezi\u2019ni ziyaret eden gelin Ebru Ak\u00e7akaya ve damat Tugay Ak\u00e7akaya, gelinlik ve damatl\u0131klar\u0131yla festivale renk katt\u0131. \u200bB\u00fcy\u00fck\u015fehir Belediyesi\u2019nin MAR\u0130FEST25 etkinli\u011finde herkesi \u015fa\u015f\u0131rtan bir an ya\u015fand\u0131. D\u00fc\u011f\u00fcn foto\u011fraf \u00e7ekimleri i\u00e7in Kocaeli Kongre Merkezi\u2019ni ziyaret eden gelin Ebru Ak\u00e7akaya ve damat Tugay Ak\u00e7akaya, gelinlik ve damatl\u0131klar\u0131yla festivale renk katt\u0131.\u00a0 \u200bHaberin Al\u0131nt\u0131land\u0131\u011f\u0131 Kaynak: www.iskenderun.org<\/p>","protected":false},"author":1,"featured_media":0,"comment_status":"","ping_status":"open","sticky":false,"template":"","format":"standard","meta":{"_acf_changed":false,"footnotes":""},"categories":[24],"tags":[],"class_list":["post-122460","post","type-post","status-publish","format-standard","has-post-thumbnail","hentry","category-gundem"],"acf":[],"yoast_head":"<!-- This site is optimized with the Yoast SEO Premium plugin v26.6 (Yoast SEO v27.1.1) - https:\/\/yoast.com\/product\/yoast-seo-premium-wordpress\/ -->\n<title>MAR\u0130FEST&#039;te a\u015fk ve k\u00fclt\u00fcr bir arada - Av. Deniz Can K\u0131z\u0131l<\/title>\n<meta name=\"robots\" content=\"index, follow, max-snippet:-1, max-image-preview:large, max-video-preview:-1\" \/>\n<link rel=\"canonical\" href=\"https:\/\/denizcankizil.tr\/de\/haberler\/gundem\/marifestte-ask-ve-kultur-bir-arada\/\" \/>\n<meta property=\"og:locale\" content=\"de_DE\" \/>\n<meta property=\"og:type\" content=\"article\" \/>\n<meta property=\"og:title\" content=\"MAR\u0130FEST&#039;te a\u015fk ve k\u00fclt\u00fcr bir arada\" \/>\n<meta property=\"og:description\" content=\"B\u00fcy\u00fck\u015fehir Belediyesi\u2019nin MAR\u0130FEST25 etkinli\u011finde herkesi \u015fa\u015f\u0131rtan bir an ya\u015fand\u0131. D\u00fc\u011f\u00fcn foto\u011fraf \u00e7ekimleri i\u00e7in Kocaeli Kongre Merkezi\u2019ni ziyaret eden gelin Ebru Ak\u00e7akaya ve damat Tugay Ak\u00e7akaya, gelinlik ve damatl\u0131klar\u0131yla festivale renk katt\u0131. \u200bB\u00fcy\u00fck\u015fehir Belediyesi\u2019nin MAR\u0130FEST25 etkinli\u011finde herkesi \u015fa\u015f\u0131rtan bir an ya\u015fand\u0131. D\u00fc\u011f\u00fcn foto\u011fraf \u00e7ekimleri i\u00e7in Kocaeli Kongre Merkezi\u2019ni ziyaret eden gelin Ebru Ak\u00e7akaya ve damat Tugay Ak\u00e7akaya, gelinlik ve damatl\u0131klar\u0131yla festivale renk katt\u0131.\u00a0 \u200bHaberin Al\u0131nt\u0131land\u0131\u011f\u0131 Kaynak: www.iskenderun.org\" \/>\n<meta property=\"og:url\" content=\"https:\/\/denizcankizil.tr\/de\/haberler\/gundem\/marifestte-ask-ve-kultur-bir-arada\/\" \/>\n<meta property=\"og:site_name\" content=\"Av. Deniz Can K\u0131z\u0131l\" \/>\n<meta property=\"article:published_time\" content=\"2025-06-21T16:42:21+00:00\" \/>\n<meta name=\"author\" content=\"admin\" \/>\n<meta name=\"twitter:card\" content=\"summary_large_image\" \/>\n<meta name=\"twitter:label1\" content=\"Verfasst von\" \/>\n\t<meta name=\"twitter:data1\" content=\"admin\" \/>\n\t<meta name=\"twitter:label2\" content=\"Gesch\u00e4tzte Lesezeit\" \/>\n\t<meta name=\"twitter:data2\" content=\"1\u00a0Minute\" \/>\n<script type=\"application\/ld+json\" class=\"yoast-schema-graph\">{\"@context\":\"https:\/\/schema.org\",\"@graph\":[{\"@type\":\"Article\",\"@id\":\"https:\/\/denizcankizil.tr\/de\/haberler\/gundem\/marifestte-ask-ve-kultur-bir-arada\/#article\",\"isPartOf\":{\"@id\":\"https:\/\/denizcankizil.tr\/de\/haberler\/gundem\/marifestte-ask-ve-kultur-bir-arada\/\"},\"author\":{\"name\":\"admin\",\"@id\":\"https:\/\/denizcankizil.tr\/de\/#\/schema\/person\/be3c05fe6a12686905512445d8185489\"},\"headline\":\"MAR\u0130FEST&#8217;te a\u015fk ve k\u00fclt\u00fcr bir arada\",\"datePublished\":\"2025-06-21T16:42:21+00:00\",\"mainEntityOfPage\":{\"@id\":\"https:\/\/denizcankizil.tr\/de\/haberler\/gundem\/marifestte-ask-ve-kultur-bir-arada\/\"},\"wordCount\":113,\"publisher\":{\"@id\":\"https:\/\/denizcankizil.tr\/de\/#organization\"},\"articleSection\":[\"G\u00fcndem\"],\"inLanguage\":\"de\"},{\"@type\":\"WebPage\",\"@id\":\"https:\/\/denizcankizil.tr\/de\/haberler\/gundem\/marifestte-ask-ve-kultur-bir-arada\/\",\"url\":\"https:\/\/denizcankizil.tr\/de\/haberler\/gundem\/marifestte-ask-ve-kultur-bir-arada\/\",\"name\":\"MAR\u0130FEST'te a\u015fk ve k\u00fclt\u00fcr bir arada - Av. Deniz Can K\u0131z\u0131l\",\"isPartOf\":{\"@id\":\"https:\/\/denizcankizil.tr\/de\/#website\"},\"datePublished\":\"2025-06-21T16:42:21+00:00\",\"breadcrumb\":{\"@id\":\"https:\/\/denizcankizil.tr\/de\/haberler\/gundem\/marifestte-ask-ve-kultur-bir-arada\/#breadcrumb\"},\"inLanguage\":\"de\",\"potentialAction\":[{\"@type\":\"ReadAction\",\"target\":[\"https:\/\/denizcankizil.tr\/de\/haberler\/gundem\/marifestte-ask-ve-kultur-bir-arada\/\"]}]},{\"@type\":\"BreadcrumbList\",\"@id\":\"https:\/\/denizcankizil.tr\/de\/haberler\/gundem\/marifestte-ask-ve-kultur-bir-arada\/#breadcrumb\",\"itemListElement\":[{\"@type\":\"ListItem\",\"position\":1,\"name\":\"Home\",\"item\":\"https:\/\/denizcankizil.tr\/de\/\"},{\"@type\":\"ListItem\",\"position\":2,\"name\":\"MAR\u0130FEST&#8217;te a\u015fk ve k\u00fclt\u00fcr bir arada\"}]},{\"@type\":\"WebSite\",\"@id\":\"https:\/\/denizcankizil.tr\/de\/#website\",\"url\":\"https:\/\/denizcankizil.tr\/de\/\",\"name\":\"Av. Deniz Can K\u0131z\u0131l\",\"description\":\"Avukat Deniz Can K\u0131z\u0131l Antalya Barosu\",\"publisher\":{\"@id\":\"https:\/\/denizcankizil.tr\/de\/#organization\"},\"potentialAction\":[{\"@type\":\"SearchAction\",\"target\":{\"@type\":\"EntryPoint\",\"urlTemplate\":\"https:\/\/denizcankizil.tr\/de\/?s={search_term_string}\"},\"query-input\":{\"@type\":\"PropertyValueSpecification\",\"valueRequired\":true,\"valueName\":\"search_term_string\"}}],\"inLanguage\":\"de\"},{\"@type\":\"Organization\",\"@id\":\"https:\/\/denizcankizil.tr\/de\/#organization\",\"name\":\"Av. Deniz Can K\u0131z\u0131l\",\"url\":\"https:\/\/denizcankizil.tr\/de\/\",\"logo\":{\"@type\":\"ImageObject\",\"inLanguage\":\"de\",\"@id\":\"https:\/\/denizcankizil.tr\/de\/#\/schema\/logo\/image\/\",\"url\":\"https:\/\/denizcankizil.tr\/wp-content\/uploads\/2024\/10\/siyah-logo-svg.svg\",\"contentUrl\":\"https:\/\/denizcankizil.tr\/wp-content\/uploads\/2024\/10\/siyah-logo-svg.svg\",\"width\":1080,\"height\":1080,\"caption\":\"Av. Deniz Can K\u0131z\u0131l\"},\"image\":{\"@id\":\"https:\/\/denizcankizil.tr\/de\/#\/schema\/logo\/image\/\"}},{\"@type\":\"Person\",\"@id\":\"https:\/\/denizcankizil.tr\/de\/#\/schema\/person\/be3c05fe6a12686905512445d8185489\",\"name\":\"admin\",\"image\":{\"@type\":\"ImageObject\",\"inLanguage\":\"de\",\"@id\":\"https:\/\/denizcankizil.tr\/de\/#\/schema\/person\/image\/\",\"url\":\"https:\/\/secure.gravatar.com\/avatar\/c1fce94c830dc79107e174f890d7210541c4a63e8e5d816341794a2151c9d58c?s=96&d=mm&r=g\",\"contentUrl\":\"https:\/\/secure.gravatar.com\/avatar\/c1fce94c830dc79107e174f890d7210541c4a63e8e5d816341794a2151c9d58c?s=96&d=mm&r=g\",\"caption\":\"admin\"},\"sameAs\":[\"http:\/\/denizcankizil.tr\"],\"url\":\"https:\/\/www.iskenderun.org\/marifestte-ask-ve-kultur-bir-arada\"}]}<\/script>\n<!-- \/ Yoast SEO Premium plugin. -->","yoast_head_json":{"title":"MAR\u0130FEST'te a\u015fk ve k\u00fclt\u00fcr bir arada - Av. Deniz Can K\u0131z\u0131l","robots":{"index":"index","follow":"follow","max-snippet":"max-snippet:-1","max-image-preview":"max-image-preview:large","max-video-preview":"max-video-preview:-1"},"canonical":"https:\/\/denizcankizil.tr\/de\/haberler\/gundem\/marifestte-ask-ve-kultur-bir-arada\/","og_locale":"de_DE","og_type":"article","og_title":"MAR\u0130FEST'te a\u015fk ve k\u00fclt\u00fcr bir arada","og_description":"B\u00fcy\u00fck\u015fehir Belediyesi\u2019nin MAR\u0130FEST25 etkinli\u011finde herkesi \u015fa\u015f\u0131rtan bir an ya\u015fand\u0131. D\u00fc\u011f\u00fcn foto\u011fraf \u00e7ekimleri i\u00e7in Kocaeli Kongre Merkezi\u2019ni ziyaret eden gelin Ebru Ak\u00e7akaya ve damat Tugay Ak\u00e7akaya, gelinlik ve damatl\u0131klar\u0131yla festivale renk katt\u0131. \u200bB\u00fcy\u00fck\u015fehir Belediyesi\u2019nin MAR\u0130FEST25 etkinli\u011finde herkesi \u015fa\u015f\u0131rtan bir an ya\u015fand\u0131. D\u00fc\u011f\u00fcn foto\u011fraf \u00e7ekimleri i\u00e7in Kocaeli Kongre Merkezi\u2019ni ziyaret eden gelin Ebru Ak\u00e7akaya ve damat Tugay Ak\u00e7akaya, gelinlik ve damatl\u0131klar\u0131yla festivale renk katt\u0131.\u00a0 \u200bHaberin Al\u0131nt\u0131land\u0131\u011f\u0131 Kaynak: www.iskenderun.org","og_url":"https:\/\/denizcankizil.tr\/de\/haberler\/gundem\/marifestte-ask-ve-kultur-bir-arada\/","og_site_name":"Av. Deniz Can K\u0131z\u0131l","article_published_time":"2025-06-21T16:42:21+00:00","author":"admin","twitter_card":"summary_large_image","twitter_misc":{"Verfasst von":"admin","Gesch\u00e4tzte Lesezeit":"1\u00a0Minute"},"schema":{"@context":"https:\/\/schema.org","@graph":[{"@type":"Article","@id":"https:\/\/denizcankizil.tr\/de\/haberler\/gundem\/marifestte-ask-ve-kultur-bir-arada\/#article","isPartOf":{"@id":"https:\/\/denizcankizil.tr\/de\/haberler\/gundem\/marifestte-ask-ve-kultur-bir-arada\/"},"author":{"name":"admin","@id":"https:\/\/denizcankizil.tr\/de\/#\/schema\/person\/be3c05fe6a12686905512445d8185489"},"headline":"MAR\u0130FEST&#8217;te a\u015fk ve k\u00fclt\u00fcr bir arada","datePublished":"2025-06-21T16:42:21+00:00","mainEntityOfPage":{"@id":"https:\/\/denizcankizil.tr\/de\/haberler\/gundem\/marifestte-ask-ve-kultur-bir-arada\/"},"wordCount":113,"publisher":{"@id":"https:\/\/denizcankizil.tr\/de\/#organization"},"articleSection":["G\u00fcndem"],"inLanguage":"de"},{"@type":"WebPage","@id":"https:\/\/denizcankizil.tr\/de\/haberler\/gundem\/marifestte-ask-ve-kultur-bir-arada\/","url":"https:\/\/denizcankizil.tr\/de\/haberler\/gundem\/marifestte-ask-ve-kultur-bir-arada\/","name":"MAR\u0130FEST'te a\u015fk ve k\u00fclt\u00fcr bir arada - Av. Deniz Can K\u0131z\u0131l","isPartOf":{"@id":"https:\/\/denizcankizil.tr\/de\/#website"},"datePublished":"2025-06-21T16:42:21+00:00","breadcrumb":{"@id":"https:\/\/denizcankizil.tr\/de\/haberler\/gundem\/marifestte-ask-ve-kultur-bir-arada\/#breadcrumb"},"inLanguage":"de","potentialAction":[{"@type":"ReadAction","target":["https:\/\/denizcankizil.tr\/de\/haberler\/gundem\/marifestte-ask-ve-kultur-bir-arada\/"]}]},{"@type":"BreadcrumbList","@id":"https:\/\/denizcankizil.tr\/de\/haberler\/gundem\/marifestte-ask-ve-kultur-bir-arada\/#breadcrumb","itemListElement":[{"@type":"ListItem","position":1,"name":"Home","item":"https:\/\/denizcankizil.tr\/de\/"},{"@type":"ListItem","position":2,"name":"MAR\u0130FEST&#8217;te a\u015fk ve k\u00fclt\u00fcr bir arada"}]},{"@type":"WebSite","@id":"https:\/\/denizcankizil.tr\/de\/#website","url":"https:\/\/denizcankizil.tr\/de\/","name":"Av. Deniz Can K\u0131z\u0131l","description":"Avukat Deniz Can K\u0131z\u0131l Antalya Barosu","publisher":{"@id":"https:\/\/denizcankizil.tr\/de\/#organization"},"potentialAction":[{"@type":"SearchAction","target":{"@type":"EntryPoint","urlTemplate":"https:\/\/denizcankizil.tr\/de\/?s={search_term_string}"},"query-input":{"@type":"PropertyValueSpecification","valueRequired":true,"valueName":"search_term_string"}}],"inLanguage":"de"},{"@type":"Organization","@id":"https:\/\/denizcankizil.tr\/de\/#organization","name":"Av. Deniz Can K\u0131z\u0131l","url":"https:\/\/denizcankizil.tr\/de\/","logo":{"@type":"ImageObject","inLanguage":"de","@id":"https:\/\/denizcankizil.tr\/de\/#\/schema\/logo\/image\/","url":"https:\/\/denizcankizil.tr\/wp-content\/uploads\/2024\/10\/siyah-logo-svg.svg","contentUrl":"https:\/\/denizcankizil.tr\/wp-content\/uploads\/2024\/10\/siyah-logo-svg.svg","width":1080,"height":1080,"caption":"Av. Deniz Can K\u0131z\u0131l"},"image":{"@id":"https:\/\/denizcankizil.tr\/de\/#\/schema\/logo\/image\/"}},{"@type":"Person","@id":"https:\/\/denizcankizil.tr\/de\/#\/schema\/person\/be3c05fe6a12686905512445d8185489","name":"Administrator","image":{"@type":"ImageObject","inLanguage":"de","@id":"https:\/\/denizcankizil.tr\/de\/#\/schema\/person\/image\/","url":"https:\/\/secure.gravatar.com\/avatar\/c1fce94c830dc79107e174f890d7210541c4a63e8e5d816341794a2151c9d58c?s=96&d=mm&r=g","contentUrl":"https:\/\/secure.gravatar.com\/avatar\/c1fce94c830dc79107e174f890d7210541c4a63e8e5d816341794a2151c9d58c?s=96&d=mm&r=g","caption":"admin"},"sameAs":["http:\/\/denizcankizil.tr"],"url":"https:\/\/www.iskenderun.org\/marifestte-ask-ve-kultur-bir-arada"}]}},"_links":{"self":[{"href":"https:\/\/denizcankizil.tr\/de\/wp-json\/wp\/v2\/posts\/122460","targetHints":{"allow":["GET"]}}],"collection":[{"href":"https:\/\/denizcankizil.tr\/de\/wp-json\/wp\/v2\/posts"}],"about":[{"href":"https:\/\/denizcankizil.tr\/de\/wp-json\/wp\/v2\/types\/post"}],"author":[{"embeddable":true,"href":"https:\/\/denizcankizil.tr\/de\/wp-json\/wp\/v2\/users\/1"}],"replies":[{"embeddable":true,"href":"https:\/\/denizcankizil.tr\/de\/wp-json\/wp\/v2\/comments?post=122460"}],"version-history":[{"count":0,"href":"https:\/\/denizcankizil.tr\/de\/wp-json\/wp\/v2\/posts\/122460\/revisions"}],"wp:attachment":[{"href":"https:\/\/denizcankizil.tr\/de\/wp-json\/wp\/v2\/media?parent=122460"}],"wp:term":[{"taxonomy":"category","embeddable":true,"href":"https:\/\/denizcankizil.tr\/de\/wp-json\/wp\/v2\/categories?post=122460"},{"taxonomy":"post_tag","embeddable":true,"href":"https:\/\/denizcankizil.tr\/de\/wp-json\/wp\/v2\/tags?post=122460"}],"curies":[{"name":"wp","href":"https:\/\/api.w.org\/{rel}","templated":true}]}}