{"id":122255,"date":"2025-06-21T15:41:19","date_gmt":"2025-06-21T12:41:19","guid":{"rendered":"https:\/\/denizcankizil.tr\/uncategorized-tr\/elmalida-abdal-musa-sultani-anma-etkinlikleri\/"},"modified":"2025-06-21T15:41:19","modified_gmt":"2025-06-21T12:41:19","slug":"elmalida-abdal-musa-sultani-anma-etkinlikleri","status":"publish","type":"post","link":"https:\/\/denizcankizil.tr\/de\/haberler\/antalya\/elmalida-abdal-musa-sultani-anma-etkinlikleri\/","title":{"rendered":"Elmal\u0131&#8217;da Abdal Musa Sultan\u2019\u0131 anma etkinlikleri"},"content":{"rendered":"<p>Alevi-Bekta\u015fi toplumunun \u00f6nemli inan\u00e7 \u00f6nderlerinden Abdal Musa, Antalya\u2019n\u0131n Elmal\u0131 il\u00e7esi Tekke Mahallesi\u2019nde an\u0131l\u0131yor. Antalya B\u00fcy\u00fck\u015fehir Belediyesi ev sahipli\u011finde, Elmal\u0131 Belediyesi, \u015eahkulu Sultan Dergah\u0131 ve Tekke K\u00f6y\u00fc Abdal Musa K\u00fclt\u00fcr\u00fcn\u00fc Ara\u015ft\u0131rma ve Ya\u015fatma Derne\u011fi i\u015f birli\u011finde d\u00fczenlenen 20. Uluslararas\u0131 41. Ulusal Abdal Musa Anma Etkinlikleri, Elmal\u0131 Tekke Mahallesi\u2019nde t\u00fcrbe ziyaretleriyle ba\u015flad\u0131. T\u00fcrkiye\u2019nin d\u00f6rt bir yan\u0131ndan Tekke Mahallesi\u2019ne, gelen ziyaret\u00e7iler, Abdal Musa T\u00fcrbesi\u2019ni ziyaret etti. Ziyaretlerin ilk g\u00fcn\u00fcnde semahlar d\u00f6n\u00fcld\u00fc, cem yap\u0131ld\u0131 ve dualar edildi. Etkinlikler kapsam\u0131nda &#8220;Ge\u00e7mi\u015ften Bug\u00fcne Abdal Musa Ayd\u0131nl\u0131\u011f\u0131&#8221; isimli panel ger\u00e7ekle\u015ftirildi.<\/p>\n<p>T\u00fcrbe ziyaretleri yap\u0131ld\u0131<br \/>\nG\u00fcnd\u00fcz ger\u00e7ekle\u015ftirilen ibadetler ve ziyaretlerin ard\u0131ndan, ak\u015fam saatleri de unutulmaz anlara sahne oldu. Amfi tiyatroda; \u0130layda Erg\u00fcn, Ebru \u00d6zdemir, Ali Eren \u00c7\u0131nar ve Eren \u00d6z\u00fctemiz birbirinden muhte\u015fem konserler verirken, K\u0131rkp\u0131nar Bekta\u015fi Yard\u0131mla\u015fma ve Dayan\u0131\u015fma K\u00fclt\u00fcr Derne\u011fi ve Bulgaristan Dulova Deliorman Semah Ekibi de semah g\u00f6sterisi ger\u00e7ekle\u015ftirdi. Anma etkinliklerinin ilk g\u00fcn\u00fcne Elmal\u0131 Belediye Ba\u015fkan\u0131 Halil \u00d6zt\u00fcrk, Antalya B\u00fcy\u00fck\u015fehir Belediyesi K\u00fclt\u00fcr ve Sosyal \u0130\u015fler Dairesi Ba\u015fkan\u0131 Okan Yavuz, Alevi Dernekleri temsilcileri ve \u00fclkenin d\u00f6rt bir yan\u0131ndan gelen vatanda\u015flar kat\u0131l\u0131m sa\u011flad\u0131.<\/p>\n<p>Kaynak: www.kanalv.com.tr Haber Sitesinden Al\u0131nm\u0131\u015ft\u0131r.<\/p>","protected":false},"excerpt":{"rendered":"<p>Alevi-Bekta\u015fi toplumunun \u00f6nemli inan\u00e7 \u00f6nderlerinden Abdal Musa, Antalya\u2019n\u0131n Elmal\u0131 il\u00e7esi Tekke Mahallesi\u2019nde an\u0131l\u0131yor. Antalya B\u00fcy\u00fck\u015fehir Belediyesi ev sahipli\u011finde, Elmal\u0131 Belediyesi, \u015eahkulu Sultan Dergah\u0131 ve Tekke K\u00f6y\u00fc Abdal Musa K\u00fclt\u00fcr\u00fcn\u00fc Ara\u015ft\u0131rma ve Ya\u015fatma Derne\u011fi i\u015f birli\u011finde d\u00fczenlenen 20. Uluslararas\u0131 41. Ulusal Abdal Musa Anma Etkinlikleri, Elmal\u0131 Tekke Mahallesi\u2019nde t\u00fcrbe ziyaretleriyle ba\u015flad\u0131. T\u00fcrkiye\u2019nin d\u00f6rt bir yan\u0131ndan Tekke Mahallesi\u2019ne, gelen ziyaret\u00e7iler, Abdal Musa T\u00fcrbesi\u2019ni ziyaret etti. Ziyaretlerin ilk g\u00fcn\u00fcnde semahlar d\u00f6n\u00fcld\u00fc, cem yap\u0131ld\u0131 ve dualar edildi. Etkinlikler kapsam\u0131nda &#8220;Ge\u00e7mi\u015ften Bug\u00fcne Abdal Musa Ayd\u0131nl\u0131\u011f\u0131&#8221; isimli panel ger\u00e7ekle\u015ftirildi. T\u00fcrbe ziyaretleri yap\u0131ld\u0131 G\u00fcnd\u00fcz ger\u00e7ekle\u015ftirilen ibadetler ve ziyaretlerin ard\u0131ndan, ak\u015fam saatleri de unutulmaz anlara sahne oldu. Amfi tiyatroda; \u0130layda Erg\u00fcn, Ebru \u00d6zdemir, Ali Eren \u00c7\u0131nar ve Eren \u00d6z\u00fctemiz birbirinden muhte\u015fem konserler verirken, K\u0131rkp\u0131nar Bekta\u015fi Yard\u0131mla\u015fma ve Dayan\u0131\u015fma K\u00fclt\u00fcr Derne\u011fi ve Bulgaristan Dulova Deliorman Semah Ekibi de semah g\u00f6sterisi ger\u00e7ekle\u015ftirdi. Anma etkinliklerinin ilk g\u00fcn\u00fcne Elmal\u0131 Belediye Ba\u015fkan\u0131 Halil \u00d6zt\u00fcrk, Antalya B\u00fcy\u00fck\u015fehir Belediyesi K\u00fclt\u00fcr ve Sosyal \u0130\u015fler Dairesi Ba\u015fkan\u0131 Okan Yavuz, Alevi Dernekleri temsilcileri ve \u00fclkenin d\u00f6rt bir yan\u0131ndan gelen vatanda\u015flar kat\u0131l\u0131m sa\u011flad\u0131. Kaynak: www.kanalv.com.tr Haber Sitesinden Al\u0131nm\u0131\u015ft\u0131r.<\/p>","protected":false},"author":4,"featured_media":0,"comment_status":"","ping_status":"open","sticky":false,"template":"","format":"standard","meta":{"_acf_changed":false,"footnotes":""},"categories":[26],"tags":[],"class_list":["post-122255","post","type-post","status-publish","format-standard","hentry","category-antalya"],"acf":[],"yoast_head":"<!-- This site is optimized with the Yoast SEO Premium plugin v26.6 (Yoast SEO v27.1.1) - https:\/\/yoast.com\/product\/yoast-seo-premium-wordpress\/ -->\n<title>Elmal\u0131&#039;da Abdal Musa Sultan\u2019\u0131 anma etkinlikleri - Av. Deniz Can K\u0131z\u0131l<\/title>\n<meta name=\"robots\" content=\"index, follow, max-snippet:-1, max-image-preview:large, max-video-preview:-1\" \/>\n<link rel=\"canonical\" href=\"https:\/\/denizcankizil.tr\/de\/haberler\/antalya\/elmalida-abdal-musa-sultani-anma-etkinlikleri\/\" \/>\n<meta property=\"og:locale\" content=\"de_DE\" \/>\n<meta property=\"og:type\" content=\"article\" \/>\n<meta property=\"og:title\" content=\"Elmal\u0131&#039;da Abdal Musa Sultan\u2019\u0131 anma etkinlikleri\" \/>\n<meta property=\"og:description\" content=\"Alevi-Bekta\u015fi toplumunun \u00f6nemli inan\u00e7 \u00f6nderlerinden Abdal Musa, Antalya\u2019n\u0131n Elmal\u0131 il\u00e7esi Tekke Mahallesi\u2019nde an\u0131l\u0131yor. Antalya B\u00fcy\u00fck\u015fehir Belediyesi ev sahipli\u011finde, Elmal\u0131 Belediyesi, \u015eahkulu Sultan Dergah\u0131 ve Tekke K\u00f6y\u00fc Abdal Musa K\u00fclt\u00fcr\u00fcn\u00fc Ara\u015ft\u0131rma ve Ya\u015fatma Derne\u011fi i\u015f birli\u011finde d\u00fczenlenen 20. Uluslararas\u0131 41. Ulusal Abdal Musa Anma Etkinlikleri, Elmal\u0131 Tekke Mahallesi\u2019nde t\u00fcrbe ziyaretleriyle ba\u015flad\u0131. T\u00fcrkiye\u2019nin d\u00f6rt bir yan\u0131ndan Tekke Mahallesi\u2019ne, gelen ziyaret\u00e7iler, Abdal Musa T\u00fcrbesi\u2019ni ziyaret etti. Ziyaretlerin ilk g\u00fcn\u00fcnde semahlar d\u00f6n\u00fcld\u00fc, cem yap\u0131ld\u0131 ve dualar edildi. Etkinlikler kapsam\u0131nda &#8220;Ge\u00e7mi\u015ften Bug\u00fcne Abdal Musa Ayd\u0131nl\u0131\u011f\u0131&#8221; isimli panel ger\u00e7ekle\u015ftirildi. T\u00fcrbe ziyaretleri yap\u0131ld\u0131 G\u00fcnd\u00fcz ger\u00e7ekle\u015ftirilen ibadetler ve ziyaretlerin ard\u0131ndan, ak\u015fam saatleri de unutulmaz anlara sahne oldu. Amfi tiyatroda; \u0130layda Erg\u00fcn, Ebru \u00d6zdemir, Ali Eren \u00c7\u0131nar ve Eren \u00d6z\u00fctemiz birbirinden muhte\u015fem konserler verirken, K\u0131rkp\u0131nar Bekta\u015fi Yard\u0131mla\u015fma ve Dayan\u0131\u015fma K\u00fclt\u00fcr Derne\u011fi ve Bulgaristan Dulova Deliorman Semah Ekibi de semah g\u00f6sterisi ger\u00e7ekle\u015ftirdi. Anma etkinliklerinin ilk g\u00fcn\u00fcne Elmal\u0131 Belediye Ba\u015fkan\u0131 Halil \u00d6zt\u00fcrk, Antalya B\u00fcy\u00fck\u015fehir Belediyesi K\u00fclt\u00fcr ve Sosyal \u0130\u015fler Dairesi Ba\u015fkan\u0131 Okan Yavuz, Alevi Dernekleri temsilcileri ve \u00fclkenin d\u00f6rt bir yan\u0131ndan gelen vatanda\u015flar kat\u0131l\u0131m sa\u011flad\u0131. Kaynak: www.kanalv.com.tr Haber Sitesinden Al\u0131nm\u0131\u015ft\u0131r.\" \/>\n<meta property=\"og:url\" content=\"https:\/\/denizcankizil.tr\/de\/haberler\/antalya\/elmalida-abdal-musa-sultani-anma-etkinlikleri\/\" \/>\n<meta property=\"og:site_name\" content=\"Av. Deniz Can K\u0131z\u0131l\" \/>\n<meta property=\"article:published_time\" content=\"2025-06-21T12:41:19+00:00\" \/>\n<meta name=\"author\" content=\"Av. Deniz Can K\u0131z\u0131l\" \/>\n<meta name=\"twitter:card\" content=\"summary_large_image\" \/>\n<meta name=\"twitter:label1\" content=\"Verfasst von\" \/>\n\t<meta name=\"twitter:data1\" content=\"Av. Deniz Can K\u0131z\u0131l\" \/>\n\t<meta name=\"twitter:label2\" content=\"Gesch\u00e4tzte Lesezeit\" \/>\n\t<meta name=\"twitter:data2\" content=\"1\u00a0Minute\" \/>\n<script type=\"application\/ld+json\" class=\"yoast-schema-graph\">{\"@context\":\"https:\/\/schema.org\",\"@graph\":[{\"@type\":\"Article\",\"@id\":\"https:\/\/denizcankizil.tr\/en\/haberler\/antalya\/elmalida-abdal-musa-sultani-anma-etkinlikleri\/#article\",\"isPartOf\":{\"@id\":\"https:\/\/denizcankizil.tr\/en\/haberler\/antalya\/elmalida-abdal-musa-sultani-anma-etkinlikleri\/\"},\"author\":{\"name\":\"Av. Deniz Can K\u0131z\u0131l\",\"@id\":\"https:\/\/denizcankizil.tr\/de\/#\/schema\/person\/5dc1b22991bd7ac833867c10afc9b0ff\"},\"headline\":\"Elmal\u0131&#8217;da Abdal Musa Sultan\u2019\u0131 anma etkinlikleri\",\"datePublished\":\"2025-06-21T12:41:19+00:00\",\"mainEntityOfPage\":{\"@id\":\"https:\/\/denizcankizil.tr\/en\/haberler\/antalya\/elmalida-abdal-musa-sultani-anma-etkinlikleri\/\"},\"wordCount\":263,\"publisher\":{\"@id\":\"https:\/\/denizcankizil.tr\/de\/#organization\"},\"articleSection\":[\"Antalya\"],\"inLanguage\":\"de\"},{\"@type\":\"WebPage\",\"@id\":\"https:\/\/denizcankizil.tr\/en\/haberler\/antalya\/elmalida-abdal-musa-sultani-anma-etkinlikleri\/\",\"url\":\"https:\/\/denizcankizil.tr\/en\/haberler\/antalya\/elmalida-abdal-musa-sultani-anma-etkinlikleri\/\",\"name\":\"Elmal\u0131'da Abdal Musa Sultan\u2019\u0131 anma etkinlikleri - Av. Deniz Can K\u0131z\u0131l\",\"isPartOf\":{\"@id\":\"https:\/\/denizcankizil.tr\/de\/#website\"},\"datePublished\":\"2025-06-21T12:41:19+00:00\",\"breadcrumb\":{\"@id\":\"https:\/\/denizcankizil.tr\/en\/haberler\/antalya\/elmalida-abdal-musa-sultani-anma-etkinlikleri\/#breadcrumb\"},\"inLanguage\":\"de\",\"potentialAction\":[{\"@type\":\"ReadAction\",\"target\":[\"https:\/\/denizcankizil.tr\/en\/haberler\/antalya\/elmalida-abdal-musa-sultani-anma-etkinlikleri\/\"]}]},{\"@type\":\"BreadcrumbList\",\"@id\":\"https:\/\/denizcankizil.tr\/en\/haberler\/antalya\/elmalida-abdal-musa-sultani-anma-etkinlikleri\/#breadcrumb\",\"itemListElement\":[{\"@type\":\"ListItem\",\"position\":1,\"name\":\"Home\",\"item\":\"https:\/\/denizcankizil.tr\/de\/\"},{\"@type\":\"ListItem\",\"position\":2,\"name\":\"Elmal\u0131&#8217;da Abdal Musa Sultan\u2019\u0131 anma etkinlikleri\"}]},{\"@type\":\"WebSite\",\"@id\":\"https:\/\/denizcankizil.tr\/de\/#website\",\"url\":\"https:\/\/denizcankizil.tr\/de\/\",\"name\":\"Av. Deniz Can K\u0131z\u0131l\",\"description\":\"Avukat Deniz Can K\u0131z\u0131l Antalya Barosu\",\"publisher\":{\"@id\":\"https:\/\/denizcankizil.tr\/de\/#organization\"},\"potentialAction\":[{\"@type\":\"SearchAction\",\"target\":{\"@type\":\"EntryPoint\",\"urlTemplate\":\"https:\/\/denizcankizil.tr\/de\/?s={search_term_string}\"},\"query-input\":{\"@type\":\"PropertyValueSpecification\",\"valueRequired\":true,\"valueName\":\"search_term_string\"}}],\"inLanguage\":\"de\"},{\"@type\":\"Organization\",\"@id\":\"https:\/\/denizcankizil.tr\/de\/#organization\",\"name\":\"Av. Deniz Can K\u0131z\u0131l\",\"url\":\"https:\/\/denizcankizil.tr\/de\/\",\"logo\":{\"@type\":\"ImageObject\",\"inLanguage\":\"de\",\"@id\":\"https:\/\/denizcankizil.tr\/de\/#\/schema\/logo\/image\/\",\"url\":\"https:\/\/denizcankizil.tr\/wp-content\/uploads\/2024\/10\/siyah-logo-svg.svg\",\"contentUrl\":\"https:\/\/denizcankizil.tr\/wp-content\/uploads\/2024\/10\/siyah-logo-svg.svg\",\"width\":1080,\"height\":1080,\"caption\":\"Av. Deniz Can K\u0131z\u0131l\"},\"image\":{\"@id\":\"https:\/\/denizcankizil.tr\/de\/#\/schema\/logo\/image\/\"}},{\"@type\":\"Person\",\"@id\":\"https:\/\/denizcankizil.tr\/de\/#\/schema\/person\/5dc1b22991bd7ac833867c10afc9b0ff\",\"name\":\"Av. Deniz Can K\u0131z\u0131l\",\"image\":{\"@type\":\"ImageObject\",\"inLanguage\":\"de\",\"@id\":\"https:\/\/denizcankizil.tr\/de\/#\/schema\/person\/image\/\",\"url\":\"https:\/\/secure.gravatar.com\/avatar\/a0b128fb9855c79efc976d5640eedb31dc35ec297594d6016d2cf7c60e975bb6?s=96&d=mm&r=g\",\"contentUrl\":\"https:\/\/secure.gravatar.com\/avatar\/a0b128fb9855c79efc976d5640eedb31dc35ec297594d6016d2cf7c60e975bb6?s=96&d=mm&r=g\",\"caption\":\"Av. Deniz Can K\u0131z\u0131l\"},\"sameAs\":[\"http:\/\/www.denizcankizil.tr\"],\"url\":\"https:\/\/denizcankizil.tr\/de\/author\/denizcankizil\/\"}]}<\/script>\n<!-- \/ Yoast SEO Premium plugin. -->","yoast_head_json":{"title":"Elmal\u0131'da Abdal Musa Sultan\u2019\u0131 anma etkinlikleri - Av. Deniz Can K\u0131z\u0131l","robots":{"index":"index","follow":"follow","max-snippet":"max-snippet:-1","max-image-preview":"max-image-preview:large","max-video-preview":"max-video-preview:-1"},"canonical":"https:\/\/denizcankizil.tr\/de\/haberler\/antalya\/elmalida-abdal-musa-sultani-anma-etkinlikleri\/","og_locale":"de_DE","og_type":"article","og_title":"Elmal\u0131'da Abdal Musa Sultan\u2019\u0131 anma etkinlikleri","og_description":"Alevi-Bekta\u015fi toplumunun \u00f6nemli inan\u00e7 \u00f6nderlerinden Abdal Musa, Antalya\u2019n\u0131n Elmal\u0131 il\u00e7esi Tekke Mahallesi\u2019nde an\u0131l\u0131yor. Antalya B\u00fcy\u00fck\u015fehir Belediyesi ev sahipli\u011finde, Elmal\u0131 Belediyesi, \u015eahkulu Sultan Dergah\u0131 ve Tekke K\u00f6y\u00fc Abdal Musa K\u00fclt\u00fcr\u00fcn\u00fc Ara\u015ft\u0131rma ve Ya\u015fatma Derne\u011fi i\u015f birli\u011finde d\u00fczenlenen 20. Uluslararas\u0131 41. Ulusal Abdal Musa Anma Etkinlikleri, Elmal\u0131 Tekke Mahallesi\u2019nde t\u00fcrbe ziyaretleriyle ba\u015flad\u0131. T\u00fcrkiye\u2019nin d\u00f6rt bir yan\u0131ndan Tekke Mahallesi\u2019ne, gelen ziyaret\u00e7iler, Abdal Musa T\u00fcrbesi\u2019ni ziyaret etti. Ziyaretlerin ilk g\u00fcn\u00fcnde semahlar d\u00f6n\u00fcld\u00fc, cem yap\u0131ld\u0131 ve dualar edildi. Etkinlikler kapsam\u0131nda &#8220;Ge\u00e7mi\u015ften Bug\u00fcne Abdal Musa Ayd\u0131nl\u0131\u011f\u0131&#8221; isimli panel ger\u00e7ekle\u015ftirildi. T\u00fcrbe ziyaretleri yap\u0131ld\u0131 G\u00fcnd\u00fcz ger\u00e7ekle\u015ftirilen ibadetler ve ziyaretlerin ard\u0131ndan, ak\u015fam saatleri de unutulmaz anlara sahne oldu. Amfi tiyatroda; \u0130layda Erg\u00fcn, Ebru \u00d6zdemir, Ali Eren \u00c7\u0131nar ve Eren \u00d6z\u00fctemiz birbirinden muhte\u015fem konserler verirken, K\u0131rkp\u0131nar Bekta\u015fi Yard\u0131mla\u015fma ve Dayan\u0131\u015fma K\u00fclt\u00fcr Derne\u011fi ve Bulgaristan Dulova Deliorman Semah Ekibi de semah g\u00f6sterisi ger\u00e7ekle\u015ftirdi. Anma etkinliklerinin ilk g\u00fcn\u00fcne Elmal\u0131 Belediye Ba\u015fkan\u0131 Halil \u00d6zt\u00fcrk, Antalya B\u00fcy\u00fck\u015fehir Belediyesi K\u00fclt\u00fcr ve Sosyal \u0130\u015fler Dairesi Ba\u015fkan\u0131 Okan Yavuz, Alevi Dernekleri temsilcileri ve \u00fclkenin d\u00f6rt bir yan\u0131ndan gelen vatanda\u015flar kat\u0131l\u0131m sa\u011flad\u0131. Kaynak: www.kanalv.com.tr Haber Sitesinden Al\u0131nm\u0131\u015ft\u0131r.","og_url":"https:\/\/denizcankizil.tr\/de\/haberler\/antalya\/elmalida-abdal-musa-sultani-anma-etkinlikleri\/","og_site_name":"Av. Deniz Can K\u0131z\u0131l","article_published_time":"2025-06-21T12:41:19+00:00","author":"Av. Deniz Can K\u0131z\u0131l","twitter_card":"summary_large_image","twitter_misc":{"Verfasst von":"Av. Deniz Can K\u0131z\u0131l","Gesch\u00e4tzte Lesezeit":"1\u00a0Minute"},"schema":{"@context":"https:\/\/schema.org","@graph":[{"@type":"Article","@id":"https:\/\/denizcankizil.tr\/en\/haberler\/antalya\/elmalida-abdal-musa-sultani-anma-etkinlikleri\/#article","isPartOf":{"@id":"https:\/\/denizcankizil.tr\/en\/haberler\/antalya\/elmalida-abdal-musa-sultani-anma-etkinlikleri\/"},"author":{"name":"Av. Deniz Can K\u0131z\u0131l","@id":"https:\/\/denizcankizil.tr\/de\/#\/schema\/person\/5dc1b22991bd7ac833867c10afc9b0ff"},"headline":"Elmal\u0131&#8217;da Abdal Musa Sultan\u2019\u0131 anma etkinlikleri","datePublished":"2025-06-21T12:41:19+00:00","mainEntityOfPage":{"@id":"https:\/\/denizcankizil.tr\/en\/haberler\/antalya\/elmalida-abdal-musa-sultani-anma-etkinlikleri\/"},"wordCount":263,"publisher":{"@id":"https:\/\/denizcankizil.tr\/de\/#organization"},"articleSection":["Antalya"],"inLanguage":"de"},{"@type":"WebPage","@id":"https:\/\/denizcankizil.tr\/en\/haberler\/antalya\/elmalida-abdal-musa-sultani-anma-etkinlikleri\/","url":"https:\/\/denizcankizil.tr\/en\/haberler\/antalya\/elmalida-abdal-musa-sultani-anma-etkinlikleri\/","name":"Elmal\u0131'da Abdal Musa Sultan\u2019\u0131 anma etkinlikleri - Av. Deniz Can K\u0131z\u0131l","isPartOf":{"@id":"https:\/\/denizcankizil.tr\/de\/#website"},"datePublished":"2025-06-21T12:41:19+00:00","breadcrumb":{"@id":"https:\/\/denizcankizil.tr\/en\/haberler\/antalya\/elmalida-abdal-musa-sultani-anma-etkinlikleri\/#breadcrumb"},"inLanguage":"de","potentialAction":[{"@type":"ReadAction","target":["https:\/\/denizcankizil.tr\/en\/haberler\/antalya\/elmalida-abdal-musa-sultani-anma-etkinlikleri\/"]}]},{"@type":"BreadcrumbList","@id":"https:\/\/denizcankizil.tr\/en\/haberler\/antalya\/elmalida-abdal-musa-sultani-anma-etkinlikleri\/#breadcrumb","itemListElement":[{"@type":"ListItem","position":1,"name":"Home","item":"https:\/\/denizcankizil.tr\/de\/"},{"@type":"ListItem","position":2,"name":"Elmal\u0131&#8217;da Abdal Musa Sultan\u2019\u0131 anma etkinlikleri"}]},{"@type":"WebSite","@id":"https:\/\/denizcankizil.tr\/de\/#website","url":"https:\/\/denizcankizil.tr\/de\/","name":"Av. Deniz Can K\u0131z\u0131l","description":"Avukat Deniz Can K\u0131z\u0131l Antalya Barosu","publisher":{"@id":"https:\/\/denizcankizil.tr\/de\/#organization"},"potentialAction":[{"@type":"SearchAction","target":{"@type":"EntryPoint","urlTemplate":"https:\/\/denizcankizil.tr\/de\/?s={search_term_string}"},"query-input":{"@type":"PropertyValueSpecification","valueRequired":true,"valueName":"search_term_string"}}],"inLanguage":"de"},{"@type":"Organization","@id":"https:\/\/denizcankizil.tr\/de\/#organization","name":"Av. Deniz Can K\u0131z\u0131l","url":"https:\/\/denizcankizil.tr\/de\/","logo":{"@type":"ImageObject","inLanguage":"de","@id":"https:\/\/denizcankizil.tr\/de\/#\/schema\/logo\/image\/","url":"https:\/\/denizcankizil.tr\/wp-content\/uploads\/2024\/10\/siyah-logo-svg.svg","contentUrl":"https:\/\/denizcankizil.tr\/wp-content\/uploads\/2024\/10\/siyah-logo-svg.svg","width":1080,"height":1080,"caption":"Av. Deniz Can K\u0131z\u0131l"},"image":{"@id":"https:\/\/denizcankizil.tr\/de\/#\/schema\/logo\/image\/"}},{"@type":"Person","@id":"https:\/\/denizcankizil.tr\/de\/#\/schema\/person\/5dc1b22991bd7ac833867c10afc9b0ff","name":"Av. Deniz Can K\u0131z\u0131l","image":{"@type":"ImageObject","inLanguage":"de","@id":"https:\/\/denizcankizil.tr\/de\/#\/schema\/person\/image\/","url":"https:\/\/secure.gravatar.com\/avatar\/a0b128fb9855c79efc976d5640eedb31dc35ec297594d6016d2cf7c60e975bb6?s=96&d=mm&r=g","contentUrl":"https:\/\/secure.gravatar.com\/avatar\/a0b128fb9855c79efc976d5640eedb31dc35ec297594d6016d2cf7c60e975bb6?s=96&d=mm&r=g","caption":"Av. Deniz Can K\u0131z\u0131l"},"sameAs":["http:\/\/www.denizcankizil.tr"],"url":"https:\/\/denizcankizil.tr\/de\/author\/denizcankizil\/"}]}},"_links":{"self":[{"href":"https:\/\/denizcankizil.tr\/de\/wp-json\/wp\/v2\/posts\/122255","targetHints":{"allow":["GET"]}}],"collection":[{"href":"https:\/\/denizcankizil.tr\/de\/wp-json\/wp\/v2\/posts"}],"about":[{"href":"https:\/\/denizcankizil.tr\/de\/wp-json\/wp\/v2\/types\/post"}],"author":[{"embeddable":true,"href":"https:\/\/denizcankizil.tr\/de\/wp-json\/wp\/v2\/users\/4"}],"replies":[{"embeddable":true,"href":"https:\/\/denizcankizil.tr\/de\/wp-json\/wp\/v2\/comments?post=122255"}],"version-history":[{"count":0,"href":"https:\/\/denizcankizil.tr\/de\/wp-json\/wp\/v2\/posts\/122255\/revisions"}],"wp:attachment":[{"href":"https:\/\/denizcankizil.tr\/de\/wp-json\/wp\/v2\/media?parent=122255"}],"wp:term":[{"taxonomy":"category","embeddable":true,"href":"https:\/\/denizcankizil.tr\/de\/wp-json\/wp\/v2\/categories?post=122255"},{"taxonomy":"post_tag","embeddable":true,"href":"https:\/\/denizcankizil.tr\/de\/wp-json\/wp\/v2\/tags?post=122255"}],"curies":[{"name":"wp","href":"https:\/\/api.w.org\/{rel}","templated":true}]}}