{"id":121200,"date":"2025-06-20T12:42:25","date_gmt":"2025-06-20T09:42:25","guid":{"rendered":"https:\/\/denizcankizil.tr\/uncategorized-tr\/hskdaki-kritik-secimler-resmi-gazetede\/"},"modified":"2025-06-20T12:42:25","modified_gmt":"2025-06-20T09:42:25","slug":"hskdaki-kritik-secimler-resmi-gazetede","status":"publish","type":"post","link":"https:\/\/denizcankizil.tr\/de\/haberler\/gundem\/hskdaki-kritik-secimler-resmi-gazetede\/","title":{"rendered":"HSK&#8217;daki kritik se\u00e7imler Resmi Gazete&#8217;de"},"content":{"rendered":"<p>H\u00e2kimler ve Savc\u0131lar Kurulu (HSK) Genel Kurulu\u2019nun 16 Haziran 2025 tarihli ve 1007 say\u0131l\u0131 karar\u0131 bug\u00fcnk\u00fc Resmi Gazete\u2019de yay\u0131mlanarak kamuoyuna duyuruldu.ANKARA (\u0130GFA) &#8211; H\u00e2kimler ve Savc\u0131lar Kurulu (HSK) Genel Kurulu\u2019nun 16 Haziran 2025\u2019te ald\u0131\u011f\u0131 1007 say\u0131l\u0131 karar, 20 Haziran 2025 tarihli ve 32932 say\u0131l\u0131 Resmi Gazete\u2019de kamuoyuyla payla\u015f\u0131ld\u0131.<br \/>\nS\u00f6z konusu kararla, HSK\u2019da g\u00f6rev da\u011f\u0131l\u0131m\u0131na y\u00f6nelik kritik se\u00e7imler duyuruldu.<br \/>\nBuna g\u00f6re HSK eski \u00fcyeleri Mehmet Akif Ekinci, \u0130brahim Kolcu ve Dr. \u00d6mer Faruk Y\u0131ld\u0131r\u0131m&#8217;\u0131n Yarg\u0131tay \u00dcyeli\u011fi&#8217;ne se\u00e7ilmeleri ile HSK eski \u00fcyesi Halil Ko\u00e7&#8217;un ise Dan\u0131\u015ftay \u00dcyeli\u011fi&#8217;ne se\u00e7ildi\u011fi duyuruldu.<\/p>\n<p>\u200bH\u00e2kimler ve Savc\u0131lar Kurulu (HSK) Genel Kurulu\u2019nun 16 Haziran 2025 tarihli ve 1007 say\u0131l\u0131 karar\u0131 bug\u00fcnk\u00fc Resmi Gazete\u2019de yay\u0131mlanarak kamuoyuna duyuruldu.ANKARA (\u0130GFA) &#8211; H\u00e2kimler ve Savc\u0131lar Kurulu (HSK) Genel Kurulu\u2019nun 16 Haziran 2025\u2019te ald\u0131\u011f\u0131 1007 say\u0131l\u0131 karar, 20 Haziran 2025 tarihli ve 32932 say\u0131l\u0131 Resmi Gazete\u2019de kamuoyuyla payla\u015f\u0131ld\u0131.<br \/>\nS\u00f6z konusu kararla, HSK\u2019da g\u00f6rev da\u011f\u0131l\u0131m\u0131na y\u00f6nelik kritik se\u00e7imler duyuruldu.<br \/>\nBuna g\u00f6re HSK eski \u00fcyeleri Mehmet Akif Ekinci, \u0130brahim Kolcu ve Dr. \u00d6mer Faruk Y\u0131ld\u0131r\u0131m&#8217;\u0131n Yarg\u0131tay \u00dcyeli\u011fi&#8217;ne se\u00e7ilmeleri ile HSK eski \u00fcyesi Halil Ko\u00e7&#8217;un ise Dan\u0131\u015ftay \u00dcyeli\u011fi&#8217;ne se\u00e7ildi\u011fi duyuruldu.\u00a0<\/p>\n<p>\u200bHaberin Al\u0131nt\u0131land\u0131\u011f\u0131 Kaynak: www.iskenderun.org<\/p>","protected":false},"excerpt":{"rendered":"<p>H\u00e2kimler ve Savc\u0131lar Kurulu (HSK) Genel Kurulu\u2019nun 16 Haziran 2025 tarihli ve 1007 say\u0131l\u0131 karar\u0131 bug\u00fcnk\u00fc Resmi Gazete\u2019de yay\u0131mlanarak kamuoyuna duyuruldu.ANKARA (\u0130GFA) &#8211; H\u00e2kimler ve Savc\u0131lar Kurulu (HSK) Genel Kurulu\u2019nun 16 Haziran 2025\u2019te ald\u0131\u011f\u0131 1007 say\u0131l\u0131 karar, 20 Haziran 2025 tarihli ve 32932 say\u0131l\u0131 Resmi Gazete\u2019de kamuoyuyla payla\u015f\u0131ld\u0131. S\u00f6z konusu kararla, HSK\u2019da g\u00f6rev da\u011f\u0131l\u0131m\u0131na y\u00f6nelik kritik se\u00e7imler duyuruldu. Buna g\u00f6re HSK eski \u00fcyeleri Mehmet Akif Ekinci, \u0130brahim Kolcu ve Dr. \u00d6mer Faruk Y\u0131ld\u0131r\u0131m&#8217;\u0131n Yarg\u0131tay \u00dcyeli\u011fi&#8217;ne se\u00e7ilmeleri ile HSK eski \u00fcyesi Halil Ko\u00e7&#8217;un ise Dan\u0131\u015ftay \u00dcyeli\u011fi&#8217;ne se\u00e7ildi\u011fi duyuruldu. \u200bH\u00e2kimler ve Savc\u0131lar Kurulu (HSK) Genel Kurulu\u2019nun 16 Haziran 2025 tarihli ve 1007 say\u0131l\u0131 karar\u0131 bug\u00fcnk\u00fc Resmi Gazete\u2019de yay\u0131mlanarak kamuoyuna duyuruldu.ANKARA (\u0130GFA) &#8211; H\u00e2kimler ve Savc\u0131lar Kurulu (HSK) Genel Kurulu\u2019nun 16 Haziran 2025\u2019te ald\u0131\u011f\u0131 1007 say\u0131l\u0131 karar, 20 Haziran 2025 tarihli ve 32932 say\u0131l\u0131 Resmi Gazete\u2019de kamuoyuyla payla\u015f\u0131ld\u0131. S\u00f6z konusu kararla, HSK\u2019da g\u00f6rev da\u011f\u0131l\u0131m\u0131na y\u00f6nelik kritik se\u00e7imler duyuruldu. Buna g\u00f6re HSK eski \u00fcyeleri Mehmet Akif Ekinci, \u0130brahim Kolcu ve Dr. \u00d6mer Faruk Y\u0131ld\u0131r\u0131m&#8217;\u0131n Yarg\u0131tay \u00dcyeli\u011fi&#8217;ne se\u00e7ilmeleri ile HSK eski \u00fcyesi Halil Ko\u00e7&#8217;un ise Dan\u0131\u015ftay \u00dcyeli\u011fi&#8217;ne se\u00e7ildi\u011fi duyuruldu.\u00a0 \u200bHaberin Al\u0131nt\u0131land\u0131\u011f\u0131 Kaynak: www.iskenderun.org<\/p>","protected":false},"author":1,"featured_media":0,"comment_status":"","ping_status":"open","sticky":false,"template":"","format":"standard","meta":{"_acf_changed":false,"footnotes":""},"categories":[24],"tags":[],"class_list":["post-121200","post","type-post","status-publish","format-standard","has-post-thumbnail","hentry","category-gundem"],"acf":[],"yoast_head":"<!-- This site is optimized with the Yoast SEO Premium plugin v26.6 (Yoast SEO v27.1.1) - https:\/\/yoast.com\/product\/yoast-seo-premium-wordpress\/ -->\n<title>HSK&#039;daki kritik se\u00e7imler Resmi Gazete&#039;de - Av. Deniz Can K\u0131z\u0131l<\/title>\n<meta name=\"robots\" content=\"index, follow, max-snippet:-1, max-image-preview:large, max-video-preview:-1\" \/>\n<link rel=\"canonical\" href=\"http:\/\/denizcankizil.tr\/de\/haberler\/gundem\/hskdaki-kritik-secimler-resmi-gazetede\/\" \/>\n<meta property=\"og:locale\" content=\"de_DE\" \/>\n<meta property=\"og:type\" content=\"article\" \/>\n<meta property=\"og:title\" content=\"HSK&#039;daki kritik se\u00e7imler Resmi Gazete&#039;de\" \/>\n<meta property=\"og:description\" content=\"H\u00e2kimler ve Savc\u0131lar Kurulu (HSK) Genel Kurulu\u2019nun 16 Haziran 2025 tarihli ve 1007 say\u0131l\u0131 karar\u0131 bug\u00fcnk\u00fc Resmi Gazete\u2019de yay\u0131mlanarak kamuoyuna duyuruldu.ANKARA (\u0130GFA) &#8211; H\u00e2kimler ve Savc\u0131lar Kurulu (HSK) Genel Kurulu\u2019nun 16 Haziran 2025\u2019te ald\u0131\u011f\u0131 1007 say\u0131l\u0131 karar, 20 Haziran 2025 tarihli ve 32932 say\u0131l\u0131 Resmi Gazete\u2019de kamuoyuyla payla\u015f\u0131ld\u0131. S\u00f6z konusu kararla, HSK\u2019da g\u00f6rev da\u011f\u0131l\u0131m\u0131na y\u00f6nelik kritik se\u00e7imler duyuruldu. Buna g\u00f6re HSK eski \u00fcyeleri Mehmet Akif Ekinci, \u0130brahim Kolcu ve Dr. \u00d6mer Faruk Y\u0131ld\u0131r\u0131m&#8217;\u0131n Yarg\u0131tay \u00dcyeli\u011fi&#8217;ne se\u00e7ilmeleri ile HSK eski \u00fcyesi Halil Ko\u00e7&#8217;un ise Dan\u0131\u015ftay \u00dcyeli\u011fi&#8217;ne se\u00e7ildi\u011fi duyuruldu. \u200bH\u00e2kimler ve Savc\u0131lar Kurulu (HSK) Genel Kurulu\u2019nun 16 Haziran 2025 tarihli ve 1007 say\u0131l\u0131 karar\u0131 bug\u00fcnk\u00fc Resmi Gazete\u2019de yay\u0131mlanarak kamuoyuna duyuruldu.ANKARA (\u0130GFA) &#8211; H\u00e2kimler ve Savc\u0131lar Kurulu (HSK) Genel Kurulu\u2019nun 16 Haziran 2025\u2019te ald\u0131\u011f\u0131 1007 say\u0131l\u0131 karar, 20 Haziran 2025 tarihli ve 32932 say\u0131l\u0131 Resmi Gazete\u2019de kamuoyuyla payla\u015f\u0131ld\u0131. S\u00f6z konusu kararla, HSK\u2019da g\u00f6rev da\u011f\u0131l\u0131m\u0131na y\u00f6nelik kritik se\u00e7imler duyuruldu. Buna g\u00f6re HSK eski \u00fcyeleri Mehmet Akif Ekinci, \u0130brahim Kolcu ve Dr. \u00d6mer Faruk Y\u0131ld\u0131r\u0131m&#8217;\u0131n Yarg\u0131tay \u00dcyeli\u011fi&#8217;ne se\u00e7ilmeleri ile HSK eski \u00fcyesi Halil Ko\u00e7&#8217;un ise Dan\u0131\u015ftay \u00dcyeli\u011fi&#8217;ne se\u00e7ildi\u011fi duyuruldu.\u00a0 \u200bHaberin Al\u0131nt\u0131land\u0131\u011f\u0131 Kaynak: www.iskenderun.org\" \/>\n<meta property=\"og:url\" content=\"http:\/\/denizcankizil.tr\/de\/haberler\/gundem\/hskdaki-kritik-secimler-resmi-gazetede\/\" \/>\n<meta property=\"og:site_name\" content=\"Av. Deniz Can K\u0131z\u0131l\" \/>\n<meta property=\"article:published_time\" content=\"2025-06-20T09:42:25+00:00\" \/>\n<meta name=\"author\" content=\"admin\" \/>\n<meta name=\"twitter:card\" content=\"summary_large_image\" \/>\n<meta name=\"twitter:label1\" content=\"Verfasst von\" \/>\n\t<meta name=\"twitter:data1\" content=\"admin\" \/>\n\t<meta name=\"twitter:label2\" content=\"Gesch\u00e4tzte Lesezeit\" \/>\n\t<meta name=\"twitter:data2\" content=\"1\u00a0Minute\" \/>\n<script type=\"application\/ld+json\" class=\"yoast-schema-graph\">{\"@context\":\"https:\/\/schema.org\",\"@graph\":[{\"@type\":\"Article\",\"@id\":\"http:\/\/denizcankizil.tr\/uk\/haberler\/gundem\/hskdaki-kritik-secimler-resmi-gazetede\/#article\",\"isPartOf\":{\"@id\":\"http:\/\/denizcankizil.tr\/uk\/haberler\/gundem\/hskdaki-kritik-secimler-resmi-gazetede\/\"},\"author\":{\"name\":\"admin\",\"@id\":\"https:\/\/denizcankizil.tr\/de\/#\/schema\/person\/be3c05fe6a12686905512445d8185489\"},\"headline\":\"HSK&#8217;daki kritik se\u00e7imler Resmi Gazete&#8217;de\",\"datePublished\":\"2025-06-20T09:42:25+00:00\",\"mainEntityOfPage\":{\"@id\":\"http:\/\/denizcankizil.tr\/uk\/haberler\/gundem\/hskdaki-kritik-secimler-resmi-gazetede\/\"},\"wordCount\":250,\"publisher\":{\"@id\":\"https:\/\/denizcankizil.tr\/de\/#organization\"},\"articleSection\":[\"G\u00fcndem\"],\"inLanguage\":\"de\"},{\"@type\":\"WebPage\",\"@id\":\"http:\/\/denizcankizil.tr\/uk\/haberler\/gundem\/hskdaki-kritik-secimler-resmi-gazetede\/\",\"url\":\"http:\/\/denizcankizil.tr\/uk\/haberler\/gundem\/hskdaki-kritik-secimler-resmi-gazetede\/\",\"name\":\"HSK'daki kritik se\u00e7imler Resmi Gazete'de - Av. Deniz Can K\u0131z\u0131l\",\"isPartOf\":{\"@id\":\"https:\/\/denizcankizil.tr\/de\/#website\"},\"datePublished\":\"2025-06-20T09:42:25+00:00\",\"breadcrumb\":{\"@id\":\"http:\/\/denizcankizil.tr\/uk\/haberler\/gundem\/hskdaki-kritik-secimler-resmi-gazetede\/#breadcrumb\"},\"inLanguage\":\"de\",\"potentialAction\":[{\"@type\":\"ReadAction\",\"target\":[\"http:\/\/denizcankizil.tr\/uk\/haberler\/gundem\/hskdaki-kritik-secimler-resmi-gazetede\/\"]}]},{\"@type\":\"BreadcrumbList\",\"@id\":\"http:\/\/denizcankizil.tr\/uk\/haberler\/gundem\/hskdaki-kritik-secimler-resmi-gazetede\/#breadcrumb\",\"itemListElement\":[{\"@type\":\"ListItem\",\"position\":1,\"name\":\"Home\",\"item\":\"https:\/\/denizcankizil.tr\/de\/\"},{\"@type\":\"ListItem\",\"position\":2,\"name\":\"HSK&#8217;daki kritik se\u00e7imler Resmi Gazete&#8217;de\"}]},{\"@type\":\"WebSite\",\"@id\":\"https:\/\/denizcankizil.tr\/de\/#website\",\"url\":\"https:\/\/denizcankizil.tr\/de\/\",\"name\":\"Av. Deniz Can K\u0131z\u0131l\",\"description\":\"Avukat Deniz Can K\u0131z\u0131l Antalya Barosu\",\"publisher\":{\"@id\":\"https:\/\/denizcankizil.tr\/de\/#organization\"},\"potentialAction\":[{\"@type\":\"SearchAction\",\"target\":{\"@type\":\"EntryPoint\",\"urlTemplate\":\"https:\/\/denizcankizil.tr\/de\/?s={search_term_string}\"},\"query-input\":{\"@type\":\"PropertyValueSpecification\",\"valueRequired\":true,\"valueName\":\"search_term_string\"}}],\"inLanguage\":\"de\"},{\"@type\":\"Organization\",\"@id\":\"https:\/\/denizcankizil.tr\/de\/#organization\",\"name\":\"Av. Deniz Can K\u0131z\u0131l\",\"url\":\"https:\/\/denizcankizil.tr\/de\/\",\"logo\":{\"@type\":\"ImageObject\",\"inLanguage\":\"de\",\"@id\":\"https:\/\/denizcankizil.tr\/de\/#\/schema\/logo\/image\/\",\"url\":\"https:\/\/denizcankizil.tr\/wp-content\/uploads\/2024\/10\/siyah-logo-svg.svg\",\"contentUrl\":\"https:\/\/denizcankizil.tr\/wp-content\/uploads\/2024\/10\/siyah-logo-svg.svg\",\"width\":1080,\"height\":1080,\"caption\":\"Av. Deniz Can K\u0131z\u0131l\"},\"image\":{\"@id\":\"https:\/\/denizcankizil.tr\/de\/#\/schema\/logo\/image\/\"}},{\"@type\":\"Person\",\"@id\":\"https:\/\/denizcankizil.tr\/de\/#\/schema\/person\/be3c05fe6a12686905512445d8185489\",\"name\":\"admin\",\"image\":{\"@type\":\"ImageObject\",\"inLanguage\":\"de\",\"@id\":\"https:\/\/denizcankizil.tr\/de\/#\/schema\/person\/image\/\",\"url\":\"https:\/\/secure.gravatar.com\/avatar\/c1fce94c830dc79107e174f890d7210541c4a63e8e5d816341794a2151c9d58c?s=96&d=mm&r=g\",\"contentUrl\":\"https:\/\/secure.gravatar.com\/avatar\/c1fce94c830dc79107e174f890d7210541c4a63e8e5d816341794a2151c9d58c?s=96&d=mm&r=g\",\"caption\":\"admin\"},\"sameAs\":[\"http:\/\/denizcankizil.tr\"],\"url\":\"https:\/\/www.iskenderun.org\/hskdaki-kritik-secimler-resmi-gazetede\"}]}<\/script>\n<!-- \/ Yoast SEO Premium plugin. -->","yoast_head_json":{"title":"HSK'daki kritik se\u00e7imler Resmi Gazete'de - Av. Deniz Can K\u0131z\u0131l","robots":{"index":"index","follow":"follow","max-snippet":"max-snippet:-1","max-image-preview":"max-image-preview:large","max-video-preview":"max-video-preview:-1"},"canonical":"http:\/\/denizcankizil.tr\/de\/haberler\/gundem\/hskdaki-kritik-secimler-resmi-gazetede\/","og_locale":"de_DE","og_type":"article","og_title":"HSK'daki kritik se\u00e7imler Resmi Gazete'de","og_description":"H\u00e2kimler ve Savc\u0131lar Kurulu (HSK) Genel Kurulu\u2019nun 16 Haziran 2025 tarihli ve 1007 say\u0131l\u0131 karar\u0131 bug\u00fcnk\u00fc Resmi Gazete\u2019de yay\u0131mlanarak kamuoyuna duyuruldu.ANKARA (\u0130GFA) &#8211; H\u00e2kimler ve Savc\u0131lar Kurulu (HSK) Genel Kurulu\u2019nun 16 Haziran 2025\u2019te ald\u0131\u011f\u0131 1007 say\u0131l\u0131 karar, 20 Haziran 2025 tarihli ve 32932 say\u0131l\u0131 Resmi Gazete\u2019de kamuoyuyla payla\u015f\u0131ld\u0131. S\u00f6z konusu kararla, HSK\u2019da g\u00f6rev da\u011f\u0131l\u0131m\u0131na y\u00f6nelik kritik se\u00e7imler duyuruldu. Buna g\u00f6re HSK eski \u00fcyeleri Mehmet Akif Ekinci, \u0130brahim Kolcu ve Dr. \u00d6mer Faruk Y\u0131ld\u0131r\u0131m&#8217;\u0131n Yarg\u0131tay \u00dcyeli\u011fi&#8217;ne se\u00e7ilmeleri ile HSK eski \u00fcyesi Halil Ko\u00e7&#8217;un ise Dan\u0131\u015ftay \u00dcyeli\u011fi&#8217;ne se\u00e7ildi\u011fi duyuruldu. \u200bH\u00e2kimler ve Savc\u0131lar Kurulu (HSK) Genel Kurulu\u2019nun 16 Haziran 2025 tarihli ve 1007 say\u0131l\u0131 karar\u0131 bug\u00fcnk\u00fc Resmi Gazete\u2019de yay\u0131mlanarak kamuoyuna duyuruldu.ANKARA (\u0130GFA) &#8211; H\u00e2kimler ve Savc\u0131lar Kurulu (HSK) Genel Kurulu\u2019nun 16 Haziran 2025\u2019te ald\u0131\u011f\u0131 1007 say\u0131l\u0131 karar, 20 Haziran 2025 tarihli ve 32932 say\u0131l\u0131 Resmi Gazete\u2019de kamuoyuyla payla\u015f\u0131ld\u0131. S\u00f6z konusu kararla, HSK\u2019da g\u00f6rev da\u011f\u0131l\u0131m\u0131na y\u00f6nelik kritik se\u00e7imler duyuruldu. Buna g\u00f6re HSK eski \u00fcyeleri Mehmet Akif Ekinci, \u0130brahim Kolcu ve Dr. \u00d6mer Faruk Y\u0131ld\u0131r\u0131m&#8217;\u0131n Yarg\u0131tay \u00dcyeli\u011fi&#8217;ne se\u00e7ilmeleri ile HSK eski \u00fcyesi Halil Ko\u00e7&#8217;un ise Dan\u0131\u015ftay \u00dcyeli\u011fi&#8217;ne se\u00e7ildi\u011fi duyuruldu.\u00a0 \u200bHaberin Al\u0131nt\u0131land\u0131\u011f\u0131 Kaynak: www.iskenderun.org","og_url":"http:\/\/denizcankizil.tr\/de\/haberler\/gundem\/hskdaki-kritik-secimler-resmi-gazetede\/","og_site_name":"Av. Deniz Can K\u0131z\u0131l","article_published_time":"2025-06-20T09:42:25+00:00","author":"admin","twitter_card":"summary_large_image","twitter_misc":{"Verfasst von":"admin","Gesch\u00e4tzte Lesezeit":"1\u00a0Minute"},"schema":{"@context":"https:\/\/schema.org","@graph":[{"@type":"Article","@id":"http:\/\/denizcankizil.tr\/uk\/haberler\/gundem\/hskdaki-kritik-secimler-resmi-gazetede\/#article","isPartOf":{"@id":"http:\/\/denizcankizil.tr\/uk\/haberler\/gundem\/hskdaki-kritik-secimler-resmi-gazetede\/"},"author":{"name":"admin","@id":"https:\/\/denizcankizil.tr\/de\/#\/schema\/person\/be3c05fe6a12686905512445d8185489"},"headline":"HSK&#8217;daki kritik se\u00e7imler Resmi Gazete&#8217;de","datePublished":"2025-06-20T09:42:25+00:00","mainEntityOfPage":{"@id":"http:\/\/denizcankizil.tr\/uk\/haberler\/gundem\/hskdaki-kritik-secimler-resmi-gazetede\/"},"wordCount":250,"publisher":{"@id":"https:\/\/denizcankizil.tr\/de\/#organization"},"articleSection":["G\u00fcndem"],"inLanguage":"de"},{"@type":"WebPage","@id":"http:\/\/denizcankizil.tr\/uk\/haberler\/gundem\/hskdaki-kritik-secimler-resmi-gazetede\/","url":"http:\/\/denizcankizil.tr\/uk\/haberler\/gundem\/hskdaki-kritik-secimler-resmi-gazetede\/","name":"HSK'daki kritik se\u00e7imler Resmi Gazete'de - Av. Deniz Can K\u0131z\u0131l","isPartOf":{"@id":"https:\/\/denizcankizil.tr\/de\/#website"},"datePublished":"2025-06-20T09:42:25+00:00","breadcrumb":{"@id":"http:\/\/denizcankizil.tr\/uk\/haberler\/gundem\/hskdaki-kritik-secimler-resmi-gazetede\/#breadcrumb"},"inLanguage":"de","potentialAction":[{"@type":"ReadAction","target":["http:\/\/denizcankizil.tr\/uk\/haberler\/gundem\/hskdaki-kritik-secimler-resmi-gazetede\/"]}]},{"@type":"BreadcrumbList","@id":"http:\/\/denizcankizil.tr\/uk\/haberler\/gundem\/hskdaki-kritik-secimler-resmi-gazetede\/#breadcrumb","itemListElement":[{"@type":"ListItem","position":1,"name":"Home","item":"https:\/\/denizcankizil.tr\/de\/"},{"@type":"ListItem","position":2,"name":"HSK&#8217;daki kritik se\u00e7imler Resmi Gazete&#8217;de"}]},{"@type":"WebSite","@id":"https:\/\/denizcankizil.tr\/de\/#website","url":"https:\/\/denizcankizil.tr\/de\/","name":"Av. Deniz Can K\u0131z\u0131l","description":"Avukat Deniz Can K\u0131z\u0131l Antalya Barosu","publisher":{"@id":"https:\/\/denizcankizil.tr\/de\/#organization"},"potentialAction":[{"@type":"SearchAction","target":{"@type":"EntryPoint","urlTemplate":"https:\/\/denizcankizil.tr\/de\/?s={search_term_string}"},"query-input":{"@type":"PropertyValueSpecification","valueRequired":true,"valueName":"search_term_string"}}],"inLanguage":"de"},{"@type":"Organization","@id":"https:\/\/denizcankizil.tr\/de\/#organization","name":"Av. Deniz Can K\u0131z\u0131l","url":"https:\/\/denizcankizil.tr\/de\/","logo":{"@type":"ImageObject","inLanguage":"de","@id":"https:\/\/denizcankizil.tr\/de\/#\/schema\/logo\/image\/","url":"https:\/\/denizcankizil.tr\/wp-content\/uploads\/2024\/10\/siyah-logo-svg.svg","contentUrl":"https:\/\/denizcankizil.tr\/wp-content\/uploads\/2024\/10\/siyah-logo-svg.svg","width":1080,"height":1080,"caption":"Av. Deniz Can K\u0131z\u0131l"},"image":{"@id":"https:\/\/denizcankizil.tr\/de\/#\/schema\/logo\/image\/"}},{"@type":"Person","@id":"https:\/\/denizcankizil.tr\/de\/#\/schema\/person\/be3c05fe6a12686905512445d8185489","name":"Administrator","image":{"@type":"ImageObject","inLanguage":"de","@id":"https:\/\/denizcankizil.tr\/de\/#\/schema\/person\/image\/","url":"https:\/\/secure.gravatar.com\/avatar\/c1fce94c830dc79107e174f890d7210541c4a63e8e5d816341794a2151c9d58c?s=96&d=mm&r=g","contentUrl":"https:\/\/secure.gravatar.com\/avatar\/c1fce94c830dc79107e174f890d7210541c4a63e8e5d816341794a2151c9d58c?s=96&d=mm&r=g","caption":"admin"},"sameAs":["http:\/\/denizcankizil.tr"],"url":"https:\/\/www.iskenderun.org\/hskdaki-kritik-secimler-resmi-gazetede"}]}},"_links":{"self":[{"href":"https:\/\/denizcankizil.tr\/de\/wp-json\/wp\/v2\/posts\/121200","targetHints":{"allow":["GET"]}}],"collection":[{"href":"https:\/\/denizcankizil.tr\/de\/wp-json\/wp\/v2\/posts"}],"about":[{"href":"https:\/\/denizcankizil.tr\/de\/wp-json\/wp\/v2\/types\/post"}],"author":[{"embeddable":true,"href":"https:\/\/denizcankizil.tr\/de\/wp-json\/wp\/v2\/users\/1"}],"replies":[{"embeddable":true,"href":"https:\/\/denizcankizil.tr\/de\/wp-json\/wp\/v2\/comments?post=121200"}],"version-history":[{"count":0,"href":"https:\/\/denizcankizil.tr\/de\/wp-json\/wp\/v2\/posts\/121200\/revisions"}],"wp:attachment":[{"href":"https:\/\/denizcankizil.tr\/de\/wp-json\/wp\/v2\/media?parent=121200"}],"wp:term":[{"taxonomy":"category","embeddable":true,"href":"https:\/\/denizcankizil.tr\/de\/wp-json\/wp\/v2\/categories?post=121200"},{"taxonomy":"post_tag","embeddable":true,"href":"https:\/\/denizcankizil.tr\/de\/wp-json\/wp\/v2\/tags?post=121200"}],"curies":[{"name":"wp","href":"https:\/\/api.w.org\/{rel}","templated":true}]}}