{"id":121117,"date":"2025-06-20T11:41:53","date_gmt":"2025-06-20T08:41:53","guid":{"rendered":"https:\/\/denizcankizil.tr\/uncategorized-tr\/manavgatin-gelecegi-konusuldu\/"},"modified":"2025-06-20T11:41:53","modified_gmt":"2025-06-20T08:41:53","slug":"manavgatin-gelecegi-konusuldu","status":"publish","type":"post","link":"https:\/\/denizcankizil.tr\/de\/haberler\/antalya\/manavgatin-gelecegi-konusuldu\/","title":{"rendered":"Manavgat\u2019\u0131n gelece\u011fi konu\u015fuldu"},"content":{"rendered":"<p>Manavgat\u2019ta yerel y\u00f6netim, sivil toplum kurulu\u015flar\u0131, meslek odalar\u0131 ve akademisyenler 1. Manavgat Forumu\u2019nda ortak ak\u0131lla bulu\u015fmaya haz\u0131rlan\u0131yor. Konuyla ilgili a\u00e7\u0131klama yapan Manavgat Belediye Ba\u015fkan\u0131 Dr. Niyazi Nefi Kara forum \u00f6ncesi yap\u0131lan ilk toplant\u0131da fikir al\u0131\u015fveri\u015finde bulunduklar\u0131n\u0131 belirterek &#8220;Yerel ekonomiden tarihe, k\u00fclt\u00fcrden turizme kadar bir\u00e7ok ba\u015fl\u0131\u011f\u0131 ele alaca\u011f\u0131m\u0131z, sorunlara birlikte \u00e7\u00f6z\u00fcm arayaca\u011f\u0131m\u0131z, \u00f6zg\u00fcn bildirilere yer a\u00e7aca\u011f\u0131m\u0131z forumun haz\u0131rl\u0131klar\u0131na ba\u015flad\u0131k. Akdeniz \u00dcniversitesi Kumluca MYO \u00d6\u011fretim G\u00f6revlisi Dr. Caner Erdo\u011fan\u2019\u0131n koordinat\u00f6rl\u00fc\u011f\u00fcnde d\u00fczenlenen ilk toplant\u0131m\u0131za; oda ba\u015fkanlar\u0131m\u0131z, akademisyenler, temsilciler ve ara\u015ft\u0131rmac\u0131 gazeteciler kat\u0131ld\u0131. Bu ilk toplant\u0131da, &#8220;Manavgat\u2019\u0131n Gelece\u011fini Konu\u015fuyoruz&#8221; temas\u0131 \u00e7er\u00e7evesinde forumun genel perspektifini de\u011ferlendirdik; fikir ve \u00f6nerilerimizi payla\u015ft\u0131k. Katk\u0131 sunan t\u00fcm de\u011ferli kat\u0131l\u0131mc\u0131lara te\u015fekk\u00fcr ediyoruz&#8221; dedi.<\/p>\n<p>Kaynak: www.kanalv.com.tr Haber Sitesinden Al\u0131nm\u0131\u015ft\u0131r.<\/p>","protected":false},"excerpt":{"rendered":"<p>Manavgat\u2019ta yerel y\u00f6netim, sivil toplum kurulu\u015flar\u0131, meslek odalar\u0131 ve akademisyenler 1. Manavgat Forumu\u2019nda ortak ak\u0131lla bulu\u015fmaya haz\u0131rlan\u0131yor. Konuyla ilgili a\u00e7\u0131klama yapan Manavgat Belediye Ba\u015fkan\u0131 Dr. Niyazi Nefi Kara forum \u00f6ncesi yap\u0131lan ilk toplant\u0131da fikir al\u0131\u015fveri\u015finde bulunduklar\u0131n\u0131 belirterek &#8220;Yerel ekonomiden tarihe, k\u00fclt\u00fcrden turizme kadar bir\u00e7ok ba\u015fl\u0131\u011f\u0131 ele alaca\u011f\u0131m\u0131z, sorunlara birlikte \u00e7\u00f6z\u00fcm arayaca\u011f\u0131m\u0131z, \u00f6zg\u00fcn bildirilere yer a\u00e7aca\u011f\u0131m\u0131z forumun haz\u0131rl\u0131klar\u0131na ba\u015flad\u0131k. Akdeniz \u00dcniversitesi Kumluca MYO \u00d6\u011fretim G\u00f6revlisi Dr. Caner Erdo\u011fan\u2019\u0131n koordinat\u00f6rl\u00fc\u011f\u00fcnde d\u00fczenlenen ilk toplant\u0131m\u0131za; oda ba\u015fkanlar\u0131m\u0131z, akademisyenler, temsilciler ve ara\u015ft\u0131rmac\u0131 gazeteciler kat\u0131ld\u0131. Bu ilk toplant\u0131da, &#8220;Manavgat\u2019\u0131n Gelece\u011fini Konu\u015fuyoruz&#8221; temas\u0131 \u00e7er\u00e7evesinde forumun genel perspektifini de\u011ferlendirdik; fikir ve \u00f6nerilerimizi payla\u015ft\u0131k. Katk\u0131 sunan t\u00fcm de\u011ferli kat\u0131l\u0131mc\u0131lara te\u015fekk\u00fcr ediyoruz&#8221; dedi. Kaynak: www.kanalv.com.tr Haber Sitesinden Al\u0131nm\u0131\u015ft\u0131r.<\/p>","protected":false},"author":4,"featured_media":121118,"comment_status":"","ping_status":"open","sticky":false,"template":"","format":"standard","meta":{"_acf_changed":false,"footnotes":""},"categories":[26],"tags":[],"class_list":["post-121117","post","type-post","status-publish","format-standard","has-post-thumbnail","hentry","category-antalya"],"acf":[],"yoast_head":"<!-- This site is optimized with the Yoast SEO Premium plugin v26.6 (Yoast SEO v27.1.1) - https:\/\/yoast.com\/product\/yoast-seo-premium-wordpress\/ -->\n<title>Manavgat\u2019\u0131n gelece\u011fi konu\u015fuldu - Av. Deniz Can K\u0131z\u0131l<\/title>\n<meta name=\"robots\" content=\"index, follow, max-snippet:-1, max-image-preview:large, max-video-preview:-1\" \/>\n<link rel=\"canonical\" href=\"https:\/\/denizcankizil.tr\/de\/haberler\/antalya\/manavgatin-gelecegi-konusuldu\/\" \/>\n<meta property=\"og:locale\" content=\"de_DE\" \/>\n<meta property=\"og:type\" content=\"article\" \/>\n<meta property=\"og:title\" content=\"Manavgat\u2019\u0131n gelece\u011fi konu\u015fuldu\" \/>\n<meta property=\"og:description\" content=\"Manavgat\u2019ta yerel y\u00f6netim, sivil toplum kurulu\u015flar\u0131, meslek odalar\u0131 ve akademisyenler 1. Manavgat Forumu\u2019nda ortak ak\u0131lla bulu\u015fmaya haz\u0131rlan\u0131yor. Konuyla ilgili a\u00e7\u0131klama yapan Manavgat Belediye Ba\u015fkan\u0131 Dr. Niyazi Nefi Kara forum \u00f6ncesi yap\u0131lan ilk toplant\u0131da fikir al\u0131\u015fveri\u015finde bulunduklar\u0131n\u0131 belirterek &#8220;Yerel ekonomiden tarihe, k\u00fclt\u00fcrden turizme kadar bir\u00e7ok ba\u015fl\u0131\u011f\u0131 ele alaca\u011f\u0131m\u0131z, sorunlara birlikte \u00e7\u00f6z\u00fcm arayaca\u011f\u0131m\u0131z, \u00f6zg\u00fcn bildirilere yer a\u00e7aca\u011f\u0131m\u0131z forumun haz\u0131rl\u0131klar\u0131na ba\u015flad\u0131k. Akdeniz \u00dcniversitesi Kumluca MYO \u00d6\u011fretim G\u00f6revlisi Dr. Caner Erdo\u011fan\u2019\u0131n koordinat\u00f6rl\u00fc\u011f\u00fcnde d\u00fczenlenen ilk toplant\u0131m\u0131za; oda ba\u015fkanlar\u0131m\u0131z, akademisyenler, temsilciler ve ara\u015ft\u0131rmac\u0131 gazeteciler kat\u0131ld\u0131. Bu ilk toplant\u0131da, &#8220;Manavgat\u2019\u0131n Gelece\u011fini Konu\u015fuyoruz&#8221; temas\u0131 \u00e7er\u00e7evesinde forumun genel perspektifini de\u011ferlendirdik; fikir ve \u00f6nerilerimizi payla\u015ft\u0131k. Katk\u0131 sunan t\u00fcm de\u011ferli kat\u0131l\u0131mc\u0131lara te\u015fekk\u00fcr ediyoruz&#8221; dedi. Kaynak: www.kanalv.com.tr Haber Sitesinden Al\u0131nm\u0131\u015ft\u0131r.\" \/>\n<meta property=\"og:url\" content=\"https:\/\/denizcankizil.tr\/de\/haberler\/antalya\/manavgatin-gelecegi-konusuldu\/\" \/>\n<meta property=\"og:site_name\" content=\"Av. Deniz Can K\u0131z\u0131l\" \/>\n<meta property=\"article:published_time\" content=\"2025-06-20T08:41:53+00:00\" \/>\n<meta property=\"og:image\" content=\"https:\/\/denizcankizil.tr\/wp-content\/uploads\/2025\/06\/6967-01-jJMx9b.jpg\" \/>\n\t<meta property=\"og:image:width\" content=\"1280\" \/>\n\t<meta property=\"og:image:height\" content=\"720\" \/>\n\t<meta property=\"og:image:type\" content=\"image\/jpeg\" \/>\n<meta name=\"author\" content=\"Av. Deniz Can K\u0131z\u0131l\" \/>\n<meta name=\"twitter:card\" content=\"summary_large_image\" \/>\n<meta name=\"twitter:label1\" content=\"Verfasst von\" \/>\n\t<meta name=\"twitter:data1\" content=\"Av. Deniz Can K\u0131z\u0131l\" \/>\n\t<meta name=\"twitter:label2\" content=\"Gesch\u00e4tzte Lesezeit\" \/>\n\t<meta name=\"twitter:data2\" content=\"1\u00a0Minute\" \/>\n<script type=\"application\/ld+json\" class=\"yoast-schema-graph\">{\"@context\":\"https:\/\/schema.org\",\"@graph\":[{\"@type\":\"Article\",\"@id\":\"https:\/\/denizcankizil.tr\/de\/haberler\/antalya\/manavgatin-gelecegi-konusuldu\/#article\",\"isPartOf\":{\"@id\":\"https:\/\/denizcankizil.tr\/de\/haberler\/antalya\/manavgatin-gelecegi-konusuldu\/\"},\"author\":{\"name\":\"Av. Deniz Can K\u0131z\u0131l\",\"@id\":\"https:\/\/denizcankizil.tr\/#\/schema\/person\/5dc1b22991bd7ac833867c10afc9b0ff\"},\"headline\":\"Manavgat\u2019\u0131n gelece\u011fi konu\u015fuldu\",\"datePublished\":\"2025-06-20T08:41:53+00:00\",\"mainEntityOfPage\":{\"@id\":\"https:\/\/denizcankizil.tr\/de\/haberler\/antalya\/manavgatin-gelecegi-konusuldu\/\"},\"wordCount\":181,\"publisher\":{\"@id\":\"https:\/\/denizcankizil.tr\/#organization\"},\"image\":{\"@id\":\"https:\/\/denizcankizil.tr\/de\/haberler\/antalya\/manavgatin-gelecegi-konusuldu\/#primaryimage\"},\"thumbnailUrl\":\"https:\/\/denizcankizil.tr\/wp-content\/uploads\/2025\/06\/6967-01-jJMx9b.jpg\",\"articleSection\":[\"Antalya\"],\"inLanguage\":\"de\"},{\"@type\":\"WebPage\",\"@id\":\"https:\/\/denizcankizil.tr\/de\/haberler\/antalya\/manavgatin-gelecegi-konusuldu\/\",\"url\":\"https:\/\/denizcankizil.tr\/de\/haberler\/antalya\/manavgatin-gelecegi-konusuldu\/\",\"name\":\"Manavgat\u2019\u0131n gelece\u011fi konu\u015fuldu - Av. Deniz Can K\u0131z\u0131l\",\"isPartOf\":{\"@id\":\"https:\/\/denizcankizil.tr\/#website\"},\"primaryImageOfPage\":{\"@id\":\"https:\/\/denizcankizil.tr\/de\/haberler\/antalya\/manavgatin-gelecegi-konusuldu\/#primaryimage\"},\"image\":{\"@id\":\"https:\/\/denizcankizil.tr\/de\/haberler\/antalya\/manavgatin-gelecegi-konusuldu\/#primaryimage\"},\"thumbnailUrl\":\"https:\/\/denizcankizil.tr\/wp-content\/uploads\/2025\/06\/6967-01-jJMx9b.jpg\",\"datePublished\":\"2025-06-20T08:41:53+00:00\",\"breadcrumb\":{\"@id\":\"https:\/\/denizcankizil.tr\/de\/haberler\/antalya\/manavgatin-gelecegi-konusuldu\/#breadcrumb\"},\"inLanguage\":\"de\",\"potentialAction\":[{\"@type\":\"ReadAction\",\"target\":[\"https:\/\/denizcankizil.tr\/de\/haberler\/antalya\/manavgatin-gelecegi-konusuldu\/\"]}]},{\"@type\":\"ImageObject\",\"inLanguage\":\"de\",\"@id\":\"https:\/\/denizcankizil.tr\/de\/haberler\/antalya\/manavgatin-gelecegi-konusuldu\/#primaryimage\",\"url\":\"https:\/\/denizcankizil.tr\/wp-content\/uploads\/2025\/06\/6967-01-jJMx9b.jpg\",\"contentUrl\":\"https:\/\/denizcankizil.tr\/wp-content\/uploads\/2025\/06\/6967-01-jJMx9b.jpg\",\"width\":1280,\"height\":720},{\"@type\":\"BreadcrumbList\",\"@id\":\"https:\/\/denizcankizil.tr\/de\/haberler\/antalya\/manavgatin-gelecegi-konusuldu\/#breadcrumb\",\"itemListElement\":[{\"@type\":\"ListItem\",\"position\":1,\"name\":\"Home\",\"item\":\"https:\/\/denizcankizil.tr\/uk\/\"},{\"@type\":\"ListItem\",\"position\":2,\"name\":\"Manavgat\u2019\u0131n gelece\u011fi konu\u015fuldu\"}]},{\"@type\":\"WebSite\",\"@id\":\"https:\/\/denizcankizil.tr\/#website\",\"url\":\"https:\/\/denizcankizil.tr\/\",\"name\":\"Av. Deniz Can K\u0131z\u0131l\",\"description\":\"Avukat Deniz Can K\u0131z\u0131l Antalya Barosu\",\"publisher\":{\"@id\":\"https:\/\/denizcankizil.tr\/#organization\"},\"potentialAction\":[{\"@type\":\"SearchAction\",\"target\":{\"@type\":\"EntryPoint\",\"urlTemplate\":\"https:\/\/denizcankizil.tr\/?s={search_term_string}\"},\"query-input\":{\"@type\":\"PropertyValueSpecification\",\"valueRequired\":true,\"valueName\":\"search_term_string\"}}],\"inLanguage\":\"de\"},{\"@type\":\"Organization\",\"@id\":\"https:\/\/denizcankizil.tr\/#organization\",\"name\":\"Av. Deniz Can K\u0131z\u0131l\",\"url\":\"https:\/\/denizcankizil.tr\/\",\"logo\":{\"@type\":\"ImageObject\",\"inLanguage\":\"de\",\"@id\":\"https:\/\/denizcankizil.tr\/#\/schema\/logo\/image\/\",\"url\":\"https:\/\/denizcankizil.tr\/wp-content\/uploads\/2024\/10\/siyah-logo-svg.svg\",\"contentUrl\":\"https:\/\/denizcankizil.tr\/wp-content\/uploads\/2024\/10\/siyah-logo-svg.svg\",\"width\":1080,\"height\":1080,\"caption\":\"Av. Deniz Can K\u0131z\u0131l\"},\"image\":{\"@id\":\"https:\/\/denizcankizil.tr\/#\/schema\/logo\/image\/\"}},{\"@type\":\"Person\",\"@id\":\"https:\/\/denizcankizil.tr\/#\/schema\/person\/5dc1b22991bd7ac833867c10afc9b0ff\",\"name\":\"Av. Deniz Can K\u0131z\u0131l\",\"image\":{\"@type\":\"ImageObject\",\"inLanguage\":\"de\",\"@id\":\"https:\/\/denizcankizil.tr\/#\/schema\/person\/image\/\",\"url\":\"https:\/\/secure.gravatar.com\/avatar\/a0b128fb9855c79efc976d5640eedb31dc35ec297594d6016d2cf7c60e975bb6?s=96&d=mm&r=g\",\"contentUrl\":\"https:\/\/secure.gravatar.com\/avatar\/a0b128fb9855c79efc976d5640eedb31dc35ec297594d6016d2cf7c60e975bb6?s=96&d=mm&r=g\",\"caption\":\"Av. Deniz Can K\u0131z\u0131l\"},\"sameAs\":[\"http:\/\/www.denizcankizil.tr\"],\"url\":\"https:\/\/denizcankizil.tr\/de\/author\/denizcankizil\/\"}]}<\/script>\n<!-- \/ Yoast SEO Premium plugin. -->","yoast_head_json":{"title":"Manavgat\u2019\u0131n gelece\u011fi konu\u015fuldu - Av. Deniz Can K\u0131z\u0131l","robots":{"index":"index","follow":"follow","max-snippet":"max-snippet:-1","max-image-preview":"max-image-preview:large","max-video-preview":"max-video-preview:-1"},"canonical":"https:\/\/denizcankizil.tr\/de\/haberler\/antalya\/manavgatin-gelecegi-konusuldu\/","og_locale":"de_DE","og_type":"article","og_title":"Manavgat\u2019\u0131n gelece\u011fi konu\u015fuldu","og_description":"Manavgat\u2019ta yerel y\u00f6netim, sivil toplum kurulu\u015flar\u0131, meslek odalar\u0131 ve akademisyenler 1. Manavgat Forumu\u2019nda ortak ak\u0131lla bulu\u015fmaya haz\u0131rlan\u0131yor. Konuyla ilgili a\u00e7\u0131klama yapan Manavgat Belediye Ba\u015fkan\u0131 Dr. Niyazi Nefi Kara forum \u00f6ncesi yap\u0131lan ilk toplant\u0131da fikir al\u0131\u015fveri\u015finde bulunduklar\u0131n\u0131 belirterek &#8220;Yerel ekonomiden tarihe, k\u00fclt\u00fcrden turizme kadar bir\u00e7ok ba\u015fl\u0131\u011f\u0131 ele alaca\u011f\u0131m\u0131z, sorunlara birlikte \u00e7\u00f6z\u00fcm arayaca\u011f\u0131m\u0131z, \u00f6zg\u00fcn bildirilere yer a\u00e7aca\u011f\u0131m\u0131z forumun haz\u0131rl\u0131klar\u0131na ba\u015flad\u0131k. Akdeniz \u00dcniversitesi Kumluca MYO \u00d6\u011fretim G\u00f6revlisi Dr. Caner Erdo\u011fan\u2019\u0131n koordinat\u00f6rl\u00fc\u011f\u00fcnde d\u00fczenlenen ilk toplant\u0131m\u0131za; oda ba\u015fkanlar\u0131m\u0131z, akademisyenler, temsilciler ve ara\u015ft\u0131rmac\u0131 gazeteciler kat\u0131ld\u0131. Bu ilk toplant\u0131da, &#8220;Manavgat\u2019\u0131n Gelece\u011fini Konu\u015fuyoruz&#8221; temas\u0131 \u00e7er\u00e7evesinde forumun genel perspektifini de\u011ferlendirdik; fikir ve \u00f6nerilerimizi payla\u015ft\u0131k. Katk\u0131 sunan t\u00fcm de\u011ferli kat\u0131l\u0131mc\u0131lara te\u015fekk\u00fcr ediyoruz&#8221; dedi. Kaynak: www.kanalv.com.tr Haber Sitesinden Al\u0131nm\u0131\u015ft\u0131r.","og_url":"https:\/\/denizcankizil.tr\/de\/haberler\/antalya\/manavgatin-gelecegi-konusuldu\/","og_site_name":"Av. Deniz Can K\u0131z\u0131l","article_published_time":"2025-06-20T08:41:53+00:00","og_image":[{"width":1280,"height":720,"url":"https:\/\/denizcankizil.tr\/wp-content\/uploads\/2025\/06\/6967-01-jJMx9b.jpg","type":"image\/jpeg"}],"author":"Av. Deniz Can K\u0131z\u0131l","twitter_card":"summary_large_image","twitter_misc":{"Verfasst von":"Av. Deniz Can K\u0131z\u0131l","Gesch\u00e4tzte Lesezeit":"1\u00a0Minute"},"schema":{"@context":"https:\/\/schema.org","@graph":[{"@type":"Article","@id":"https:\/\/denizcankizil.tr\/de\/haberler\/antalya\/manavgatin-gelecegi-konusuldu\/#article","isPartOf":{"@id":"https:\/\/denizcankizil.tr\/de\/haberler\/antalya\/manavgatin-gelecegi-konusuldu\/"},"author":{"name":"Av. Deniz Can K\u0131z\u0131l","@id":"https:\/\/denizcankizil.tr\/#\/schema\/person\/5dc1b22991bd7ac833867c10afc9b0ff"},"headline":"Manavgat\u2019\u0131n gelece\u011fi konu\u015fuldu","datePublished":"2025-06-20T08:41:53+00:00","mainEntityOfPage":{"@id":"https:\/\/denizcankizil.tr\/de\/haberler\/antalya\/manavgatin-gelecegi-konusuldu\/"},"wordCount":181,"publisher":{"@id":"https:\/\/denizcankizil.tr\/#organization"},"image":{"@id":"https:\/\/denizcankizil.tr\/de\/haberler\/antalya\/manavgatin-gelecegi-konusuldu\/#primaryimage"},"thumbnailUrl":"https:\/\/denizcankizil.tr\/wp-content\/uploads\/2025\/06\/6967-01-jJMx9b.jpg","articleSection":["Antalya"],"inLanguage":"de"},{"@type":"WebPage","@id":"https:\/\/denizcankizil.tr\/de\/haberler\/antalya\/manavgatin-gelecegi-konusuldu\/","url":"https:\/\/denizcankizil.tr\/de\/haberler\/antalya\/manavgatin-gelecegi-konusuldu\/","name":"Manavgat\u2019\u0131n gelece\u011fi konu\u015fuldu - Av. Deniz Can K\u0131z\u0131l","isPartOf":{"@id":"https:\/\/denizcankizil.tr\/#website"},"primaryImageOfPage":{"@id":"https:\/\/denizcankizil.tr\/de\/haberler\/antalya\/manavgatin-gelecegi-konusuldu\/#primaryimage"},"image":{"@id":"https:\/\/denizcankizil.tr\/de\/haberler\/antalya\/manavgatin-gelecegi-konusuldu\/#primaryimage"},"thumbnailUrl":"https:\/\/denizcankizil.tr\/wp-content\/uploads\/2025\/06\/6967-01-jJMx9b.jpg","datePublished":"2025-06-20T08:41:53+00:00","breadcrumb":{"@id":"https:\/\/denizcankizil.tr\/de\/haberler\/antalya\/manavgatin-gelecegi-konusuldu\/#breadcrumb"},"inLanguage":"de","potentialAction":[{"@type":"ReadAction","target":["https:\/\/denizcankizil.tr\/de\/haberler\/antalya\/manavgatin-gelecegi-konusuldu\/"]}]},{"@type":"ImageObject","inLanguage":"de","@id":"https:\/\/denizcankizil.tr\/de\/haberler\/antalya\/manavgatin-gelecegi-konusuldu\/#primaryimage","url":"https:\/\/denizcankizil.tr\/wp-content\/uploads\/2025\/06\/6967-01-jJMx9b.jpg","contentUrl":"https:\/\/denizcankizil.tr\/wp-content\/uploads\/2025\/06\/6967-01-jJMx9b.jpg","width":1280,"height":720},{"@type":"BreadcrumbList","@id":"https:\/\/denizcankizil.tr\/de\/haberler\/antalya\/manavgatin-gelecegi-konusuldu\/#breadcrumb","itemListElement":[{"@type":"ListItem","position":1,"name":"Home","item":"https:\/\/denizcankizil.tr\/uk\/"},{"@type":"ListItem","position":2,"name":"Manavgat\u2019\u0131n gelece\u011fi konu\u015fuldu"}]},{"@type":"WebSite","@id":"https:\/\/denizcankizil.tr\/#website","url":"https:\/\/denizcankizil.tr\/","name":"Av. Deniz Can K\u0131z\u0131l","description":"Avukat Deniz Can K\u0131z\u0131l Antalya Barosu","publisher":{"@id":"https:\/\/denizcankizil.tr\/#organization"},"potentialAction":[{"@type":"SearchAction","target":{"@type":"EntryPoint","urlTemplate":"https:\/\/denizcankizil.tr\/?s={search_term_string}"},"query-input":{"@type":"PropertyValueSpecification","valueRequired":true,"valueName":"search_term_string"}}],"inLanguage":"de"},{"@type":"Organization","@id":"https:\/\/denizcankizil.tr\/#organization","name":"Av. Deniz Can K\u0131z\u0131l","url":"https:\/\/denizcankizil.tr\/","logo":{"@type":"ImageObject","inLanguage":"de","@id":"https:\/\/denizcankizil.tr\/#\/schema\/logo\/image\/","url":"https:\/\/denizcankizil.tr\/wp-content\/uploads\/2024\/10\/siyah-logo-svg.svg","contentUrl":"https:\/\/denizcankizil.tr\/wp-content\/uploads\/2024\/10\/siyah-logo-svg.svg","width":1080,"height":1080,"caption":"Av. Deniz Can K\u0131z\u0131l"},"image":{"@id":"https:\/\/denizcankizil.tr\/#\/schema\/logo\/image\/"}},{"@type":"Person","@id":"https:\/\/denizcankizil.tr\/#\/schema\/person\/5dc1b22991bd7ac833867c10afc9b0ff","name":"Av. Deniz Can K\u0131z\u0131l","image":{"@type":"ImageObject","inLanguage":"de","@id":"https:\/\/denizcankizil.tr\/#\/schema\/person\/image\/","url":"https:\/\/secure.gravatar.com\/avatar\/a0b128fb9855c79efc976d5640eedb31dc35ec297594d6016d2cf7c60e975bb6?s=96&d=mm&r=g","contentUrl":"https:\/\/secure.gravatar.com\/avatar\/a0b128fb9855c79efc976d5640eedb31dc35ec297594d6016d2cf7c60e975bb6?s=96&d=mm&r=g","caption":"Av. Deniz Can K\u0131z\u0131l"},"sameAs":["http:\/\/www.denizcankizil.tr"],"url":"https:\/\/denizcankizil.tr\/de\/author\/denizcankizil\/"}]}},"_links":{"self":[{"href":"https:\/\/denizcankizil.tr\/de\/wp-json\/wp\/v2\/posts\/121117","targetHints":{"allow":["GET"]}}],"collection":[{"href":"https:\/\/denizcankizil.tr\/de\/wp-json\/wp\/v2\/posts"}],"about":[{"href":"https:\/\/denizcankizil.tr\/de\/wp-json\/wp\/v2\/types\/post"}],"author":[{"embeddable":true,"href":"https:\/\/denizcankizil.tr\/de\/wp-json\/wp\/v2\/users\/4"}],"replies":[{"embeddable":true,"href":"https:\/\/denizcankizil.tr\/de\/wp-json\/wp\/v2\/comments?post=121117"}],"version-history":[{"count":0,"href":"https:\/\/denizcankizil.tr\/de\/wp-json\/wp\/v2\/posts\/121117\/revisions"}],"wp:featuredmedia":[{"embeddable":true,"href":"https:\/\/denizcankizil.tr\/de\/wp-json\/wp\/v2\/media\/121118"}],"wp:attachment":[{"href":"https:\/\/denizcankizil.tr\/de\/wp-json\/wp\/v2\/media?parent=121117"}],"wp:term":[{"taxonomy":"category","embeddable":true,"href":"https:\/\/denizcankizil.tr\/de\/wp-json\/wp\/v2\/categories?post=121117"},{"taxonomy":"post_tag","embeddable":true,"href":"https:\/\/denizcankizil.tr\/de\/wp-json\/wp\/v2\/tags?post=121117"}],"curies":[{"name":"wp","href":"https:\/\/api.w.org\/{rel}","templated":true}]}}