{"id":120665,"date":"2025-06-19T23:18:00","date_gmt":"2025-06-19T20:18:00","guid":{"rendered":"https:\/\/denizcankizil.tr\/uncategorized-tr\/avukat-mehmet-pehlivan-suc-orgutune-uye-olma-iddiasiyla-tutuklandi\/"},"modified":"2025-06-19T23:18:00","modified_gmt":"2025-06-19T20:18:00","slug":"avukat-mehmet-pehlivan-suc-orgutune-uye-olma-iddiasiyla-tutuklandi","status":"publish","type":"post","link":"https:\/\/denizcankizil.tr\/de\/hukukihaber\/avukat-mehmet-pehlivan-suc-orgutune-uye-olma-iddiasiyla-tutuklandi\/","title":{"rendered":"Avukat Mehmet Pehlivan &#8216;su\u00e7 \u00f6rg\u00fct\u00fcne \u00fcye olma&#8217; iddias\u0131yla tutukland\u0131"},"content":{"rendered":"<p>\u0130stanbul B\u00fcy\u00fck\u015fehir Belediye Ba\u015fkan\u0131, CHP&#8217;nin cumhurba\u015fkan\u0131 aday\u0131 Ekrem \u0130mamo\u011flu&#8217;nun avukat\u0131 Mehmet Pehlivan ifadeye \u00e7a\u011fr\u0131ld\u0131. Pehlivan, \u0130stanbul Cumhuriyet Ba\u015fsavc\u0131l\u0131\u011f\u0131 taraf\u0131ndan ifade vermek \u00fczere adliyeye gitti. Pehlivan i\u00e7in g\u00f6zalt\u0131 uygulanmad\u0131. Pehlivan mart ay\u0131nda g\u00f6zalt\u0131na al\u0131nm\u0131\u015f ve adli kontrol \u015fart\u0131yla serbest b\u0131rak\u0131lm\u0131\u015ft\u0131.<\/p>\n<p>&#8216;KUVVETL\u0130 SU\u00c7 \u015e\u00dcPHES\u0130 BULUNDU\u011eU&#8217;<\/p>\n<p>Pehlivan&#8217;\u0131n tutuklamaya sevk yaz\u0131s\u0131 da ortaya \u00e7\u0131kt\u0131. Sevk yaz\u0131s\u0131nda, \u015f\u00fcphelinin \u00f6rg\u00fct kapsam\u0131nda hareket etti\u011fi, 19.03.2025 tarihi \u00f6ncesinde hakk\u0131nda soru\u015fturma y\u00fcr\u00fct\u00fclen \u015f\u00fcphelilerin g\u00f6zalt\u0131 ve sonraki s\u00fcre\u00e7lerinde soru\u015fturma s\u00fcrecini takip edecek avukatlar\u0131n kim olaca\u011f\u0131 hususunda planlama yapt\u0131\u011f\u0131, bu \u015fekilde dosyada ifadesi al\u0131nan ki\u015filerin ifadelerine ula\u015fmay\u0131 ama\u00e7lad\u0131\u011f\u0131, halihaz\u0131rda dosya kapsam\u0131nda tutuklu bulunan \u015f\u00fcphelilerin avukatlar\u0131n\u0131 \u00f6rg\u00fct faaliyetleri kapsam\u0131nda organize etti\u011fi belirtildi. Sevk yaz\u0131s\u0131nda, Pehlivan&#8217;\u0131n dosya kapsam\u0131nda ifade vermek isteyen tutuklu \u015f\u00fcphelilere bask\u0131 yapt\u0131\u011f\u0131 ve kontrol\u00fcndeki avukatlar\u0131 \u015f\u00fcphelilerin bulunduklar\u0131 cezaevlerine y\u00f6nlendirdi\u011fi, \u015f\u00fcphelilerle g\u00f6r\u00fc\u015fen bu avukatlar\u0131n \u015fah\u0131slar\u0131n konu\u015fmamalar\u0131 y\u00f6n\u00fcnde telkin ve bask\u0131larda bulunduklar\u0131, \u00f6rg\u00fct\u00fcn \u00e7\u00f6z\u00fclmemesine y\u00f6nelik eylemlerde bulundu\u011fu dikkate al\u0131nd\u0131\u011f\u0131nda; \u015f\u00fcphelinin su\u00e7 \u00f6rg\u00fct\u00fc i\u00e7erisinde \u00f6nemli bir konumda bulundu\u011fu, \u00f6rg\u00fct\u00fcn da\u011f\u0131lmamas\u0131 ve \u00e7\u00f6z\u00fclmemesi maksad\u0131yla hareket etti\u011fi, bu nedenle su\u00e7 \u00f6rg\u00fct\u00fcn\u00fcn hiyerar\u015fik yap\u0131s\u0131na dahil oldu\u011fu hususunda somut delillere dayal\u0131 kuvvetli su\u00e7 \u015f\u00fcphesi bulundu\u011fu, \u015f\u00fcphelinin delilleri karartma, d\u0131\u015far\u0131da bulunan \u015f\u00fcphelilere ve tan\u0131klara bask\u0131 yapaca\u011f\u0131 hususunda kuvvetli \u015f\u00fcphe sebeplerinin bulundu\u011funun dikkate al\u0131nd\u0131\u011f\u0131na da yer verildi.<\/p>\n<p>TUTUKLANDI<\/p>\n<p>Ekrem \u0130mamo\u011flu&#8217;nun avukat\u0131 Mehmet Pehlivan \u00e7\u0131kar\u0131ld\u0131\u011f\u0131 mahkemece tutuklanarak cezaevine g\u00f6nderildi. Mehmet Pehlivan\u2019\u0131n, \u201csu\u00e7 \u00f6rg\u00fct\u00fcne \u00fcye olma\u201d iddias\u0131yla tutuklanmas\u0131 istenmi\u015fti.<\/p>\n<p>Av. Mehmet Pehlivan tutuklama karar\u0131n\u0131n ard\u0131ndan sosyal medya hesab\u0131ndan bir payla\u015f\u0131m yapt\u0131. Pehlivan payla\u015f\u0131mda \u015fu ifadeleri kulland\u0131:<\/p>\n<p>\u201cSu\u00e7 \u00f6rg\u00fct\u00fcne \u00fcye olmak\u201d iftiras\u0131yla tutukland\u0131m. Oysa benim \u00fcye oldu\u011fum tek \u00f6rg\u00fct, T\u00fcrkiye Barolar Birli\u011fi ve \u0130stanbul Barosu\u2019dur. Yani bu \u00fclkenin onurlu savunma gelene\u011fidir. Ne bir su\u00e7 yap\u0131s\u0131n\u0131n, ne bir kumpas senaryosunun par\u00e7as\u0131 oldum. Olmam.<\/p>\n<p>Bu a\u00e7\u0131k bir yarg\u0131 kumpas\u0131d\u0131r. Tek nedeni de herkesin bildi\u011fi \u00fczere Ekrem \u0130mamo\u011flu\u2019nun avukatl\u0131\u011f\u0131n\u0131 yapmamd\u0131r. Ama\u00e7lar\u0131 korkutmak, susturmak, yaln\u0131zla\u015ft\u0131rmakt\u0131r. Bo\u015funa u\u011fra\u015f\u0131yorlar. \u00c7\u00fcnk\u00fc biz avukatlar teslim olmay\u0131z.<\/p>\n<p>\u0130mamo\u011flu\u2019na avukatl\u0131k yapmay\u0131 su\u00e7 sayan bu \u00e7arp\u0131k zihniyete sesleniyorum: E\u011fer bu g\u00f6revi \u201cate\u015ften g\u00f6mlek\u201d ilan ediyorsan\u0131z, bilin ki biz o g\u00f6mle\u011fi \u00e7oktan giydik, yanmay\u0131z. Ben giderim, yerime y\u00fczlercesi gelir. \u00c7\u00fcnk\u00fc biz hakl\u0131n\u0131n yan\u0131nday\u0131z. \u00c7\u00fcnk\u00fc biz e\u011filmeyiz, susmay\u0131z, vazge\u00e7meyiz.<\/p>\n<p>\u00c7\u00fcnk\u00fc bizim avukatl\u0131k prati\u011fimiz boyun e\u011fmez.&#8221;<\/p>\n<p>\u0130FADES\u0130 ORTAYA \u00c7IKTI<\/p>\n<p>Pehlivan&#8217;\u0131n N\u00f6bet\u00e7i Sulh Ceza Hakimli\u011fi&#8217;nde yapt\u0131\u011f\u0131 savunmas\u0131 ortaya \u00e7\u0131kt\u0131.<\/p>\n<p>Savunmas\u0131nda, &#8220;Hi\u00e7 ger\u00e7ekle\u015ftirmedi\u011fim bir telefon g\u00f6r\u00fc\u015fmesi \u00fczerinden \u2018tehditvari&#8217; konu\u015ftu\u011fum y\u00f6n\u00fcnde bir iftira ile kar\u015f\u0131 kar\u015f\u0131yay\u0131m&#8221; ifadelerini kullanan Pehlivan, &#8220;Adem Soytekin&#8217;in hakk\u0131mdaki iddialar\u0131 t\u00fcm\u00fcyle ger\u00e7ek d\u0131\u015f\u0131d\u0131r. S\u00f6zde 2 ayr\u0131 toplant\u0131, biri hukuk b\u00fcrosunda, di\u011feri \u0130mamo\u011flu&#8217;nun evinde yapt\u0131\u011f\u0131m iddia etmi\u015f. Bu toplant\u0131lardan birinin amac\u0131 olarak da s\u00f6z konusu soru\u015fturma kapsam\u0131nda kendisine avukatl\u0131k yapacak hukuk b\u00fcrosunu benim ayarlad\u0131\u011f\u0131m\u0131 ileri s\u00fcrm\u00fc\u015f. Bu iddia ak\u0131l ve mant\u0131k d\u0131\u015f\u0131d\u0131r. Hukuk B\u00fcrosu bildi\u011fim kadar\u0131yla zaten Adem Soytekin&#8217;in 10 y\u0131l\u0131 a\u015fk\u0131n s\u00fcredir avukatl\u0131\u011f\u0131n\u0131 yapmaktad\u0131r. Var olan bir hukuki ili\u015fkiyi benim kurmu\u015f olmam fiilen ve mant\u0131ken imkans\u0131z\u0131d\u0131r. Soytekin, 19 Mart&#8217;tan \u00f6nce ger\u00e7ekle\u015ftirdi\u011fini iddia etti\u011fi hayal \u00fcr\u00fcn\u00fc toplant\u0131da, onunla konu\u015ftuktan sonra Ali Nuho\u011flu hakk\u0131nda tedbir karar\u0131 verildi\u011fini s\u00f6yledi\u011fimi ileri s\u00fcrm\u00fc\u015ft\u00fcr. Oysa, Nuho\u011flu hakk\u0131nda tedbir karar\u0131 19 Mart&#8217;tan sonra verildi\u011fi bas\u0131na yans\u0131m\u0131\u015ft\u0131r&#8221; dedi.<\/p>\n<p>\u201cAVUKATLI\u011eI SAVCILIK MAKAMINDAN \u00d6\u011eRENMEYECE\u011e\u0130M\u201d<\/p>\n<p>Pehlivan \u015fu ifadeleri kulland\u0131:<\/p>\n<p>\u201cBu tablo kar\u015f\u0131s\u0131nda kendim i\u00e7in bir ayr\u0131cal\u0131k ya da merhamet de\u011fil, sadece ve sadece hukukun uygulanmas\u0131n\u0131 talep ediyorum. Hukuk herkes i\u00e7in bir anlam ta\u015f\u0131r, hukuk herkes i\u00e7in varsa bir anlam ta\u015f\u0131r, e\u011fer bug\u00fcn burada hukukun ilkeleri i\u015fletilecekse bunun sonucu zaten bellidir. Hukuk ad\u0131na bu tutukluluk talebinin reddedilece\u011fidir. Savc\u0131l\u0131k sevk yaz\u0131s\u0131nda avukatl\u0131\u011f\u0131 nas\u0131l yapaca\u011f\u0131m \u00f6\u011fretilmektedir, avukatl\u0131\u011f\u0131 nas\u0131l yapaca\u011f\u0131m\u0131 savc\u0131l\u0131k makam\u0131ndan \u00f6\u011frenmeyece\u011fim.\u201d<\/p>\n<p>&#8220;AVUKATLIK YAPMI\u015eTIR&#8221;<\/p>\n<p>\u0130stanbul Barosu, Avukat Mehmet Pehlivan&#8217;\u0131n tutuklanmas\u0131na tepki g\u00f6sterdi. Barodan yap\u0131lan a\u00e7\u0131klamada \u015fu ifadeler yer ald\u0131; <\/p>\n<p>&#8220;Av. Mehmet Pehlivan avukatt\u0131r, avukatl\u0131k yapm\u0131\u015ft\u0131r, \u0130stanbul Barosu \u00fcyesidir!<\/p>\n<p>Meslekta\u015f\u0131m\u0131z Av. Mehmet Pehlivan hakk\u0131nda \u0130stanbul 9. Sulh Ceza H\u00e2kimli\u011fi taraf\u0131ndan verilen tutuklama karar\u0131, avukatl\u0131k mesle\u011finin temel faaliyetlerinin su\u00e7 say\u0131lmas\u0131 ve ki\u015fi \u00f6zg\u00fcrl\u00fc\u011f\u00fc ilkesinin a\u00e7\u0131k\u00e7a ortadan kald\u0131r\u0131lmas\u0131 anlam\u0131na gelmektedir.<\/p>\n<p>Anayasa\u2019n\u0131n 19. Maddesinde yer alan ki\u015fi h\u00fcrriyeti ve g\u00fcvenli\u011fi hakk\u0131na y\u00f6nelik bu haks\u0131z m\u00fcdahale, temel hak ve \u00f6zg\u00fcrl\u00fcklerin s\u0131n\u0131rland\u0131r\u0131lmas\u0131na ili\u015fkin \u00f6l\u00e7\u00fctlerin belirlendi\u011fi Anayasa&#8217;n\u0131n 13. Maddesinde yer alan \u00f6l\u00e7\u00fcl\u00fcl\u00fck ve hakk\u0131n \u00f6z\u00fcne dokunma yasa\u011f\u0131n\u0131n ihlalidir.<\/p>\n<p>Meslekta\u015f\u0131m\u0131z hakk\u0131ndaki tutuklama karar\u0131, yaln\u0131zca avukatl\u0131k faaliyetlerine dayand\u0131r\u0131lm\u0131\u015f; bu y\u00f6n\u00fcyle, mesle\u011fimizin temeli kriminalize edilmi\u015ftir!<\/p>\n<p>Tutuklama ko\u015fullar\u0131 asla var olmad\u0131\u011f\u0131 halde a\u00e7\u0131k\u00e7a meslekta\u015f\u0131m\u0131z\u0131n mesle\u011fi ve m\u00fcvekkilleri tutuklama sebebi yap\u0131lm\u0131\u015f, ki\u015fi \u00f6zg\u00fcrl\u00fc\u011f\u00fcn\u00fc koruyan anayasal z\u0131rh delinmi\u015ftir!<\/p>\n<p>Meslekta\u015f\u0131m\u0131z\u0131n ki\u015fi \u00f6zg\u00fcrl\u00fc\u011f\u00fcn\u00fcn bu \u015fekilde ortadan kald\u0131r\u0131lmas\u0131, yaln\u0131zca bireysel de\u011fil; avukatlar i\u00e7in kurumsal ve kamusal bir ihlaldir. \u0130stanbul Barosu olarak, meslekta\u015f\u0131m\u0131z\u0131n mesleki faaliyetleri nedeniyle \u00f6zg\u00fcrl\u00fc\u011f\u00fcnden yoksun b\u0131rak\u0131lmas\u0131n\u0131 kabul etmiyor; bu a\u011f\u0131r adaletsizli\u011fin derhal sona erdirilmesini ve meslekta\u015f\u0131m\u0131z\u0131n serbest b\u0131rak\u0131lmas\u0131n\u0131 talep ediyoruz. S\u00fcrecin takip\u00e7isi olaca\u011f\u0131m\u0131z\u0131 kamuoyuna sayg\u0131yla bildiririz.<\/p>\n<p>Tekraren bildiririz ki; Av. Mehmet Pehlivan avukatt\u0131r, avukatl\u0131k yapm\u0131\u015ft\u0131r, \u0130stanbul Barosu \u00fcyesidir!&#8221;<\/p>\n<p>\u200bMarmara Cezaevi&#8217;nde tutuklu bulunan Ekrem \u0130mamo\u011flu&#8217;nun avukat\u0131 Mehmet Pehlivan,  \u201csu\u00e7 \u00f6rg\u00fct\u00fcne \u00fcye olma\u201d iddias\u0131yla \u00e7\u0131kar\u0131ld\u0131\u011f\u0131 Sulh Ceza H\u00e2kimli\u011fi taraf\u0131ndan tutukland\u0131.\u00a0Hukuki Haber<\/p>","protected":false},"excerpt":{"rendered":"<p>\u0130stanbul B\u00fcy\u00fck\u015fehir Belediye Ba\u015fkan\u0131, CHP&#8217;nin cumhurba\u015fkan\u0131 aday\u0131 Ekrem \u0130mamo\u011flu&#8217;nun avukat\u0131 Mehmet Pehlivan ifadeye \u00e7a\u011fr\u0131ld\u0131. Pehlivan, \u0130stanbul Cumhuriyet Ba\u015fsavc\u0131l\u0131\u011f\u0131 taraf\u0131ndan ifade vermek \u00fczere adliyeye gitti. Pehlivan i\u00e7in g\u00f6zalt\u0131 uygulanmad\u0131. Pehlivan mart ay\u0131nda g\u00f6zalt\u0131na al\u0131nm\u0131\u015f ve adli kontrol \u015fart\u0131yla serbest b\u0131rak\u0131lm\u0131\u015ft\u0131. &#8216;KUVVETL\u0130 SU\u00c7 \u015e\u00dcPHES\u0130 BULUNDU\u011eU&#8217; Pehlivan&#8217;\u0131n tutuklamaya sevk yaz\u0131s\u0131 da ortaya \u00e7\u0131kt\u0131. Sevk yaz\u0131s\u0131nda, \u015f\u00fcphelinin \u00f6rg\u00fct kapsam\u0131nda hareket etti\u011fi, 19.03.2025 tarihi \u00f6ncesinde hakk\u0131nda soru\u015fturma y\u00fcr\u00fct\u00fclen \u015f\u00fcphelilerin g\u00f6zalt\u0131 ve sonraki s\u00fcre\u00e7lerinde soru\u015fturma s\u00fcrecini takip edecek avukatlar\u0131n kim olaca\u011f\u0131 hususunda planlama yapt\u0131\u011f\u0131, bu \u015fekilde dosyada ifadesi al\u0131nan ki\u015filerin ifadelerine ula\u015fmay\u0131 ama\u00e7lad\u0131\u011f\u0131, halihaz\u0131rda dosya kapsam\u0131nda tutuklu bulunan \u015f\u00fcphelilerin avukatlar\u0131n\u0131 \u00f6rg\u00fct faaliyetleri kapsam\u0131nda organize etti\u011fi belirtildi. Sevk yaz\u0131s\u0131nda, Pehlivan&#8217;\u0131n dosya kapsam\u0131nda ifade vermek isteyen tutuklu \u015f\u00fcphelilere bask\u0131 yapt\u0131\u011f\u0131 ve kontrol\u00fcndeki avukatlar\u0131 \u015f\u00fcphelilerin bulunduklar\u0131 cezaevlerine y\u00f6nlendirdi\u011fi, \u015f\u00fcphelilerle g\u00f6r\u00fc\u015fen bu avukatlar\u0131n \u015fah\u0131slar\u0131n konu\u015fmamalar\u0131 y\u00f6n\u00fcnde telkin ve bask\u0131larda bulunduklar\u0131, \u00f6rg\u00fct\u00fcn \u00e7\u00f6z\u00fclmemesine y\u00f6nelik eylemlerde bulundu\u011fu dikkate al\u0131nd\u0131\u011f\u0131nda; \u015f\u00fcphelinin su\u00e7 \u00f6rg\u00fct\u00fc i\u00e7erisinde \u00f6nemli bir konumda bulundu\u011fu, \u00f6rg\u00fct\u00fcn da\u011f\u0131lmamas\u0131 ve \u00e7\u00f6z\u00fclmemesi maksad\u0131yla hareket etti\u011fi, bu nedenle su\u00e7 \u00f6rg\u00fct\u00fcn\u00fcn hiyerar\u015fik yap\u0131s\u0131na dahil oldu\u011fu hususunda somut delillere dayal\u0131 kuvvetli su\u00e7 \u015f\u00fcphesi bulundu\u011fu, \u015f\u00fcphelinin delilleri karartma, d\u0131\u015far\u0131da bulunan \u015f\u00fcphelilere ve tan\u0131klara bask\u0131 yapaca\u011f\u0131 hususunda kuvvetli \u015f\u00fcphe sebeplerinin bulundu\u011funun dikkate al\u0131nd\u0131\u011f\u0131na da yer verildi. TUTUKLANDI Ekrem \u0130mamo\u011flu&#8217;nun avukat\u0131 Mehmet Pehlivan \u00e7\u0131kar\u0131ld\u0131\u011f\u0131 mahkemece tutuklanarak cezaevine g\u00f6nderildi. Mehmet &hellip;<\/p>","protected":false},"author":3,"featured_media":0,"comment_status":"","ping_status":"open","sticky":false,"template":"","format":"standard","meta":{"_acf_changed":false,"footnotes":""},"categories":[27],"tags":[],"class_list":["post-120665","post","type-post","status-publish","format-standard","has-post-thumbnail","hentry","category-hukukihaber"],"acf":[],"yoast_head":"<!-- This site is optimized with the Yoast SEO Premium plugin v26.6 (Yoast SEO v27.1.1) - https:\/\/yoast.com\/product\/yoast-seo-premium-wordpress\/ -->\n<title>Avukat Mehmet Pehlivan &#039;su\u00e7 \u00f6rg\u00fct\u00fcne \u00fcye olma&#039; iddias\u0131yla tutukland\u0131 - Av. Deniz Can K\u0131z\u0131l<\/title>\n<meta name=\"robots\" content=\"index, follow, max-snippet:-1, max-image-preview:large, max-video-preview:-1\" \/>\n<link rel=\"canonical\" href=\"https:\/\/denizcankizil.tr\/de\/hukukihaber\/avukat-mehmet-pehlivan-suc-orgutune-uye-olma-iddiasiyla-tutuklandi\/\" \/>\n<meta property=\"og:locale\" content=\"de_DE\" \/>\n<meta property=\"og:type\" content=\"article\" \/>\n<meta property=\"og:title\" content=\"Avukat Mehmet Pehlivan &#039;su\u00e7 \u00f6rg\u00fct\u00fcne \u00fcye olma&#039; iddias\u0131yla tutukland\u0131\" \/>\n<meta property=\"og:description\" content=\"\u0130stanbul B\u00fcy\u00fck\u015fehir Belediye Ba\u015fkan\u0131, CHP&#8217;nin cumhurba\u015fkan\u0131 aday\u0131 Ekrem \u0130mamo\u011flu&#8217;nun avukat\u0131 Mehmet Pehlivan ifadeye \u00e7a\u011fr\u0131ld\u0131. Pehlivan, \u0130stanbul Cumhuriyet Ba\u015fsavc\u0131l\u0131\u011f\u0131 taraf\u0131ndan ifade vermek \u00fczere adliyeye gitti. Pehlivan i\u00e7in g\u00f6zalt\u0131 uygulanmad\u0131. Pehlivan mart ay\u0131nda g\u00f6zalt\u0131na al\u0131nm\u0131\u015f ve adli kontrol \u015fart\u0131yla serbest b\u0131rak\u0131lm\u0131\u015ft\u0131. &#8216;KUVVETL\u0130 SU\u00c7 \u015e\u00dcPHES\u0130 BULUNDU\u011eU&#8217; Pehlivan&#8217;\u0131n tutuklamaya sevk yaz\u0131s\u0131 da ortaya \u00e7\u0131kt\u0131. Sevk yaz\u0131s\u0131nda, \u015f\u00fcphelinin \u00f6rg\u00fct kapsam\u0131nda hareket etti\u011fi, 19.03.2025 tarihi \u00f6ncesinde hakk\u0131nda soru\u015fturma y\u00fcr\u00fct\u00fclen \u015f\u00fcphelilerin g\u00f6zalt\u0131 ve sonraki s\u00fcre\u00e7lerinde soru\u015fturma s\u00fcrecini takip edecek avukatlar\u0131n kim olaca\u011f\u0131 hususunda planlama yapt\u0131\u011f\u0131, bu \u015fekilde dosyada ifadesi al\u0131nan ki\u015filerin ifadelerine ula\u015fmay\u0131 ama\u00e7lad\u0131\u011f\u0131, halihaz\u0131rda dosya kapsam\u0131nda tutuklu bulunan \u015f\u00fcphelilerin avukatlar\u0131n\u0131 \u00f6rg\u00fct faaliyetleri kapsam\u0131nda organize etti\u011fi belirtildi. Sevk yaz\u0131s\u0131nda, Pehlivan&#8217;\u0131n dosya kapsam\u0131nda ifade vermek isteyen tutuklu \u015f\u00fcphelilere bask\u0131 yapt\u0131\u011f\u0131 ve kontrol\u00fcndeki avukatlar\u0131 \u015f\u00fcphelilerin bulunduklar\u0131 cezaevlerine y\u00f6nlendirdi\u011fi, \u015f\u00fcphelilerle g\u00f6r\u00fc\u015fen bu avukatlar\u0131n \u015fah\u0131slar\u0131n konu\u015fmamalar\u0131 y\u00f6n\u00fcnde telkin ve bask\u0131larda bulunduklar\u0131, \u00f6rg\u00fct\u00fcn \u00e7\u00f6z\u00fclmemesine y\u00f6nelik eylemlerde bulundu\u011fu dikkate al\u0131nd\u0131\u011f\u0131nda; \u015f\u00fcphelinin su\u00e7 \u00f6rg\u00fct\u00fc i\u00e7erisinde \u00f6nemli bir konumda bulundu\u011fu, \u00f6rg\u00fct\u00fcn da\u011f\u0131lmamas\u0131 ve \u00e7\u00f6z\u00fclmemesi maksad\u0131yla hareket etti\u011fi, bu nedenle su\u00e7 \u00f6rg\u00fct\u00fcn\u00fcn hiyerar\u015fik yap\u0131s\u0131na dahil oldu\u011fu hususunda somut delillere dayal\u0131 kuvvetli su\u00e7 \u015f\u00fcphesi bulundu\u011fu, \u015f\u00fcphelinin delilleri karartma, d\u0131\u015far\u0131da bulunan \u015f\u00fcphelilere ve tan\u0131klara bask\u0131 yapaca\u011f\u0131 hususunda kuvvetli \u015f\u00fcphe sebeplerinin bulundu\u011funun dikkate al\u0131nd\u0131\u011f\u0131na da yer verildi. TUTUKLANDI Ekrem \u0130mamo\u011flu&#8217;nun avukat\u0131 Mehmet Pehlivan \u00e7\u0131kar\u0131ld\u0131\u011f\u0131 mahkemece tutuklanarak cezaevine g\u00f6nderildi. Mehmet &hellip;\" \/>\n<meta property=\"og:url\" content=\"https:\/\/denizcankizil.tr\/de\/hukukihaber\/avukat-mehmet-pehlivan-suc-orgutune-uye-olma-iddiasiyla-tutuklandi\/\" \/>\n<meta property=\"og:site_name\" content=\"Av. Deniz Can K\u0131z\u0131l\" \/>\n<meta property=\"article:published_time\" content=\"2025-06-19T20:18:00+00:00\" \/>\n<meta name=\"author\" content=\"Hukuki Haber.net\" \/>\n<meta name=\"twitter:card\" content=\"summary_large_image\" \/>\n<meta name=\"twitter:label1\" content=\"Verfasst von\" \/>\n\t<meta name=\"twitter:data1\" content=\"Hukuki Haber.net\" \/>\n\t<meta name=\"twitter:label2\" content=\"Gesch\u00e4tzte Lesezeit\" \/>\n\t<meta name=\"twitter:data2\" content=\"6\u00a0Minuten\" \/>\n<script type=\"application\/ld+json\" class=\"yoast-schema-graph\">{\"@context\":\"https:\/\/schema.org\",\"@graph\":[{\"@type\":\"Article\",\"@id\":\"https:\/\/denizcankizil.tr\/de\/hukukihaber\/avukat-mehmet-pehlivan-suc-orgutune-uye-olma-iddiasiyla-tutuklandi\/#article\",\"isPartOf\":{\"@id\":\"https:\/\/denizcankizil.tr\/de\/hukukihaber\/avukat-mehmet-pehlivan-suc-orgutune-uye-olma-iddiasiyla-tutuklandi\/\"},\"author\":{\"name\":\"Hukuki Haber.net\",\"@id\":\"https:\/\/denizcankizil.tr\/de\/#\/schema\/person\/001a271de994a0aa3f90eea084424822\"},\"headline\":\"Avukat Mehmet Pehlivan &#8216;su\u00e7 \u00f6rg\u00fct\u00fcne \u00fcye olma&#8217; iddias\u0131yla tutukland\u0131\",\"datePublished\":\"2025-06-19T20:18:00+00:00\",\"mainEntityOfPage\":{\"@id\":\"https:\/\/denizcankizil.tr\/de\/hukukihaber\/avukat-mehmet-pehlivan-suc-orgutune-uye-olma-iddiasiyla-tutuklandi\/\"},\"wordCount\":1145,\"publisher\":{\"@id\":\"https:\/\/denizcankizil.tr\/de\/#organization\"},\"articleSection\":[\"Hukuki Haberler\"],\"inLanguage\":\"de\"},{\"@type\":\"WebPage\",\"@id\":\"https:\/\/denizcankizil.tr\/de\/hukukihaber\/avukat-mehmet-pehlivan-suc-orgutune-uye-olma-iddiasiyla-tutuklandi\/\",\"url\":\"https:\/\/denizcankizil.tr\/de\/hukukihaber\/avukat-mehmet-pehlivan-suc-orgutune-uye-olma-iddiasiyla-tutuklandi\/\",\"name\":\"Avukat Mehmet Pehlivan 'su\u00e7 \u00f6rg\u00fct\u00fcne \u00fcye olma' iddias\u0131yla tutukland\u0131 - Av. Deniz Can K\u0131z\u0131l\",\"isPartOf\":{\"@id\":\"https:\/\/denizcankizil.tr\/de\/#website\"},\"datePublished\":\"2025-06-19T20:18:00+00:00\",\"breadcrumb\":{\"@id\":\"https:\/\/denizcankizil.tr\/de\/hukukihaber\/avukat-mehmet-pehlivan-suc-orgutune-uye-olma-iddiasiyla-tutuklandi\/#breadcrumb\"},\"inLanguage\":\"de\",\"potentialAction\":[{\"@type\":\"ReadAction\",\"target\":[\"https:\/\/denizcankizil.tr\/de\/hukukihaber\/avukat-mehmet-pehlivan-suc-orgutune-uye-olma-iddiasiyla-tutuklandi\/\"]}]},{\"@type\":\"BreadcrumbList\",\"@id\":\"https:\/\/denizcankizil.tr\/de\/hukukihaber\/avukat-mehmet-pehlivan-suc-orgutune-uye-olma-iddiasiyla-tutuklandi\/#breadcrumb\",\"itemListElement\":[{\"@type\":\"ListItem\",\"position\":1,\"name\":\"Home\",\"item\":\"https:\/\/denizcankizil.tr\/de\/\"},{\"@type\":\"ListItem\",\"position\":2,\"name\":\"Avukat Mehmet Pehlivan &#8216;su\u00e7 \u00f6rg\u00fct\u00fcne \u00fcye olma&#8217; iddias\u0131yla tutukland\u0131\"}]},{\"@type\":\"WebSite\",\"@id\":\"https:\/\/denizcankizil.tr\/de\/#website\",\"url\":\"https:\/\/denizcankizil.tr\/de\/\",\"name\":\"Av. Deniz Can K\u0131z\u0131l\",\"description\":\"Avukat Deniz Can K\u0131z\u0131l Antalya Barosu\",\"publisher\":{\"@id\":\"https:\/\/denizcankizil.tr\/de\/#organization\"},\"potentialAction\":[{\"@type\":\"SearchAction\",\"target\":{\"@type\":\"EntryPoint\",\"urlTemplate\":\"https:\/\/denizcankizil.tr\/de\/?s={search_term_string}\"},\"query-input\":{\"@type\":\"PropertyValueSpecification\",\"valueRequired\":true,\"valueName\":\"search_term_string\"}}],\"inLanguage\":\"de\"},{\"@type\":\"Organization\",\"@id\":\"https:\/\/denizcankizil.tr\/de\/#organization\",\"name\":\"Av. Deniz Can K\u0131z\u0131l\",\"url\":\"https:\/\/denizcankizil.tr\/de\/\",\"logo\":{\"@type\":\"ImageObject\",\"inLanguage\":\"de\",\"@id\":\"https:\/\/denizcankizil.tr\/de\/#\/schema\/logo\/image\/\",\"url\":\"https:\/\/denizcankizil.tr\/wp-content\/uploads\/2024\/10\/siyah-logo-svg.svg\",\"contentUrl\":\"https:\/\/denizcankizil.tr\/wp-content\/uploads\/2024\/10\/siyah-logo-svg.svg\",\"width\":1080,\"height\":1080,\"caption\":\"Av. Deniz Can K\u0131z\u0131l\"},\"image\":{\"@id\":\"https:\/\/denizcankizil.tr\/de\/#\/schema\/logo\/image\/\"}},{\"@type\":\"Person\",\"@id\":\"https:\/\/denizcankizil.tr\/de\/#\/schema\/person\/001a271de994a0aa3f90eea084424822\",\"name\":\"Hukuki Haber.net\",\"image\":{\"@type\":\"ImageObject\",\"inLanguage\":\"de\",\"@id\":\"https:\/\/denizcankizil.tr\/de\/#\/schema\/person\/image\/\",\"url\":\"https:\/\/secure.gravatar.com\/avatar\/57d8a49151495586611a149d29fc42865b951dc053a84709a3172ccb5abf3118?s=96&d=mm&r=g\",\"contentUrl\":\"https:\/\/secure.gravatar.com\/avatar\/57d8a49151495586611a149d29fc42865b951dc053a84709a3172ccb5abf3118?s=96&d=mm&r=g\",\"caption\":\"Hukuki Haber.net\"},\"sameAs\":[\"http:\/\/www.hukukihaber.net\"],\"url\":\"https:\/\/www.hukukihaber.net\/avukat-mehmet-pehlivan-suc-orgutune-uye-olma-iddiasiyla-tutuklandi\"}]}<\/script>\n<!-- \/ Yoast SEO Premium plugin. -->","yoast_head_json":{"title":"Avukat Mehmet Pehlivan 'su\u00e7 \u00f6rg\u00fct\u00fcne \u00fcye olma' iddias\u0131yla tutukland\u0131 - Av. Deniz Can K\u0131z\u0131l","robots":{"index":"index","follow":"follow","max-snippet":"max-snippet:-1","max-image-preview":"max-image-preview:large","max-video-preview":"max-video-preview:-1"},"canonical":"https:\/\/denizcankizil.tr\/de\/hukukihaber\/avukat-mehmet-pehlivan-suc-orgutune-uye-olma-iddiasiyla-tutuklandi\/","og_locale":"de_DE","og_type":"article","og_title":"Avukat Mehmet Pehlivan 'su\u00e7 \u00f6rg\u00fct\u00fcne \u00fcye olma' iddias\u0131yla tutukland\u0131","og_description":"\u0130stanbul B\u00fcy\u00fck\u015fehir Belediye Ba\u015fkan\u0131, CHP&#8217;nin cumhurba\u015fkan\u0131 aday\u0131 Ekrem \u0130mamo\u011flu&#8217;nun avukat\u0131 Mehmet Pehlivan ifadeye \u00e7a\u011fr\u0131ld\u0131. Pehlivan, \u0130stanbul Cumhuriyet Ba\u015fsavc\u0131l\u0131\u011f\u0131 taraf\u0131ndan ifade vermek \u00fczere adliyeye gitti. Pehlivan i\u00e7in g\u00f6zalt\u0131 uygulanmad\u0131. Pehlivan mart ay\u0131nda g\u00f6zalt\u0131na al\u0131nm\u0131\u015f ve adli kontrol \u015fart\u0131yla serbest b\u0131rak\u0131lm\u0131\u015ft\u0131. &#8216;KUVVETL\u0130 SU\u00c7 \u015e\u00dcPHES\u0130 BULUNDU\u011eU&#8217; Pehlivan&#8217;\u0131n tutuklamaya sevk yaz\u0131s\u0131 da ortaya \u00e7\u0131kt\u0131. Sevk yaz\u0131s\u0131nda, \u015f\u00fcphelinin \u00f6rg\u00fct kapsam\u0131nda hareket etti\u011fi, 19.03.2025 tarihi \u00f6ncesinde hakk\u0131nda soru\u015fturma y\u00fcr\u00fct\u00fclen \u015f\u00fcphelilerin g\u00f6zalt\u0131 ve sonraki s\u00fcre\u00e7lerinde soru\u015fturma s\u00fcrecini takip edecek avukatlar\u0131n kim olaca\u011f\u0131 hususunda planlama yapt\u0131\u011f\u0131, bu \u015fekilde dosyada ifadesi al\u0131nan ki\u015filerin ifadelerine ula\u015fmay\u0131 ama\u00e7lad\u0131\u011f\u0131, halihaz\u0131rda dosya kapsam\u0131nda tutuklu bulunan \u015f\u00fcphelilerin avukatlar\u0131n\u0131 \u00f6rg\u00fct faaliyetleri kapsam\u0131nda organize etti\u011fi belirtildi. Sevk yaz\u0131s\u0131nda, Pehlivan&#8217;\u0131n dosya kapsam\u0131nda ifade vermek isteyen tutuklu \u015f\u00fcphelilere bask\u0131 yapt\u0131\u011f\u0131 ve kontrol\u00fcndeki avukatlar\u0131 \u015f\u00fcphelilerin bulunduklar\u0131 cezaevlerine y\u00f6nlendirdi\u011fi, \u015f\u00fcphelilerle g\u00f6r\u00fc\u015fen bu avukatlar\u0131n \u015fah\u0131slar\u0131n konu\u015fmamalar\u0131 y\u00f6n\u00fcnde telkin ve bask\u0131larda bulunduklar\u0131, \u00f6rg\u00fct\u00fcn \u00e7\u00f6z\u00fclmemesine y\u00f6nelik eylemlerde bulundu\u011fu dikkate al\u0131nd\u0131\u011f\u0131nda; \u015f\u00fcphelinin su\u00e7 \u00f6rg\u00fct\u00fc i\u00e7erisinde \u00f6nemli bir konumda bulundu\u011fu, \u00f6rg\u00fct\u00fcn da\u011f\u0131lmamas\u0131 ve \u00e7\u00f6z\u00fclmemesi maksad\u0131yla hareket etti\u011fi, bu nedenle su\u00e7 \u00f6rg\u00fct\u00fcn\u00fcn hiyerar\u015fik yap\u0131s\u0131na dahil oldu\u011fu hususunda somut delillere dayal\u0131 kuvvetli su\u00e7 \u015f\u00fcphesi bulundu\u011fu, \u015f\u00fcphelinin delilleri karartma, d\u0131\u015far\u0131da bulunan \u015f\u00fcphelilere ve tan\u0131klara bask\u0131 yapaca\u011f\u0131 hususunda kuvvetli \u015f\u00fcphe sebeplerinin bulundu\u011funun dikkate al\u0131nd\u0131\u011f\u0131na da yer verildi. TUTUKLANDI Ekrem \u0130mamo\u011flu&#8217;nun avukat\u0131 Mehmet Pehlivan \u00e7\u0131kar\u0131ld\u0131\u011f\u0131 mahkemece tutuklanarak cezaevine g\u00f6nderildi. Mehmet &hellip;","og_url":"https:\/\/denizcankizil.tr\/de\/hukukihaber\/avukat-mehmet-pehlivan-suc-orgutune-uye-olma-iddiasiyla-tutuklandi\/","og_site_name":"Av. Deniz Can K\u0131z\u0131l","article_published_time":"2025-06-19T20:18:00+00:00","author":"Hukuki Haber.net","twitter_card":"summary_large_image","twitter_misc":{"Verfasst von":"Hukuki Haber.net","Gesch\u00e4tzte Lesezeit":"6\u00a0Minuten"},"schema":{"@context":"https:\/\/schema.org","@graph":[{"@type":"Article","@id":"https:\/\/denizcankizil.tr\/de\/hukukihaber\/avukat-mehmet-pehlivan-suc-orgutune-uye-olma-iddiasiyla-tutuklandi\/#article","isPartOf":{"@id":"https:\/\/denizcankizil.tr\/de\/hukukihaber\/avukat-mehmet-pehlivan-suc-orgutune-uye-olma-iddiasiyla-tutuklandi\/"},"author":{"name":"Hukuki Haber.net","@id":"https:\/\/denizcankizil.tr\/de\/#\/schema\/person\/001a271de994a0aa3f90eea084424822"},"headline":"Avukat Mehmet Pehlivan &#8216;su\u00e7 \u00f6rg\u00fct\u00fcne \u00fcye olma&#8217; iddias\u0131yla tutukland\u0131","datePublished":"2025-06-19T20:18:00+00:00","mainEntityOfPage":{"@id":"https:\/\/denizcankizil.tr\/de\/hukukihaber\/avukat-mehmet-pehlivan-suc-orgutune-uye-olma-iddiasiyla-tutuklandi\/"},"wordCount":1145,"publisher":{"@id":"https:\/\/denizcankizil.tr\/de\/#organization"},"articleSection":["Hukuki Haberler"],"inLanguage":"de"},{"@type":"WebPage","@id":"https:\/\/denizcankizil.tr\/de\/hukukihaber\/avukat-mehmet-pehlivan-suc-orgutune-uye-olma-iddiasiyla-tutuklandi\/","url":"https:\/\/denizcankizil.tr\/de\/hukukihaber\/avukat-mehmet-pehlivan-suc-orgutune-uye-olma-iddiasiyla-tutuklandi\/","name":"Avukat Mehmet Pehlivan 'su\u00e7 \u00f6rg\u00fct\u00fcne \u00fcye olma' iddias\u0131yla tutukland\u0131 - Av. Deniz Can K\u0131z\u0131l","isPartOf":{"@id":"https:\/\/denizcankizil.tr\/de\/#website"},"datePublished":"2025-06-19T20:18:00+00:00","breadcrumb":{"@id":"https:\/\/denizcankizil.tr\/de\/hukukihaber\/avukat-mehmet-pehlivan-suc-orgutune-uye-olma-iddiasiyla-tutuklandi\/#breadcrumb"},"inLanguage":"de","potentialAction":[{"@type":"ReadAction","target":["https:\/\/denizcankizil.tr\/de\/hukukihaber\/avukat-mehmet-pehlivan-suc-orgutune-uye-olma-iddiasiyla-tutuklandi\/"]}]},{"@type":"BreadcrumbList","@id":"https:\/\/denizcankizil.tr\/de\/hukukihaber\/avukat-mehmet-pehlivan-suc-orgutune-uye-olma-iddiasiyla-tutuklandi\/#breadcrumb","itemListElement":[{"@type":"ListItem","position":1,"name":"Home","item":"https:\/\/denizcankizil.tr\/de\/"},{"@type":"ListItem","position":2,"name":"Avukat Mehmet Pehlivan &#8216;su\u00e7 \u00f6rg\u00fct\u00fcne \u00fcye olma&#8217; iddias\u0131yla tutukland\u0131"}]},{"@type":"WebSite","@id":"https:\/\/denizcankizil.tr\/de\/#website","url":"https:\/\/denizcankizil.tr\/de\/","name":"Av. Deniz Can K\u0131z\u0131l","description":"Avukat Deniz Can K\u0131z\u0131l Antalya Barosu","publisher":{"@id":"https:\/\/denizcankizil.tr\/de\/#organization"},"potentialAction":[{"@type":"SearchAction","target":{"@type":"EntryPoint","urlTemplate":"https:\/\/denizcankizil.tr\/de\/?s={search_term_string}"},"query-input":{"@type":"PropertyValueSpecification","valueRequired":true,"valueName":"search_term_string"}}],"inLanguage":"de"},{"@type":"Organization","@id":"https:\/\/denizcankizil.tr\/de\/#organization","name":"Av. Deniz Can K\u0131z\u0131l","url":"https:\/\/denizcankizil.tr\/de\/","logo":{"@type":"ImageObject","inLanguage":"de","@id":"https:\/\/denizcankizil.tr\/de\/#\/schema\/logo\/image\/","url":"https:\/\/denizcankizil.tr\/wp-content\/uploads\/2024\/10\/siyah-logo-svg.svg","contentUrl":"https:\/\/denizcankizil.tr\/wp-content\/uploads\/2024\/10\/siyah-logo-svg.svg","width":1080,"height":1080,"caption":"Av. Deniz Can K\u0131z\u0131l"},"image":{"@id":"https:\/\/denizcankizil.tr\/de\/#\/schema\/logo\/image\/"}},{"@type":"Person","@id":"https:\/\/denizcankizil.tr\/de\/#\/schema\/person\/001a271de994a0aa3f90eea084424822","name":"Hukuki Haber.net","image":{"@type":"ImageObject","inLanguage":"de","@id":"https:\/\/denizcankizil.tr\/de\/#\/schema\/person\/image\/","url":"https:\/\/secure.gravatar.com\/avatar\/57d8a49151495586611a149d29fc42865b951dc053a84709a3172ccb5abf3118?s=96&d=mm&r=g","contentUrl":"https:\/\/secure.gravatar.com\/avatar\/57d8a49151495586611a149d29fc42865b951dc053a84709a3172ccb5abf3118?s=96&d=mm&r=g","caption":"Hukuki Haber.net"},"sameAs":["http:\/\/www.hukukihaber.net"],"url":"https:\/\/www.hukukihaber.net\/avukat-mehmet-pehlivan-suc-orgutune-uye-olma-iddiasiyla-tutuklandi"}]}},"_links":{"self":[{"href":"https:\/\/denizcankizil.tr\/de\/wp-json\/wp\/v2\/posts\/120665","targetHints":{"allow":["GET"]}}],"collection":[{"href":"https:\/\/denizcankizil.tr\/de\/wp-json\/wp\/v2\/posts"}],"about":[{"href":"https:\/\/denizcankizil.tr\/de\/wp-json\/wp\/v2\/types\/post"}],"author":[{"embeddable":true,"href":"https:\/\/denizcankizil.tr\/de\/wp-json\/wp\/v2\/users\/3"}],"replies":[{"embeddable":true,"href":"https:\/\/denizcankizil.tr\/de\/wp-json\/wp\/v2\/comments?post=120665"}],"version-history":[{"count":0,"href":"https:\/\/denizcankizil.tr\/de\/wp-json\/wp\/v2\/posts\/120665\/revisions"}],"wp:attachment":[{"href":"https:\/\/denizcankizil.tr\/de\/wp-json\/wp\/v2\/media?parent=120665"}],"wp:term":[{"taxonomy":"category","embeddable":true,"href":"https:\/\/denizcankizil.tr\/de\/wp-json\/wp\/v2\/categories?post=120665"},{"taxonomy":"post_tag","embeddable":true,"href":"https:\/\/denizcankizil.tr\/de\/wp-json\/wp\/v2\/tags?post=120665"}],"curies":[{"name":"wp","href":"https:\/\/api.w.org\/{rel}","templated":true}]}}