{"id":120197,"date":"2025-06-19T12:41:24","date_gmt":"2025-06-19T09:41:24","guid":{"rendered":"https:\/\/denizcankizil.tr\/uncategorized-tr\/yaz-aylarinda-artis-gosteren-kene-tehlikesi\/"},"modified":"2025-06-19T12:41:24","modified_gmt":"2025-06-19T09:41:24","slug":"yaz-aylarinda-artis-gosteren-kene-tehlikesi","status":"publish","type":"post","link":"https:\/\/denizcankizil.tr\/de\/haberler\/antalya\/yaz-aylarinda-artis-gosteren-kene-tehlikesi\/","title":{"rendered":"Yaz aylar\u0131nda art\u0131\u015f g\u00f6steren \u2018kene\u2019 tehlikesi"},"content":{"rendered":"<p>Antalya Veteriner Hekimleri Odas\u0131 Y\u00f6netim Kurulu Ba\u015fkan\u0131 Murat Karabayo\u011flu, yaz mevsiminin gelmesiyle d\u0131\u015f parazit vakalar\u0131nda art\u0131\u015f ya\u015fand\u0131\u011f\u0131n\u0131 s\u00f6yledi. Karabayo\u011flu, \u00f6zellikle kenelere kar\u015f\u0131 hayvan sahiplerinin dikkatli olmas\u0131 gerekti\u011fini vurgulad\u0131. Karabayo\u011flu, kene ile ta\u015f\u0131nan hastal\u0131klar\u0131n ciddi sonu\u00e7lar do\u011furabilece\u011fine dikkati \u00e7ekerek, d\u00fczenli d\u0131\u015f parazit uygulamas\u0131n\u0131n \u00f6nemini anlatt\u0131.<\/p>\n<p>AYDA B\u0130R KORUMA \u015eART<\/p>\n<p>Kenelerin g\u00f6r\u00fclme s\u00fcrecinin ilkbaharla ba\u015flad\u0131\u011f\u0131n\u0131 belirten Karabayo\u011flu, \u00f6zellikle yaz aylar\u0131nda tehlikenin artt\u0131\u011f\u0131n\u0131 s\u00f6yledi. Karabayo\u011flu, &#8220;T\u00fcm d\u0131\u015f parazitler risk ta\u015f\u0131r ancak keneler do\u011frudan kanla temas kurduklar\u0131 i\u00e7in hastal\u0131k bula\u015ft\u0131rma oran\u0131 \u00e7ok y\u00fcksektir. Bu nedenle ayda bir kez damla ya da tablet \u015feklinde d\u0131\u015f parazit uygulamas\u0131 yap\u0131lmal\u0131. \u00d6zellikle ye\u015fillik alanlarda ya\u015fayan k\u00f6pekler i\u00e7in parazit tasmas\u0131 da ek koruma sa\u011flar&#8221; dedi.<\/p>\n<p>KENEYE PENSE \u0130LE M\u00dcDAHALE<\/p>\n<p>Kenenin hayvana yap\u0131\u015ft\u0131\u011f\u0131 fark edildi\u011finde h\u0131zl\u0131 m\u00fcdahalenin \u015fart oldu\u011funu s\u00f6yleyen Karabayo\u011flu, &#8220;Kene ne kadar uzun s\u00fcre v\u00fccutta kal\u0131rsa, hastal\u0131k bula\u015ft\u0131rma riski o kadar artar. Kene g\u00f6r\u00fcld\u00fc\u011f\u00fcnde bir pense yard\u0131m\u0131yla ya da t\u0131rna\u011f\u0131n ucu ile deriye yap\u0131\u015ft\u0131\u011f\u0131 yerden tutularak yava\u015f\u00e7a \u00e7\u0131kar\u0131lmal\u0131 ve ard\u0131ndan mutlaka bir veteriner klini\u011fine ba\u015fvurulmal\u0131&#8221; diye konu\u015ftu.<\/p>\n<p>&#8216;PARK VE BAH\u00c7ELER\u0130N \u0130LA\u00c7LANMASI LAZIM&#8217;<\/p>\n<p>Kenelerin insanlar i\u00e7in de tehlike arz etti\u011fini belirten Karabayo\u011flu, &#8220;Keneler, K\u0131r\u0131m Kongo Kanamal\u0131 Ate\u015fi gibi ciddi hastal\u0131klar\u0131n ta\u015f\u0131y\u0131c\u0131s\u0131d\u0131r. Bu durum hayati risk olu\u015fturabilir. Bu y\u00fczden erken \u00f6nlem almak \u00e7ok \u00f6nemli. Park ve bah\u00e7elerin \u00f6nceden ila\u00e7lanmas\u0131 gerekir. Ekosistemdeki canl\u0131lar aras\u0131nda da denge vard\u0131r. \u00d6rne\u011fin kar\u0131ncalar, kenelerin yumurtalar\u0131n\u0131 yok ederek \u00e7o\u011falmalar\u0131n\u0131 engeller. Kar\u0131ncalar\u0131n yok edilmesi kenelerin artmas\u0131na yol a\u00e7abiliyor. Hayvan sahiplerinin de kene konusunda dikkatli olmas\u0131 \u015fart. Ta\u015f\u0131d\u0131\u011f\u0131 hastal\u0131klar ile birlikte hayati tehlike ta\u015f\u0131yor&#8221; dedi.<\/p>\n<p>KORUNMAK TEDAV\u0130DEN DAHA KOLAY<\/p>\n<p>Hayvan sahiplerinin yaz aylar\u0131nda koruyucu uygulamalar\u0131 ihmal etmemesi gerekti\u011fini vurgulayan Karabayo\u011flu, &#8220;Hastal\u0131klardan korunmak, hastaland\u0131ktan sonra tedavi etmekten \u00e7ok daha kolay. Bu nedenle d\u0131\u015f parazit ila\u00e7lamalar\u0131n\u0131 d\u00fczenli yapt\u0131rmak, tasma kullanmak ve ya\u015fam alanlar\u0131n\u0131 g\u00f6zlemlemek b\u00fcy\u00fck \u00f6nem ta\u015f\u0131yor&#8221; diye konu\u015ftu.<\/p>\n<p>Kaynak: www.kanalv.com.tr Haber Sitesinden Al\u0131nm\u0131\u015ft\u0131r.<\/p>","protected":false},"excerpt":{"rendered":"<p>Antalya Veteriner Hekimleri Odas\u0131 Y\u00f6netim Kurulu Ba\u015fkan\u0131 Murat Karabayo\u011flu, yaz mevsiminin gelmesiyle d\u0131\u015f parazit vakalar\u0131nda art\u0131\u015f ya\u015fand\u0131\u011f\u0131n\u0131 s\u00f6yledi. Karabayo\u011flu, \u00f6zellikle kenelere kar\u015f\u0131 hayvan sahiplerinin dikkatli olmas\u0131 gerekti\u011fini vurgulad\u0131. Karabayo\u011flu, kene ile ta\u015f\u0131nan hastal\u0131klar\u0131n ciddi sonu\u00e7lar do\u011furabilece\u011fine dikkati \u00e7ekerek, d\u00fczenli d\u0131\u015f parazit uygulamas\u0131n\u0131n \u00f6nemini anlatt\u0131. AYDA B\u0130R KORUMA \u015eART Kenelerin g\u00f6r\u00fclme s\u00fcrecinin ilkbaharla ba\u015flad\u0131\u011f\u0131n\u0131 belirten Karabayo\u011flu, \u00f6zellikle yaz aylar\u0131nda tehlikenin artt\u0131\u011f\u0131n\u0131 s\u00f6yledi. Karabayo\u011flu, &#8220;T\u00fcm d\u0131\u015f parazitler risk ta\u015f\u0131r ancak keneler do\u011frudan kanla temas kurduklar\u0131 i\u00e7in hastal\u0131k bula\u015ft\u0131rma oran\u0131 \u00e7ok y\u00fcksektir. Bu nedenle ayda bir kez damla ya da tablet \u015feklinde d\u0131\u015f parazit uygulamas\u0131 yap\u0131lmal\u0131. \u00d6zellikle ye\u015fillik alanlarda ya\u015fayan k\u00f6pekler i\u00e7in parazit tasmas\u0131 da ek koruma sa\u011flar&#8221; dedi. KENEYE PENSE \u0130LE M\u00dcDAHALE Kenenin hayvana yap\u0131\u015ft\u0131\u011f\u0131 fark edildi\u011finde h\u0131zl\u0131 m\u00fcdahalenin \u015fart oldu\u011funu s\u00f6yleyen Karabayo\u011flu, &#8220;Kene ne kadar uzun s\u00fcre v\u00fccutta kal\u0131rsa, hastal\u0131k bula\u015ft\u0131rma riski o kadar artar. Kene g\u00f6r\u00fcld\u00fc\u011f\u00fcnde bir pense yard\u0131m\u0131yla ya da t\u0131rna\u011f\u0131n ucu ile deriye yap\u0131\u015ft\u0131\u011f\u0131 yerden tutularak yava\u015f\u00e7a \u00e7\u0131kar\u0131lmal\u0131 ve ard\u0131ndan mutlaka bir veteriner klini\u011fine ba\u015fvurulmal\u0131&#8221; diye konu\u015ftu. &#8216;PARK VE BAH\u00c7ELER\u0130N \u0130LA\u00c7LANMASI LAZIM&#8217; Kenelerin insanlar i\u00e7in de tehlike arz etti\u011fini belirten Karabayo\u011flu, &#8220;Keneler, K\u0131r\u0131m Kongo Kanamal\u0131 Ate\u015fi gibi ciddi hastal\u0131klar\u0131n ta\u015f\u0131y\u0131c\u0131s\u0131d\u0131r. Bu durum hayati risk olu\u015fturabilir. Bu y\u00fczden erken \u00f6nlem almak \u00e7ok \u00f6nemli. Park ve bah\u00e7elerin \u00f6nceden ila\u00e7lanmas\u0131 gerekir. &hellip;<\/p>","protected":false},"author":4,"featured_media":120198,"comment_status":"","ping_status":"open","sticky":false,"template":"","format":"standard","meta":{"_acf_changed":false,"footnotes":""},"categories":[26],"tags":[],"class_list":["post-120197","post","type-post","status-publish","format-standard","has-post-thumbnail","hentry","category-antalya"],"acf":[],"yoast_head":"<!-- This site is optimized with the Yoast SEO Premium plugin v26.6 (Yoast SEO v27.1.1) - https:\/\/yoast.com\/product\/yoast-seo-premium-wordpress\/ -->\n<title>Yaz aylar\u0131nda art\u0131\u015f g\u00f6steren \u2018kene\u2019 tehlikesi - Av. Deniz Can K\u0131z\u0131l<\/title>\n<meta name=\"robots\" content=\"index, follow, max-snippet:-1, max-image-preview:large, max-video-preview:-1\" \/>\n<link rel=\"canonical\" href=\"https:\/\/denizcankizil.tr\/de\/haberler\/antalya\/yaz-aylarinda-artis-gosteren-kene-tehlikesi\/\" \/>\n<meta property=\"og:locale\" content=\"de_DE\" \/>\n<meta property=\"og:type\" content=\"article\" \/>\n<meta property=\"og:title\" content=\"Yaz aylar\u0131nda art\u0131\u015f g\u00f6steren \u2018kene\u2019 tehlikesi\" \/>\n<meta property=\"og:description\" content=\"Antalya Veteriner Hekimleri Odas\u0131 Y\u00f6netim Kurulu Ba\u015fkan\u0131 Murat Karabayo\u011flu, yaz mevsiminin gelmesiyle d\u0131\u015f parazit vakalar\u0131nda art\u0131\u015f ya\u015fand\u0131\u011f\u0131n\u0131 s\u00f6yledi. Karabayo\u011flu, \u00f6zellikle kenelere kar\u015f\u0131 hayvan sahiplerinin dikkatli olmas\u0131 gerekti\u011fini vurgulad\u0131. Karabayo\u011flu, kene ile ta\u015f\u0131nan hastal\u0131klar\u0131n ciddi sonu\u00e7lar do\u011furabilece\u011fine dikkati \u00e7ekerek, d\u00fczenli d\u0131\u015f parazit uygulamas\u0131n\u0131n \u00f6nemini anlatt\u0131. AYDA B\u0130R KORUMA \u015eART Kenelerin g\u00f6r\u00fclme s\u00fcrecinin ilkbaharla ba\u015flad\u0131\u011f\u0131n\u0131 belirten Karabayo\u011flu, \u00f6zellikle yaz aylar\u0131nda tehlikenin artt\u0131\u011f\u0131n\u0131 s\u00f6yledi. Karabayo\u011flu, &#8220;T\u00fcm d\u0131\u015f parazitler risk ta\u015f\u0131r ancak keneler do\u011frudan kanla temas kurduklar\u0131 i\u00e7in hastal\u0131k bula\u015ft\u0131rma oran\u0131 \u00e7ok y\u00fcksektir. Bu nedenle ayda bir kez damla ya da tablet \u015feklinde d\u0131\u015f parazit uygulamas\u0131 yap\u0131lmal\u0131. \u00d6zellikle ye\u015fillik alanlarda ya\u015fayan k\u00f6pekler i\u00e7in parazit tasmas\u0131 da ek koruma sa\u011flar&#8221; dedi. KENEYE PENSE \u0130LE M\u00dcDAHALE Kenenin hayvana yap\u0131\u015ft\u0131\u011f\u0131 fark edildi\u011finde h\u0131zl\u0131 m\u00fcdahalenin \u015fart oldu\u011funu s\u00f6yleyen Karabayo\u011flu, &#8220;Kene ne kadar uzun s\u00fcre v\u00fccutta kal\u0131rsa, hastal\u0131k bula\u015ft\u0131rma riski o kadar artar. Kene g\u00f6r\u00fcld\u00fc\u011f\u00fcnde bir pense yard\u0131m\u0131yla ya da t\u0131rna\u011f\u0131n ucu ile deriye yap\u0131\u015ft\u0131\u011f\u0131 yerden tutularak yava\u015f\u00e7a \u00e7\u0131kar\u0131lmal\u0131 ve ard\u0131ndan mutlaka bir veteriner klini\u011fine ba\u015fvurulmal\u0131&#8221; diye konu\u015ftu. &#8216;PARK VE BAH\u00c7ELER\u0130N \u0130LA\u00c7LANMASI LAZIM&#8217; Kenelerin insanlar i\u00e7in de tehlike arz etti\u011fini belirten Karabayo\u011flu, &#8220;Keneler, K\u0131r\u0131m Kongo Kanamal\u0131 Ate\u015fi gibi ciddi hastal\u0131klar\u0131n ta\u015f\u0131y\u0131c\u0131s\u0131d\u0131r. Bu durum hayati risk olu\u015fturabilir. Bu y\u00fczden erken \u00f6nlem almak \u00e7ok \u00f6nemli. Park ve bah\u00e7elerin \u00f6nceden ila\u00e7lanmas\u0131 gerekir. &hellip;\" \/>\n<meta property=\"og:url\" content=\"https:\/\/denizcankizil.tr\/de\/haberler\/antalya\/yaz-aylarinda-artis-gosteren-kene-tehlikesi\/\" \/>\n<meta property=\"og:site_name\" content=\"Av. Deniz Can K\u0131z\u0131l\" \/>\n<meta property=\"article:published_time\" content=\"2025-06-19T09:41:24+00:00\" \/>\n<meta property=\"og:image\" content=\"https:\/\/denizcankizil.tr\/wp-content\/uploads\/2025\/06\/6952-01-zOmiwx.jpg\" \/>\n\t<meta property=\"og:image:width\" content=\"1280\" \/>\n\t<meta property=\"og:image:height\" content=\"720\" \/>\n\t<meta property=\"og:image:type\" content=\"image\/jpeg\" \/>\n<meta name=\"author\" content=\"Av. Deniz Can K\u0131z\u0131l\" \/>\n<meta name=\"twitter:card\" content=\"summary_large_image\" \/>\n<meta name=\"twitter:label1\" content=\"Verfasst von\" \/>\n\t<meta name=\"twitter:data1\" content=\"Av. Deniz Can K\u0131z\u0131l\" \/>\n\t<meta name=\"twitter:label2\" content=\"Gesch\u00e4tzte Lesezeit\" \/>\n\t<meta name=\"twitter:data2\" content=\"2\u00a0Minuten\" \/>\n<script type=\"application\/ld+json\" class=\"yoast-schema-graph\">{\"@context\":\"https:\/\/schema.org\",\"@graph\":[{\"@type\":\"Article\",\"@id\":\"https:\/\/denizcankizil.tr\/de\/haberler\/antalya\/yaz-aylarinda-artis-gosteren-kene-tehlikesi\/#article\",\"isPartOf\":{\"@id\":\"https:\/\/denizcankizil.tr\/de\/haberler\/antalya\/yaz-aylarinda-artis-gosteren-kene-tehlikesi\/\"},\"author\":{\"name\":\"Av. Deniz Can K\u0131z\u0131l\",\"@id\":\"https:\/\/denizcankizil.tr\/#\/schema\/person\/5dc1b22991bd7ac833867c10afc9b0ff\"},\"headline\":\"Yaz aylar\u0131nda art\u0131\u015f g\u00f6steren \u2018kene\u2019 tehlikesi\",\"datePublished\":\"2025-06-19T09:41:24+00:00\",\"mainEntityOfPage\":{\"@id\":\"https:\/\/denizcankizil.tr\/de\/haberler\/antalya\/yaz-aylarinda-artis-gosteren-kene-tehlikesi\/\"},\"wordCount\":422,\"publisher\":{\"@id\":\"https:\/\/denizcankizil.tr\/#organization\"},\"image\":{\"@id\":\"https:\/\/denizcankizil.tr\/de\/haberler\/antalya\/yaz-aylarinda-artis-gosteren-kene-tehlikesi\/#primaryimage\"},\"thumbnailUrl\":\"https:\/\/denizcankizil.tr\/wp-content\/uploads\/2025\/06\/6952-01-zOmiwx.jpg\",\"articleSection\":[\"Antalya\"],\"inLanguage\":\"de\"},{\"@type\":\"WebPage\",\"@id\":\"https:\/\/denizcankizil.tr\/de\/haberler\/antalya\/yaz-aylarinda-artis-gosteren-kene-tehlikesi\/\",\"url\":\"https:\/\/denizcankizil.tr\/de\/haberler\/antalya\/yaz-aylarinda-artis-gosteren-kene-tehlikesi\/\",\"name\":\"Yaz aylar\u0131nda art\u0131\u015f g\u00f6steren \u2018kene\u2019 tehlikesi - Av. Deniz Can K\u0131z\u0131l\",\"isPartOf\":{\"@id\":\"https:\/\/denizcankizil.tr\/#website\"},\"primaryImageOfPage\":{\"@id\":\"https:\/\/denizcankizil.tr\/de\/haberler\/antalya\/yaz-aylarinda-artis-gosteren-kene-tehlikesi\/#primaryimage\"},\"image\":{\"@id\":\"https:\/\/denizcankizil.tr\/de\/haberler\/antalya\/yaz-aylarinda-artis-gosteren-kene-tehlikesi\/#primaryimage\"},\"thumbnailUrl\":\"https:\/\/denizcankizil.tr\/wp-content\/uploads\/2025\/06\/6952-01-zOmiwx.jpg\",\"datePublished\":\"2025-06-19T09:41:24+00:00\",\"breadcrumb\":{\"@id\":\"https:\/\/denizcankizil.tr\/de\/haberler\/antalya\/yaz-aylarinda-artis-gosteren-kene-tehlikesi\/#breadcrumb\"},\"inLanguage\":\"de\",\"potentialAction\":[{\"@type\":\"ReadAction\",\"target\":[\"https:\/\/denizcankizil.tr\/de\/haberler\/antalya\/yaz-aylarinda-artis-gosteren-kene-tehlikesi\/\"]}]},{\"@type\":\"ImageObject\",\"inLanguage\":\"de\",\"@id\":\"https:\/\/denizcankizil.tr\/de\/haberler\/antalya\/yaz-aylarinda-artis-gosteren-kene-tehlikesi\/#primaryimage\",\"url\":\"https:\/\/denizcankizil.tr\/wp-content\/uploads\/2025\/06\/6952-01-zOmiwx.jpg\",\"contentUrl\":\"https:\/\/denizcankizil.tr\/wp-content\/uploads\/2025\/06\/6952-01-zOmiwx.jpg\",\"width\":1280,\"height\":720},{\"@type\":\"BreadcrumbList\",\"@id\":\"https:\/\/denizcankizil.tr\/de\/haberler\/antalya\/yaz-aylarinda-artis-gosteren-kene-tehlikesi\/#breadcrumb\",\"itemListElement\":[{\"@type\":\"ListItem\",\"position\":1,\"name\":\"Home\",\"item\":\"https:\/\/denizcankizil.tr\/de\/\"},{\"@type\":\"ListItem\",\"position\":2,\"name\":\"Yaz aylar\u0131nda art\u0131\u015f g\u00f6steren \u2018kene\u2019 tehlikesi\"}]},{\"@type\":\"WebSite\",\"@id\":\"https:\/\/denizcankizil.tr\/#website\",\"url\":\"https:\/\/denizcankizil.tr\/\",\"name\":\"Av. Deniz Can K\u0131z\u0131l\",\"description\":\"Avukat Deniz Can K\u0131z\u0131l Antalya Barosu\",\"publisher\":{\"@id\":\"https:\/\/denizcankizil.tr\/#organization\"},\"potentialAction\":[{\"@type\":\"SearchAction\",\"target\":{\"@type\":\"EntryPoint\",\"urlTemplate\":\"https:\/\/denizcankizil.tr\/?s={search_term_string}\"},\"query-input\":{\"@type\":\"PropertyValueSpecification\",\"valueRequired\":true,\"valueName\":\"search_term_string\"}}],\"inLanguage\":\"de\"},{\"@type\":\"Organization\",\"@id\":\"https:\/\/denizcankizil.tr\/#organization\",\"name\":\"Av. Deniz Can K\u0131z\u0131l\",\"url\":\"https:\/\/denizcankizil.tr\/\",\"logo\":{\"@type\":\"ImageObject\",\"inLanguage\":\"de\",\"@id\":\"https:\/\/denizcankizil.tr\/#\/schema\/logo\/image\/\",\"url\":\"https:\/\/denizcankizil.tr\/wp-content\/uploads\/2024\/10\/siyah-logo-svg.svg\",\"contentUrl\":\"https:\/\/denizcankizil.tr\/wp-content\/uploads\/2024\/10\/siyah-logo-svg.svg\",\"width\":1080,\"height\":1080,\"caption\":\"Av. Deniz Can K\u0131z\u0131l\"},\"image\":{\"@id\":\"https:\/\/denizcankizil.tr\/#\/schema\/logo\/image\/\"}},{\"@type\":\"Person\",\"@id\":\"https:\/\/denizcankizil.tr\/#\/schema\/person\/5dc1b22991bd7ac833867c10afc9b0ff\",\"name\":\"Av. Deniz Can K\u0131z\u0131l\",\"image\":{\"@type\":\"ImageObject\",\"inLanguage\":\"de\",\"@id\":\"https:\/\/denizcankizil.tr\/#\/schema\/person\/image\/\",\"url\":\"https:\/\/secure.gravatar.com\/avatar\/a0b128fb9855c79efc976d5640eedb31dc35ec297594d6016d2cf7c60e975bb6?s=96&d=mm&r=g\",\"contentUrl\":\"https:\/\/secure.gravatar.com\/avatar\/a0b128fb9855c79efc976d5640eedb31dc35ec297594d6016d2cf7c60e975bb6?s=96&d=mm&r=g\",\"caption\":\"Av. Deniz Can K\u0131z\u0131l\"},\"sameAs\":[\"http:\/\/www.denizcankizil.tr\"],\"url\":\"https:\/\/denizcankizil.tr\/de\/author\/denizcankizil\/\"}]}<\/script>\n<!-- \/ Yoast SEO Premium plugin. -->","yoast_head_json":{"title":"Yaz aylar\u0131nda art\u0131\u015f g\u00f6steren \u2018kene\u2019 tehlikesi - Av. Deniz Can K\u0131z\u0131l","robots":{"index":"index","follow":"follow","max-snippet":"max-snippet:-1","max-image-preview":"max-image-preview:large","max-video-preview":"max-video-preview:-1"},"canonical":"https:\/\/denizcankizil.tr\/de\/haberler\/antalya\/yaz-aylarinda-artis-gosteren-kene-tehlikesi\/","og_locale":"de_DE","og_type":"article","og_title":"Yaz aylar\u0131nda art\u0131\u015f g\u00f6steren \u2018kene\u2019 tehlikesi","og_description":"Antalya Veteriner Hekimleri Odas\u0131 Y\u00f6netim Kurulu Ba\u015fkan\u0131 Murat Karabayo\u011flu, yaz mevsiminin gelmesiyle d\u0131\u015f parazit vakalar\u0131nda art\u0131\u015f ya\u015fand\u0131\u011f\u0131n\u0131 s\u00f6yledi. Karabayo\u011flu, \u00f6zellikle kenelere kar\u015f\u0131 hayvan sahiplerinin dikkatli olmas\u0131 gerekti\u011fini vurgulad\u0131. Karabayo\u011flu, kene ile ta\u015f\u0131nan hastal\u0131klar\u0131n ciddi sonu\u00e7lar do\u011furabilece\u011fine dikkati \u00e7ekerek, d\u00fczenli d\u0131\u015f parazit uygulamas\u0131n\u0131n \u00f6nemini anlatt\u0131. AYDA B\u0130R KORUMA \u015eART Kenelerin g\u00f6r\u00fclme s\u00fcrecinin ilkbaharla ba\u015flad\u0131\u011f\u0131n\u0131 belirten Karabayo\u011flu, \u00f6zellikle yaz aylar\u0131nda tehlikenin artt\u0131\u011f\u0131n\u0131 s\u00f6yledi. Karabayo\u011flu, &#8220;T\u00fcm d\u0131\u015f parazitler risk ta\u015f\u0131r ancak keneler do\u011frudan kanla temas kurduklar\u0131 i\u00e7in hastal\u0131k bula\u015ft\u0131rma oran\u0131 \u00e7ok y\u00fcksektir. Bu nedenle ayda bir kez damla ya da tablet \u015feklinde d\u0131\u015f parazit uygulamas\u0131 yap\u0131lmal\u0131. \u00d6zellikle ye\u015fillik alanlarda ya\u015fayan k\u00f6pekler i\u00e7in parazit tasmas\u0131 da ek koruma sa\u011flar&#8221; dedi. KENEYE PENSE \u0130LE M\u00dcDAHALE Kenenin hayvana yap\u0131\u015ft\u0131\u011f\u0131 fark edildi\u011finde h\u0131zl\u0131 m\u00fcdahalenin \u015fart oldu\u011funu s\u00f6yleyen Karabayo\u011flu, &#8220;Kene ne kadar uzun s\u00fcre v\u00fccutta kal\u0131rsa, hastal\u0131k bula\u015ft\u0131rma riski o kadar artar. Kene g\u00f6r\u00fcld\u00fc\u011f\u00fcnde bir pense yard\u0131m\u0131yla ya da t\u0131rna\u011f\u0131n ucu ile deriye yap\u0131\u015ft\u0131\u011f\u0131 yerden tutularak yava\u015f\u00e7a \u00e7\u0131kar\u0131lmal\u0131 ve ard\u0131ndan mutlaka bir veteriner klini\u011fine ba\u015fvurulmal\u0131&#8221; diye konu\u015ftu. &#8216;PARK VE BAH\u00c7ELER\u0130N \u0130LA\u00c7LANMASI LAZIM&#8217; Kenelerin insanlar i\u00e7in de tehlike arz etti\u011fini belirten Karabayo\u011flu, &#8220;Keneler, K\u0131r\u0131m Kongo Kanamal\u0131 Ate\u015fi gibi ciddi hastal\u0131klar\u0131n ta\u015f\u0131y\u0131c\u0131s\u0131d\u0131r. Bu durum hayati risk olu\u015fturabilir. Bu y\u00fczden erken \u00f6nlem almak \u00e7ok \u00f6nemli. Park ve bah\u00e7elerin \u00f6nceden ila\u00e7lanmas\u0131 gerekir. &hellip;","og_url":"https:\/\/denizcankizil.tr\/de\/haberler\/antalya\/yaz-aylarinda-artis-gosteren-kene-tehlikesi\/","og_site_name":"Av. Deniz Can K\u0131z\u0131l","article_published_time":"2025-06-19T09:41:24+00:00","og_image":[{"width":1280,"height":720,"url":"https:\/\/denizcankizil.tr\/wp-content\/uploads\/2025\/06\/6952-01-zOmiwx.jpg","type":"image\/jpeg"}],"author":"Av. Deniz Can K\u0131z\u0131l","twitter_card":"summary_large_image","twitter_misc":{"Verfasst von":"Av. Deniz Can K\u0131z\u0131l","Gesch\u00e4tzte Lesezeit":"2\u00a0Minuten"},"schema":{"@context":"https:\/\/schema.org","@graph":[{"@type":"Article","@id":"https:\/\/denizcankizil.tr\/de\/haberler\/antalya\/yaz-aylarinda-artis-gosteren-kene-tehlikesi\/#article","isPartOf":{"@id":"https:\/\/denizcankizil.tr\/de\/haberler\/antalya\/yaz-aylarinda-artis-gosteren-kene-tehlikesi\/"},"author":{"name":"Av. Deniz Can K\u0131z\u0131l","@id":"https:\/\/denizcankizil.tr\/#\/schema\/person\/5dc1b22991bd7ac833867c10afc9b0ff"},"headline":"Yaz aylar\u0131nda art\u0131\u015f g\u00f6steren \u2018kene\u2019 tehlikesi","datePublished":"2025-06-19T09:41:24+00:00","mainEntityOfPage":{"@id":"https:\/\/denizcankizil.tr\/de\/haberler\/antalya\/yaz-aylarinda-artis-gosteren-kene-tehlikesi\/"},"wordCount":422,"publisher":{"@id":"https:\/\/denizcankizil.tr\/#organization"},"image":{"@id":"https:\/\/denizcankizil.tr\/de\/haberler\/antalya\/yaz-aylarinda-artis-gosteren-kene-tehlikesi\/#primaryimage"},"thumbnailUrl":"https:\/\/denizcankizil.tr\/wp-content\/uploads\/2025\/06\/6952-01-zOmiwx.jpg","articleSection":["Antalya"],"inLanguage":"de"},{"@type":"WebPage","@id":"https:\/\/denizcankizil.tr\/de\/haberler\/antalya\/yaz-aylarinda-artis-gosteren-kene-tehlikesi\/","url":"https:\/\/denizcankizil.tr\/de\/haberler\/antalya\/yaz-aylarinda-artis-gosteren-kene-tehlikesi\/","name":"Yaz aylar\u0131nda art\u0131\u015f g\u00f6steren \u2018kene\u2019 tehlikesi - Av. Deniz Can K\u0131z\u0131l","isPartOf":{"@id":"https:\/\/denizcankizil.tr\/#website"},"primaryImageOfPage":{"@id":"https:\/\/denizcankizil.tr\/de\/haberler\/antalya\/yaz-aylarinda-artis-gosteren-kene-tehlikesi\/#primaryimage"},"image":{"@id":"https:\/\/denizcankizil.tr\/de\/haberler\/antalya\/yaz-aylarinda-artis-gosteren-kene-tehlikesi\/#primaryimage"},"thumbnailUrl":"https:\/\/denizcankizil.tr\/wp-content\/uploads\/2025\/06\/6952-01-zOmiwx.jpg","datePublished":"2025-06-19T09:41:24+00:00","breadcrumb":{"@id":"https:\/\/denizcankizil.tr\/de\/haberler\/antalya\/yaz-aylarinda-artis-gosteren-kene-tehlikesi\/#breadcrumb"},"inLanguage":"de","potentialAction":[{"@type":"ReadAction","target":["https:\/\/denizcankizil.tr\/de\/haberler\/antalya\/yaz-aylarinda-artis-gosteren-kene-tehlikesi\/"]}]},{"@type":"ImageObject","inLanguage":"de","@id":"https:\/\/denizcankizil.tr\/de\/haberler\/antalya\/yaz-aylarinda-artis-gosteren-kene-tehlikesi\/#primaryimage","url":"https:\/\/denizcankizil.tr\/wp-content\/uploads\/2025\/06\/6952-01-zOmiwx.jpg","contentUrl":"https:\/\/denizcankizil.tr\/wp-content\/uploads\/2025\/06\/6952-01-zOmiwx.jpg","width":1280,"height":720},{"@type":"BreadcrumbList","@id":"https:\/\/denizcankizil.tr\/de\/haberler\/antalya\/yaz-aylarinda-artis-gosteren-kene-tehlikesi\/#breadcrumb","itemListElement":[{"@type":"ListItem","position":1,"name":"Home","item":"https:\/\/denizcankizil.tr\/de\/"},{"@type":"ListItem","position":2,"name":"Yaz aylar\u0131nda art\u0131\u015f g\u00f6steren \u2018kene\u2019 tehlikesi"}]},{"@type":"WebSite","@id":"https:\/\/denizcankizil.tr\/#website","url":"https:\/\/denizcankizil.tr\/","name":"Av. Deniz Can K\u0131z\u0131l","description":"Avukat Deniz Can K\u0131z\u0131l Antalya Barosu","publisher":{"@id":"https:\/\/denizcankizil.tr\/#organization"},"potentialAction":[{"@type":"SearchAction","target":{"@type":"EntryPoint","urlTemplate":"https:\/\/denizcankizil.tr\/?s={search_term_string}"},"query-input":{"@type":"PropertyValueSpecification","valueRequired":true,"valueName":"search_term_string"}}],"inLanguage":"de"},{"@type":"Organization","@id":"https:\/\/denizcankizil.tr\/#organization","name":"Av. Deniz Can K\u0131z\u0131l","url":"https:\/\/denizcankizil.tr\/","logo":{"@type":"ImageObject","inLanguage":"de","@id":"https:\/\/denizcankizil.tr\/#\/schema\/logo\/image\/","url":"https:\/\/denizcankizil.tr\/wp-content\/uploads\/2024\/10\/siyah-logo-svg.svg","contentUrl":"https:\/\/denizcankizil.tr\/wp-content\/uploads\/2024\/10\/siyah-logo-svg.svg","width":1080,"height":1080,"caption":"Av. Deniz Can K\u0131z\u0131l"},"image":{"@id":"https:\/\/denizcankizil.tr\/#\/schema\/logo\/image\/"}},{"@type":"Person","@id":"https:\/\/denizcankizil.tr\/#\/schema\/person\/5dc1b22991bd7ac833867c10afc9b0ff","name":"Av. Deniz Can K\u0131z\u0131l","image":{"@type":"ImageObject","inLanguage":"de","@id":"https:\/\/denizcankizil.tr\/#\/schema\/person\/image\/","url":"https:\/\/secure.gravatar.com\/avatar\/a0b128fb9855c79efc976d5640eedb31dc35ec297594d6016d2cf7c60e975bb6?s=96&d=mm&r=g","contentUrl":"https:\/\/secure.gravatar.com\/avatar\/a0b128fb9855c79efc976d5640eedb31dc35ec297594d6016d2cf7c60e975bb6?s=96&d=mm&r=g","caption":"Av. Deniz Can K\u0131z\u0131l"},"sameAs":["http:\/\/www.denizcankizil.tr"],"url":"https:\/\/denizcankizil.tr\/de\/author\/denizcankizil\/"}]}},"_links":{"self":[{"href":"https:\/\/denizcankizil.tr\/de\/wp-json\/wp\/v2\/posts\/120197","targetHints":{"allow":["GET"]}}],"collection":[{"href":"https:\/\/denizcankizil.tr\/de\/wp-json\/wp\/v2\/posts"}],"about":[{"href":"https:\/\/denizcankizil.tr\/de\/wp-json\/wp\/v2\/types\/post"}],"author":[{"embeddable":true,"href":"https:\/\/denizcankizil.tr\/de\/wp-json\/wp\/v2\/users\/4"}],"replies":[{"embeddable":true,"href":"https:\/\/denizcankizil.tr\/de\/wp-json\/wp\/v2\/comments?post=120197"}],"version-history":[{"count":0,"href":"https:\/\/denizcankizil.tr\/de\/wp-json\/wp\/v2\/posts\/120197\/revisions"}],"wp:featuredmedia":[{"embeddable":true,"href":"https:\/\/denizcankizil.tr\/de\/wp-json\/wp\/v2\/media\/120198"}],"wp:attachment":[{"href":"https:\/\/denizcankizil.tr\/de\/wp-json\/wp\/v2\/media?parent=120197"}],"wp:term":[{"taxonomy":"category","embeddable":true,"href":"https:\/\/denizcankizil.tr\/de\/wp-json\/wp\/v2\/categories?post=120197"},{"taxonomy":"post_tag","embeddable":true,"href":"https:\/\/denizcankizil.tr\/de\/wp-json\/wp\/v2\/tags?post=120197"}],"curies":[{"name":"wp","href":"https:\/\/api.w.org\/{rel}","templated":true}]}}