{"id":119518,"date":"2025-06-18T17:42:32","date_gmt":"2025-06-18T14:42:32","guid":{"rendered":"https:\/\/denizcankizil.tr\/uncategorized-tr\/bursa-gemlikte-ugur-bocekleri-dogayla-bulustu\/"},"modified":"2025-06-18T17:42:32","modified_gmt":"2025-06-18T14:42:32","slug":"bursa-gemlikte-ugur-bocekleri-dogayla-bulustu","status":"publish","type":"post","link":"https:\/\/denizcankizil.tr\/de\/haberler\/gundem\/bursa-gemlikte-ugur-bocekleri-dogayla-bulustu\/","title":{"rendered":"Bursa Gemlik&#8217;te U\u011fur B\u00f6cekleri do\u011fayla bulu\u015ftu"},"content":{"rendered":"<p>Bursa Gemlik Belediyesi U\u011fur B\u00f6cekleri Kre\u015fi\u2019nde e\u011fitim g\u00f6ren minikler, do\u011fayla i\u00e7 i\u00e7e keyifli bir g\u00fcn ge\u00e7irdi.BURSA (\u0130GFA) &#8211; Muratoba Mahallesi\u2019nde bulunan, belediyeye ait seray\u0131 ziyaret eden minikler, hem \u00fcretimin temelini yerinde g\u00f6rme f\u0131rsat\u0131 buldu hem de do\u011fayla bulu\u015ftu.<br \/>\n\u00d6\u011fretmenleri rehberli\u011finde ger\u00e7ekle\u015fen ziyarette \u00e7ocuklar, serada yeti\u015ftirilen \u00fcr\u00fcnleri dikkatle inceledi. \u00d6\u011frenciler, dal\u0131ndan kopard\u0131klar\u0131 taze sebzeleri b\u00fcy\u00fck bir merak ve heyecanla toplad\u0131.<br \/>\nZiyaret s\u0131ras\u0131nda Park ve Bah\u00e7eler M\u00fcd\u00fcr\u00fc Alihan Kuzu, \u00e7ocuklara \u00e7e\u015fitli sebze tohumlar\u0131 hediye etti. \u00c7ocuklara tohumlar\u0131n nas\u0131l ekilece\u011fini ve nas\u0131l bak\u0131lmas\u0131 gerekti\u011fini anlatan Kuzu, k\u00fc\u00e7\u00fck ya\u015flarda do\u011fayla ba\u011f kurman\u0131n \u00f6nemine dikkat \u00e7ekti.<br \/>\nGemlik Belediye Ba\u015fkan\u0131 \u015e\u00fckr\u00fc Deviren, bu gezilerin \u00e7ocuklar\u0131n geli\u015fimine b\u00fcy\u00fck katk\u0131 sa\u011flad\u0131\u011f\u0131n\u0131 belirtti. Ba\u015fkan Deviren, \u201cU\u011fur B\u00f6cekleri Kre\u015fi \u00f6\u011frencilerimizin seram\u0131z\u0131 ziyaret etmesinden b\u00fcy\u00fck memnuniyet duydum. Miniklerin toprakla bulu\u015fmas\u0131, do\u011fayla tan\u0131\u015fmas\u0131 ve \u00fcretimin ne demek oldu\u011funu yerinde g\u00f6zlemlemesi \u00e7ok k\u0131ymetli. Bu noktada duyarl\u0131 \u00f6\u011fretmenlerimizi kutluyorum. Gelece\u011fimizi emanet edece\u011fimiz \u00e7ocuklar\u0131m\u0131z\u0131n erken ya\u015flarda do\u011fa sevgisi kazanmas\u0131, onlar\u0131 daha bilin\u00e7li bireyler olarak yeti\u015ftirecektir\u201d ifadelerini kulland\u0131.<\/p>\n<p>\u200bBursa Gemlik Belediyesi U\u011fur B\u00f6cekleri Kre\u015fi\u2019nde e\u011fitim g\u00f6ren minikler, do\u011fayla i\u00e7 i\u00e7e keyifli bir g\u00fcn ge\u00e7irdi.BURSA (\u0130GFA) &#8211; Muratoba Mahallesi\u2019nde bulunan, belediyeye ait seray\u0131 ziyaret eden minikler, hem \u00fcretimin temelini yerinde g\u00f6rme f\u0131rsat\u0131 buldu hem de do\u011fayla bulu\u015ftu.<br \/>\n\u00d6\u011fretmenleri rehberli\u011finde ger\u00e7ekle\u015fen ziyarette \u00e7ocuklar, serada yeti\u015ftirilen \u00fcr\u00fcnleri dikkatle inceledi. \u00d6\u011frenciler, dal\u0131ndan kopard\u0131klar\u0131 taze sebzeleri b\u00fcy\u00fck bir merak ve heyecanla toplad\u0131.<br \/>\nZiyaret s\u0131ras\u0131nda Park ve Bah\u00e7eler M\u00fcd\u00fcr\u00fc Alihan Kuzu, \u00e7ocuklara \u00e7e\u015fitli sebze tohumlar\u0131 hediye etti. \u00c7ocuklara tohumlar\u0131n nas\u0131l ekilece\u011fini ve nas\u0131l bak\u0131lmas\u0131 gerekti\u011fini anlatan Kuzu, k\u00fc\u00e7\u00fck ya\u015flarda do\u011fayla ba\u011f kurman\u0131n \u00f6nemine dikkat \u00e7ekti.<br \/>\nGemlik Belediye Ba\u015fkan\u0131 \u015e\u00fckr\u00fc Deviren, bu gezilerin \u00e7ocuklar\u0131n geli\u015fimine b\u00fcy\u00fck katk\u0131 sa\u011flad\u0131\u011f\u0131n\u0131 belirtti. Ba\u015fkan Deviren, \u201cU\u011fur B\u00f6cekleri Kre\u015fi \u00f6\u011frencilerimizin seram\u0131z\u0131 ziyaret etmesinden b\u00fcy\u00fck memnuniyet duydum. Miniklerin toprakla bulu\u015fmas\u0131, do\u011fayla tan\u0131\u015fmas\u0131 ve \u00fcretimin ne demek oldu\u011funu yerinde g\u00f6zlemlemesi \u00e7ok k\u0131ymetli. Bu noktada duyarl\u0131 \u00f6\u011fretmenlerimizi kutluyorum. Gelece\u011fimizi emanet edece\u011fimiz \u00e7ocuklar\u0131m\u0131z\u0131n erken ya\u015flarda do\u011fa sevgisi kazanmas\u0131, onlar\u0131 daha bilin\u00e7li bireyler olarak yeti\u015ftirecektir\u201d ifadelerini kulland\u0131.\u00a0<\/p>\n<p>\u200bHaberin Al\u0131nt\u0131land\u0131\u011f\u0131 Kaynak: www.iskenderun.org<\/p>","protected":false},"excerpt":{"rendered":"<p>Bursa Gemlik Belediyesi U\u011fur B\u00f6cekleri Kre\u015fi\u2019nde e\u011fitim g\u00f6ren minikler, do\u011fayla i\u00e7 i\u00e7e keyifli bir g\u00fcn ge\u00e7irdi.BURSA (\u0130GFA) &#8211; Muratoba Mahallesi\u2019nde bulunan, belediyeye ait seray\u0131 ziyaret eden minikler, hem \u00fcretimin temelini yerinde g\u00f6rme f\u0131rsat\u0131 buldu hem de do\u011fayla bulu\u015ftu. \u00d6\u011fretmenleri rehberli\u011finde ger\u00e7ekle\u015fen ziyarette \u00e7ocuklar, serada yeti\u015ftirilen \u00fcr\u00fcnleri dikkatle inceledi. \u00d6\u011frenciler, dal\u0131ndan kopard\u0131klar\u0131 taze sebzeleri b\u00fcy\u00fck bir merak ve heyecanla toplad\u0131. Ziyaret s\u0131ras\u0131nda Park ve Bah\u00e7eler M\u00fcd\u00fcr\u00fc Alihan Kuzu, \u00e7ocuklara \u00e7e\u015fitli sebze tohumlar\u0131 hediye etti. \u00c7ocuklara tohumlar\u0131n nas\u0131l ekilece\u011fini ve nas\u0131l bak\u0131lmas\u0131 gerekti\u011fini anlatan Kuzu, k\u00fc\u00e7\u00fck ya\u015flarda do\u011fayla ba\u011f kurman\u0131n \u00f6nemine dikkat \u00e7ekti. Gemlik Belediye Ba\u015fkan\u0131 \u015e\u00fckr\u00fc Deviren, bu gezilerin \u00e7ocuklar\u0131n geli\u015fimine b\u00fcy\u00fck katk\u0131 sa\u011flad\u0131\u011f\u0131n\u0131 belirtti. Ba\u015fkan Deviren, \u201cU\u011fur B\u00f6cekleri Kre\u015fi \u00f6\u011frencilerimizin seram\u0131z\u0131 ziyaret etmesinden b\u00fcy\u00fck memnuniyet duydum. Miniklerin toprakla bulu\u015fmas\u0131, do\u011fayla tan\u0131\u015fmas\u0131 ve \u00fcretimin ne demek oldu\u011funu yerinde g\u00f6zlemlemesi \u00e7ok k\u0131ymetli. Bu noktada duyarl\u0131 \u00f6\u011fretmenlerimizi kutluyorum. Gelece\u011fimizi emanet edece\u011fimiz \u00e7ocuklar\u0131m\u0131z\u0131n erken ya\u015flarda do\u011fa sevgisi kazanmas\u0131, onlar\u0131 daha bilin\u00e7li bireyler olarak yeti\u015ftirecektir\u201d ifadelerini kulland\u0131. \u200bBursa Gemlik Belediyesi U\u011fur B\u00f6cekleri Kre\u015fi\u2019nde e\u011fitim g\u00f6ren minikler, do\u011fayla i\u00e7 i\u00e7e keyifli bir g\u00fcn ge\u00e7irdi.BURSA (\u0130GFA) &#8211; Muratoba Mahallesi\u2019nde bulunan, belediyeye ait seray\u0131 ziyaret eden minikler, hem \u00fcretimin temelini yerinde g\u00f6rme f\u0131rsat\u0131 buldu hem de do\u011fayla bulu\u015ftu. \u00d6\u011fretmenleri rehberli\u011finde ger\u00e7ekle\u015fen ziyarette \u00e7ocuklar, serada yeti\u015ftirilen \u00fcr\u00fcnleri dikkatle inceledi. &hellip;<\/p>","protected":false},"author":1,"featured_media":0,"comment_status":"","ping_status":"open","sticky":false,"template":"","format":"standard","meta":{"_acf_changed":false,"footnotes":""},"categories":[24],"tags":[],"class_list":["post-119518","post","type-post","status-publish","format-standard","has-post-thumbnail","hentry","category-gundem"],"acf":[],"yoast_head":"<!-- This site is optimized with the Yoast SEO Premium plugin v26.6 (Yoast SEO v27.1.1) - https:\/\/yoast.com\/product\/yoast-seo-premium-wordpress\/ -->\n<title>Bursa Gemlik&#039;te U\u011fur B\u00f6cekleri do\u011fayla bulu\u015ftu - Av. Deniz Can K\u0131z\u0131l<\/title>\n<meta name=\"robots\" content=\"index, follow, max-snippet:-1, max-image-preview:large, max-video-preview:-1\" \/>\n<link rel=\"canonical\" href=\"https:\/\/denizcankizil.tr\/de\/haberler\/gundem\/bursa-gemlikte-ugur-bocekleri-dogayla-bulustu\/\" \/>\n<meta property=\"og:locale\" content=\"de_DE\" \/>\n<meta property=\"og:type\" content=\"article\" \/>\n<meta property=\"og:title\" content=\"Bursa Gemlik&#039;te U\u011fur B\u00f6cekleri do\u011fayla bulu\u015ftu\" \/>\n<meta property=\"og:description\" content=\"Bursa Gemlik Belediyesi U\u011fur B\u00f6cekleri Kre\u015fi\u2019nde e\u011fitim g\u00f6ren minikler, do\u011fayla i\u00e7 i\u00e7e keyifli bir g\u00fcn ge\u00e7irdi.BURSA (\u0130GFA) &#8211; Muratoba Mahallesi\u2019nde bulunan, belediyeye ait seray\u0131 ziyaret eden minikler, hem \u00fcretimin temelini yerinde g\u00f6rme f\u0131rsat\u0131 buldu hem de do\u011fayla bulu\u015ftu. \u00d6\u011fretmenleri rehberli\u011finde ger\u00e7ekle\u015fen ziyarette \u00e7ocuklar, serada yeti\u015ftirilen \u00fcr\u00fcnleri dikkatle inceledi. \u00d6\u011frenciler, dal\u0131ndan kopard\u0131klar\u0131 taze sebzeleri b\u00fcy\u00fck bir merak ve heyecanla toplad\u0131. Ziyaret s\u0131ras\u0131nda Park ve Bah\u00e7eler M\u00fcd\u00fcr\u00fc Alihan Kuzu, \u00e7ocuklara \u00e7e\u015fitli sebze tohumlar\u0131 hediye etti. \u00c7ocuklara tohumlar\u0131n nas\u0131l ekilece\u011fini ve nas\u0131l bak\u0131lmas\u0131 gerekti\u011fini anlatan Kuzu, k\u00fc\u00e7\u00fck ya\u015flarda do\u011fayla ba\u011f kurman\u0131n \u00f6nemine dikkat \u00e7ekti. Gemlik Belediye Ba\u015fkan\u0131 \u015e\u00fckr\u00fc Deviren, bu gezilerin \u00e7ocuklar\u0131n geli\u015fimine b\u00fcy\u00fck katk\u0131 sa\u011flad\u0131\u011f\u0131n\u0131 belirtti. Ba\u015fkan Deviren, \u201cU\u011fur B\u00f6cekleri Kre\u015fi \u00f6\u011frencilerimizin seram\u0131z\u0131 ziyaret etmesinden b\u00fcy\u00fck memnuniyet duydum. Miniklerin toprakla bulu\u015fmas\u0131, do\u011fayla tan\u0131\u015fmas\u0131 ve \u00fcretimin ne demek oldu\u011funu yerinde g\u00f6zlemlemesi \u00e7ok k\u0131ymetli. Bu noktada duyarl\u0131 \u00f6\u011fretmenlerimizi kutluyorum. Gelece\u011fimizi emanet edece\u011fimiz \u00e7ocuklar\u0131m\u0131z\u0131n erken ya\u015flarda do\u011fa sevgisi kazanmas\u0131, onlar\u0131 daha bilin\u00e7li bireyler olarak yeti\u015ftirecektir\u201d ifadelerini kulland\u0131. \u200bBursa Gemlik Belediyesi U\u011fur B\u00f6cekleri Kre\u015fi\u2019nde e\u011fitim g\u00f6ren minikler, do\u011fayla i\u00e7 i\u00e7e keyifli bir g\u00fcn ge\u00e7irdi.BURSA (\u0130GFA) &#8211; Muratoba Mahallesi\u2019nde bulunan, belediyeye ait seray\u0131 ziyaret eden minikler, hem \u00fcretimin temelini yerinde g\u00f6rme f\u0131rsat\u0131 buldu hem de do\u011fayla bulu\u015ftu. \u00d6\u011fretmenleri rehberli\u011finde ger\u00e7ekle\u015fen ziyarette \u00e7ocuklar, serada yeti\u015ftirilen \u00fcr\u00fcnleri dikkatle inceledi. &hellip;\" \/>\n<meta property=\"og:url\" content=\"https:\/\/denizcankizil.tr\/de\/haberler\/gundem\/bursa-gemlikte-ugur-bocekleri-dogayla-bulustu\/\" \/>\n<meta property=\"og:site_name\" content=\"Av. Deniz Can K\u0131z\u0131l\" \/>\n<meta property=\"article:published_time\" content=\"2025-06-18T14:42:32+00:00\" \/>\n<meta name=\"author\" content=\"admin\" \/>\n<meta name=\"twitter:card\" content=\"summary_large_image\" \/>\n<meta name=\"twitter:label1\" content=\"Verfasst von\" \/>\n\t<meta name=\"twitter:data1\" content=\"admin\" \/>\n\t<meta name=\"twitter:label2\" content=\"Gesch\u00e4tzte Lesezeit\" \/>\n\t<meta name=\"twitter:data2\" content=\"2\u00a0Minuten\" \/>\n<script type=\"application\/ld+json\" class=\"yoast-schema-graph\">{\"@context\":\"https:\/\/schema.org\",\"@graph\":[{\"@type\":\"Article\",\"@id\":\"https:\/\/denizcankizil.tr\/de\/haberler\/gundem\/bursa-gemlikte-ugur-bocekleri-dogayla-bulustu\/#article\",\"isPartOf\":{\"@id\":\"https:\/\/denizcankizil.tr\/de\/haberler\/gundem\/bursa-gemlikte-ugur-bocekleri-dogayla-bulustu\/\"},\"author\":{\"name\":\"admin\",\"@id\":\"https:\/\/denizcankizil.tr\/de\/#\/schema\/person\/be3c05fe6a12686905512445d8185489\"},\"headline\":\"Bursa Gemlik&#8217;te U\u011fur B\u00f6cekleri do\u011fayla bulu\u015ftu\",\"datePublished\":\"2025-06-18T14:42:32+00:00\",\"mainEntityOfPage\":{\"@id\":\"https:\/\/denizcankizil.tr\/de\/haberler\/gundem\/bursa-gemlikte-ugur-bocekleri-dogayla-bulustu\/\"},\"wordCount\":463,\"publisher\":{\"@id\":\"https:\/\/denizcankizil.tr\/de\/#organization\"},\"articleSection\":[\"G\u00fcndem\"],\"inLanguage\":\"de\"},{\"@type\":\"WebPage\",\"@id\":\"https:\/\/denizcankizil.tr\/de\/haberler\/gundem\/bursa-gemlikte-ugur-bocekleri-dogayla-bulustu\/\",\"url\":\"https:\/\/denizcankizil.tr\/de\/haberler\/gundem\/bursa-gemlikte-ugur-bocekleri-dogayla-bulustu\/\",\"name\":\"Bursa Gemlik'te U\u011fur B\u00f6cekleri do\u011fayla bulu\u015ftu - Av. Deniz Can K\u0131z\u0131l\",\"isPartOf\":{\"@id\":\"https:\/\/denizcankizil.tr\/de\/#website\"},\"datePublished\":\"2025-06-18T14:42:32+00:00\",\"breadcrumb\":{\"@id\":\"https:\/\/denizcankizil.tr\/de\/haberler\/gundem\/bursa-gemlikte-ugur-bocekleri-dogayla-bulustu\/#breadcrumb\"},\"inLanguage\":\"de\",\"potentialAction\":[{\"@type\":\"ReadAction\",\"target\":[\"https:\/\/denizcankizil.tr\/de\/haberler\/gundem\/bursa-gemlikte-ugur-bocekleri-dogayla-bulustu\/\"]}]},{\"@type\":\"BreadcrumbList\",\"@id\":\"https:\/\/denizcankizil.tr\/de\/haberler\/gundem\/bursa-gemlikte-ugur-bocekleri-dogayla-bulustu\/#breadcrumb\",\"itemListElement\":[{\"@type\":\"ListItem\",\"position\":1,\"name\":\"Home\",\"item\":\"https:\/\/denizcankizil.tr\/de\/\"},{\"@type\":\"ListItem\",\"position\":2,\"name\":\"Bursa Gemlik&#8217;te U\u011fur B\u00f6cekleri do\u011fayla bulu\u015ftu\"}]},{\"@type\":\"WebSite\",\"@id\":\"https:\/\/denizcankizil.tr\/de\/#website\",\"url\":\"https:\/\/denizcankizil.tr\/de\/\",\"name\":\"Av. Deniz Can K\u0131z\u0131l\",\"description\":\"Avukat Deniz Can K\u0131z\u0131l Antalya Barosu\",\"publisher\":{\"@id\":\"https:\/\/denizcankizil.tr\/de\/#organization\"},\"potentialAction\":[{\"@type\":\"SearchAction\",\"target\":{\"@type\":\"EntryPoint\",\"urlTemplate\":\"https:\/\/denizcankizil.tr\/de\/?s={search_term_string}\"},\"query-input\":{\"@type\":\"PropertyValueSpecification\",\"valueRequired\":true,\"valueName\":\"search_term_string\"}}],\"inLanguage\":\"de\"},{\"@type\":\"Organization\",\"@id\":\"https:\/\/denizcankizil.tr\/de\/#organization\",\"name\":\"Av. Deniz Can K\u0131z\u0131l\",\"url\":\"https:\/\/denizcankizil.tr\/de\/\",\"logo\":{\"@type\":\"ImageObject\",\"inLanguage\":\"de\",\"@id\":\"https:\/\/denizcankizil.tr\/de\/#\/schema\/logo\/image\/\",\"url\":\"https:\/\/denizcankizil.tr\/wp-content\/uploads\/2024\/10\/siyah-logo-svg.svg\",\"contentUrl\":\"https:\/\/denizcankizil.tr\/wp-content\/uploads\/2024\/10\/siyah-logo-svg.svg\",\"width\":1080,\"height\":1080,\"caption\":\"Av. Deniz Can K\u0131z\u0131l\"},\"image\":{\"@id\":\"https:\/\/denizcankizil.tr\/de\/#\/schema\/logo\/image\/\"}},{\"@type\":\"Person\",\"@id\":\"https:\/\/denizcankizil.tr\/de\/#\/schema\/person\/be3c05fe6a12686905512445d8185489\",\"name\":\"admin\",\"image\":{\"@type\":\"ImageObject\",\"inLanguage\":\"de\",\"@id\":\"https:\/\/denizcankizil.tr\/de\/#\/schema\/person\/image\/\",\"url\":\"https:\/\/secure.gravatar.com\/avatar\/c1fce94c830dc79107e174f890d7210541c4a63e8e5d816341794a2151c9d58c?s=96&d=mm&r=g\",\"contentUrl\":\"https:\/\/secure.gravatar.com\/avatar\/c1fce94c830dc79107e174f890d7210541c4a63e8e5d816341794a2151c9d58c?s=96&d=mm&r=g\",\"caption\":\"admin\"},\"sameAs\":[\"http:\/\/denizcankizil.tr\"],\"url\":\"https:\/\/www.iskenderun.org\/bursa-gemlikte-ugur-bocekleri-dogayla-bulustu\"}]}<\/script>\n<!-- \/ Yoast SEO Premium plugin. -->","yoast_head_json":{"title":"Bursa Gemlik'te U\u011fur B\u00f6cekleri do\u011fayla bulu\u015ftu - Av. Deniz Can K\u0131z\u0131l","robots":{"index":"index","follow":"follow","max-snippet":"max-snippet:-1","max-image-preview":"max-image-preview:large","max-video-preview":"max-video-preview:-1"},"canonical":"https:\/\/denizcankizil.tr\/de\/haberler\/gundem\/bursa-gemlikte-ugur-bocekleri-dogayla-bulustu\/","og_locale":"de_DE","og_type":"article","og_title":"Bursa Gemlik'te U\u011fur B\u00f6cekleri do\u011fayla bulu\u015ftu","og_description":"Bursa Gemlik Belediyesi U\u011fur B\u00f6cekleri Kre\u015fi\u2019nde e\u011fitim g\u00f6ren minikler, do\u011fayla i\u00e7 i\u00e7e keyifli bir g\u00fcn ge\u00e7irdi.BURSA (\u0130GFA) &#8211; Muratoba Mahallesi\u2019nde bulunan, belediyeye ait seray\u0131 ziyaret eden minikler, hem \u00fcretimin temelini yerinde g\u00f6rme f\u0131rsat\u0131 buldu hem de do\u011fayla bulu\u015ftu. \u00d6\u011fretmenleri rehberli\u011finde ger\u00e7ekle\u015fen ziyarette \u00e7ocuklar, serada yeti\u015ftirilen \u00fcr\u00fcnleri dikkatle inceledi. \u00d6\u011frenciler, dal\u0131ndan kopard\u0131klar\u0131 taze sebzeleri b\u00fcy\u00fck bir merak ve heyecanla toplad\u0131. Ziyaret s\u0131ras\u0131nda Park ve Bah\u00e7eler M\u00fcd\u00fcr\u00fc Alihan Kuzu, \u00e7ocuklara \u00e7e\u015fitli sebze tohumlar\u0131 hediye etti. \u00c7ocuklara tohumlar\u0131n nas\u0131l ekilece\u011fini ve nas\u0131l bak\u0131lmas\u0131 gerekti\u011fini anlatan Kuzu, k\u00fc\u00e7\u00fck ya\u015flarda do\u011fayla ba\u011f kurman\u0131n \u00f6nemine dikkat \u00e7ekti. Gemlik Belediye Ba\u015fkan\u0131 \u015e\u00fckr\u00fc Deviren, bu gezilerin \u00e7ocuklar\u0131n geli\u015fimine b\u00fcy\u00fck katk\u0131 sa\u011flad\u0131\u011f\u0131n\u0131 belirtti. Ba\u015fkan Deviren, \u201cU\u011fur B\u00f6cekleri Kre\u015fi \u00f6\u011frencilerimizin seram\u0131z\u0131 ziyaret etmesinden b\u00fcy\u00fck memnuniyet duydum. Miniklerin toprakla bulu\u015fmas\u0131, do\u011fayla tan\u0131\u015fmas\u0131 ve \u00fcretimin ne demek oldu\u011funu yerinde g\u00f6zlemlemesi \u00e7ok k\u0131ymetli. Bu noktada duyarl\u0131 \u00f6\u011fretmenlerimizi kutluyorum. Gelece\u011fimizi emanet edece\u011fimiz \u00e7ocuklar\u0131m\u0131z\u0131n erken ya\u015flarda do\u011fa sevgisi kazanmas\u0131, onlar\u0131 daha bilin\u00e7li bireyler olarak yeti\u015ftirecektir\u201d ifadelerini kulland\u0131. \u200bBursa Gemlik Belediyesi U\u011fur B\u00f6cekleri Kre\u015fi\u2019nde e\u011fitim g\u00f6ren minikler, do\u011fayla i\u00e7 i\u00e7e keyifli bir g\u00fcn ge\u00e7irdi.BURSA (\u0130GFA) &#8211; Muratoba Mahallesi\u2019nde bulunan, belediyeye ait seray\u0131 ziyaret eden minikler, hem \u00fcretimin temelini yerinde g\u00f6rme f\u0131rsat\u0131 buldu hem de do\u011fayla bulu\u015ftu. \u00d6\u011fretmenleri rehberli\u011finde ger\u00e7ekle\u015fen ziyarette \u00e7ocuklar, serada yeti\u015ftirilen \u00fcr\u00fcnleri dikkatle inceledi. &hellip;","og_url":"https:\/\/denizcankizil.tr\/de\/haberler\/gundem\/bursa-gemlikte-ugur-bocekleri-dogayla-bulustu\/","og_site_name":"Av. Deniz Can K\u0131z\u0131l","article_published_time":"2025-06-18T14:42:32+00:00","author":"admin","twitter_card":"summary_large_image","twitter_misc":{"Verfasst von":"admin","Gesch\u00e4tzte Lesezeit":"2\u00a0Minuten"},"schema":{"@context":"https:\/\/schema.org","@graph":[{"@type":"Article","@id":"https:\/\/denizcankizil.tr\/de\/haberler\/gundem\/bursa-gemlikte-ugur-bocekleri-dogayla-bulustu\/#article","isPartOf":{"@id":"https:\/\/denizcankizil.tr\/de\/haberler\/gundem\/bursa-gemlikte-ugur-bocekleri-dogayla-bulustu\/"},"author":{"name":"admin","@id":"https:\/\/denizcankizil.tr\/de\/#\/schema\/person\/be3c05fe6a12686905512445d8185489"},"headline":"Bursa Gemlik&#8217;te U\u011fur B\u00f6cekleri do\u011fayla bulu\u015ftu","datePublished":"2025-06-18T14:42:32+00:00","mainEntityOfPage":{"@id":"https:\/\/denizcankizil.tr\/de\/haberler\/gundem\/bursa-gemlikte-ugur-bocekleri-dogayla-bulustu\/"},"wordCount":463,"publisher":{"@id":"https:\/\/denizcankizil.tr\/de\/#organization"},"articleSection":["G\u00fcndem"],"inLanguage":"de"},{"@type":"WebPage","@id":"https:\/\/denizcankizil.tr\/de\/haberler\/gundem\/bursa-gemlikte-ugur-bocekleri-dogayla-bulustu\/","url":"https:\/\/denizcankizil.tr\/de\/haberler\/gundem\/bursa-gemlikte-ugur-bocekleri-dogayla-bulustu\/","name":"Bursa Gemlik'te U\u011fur B\u00f6cekleri do\u011fayla bulu\u015ftu - Av. Deniz Can K\u0131z\u0131l","isPartOf":{"@id":"https:\/\/denizcankizil.tr\/de\/#website"},"datePublished":"2025-06-18T14:42:32+00:00","breadcrumb":{"@id":"https:\/\/denizcankizil.tr\/de\/haberler\/gundem\/bursa-gemlikte-ugur-bocekleri-dogayla-bulustu\/#breadcrumb"},"inLanguage":"de","potentialAction":[{"@type":"ReadAction","target":["https:\/\/denizcankizil.tr\/de\/haberler\/gundem\/bursa-gemlikte-ugur-bocekleri-dogayla-bulustu\/"]}]},{"@type":"BreadcrumbList","@id":"https:\/\/denizcankizil.tr\/de\/haberler\/gundem\/bursa-gemlikte-ugur-bocekleri-dogayla-bulustu\/#breadcrumb","itemListElement":[{"@type":"ListItem","position":1,"name":"Home","item":"https:\/\/denizcankizil.tr\/de\/"},{"@type":"ListItem","position":2,"name":"Bursa Gemlik&#8217;te U\u011fur B\u00f6cekleri do\u011fayla bulu\u015ftu"}]},{"@type":"WebSite","@id":"https:\/\/denizcankizil.tr\/de\/#website","url":"https:\/\/denizcankizil.tr\/de\/","name":"Av. Deniz Can K\u0131z\u0131l","description":"Avukat Deniz Can K\u0131z\u0131l Antalya Barosu","publisher":{"@id":"https:\/\/denizcankizil.tr\/de\/#organization"},"potentialAction":[{"@type":"SearchAction","target":{"@type":"EntryPoint","urlTemplate":"https:\/\/denizcankizil.tr\/de\/?s={search_term_string}"},"query-input":{"@type":"PropertyValueSpecification","valueRequired":true,"valueName":"search_term_string"}}],"inLanguage":"de"},{"@type":"Organization","@id":"https:\/\/denizcankizil.tr\/de\/#organization","name":"Av. Deniz Can K\u0131z\u0131l","url":"https:\/\/denizcankizil.tr\/de\/","logo":{"@type":"ImageObject","inLanguage":"de","@id":"https:\/\/denizcankizil.tr\/de\/#\/schema\/logo\/image\/","url":"https:\/\/denizcankizil.tr\/wp-content\/uploads\/2024\/10\/siyah-logo-svg.svg","contentUrl":"https:\/\/denizcankizil.tr\/wp-content\/uploads\/2024\/10\/siyah-logo-svg.svg","width":1080,"height":1080,"caption":"Av. Deniz Can K\u0131z\u0131l"},"image":{"@id":"https:\/\/denizcankizil.tr\/de\/#\/schema\/logo\/image\/"}},{"@type":"Person","@id":"https:\/\/denizcankizil.tr\/de\/#\/schema\/person\/be3c05fe6a12686905512445d8185489","name":"Administrator","image":{"@type":"ImageObject","inLanguage":"de","@id":"https:\/\/denizcankizil.tr\/de\/#\/schema\/person\/image\/","url":"https:\/\/secure.gravatar.com\/avatar\/c1fce94c830dc79107e174f890d7210541c4a63e8e5d816341794a2151c9d58c?s=96&d=mm&r=g","contentUrl":"https:\/\/secure.gravatar.com\/avatar\/c1fce94c830dc79107e174f890d7210541c4a63e8e5d816341794a2151c9d58c?s=96&d=mm&r=g","caption":"admin"},"sameAs":["http:\/\/denizcankizil.tr"],"url":"https:\/\/www.iskenderun.org\/bursa-gemlikte-ugur-bocekleri-dogayla-bulustu"}]}},"_links":{"self":[{"href":"https:\/\/denizcankizil.tr\/de\/wp-json\/wp\/v2\/posts\/119518","targetHints":{"allow":["GET"]}}],"collection":[{"href":"https:\/\/denizcankizil.tr\/de\/wp-json\/wp\/v2\/posts"}],"about":[{"href":"https:\/\/denizcankizil.tr\/de\/wp-json\/wp\/v2\/types\/post"}],"author":[{"embeddable":true,"href":"https:\/\/denizcankizil.tr\/de\/wp-json\/wp\/v2\/users\/1"}],"replies":[{"embeddable":true,"href":"https:\/\/denizcankizil.tr\/de\/wp-json\/wp\/v2\/comments?post=119518"}],"version-history":[{"count":0,"href":"https:\/\/denizcankizil.tr\/de\/wp-json\/wp\/v2\/posts\/119518\/revisions"}],"wp:attachment":[{"href":"https:\/\/denizcankizil.tr\/de\/wp-json\/wp\/v2\/media?parent=119518"}],"wp:term":[{"taxonomy":"category","embeddable":true,"href":"https:\/\/denizcankizil.tr\/de\/wp-json\/wp\/v2\/categories?post=119518"},{"taxonomy":"post_tag","embeddable":true,"href":"https:\/\/denizcankizil.tr\/de\/wp-json\/wp\/v2\/tags?post=119518"}],"curies":[{"name":"wp","href":"https:\/\/api.w.org\/{rel}","templated":true}]}}