{"id":119213,"date":"2025-06-18T11:41:38","date_gmt":"2025-06-18T08:41:38","guid":{"rendered":"https:\/\/denizcankizil.tr\/uncategorized-tr\/soner-ustaoglu-anisina-tiyatro-gunleri\/"},"modified":"2025-06-18T11:41:38","modified_gmt":"2025-06-18T08:41:38","slug":"soner-ustaoglu-anisina-tiyatro-gunleri","status":"publish","type":"post","link":"https:\/\/denizcankizil.tr\/de\/haberler\/antalya\/soner-ustaoglu-anisina-tiyatro-gunleri\/","title":{"rendered":"Soner Ustao\u011flu an\u0131s\u0131na tiyatro g\u00fcnleri"},"content":{"rendered":"<p>Yakaland\u0131\u011f\u0131 hastal\u0131k sonucu 2021 y\u0131l\u0131nda hayata veda eden Avukat Soner Ustao\u011flu an\u0131s\u0131na d\u00fczenlenen tiyatro g\u00fcnleri bu y\u0131l d\u00f6rd\u00fcnc\u00fc kez &#8220;Perde&#8221; diyecek. Muratpa\u015fa Belediyesi ve Antalya Barosu\u2019nun d\u00fczenledi\u011fi etkinlikte T\u00fcrkiye\u2019nin d\u00f6rt bir yan\u0131ndan gelen barolar 6 farkl\u0131 oyunla sahnede olacak. Oyunlar, T\u00fcrkan \u015eoray K\u00fclt\u00fcr Merkezi\u2019nde her ak\u015fam 20.00\u2019de seyirciyle bulu\u015facak.<br \/>\n4. Soner Ustao\u011flu Tiyatro G\u00fcnleri, Antalya Barosu Tiyatro Toplulu\u011fu\u2019nun oynayaca\u011f\u0131 &#8220;J\u00fcri&#8221; isimli oyunla 19 Haziran\u2019da a\u00e7\u0131l\u0131\u015f yapacak. 20 Haziran\u2019da Bursa Barosu Tiyatro Advocato &#8220;Bir Efes Masal\u0131&#8221;, 21 Haziran\u2019da \u0130zmir Barosu Tiyatro Toplulu\u011fu &#8220;Bir Kad\u0131n Bir D\u00fc\u015f Bir Oyun&#8221; isimli oyunlarla sahnede olacak.<br \/>\nEski\u015fehir Sui Generis Tiyatro\u2019nun 22 Haziran\u2019da sahneleyece\u011fi &#8220;A\u00e7\u0131k Denizde&#8221; oyunuyla devam edecek 4. Avukat Soner Ustao\u011flu Tiyatro G\u00fcnleri\u2019nde 23 Haziran\u2019da ise Diyarbak\u0131r Barosu\u2019nun &#8220;Japon Kuklas\u0131&#8221; oyunu seyirciyle bulu\u015facak. Tiyatro G\u00fcnleri, 24 Haziran\u2019da Antalya Barosu Y\u0131rt\u0131k C\u00fcppe Tiyatro Toplulu\u011fu\u2019nun sahneleyece\u011fi &#8220;Ka\u00e7 Baba Ka\u00e7&#8221; \u2018oyunuyla sona erecek.<\/p>\n<p>Kaynak: www.kanalv.com.tr Haber Sitesinden Al\u0131nm\u0131\u015ft\u0131r.<\/p>","protected":false},"excerpt":{"rendered":"<p>Yakaland\u0131\u011f\u0131 hastal\u0131k sonucu 2021 y\u0131l\u0131nda hayata veda eden Avukat Soner Ustao\u011flu an\u0131s\u0131na d\u00fczenlenen tiyatro g\u00fcnleri bu y\u0131l d\u00f6rd\u00fcnc\u00fc kez &#8220;Perde&#8221; diyecek. Muratpa\u015fa Belediyesi ve Antalya Barosu\u2019nun d\u00fczenledi\u011fi etkinlikte T\u00fcrkiye\u2019nin d\u00f6rt bir yan\u0131ndan gelen barolar 6 farkl\u0131 oyunla sahnede olacak. Oyunlar, T\u00fcrkan \u015eoray K\u00fclt\u00fcr Merkezi\u2019nde her ak\u015fam 20.00\u2019de seyirciyle bulu\u015facak. 4. Soner Ustao\u011flu Tiyatro G\u00fcnleri, Antalya Barosu Tiyatro Toplulu\u011fu\u2019nun oynayaca\u011f\u0131 &#8220;J\u00fcri&#8221; isimli oyunla 19 Haziran\u2019da a\u00e7\u0131l\u0131\u015f yapacak. 20 Haziran\u2019da Bursa Barosu Tiyatro Advocato &#8220;Bir Efes Masal\u0131&#8221;, 21 Haziran\u2019da \u0130zmir Barosu Tiyatro Toplulu\u011fu &#8220;Bir Kad\u0131n Bir D\u00fc\u015f Bir Oyun&#8221; isimli oyunlarla sahnede olacak. Eski\u015fehir Sui Generis Tiyatro\u2019nun 22 Haziran\u2019da sahneleyece\u011fi &#8220;A\u00e7\u0131k Denizde&#8221; oyunuyla devam edecek 4. Avukat Soner Ustao\u011flu Tiyatro G\u00fcnleri\u2019nde 23 Haziran\u2019da ise Diyarbak\u0131r Barosu\u2019nun &#8220;Japon Kuklas\u0131&#8221; oyunu seyirciyle bulu\u015facak. Tiyatro G\u00fcnleri, 24 Haziran\u2019da Antalya Barosu Y\u0131rt\u0131k C\u00fcppe Tiyatro Toplulu\u011fu\u2019nun sahneleyece\u011fi &#8220;Ka\u00e7 Baba Ka\u00e7&#8221; \u2018oyunuyla sona erecek. Kaynak: www.kanalv.com.tr Haber Sitesinden Al\u0131nm\u0131\u015ft\u0131r.<\/p>","protected":false},"author":4,"featured_media":119214,"comment_status":"","ping_status":"open","sticky":false,"template":"","format":"standard","meta":{"_acf_changed":false,"footnotes":""},"categories":[26],"tags":[],"class_list":["post-119213","post","type-post","status-publish","format-standard","has-post-thumbnail","hentry","category-antalya"],"acf":[],"yoast_head":"<!-- This site is optimized with the Yoast SEO Premium plugin v26.6 (Yoast SEO v27.1.1) - https:\/\/yoast.com\/product\/yoast-seo-premium-wordpress\/ -->\n<title>Soner Ustao\u011flu an\u0131s\u0131na tiyatro g\u00fcnleri - Av. Deniz Can K\u0131z\u0131l<\/title>\n<meta name=\"robots\" content=\"index, follow, max-snippet:-1, max-image-preview:large, max-video-preview:-1\" \/>\n<link rel=\"canonical\" href=\"https:\/\/denizcankizil.tr\/de\/haberler\/antalya\/soner-ustaoglu-anisina-tiyatro-gunleri\/\" \/>\n<meta property=\"og:locale\" content=\"de_DE\" \/>\n<meta property=\"og:type\" content=\"article\" \/>\n<meta property=\"og:title\" content=\"Soner Ustao\u011flu an\u0131s\u0131na tiyatro g\u00fcnleri\" \/>\n<meta property=\"og:description\" content=\"Yakaland\u0131\u011f\u0131 hastal\u0131k sonucu 2021 y\u0131l\u0131nda hayata veda eden Avukat Soner Ustao\u011flu an\u0131s\u0131na d\u00fczenlenen tiyatro g\u00fcnleri bu y\u0131l d\u00f6rd\u00fcnc\u00fc kez &#8220;Perde&#8221; diyecek. Muratpa\u015fa Belediyesi ve Antalya Barosu\u2019nun d\u00fczenledi\u011fi etkinlikte T\u00fcrkiye\u2019nin d\u00f6rt bir yan\u0131ndan gelen barolar 6 farkl\u0131 oyunla sahnede olacak. Oyunlar, T\u00fcrkan \u015eoray K\u00fclt\u00fcr Merkezi\u2019nde her ak\u015fam 20.00\u2019de seyirciyle bulu\u015facak. 4. Soner Ustao\u011flu Tiyatro G\u00fcnleri, Antalya Barosu Tiyatro Toplulu\u011fu\u2019nun oynayaca\u011f\u0131 &#8220;J\u00fcri&#8221; isimli oyunla 19 Haziran\u2019da a\u00e7\u0131l\u0131\u015f yapacak. 20 Haziran\u2019da Bursa Barosu Tiyatro Advocato &#8220;Bir Efes Masal\u0131&#8221;, 21 Haziran\u2019da \u0130zmir Barosu Tiyatro Toplulu\u011fu &#8220;Bir Kad\u0131n Bir D\u00fc\u015f Bir Oyun&#8221; isimli oyunlarla sahnede olacak. Eski\u015fehir Sui Generis Tiyatro\u2019nun 22 Haziran\u2019da sahneleyece\u011fi &#8220;A\u00e7\u0131k Denizde&#8221; oyunuyla devam edecek 4. Avukat Soner Ustao\u011flu Tiyatro G\u00fcnleri\u2019nde 23 Haziran\u2019da ise Diyarbak\u0131r Barosu\u2019nun &#8220;Japon Kuklas\u0131&#8221; oyunu seyirciyle bulu\u015facak. Tiyatro G\u00fcnleri, 24 Haziran\u2019da Antalya Barosu Y\u0131rt\u0131k C\u00fcppe Tiyatro Toplulu\u011fu\u2019nun sahneleyece\u011fi &#8220;Ka\u00e7 Baba Ka\u00e7&#8221; \u2018oyunuyla sona erecek. Kaynak: www.kanalv.com.tr Haber Sitesinden Al\u0131nm\u0131\u015ft\u0131r.\" \/>\n<meta property=\"og:url\" content=\"https:\/\/denizcankizil.tr\/de\/haberler\/antalya\/soner-ustaoglu-anisina-tiyatro-gunleri\/\" \/>\n<meta property=\"og:site_name\" content=\"Av. Deniz Can K\u0131z\u0131l\" \/>\n<meta property=\"article:published_time\" content=\"2025-06-18T08:41:38+00:00\" \/>\n<meta property=\"og:image\" content=\"https:\/\/denizcankizil.tr\/wp-content\/uploads\/2025\/06\/6922-01-GG7yv1.jpg\" \/>\n\t<meta property=\"og:image:width\" content=\"1280\" \/>\n\t<meta property=\"og:image:height\" content=\"720\" \/>\n\t<meta property=\"og:image:type\" content=\"image\/jpeg\" \/>\n<meta name=\"author\" content=\"Av. Deniz Can K\u0131z\u0131l\" \/>\n<meta name=\"twitter:card\" content=\"summary_large_image\" \/>\n<meta name=\"twitter:label1\" content=\"Verfasst von\" \/>\n\t<meta name=\"twitter:data1\" content=\"Av. Deniz Can K\u0131z\u0131l\" \/>\n\t<meta name=\"twitter:label2\" content=\"Gesch\u00e4tzte Lesezeit\" \/>\n\t<meta name=\"twitter:data2\" content=\"1\u00a0Minute\" \/>\n<script type=\"application\/ld+json\" class=\"yoast-schema-graph\">{\"@context\":\"https:\/\/schema.org\",\"@graph\":[{\"@type\":\"Article\",\"@id\":\"https:\/\/denizcankizil.tr\/de\/haberler\/antalya\/soner-ustaoglu-anisina-tiyatro-gunleri\/#article\",\"isPartOf\":{\"@id\":\"https:\/\/denizcankizil.tr\/de\/haberler\/antalya\/soner-ustaoglu-anisina-tiyatro-gunleri\/\"},\"author\":{\"name\":\"Av. Deniz Can K\u0131z\u0131l\",\"@id\":\"https:\/\/denizcankizil.tr\/de\/#\/schema\/person\/5dc1b22991bd7ac833867c10afc9b0ff\"},\"headline\":\"Soner Ustao\u011flu an\u0131s\u0131na tiyatro g\u00fcnleri\",\"datePublished\":\"2025-06-18T08:41:38+00:00\",\"mainEntityOfPage\":{\"@id\":\"https:\/\/denizcankizil.tr\/de\/haberler\/antalya\/soner-ustaoglu-anisina-tiyatro-gunleri\/\"},\"wordCount\":202,\"publisher\":{\"@id\":\"https:\/\/denizcankizil.tr\/de\/#organization\"},\"image\":{\"@id\":\"https:\/\/denizcankizil.tr\/de\/haberler\/antalya\/soner-ustaoglu-anisina-tiyatro-gunleri\/#primaryimage\"},\"thumbnailUrl\":\"https:\/\/denizcankizil.tr\/wp-content\/uploads\/2025\/06\/6922-01-GG7yv1.jpg\",\"articleSection\":[\"Antalya\"],\"inLanguage\":\"de\"},{\"@type\":\"WebPage\",\"@id\":\"https:\/\/denizcankizil.tr\/de\/haberler\/antalya\/soner-ustaoglu-anisina-tiyatro-gunleri\/\",\"url\":\"https:\/\/denizcankizil.tr\/de\/haberler\/antalya\/soner-ustaoglu-anisina-tiyatro-gunleri\/\",\"name\":\"Soner Ustao\u011flu an\u0131s\u0131na tiyatro g\u00fcnleri - Av. Deniz Can K\u0131z\u0131l\",\"isPartOf\":{\"@id\":\"https:\/\/denizcankizil.tr\/de\/#website\"},\"primaryImageOfPage\":{\"@id\":\"https:\/\/denizcankizil.tr\/de\/haberler\/antalya\/soner-ustaoglu-anisina-tiyatro-gunleri\/#primaryimage\"},\"image\":{\"@id\":\"https:\/\/denizcankizil.tr\/de\/haberler\/antalya\/soner-ustaoglu-anisina-tiyatro-gunleri\/#primaryimage\"},\"thumbnailUrl\":\"https:\/\/denizcankizil.tr\/wp-content\/uploads\/2025\/06\/6922-01-GG7yv1.jpg\",\"datePublished\":\"2025-06-18T08:41:38+00:00\",\"breadcrumb\":{\"@id\":\"https:\/\/denizcankizil.tr\/de\/haberler\/antalya\/soner-ustaoglu-anisina-tiyatro-gunleri\/#breadcrumb\"},\"inLanguage\":\"de\",\"potentialAction\":[{\"@type\":\"ReadAction\",\"target\":[\"https:\/\/denizcankizil.tr\/de\/haberler\/antalya\/soner-ustaoglu-anisina-tiyatro-gunleri\/\"]}]},{\"@type\":\"ImageObject\",\"inLanguage\":\"de\",\"@id\":\"https:\/\/denizcankizil.tr\/de\/haberler\/antalya\/soner-ustaoglu-anisina-tiyatro-gunleri\/#primaryimage\",\"url\":\"https:\/\/denizcankizil.tr\/wp-content\/uploads\/2025\/06\/6922-01-GG7yv1.jpg\",\"contentUrl\":\"https:\/\/denizcankizil.tr\/wp-content\/uploads\/2025\/06\/6922-01-GG7yv1.jpg\",\"width\":1280,\"height\":720},{\"@type\":\"BreadcrumbList\",\"@id\":\"https:\/\/denizcankizil.tr\/de\/haberler\/antalya\/soner-ustaoglu-anisina-tiyatro-gunleri\/#breadcrumb\",\"itemListElement\":[{\"@type\":\"ListItem\",\"position\":1,\"name\":\"Home\",\"item\":\"https:\/\/denizcankizil.tr\/de\/\"},{\"@type\":\"ListItem\",\"position\":2,\"name\":\"Soner Ustao\u011flu an\u0131s\u0131na tiyatro g\u00fcnleri\"}]},{\"@type\":\"WebSite\",\"@id\":\"https:\/\/denizcankizil.tr\/de\/#website\",\"url\":\"https:\/\/denizcankizil.tr\/de\/\",\"name\":\"Av. Deniz Can K\u0131z\u0131l\",\"description\":\"Avukat Deniz Can K\u0131z\u0131l Antalya Barosu\",\"publisher\":{\"@id\":\"https:\/\/denizcankizil.tr\/de\/#organization\"},\"potentialAction\":[{\"@type\":\"SearchAction\",\"target\":{\"@type\":\"EntryPoint\",\"urlTemplate\":\"https:\/\/denizcankizil.tr\/de\/?s={search_term_string}\"},\"query-input\":{\"@type\":\"PropertyValueSpecification\",\"valueRequired\":true,\"valueName\":\"search_term_string\"}}],\"inLanguage\":\"de\"},{\"@type\":\"Organization\",\"@id\":\"https:\/\/denizcankizil.tr\/de\/#organization\",\"name\":\"Av. Deniz Can K\u0131z\u0131l\",\"url\":\"https:\/\/denizcankizil.tr\/de\/\",\"logo\":{\"@type\":\"ImageObject\",\"inLanguage\":\"de\",\"@id\":\"https:\/\/denizcankizil.tr\/de\/#\/schema\/logo\/image\/\",\"url\":\"https:\/\/denizcankizil.tr\/wp-content\/uploads\/2024\/10\/siyah-logo-svg.svg\",\"contentUrl\":\"https:\/\/denizcankizil.tr\/wp-content\/uploads\/2024\/10\/siyah-logo-svg.svg\",\"width\":1080,\"height\":1080,\"caption\":\"Av. Deniz Can K\u0131z\u0131l\"},\"image\":{\"@id\":\"https:\/\/denizcankizil.tr\/de\/#\/schema\/logo\/image\/\"}},{\"@type\":\"Person\",\"@id\":\"https:\/\/denizcankizil.tr\/de\/#\/schema\/person\/5dc1b22991bd7ac833867c10afc9b0ff\",\"name\":\"Av. Deniz Can K\u0131z\u0131l\",\"image\":{\"@type\":\"ImageObject\",\"inLanguage\":\"de\",\"@id\":\"https:\/\/denizcankizil.tr\/de\/#\/schema\/person\/image\/\",\"url\":\"https:\/\/secure.gravatar.com\/avatar\/a0b128fb9855c79efc976d5640eedb31dc35ec297594d6016d2cf7c60e975bb6?s=96&d=mm&r=g\",\"contentUrl\":\"https:\/\/secure.gravatar.com\/avatar\/a0b128fb9855c79efc976d5640eedb31dc35ec297594d6016d2cf7c60e975bb6?s=96&d=mm&r=g\",\"caption\":\"Av. Deniz Can K\u0131z\u0131l\"},\"sameAs\":[\"http:\/\/www.denizcankizil.tr\"],\"url\":\"https:\/\/denizcankizil.tr\/de\/author\/denizcankizil\/\"}]}<\/script>\n<!-- \/ Yoast SEO Premium plugin. -->","yoast_head_json":{"title":"Soner Ustao\u011flu an\u0131s\u0131na tiyatro g\u00fcnleri - Av. Deniz Can K\u0131z\u0131l","robots":{"index":"index","follow":"follow","max-snippet":"max-snippet:-1","max-image-preview":"max-image-preview:large","max-video-preview":"max-video-preview:-1"},"canonical":"https:\/\/denizcankizil.tr\/de\/haberler\/antalya\/soner-ustaoglu-anisina-tiyatro-gunleri\/","og_locale":"de_DE","og_type":"article","og_title":"Soner Ustao\u011flu an\u0131s\u0131na tiyatro g\u00fcnleri","og_description":"Yakaland\u0131\u011f\u0131 hastal\u0131k sonucu 2021 y\u0131l\u0131nda hayata veda eden Avukat Soner Ustao\u011flu an\u0131s\u0131na d\u00fczenlenen tiyatro g\u00fcnleri bu y\u0131l d\u00f6rd\u00fcnc\u00fc kez &#8220;Perde&#8221; diyecek. Muratpa\u015fa Belediyesi ve Antalya Barosu\u2019nun d\u00fczenledi\u011fi etkinlikte T\u00fcrkiye\u2019nin d\u00f6rt bir yan\u0131ndan gelen barolar 6 farkl\u0131 oyunla sahnede olacak. Oyunlar, T\u00fcrkan \u015eoray K\u00fclt\u00fcr Merkezi\u2019nde her ak\u015fam 20.00\u2019de seyirciyle bulu\u015facak. 4. Soner Ustao\u011flu Tiyatro G\u00fcnleri, Antalya Barosu Tiyatro Toplulu\u011fu\u2019nun oynayaca\u011f\u0131 &#8220;J\u00fcri&#8221; isimli oyunla 19 Haziran\u2019da a\u00e7\u0131l\u0131\u015f yapacak. 20 Haziran\u2019da Bursa Barosu Tiyatro Advocato &#8220;Bir Efes Masal\u0131&#8221;, 21 Haziran\u2019da \u0130zmir Barosu Tiyatro Toplulu\u011fu &#8220;Bir Kad\u0131n Bir D\u00fc\u015f Bir Oyun&#8221; isimli oyunlarla sahnede olacak. Eski\u015fehir Sui Generis Tiyatro\u2019nun 22 Haziran\u2019da sahneleyece\u011fi &#8220;A\u00e7\u0131k Denizde&#8221; oyunuyla devam edecek 4. Avukat Soner Ustao\u011flu Tiyatro G\u00fcnleri\u2019nde 23 Haziran\u2019da ise Diyarbak\u0131r Barosu\u2019nun &#8220;Japon Kuklas\u0131&#8221; oyunu seyirciyle bulu\u015facak. Tiyatro G\u00fcnleri, 24 Haziran\u2019da Antalya Barosu Y\u0131rt\u0131k C\u00fcppe Tiyatro Toplulu\u011fu\u2019nun sahneleyece\u011fi &#8220;Ka\u00e7 Baba Ka\u00e7&#8221; \u2018oyunuyla sona erecek. Kaynak: www.kanalv.com.tr Haber Sitesinden Al\u0131nm\u0131\u015ft\u0131r.","og_url":"https:\/\/denizcankizil.tr\/de\/haberler\/antalya\/soner-ustaoglu-anisina-tiyatro-gunleri\/","og_site_name":"Av. Deniz Can K\u0131z\u0131l","article_published_time":"2025-06-18T08:41:38+00:00","og_image":[{"width":1280,"height":720,"url":"https:\/\/denizcankizil.tr\/wp-content\/uploads\/2025\/06\/6922-01-GG7yv1.jpg","type":"image\/jpeg"}],"author":"Av. Deniz Can K\u0131z\u0131l","twitter_card":"summary_large_image","twitter_misc":{"Verfasst von":"Av. Deniz Can K\u0131z\u0131l","Gesch\u00e4tzte Lesezeit":"1\u00a0Minute"},"schema":{"@context":"https:\/\/schema.org","@graph":[{"@type":"Article","@id":"https:\/\/denizcankizil.tr\/de\/haberler\/antalya\/soner-ustaoglu-anisina-tiyatro-gunleri\/#article","isPartOf":{"@id":"https:\/\/denizcankizil.tr\/de\/haberler\/antalya\/soner-ustaoglu-anisina-tiyatro-gunleri\/"},"author":{"name":"Av. Deniz Can K\u0131z\u0131l","@id":"https:\/\/denizcankizil.tr\/de\/#\/schema\/person\/5dc1b22991bd7ac833867c10afc9b0ff"},"headline":"Soner Ustao\u011flu an\u0131s\u0131na tiyatro g\u00fcnleri","datePublished":"2025-06-18T08:41:38+00:00","mainEntityOfPage":{"@id":"https:\/\/denizcankizil.tr\/de\/haberler\/antalya\/soner-ustaoglu-anisina-tiyatro-gunleri\/"},"wordCount":202,"publisher":{"@id":"https:\/\/denizcankizil.tr\/de\/#organization"},"image":{"@id":"https:\/\/denizcankizil.tr\/de\/haberler\/antalya\/soner-ustaoglu-anisina-tiyatro-gunleri\/#primaryimage"},"thumbnailUrl":"https:\/\/denizcankizil.tr\/wp-content\/uploads\/2025\/06\/6922-01-GG7yv1.jpg","articleSection":["Antalya"],"inLanguage":"de"},{"@type":"WebPage","@id":"https:\/\/denizcankizil.tr\/de\/haberler\/antalya\/soner-ustaoglu-anisina-tiyatro-gunleri\/","url":"https:\/\/denizcankizil.tr\/de\/haberler\/antalya\/soner-ustaoglu-anisina-tiyatro-gunleri\/","name":"Soner Ustao\u011flu an\u0131s\u0131na tiyatro g\u00fcnleri - Av. Deniz Can K\u0131z\u0131l","isPartOf":{"@id":"https:\/\/denizcankizil.tr\/de\/#website"},"primaryImageOfPage":{"@id":"https:\/\/denizcankizil.tr\/de\/haberler\/antalya\/soner-ustaoglu-anisina-tiyatro-gunleri\/#primaryimage"},"image":{"@id":"https:\/\/denizcankizil.tr\/de\/haberler\/antalya\/soner-ustaoglu-anisina-tiyatro-gunleri\/#primaryimage"},"thumbnailUrl":"https:\/\/denizcankizil.tr\/wp-content\/uploads\/2025\/06\/6922-01-GG7yv1.jpg","datePublished":"2025-06-18T08:41:38+00:00","breadcrumb":{"@id":"https:\/\/denizcankizil.tr\/de\/haberler\/antalya\/soner-ustaoglu-anisina-tiyatro-gunleri\/#breadcrumb"},"inLanguage":"de","potentialAction":[{"@type":"ReadAction","target":["https:\/\/denizcankizil.tr\/de\/haberler\/antalya\/soner-ustaoglu-anisina-tiyatro-gunleri\/"]}]},{"@type":"ImageObject","inLanguage":"de","@id":"https:\/\/denizcankizil.tr\/de\/haberler\/antalya\/soner-ustaoglu-anisina-tiyatro-gunleri\/#primaryimage","url":"https:\/\/denizcankizil.tr\/wp-content\/uploads\/2025\/06\/6922-01-GG7yv1.jpg","contentUrl":"https:\/\/denizcankizil.tr\/wp-content\/uploads\/2025\/06\/6922-01-GG7yv1.jpg","width":1280,"height":720},{"@type":"BreadcrumbList","@id":"https:\/\/denizcankizil.tr\/de\/haberler\/antalya\/soner-ustaoglu-anisina-tiyatro-gunleri\/#breadcrumb","itemListElement":[{"@type":"ListItem","position":1,"name":"Home","item":"https:\/\/denizcankizil.tr\/de\/"},{"@type":"ListItem","position":2,"name":"Soner Ustao\u011flu an\u0131s\u0131na tiyatro g\u00fcnleri"}]},{"@type":"WebSite","@id":"https:\/\/denizcankizil.tr\/de\/#website","url":"https:\/\/denizcankizil.tr\/de\/","name":"Av. Deniz Can K\u0131z\u0131l","description":"Avukat Deniz Can K\u0131z\u0131l Antalya Barosu","publisher":{"@id":"https:\/\/denizcankizil.tr\/de\/#organization"},"potentialAction":[{"@type":"SearchAction","target":{"@type":"EntryPoint","urlTemplate":"https:\/\/denizcankizil.tr\/de\/?s={search_term_string}"},"query-input":{"@type":"PropertyValueSpecification","valueRequired":true,"valueName":"search_term_string"}}],"inLanguage":"de"},{"@type":"Organization","@id":"https:\/\/denizcankizil.tr\/de\/#organization","name":"Av. Deniz Can K\u0131z\u0131l","url":"https:\/\/denizcankizil.tr\/de\/","logo":{"@type":"ImageObject","inLanguage":"de","@id":"https:\/\/denizcankizil.tr\/de\/#\/schema\/logo\/image\/","url":"https:\/\/denizcankizil.tr\/wp-content\/uploads\/2024\/10\/siyah-logo-svg.svg","contentUrl":"https:\/\/denizcankizil.tr\/wp-content\/uploads\/2024\/10\/siyah-logo-svg.svg","width":1080,"height":1080,"caption":"Av. Deniz Can K\u0131z\u0131l"},"image":{"@id":"https:\/\/denizcankizil.tr\/de\/#\/schema\/logo\/image\/"}},{"@type":"Person","@id":"https:\/\/denizcankizil.tr\/de\/#\/schema\/person\/5dc1b22991bd7ac833867c10afc9b0ff","name":"Av. Deniz Can K\u0131z\u0131l","image":{"@type":"ImageObject","inLanguage":"de","@id":"https:\/\/denizcankizil.tr\/de\/#\/schema\/person\/image\/","url":"https:\/\/secure.gravatar.com\/avatar\/a0b128fb9855c79efc976d5640eedb31dc35ec297594d6016d2cf7c60e975bb6?s=96&d=mm&r=g","contentUrl":"https:\/\/secure.gravatar.com\/avatar\/a0b128fb9855c79efc976d5640eedb31dc35ec297594d6016d2cf7c60e975bb6?s=96&d=mm&r=g","caption":"Av. Deniz Can K\u0131z\u0131l"},"sameAs":["http:\/\/www.denizcankizil.tr"],"url":"https:\/\/denizcankizil.tr\/de\/author\/denizcankizil\/"}]}},"_links":{"self":[{"href":"https:\/\/denizcankizil.tr\/de\/wp-json\/wp\/v2\/posts\/119213","targetHints":{"allow":["GET"]}}],"collection":[{"href":"https:\/\/denizcankizil.tr\/de\/wp-json\/wp\/v2\/posts"}],"about":[{"href":"https:\/\/denizcankizil.tr\/de\/wp-json\/wp\/v2\/types\/post"}],"author":[{"embeddable":true,"href":"https:\/\/denizcankizil.tr\/de\/wp-json\/wp\/v2\/users\/4"}],"replies":[{"embeddable":true,"href":"https:\/\/denizcankizil.tr\/de\/wp-json\/wp\/v2\/comments?post=119213"}],"version-history":[{"count":0,"href":"https:\/\/denizcankizil.tr\/de\/wp-json\/wp\/v2\/posts\/119213\/revisions"}],"wp:featuredmedia":[{"embeddable":true,"href":"https:\/\/denizcankizil.tr\/de\/wp-json\/wp\/v2\/media\/119214"}],"wp:attachment":[{"href":"https:\/\/denizcankizil.tr\/de\/wp-json\/wp\/v2\/media?parent=119213"}],"wp:term":[{"taxonomy":"category","embeddable":true,"href":"https:\/\/denizcankizil.tr\/de\/wp-json\/wp\/v2\/categories?post=119213"},{"taxonomy":"post_tag","embeddable":true,"href":"https:\/\/denizcankizil.tr\/de\/wp-json\/wp\/v2\/tags?post=119213"}],"curies":[{"name":"wp","href":"https:\/\/api.w.org\/{rel}","templated":true}]}}