{"id":118712,"date":"2025-06-17T16:42:14","date_gmt":"2025-06-17T13:42:14","guid":{"rendered":"https:\/\/denizcankizil.tr\/uncategorized-tr\/bakan-yumakli-kuraklik-ve-collesmeye-karsi-hedef-surdurulebilir-gelecek\/"},"modified":"2025-06-17T16:42:14","modified_gmt":"2025-06-17T13:42:14","slug":"bakan-yumakli-kuraklik-ve-collesmeye-karsi-hedef-surdurulebilir-gelecek","status":"publish","type":"post","link":"https:\/\/denizcankizil.tr\/de\/haberler\/gundem\/bakan-yumakli-kuraklik-ve-collesmeye-karsi-hedef-surdurulebilir-gelecek\/","title":{"rendered":"Bakan Yumakl\u0131: Kurakl\u0131k ve \u00e7\u00f6lle\u015fmeye kar\u015f\u0131 hedef s\u00fcrd\u00fcr\u00fclebilir gelecek"},"content":{"rendered":"<p>Tar\u0131m ve Orman Bakan\u0131 \u0130brahim Yumakl\u0131, kurakl\u0131k ve \u00e7\u00f6lle\u015fmeyle m\u00fccadelenin gelece\u011fi koruma anlam\u0131na geldi\u011fini belirterek, orman varl\u0131\u011f\u0131n\u0131 art\u0131rma ve do\u011fayla uyumlu politikalarla s\u00fcrd\u00fcr\u00fclebilirlik hedeflediklerini duyurdu.ANKARA (\u0130GFA) &#8211; Tar\u0131m ve Orman Bakan\u0131 \u0130brahim Yumakl\u0131, kurakl\u0131k ve \u00e7\u00f6lle\u015fmeyle m\u00fccadele kapsam\u0131nda y\u00fcr\u00fct\u00fclen \u00e7al\u0131\u015fmalara dikkat \u00e7ekti.<br \/>\nSosyal medya hesab\u0131ndan payla\u015f\u0131mda bulunan Bakan Yumakl\u0131, \u201cKurakl\u0131k ve \u00e7\u00f6lle\u015fmeye kar\u015f\u0131 m\u00fccadelemiz, sadece bug\u00fcn\u00fc de\u011fil, yar\u0131n\u0131 da koruma m\u00fccadelesidir\u201d diyerek, bu do\u011frultuda orman varl\u0131\u011f\u0131n\u0131 art\u0131rd\u0131klar\u0131n\u0131, toprak ve su kaynaklar\u0131na sahip \u00e7\u0131kt\u0131klar\u0131n\u0131 vurgulad\u0131.<br \/>\nDo\u011fayla uyumlu politikalarla s\u00fcrd\u00fcr\u00fclebilir bir gelecek in\u015fa etme hedefinde olduklar\u0131n\u0131 ifade eden Bakan Yumakl\u0131, \u201cOrman varl\u0131\u011f\u0131m\u0131z\u0131 art\u0131r\u0131yor, topra\u011f\u0131m\u0131za ve su kaynaklar\u0131m\u0131za sahip \u00e7\u0131karak gelece\u011fi koruyoruz\u201d diyerek bug\u00fcne kadar yap\u0131lan \u00e7al\u0131\u015fmalar\u0131 infografikle \u00f6zetledi.<\/p>\n<p>\u200bTar\u0131m ve Orman Bakan\u0131 \u0130brahim Yumakl\u0131, kurakl\u0131k ve \u00e7\u00f6lle\u015fmeyle m\u00fccadelenin gelece\u011fi koruma anlam\u0131na geldi\u011fini belirterek, orman varl\u0131\u011f\u0131n\u0131 art\u0131rma ve do\u011fayla uyumlu politikalarla s\u00fcrd\u00fcr\u00fclebilirlik hedeflediklerini duyurdu.ANKARA (\u0130GFA) &#8211; Tar\u0131m ve Orman Bakan\u0131 \u0130brahim Yumakl\u0131, kurakl\u0131k ve \u00e7\u00f6lle\u015fmeyle m\u00fccadele kapsam\u0131nda y\u00fcr\u00fct\u00fclen \u00e7al\u0131\u015fmalara dikkat \u00e7ekti.<br \/>\nSosyal medya hesab\u0131ndan payla\u015f\u0131mda bulunan Bakan Yumakl\u0131, \u201cKurakl\u0131k ve \u00e7\u00f6lle\u015fmeye kar\u015f\u0131 m\u00fccadelemiz, sadece bug\u00fcn\u00fc de\u011fil, yar\u0131n\u0131 da koruma m\u00fccadelesidir\u201d diyerek, bu do\u011frultuda orman varl\u0131\u011f\u0131n\u0131 art\u0131rd\u0131klar\u0131n\u0131, toprak ve su kaynaklar\u0131na sahip \u00e7\u0131kt\u0131klar\u0131n\u0131 vurgulad\u0131.<br \/>\nDo\u011fayla uyumlu politikalarla s\u00fcrd\u00fcr\u00fclebilir bir gelecek in\u015fa etme hedefinde olduklar\u0131n\u0131 ifade eden Bakan Yumakl\u0131, \u201cOrman varl\u0131\u011f\u0131m\u0131z\u0131 art\u0131r\u0131yor, topra\u011f\u0131m\u0131za ve su kaynaklar\u0131m\u0131za sahip \u00e7\u0131karak gelece\u011fi koruyoruz\u201d diyerek bug\u00fcne kadar yap\u0131lan \u00e7al\u0131\u015fmalar\u0131 infografikle \u00f6zetledi.\u00a0<\/p>\n<p>\u200bHaberin Al\u0131nt\u0131land\u0131\u011f\u0131 Kaynak: www.iskenderun.org<\/p>","protected":false},"excerpt":{"rendered":"<p>Tar\u0131m ve Orman Bakan\u0131 \u0130brahim Yumakl\u0131, kurakl\u0131k ve \u00e7\u00f6lle\u015fmeyle m\u00fccadelenin gelece\u011fi koruma anlam\u0131na geldi\u011fini belirterek, orman varl\u0131\u011f\u0131n\u0131 art\u0131rma ve do\u011fayla uyumlu politikalarla s\u00fcrd\u00fcr\u00fclebilirlik hedeflediklerini duyurdu.ANKARA (\u0130GFA) &#8211; Tar\u0131m ve Orman Bakan\u0131 \u0130brahim Yumakl\u0131, kurakl\u0131k ve \u00e7\u00f6lle\u015fmeyle m\u00fccadele kapsam\u0131nda y\u00fcr\u00fct\u00fclen \u00e7al\u0131\u015fmalara dikkat \u00e7ekti. Sosyal medya hesab\u0131ndan payla\u015f\u0131mda bulunan Bakan Yumakl\u0131, \u201cKurakl\u0131k ve \u00e7\u00f6lle\u015fmeye kar\u015f\u0131 m\u00fccadelemiz, sadece bug\u00fcn\u00fc de\u011fil, yar\u0131n\u0131 da koruma m\u00fccadelesidir\u201d diyerek, bu do\u011frultuda orman varl\u0131\u011f\u0131n\u0131 art\u0131rd\u0131klar\u0131n\u0131, toprak ve su kaynaklar\u0131na sahip \u00e7\u0131kt\u0131klar\u0131n\u0131 vurgulad\u0131. Do\u011fayla uyumlu politikalarla s\u00fcrd\u00fcr\u00fclebilir bir gelecek in\u015fa etme hedefinde olduklar\u0131n\u0131 ifade eden Bakan Yumakl\u0131, \u201cOrman varl\u0131\u011f\u0131m\u0131z\u0131 art\u0131r\u0131yor, topra\u011f\u0131m\u0131za ve su kaynaklar\u0131m\u0131za sahip \u00e7\u0131karak gelece\u011fi koruyoruz\u201d diyerek bug\u00fcne kadar yap\u0131lan \u00e7al\u0131\u015fmalar\u0131 infografikle \u00f6zetledi. \u200bTar\u0131m ve Orman Bakan\u0131 \u0130brahim Yumakl\u0131, kurakl\u0131k ve \u00e7\u00f6lle\u015fmeyle m\u00fccadelenin gelece\u011fi koruma anlam\u0131na geldi\u011fini belirterek, orman varl\u0131\u011f\u0131n\u0131 art\u0131rma ve do\u011fayla uyumlu politikalarla s\u00fcrd\u00fcr\u00fclebilirlik hedeflediklerini duyurdu.ANKARA (\u0130GFA) &#8211; Tar\u0131m ve Orman Bakan\u0131 \u0130brahim Yumakl\u0131, kurakl\u0131k ve \u00e7\u00f6lle\u015fmeyle m\u00fccadele kapsam\u0131nda y\u00fcr\u00fct\u00fclen \u00e7al\u0131\u015fmalara dikkat \u00e7ekti. Sosyal medya hesab\u0131ndan payla\u015f\u0131mda bulunan Bakan Yumakl\u0131, \u201cKurakl\u0131k ve \u00e7\u00f6lle\u015fmeye kar\u015f\u0131 m\u00fccadelemiz, sadece bug\u00fcn\u00fc de\u011fil, yar\u0131n\u0131 da koruma m\u00fccadelesidir\u201d diyerek, bu do\u011frultuda orman varl\u0131\u011f\u0131n\u0131 art\u0131rd\u0131klar\u0131n\u0131, toprak ve su kaynaklar\u0131na sahip \u00e7\u0131kt\u0131klar\u0131n\u0131 vurgulad\u0131. Do\u011fayla uyumlu politikalarla s\u00fcrd\u00fcr\u00fclebilir bir gelecek in\u015fa etme hedefinde olduklar\u0131n\u0131 ifade eden Bakan Yumakl\u0131, \u201cOrman varl\u0131\u011f\u0131m\u0131z\u0131 art\u0131r\u0131yor, topra\u011f\u0131m\u0131za ve su &hellip;<\/p>","protected":false},"author":1,"featured_media":0,"comment_status":"","ping_status":"open","sticky":false,"template":"","format":"standard","meta":{"_acf_changed":false,"footnotes":""},"categories":[24],"tags":[],"class_list":["post-118712","post","type-post","status-publish","format-standard","has-post-thumbnail","hentry","category-gundem"],"acf":[],"yoast_head":"<!-- This site is optimized with the Yoast SEO Premium plugin v26.6 (Yoast SEO v27.1.1) - https:\/\/yoast.com\/product\/yoast-seo-premium-wordpress\/ -->\n<title>Bakan Yumakl\u0131: Kurakl\u0131k ve \u00e7\u00f6lle\u015fmeye kar\u015f\u0131 hedef s\u00fcrd\u00fcr\u00fclebilir gelecek - Av. Deniz Can K\u0131z\u0131l<\/title>\n<meta name=\"robots\" content=\"index, follow, max-snippet:-1, max-image-preview:large, max-video-preview:-1\" \/>\n<link rel=\"canonical\" href=\"https:\/\/denizcankizil.tr\/de\/haberler\/gundem\/bakan-yumakli-kuraklik-ve-collesmeye-karsi-hedef-surdurulebilir-gelecek\/\" \/>\n<meta property=\"og:locale\" content=\"de_DE\" \/>\n<meta property=\"og:type\" content=\"article\" \/>\n<meta property=\"og:title\" content=\"Bakan Yumakl\u0131: Kurakl\u0131k ve \u00e7\u00f6lle\u015fmeye kar\u015f\u0131 hedef s\u00fcrd\u00fcr\u00fclebilir gelecek\" \/>\n<meta property=\"og:description\" content=\"Tar\u0131m ve Orman Bakan\u0131 \u0130brahim Yumakl\u0131, kurakl\u0131k ve \u00e7\u00f6lle\u015fmeyle m\u00fccadelenin gelece\u011fi koruma anlam\u0131na geldi\u011fini belirterek, orman varl\u0131\u011f\u0131n\u0131 art\u0131rma ve do\u011fayla uyumlu politikalarla s\u00fcrd\u00fcr\u00fclebilirlik hedeflediklerini duyurdu.ANKARA (\u0130GFA) &#8211; Tar\u0131m ve Orman Bakan\u0131 \u0130brahim Yumakl\u0131, kurakl\u0131k ve \u00e7\u00f6lle\u015fmeyle m\u00fccadele kapsam\u0131nda y\u00fcr\u00fct\u00fclen \u00e7al\u0131\u015fmalara dikkat \u00e7ekti. Sosyal medya hesab\u0131ndan payla\u015f\u0131mda bulunan Bakan Yumakl\u0131, \u201cKurakl\u0131k ve \u00e7\u00f6lle\u015fmeye kar\u015f\u0131 m\u00fccadelemiz, sadece bug\u00fcn\u00fc de\u011fil, yar\u0131n\u0131 da koruma m\u00fccadelesidir\u201d diyerek, bu do\u011frultuda orman varl\u0131\u011f\u0131n\u0131 art\u0131rd\u0131klar\u0131n\u0131, toprak ve su kaynaklar\u0131na sahip \u00e7\u0131kt\u0131klar\u0131n\u0131 vurgulad\u0131. Do\u011fayla uyumlu politikalarla s\u00fcrd\u00fcr\u00fclebilir bir gelecek in\u015fa etme hedefinde olduklar\u0131n\u0131 ifade eden Bakan Yumakl\u0131, \u201cOrman varl\u0131\u011f\u0131m\u0131z\u0131 art\u0131r\u0131yor, topra\u011f\u0131m\u0131za ve su kaynaklar\u0131m\u0131za sahip \u00e7\u0131karak gelece\u011fi koruyoruz\u201d diyerek bug\u00fcne kadar yap\u0131lan \u00e7al\u0131\u015fmalar\u0131 infografikle \u00f6zetledi. \u200bTar\u0131m ve Orman Bakan\u0131 \u0130brahim Yumakl\u0131, kurakl\u0131k ve \u00e7\u00f6lle\u015fmeyle m\u00fccadelenin gelece\u011fi koruma anlam\u0131na geldi\u011fini belirterek, orman varl\u0131\u011f\u0131n\u0131 art\u0131rma ve do\u011fayla uyumlu politikalarla s\u00fcrd\u00fcr\u00fclebilirlik hedeflediklerini duyurdu.ANKARA (\u0130GFA) &#8211; Tar\u0131m ve Orman Bakan\u0131 \u0130brahim Yumakl\u0131, kurakl\u0131k ve \u00e7\u00f6lle\u015fmeyle m\u00fccadele kapsam\u0131nda y\u00fcr\u00fct\u00fclen \u00e7al\u0131\u015fmalara dikkat \u00e7ekti. Sosyal medya hesab\u0131ndan payla\u015f\u0131mda bulunan Bakan Yumakl\u0131, \u201cKurakl\u0131k ve \u00e7\u00f6lle\u015fmeye kar\u015f\u0131 m\u00fccadelemiz, sadece bug\u00fcn\u00fc de\u011fil, yar\u0131n\u0131 da koruma m\u00fccadelesidir\u201d diyerek, bu do\u011frultuda orman varl\u0131\u011f\u0131n\u0131 art\u0131rd\u0131klar\u0131n\u0131, toprak ve su kaynaklar\u0131na sahip \u00e7\u0131kt\u0131klar\u0131n\u0131 vurgulad\u0131. Do\u011fayla uyumlu politikalarla s\u00fcrd\u00fcr\u00fclebilir bir gelecek in\u015fa etme hedefinde olduklar\u0131n\u0131 ifade eden Bakan Yumakl\u0131, \u201cOrman varl\u0131\u011f\u0131m\u0131z\u0131 art\u0131r\u0131yor, topra\u011f\u0131m\u0131za ve su &hellip;\" \/>\n<meta property=\"og:url\" content=\"https:\/\/denizcankizil.tr\/de\/haberler\/gundem\/bakan-yumakli-kuraklik-ve-collesmeye-karsi-hedef-surdurulebilir-gelecek\/\" \/>\n<meta property=\"og:site_name\" content=\"Av. Deniz Can K\u0131z\u0131l\" \/>\n<meta property=\"article:published_time\" content=\"2025-06-17T13:42:14+00:00\" \/>\n<meta name=\"author\" content=\"admin\" \/>\n<meta name=\"twitter:card\" content=\"summary_large_image\" \/>\n<meta name=\"twitter:label1\" content=\"Verfasst von\" \/>\n\t<meta name=\"twitter:data1\" content=\"admin\" \/>\n\t<meta name=\"twitter:label2\" content=\"Gesch\u00e4tzte Lesezeit\" \/>\n\t<meta name=\"twitter:data2\" content=\"2\u00a0Minuten\" \/>\n<script type=\"application\/ld+json\" class=\"yoast-schema-graph\">{\"@context\":\"https:\/\/schema.org\",\"@graph\":[{\"@type\":\"Article\",\"@id\":\"https:\/\/denizcankizil.tr\/de\/haberler\/gundem\/bakan-yumakli-kuraklik-ve-collesmeye-karsi-hedef-surdurulebilir-gelecek\/#article\",\"isPartOf\":{\"@id\":\"https:\/\/denizcankizil.tr\/de\/haberler\/gundem\/bakan-yumakli-kuraklik-ve-collesmeye-karsi-hedef-surdurulebilir-gelecek\/\"},\"author\":{\"name\":\"admin\",\"@id\":\"https:\/\/denizcankizil.tr\/#\/schema\/person\/be3c05fe6a12686905512445d8185489\"},\"headline\":\"Bakan Yumakl\u0131: Kurakl\u0131k ve \u00e7\u00f6lle\u015fmeye kar\u015f\u0131 hedef s\u00fcrd\u00fcr\u00fclebilir gelecek\",\"datePublished\":\"2025-06-17T13:42:14+00:00\",\"mainEntityOfPage\":{\"@id\":\"https:\/\/denizcankizil.tr\/de\/haberler\/gundem\/bakan-yumakli-kuraklik-ve-collesmeye-karsi-hedef-surdurulebilir-gelecek\/\"},\"wordCount\":350,\"publisher\":{\"@id\":\"https:\/\/denizcankizil.tr\/#organization\"},\"articleSection\":[\"G\u00fcndem\"],\"inLanguage\":\"de\"},{\"@type\":\"WebPage\",\"@id\":\"https:\/\/denizcankizil.tr\/de\/haberler\/gundem\/bakan-yumakli-kuraklik-ve-collesmeye-karsi-hedef-surdurulebilir-gelecek\/\",\"url\":\"https:\/\/denizcankizil.tr\/de\/haberler\/gundem\/bakan-yumakli-kuraklik-ve-collesmeye-karsi-hedef-surdurulebilir-gelecek\/\",\"name\":\"Bakan Yumakl\u0131: Kurakl\u0131k ve \u00e7\u00f6lle\u015fmeye kar\u015f\u0131 hedef s\u00fcrd\u00fcr\u00fclebilir gelecek - Av. Deniz Can K\u0131z\u0131l\",\"isPartOf\":{\"@id\":\"https:\/\/denizcankizil.tr\/#website\"},\"datePublished\":\"2025-06-17T13:42:14+00:00\",\"breadcrumb\":{\"@id\":\"https:\/\/denizcankizil.tr\/de\/haberler\/gundem\/bakan-yumakli-kuraklik-ve-collesmeye-karsi-hedef-surdurulebilir-gelecek\/#breadcrumb\"},\"inLanguage\":\"de\",\"potentialAction\":[{\"@type\":\"ReadAction\",\"target\":[\"https:\/\/denizcankizil.tr\/de\/haberler\/gundem\/bakan-yumakli-kuraklik-ve-collesmeye-karsi-hedef-surdurulebilir-gelecek\/\"]}]},{\"@type\":\"BreadcrumbList\",\"@id\":\"https:\/\/denizcankizil.tr\/de\/haberler\/gundem\/bakan-yumakli-kuraklik-ve-collesmeye-karsi-hedef-surdurulebilir-gelecek\/#breadcrumb\",\"itemListElement\":[{\"@type\":\"ListItem\",\"position\":1,\"name\":\"Home\",\"item\":\"https:\/\/denizcankizil.tr\/de\/\"},{\"@type\":\"ListItem\",\"position\":2,\"name\":\"Bakan Yumakl\u0131: Kurakl\u0131k ve \u00e7\u00f6lle\u015fmeye kar\u015f\u0131 hedef s\u00fcrd\u00fcr\u00fclebilir gelecek\"}]},{\"@type\":\"WebSite\",\"@id\":\"https:\/\/denizcankizil.tr\/#website\",\"url\":\"https:\/\/denizcankizil.tr\/\",\"name\":\"Av. Deniz Can K\u0131z\u0131l\",\"description\":\"Avukat Deniz Can K\u0131z\u0131l Antalya Barosu\",\"publisher\":{\"@id\":\"https:\/\/denizcankizil.tr\/#organization\"},\"potentialAction\":[{\"@type\":\"SearchAction\",\"target\":{\"@type\":\"EntryPoint\",\"urlTemplate\":\"https:\/\/denizcankizil.tr\/?s={search_term_string}\"},\"query-input\":{\"@type\":\"PropertyValueSpecification\",\"valueRequired\":true,\"valueName\":\"search_term_string\"}}],\"inLanguage\":\"de\"},{\"@type\":\"Organization\",\"@id\":\"https:\/\/denizcankizil.tr\/#organization\",\"name\":\"Av. Deniz Can K\u0131z\u0131l\",\"url\":\"https:\/\/denizcankizil.tr\/\",\"logo\":{\"@type\":\"ImageObject\",\"inLanguage\":\"de\",\"@id\":\"https:\/\/denizcankizil.tr\/#\/schema\/logo\/image\/\",\"url\":\"https:\/\/denizcankizil.tr\/wp-content\/uploads\/2024\/10\/siyah-logo-svg.svg\",\"contentUrl\":\"https:\/\/denizcankizil.tr\/wp-content\/uploads\/2024\/10\/siyah-logo-svg.svg\",\"width\":1080,\"height\":1080,\"caption\":\"Av. Deniz Can K\u0131z\u0131l\"},\"image\":{\"@id\":\"https:\/\/denizcankizil.tr\/#\/schema\/logo\/image\/\"}},{\"@type\":\"Person\",\"@id\":\"https:\/\/denizcankizil.tr\/#\/schema\/person\/be3c05fe6a12686905512445d8185489\",\"name\":\"admin\",\"image\":{\"@type\":\"ImageObject\",\"inLanguage\":\"de\",\"@id\":\"https:\/\/denizcankizil.tr\/#\/schema\/person\/image\/\",\"url\":\"https:\/\/secure.gravatar.com\/avatar\/c1fce94c830dc79107e174f890d7210541c4a63e8e5d816341794a2151c9d58c?s=96&d=mm&r=g\",\"contentUrl\":\"https:\/\/secure.gravatar.com\/avatar\/c1fce94c830dc79107e174f890d7210541c4a63e8e5d816341794a2151c9d58c?s=96&d=mm&r=g\",\"caption\":\"admin\"},\"sameAs\":[\"http:\/\/denizcankizil.tr\"],\"url\":\"https:\/\/www.iskenderun.org\/bakan-yumakli-kuraklik-ve-collesmeye-karsi-hedef-surdurulebilir-gelecek\"}]}<\/script>\n<!-- \/ Yoast SEO Premium plugin. -->","yoast_head_json":{"title":"Bakan Yumakl\u0131: Kurakl\u0131k ve \u00e7\u00f6lle\u015fmeye kar\u015f\u0131 hedef s\u00fcrd\u00fcr\u00fclebilir gelecek - Av. Deniz Can K\u0131z\u0131l","robots":{"index":"index","follow":"follow","max-snippet":"max-snippet:-1","max-image-preview":"max-image-preview:large","max-video-preview":"max-video-preview:-1"},"canonical":"https:\/\/denizcankizil.tr\/de\/haberler\/gundem\/bakan-yumakli-kuraklik-ve-collesmeye-karsi-hedef-surdurulebilir-gelecek\/","og_locale":"de_DE","og_type":"article","og_title":"Bakan Yumakl\u0131: Kurakl\u0131k ve \u00e7\u00f6lle\u015fmeye kar\u015f\u0131 hedef s\u00fcrd\u00fcr\u00fclebilir gelecek","og_description":"Tar\u0131m ve Orman Bakan\u0131 \u0130brahim Yumakl\u0131, kurakl\u0131k ve \u00e7\u00f6lle\u015fmeyle m\u00fccadelenin gelece\u011fi koruma anlam\u0131na geldi\u011fini belirterek, orman varl\u0131\u011f\u0131n\u0131 art\u0131rma ve do\u011fayla uyumlu politikalarla s\u00fcrd\u00fcr\u00fclebilirlik hedeflediklerini duyurdu.ANKARA (\u0130GFA) &#8211; Tar\u0131m ve Orman Bakan\u0131 \u0130brahim Yumakl\u0131, kurakl\u0131k ve \u00e7\u00f6lle\u015fmeyle m\u00fccadele kapsam\u0131nda y\u00fcr\u00fct\u00fclen \u00e7al\u0131\u015fmalara dikkat \u00e7ekti. Sosyal medya hesab\u0131ndan payla\u015f\u0131mda bulunan Bakan Yumakl\u0131, \u201cKurakl\u0131k ve \u00e7\u00f6lle\u015fmeye kar\u015f\u0131 m\u00fccadelemiz, sadece bug\u00fcn\u00fc de\u011fil, yar\u0131n\u0131 da koruma m\u00fccadelesidir\u201d diyerek, bu do\u011frultuda orman varl\u0131\u011f\u0131n\u0131 art\u0131rd\u0131klar\u0131n\u0131, toprak ve su kaynaklar\u0131na sahip \u00e7\u0131kt\u0131klar\u0131n\u0131 vurgulad\u0131. Do\u011fayla uyumlu politikalarla s\u00fcrd\u00fcr\u00fclebilir bir gelecek in\u015fa etme hedefinde olduklar\u0131n\u0131 ifade eden Bakan Yumakl\u0131, \u201cOrman varl\u0131\u011f\u0131m\u0131z\u0131 art\u0131r\u0131yor, topra\u011f\u0131m\u0131za ve su kaynaklar\u0131m\u0131za sahip \u00e7\u0131karak gelece\u011fi koruyoruz\u201d diyerek bug\u00fcne kadar yap\u0131lan \u00e7al\u0131\u015fmalar\u0131 infografikle \u00f6zetledi. \u200bTar\u0131m ve Orman Bakan\u0131 \u0130brahim Yumakl\u0131, kurakl\u0131k ve \u00e7\u00f6lle\u015fmeyle m\u00fccadelenin gelece\u011fi koruma anlam\u0131na geldi\u011fini belirterek, orman varl\u0131\u011f\u0131n\u0131 art\u0131rma ve do\u011fayla uyumlu politikalarla s\u00fcrd\u00fcr\u00fclebilirlik hedeflediklerini duyurdu.ANKARA (\u0130GFA) &#8211; Tar\u0131m ve Orman Bakan\u0131 \u0130brahim Yumakl\u0131, kurakl\u0131k ve \u00e7\u00f6lle\u015fmeyle m\u00fccadele kapsam\u0131nda y\u00fcr\u00fct\u00fclen \u00e7al\u0131\u015fmalara dikkat \u00e7ekti. Sosyal medya hesab\u0131ndan payla\u015f\u0131mda bulunan Bakan Yumakl\u0131, \u201cKurakl\u0131k ve \u00e7\u00f6lle\u015fmeye kar\u015f\u0131 m\u00fccadelemiz, sadece bug\u00fcn\u00fc de\u011fil, yar\u0131n\u0131 da koruma m\u00fccadelesidir\u201d diyerek, bu do\u011frultuda orman varl\u0131\u011f\u0131n\u0131 art\u0131rd\u0131klar\u0131n\u0131, toprak ve su kaynaklar\u0131na sahip \u00e7\u0131kt\u0131klar\u0131n\u0131 vurgulad\u0131. Do\u011fayla uyumlu politikalarla s\u00fcrd\u00fcr\u00fclebilir bir gelecek in\u015fa etme hedefinde olduklar\u0131n\u0131 ifade eden Bakan Yumakl\u0131, \u201cOrman varl\u0131\u011f\u0131m\u0131z\u0131 art\u0131r\u0131yor, topra\u011f\u0131m\u0131za ve su &hellip;","og_url":"https:\/\/denizcankizil.tr\/de\/haberler\/gundem\/bakan-yumakli-kuraklik-ve-collesmeye-karsi-hedef-surdurulebilir-gelecek\/","og_site_name":"Av. Deniz Can K\u0131z\u0131l","article_published_time":"2025-06-17T13:42:14+00:00","author":"admin","twitter_card":"summary_large_image","twitter_misc":{"Verfasst von":"admin","Gesch\u00e4tzte Lesezeit":"2\u00a0Minuten"},"schema":{"@context":"https:\/\/schema.org","@graph":[{"@type":"Article","@id":"https:\/\/denizcankizil.tr\/de\/haberler\/gundem\/bakan-yumakli-kuraklik-ve-collesmeye-karsi-hedef-surdurulebilir-gelecek\/#article","isPartOf":{"@id":"https:\/\/denizcankizil.tr\/de\/haberler\/gundem\/bakan-yumakli-kuraklik-ve-collesmeye-karsi-hedef-surdurulebilir-gelecek\/"},"author":{"name":"admin","@id":"https:\/\/denizcankizil.tr\/#\/schema\/person\/be3c05fe6a12686905512445d8185489"},"headline":"Bakan Yumakl\u0131: Kurakl\u0131k ve \u00e7\u00f6lle\u015fmeye kar\u015f\u0131 hedef s\u00fcrd\u00fcr\u00fclebilir gelecek","datePublished":"2025-06-17T13:42:14+00:00","mainEntityOfPage":{"@id":"https:\/\/denizcankizil.tr\/de\/haberler\/gundem\/bakan-yumakli-kuraklik-ve-collesmeye-karsi-hedef-surdurulebilir-gelecek\/"},"wordCount":350,"publisher":{"@id":"https:\/\/denizcankizil.tr\/#organization"},"articleSection":["G\u00fcndem"],"inLanguage":"de"},{"@type":"WebPage","@id":"https:\/\/denizcankizil.tr\/de\/haberler\/gundem\/bakan-yumakli-kuraklik-ve-collesmeye-karsi-hedef-surdurulebilir-gelecek\/","url":"https:\/\/denizcankizil.tr\/de\/haberler\/gundem\/bakan-yumakli-kuraklik-ve-collesmeye-karsi-hedef-surdurulebilir-gelecek\/","name":"Bakan Yumakl\u0131: Kurakl\u0131k ve \u00e7\u00f6lle\u015fmeye kar\u015f\u0131 hedef s\u00fcrd\u00fcr\u00fclebilir gelecek - Av. Deniz Can K\u0131z\u0131l","isPartOf":{"@id":"https:\/\/denizcankizil.tr\/#website"},"datePublished":"2025-06-17T13:42:14+00:00","breadcrumb":{"@id":"https:\/\/denizcankizil.tr\/de\/haberler\/gundem\/bakan-yumakli-kuraklik-ve-collesmeye-karsi-hedef-surdurulebilir-gelecek\/#breadcrumb"},"inLanguage":"de","potentialAction":[{"@type":"ReadAction","target":["https:\/\/denizcankizil.tr\/de\/haberler\/gundem\/bakan-yumakli-kuraklik-ve-collesmeye-karsi-hedef-surdurulebilir-gelecek\/"]}]},{"@type":"BreadcrumbList","@id":"https:\/\/denizcankizil.tr\/de\/haberler\/gundem\/bakan-yumakli-kuraklik-ve-collesmeye-karsi-hedef-surdurulebilir-gelecek\/#breadcrumb","itemListElement":[{"@type":"ListItem","position":1,"name":"Home","item":"https:\/\/denizcankizil.tr\/de\/"},{"@type":"ListItem","position":2,"name":"Bakan Yumakl\u0131: Kurakl\u0131k ve \u00e7\u00f6lle\u015fmeye kar\u015f\u0131 hedef s\u00fcrd\u00fcr\u00fclebilir gelecek"}]},{"@type":"WebSite","@id":"https:\/\/denizcankizil.tr\/#website","url":"https:\/\/denizcankizil.tr\/","name":"Av. Deniz Can K\u0131z\u0131l","description":"Avukat Deniz Can K\u0131z\u0131l Antalya Barosu","publisher":{"@id":"https:\/\/denizcankizil.tr\/#organization"},"potentialAction":[{"@type":"SearchAction","target":{"@type":"EntryPoint","urlTemplate":"https:\/\/denizcankizil.tr\/?s={search_term_string}"},"query-input":{"@type":"PropertyValueSpecification","valueRequired":true,"valueName":"search_term_string"}}],"inLanguage":"de"},{"@type":"Organization","@id":"https:\/\/denizcankizil.tr\/#organization","name":"Av. Deniz Can K\u0131z\u0131l","url":"https:\/\/denizcankizil.tr\/","logo":{"@type":"ImageObject","inLanguage":"de","@id":"https:\/\/denizcankizil.tr\/#\/schema\/logo\/image\/","url":"https:\/\/denizcankizil.tr\/wp-content\/uploads\/2024\/10\/siyah-logo-svg.svg","contentUrl":"https:\/\/denizcankizil.tr\/wp-content\/uploads\/2024\/10\/siyah-logo-svg.svg","width":1080,"height":1080,"caption":"Av. Deniz Can K\u0131z\u0131l"},"image":{"@id":"https:\/\/denizcankizil.tr\/#\/schema\/logo\/image\/"}},{"@type":"Person","@id":"https:\/\/denizcankizil.tr\/#\/schema\/person\/be3c05fe6a12686905512445d8185489","name":"Administrator","image":{"@type":"ImageObject","inLanguage":"de","@id":"https:\/\/denizcankizil.tr\/#\/schema\/person\/image\/","url":"https:\/\/secure.gravatar.com\/avatar\/c1fce94c830dc79107e174f890d7210541c4a63e8e5d816341794a2151c9d58c?s=96&d=mm&r=g","contentUrl":"https:\/\/secure.gravatar.com\/avatar\/c1fce94c830dc79107e174f890d7210541c4a63e8e5d816341794a2151c9d58c?s=96&d=mm&r=g","caption":"admin"},"sameAs":["http:\/\/denizcankizil.tr"],"url":"https:\/\/www.iskenderun.org\/bakan-yumakli-kuraklik-ve-collesmeye-karsi-hedef-surdurulebilir-gelecek"}]}},"_links":{"self":[{"href":"https:\/\/denizcankizil.tr\/de\/wp-json\/wp\/v2\/posts\/118712","targetHints":{"allow":["GET"]}}],"collection":[{"href":"https:\/\/denizcankizil.tr\/de\/wp-json\/wp\/v2\/posts"}],"about":[{"href":"https:\/\/denizcankizil.tr\/de\/wp-json\/wp\/v2\/types\/post"}],"author":[{"embeddable":true,"href":"https:\/\/denizcankizil.tr\/de\/wp-json\/wp\/v2\/users\/1"}],"replies":[{"embeddable":true,"href":"https:\/\/denizcankizil.tr\/de\/wp-json\/wp\/v2\/comments?post=118712"}],"version-history":[{"count":0,"href":"https:\/\/denizcankizil.tr\/de\/wp-json\/wp\/v2\/posts\/118712\/revisions"}],"wp:attachment":[{"href":"https:\/\/denizcankizil.tr\/de\/wp-json\/wp\/v2\/media?parent=118712"}],"wp:term":[{"taxonomy":"category","embeddable":true,"href":"https:\/\/denizcankizil.tr\/de\/wp-json\/wp\/v2\/categories?post=118712"},{"taxonomy":"post_tag","embeddable":true,"href":"https:\/\/denizcankizil.tr\/de\/wp-json\/wp\/v2\/tags?post=118712"}],"curies":[{"name":"wp","href":"https:\/\/api.w.org\/{rel}","templated":true}]}}