{"id":117646,"date":"2025-06-16T15:41:17","date_gmt":"2025-06-16T12:41:17","guid":{"rendered":"https:\/\/denizcankizil.tr\/uncategorized-tr\/konyaaltinda-besinci-kres-icin-geri-sayim-basladi\/"},"modified":"2025-06-16T15:41:17","modified_gmt":"2025-06-16T12:41:17","slug":"konyaaltinda-besinci-kres-icin-geri-sayim-basladi","status":"publish","type":"post","link":"https:\/\/denizcankizil.tr\/de\/haberler\/gundem\/konyaaltinda-besinci-kres-icin-geri-sayim-basladi\/","title":{"rendered":"Konyaalt\u0131&#8217;nda be\u015finci kre\u015f i\u00e7in geri say\u0131m ba\u015flad\u0131"},"content":{"rendered":"<p>Konyaalt\u0131 Belediyesi, il\u00e7ede yer alan kre\u015f say\u0131s\u0131n\u0131 be\u015fe y\u00fckseltiyor. Daha \u00f6nce d\u00f6rt merkez mahallede \u00e7ocuklar\u0131 kre\u015flerle bulu\u015fturan Konyaalt\u0131, bu kez kre\u015f hizmetini k\u0131rsala g\u00f6t\u00fcr\u00fcyor. \u00d6te yandan Konyaalt\u0131 Belediye Ba\u015fkan\u0131 Cem Kotan, son haz\u0131rl\u0131klar\u0131na gelinen ve K\u00f6rler mevkiinde a\u00e7\u0131lacak yeni kre\u015fin \u00f6n\u00fcm\u00fczdeki d\u00f6nem hizmete a\u00e7\u0131laca\u011f\u0131n\u0131n m\u00fcjdesini verdi. \u00c7al\u0131\u015fmalar\u0131, s\u0131k s\u0131k yapt\u0131\u011f\u0131 ziyaretlerle ilk g\u00fcnden bu yana yerinde kontrol eden Konyaalt\u0131 Belediye Ba\u015fkan\u0131 Cem Kotan, son haz\u0131rl\u0131klar\u0131 da titizlikle takip ediyor. Kotan, yeni kre\u015fin hem i\u00e7i hem de d\u0131\u015f\u0131 olmak \u00fczere her noktas\u0131n\u0131 ad\u0131m ad\u0131m denetliyor. Ayr\u0131ca Ba\u015fkan Kotan yapt\u0131\u011f\u0131 denetlemelerde, Ba\u015fkan Yard\u0131mc\u0131lar\u0131 ve Birim M\u00fcd\u00fcrlerine de yap\u0131lmas\u0131 gerekenleri tek tek anlatarak talimatlar veriyor.<\/p>\n<p>&#8220;GER\u0130YE KALDI 3 KRE\u015e\u0130M\u0130Z&#8221; <\/p>\n<p>K\u00f6rler mevkiinde a\u00e7\u0131lacak yeni kre\u015f denetlemelerinde konu\u015fan Konyaalt\u0131 Belediye Ba\u015fkan\u0131 Cem Kotan, \u015funlar\u0131 s\u00f6yledi:<\/p>\n<p>\u201cAntalya\u2019m\u0131za ve Konyaalt\u0131\u2019m\u0131za yeni bir kre\u015f kazand\u0131r\u0131yoruz. Haz\u0131rl\u0131klar bitmek \u00fczere. Son denetlemelerini yapt\u0131k. En ge\u00e7 bir ay i\u00e7erisinde a\u00e7\u0131l\u0131\u015f\u0131n\u0131 yapaca\u011f\u0131z. Yani bu d\u00f6neme yeti\u015ftirece\u011fiz. 70\u2019e yak\u0131n \u00e7ocu\u011fumuza burada kre\u015f e\u011fitimi verece\u011fiz\u201d dedi. Oyun alanlar\u0131, s\u0131n\u0131flar\u0131n i\u00e7erisi ve tuvaletlere varana kadar tek tek inceleyen Kotan, \u201cB\u00fct\u00fcn alanlar\u0131 g\u00f6z\u00fcmle g\u00f6r\u00fcp, eksikleri belirleyip, tamamlanmas\u0131 i\u00e7in de arkada\u015flar\u0131m\u0131za gereken talimatlar\u0131 verdim. \u015eu anda her \u015fey \u00e7ok g\u00fczel gidiyor. Bu d\u00f6neme kesin yeti\u015fecek ve bu b\u00f6lgedeki \u00e7ocuklar\u0131m\u0131za yeni bir kre\u015f kazand\u0131rm\u0131\u015f olaca\u011f\u0131z\u201d diye konu\u015ftu. G\u00f6reve gelmeden \u00f6nce Konyaalt\u0131\u2019ndaki kre\u015f say\u0131s\u0131n\u0131 iki kat\u0131na \u00e7\u0131karaca\u011f\u0131n\u0131n s\u00f6z\u00fcn\u00fc hat\u0131rlatan Ba\u015fkan Kotan, \u201cVerdi\u011fimiz s\u00f6zlerden bir tanesiydi. Geriye kald\u0131 3 kre\u015fimiz. Onu da g\u00f6rev s\u00fcremiz i\u00e7erisinde Konyaalt\u0131\u2019m\u0131za kazand\u0131raca\u011f\u0131z. Verdi\u011fimiz s\u00f6zlerin her zaman arkas\u0131nday\u0131z.&#8221;<\/p>\n<p>\u200bKonyaalt\u0131 Belediyesi, k\u0131rsal b\u00f6lgeye kazand\u0131raca\u011f\u0131 yeni kre\u015fin a\u00e7\u0131l\u0131\u015f\u0131 i\u00e7in g\u00fcn say\u0131yor. Ba\u015fkan Cem Kotan, &#8220;Kre\u015f say\u0131s\u0131n\u0131 iki kat\u0131na \u00e7\u0131karma s\u00f6z\u00fcm\u00fcz\u00fc tutaca\u011f\u0131z. Bu d\u00f6nem \u00fc\u00e7 kre\u015fi daha hayata ge\u00e7irece\u011fiz&#8221; dedi.\u00a0<\/p>\n<p>\u200bHaberin Al\u0131nt\u0131land\u0131\u011f\u0131 Kaynak: www.antalyakorfez.com<\/p>","protected":false},"excerpt":{"rendered":"<p>Konyaalt\u0131 Belediyesi, il\u00e7ede yer alan kre\u015f say\u0131s\u0131n\u0131 be\u015fe y\u00fckseltiyor. Daha \u00f6nce d\u00f6rt merkez mahallede \u00e7ocuklar\u0131 kre\u015flerle bulu\u015fturan Konyaalt\u0131, bu kez kre\u015f hizmetini k\u0131rsala g\u00f6t\u00fcr\u00fcyor. \u00d6te yandan Konyaalt\u0131 Belediye Ba\u015fkan\u0131 Cem Kotan, son haz\u0131rl\u0131klar\u0131na gelinen ve K\u00f6rler mevkiinde a\u00e7\u0131lacak yeni kre\u015fin \u00f6n\u00fcm\u00fczdeki d\u00f6nem hizmete a\u00e7\u0131laca\u011f\u0131n\u0131n m\u00fcjdesini verdi. \u00c7al\u0131\u015fmalar\u0131, s\u0131k s\u0131k yapt\u0131\u011f\u0131 ziyaretlerle ilk g\u00fcnden bu yana yerinde kontrol eden Konyaalt\u0131 Belediye Ba\u015fkan\u0131 Cem Kotan, son haz\u0131rl\u0131klar\u0131 da titizlikle takip ediyor. Kotan, yeni kre\u015fin hem i\u00e7i hem de d\u0131\u015f\u0131 olmak \u00fczere her noktas\u0131n\u0131 ad\u0131m ad\u0131m denetliyor. Ayr\u0131ca Ba\u015fkan Kotan yapt\u0131\u011f\u0131 denetlemelerde, Ba\u015fkan Yard\u0131mc\u0131lar\u0131 ve Birim M\u00fcd\u00fcrlerine de yap\u0131lmas\u0131 gerekenleri tek tek anlatarak talimatlar veriyor. &#8220;GER\u0130YE KALDI 3 KRE\u015e\u0130M\u0130Z&#8221; K\u00f6rler mevkiinde a\u00e7\u0131lacak yeni kre\u015f denetlemelerinde konu\u015fan Konyaalt\u0131 Belediye Ba\u015fkan\u0131 Cem Kotan, \u015funlar\u0131 s\u00f6yledi: \u201cAntalya\u2019m\u0131za ve Konyaalt\u0131\u2019m\u0131za yeni bir kre\u015f kazand\u0131r\u0131yoruz. Haz\u0131rl\u0131klar bitmek \u00fczere. Son denetlemelerini yapt\u0131k. En ge\u00e7 bir ay i\u00e7erisinde a\u00e7\u0131l\u0131\u015f\u0131n\u0131 yapaca\u011f\u0131z. Yani bu d\u00f6neme yeti\u015ftirece\u011fiz. 70\u2019e yak\u0131n \u00e7ocu\u011fumuza burada kre\u015f e\u011fitimi verece\u011fiz\u201d dedi. Oyun alanlar\u0131, s\u0131n\u0131flar\u0131n i\u00e7erisi ve tuvaletlere varana kadar tek tek inceleyen Kotan, \u201cB\u00fct\u00fcn alanlar\u0131 g\u00f6z\u00fcmle g\u00f6r\u00fcp, eksikleri belirleyip, tamamlanmas\u0131 i\u00e7in de arkada\u015flar\u0131m\u0131za gereken talimatlar\u0131 verdim. \u015eu anda her \u015fey \u00e7ok g\u00fczel gidiyor. Bu d\u00f6neme kesin yeti\u015fecek ve bu b\u00f6lgedeki \u00e7ocuklar\u0131m\u0131za yeni bir kre\u015f kazand\u0131rm\u0131\u015f olaca\u011f\u0131z\u201d diye konu\u015ftu. G\u00f6reve &hellip;<\/p>","protected":false},"author":5,"featured_media":0,"comment_status":"","ping_status":"open","sticky":false,"template":"","format":"standard","meta":{"_acf_changed":false,"footnotes":""},"categories":[24],"tags":[],"class_list":["post-117646","post","type-post","status-publish","format-standard","has-post-thumbnail","hentry","category-gundem"],"acf":[],"yoast_head":"<!-- This site is optimized with the Yoast SEO Premium plugin v26.6 (Yoast SEO v27.1.1) - https:\/\/yoast.com\/product\/yoast-seo-premium-wordpress\/ -->\n<title>Konyaalt\u0131&#039;nda be\u015finci kre\u015f i\u00e7in geri say\u0131m ba\u015flad\u0131 - Av. Deniz Can K\u0131z\u0131l<\/title>\n<meta name=\"robots\" content=\"index, follow, max-snippet:-1, max-image-preview:large, max-video-preview:-1\" \/>\n<link rel=\"canonical\" href=\"https:\/\/denizcankizil.tr\/de\/haberler\/gundem\/konyaaltinda-besinci-kres-icin-geri-sayim-basladi\/\" \/>\n<meta property=\"og:locale\" content=\"de_DE\" \/>\n<meta property=\"og:type\" content=\"article\" \/>\n<meta property=\"og:title\" content=\"Konyaalt\u0131&#039;nda be\u015finci kre\u015f i\u00e7in geri say\u0131m ba\u015flad\u0131\" \/>\n<meta property=\"og:description\" content=\"Konyaalt\u0131 Belediyesi, il\u00e7ede yer alan kre\u015f say\u0131s\u0131n\u0131 be\u015fe y\u00fckseltiyor. Daha \u00f6nce d\u00f6rt merkez mahallede \u00e7ocuklar\u0131 kre\u015flerle bulu\u015fturan Konyaalt\u0131, bu kez kre\u015f hizmetini k\u0131rsala g\u00f6t\u00fcr\u00fcyor. \u00d6te yandan Konyaalt\u0131 Belediye Ba\u015fkan\u0131 Cem Kotan, son haz\u0131rl\u0131klar\u0131na gelinen ve K\u00f6rler mevkiinde a\u00e7\u0131lacak yeni kre\u015fin \u00f6n\u00fcm\u00fczdeki d\u00f6nem hizmete a\u00e7\u0131laca\u011f\u0131n\u0131n m\u00fcjdesini verdi. \u00c7al\u0131\u015fmalar\u0131, s\u0131k s\u0131k yapt\u0131\u011f\u0131 ziyaretlerle ilk g\u00fcnden bu yana yerinde kontrol eden Konyaalt\u0131 Belediye Ba\u015fkan\u0131 Cem Kotan, son haz\u0131rl\u0131klar\u0131 da titizlikle takip ediyor. Kotan, yeni kre\u015fin hem i\u00e7i hem de d\u0131\u015f\u0131 olmak \u00fczere her noktas\u0131n\u0131 ad\u0131m ad\u0131m denetliyor. Ayr\u0131ca Ba\u015fkan Kotan yapt\u0131\u011f\u0131 denetlemelerde, Ba\u015fkan Yard\u0131mc\u0131lar\u0131 ve Birim M\u00fcd\u00fcrlerine de yap\u0131lmas\u0131 gerekenleri tek tek anlatarak talimatlar veriyor. &#8220;GER\u0130YE KALDI 3 KRE\u015e\u0130M\u0130Z&#8221; K\u00f6rler mevkiinde a\u00e7\u0131lacak yeni kre\u015f denetlemelerinde konu\u015fan Konyaalt\u0131 Belediye Ba\u015fkan\u0131 Cem Kotan, \u015funlar\u0131 s\u00f6yledi: \u201cAntalya\u2019m\u0131za ve Konyaalt\u0131\u2019m\u0131za yeni bir kre\u015f kazand\u0131r\u0131yoruz. Haz\u0131rl\u0131klar bitmek \u00fczere. Son denetlemelerini yapt\u0131k. En ge\u00e7 bir ay i\u00e7erisinde a\u00e7\u0131l\u0131\u015f\u0131n\u0131 yapaca\u011f\u0131z. Yani bu d\u00f6neme yeti\u015ftirece\u011fiz. 70\u2019e yak\u0131n \u00e7ocu\u011fumuza burada kre\u015f e\u011fitimi verece\u011fiz\u201d dedi. Oyun alanlar\u0131, s\u0131n\u0131flar\u0131n i\u00e7erisi ve tuvaletlere varana kadar tek tek inceleyen Kotan, \u201cB\u00fct\u00fcn alanlar\u0131 g\u00f6z\u00fcmle g\u00f6r\u00fcp, eksikleri belirleyip, tamamlanmas\u0131 i\u00e7in de arkada\u015flar\u0131m\u0131za gereken talimatlar\u0131 verdim. \u015eu anda her \u015fey \u00e7ok g\u00fczel gidiyor. Bu d\u00f6neme kesin yeti\u015fecek ve bu b\u00f6lgedeki \u00e7ocuklar\u0131m\u0131za yeni bir kre\u015f kazand\u0131rm\u0131\u015f olaca\u011f\u0131z\u201d diye konu\u015ftu. G\u00f6reve &hellip;\" \/>\n<meta property=\"og:url\" content=\"https:\/\/denizcankizil.tr\/de\/haberler\/gundem\/konyaaltinda-besinci-kres-icin-geri-sayim-basladi\/\" \/>\n<meta property=\"og:site_name\" content=\"Av. Deniz Can K\u0131z\u0131l\" \/>\n<meta property=\"article:published_time\" content=\"2025-06-16T12:41:17+00:00\" \/>\n<meta name=\"author\" content=\"Antalya K\u00f6rfez\" \/>\n<meta name=\"twitter:card\" content=\"summary_large_image\" \/>\n<meta name=\"twitter:label1\" content=\"Verfasst von\" \/>\n\t<meta name=\"twitter:data1\" content=\"Antalya K\u00f6rfez\" \/>\n\t<meta name=\"twitter:label2\" content=\"Gesch\u00e4tzte Lesezeit\" \/>\n\t<meta name=\"twitter:data2\" content=\"2\u00a0Minuten\" \/>\n<script type=\"application\/ld+json\" class=\"yoast-schema-graph\">{\"@context\":\"https:\/\/schema.org\",\"@graph\":[{\"@type\":\"Article\",\"@id\":\"https:\/\/denizcankizil.tr\/de\/haberler\/gundem\/konyaaltinda-besinci-kres-icin-geri-sayim-basladi\/#article\",\"isPartOf\":{\"@id\":\"https:\/\/denizcankizil.tr\/de\/haberler\/gundem\/konyaaltinda-besinci-kres-icin-geri-sayim-basladi\/\"},\"author\":{\"name\":\"Antalya K\u00f6rfez\",\"@id\":\"https:\/\/denizcankizil.tr\/#\/schema\/person\/e1eb71bb4dd684d46563f0af307e1234\"},\"headline\":\"Konyaalt\u0131&#8217;nda be\u015finci kre\u015f i\u00e7in geri say\u0131m ba\u015flad\u0131\",\"datePublished\":\"2025-06-16T12:41:17+00:00\",\"mainEntityOfPage\":{\"@id\":\"https:\/\/denizcankizil.tr\/de\/haberler\/gundem\/konyaaltinda-besinci-kres-icin-geri-sayim-basladi\/\"},\"wordCount\":420,\"publisher\":{\"@id\":\"https:\/\/denizcankizil.tr\/#organization\"},\"articleSection\":[\"G\u00fcndem\"],\"inLanguage\":\"de\"},{\"@type\":\"WebPage\",\"@id\":\"https:\/\/denizcankizil.tr\/de\/haberler\/gundem\/konyaaltinda-besinci-kres-icin-geri-sayim-basladi\/\",\"url\":\"https:\/\/denizcankizil.tr\/de\/haberler\/gundem\/konyaaltinda-besinci-kres-icin-geri-sayim-basladi\/\",\"name\":\"Konyaalt\u0131'nda be\u015finci kre\u015f i\u00e7in geri say\u0131m ba\u015flad\u0131 - Av. Deniz Can K\u0131z\u0131l\",\"isPartOf\":{\"@id\":\"https:\/\/denizcankizil.tr\/#website\"},\"datePublished\":\"2025-06-16T12:41:17+00:00\",\"breadcrumb\":{\"@id\":\"https:\/\/denizcankizil.tr\/de\/haberler\/gundem\/konyaaltinda-besinci-kres-icin-geri-sayim-basladi\/#breadcrumb\"},\"inLanguage\":\"de\",\"potentialAction\":[{\"@type\":\"ReadAction\",\"target\":[\"https:\/\/denizcankizil.tr\/de\/haberler\/gundem\/konyaaltinda-besinci-kres-icin-geri-sayim-basladi\/\"]}]},{\"@type\":\"BreadcrumbList\",\"@id\":\"https:\/\/denizcankizil.tr\/de\/haberler\/gundem\/konyaaltinda-besinci-kres-icin-geri-sayim-basladi\/#breadcrumb\",\"itemListElement\":[{\"@type\":\"ListItem\",\"position\":1,\"name\":\"Home\",\"item\":\"https:\/\/denizcankizil.tr\/de\/\"},{\"@type\":\"ListItem\",\"position\":2,\"name\":\"Konyaalt\u0131&#8217;nda be\u015finci kre\u015f i\u00e7in geri say\u0131m ba\u015flad\u0131\"}]},{\"@type\":\"WebSite\",\"@id\":\"https:\/\/denizcankizil.tr\/#website\",\"url\":\"https:\/\/denizcankizil.tr\/\",\"name\":\"Av. Deniz Can K\u0131z\u0131l\",\"description\":\"Avukat Deniz Can K\u0131z\u0131l Antalya Barosu\",\"publisher\":{\"@id\":\"https:\/\/denizcankizil.tr\/#organization\"},\"potentialAction\":[{\"@type\":\"SearchAction\",\"target\":{\"@type\":\"EntryPoint\",\"urlTemplate\":\"https:\/\/denizcankizil.tr\/?s={search_term_string}\"},\"query-input\":{\"@type\":\"PropertyValueSpecification\",\"valueRequired\":true,\"valueName\":\"search_term_string\"}}],\"inLanguage\":\"de\"},{\"@type\":\"Organization\",\"@id\":\"https:\/\/denizcankizil.tr\/#organization\",\"name\":\"Av. Deniz Can K\u0131z\u0131l\",\"url\":\"https:\/\/denizcankizil.tr\/\",\"logo\":{\"@type\":\"ImageObject\",\"inLanguage\":\"de\",\"@id\":\"https:\/\/denizcankizil.tr\/#\/schema\/logo\/image\/\",\"url\":\"https:\/\/denizcankizil.tr\/wp-content\/uploads\/2024\/10\/siyah-logo-svg.svg\",\"contentUrl\":\"https:\/\/denizcankizil.tr\/wp-content\/uploads\/2024\/10\/siyah-logo-svg.svg\",\"width\":1080,\"height\":1080,\"caption\":\"Av. Deniz Can K\u0131z\u0131l\"},\"image\":{\"@id\":\"https:\/\/denizcankizil.tr\/#\/schema\/logo\/image\/\"}},{\"@type\":\"Person\",\"@id\":\"https:\/\/denizcankizil.tr\/#\/schema\/person\/e1eb71bb4dd684d46563f0af307e1234\",\"name\":\"Antalya K\u00f6rfez\",\"image\":{\"@type\":\"ImageObject\",\"inLanguage\":\"de\",\"@id\":\"https:\/\/denizcankizil.tr\/#\/schema\/person\/image\/\",\"url\":\"https:\/\/secure.gravatar.com\/avatar\/42b01982558a48a0b501fdcab6a408d3717ea5919095ee2e67b0e521799c5905?s=96&d=mm&r=g\",\"contentUrl\":\"https:\/\/secure.gravatar.com\/avatar\/42b01982558a48a0b501fdcab6a408d3717ea5919095ee2e67b0e521799c5905?s=96&d=mm&r=g\",\"caption\":\"Antalya K\u00f6rfez\"},\"sameAs\":[\"http:\/\/www.antalyakorfez.com\"],\"url\":\"https:\/\/www.antalyakorfez.com\/konyaaltinda-besinci-kres-icin-geri-sayim-basladi\"}]}<\/script>\n<!-- \/ Yoast SEO Premium plugin. -->","yoast_head_json":{"title":"Konyaalt\u0131'nda be\u015finci kre\u015f i\u00e7in geri say\u0131m ba\u015flad\u0131 - Av. Deniz Can K\u0131z\u0131l","robots":{"index":"index","follow":"follow","max-snippet":"max-snippet:-1","max-image-preview":"max-image-preview:large","max-video-preview":"max-video-preview:-1"},"canonical":"https:\/\/denizcankizil.tr\/de\/haberler\/gundem\/konyaaltinda-besinci-kres-icin-geri-sayim-basladi\/","og_locale":"de_DE","og_type":"article","og_title":"Konyaalt\u0131'nda be\u015finci kre\u015f i\u00e7in geri say\u0131m ba\u015flad\u0131","og_description":"Konyaalt\u0131 Belediyesi, il\u00e7ede yer alan kre\u015f say\u0131s\u0131n\u0131 be\u015fe y\u00fckseltiyor. Daha \u00f6nce d\u00f6rt merkez mahallede \u00e7ocuklar\u0131 kre\u015flerle bulu\u015fturan Konyaalt\u0131, bu kez kre\u015f hizmetini k\u0131rsala g\u00f6t\u00fcr\u00fcyor. \u00d6te yandan Konyaalt\u0131 Belediye Ba\u015fkan\u0131 Cem Kotan, son haz\u0131rl\u0131klar\u0131na gelinen ve K\u00f6rler mevkiinde a\u00e7\u0131lacak yeni kre\u015fin \u00f6n\u00fcm\u00fczdeki d\u00f6nem hizmete a\u00e7\u0131laca\u011f\u0131n\u0131n m\u00fcjdesini verdi. \u00c7al\u0131\u015fmalar\u0131, s\u0131k s\u0131k yapt\u0131\u011f\u0131 ziyaretlerle ilk g\u00fcnden bu yana yerinde kontrol eden Konyaalt\u0131 Belediye Ba\u015fkan\u0131 Cem Kotan, son haz\u0131rl\u0131klar\u0131 da titizlikle takip ediyor. Kotan, yeni kre\u015fin hem i\u00e7i hem de d\u0131\u015f\u0131 olmak \u00fczere her noktas\u0131n\u0131 ad\u0131m ad\u0131m denetliyor. Ayr\u0131ca Ba\u015fkan Kotan yapt\u0131\u011f\u0131 denetlemelerde, Ba\u015fkan Yard\u0131mc\u0131lar\u0131 ve Birim M\u00fcd\u00fcrlerine de yap\u0131lmas\u0131 gerekenleri tek tek anlatarak talimatlar veriyor. &#8220;GER\u0130YE KALDI 3 KRE\u015e\u0130M\u0130Z&#8221; K\u00f6rler mevkiinde a\u00e7\u0131lacak yeni kre\u015f denetlemelerinde konu\u015fan Konyaalt\u0131 Belediye Ba\u015fkan\u0131 Cem Kotan, \u015funlar\u0131 s\u00f6yledi: \u201cAntalya\u2019m\u0131za ve Konyaalt\u0131\u2019m\u0131za yeni bir kre\u015f kazand\u0131r\u0131yoruz. Haz\u0131rl\u0131klar bitmek \u00fczere. Son denetlemelerini yapt\u0131k. En ge\u00e7 bir ay i\u00e7erisinde a\u00e7\u0131l\u0131\u015f\u0131n\u0131 yapaca\u011f\u0131z. Yani bu d\u00f6neme yeti\u015ftirece\u011fiz. 70\u2019e yak\u0131n \u00e7ocu\u011fumuza burada kre\u015f e\u011fitimi verece\u011fiz\u201d dedi. Oyun alanlar\u0131, s\u0131n\u0131flar\u0131n i\u00e7erisi ve tuvaletlere varana kadar tek tek inceleyen Kotan, \u201cB\u00fct\u00fcn alanlar\u0131 g\u00f6z\u00fcmle g\u00f6r\u00fcp, eksikleri belirleyip, tamamlanmas\u0131 i\u00e7in de arkada\u015flar\u0131m\u0131za gereken talimatlar\u0131 verdim. \u015eu anda her \u015fey \u00e7ok g\u00fczel gidiyor. Bu d\u00f6neme kesin yeti\u015fecek ve bu b\u00f6lgedeki \u00e7ocuklar\u0131m\u0131za yeni bir kre\u015f kazand\u0131rm\u0131\u015f olaca\u011f\u0131z\u201d diye konu\u015ftu. G\u00f6reve &hellip;","og_url":"https:\/\/denizcankizil.tr\/de\/haberler\/gundem\/konyaaltinda-besinci-kres-icin-geri-sayim-basladi\/","og_site_name":"Av. Deniz Can K\u0131z\u0131l","article_published_time":"2025-06-16T12:41:17+00:00","author":"Antalya K\u00f6rfez","twitter_card":"summary_large_image","twitter_misc":{"Verfasst von":"Antalya K\u00f6rfez","Gesch\u00e4tzte Lesezeit":"2\u00a0Minuten"},"schema":{"@context":"https:\/\/schema.org","@graph":[{"@type":"Article","@id":"https:\/\/denizcankizil.tr\/de\/haberler\/gundem\/konyaaltinda-besinci-kres-icin-geri-sayim-basladi\/#article","isPartOf":{"@id":"https:\/\/denizcankizil.tr\/de\/haberler\/gundem\/konyaaltinda-besinci-kres-icin-geri-sayim-basladi\/"},"author":{"name":"Antalya K\u00f6rfez","@id":"https:\/\/denizcankizil.tr\/#\/schema\/person\/e1eb71bb4dd684d46563f0af307e1234"},"headline":"Konyaalt\u0131&#8217;nda be\u015finci kre\u015f i\u00e7in geri say\u0131m ba\u015flad\u0131","datePublished":"2025-06-16T12:41:17+00:00","mainEntityOfPage":{"@id":"https:\/\/denizcankizil.tr\/de\/haberler\/gundem\/konyaaltinda-besinci-kres-icin-geri-sayim-basladi\/"},"wordCount":420,"publisher":{"@id":"https:\/\/denizcankizil.tr\/#organization"},"articleSection":["G\u00fcndem"],"inLanguage":"de"},{"@type":"WebPage","@id":"https:\/\/denizcankizil.tr\/de\/haberler\/gundem\/konyaaltinda-besinci-kres-icin-geri-sayim-basladi\/","url":"https:\/\/denizcankizil.tr\/de\/haberler\/gundem\/konyaaltinda-besinci-kres-icin-geri-sayim-basladi\/","name":"Konyaalt\u0131'nda be\u015finci kre\u015f i\u00e7in geri say\u0131m ba\u015flad\u0131 - Av. Deniz Can K\u0131z\u0131l","isPartOf":{"@id":"https:\/\/denizcankizil.tr\/#website"},"datePublished":"2025-06-16T12:41:17+00:00","breadcrumb":{"@id":"https:\/\/denizcankizil.tr\/de\/haberler\/gundem\/konyaaltinda-besinci-kres-icin-geri-sayim-basladi\/#breadcrumb"},"inLanguage":"de","potentialAction":[{"@type":"ReadAction","target":["https:\/\/denizcankizil.tr\/de\/haberler\/gundem\/konyaaltinda-besinci-kres-icin-geri-sayim-basladi\/"]}]},{"@type":"BreadcrumbList","@id":"https:\/\/denizcankizil.tr\/de\/haberler\/gundem\/konyaaltinda-besinci-kres-icin-geri-sayim-basladi\/#breadcrumb","itemListElement":[{"@type":"ListItem","position":1,"name":"Home","item":"https:\/\/denizcankizil.tr\/de\/"},{"@type":"ListItem","position":2,"name":"Konyaalt\u0131&#8217;nda be\u015finci kre\u015f i\u00e7in geri say\u0131m ba\u015flad\u0131"}]},{"@type":"WebSite","@id":"https:\/\/denizcankizil.tr\/#website","url":"https:\/\/denizcankizil.tr\/","name":"Av. Deniz Can K\u0131z\u0131l","description":"Avukat Deniz Can K\u0131z\u0131l Antalya Barosu","publisher":{"@id":"https:\/\/denizcankizil.tr\/#organization"},"potentialAction":[{"@type":"SearchAction","target":{"@type":"EntryPoint","urlTemplate":"https:\/\/denizcankizil.tr\/?s={search_term_string}"},"query-input":{"@type":"PropertyValueSpecification","valueRequired":true,"valueName":"search_term_string"}}],"inLanguage":"de"},{"@type":"Organization","@id":"https:\/\/denizcankizil.tr\/#organization","name":"Av. Deniz Can K\u0131z\u0131l","url":"https:\/\/denizcankizil.tr\/","logo":{"@type":"ImageObject","inLanguage":"de","@id":"https:\/\/denizcankizil.tr\/#\/schema\/logo\/image\/","url":"https:\/\/denizcankizil.tr\/wp-content\/uploads\/2024\/10\/siyah-logo-svg.svg","contentUrl":"https:\/\/denizcankizil.tr\/wp-content\/uploads\/2024\/10\/siyah-logo-svg.svg","width":1080,"height":1080,"caption":"Av. Deniz Can K\u0131z\u0131l"},"image":{"@id":"https:\/\/denizcankizil.tr\/#\/schema\/logo\/image\/"}},{"@type":"Person","@id":"https:\/\/denizcankizil.tr\/#\/schema\/person\/e1eb71bb4dd684d46563f0af307e1234","name":"Antalya K\u00f6rfez","image":{"@type":"ImageObject","inLanguage":"de","@id":"https:\/\/denizcankizil.tr\/#\/schema\/person\/image\/","url":"https:\/\/secure.gravatar.com\/avatar\/42b01982558a48a0b501fdcab6a408d3717ea5919095ee2e67b0e521799c5905?s=96&d=mm&r=g","contentUrl":"https:\/\/secure.gravatar.com\/avatar\/42b01982558a48a0b501fdcab6a408d3717ea5919095ee2e67b0e521799c5905?s=96&d=mm&r=g","caption":"Antalya K\u00f6rfez"},"sameAs":["http:\/\/www.antalyakorfez.com"],"url":"https:\/\/www.antalyakorfez.com\/konyaaltinda-besinci-kres-icin-geri-sayim-basladi"}]}},"_links":{"self":[{"href":"https:\/\/denizcankizil.tr\/de\/wp-json\/wp\/v2\/posts\/117646","targetHints":{"allow":["GET"]}}],"collection":[{"href":"https:\/\/denizcankizil.tr\/de\/wp-json\/wp\/v2\/posts"}],"about":[{"href":"https:\/\/denizcankizil.tr\/de\/wp-json\/wp\/v2\/types\/post"}],"author":[{"embeddable":true,"href":"https:\/\/denizcankizil.tr\/de\/wp-json\/wp\/v2\/users\/5"}],"replies":[{"embeddable":true,"href":"https:\/\/denizcankizil.tr\/de\/wp-json\/wp\/v2\/comments?post=117646"}],"version-history":[{"count":0,"href":"https:\/\/denizcankizil.tr\/de\/wp-json\/wp\/v2\/posts\/117646\/revisions"}],"wp:attachment":[{"href":"https:\/\/denizcankizil.tr\/de\/wp-json\/wp\/v2\/media?parent=117646"}],"wp:term":[{"taxonomy":"category","embeddable":true,"href":"https:\/\/denizcankizil.tr\/de\/wp-json\/wp\/v2\/categories?post=117646"},{"taxonomy":"post_tag","embeddable":true,"href":"https:\/\/denizcankizil.tr\/de\/wp-json\/wp\/v2\/tags?post=117646"}],"curies":[{"name":"wp","href":"https:\/\/api.w.org\/{rel}","templated":true}]}}