{"id":117470,"date":"2025-06-16T09:41:19","date_gmt":"2025-06-16T06:41:19","guid":{"rendered":"https:\/\/denizcankizil.tr\/uncategorized-tr\/gundogmusta-maden-ocagi-ayaklanmasi-karadere-uzumune-maden-darbesi\/"},"modified":"2025-06-16T09:41:19","modified_gmt":"2025-06-16T06:41:19","slug":"gundogmusta-maden-ocagi-ayaklanmasi-karadere-uzumune-maden-darbesi","status":"publish","type":"post","link":"https:\/\/denizcankizil.tr\/de\/haberler\/gundem\/gundogmusta-maden-ocagi-ayaklanmasi-karadere-uzumune-maden-darbesi\/","title":{"rendered":"G\u00fcndo\u011fmu\u015f\u2019ta maden oca\u011f\u0131 ayaklanmas\u0131: Karadere \u00fcz\u00fcm\u00fcne maden darbesi!"},"content":{"rendered":"<p>Antalya\u2019n\u0131n G\u00fcndo\u011fmu\u015f il\u00e7esi Koza\u011fac\u0131 Mahallesi\u2019nde a\u00e7\u0131lmas\u0131 planlanan II-B Grubu mermer oca\u011f\u0131 projesi i\u00e7in ge\u00e7ti\u011fimiz g\u00fcnlerde \u201c\u00c7evresel Etki De\u011ferlendirmesi (\u00c7ED) Gerekli De\u011fildir\u201d karar\u0131 verilmi\u015fti. Karadere, Senir ve Koza\u011fac\u0131 mahallelerinin kaderini belirleyecek olan maden oca\u011f\u0131 i\u00e7in d\u00fcn onlarca ki\u015fi bir araya geldi. K\u00f6yl\u00fcler \u201cYa\u015fam alanlar\u0131m\u0131z rant u\u011fruna yok edilemez\u201d slogan\u0131yla maden oca\u011f\u0131na izin vermeyeceklerini s\u00f6yledi.<\/p>\n<p>YILLIK 200 B\u0130N METREK\u00dcP<\/p>\n<p>Koza\u011fac\u0131 Mahallesi\u2019nde a\u00e7\u0131lmas\u0131 planlanan mermer oca\u011f\u0131 projesi i\u00e7in ge\u00e7ti\u011fimiz g\u00fcnlerde \u201c\u00c7evresel Etki De\u011ferlendirmesi (\u00c7ED) Gerekli De\u011fildir\u201d karar\u0131 verilmi\u015fti. Proje Tan\u0131t\u0131m Dosyas\u0131 (PTD) do\u011frultusunda yap\u0131lan inceleme sonucu Antalya Valili\u011fi taraf\u0131ndan al\u0131nan kararda, 99,63 hektarl\u0131k ruhsat alan\u0131n\u0131n 23,23 hektarl\u0131k b\u00f6l\u00fcm\u00fcnde y\u0131ll\u0131k 200 bin metrek\u00fcp \u00fcretim yap\u0131lmas\u0131n\u0131n planland\u0131\u011f\u0131 belirtildi. Bunun 20 bin metrek\u00fcp\u00fc blok mermer, 180 bin metrek\u00fcp\u00fc ise pasa malzeme olacak.<\/p>\n<p>341 METRE MESAFEDE YER ALIYOR<\/p>\n<p>Maden sahas\u0131, G\u00fcndo\u011fmu\u015f il\u00e7e merkezine 10,8 kilometre, en yak\u0131n yerle\u015fim yeri olan Koza\u011fac\u0131 Mahallesi\u2019ne ise 341 metre mesafede yer al\u0131yor. Proje kapsam\u0131nda daha \u00f6nce 23,24 hektarl\u0131k alan i\u00e7in ilgili kurumlardan olumlu g\u00f6r\u00fc\u015flerin al\u0131nd\u0131\u011f\u0131 ve s\u00f6z konusu ruhsat alan\u0131n\u0131n bu g\u00f6r\u00fc\u015flerle uyumlu oldu\u011fu da bildirildi. \u00c7ED alan\u0131 belirlenirken Maden ve Petrol \u0130\u015fleri Genel M\u00fcd\u00fcrl\u00fc\u011f\u00fc\u2019n\u00fcn onaylad\u0131\u011f\u0131 i\u015fletme projesi ve koordinatlar esas al\u0131nd\u0131.<\/p>\n<p>KARADERE \u00dcZ\u00dcM\u00dc TEHL\u0130KE ALTINDA<\/p>\n<p>Sedir ve ard\u0131\u00e7 a\u011fa\u00e7lar\u0131 ile kapl\u0131 olan ormanl\u0131k arazide hayata ge\u00e7irilecek olan maden oca\u011f\u0131 b\u00fcy\u00fck tepki \u00e7ekti. Vatanda\u015flar b\u00f6lgenin su kaynaklar\u0131n\u0131n ciddi anlamda zarar g\u00f6rece\u011fini belirtti. B\u00f6lgenin 1\u2019nci derece sit alan\u0131nda bulundu\u011funu ifade eden b\u00f6lge sakinleri, maden oca\u011f\u0131n\u0131n y\u00f6reye \u00f6zg\u00fc Karadere \u00fcz\u00fcm\u00fcne b\u00fcy\u00fck darbe vuraca\u011f\u0131 belirtildi. Bir di\u011fer dikkat \u00e7eken nokta ise ma\u011fara oldu. Yer alt\u0131nda bir noktadan bir ba\u015fka noktaya ula\u015fmakta kullan\u0131ld\u0131\u011f\u0131 ifade edilen koruma alt\u0131ndaki ma\u011faran\u0131n zarar g\u00f6rece\u011fi ifade edildi.<\/p>\n<p>\u0130Z\u0130N VERMEYECEKLER\u0130N\u0130 S\u00d6YLED\u0130LER<\/p>\n<p>Antalya K\u00f6rfez Gazetesi muhabiri Ertu\u011frul G\u00fcn&#8217;\u00fcn haberine g\u00f6re; Karadere, Senir ve Koza\u011fac\u0131 mahallelerinin kaderini belirleyecek olan maden oca\u011f\u0131 i\u00e7in d\u00fcn onlarca ki\u015fi bir araya geldi. K\u00f6yl\u00fcler Ya\u015fam alanlar\u0131m\u0131z rant u\u011fruna yok edilemez\u201d slogan\u0131yla maden oca\u011f\u0131na izin vermeyeceklerini s\u00f6yledi. K\u00f6pr\u00fcl\u00fc mahallesinden Mevl\u00fct G\u00fcven, b\u00f6lge halk\u0131n\u0131n ya\u015fam alanlar\u0131n\u0131n tehdit alt\u0131nda oldu\u011funu vurgulayarak, \u201cBu cennet k\u00f6\u015fe, \u015fimdi bir rant kap\u0131s\u0131 olarak g\u00f6r\u00fcl\u00fcyor. Ancak biz bu topraklara derinden ba\u011fl\u0131y\u0131z. Gelecek nesillerin emaneti olan bu alanlar, birka\u00e7 ki\u015finin \u00e7\u0131kar\u0131 i\u00e7in feda edilemez\u201d dedi.<\/p>\n<p>YABAN HAYATI YOK OLACAK<\/p>\n<p>Ta\u015f oca\u011f\u0131 faaliyetlerinin \u00e7evreye, sa\u011fl\u0131\u011fa ve ekonomiye zarar verece\u011fini belirten G\u00fcven, projenin geri d\u00f6n\u00fclmez tahribatlara yol a\u00e7aca\u011f\u0131n\u0131 ifade etti. G\u00fcven \u201cDinamitlerle sars\u0131lan da\u011flar\u0131m\u0131z, toz bulutlar\u0131yla kaplanacak; i\u00e7ti\u011fimiz su, soludu\u011fumuz hava kirlenecek. Yaban hayat\u0131 yok olacak, a\u011fa\u00e7lar\u0131m\u0131z kesilecek. Bu, sadece bir do\u011fa tahribat\u0131 de\u011fil, ayn\u0131 zamanda sa\u011fl\u0131\u011f\u0131m\u0131za do\u011frudan bir tehdittir\u201d s\u00f6zlerine yer verdi.<\/p>\n<p>\u00dcR\u00dcNLER YOK OLACAK<\/p>\n<p>Tar\u0131m ve hayvanc\u0131l\u0131kla ge\u00e7inen b\u00f6lge halk\u0131n\u0131n ekonomik a\u00e7\u0131dan da b\u00fcy\u00fck kay\u0131plar ya\u015fayaca\u011f\u0131n\u0131 dile getiren G\u00fcven, \u201cKaradere \u00fcz\u00fcm\u00fc gibi y\u00f6reye \u00f6zg\u00fc \u00fcr\u00fcnler yok olacak. Kirlenen meralarda hayvanlar\u0131m\u0131z otlayamayacak, insanlar ge\u00e7im s\u0131k\u0131nt\u0131s\u0131yla k\u00f6ylerini terk etmek zorunda kalacak. Bizim ya\u015fam alanlar\u0131m\u0131zla ilgili kararlarda s\u00f6z sahibi olmak en do\u011fal hakk\u0131m\u0131z. Sessiz kal\u0131rsak, gelece\u011fimiz elimizden al\u0131n\u0131r. Ama biz Karadereliler susmayaca\u011f\u0131z. G\u00fcc\u00fcm\u00fcz birli\u011fimizden geliyor. Karadere ve \u00e7evre k\u00f6yler olarak el ele verirsek bu ta\u015foca\u011f\u0131 projesini durdurabilir, \u00e7ocuklar\u0131m\u0131z\u0131n gelece\u011fini koruyabiliriz\u201d diye konu\u015ftu.<\/p>\n<p>B\u00d6LGEN\u0130N HUZURU BOZULACAK<\/p>\n<p>Senir Mahalle Muhtar\u0131 Halil \u0130nan, Koza\u011fac\u0131 Muhtar\u0131 Veysel Geven de projeye tepki g\u00f6stererek, \u201cBu proje hayata ge\u00e7mesi demek b\u00f6lgenin itibar\u0131n\u0131 kaybetmesi demek. Bizler burada huzur i\u00e7erisinde ya\u015f\u0131yoruz. Maden oca\u011f\u0131 ile bu huzur bozulacak. Bu topraklar\u0131n verimi yok olacak. Bizlere miras olarak b\u0131rak\u0131lan \u00f6zellikle sedir ve ard\u0131\u00e7 a\u011fa\u00e7lar\u0131 var. Hepsi koruma alt\u0131nda bulunuyor. Buralar sit alan\u0131 olarak ge\u00e7iyor. Ayr\u0131ca burada bir ma\u011fara oldu\u011fu ifade ediliyor\u201d dedi.<\/p>\n<p>B\u00dcY\u00dcK ZARAR VERECEK<\/p>\n<p>Vatanda\u015flara destek veren CHP Antalya Milletvekili Aykut Kaya ise \u201cG\u00fcndo\u011fmu\u015f\u2019ta yap\u0131lmak istenen ve bir\u00e7ok mahallemizi olumsuz etkileyecek olan mermer oca\u011f\u0131na kar\u015f\u0131 tepkimizi ortaya koyduk. Bu projenin uygulanmas\u0131, il\u00e7emizin su kaynaklar\u0131na, do\u011fal g\u00fczelliklerine ve tarihi zenginliklerine b\u00fcy\u00fck zarar verecek. G\u00fcndo\u011fmu\u015flu hem\u015ferilerimiz ad\u0131na konunun takip\u00e7isi olmaya devam edece\u011fiz&#8221; diye belirtti.<\/p>\n<p>GEN\u0130\u015e KATILIMLI TOPLANTI<\/p>\n<p>\u201cYa\u015fam alanlar\u0131m\u0131z rant u\u011fruna yok edilemez\u201d slogan\u0131yla ger\u00e7ekle\u015ftirilen eyleme, G\u00fcndo\u011fmu\u015f Belediye Ba\u015fkan\u0131 Ali G\u00fclen, CHP \u0130l Ba\u015fkan\u0131 Nail Kamac\u0131, CHP milletvekilleri Aykut Kaya, Aliye Co\u015far ve Mustafa Erdem, G\u00fcndo\u011fmu\u015f CHP \u0130l\u00e7e Ba\u015fkan\u0131 Mehmet T\u00fcrker Eren, G\u00fcndo\u011fmu\u015f \u0130Y\u0130 Parti \u0130l\u00e7e Ba\u015fkan\u0131 Emir Ali \u00c7atalkaya, \u00f6nceki d\u00f6nem E\u011fitim-Sen Ba\u015fkan\u0131 Nurettin S\u00f6nmez, \u0130Y\u0130 Parti, Sol Parti ve Anahtar Parti temsilcileri ile Emek ve Demokrasi G\u00fc\u00e7leri bile\u015fenleri de yer ald\u0131.<\/p>\n<p>\u200bAntalya\u2019n\u0131n G\u00fcndo\u011fmu\u015f il\u00e7esi Karadere, Senir ve Koza\u011fac\u0131 mahallelerinde kurulmas\u0131 planlanan ta\u015f ve mermer oca\u011f\u0131 b\u00f6lgede rahats\u0131zl\u0131\u011fa neden oldu. Vatanda\u015flar koruma alt\u0131ndaki sedir ve ard\u0131\u00e7 a\u011fa\u00e7lar\u0131n\u0131n oldu\u011fu ormanl\u0131k alanda kurulacak olan maden oca\u011f\u0131n\u0131n y\u00f6reye \u00f6zg\u00fc Karadere \u00fcz\u00fcm\u00fcne de darbe vuraca\u011f\u0131 uyar\u0131s\u0131nda bulundu.\u00a0<\/p>\n<p>\u200bHaberin Al\u0131nt\u0131land\u0131\u011f\u0131 Kaynak: www.antalyakorfez.com<\/p>","protected":false},"excerpt":{"rendered":"<p>Antalya\u2019n\u0131n G\u00fcndo\u011fmu\u015f il\u00e7esi Koza\u011fac\u0131 Mahallesi\u2019nde a\u00e7\u0131lmas\u0131 planlanan II-B Grubu mermer oca\u011f\u0131 projesi i\u00e7in ge\u00e7ti\u011fimiz g\u00fcnlerde \u201c\u00c7evresel Etki De\u011ferlendirmesi (\u00c7ED) Gerekli De\u011fildir\u201d karar\u0131 verilmi\u015fti. Karadere, Senir ve Koza\u011fac\u0131 mahallelerinin kaderini belirleyecek olan maden oca\u011f\u0131 i\u00e7in d\u00fcn onlarca ki\u015fi bir araya geldi. K\u00f6yl\u00fcler \u201cYa\u015fam alanlar\u0131m\u0131z rant u\u011fruna yok edilemez\u201d slogan\u0131yla maden oca\u011f\u0131na izin vermeyeceklerini s\u00f6yledi. YILLIK 200 B\u0130N METREK\u00dcP Koza\u011fac\u0131 Mahallesi\u2019nde a\u00e7\u0131lmas\u0131 planlanan mermer oca\u011f\u0131 projesi i\u00e7in ge\u00e7ti\u011fimiz g\u00fcnlerde \u201c\u00c7evresel Etki De\u011ferlendirmesi (\u00c7ED) Gerekli De\u011fildir\u201d karar\u0131 verilmi\u015fti. Proje Tan\u0131t\u0131m Dosyas\u0131 (PTD) do\u011frultusunda yap\u0131lan inceleme sonucu Antalya Valili\u011fi taraf\u0131ndan al\u0131nan kararda, 99,63 hektarl\u0131k ruhsat alan\u0131n\u0131n 23,23 hektarl\u0131k b\u00f6l\u00fcm\u00fcnde y\u0131ll\u0131k 200 bin metrek\u00fcp \u00fcretim yap\u0131lmas\u0131n\u0131n planland\u0131\u011f\u0131 belirtildi. Bunun 20 bin metrek\u00fcp\u00fc blok mermer, 180 bin metrek\u00fcp\u00fc ise pasa malzeme olacak. 341 METRE MESAFEDE YER ALIYOR Maden sahas\u0131, G\u00fcndo\u011fmu\u015f il\u00e7e merkezine 10,8 kilometre, en yak\u0131n yerle\u015fim yeri olan Koza\u011fac\u0131 Mahallesi\u2019ne ise 341 metre mesafede yer al\u0131yor. Proje kapsam\u0131nda daha \u00f6nce 23,24 hektarl\u0131k alan i\u00e7in ilgili kurumlardan olumlu g\u00f6r\u00fc\u015flerin al\u0131nd\u0131\u011f\u0131 ve s\u00f6z konusu ruhsat alan\u0131n\u0131n bu g\u00f6r\u00fc\u015flerle uyumlu oldu\u011fu da bildirildi. \u00c7ED alan\u0131 belirlenirken Maden ve Petrol \u0130\u015fleri Genel M\u00fcd\u00fcrl\u00fc\u011f\u00fc\u2019n\u00fcn onaylad\u0131\u011f\u0131 i\u015fletme projesi ve koordinatlar esas al\u0131nd\u0131. KARADERE \u00dcZ\u00dcM\u00dc TEHL\u0130KE ALTINDA Sedir ve ard\u0131\u00e7 a\u011fa\u00e7lar\u0131 ile kapl\u0131 olan ormanl\u0131k arazide hayata ge\u00e7irilecek olan maden oca\u011f\u0131 b\u00fcy\u00fck &hellip;<\/p>","protected":false},"author":5,"featured_media":0,"comment_status":"","ping_status":"open","sticky":false,"template":"","format":"standard","meta":{"_acf_changed":false,"footnotes":""},"categories":[24],"tags":[],"class_list":["post-117470","post","type-post","status-publish","format-standard","has-post-thumbnail","hentry","category-gundem"],"acf":[],"yoast_head":"<!-- This site is optimized with the Yoast SEO Premium plugin v26.6 (Yoast SEO v27.1.1) - https:\/\/yoast.com\/product\/yoast-seo-premium-wordpress\/ -->\n<title>G\u00fcndo\u011fmu\u015f\u2019ta maden oca\u011f\u0131 ayaklanmas\u0131: Karadere \u00fcz\u00fcm\u00fcne maden darbesi! - Av. Deniz Can K\u0131z\u0131l<\/title>\n<meta name=\"robots\" content=\"index, follow, max-snippet:-1, max-image-preview:large, max-video-preview:-1\" \/>\n<link rel=\"canonical\" href=\"https:\/\/denizcankizil.tr\/de\/haberler\/gundem\/gundogmusta-maden-ocagi-ayaklanmasi-karadere-uzumune-maden-darbesi\/\" \/>\n<meta property=\"og:locale\" content=\"de_DE\" \/>\n<meta property=\"og:type\" content=\"article\" \/>\n<meta property=\"og:title\" content=\"G\u00fcndo\u011fmu\u015f\u2019ta maden oca\u011f\u0131 ayaklanmas\u0131: Karadere \u00fcz\u00fcm\u00fcne maden darbesi!\" \/>\n<meta property=\"og:description\" content=\"Antalya\u2019n\u0131n G\u00fcndo\u011fmu\u015f il\u00e7esi Koza\u011fac\u0131 Mahallesi\u2019nde a\u00e7\u0131lmas\u0131 planlanan II-B Grubu mermer oca\u011f\u0131 projesi i\u00e7in ge\u00e7ti\u011fimiz g\u00fcnlerde \u201c\u00c7evresel Etki De\u011ferlendirmesi (\u00c7ED) Gerekli De\u011fildir\u201d karar\u0131 verilmi\u015fti. Karadere, Senir ve Koza\u011fac\u0131 mahallelerinin kaderini belirleyecek olan maden oca\u011f\u0131 i\u00e7in d\u00fcn onlarca ki\u015fi bir araya geldi. K\u00f6yl\u00fcler \u201cYa\u015fam alanlar\u0131m\u0131z rant u\u011fruna yok edilemez\u201d slogan\u0131yla maden oca\u011f\u0131na izin vermeyeceklerini s\u00f6yledi. YILLIK 200 B\u0130N METREK\u00dcP Koza\u011fac\u0131 Mahallesi\u2019nde a\u00e7\u0131lmas\u0131 planlanan mermer oca\u011f\u0131 projesi i\u00e7in ge\u00e7ti\u011fimiz g\u00fcnlerde \u201c\u00c7evresel Etki De\u011ferlendirmesi (\u00c7ED) Gerekli De\u011fildir\u201d karar\u0131 verilmi\u015fti. Proje Tan\u0131t\u0131m Dosyas\u0131 (PTD) do\u011frultusunda yap\u0131lan inceleme sonucu Antalya Valili\u011fi taraf\u0131ndan al\u0131nan kararda, 99,63 hektarl\u0131k ruhsat alan\u0131n\u0131n 23,23 hektarl\u0131k b\u00f6l\u00fcm\u00fcnde y\u0131ll\u0131k 200 bin metrek\u00fcp \u00fcretim yap\u0131lmas\u0131n\u0131n planland\u0131\u011f\u0131 belirtildi. Bunun 20 bin metrek\u00fcp\u00fc blok mermer, 180 bin metrek\u00fcp\u00fc ise pasa malzeme olacak. 341 METRE MESAFEDE YER ALIYOR Maden sahas\u0131, G\u00fcndo\u011fmu\u015f il\u00e7e merkezine 10,8 kilometre, en yak\u0131n yerle\u015fim yeri olan Koza\u011fac\u0131 Mahallesi\u2019ne ise 341 metre mesafede yer al\u0131yor. Proje kapsam\u0131nda daha \u00f6nce 23,24 hektarl\u0131k alan i\u00e7in ilgili kurumlardan olumlu g\u00f6r\u00fc\u015flerin al\u0131nd\u0131\u011f\u0131 ve s\u00f6z konusu ruhsat alan\u0131n\u0131n bu g\u00f6r\u00fc\u015flerle uyumlu oldu\u011fu da bildirildi. \u00c7ED alan\u0131 belirlenirken Maden ve Petrol \u0130\u015fleri Genel M\u00fcd\u00fcrl\u00fc\u011f\u00fc\u2019n\u00fcn onaylad\u0131\u011f\u0131 i\u015fletme projesi ve koordinatlar esas al\u0131nd\u0131. KARADERE \u00dcZ\u00dcM\u00dc TEHL\u0130KE ALTINDA Sedir ve ard\u0131\u00e7 a\u011fa\u00e7lar\u0131 ile kapl\u0131 olan ormanl\u0131k arazide hayata ge\u00e7irilecek olan maden oca\u011f\u0131 b\u00fcy\u00fck &hellip;\" \/>\n<meta property=\"og:url\" content=\"https:\/\/denizcankizil.tr\/de\/haberler\/gundem\/gundogmusta-maden-ocagi-ayaklanmasi-karadere-uzumune-maden-darbesi\/\" \/>\n<meta property=\"og:site_name\" content=\"Av. Deniz Can K\u0131z\u0131l\" \/>\n<meta property=\"article:published_time\" content=\"2025-06-16T06:41:19+00:00\" \/>\n<meta name=\"author\" content=\"Antalya K\u00f6rfez\" \/>\n<meta name=\"twitter:card\" content=\"summary_large_image\" \/>\n<meta name=\"twitter:label1\" content=\"Verfasst von\" \/>\n\t<meta name=\"twitter:data1\" content=\"Antalya K\u00f6rfez\" \/>\n\t<meta name=\"twitter:label2\" content=\"Gesch\u00e4tzte Lesezeit\" \/>\n\t<meta name=\"twitter:data2\" content=\"5\u00a0Minuten\" \/>\n<script type=\"application\/ld+json\" class=\"yoast-schema-graph\">{\"@context\":\"https:\/\/schema.org\",\"@graph\":[{\"@type\":\"Article\",\"@id\":\"https:\/\/denizcankizil.tr\/ru\/haberler\/gundem\/gundogmusta-maden-ocagi-ayaklanmasi-karadere-uzumune-maden-darbesi\/#article\",\"isPartOf\":{\"@id\":\"https:\/\/denizcankizil.tr\/ru\/haberler\/gundem\/gundogmusta-maden-ocagi-ayaklanmasi-karadere-uzumune-maden-darbesi\/\"},\"author\":{\"name\":\"Antalya K\u00f6rfez\",\"@id\":\"https:\/\/denizcankizil.tr\/de\/#\/schema\/person\/e1eb71bb4dd684d46563f0af307e1234\"},\"headline\":\"G\u00fcndo\u011fmu\u015f\u2019ta maden oca\u011f\u0131 ayaklanmas\u0131: Karadere \u00fcz\u00fcm\u00fcne maden darbesi!\",\"datePublished\":\"2025-06-16T06:41:19+00:00\",\"mainEntityOfPage\":{\"@id\":\"https:\/\/denizcankizil.tr\/ru\/haberler\/gundem\/gundogmusta-maden-ocagi-ayaklanmasi-karadere-uzumune-maden-darbesi\/\"},\"wordCount\":1050,\"publisher\":{\"@id\":\"https:\/\/denizcankizil.tr\/de\/#organization\"},\"articleSection\":[\"G\u00fcndem\"],\"inLanguage\":\"de\"},{\"@type\":\"WebPage\",\"@id\":\"https:\/\/denizcankizil.tr\/ru\/haberler\/gundem\/gundogmusta-maden-ocagi-ayaklanmasi-karadere-uzumune-maden-darbesi\/\",\"url\":\"https:\/\/denizcankizil.tr\/ru\/haberler\/gundem\/gundogmusta-maden-ocagi-ayaklanmasi-karadere-uzumune-maden-darbesi\/\",\"name\":\"G\u00fcndo\u011fmu\u015f\u2019ta maden oca\u011f\u0131 ayaklanmas\u0131: Karadere \u00fcz\u00fcm\u00fcne maden darbesi! - Av. Deniz Can K\u0131z\u0131l\",\"isPartOf\":{\"@id\":\"https:\/\/denizcankizil.tr\/de\/#website\"},\"datePublished\":\"2025-06-16T06:41:19+00:00\",\"breadcrumb\":{\"@id\":\"https:\/\/denizcankizil.tr\/ru\/haberler\/gundem\/gundogmusta-maden-ocagi-ayaklanmasi-karadere-uzumune-maden-darbesi\/#breadcrumb\"},\"inLanguage\":\"de\",\"potentialAction\":[{\"@type\":\"ReadAction\",\"target\":[\"https:\/\/denizcankizil.tr\/ru\/haberler\/gundem\/gundogmusta-maden-ocagi-ayaklanmasi-karadere-uzumune-maden-darbesi\/\"]}]},{\"@type\":\"BreadcrumbList\",\"@id\":\"https:\/\/denizcankizil.tr\/ru\/haberler\/gundem\/gundogmusta-maden-ocagi-ayaklanmasi-karadere-uzumune-maden-darbesi\/#breadcrumb\",\"itemListElement\":[{\"@type\":\"ListItem\",\"position\":1,\"name\":\"Home\",\"item\":\"https:\/\/denizcankizil.tr\/de\/\"},{\"@type\":\"ListItem\",\"position\":2,\"name\":\"G\u00fcndo\u011fmu\u015f\u2019ta maden oca\u011f\u0131 ayaklanmas\u0131: Karadere \u00fcz\u00fcm\u00fcne maden darbesi!\"}]},{\"@type\":\"WebSite\",\"@id\":\"https:\/\/denizcankizil.tr\/de\/#website\",\"url\":\"https:\/\/denizcankizil.tr\/de\/\",\"name\":\"Av. Deniz Can K\u0131z\u0131l\",\"description\":\"Avukat Deniz Can K\u0131z\u0131l Antalya Barosu\",\"publisher\":{\"@id\":\"https:\/\/denizcankizil.tr\/de\/#organization\"},\"potentialAction\":[{\"@type\":\"SearchAction\",\"target\":{\"@type\":\"EntryPoint\",\"urlTemplate\":\"https:\/\/denizcankizil.tr\/de\/?s={search_term_string}\"},\"query-input\":{\"@type\":\"PropertyValueSpecification\",\"valueRequired\":true,\"valueName\":\"search_term_string\"}}],\"inLanguage\":\"de\"},{\"@type\":\"Organization\",\"@id\":\"https:\/\/denizcankizil.tr\/de\/#organization\",\"name\":\"Av. Deniz Can K\u0131z\u0131l\",\"url\":\"https:\/\/denizcankizil.tr\/de\/\",\"logo\":{\"@type\":\"ImageObject\",\"inLanguage\":\"de\",\"@id\":\"https:\/\/denizcankizil.tr\/de\/#\/schema\/logo\/image\/\",\"url\":\"https:\/\/denizcankizil.tr\/wp-content\/uploads\/2024\/10\/siyah-logo-svg.svg\",\"contentUrl\":\"https:\/\/denizcankizil.tr\/wp-content\/uploads\/2024\/10\/siyah-logo-svg.svg\",\"width\":1080,\"height\":1080,\"caption\":\"Av. Deniz Can K\u0131z\u0131l\"},\"image\":{\"@id\":\"https:\/\/denizcankizil.tr\/de\/#\/schema\/logo\/image\/\"}},{\"@type\":\"Person\",\"@id\":\"https:\/\/denizcankizil.tr\/de\/#\/schema\/person\/e1eb71bb4dd684d46563f0af307e1234\",\"name\":\"Antalya K\u00f6rfez\",\"image\":{\"@type\":\"ImageObject\",\"inLanguage\":\"de\",\"@id\":\"https:\/\/denizcankizil.tr\/de\/#\/schema\/person\/image\/\",\"url\":\"https:\/\/secure.gravatar.com\/avatar\/42b01982558a48a0b501fdcab6a408d3717ea5919095ee2e67b0e521799c5905?s=96&d=mm&r=g\",\"contentUrl\":\"https:\/\/secure.gravatar.com\/avatar\/42b01982558a48a0b501fdcab6a408d3717ea5919095ee2e67b0e521799c5905?s=96&d=mm&r=g\",\"caption\":\"Antalya K\u00f6rfez\"},\"sameAs\":[\"http:\/\/www.antalyakorfez.com\"],\"url\":\"https:\/\/www.antalyakorfez.com\/gundogmusta-maden-ocagi-ayaklanmasi-karadere-uzumune-maden-darbesi\"}]}<\/script>\n<!-- \/ Yoast SEO Premium plugin. -->","yoast_head_json":{"title":"G\u00fcndo\u011fmu\u015f\u2019ta maden oca\u011f\u0131 ayaklanmas\u0131: Karadere \u00fcz\u00fcm\u00fcne maden darbesi! - Av. Deniz Can K\u0131z\u0131l","robots":{"index":"index","follow":"follow","max-snippet":"max-snippet:-1","max-image-preview":"max-image-preview:large","max-video-preview":"max-video-preview:-1"},"canonical":"https:\/\/denizcankizil.tr\/de\/haberler\/gundem\/gundogmusta-maden-ocagi-ayaklanmasi-karadere-uzumune-maden-darbesi\/","og_locale":"de_DE","og_type":"article","og_title":"G\u00fcndo\u011fmu\u015f\u2019ta maden oca\u011f\u0131 ayaklanmas\u0131: Karadere \u00fcz\u00fcm\u00fcne maden darbesi!","og_description":"Antalya\u2019n\u0131n G\u00fcndo\u011fmu\u015f il\u00e7esi Koza\u011fac\u0131 Mahallesi\u2019nde a\u00e7\u0131lmas\u0131 planlanan II-B Grubu mermer oca\u011f\u0131 projesi i\u00e7in ge\u00e7ti\u011fimiz g\u00fcnlerde \u201c\u00c7evresel Etki De\u011ferlendirmesi (\u00c7ED) Gerekli De\u011fildir\u201d karar\u0131 verilmi\u015fti. Karadere, Senir ve Koza\u011fac\u0131 mahallelerinin kaderini belirleyecek olan maden oca\u011f\u0131 i\u00e7in d\u00fcn onlarca ki\u015fi bir araya geldi. K\u00f6yl\u00fcler \u201cYa\u015fam alanlar\u0131m\u0131z rant u\u011fruna yok edilemez\u201d slogan\u0131yla maden oca\u011f\u0131na izin vermeyeceklerini s\u00f6yledi. YILLIK 200 B\u0130N METREK\u00dcP Koza\u011fac\u0131 Mahallesi\u2019nde a\u00e7\u0131lmas\u0131 planlanan mermer oca\u011f\u0131 projesi i\u00e7in ge\u00e7ti\u011fimiz g\u00fcnlerde \u201c\u00c7evresel Etki De\u011ferlendirmesi (\u00c7ED) Gerekli De\u011fildir\u201d karar\u0131 verilmi\u015fti. Proje Tan\u0131t\u0131m Dosyas\u0131 (PTD) do\u011frultusunda yap\u0131lan inceleme sonucu Antalya Valili\u011fi taraf\u0131ndan al\u0131nan kararda, 99,63 hektarl\u0131k ruhsat alan\u0131n\u0131n 23,23 hektarl\u0131k b\u00f6l\u00fcm\u00fcnde y\u0131ll\u0131k 200 bin metrek\u00fcp \u00fcretim yap\u0131lmas\u0131n\u0131n planland\u0131\u011f\u0131 belirtildi. Bunun 20 bin metrek\u00fcp\u00fc blok mermer, 180 bin metrek\u00fcp\u00fc ise pasa malzeme olacak. 341 METRE MESAFEDE YER ALIYOR Maden sahas\u0131, G\u00fcndo\u011fmu\u015f il\u00e7e merkezine 10,8 kilometre, en yak\u0131n yerle\u015fim yeri olan Koza\u011fac\u0131 Mahallesi\u2019ne ise 341 metre mesafede yer al\u0131yor. Proje kapsam\u0131nda daha \u00f6nce 23,24 hektarl\u0131k alan i\u00e7in ilgili kurumlardan olumlu g\u00f6r\u00fc\u015flerin al\u0131nd\u0131\u011f\u0131 ve s\u00f6z konusu ruhsat alan\u0131n\u0131n bu g\u00f6r\u00fc\u015flerle uyumlu oldu\u011fu da bildirildi. \u00c7ED alan\u0131 belirlenirken Maden ve Petrol \u0130\u015fleri Genel M\u00fcd\u00fcrl\u00fc\u011f\u00fc\u2019n\u00fcn onaylad\u0131\u011f\u0131 i\u015fletme projesi ve koordinatlar esas al\u0131nd\u0131. KARADERE \u00dcZ\u00dcM\u00dc TEHL\u0130KE ALTINDA Sedir ve ard\u0131\u00e7 a\u011fa\u00e7lar\u0131 ile kapl\u0131 olan ormanl\u0131k arazide hayata ge\u00e7irilecek olan maden oca\u011f\u0131 b\u00fcy\u00fck &hellip;","og_url":"https:\/\/denizcankizil.tr\/de\/haberler\/gundem\/gundogmusta-maden-ocagi-ayaklanmasi-karadere-uzumune-maden-darbesi\/","og_site_name":"Av. Deniz Can K\u0131z\u0131l","article_published_time":"2025-06-16T06:41:19+00:00","author":"Antalya K\u00f6rfez","twitter_card":"summary_large_image","twitter_misc":{"Verfasst von":"Antalya K\u00f6rfez","Gesch\u00e4tzte Lesezeit":"5\u00a0Minuten"},"schema":{"@context":"https:\/\/schema.org","@graph":[{"@type":"Article","@id":"https:\/\/denizcankizil.tr\/ru\/haberler\/gundem\/gundogmusta-maden-ocagi-ayaklanmasi-karadere-uzumune-maden-darbesi\/#article","isPartOf":{"@id":"https:\/\/denizcankizil.tr\/ru\/haberler\/gundem\/gundogmusta-maden-ocagi-ayaklanmasi-karadere-uzumune-maden-darbesi\/"},"author":{"name":"Antalya K\u00f6rfez","@id":"https:\/\/denizcankizil.tr\/de\/#\/schema\/person\/e1eb71bb4dd684d46563f0af307e1234"},"headline":"G\u00fcndo\u011fmu\u015f\u2019ta maden oca\u011f\u0131 ayaklanmas\u0131: Karadere \u00fcz\u00fcm\u00fcne maden darbesi!","datePublished":"2025-06-16T06:41:19+00:00","mainEntityOfPage":{"@id":"https:\/\/denizcankizil.tr\/ru\/haberler\/gundem\/gundogmusta-maden-ocagi-ayaklanmasi-karadere-uzumune-maden-darbesi\/"},"wordCount":1050,"publisher":{"@id":"https:\/\/denizcankizil.tr\/de\/#organization"},"articleSection":["G\u00fcndem"],"inLanguage":"de"},{"@type":"WebPage","@id":"https:\/\/denizcankizil.tr\/ru\/haberler\/gundem\/gundogmusta-maden-ocagi-ayaklanmasi-karadere-uzumune-maden-darbesi\/","url":"https:\/\/denizcankizil.tr\/ru\/haberler\/gundem\/gundogmusta-maden-ocagi-ayaklanmasi-karadere-uzumune-maden-darbesi\/","name":"G\u00fcndo\u011fmu\u015f\u2019ta maden oca\u011f\u0131 ayaklanmas\u0131: Karadere \u00fcz\u00fcm\u00fcne maden darbesi! - Av. Deniz Can K\u0131z\u0131l","isPartOf":{"@id":"https:\/\/denizcankizil.tr\/de\/#website"},"datePublished":"2025-06-16T06:41:19+00:00","breadcrumb":{"@id":"https:\/\/denizcankizil.tr\/ru\/haberler\/gundem\/gundogmusta-maden-ocagi-ayaklanmasi-karadere-uzumune-maden-darbesi\/#breadcrumb"},"inLanguage":"de","potentialAction":[{"@type":"ReadAction","target":["https:\/\/denizcankizil.tr\/ru\/haberler\/gundem\/gundogmusta-maden-ocagi-ayaklanmasi-karadere-uzumune-maden-darbesi\/"]}]},{"@type":"BreadcrumbList","@id":"https:\/\/denizcankizil.tr\/ru\/haberler\/gundem\/gundogmusta-maden-ocagi-ayaklanmasi-karadere-uzumune-maden-darbesi\/#breadcrumb","itemListElement":[{"@type":"ListItem","position":1,"name":"Home","item":"https:\/\/denizcankizil.tr\/de\/"},{"@type":"ListItem","position":2,"name":"G\u00fcndo\u011fmu\u015f\u2019ta maden oca\u011f\u0131 ayaklanmas\u0131: Karadere \u00fcz\u00fcm\u00fcne maden darbesi!"}]},{"@type":"WebSite","@id":"https:\/\/denizcankizil.tr\/de\/#website","url":"https:\/\/denizcankizil.tr\/de\/","name":"Av. Deniz Can K\u0131z\u0131l","description":"Avukat Deniz Can K\u0131z\u0131l Antalya Barosu","publisher":{"@id":"https:\/\/denizcankizil.tr\/de\/#organization"},"potentialAction":[{"@type":"SearchAction","target":{"@type":"EntryPoint","urlTemplate":"https:\/\/denizcankizil.tr\/de\/?s={search_term_string}"},"query-input":{"@type":"PropertyValueSpecification","valueRequired":true,"valueName":"search_term_string"}}],"inLanguage":"de"},{"@type":"Organization","@id":"https:\/\/denizcankizil.tr\/de\/#organization","name":"Av. Deniz Can K\u0131z\u0131l","url":"https:\/\/denizcankizil.tr\/de\/","logo":{"@type":"ImageObject","inLanguage":"de","@id":"https:\/\/denizcankizil.tr\/de\/#\/schema\/logo\/image\/","url":"https:\/\/denizcankizil.tr\/wp-content\/uploads\/2024\/10\/siyah-logo-svg.svg","contentUrl":"https:\/\/denizcankizil.tr\/wp-content\/uploads\/2024\/10\/siyah-logo-svg.svg","width":1080,"height":1080,"caption":"Av. Deniz Can K\u0131z\u0131l"},"image":{"@id":"https:\/\/denizcankizil.tr\/de\/#\/schema\/logo\/image\/"}},{"@type":"Person","@id":"https:\/\/denizcankizil.tr\/de\/#\/schema\/person\/e1eb71bb4dd684d46563f0af307e1234","name":"Antalya K\u00f6rfez","image":{"@type":"ImageObject","inLanguage":"de","@id":"https:\/\/denizcankizil.tr\/de\/#\/schema\/person\/image\/","url":"https:\/\/secure.gravatar.com\/avatar\/42b01982558a48a0b501fdcab6a408d3717ea5919095ee2e67b0e521799c5905?s=96&d=mm&r=g","contentUrl":"https:\/\/secure.gravatar.com\/avatar\/42b01982558a48a0b501fdcab6a408d3717ea5919095ee2e67b0e521799c5905?s=96&d=mm&r=g","caption":"Antalya K\u00f6rfez"},"sameAs":["http:\/\/www.antalyakorfez.com"],"url":"https:\/\/www.antalyakorfez.com\/gundogmusta-maden-ocagi-ayaklanmasi-karadere-uzumune-maden-darbesi"}]}},"_links":{"self":[{"href":"https:\/\/denizcankizil.tr\/de\/wp-json\/wp\/v2\/posts\/117470","targetHints":{"allow":["GET"]}}],"collection":[{"href":"https:\/\/denizcankizil.tr\/de\/wp-json\/wp\/v2\/posts"}],"about":[{"href":"https:\/\/denizcankizil.tr\/de\/wp-json\/wp\/v2\/types\/post"}],"author":[{"embeddable":true,"href":"https:\/\/denizcankizil.tr\/de\/wp-json\/wp\/v2\/users\/5"}],"replies":[{"embeddable":true,"href":"https:\/\/denizcankizil.tr\/de\/wp-json\/wp\/v2\/comments?post=117470"}],"version-history":[{"count":0,"href":"https:\/\/denizcankizil.tr\/de\/wp-json\/wp\/v2\/posts\/117470\/revisions"}],"wp:attachment":[{"href":"https:\/\/denizcankizil.tr\/de\/wp-json\/wp\/v2\/media?parent=117470"}],"wp:term":[{"taxonomy":"category","embeddable":true,"href":"https:\/\/denizcankizil.tr\/de\/wp-json\/wp\/v2\/categories?post=117470"},{"taxonomy":"post_tag","embeddable":true,"href":"https:\/\/denizcankizil.tr\/de\/wp-json\/wp\/v2\/tags?post=117470"}],"curies":[{"name":"wp","href":"https:\/\/api.w.org\/{rel}","templated":true}]}}