{"id":116773,"date":"2025-06-15T11:41:17","date_gmt":"2025-06-15T08:41:17","guid":{"rendered":"https:\/\/denizcankizil.tr\/uncategorized-tr\/antalyada-halk-otobuslerinde-yangin-mudahale-noktasi-donemi\/"},"modified":"2025-06-15T11:41:17","modified_gmt":"2025-06-15T08:41:17","slug":"antalyada-halk-otobuslerinde-yangin-mudahale-noktasi-donemi","status":"publish","type":"post","link":"https:\/\/denizcankizil.tr\/de\/haberler\/gundem\/antalyada-halk-otobuslerinde-yangin-mudahale-noktasi-donemi\/","title":{"rendered":"Antalya\u2019da halk otob\u00fcslerinde &#8216;Yang\u0131n M\u00fcdahale Noktas\u0131&#8217; d\u00f6nemi"},"content":{"rendered":"<p>Antalya&#8217;da bir s\u00fcre \u00f6nce Konyaalt\u0131 il\u00e7esinde hareket halindeyken alev alan ve hurdaya d\u00f6nen halk otob\u00fcs\u00fc, kent genelinde toplu ta\u015f\u0131ma ara\u00e7lar\u0131nda yang\u0131n g\u00fcvenli\u011fi konusunu g\u00fcndeme getirmi\u015fti. Olay\u0131n ard\u0131ndan toplu ta\u015f\u0131ma ara\u00e7lar\u0131nda fark edilen yeni bir g\u00fcvenlik uygulamas\u0131 dikkat \u00e7ekti. Otob\u00fcslerin arka k\u0131sm\u0131nda yer alan &#8220;Yang\u0131n M\u00fcdahale Noktas\u0131&#8221; ibaresi, olas\u0131 yang\u0131nlara erken m\u00fcdahale i\u00e7in umut verici bir ad\u0131m olarak de\u011ferlendiriliyor.<\/p>\n<p>YANGIN FAC\u0130ASI HAFIZALARDA TAZEL\u0130\u011e\u0130N\u0130 KORUYOR<\/p>\n<p>Konyaalt\u0131 il\u00e7esinde 521C seferini yapan ve s\u00fcr\u00fcc\u00fcl\u00fc\u011f\u00fcn\u00fc Evrensel M.K.&#8217;nin yapt\u0131\u011f\u0131 07 AAU 913 plakal\u0131 halk otob\u00fcs\u00fc, motor k\u0131sm\u0131ndan dumanlar\u0131n y\u00fckselmesiyle k\u0131sa s\u00fcrede alev alm\u0131\u015f ve kullan\u0131lamaz hale gelmi\u015fti. Ara\u00e7ta hi\u00e7bir yolcunun bulunmamas\u0131 olas\u0131 bir facian\u0131n \u00f6n\u00fcne ge\u00e7mi\u015fti. Olay sonras\u0131 kent genelinde toplu ta\u015f\u0131madaki yang\u0131n g\u00fcvenli\u011fi \u00f6nlemleri tart\u0131\u015fmaya yol a\u00e7m\u0131\u015ft\u0131.<\/p>\n<p>YEN\u0130 G\u00dcVENL\u0130K NOKTASI D\u0130KKAT \u00c7EKT\u0130<\/p>\n<p>Antalya B\u00fcy\u00fck\u015fehir Belediyesi&#8217;ne ait ba\u015fka bir halk otob\u00fcs\u00fcn\u00fcn arkas\u0131nda, ge\u00e7ti\u011fimiz g\u00fcnlerde dikkat \u00e7eken bir detay g\u00f6r\u00fcnt\u00fclendi. Otob\u00fcs\u00fcn arka y\u00fczeyinde yer alan ve &#8220;Yang\u0131n M\u00fcdahale Noktas\u0131&#8221; yazs\u0131n\u0131n bulundu\u011fu k\u00fc\u00e7\u00fck dairesel bir alan\u0131n, yang\u0131n s\u00f6nd\u00fcrme ekiplerinin veya s\u00fcr\u00fcc\u00fcn\u00fcn acil m\u00fcdahalesine imkan sa\u011flayan \u00f6zel bir kapak oldu\u011fu de\u011ferlendiriliyor.<\/p>\n<p>VATANDA\u015eLARDAN DESTEK<\/p>\n<p>Toplu ta\u015f\u0131mada seyahat eden vatanda\u015flar ise s\u00f6z konusu uygulamay\u0131 olumlu kar\u015f\u0131larken, \u00f6zellikle eski model otob\u00fcslerin teknik kontrollerinin s\u0131k\u0131la\u015ft\u0131r\u0131lmas\u0131 gerekti\u011fini de ifade ediyor.<\/p>\n<p>\u200bAntalya&#8217;da ge\u00e7ti\u011fimiz aylarda meydana gelen halk otob\u00fcs\u00fc yang\u0131n\u0131n\u0131n ard\u0131ndan, baz\u0131 otob\u00fcslerin arka k\u0131sm\u0131nda &#8220;yang\u0131n m\u00fcdahale noktas\u0131&#8221; ibaresi yer almaya ba\u015flad\u0131. S\u00fcr\u00fcc\u00fcler ve vatanda\u015flar i\u00e7in haz\u0131rlanan bu alan, acil durumlarda ilk m\u00fcdahalenin yap\u0131labilmesi i\u00e7in tasarland\u0131.\u00a0<\/p>\n<p>\u200bHaberin Al\u0131nt\u0131land\u0131\u011f\u0131 Kaynak: www.antalyakorfez.com<\/p>","protected":false},"excerpt":{"rendered":"<p>Antalya&#8217;da bir s\u00fcre \u00f6nce Konyaalt\u0131 il\u00e7esinde hareket halindeyken alev alan ve hurdaya d\u00f6nen halk otob\u00fcs\u00fc, kent genelinde toplu ta\u015f\u0131ma ara\u00e7lar\u0131nda yang\u0131n g\u00fcvenli\u011fi konusunu g\u00fcndeme getirmi\u015fti. Olay\u0131n ard\u0131ndan toplu ta\u015f\u0131ma ara\u00e7lar\u0131nda fark edilen yeni bir g\u00fcvenlik uygulamas\u0131 dikkat \u00e7ekti. Otob\u00fcslerin arka k\u0131sm\u0131nda yer alan &#8220;Yang\u0131n M\u00fcdahale Noktas\u0131&#8221; ibaresi, olas\u0131 yang\u0131nlara erken m\u00fcdahale i\u00e7in umut verici bir ad\u0131m olarak de\u011ferlendiriliyor. YANGIN FAC\u0130ASI HAFIZALARDA TAZEL\u0130\u011e\u0130N\u0130 KORUYOR Konyaalt\u0131 il\u00e7esinde 521C seferini yapan ve s\u00fcr\u00fcc\u00fcl\u00fc\u011f\u00fcn\u00fc Evrensel M.K.&#8217;nin yapt\u0131\u011f\u0131 07 AAU 913 plakal\u0131 halk otob\u00fcs\u00fc, motor k\u0131sm\u0131ndan dumanlar\u0131n y\u00fckselmesiyle k\u0131sa s\u00fcrede alev alm\u0131\u015f ve kullan\u0131lamaz hale gelmi\u015fti. Ara\u00e7ta hi\u00e7bir yolcunun bulunmamas\u0131 olas\u0131 bir facian\u0131n \u00f6n\u00fcne ge\u00e7mi\u015fti. Olay sonras\u0131 kent genelinde toplu ta\u015f\u0131madaki yang\u0131n g\u00fcvenli\u011fi \u00f6nlemleri tart\u0131\u015fmaya yol a\u00e7m\u0131\u015ft\u0131. YEN\u0130 G\u00dcVENL\u0130K NOKTASI D\u0130KKAT \u00c7EKT\u0130 Antalya B\u00fcy\u00fck\u015fehir Belediyesi&#8217;ne ait ba\u015fka bir halk otob\u00fcs\u00fcn\u00fcn arkas\u0131nda, ge\u00e7ti\u011fimiz g\u00fcnlerde dikkat \u00e7eken bir detay g\u00f6r\u00fcnt\u00fclendi. Otob\u00fcs\u00fcn arka y\u00fczeyinde yer alan ve &#8220;Yang\u0131n M\u00fcdahale Noktas\u0131&#8221; yazs\u0131n\u0131n bulundu\u011fu k\u00fc\u00e7\u00fck dairesel bir alan\u0131n, yang\u0131n s\u00f6nd\u00fcrme ekiplerinin veya s\u00fcr\u00fcc\u00fcn\u00fcn acil m\u00fcdahalesine imkan sa\u011flayan \u00f6zel bir kapak oldu\u011fu de\u011ferlendiriliyor. VATANDA\u015eLARDAN DESTEK Toplu ta\u015f\u0131mada seyahat eden vatanda\u015flar ise s\u00f6z konusu uygulamay\u0131 olumlu kar\u015f\u0131larken, \u00f6zellikle eski model otob\u00fcslerin teknik kontrollerinin s\u0131k\u0131la\u015ft\u0131r\u0131lmas\u0131 gerekti\u011fini de ifade ediyor. \u200bAntalya&#8217;da ge\u00e7ti\u011fimiz aylarda meydana gelen halk otob\u00fcs\u00fc yang\u0131n\u0131n\u0131n ard\u0131ndan, baz\u0131 otob\u00fcslerin arka k\u0131sm\u0131nda &#8220;yang\u0131n &hellip;<\/p>","protected":false},"author":5,"featured_media":0,"comment_status":"","ping_status":"open","sticky":false,"template":"","format":"standard","meta":{"_acf_changed":false,"footnotes":""},"categories":[24],"tags":[],"class_list":["post-116773","post","type-post","status-publish","format-standard","has-post-thumbnail","hentry","category-gundem"],"acf":[],"yoast_head":"<!-- This site is optimized with the Yoast SEO Premium plugin v26.6 (Yoast SEO v27.1.1) - https:\/\/yoast.com\/product\/yoast-seo-premium-wordpress\/ -->\n<title>Antalya\u2019da halk otob\u00fcslerinde &#039;Yang\u0131n M\u00fcdahale Noktas\u0131&#039; d\u00f6nemi - Av. Deniz Can K\u0131z\u0131l<\/title>\n<meta name=\"robots\" content=\"index, follow, max-snippet:-1, max-image-preview:large, max-video-preview:-1\" \/>\n<link rel=\"canonical\" href=\"https:\/\/denizcankizil.tr\/de\/haberler\/gundem\/antalyada-halk-otobuslerinde-yangin-mudahale-noktasi-donemi\/\" \/>\n<meta property=\"og:locale\" content=\"de_DE\" \/>\n<meta property=\"og:type\" content=\"article\" \/>\n<meta property=\"og:title\" content=\"Antalya\u2019da halk otob\u00fcslerinde &#039;Yang\u0131n M\u00fcdahale Noktas\u0131&#039; d\u00f6nemi\" \/>\n<meta property=\"og:description\" content=\"Antalya&#8217;da bir s\u00fcre \u00f6nce Konyaalt\u0131 il\u00e7esinde hareket halindeyken alev alan ve hurdaya d\u00f6nen halk otob\u00fcs\u00fc, kent genelinde toplu ta\u015f\u0131ma ara\u00e7lar\u0131nda yang\u0131n g\u00fcvenli\u011fi konusunu g\u00fcndeme getirmi\u015fti. Olay\u0131n ard\u0131ndan toplu ta\u015f\u0131ma ara\u00e7lar\u0131nda fark edilen yeni bir g\u00fcvenlik uygulamas\u0131 dikkat \u00e7ekti. Otob\u00fcslerin arka k\u0131sm\u0131nda yer alan &#8220;Yang\u0131n M\u00fcdahale Noktas\u0131&#8221; ibaresi, olas\u0131 yang\u0131nlara erken m\u00fcdahale i\u00e7in umut verici bir ad\u0131m olarak de\u011ferlendiriliyor. YANGIN FAC\u0130ASI HAFIZALARDA TAZEL\u0130\u011e\u0130N\u0130 KORUYOR Konyaalt\u0131 il\u00e7esinde 521C seferini yapan ve s\u00fcr\u00fcc\u00fcl\u00fc\u011f\u00fcn\u00fc Evrensel M.K.&#8217;nin yapt\u0131\u011f\u0131 07 AAU 913 plakal\u0131 halk otob\u00fcs\u00fc, motor k\u0131sm\u0131ndan dumanlar\u0131n y\u00fckselmesiyle k\u0131sa s\u00fcrede alev alm\u0131\u015f ve kullan\u0131lamaz hale gelmi\u015fti. Ara\u00e7ta hi\u00e7bir yolcunun bulunmamas\u0131 olas\u0131 bir facian\u0131n \u00f6n\u00fcne ge\u00e7mi\u015fti. Olay sonras\u0131 kent genelinde toplu ta\u015f\u0131madaki yang\u0131n g\u00fcvenli\u011fi \u00f6nlemleri tart\u0131\u015fmaya yol a\u00e7m\u0131\u015ft\u0131. YEN\u0130 G\u00dcVENL\u0130K NOKTASI D\u0130KKAT \u00c7EKT\u0130 Antalya B\u00fcy\u00fck\u015fehir Belediyesi&#8217;ne ait ba\u015fka bir halk otob\u00fcs\u00fcn\u00fcn arkas\u0131nda, ge\u00e7ti\u011fimiz g\u00fcnlerde dikkat \u00e7eken bir detay g\u00f6r\u00fcnt\u00fclendi. Otob\u00fcs\u00fcn arka y\u00fczeyinde yer alan ve &#8220;Yang\u0131n M\u00fcdahale Noktas\u0131&#8221; yazs\u0131n\u0131n bulundu\u011fu k\u00fc\u00e7\u00fck dairesel bir alan\u0131n, yang\u0131n s\u00f6nd\u00fcrme ekiplerinin veya s\u00fcr\u00fcc\u00fcn\u00fcn acil m\u00fcdahalesine imkan sa\u011flayan \u00f6zel bir kapak oldu\u011fu de\u011ferlendiriliyor. VATANDA\u015eLARDAN DESTEK Toplu ta\u015f\u0131mada seyahat eden vatanda\u015flar ise s\u00f6z konusu uygulamay\u0131 olumlu kar\u015f\u0131larken, \u00f6zellikle eski model otob\u00fcslerin teknik kontrollerinin s\u0131k\u0131la\u015ft\u0131r\u0131lmas\u0131 gerekti\u011fini de ifade ediyor. \u200bAntalya&#8217;da ge\u00e7ti\u011fimiz aylarda meydana gelen halk otob\u00fcs\u00fc yang\u0131n\u0131n\u0131n ard\u0131ndan, baz\u0131 otob\u00fcslerin arka k\u0131sm\u0131nda &#8220;yang\u0131n &hellip;\" \/>\n<meta property=\"og:url\" content=\"https:\/\/denizcankizil.tr\/de\/haberler\/gundem\/antalyada-halk-otobuslerinde-yangin-mudahale-noktasi-donemi\/\" \/>\n<meta property=\"og:site_name\" content=\"Av. Deniz Can K\u0131z\u0131l\" \/>\n<meta property=\"article:published_time\" content=\"2025-06-15T08:41:17+00:00\" \/>\n<meta name=\"author\" content=\"Antalya K\u00f6rfez\" \/>\n<meta name=\"twitter:card\" content=\"summary_large_image\" \/>\n<meta name=\"twitter:label1\" content=\"Verfasst von\" \/>\n\t<meta name=\"twitter:data1\" content=\"Antalya K\u00f6rfez\" \/>\n\t<meta name=\"twitter:label2\" content=\"Gesch\u00e4tzte Lesezeit\" \/>\n\t<meta name=\"twitter:data2\" content=\"2\u00a0Minuten\" \/>\n<script type=\"application\/ld+json\" class=\"yoast-schema-graph\">{\"@context\":\"https:\/\/schema.org\",\"@graph\":[{\"@type\":\"Article\",\"@id\":\"https:\/\/denizcankizil.tr\/de\/haberler\/gundem\/antalyada-halk-otobuslerinde-yangin-mudahale-noktasi-donemi\/#article\",\"isPartOf\":{\"@id\":\"https:\/\/denizcankizil.tr\/de\/haberler\/gundem\/antalyada-halk-otobuslerinde-yangin-mudahale-noktasi-donemi\/\"},\"author\":{\"name\":\"Antalya K\u00f6rfez\",\"@id\":\"https:\/\/denizcankizil.tr\/de\/#\/schema\/person\/e1eb71bb4dd684d46563f0af307e1234\"},\"headline\":\"Antalya\u2019da halk otob\u00fcslerinde &#8216;Yang\u0131n M\u00fcdahale Noktas\u0131&#8217; d\u00f6nemi\",\"datePublished\":\"2025-06-15T08:41:17+00:00\",\"mainEntityOfPage\":{\"@id\":\"https:\/\/denizcankizil.tr\/de\/haberler\/gundem\/antalyada-halk-otobuslerinde-yangin-mudahale-noktasi-donemi\/\"},\"wordCount\":372,\"publisher\":{\"@id\":\"https:\/\/denizcankizil.tr\/de\/#organization\"},\"articleSection\":[\"G\u00fcndem\"],\"inLanguage\":\"de\"},{\"@type\":\"WebPage\",\"@id\":\"https:\/\/denizcankizil.tr\/de\/haberler\/gundem\/antalyada-halk-otobuslerinde-yangin-mudahale-noktasi-donemi\/\",\"url\":\"https:\/\/denizcankizil.tr\/de\/haberler\/gundem\/antalyada-halk-otobuslerinde-yangin-mudahale-noktasi-donemi\/\",\"name\":\"Antalya\u2019da halk otob\u00fcslerinde 'Yang\u0131n M\u00fcdahale Noktas\u0131' d\u00f6nemi - Av. Deniz Can K\u0131z\u0131l\",\"isPartOf\":{\"@id\":\"https:\/\/denizcankizil.tr\/de\/#website\"},\"datePublished\":\"2025-06-15T08:41:17+00:00\",\"breadcrumb\":{\"@id\":\"https:\/\/denizcankizil.tr\/de\/haberler\/gundem\/antalyada-halk-otobuslerinde-yangin-mudahale-noktasi-donemi\/#breadcrumb\"},\"inLanguage\":\"de\",\"potentialAction\":[{\"@type\":\"ReadAction\",\"target\":[\"https:\/\/denizcankizil.tr\/de\/haberler\/gundem\/antalyada-halk-otobuslerinde-yangin-mudahale-noktasi-donemi\/\"]}]},{\"@type\":\"BreadcrumbList\",\"@id\":\"https:\/\/denizcankizil.tr\/de\/haberler\/gundem\/antalyada-halk-otobuslerinde-yangin-mudahale-noktasi-donemi\/#breadcrumb\",\"itemListElement\":[{\"@type\":\"ListItem\",\"position\":1,\"name\":\"Home\",\"item\":\"https:\/\/denizcankizil.tr\/de\/\"},{\"@type\":\"ListItem\",\"position\":2,\"name\":\"Antalya\u2019da halk otob\u00fcslerinde &#8216;Yang\u0131n M\u00fcdahale Noktas\u0131&#8217; d\u00f6nemi\"}]},{\"@type\":\"WebSite\",\"@id\":\"https:\/\/denizcankizil.tr\/de\/#website\",\"url\":\"https:\/\/denizcankizil.tr\/de\/\",\"name\":\"Av. Deniz Can K\u0131z\u0131l\",\"description\":\"Avukat Deniz Can K\u0131z\u0131l Antalya Barosu\",\"publisher\":{\"@id\":\"https:\/\/denizcankizil.tr\/de\/#organization\"},\"potentialAction\":[{\"@type\":\"SearchAction\",\"target\":{\"@type\":\"EntryPoint\",\"urlTemplate\":\"https:\/\/denizcankizil.tr\/de\/?s={search_term_string}\"},\"query-input\":{\"@type\":\"PropertyValueSpecification\",\"valueRequired\":true,\"valueName\":\"search_term_string\"}}],\"inLanguage\":\"de\"},{\"@type\":\"Organization\",\"@id\":\"https:\/\/denizcankizil.tr\/de\/#organization\",\"name\":\"Av. Deniz Can K\u0131z\u0131l\",\"url\":\"https:\/\/denizcankizil.tr\/de\/\",\"logo\":{\"@type\":\"ImageObject\",\"inLanguage\":\"de\",\"@id\":\"https:\/\/denizcankizil.tr\/de\/#\/schema\/logo\/image\/\",\"url\":\"https:\/\/denizcankizil.tr\/wp-content\/uploads\/2024\/10\/siyah-logo-svg.svg\",\"contentUrl\":\"https:\/\/denizcankizil.tr\/wp-content\/uploads\/2024\/10\/siyah-logo-svg.svg\",\"width\":1080,\"height\":1080,\"caption\":\"Av. Deniz Can K\u0131z\u0131l\"},\"image\":{\"@id\":\"https:\/\/denizcankizil.tr\/de\/#\/schema\/logo\/image\/\"}},{\"@type\":\"Person\",\"@id\":\"https:\/\/denizcankizil.tr\/de\/#\/schema\/person\/e1eb71bb4dd684d46563f0af307e1234\",\"name\":\"Antalya K\u00f6rfez\",\"image\":{\"@type\":\"ImageObject\",\"inLanguage\":\"de\",\"@id\":\"https:\/\/denizcankizil.tr\/de\/#\/schema\/person\/image\/\",\"url\":\"https:\/\/secure.gravatar.com\/avatar\/42b01982558a48a0b501fdcab6a408d3717ea5919095ee2e67b0e521799c5905?s=96&d=mm&r=g\",\"contentUrl\":\"https:\/\/secure.gravatar.com\/avatar\/42b01982558a48a0b501fdcab6a408d3717ea5919095ee2e67b0e521799c5905?s=96&d=mm&r=g\",\"caption\":\"Antalya K\u00f6rfez\"},\"sameAs\":[\"http:\/\/www.antalyakorfez.com\"],\"url\":\"https:\/\/www.antalyakorfez.com\/yanginlara-karsi-onlem-antalya-otobuslerinde-yangin-mudahale-noktasi-donemi\"}]}<\/script>\n<!-- \/ Yoast SEO Premium plugin. -->","yoast_head_json":{"title":"Antalya\u2019da halk otob\u00fcslerinde 'Yang\u0131n M\u00fcdahale Noktas\u0131' d\u00f6nemi - Av. Deniz Can K\u0131z\u0131l","robots":{"index":"index","follow":"follow","max-snippet":"max-snippet:-1","max-image-preview":"max-image-preview:large","max-video-preview":"max-video-preview:-1"},"canonical":"https:\/\/denizcankizil.tr\/de\/haberler\/gundem\/antalyada-halk-otobuslerinde-yangin-mudahale-noktasi-donemi\/","og_locale":"de_DE","og_type":"article","og_title":"Antalya\u2019da halk otob\u00fcslerinde 'Yang\u0131n M\u00fcdahale Noktas\u0131' d\u00f6nemi","og_description":"Antalya&#8217;da bir s\u00fcre \u00f6nce Konyaalt\u0131 il\u00e7esinde hareket halindeyken alev alan ve hurdaya d\u00f6nen halk otob\u00fcs\u00fc, kent genelinde toplu ta\u015f\u0131ma ara\u00e7lar\u0131nda yang\u0131n g\u00fcvenli\u011fi konusunu g\u00fcndeme getirmi\u015fti. Olay\u0131n ard\u0131ndan toplu ta\u015f\u0131ma ara\u00e7lar\u0131nda fark edilen yeni bir g\u00fcvenlik uygulamas\u0131 dikkat \u00e7ekti. Otob\u00fcslerin arka k\u0131sm\u0131nda yer alan &#8220;Yang\u0131n M\u00fcdahale Noktas\u0131&#8221; ibaresi, olas\u0131 yang\u0131nlara erken m\u00fcdahale i\u00e7in umut verici bir ad\u0131m olarak de\u011ferlendiriliyor. YANGIN FAC\u0130ASI HAFIZALARDA TAZEL\u0130\u011e\u0130N\u0130 KORUYOR Konyaalt\u0131 il\u00e7esinde 521C seferini yapan ve s\u00fcr\u00fcc\u00fcl\u00fc\u011f\u00fcn\u00fc Evrensel M.K.&#8217;nin yapt\u0131\u011f\u0131 07 AAU 913 plakal\u0131 halk otob\u00fcs\u00fc, motor k\u0131sm\u0131ndan dumanlar\u0131n y\u00fckselmesiyle k\u0131sa s\u00fcrede alev alm\u0131\u015f ve kullan\u0131lamaz hale gelmi\u015fti. Ara\u00e7ta hi\u00e7bir yolcunun bulunmamas\u0131 olas\u0131 bir facian\u0131n \u00f6n\u00fcne ge\u00e7mi\u015fti. Olay sonras\u0131 kent genelinde toplu ta\u015f\u0131madaki yang\u0131n g\u00fcvenli\u011fi \u00f6nlemleri tart\u0131\u015fmaya yol a\u00e7m\u0131\u015ft\u0131. YEN\u0130 G\u00dcVENL\u0130K NOKTASI D\u0130KKAT \u00c7EKT\u0130 Antalya B\u00fcy\u00fck\u015fehir Belediyesi&#8217;ne ait ba\u015fka bir halk otob\u00fcs\u00fcn\u00fcn arkas\u0131nda, ge\u00e7ti\u011fimiz g\u00fcnlerde dikkat \u00e7eken bir detay g\u00f6r\u00fcnt\u00fclendi. Otob\u00fcs\u00fcn arka y\u00fczeyinde yer alan ve &#8220;Yang\u0131n M\u00fcdahale Noktas\u0131&#8221; yazs\u0131n\u0131n bulundu\u011fu k\u00fc\u00e7\u00fck dairesel bir alan\u0131n, yang\u0131n s\u00f6nd\u00fcrme ekiplerinin veya s\u00fcr\u00fcc\u00fcn\u00fcn acil m\u00fcdahalesine imkan sa\u011flayan \u00f6zel bir kapak oldu\u011fu de\u011ferlendiriliyor. VATANDA\u015eLARDAN DESTEK Toplu ta\u015f\u0131mada seyahat eden vatanda\u015flar ise s\u00f6z konusu uygulamay\u0131 olumlu kar\u015f\u0131larken, \u00f6zellikle eski model otob\u00fcslerin teknik kontrollerinin s\u0131k\u0131la\u015ft\u0131r\u0131lmas\u0131 gerekti\u011fini de ifade ediyor. \u200bAntalya&#8217;da ge\u00e7ti\u011fimiz aylarda meydana gelen halk otob\u00fcs\u00fc yang\u0131n\u0131n\u0131n ard\u0131ndan, baz\u0131 otob\u00fcslerin arka k\u0131sm\u0131nda &#8220;yang\u0131n &hellip;","og_url":"https:\/\/denizcankizil.tr\/de\/haberler\/gundem\/antalyada-halk-otobuslerinde-yangin-mudahale-noktasi-donemi\/","og_site_name":"Av. Deniz Can K\u0131z\u0131l","article_published_time":"2025-06-15T08:41:17+00:00","author":"Antalya K\u00f6rfez","twitter_card":"summary_large_image","twitter_misc":{"Verfasst von":"Antalya K\u00f6rfez","Gesch\u00e4tzte Lesezeit":"2\u00a0Minuten"},"schema":{"@context":"https:\/\/schema.org","@graph":[{"@type":"Article","@id":"https:\/\/denizcankizil.tr\/de\/haberler\/gundem\/antalyada-halk-otobuslerinde-yangin-mudahale-noktasi-donemi\/#article","isPartOf":{"@id":"https:\/\/denizcankizil.tr\/de\/haberler\/gundem\/antalyada-halk-otobuslerinde-yangin-mudahale-noktasi-donemi\/"},"author":{"name":"Antalya K\u00f6rfez","@id":"https:\/\/denizcankizil.tr\/de\/#\/schema\/person\/e1eb71bb4dd684d46563f0af307e1234"},"headline":"Antalya\u2019da halk otob\u00fcslerinde &#8216;Yang\u0131n M\u00fcdahale Noktas\u0131&#8217; d\u00f6nemi","datePublished":"2025-06-15T08:41:17+00:00","mainEntityOfPage":{"@id":"https:\/\/denizcankizil.tr\/de\/haberler\/gundem\/antalyada-halk-otobuslerinde-yangin-mudahale-noktasi-donemi\/"},"wordCount":372,"publisher":{"@id":"https:\/\/denizcankizil.tr\/de\/#organization"},"articleSection":["G\u00fcndem"],"inLanguage":"de"},{"@type":"WebPage","@id":"https:\/\/denizcankizil.tr\/de\/haberler\/gundem\/antalyada-halk-otobuslerinde-yangin-mudahale-noktasi-donemi\/","url":"https:\/\/denizcankizil.tr\/de\/haberler\/gundem\/antalyada-halk-otobuslerinde-yangin-mudahale-noktasi-donemi\/","name":"Antalya\u2019da halk otob\u00fcslerinde 'Yang\u0131n M\u00fcdahale Noktas\u0131' d\u00f6nemi - Av. Deniz Can K\u0131z\u0131l","isPartOf":{"@id":"https:\/\/denizcankizil.tr\/de\/#website"},"datePublished":"2025-06-15T08:41:17+00:00","breadcrumb":{"@id":"https:\/\/denizcankizil.tr\/de\/haberler\/gundem\/antalyada-halk-otobuslerinde-yangin-mudahale-noktasi-donemi\/#breadcrumb"},"inLanguage":"de","potentialAction":[{"@type":"ReadAction","target":["https:\/\/denizcankizil.tr\/de\/haberler\/gundem\/antalyada-halk-otobuslerinde-yangin-mudahale-noktasi-donemi\/"]}]},{"@type":"BreadcrumbList","@id":"https:\/\/denizcankizil.tr\/de\/haberler\/gundem\/antalyada-halk-otobuslerinde-yangin-mudahale-noktasi-donemi\/#breadcrumb","itemListElement":[{"@type":"ListItem","position":1,"name":"Home","item":"https:\/\/denizcankizil.tr\/de\/"},{"@type":"ListItem","position":2,"name":"Antalya\u2019da halk otob\u00fcslerinde &#8216;Yang\u0131n M\u00fcdahale Noktas\u0131&#8217; d\u00f6nemi"}]},{"@type":"WebSite","@id":"https:\/\/denizcankizil.tr\/de\/#website","url":"https:\/\/denizcankizil.tr\/de\/","name":"Av. Deniz Can K\u0131z\u0131l","description":"Avukat Deniz Can K\u0131z\u0131l Antalya Barosu","publisher":{"@id":"https:\/\/denizcankizil.tr\/de\/#organization"},"potentialAction":[{"@type":"SearchAction","target":{"@type":"EntryPoint","urlTemplate":"https:\/\/denizcankizil.tr\/de\/?s={search_term_string}"},"query-input":{"@type":"PropertyValueSpecification","valueRequired":true,"valueName":"search_term_string"}}],"inLanguage":"de"},{"@type":"Organization","@id":"https:\/\/denizcankizil.tr\/de\/#organization","name":"Av. Deniz Can K\u0131z\u0131l","url":"https:\/\/denizcankizil.tr\/de\/","logo":{"@type":"ImageObject","inLanguage":"de","@id":"https:\/\/denizcankizil.tr\/de\/#\/schema\/logo\/image\/","url":"https:\/\/denizcankizil.tr\/wp-content\/uploads\/2024\/10\/siyah-logo-svg.svg","contentUrl":"https:\/\/denizcankizil.tr\/wp-content\/uploads\/2024\/10\/siyah-logo-svg.svg","width":1080,"height":1080,"caption":"Av. Deniz Can K\u0131z\u0131l"},"image":{"@id":"https:\/\/denizcankizil.tr\/de\/#\/schema\/logo\/image\/"}},{"@type":"Person","@id":"https:\/\/denizcankizil.tr\/de\/#\/schema\/person\/e1eb71bb4dd684d46563f0af307e1234","name":"Antalya K\u00f6rfez","image":{"@type":"ImageObject","inLanguage":"de","@id":"https:\/\/denizcankizil.tr\/de\/#\/schema\/person\/image\/","url":"https:\/\/secure.gravatar.com\/avatar\/42b01982558a48a0b501fdcab6a408d3717ea5919095ee2e67b0e521799c5905?s=96&d=mm&r=g","contentUrl":"https:\/\/secure.gravatar.com\/avatar\/42b01982558a48a0b501fdcab6a408d3717ea5919095ee2e67b0e521799c5905?s=96&d=mm&r=g","caption":"Antalya K\u00f6rfez"},"sameAs":["http:\/\/www.antalyakorfez.com"],"url":"https:\/\/www.antalyakorfez.com\/yanginlara-karsi-onlem-antalya-otobuslerinde-yangin-mudahale-noktasi-donemi"}]}},"_links":{"self":[{"href":"https:\/\/denizcankizil.tr\/de\/wp-json\/wp\/v2\/posts\/116773","targetHints":{"allow":["GET"]}}],"collection":[{"href":"https:\/\/denizcankizil.tr\/de\/wp-json\/wp\/v2\/posts"}],"about":[{"href":"https:\/\/denizcankizil.tr\/de\/wp-json\/wp\/v2\/types\/post"}],"author":[{"embeddable":true,"href":"https:\/\/denizcankizil.tr\/de\/wp-json\/wp\/v2\/users\/5"}],"replies":[{"embeddable":true,"href":"https:\/\/denizcankizil.tr\/de\/wp-json\/wp\/v2\/comments?post=116773"}],"version-history":[{"count":0,"href":"https:\/\/denizcankizil.tr\/de\/wp-json\/wp\/v2\/posts\/116773\/revisions"}],"wp:attachment":[{"href":"https:\/\/denizcankizil.tr\/de\/wp-json\/wp\/v2\/media?parent=116773"}],"wp:term":[{"taxonomy":"category","embeddable":true,"href":"https:\/\/denizcankizil.tr\/de\/wp-json\/wp\/v2\/categories?post=116773"},{"taxonomy":"post_tag","embeddable":true,"href":"https:\/\/denizcankizil.tr\/de\/wp-json\/wp\/v2\/tags?post=116773"}],"curies":[{"name":"wp","href":"https:\/\/api.w.org\/{rel}","templated":true}]}}