{"id":115696,"date":"2025-06-14T08:42:10","date_gmt":"2025-06-14T05:42:10","guid":{"rendered":"https:\/\/denizcankizil.tr\/uncategorized-tr\/baskan-bozbey-ciftcilerimize-destekler-artarak-devam-edecek\/"},"modified":"2025-06-14T08:42:10","modified_gmt":"2025-06-14T05:42:10","slug":"baskan-bozbey-ciftcilerimize-destekler-artarak-devam-edecek","status":"publish","type":"post","link":"https:\/\/denizcankizil.tr\/de\/haberler\/gundem\/baskan-bozbey-ciftcilerimize-destekler-artarak-devam-edecek\/","title":{"rendered":"Ba\u015fkan Bozbey: \u00c7ift\u00e7ilerimize destekler artarak devam edecek"},"content":{"rendered":"<p>Bursa B\u00fcy\u00fck\u015fehir Belediye Ba\u015fkan\u0131 Mustafa Bozbey, da\u011f b\u00f6lgesindeki il\u00e7elerde tar\u0131m\u0131 ve hayvanc\u0131l\u0131\u011f\u0131 desteklemeye devam edeceklerini belirterek, &#8220;Tar\u0131m\u0131n g\u00fc\u00e7lenmesi, tar\u0131msal alanlar\u0131n ekilebilmesi en b\u00fcy\u00fck arzumuzdur. Bu konuda \u00e7ift\u00e7imizin yan\u0131nday\u0131z&#8221; dedi.BURSA (\u0130GFA) &#8211; Bursa B\u00fcy\u00fck\u015fehir Belediye Ba\u015fkan\u0131 Mustafa Bozbey, \u2018Ba\u015fkan Bozbey Burada\u2019 projesi kapsam\u0131nda Keles il\u00e7esini ikinci kez ziyaret ederek vatanda\u015flarla bulu\u015ftu.<br \/>\n\u0130lk olarak Keles Kaymakam\u0131 Muhammed Ali Yolal\u2019\u0131 makam\u0131nda ziyaret eden Ba\u015fkan Bozbey\u2019e, CHP Keles \u0130l\u00e7e Ba\u015fkan\u0131 Cevat Acar da e\u015flik etti.<br \/>\nZiyarette, Keles\u2019i g\u00fc\u00e7lendirmek, \u00e7ift\u00e7iyi desteklemek amac\u0131yla yap\u0131lacak \u00e7al\u0131\u015fmalar ele al\u0131nd\u0131. Ba\u015fkan Mustafa Bozbey, program kapsam\u0131nda Keles Belediye Ba\u015fkan\u0131 Ali Do\u011fru\u2019yla da bir araya geldi.<\/p>\n<p>Keles\u2019in ihtiya\u00e7lar\u0131n\u0131n, \u00f6nceliklerinin ve birlikte hayata ge\u00e7irilebilecek projelerin konu\u015fuldu\u011fu bulu\u015fmada, devam eden \u00e7al\u0131\u015fmalar de\u011ferlendirildi.<br \/>\nDaha sonra Keles K\u00fclt\u00fcr Merkezi\u2019nde muhtarlarla bir araya gelen Ba\u015fkan Bozbey, k\u00f6ylerin ve mahallelerin sorunlar\u0131n\u0131 yerinde dinleyerek \u00e7\u00f6z\u00fcm \u00f6nerilerini de\u011ferlendirdi. Keles Ziraat Odas\u0131 ile Esnaf ve Sanatk\u00e2rlar Odas\u0131\u2019n\u0131 da ziyaret eden Ba\u015fkan Bozbey, \u00e7ift\u00e7ilerin ve esnaf\u0131n eme\u011fini destekleyen projeleri s\u00fcrd\u00fcreceklerini belirtti. Ziyaretlerin ard\u0131ndan Keles Bayrak Alan\u0131\u2019nda vatanda\u015flarla bulu\u015fan Ba\u015fkan Bozbey, halk\u0131n talep ve \u00f6nerileri dinleyerek \u00e7al\u0131\u015fmalar ve projeler hakk\u0131nda bilgi verdi.<br \/>\n\u201cDERELERE G\u0130DEN SULARIN TERTEM\u0130Z AKMASINI \u0130ST\u0130YORUZ\u201d<br \/>\nBursa B\u00fcy\u00fck\u015fehir Belediye Ba\u015fkan\u0131 Mustafa Bozbey, Ba\u015fkan Bozbey Burada\u2019 projesi kapsam\u0131nda ikinci kez Keles\u2019e geldiklerini hat\u0131rlatt\u0131.<br \/>\nKeles At\u0131ksu Ar\u0131tma Tesisi\u2019ni hizmete a\u00e7t\u0131klar\u0131n\u0131 vurgulayan Ba\u015fkan Bozbey, at\u0131ksular\u0131n tekrar kullan\u0131m\u0131n\u0131n \u00f6nemli bir konu oldu\u011funu ifade etti. At\u0131ksu ar\u0131tma tesislerinin ileri biyolojik ar\u0131tmayla birlikte sular\u0131 tertemiz bir \u015fekilde derelere b\u0131rakt\u0131\u011f\u0131n\u0131 anlatan Ba\u015fkan Bozbey, \u201cDi\u011fer ar\u0131tma tesislerimizde de bu t\u00fcr \u00e7al\u0131\u015fmalar\u0131 s\u00fcrd\u00fcrece\u011fiz. T\u00fcm bunlar\u0131 Marmara\u2019y\u0131 ve Marmara Denizi\u2019ni \u00f6nemsedi\u011fimiz i\u00e7in yap\u0131yoruz. Derelere giden sular\u0131n tertemiz akmas\u0131n\u0131 istedi\u011fimiz i\u00e7in bu t\u00fcr tesislerin say\u0131s\u0131n\u0131 art\u0131raca\u011f\u0131z. Marmara Denizi\u2019ne k\u0131y\u0131s\u0131 olan t\u00fcm kentlerin ar\u0131tma tesislerini mutlaka ileri ar\u0131tmaya d\u00f6n\u00fc\u015ft\u00fcrmesi, kimyasal ar\u0131tma tesislerinin de yap\u0131lmas\u0131, sanayinin de ar\u0131tma tesislerini tam kapasiteyle \u00e7al\u0131\u015ft\u0131rmas\u0131 gerekiyor. Bunlar\u0131 yapmazsak \u00e7evre felaketiyle kar\u015f\u0131 kar\u015f\u0131ya kalabiliriz. Belediyeleri duyarl\u0131l\u0131\u011fa davet ederken, h\u00fck\u00fcmetin de bu konuda yerel y\u00f6netimlere destek vermesini arzu ediyoruz\u201d dedi.<\/p>\n<p>\u201cDESTEKLER\u0130M\u0130Z\u0130 ARTIRARAK DEVAM ETT\u0130RECE\u011e\u0130Z\u201d<br \/>\nDa\u011f b\u00f6lgesinin sorunlar\u0131n\u0131 bildiklerini, 1\/100 binlik \u00c7evre D\u00fczeni Plan\u0131\u2019nda da b\u00f6lgeyle ilgili \u00e7al\u0131\u015fmalar\u0131n devam etti\u011fini s\u00f6yleyen Ba\u015fkan Bozbey, \u201cKeles\u2019in ve muhtarlar\u0131m\u0131z\u0131n taleplerini daha \u00f6nce alm\u0131\u015ft\u0131k. Bunlar\u0131 de\u011ferlendirdik. Bunlarla ilgili \u00e7al\u0131\u015fmalar\u0131 ger\u00e7ekle\u015ftirdik. Keles, \u00f6nemli bir il\u00e7emizdir. Halk\u0131m\u0131z\u0131n \u00f6zellikle hayvanc\u0131l\u0131kla ilgili talepleri oluyor. Buradaki hayvanc\u0131l\u0131k pop\u00fclasyonunu art\u0131rarak hem aile i\u015fletmelerini \u00e7o\u011faltmak hem de onlar\u0131n gelirlerinin artmas\u0131na y\u00f6nelik projemize ba\u015fl\u0131yoruz. \u00dcr\u00fcn \u00e7e\u015fitlili\u011fini art\u0131rmak ve girdi maliyetlerini azaltmak i\u00e7in tar\u0131msal anlamda desteklerimizi de s\u00fcrd\u00fcrece\u011fiz. Kelesli \u00e7ift\u00e7ilerin \u00fcr\u00fcnlerini al\u0131p kendi ma\u011fazalar\u0131m\u0131zda satarak halk\u0131m\u0131zla bulu\u015fturaca\u011f\u0131z. Tar\u0131m\u0131n g\u00fc\u00e7lenmesi, tar\u0131msal alanlar\u0131n ekilebilmesi en b\u00fcy\u00fck arzumuzdur. \u00c7ift\u00e7imize desteklerimizi art\u0131rarak devam ettirece\u011fiz\u201d diye konu\u015ftu.<\/p>\n<p>\u200bBursa B\u00fcy\u00fck\u015fehir Belediye Ba\u015fkan\u0131 Mustafa Bozbey, da\u011f b\u00f6lgesindeki il\u00e7elerde tar\u0131m\u0131 ve hayvanc\u0131l\u0131\u011f\u0131 desteklemeye devam edeceklerini belirterek, &#8220;Tar\u0131m\u0131n g\u00fc\u00e7lenmesi, tar\u0131msal alanlar\u0131n ekilebilmesi en b\u00fcy\u00fck arzumuzdur. Bu konuda \u00e7ift\u00e7imizin yan\u0131nday\u0131z&#8221; dedi.BURSA (\u0130GFA) &#8211; Bursa B\u00fcy\u00fck\u015fehir Belediye Ba\u015fkan\u0131 Mustafa Bozbey, \u2018Ba\u015fkan Bozbey Burada\u2019 projesi kapsam\u0131nda Keles il\u00e7esini ikinci kez ziyaret ederek vatanda\u015flarla bulu\u015ftu.<br \/>\n\u0130lk olarak Keles Kaymakam\u0131 Muhammed Ali Yolal\u2019\u0131 makam\u0131nda ziyaret eden Ba\u015fkan Bozbey\u2019e, CHP Keles \u0130l\u00e7e Ba\u015fkan\u0131 Cevat Acar da e\u015flik etti.<br \/>\nZiyarette, Keles\u2019i g\u00fc\u00e7lendirmek, \u00e7ift\u00e7iyi desteklemek amac\u0131yla yap\u0131lacak \u00e7al\u0131\u015fmalar ele al\u0131nd\u0131. Ba\u015fkan Mustafa Bozbey, program kapsam\u0131nda Keles Belediye Ba\u015fkan\u0131 Ali Do\u011fru\u2019yla da bir araya geldi.<\/p>\n<p>Keles\u2019in ihtiya\u00e7lar\u0131n\u0131n, \u00f6nceliklerinin ve birlikte hayata ge\u00e7irilebilecek projelerin konu\u015fuldu\u011fu bulu\u015fmada, devam eden \u00e7al\u0131\u015fmalar de\u011ferlendirildi.<br \/>\nDaha sonra Keles K\u00fclt\u00fcr Merkezi\u2019nde muhtarlarla bir araya gelen Ba\u015fkan Bozbey, k\u00f6ylerin ve mahallelerin sorunlar\u0131n\u0131 yerinde dinleyerek \u00e7\u00f6z\u00fcm \u00f6nerilerini de\u011ferlendirdi. Keles Ziraat Odas\u0131 ile Esnaf ve Sanatk\u00e2rlar Odas\u0131\u2019n\u0131 da ziyaret eden Ba\u015fkan Bozbey, \u00e7ift\u00e7ilerin ve esnaf\u0131n eme\u011fini destekleyen projeleri s\u00fcrd\u00fcreceklerini belirtti. Ziyaretlerin ard\u0131ndan Keles Bayrak Alan\u0131\u2019nda vatanda\u015flarla bulu\u015fan Ba\u015fkan Bozbey, halk\u0131n talep ve \u00f6nerileri dinleyerek \u00e7al\u0131\u015fmalar ve projeler hakk\u0131nda bilgi verdi.<br \/>\n\u201cDERELERE G\u0130DEN SULARIN TERTEM\u0130Z AKMASINI \u0130ST\u0130YORUZ\u201d<br \/>\nBursa B\u00fcy\u00fck\u015fehir Belediye Ba\u015fkan\u0131 Mustafa Bozbey, Ba\u015fkan Bozbey Burada\u2019 projesi kapsam\u0131nda ikinci kez Keles\u2019e geldiklerini hat\u0131rlatt\u0131.<br \/>\nKeles At\u0131ksu Ar\u0131tma Tesisi\u2019ni hizmete a\u00e7t\u0131klar\u0131n\u0131 vurgulayan Ba\u015fkan Bozbey, at\u0131ksular\u0131n tekrar kullan\u0131m\u0131n\u0131n \u00f6nemli bir konu oldu\u011funu ifade etti. At\u0131ksu ar\u0131tma tesislerinin ileri biyolojik ar\u0131tmayla birlikte sular\u0131 tertemiz bir \u015fekilde derelere b\u0131rakt\u0131\u011f\u0131n\u0131 anlatan Ba\u015fkan Bozbey, \u201cDi\u011fer ar\u0131tma tesislerimizde de bu t\u00fcr \u00e7al\u0131\u015fmalar\u0131 s\u00fcrd\u00fcrece\u011fiz. T\u00fcm bunlar\u0131 Marmara\u2019y\u0131 ve Marmara Denizi\u2019ni \u00f6nemsedi\u011fimiz i\u00e7in yap\u0131yoruz. Derelere giden sular\u0131n tertemiz akmas\u0131n\u0131 istedi\u011fimiz i\u00e7in bu t\u00fcr tesislerin say\u0131s\u0131n\u0131 art\u0131raca\u011f\u0131z. Marmara Denizi\u2019ne k\u0131y\u0131s\u0131 olan t\u00fcm kentlerin ar\u0131tma tesislerini mutlaka ileri ar\u0131tmaya d\u00f6n\u00fc\u015ft\u00fcrmesi, kimyasal ar\u0131tma tesislerinin de yap\u0131lmas\u0131, sanayinin de ar\u0131tma tesislerini tam kapasiteyle \u00e7al\u0131\u015ft\u0131rmas\u0131 gerekiyor. Bunlar\u0131 yapmazsak \u00e7evre felaketiyle kar\u015f\u0131 kar\u015f\u0131ya kalabiliriz. Belediyeleri duyarl\u0131l\u0131\u011fa davet ederken, h\u00fck\u00fcmetin de bu konuda yerel y\u00f6netimlere destek vermesini arzu ediyoruz\u201d dedi.<\/p>\n<p>\u201cDESTEKLER\u0130M\u0130Z\u0130 ARTIRARAK DEVAM ETT\u0130RECE\u011e\u0130Z\u201d<br \/>\nDa\u011f b\u00f6lgesinin sorunlar\u0131n\u0131 bildiklerini, 1\/100 binlik \u00c7evre D\u00fczeni Plan\u0131\u2019nda da b\u00f6lgeyle ilgili \u00e7al\u0131\u015fmalar\u0131n devam etti\u011fini s\u00f6yleyen Ba\u015fkan Bozbey, \u201cKeles\u2019in ve muhtarlar\u0131m\u0131z\u0131n taleplerini daha \u00f6nce alm\u0131\u015ft\u0131k. Bunlar\u0131 de\u011ferlendirdik. Bunlarla ilgili \u00e7al\u0131\u015fmalar\u0131 ger\u00e7ekle\u015ftirdik. Keles, \u00f6nemli bir il\u00e7emizdir. Halk\u0131m\u0131z\u0131n \u00f6zellikle hayvanc\u0131l\u0131kla ilgili talepleri oluyor. Buradaki hayvanc\u0131l\u0131k pop\u00fclasyonunu art\u0131rarak hem aile i\u015fletmelerini \u00e7o\u011faltmak hem de onlar\u0131n gelirlerinin artmas\u0131na y\u00f6nelik projemize ba\u015fl\u0131yoruz. \u00dcr\u00fcn \u00e7e\u015fitlili\u011fini art\u0131rmak ve girdi maliyetlerini azaltmak i\u00e7in tar\u0131msal anlamda desteklerimizi de s\u00fcrd\u00fcrece\u011fiz. Kelesli \u00e7ift\u00e7ilerin \u00fcr\u00fcnlerini al\u0131p kendi ma\u011fazalar\u0131m\u0131zda satarak halk\u0131m\u0131zla bulu\u015fturaca\u011f\u0131z. Tar\u0131m\u0131n g\u00fc\u00e7lenmesi, tar\u0131msal alanlar\u0131n ekilebilmesi en b\u00fcy\u00fck arzumuzdur. \u00c7ift\u00e7imize desteklerimizi art\u0131rarak devam ettirece\u011fiz\u201d diye konu\u015ftu.\u00a0<\/p>\n<p>\u200bHaberin Al\u0131nt\u0131land\u0131\u011f\u0131 Kaynak: www.iskenderun.org<\/p>","protected":false},"excerpt":{"rendered":"<p>Bursa B\u00fcy\u00fck\u015fehir Belediye Ba\u015fkan\u0131 Mustafa Bozbey, da\u011f b\u00f6lgesindeki il\u00e7elerde tar\u0131m\u0131 ve hayvanc\u0131l\u0131\u011f\u0131 desteklemeye devam edeceklerini belirterek, &#8220;Tar\u0131m\u0131n g\u00fc\u00e7lenmesi, tar\u0131msal alanlar\u0131n ekilebilmesi en b\u00fcy\u00fck arzumuzdur. Bu konuda \u00e7ift\u00e7imizin yan\u0131nday\u0131z&#8221; dedi.BURSA (\u0130GFA) &#8211; Bursa B\u00fcy\u00fck\u015fehir Belediye Ba\u015fkan\u0131 Mustafa Bozbey, \u2018Ba\u015fkan Bozbey Burada\u2019 projesi kapsam\u0131nda Keles il\u00e7esini ikinci kez ziyaret ederek vatanda\u015flarla bulu\u015ftu. \u0130lk olarak Keles Kaymakam\u0131 Muhammed Ali Yolal\u2019\u0131 makam\u0131nda ziyaret eden Ba\u015fkan Bozbey\u2019e, CHP Keles \u0130l\u00e7e Ba\u015fkan\u0131 Cevat Acar da e\u015flik etti. Ziyarette, Keles\u2019i g\u00fc\u00e7lendirmek, \u00e7ift\u00e7iyi desteklemek amac\u0131yla yap\u0131lacak \u00e7al\u0131\u015fmalar ele al\u0131nd\u0131. Ba\u015fkan Mustafa Bozbey, program kapsam\u0131nda Keles Belediye Ba\u015fkan\u0131 Ali Do\u011fru\u2019yla da bir araya geldi. Keles\u2019in ihtiya\u00e7lar\u0131n\u0131n, \u00f6nceliklerinin ve birlikte hayata ge\u00e7irilebilecek projelerin konu\u015fuldu\u011fu bulu\u015fmada, devam eden \u00e7al\u0131\u015fmalar de\u011ferlendirildi. Daha sonra Keles K\u00fclt\u00fcr Merkezi\u2019nde muhtarlarla bir araya gelen Ba\u015fkan Bozbey, k\u00f6ylerin ve mahallelerin sorunlar\u0131n\u0131 yerinde dinleyerek \u00e7\u00f6z\u00fcm \u00f6nerilerini de\u011ferlendirdi. Keles Ziraat Odas\u0131 ile Esnaf ve Sanatk\u00e2rlar Odas\u0131\u2019n\u0131 da ziyaret eden Ba\u015fkan Bozbey, \u00e7ift\u00e7ilerin ve esnaf\u0131n eme\u011fini destekleyen projeleri s\u00fcrd\u00fcreceklerini belirtti. Ziyaretlerin ard\u0131ndan Keles Bayrak Alan\u0131\u2019nda vatanda\u015flarla bulu\u015fan Ba\u015fkan Bozbey, halk\u0131n talep ve \u00f6nerileri dinleyerek \u00e7al\u0131\u015fmalar ve projeler hakk\u0131nda bilgi verdi. \u201cDERELERE G\u0130DEN SULARIN TERTEM\u0130Z AKMASINI \u0130ST\u0130YORUZ\u201d Bursa B\u00fcy\u00fck\u015fehir Belediye Ba\u015fkan\u0131 Mustafa Bozbey, Ba\u015fkan Bozbey Burada\u2019 projesi kapsam\u0131nda ikinci kez Keles\u2019e geldiklerini hat\u0131rlatt\u0131. Keles At\u0131ksu Ar\u0131tma Tesisi\u2019ni hizmete a\u00e7t\u0131klar\u0131n\u0131 vurgulayan Ba\u015fkan &hellip;<\/p>","protected":false},"author":1,"featured_media":0,"comment_status":"","ping_status":"open","sticky":false,"template":"","format":"standard","meta":{"_acf_changed":false,"footnotes":""},"categories":[24],"tags":[],"class_list":["post-115696","post","type-post","status-publish","format-standard","has-post-thumbnail","hentry","category-gundem"],"acf":[],"yoast_head":"<!-- This site is optimized with the Yoast SEO Premium plugin v26.6 (Yoast SEO v27.1.1) - https:\/\/yoast.com\/product\/yoast-seo-premium-wordpress\/ -->\n<title>Ba\u015fkan Bozbey: \u00c7ift\u00e7ilerimize destekler artarak devam edecek - Av. Deniz Can K\u0131z\u0131l<\/title>\n<meta name=\"robots\" content=\"index, follow, max-snippet:-1, max-image-preview:large, max-video-preview:-1\" \/>\n<link rel=\"canonical\" href=\"https:\/\/denizcankizil.tr\/de\/haberler\/gundem\/baskan-bozbey-ciftcilerimize-destekler-artarak-devam-edecek\/\" \/>\n<meta property=\"og:locale\" content=\"de_DE\" \/>\n<meta property=\"og:type\" content=\"article\" \/>\n<meta property=\"og:title\" content=\"Ba\u015fkan Bozbey: \u00c7ift\u00e7ilerimize destekler artarak devam edecek\" \/>\n<meta property=\"og:description\" content=\"Bursa B\u00fcy\u00fck\u015fehir Belediye Ba\u015fkan\u0131 Mustafa Bozbey, da\u011f b\u00f6lgesindeki il\u00e7elerde tar\u0131m\u0131 ve hayvanc\u0131l\u0131\u011f\u0131 desteklemeye devam edeceklerini belirterek, &#8220;Tar\u0131m\u0131n g\u00fc\u00e7lenmesi, tar\u0131msal alanlar\u0131n ekilebilmesi en b\u00fcy\u00fck arzumuzdur. Bu konuda \u00e7ift\u00e7imizin yan\u0131nday\u0131z&#8221; dedi.BURSA (\u0130GFA) &#8211; Bursa B\u00fcy\u00fck\u015fehir Belediye Ba\u015fkan\u0131 Mustafa Bozbey, \u2018Ba\u015fkan Bozbey Burada\u2019 projesi kapsam\u0131nda Keles il\u00e7esini ikinci kez ziyaret ederek vatanda\u015flarla bulu\u015ftu. \u0130lk olarak Keles Kaymakam\u0131 Muhammed Ali Yolal\u2019\u0131 makam\u0131nda ziyaret eden Ba\u015fkan Bozbey\u2019e, CHP Keles \u0130l\u00e7e Ba\u015fkan\u0131 Cevat Acar da e\u015flik etti. Ziyarette, Keles\u2019i g\u00fc\u00e7lendirmek, \u00e7ift\u00e7iyi desteklemek amac\u0131yla yap\u0131lacak \u00e7al\u0131\u015fmalar ele al\u0131nd\u0131. Ba\u015fkan Mustafa Bozbey, program kapsam\u0131nda Keles Belediye Ba\u015fkan\u0131 Ali Do\u011fru\u2019yla da bir araya geldi. Keles\u2019in ihtiya\u00e7lar\u0131n\u0131n, \u00f6nceliklerinin ve birlikte hayata ge\u00e7irilebilecek projelerin konu\u015fuldu\u011fu bulu\u015fmada, devam eden \u00e7al\u0131\u015fmalar de\u011ferlendirildi. Daha sonra Keles K\u00fclt\u00fcr Merkezi\u2019nde muhtarlarla bir araya gelen Ba\u015fkan Bozbey, k\u00f6ylerin ve mahallelerin sorunlar\u0131n\u0131 yerinde dinleyerek \u00e7\u00f6z\u00fcm \u00f6nerilerini de\u011ferlendirdi. Keles Ziraat Odas\u0131 ile Esnaf ve Sanatk\u00e2rlar Odas\u0131\u2019n\u0131 da ziyaret eden Ba\u015fkan Bozbey, \u00e7ift\u00e7ilerin ve esnaf\u0131n eme\u011fini destekleyen projeleri s\u00fcrd\u00fcreceklerini belirtti. Ziyaretlerin ard\u0131ndan Keles Bayrak Alan\u0131\u2019nda vatanda\u015flarla bulu\u015fan Ba\u015fkan Bozbey, halk\u0131n talep ve \u00f6nerileri dinleyerek \u00e7al\u0131\u015fmalar ve projeler hakk\u0131nda bilgi verdi. \u201cDERELERE G\u0130DEN SULARIN TERTEM\u0130Z AKMASINI \u0130ST\u0130YORUZ\u201d Bursa B\u00fcy\u00fck\u015fehir Belediye Ba\u015fkan\u0131 Mustafa Bozbey, Ba\u015fkan Bozbey Burada\u2019 projesi kapsam\u0131nda ikinci kez Keles\u2019e geldiklerini hat\u0131rlatt\u0131. Keles At\u0131ksu Ar\u0131tma Tesisi\u2019ni hizmete a\u00e7t\u0131klar\u0131n\u0131 vurgulayan Ba\u015fkan &hellip;\" \/>\n<meta property=\"og:url\" content=\"https:\/\/denizcankizil.tr\/de\/haberler\/gundem\/baskan-bozbey-ciftcilerimize-destekler-artarak-devam-edecek\/\" \/>\n<meta property=\"og:site_name\" content=\"Av. Deniz Can K\u0131z\u0131l\" \/>\n<meta property=\"article:published_time\" content=\"2025-06-14T05:42:10+00:00\" \/>\n<meta name=\"author\" content=\"admin\" \/>\n<meta name=\"twitter:card\" content=\"summary_large_image\" \/>\n<meta name=\"twitter:label1\" content=\"Verfasst von\" \/>\n\t<meta name=\"twitter:data1\" content=\"admin\" \/>\n\t<meta name=\"twitter:label2\" content=\"Gesch\u00e4tzte Lesezeit\" \/>\n\t<meta name=\"twitter:data2\" content=\"6\u00a0Minuten\" \/>\n<script type=\"application\/ld+json\" class=\"yoast-schema-graph\">{\"@context\":\"https:\/\/schema.org\",\"@graph\":[{\"@type\":\"Article\",\"@id\":\"https:\/\/denizcankizil.tr\/ru\/haberler\/gundem\/baskan-bozbey-ciftcilerimize-destekler-artarak-devam-edecek\/#article\",\"isPartOf\":{\"@id\":\"https:\/\/denizcankizil.tr\/ru\/haberler\/gundem\/baskan-bozbey-ciftcilerimize-destekler-artarak-devam-edecek\/\"},\"author\":{\"name\":\"admin\",\"@id\":\"https:\/\/denizcankizil.tr\/de\/#\/schema\/person\/be3c05fe6a12686905512445d8185489\"},\"headline\":\"Ba\u015fkan Bozbey: \u00c7ift\u00e7ilerimize destekler artarak devam edecek\",\"datePublished\":\"2025-06-14T05:42:10+00:00\",\"mainEntityOfPage\":{\"@id\":\"https:\/\/denizcankizil.tr\/ru\/haberler\/gundem\/baskan-bozbey-ciftcilerimize-destekler-artarak-devam-edecek\/\"},\"wordCount\":1261,\"publisher\":{\"@id\":\"https:\/\/denizcankizil.tr\/de\/#organization\"},\"articleSection\":[\"G\u00fcndem\"],\"inLanguage\":\"de\"},{\"@type\":\"WebPage\",\"@id\":\"https:\/\/denizcankizil.tr\/ru\/haberler\/gundem\/baskan-bozbey-ciftcilerimize-destekler-artarak-devam-edecek\/\",\"url\":\"https:\/\/denizcankizil.tr\/ru\/haberler\/gundem\/baskan-bozbey-ciftcilerimize-destekler-artarak-devam-edecek\/\",\"name\":\"Ba\u015fkan Bozbey: \u00c7ift\u00e7ilerimize destekler artarak devam edecek - Av. Deniz Can K\u0131z\u0131l\",\"isPartOf\":{\"@id\":\"https:\/\/denizcankizil.tr\/de\/#website\"},\"datePublished\":\"2025-06-14T05:42:10+00:00\",\"breadcrumb\":{\"@id\":\"https:\/\/denizcankizil.tr\/ru\/haberler\/gundem\/baskan-bozbey-ciftcilerimize-destekler-artarak-devam-edecek\/#breadcrumb\"},\"inLanguage\":\"de\",\"potentialAction\":[{\"@type\":\"ReadAction\",\"target\":[\"https:\/\/denizcankizil.tr\/ru\/haberler\/gundem\/baskan-bozbey-ciftcilerimize-destekler-artarak-devam-edecek\/\"]}]},{\"@type\":\"BreadcrumbList\",\"@id\":\"https:\/\/denizcankizil.tr\/ru\/haberler\/gundem\/baskan-bozbey-ciftcilerimize-destekler-artarak-devam-edecek\/#breadcrumb\",\"itemListElement\":[{\"@type\":\"ListItem\",\"position\":1,\"name\":\"Home\",\"item\":\"https:\/\/denizcankizil.tr\/de\/\"},{\"@type\":\"ListItem\",\"position\":2,\"name\":\"Ba\u015fkan Bozbey: \u00c7ift\u00e7ilerimize destekler artarak devam edecek\"}]},{\"@type\":\"WebSite\",\"@id\":\"https:\/\/denizcankizil.tr\/de\/#website\",\"url\":\"https:\/\/denizcankizil.tr\/de\/\",\"name\":\"Av. Deniz Can K\u0131z\u0131l\",\"description\":\"Avukat Deniz Can K\u0131z\u0131l Antalya Barosu\",\"publisher\":{\"@id\":\"https:\/\/denizcankizil.tr\/de\/#organization\"},\"potentialAction\":[{\"@type\":\"SearchAction\",\"target\":{\"@type\":\"EntryPoint\",\"urlTemplate\":\"https:\/\/denizcankizil.tr\/de\/?s={search_term_string}\"},\"query-input\":{\"@type\":\"PropertyValueSpecification\",\"valueRequired\":true,\"valueName\":\"search_term_string\"}}],\"inLanguage\":\"de\"},{\"@type\":\"Organization\",\"@id\":\"https:\/\/denizcankizil.tr\/de\/#organization\",\"name\":\"Av. Deniz Can K\u0131z\u0131l\",\"url\":\"https:\/\/denizcankizil.tr\/de\/\",\"logo\":{\"@type\":\"ImageObject\",\"inLanguage\":\"de\",\"@id\":\"https:\/\/denizcankizil.tr\/de\/#\/schema\/logo\/image\/\",\"url\":\"https:\/\/denizcankizil.tr\/wp-content\/uploads\/2024\/10\/siyah-logo-svg.svg\",\"contentUrl\":\"https:\/\/denizcankizil.tr\/wp-content\/uploads\/2024\/10\/siyah-logo-svg.svg\",\"width\":1080,\"height\":1080,\"caption\":\"Av. Deniz Can K\u0131z\u0131l\"},\"image\":{\"@id\":\"https:\/\/denizcankizil.tr\/de\/#\/schema\/logo\/image\/\"}},{\"@type\":\"Person\",\"@id\":\"https:\/\/denizcankizil.tr\/de\/#\/schema\/person\/be3c05fe6a12686905512445d8185489\",\"name\":\"admin\",\"image\":{\"@type\":\"ImageObject\",\"inLanguage\":\"de\",\"@id\":\"https:\/\/denizcankizil.tr\/de\/#\/schema\/person\/image\/\",\"url\":\"https:\/\/secure.gravatar.com\/avatar\/c1fce94c830dc79107e174f890d7210541c4a63e8e5d816341794a2151c9d58c?s=96&d=mm&r=g\",\"contentUrl\":\"https:\/\/secure.gravatar.com\/avatar\/c1fce94c830dc79107e174f890d7210541c4a63e8e5d816341794a2151c9d58c?s=96&d=mm&r=g\",\"caption\":\"admin\"},\"sameAs\":[\"http:\/\/denizcankizil.tr\"],\"url\":\"https:\/\/www.iskenderun.org\/baskan-bozbey-ciftcilerimize-destekler-artarak-devam-edecek\"}]}<\/script>\n<!-- \/ Yoast SEO Premium plugin. -->","yoast_head_json":{"title":"Ba\u015fkan Bozbey: \u00c7ift\u00e7ilerimize destekler artarak devam edecek - Av. Deniz Can K\u0131z\u0131l","robots":{"index":"index","follow":"follow","max-snippet":"max-snippet:-1","max-image-preview":"max-image-preview:large","max-video-preview":"max-video-preview:-1"},"canonical":"https:\/\/denizcankizil.tr\/de\/haberler\/gundem\/baskan-bozbey-ciftcilerimize-destekler-artarak-devam-edecek\/","og_locale":"de_DE","og_type":"article","og_title":"Ba\u015fkan Bozbey: \u00c7ift\u00e7ilerimize destekler artarak devam edecek","og_description":"Bursa B\u00fcy\u00fck\u015fehir Belediye Ba\u015fkan\u0131 Mustafa Bozbey, da\u011f b\u00f6lgesindeki il\u00e7elerde tar\u0131m\u0131 ve hayvanc\u0131l\u0131\u011f\u0131 desteklemeye devam edeceklerini belirterek, &#8220;Tar\u0131m\u0131n g\u00fc\u00e7lenmesi, tar\u0131msal alanlar\u0131n ekilebilmesi en b\u00fcy\u00fck arzumuzdur. Bu konuda \u00e7ift\u00e7imizin yan\u0131nday\u0131z&#8221; dedi.BURSA (\u0130GFA) &#8211; Bursa B\u00fcy\u00fck\u015fehir Belediye Ba\u015fkan\u0131 Mustafa Bozbey, \u2018Ba\u015fkan Bozbey Burada\u2019 projesi kapsam\u0131nda Keles il\u00e7esini ikinci kez ziyaret ederek vatanda\u015flarla bulu\u015ftu. \u0130lk olarak Keles Kaymakam\u0131 Muhammed Ali Yolal\u2019\u0131 makam\u0131nda ziyaret eden Ba\u015fkan Bozbey\u2019e, CHP Keles \u0130l\u00e7e Ba\u015fkan\u0131 Cevat Acar da e\u015flik etti. Ziyarette, Keles\u2019i g\u00fc\u00e7lendirmek, \u00e7ift\u00e7iyi desteklemek amac\u0131yla yap\u0131lacak \u00e7al\u0131\u015fmalar ele al\u0131nd\u0131. Ba\u015fkan Mustafa Bozbey, program kapsam\u0131nda Keles Belediye Ba\u015fkan\u0131 Ali Do\u011fru\u2019yla da bir araya geldi. Keles\u2019in ihtiya\u00e7lar\u0131n\u0131n, \u00f6nceliklerinin ve birlikte hayata ge\u00e7irilebilecek projelerin konu\u015fuldu\u011fu bulu\u015fmada, devam eden \u00e7al\u0131\u015fmalar de\u011ferlendirildi. Daha sonra Keles K\u00fclt\u00fcr Merkezi\u2019nde muhtarlarla bir araya gelen Ba\u015fkan Bozbey, k\u00f6ylerin ve mahallelerin sorunlar\u0131n\u0131 yerinde dinleyerek \u00e7\u00f6z\u00fcm \u00f6nerilerini de\u011ferlendirdi. Keles Ziraat Odas\u0131 ile Esnaf ve Sanatk\u00e2rlar Odas\u0131\u2019n\u0131 da ziyaret eden Ba\u015fkan Bozbey, \u00e7ift\u00e7ilerin ve esnaf\u0131n eme\u011fini destekleyen projeleri s\u00fcrd\u00fcreceklerini belirtti. Ziyaretlerin ard\u0131ndan Keles Bayrak Alan\u0131\u2019nda vatanda\u015flarla bulu\u015fan Ba\u015fkan Bozbey, halk\u0131n talep ve \u00f6nerileri dinleyerek \u00e7al\u0131\u015fmalar ve projeler hakk\u0131nda bilgi verdi. \u201cDERELERE G\u0130DEN SULARIN TERTEM\u0130Z AKMASINI \u0130ST\u0130YORUZ\u201d Bursa B\u00fcy\u00fck\u015fehir Belediye Ba\u015fkan\u0131 Mustafa Bozbey, Ba\u015fkan Bozbey Burada\u2019 projesi kapsam\u0131nda ikinci kez Keles\u2019e geldiklerini hat\u0131rlatt\u0131. Keles At\u0131ksu Ar\u0131tma Tesisi\u2019ni hizmete a\u00e7t\u0131klar\u0131n\u0131 vurgulayan Ba\u015fkan &hellip;","og_url":"https:\/\/denizcankizil.tr\/de\/haberler\/gundem\/baskan-bozbey-ciftcilerimize-destekler-artarak-devam-edecek\/","og_site_name":"Av. Deniz Can K\u0131z\u0131l","article_published_time":"2025-06-14T05:42:10+00:00","author":"admin","twitter_card":"summary_large_image","twitter_misc":{"Verfasst von":"admin","Gesch\u00e4tzte Lesezeit":"6\u00a0Minuten"},"schema":{"@context":"https:\/\/schema.org","@graph":[{"@type":"Article","@id":"https:\/\/denizcankizil.tr\/ru\/haberler\/gundem\/baskan-bozbey-ciftcilerimize-destekler-artarak-devam-edecek\/#article","isPartOf":{"@id":"https:\/\/denizcankizil.tr\/ru\/haberler\/gundem\/baskan-bozbey-ciftcilerimize-destekler-artarak-devam-edecek\/"},"author":{"name":"admin","@id":"https:\/\/denizcankizil.tr\/de\/#\/schema\/person\/be3c05fe6a12686905512445d8185489"},"headline":"Ba\u015fkan Bozbey: \u00c7ift\u00e7ilerimize destekler artarak devam edecek","datePublished":"2025-06-14T05:42:10+00:00","mainEntityOfPage":{"@id":"https:\/\/denizcankizil.tr\/ru\/haberler\/gundem\/baskan-bozbey-ciftcilerimize-destekler-artarak-devam-edecek\/"},"wordCount":1261,"publisher":{"@id":"https:\/\/denizcankizil.tr\/de\/#organization"},"articleSection":["G\u00fcndem"],"inLanguage":"de"},{"@type":"WebPage","@id":"https:\/\/denizcankizil.tr\/ru\/haberler\/gundem\/baskan-bozbey-ciftcilerimize-destekler-artarak-devam-edecek\/","url":"https:\/\/denizcankizil.tr\/ru\/haberler\/gundem\/baskan-bozbey-ciftcilerimize-destekler-artarak-devam-edecek\/","name":"Ba\u015fkan Bozbey: \u00c7ift\u00e7ilerimize destekler artarak devam edecek - Av. Deniz Can K\u0131z\u0131l","isPartOf":{"@id":"https:\/\/denizcankizil.tr\/de\/#website"},"datePublished":"2025-06-14T05:42:10+00:00","breadcrumb":{"@id":"https:\/\/denizcankizil.tr\/ru\/haberler\/gundem\/baskan-bozbey-ciftcilerimize-destekler-artarak-devam-edecek\/#breadcrumb"},"inLanguage":"de","potentialAction":[{"@type":"ReadAction","target":["https:\/\/denizcankizil.tr\/ru\/haberler\/gundem\/baskan-bozbey-ciftcilerimize-destekler-artarak-devam-edecek\/"]}]},{"@type":"BreadcrumbList","@id":"https:\/\/denizcankizil.tr\/ru\/haberler\/gundem\/baskan-bozbey-ciftcilerimize-destekler-artarak-devam-edecek\/#breadcrumb","itemListElement":[{"@type":"ListItem","position":1,"name":"Home","item":"https:\/\/denizcankizil.tr\/de\/"},{"@type":"ListItem","position":2,"name":"Ba\u015fkan Bozbey: \u00c7ift\u00e7ilerimize destekler artarak devam edecek"}]},{"@type":"WebSite","@id":"https:\/\/denizcankizil.tr\/de\/#website","url":"https:\/\/denizcankizil.tr\/de\/","name":"Av. Deniz Can K\u0131z\u0131l","description":"Avukat Deniz Can K\u0131z\u0131l Antalya Barosu","publisher":{"@id":"https:\/\/denizcankizil.tr\/de\/#organization"},"potentialAction":[{"@type":"SearchAction","target":{"@type":"EntryPoint","urlTemplate":"https:\/\/denizcankizil.tr\/de\/?s={search_term_string}"},"query-input":{"@type":"PropertyValueSpecification","valueRequired":true,"valueName":"search_term_string"}}],"inLanguage":"de"},{"@type":"Organization","@id":"https:\/\/denizcankizil.tr\/de\/#organization","name":"Av. Deniz Can K\u0131z\u0131l","url":"https:\/\/denizcankizil.tr\/de\/","logo":{"@type":"ImageObject","inLanguage":"de","@id":"https:\/\/denizcankizil.tr\/de\/#\/schema\/logo\/image\/","url":"https:\/\/denizcankizil.tr\/wp-content\/uploads\/2024\/10\/siyah-logo-svg.svg","contentUrl":"https:\/\/denizcankizil.tr\/wp-content\/uploads\/2024\/10\/siyah-logo-svg.svg","width":1080,"height":1080,"caption":"Av. Deniz Can K\u0131z\u0131l"},"image":{"@id":"https:\/\/denizcankizil.tr\/de\/#\/schema\/logo\/image\/"}},{"@type":"Person","@id":"https:\/\/denizcankizil.tr\/de\/#\/schema\/person\/be3c05fe6a12686905512445d8185489","name":"Administrator","image":{"@type":"ImageObject","inLanguage":"de","@id":"https:\/\/denizcankizil.tr\/de\/#\/schema\/person\/image\/","url":"https:\/\/secure.gravatar.com\/avatar\/c1fce94c830dc79107e174f890d7210541c4a63e8e5d816341794a2151c9d58c?s=96&d=mm&r=g","contentUrl":"https:\/\/secure.gravatar.com\/avatar\/c1fce94c830dc79107e174f890d7210541c4a63e8e5d816341794a2151c9d58c?s=96&d=mm&r=g","caption":"admin"},"sameAs":["http:\/\/denizcankizil.tr"],"url":"https:\/\/www.iskenderun.org\/baskan-bozbey-ciftcilerimize-destekler-artarak-devam-edecek"}]}},"_links":{"self":[{"href":"https:\/\/denizcankizil.tr\/de\/wp-json\/wp\/v2\/posts\/115696","targetHints":{"allow":["GET"]}}],"collection":[{"href":"https:\/\/denizcankizil.tr\/de\/wp-json\/wp\/v2\/posts"}],"about":[{"href":"https:\/\/denizcankizil.tr\/de\/wp-json\/wp\/v2\/types\/post"}],"author":[{"embeddable":true,"href":"https:\/\/denizcankizil.tr\/de\/wp-json\/wp\/v2\/users\/1"}],"replies":[{"embeddable":true,"href":"https:\/\/denizcankizil.tr\/de\/wp-json\/wp\/v2\/comments?post=115696"}],"version-history":[{"count":0,"href":"https:\/\/denizcankizil.tr\/de\/wp-json\/wp\/v2\/posts\/115696\/revisions"}],"wp:attachment":[{"href":"https:\/\/denizcankizil.tr\/de\/wp-json\/wp\/v2\/media?parent=115696"}],"wp:term":[{"taxonomy":"category","embeddable":true,"href":"https:\/\/denizcankizil.tr\/de\/wp-json\/wp\/v2\/categories?post=115696"},{"taxonomy":"post_tag","embeddable":true,"href":"https:\/\/denizcankizil.tr\/de\/wp-json\/wp\/v2\/tags?post=115696"}],"curies":[{"name":"wp","href":"https:\/\/api.w.org\/{rel}","templated":true}]}}