{"id":114932,"date":"2025-06-13T11:41:26","date_gmt":"2025-06-13T08:41:26","guid":{"rendered":"https:\/\/denizcankizil.tr\/uncategorized-tr\/yuzbasi-mustafa-ertugrul-akerin-hatirasina-antalyada-anit-mezar\/"},"modified":"2025-06-13T11:41:26","modified_gmt":"2025-06-13T08:41:26","slug":"yuzbasi-mustafa-ertugrul-akerin-hatirasina-antalyada-anit-mezar","status":"publish","type":"post","link":"https:\/\/denizcankizil.tr\/de\/haberler\/gundem\/yuzbasi-mustafa-ertugrul-akerin-hatirasina-antalyada-anit-mezar\/","title":{"rendered":"Y\u00fczba\u015f\u0131 Mustafa Ertu\u011frul Aker&#8217;in hat\u0131ras\u0131na Antalya\u2019da an\u0131t mezar"},"content":{"rendered":"<p>Birinci D\u00fcnya Sava\u015f\u0131 ve Kurtulu\u015f Sava\u015f\u0131&#8217;n\u0131n kahramanlar\u0131ndan Top\u00e7u Y\u00fczba\u015f\u0131 Mustafa Ertu\u011frul Aker, d\u00fcnya askeri tarihinde ilk defa bir u\u00e7ak gemisi bat\u0131ran T\u00fcrk subay\u0131 olarak biliniyor. Y\u00fczba\u015f\u0131 Aker; 9 Ocak 1917&#8217;de Meis Adas\u0131&#8217;ndaki \u0130ngilizlere ait deniz u\u00e7a\u011f\u0131 ta\u015f\u0131yan \u0130ngiliz band\u0131ral\u0131 Ben My Chree isimli 120 metre uzunlu\u011fundaki gemiyi, 36 dakikada Ka\u015f&#8217;tan yapt\u0131\u011f\u0131 da\u011f topu at\u0131\u015flar\u0131yla bat\u0131rd\u0131. 13 Aral\u0131k 1917&#8217;de de Kemer yak\u0131nlar\u0131ndaki A\u011fva koyunda Frans\u0131z avizosu Paris 2&#8217;yi sadece 18 dakikada bat\u0131ran Top\u00e7u Y\u00fczba\u015f\u0131 Aker, 8 Mart 1918&#8217;de ise Frans\u0131z sava\u015f gemisi Aleksand\u0131ra&#8217;y\u0131 Kemer&#8217;de bir sava\u015f tuza\u011f\u0131 ile bat\u0131rd\u0131. Sava\u015flardan sonra yerle\u015fti\u011fi Antalya&#8217;da 5 Kas\u0131m 1968&#8217;te hayat\u0131n\u0131 kaybeden Top\u00e7u Y\u00fczba\u015f\u0131 Mustafa Ertu\u011frul Aker, And\u0131zl\u0131 Mezarl\u0131\u011f\u0131&#8217;na defnedildi<\/p>\n<p>MEZARLIK HEYKELTIRA\u015e FEDA\u0130 B\u0130RCAN TARAFINDAN ANIT MEZARA D\u00d6N\u00dc\u015eT\u00dcR\u00dcLD\u00dc <\/p>\n<p>Muratpa\u015fa ve Ka\u015f belediyelerinin meclis karar\u0131 ile 5 Kas\u0131m ve 9 Ocak&#8217;\u0131 takip eden haftalar\u0131n anma haftas\u0131 ilan edildi\u011fi Mustafa Ertu\u011frul Aker&#8217;in And\u0131zl\u0131 Mezarl\u0131\u011f\u0131&#8217;ndaki mezar\u0131, heykelt\u0131ra\u015f Fedai Bircan taraf\u0131ndan an\u0131t mezara d\u00f6n\u00fc\u015ft\u00fcr\u00fcld\u00fc. Aker&#8217;in mezar\u0131yla ilgili ilk tasar\u0131mlar\u0131 2016&#8217;da yapt\u0131\u011f\u0131n\u0131 belirten Fedai Bircan, Antalya Valili\u011fi&#8217;nin deste\u011fiyle an\u0131t mezar\u0131 bu y\u0131l yapabildi\u011fini kaydetti. Aker&#8217;in bat\u0131rd\u0131\u011f\u0131 sava\u015f gemilerinden bahseden ve an\u0131t mezar tasar\u0131m\u0131nda bu kahramanl\u0131\u011f\u0131 i\u015flediklerini anlatan Fedai Bircan, &#8220;Deniz dalgalar\u0131n\u0131n \u00fczerinde batan gemi, bat\u0131k haliyle \u00f6n taraftan bat\u0131yor, arkas\u0131 kalk\u0131yor. Bu d\u00fcnyan\u0131n ilk u\u00e7ak gemisi. Deniz dalgalar\u0131, mermi, T\u00fcrk bayra\u011f\u0131 sil\u00fceti, geminin dumanlar\u0131, g\u00fczel bir g\u00f6rsel olu\u015fturdu\u011fumuzu d\u00fc\u015f\u00fcn\u00fcyorum. 45 g\u00fcnl\u00fck s\u00fcrede bir g\u00fcn istirahat etmeden sabah 6&#8217;dan, ak\u015fam 9&#8217;a kadar \u00e7al\u0131\u015farak yapt\u0131m&#8221; dedi.<\/p>\n<p>YANARDA\u011e LAVLARINDAN OLU\u015eAN TA\u015e KULLANILDI<\/p>\n<p>An\u0131tta kullan\u0131lan ta\u015f malzemenin Afyonkarahisar&#8217;dan \u00f6zel getirildi\u011fini belirten Bircan, &#8220;Ta\u015f\u0131n toplam a\u011f\u0131rl\u0131\u011f\u0131n\u0131 32 tondan 12 tona d\u00fc\u015f\u00fcrd\u00fck. Bu kulland\u0131\u011f\u0131n\u0131z malzeme bazalt, lav eriyiklerinden olu\u015fan bir ta\u015f. Lav 6-7 sertli\u011finde. Elmastan bile 3 derece eksik, sert bir malzeme. \u00c7ok ta\u015f de\u011fi\u015ftirdik. Bu ta\u015flar\u0131 do\u011fal olarak kesiyorsun. Ta\u015flarda \u00e7atlak \u00e7\u0131k\u0131yor, onu at\u0131yorsun, yenisini al\u0131yorsun. Fabrikalar bile bu blo\u011fu i\u015fleyip, sana vermiyor. Yanarda\u011fdan \u00e7\u0131km\u0131\u015f lavlardan olu\u015fan bir malzeme. Biz bunu neden se\u00e7tik derseniz, kire\u00e7 ta\u015flar\u0131 ya\u011fmur, asitli ya\u011fmurlarda a\u015f\u0131n\u0131yor, deforme oluyor. Bunun 1 milimini bin y\u0131lda a\u015f\u0131nd\u0131ramazs\u0131n\u0131z. O kadar sert bir malzeme. Sonra rengi, g\u00f6rselli\u011fi, efekti olu\u015fturma bak\u0131m\u0131ndan bize cevap verecek en do\u011fru ta\u015f buydu. Bir de b\u00f6yle bir eseri yapt\u0131\u011f\u0131n zaman k\u0131yamete kadar devam etmeli&#8221; diye konu\u015ftu.<\/p>\n<p>HER CEPHEDE SAVA\u015eTI <\/p>\n<p>Aker&#8217;in an\u0131t mezar\u0131 ba\u015f\u0131nda ise \u015fu yaz\u0131 bulunuyor:<\/p>\n<p>&#8220;O, d\u00f6rt k\u00fc\u00e7\u00fck topu ve kocaman y\u00fcre\u011fi ile \u0130ngilizlerin dev u\u00e7ak gemisi Ben My Chree&#8217;yi Meis&#8217;te sulara g\u00f6md\u00fc. Yine \u0130ngilizlerin Dart Torpido botunu sava\u015f d\u0131\u015f\u0131 b\u0131rakt\u0131. 200&#8217;e yak\u0131n irili ufakl\u0131 tekneyi ve Frans\u0131z top\u00e7u tabyalar\u0131n\u0131 top ate\u015fi ile yakt\u0131. (11 Ocak 1917). Akdeniz&#8217;de sahillerimize \u00f6l\u00fcm kusan Frans\u0131z sava\u015f gemileri Paris 2 (13 Aral\u0131k 1917) ve Alexandra&#8217;y\u0131 (8 Mart 1918) Kemer&#8217;de bat\u0131rd\u0131. \u00c7anakkale&#8217;den Kurtulu\u015f Sava\u015f\u0131&#8217;na kadar her cephede sava\u015ft\u0131. Birinci D\u00fcnya Sava\u015f\u0131&#8217;nda yenilip silahlar\u0131m\u0131z elimizden al\u0131n\u0131rken, \u0130ngiliz komutanlar bir tek bu \u015fanl\u0131 bataryan\u0131n toplar\u0131n\u0131 almay\u0131 askeri \u015ferefe ayk\u0131r\u0131 sayd\u0131. O, denize d\u00f6kt\u00fc\u011f\u00fc yaral\u0131 d\u00fc\u015fman askerleri \u00f6l\u00fcm\u00fc beklerken, onlar\u0131n yaralar\u0131n\u0131 sard\u0131. O, sadece kahraman de\u011fil, zafer gecesini an\u0131lar\u0131na, &#8216;Zaferden m\u00fctevellit ne\u015femizi yaral\u0131 d\u00fc\u015fman askerlerinin ac\u0131s\u0131na h\u00fcrmeten izhar etmedik&#8217; diye yazabilecek kadar da insand\u0131. Pierre Loti, onun Frans\u0131zlara verdi\u011fi insanl\u0131k dersi ile b\u00fct\u00fcn Fransa&#8217;y\u0131 aya\u011fa kald\u0131rd\u0131. \u00c7anakkale sava\u015flar\u0131 kahramanlar\u0131ndan ve \u0130stiklal Sava\u015f\u0131\u2019nda Antalya ve havalisi komutanlar\u0131ndan Alb. M. \u015eefik Aker&#8217;in k\u0131z\u0131 ile evlendi. 3 \u00e7ocu\u011fu oldu. 12 Temmuz 1930 tarihinde emekli oldu ve Antalya&#8217;ya yerle\u015fti. M\u00fctevaz\u0131 ki\u015fili\u011fiyle Antalyal\u0131lar taraf\u0131ndan \u00e7ok sevildi. 5 Kas\u0131m 1968&#8217;te Antalya&#8217;da vefat etti. Milli M\u00fccadeleye kat\u0131ld\u0131 ve 1919&#8217;da Ayd\u0131n&#8217;da Yunanl\u0131lar ile yap\u0131lan \u00e7at\u0131\u015fmada a\u011f\u0131r yaraland\u0131. Sava\u015ftan sonra sade ve m\u00fctevaz\u0131 bir hayat s\u00fcrd\u00fc. Atat\u00fcrk&#8217;\u00fcn te\u015fvikiyle an\u0131lar\u0131n\u0131 yazd\u0131 ancak yay\u0131mlamad\u0131. Ruhu \u015fad olsun.&#8221;<\/p>\n<p>Aker&#8217;in o\u011flu M. Do\u011fan Aker (1927-1973) ve gelini N. Ayt\u00fcl\u00fc Aker&#8217;in (1927-2021) mezarlar\u0131 da an\u0131t mezar i\u00e7erisinde yer al\u0131yor.<\/p>\n<p>\u200bBirinci D\u00fcnya Sava\u015f\u0131&#8217;nda d\u00fcnya tarihinde ilk defa bir u\u00e7ak gemisini bat\u0131ran T\u00fcrk subay Top\u00e7u Y\u00fczba\u015f\u0131 Mustafa Ertu\u011frul Aker&#8217;in Antalya&#8217;daki mezar\u0131, an\u0131t mezar haline getirildi. An\u0131tta bat\u0131rd\u0131\u011f\u0131 gemi, top mermileri ve T\u00fcrk bayra\u011f\u0131 fig\u00fcrleri yer ald\u0131.\u00a0<\/p>\n<p>\u200bHaberin Al\u0131nt\u0131land\u0131\u011f\u0131 Kaynak: www.antalyakorfez.com<\/p>","protected":false},"excerpt":{"rendered":"<p>Birinci D\u00fcnya Sava\u015f\u0131 ve Kurtulu\u015f Sava\u015f\u0131&#8217;n\u0131n kahramanlar\u0131ndan Top\u00e7u Y\u00fczba\u015f\u0131 Mustafa Ertu\u011frul Aker, d\u00fcnya askeri tarihinde ilk defa bir u\u00e7ak gemisi bat\u0131ran T\u00fcrk subay\u0131 olarak biliniyor. Y\u00fczba\u015f\u0131 Aker; 9 Ocak 1917&#8217;de Meis Adas\u0131&#8217;ndaki \u0130ngilizlere ait deniz u\u00e7a\u011f\u0131 ta\u015f\u0131yan \u0130ngiliz band\u0131ral\u0131 Ben My Chree isimli 120 metre uzunlu\u011fundaki gemiyi, 36 dakikada Ka\u015f&#8217;tan yapt\u0131\u011f\u0131 da\u011f topu at\u0131\u015flar\u0131yla bat\u0131rd\u0131. 13 Aral\u0131k 1917&#8217;de de Kemer yak\u0131nlar\u0131ndaki A\u011fva koyunda Frans\u0131z avizosu Paris 2&#8217;yi sadece 18 dakikada bat\u0131ran Top\u00e7u Y\u00fczba\u015f\u0131 Aker, 8 Mart 1918&#8217;de ise Frans\u0131z sava\u015f gemisi Aleksand\u0131ra&#8217;y\u0131 Kemer&#8217;de bir sava\u015f tuza\u011f\u0131 ile bat\u0131rd\u0131. Sava\u015flardan sonra yerle\u015fti\u011fi Antalya&#8217;da 5 Kas\u0131m 1968&#8217;te hayat\u0131n\u0131 kaybeden Top\u00e7u Y\u00fczba\u015f\u0131 Mustafa Ertu\u011frul Aker, And\u0131zl\u0131 Mezarl\u0131\u011f\u0131&#8217;na defnedildi MEZARLIK HEYKELTIRA\u015e FEDA\u0130 B\u0130RCAN TARAFINDAN ANIT MEZARA D\u00d6N\u00dc\u015eT\u00dcR\u00dcLD\u00dc Muratpa\u015fa ve Ka\u015f belediyelerinin meclis karar\u0131 ile 5 Kas\u0131m ve 9 Ocak&#8217;\u0131 takip eden haftalar\u0131n anma haftas\u0131 ilan edildi\u011fi Mustafa Ertu\u011frul Aker&#8217;in And\u0131zl\u0131 Mezarl\u0131\u011f\u0131&#8217;ndaki mezar\u0131, heykelt\u0131ra\u015f Fedai Bircan taraf\u0131ndan an\u0131t mezara d\u00f6n\u00fc\u015ft\u00fcr\u00fcld\u00fc. Aker&#8217;in mezar\u0131yla ilgili ilk tasar\u0131mlar\u0131 2016&#8217;da yapt\u0131\u011f\u0131n\u0131 belirten Fedai Bircan, Antalya Valili\u011fi&#8217;nin deste\u011fiyle an\u0131t mezar\u0131 bu y\u0131l yapabildi\u011fini kaydetti. Aker&#8217;in bat\u0131rd\u0131\u011f\u0131 sava\u015f gemilerinden bahseden ve an\u0131t mezar tasar\u0131m\u0131nda bu kahramanl\u0131\u011f\u0131 i\u015flediklerini anlatan Fedai Bircan, &#8220;Deniz dalgalar\u0131n\u0131n \u00fczerinde batan gemi, bat\u0131k haliyle \u00f6n taraftan bat\u0131yor, arkas\u0131 kalk\u0131yor. Bu d\u00fcnyan\u0131n ilk u\u00e7ak gemisi. Deniz dalgalar\u0131, mermi, T\u00fcrk &hellip;<\/p>","protected":false},"author":5,"featured_media":0,"comment_status":"","ping_status":"open","sticky":false,"template":"","format":"standard","meta":{"_acf_changed":false,"footnotes":""},"categories":[24],"tags":[],"class_list":["post-114932","post","type-post","status-publish","format-standard","has-post-thumbnail","hentry","category-gundem"],"acf":[],"yoast_head":"<!-- This site is optimized with the Yoast SEO Premium plugin v26.6 (Yoast SEO v27.1.1) - https:\/\/yoast.com\/product\/yoast-seo-premium-wordpress\/ -->\n<title>Y\u00fczba\u015f\u0131 Mustafa Ertu\u011frul Aker&#039;in hat\u0131ras\u0131na Antalya\u2019da an\u0131t mezar - Av. Deniz Can K\u0131z\u0131l<\/title>\n<meta name=\"robots\" content=\"index, follow, max-snippet:-1, max-image-preview:large, max-video-preview:-1\" \/>\n<link rel=\"canonical\" href=\"https:\/\/denizcankizil.tr\/de\/haberler\/gundem\/yuzbasi-mustafa-ertugrul-akerin-hatirasina-antalyada-anit-mezar\/\" \/>\n<meta property=\"og:locale\" content=\"de_DE\" \/>\n<meta property=\"og:type\" content=\"article\" \/>\n<meta property=\"og:title\" content=\"Y\u00fczba\u015f\u0131 Mustafa Ertu\u011frul Aker&#039;in hat\u0131ras\u0131na Antalya\u2019da an\u0131t mezar\" \/>\n<meta property=\"og:description\" content=\"Birinci D\u00fcnya Sava\u015f\u0131 ve Kurtulu\u015f Sava\u015f\u0131&#8217;n\u0131n kahramanlar\u0131ndan Top\u00e7u Y\u00fczba\u015f\u0131 Mustafa Ertu\u011frul Aker, d\u00fcnya askeri tarihinde ilk defa bir u\u00e7ak gemisi bat\u0131ran T\u00fcrk subay\u0131 olarak biliniyor. Y\u00fczba\u015f\u0131 Aker; 9 Ocak 1917&#8217;de Meis Adas\u0131&#8217;ndaki \u0130ngilizlere ait deniz u\u00e7a\u011f\u0131 ta\u015f\u0131yan \u0130ngiliz band\u0131ral\u0131 Ben My Chree isimli 120 metre uzunlu\u011fundaki gemiyi, 36 dakikada Ka\u015f&#8217;tan yapt\u0131\u011f\u0131 da\u011f topu at\u0131\u015flar\u0131yla bat\u0131rd\u0131. 13 Aral\u0131k 1917&#8217;de de Kemer yak\u0131nlar\u0131ndaki A\u011fva koyunda Frans\u0131z avizosu Paris 2&#8217;yi sadece 18 dakikada bat\u0131ran Top\u00e7u Y\u00fczba\u015f\u0131 Aker, 8 Mart 1918&#8217;de ise Frans\u0131z sava\u015f gemisi Aleksand\u0131ra&#8217;y\u0131 Kemer&#8217;de bir sava\u015f tuza\u011f\u0131 ile bat\u0131rd\u0131. Sava\u015flardan sonra yerle\u015fti\u011fi Antalya&#8217;da 5 Kas\u0131m 1968&#8217;te hayat\u0131n\u0131 kaybeden Top\u00e7u Y\u00fczba\u015f\u0131 Mustafa Ertu\u011frul Aker, And\u0131zl\u0131 Mezarl\u0131\u011f\u0131&#8217;na defnedildi MEZARLIK HEYKELTIRA\u015e FEDA\u0130 B\u0130RCAN TARAFINDAN ANIT MEZARA D\u00d6N\u00dc\u015eT\u00dcR\u00dcLD\u00dc Muratpa\u015fa ve Ka\u015f belediyelerinin meclis karar\u0131 ile 5 Kas\u0131m ve 9 Ocak&#8217;\u0131 takip eden haftalar\u0131n anma haftas\u0131 ilan edildi\u011fi Mustafa Ertu\u011frul Aker&#8217;in And\u0131zl\u0131 Mezarl\u0131\u011f\u0131&#8217;ndaki mezar\u0131, heykelt\u0131ra\u015f Fedai Bircan taraf\u0131ndan an\u0131t mezara d\u00f6n\u00fc\u015ft\u00fcr\u00fcld\u00fc. Aker&#8217;in mezar\u0131yla ilgili ilk tasar\u0131mlar\u0131 2016&#8217;da yapt\u0131\u011f\u0131n\u0131 belirten Fedai Bircan, Antalya Valili\u011fi&#8217;nin deste\u011fiyle an\u0131t mezar\u0131 bu y\u0131l yapabildi\u011fini kaydetti. Aker&#8217;in bat\u0131rd\u0131\u011f\u0131 sava\u015f gemilerinden bahseden ve an\u0131t mezar tasar\u0131m\u0131nda bu kahramanl\u0131\u011f\u0131 i\u015flediklerini anlatan Fedai Bircan, &#8220;Deniz dalgalar\u0131n\u0131n \u00fczerinde batan gemi, bat\u0131k haliyle \u00f6n taraftan bat\u0131yor, arkas\u0131 kalk\u0131yor. Bu d\u00fcnyan\u0131n ilk u\u00e7ak gemisi. Deniz dalgalar\u0131, mermi, T\u00fcrk &hellip;\" \/>\n<meta property=\"og:url\" content=\"https:\/\/denizcankizil.tr\/de\/haberler\/gundem\/yuzbasi-mustafa-ertugrul-akerin-hatirasina-antalyada-anit-mezar\/\" \/>\n<meta property=\"og:site_name\" content=\"Av. Deniz Can K\u0131z\u0131l\" \/>\n<meta property=\"article:published_time\" content=\"2025-06-13T08:41:26+00:00\" \/>\n<meta name=\"author\" content=\"Antalya K\u00f6rfez\" \/>\n<meta name=\"twitter:card\" content=\"summary_large_image\" \/>\n<meta name=\"twitter:label1\" content=\"Verfasst von\" \/>\n\t<meta name=\"twitter:data1\" content=\"Antalya K\u00f6rfez\" \/>\n\t<meta name=\"twitter:label2\" content=\"Gesch\u00e4tzte Lesezeit\" \/>\n\t<meta name=\"twitter:data2\" content=\"4\u00a0Minuten\" \/>\n<script type=\"application\/ld+json\" class=\"yoast-schema-graph\">{\"@context\":\"https:\/\/schema.org\",\"@graph\":[{\"@type\":\"Article\",\"@id\":\"https:\/\/denizcankizil.tr\/uk\/haberler\/gundem\/yuzbasi-mustafa-ertugrul-akerin-hatirasina-antalyada-anit-mezar\/#article\",\"isPartOf\":{\"@id\":\"https:\/\/denizcankizil.tr\/uk\/haberler\/gundem\/yuzbasi-mustafa-ertugrul-akerin-hatirasina-antalyada-anit-mezar\/\"},\"author\":{\"name\":\"Antalya K\u00f6rfez\",\"@id\":\"https:\/\/denizcankizil.tr\/#\/schema\/person\/e1eb71bb4dd684d46563f0af307e1234\"},\"headline\":\"Y\u00fczba\u015f\u0131 Mustafa Ertu\u011frul Aker&#8217;in hat\u0131ras\u0131na Antalya\u2019da an\u0131t mezar\",\"datePublished\":\"2025-06-13T08:41:26+00:00\",\"mainEntityOfPage\":{\"@id\":\"https:\/\/denizcankizil.tr\/uk\/haberler\/gundem\/yuzbasi-mustafa-ertugrul-akerin-hatirasina-antalyada-anit-mezar\/\"},\"wordCount\":877,\"publisher\":{\"@id\":\"https:\/\/denizcankizil.tr\/#organization\"},\"articleSection\":[\"G\u00fcndem\"],\"inLanguage\":\"de\"},{\"@type\":\"WebPage\",\"@id\":\"https:\/\/denizcankizil.tr\/uk\/haberler\/gundem\/yuzbasi-mustafa-ertugrul-akerin-hatirasina-antalyada-anit-mezar\/\",\"url\":\"https:\/\/denizcankizil.tr\/uk\/haberler\/gundem\/yuzbasi-mustafa-ertugrul-akerin-hatirasina-antalyada-anit-mezar\/\",\"name\":\"Y\u00fczba\u015f\u0131 Mustafa Ertu\u011frul Aker'in hat\u0131ras\u0131na Antalya\u2019da an\u0131t mezar - Av. Deniz Can K\u0131z\u0131l\",\"isPartOf\":{\"@id\":\"https:\/\/denizcankizil.tr\/#website\"},\"datePublished\":\"2025-06-13T08:41:26+00:00\",\"breadcrumb\":{\"@id\":\"https:\/\/denizcankizil.tr\/uk\/haberler\/gundem\/yuzbasi-mustafa-ertugrul-akerin-hatirasina-antalyada-anit-mezar\/#breadcrumb\"},\"inLanguage\":\"de\",\"potentialAction\":[{\"@type\":\"ReadAction\",\"target\":[\"https:\/\/denizcankizil.tr\/uk\/haberler\/gundem\/yuzbasi-mustafa-ertugrul-akerin-hatirasina-antalyada-anit-mezar\/\"]}]},{\"@type\":\"BreadcrumbList\",\"@id\":\"https:\/\/denizcankizil.tr\/uk\/haberler\/gundem\/yuzbasi-mustafa-ertugrul-akerin-hatirasina-antalyada-anit-mezar\/#breadcrumb\",\"itemListElement\":[{\"@type\":\"ListItem\",\"position\":1,\"name\":\"Home\",\"item\":\"https:\/\/denizcankizil.tr\/de\/\"},{\"@type\":\"ListItem\",\"position\":2,\"name\":\"Y\u00fczba\u015f\u0131 Mustafa Ertu\u011frul Aker&#8217;in hat\u0131ras\u0131na Antalya\u2019da an\u0131t mezar\"}]},{\"@type\":\"WebSite\",\"@id\":\"https:\/\/denizcankizil.tr\/#website\",\"url\":\"https:\/\/denizcankizil.tr\/\",\"name\":\"Av. Deniz Can K\u0131z\u0131l\",\"description\":\"Avukat Deniz Can K\u0131z\u0131l Antalya Barosu\",\"publisher\":{\"@id\":\"https:\/\/denizcankizil.tr\/#organization\"},\"potentialAction\":[{\"@type\":\"SearchAction\",\"target\":{\"@type\":\"EntryPoint\",\"urlTemplate\":\"https:\/\/denizcankizil.tr\/?s={search_term_string}\"},\"query-input\":{\"@type\":\"PropertyValueSpecification\",\"valueRequired\":true,\"valueName\":\"search_term_string\"}}],\"inLanguage\":\"de\"},{\"@type\":\"Organization\",\"@id\":\"https:\/\/denizcankizil.tr\/#organization\",\"name\":\"Av. Deniz Can K\u0131z\u0131l\",\"url\":\"https:\/\/denizcankizil.tr\/\",\"logo\":{\"@type\":\"ImageObject\",\"inLanguage\":\"de\",\"@id\":\"https:\/\/denizcankizil.tr\/#\/schema\/logo\/image\/\",\"url\":\"https:\/\/denizcankizil.tr\/wp-content\/uploads\/2024\/10\/siyah-logo-svg.svg\",\"contentUrl\":\"https:\/\/denizcankizil.tr\/wp-content\/uploads\/2024\/10\/siyah-logo-svg.svg\",\"width\":1080,\"height\":1080,\"caption\":\"Av. Deniz Can K\u0131z\u0131l\"},\"image\":{\"@id\":\"https:\/\/denizcankizil.tr\/#\/schema\/logo\/image\/\"}},{\"@type\":\"Person\",\"@id\":\"https:\/\/denizcankizil.tr\/#\/schema\/person\/e1eb71bb4dd684d46563f0af307e1234\",\"name\":\"Antalya K\u00f6rfez\",\"image\":{\"@type\":\"ImageObject\",\"inLanguage\":\"de\",\"@id\":\"https:\/\/denizcankizil.tr\/#\/schema\/person\/image\/\",\"url\":\"https:\/\/secure.gravatar.com\/avatar\/42b01982558a48a0b501fdcab6a408d3717ea5919095ee2e67b0e521799c5905?s=96&d=mm&r=g\",\"contentUrl\":\"https:\/\/secure.gravatar.com\/avatar\/42b01982558a48a0b501fdcab6a408d3717ea5919095ee2e67b0e521799c5905?s=96&d=mm&r=g\",\"caption\":\"Antalya K\u00f6rfez\"},\"sameAs\":[\"http:\/\/www.antalyakorfez.com\"],\"url\":\"https:\/\/www.antalyakorfez.com\/yuzbasi-mustafa-ertugrul-akerin-hatirasina-antalyada-anit-mezar\"}]}<\/script>\n<!-- \/ Yoast SEO Premium plugin. -->","yoast_head_json":{"title":"Y\u00fczba\u015f\u0131 Mustafa Ertu\u011frul Aker'in hat\u0131ras\u0131na Antalya\u2019da an\u0131t mezar - Av. Deniz Can K\u0131z\u0131l","robots":{"index":"index","follow":"follow","max-snippet":"max-snippet:-1","max-image-preview":"max-image-preview:large","max-video-preview":"max-video-preview:-1"},"canonical":"https:\/\/denizcankizil.tr\/de\/haberler\/gundem\/yuzbasi-mustafa-ertugrul-akerin-hatirasina-antalyada-anit-mezar\/","og_locale":"de_DE","og_type":"article","og_title":"Y\u00fczba\u015f\u0131 Mustafa Ertu\u011frul Aker'in hat\u0131ras\u0131na Antalya\u2019da an\u0131t mezar","og_description":"Birinci D\u00fcnya Sava\u015f\u0131 ve Kurtulu\u015f Sava\u015f\u0131&#8217;n\u0131n kahramanlar\u0131ndan Top\u00e7u Y\u00fczba\u015f\u0131 Mustafa Ertu\u011frul Aker, d\u00fcnya askeri tarihinde ilk defa bir u\u00e7ak gemisi bat\u0131ran T\u00fcrk subay\u0131 olarak biliniyor. Y\u00fczba\u015f\u0131 Aker; 9 Ocak 1917&#8217;de Meis Adas\u0131&#8217;ndaki \u0130ngilizlere ait deniz u\u00e7a\u011f\u0131 ta\u015f\u0131yan \u0130ngiliz band\u0131ral\u0131 Ben My Chree isimli 120 metre uzunlu\u011fundaki gemiyi, 36 dakikada Ka\u015f&#8217;tan yapt\u0131\u011f\u0131 da\u011f topu at\u0131\u015flar\u0131yla bat\u0131rd\u0131. 13 Aral\u0131k 1917&#8217;de de Kemer yak\u0131nlar\u0131ndaki A\u011fva koyunda Frans\u0131z avizosu Paris 2&#8217;yi sadece 18 dakikada bat\u0131ran Top\u00e7u Y\u00fczba\u015f\u0131 Aker, 8 Mart 1918&#8217;de ise Frans\u0131z sava\u015f gemisi Aleksand\u0131ra&#8217;y\u0131 Kemer&#8217;de bir sava\u015f tuza\u011f\u0131 ile bat\u0131rd\u0131. Sava\u015flardan sonra yerle\u015fti\u011fi Antalya&#8217;da 5 Kas\u0131m 1968&#8217;te hayat\u0131n\u0131 kaybeden Top\u00e7u Y\u00fczba\u015f\u0131 Mustafa Ertu\u011frul Aker, And\u0131zl\u0131 Mezarl\u0131\u011f\u0131&#8217;na defnedildi MEZARLIK HEYKELTIRA\u015e FEDA\u0130 B\u0130RCAN TARAFINDAN ANIT MEZARA D\u00d6N\u00dc\u015eT\u00dcR\u00dcLD\u00dc Muratpa\u015fa ve Ka\u015f belediyelerinin meclis karar\u0131 ile 5 Kas\u0131m ve 9 Ocak&#8217;\u0131 takip eden haftalar\u0131n anma haftas\u0131 ilan edildi\u011fi Mustafa Ertu\u011frul Aker&#8217;in And\u0131zl\u0131 Mezarl\u0131\u011f\u0131&#8217;ndaki mezar\u0131, heykelt\u0131ra\u015f Fedai Bircan taraf\u0131ndan an\u0131t mezara d\u00f6n\u00fc\u015ft\u00fcr\u00fcld\u00fc. Aker&#8217;in mezar\u0131yla ilgili ilk tasar\u0131mlar\u0131 2016&#8217;da yapt\u0131\u011f\u0131n\u0131 belirten Fedai Bircan, Antalya Valili\u011fi&#8217;nin deste\u011fiyle an\u0131t mezar\u0131 bu y\u0131l yapabildi\u011fini kaydetti. Aker&#8217;in bat\u0131rd\u0131\u011f\u0131 sava\u015f gemilerinden bahseden ve an\u0131t mezar tasar\u0131m\u0131nda bu kahramanl\u0131\u011f\u0131 i\u015flediklerini anlatan Fedai Bircan, &#8220;Deniz dalgalar\u0131n\u0131n \u00fczerinde batan gemi, bat\u0131k haliyle \u00f6n taraftan bat\u0131yor, arkas\u0131 kalk\u0131yor. Bu d\u00fcnyan\u0131n ilk u\u00e7ak gemisi. Deniz dalgalar\u0131, mermi, T\u00fcrk &hellip;","og_url":"https:\/\/denizcankizil.tr\/de\/haberler\/gundem\/yuzbasi-mustafa-ertugrul-akerin-hatirasina-antalyada-anit-mezar\/","og_site_name":"Av. Deniz Can K\u0131z\u0131l","article_published_time":"2025-06-13T08:41:26+00:00","author":"Antalya K\u00f6rfez","twitter_card":"summary_large_image","twitter_misc":{"Verfasst von":"Antalya K\u00f6rfez","Gesch\u00e4tzte Lesezeit":"4\u00a0Minuten"},"schema":{"@context":"https:\/\/schema.org","@graph":[{"@type":"Article","@id":"https:\/\/denizcankizil.tr\/uk\/haberler\/gundem\/yuzbasi-mustafa-ertugrul-akerin-hatirasina-antalyada-anit-mezar\/#article","isPartOf":{"@id":"https:\/\/denizcankizil.tr\/uk\/haberler\/gundem\/yuzbasi-mustafa-ertugrul-akerin-hatirasina-antalyada-anit-mezar\/"},"author":{"name":"Antalya K\u00f6rfez","@id":"https:\/\/denizcankizil.tr\/#\/schema\/person\/e1eb71bb4dd684d46563f0af307e1234"},"headline":"Y\u00fczba\u015f\u0131 Mustafa Ertu\u011frul Aker&#8217;in hat\u0131ras\u0131na Antalya\u2019da an\u0131t mezar","datePublished":"2025-06-13T08:41:26+00:00","mainEntityOfPage":{"@id":"https:\/\/denizcankizil.tr\/uk\/haberler\/gundem\/yuzbasi-mustafa-ertugrul-akerin-hatirasina-antalyada-anit-mezar\/"},"wordCount":877,"publisher":{"@id":"https:\/\/denizcankizil.tr\/#organization"},"articleSection":["G\u00fcndem"],"inLanguage":"de"},{"@type":"WebPage","@id":"https:\/\/denizcankizil.tr\/uk\/haberler\/gundem\/yuzbasi-mustafa-ertugrul-akerin-hatirasina-antalyada-anit-mezar\/","url":"https:\/\/denizcankizil.tr\/uk\/haberler\/gundem\/yuzbasi-mustafa-ertugrul-akerin-hatirasina-antalyada-anit-mezar\/","name":"Y\u00fczba\u015f\u0131 Mustafa Ertu\u011frul Aker'in hat\u0131ras\u0131na Antalya\u2019da an\u0131t mezar - Av. Deniz Can K\u0131z\u0131l","isPartOf":{"@id":"https:\/\/denizcankizil.tr\/#website"},"datePublished":"2025-06-13T08:41:26+00:00","breadcrumb":{"@id":"https:\/\/denizcankizil.tr\/uk\/haberler\/gundem\/yuzbasi-mustafa-ertugrul-akerin-hatirasina-antalyada-anit-mezar\/#breadcrumb"},"inLanguage":"de","potentialAction":[{"@type":"ReadAction","target":["https:\/\/denizcankizil.tr\/uk\/haberler\/gundem\/yuzbasi-mustafa-ertugrul-akerin-hatirasina-antalyada-anit-mezar\/"]}]},{"@type":"BreadcrumbList","@id":"https:\/\/denizcankizil.tr\/uk\/haberler\/gundem\/yuzbasi-mustafa-ertugrul-akerin-hatirasina-antalyada-anit-mezar\/#breadcrumb","itemListElement":[{"@type":"ListItem","position":1,"name":"Home","item":"https:\/\/denizcankizil.tr\/de\/"},{"@type":"ListItem","position":2,"name":"Y\u00fczba\u015f\u0131 Mustafa Ertu\u011frul Aker&#8217;in hat\u0131ras\u0131na Antalya\u2019da an\u0131t mezar"}]},{"@type":"WebSite","@id":"https:\/\/denizcankizil.tr\/#website","url":"https:\/\/denizcankizil.tr\/","name":"Av. Deniz Can K\u0131z\u0131l","description":"Avukat Deniz Can K\u0131z\u0131l Antalya Barosu","publisher":{"@id":"https:\/\/denizcankizil.tr\/#organization"},"potentialAction":[{"@type":"SearchAction","target":{"@type":"EntryPoint","urlTemplate":"https:\/\/denizcankizil.tr\/?s={search_term_string}"},"query-input":{"@type":"PropertyValueSpecification","valueRequired":true,"valueName":"search_term_string"}}],"inLanguage":"de"},{"@type":"Organization","@id":"https:\/\/denizcankizil.tr\/#organization","name":"Av. Deniz Can K\u0131z\u0131l","url":"https:\/\/denizcankizil.tr\/","logo":{"@type":"ImageObject","inLanguage":"de","@id":"https:\/\/denizcankizil.tr\/#\/schema\/logo\/image\/","url":"https:\/\/denizcankizil.tr\/wp-content\/uploads\/2024\/10\/siyah-logo-svg.svg","contentUrl":"https:\/\/denizcankizil.tr\/wp-content\/uploads\/2024\/10\/siyah-logo-svg.svg","width":1080,"height":1080,"caption":"Av. Deniz Can K\u0131z\u0131l"},"image":{"@id":"https:\/\/denizcankizil.tr\/#\/schema\/logo\/image\/"}},{"@type":"Person","@id":"https:\/\/denizcankizil.tr\/#\/schema\/person\/e1eb71bb4dd684d46563f0af307e1234","name":"Antalya K\u00f6rfez","image":{"@type":"ImageObject","inLanguage":"de","@id":"https:\/\/denizcankizil.tr\/#\/schema\/person\/image\/","url":"https:\/\/secure.gravatar.com\/avatar\/42b01982558a48a0b501fdcab6a408d3717ea5919095ee2e67b0e521799c5905?s=96&d=mm&r=g","contentUrl":"https:\/\/secure.gravatar.com\/avatar\/42b01982558a48a0b501fdcab6a408d3717ea5919095ee2e67b0e521799c5905?s=96&d=mm&r=g","caption":"Antalya K\u00f6rfez"},"sameAs":["http:\/\/www.antalyakorfez.com"],"url":"https:\/\/www.antalyakorfez.com\/yuzbasi-mustafa-ertugrul-akerin-hatirasina-antalyada-anit-mezar"}]}},"_links":{"self":[{"href":"https:\/\/denizcankizil.tr\/de\/wp-json\/wp\/v2\/posts\/114932","targetHints":{"allow":["GET"]}}],"collection":[{"href":"https:\/\/denizcankizil.tr\/de\/wp-json\/wp\/v2\/posts"}],"about":[{"href":"https:\/\/denizcankizil.tr\/de\/wp-json\/wp\/v2\/types\/post"}],"author":[{"embeddable":true,"href":"https:\/\/denizcankizil.tr\/de\/wp-json\/wp\/v2\/users\/5"}],"replies":[{"embeddable":true,"href":"https:\/\/denizcankizil.tr\/de\/wp-json\/wp\/v2\/comments?post=114932"}],"version-history":[{"count":0,"href":"https:\/\/denizcankizil.tr\/de\/wp-json\/wp\/v2\/posts\/114932\/revisions"}],"wp:attachment":[{"href":"https:\/\/denizcankizil.tr\/de\/wp-json\/wp\/v2\/media?parent=114932"}],"wp:term":[{"taxonomy":"category","embeddable":true,"href":"https:\/\/denizcankizil.tr\/de\/wp-json\/wp\/v2\/categories?post=114932"},{"taxonomy":"post_tag","embeddable":true,"href":"https:\/\/denizcankizil.tr\/de\/wp-json\/wp\/v2\/tags?post=114932"}],"curies":[{"name":"wp","href":"https:\/\/api.w.org\/{rel}","templated":true}]}}